{"id":14686,"date":"2019-07-12T12:12:54","date_gmt":"2019-07-12T10:12:54","guid":{"rendered":"http:\/\/www.cklcomunicaciones.es\/?p=14686"},"modified":"2025-01-17T16:43:04","modified_gmt":"2025-01-17T15:43:04","slug":"noticias-info-ckl-no-2-369-12-07-19","status":"publish","type":"post","link":"https:\/\/cklcomunicaciones.es\/coop\/noticias-info-ckl-no-2-369-12-07-19\/","title":{"rendered":"Noticias Info CKL n\u00ba 2.369-12\/07\/19"},"content":{"rendered":"<div id=\"pl-14686\"  class=\"panel-layout\" >\n<div id=\"pg-14686-0\"  class=\"panel-grid panel-no-style\"  data-style=\"{&quot;background_image_attachment&quot;:false,&quot;background_display&quot;:&quot;tile&quot;,&quot;cell_alignment&quot;:&quot;flex-start&quot;}\" >\n<div id=\"pgc-14686-0-0\"  class=\"panel-grid-cell\"  data-weight=\"1\" >\n<div id=\"panel-14686-0-0-0\" class=\"so-panel widget widget_sow-editor panel-first-child panel-last-child\" data-index=\"0\" data-style=\"{&quot;background_image_attachment&quot;:false,&quot;background_display&quot;:&quot;tile&quot;}\" >\n<div class=\"so-widget-sow-editor so-widget-sow-editor-base\">\n<div class=\"siteorigin-widget-tinymce textwidget\">\n<p><img decoding=\"async\" class=\"lazyload  wp-image-13726\" src=\"http:\/\/www.cklcomunicaciones.es\/wp-content\/uploads\/2018\/03\/CKL_comunicacion-con-perspetiva-de-genero-300x300.jpg\" data-orig-src=\"http:\/\/www.cklcomunicaciones.es\/wp-content\/uploads\/2018\/03\/CKL_comunicacion-con-perspetiva-de-genero-300x300.jpg\" alt=\"CKL_comunicacion con perspetiva de genero\" width=\"132\" height=\"132\" srcset=\"data:image\/svg+xml,%3Csvg%20xmlns%3D%27http%3A%2F%2Fwww.w3.org%2F2000%2Fsvg%27%20width%3D%27132%27%20height%3D%27132%27%20viewBox%3D%270%200%20132%20132%27%3E%3Crect%20width%3D%27132%27%20height%3D%27132%27%20fill-opacity%3D%220%22%2F%3E%3C%2Fsvg%3E\" data-srcset=\"https:\/\/cklcomunicaciones.es\/coop\/wp-content\/uploads\/2018\/03\/CKL_comunicacion-con-perspetiva-de-genero-150x150.jpg 150w, https:\/\/cklcomunicaciones.es\/coop\/wp-content\/uploads\/2018\/03\/CKL_comunicacion-con-perspetiva-de-genero-300x300.jpg 300w, https:\/\/cklcomunicaciones.es\/coop\/wp-content\/uploads\/2018\/03\/CKL_comunicacion-con-perspetiva-de-genero-450x450.jpg 450w, https:\/\/cklcomunicaciones.es\/coop\/wp-content\/uploads\/2018\/03\/CKL_comunicacion-con-perspetiva-de-genero.jpg 500w\" data-sizes=\"auto\" data-orig-sizes=\"(max-width: 132px) 100vw, 132px\" \/><\/p>\n<p id=\":om\" class=\"hP\" tabindex=\"-1\" data-thread-perm-id=\"thread-f:1636765722789969461\" data-legacy-thread-id=\"16b6f5c0bf6e7e35\">Amelia Valc\u00e1rcel: feminismo y teor\u00eda queer-Patricia Ortega, general-ONU: el hogar peligroso para las mujeres-Las acosadas \u00abhijas\u00bb de Berta C\u00e1ceres-Corsini y la masculinidad t\u00f3xica-Cori Gauff, destino de las hero\u00ednas<\/p>\n<p tabindex=\"-1\" data-thread-perm-id=\"thread-f:1635587872810282870\" data-legacy-thread-id=\"16b2c6812dcb2f76\">[toggle type=\u00bbfirst\u00bb title=\u00bbConvocatorias\u00bb]<\/p>\n<ul>\n<li><a href=\"https:\/\/youtu.be\/9O44I0POZDw\">Intervenci\u00f3n de Megan Rapinoe<\/a> en la celebraci\u00f3n del t\u00edtulo mundial en Nueva York<\/li>\n<li>Cumbre de la Juventud sobre el Clima: UN Youth Climate Summit. 21 de septiembre en\u00a0Nueva York. <a href=\"http:\/\/www.un.org\/en\/climatechange\/youth-summit.shtml\">Formulario y cuestionario de solicitud<\/a> para j\u00f3venes activistas del mundo que quieran acudir.<\/li>\n<li>Muestra \u2018<a href=\"https:\/\/www.diariodecadiz.es\/ocio\/Exposicion-vida-mujeres-moldeadas-plastilina_0_1372063044.html\">Grandes mujeres de la plastiHistoria<\/a>\u2019. Diputaci\u00f3n de C\u00e1diz, hasta el 6 de septiembre.<\/li>\n<\/ul>\n<p>[\/toggle]<\/p>\n<p>[toggle type=\u00bbfirst\u00bb title=\u00bbComunicaci\u00f3n\u00bb]<\/p>\n<p><a href=\"https:\/\/elpais.com\/sociedad\/2019\/07\/10\/actualidad\/1562766684_562535.html\">La campa\u00f1a Ellas Conducen que quiere acabar con el \u2018mujer ten\u00eda que ser\u2019 al volante<\/a> \u2013 El Pa\u00eds<\/p>\n<p><a href=\"https:\/\/www.cope.es\/actualidad\/sociedad\/noticias\/ciudadanos-cree-que-publicidad-refleja-imagen-real-mujer-20190711_457650\">El 60 % de ciudadanos cree que publicidad no refleja imagen real de la\u00a0mujer<\/a> &#8211; COPE<\/p>\n<p><a href=\"https:\/\/www.larazon.es\/economia\/francia-desafia-a-ee-uu-y-aprueba-la-tasa-google-FB24166344\">Francia desaf\u00eda a EE UU y aprueba la \u00abtasa Google\u00bb<\/a> \u2013 La Raz\u00f3n<\/p>\n<p><a href=\"https:\/\/www.elconfidencial.com\/tecnologia\/2019-07-11\/valeria-castro-videojuegos-sector-machista_2116879\/\">Valeria Castro, presidenta electa del DEV: La mujer que trata de reflotar la patronal del videojuego denuncia el acoso machista<\/a> \u2013 elconfidencial.es<\/p>\n<p>[\/toggle]<\/p>\n<p>[toggle type=\u00bbfirst\u00bb title=\u00bbAndaluc\u00eda\u00bb]<\/p>\n<p><strong>Econom\u00eda y Empresas<\/strong><\/p>\n<p><a href=\"https:\/\/www.europapress.es\/andalucia\/noticia-andalucia-tercera-comunidad-contratos-parciales-mujeres-cobran-212-euros-menos-uso-20190710123209.html\">Andaluc\u00eda\u00a0es la tercera comunidad en contratos parciales a\u00a0mujeres\u00a0&#8230;<\/a> &#8211; Europa Press<\/p>\n<p><a href=\"https:\/\/www.diariosur.es\/marbella-estepona\/sentimos-conseguido-crear-20190707183824-nt.html\">Myriam Herrera: \u00abSentimos que hemos conseguido crear una red fuerte y consolidada de apoyo a la empresaria\u00bb<\/a> &#8211; Diario Sur<\/p>\n<p><strong>A<\/strong><strong>ctualidad<\/strong><\/p>\n<p><a href=\"https:\/\/m.europapress.es\/esandalucia\/sevilla\/noticia-junta-anuncia-plan-estrategico-mayores-2020-23-incluira-linea-lucha-contra-maltrato-20190711171348.html\">La Junta anuncia que el I Plan Estrat\u00e9gico para Mayores 2020-23 incluir\u00e1 una l\u00ednea de lucha contra el maltrato &#8230;<\/a> &#8211; Europa Press<\/p>\n<p><a href=\"http:\/\/www.juntadeandalucia.es\/presidencia\/portavoz\/infraestructuras\/144143\/Fomento\/transporte\/movilidadsostenible\/MarifranCarazo\/transporteurbano\">La Junta aprobar\u00e1 una ley de ordenaci\u00f3n del transporte y la movilidad sostenible<\/a> \u2013 Portavoz<\/p>\n<p><a href=\"http:\/\/www.juntadeandalucia.es\/presidencia\/portavoz\/destacadosportada\/consejodegobierno\/144090\/demografia\/despoblacion\/estrategiafrentealretodemograficodeAndalucia\/ConsejodeGobierno\/ConsejeriadelaPresidenciaAdministracionPublicaeInterior\/JuntadeAndalucia\">La Junta dise\u00f1ar\u00e1 una estrategia frente al desaf\u00edo demogr\u00e1fico en Andaluc\u00eda<\/a> \u2013 Portavoz<\/p>\n<p><strong>Violencias<\/strong><\/p>\n<p><a href=\"https:\/\/www.europapress.es\/esandalucia\/sevilla\/noticia-igualdad-emplea-fondos-pacto-estado-destinar-633000-universidades-publicas-violencia-genero-20190710144733.html\">Igualdad emplea fondos del pacto de Estado para destinar 633.000 a las universidades p\u00fablicas en violencia de g\u00e9nero<\/a> &#8211; Europa Press<\/p>\n<p><a href=\"https:\/\/andaluciainformacion.es\/andalucia\/837334\/alvaro-botias-educar-es-clave-para-vencer-la-violencia-de-genero-\/\">\u00c1lvaro Botias: \u00abEducar es clave para vencer la\u00a0violencia de g\u00e9nero\u00bb<\/a> &#8211; Andaluc\u00eda Informaci\u00f3n<\/p>\n<p><strong>Ciencia y Cultura<\/strong><\/p>\n<p><a href=\"https:\/\/www.elsaltodiario.com\/pista-de-aterrizaje\/maria-bueno-darnos-cuenta-somos-ver-otro-mas-cercano\">Mar\u00eda Bueno, autora de \u201cFridAfro, mi herencia africana\u201d: \u201cDarnos cuenta de lo que somos nos hace ver al otro m\u00e1s cercano\u201d<\/a> \u2013 elsaltodiario.es<\/p>\n<p><strong>Deporte<\/strong><\/p>\n<p><a href=\"https:\/\/es.besoccer.com\/noticia\/claudia-blanco-ficha-por-el-madrid-cff-670848\">Claudia Blanco ficha por el Madrid CFF<\/a> \u2013 besoccer.com<\/p>\n<p><a href=\"https:\/\/analytiks.es\/entrevistas\/alhambra-nievas-rugby-es-un-deporte-de-valores\/\">Alhambra Nievas: \u201cEl rugby es un deporte de valores y el f\u00fatbol un negocio en el que todo vale\u201d<\/a> \u2013 Analytiks<\/p>\n<p><a href=\"https:\/\/www.diariovasco.com\/sociedad\/puntapie-prejuicios-20190608003627-ntvo.html\">Puntapi\u00e9 a los prejuicios: Gaelle Enganamouit ya se ha ido de M\u00e1laga y ahora la camerunesa apoya el f\u00fatbol femenino en su pa\u00eds<\/a> \u2013 Diario Vasco<\/p>\n<p><a href=\"https:\/\/www.ideal.es\/deportes\/provincial-granada\/padel-historia-superacion-palista-granadina-20190711200928-nt.html\">La historia de superaci\u00f3n de la palista granadina Mar\u00eda del Mar Piqueras<\/a> &#8211; \u00a0Ideal Digital<\/p>\n<p>[\/toggle]<\/p>\n<p>[toggle type=\u00bbfirst\u00bb title=\u00bbEstado\u00bb]<\/p>\n<p><strong>Institucional<\/strong><\/p>\n<p><a href=\"https:\/\/elpais.com\/politica\/2019\/07\/10\/actualidad\/1562784246_624867.amp.html\">Patricia Ortega, primera general en la historia de las Fuerzas Armadas espa\u00f1olas<\/a> \u2013 El Pa\u00eds<\/p>\n<p><a href=\"https:\/\/tribunafeminista.elplural.com\/2019\/06\/breves-mas-de-mil-jueces-de-espana-solicitan-formarse-en-perspectiva-de-genero\/\">M\u00e1s de mil jueces de Espa\u00f1a solicitan formarse en perspectiva de g\u00e9nero<\/a> \u2013 elplural.es<\/p>\n<p><a href=\"https:\/\/www.politicaexterior.com\/articulos\/politica-exterior\/mujeres-diplomacia-espana\/\">Mujeres y diplomacia en Espa\u00f1a<\/a> \u2013 Pol\u00edtica Exterior<\/p>\n<p><strong>Institucional-CCAA<\/strong><\/p>\n<p><a href=\"https:\/\/www.heraldo.es\/noticias\/aragon\/zaragoza\/2019\/07\/10\/mas-mujeres-interesadas-en-ser-bomberas-y-policias-locales-en-zaragoza-1324462.html\">M\u00e1s mujeres interesadas en ser bomberas y polic\u00edas locales en Zaragoza<\/a> \u2013 El Heraldo<\/p>\n<p><a href=\"https:\/\/www.eldiario.es\/madrid\/Madrid-conmemorativas-dedicadas-edificios-mujeres_0_912009205.html\">Madrid tiene m\u00e1s placas conmemorativas dedicadas a edificios que a mujeres<\/a> \u2013 eldiario.es<\/p>\n<p><strong>Econom\u00eda y Empresa<\/strong><\/p>\n<p><a href=\"https:\/\/www.expansion.com\/expansion-empleo\/desarrollo-de-carrera\/2019\/07\/03\/5d1cb2bbe5fdea69608b4626.html\">La paridad de g\u00e9nero acelera la inclusi\u00f3n<\/a> \u2013 Expansi\u00f3n<\/p>\n<p><a href=\"https:\/\/www.mujeremprendedora.net\/marta-alvarez-nueva-presidenta-corte-ingles\/\">Marta \u00c1lvarez, nueva presidenta de El Corte Ingl\u00e9s<\/a> &#8211; mujeremprendedora.net<\/p>\n<p><a href=\"https:\/\/elpais.com\/elpais\/2017\/06\/28\/opinion\/1498670103_346490.html\">Luz S\u00e1nchez \u2013 Mellado: Ofr\u00e9cese \u00fatero<\/a> \u2013 El Pa\u00eds<\/p>\n<p><a href=\"https:\/\/www.elespanol.com\/economia\/empresas\/20190711\/techo-cristal-espanol-mujeres-formacion-ganan-euros\/412709817_0.html\">El techo de cristal espa\u00f1ol: las mujeres tienen m\u00e1s formaci\u00f3n, pero ganan 5 euros menos a la hora<\/a> &#8211; El Espa\u00f1ol<\/p>\n<p><strong>Actualidad<\/strong><\/p>\n<p style=\"margin: 0cm; margin-bottom: .0001pt; background: white;\"><span style=\"font-size: 11.0pt; font-family: 'Futura Lt BT',sans-serif; font-weight: normal;\"><a href=\"http:\/\/andra.eus\/conviene-aclarar-las-fronteras-entre-el-feminismo-y-la-teoria-queer\/\">Amelia Valc\u00e1rcel, fil\u00f3sofa: \u201cConviene aclarar las fronteras entre el feminismo y la teor\u00eda queer\u201d<\/a> \u2013 andra.eus<\/span><\/p>\n<p style=\"margin: 0cm; margin-bottom: .0001pt;\"><span style=\"font-size: 11.0pt; font-family: 'Futura Lt BT',sans-serif; font-weight: normal;\"><a href=\"https:\/\/eldiariodelaeducacion.com\/blog\/2019\/06\/10\/patios-feministas-contra-el-monopolio-del-futbol-asi-cambia-el-recreo-cuando-ninos-y-ninas-pueden-jugar-a-mas-cosas\/\">Patios feministas contra el monopolio del f\u00fatbol: as\u00ed cambia el recreo cuando ni\u00f1os y ni\u00f1as pueden jugar a m\u00e1s cosas<\/a> \u2013 El Diario de la Educaci\u00f3n<\/span><\/p>\n<p style=\"margin: 0cm; margin-bottom: .0001pt;\"><span style=\"font-size: 11.0pt; font-family: 'Futura Lt BT',sans-serif; font-weight: normal;\"><a href=\"https:\/\/www.lasexta.com\/tribus-ocultas\/cine-series\/algo-esta-mal-contigo-nunca-has-tenido-novio-anos_201907095d24f3f20cf2160657dac545.html\">\u00abAlgo est\u00e1 mal contigo si nunca has tenido novio con 35 a\u00f1os\u201d<\/a> \u2013 La Sexta<\/span><\/p>\n<p style=\"margin: 0cm; margin-bottom: .0001pt;\"><span style=\"font-size: 11.0pt; font-family: 'Futura Lt BT',sans-serif; font-weight: normal;\"><a href=\"https:\/\/tribunafeminista.elplural.com\/2019\/07\/por-que-la-mencion-del-sexo-no-debe-desaparecer-del-dni-por-que-el-sexo-debe-ser-una-caracteristica-protegida-en-el-derecho\/\">Tasia Ar\u00e1nguez: \u00bfPor qu\u00e9 la menci\u00f3n del sexo no debe desaparecer del DNI?, \u00bfpor qu\u00e9 el sexo debe ser una caracter\u00edstica protegida en el derecho?<\/a> \u2013 elplural.es<\/span><\/p>\n<p style=\"margin: 0cm; margin-bottom: .0001pt;\"><span style=\"font-size: 11.0pt; font-family: 'Futura Lt BT',sans-serif; font-weight: normal;\"><a href=\"https:\/\/www.20minutos.es\/noticia\/3698720\/0\/arzobispo-toledo-no-ve-ideologia-genero-solucion-contra-machismo-no-creo-igualdad-genero\/\">El arzobispo de Toledo: \u00abNo creo en la igualdad de g\u00e9nero\u00bb<\/a> &#8211; 20minutos.es<\/span><\/p>\n<p><strong>Violencia<\/strong><\/p>\n<p><a href=\"https:\/\/elpais.com\/sociedad\/2019\/07\/02\/actualidad\/1562087774_551238.html\">Paula Fraga: La abolici\u00f3n de la prostituci\u00f3n es irrenunciable<\/a> \u2013 El Pa\u00eds<\/p>\n<p><a href=\"http:\/\/www.lapajareramagazine.com\/la-invisibilidad-e-impunidad-de-los-abusos-sexuales-en-la-familia-y-el-caso-de-infancia-libre\">La invisibilidad e impunidad de los abusos sexuales en la familia y el caso de Infancia Libre<\/a> \u2013 La pajarera<\/p>\n<p><a href=\"https:\/\/www.levante-emv.com\/sucesos\/2019\/07\/12\/familias-pediran-ies-responsabilidades-acoso\/1900122.html\">Las familias pedir\u00e1n al IES responsabilidades por el acoso sexual a seis alumnas<\/a> &#8211; Levante-EMV<\/p>\n<p><a href=\"https:\/\/www.bufete-de-abogados.es\/11\/07\/2019\/espana-destaca-en-europa-contra-violencia-de-genero\/8381.html\">Espa\u00f1a destaca en Europa contra\u00a0violencia de g\u00e9nero<\/a> &#8211; Diario Jur\u00eddico<\/p>\n<p><strong>Ciencia y Cultura<\/strong><\/p>\n<p><a href=\"https:\/\/www.mujeremprendedora.net\/mujer-e-ingenieria-recibe-mencion-honorifica-colegio-de-ingenieros-industriales\/\">\u2018Mujer e Ingenier\u00eda\u2019 recibe la Menci\u00f3n Honor\u00edfica del Colegio de Ingenieros Industriales<\/a> \u2013 mujeremprendedora.net<\/p>\n<p><a href=\"https:\/\/www.elperiodic.com\/pcastellon\/proyecto-europeo-steam-trabajara-para-equilibrar-presencia-mujer-campos-educacion-cientifica_630856\">Un proyecto europeo E-STEAM trabajar\u00e1 para equilibrar la presencia de la\u00a0mujer en campos de la educaci\u00f3n cient\u00edfica<\/a> &#8211; elperiodic.com<\/p>\n<p><a href=\"https:\/\/cinereverso.org\/miradas-de-mujer-cineastas-espanolas-para-el-siglo-xxi\/\">Miradas de\u00a0mujer: cineastas espa\u00f1olas para el siglo XXI<\/a> &#8211; CineReverso<\/p>\n<p><a href=\"https:\/\/elpais.com\/cultura\/2019\/07\/11\/actualidad\/1562822335_531891.html\">Un \u2018Fuenteovejuna\u2019 africano y feminista<\/a> \u2013 El Pais<\/p>\n<p><a href=\"https:\/\/www.lavozdegalicia.es\/noticia\/barbanza\/2019\/07\/10\/feminismo-dentro-fuera-aulas\/0003_201907B10C8991.htm\">Feminismo dentro y fuera de las aulas<\/a> &#8211; La Voz de Galicia<\/p>\n<p><a href=\"https:\/\/www.revistagq.com\/noticias\/articulo\/seras-hombre-documental\">Isabel Ocampo presenta &#8216;Ser\u00e1s hombre&#8217;, el documental que disecciona una masculinidad en crisis<\/a> &#8211; CQ<\/p>\n<p><strong>Deporte\u00a0<\/strong><\/p>\n<p><a href=\"https:\/\/www.lavanguardia.com\/deportes\/natacion\/20190712\/463422043947\/ona-carbonell-mundial-natacion-artistica-gwangju-solo-tecnico.html\">Ona Carbonell apunta a plata<\/a> \u2013 La Vanguardia<\/p>\n<p><a href=\"https:\/\/europapress.es\/deportes\/futbol-00162\/noticia-rfef-asociacion-deporte-igualdad-firman-acuerdo-colaboracion-20190702201431.html\">La RFEF y la Asociaci\u00f3n Deporte Para la Igualdad firman un acuerdo de colaboraci\u00f3n<\/a> \u2013 Europa Press<\/p>\n<p>[\/toggle]<\/p>\n<p>[toggle type=\u00bbfirst\u00bb title=\u00bbInternacional\u00bb]<\/p>\n<p><a href=\"https:\/\/elpais.com\/deportes\/2019\/07\/10\/actualidad\/1562756286_805521.amp.html\">Rapinoe, a Trump: \u201cTu mensaje excluye a gente que se parece a m\u00ed\u201d<\/a> \u2013 El Pa\u00eds<\/p>\n<p><a href=\"https:\/\/www.publico.es\/internacional\/defensoras-tierra-acosadas-hijas-berta-caceres.html\">Las acosadas \u00abhijas\u00bb de Berta C\u00e1ceres<\/a> &#8211; P\u00fablico<\/p>\n<p><a href=\"https:\/\/theobjective.com\/el-gobierno-frances-lanza-un-plan-de-accion-nacional-para-combatir-la-mutilacion-genital-femenina\/\">El Gobierno franc\u00e9s lanza un plan de acci\u00f3n nacional para combatir la mutilaci\u00f3n genital femenina<\/a> &#8211; theobjective.com<\/p>\n<p><a href=\"https:\/\/elpais.com\/elpais\/2019\/07\/09\/planeta_futuro\/1562668778_682488.html\">El ponzo\u00f1oso patriarcado de Nigeria<\/a> \u2013 El Pa\u00eds<\/p>\n<p><a href=\"https:\/\/www.politico.com\/womenrule\/podcasts\">Mythbusting the dumb stereotype about women &amp; tech: Katherine Maher, Wikimedia CEO<\/a> &#8211; Women Rule<\/p>\n<p><a href=\"https:\/\/www.elheraldo.co\/entretenimiento\/taylor-swift-y-kylie-jenner-las-ricas-de-forbes-649063\">Taylor Swift y Kylie Jenner: las ricas de Forbes<\/a> &#8211; Heraldo<\/p>\n<p><a href=\"https:\/\/www.elmundo.es\/internacional\/2019\/07\/11\/5d266827fdddff3eb08b45c5.html\">El Estado de Nueva York proh\u00edbe la brecha salarial de g\u00e9nero por ley<\/a> \u2013 El Mundo<\/p>\n<p><a href=\"https:\/\/verne.elpais.com\/verne\/2019\/07\/08\/articulo\/1562571348_259519.html\">La afici\u00f3n de la final del Mundial reclama a coro la igualdad salarial para las mujeres en el f\u00fatbol<\/a> \u2013 El Pa\u00eds<\/p>\n<p><a href=\"https:\/\/www.publico.es\/tremending\/2019\/06\/26\/feminismo-el-ingenioso-truco-en-alemania-para-evitar-pagar-el-iva-de-lujo-del-19-por-los-productos-de-higiene-femenina\/\">El ingenioso truco en Alemania para evitar pagar el IVA de lujo del 19% por los productos de higiene femenina<\/a> &#8211; P\u00fablico<\/p>\n<p><a href=\"https:\/\/www.abc.es\/internacional\/abci-hogar-lugar-mas-peligroso-para-vida-mujeres-201907090152_noticia.html\">El hogar, el lugar m\u00e1s peligroso para la vida de las mujeres, seg\u00fan la ONU<\/a> \u2013 abc.es<\/p>\n<p><a href=\"https:\/\/www.20minutos.es\/noticia\/3699637\/0\/muertes-francia-parejas-violencia-genero\/\">Mueren 121 mujeres en Francia asesinadas por sus parejas en 2018, un 11% m\u00e1s que el a\u00f1o anterior<\/a> \u2013 20minutos.es<\/p>\n<p><a href=\"https:\/\/www.mirror.co.uk\/science\/european-space-agency-teams-up-17748818\">European Space Agency teams up with BARBIE to encourage girls to become astronauts<\/a> \u2013 Mirror<\/p>\n<p><a href=\"https:\/\/canalabierto.com.ar\/2019\/07\/10\/el-sistema-se-ocupa-de-incorporar-el-discurso-feminista-para-que-nada-cambie\/\">La escritora Mar\u00eda In\u00e9s Krimer presenta \u201cCupo\u201d: \u201cEl sistema se ocupa de incorporar el discurso feminista para que nada cambie\u201d<\/a> \u2013 Canal Abierto (Argentina)<\/p>\n<p><a href=\"https:\/\/www.elperiodico.com\/es\/onbarcelona\/mirar\/20190711\/cine-estreno-pelicula-un-amor-imposible-7544743\">&#8216;Un amor imposible&#8217; de\u00a0 Catherine Corsini: el hombre de la casa<\/a> \u2013 El Periodico<\/p>\n<p><a href=\"https:\/\/www.nytimes.com\/2019\/07\/10\/sports\/soccer\/soccer-parade.html\">Megan Rapinoe Steals the Show at the Women\u2019s World Cup Parade<\/a> \u2013 New Tork Times<\/p>\n<p><a href=\"https:\/\/elpais.com\/deportes\/2019\/07\/01\/actualidad\/1562004022_890050.html\">Cori Gauff, hacia el destino de las hero\u00ednas<\/a> \u2013 El Pa\u00eds<\/p>\n<p>[\/toggle]<\/p>\n<\/div>\n<\/div>\n<\/div>\n<\/div>\n<\/div>\n<\/div>\n","protected":false},"excerpt":{"rendered":"<p>Amelia Valc\u00e1rcel: feminismo y teor\u00eda queer-Patricia Ortega, general-ONU: el hogar <a href=\"https:\/\/cklcomunicaciones.es\/coop\/noticias-info-ckl-no-2-369-12-07-19\/\">[&#8230;]<\/a><\/p>\n","protected":false},"author":3,"featured_media":0,"comment_status":"closed","ping_status":"closed","sticky":false,"template":"","format":"standard","meta":{"footnotes":""},"categories":[298,623],"tags":[],"class_list":["post-14686","post","type-post","status-publish","format-standard","hentry","category-newsletter","category-nwl-2-0"],"yoast_head":"<!-- This site is optimized with the Yoast SEO plugin v27.5 - https:\/\/yoast.com\/product\/yoast-seo-wordpress\/ -->\n<title>Noticias Info CKL n\u00ba 2.369-12\/07\/19-Comunicar con perspectiva de g\u00e9nero<\/title>\n<meta name=\"description\" content=\"Comunicar con perspectiva de g\u00e9nero: Amelia Valc\u00e1rcel: feminismo y teor\u00eda queer-Patricia Ortega, general-ONU: el hogar peligroso para las mujeres-Las acosadas &quot;hijas&quot; de Berta C\u00e1ceres-Corsini y la masculinidad t\u00f3xica-Cori Gauff, destino de las hero\u00ednas\" \/>\n<meta name=\"robots\" content=\"index, follow, max-snippet:-1, max-image-preview:large, max-video-preview:-1\" \/>\n<link rel=\"canonical\" href=\"https:\/\/cklcomunicaciones.es\/coop\/noticias-info-ckl-no-2-369-12-07-19\/\" \/>\n<meta property=\"og:locale\" content=\"es_ES\" \/>\n<meta property=\"og:type\" content=\"article\" \/>\n<meta property=\"og:title\" content=\"Noticias Info CKL n\u00ba 2.369-12\/07\/19-Comunicar con perspectiva de g\u00e9nero\" \/>\n<meta property=\"og:description\" content=\"Comunicar con perspectiva de g\u00e9nero: Amelia Valc\u00e1rcel: feminismo y teor\u00eda queer-Patricia Ortega, general-ONU: el hogar peligroso para las mujeres-Las acosadas &quot;hijas&quot; de Berta C\u00e1ceres-Corsini y la masculinidad t\u00f3xica-Cori Gauff, destino de las hero\u00ednas\" \/>\n<meta property=\"og:url\" content=\"https:\/\/cklcomunicaciones.es\/coop\/noticias-info-ckl-no-2-369-12-07-19\/\" \/>\n<meta property=\"og:site_name\" content=\"CKL Comunicaciones\" \/>\n<meta property=\"article:published_time\" content=\"2019-07-12T10:12:54+00:00\" \/>\n<meta property=\"article:modified_time\" content=\"2025-01-17T15:43:04+00:00\" \/>\n<meta property=\"og:image\" content=\"https:\/\/cklcomunicaciones.es\/coop\/wp-content\/uploads\/2018\/03\/CKL_comunicacion-con-perspetiva-de-genero.jpg\" \/>\n\t<meta property=\"og:image:width\" content=\"500\" \/>\n\t<meta property=\"og:image:height\" content=\"500\" \/>\n\t<meta property=\"og:image:type\" content=\"image\/jpeg\" \/>\n<meta name=\"author\" content=\"ckl\" \/>\n<meta name=\"twitter:card\" content=\"summary_large_image\" \/>\n<meta name=\"twitter:label1\" content=\"Escrito por\" \/>\n\t<meta name=\"twitter:data1\" content=\"ckl\" \/>\n\t<meta name=\"twitter:label2\" content=\"Tiempo de lectura\" \/>\n\t<meta name=\"twitter:data2\" content=\"6 minutos\" \/>\n<script type=\"application\/ld+json\" class=\"yoast-schema-graph\">{\"@context\":\"https:\\\/\\\/schema.org\",\"@graph\":[{\"@type\":\"Article\",\"@id\":\"https:\\\/\\\/cklcomunicaciones.es\\\/coop\\\/noticias-info-ckl-no-2-369-12-07-19\\\/#article\",\"isPartOf\":{\"@id\":\"https:\\\/\\\/cklcomunicaciones.es\\\/coop\\\/noticias-info-ckl-no-2-369-12-07-19\\\/\"},\"author\":{\"name\":\"ckl\",\"@id\":\"https:\\\/\\\/cklcomunicaciones.es\\\/coop\\\/#\\\/schema\\\/person\\\/929a6837f7626450bbb50cee1aef266e\"},\"headline\":\"Noticias Info CKL n\u00ba 2.369-12\\\/07\\\/19\",\"datePublished\":\"2019-07-12T10:12:54+00:00\",\"dateModified\":\"2025-01-17T15:43:04+00:00\",\"mainEntityOfPage\":{\"@id\":\"https:\\\/\\\/cklcomunicaciones.es\\\/coop\\\/noticias-info-ckl-no-2-369-12-07-19\\\/\"},\"wordCount\":1126,\"image\":{\"@id\":\"https:\\\/\\\/cklcomunicaciones.es\\\/coop\\\/noticias-info-ckl-no-2-369-12-07-19\\\/#primaryimage\"},\"thumbnailUrl\":\"http:\\\/\\\/www.cklcomunicaciones.es\\\/wp-content\\\/uploads\\\/2018\\\/03\\\/CKL_comunicacion-con-perspetiva-de-genero-300x300.jpg\",\"articleSection\":[\"Newsletter\",\"Nwl v2.0\"],\"inLanguage\":\"es\"},{\"@type\":\"WebPage\",\"@id\":\"https:\\\/\\\/cklcomunicaciones.es\\\/coop\\\/noticias-info-ckl-no-2-369-12-07-19\\\/\",\"url\":\"https:\\\/\\\/cklcomunicaciones.es\\\/coop\\\/noticias-info-ckl-no-2-369-12-07-19\\\/\",\"name\":\"Noticias Info CKL n\u00ba 2.369-12\\\/07\\\/19-Comunicar con perspectiva de g\u00e9nero\",\"isPartOf\":{\"@id\":\"https:\\\/\\\/cklcomunicaciones.es\\\/coop\\\/#website\"},\"primaryImageOfPage\":{\"@id\":\"https:\\\/\\\/cklcomunicaciones.es\\\/coop\\\/noticias-info-ckl-no-2-369-12-07-19\\\/#primaryimage\"},\"image\":{\"@id\":\"https:\\\/\\\/cklcomunicaciones.es\\\/coop\\\/noticias-info-ckl-no-2-369-12-07-19\\\/#primaryimage\"},\"thumbnailUrl\":\"http:\\\/\\\/www.cklcomunicaciones.es\\\/wp-content\\\/uploads\\\/2018\\\/03\\\/CKL_comunicacion-con-perspetiva-de-genero-300x300.jpg\",\"datePublished\":\"2019-07-12T10:12:54+00:00\",\"dateModified\":\"2025-01-17T15:43:04+00:00\",\"author\":{\"@id\":\"https:\\\/\\\/cklcomunicaciones.es\\\/coop\\\/#\\\/schema\\\/person\\\/929a6837f7626450bbb50cee1aef266e\"},\"description\":\"Comunicar con perspectiva de g\u00e9nero: Amelia Valc\u00e1rcel: feminismo y teor\u00eda queer-Patricia Ortega, general-ONU: el hogar peligroso para las mujeres-Las acosadas \\\"hijas\\\" de Berta C\u00e1ceres-Corsini y la masculinidad t\u00f3xica-Cori Gauff, destino de las hero\u00ednas\",\"breadcrumb\":{\"@id\":\"https:\\\/\\\/cklcomunicaciones.es\\\/coop\\\/noticias-info-ckl-no-2-369-12-07-19\\\/#breadcrumb\"},\"inLanguage\":\"es\",\"potentialAction\":[{\"@type\":\"ReadAction\",\"target\":[\"https:\\\/\\\/cklcomunicaciones.es\\\/coop\\\/noticias-info-ckl-no-2-369-12-07-19\\\/\"]}]},{\"@type\":\"ImageObject\",\"inLanguage\":\"es\",\"@id\":\"https:\\\/\\\/cklcomunicaciones.es\\\/coop\\\/noticias-info-ckl-no-2-369-12-07-19\\\/#primaryimage\",\"url\":\"http:\\\/\\\/www.cklcomunicaciones.es\\\/wp-content\\\/uploads\\\/2018\\\/03\\\/CKL_comunicacion-con-perspetiva-de-genero-300x300.jpg\",\"contentUrl\":\"http:\\\/\\\/www.cklcomunicaciones.es\\\/wp-content\\\/uploads\\\/2018\\\/03\\\/CKL_comunicacion-con-perspetiva-de-genero-300x300.jpg\"},{\"@type\":\"BreadcrumbList\",\"@id\":\"https:\\\/\\\/cklcomunicaciones.es\\\/coop\\\/noticias-info-ckl-no-2-369-12-07-19\\\/#breadcrumb\",\"itemListElement\":[{\"@type\":\"ListItem\",\"position\":1,\"name\":\"Portada\",\"item\":\"https:\\\/\\\/cklcomunicaciones.es\\\/coop\\\/\"},{\"@type\":\"ListItem\",\"position\":2,\"name\":\"Noticias Info CKL n\u00ba 2.369-12\\\/07\\\/19\"}]},{\"@type\":\"WebSite\",\"@id\":\"https:\\\/\\\/cklcomunicaciones.es\\\/coop\\\/#website\",\"url\":\"https:\\\/\\\/cklcomunicaciones.es\\\/coop\\\/\",\"name\":\"CKL Comunicaciones\",\"description\":\"Sitio web de CKL Comunicaciones coop , la consultora de comunicaci\u00f3n y estrategia\",\"potentialAction\":[{\"@type\":\"SearchAction\",\"target\":{\"@type\":\"EntryPoint\",\"urlTemplate\":\"https:\\\/\\\/cklcomunicaciones.es\\\/coop\\\/?s={search_term_string}\"},\"query-input\":{\"@type\":\"PropertyValueSpecification\",\"valueRequired\":true,\"valueName\":\"search_term_string\"}}],\"inLanguage\":\"es\"},{\"@type\":\"Person\",\"@id\":\"https:\\\/\\\/cklcomunicaciones.es\\\/coop\\\/#\\\/schema\\\/person\\\/929a6837f7626450bbb50cee1aef266e\",\"name\":\"ckl\",\"image\":{\"@type\":\"ImageObject\",\"inLanguage\":\"es\",\"@id\":\"https:\\\/\\\/secure.gravatar.com\\\/avatar\\\/c82db564e8a669bf6023357a157b9dc4780f4d4c618f2ad1d71a6a5dede45057?s=96&d=mm&r=g\",\"url\":\"https:\\\/\\\/secure.gravatar.com\\\/avatar\\\/c82db564e8a669bf6023357a157b9dc4780f4d4c618f2ad1d71a6a5dede45057?s=96&d=mm&r=g\",\"contentUrl\":\"https:\\\/\\\/secure.gravatar.com\\\/avatar\\\/c82db564e8a669bf6023357a157b9dc4780f4d4c618f2ad1d71a6a5dede45057?s=96&d=mm&r=g\",\"caption\":\"ckl\"},\"url\":\"https:\\\/\\\/cklcomunicaciones.es\\\/coop\\\/author\\\/cklcomunicaciones\\\/\"}]}<\/script>\n<!-- \/ Yoast SEO plugin. -->","yoast_head_json":{"title":"Noticias Info CKL n\u00ba 2.369-12\/07\/19-Comunicar con perspectiva de g\u00e9nero","description":"Comunicar con perspectiva de g\u00e9nero: Amelia Valc\u00e1rcel: feminismo y teor\u00eda queer-Patricia Ortega, general-ONU: el hogar peligroso para las mujeres-Las acosadas \"hijas\" de Berta C\u00e1ceres-Corsini y la masculinidad t\u00f3xica-Cori Gauff, destino de las hero\u00ednas","robots":{"index":"index","follow":"follow","max-snippet":"max-snippet:-1","max-image-preview":"max-image-preview:large","max-video-preview":"max-video-preview:-1"},"canonical":"https:\/\/cklcomunicaciones.es\/coop\/noticias-info-ckl-no-2-369-12-07-19\/","og_locale":"es_ES","og_type":"article","og_title":"Noticias Info CKL n\u00ba 2.369-12\/07\/19-Comunicar con perspectiva de g\u00e9nero","og_description":"Comunicar con perspectiva de g\u00e9nero: Amelia Valc\u00e1rcel: feminismo y teor\u00eda queer-Patricia Ortega, general-ONU: el hogar peligroso para las mujeres-Las acosadas \"hijas\" de Berta C\u00e1ceres-Corsini y la masculinidad t\u00f3xica-Cori Gauff, destino de las hero\u00ednas","og_url":"https:\/\/cklcomunicaciones.es\/coop\/noticias-info-ckl-no-2-369-12-07-19\/","og_site_name":"CKL Comunicaciones","article_published_time":"2019-07-12T10:12:54+00:00","article_modified_time":"2025-01-17T15:43:04+00:00","og_image":[{"width":500,"height":500,"url":"https:\/\/cklcomunicaciones.es\/coop\/wp-content\/uploads\/2018\/03\/CKL_comunicacion-con-perspetiva-de-genero.jpg","type":"image\/jpeg"}],"author":"ckl","twitter_card":"summary_large_image","twitter_misc":{"Escrito por":"ckl","Tiempo de lectura":"6 minutos"},"schema":{"@context":"https:\/\/schema.org","@graph":[{"@type":"Article","@id":"https:\/\/cklcomunicaciones.es\/coop\/noticias-info-ckl-no-2-369-12-07-19\/#article","isPartOf":{"@id":"https:\/\/cklcomunicaciones.es\/coop\/noticias-info-ckl-no-2-369-12-07-19\/"},"author":{"name":"ckl","@id":"https:\/\/cklcomunicaciones.es\/coop\/#\/schema\/person\/929a6837f7626450bbb50cee1aef266e"},"headline":"Noticias Info CKL n\u00ba 2.369-12\/07\/19","datePublished":"2019-07-12T10:12:54+00:00","dateModified":"2025-01-17T15:43:04+00:00","mainEntityOfPage":{"@id":"https:\/\/cklcomunicaciones.es\/coop\/noticias-info-ckl-no-2-369-12-07-19\/"},"wordCount":1126,"image":{"@id":"https:\/\/cklcomunicaciones.es\/coop\/noticias-info-ckl-no-2-369-12-07-19\/#primaryimage"},"thumbnailUrl":"http:\/\/www.cklcomunicaciones.es\/wp-content\/uploads\/2018\/03\/CKL_comunicacion-con-perspetiva-de-genero-300x300.jpg","articleSection":["Newsletter","Nwl v2.0"],"inLanguage":"es"},{"@type":"WebPage","@id":"https:\/\/cklcomunicaciones.es\/coop\/noticias-info-ckl-no-2-369-12-07-19\/","url":"https:\/\/cklcomunicaciones.es\/coop\/noticias-info-ckl-no-2-369-12-07-19\/","name":"Noticias Info CKL n\u00ba 2.369-12\/07\/19-Comunicar con perspectiva de g\u00e9nero","isPartOf":{"@id":"https:\/\/cklcomunicaciones.es\/coop\/#website"},"primaryImageOfPage":{"@id":"https:\/\/cklcomunicaciones.es\/coop\/noticias-info-ckl-no-2-369-12-07-19\/#primaryimage"},"image":{"@id":"https:\/\/cklcomunicaciones.es\/coop\/noticias-info-ckl-no-2-369-12-07-19\/#primaryimage"},"thumbnailUrl":"http:\/\/www.cklcomunicaciones.es\/wp-content\/uploads\/2018\/03\/CKL_comunicacion-con-perspetiva-de-genero-300x300.jpg","datePublished":"2019-07-12T10:12:54+00:00","dateModified":"2025-01-17T15:43:04+00:00","author":{"@id":"https:\/\/cklcomunicaciones.es\/coop\/#\/schema\/person\/929a6837f7626450bbb50cee1aef266e"},"description":"Comunicar con perspectiva de g\u00e9nero: Amelia Valc\u00e1rcel: feminismo y teor\u00eda queer-Patricia Ortega, general-ONU: el hogar peligroso para las mujeres-Las acosadas \"hijas\" de Berta C\u00e1ceres-Corsini y la masculinidad t\u00f3xica-Cori Gauff, destino de las hero\u00ednas","breadcrumb":{"@id":"https:\/\/cklcomunicaciones.es\/coop\/noticias-info-ckl-no-2-369-12-07-19\/#breadcrumb"},"inLanguage":"es","potentialAction":[{"@type":"ReadAction","target":["https:\/\/cklcomunicaciones.es\/coop\/noticias-info-ckl-no-2-369-12-07-19\/"]}]},{"@type":"ImageObject","inLanguage":"es","@id":"https:\/\/cklcomunicaciones.es\/coop\/noticias-info-ckl-no-2-369-12-07-19\/#primaryimage","url":"http:\/\/www.cklcomunicaciones.es\/wp-content\/uploads\/2018\/03\/CKL_comunicacion-con-perspetiva-de-genero-300x300.jpg","contentUrl":"http:\/\/www.cklcomunicaciones.es\/wp-content\/uploads\/2018\/03\/CKL_comunicacion-con-perspetiva-de-genero-300x300.jpg"},{"@type":"BreadcrumbList","@id":"https:\/\/cklcomunicaciones.es\/coop\/noticias-info-ckl-no-2-369-12-07-19\/#breadcrumb","itemListElement":[{"@type":"ListItem","position":1,"name":"Portada","item":"https:\/\/cklcomunicaciones.es\/coop\/"},{"@type":"ListItem","position":2,"name":"Noticias Info CKL n\u00ba 2.369-12\/07\/19"}]},{"@type":"WebSite","@id":"https:\/\/cklcomunicaciones.es\/coop\/#website","url":"https:\/\/cklcomunicaciones.es\/coop\/","name":"CKL Comunicaciones","description":"Sitio web de CKL Comunicaciones coop , la consultora de comunicaci\u00f3n y estrategia","potentialAction":[{"@type":"SearchAction","target":{"@type":"EntryPoint","urlTemplate":"https:\/\/cklcomunicaciones.es\/coop\/?s={search_term_string}"},"query-input":{"@type":"PropertyValueSpecification","valueRequired":true,"valueName":"search_term_string"}}],"inLanguage":"es"},{"@type":"Person","@id":"https:\/\/cklcomunicaciones.es\/coop\/#\/schema\/person\/929a6837f7626450bbb50cee1aef266e","name":"ckl","image":{"@type":"ImageObject","inLanguage":"es","@id":"https:\/\/secure.gravatar.com\/avatar\/c82db564e8a669bf6023357a157b9dc4780f4d4c618f2ad1d71a6a5dede45057?s=96&d=mm&r=g","url":"https:\/\/secure.gravatar.com\/avatar\/c82db564e8a669bf6023357a157b9dc4780f4d4c618f2ad1d71a6a5dede45057?s=96&d=mm&r=g","contentUrl":"https:\/\/secure.gravatar.com\/avatar\/c82db564e8a669bf6023357a157b9dc4780f4d4c618f2ad1d71a6a5dede45057?s=96&d=mm&r=g","caption":"ckl"},"url":"https:\/\/cklcomunicaciones.es\/coop\/author\/cklcomunicaciones\/"}]}},"_links":{"self":[{"href":"https:\/\/cklcomunicaciones.es\/coop\/wp-json\/wp\/v2\/posts\/14686","targetHints":{"allow":["GET"]}}],"collection":[{"href":"https:\/\/cklcomunicaciones.es\/coop\/wp-json\/wp\/v2\/posts"}],"about":[{"href":"https:\/\/cklcomunicaciones.es\/coop\/wp-json\/wp\/v2\/types\/post"}],"author":[{"embeddable":true,"href":"https:\/\/cklcomunicaciones.es\/coop\/wp-json\/wp\/v2\/users\/3"}],"replies":[{"embeddable":true,"href":"https:\/\/cklcomunicaciones.es\/coop\/wp-json\/wp\/v2\/comments?post=14686"}],"version-history":[{"count":0,"href":"https:\/\/cklcomunicaciones.es\/coop\/wp-json\/wp\/v2\/posts\/14686\/revisions"}],"wp:attachment":[{"href":"https:\/\/cklcomunicaciones.es\/coop\/wp-json\/wp\/v2\/media?parent=14686"}],"wp:term":[{"taxonomy":"category","embeddable":true,"href":"https:\/\/cklcomunicaciones.es\/coop\/wp-json\/wp\/v2\/categories?post=14686"},{"taxonomy":"post_tag","embeddable":true,"href":"https:\/\/cklcomunicaciones.es\/coop\/wp-json\/wp\/v2\/tags?post=14686"}],"curies":[{"name":"wp","href":"https:\/\/api.w.org\/{rel}","templated":true}]}}