{"id":14662,"date":"2019-06-19T12:58:56","date_gmt":"2019-06-19T10:58:56","guid":{"rendered":"http:\/\/www.cklcomunicaciones.es\/?p=14662"},"modified":"2025-01-17T16:43:05","modified_gmt":"2025-01-17T15:43:05","slug":"noticias-info-ckl-no-2-363-19-06-19","status":"publish","type":"post","link":"https:\/\/cklcomunicaciones.es\/coop\/noticias-info-ckl-no-2-363-19-06-19\/","title":{"rendered":"Noticias Info CKL n\u00ba 2.363-19\/06\/19"},"content":{"rendered":"<div id=\"pl-14662\"  class=\"panel-layout\" >\n<div id=\"pg-14662-0\"  class=\"panel-grid panel-no-style\"  data-style=\"{&quot;background_image_attachment&quot;:false,&quot;background_display&quot;:&quot;tile&quot;,&quot;cell_alignment&quot;:&quot;flex-start&quot;}\" >\n<div id=\"pgc-14662-0-0\"  class=\"panel-grid-cell\"  data-weight=\"1\" >\n<div id=\"panel-14662-0-0-0\" class=\"so-panel widget widget_sow-editor panel-first-child panel-last-child\" data-index=\"0\" data-style=\"{&quot;background_image_attachment&quot;:false,&quot;background_display&quot;:&quot;tile&quot;}\" >\n<div class=\"so-widget-sow-editor so-widget-sow-editor-base\">\n<div class=\"siteorigin-widget-tinymce textwidget\">\n<p><img decoding=\"async\" class=\"lazyload  wp-image-13726\" src=\"http:\/\/www.cklcomunicaciones.es\/wp-content\/uploads\/2018\/03\/CKL_comunicacion-con-perspetiva-de-genero-300x300.jpg\" data-orig-src=\"http:\/\/www.cklcomunicaciones.es\/wp-content\/uploads\/2018\/03\/CKL_comunicacion-con-perspetiva-de-genero-300x300.jpg\" alt=\"CKL_comunicacion con perspetiva de genero\" width=\"132\" height=\"132\" srcset=\"data:image\/svg+xml,%3Csvg%20xmlns%3D%27http%3A%2F%2Fwww.w3.org%2F2000%2Fsvg%27%20width%3D%27132%27%20height%3D%27132%27%20viewBox%3D%270%200%20132%20132%27%3E%3Crect%20width%3D%27132%27%20height%3D%27132%27%20fill-opacity%3D%220%22%2F%3E%3C%2Fsvg%3E\" data-srcset=\"https:\/\/cklcomunicaciones.es\/coop\/wp-content\/uploads\/2018\/03\/CKL_comunicacion-con-perspetiva-de-genero-150x150.jpg 150w, https:\/\/cklcomunicaciones.es\/coop\/wp-content\/uploads\/2018\/03\/CKL_comunicacion-con-perspetiva-de-genero-300x300.jpg 300w, https:\/\/cklcomunicaciones.es\/coop\/wp-content\/uploads\/2018\/03\/CKL_comunicacion-con-perspetiva-de-genero-450x450.jpg 450w, https:\/\/cklcomunicaciones.es\/coop\/wp-content\/uploads\/2018\/03\/CKL_comunicacion-con-perspetiva-de-genero.jpg 500w\" data-sizes=\"auto\" data-orig-sizes=\"(max-width: 132px) 100vw, 132px\" \/><\/p>\n<p id=\":om\" class=\"hP\" tabindex=\"-1\" data-thread-perm-id=\"thread-f:1636765722789969461\" data-legacy-thread-id=\"16b6f5c0bf6e7e35\"><strong>ONU Mujeres lanza herramienta de equidad de g\u00e9nero en empresas-Cero mujeres: empresas sin diversidad-El riesgo de ser mujer-Luc\u00eda Mar\u00edn: \u201cHay que visibilizar a las mujeres l\u00edderes\u00bb-#StopPeriod<wbr><\/wbr>ismoMachista<\/strong><\/p>\n<p tabindex=\"-1\" data-thread-perm-id=\"thread-f:1635587872810282870\" data-legacy-thread-id=\"16b2c6812dcb2f76\">[toggle type=\u00bbfirst\u00bb title=\u00bbConvocatorias\u00bb]<\/p>\n<p>Universidad Internacional de Andaluc\u00eda<\/p>\n<ul>\n<li><a href=\"https:\/\/www.unia.es\/oferta-academica\/cursos-de-verano\/oferta-cv\/item\/educar-las-emociones-para-mejorar-la-salud\">Educar las emociones para mejorar la salud<\/a>. Sede Santa Mar\u00eda de la R\u00e1bida (Huelva), del 15 al 18 de julio de 2019<\/li>\n<li><a href=\"https:\/\/www.unia.es\/oferta-academica\/cursos-de-verano\/oferta-cv\/item\/la-literatura-social-aproximaciones-tendencias-futuro\">La literatura social: aproximaciones, tendencias, futuro<\/a>. Sede Santa Mar\u00eda de la R\u00e1bida (Huelva), del 15 al 18 de julio de 2019<\/li>\n<li><a href=\"https:\/\/www.unia.es\/conoce-la-unia\/sede-de-la-rabida\/oferta-formativa-campus-de-la-rabida\/item\/arteterapia-para-la-gestion-emocional-y-la-realizacion-personal\">Arteterapia para la gesti\u00f3n emocional y la realizaci\u00f3n personal<\/a>. Sede Santa Mar\u00eda de la R\u00e1bida (Huelva), del 22 al 25 de julio de 2019<\/li>\n<\/ul>\n<p tabindex=\"-1\" data-thread-perm-id=\"thread-f:1635587872810282870\" data-legacy-thread-id=\"16b2c6812dcb2f76\">[\/toggle]<\/p>\n<p>[toggle type=\u00bbfirst\u00bb title=\u00bbComunicaci\u00f3n\u00bb]<\/p>\n<p><u><a href=\"https:\/\/www.publico.es\/tremending\/2019\/06\/18\/twitter-stopperiodismomachista-se-vuelve-trending-topic-y-cientos-de-personas-muestran-su-apoyo-a-marta-flich\/\">#StopPeriodismoMachista se vuelve trending topic y cientos de personas muestran su apoyo a Marta Flich<\/a> <\/u>&#8211; P\u00fablico<\/p>\n<p><a href=\"https:\/\/www.elmundo.es\/mejores-masters\/2019\/06\/15\/5d04f984fdddff1a528b4643.html\">La Escuela de Periodismo de Unidad Editorial &#8216;crea&#8217; nuevos profesionales<\/a>&#8211; El Mundo<\/p>\n<p><u><a href=\"http:\/\/www.rtve.es\/rtve\/20190619\/rtve-rinde-tributo-1000-mujeres-asesinadas-violencia-genero-ni-mas\/1958981.shtml\">RTVE rinde tributo a las 1.000\u00a0mujeres\u00a0asesinadas por violencia de &#8230;<\/a><\/u>&#8211; RTVE<\/p>\n<p><u><a href=\"http:\/\/www.eladelantado.com\/segovia\/una-alumna-de-publicidad-crea-el-eslogan-de-la-nueva-guia-de-la-uva\/\">Una alumna de Publicidad crea el eslogan de la nueva gu\u00eda de la UVa<\/a><\/u>&#8211; El Adelantado de Segovia<\/p>\n<p><u><a href=\"https:\/\/www.elperiodico.com\/es\/mas-barcelona\/20190614\/barcelona-crea-una-guia-para-una-comunicacion-inclusiva-y-libre-de-prejuicios-7505662\">Barcelona crea una gu\u00eda para una\u00a0comunicaci\u00f3n\u00a0inclusiva y libre de &#8230;<\/a><\/u>&#8211; El Peri\u00f3dico<\/p>\n<p>[\/toggle]<\/p>\n<p>[toggle type=\u00bbfirst\u00bb title=\u00bbAndaluc\u00eda\u00bb]<\/p>\n<p><strong>Econom\u00eda y Empresas<\/strong><\/p>\n<p><u><a href=\"https:\/\/www.google.com\/url?rct=j&amp;sa=t&amp;url=https:\/\/novapolis.es\/la-ual-acoge-este-miercoles-unas-jornadas-sobre-mujeres-y-cooperativismo\/&amp;ct=ga&amp;cd=CAEYBCoTMjIxNTI0MjU1NTg0NDcwMjU5MDIZYzAzNzJlYmMyZmVhZGE1OTplczplczpFUw&amp;usg=AFQjCNEGn9NHmS4Oyoyyd3je47fQSh4ryQ\">La UAL acoge este mi\u00e9rcoles unas jornadas sobre\u00a0mujeres\u00a0y cooperativismo<\/a><\/u> &#8211; Novapolis<\/p>\n<p><u><a href=\"https:\/\/www.laopiniondemalaga.es\/andalucia\/2019\/06\/19\/indonesia-quiere-impulsar-intercambio-empresarial\/1096442.html\">Indonesia quiere impulsar su intercambio empresarial con\u00a0Andaluc\u00eda<\/a> <\/u>&#8211; La Opini\u00f3n de M\u00e1laga<\/p>\n<p><u><a href=\"https:\/\/andaluciainformacion.es\/granada\/833612\/la-seguridad-social-gana-en-andalucia-2576-afiliados-extranjeros\/\">La Seguridad Social gana en\u00a0Andaluc\u00eda\u00a02.576 afiliados extranjeros<\/a> <\/u>&#8211; Andaluc\u00eda Informaci\u00f3n<\/p>\n<p><u><a href=\"http:\/\/www.canalsur.es\/noticias\/andalucia\/la-junta-agilizara-los-tramites-administrativos-para-abrir-un-negocio\/1447499.html\">La Junta agilizar\u00e1 los tr\u00e1mites administrativos para abrir un negocio<\/a><\/u>&#8211; CanalSurWeb<\/p>\n<p><u><a href=\"http:\/\/www.juntadeandalucia.es\/presidencia\/portavoz\/143576\/empleoformacionytrabajoautonomo\/premiosandaluciaemprende\/centrosdeemprendimiento\/AgenciaAndaluzadePromocionExterior\/programaMinerva\">Aumentan hasta 365 las empresas andaluzas que concurren a los VI Premios Andaluc\u00eda Emprende<\/a> <\/u>\u2013 Oficina del Portavoz<strong>\u00a0<\/strong><\/p>\n<p><strong>A<\/strong><strong>ctualidad<\/strong><\/p>\n<p><u><a href=\"https:\/\/autonomico.elconfidencialdigital.com\/articulo\/andalucia\/congreso-reflexiona-efectos-migracion-granada\/20190618194749023675.html\">Un congreso reflexiona sobre los efectos de la migraci\u00f3n en Granada<\/a>&#8211;<\/u> El Confidencial Digital<\/p>\n<p><u><a href=\"https:\/\/andaluciainformacion.es\/costa-occidental\/833481\/natalia-santos-la-primera-mujer-en-llegar-a-la-alcaldia-de-ayamonte\/\">Natalia Santos, la primera\u00a0mujer\u00a0en llegar a la alcald\u00eda de Ayamonte<\/a> &#8211;<\/u> Andaluc\u00eda Informaci\u00f3n<\/p>\n<p><u><a href=\"https:\/\/www.huffingtonpost.es\/entry\/antonio-banderas-se-arrodilla-ante-rosalia_es_5d09eb44e4b0e560b70b97e7\">Antonio Banderas: \u201cMi catalana huele una pech\u00e1 a\u00a0Andaluc\u00eda\u00bb &#8230;<\/a><\/u>&#8211; El HuffPost<strong>\u00a0<\/strong><\/p>\n<p><strong>Violencias<\/strong><\/p>\n<p><u><a href=\"https:\/\/cordopolis.es\/2019\/06\/19\/la-plataforma-cordobesa-contra-la-violencia-de-genero-advierte-de-pasos-atras-con-la-violencia-intrafamiliar\/\">La Plataforma Cordobesa contra la\u00a0Violencia de G\u00e9nero\u00a0advierte de &#8230;<\/a><\/u>&#8211; Cord\u00f3polis<\/p>\n<p><u><a href=\"http:\/\/www.rtve.es\/noticias\/20190619\/andalucia-cataluna-valencia-concentran-50-asesinatos-mujeres-victimas-violencia-genero\/1955060.shtml\">Los puntos negros de la violencia machista: Melilla y Almer\u00eda marcan &#8230;<\/a><\/u>&#8211; RTVE<\/p>\n<p><u><a href=\"https:\/\/www.ideal.es\/jaen\/jaen\/juicios-violencia-genero-20190619232016-ntvo.html\">Un 80,7% de los juicios por violencia de g\u00e9nero acaba en condena en &#8230;<\/a><\/u>&#8211; Ideal Digital<\/p>\n<p><u><a href=\"https:\/\/www.google.com\/url?rct=j&amp;sa=t&amp;url=https:\/\/www.radiorute.com\/los-estudiantes-del-instituto-estrenan-un-corto-sobre-violencia-de-genero\/&amp;ct=ga&amp;cd=CAEYASoTNjE5NDYwNTA5ODQzNDMzOTM0MjIZYzAzNzJlYmMyZmVhZGE1OTplczplczpFUw&amp;usg=AFQjCNH5NyPAwk6OG7qz14jIAioyT80nVA\">Los estudiantes del\u00a0instituto\u00a0estrenan un corto sobre violencia de g\u00e9nero<\/a><\/u> &#8211; Radio Rute<\/p>\n<p><strong>Ciencia y Cultura<\/strong><\/p>\n<p><u><a href=\"http:\/\/www.juntadeandalucia.es\/presidencia\/portavoz\/143569\/pozo\/anuncia\/exposicion\/alhambra\/legado\/bereber\">Del Pozo, Consejera de Cultura y Patrimonio Hist\u00f3rico, anuncia una exposici\u00f3n en La Alhambra sobre el legado bereber<\/a><\/u> \u2013 Oficina del Portavoz<u><a href=\"https:\/\/www.diariodesevilla.es\/entrevistas\/visibilizar-mujeres-lideres_0_1365163950.html\"><br \/>\nLuc\u00eda Mar\u00edn, directora de orquesta: \u201cHay que visibilizar a las\u00a0mujeres\u00a0l\u00edderes\u00bb<\/a> <\/u>&#8211; Diario de Sevilla<\/p>\n<p><u><a href=\"https:\/\/www.google.com\/url?rct=j&amp;sa=t&amp;url=https:\/\/m.europapress.es\/esandalucia\/sevilla\/noticia-documental-visibiliza-andaluzas-pioneras-flamenco-literatura-olvidadas-largo-historia-20190618143239.html&amp;ct=ga&amp;cd=CAEYACoTODUwMTM5NTY4ODc2MTcwNTIxNzIZYzAzNzJlYmMyZmVhZGE1OTplczplczpFUw&amp;usg=AFQjCNE7cMMCKiev6ajpPmLCG1pWXsquGQ\">Un documental visibiliza a andaluzas pioneras en el flamenco y la literatura \u00abolvidadas\u00bb a lo largo &#8230;<\/a><\/u>&#8211; Europa Press<\/p>\n<p><u><a href=\"https:\/\/www.europapress.es\/andalucia\/noticia-atribuyen-mujer-nino-autoria-pintura-rupestre-descubierta-cueva-gibraltarena-gorham-20190618183750.html\">Atribuyen a \u00abuna\u00a0mujer\u00a0o un ni\u00f1o\u00bb la autor\u00eda de una pintura rupestre &#8230;<\/a>&#8211; <\/u>Europa Press<\/p>\n<p><a href=\"http:\/\/www.lamardeonuba.es\/event\/rostros-mujer-iberoamericana-fotografias-de-juana-martin-en-la-casa-museo-venezuela-beas\/\">&#8216;Rostros,\u00a0mujer\u00a0iberoamericana&#8217;, fotograf\u00edas de Juana Mart\u00edn en la &#8230;<\/a>&#8211; Revista La Mar de Onuba<\/p>\n<p><u><a href=\"https:\/\/www.elmundo.es\/yodona\/entrevistas\/2019\/06\/18\/5d077c0721efa08e658b4662.html\">Maggie Civantos: \u00bbMe paraliza el terror a los descerebrados y sin escr\u00fapulos\u00bb<\/a><\/u>\u2013 El Mundo<\/p>\n<p><u><a href=\"https:\/\/www.elmundo.es\/papel\/cultura\/2019\/06\/19\/5d090da0fc6c831f668b463d.html\">Lola \u00cdndigo: \u00abSiempre he sido un poco pesada y un poco cansina para mis amigas\u00bb<\/a><\/u>&#8211; El Mundo<strong>\u00a0<\/strong><\/p>\n<p><strong>Deporte<\/strong><\/p>\n<p><u><a href=\"https:\/\/www.huelvainformacion.es\/deportes\/Maria-Leandro-CODA-Andalucia-Huelva_0_1365163870.html\">Andaluc\u00eda\u00a0recluta a la nadadora onubense Mar\u00eda Leandro<\/a>&#8211;<\/u>Huelva Informaci\u00f3n<\/p>\n<p><u><a href=\"https:\/\/diariosexitano.com\/2019\/06\/19\/la-gimnasta-sexitana-eira-sanchez-campeona-de-copa-andalucia-individual-benjamin\/\">La gimnasta sexitana Eira S\u00e1nchez campeona de Copa\u00a0Andaluc\u00eda\u00a0&#8230;<\/a>&#8211;<\/u> Diario Sexitano<\/p>\n<p><u><a href=\"https:\/\/www.lavozdigital.es\/deportes\/cadizcf\/noticias\/cadiz-cf\/cadiz-cf-creara-equipo-infantil-cadete-femenino.html\">El C\u00e1diz CF crear\u00e1 un equipo infantil-cadete\u00a0femenino<\/a><\/u> -La Voz Digital<\/p>\n<p>[\/toggle]<\/p>\n<p>[toggle type=\u00bbfirst\u00bb title=\u00bbEstado\u00bb]<\/p>\n<p><strong>Institucional<\/strong><\/p>\n<p><a href=\"https:\/\/www.diariocordoba.com\/noticias\/sociedad\/sanchez-saber-hay-mil-victimas-violencia-genero-encoge-alma_1308053.html\">S\u00e1nchez: \u00abSaber que hay mil v\u00edctimas de la\u00a0violencia de g\u00e9nero encoge el alma\u00a0&#8230;<\/a>&#8211; Diario C\u00f3rdoba<\/p>\n<p><a href=\"https:\/\/www.salamanca24horas.com\/texto-diario\/mostrar\/1457962\/soledad-murillo-rechaza-equipare-violencia-genero-intrafamiliar-no-estamos-bromas\">Soledad Murillo, Secretaria de Estado de Igualdad, rechaza que se equipare la\u00a0violencia de g\u00e9nero\u00a0con &#8230;<\/a>&#8211; Salamanca 24 Horas<\/p>\n<p><strong>Institucional-CCAA<\/strong><\/p>\n<p><u><a href=\"https:\/\/www.google.com\/url?rct=j&amp;sa=t&amp;url=http:\/\/www.eleconomista.es\/ecoaula\/noticias\/9946424\/06\/19\/La-Comunidad-bautiza-con-nombres-de-mujeres-pioneras-los-nuevos-colegios-publicos-e-institutos-de-la-region.html&amp;ct=ga&amp;cd=CAEYBioTNzY2MzEyMzkwMDQ0MDc2NDA4MjIZYzAzNzJlYmMyZmVhZGE1OTplczplczpFUw&amp;usg=AFQjCNEVyQQhhlh6boEfEgtYAIYSqvjk4g\">La Comunidad de Madrid bautiza con nombres de\u00a0mujeres\u00a0pioneras los nuevos colegios p\u00fablicos e institutos &#8230;<\/a><\/u>&#8211; Ecodiario<\/p>\n<p><u><a href=\"https:\/\/www.google.com\/url?rct=j&amp;sa=t&amp;url=https:\/\/www.mallorcadiario.com\/ibfamilia-critica-que-el-govern-emplea-un-euro-a-proteger-la-maternidad-frente-a-cuatro-que-destina-al-movimiento-lgtbi&amp;ct=ga&amp;cd=CAEYAioUMTUwOTgzOTAzMjY3OTE2NzA3NDkyGWMwMzcyZWJjMmZlYWRhNTk6ZXM6ZXM6RVM&amp;usg=AFQjCNFBZDMhgpQUx9nbk_lUtVM0kv4CHQ\">IBFamilia critica que el Govern \u00abemplea un euro a proteger la maternidad frente a cuatro que &#8230;<\/a><\/u>&#8211; mallorcadiario.com<\/p>\n<p><a href=\"https:\/\/www.google.com\/url?rct=j&amp;sa=t&amp;url=https:\/\/www.regiondigital.com\/noticias\/extremadura\/312461-entidades-del-proyecto-efes-definen-el-futuro-del-emprendimiento-social-en-extremadura.html&amp;ct=ga&amp;cd=CAEYBSoTOTAyODEwNTkyNDg2MDQ2MjMzMTIZYzAzNzJlYmMyZmVhZGE1OTplczplczpFUw&amp;usg=AFQjCNHI_oyCZOOwa6hiY6XkP1BSHqAmQQ\">Entidades del proyecto EFES definen el futuro del emprendimiento social en Extremadura<\/a> &#8211; Regi\u00f3n Digital<\/p>\n<p><a href=\"https:\/\/www.google.com\/url?rct=j&amp;sa=t&amp;url=https:\/\/gasteizberri.com\/2019\/06\/el-gobierno-vasco-financiara-un-master-universitario-oficial-en-intervencion-en-violencia-contra-las-mujeres-el-proximo-curso\/&amp;ct=ga&amp;cd=CAEYAioSOTI5NzY4NDU2MzI1MjA5MDMyMhljMDM3MmViYzJmZWFkYTU5OmVzOmVzOkVT&amp;usg=AFQjCNH8wl4me3pBKwhYrEgFUkw6Duyg5g\">El Gobierno Vasco financiar\u00e1 un M\u00e1ster Universitario Oficial en Intervenci\u00f3n en Violencia contra &#8230;<\/a>&#8211; GasteizBerri.com<\/p>\n<p><u><a href=\"https:\/\/www.elmundo.es\/baleares\/2019\/06\/19\/5d09e4d3fc6c832c768b45b6.html\">Machismo (tambi\u00e9n) en los nombres de las calles<\/a> <\/u>\u2013 El Mundo<strong>\u00a0<\/strong><\/p>\n<p><strong>Econom\u00eda y Empresa<\/strong><\/p>\n<p><u><a href=\"https:\/\/economipedia.com\/actual\/retos-y-oportunidades-del-emprendimiento-femenino.html\">Retos y oportunidades del emprendimiento femenino en Espa\u00f1a<\/a>&#8211;<\/u> Economipedia<\/p>\n<p><u><a href=\"https:\/\/es.finance.yahoo.com\/noticias\/brecha-g%C3%A9nero-capital-riesgo-peor-165325600.html\">Brecha de g\u00e9nero en capital de riesgo es peor para estas\u00a0mujeres<\/a>&#8211;<\/u> Yahoo Finanzas Espa\u00f1a<u><a href=\"https:\/\/gestion.pe\/economia\/management-empleo\/herramientas-emprendedoras-nueva-plataforma-ofrecera-capacitacion-gratuita-habilidades-digitales-270598\"><br \/>\nHerramientas para\u00a0emprendedoras: nueva plataforma ofrecer\u00e1 &#8230;<\/a><\/u>&#8211; Diario Gesti\u00f3n<\/p>\n<p><u><a href=\"https:\/\/www.mujeremprendedora.net\/952-246-afiliadas-extranjeras-mayo\/\">952.246 afiliadas extranjeras en mayo<\/a><\/u> \u2013 Mujeremprendedora.net<\/p>\n<p><strong>Actualidad<\/strong><\/p>\n<p><u><a href=\"https:\/\/tribunafeminista.elplural.com\/2019\/06\/juezas-y-jueces-para-la-democracia-las-mujeres-mueren-por-violencia-de-genero-no-por-violencia-intrafamiliar\/\">Juezas y Jueces para la Democracia: \u201cLas\u00a0Mujeres\u00a0mueren por violencia de g\u00e9nero y no por violencia intrafamiliar &#8230;<\/a><\/u>&#8211; elplural.com<\/p>\n<p><u><a href=\"https:\/\/www.elespanol.com\/espana\/20190619\/numero-nacimientos-descendido-espana-ultima-decada\/407459629_0.html\">El n\u00famero de nacimientos ha descendido un 40 % en Espa\u00f1a en la &#8230;<\/a><\/u>&#8211; El Espa\u00f1ol<\/p>\n<p><u><a href=\"https:\/\/www.elmundo.es\/internacional\/2019\/06\/18\/5d09021a21efa0fc158b478a.html\">Iratxe Garc\u00eda, presidenta del grupo de los socialistas en el Parlamento Europeo<\/a><\/u>\u2013 El Mundo<\/p>\n<p><strong>Violencia<\/strong><\/p>\n<p><u><a href=\"https:\/\/elpais.com\/sociedad\/2019\/06\/19\/actualidad\/1560930901_518117.html\">El riesgo de ser\u00a0mujer<\/a> <\/u>\u2013 El Pa\u00eds<\/p>\n<p><u><a href=\"https:\/\/www.google.com\/url?rct=j&amp;sa=t&amp;url=https:\/\/www.republica.com\/2019\/06\/18\/aumenta-entre-los-jovenes-la-violencia-de-genero-vinculada-al-uso-de-nuevas-tecnologias\/&amp;ct=ga&amp;cd=CAEYACoUMTIxODYzNTA5MDA4Mjk2MTQ4OTUyGWUxZTc3ZDE1NjA5OGE4ZTM6ZXM6ZXM6RVM&amp;usg=AFQjCNFqoYHXIJMVUcPwjxAJj_y4Oi7rwg\">Aumenta entre los j\u00f3venes la\u00a0violencia de g\u00e9nero\u00a0vinculada al uso de\u00a0nuevas tecnolog\u00edas<\/a><\/u> &#8211; Republica.com<\/p>\n<p><strong>Ciencia y Cultura<\/strong><u><a href=\"https:\/\/www.google.com\/url?rct=j&amp;sa=t&amp;url=https:\/\/agenciasinc.es\/Noticias\/Analisis-moleculares-para-mejorar-la-deteccion-y-prevencion-del-cancer-de-endometrio&amp;ct=ga&amp;cd=CAEYBSoTODUwMTM5NTY4ODc2MTcwNTIxNzIZYzAzNzJlYmMyZmVhZGE1OTplczplczpFUw&amp;usg=AFQjCNFLE5yi-4fD_q94VPFPLBnbr-oV0g\"><br \/>\nAn\u00e1lisis moleculares para mejorar la detecci\u00f3n y prevenci\u00f3n del c\u00e1ncer de endometrio<\/a><\/u> \u2013 SINC<\/p>\n<p><u><a href=\"https:\/\/www.publico.es\/sociedad\/clasificacion-universitaria-mitad-principales-universidades-espanolas-bajan-ranking-global.html\">M\u00e1s de la mitad de las principales universidades espa\u00f1olas bajan en el &#8216;ranking&#8217; global<\/a> <\/u>&#8211; P\u00fablico<u><a href=\"https:\/\/www.google.com\/url?rct=j&amp;sa=t&amp;url=http:\/\/www.elfaradio.com\/2019\/06\/18\/la-puerta-violeta-a-las-autoras-olvidadas\/&amp;ct=ga&amp;cd=CAEYBSoTMjQ1ODA3Mjk4MzMzMDcwMjQyMDIZYzAzNzJlYmMyZmVhZGE1OTplczplczpFUw&amp;usg=AFQjCNGssBzcJbVDeSff754eqnOwGCnV8g\"><br \/>\nLa &#8216;Puerta Violeta&#8217; a las autoras olvidadas<\/a>&#8211; <\/u>El Faradio<\/p>\n<p><u><a href=\"https:\/\/www.elmundo.es\/yodona\/moda\/2019\/06\/18\/5d08f88821efa058278b470f.html\">Bego\u00f1a Vargas: \u00abSi voy de festival siempre llevo purpurina, trenzas, collares XXL y prendas boho\u00bb<\/a> \u2013 <\/u>El Mundo<\/p>\n<p><u><a href=\"https:\/\/www.mujerhoy.com\/vivir\/protagonistas\/201906\/19\/carme-portaceli-directora-teatro-espanol-mujeres-referentes-rev-20190619080820.html\">Las 10\u00a0mujeres\u00a0de la vida de Carme Portaceli<\/a> <\/u>&#8211; Mujerhoy.com<\/p>\n<p><strong>Deporte\u00a0<\/strong><\/p>\n<p><u><a href=\"https:\/\/elpais.com\/deportes\/2019\/06\/18\/actualidad\/1560869955_478432.html\">\u201cOjal\u00e1 no venga una nube negra y todo se diluya despu\u00e9s del Mundial\u201d<\/a> <\/u>\u2013 El Pa\u00eds<\/p>\n<p><a href=\"https:\/\/www.palco23.com\/marketing\/bustillo-caixabank-patrocinar-deporte-femenino-no-es-rsc-es-apoyar-al-deporte-de-elite.html\">Bustillo (CaixaBank): \u201cPatrocinar\u00a0deporte femenino\u00a0no es RSC; es apoyar al deporte de \u00e9lite\u201d &#8230;<\/a>&#8211; Palco23<\/p>\n<p>[\/toggle]<\/p>\n<p>[toggle type=\u00bbfirst\u00bb title=\u00bbInternacional\u00bb]<\/p>\n<p><a href=\"https:\/\/www.latercera.com\/pulso\/noticia\/onu-mujeres-lanza-herramienta-equidad-genero-empresas\/705739\/\">ONU\u00a0Mujeres\u00a0lanza herramienta de equidad de g\u00e9nero en empresas<\/a> -LaTercera<\/p>\n<p><u><a href=\"https:\/\/feminismos.ladiaria.com.uy\/articulo\/2019\/6\/por-ley-las-directivas-de-las-comunidades-rurales-de-peru-deberan-incluir-30-de-mujeres\/\">Por ley, las directivas de las comunidades rurales de Per\u00fa deber\u00e1n incluir un 30% de mujeres&#8230;<\/a><\/u>&#8211; la diaria<\/p>\n<p><u><a href=\"https:\/\/www.google.com\/url?rct=j&amp;sa=t&amp;url=https:\/\/www.redaccionmedica.com\/secciones\/sanidad-hoy\/sanidad-es-el-sector-donde-mas-empleo-habra-y-especialmente-para-mujeres-6058&amp;ct=ga&amp;cd=CAEYACoTNjE5NDYwNTA5ODQzNDMzOTM0MjIZYzAzNzJlYmMyZmVhZGE1OTplczplczpFUw&amp;usg=AFQjCNHaSerrJ_h6AK6Jeakp2C-yHWfs_g\">Sanidad es el sector donde m\u00e1s empleo habr\u00e1, especialmente para\u00a0mujeres<\/a> <\/u>&#8211; Redacci\u00f3n M\u00e9dica<a href=\"https:\/\/www.dw.com\/es\/cero-mujeres-empresas-sin-diversidad\/av-49252647\"><br \/>\nCero\u00a0mujeres: empresas sin diversidad<\/a>&#8211; Deutsche Welle<\/p>\n<p><u><a href=\"https:\/\/www.elmundo.es\/yodona\/lifestyle\/2019\/06\/19\/5d09f05ffc6c830e088b4609.html\">Eva Longoria explica en una cumbre de Forbes a las\u00a0mujeres c\u00f3mo alcanzar su m\u00e1ximo pontencial<\/a> <\/u>\u2013 El Mundo<\/p>\n<p><u><a href=\"https:\/\/www.elmundo.es\/internacional\/2019\/06\/18\/5d08b729fdddffb4678b45d6.html\">Una fiscal turca a una estudiante espa\u00f1ola que denunci\u00f3 violaci\u00f3n: \u00abSi bebes, estas cosas pasan\u00bb<\/a><\/u>\u2013 El Mundo<\/p>\n<p><u><a href=\"https:\/\/www.lasexta.com\/noticias\/cultura\/ocho-mujeres-acusan-guionista-max-landis-abusos-sexuales-sujeto-violo-mientras-decia_201906195d09cf200cf2f012aeb62465.html\">Ocho\u00a0mujeres\u00a0acusan al guionista Max Landis de abusos sexuales &#8230;<\/a><\/u>&#8211; LaSexta-<\/p>\n<p><u><a href=\"https:\/\/elpais.com\/elpais\/2019\/06\/17\/ciencia\/1560790735_303093.html\">Gretchen Daily, ambi\u00e9ntologa: \u201cHasta que caiga un asteroide en la Tierra, los humanos dictamos el futuro de toda la vida conocida\u201d<\/a> <\/u>\u2013 El Pa\u00eds<\/p>\n<p><u><a href=\"https:\/\/www.elmundo.es\/cultura\/laesferadepapel\/2019\/06\/19\/5d03a858fc6c83be6e8b4648.html\">Morisot y Vassilief: dos\u00a0mujeres\u00a0en la vanguardia<\/a><\/u>\u2013 El Mundo<\/p>\n<p><u><a href=\"https:\/\/www.google.com\/url?rct=j&amp;sa=t&amp;url=http:\/\/www.granma.cu\/cultura\/2019-06-18\/mujeres-cantoras-se-dan-cita-en-la-habana-18-06-2019-09-06-08&amp;ct=ga&amp;cd=CAEYByoTMjIxNTI0MjU1NTg0NDcwMjU5MDIZYzAzNzJlYmMyZmVhZGE1OTplczplczpFUw&amp;usg=AFQjCNGB-VZndkULSjkgEjNVF_1XS8LTXQ\">Mujeres\u00a0cantoras se dan cita en La Habana<\/a><\/u> -Diario Granma<\/p>\n<p><u><a href=\"https:\/\/elpais.com\/deportes\/2019\/06\/19\/actualidad\/1560933914_505019.html\">Marta supera a Klose como m\u00e1xima goleadora de los Mundiales<\/a><\/u>&#8211; El Pa\u00eds<\/p>\n<p>[\/toggle]<\/p>\n<\/div>\n<\/div>\n<\/div>\n<\/div>\n<\/div>\n<\/div>\n","protected":false},"excerpt":{"rendered":"<p>ONU Mujeres lanza herramienta de equidad de g\u00e9nero en empresas-Cero <a href=\"https:\/\/cklcomunicaciones.es\/coop\/noticias-info-ckl-no-2-363-19-06-19\/\">[&#8230;]<\/a><\/p>\n","protected":false},"author":3,"featured_media":0,"comment_status":"closed","ping_status":"closed","sticky":false,"template":"","format":"standard","meta":{"footnotes":""},"categories":[298,623],"tags":[],"class_list":["post-14662","post","type-post","status-publish","format-standard","hentry","category-newsletter","category-nwl-2-0"],"yoast_head":"<!-- This site is optimized with the Yoast SEO plugin v27.5 - https:\/\/yoast.com\/product\/yoast-seo-wordpress\/ -->\n<title>Noticias Info CKL n\u00ba 2.363-19\/06\/19-Comunicar con perspectiva de g\u00e9nero<\/title>\n<meta name=\"description\" content=\"Comunicar con perspectiva de g\u00e9nero: ONU Mujeres lanza herramienta de equidad de g\u00e9nero en empresas-Cero mujeres: empresas sin diversidad-El riesgo de ser mujer-Luc\u00eda Mar\u00edn: \u201cHay que visibilizar a las mujeres l\u00edderes&quot;-#StopPeriodismoMachista\" \/>\n<meta name=\"robots\" content=\"index, follow, max-snippet:-1, max-image-preview:large, max-video-preview:-1\" \/>\n<link rel=\"canonical\" href=\"https:\/\/cklcomunicaciones.es\/coop\/noticias-info-ckl-no-2-363-19-06-19\/\" \/>\n<meta property=\"og:locale\" content=\"es_ES\" \/>\n<meta property=\"og:type\" content=\"article\" \/>\n<meta property=\"og:title\" content=\"Noticias Info CKL n\u00ba 2.363-19\/06\/19-Comunicar con perspectiva de g\u00e9nero\" \/>\n<meta property=\"og:description\" content=\"Comunicar con perspectiva de g\u00e9nero: ONU Mujeres lanza herramienta de equidad de g\u00e9nero en empresas-Cero mujeres: empresas sin diversidad-El riesgo de ser mujer-Luc\u00eda Mar\u00edn: \u201cHay que visibilizar a las mujeres l\u00edderes&quot;-#StopPeriodismoMachista\" \/>\n<meta property=\"og:url\" content=\"https:\/\/cklcomunicaciones.es\/coop\/noticias-info-ckl-no-2-363-19-06-19\/\" \/>\n<meta property=\"og:site_name\" content=\"CKL Comunicaciones\" \/>\n<meta property=\"article:published_time\" content=\"2019-06-19T10:58:56+00:00\" \/>\n<meta property=\"article:modified_time\" content=\"2025-01-17T15:43:05+00:00\" \/>\n<meta property=\"og:image\" content=\"https:\/\/cklcomunicaciones.es\/coop\/wp-content\/uploads\/2018\/03\/CKL_comunicacion-con-perspetiva-de-genero.jpg\" \/>\n\t<meta property=\"og:image:width\" content=\"500\" \/>\n\t<meta property=\"og:image:height\" content=\"500\" \/>\n\t<meta property=\"og:image:type\" content=\"image\/jpeg\" \/>\n<meta name=\"author\" content=\"ckl\" \/>\n<meta name=\"twitter:card\" content=\"summary_large_image\" \/>\n<meta name=\"twitter:label1\" content=\"Escrito por\" \/>\n\t<meta name=\"twitter:data1\" content=\"ckl\" \/>\n\t<meta name=\"twitter:label2\" content=\"Tiempo de lectura\" \/>\n\t<meta name=\"twitter:data2\" content=\"6 minutos\" \/>\n<script type=\"application\/ld+json\" class=\"yoast-schema-graph\">{\"@context\":\"https:\\\/\\\/schema.org\",\"@graph\":[{\"@type\":\"Article\",\"@id\":\"https:\\\/\\\/cklcomunicaciones.es\\\/coop\\\/noticias-info-ckl-no-2-363-19-06-19\\\/#article\",\"isPartOf\":{\"@id\":\"https:\\\/\\\/cklcomunicaciones.es\\\/coop\\\/noticias-info-ckl-no-2-363-19-06-19\\\/\"},\"author\":{\"name\":\"ckl\",\"@id\":\"https:\\\/\\\/cklcomunicaciones.es\\\/coop\\\/#\\\/schema\\\/person\\\/929a6837f7626450bbb50cee1aef266e\"},\"headline\":\"Noticias Info CKL n\u00ba 2.363-19\\\/06\\\/19\",\"datePublished\":\"2019-06-19T10:58:56+00:00\",\"dateModified\":\"2025-01-17T15:43:05+00:00\",\"mainEntityOfPage\":{\"@id\":\"https:\\\/\\\/cklcomunicaciones.es\\\/coop\\\/noticias-info-ckl-no-2-363-19-06-19\\\/\"},\"wordCount\":1111,\"image\":{\"@id\":\"https:\\\/\\\/cklcomunicaciones.es\\\/coop\\\/noticias-info-ckl-no-2-363-19-06-19\\\/#primaryimage\"},\"thumbnailUrl\":\"http:\\\/\\\/www.cklcomunicaciones.es\\\/wp-content\\\/uploads\\\/2018\\\/03\\\/CKL_comunicacion-con-perspetiva-de-genero-300x300.jpg\",\"articleSection\":[\"Newsletter\",\"Nwl v2.0\"],\"inLanguage\":\"es\"},{\"@type\":\"WebPage\",\"@id\":\"https:\\\/\\\/cklcomunicaciones.es\\\/coop\\\/noticias-info-ckl-no-2-363-19-06-19\\\/\",\"url\":\"https:\\\/\\\/cklcomunicaciones.es\\\/coop\\\/noticias-info-ckl-no-2-363-19-06-19\\\/\",\"name\":\"Noticias Info CKL n\u00ba 2.363-19\\\/06\\\/19-Comunicar con perspectiva de g\u00e9nero\",\"isPartOf\":{\"@id\":\"https:\\\/\\\/cklcomunicaciones.es\\\/coop\\\/#website\"},\"primaryImageOfPage\":{\"@id\":\"https:\\\/\\\/cklcomunicaciones.es\\\/coop\\\/noticias-info-ckl-no-2-363-19-06-19\\\/#primaryimage\"},\"image\":{\"@id\":\"https:\\\/\\\/cklcomunicaciones.es\\\/coop\\\/noticias-info-ckl-no-2-363-19-06-19\\\/#primaryimage\"},\"thumbnailUrl\":\"http:\\\/\\\/www.cklcomunicaciones.es\\\/wp-content\\\/uploads\\\/2018\\\/03\\\/CKL_comunicacion-con-perspetiva-de-genero-300x300.jpg\",\"datePublished\":\"2019-06-19T10:58:56+00:00\",\"dateModified\":\"2025-01-17T15:43:05+00:00\",\"author\":{\"@id\":\"https:\\\/\\\/cklcomunicaciones.es\\\/coop\\\/#\\\/schema\\\/person\\\/929a6837f7626450bbb50cee1aef266e\"},\"description\":\"Comunicar con perspectiva de g\u00e9nero: ONU Mujeres lanza herramienta de equidad de g\u00e9nero en empresas-Cero mujeres: empresas sin diversidad-El riesgo de ser mujer-Luc\u00eda Mar\u00edn: \u201cHay que visibilizar a las mujeres l\u00edderes\\\"-#StopPeriodismoMachista\",\"breadcrumb\":{\"@id\":\"https:\\\/\\\/cklcomunicaciones.es\\\/coop\\\/noticias-info-ckl-no-2-363-19-06-19\\\/#breadcrumb\"},\"inLanguage\":\"es\",\"potentialAction\":[{\"@type\":\"ReadAction\",\"target\":[\"https:\\\/\\\/cklcomunicaciones.es\\\/coop\\\/noticias-info-ckl-no-2-363-19-06-19\\\/\"]}]},{\"@type\":\"ImageObject\",\"inLanguage\":\"es\",\"@id\":\"https:\\\/\\\/cklcomunicaciones.es\\\/coop\\\/noticias-info-ckl-no-2-363-19-06-19\\\/#primaryimage\",\"url\":\"http:\\\/\\\/www.cklcomunicaciones.es\\\/wp-content\\\/uploads\\\/2018\\\/03\\\/CKL_comunicacion-con-perspetiva-de-genero-300x300.jpg\",\"contentUrl\":\"http:\\\/\\\/www.cklcomunicaciones.es\\\/wp-content\\\/uploads\\\/2018\\\/03\\\/CKL_comunicacion-con-perspetiva-de-genero-300x300.jpg\"},{\"@type\":\"BreadcrumbList\",\"@id\":\"https:\\\/\\\/cklcomunicaciones.es\\\/coop\\\/noticias-info-ckl-no-2-363-19-06-19\\\/#breadcrumb\",\"itemListElement\":[{\"@type\":\"ListItem\",\"position\":1,\"name\":\"Portada\",\"item\":\"https:\\\/\\\/cklcomunicaciones.es\\\/coop\\\/\"},{\"@type\":\"ListItem\",\"position\":2,\"name\":\"Noticias Info CKL n\u00ba 2.363-19\\\/06\\\/19\"}]},{\"@type\":\"WebSite\",\"@id\":\"https:\\\/\\\/cklcomunicaciones.es\\\/coop\\\/#website\",\"url\":\"https:\\\/\\\/cklcomunicaciones.es\\\/coop\\\/\",\"name\":\"CKL Comunicaciones\",\"description\":\"Sitio web de CKL Comunicaciones coop , la consultora de comunicaci\u00f3n y estrategia\",\"potentialAction\":[{\"@type\":\"SearchAction\",\"target\":{\"@type\":\"EntryPoint\",\"urlTemplate\":\"https:\\\/\\\/cklcomunicaciones.es\\\/coop\\\/?s={search_term_string}\"},\"query-input\":{\"@type\":\"PropertyValueSpecification\",\"valueRequired\":true,\"valueName\":\"search_term_string\"}}],\"inLanguage\":\"es\"},{\"@type\":\"Person\",\"@id\":\"https:\\\/\\\/cklcomunicaciones.es\\\/coop\\\/#\\\/schema\\\/person\\\/929a6837f7626450bbb50cee1aef266e\",\"name\":\"ckl\",\"image\":{\"@type\":\"ImageObject\",\"inLanguage\":\"es\",\"@id\":\"https:\\\/\\\/secure.gravatar.com\\\/avatar\\\/c82db564e8a669bf6023357a157b9dc4780f4d4c618f2ad1d71a6a5dede45057?s=96&d=mm&r=g\",\"url\":\"https:\\\/\\\/secure.gravatar.com\\\/avatar\\\/c82db564e8a669bf6023357a157b9dc4780f4d4c618f2ad1d71a6a5dede45057?s=96&d=mm&r=g\",\"contentUrl\":\"https:\\\/\\\/secure.gravatar.com\\\/avatar\\\/c82db564e8a669bf6023357a157b9dc4780f4d4c618f2ad1d71a6a5dede45057?s=96&d=mm&r=g\",\"caption\":\"ckl\"},\"url\":\"https:\\\/\\\/cklcomunicaciones.es\\\/coop\\\/author\\\/cklcomunicaciones\\\/\"}]}<\/script>\n<!-- \/ Yoast SEO plugin. -->","yoast_head_json":{"title":"Noticias Info CKL n\u00ba 2.363-19\/06\/19-Comunicar con perspectiva de g\u00e9nero","description":"Comunicar con perspectiva de g\u00e9nero: ONU Mujeres lanza herramienta de equidad de g\u00e9nero en empresas-Cero mujeres: empresas sin diversidad-El riesgo de ser mujer-Luc\u00eda Mar\u00edn: \u201cHay que visibilizar a las mujeres l\u00edderes\"-#StopPeriodismoMachista","robots":{"index":"index","follow":"follow","max-snippet":"max-snippet:-1","max-image-preview":"max-image-preview:large","max-video-preview":"max-video-preview:-1"},"canonical":"https:\/\/cklcomunicaciones.es\/coop\/noticias-info-ckl-no-2-363-19-06-19\/","og_locale":"es_ES","og_type":"article","og_title":"Noticias Info CKL n\u00ba 2.363-19\/06\/19-Comunicar con perspectiva de g\u00e9nero","og_description":"Comunicar con perspectiva de g\u00e9nero: ONU Mujeres lanza herramienta de equidad de g\u00e9nero en empresas-Cero mujeres: empresas sin diversidad-El riesgo de ser mujer-Luc\u00eda Mar\u00edn: \u201cHay que visibilizar a las mujeres l\u00edderes\"-#StopPeriodismoMachista","og_url":"https:\/\/cklcomunicaciones.es\/coop\/noticias-info-ckl-no-2-363-19-06-19\/","og_site_name":"CKL Comunicaciones","article_published_time":"2019-06-19T10:58:56+00:00","article_modified_time":"2025-01-17T15:43:05+00:00","og_image":[{"width":500,"height":500,"url":"https:\/\/cklcomunicaciones.es\/coop\/wp-content\/uploads\/2018\/03\/CKL_comunicacion-con-perspetiva-de-genero.jpg","type":"image\/jpeg"}],"author":"ckl","twitter_card":"summary_large_image","twitter_misc":{"Escrito por":"ckl","Tiempo de lectura":"6 minutos"},"schema":{"@context":"https:\/\/schema.org","@graph":[{"@type":"Article","@id":"https:\/\/cklcomunicaciones.es\/coop\/noticias-info-ckl-no-2-363-19-06-19\/#article","isPartOf":{"@id":"https:\/\/cklcomunicaciones.es\/coop\/noticias-info-ckl-no-2-363-19-06-19\/"},"author":{"name":"ckl","@id":"https:\/\/cklcomunicaciones.es\/coop\/#\/schema\/person\/929a6837f7626450bbb50cee1aef266e"},"headline":"Noticias Info CKL n\u00ba 2.363-19\/06\/19","datePublished":"2019-06-19T10:58:56+00:00","dateModified":"2025-01-17T15:43:05+00:00","mainEntityOfPage":{"@id":"https:\/\/cklcomunicaciones.es\/coop\/noticias-info-ckl-no-2-363-19-06-19\/"},"wordCount":1111,"image":{"@id":"https:\/\/cklcomunicaciones.es\/coop\/noticias-info-ckl-no-2-363-19-06-19\/#primaryimage"},"thumbnailUrl":"http:\/\/www.cklcomunicaciones.es\/wp-content\/uploads\/2018\/03\/CKL_comunicacion-con-perspetiva-de-genero-300x300.jpg","articleSection":["Newsletter","Nwl v2.0"],"inLanguage":"es"},{"@type":"WebPage","@id":"https:\/\/cklcomunicaciones.es\/coop\/noticias-info-ckl-no-2-363-19-06-19\/","url":"https:\/\/cklcomunicaciones.es\/coop\/noticias-info-ckl-no-2-363-19-06-19\/","name":"Noticias Info CKL n\u00ba 2.363-19\/06\/19-Comunicar con perspectiva de g\u00e9nero","isPartOf":{"@id":"https:\/\/cklcomunicaciones.es\/coop\/#website"},"primaryImageOfPage":{"@id":"https:\/\/cklcomunicaciones.es\/coop\/noticias-info-ckl-no-2-363-19-06-19\/#primaryimage"},"image":{"@id":"https:\/\/cklcomunicaciones.es\/coop\/noticias-info-ckl-no-2-363-19-06-19\/#primaryimage"},"thumbnailUrl":"http:\/\/www.cklcomunicaciones.es\/wp-content\/uploads\/2018\/03\/CKL_comunicacion-con-perspetiva-de-genero-300x300.jpg","datePublished":"2019-06-19T10:58:56+00:00","dateModified":"2025-01-17T15:43:05+00:00","author":{"@id":"https:\/\/cklcomunicaciones.es\/coop\/#\/schema\/person\/929a6837f7626450bbb50cee1aef266e"},"description":"Comunicar con perspectiva de g\u00e9nero: ONU Mujeres lanza herramienta de equidad de g\u00e9nero en empresas-Cero mujeres: empresas sin diversidad-El riesgo de ser mujer-Luc\u00eda Mar\u00edn: \u201cHay que visibilizar a las mujeres l\u00edderes\"-#StopPeriodismoMachista","breadcrumb":{"@id":"https:\/\/cklcomunicaciones.es\/coop\/noticias-info-ckl-no-2-363-19-06-19\/#breadcrumb"},"inLanguage":"es","potentialAction":[{"@type":"ReadAction","target":["https:\/\/cklcomunicaciones.es\/coop\/noticias-info-ckl-no-2-363-19-06-19\/"]}]},{"@type":"ImageObject","inLanguage":"es","@id":"https:\/\/cklcomunicaciones.es\/coop\/noticias-info-ckl-no-2-363-19-06-19\/#primaryimage","url":"http:\/\/www.cklcomunicaciones.es\/wp-content\/uploads\/2018\/03\/CKL_comunicacion-con-perspetiva-de-genero-300x300.jpg","contentUrl":"http:\/\/www.cklcomunicaciones.es\/wp-content\/uploads\/2018\/03\/CKL_comunicacion-con-perspetiva-de-genero-300x300.jpg"},{"@type":"BreadcrumbList","@id":"https:\/\/cklcomunicaciones.es\/coop\/noticias-info-ckl-no-2-363-19-06-19\/#breadcrumb","itemListElement":[{"@type":"ListItem","position":1,"name":"Portada","item":"https:\/\/cklcomunicaciones.es\/coop\/"},{"@type":"ListItem","position":2,"name":"Noticias Info CKL n\u00ba 2.363-19\/06\/19"}]},{"@type":"WebSite","@id":"https:\/\/cklcomunicaciones.es\/coop\/#website","url":"https:\/\/cklcomunicaciones.es\/coop\/","name":"CKL Comunicaciones","description":"Sitio web de CKL Comunicaciones coop , la consultora de comunicaci\u00f3n y estrategia","potentialAction":[{"@type":"SearchAction","target":{"@type":"EntryPoint","urlTemplate":"https:\/\/cklcomunicaciones.es\/coop\/?s={search_term_string}"},"query-input":{"@type":"PropertyValueSpecification","valueRequired":true,"valueName":"search_term_string"}}],"inLanguage":"es"},{"@type":"Person","@id":"https:\/\/cklcomunicaciones.es\/coop\/#\/schema\/person\/929a6837f7626450bbb50cee1aef266e","name":"ckl","image":{"@type":"ImageObject","inLanguage":"es","@id":"https:\/\/secure.gravatar.com\/avatar\/c82db564e8a669bf6023357a157b9dc4780f4d4c618f2ad1d71a6a5dede45057?s=96&d=mm&r=g","url":"https:\/\/secure.gravatar.com\/avatar\/c82db564e8a669bf6023357a157b9dc4780f4d4c618f2ad1d71a6a5dede45057?s=96&d=mm&r=g","contentUrl":"https:\/\/secure.gravatar.com\/avatar\/c82db564e8a669bf6023357a157b9dc4780f4d4c618f2ad1d71a6a5dede45057?s=96&d=mm&r=g","caption":"ckl"},"url":"https:\/\/cklcomunicaciones.es\/coop\/author\/cklcomunicaciones\/"}]}},"_links":{"self":[{"href":"https:\/\/cklcomunicaciones.es\/coop\/wp-json\/wp\/v2\/posts\/14662","targetHints":{"allow":["GET"]}}],"collection":[{"href":"https:\/\/cklcomunicaciones.es\/coop\/wp-json\/wp\/v2\/posts"}],"about":[{"href":"https:\/\/cklcomunicaciones.es\/coop\/wp-json\/wp\/v2\/types\/post"}],"author":[{"embeddable":true,"href":"https:\/\/cklcomunicaciones.es\/coop\/wp-json\/wp\/v2\/users\/3"}],"replies":[{"embeddable":true,"href":"https:\/\/cklcomunicaciones.es\/coop\/wp-json\/wp\/v2\/comments?post=14662"}],"version-history":[{"count":0,"href":"https:\/\/cklcomunicaciones.es\/coop\/wp-json\/wp\/v2\/posts\/14662\/revisions"}],"wp:attachment":[{"href":"https:\/\/cklcomunicaciones.es\/coop\/wp-json\/wp\/v2\/media?parent=14662"}],"wp:term":[{"taxonomy":"category","embeddable":true,"href":"https:\/\/cklcomunicaciones.es\/coop\/wp-json\/wp\/v2\/categories?post=14662"},{"taxonomy":"post_tag","embeddable":true,"href":"https:\/\/cklcomunicaciones.es\/coop\/wp-json\/wp\/v2\/tags?post=14662"}],"curies":[{"name":"wp","href":"https:\/\/api.w.org\/{rel}","templated":true}]}}