{"id":14652,"date":"2019-06-17T14:06:56","date_gmt":"2019-06-17T12:06:56","guid":{"rendered":"http:\/\/www.cklcomunicaciones.es\/?p=14652"},"modified":"2025-01-17T16:43:05","modified_gmt":"2025-01-17T15:43:05","slug":"noticias-info-ckl-no-2-361-17-06-19","status":"publish","type":"post","link":"https:\/\/cklcomunicaciones.es\/coop\/noticias-info-ckl-no-2-361-17-06-19\/","title":{"rendered":"Noticias Info CKL n\u00ba 2.361-17\/06\/19"},"content":{"rendered":"<div id=\"pl-14652\"  class=\"panel-layout\" >\n<div id=\"pg-14652-0\"  class=\"panel-grid panel-no-style\"  data-style=\"{&quot;background_image_attachment&quot;:false,&quot;background_display&quot;:&quot;tile&quot;,&quot;cell_alignment&quot;:&quot;flex-start&quot;}\" >\n<div id=\"pgc-14652-0-0\"  class=\"panel-grid-cell\"  data-weight=\"1\" >\n<div id=\"panel-14652-0-0-0\" class=\"so-panel widget widget_sow-editor panel-first-child panel-last-child\" data-index=\"0\" data-style=\"{&quot;background_image_attachment&quot;:false,&quot;background_display&quot;:&quot;tile&quot;}\" >\n<div class=\"so-widget-sow-editor so-widget-sow-editor-base\">\n<div class=\"siteorigin-widget-tinymce textwidget\">\n<p><img decoding=\"async\" class=\"lazyload  wp-image-13726\" src=\"http:\/\/www.cklcomunicaciones.es\/wp-content\/uploads\/2018\/03\/CKL_comunicacion-con-perspetiva-de-genero-300x300.jpg\" data-orig-src=\"http:\/\/www.cklcomunicaciones.es\/wp-content\/uploads\/2018\/03\/CKL_comunicacion-con-perspetiva-de-genero-300x300.jpg\" alt=\"CKL_comunicacion con perspetiva de genero\" width=\"132\" height=\"132\" srcset=\"data:image\/svg+xml,%3Csvg%20xmlns%3D%27http%3A%2F%2Fwww.w3.org%2F2000%2Fsvg%27%20width%3D%27132%27%20height%3D%27132%27%20viewBox%3D%270%200%20132%20132%27%3E%3Crect%20width%3D%27132%27%20height%3D%27132%27%20fill-opacity%3D%220%22%2F%3E%3C%2Fsvg%3E\" data-srcset=\"https:\/\/cklcomunicaciones.es\/coop\/wp-content\/uploads\/2018\/03\/CKL_comunicacion-con-perspetiva-de-genero-150x150.jpg 150w, https:\/\/cklcomunicaciones.es\/coop\/wp-content\/uploads\/2018\/03\/CKL_comunicacion-con-perspetiva-de-genero-300x300.jpg 300w, https:\/\/cklcomunicaciones.es\/coop\/wp-content\/uploads\/2018\/03\/CKL_comunicacion-con-perspetiva-de-genero-450x450.jpg 450w, https:\/\/cklcomunicaciones.es\/coop\/wp-content\/uploads\/2018\/03\/CKL_comunicacion-con-perspetiva-de-genero.jpg 500w\" data-sizes=\"auto\" data-orig-sizes=\"(max-width: 132px) 100vw, 132px\" \/><\/p>\n<p id=\":tr\" class=\"hP\" tabindex=\"-1\" data-thread-perm-id=\"thread-f:1636588574127396751\" data-legacy-thread-id=\"16b654a31c53978f\"><strong>La igualdad de g\u00e9nero genera riqueza: a\u00f1adir\u00eda 12 billones de d\u00f3lares al PIB global-Defensa y el IM firman un protocolo de colaboraci\u00f3n en pol\u00edticas de igualdad-As\u00ed se lucha contra la &#8216;pornovenganza&#8217;<\/strong><\/p>\n<p tabindex=\"-1\" data-thread-perm-id=\"thread-f:1635587872810282870\" data-legacy-thread-id=\"16b2c6812dcb2f76\">[toggle type=\u00bbfirst\u00bb title=\u00bbConvocatorias\u00bb]<\/p>\n<ul>\n<li><a href=\"http:\/\/igualdad.us.es\/wpblog\/?page_id=764\">3\u00aa edici\u00f3n de los Premios a los mejores Trabajos de Fin de Grado, Trabajos Fin de M\u00e1ster y Tesis Doctoral en materia de Igualdad de G\u00e9nero de la<\/a><a href=\"http:\/\/igualdad.us.es\/wpblog\/?page_id=764\"> Univ<\/a><a href=\"http:\/\/igualdad.us.es\/wpblog\/?page_id=764\">ersidad<\/a><a href=\"http:\/\/igualdad.us.es\/wpblog\/?page_id=764\"> de Sevilla<\/a><strong>.\u00a0<\/strong>Presentaci\u00f3n de solicitudes hasta el 5 de julio de 2019<\/li>\n<li>Universidad de Almer\u00eda.\u00a0<a href=\"http:\/\/www2.ual.es\/cverano\/oferta-de-cursos\/curso\/63\/del-cerebro-al-corazon-el-viaje-del-bienestar%20\">Del cerebro al coraz\u00f3n, el viaje del bienestar<\/a>.Roquetas de Mar, del 3 al 5 de julio de 2019<\/li>\n<\/ul>\n<p><strong>\u00a0<\/strong>Universidad de C\u00e1diz<\/p>\n<ul>\n<li><a href=\"https:\/\/celama.uca.es\/70cvc\/seminarios\/b01\">Violencia psicol\u00f3gica machista: una tortura invisible<\/a>. C\u00e1diz, del 1 al 3 de julio de 2019<\/li>\n<li><a href=\"https:\/\/celama.uca.es\/70cvc\/seminarios\/b06\">Feminismo, igualdad real<\/a>. C\u00e1diz, del 1 al 12 de de julio de 2019<\/li>\n<li><a href=\"https:\/\/celama.uca.es\/70cvc\/seminarios\/b12\">Violencia de g\u00e9nero y violencia contra la mujer<\/a>. C\u00e1diz, del 4 al 6 de julio de 2019<\/li>\n<li><a href=\"https:\/\/celama.uca.es\/70cvc\/seminarios\/b20\">Hablemos sobre el sexo y la sexualidad: el hombre y la mujer como seres sexuados<\/a>. C\u00e1diz, del 11 al 13 de julio de 2019<\/li>\n<\/ul>\n<p tabindex=\"-1\" data-thread-perm-id=\"thread-f:1635587872810282870\" data-legacy-thread-id=\"16b2c6812dcb2f76\">[\/toggle]<\/p>\n<p>[toggle type=\u00bbfirst\u00bb title=\u00bbComunicaci\u00f3n\u00bb]<\/p>\n<p><a href=\"https:\/\/www.publico.es\/sociedad\/tratamiento-violencia-machista-medios-comunicacion-examen.html\">El tratamiento de la violencia machista en los medios de comunicaci\u00f3n, a examen<\/a>\u00a0&#8211; P\u00fablico<\/p>\n<p><a href=\"https:\/\/elpais.com\/cultura\/2019\/06\/14\/television\/1560516512_840401.html\">Mariola Cubells, periodista: \u201cLos que dicen que la gente ya no ve la televisi\u00f3n no saben lo que es la televisi\u00f3n\u201d<\/a>\u00a0\u2013 El Pa\u00eds<\/p>\n<p><a href=\"https:\/\/www.laopiniondemurcia.es\/opinion\/2019\/06\/16\/tetas-hay-publicidad\/1030746.html\">Con tetas no hay\u00a0publicidad<\/a>&#8211;\u00a0La Opini\u00f3n de Murcia<\/p>\n<p><a href=\"https:\/\/www.elperiodico.com\/es\/mas-barcelona\/20190614\/barcelona-crea-una-guia-para-una-comunicacion-inclusiva-y-libre-de-prejuicios-7505662\">Barcelona crea una gu\u00eda para una comunicaci\u00f3n inclusiva y libre de &#8230;<\/a>-El Peri\u00f3dico<\/p>\n<p><a href=\"https:\/\/www.adnsur.com.ar\/sociedad\/el-desembarco-del-lenguaje-inclusivo-en-la-universidad--los-argumentos-y-la-polemica_a5d05a9b97a151f20da796cc0\">El desembarco del\u00a0lenguaje\u00a0inclusivo en la Universidad: los &#8230;<\/a>&#8211;\u00a0ADN Sur<\/p>\n<p><a href=\"https:\/\/www.elimparcial.com\/tijuana\/tijuana\/Sufren-mas-ciberacoso-mujeres-que-hombres-20190616-0025.html\">Sufren m\u00e1s ciberacoso\u00a0mujeres\u00a0que hombres<\/a>&#8211; El\u00a0imparcial.com<\/p>\n<p>[\/toggle]<\/p>\n<p>[toggle type=\u00bbfirst\u00bb title=\u00bbAndaluc\u00eda\u00bb]<\/p>\n<p><strong>Econom\u00eda y Empresas<\/strong><\/p>\n<p><a href=\"https:\/\/www.mujeremprendedora.net\/andaluza-arancha-manzanares-gana-fase-territorial-premio-mujer-empresaria-caixabank-2019\/\">La andaluza Arancha Manzanares gana la fase territorial del Premio Mujer Empresaria CaixaBank 2019<\/a>\u00a0\u2013 Mujeremprendedora.net<\/p>\n<p><a href=\"https:\/\/www.google.com\/url?rct=j&amp;sa=t&amp;url=https:\/\/www.20minutos.es\/noticia\/3671373\/0\/concluye-programa-univergem-uma-para-promover-empleabilidad-estudiantes-tituladas\/&amp;ct=ga&amp;cd=CAEYASoUMTY0MzI1ODc5Nzg5OTk1ODE5MzcyGWMwMzcyZWJjMmZlYWRhNTk6ZXM6ZXM6RVM&amp;usg=AFQjCNE9QXmO8GL1LWfu_vtW4ehurOB0kw\">Concluye el programa Univergem de la UMA para promover la empleabilidad de estudiantes y &#8230;<\/a>&#8211;\u00a020minutos.es<\/p>\n<p><a href=\"https:\/\/www.diariodesevilla.es\/economia\/Andalucia-segunda-comunidad-absentismo-laboral_0_1363364167.html\">Andaluc\u00eda es la segunda comunidad con menos absentismo laboral<\/a>&#8211;\u00a0Diario de Sevilla<\/p>\n<p><strong>A<\/strong><strong>ctualidad<\/strong><a href=\"https:\/\/www.google.com\/url?rct=j&amp;sa=t&amp;url=https:\/\/m.europapress.es\/esandalucia\/granada\/noticia-iam-incorpora-grupo-trabajo-creado-consejo-escolar-andalucia-calidad-sistema-20190614145006.html&amp;ct=ga&amp;cd=CAEYACoUMTA2MTQ3MDM5NjY2OTExODUzOTcyGWMwMzcyZWJjMmZlYWRhNTk6ZXM6ZXM6RVM&amp;usg=AFQjCNFiDiTMkDNlx_CGh_dnrGkHy84Htw\"><br \/>\nEl IAM se incorpora al grupo de trabajo que ha creado el Consejo Escolar de Andaluc\u00eda sobre la &#8230;<\/a>&#8211;\u00a0Europa Press<\/p>\n<p><a href=\"https:\/\/www.google.com\/url?rct=j&amp;sa=t&amp;url=https:\/\/cordobabuenasnoticias.com\/2019\/06\/15\/nuria-lopez-no-se-puede-tratar-de-delincuentes-constantemente-a-los-empleados-y-empleadas-publicos\/&amp;ct=ga&amp;cd=CAEYACoUMTU4MTc5NDEwNzc4NDU2MTkzMzMyGWUxZTc3ZDE1NjA5OGE4ZTM6ZXM6ZXM6RVM&amp;usg=AFQjCNGp2DTameaYg0dITM5PHoPUJ5VJTw\">Nuria L\u00f3pez, Secretaria General CCOO-A: \u201cNo se puede tratar de delincuentes constantemente a los empleados y empleadas p\u00fablicas\u00a0&#8230;<\/a>-C\u00f3rdoba Buenas Noticias<\/p>\n<p><a href=\"https:\/\/www.google.com\/url?rct=j&amp;sa=t&amp;url=https:\/\/andaluciainformacion.es\/sevilla\/832932\/tsja-obliga-a-pagar-prestacion-integra-a-madre-con-jornada-reducida\/&amp;ct=ga&amp;cd=CAEYKioUMTMzMjI1MjY5NzM2MzU2MTUzNTgyGWMwMzcyZWJjMmZlYWRhNTk6ZXM6ZXM6RVM&amp;usg=AFQjCNHUmCw5GuSUwbIUk2iBi7_2cv2Q-A\">TSJA obliga a pagar prestaci\u00f3n \u00edntegra a madre con jornada reducida<\/a>&#8211;\u00a0Andaluc\u00eda Informaci\u00f3n<\/p>\n<p><a href=\"https:\/\/sevilla.abc.es\/andalucia\/sevi-mas-2200-ninos-esperan-familia-acogida-andalucia-201906160819_noticia.html\">M\u00e1s de 2.200 ni\u00f1os esperan una familia de acogida en\u00a0Andaluc\u00eda<\/a>&#8211;\u00a0abcdesevilla.es<\/p>\n<p><a href=\"https:\/\/www.togayther.es\/noticias\/igualdad\/el-orgullo-lgtbi-andalucia-denuncia-la-discriminacion-que-sufren-las-parejas-de-lesbianas-a-la-hora-del-registro-de-su-descendencia\/\">El Orgullo LGTBI\u00a0Andaluc\u00eda\u00a0denuncia la discriminaci\u00f3n que sufren las &#8230;<\/a>&#8211;\u00a0Togayther<\/p>\n<p><strong>Violencia<\/strong><strong>s<\/strong><\/p>\n<p><a href=\"https:\/\/www.google.com\/url?rct=j&amp;sa=t&amp;url=https:\/\/www.noticiasde.es\/andalucia\/refuerzo-en-las-casas-de-acogida-y-la-atencion-psicologica-a-las-victimas-de-violencia-de-genero\/&amp;ct=ga&amp;cd=CAEYBSoTMTI1MTEwMTg3NDkwMzM3NDg0NTIZYzAzNzJlYmMyZmVhZGE1OTplczplczpFUw&amp;usg=AFQjCNEY4RJm-QM0xQWBj2AR4VMRgAJuMQ\">Refuerzo en las casas de acogida y la atenci\u00f3n psicol\u00f3gica a las v\u00edctimas de violencia de g\u00e9nero<\/a>\u00a0&#8211;\u00a0NoticiasDe.es<\/p>\n<p><a href=\"https:\/\/www.lasexta.com\/noticias\/sociedad\/la-junta-de-andalucia-cede-ante-la-reivindicacion-de-vox-de-dejar-de-lado-el-concepto-violencia-de-genero-y-aceptar-el-de-violencia-intrafamiliar-video_201906165d066c9a0cf24fbca992c02d.html\">Andaluc\u00eda\u00a0estrena tel\u00e9fono de atenci\u00f3n a v\u00edctimas de violencia &#8230;<\/a>&#8211;\u00a0LaSexta<\/p>\n<p><a href=\"https:\/\/www.google.com\/url?rct=j&amp;sa=t&amp;url=https:\/\/www.elperiodico.com\/es\/sociedad\/20190614\/mujer-hombre-muerto-incendio-cordoba-7504988&amp;ct=ga&amp;cd=CAEYACoTMzk2MjQyNjM0OTg5NzUwMTU1MzIZYzAzNzJlYmMyZmVhZGE1OTplczplczpFUw&amp;usg=AFQjCNGLkJnr5Nh2oQq9RcGDZdOFqPy9KQ\">Un asesino machista, en libertad condicional, sospechoso de matar a otra\u00a0mujer en C\u00f3rdoba<\/a>\u00a0&#8211;\u00a0El Peri\u00f3dico<\/p>\n<p><strong>Ciencia y Cultura<\/strong><\/p>\n<p><a href=\"https:\/\/www.ondacerojaen.es\/inicio\/el-centro-provincial-del-iam-en-jaen-acoge-la-exposicion-transgresivas-que-busca-visibilizar-a-las-mujeres-transexuales\">El Centro Provincial del IAM en Ja\u00e9n acoge la exposici\u00f3n \u201cTransgresivas\u201d &#8230;<\/a>&#8211;\u00a0Onda Cero Ja\u00e9n<\/p>\n<p><a href=\"https:\/\/www.formulatv.com\/noticias\/maria-galiana-critica-mujeres-feminismo-lasexta-noche-93087\/\">Mar\u00eda Galiana, muy cr\u00edtica: \u00abMe preocupa la cantidad de\u00a0mujeres\u00a0que siguen diciendo \u201cSoy tu esclava\u201d &#8230;<\/a>&#8211;\u00a0F\u00f3rmulaTV<\/p>\n<p><a href=\"https:\/\/www.larazon.es\/local\/andalucia\/rosalia-arrasa-en-cordoba-reivindicando-la-raiz-andaluza-en-su-sonido-KJ23809175\">Rosal\u00eda arrasa en C\u00f3rdoba reivindicando la ra\u00edz\u00a0andaluza\u00a0en su sonido<\/a>&#8211;\u00a0La Raz\u00f3n-<\/p>\n<p><a href=\"https:\/\/www.eldiadecordoba.es\/ocio\/compas-ponen-Noche-Blanca-Flamenco_0_1364563545.html\">El comp\u00e1s lo ponen ellas<\/a>-El D\u00eda de C\u00f3rdoba<strong>\u00a0<\/strong><\/p>\n<p><strong>Deporte<\/strong><\/p>\n<p><a href=\"https:\/\/www.20minutos.es\/deportes\/noticia\/celia-jimenez-ingeniera-aeronautica-seleccion-espanola-copa-mundial-femenina-2019-3667677\/0\/\">Celia Jim\u00e9nez, la ingeniera aeron\u00e1utica que vuela por la banda de\u00a0&#8230;<\/a>&#8211;\u00a020minutos.es<\/p>\n<p><a href=\"https:\/\/www.lavozdealmeria.com\/noticia\/6\/deportes\/173773\/el-almeria-femenino-se-proclama-campeon-de-la-copa-diputacion-provincial\">El Almer\u00eda\u00a0Femenino\u00a0se proclama campe\u00f3n de la Copa Diputaci\u00f3n &#8230;<\/a>&#8211;\u00a0La Voz de Almer\u00eda<\/p>\n<p><a href=\"https:\/\/www.laopiniondemalaga.es\/todo-deporte\/2019\/06\/14\/debate-estereotipos-deporte-femenino\/1095502.html\">Debate sobre los estereotipos en el\u00a0deporte femenino<\/a>&#8211;\u00a0La Opini\u00f3n de M\u00e1laga<\/p>\n<p>[\/toggle]<\/p>\n<p>[toggle type=\u00bbfirst\u00bb title=\u00bbEstado\u00bb]<\/p>\n<p><strong>Institucional<\/strong><\/p>\n<p><a href=\"https:\/\/www.google.com\/url?rct=j&amp;sa=t&amp;url=https:\/\/www.servimedia.es\/noticias\/1145122&amp;ct=ga&amp;cd=CAEYACoTMjE3ODM1MTAyNTU4NzIwNTQ5ODIZYzAzNzJlYmMyZmVhZGE1OTplczplczpFUw&amp;usg=AFQjCNGMes_pCcOBFfLvZVJxDPhUgRJH6w\">Defensa y el\u00a0Instituto de la Mujer\u00a0impulsar\u00e1n pol\u00edticas de igualdad en el \u00e1mbito militar y civil entre &#8230;<\/a>&#8211;\u00a0Servimedia\u00a0<strong>\u00a0<\/strong><\/p>\n<p><strong>Institucional<\/strong><strong>-CCAA<\/strong><\/p>\n<p><a href=\"https:\/\/www.clm24.es\/articulo\/guadalajara\/presidenta-ceoe-guadalajara-creo-cuotas-ilusion-tener-ganas\/20190616165320246761.html\">Garc\u00eda, Presidenta de CEOE Guadalajara: No creo en cuotas, s\u00ed en la ilusi\u00f3n y &#8230;<\/a>&#8211;\u00a0CLM24<a href=\"https:\/\/www.google.com\/url?rct=j&amp;sa=t&amp;url=https:\/\/www.noticiasde.es\/aragon\/la-exposicion-ellas-son-campo-muestra-en-la-alfranca-las-luces-y-las-sombras-de-la-vida-de-las-mujeres-en-el-medio-rural\/&amp;ct=ga&amp;cd=CAEYAyoUMTE2MDM4MzUyNzY0OTY2MDc0NDUyGWMwMzcyZWJjMmZlYWRhNTk6ZXM6ZXM6RVM&amp;usg=AFQjCNGToJvPQMNnkoUsWHwz1LjFu61MDw\"><br \/>\nLa exposici\u00f3n \u201cEllas son campo\u201d, muestra en La Alfranca las luces y las sombras de la vida de las &#8230;<\/a>&#8211;\u00a0NoticiasDe.es<a href=\"https:\/\/www.google.com\/url?rct=j&amp;sa=t&amp;url=https:\/\/www.que.es\/ciudades\/canarias\/maria-ferraz-y-el-cifp-las-indias-ganadores-de-los-iii-premios-estamos-con-ellas-que-fomentan-la-igualdad.html&amp;ct=ga&amp;cd=CAEYASoTODEzNDgzNTk2ODQzNDQ5OTE0MDIZYzAzNzJlYmMyZmVhZGE1OTplczplczpFUw&amp;usg=AFQjCNEfHPZ7_QcoerR-Wv7lVLGOYj22OA\"><br \/>\nMar\u00eda Ferraz y el CIFP Las Indias, ganadores de los III Premios &#8216;Estamos con Ellas&#8217; que fomentan &#8230;<\/a>&#8211;\u00a0Qu\u00e9.es<\/p>\n<p><a href=\"https:\/\/cat.elpais.com\/cat\/2019\/06\/16\/catalunya\/1560696288_153366.html\">Una regidora de Colau denuncia insults masclistes en la investidura<\/a>\u00a0\u2013 P\u00fablico<\/p>\n<p><a href=\"https:\/\/eldigitaldeasturias.com\/magazine365\/la-asociacion-mujer-siglo-xxi-representa-al-pais-vasco-en-el-eje-atlantico\/\">La Asociaci\u00f3n\u00a0Mujer\u00a0Siglo XXI representa al Pa\u00eds Vasco en el Eje &#8230;<\/a>&#8211;\u00a0El Digital de Asturias<strong>\u00a0<\/strong><\/p>\n<p><strong>Econom\u00eda y Empresa<\/strong><\/p>\n<p><a href=\"https:\/\/www.abc.es\/tecnologia\/redes\/abci-fuencisla-clemares-google-tecnologicas-visto-diversidad-tiene-impacto-positivo-201906171109_noticia.html\">Fuencisla Clemares (Google): \u00abLas tecnol\u00f3gicas han visto que la diversidad tiene un impacto positivo\u201d\u00a0&#8230;<\/a>&#8211;\u00a0Abc.es<\/p>\n<p><a href=\"https:\/\/elpais.com\/tecnologia\/2019\/05\/17\/actualidad\/1558091140_362572.html\">Virginia Calvo, copropietaria de Vodafone Giants: \u201cMuy pocas chicas han sido respaldadas en casa cuando han consumido videojuegos\u201d<\/a>\u00a0\u2013 El Pa\u00eds<\/p>\n<p><a href=\"https:\/\/elpais.com\/economia\/2019\/06\/13\/actualidad\/1560437198_932210.html\">\u00bfPuede la empresa obligarme a llevar tacones y falda? Depende<\/a>\u00a0\u2013 El Pa\u00eds<\/p>\n<p><a href=\"https:\/\/www.mujeremprendedora.net\/randstad-contratacion-indefinida-entre-mujeres-menores-de-25-ha-sido-27-inferior\/\">Randstad: \u201cla contrataci\u00f3n indefinida entre mujeres menores de 25 ha sido un 27% inferior\u201d<\/a>\u00a0\u2013\u00a0Mujeremprendedora.net<\/p>\n<p><a href=\"https:\/\/www.mujeremprendedora.net\/iii-edicion-programa-mujer-mujer-alcanza-80-insercion-laboral\/\">La III edici\u00f3n del programa \u2018De Mujer a Mujer\u2019 alcanza el 80% de inserci\u00f3n laboral<\/a>&#8211;\u00a0Mujeremprendedora.net<\/p>\n<p><strong>Actualidad<\/strong><\/p>\n<p><a href=\"https:\/\/www.google.com\/url?rct=j&amp;sa=t&amp;url=https:\/\/diario16.com\/carmen-calvo-reivindica-la-teoria-feminista-de-simone-de-beauvoir\/&amp;ct=ga&amp;cd=CAEYFCoUMTMzMjI1MjY5NzM2MzU2MTUzNTgyGWMwMzcyZWJjMmZlYWRhNTk6ZXM6ZXM6RVM&amp;usg=AFQjCNERpNJiu_hV1n9L30PrM4bfBCR_-A\">Carmen Calvo reivindica la teor\u00eda feminista de Simone de Beauvoir<\/a>&#8211;\u00a0Diario16<a href=\"https:\/\/www.google.com\/url?rct=j&amp;sa=t&amp;url=https:\/\/www.ultimahora.com\/cristina-goralewski-mi-unico-pecado-es-ser-mujer-y-joven-n2825434.html&amp;ct=ga&amp;cd=CAEYBioUMTA2MTQ3MDM5NjY2OTExODUzOTcyGWMwMzcyZWJjMmZlYWRhNTk6ZXM6ZXM6RVM&amp;usg=AFQjCNGweUCJeCSxwxIA8LUEM1rZmg1bhQ\"><br \/>\nCristina Goralewski, titular del Instituto Forestal Nacional: \u00abMi \u00fanico pecado es ser\u00a0mujer\u00a0y joven\u00bb<\/a>&#8211;\u00a0\u00daltimaHora.com<a href=\"https:\/\/www.google.com\/url?rct=j&amp;sa=t&amp;url=https:\/\/elpais.com\/elpais\/2019\/06\/14\/ideas\/1560532497_362604.html&amp;ct=ga&amp;cd=CAEYBCoUMTQ0NTcyOTIxODkyMDQyNTgyNTEyGWMwMzcyZWJjMmZlYWRhNTk6ZXM6ZXM6RVM&amp;usg=AFQjCNG0dRHIOQElwGVBIsy6dKAPeqCZ0Q\"><br \/>\nAs\u00ed se lucha contra la &#8216;pornovenganza&#8217;<\/a>&#8211; El Pa\u00eds<a href=\"https:\/\/www.elconfidencial.com\/cultura\/2019-06-17\/falangismo-feminismo-mercedes-formica_2072584\/\"><br \/>\nDe falangista a feminista: Mercedes Formica, la\u00a0mujer\u00a0que desafi\u00f3 a &#8230;<\/a>&#8211;\u00a0El Confidencial<\/p>\n<p><strong>Violencia<\/strong><\/p>\n<p><a href=\"https:\/\/www.publico.es\/sociedad\/violencia-genero-nadie-le-interesa-hablar-ocurre-ejercito-policia-guardia-civil-son-intocables.html\">Cuando el maltratador\u00a0es polic\u00eda y lleva un arma<\/a>\u00a0&#8211; P\u00fablico<strong>\u00a0<\/strong><\/p>\n<p><strong>Ciencia y Cultura<\/strong><\/p>\n<p><a href=\"https:\/\/www.elmundo.es\/yodona\/lifestyle\/2019\/06\/16\/5cfe41d6fdddff50508b45d2.html\">Los festivales de verano tambi\u00e9n se suman a la lucha por la igualdad de g\u00e9nero<\/a>\u00a0\u2013 El Mundo<\/p>\n<p><a href=\"https:\/\/www.lavanguardia.com\/vida\/20190617\/462915389374\/marta-lopez-luaces-las-mujeres-queremos-que-nos-dejen-ser-adultas.html\">Marta L\u00f3pez Luaces: \u00abLas\u00a0mujeres\u00a0queremos que nos dejen ser adultas\u00bb<\/a>\u00a0&#8211;\u00a0La Vanguardia<\/p>\n<p><a href=\"https:\/\/www.cuartopoder.es\/feminismo\/2019\/06\/15\/esther-vivas-autora-de-mama-desobediente-en-la-maternidad-se-nos-niegan-derechos\/\">Esther Vivas, autora de &#8216;Mam\u00e1 desobediente&#8217;: \u201cEn la maternidad se &#8230;<\/a>&#8211;\u00a0Cuarto Poder<strong>\u00a0<\/strong><\/p>\n<p><strong>Deporte<\/strong><strong>\u00a0<\/strong><a href=\"https:\/\/www.google.com\/url?rct=j&amp;sa=t&amp;url=https:\/\/m.europapress.es\/deportes\/noticia-paula-fernandez-ochoa-nueva-responsable-mujer-nieve-entra-junta-directiva-rfedi-20190614115657.html&amp;ct=ga&amp;cd=CAEYASoTMjE3ODM1MTAyNTU4NzIwNTQ5ODIZYzAzNzJlYmMyZmVhZGE1OTplczplczpFUw&amp;usg=AFQjCNFsP4wqcHmQySJf52dQLcXiN4xnYQ\"><br \/>\nPaula Fern\u00e1ndez-Ochoa, nueva responsable de\u00a0Mujer\u00a0y Nieve y entra en la Junta Directiva de la RFEDI&#8230;<\/a>&#8211;\u00a0Europa Press<\/p>\n<p><a href=\"https:\/\/elpais.com\/deportes\/2019\/06\/16\/actualidad\/1560677575_931138.html\">A un paso de la mejor Espa\u00f1a<\/a>\u00a0\u2013 El Pa\u00eds<\/p>\n<p><a href=\"https:\/\/www.elcorreo.com\/deporte-femenino\/deportista-madre-eterno-20190613114205-nt.html\">\u00bfSer deportista y tambi\u00e9n madre? El eterno dilema<\/a>&#8211;\u00a0El Correo<\/p>\n<p>[\/toggle]<\/p>\n<p>[toggle type=\u00bbfirst\u00bb title=\u00bbInternacional\u00bb]<\/p>\n<p><a href=\"https:\/\/www.publico.es\/internacional\/igualdad-laboral-igualdad-genero-genera-riqueza-anadiria-12-billones-dolares-pib-global.html\">La igualdad de g\u00e9nero genera riqueza: a\u00f1adir\u00eda 12 billones de d\u00f3lares al PIB global<\/a>\u00a0&#8211; P\u00fablico<a href=\"https:\/\/www.google.com\/url?rct=j&amp;sa=t&amp;url=http:\/\/www.rcinet.ca\/es\/2019\/06\/14\/canada-crea-el-cargo-de-embajador-para-promover-la-mujer-la-paz-y-la-seguridad-en-el-mundo\/&amp;ct=ga&amp;cd=CAEYBCoTMzI0NDA0Mzc0NDYxMDQxOTMwNDIZYzAzNzJlYmMyZmVhZGE1OTplczplczpFUw&amp;usg=AFQjCNF_GoyqpdqrHvLtgCgPs1WhdPk_jw\"><br \/>\nCanad\u00e1 crea el cargo de embajador para promover la\u00a0mujer, la paz y la seguridad en el mundo<\/a>&#8211;\u00a0Radio Canad\u00e1 Internacional<\/p>\n<p><a href=\"https:\/\/www.elmundo.es\/internacional\/2019\/06\/17\/5d074e0afc6c8340408b458e.html\">Sandra Torres se perfila como ganadora de la primera vuelta en las elecciones de Guatemala<\/a>\u00a0\u2013 El Mundo<\/p>\n<p><a href=\"https:\/\/www.google.com\/url?rct=j&amp;sa=t&amp;url=https:\/\/www.eldia.com\/nota\/2019-6-16-8-17-38-empresas-las-jefas-las-mejoran-vivir-bien&amp;ct=ga&amp;cd=CAEYHCoUMTMzMjI1MjY5NzM2MzU2MTUzNTgyGWMwMzcyZWJjMmZlYWRhNTk6ZXM6ZXM6RVM&amp;usg=AFQjCNHhxEQz0-v_0E_2rFgqnmgxI26XqA\">Empresas: las jefas las mejoran<\/a>&#8211;\u00a0Diario El D\u00eda<\/p>\n<p><a href=\"https:\/\/www.google.com\/url?rct=j&amp;sa=t&amp;url=https:\/\/periodicomensaje.com\/guanacaste\/3743-tse-celebrara-el-70-aniversario-del-primer-voto-femenino-en-costa-rica&amp;ct=ga&amp;cd=CAEYLioUMTMzMjI1MjY5NzM2MzU2MTUzNTgyGWMwMzcyZWJjMmZlYWRhNTk6ZXM6ZXM6RVM&amp;usg=AFQjCNHntHHAN-Q0v2atQIr3TaoW8N5-Uw\">TSE celebrar\u00e1 el 70 aniversario del primer voto femenino en Costa Rica<\/a>\u00a0&#8211;\u00a0Peri\u00f3dico Mensaje<\/p>\n<p><a href=\"https:\/\/www.publico.es\/internacional\/aborto-irlanda-norte-irlanda-norte-legislacion-aborto-terrible-alabama.html\">Irlanda del Norte, donde la legislaci\u00f3n del aborto es m\u00e1s terrible que en Alabama<\/a>\u00a0&#8211; P\u00fablico<\/p>\n<p><a href=\"https:\/\/www.google.com\/url?rct=j&amp;sa=t&amp;url=https:\/\/www.eldiario.es\/norte\/euskadi\/duro-posible-sueno-cientifica-Africa_0_909209679.html&amp;ct=ga&amp;cd=CAEYASoTOTk2MzI5MzUxOTE2MzUxOTAzMTIZYzAzNzJlYmMyZmVhZGE1OTplczplczpFUw&amp;usg=AFQjCNEi4NAHD0V8lrfFiopGsOVtcwahZw\">El duro pero posible sue\u00f1o de ser cient\u00edfica en \u00c1frica<\/a>-eldiario.es<\/p>\n<p>[\/toggle]<\/p>\n<\/div>\n<\/div>\n<\/div>\n<\/div>\n<\/div>\n<\/div>\n","protected":false},"excerpt":{"rendered":"<p>La igualdad de g\u00e9nero genera riqueza: a\u00f1adir\u00eda 12 billones de <a href=\"https:\/\/cklcomunicaciones.es\/coop\/noticias-info-ckl-no-2-361-17-06-19\/\">[&#8230;]<\/a><\/p>\n","protected":false},"author":3,"featured_media":0,"comment_status":"closed","ping_status":"closed","sticky":false,"template":"","format":"standard","meta":{"footnotes":""},"categories":[298,623],"tags":[],"class_list":["post-14652","post","type-post","status-publish","format-standard","hentry","category-newsletter","category-nwl-2-0"],"yoast_head":"<!-- This site is optimized with the Yoast SEO plugin v27.5 - https:\/\/yoast.com\/product\/yoast-seo-wordpress\/ -->\n<title>Noticias Info CKL n\u00ba 2.361-17\/06\/19-Comunicar con perspectiva de g\u00e9nero<\/title>\n<meta name=\"description\" content=\"Comunicar con perspectiva de g\u00e9nero: La igualdad de g\u00e9nero genera riqueza: a\u00f1adir\u00eda 12 billones de d\u00f3lares al PIB global-Defensa y el IM firman un protocolo de colaboraci\u00f3n en pol\u00edticas de igualdad-As\u00ed se lucha contra la &#039;pornovenganza&#039;\" \/>\n<meta name=\"robots\" content=\"index, follow, max-snippet:-1, max-image-preview:large, max-video-preview:-1\" \/>\n<link rel=\"canonical\" href=\"https:\/\/cklcomunicaciones.es\/coop\/noticias-info-ckl-no-2-361-17-06-19\/\" \/>\n<meta property=\"og:locale\" content=\"es_ES\" \/>\n<meta property=\"og:type\" content=\"article\" \/>\n<meta property=\"og:title\" content=\"Noticias Info CKL n\u00ba 2.361-17\/06\/19-Comunicar con perspectiva de g\u00e9nero\" \/>\n<meta property=\"og:description\" content=\"Comunicar con perspectiva de g\u00e9nero: La igualdad de g\u00e9nero genera riqueza: a\u00f1adir\u00eda 12 billones de d\u00f3lares al PIB global-Defensa y el IM firman un protocolo de colaboraci\u00f3n en pol\u00edticas de igualdad-As\u00ed se lucha contra la &#039;pornovenganza&#039;\" \/>\n<meta property=\"og:url\" content=\"https:\/\/cklcomunicaciones.es\/coop\/noticias-info-ckl-no-2-361-17-06-19\/\" \/>\n<meta property=\"og:site_name\" content=\"CKL Comunicaciones\" \/>\n<meta property=\"article:published_time\" content=\"2019-06-17T12:06:56+00:00\" \/>\n<meta property=\"article:modified_time\" content=\"2025-01-17T15:43:05+00:00\" \/>\n<meta property=\"og:image\" content=\"https:\/\/cklcomunicaciones.es\/coop\/wp-content\/uploads\/2018\/03\/CKL_comunicacion-con-perspetiva-de-genero.jpg\" \/>\n\t<meta property=\"og:image:width\" content=\"500\" \/>\n\t<meta property=\"og:image:height\" content=\"500\" \/>\n\t<meta property=\"og:image:type\" content=\"image\/jpeg\" \/>\n<meta name=\"author\" content=\"ckl\" \/>\n<meta name=\"twitter:card\" content=\"summary_large_image\" \/>\n<meta name=\"twitter:label1\" content=\"Escrito por\" \/>\n\t<meta name=\"twitter:data1\" content=\"ckl\" \/>\n\t<meta name=\"twitter:label2\" content=\"Tiempo de lectura\" \/>\n\t<meta name=\"twitter:data2\" content=\"5 minutos\" \/>\n<script type=\"application\/ld+json\" class=\"yoast-schema-graph\">{\"@context\":\"https:\\\/\\\/schema.org\",\"@graph\":[{\"@type\":\"Article\",\"@id\":\"https:\\\/\\\/cklcomunicaciones.es\\\/coop\\\/noticias-info-ckl-no-2-361-17-06-19\\\/#article\",\"isPartOf\":{\"@id\":\"https:\\\/\\\/cklcomunicaciones.es\\\/coop\\\/noticias-info-ckl-no-2-361-17-06-19\\\/\"},\"author\":{\"name\":\"ckl\",\"@id\":\"https:\\\/\\\/cklcomunicaciones.es\\\/coop\\\/#\\\/schema\\\/person\\\/929a6837f7626450bbb50cee1aef266e\"},\"headline\":\"Noticias Info CKL n\u00ba 2.361-17\\\/06\\\/19\",\"datePublished\":\"2019-06-17T12:06:56+00:00\",\"dateModified\":\"2025-01-17T15:43:05+00:00\",\"mainEntityOfPage\":{\"@id\":\"https:\\\/\\\/cklcomunicaciones.es\\\/coop\\\/noticias-info-ckl-no-2-361-17-06-19\\\/\"},\"wordCount\":1101,\"image\":{\"@id\":\"https:\\\/\\\/cklcomunicaciones.es\\\/coop\\\/noticias-info-ckl-no-2-361-17-06-19\\\/#primaryimage\"},\"thumbnailUrl\":\"http:\\\/\\\/www.cklcomunicaciones.es\\\/wp-content\\\/uploads\\\/2018\\\/03\\\/CKL_comunicacion-con-perspetiva-de-genero-300x300.jpg\",\"articleSection\":[\"Newsletter\",\"Nwl v2.0\"],\"inLanguage\":\"es\"},{\"@type\":\"WebPage\",\"@id\":\"https:\\\/\\\/cklcomunicaciones.es\\\/coop\\\/noticias-info-ckl-no-2-361-17-06-19\\\/\",\"url\":\"https:\\\/\\\/cklcomunicaciones.es\\\/coop\\\/noticias-info-ckl-no-2-361-17-06-19\\\/\",\"name\":\"Noticias Info CKL n\u00ba 2.361-17\\\/06\\\/19-Comunicar con perspectiva de g\u00e9nero\",\"isPartOf\":{\"@id\":\"https:\\\/\\\/cklcomunicaciones.es\\\/coop\\\/#website\"},\"primaryImageOfPage\":{\"@id\":\"https:\\\/\\\/cklcomunicaciones.es\\\/coop\\\/noticias-info-ckl-no-2-361-17-06-19\\\/#primaryimage\"},\"image\":{\"@id\":\"https:\\\/\\\/cklcomunicaciones.es\\\/coop\\\/noticias-info-ckl-no-2-361-17-06-19\\\/#primaryimage\"},\"thumbnailUrl\":\"http:\\\/\\\/www.cklcomunicaciones.es\\\/wp-content\\\/uploads\\\/2018\\\/03\\\/CKL_comunicacion-con-perspetiva-de-genero-300x300.jpg\",\"datePublished\":\"2019-06-17T12:06:56+00:00\",\"dateModified\":\"2025-01-17T15:43:05+00:00\",\"author\":{\"@id\":\"https:\\\/\\\/cklcomunicaciones.es\\\/coop\\\/#\\\/schema\\\/person\\\/929a6837f7626450bbb50cee1aef266e\"},\"description\":\"Comunicar con perspectiva de g\u00e9nero: La igualdad de g\u00e9nero genera riqueza: a\u00f1adir\u00eda 12 billones de d\u00f3lares al PIB global-Defensa y el IM firman un protocolo de colaboraci\u00f3n en pol\u00edticas de igualdad-As\u00ed se lucha contra la 'pornovenganza'\",\"breadcrumb\":{\"@id\":\"https:\\\/\\\/cklcomunicaciones.es\\\/coop\\\/noticias-info-ckl-no-2-361-17-06-19\\\/#breadcrumb\"},\"inLanguage\":\"es\",\"potentialAction\":[{\"@type\":\"ReadAction\",\"target\":[\"https:\\\/\\\/cklcomunicaciones.es\\\/coop\\\/noticias-info-ckl-no-2-361-17-06-19\\\/\"]}]},{\"@type\":\"ImageObject\",\"inLanguage\":\"es\",\"@id\":\"https:\\\/\\\/cklcomunicaciones.es\\\/coop\\\/noticias-info-ckl-no-2-361-17-06-19\\\/#primaryimage\",\"url\":\"http:\\\/\\\/www.cklcomunicaciones.es\\\/wp-content\\\/uploads\\\/2018\\\/03\\\/CKL_comunicacion-con-perspetiva-de-genero-300x300.jpg\",\"contentUrl\":\"http:\\\/\\\/www.cklcomunicaciones.es\\\/wp-content\\\/uploads\\\/2018\\\/03\\\/CKL_comunicacion-con-perspetiva-de-genero-300x300.jpg\"},{\"@type\":\"BreadcrumbList\",\"@id\":\"https:\\\/\\\/cklcomunicaciones.es\\\/coop\\\/noticias-info-ckl-no-2-361-17-06-19\\\/#breadcrumb\",\"itemListElement\":[{\"@type\":\"ListItem\",\"position\":1,\"name\":\"Portada\",\"item\":\"https:\\\/\\\/cklcomunicaciones.es\\\/coop\\\/\"},{\"@type\":\"ListItem\",\"position\":2,\"name\":\"Noticias Info CKL n\u00ba 2.361-17\\\/06\\\/19\"}]},{\"@type\":\"WebSite\",\"@id\":\"https:\\\/\\\/cklcomunicaciones.es\\\/coop\\\/#website\",\"url\":\"https:\\\/\\\/cklcomunicaciones.es\\\/coop\\\/\",\"name\":\"CKL Comunicaciones\",\"description\":\"Sitio web de CKL Comunicaciones coop , la consultora de comunicaci\u00f3n y estrategia\",\"potentialAction\":[{\"@type\":\"SearchAction\",\"target\":{\"@type\":\"EntryPoint\",\"urlTemplate\":\"https:\\\/\\\/cklcomunicaciones.es\\\/coop\\\/?s={search_term_string}\"},\"query-input\":{\"@type\":\"PropertyValueSpecification\",\"valueRequired\":true,\"valueName\":\"search_term_string\"}}],\"inLanguage\":\"es\"},{\"@type\":\"Person\",\"@id\":\"https:\\\/\\\/cklcomunicaciones.es\\\/coop\\\/#\\\/schema\\\/person\\\/929a6837f7626450bbb50cee1aef266e\",\"name\":\"ckl\",\"image\":{\"@type\":\"ImageObject\",\"inLanguage\":\"es\",\"@id\":\"https:\\\/\\\/secure.gravatar.com\\\/avatar\\\/c82db564e8a669bf6023357a157b9dc4780f4d4c618f2ad1d71a6a5dede45057?s=96&d=mm&r=g\",\"url\":\"https:\\\/\\\/secure.gravatar.com\\\/avatar\\\/c82db564e8a669bf6023357a157b9dc4780f4d4c618f2ad1d71a6a5dede45057?s=96&d=mm&r=g\",\"contentUrl\":\"https:\\\/\\\/secure.gravatar.com\\\/avatar\\\/c82db564e8a669bf6023357a157b9dc4780f4d4c618f2ad1d71a6a5dede45057?s=96&d=mm&r=g\",\"caption\":\"ckl\"},\"url\":\"https:\\\/\\\/cklcomunicaciones.es\\\/coop\\\/author\\\/cklcomunicaciones\\\/\"}]}<\/script>\n<!-- \/ Yoast SEO plugin. -->","yoast_head_json":{"title":"Noticias Info CKL n\u00ba 2.361-17\/06\/19-Comunicar con perspectiva de g\u00e9nero","description":"Comunicar con perspectiva de g\u00e9nero: La igualdad de g\u00e9nero genera riqueza: a\u00f1adir\u00eda 12 billones de d\u00f3lares al PIB global-Defensa y el IM firman un protocolo de colaboraci\u00f3n en pol\u00edticas de igualdad-As\u00ed se lucha contra la 'pornovenganza'","robots":{"index":"index","follow":"follow","max-snippet":"max-snippet:-1","max-image-preview":"max-image-preview:large","max-video-preview":"max-video-preview:-1"},"canonical":"https:\/\/cklcomunicaciones.es\/coop\/noticias-info-ckl-no-2-361-17-06-19\/","og_locale":"es_ES","og_type":"article","og_title":"Noticias Info CKL n\u00ba 2.361-17\/06\/19-Comunicar con perspectiva de g\u00e9nero","og_description":"Comunicar con perspectiva de g\u00e9nero: La igualdad de g\u00e9nero genera riqueza: a\u00f1adir\u00eda 12 billones de d\u00f3lares al PIB global-Defensa y el IM firman un protocolo de colaboraci\u00f3n en pol\u00edticas de igualdad-As\u00ed se lucha contra la 'pornovenganza'","og_url":"https:\/\/cklcomunicaciones.es\/coop\/noticias-info-ckl-no-2-361-17-06-19\/","og_site_name":"CKL Comunicaciones","article_published_time":"2019-06-17T12:06:56+00:00","article_modified_time":"2025-01-17T15:43:05+00:00","og_image":[{"width":500,"height":500,"url":"https:\/\/cklcomunicaciones.es\/coop\/wp-content\/uploads\/2018\/03\/CKL_comunicacion-con-perspetiva-de-genero.jpg","type":"image\/jpeg"}],"author":"ckl","twitter_card":"summary_large_image","twitter_misc":{"Escrito por":"ckl","Tiempo de lectura":"5 minutos"},"schema":{"@context":"https:\/\/schema.org","@graph":[{"@type":"Article","@id":"https:\/\/cklcomunicaciones.es\/coop\/noticias-info-ckl-no-2-361-17-06-19\/#article","isPartOf":{"@id":"https:\/\/cklcomunicaciones.es\/coop\/noticias-info-ckl-no-2-361-17-06-19\/"},"author":{"name":"ckl","@id":"https:\/\/cklcomunicaciones.es\/coop\/#\/schema\/person\/929a6837f7626450bbb50cee1aef266e"},"headline":"Noticias Info CKL n\u00ba 2.361-17\/06\/19","datePublished":"2019-06-17T12:06:56+00:00","dateModified":"2025-01-17T15:43:05+00:00","mainEntityOfPage":{"@id":"https:\/\/cklcomunicaciones.es\/coop\/noticias-info-ckl-no-2-361-17-06-19\/"},"wordCount":1101,"image":{"@id":"https:\/\/cklcomunicaciones.es\/coop\/noticias-info-ckl-no-2-361-17-06-19\/#primaryimage"},"thumbnailUrl":"http:\/\/www.cklcomunicaciones.es\/wp-content\/uploads\/2018\/03\/CKL_comunicacion-con-perspetiva-de-genero-300x300.jpg","articleSection":["Newsletter","Nwl v2.0"],"inLanguage":"es"},{"@type":"WebPage","@id":"https:\/\/cklcomunicaciones.es\/coop\/noticias-info-ckl-no-2-361-17-06-19\/","url":"https:\/\/cklcomunicaciones.es\/coop\/noticias-info-ckl-no-2-361-17-06-19\/","name":"Noticias Info CKL n\u00ba 2.361-17\/06\/19-Comunicar con perspectiva de g\u00e9nero","isPartOf":{"@id":"https:\/\/cklcomunicaciones.es\/coop\/#website"},"primaryImageOfPage":{"@id":"https:\/\/cklcomunicaciones.es\/coop\/noticias-info-ckl-no-2-361-17-06-19\/#primaryimage"},"image":{"@id":"https:\/\/cklcomunicaciones.es\/coop\/noticias-info-ckl-no-2-361-17-06-19\/#primaryimage"},"thumbnailUrl":"http:\/\/www.cklcomunicaciones.es\/wp-content\/uploads\/2018\/03\/CKL_comunicacion-con-perspetiva-de-genero-300x300.jpg","datePublished":"2019-06-17T12:06:56+00:00","dateModified":"2025-01-17T15:43:05+00:00","author":{"@id":"https:\/\/cklcomunicaciones.es\/coop\/#\/schema\/person\/929a6837f7626450bbb50cee1aef266e"},"description":"Comunicar con perspectiva de g\u00e9nero: La igualdad de g\u00e9nero genera riqueza: a\u00f1adir\u00eda 12 billones de d\u00f3lares al PIB global-Defensa y el IM firman un protocolo de colaboraci\u00f3n en pol\u00edticas de igualdad-As\u00ed se lucha contra la 'pornovenganza'","breadcrumb":{"@id":"https:\/\/cklcomunicaciones.es\/coop\/noticias-info-ckl-no-2-361-17-06-19\/#breadcrumb"},"inLanguage":"es","potentialAction":[{"@type":"ReadAction","target":["https:\/\/cklcomunicaciones.es\/coop\/noticias-info-ckl-no-2-361-17-06-19\/"]}]},{"@type":"ImageObject","inLanguage":"es","@id":"https:\/\/cklcomunicaciones.es\/coop\/noticias-info-ckl-no-2-361-17-06-19\/#primaryimage","url":"http:\/\/www.cklcomunicaciones.es\/wp-content\/uploads\/2018\/03\/CKL_comunicacion-con-perspetiva-de-genero-300x300.jpg","contentUrl":"http:\/\/www.cklcomunicaciones.es\/wp-content\/uploads\/2018\/03\/CKL_comunicacion-con-perspetiva-de-genero-300x300.jpg"},{"@type":"BreadcrumbList","@id":"https:\/\/cklcomunicaciones.es\/coop\/noticias-info-ckl-no-2-361-17-06-19\/#breadcrumb","itemListElement":[{"@type":"ListItem","position":1,"name":"Portada","item":"https:\/\/cklcomunicaciones.es\/coop\/"},{"@type":"ListItem","position":2,"name":"Noticias Info CKL n\u00ba 2.361-17\/06\/19"}]},{"@type":"WebSite","@id":"https:\/\/cklcomunicaciones.es\/coop\/#website","url":"https:\/\/cklcomunicaciones.es\/coop\/","name":"CKL Comunicaciones","description":"Sitio web de CKL Comunicaciones coop , la consultora de comunicaci\u00f3n y estrategia","potentialAction":[{"@type":"SearchAction","target":{"@type":"EntryPoint","urlTemplate":"https:\/\/cklcomunicaciones.es\/coop\/?s={search_term_string}"},"query-input":{"@type":"PropertyValueSpecification","valueRequired":true,"valueName":"search_term_string"}}],"inLanguage":"es"},{"@type":"Person","@id":"https:\/\/cklcomunicaciones.es\/coop\/#\/schema\/person\/929a6837f7626450bbb50cee1aef266e","name":"ckl","image":{"@type":"ImageObject","inLanguage":"es","@id":"https:\/\/secure.gravatar.com\/avatar\/c82db564e8a669bf6023357a157b9dc4780f4d4c618f2ad1d71a6a5dede45057?s=96&d=mm&r=g","url":"https:\/\/secure.gravatar.com\/avatar\/c82db564e8a669bf6023357a157b9dc4780f4d4c618f2ad1d71a6a5dede45057?s=96&d=mm&r=g","contentUrl":"https:\/\/secure.gravatar.com\/avatar\/c82db564e8a669bf6023357a157b9dc4780f4d4c618f2ad1d71a6a5dede45057?s=96&d=mm&r=g","caption":"ckl"},"url":"https:\/\/cklcomunicaciones.es\/coop\/author\/cklcomunicaciones\/"}]}},"_links":{"self":[{"href":"https:\/\/cklcomunicaciones.es\/coop\/wp-json\/wp\/v2\/posts\/14652","targetHints":{"allow":["GET"]}}],"collection":[{"href":"https:\/\/cklcomunicaciones.es\/coop\/wp-json\/wp\/v2\/posts"}],"about":[{"href":"https:\/\/cklcomunicaciones.es\/coop\/wp-json\/wp\/v2\/types\/post"}],"author":[{"embeddable":true,"href":"https:\/\/cklcomunicaciones.es\/coop\/wp-json\/wp\/v2\/users\/3"}],"replies":[{"embeddable":true,"href":"https:\/\/cklcomunicaciones.es\/coop\/wp-json\/wp\/v2\/comments?post=14652"}],"version-history":[{"count":0,"href":"https:\/\/cklcomunicaciones.es\/coop\/wp-json\/wp\/v2\/posts\/14652\/revisions"}],"wp:attachment":[{"href":"https:\/\/cklcomunicaciones.es\/coop\/wp-json\/wp\/v2\/media?parent=14652"}],"wp:term":[{"taxonomy":"category","embeddable":true,"href":"https:\/\/cklcomunicaciones.es\/coop\/wp-json\/wp\/v2\/categories?post=14652"},{"taxonomy":"post_tag","embeddable":true,"href":"https:\/\/cklcomunicaciones.es\/coop\/wp-json\/wp\/v2\/tags?post=14652"}],"curies":[{"name":"wp","href":"https:\/\/api.w.org\/{rel}","templated":true}]}}