{"id":14648,"date":"2019-06-12T14:00:12","date_gmt":"2019-06-12T12:00:12","guid":{"rendered":"http:\/\/www.cklcomunicaciones.es\/?p=14648"},"modified":"2025-01-17T16:43:06","modified_gmt":"2025-01-17T15:43:06","slug":"noticias-info-ckl-no-2-358-12-06-19","status":"publish","type":"post","link":"https:\/\/cklcomunicaciones.es\/coop\/noticias-info-ckl-no-2-358-12-06-19\/","title":{"rendered":"Noticias Info CKL n\u00ba 2.358-12\/06\/19"},"content":{"rendered":"<div id=\"pl-14648\"  class=\"panel-layout\" >\n<div id=\"pg-14648-0\"  class=\"panel-grid panel-no-style\"  data-style=\"{&quot;background_image_attachment&quot;:false,&quot;background_display&quot;:&quot;tile&quot;,&quot;cell_alignment&quot;:&quot;flex-start&quot;}\" >\n<div id=\"pgc-14648-0-0\"  class=\"panel-grid-cell\"  data-weight=\"1\" >\n<div id=\"panel-14648-0-0-0\" class=\"so-panel widget widget_sow-editor panel-first-child panel-last-child\" data-index=\"0\" data-style=\"{&quot;background_image_attachment&quot;:false,&quot;background_display&quot;:&quot;tile&quot;}\" >\n<div class=\"so-widget-sow-editor so-widget-sow-editor-base\">\n<div class=\"siteorigin-widget-tinymce textwidget\">\n<p><img decoding=\"async\" class=\"lazyload  wp-image-13726\" src=\"http:\/\/www.cklcomunicaciones.es\/wp-content\/uploads\/2018\/03\/CKL_comunicacion-con-perspetiva-de-genero-300x300.jpg\" data-orig-src=\"http:\/\/www.cklcomunicaciones.es\/wp-content\/uploads\/2018\/03\/CKL_comunicacion-con-perspetiva-de-genero-300x300.jpg\" alt=\"CKL_comunicacion con perspetiva de genero\" width=\"132\" height=\"132\" srcset=\"data:image\/svg+xml,%3Csvg%20xmlns%3D%27http%3A%2F%2Fwww.w3.org%2F2000%2Fsvg%27%20width%3D%27132%27%20height%3D%27132%27%20viewBox%3D%270%200%20132%20132%27%3E%3Crect%20width%3D%27132%27%20height%3D%27132%27%20fill-opacity%3D%220%22%2F%3E%3C%2Fsvg%3E\" data-srcset=\"https:\/\/cklcomunicaciones.es\/coop\/wp-content\/uploads\/2018\/03\/CKL_comunicacion-con-perspetiva-de-genero-150x150.jpg 150w, https:\/\/cklcomunicaciones.es\/coop\/wp-content\/uploads\/2018\/03\/CKL_comunicacion-con-perspetiva-de-genero-300x300.jpg 300w, https:\/\/cklcomunicaciones.es\/coop\/wp-content\/uploads\/2018\/03\/CKL_comunicacion-con-perspetiva-de-genero-450x450.jpg 450w, https:\/\/cklcomunicaciones.es\/coop\/wp-content\/uploads\/2018\/03\/CKL_comunicacion-con-perspetiva-de-genero.jpg 500w\" data-sizes=\"auto\" data-orig-sizes=\"(max-width: 132px) 100vw, 132px\" \/><\/p>\n<p id=\":wj\" class=\"hP\" tabindex=\"-1\" data-thread-perm-id=\"thread-f:1635587872810282870\" data-legacy-thread-id=\"16b2c6812dcb2f76\"><strong>Espa\u00f1a: El 23% de las mujeres trabaja a tiempo parcial, 4 veces + que los hombres-De la Vega: Es vital que las mujeres asalten la ciencia y la tecnolog\u00eda-Declaremos la Emergencia Feminista-Brecha de g\u00e9nero y Wikipedia<\/strong><\/p>\n<p tabindex=\"-1\" data-thread-perm-id=\"thread-f:1635587872810282870\" data-legacy-thread-id=\"16b2c6812dcb2f76\">[toggle type=\u00bbfirst\u00bb title=\u00bbConvocatorias\u00bb]<\/p>\n<ul>\n<li><a href=\"http:\/\/asad.es\/noticias\/curso-artivismo-por-el-medio-ambiente-con-enfoque-feminista\/\">Curso\u00a0<\/a><a href=\"http:\/\/asad.es\/noticias\/curso-artivismo-por-el-medio-ambiente-con-enfoque-feminista\/\">&#8216;<\/a><a href=\"http:\/\/asad.es\/noticias\/curso-artivismo-por-el-medio-ambiente-con-enfoque-feminista\/\">Artivismo por el medio ambiente con enfoque feminista<\/a><a href=\"http:\/\/asad.es\/noticias\/curso-artivismo-por-el-medio-ambiente-con-enfoque-feminista\/\">&#8216;<\/a>. Asociaci\u00f3n Solidaria Andaluza de Desarrollo (ASAD)\u00a0con la participaci\u00f3n de la Escuela Internacional de Circo y Teatro CAU. 20, 21,\u00a022,\u00a027\u00a0y\u00a028 de junio\u00a0de 2019<\/li>\n<li><a href=\"http:\/\/www.juntadeandalucia.es\/cultura\/caletras\/evento\/75797\/El+poemario+%27Las+ni%C3%B1as+siempre+dicen+la+verdad%27,%20de%20Rosa%20Berbel,%20se%20presenta%20en%20Sevilla?utm_source=Sevilla&amp;utm_medium=11-06&amp;utm_campaign=AgendaCAL:_Presentacion_del_poemario_%27Las_ninas_siempre_dicen_la_verdad%27,_de_Rosa_Berbel&amp;utm_content=texto&amp;utm_terms=evento\">Presentaci\u00f3n del poemario &#8216;Las ni\u00f1as siempre dicen la verdad&#8217; de Rosa Berbel<\/a>. 13 de junio de 2019<\/li>\n<\/ul>\n<p tabindex=\"-1\" data-thread-perm-id=\"thread-f:1635587872810282870\" data-legacy-thread-id=\"16b2c6812dcb2f76\">[\/toggle]<\/p>\n<p>[toggle type=\u00bbfirst\u00bb title=\u00bbComunicaci\u00f3n\u00bb]<\/p>\n<p><a href=\"https:\/\/www.publico.es\/publico-tv\/publico-al-dia\/programa\/776472\/la-larga-brecha-de-genero-que-existe-en-wikipedia\">La larga brecha de g\u00e9nero que existe tambi\u00e9n en la Wikipedia<\/a> \u2013 P\u00fablico<\/p>\n<p><a href=\"https:\/\/elpais.com\/elpais\/2019\/06\/09\/laboratorio_de_felicidad\/1560115637_718361.html\">La mente nos enga\u00f1a (y no nos damos cuenta)<\/a>&#8211; El Pa\u00eds<\/p>\n<p><a href=\"https:\/\/www.publico.es\/internacional\/norma-sarabia-asesinan-periodista-mexicana-norma-sarabia-tabasco.html\">Asesinan a la periodista mexicana Norma Sarabia\u00a0en el estado de Tabasco<\/a> \u2013 P\u00fablico<\/p>\n<p><a href=\"http:\/\/www.canalsur.es\/television\/programas\/enred\/noticia\/1444534.html\">La inteligencia artificial en Espa\u00f1a, en manos de las\u00a0mujeres<\/a>&#8211; CanalSurWeb<\/p>\n<p><a href=\"https:\/\/www.google.com\/url?rct=j&amp;sa=t&amp;url=https:\/\/diariosanitario.com\/jornada-de-psicologia-y-sociedad\/&amp;ct=ga&amp;cd=CAEYBSoUMTAxMDU1ODQ1NDI2NDAyNzUxODkyGWUxZTc3ZDE1NjA5OGE4ZTM6ZXM6ZXM6RVM&amp;usg=AFQjCNGx_GwIoIDmz6Y-PY7qcgSB4paF6w\">\u00bfD\u00f3nde est\u00e1n los l\u00edmites en la sociedad digital?<\/a>&#8211; Diario Sanitario<\/p>\n<p>[\/toggle]<\/p>\n<p>[toggle type=\u00bbfirst\u00bb title=\u00bbAndaluc\u00eda\u00bb]<\/p>\n<p><strong>Econom\u00eda y Empresas<\/strong><\/p>\n<p><a href=\"https:\/\/www.europapress.es\/andalucia\/noticia-mapa-llama-revertir-brecha-genero-clausurar-cordoba-iii-foro-nacional-mujeres-agroprofesionales-20190611190417.html\">El MAPA llama a \u00abrevertir\u00bb la brecha de g\u00e9nero al clausurar en C\u00f3rdoba el III Foro &#8230;<\/a>&#8211; Europa Press<\/p>\n<p><a href=\"https:\/\/www.mercacei.com\/noticia\/50944\/ultima-hora\/formacion-y-empoderamiento-claves-para-la-visibilidad-de-las-mujeres-en-el-sector-oleicola.html\">Formaci\u00f3n y empoderamiento, claves para la visibilidad de las mujeres en el sector oleico \u00a0&#8230;<\/a>&#8211; Mercacei<\/p>\n<p><a href=\"https:\/\/www.google.com\/url?rct=j&amp;sa=t&amp;url=https:\/\/www.20minutos.es\/noticia\/3667735\/0\/uhu-acoge-islantilla-xiii-jornadas-economia-laboral\/&amp;ct=ga&amp;cd=CAEYACoTMzM2MzcwNTQyNDMwMDQxMDMzNDIZZDc4ZTU4NzVhMGYxZjJhYzplczplczpFUw&amp;usg=AFQjCNFsuZyNA9mOsvuTg4MGirNRw25NOg\">La UHU acoge en Islantilla las XIII Jornadas de\u00a0Econom\u00eda\u00a0Laboral<\/a>&#8211; <a href=\"http:\/\/20minutos.es\">20minutos.es<\/a><\/p>\n<p><a href=\"https:\/\/www.20minutos.es\/noticia\/3667009\/0\/diez-nuevas-empresas-se-instalan-incubadoras-andalucia-emprende-que-llega-al-80-ocupacion\/\">Diez nuevas empresas se instalan en incubadoras de\u00a0Andaluc\u00eda\u00a0&#8230;<\/a>&#8211; 20minutos.es<\/p>\n<p><strong>A<\/strong><strong>ctualidad<\/strong><\/p>\n<p><a href=\"https:\/\/www.lavanguardia.com\/local\/sevilla\/20190612\/462835448387\/carmen-castilla-exige-la-recuperacion-del-dialogo-social-en-andalucia.html\">Carmen Castilla, Secretaria General de UGTA: \u201c exige la recuperaci\u00f3n del di\u00e1logo social en\u00a0Andaluc\u00eda<\/a>&#8211; La Vanguardia<\/p>\n<p><a href=\"https:\/\/www.google.com\/url?rct=j&amp;sa=t&amp;url=https:\/\/confidencialandaluz.com\/declaremos-la-emergencia-feminista\/&amp;ct=ga&amp;cd=CAEYACoSNTkyODUxMTg2NTE0MzE5MTY3MhllMmRlZmE3ZDVkYTkxNTdkOmVzOmVzOkVT&amp;usg=AFQjCNGvij21gTFU4kz4MUOD0peOmR_oug\">Declaremos la Emergencia Feminista<\/a>&#8211; Confidencial Andaluz<\/p>\n<p><a href=\"https:\/\/www.huffingtonpost.es\/entry\/el-texto-feminista-de-la-selectividad-de-andalucia-que-ha-generado-multitud-de-comentarios_es_5cff7ff9e4b06d839dc4d3ae\">El texto feminista de la Selectividad de\u00a0Andaluc\u00eda\u00a0que ha generado &#8230;<\/a>&#8211; El HuffPost<\/p>\n<p><strong>Violencias<\/strong><\/p>\n<p><a href=\"https:\/\/www.europapress.es\/andalucia\/sevilla-00357\/noticia-sindicatos-lamentan-falta-efectivos-juzgados-violencia-mujer-provincia-sevilla-20190611144547.html\">Sindicatos lamentan la \u00abfalta de efectivos\u00bb en los Juzgados de Violencia sobre la mujer de la provincia de Sevilla &#8230;<\/a>-Europa Press<\/p>\n<p><a href=\"https:\/\/www.lavanguardia.com\/vida\/20190612\/462835970426\/fiscalia-inicia-en-andalucia-unas-jornadas-de-proteccion-y-tutela-de-victimas.html\">Fiscal\u00eda inicia en\u00a0Andaluc\u00eda\u00a0unas jornadas de protecci\u00f3n y tutela de v\u00edctimas &#8230;<\/a>&#8211; La Vanguardia<strong>\u00a0<\/strong><\/p>\n<p><strong>Ciencia y Cultura<\/strong><\/p>\n<p><a href=\"http:\/\/www.juntadeandalucia.es\/presidencia\/portavoz\/143352\/ConsejeriadeCulturayPatrimonioHistorico\/JuntadeAndalucia\/PatriciadelPozo\/FundacionCristinaHeeren\/LeydelFlamenco\">Patricia del Pozo anuncia un grupo de trabajo para dise\u00f1ar la Ley del Flamenco<\/a> <strong>\u2013 <\/strong>Oficina del Portavoz<a href=\"https:\/\/www.google.com\/url?rct=j&amp;sa=t&amp;url=https:\/\/www.20minutos.es\/noticia\/3667256\/0\/cursos-verano-upo-abordaran-violencia-adolescencia-ante-preocupante-aumento-casos\/&amp;ct=ga&amp;cd=CAEYACoUMTAxMDU1ODQ1NDI2NDAyNzUxODkyGWUxZTc3ZDE1NjA5OGE4ZTM6ZXM6ZXM6RVM&amp;usg=AFQjCNGDKVby9xGIDRGKsCm43-FCN98Cnw\"><br \/>\nLos cursos de verano de la UPO abordar\u00e1n la\u00a0violencia\u00a0en la adolescencia ante el \u00abpreocupante ..-<\/a>20minutos.es<\/p>\n<p><a href=\"https:\/\/www.20minutos.es\/noticia\/3665525\/0\/le-parody-empece-producir-timidamente-referencias-mujeres\/\">Le Parody: \u00abEmpec\u00e9 a producir t\u00edmidamente, no ten\u00eda referencias de &#8230;<\/a>&#8211; 20minutos.es<\/p>\n<p><a href=\"https:\/\/www.elmundo.es\/andalucia\/2019\/06\/11\/5cffd5d2fdddff68718b464b.html\">El Flamenco Festival crece en Londres<\/a>\u2013 El Mundo<strong>\u00a0<\/strong><\/p>\n<p><strong>Deporte<\/strong><\/p>\n<p><a href=\"https:\/\/www.elmundo.es\/deportes\/futbol\/futbol-femenino\/2019\/06\/12\/5cffee58fdddffbe838b4627.html\">Celia Jim\u00e9nez, entre el bal\u00f3n y la mec\u00e1nica de fluidos<\/a> \u2013 El Mundo<\/p>\n<p><a href=\"https:\/\/huelvaya.es\/2019\/06\/12\/oro-para-manuela-rodriguez-y-antonio-j-aguilar-en-el-andaluz-de-media-maraton\/\">Oro para Manuela Rodr\u00edguez en el\u00a0Andaluz\u00a0de Media Marat\u00f3n&#8230;<\/a>&#8211; HuelvaYA<\/p>\n<p><a href=\"https:\/\/www.malagahoy.es\/deportes\/Diputacion-programa-Ceptalk-deporte-visibilizar_0_1363064145.html\">La Diputaci\u00f3n de M\u00e1laga lanza el programa &#8216;Ceptalk&#8217; para visibilizar el papel de la mujer en el deporte..<\/a>&#8211; M\u00e1laga Hoy<\/p>\n<p><a href=\"https:\/\/www.horajaen.com\/2019\/06\/12\/mas-de-doscientas-jugadoras-participan-en-la-copa-delegada-del-gobierno-de-futbol-y-futbol-sala\/\">M\u00e1s de doscientas jugadoras participan en la Copa Delegada del &#8230;<\/a>&#8211; HoraJa\u00e9n<\/p>\n<p>[\/toggle]<\/p>\n<p>[toggle type=\u00bbfirst\u00bb title=\u00bbEstado\u00bb]<\/p>\n<p><strong>Institucional<\/strong><\/p>\n<p><a href=\"https:\/\/www.europapress.es\/epsocial\/igualdad\/noticia-defensor-pueblo-pide-suspender-patria-potestad-regimen-visitas-presuntos-maltratadores-20190611162852.html\">El Defensor del Pueblo pide suspender la patria potestad y el r\u00e9gimen &#8230;<\/a>&#8211; Europa Press<\/p>\n<p><strong>\u00a0<\/strong><\/p>\n<p><strong>Institucional-CCAA<\/strong><\/p>\n<p><a href=\"https:\/\/www.google.com\/url?rct=j&amp;sa=t&amp;url=https:\/\/www.noticiasde.es\/extremadura\/el-imex-destaca-el-resultado-del-programa-de-acciones-desarrollado-a-traves-del-fondo-social-europeo\/&amp;ct=ga&amp;cd=CAEYAioTMjE1Njg3NDExMzc0MzA5ODcxNDIZYzAzNzJlYmMyZmVhZGE1OTplczplczpFUw&amp;usg=AFQjCNG-lVf_q9SAGRY6n3kawsDo4lbPtg\">EL Instituto de la Mujer de Extremadura destaca el resultado del programa de acciones desarrollado a trav\u00e9s del Fondo Social &#8230;<\/a>&#8211; NoticiasDe.es <a href=\"https:\/\/www.google.com\/url?rct=j&amp;sa=t&amp;url=https:\/\/www.lavanguardia.com\/local\/valencia\/20190611\/462800621611\/oltra-cada-vez-que-asesinan-a-una-mujer-nos-asesinan-un-poco-a-todos.html&amp;ct=ga&amp;cd=CAEYAioUMTM4MDUzMzk2NjY2MzY3Mjk0NzcyGWMwMzcyZWJjMmZlYWRhNTk6ZXM6ZXM6RVM&amp;usg=AFQjCNHEY50I7YLdGldlfIhB-JkclEv1Jw\"><br \/>\nOltra: Cada vez que asesinan a una\u00a0mujer, nos asesinan un poco a todos<\/a>&#8211; La Vanguardia<\/p>\n<p>&nbsp;<\/p>\n<p><strong>Econom\u00eda y Empresa<\/strong><\/p>\n<p><a href=\"https:\/\/www.latribunadetoledo.es\/noticia\/ZCD827B80-099B-5C4E-8A111096164B8259\/201906\/murillo-aboga-por-curriculum-ciegos-contra-la-desigualdad\">Murillo, Secretaria de Estado de Igualdad, aboga por curr\u00edculum ciegos contra la desigualdad<\/a>&#8211; Tribuna de Toledo<\/p>\n<p><a href=\"https:\/\/www.abc.es\/economia\/abci-provincia-espanola-donde-mujeres-cotizan-mas-hombres-201906120203_noticia.html\">La provincia espa\u00f1ola donde hay m\u00e1s\u00a0mujeres\u00a0cotizando que hombres<\/a>&#8211; Abc.es<\/p>\n<p><a href=\"https:\/\/www.publico.es\/economia\/23-mujeres-parcial-espana-cuatro-veces-hombres.html\">El 23% de las mujeres trabaja a tiempo parcial en Espa\u00f1a, casi cuatro veces m\u00e1s que los hombres<\/a>-P\u00fablico<\/p>\n<p><a href=\"https:\/\/diarioresponsable.com\/noticias\/27789-genero-y-eleccion-de-sectores-de-actividad-empresarial-una-jerarquia-de-ingresos\">Jerarqu\u00eda de ingresos: la brecha salarial de g\u00e9nero se explica en gran parte por la elecci\u00f3n del sector empresarial&#8230;<\/a>&#8211; Diario Responsable<\/p>\n<p><strong>Actualidad<\/strong><\/p>\n<p><a href=\"https:\/\/www.cope.es\/actualidad\/internacional\/noticias\/vega-vital-que-las-mujeres-asalten-ciencia-tecnologia-20190611_434140\">De la Vega: Es vital que las\u00a0mujeres\u00a0\u00abasalten\u00bb la ciencia y la tecnolog\u00eda<\/a>&#8211; Cope<\/p>\n<p><a href=\"https:\/\/www.mujeremprendedora.net\/concha-diaz-nueva-presidenta-fundacion-cermi-mujeres\/\">Concha D\u00edaz, nueva presidenta de la Fundaci\u00f3n CERMI Mujeres<\/a>&#8211; Mujeremprendedora.net<\/p>\n<p><a href=\"https:\/\/www.publico.es\/economia\/conciliacion-laboral-195-restaurantes-espanoles-estrellas-michelin-18-mujer-frente.html\">Menos del 10% de los restaurantes con estrella Michelin tienen a una mujer al frente<\/a> \u2013P\u00fablico<\/p>\n<p><a href=\"https:\/\/www.mujeremprendedora.net\/como-fue-vida-abuela-premio-mejor-clipmetraje-manos-unidas\/\">\u2018\u00bfC\u00f3mo fue tu vida abuela?\u2019, Premio al Mejor Clipmetraje de Manos Unidas<\/a> &#8211; Mujeremprendedora.net<\/p>\n<p><a href=\"https:\/\/www.elmundo.es\/internacional\/2019\/06\/12\/5cfffb58fdddff0bb28b4631.html\">S\u00e1hara Occidental: un conflicto que late sin guerra pero sin paz<\/a> \u2013 El Mundo<\/p>\n<p>&nbsp;<\/p>\n<p><strong>Violencia<\/strong><\/p>\n<p><a href=\"https:\/\/www.publico.es\/sociedad\/abusos-sexuales-infancia-tres-horas-denuncia-abuso-sexual-menor-espana-70-casos-llega-juicio.html\">Cada tres horas se denuncia un abuso sexual hacia un menor en Espa\u00f1a, pero el 70% de los casos nunca llega a juicio<\/a> &#8211; P\u00fablico<a href=\"https:\/\/www.huffingtonpost.es\/entry\/violencia-de-genero-1000-60-60-60-60_es_5cfffd78e4b0e7e7816e9368\"><br \/>\nViolencia de g\u00e9nero: 1.000 = 60 + 60 + 60 + 60\u2026<\/a>&#8211; El HuffPost<\/p>\n<p><strong>Ciencia y Cultura<\/strong><\/p>\n<p><a href=\"https:\/\/www.mujeremprendedora.net\/concepcion-alicia-monje-micharet-en-espana-sector-investigador-sufre-falta-financiacion-fuga-mentes\/\">Concepci\u00f3n Alicia Monje, investigadora: \u201c En Espa\u00f1a, el sector investigador sufre de falta de financiaci\u00f3n y fuga de mentes\u201d<\/a>&#8211; Mujeremprendedora.net<\/p>\n<p><a href=\"https:\/\/www.google.com\/url?rct=j&amp;sa=t&amp;url=https:\/\/elpais.com\/sociedad\/2019\/06\/11\/actualidad\/1560269130_885809.html&amp;ct=ga&amp;cd=CAEYAioUMTc2MTA5MTM2MjM0Mzc3Mzc5MTUyGWMwMzcyZWJjMmZlYWRhNTk6ZXM6ZXM6RVM&amp;usg=AFQjCNFOtoN2QocS93vTvTLjL8q3VepRlQ\">UAM: tolerancia y participaci\u00f3n en un campus sostenible<\/a>&#8211; El Pa\u00eds<\/p>\n<p><a href=\"https:\/\/www.elmundo.es\/yodona\/entrevistas\/2019\/06\/12\/5cf10648fc6c8301558b4636.html\">Ivana Vaquero: \u00bbMi mayor decepci\u00f3n es la falta de acci\u00f3n ante el cambio clim\u00e1tico\u00bb<\/a><\/p>\n<p><a href=\"https:\/\/www.mujeremprendedora.net\/la-mar-de-musicas-acogera-maria-de-medeiros-cineasta-y-cantante\/\">La Mar de M\u00fasicas acoger\u00e1 a la Mar\u00eda de Medeiros cineasta y cantante \u2026 <\/a>\u00a0&#8211; Mujeremprendedora.net<\/p>\n<p><strong>Deporte\u00a0<\/strong><\/p>\n<p><a href=\"https:\/\/elpais.com\/deportes\/2019\/06\/11\/actualidad\/1560245959_303957.html\">Espa\u00f1a, ante la cruda Alemania<\/a>&#8211; El Pa\u00eds<\/p>\n<p><a href=\"https:\/\/www.servimedia.es\/noticias\/1144317\">Iberdrola apoya a m\u00e1s de 20.000 mujeres deportistas en Espa\u00f1a ..- <\/a>Servimedia<\/p>\n<p>[\/toggle]<\/p>\n<p>[toggle type=\u00bbfirst\u00bb title=\u00bbInternacional\u00bb]<\/p>\n<p><a href=\"https:\/\/www.invertia.com\/es\/noticias\/economia\/20190612\/en-que-paises-europeos-hay-mas-mujeres-trabajando-a-tiempo-parcial-277382\">\u00bfEn qu\u00e9 pa\u00edses europeos hay m\u00e1s\u00a0mujeres\u00a0trabajando a tiempo parcial? &#8230;<\/a>&#8211; Invertia-<\/p>\n<p><a href=\"https:\/\/tecreview.tec.mx\/la-brecha-genero-se-agranda-senala-cherie-blair\/\">La brecha de g\u00e9nero se agranda, se\u00f1ala Cherie Blair, Presidenta de la Fundaci\u00f3n ExxonMobil\u2026<\/a>&#8211; TecReview<\/p>\n<p><a href=\"https:\/\/ctxt.es\/es\/20190605\/Politica\/26489\/Carlos-Bajo-Stella-Nyanzi-activista-ugandesa-feminismo-derechos-lgtbi.htm\">El feminismo m\u00e1s descarado planta cara al presidente de Uganda<\/a> &#8211; P\u00fablico<\/p>\n<p><a href=\"https:\/\/www.eldia.com\/nota\/2019-6-12-2-3-29-las-mujeres-y-el-poder-politico-en-paraguay-opinion\">Las\u00a0mujeres\u00a0y el poder pol\u00edtico en Paraguay<\/a>&#8211; Diario El D\u00eda<\/p>\n<p><a href=\"https:\/\/feminismos.ladiaria.com.uy\/articulo\/2019\/6\/41-de-las-mujeres-en-edad-reproductiva-vive-en-paises-donde-el-aborto-es-ilegal-o-esta-restringido\/\">41% de las\u00a0mujeres\u00a0en edad reproductiva vive en pa\u00edses donde el aborto es ilegal o est\u00e1 restringido&#8230;<\/a>&#8211; la diaria<a href=\"http:\/\/blogs.lavanguardia.com\/planeta-solidario\/2019\/06\/12\/genero-y-trabajo-infantil-cuando-las-ninas-son-las-grandes-olvidadas-41349\/\"><br \/>\nG\u00e9nero y trabajo infantil: cuando las ni\u00f1as son las grandes olvidadas<\/a>&#8211; La Vanguardia<\/p>\n<p><a href=\"https:\/\/www.elmundo.es\/f5\/escucha\/2019\/04\/01\/5ca22342fdddff02a48b4687.html\">Bad guy, de Billie Eilish: letra en espa\u00f1ol y v\u00eddeo<\/a>&#8211; El Mundo<\/p>\n<p><a href=\"https:\/\/es-us.finanzas.yahoo.com\/noticias\/un-maniqui-femenino-con-sobrepeso-de-nike-esta-en-el-punto-de-mira-122933139.html\">Un maniqu\u00ed\u00a0femenino\u00a0con sobrepeso de Nike, en el punto de mira<\/a>&#8211; Yahoo Deportes<\/p>\n<p><a href=\"http:\/\/www.expansion.com\/directivos\/deporte-negocio\/2019\/06\/12\/5cfe5a29468aeb065d8b4655.html\">Visa equipara el f\u00fatbol femenino con el masculino<\/a>&#8211; Expansi\u00f3n.com<\/p>\n<p>[\/toggle]<\/p>\n<\/div>\n<\/div>\n<\/div>\n<\/div>\n<\/div>\n<\/div>\n","protected":false},"excerpt":{"rendered":"<p>Espa\u00f1a: El 23% de las mujeres trabaja a tiempo parcial, <a href=\"https:\/\/cklcomunicaciones.es\/coop\/noticias-info-ckl-no-2-358-12-06-19\/\">[&#8230;]<\/a><\/p>\n","protected":false},"author":3,"featured_media":0,"comment_status":"closed","ping_status":"closed","sticky":false,"template":"","format":"standard","meta":{"footnotes":""},"categories":[298,623],"tags":[],"class_list":["post-14648","post","type-post","status-publish","format-standard","hentry","category-newsletter","category-nwl-2-0"],"yoast_head":"<!-- This site is optimized with the Yoast SEO plugin v27.4 - https:\/\/yoast.com\/product\/yoast-seo-wordpress\/ -->\n<title>Noticias Info CKL n\u00ba 2.358-12\/06\/19-Comunicar con perspectiva de g\u00e9nero<\/title>\n<meta name=\"description\" content=\"Comunicar con perspectiva de g\u00e9nero: Espa\u00f1a: El 23% de las mujeres trabaja a tiempo parcial, 4 veces + que los hombres-De la Vega: Es vital que las mujeres asalten la ciencia y la tecnolog\u00eda-Declaremos la Emergencia Feminista-Brecha de g\u00e9nero y Wikipedia\" \/>\n<meta name=\"robots\" content=\"index, follow, max-snippet:-1, max-image-preview:large, max-video-preview:-1\" \/>\n<link rel=\"canonical\" href=\"https:\/\/cklcomunicaciones.es\/coop\/noticias-info-ckl-no-2-358-12-06-19\/\" \/>\n<meta property=\"og:locale\" content=\"es_ES\" \/>\n<meta property=\"og:type\" content=\"article\" \/>\n<meta property=\"og:title\" content=\"Noticias Info CKL n\u00ba 2.358-12\/06\/19-Comunicar con perspectiva de g\u00e9nero\" \/>\n<meta property=\"og:description\" content=\"Comunicar con perspectiva de g\u00e9nero: Espa\u00f1a: El 23% de las mujeres trabaja a tiempo parcial, 4 veces + que los hombres-De la Vega: Es vital que las mujeres asalten la ciencia y la tecnolog\u00eda-Declaremos la Emergencia Feminista-Brecha de g\u00e9nero y Wikipedia\" \/>\n<meta property=\"og:url\" content=\"https:\/\/cklcomunicaciones.es\/coop\/noticias-info-ckl-no-2-358-12-06-19\/\" \/>\n<meta property=\"og:site_name\" content=\"CKL Comunicaciones\" \/>\n<meta property=\"article:published_time\" content=\"2019-06-12T12:00:12+00:00\" \/>\n<meta property=\"article:modified_time\" content=\"2025-01-17T15:43:06+00:00\" \/>\n<meta property=\"og:image\" content=\"https:\/\/cklcomunicaciones.es\/coop\/wp-content\/uploads\/2018\/03\/CKL_comunicacion-con-perspetiva-de-genero.jpg\" \/>\n\t<meta property=\"og:image:width\" content=\"500\" \/>\n\t<meta property=\"og:image:height\" content=\"500\" \/>\n\t<meta property=\"og:image:type\" content=\"image\/jpeg\" \/>\n<meta name=\"author\" content=\"ckl\" \/>\n<meta name=\"twitter:card\" content=\"summary_large_image\" \/>\n<meta name=\"twitter:label1\" content=\"Escrito por\" \/>\n\t<meta name=\"twitter:data1\" content=\"ckl\" \/>\n\t<meta name=\"twitter:label2\" content=\"Tiempo de lectura\" \/>\n\t<meta name=\"twitter:data2\" content=\"5 minutos\" \/>\n<script type=\"application\/ld+json\" class=\"yoast-schema-graph\">{\"@context\":\"https:\\\/\\\/schema.org\",\"@graph\":[{\"@type\":\"Article\",\"@id\":\"https:\\\/\\\/cklcomunicaciones.es\\\/coop\\\/noticias-info-ckl-no-2-358-12-06-19\\\/#article\",\"isPartOf\":{\"@id\":\"https:\\\/\\\/cklcomunicaciones.es\\\/coop\\\/noticias-info-ckl-no-2-358-12-06-19\\\/\"},\"author\":{\"name\":\"ckl\",\"@id\":\"https:\\\/\\\/cklcomunicaciones.es\\\/coop\\\/#\\\/schema\\\/person\\\/929a6837f7626450bbb50cee1aef266e\"},\"headline\":\"Noticias Info CKL n\u00ba 2.358-12\\\/06\\\/19\",\"datePublished\":\"2019-06-12T12:00:12+00:00\",\"dateModified\":\"2025-01-17T15:43:06+00:00\",\"mainEntityOfPage\":{\"@id\":\"https:\\\/\\\/cklcomunicaciones.es\\\/coop\\\/noticias-info-ckl-no-2-358-12-06-19\\\/\"},\"wordCount\":960,\"image\":{\"@id\":\"https:\\\/\\\/cklcomunicaciones.es\\\/coop\\\/noticias-info-ckl-no-2-358-12-06-19\\\/#primaryimage\"},\"thumbnailUrl\":\"http:\\\/\\\/www.cklcomunicaciones.es\\\/wp-content\\\/uploads\\\/2018\\\/03\\\/CKL_comunicacion-con-perspetiva-de-genero-300x300.jpg\",\"articleSection\":[\"Newsletter\",\"Nwl v2.0\"],\"inLanguage\":\"es\"},{\"@type\":\"WebPage\",\"@id\":\"https:\\\/\\\/cklcomunicaciones.es\\\/coop\\\/noticias-info-ckl-no-2-358-12-06-19\\\/\",\"url\":\"https:\\\/\\\/cklcomunicaciones.es\\\/coop\\\/noticias-info-ckl-no-2-358-12-06-19\\\/\",\"name\":\"Noticias Info CKL n\u00ba 2.358-12\\\/06\\\/19-Comunicar con perspectiva de g\u00e9nero\",\"isPartOf\":{\"@id\":\"https:\\\/\\\/cklcomunicaciones.es\\\/coop\\\/#website\"},\"primaryImageOfPage\":{\"@id\":\"https:\\\/\\\/cklcomunicaciones.es\\\/coop\\\/noticias-info-ckl-no-2-358-12-06-19\\\/#primaryimage\"},\"image\":{\"@id\":\"https:\\\/\\\/cklcomunicaciones.es\\\/coop\\\/noticias-info-ckl-no-2-358-12-06-19\\\/#primaryimage\"},\"thumbnailUrl\":\"http:\\\/\\\/www.cklcomunicaciones.es\\\/wp-content\\\/uploads\\\/2018\\\/03\\\/CKL_comunicacion-con-perspetiva-de-genero-300x300.jpg\",\"datePublished\":\"2019-06-12T12:00:12+00:00\",\"dateModified\":\"2025-01-17T15:43:06+00:00\",\"author\":{\"@id\":\"https:\\\/\\\/cklcomunicaciones.es\\\/coop\\\/#\\\/schema\\\/person\\\/929a6837f7626450bbb50cee1aef266e\"},\"description\":\"Comunicar con perspectiva de g\u00e9nero: Espa\u00f1a: El 23% de las mujeres trabaja a tiempo parcial, 4 veces + que los hombres-De la Vega: Es vital que las mujeres asalten la ciencia y la tecnolog\u00eda-Declaremos la Emergencia Feminista-Brecha de g\u00e9nero y Wikipedia\",\"breadcrumb\":{\"@id\":\"https:\\\/\\\/cklcomunicaciones.es\\\/coop\\\/noticias-info-ckl-no-2-358-12-06-19\\\/#breadcrumb\"},\"inLanguage\":\"es\",\"potentialAction\":[{\"@type\":\"ReadAction\",\"target\":[\"https:\\\/\\\/cklcomunicaciones.es\\\/coop\\\/noticias-info-ckl-no-2-358-12-06-19\\\/\"]}]},{\"@type\":\"ImageObject\",\"inLanguage\":\"es\",\"@id\":\"https:\\\/\\\/cklcomunicaciones.es\\\/coop\\\/noticias-info-ckl-no-2-358-12-06-19\\\/#primaryimage\",\"url\":\"http:\\\/\\\/www.cklcomunicaciones.es\\\/wp-content\\\/uploads\\\/2018\\\/03\\\/CKL_comunicacion-con-perspetiva-de-genero-300x300.jpg\",\"contentUrl\":\"http:\\\/\\\/www.cklcomunicaciones.es\\\/wp-content\\\/uploads\\\/2018\\\/03\\\/CKL_comunicacion-con-perspetiva-de-genero-300x300.jpg\"},{\"@type\":\"BreadcrumbList\",\"@id\":\"https:\\\/\\\/cklcomunicaciones.es\\\/coop\\\/noticias-info-ckl-no-2-358-12-06-19\\\/#breadcrumb\",\"itemListElement\":[{\"@type\":\"ListItem\",\"position\":1,\"name\":\"Portada\",\"item\":\"https:\\\/\\\/cklcomunicaciones.es\\\/coop\\\/\"},{\"@type\":\"ListItem\",\"position\":2,\"name\":\"Noticias Info CKL n\u00ba 2.358-12\\\/06\\\/19\"}]},{\"@type\":\"WebSite\",\"@id\":\"https:\\\/\\\/cklcomunicaciones.es\\\/coop\\\/#website\",\"url\":\"https:\\\/\\\/cklcomunicaciones.es\\\/coop\\\/\",\"name\":\"CKL Comunicaciones\",\"description\":\"Sitio web de CKL Comunicaciones coop , la consultora de comunicaci\u00f3n y estrategia\",\"potentialAction\":[{\"@type\":\"SearchAction\",\"target\":{\"@type\":\"EntryPoint\",\"urlTemplate\":\"https:\\\/\\\/cklcomunicaciones.es\\\/coop\\\/?s={search_term_string}\"},\"query-input\":{\"@type\":\"PropertyValueSpecification\",\"valueRequired\":true,\"valueName\":\"search_term_string\"}}],\"inLanguage\":\"es\"},{\"@type\":\"Person\",\"@id\":\"https:\\\/\\\/cklcomunicaciones.es\\\/coop\\\/#\\\/schema\\\/person\\\/929a6837f7626450bbb50cee1aef266e\",\"name\":\"ckl\",\"image\":{\"@type\":\"ImageObject\",\"inLanguage\":\"es\",\"@id\":\"https:\\\/\\\/secure.gravatar.com\\\/avatar\\\/c82db564e8a669bf6023357a157b9dc4780f4d4c618f2ad1d71a6a5dede45057?s=96&d=mm&r=g\",\"url\":\"https:\\\/\\\/secure.gravatar.com\\\/avatar\\\/c82db564e8a669bf6023357a157b9dc4780f4d4c618f2ad1d71a6a5dede45057?s=96&d=mm&r=g\",\"contentUrl\":\"https:\\\/\\\/secure.gravatar.com\\\/avatar\\\/c82db564e8a669bf6023357a157b9dc4780f4d4c618f2ad1d71a6a5dede45057?s=96&d=mm&r=g\",\"caption\":\"ckl\"},\"url\":\"https:\\\/\\\/cklcomunicaciones.es\\\/coop\\\/author\\\/cklcomunicaciones\\\/\"}]}<\/script>\n<!-- \/ Yoast SEO plugin. -->","yoast_head_json":{"title":"Noticias Info CKL n\u00ba 2.358-12\/06\/19-Comunicar con perspectiva de g\u00e9nero","description":"Comunicar con perspectiva de g\u00e9nero: Espa\u00f1a: El 23% de las mujeres trabaja a tiempo parcial, 4 veces + que los hombres-De la Vega: Es vital que las mujeres asalten la ciencia y la tecnolog\u00eda-Declaremos la Emergencia Feminista-Brecha de g\u00e9nero y Wikipedia","robots":{"index":"index","follow":"follow","max-snippet":"max-snippet:-1","max-image-preview":"max-image-preview:large","max-video-preview":"max-video-preview:-1"},"canonical":"https:\/\/cklcomunicaciones.es\/coop\/noticias-info-ckl-no-2-358-12-06-19\/","og_locale":"es_ES","og_type":"article","og_title":"Noticias Info CKL n\u00ba 2.358-12\/06\/19-Comunicar con perspectiva de g\u00e9nero","og_description":"Comunicar con perspectiva de g\u00e9nero: Espa\u00f1a: El 23% de las mujeres trabaja a tiempo parcial, 4 veces + que los hombres-De la Vega: Es vital que las mujeres asalten la ciencia y la tecnolog\u00eda-Declaremos la Emergencia Feminista-Brecha de g\u00e9nero y Wikipedia","og_url":"https:\/\/cklcomunicaciones.es\/coop\/noticias-info-ckl-no-2-358-12-06-19\/","og_site_name":"CKL Comunicaciones","article_published_time":"2019-06-12T12:00:12+00:00","article_modified_time":"2025-01-17T15:43:06+00:00","og_image":[{"width":500,"height":500,"url":"https:\/\/cklcomunicaciones.es\/coop\/wp-content\/uploads\/2018\/03\/CKL_comunicacion-con-perspetiva-de-genero.jpg","type":"image\/jpeg"}],"author":"ckl","twitter_card":"summary_large_image","twitter_misc":{"Escrito por":"ckl","Tiempo de lectura":"5 minutos"},"schema":{"@context":"https:\/\/schema.org","@graph":[{"@type":"Article","@id":"https:\/\/cklcomunicaciones.es\/coop\/noticias-info-ckl-no-2-358-12-06-19\/#article","isPartOf":{"@id":"https:\/\/cklcomunicaciones.es\/coop\/noticias-info-ckl-no-2-358-12-06-19\/"},"author":{"name":"ckl","@id":"https:\/\/cklcomunicaciones.es\/coop\/#\/schema\/person\/929a6837f7626450bbb50cee1aef266e"},"headline":"Noticias Info CKL n\u00ba 2.358-12\/06\/19","datePublished":"2019-06-12T12:00:12+00:00","dateModified":"2025-01-17T15:43:06+00:00","mainEntityOfPage":{"@id":"https:\/\/cklcomunicaciones.es\/coop\/noticias-info-ckl-no-2-358-12-06-19\/"},"wordCount":960,"image":{"@id":"https:\/\/cklcomunicaciones.es\/coop\/noticias-info-ckl-no-2-358-12-06-19\/#primaryimage"},"thumbnailUrl":"http:\/\/www.cklcomunicaciones.es\/wp-content\/uploads\/2018\/03\/CKL_comunicacion-con-perspetiva-de-genero-300x300.jpg","articleSection":["Newsletter","Nwl v2.0"],"inLanguage":"es"},{"@type":"WebPage","@id":"https:\/\/cklcomunicaciones.es\/coop\/noticias-info-ckl-no-2-358-12-06-19\/","url":"https:\/\/cklcomunicaciones.es\/coop\/noticias-info-ckl-no-2-358-12-06-19\/","name":"Noticias Info CKL n\u00ba 2.358-12\/06\/19-Comunicar con perspectiva de g\u00e9nero","isPartOf":{"@id":"https:\/\/cklcomunicaciones.es\/coop\/#website"},"primaryImageOfPage":{"@id":"https:\/\/cklcomunicaciones.es\/coop\/noticias-info-ckl-no-2-358-12-06-19\/#primaryimage"},"image":{"@id":"https:\/\/cklcomunicaciones.es\/coop\/noticias-info-ckl-no-2-358-12-06-19\/#primaryimage"},"thumbnailUrl":"http:\/\/www.cklcomunicaciones.es\/wp-content\/uploads\/2018\/03\/CKL_comunicacion-con-perspetiva-de-genero-300x300.jpg","datePublished":"2019-06-12T12:00:12+00:00","dateModified":"2025-01-17T15:43:06+00:00","author":{"@id":"https:\/\/cklcomunicaciones.es\/coop\/#\/schema\/person\/929a6837f7626450bbb50cee1aef266e"},"description":"Comunicar con perspectiva de g\u00e9nero: Espa\u00f1a: El 23% de las mujeres trabaja a tiempo parcial, 4 veces + que los hombres-De la Vega: Es vital que las mujeres asalten la ciencia y la tecnolog\u00eda-Declaremos la Emergencia Feminista-Brecha de g\u00e9nero y Wikipedia","breadcrumb":{"@id":"https:\/\/cklcomunicaciones.es\/coop\/noticias-info-ckl-no-2-358-12-06-19\/#breadcrumb"},"inLanguage":"es","potentialAction":[{"@type":"ReadAction","target":["https:\/\/cklcomunicaciones.es\/coop\/noticias-info-ckl-no-2-358-12-06-19\/"]}]},{"@type":"ImageObject","inLanguage":"es","@id":"https:\/\/cklcomunicaciones.es\/coop\/noticias-info-ckl-no-2-358-12-06-19\/#primaryimage","url":"http:\/\/www.cklcomunicaciones.es\/wp-content\/uploads\/2018\/03\/CKL_comunicacion-con-perspetiva-de-genero-300x300.jpg","contentUrl":"http:\/\/www.cklcomunicaciones.es\/wp-content\/uploads\/2018\/03\/CKL_comunicacion-con-perspetiva-de-genero-300x300.jpg"},{"@type":"BreadcrumbList","@id":"https:\/\/cklcomunicaciones.es\/coop\/noticias-info-ckl-no-2-358-12-06-19\/#breadcrumb","itemListElement":[{"@type":"ListItem","position":1,"name":"Portada","item":"https:\/\/cklcomunicaciones.es\/coop\/"},{"@type":"ListItem","position":2,"name":"Noticias Info CKL n\u00ba 2.358-12\/06\/19"}]},{"@type":"WebSite","@id":"https:\/\/cklcomunicaciones.es\/coop\/#website","url":"https:\/\/cklcomunicaciones.es\/coop\/","name":"CKL Comunicaciones","description":"Sitio web de CKL Comunicaciones coop , la consultora de comunicaci\u00f3n y estrategia","potentialAction":[{"@type":"SearchAction","target":{"@type":"EntryPoint","urlTemplate":"https:\/\/cklcomunicaciones.es\/coop\/?s={search_term_string}"},"query-input":{"@type":"PropertyValueSpecification","valueRequired":true,"valueName":"search_term_string"}}],"inLanguage":"es"},{"@type":"Person","@id":"https:\/\/cklcomunicaciones.es\/coop\/#\/schema\/person\/929a6837f7626450bbb50cee1aef266e","name":"ckl","image":{"@type":"ImageObject","inLanguage":"es","@id":"https:\/\/secure.gravatar.com\/avatar\/c82db564e8a669bf6023357a157b9dc4780f4d4c618f2ad1d71a6a5dede45057?s=96&d=mm&r=g","url":"https:\/\/secure.gravatar.com\/avatar\/c82db564e8a669bf6023357a157b9dc4780f4d4c618f2ad1d71a6a5dede45057?s=96&d=mm&r=g","contentUrl":"https:\/\/secure.gravatar.com\/avatar\/c82db564e8a669bf6023357a157b9dc4780f4d4c618f2ad1d71a6a5dede45057?s=96&d=mm&r=g","caption":"ckl"},"url":"https:\/\/cklcomunicaciones.es\/coop\/author\/cklcomunicaciones\/"}]}},"_links":{"self":[{"href":"https:\/\/cklcomunicaciones.es\/coop\/wp-json\/wp\/v2\/posts\/14648","targetHints":{"allow":["GET"]}}],"collection":[{"href":"https:\/\/cklcomunicaciones.es\/coop\/wp-json\/wp\/v2\/posts"}],"about":[{"href":"https:\/\/cklcomunicaciones.es\/coop\/wp-json\/wp\/v2\/types\/post"}],"author":[{"embeddable":true,"href":"https:\/\/cklcomunicaciones.es\/coop\/wp-json\/wp\/v2\/users\/3"}],"replies":[{"embeddable":true,"href":"https:\/\/cklcomunicaciones.es\/coop\/wp-json\/wp\/v2\/comments?post=14648"}],"version-history":[{"count":0,"href":"https:\/\/cklcomunicaciones.es\/coop\/wp-json\/wp\/v2\/posts\/14648\/revisions"}],"wp:attachment":[{"href":"https:\/\/cklcomunicaciones.es\/coop\/wp-json\/wp\/v2\/media?parent=14648"}],"wp:term":[{"taxonomy":"category","embeddable":true,"href":"https:\/\/cklcomunicaciones.es\/coop\/wp-json\/wp\/v2\/categories?post=14648"},{"taxonomy":"post_tag","embeddable":true,"href":"https:\/\/cklcomunicaciones.es\/coop\/wp-json\/wp\/v2\/tags?post=14648"}],"curies":[{"name":"wp","href":"https:\/\/api.w.org\/{rel}","templated":true}]}}