{"id":14644,"date":"2019-06-10T15:05:07","date_gmt":"2019-06-10T13:05:07","guid":{"rendered":"http:\/\/www.cklcomunicaciones.es\/?p=14644"},"modified":"2025-01-17T16:43:06","modified_gmt":"2025-01-17T15:43:06","slug":"noticias-info-ckl-no-2-356-10-06-19","status":"publish","type":"post","link":"https:\/\/cklcomunicaciones.es\/coop\/noticias-info-ckl-no-2-356-10-06-19\/","title":{"rendered":"Noticias Info CKL n\u00ba 2.356-10\/06\/19"},"content":{"rendered":"<div id=\"pl-14644\"  class=\"panel-layout\" >\n<div id=\"pg-14644-0\"  class=\"panel-grid panel-no-style\"  data-style=\"{&quot;background_image_attachment&quot;:false,&quot;background_display&quot;:&quot;tile&quot;,&quot;cell_alignment&quot;:&quot;flex-start&quot;}\" >\n<div id=\"pgc-14644-0-0\"  class=\"panel-grid-cell\"  data-weight=\"1\" >\n<div id=\"panel-14644-0-0-0\" class=\"so-panel widget widget_sow-editor panel-first-child panel-last-child\" data-index=\"0\" data-style=\"{&quot;background_image_attachment&quot;:false,&quot;background_display&quot;:&quot;tile&quot;}\" >\n<div class=\"so-widget-sow-editor so-widget-sow-editor-base\">\n<div class=\"siteorigin-widget-tinymce textwidget\">\n<p><img decoding=\"async\" class=\"lazyload  wp-image-13726\" src=\"http:\/\/www.cklcomunicaciones.es\/wp-content\/uploads\/2018\/03\/CKL_comunicacion-con-perspetiva-de-genero-300x300.jpg\" data-orig-src=\"http:\/\/www.cklcomunicaciones.es\/wp-content\/uploads\/2018\/03\/CKL_comunicacion-con-perspetiva-de-genero-300x300.jpg\" alt=\"CKL_comunicacion con perspetiva de genero\" width=\"132\" height=\"132\" srcset=\"data:image\/svg+xml,%3Csvg%20xmlns%3D%27http%3A%2F%2Fwww.w3.org%2F2000%2Fsvg%27%20width%3D%27132%27%20height%3D%27132%27%20viewBox%3D%270%200%20132%20132%27%3E%3Crect%20width%3D%27132%27%20height%3D%27132%27%20fill-opacity%3D%220%22%2F%3E%3C%2Fsvg%3E\" data-srcset=\"https:\/\/cklcomunicaciones.es\/coop\/wp-content\/uploads\/2018\/03\/CKL_comunicacion-con-perspetiva-de-genero-150x150.jpg 150w, https:\/\/cklcomunicaciones.es\/coop\/wp-content\/uploads\/2018\/03\/CKL_comunicacion-con-perspetiva-de-genero-300x300.jpg 300w, https:\/\/cklcomunicaciones.es\/coop\/wp-content\/uploads\/2018\/03\/CKL_comunicacion-con-perspetiva-de-genero-450x450.jpg 450w, https:\/\/cklcomunicaciones.es\/coop\/wp-content\/uploads\/2018\/03\/CKL_comunicacion-con-perspetiva-de-genero.jpg 500w\" data-sizes=\"auto\" data-orig-sizes=\"(max-width: 132px) 100vw, 132px\" \/><\/p>\n<p id=\":wj\" class=\"hP\" tabindex=\"-1\" data-thread-perm-id=\"thread-f:1635587872810282870\" data-legacy-thread-id=\"16b2c6812dcb2f76\"><strong>Una alternativa contra la triple discriminaci\u00f3n de ser mujer, migrante y madre-Las &#8216;Mary Beard&#8217; espa\u00f1olas reclaman un lugar para la mujer en la historia-Laura Gar\u00f3fano, Premio de Periodismo Francisco Vald\u00e9s <\/strong><\/p>\n<p tabindex=\"-1\" data-thread-perm-id=\"thread-f:1635587872810282870\" data-legacy-thread-id=\"16b2c6812dcb2f76\">[toggle type=\u00bbfirst\u00bb title=\u00bbConvocatorias\u00bb]<\/p>\n<ul>\n<li>Reuni\u00f3n de la PPiiNA en una noche especial para compartir. Viernes 14 de junio. 20h. C\/Bravo Murillo 4, Madrid<\/li>\n<li><a href=\"http:\/\/www.juntadeandalucia.es\/iam\/catalogo\/doc\/convocatorias\/2019-genero\/SE-taller-autoestima-empoderamiento-proyecto-vital.pdf\">Taller &#8216;Autoestima, Empoderamiento y Proyecto Vital&#8217;<\/a>. Mujeres Supervivientes de Violencias de G\u00e9nero. 21 de junio de 2019.<a href=\"https:\/\/forms.gle\/KkvWTSjMZE2cS6w69\">Formulario de inscripci\u00f3n<\/a><\/li>\n<li><a href=\"https:\/\/cicus.us.es\/cinea21grados2019_04\/\">Proyecci\u00f3n + M\u00fasica en directo &#8216;Cinetones presenta&#8230;\u00a0Mujeres pioneras en el cine&#8217;<\/a>.\u00a0CICUS -Centro de Iniciativas Culturales de la Universidad de Sevilla-.\u00a04 de julio\u00a0de 2019<\/li>\n<\/ul>\n<p tabindex=\"-1\" data-thread-perm-id=\"thread-f:1635587872810282870\" data-legacy-thread-id=\"16b2c6812dcb2f76\">[\/toggle]<\/p>\n<p>[toggle type=\u00bbfirst\u00bb title=\u00bbComunicaci\u00f3n\u00bb]<\/p>\n<p><a href=\"https:\/\/www.elmundo.es\/andalucia\/2019\/06\/08\/5cfbfd13fdddff4c2d8b46ba.html\">La corresponsal de EL MUNDO Laura Gar\u00f3fano, reconocida en los Premios de Periodismo Francisco Vald\u00e9s<\/a> \u2013 El Mundo <a href=\"https:\/\/www.google.com\/url?rct=j&amp;sa=t&amp;url=https:\/\/www.eluniversal.com.mx\/mochilazo-en-el-tiempo\/las-primeras-reporteras-que-rompieron-con-los-prejuicios&amp;ct=ga&amp;cd=CAEYAioUMTUwMzA0MTcxNDcwNDE2MTUzNjIyGWMwMzcyZWJjMmZlYWRhNTk6ZXM6ZXM6RVM&amp;usg=AFQjCNG6paXPWbErMPxEly4N2ZtrTgR9gg\"><br \/>\nLas primeras reporteras que rompieron con los prejuicios<\/a>-El Universal<\/p>\n<p><a href=\"https:\/\/www.publico.es\/internacional\/entrevista-maria-iglesias-maria-iglesias-europa-abandonado-suerte-refugiados.html\">Mar\u00eda Iglesias, periodista: \u00abEuropa ha abandonado a su suerte a los refugiados\u00bb<\/a>&#8211; P\u00fablico<\/p>\n<p><a href=\"https:\/\/www.publico.es\/politica\/cloacas-periodismo-patricia-lopez-amenazada-vetada-tertulias-labor-periodistica-hay-miedo-villarejo.html\">Patricia L\u00f3pez, amenazada y vetada de tertulias por su labor period\u00edstica: \u00abHay mucho miedo a Villarejo\u00bb<\/a> &#8211; P\u00fablico<\/p>\n<p><a href=\"https:\/\/www.google.com\/url?rct=j&amp;sa=t&amp;url=https:\/\/cronicaglobal.elespanol.com\/creacion\/publicidad-machista-espana_251073_102.html&amp;ct=ga&amp;cd=CAEYACoTODgzNzUzMzMzODY3Mjc4MjA1MDIZYzAzNzJlYmMyZmVhZGE1OTplczplczpFUw&amp;usg=AFQjCNFm3iF6rGwP41GTBtfj3vc6TY5dsQ\">Radiograf\u00eda de la publicidad machista en Espa\u00f1a<\/a>&#8211; Cr\u00f3nica Global<a href=\"https:\/\/www.google.com\/url?rct=j&amp;sa=t&amp;url=https:\/\/www.eldia.es\/sociedad\/2019\/06\/10\/auge-manada-digital\/982670.html&amp;ct=ga&amp;cd=CAEYACoUMTA1ODM3NTAwNTczNzAwMjYxMDEyGWUxZTc3ZDE1NjA5OGE4ZTM6ZXM6ZXM6RVM&amp;usg=AFQjCNErWke53NsoHXBmF3yw08n9wWxA9Q\"><br \/>\nEl auge de la &#8216;manada digital&#8217;<\/a> &#8211; <a href=\"http:\/\/eldia.es\">eldia.es<\/a><\/p>\n<p><a href=\"https:\/\/diario16.com\/la-campana-del-pezon-de-bibiana-fernandez-evidencia-el-machismo-de-las-redes-sociales\/\">La \u201ccampa\u00f1a del pez\u00f3n\u201d de Bibiana Fern\u00e1ndez evidencia el &#8230;<\/a>&#8211; Diario16<\/p>\n<p>[\/toggle]<\/p>\n<p>[toggle type=\u00bbfirst\u00bb title=\u00bbAndaluc\u00eda\u00bb]<\/p>\n<p><strong>Econom\u00eda y Empresas<\/strong><\/p>\n<p><a href=\"https:\/\/www.mujeremprendedora.net\/patro-contreras-primera-mujer-frente-consejo-rector-coviran\/\">Patro Contreras, primera mujer al frente del Consejo Rector de Covir\u00e1n<\/a> \u2013 Mujeremprendedora.net<\/p>\n<p><a href=\"https:\/\/www.mujeremprendedora.net\/encuentro-reunira-emprendedoras-rurales-provincia-sevilla\/\">Un encuentro reunir\u00e1 a emprendedoras rurales de la provincia de Sevilla<\/a> -Mujeremprendedora.net<\/p>\n<p><a href=\"https:\/\/www.mujeremprendedora.net\/iii-foro-nacional-business-agro-mujeres-agroprofesionales-11-junio-cordoba\/\">III Foro Nacional Business Agro-Mujeres Agroprofesionales, 11 de junio en C\u00f3rdoba<\/a> Mujeremprendedora.net<\/p>\n<p><strong>A<\/strong><strong>ctualidad<\/strong><\/p>\n<p><a href=\"https:\/\/www.google.com\/url?rct=j&amp;sa=t&amp;url=https:\/\/www.noticiasde.es\/andalucia\/el-iaj-dispondra-de-20-millones-en-los-presupuestos-de-2019-para-actuaciones-destinadas-a-la-juventud\/&amp;ct=ga&amp;cd=CAEYACoTMzU2NjE3MDgzMjQ5Mzc5MDE1MjIZZTFlNzdkMTU2MDk4YThlMzplczplczpFUw&amp;usg=AFQjCNFNz-Srgu9M9rOaqKjy-OZYOqo0KA\">El IAJ dispondr\u00e1 de 20 millones en los presupuestos de 2019 para actuaciones destinadas a la &#8230;<\/a>&#8211; NoticiasDe.es<\/p>\n<p><a href=\"http:\/\/www.juntadeandalucia.es\/presidencia\/portavoz\/143275\/ConsejeriadeSaludyFamilias\/SAS\/Embarazos\/Test\/Enfermedadescongenitas\">El SAS incorpora el test de sangre en embarazadas para el diagn\u00f3stico de anomal\u00edas cong\u00e9nitas<\/a> \u2013 Oficina del Portavoz<\/p>\n<p><strong>Violencias<\/strong><\/p>\n<p><a href=\"https:\/\/www.google.com\/url?rct=j&amp;sa=t&amp;url=https:\/\/www.20minutos.es\/noticia\/3663946\/0\/ong-incide-consulado-ecuador-malaga-firman-convenio-marco-colaboracion\/&amp;ct=ga&amp;cd=CAEYACoUMTA1NDM2MzY3Mjk4Nzc0MDkzMTYyGWUxZTc3ZDE1NjA5OGE4ZTM6ZXM6ZXM6RVM&amp;usg=AFQjCNES0hSiAh0HTX2hxya-c7h8WIIkhg\">La ONG Incide y el Consulado del Ecuador en M\u00e1laga firman un convenio marco de colaboraci\u00f3n<\/a>&#8211; <a href=\"http:\/\/20minutos.es\">20minutos.es<\/a><\/p>\n<p><a href=\"https:\/\/www.google.com\/url?rct=j&amp;sa=t&amp;url=https:\/\/www.eldia.es\/sociedad\/2019\/06\/08\/hallan-muertos-signos-violencia-hombre\/982409.html&amp;ct=ga&amp;cd=CAEYACoUMTU0OTgwMDUyMjg2NzczMjE3ODQyGWUyZGVmYTdkNWRhOTE1N2Q6ZXM6ZXM6RVM&amp;usg=AFQjCNHKx0UTfFr4cJR505n4j6F8vzt4Jg\">Investigan como un caso de\u00a0violencia de g\u00e9nero\u00a0la muerte de una mujer en Huelva<\/a>&#8211; <a href=\"http:\/\/eldia.es\">eldia.es<\/a><\/p>\n<p><a href=\"https:\/\/www.google.com\/url?rct=j&amp;sa=t&amp;url=https:\/\/www.diariocordoba.com\/noticias\/cordobalocal\/lacra-no-cesa_1306143.html&amp;ct=ga&amp;cd=CAEYACoTOTUyNDA2NjMzMTQ0NDIzNTE2MDIZZTJkZWZhN2Q1ZGE5MTU3ZDplczplczpFUw&amp;usg=AFQjCNGiwn87MkW-gqzwKkN2tyXMJR5QZQ\">La lacra que no cesa<\/a>-Diario C\u00f3rdoba<\/p>\n<p><strong>Ciencia y Cultura<\/strong><\/p>\n<p><a href=\"https:\/\/www.google.com\/url?rct=j&amp;sa=t&amp;url=https:\/\/m.diariodesevilla.es\/opinion\/tribuna\/mujeres-Antonio-Machado_0_1362463834.html&amp;ct=ga&amp;cd=CAEYACoTNTQwMTk0NTQwNTc3MjUyODI4OTIZYzAzNzJlYmMyZmVhZGE1OTplczplczpFUw&amp;usg=AFQjCNEjzzBRQDm0AB1lXHVv9E8o52-1Xg\">Las\u00a0mujeres\u00a0de Antonio Machado<\/a>&#8211; Diario de Sevilla <a href=\"https:\/\/www.google.com\/url?rct=j&amp;sa=t&amp;url=http:\/\/www.lamardeonuba.es\/el-aula-de-teatro-de-la-onubense-se-consolida-como-referente-de-la-formacion-teatral-en-huelva\/&amp;ct=ga&amp;cd=CAEYASoUMTgxNzQyNTM3MTE0MTI0MTI4NjUyGWMwMzcyZWJjMmZlYWRhNTk6ZXM6ZXM6RVM&amp;usg=AFQjCNEfRQtkBV4rydCE9dPiw8OGhVVWEQ\"><br \/>\nEl Aula de Teatro de la Onubense se consolida como referente de la formaci\u00f3n teatral en Huelva<\/a>&#8211; Revista La Mar de Onuba<\/p>\n<p><a href=\"https:\/\/www.elmundo.es\/loc\/famosos\/2019\/06\/10\/5cf92e05fc6c838b228b45b6.html\">Remedios Amaya: \u00abDios me ha curado el c\u00e1ncer\u00bb<\/a>&#8211;<\/p>\n<p><a href=\"https:\/\/www.elmundo.es\/andalucia\/2019\/06\/08\/5cfbd120fc6c83ef018b4595.html\">La Noche Blanca del Flamenco convierte C\u00f3rdoba en el mayor escenario mundial del arte\u00a0<\/a>\u2013 El Mundo<\/p>\n<p><strong>Deporte<\/strong><\/p>\n<p><a href=\"https:\/\/www.axarquiaplus.es\/el-deporte-base-femenino-de-la-axarquia-esta-de-enhorabuena-tras-la-buena-actuacion-de-club-sensei-torre-del-mar-de-taekwondo-olimpico-en-el-trofeo-del-corpus-diputacion-de-granada\/\">El\u00a0deporte\u00a0base\u00a0femenino\u00a0de la Axarqu\u00eda est\u00e1 de enhorabuena tras la &#8230;<\/a>&#8211; Axarqu\u00edaPlus<\/p>\n<p><a href=\"https:\/\/as.com\/futbol\/2019\/06\/07\/mas_futbol\/1559919702_493709.html\">No est\u00e1 todo perdido: el C\u00e1diz\u00a0Femenino\u00a0podr\u00eda ascender a Segunda<\/a>&#8211; As<\/p>\n<p>[\/toggle]<\/p>\n<p>[toggle type=\u00bbfirst\u00bb title=\u00bbEstado\u00bb]<\/p>\n<p><strong>Institucional-CCAA<\/strong><\/p>\n<p><a href=\"https:\/\/www.google.com\/url?rct=j&amp;sa=t&amp;url=https:\/\/www.laprovincia.es\/las-palmas\/2019\/06\/08\/jueces-impunidad-violencia-machista\/1182204.html&amp;ct=ga&amp;cd=CAEYACoUMTUwMTg3Njc5MzM2NzcxMjA1MTEyGWUxZTc3ZDE1NjA5OGE4ZTM6ZXM6ZXM6RVM&amp;usg=AFQjCNG_gQPR8kk0iwWmGeE9hokPRPjO2g\">Jueces contra la impunidad en la\u00a0violencia\u00a0machista<\/a>&#8211; La Provincia &#8211;<\/p>\n<p><a href=\"https:\/\/www.google.com\/url?rct=j&amp;sa=t&amp;url=https:\/\/www.diariodelaltoaragon.es\/NoticiasDetalle.aspx%3FId%3D1168294&amp;ct=ga&amp;cd=CAEYACoUMTMzOTQyNjU0NzYzMjkwMTc5MDEyGWMwMzcyZWJjMmZlYWRhNTk6ZXM6ZXM6RVM&amp;usg=AFQjCNHcIuyqI76RUDu1rllvrYCBKygvJA\">La asesor\u00eda laboral del IAM ha atendido a 484\u00a0mujeres en\u00a0los cinco primeros meses de 2019<\/a>&#8211; Alto Arag\u00f3n<a href=\"https:\/\/www.google.com\/url?rct=j&amp;sa=t&amp;url=http:\/\/www.elcomercio.es\/agencias\/asturias\/201906\/07\/ayudas-asociaciones-mujeres-superaran-1423278.html&amp;ct=ga&amp;cd=CAEYAyoTNjg4NTIwMDYwMjgxMDUzNzU5ODIZYzAzNzJlYmMyZmVhZGE1OTplczplczpFUw&amp;usg=AFQjCNH2VSvqEMjWdzyiTzZ9V7OJdvF6kA\"><br \/>\nLas ayudas a asociaciones de\u00a0mujeres\u00a0superar\u00e1n el mill\u00f3n de euros este a\u00f1o<\/a>&#8211; El Comercio Digital<\/p>\n<p><a href=\"https:\/\/www.google.com\/url?rct=j&amp;sa=t&amp;url=https:\/\/eldiadigital.es\/art\/296780\/la-mujer-en-la-iglesia-centrara-los-cursos-de-verano-en-la-archidiocesis-de-toledo&amp;ct=ga&amp;cd=CAEYACoTMTUxMjAyMTYwMTkzMzYxMzQ4ODIZYzAzNzJlYmMyZmVhZGE1OTplczplczpFUw&amp;usg=AFQjCNGbFO5rv-3_Z-QjfPN5BR-_rPXEfA\">La\u00a0mujer\u00a0en la Iglesia centrar\u00e1 los cursos de verano en la Archidi\u00f3cesis de Toledo<\/a>&#8211; <a href=\"http:\/\/eldiadigital.es\">eldiadigital.es<\/a><\/p>\n<p><a href=\"https:\/\/www.google.com\/url?rct=j&amp;sa=t&amp;url=https:\/\/www.regiondigital.com\/noticias\/portada\/312008-nace-la-federacion-de-asociaciones-de-mujeres-feministas-de-extremadura.html&amp;ct=ga&amp;cd=CAEYACoUMTg0MDA3MDY3OTUxNTQxOTYyNjMyGWMwMzcyZWJjMmZlYWRhNTk6ZXM6ZXM6RVM&amp;usg=AFQjCNFnlice9N9wSnIUwMz9ZoVYq1joBw\">Nace la Federaci\u00f3n de Asociaciones de\u00a0Mujeres\u00a0Feministas de Extremadura<\/a>&#8211; Regi\u00f3n Digital<a href=\"https:\/\/www.google.com\/url?rct=j&amp;sa=t&amp;url=http:\/\/valenciainforma.obolog.es\/mas-cincuenta-emprendedoras-valencia-presentan-proyectos-socioproductivos-7-6-2019-2513656&amp;ct=ga&amp;cd=CAEYBCoTMTAxMzY5MjU3NzQ4MzE3MDQ3ODIZYzAzNzJlYmMyZmVhZGE1OTplczplczpFUw&amp;usg=AFQjCNE60iuSdI_X0FKDAqsSlmAZXv_txA\"><br \/>\nM\u00e1s de cincuenta emprendedoras de Valencia presentan proyectos socioproductivos<\/a>&#8211; El blog de Valenciahoy<\/p>\n<p><strong>Econom\u00eda y Empresa<\/strong><a href=\"https:\/\/www.google.com\/url?rct=j&amp;sa=t&amp;url=http:\/\/www.creex.es\/3.X\/sala-de-prensa\/noticias\/59-igualdad-de-oportunidades-2019\/5251-el-instituto-de-la-mujer-elabora-un-protocolo-de-buenas-practicas-para-evitar-discriminaciones-de-genero-en-los-procesos-de-seleccion&amp;ct=ga&amp;cd=CAEYAyoTNjkyMDI1ODI5MjgyMjM1OTU2OTIZYzAzNzJlYmMyZmVhZGE1OTplczplczpFUw&amp;usg=AFQjCNHm6N3wE36RjAy2w9y1LMk-KVviOA\"><br \/>\nEl\u00a0Instituto de la Mujer\u00a0elabora un protocolo de buenas pr\u00e1cticas para evitar discriminaciones de g\u00e9nero en los procesos de selecci\u00f3n&#8230;<\/a> &#8211; Creex<\/p>\n<p><a href=\"https:\/\/www.mujeremprendedora.net\/maria-luisa-melo-huawei-despliegue-tecnologia-5g-sera-clave-tanto-nivel-empresarial-como-social\/\">M\u00aa Luisa Melo, directora de Relaciones Institucionales y Comunicaci\u00f3n: \u201cEl despliegue de tecnolog\u00eda 5G ser\u00e1 clave tanto a nivel empresarial como social\u201d<\/a> \u2013 Mujeremprendedora.net<\/p>\n<p><strong>Actualidad<\/strong><\/p>\n<p><a href=\"https:\/\/www.google.com\/url?rct=j&amp;sa=t&amp;url=https:\/\/www.elmundo.es\/vida-sana\/sexo\/2019\/06\/10\/5cf6ad4b21efa0da628b476c.html&amp;ct=ga&amp;cd=CAEYACoTNDU2MzE5MjIwNzk1NzQ0MTE5MjIZYzAzNzJlYmMyZmVhZGE1OTplczplczpFUw&amp;usg=AFQjCNE2FM2oAlLAK75tpizgX0qbeF_bMg\">Las\u00a0mujeres\u00a0espa\u00f1olas, cada vez m\u00e1s infieles: \u00bftienen que ver los cuernos con el &#8230;<\/a>&#8211; El Mundo<\/p>\n<p><a href=\"https:\/\/www.elmundo.es\/madrid\/2019\/06\/10\/5cfbf5adfdddff7f4a8b45b8.html\">Una alternativa contra la triple discriminaci\u00f3n de ser\u00a0mujer, migrante y madre<\/a>&#8211; El Mundo<\/p>\n<p><a href=\"https:\/\/elpais.com\/sociedad\/2019\/06\/09\/actualidad\/1560096863_409218.html\">Un mu\u00f1eco contra el alzh\u00e9imer<\/a> \u2013 El Pa\u00eds<\/p>\n<p><a href=\"https:\/\/www.google.com\/url?rct=j&amp;sa=t&amp;url=https:\/\/cordobabuenasnoticias.com\/2019\/06\/07\/un-sueno-de-colores-para-luchar-contra-el-cancer-de-la-mujer\/&amp;ct=ga&amp;cd=CAEYACoTNTM2Mjk0ODYxNjEwNDk0NjI0NTIZYzAzNzJlYmMyZmVhZGE1OTplczplczpFUw&amp;usg=AFQjCNFpbThREezlNHJC7TASqB5ZeYEmRQ\">Un \u201cSue\u00f1o de Colores\u201d para luchar contra el c\u00e1ncer de la\u00a0mujer<\/a>&#8211; C\u00f3rdoba Buenas Noticias<\/p>\n<p><strong>Violencia<\/strong><\/p>\n<p><a href=\"https:\/\/www.publico.es\/sociedad\/femenino-plural-vergueenza-social-lastre-mujeres-maltratadas-espana-rural.html\">La \u00abverg\u00fcenza social\u00bb, el lastre de las mujeres maltratadas en la Espa\u00f1a rural<\/a> &#8211; P\u00fablico<\/p>\n<p><a href=\"https:\/\/www.google.com\/url?rct=j&amp;sa=t&amp;url=https:\/\/www.lasexta.com\/noticias\/sociedad\/la-macabra-lista-de-la-violencia-machista-casi-1000-mujeres-asesinadas-en-15-anos-por-parejas-o-exparejas-video_201906095cfcf7e70cf2eb38eeba201d.html&amp;ct=ga&amp;cd=CAEYACoUMTYzNzIxMjYwNDk4ODEzNzI2NjkyGWMwMzcyZWJjMmZlYWRhNTk6ZXM6ZXM6RVM&amp;usg=AFQjCNF68HamToj0B5YImOvT-fNLjrQh4Q\">La macabra lista de la violencia machista: casi 1.000\u00a0mujeres asesinadas en 15 a\u00f1os por parejas &#8230;<\/a>&#8211; LaSexta<\/p>\n<p><a href=\"https:\/\/www.elmundo.es\/andalucia\/2019\/06\/09\/5cfcc049fc6c8366698b45b4.html\">La Polic\u00eda detiene a 21 miembros de una red de explotaci\u00f3n sexual y libera a ocho mujeres<\/a> -El Mundo<strong>\u00a0<\/strong><\/p>\n<p><strong>Ciencia y Cultura<\/strong><a href=\"https:\/\/www.google.com\/url?rct=j&amp;sa=t&amp;url=https:\/\/www.eldiario.es\/aragon\/sociedad\/insolito-escribiera-diccionario-mediados-XIX_0_907809487.html&amp;ct=ga&amp;cd=CAEYACoUMTUwOTMzNTAwODI5ODQzMjA2MDcyGWMwMzcyZWJjMmZlYWRhNTk6ZXM6ZXM6RVM&amp;usg=AFQjCNEifQw2_NHqiLarfZ7UGEyST-Jycg\"><br \/>\n\u201cEs ins\u00f3lito que una\u00a0mujer\u00a0escribiera un diccionario a mediados del XIX\u201d<\/a>&#8211; <a href=\"http:\/\/eldiario.es\">eldiario.es<\/a><\/p>\n<p><a href=\"https:\/\/elpais.com\/cultura\/2019\/06\/05\/actualidad\/1559764719_234534.html\">Las &#8216;Mary Beard&#8217; espa\u00f1olas reclaman un lugar para la\u00a0mujer\u00a0en la historia&#8230;<\/a>&#8211; El Pa\u00eds<a href=\"https:\/\/www.abc.es\/cultura\/arte\/abci-maria-morales-extraordinaria-creatividad-primera-directora-periodico-espana-201906101053_noticia.html\"><br \/>\nMar\u00eda Luz Morales, la extraordinaria creatividad de la primera &#8230;<\/a>&#8211; Abc.es<\/p>\n<p><a href=\"http:\/\/www.elfaradio.com\/2019\/06\/10\/la-ilustradora-cantabra-sara-morante-prende-la-mecha-en-la-feria-del-libro-de-madrid\/\">La ilustradora c\u00e1ntabra Sara Morante prende la mecha en la Feria del &#8230;<\/a>&#8211; El Faradio<\/p>\n<p><strong>Deporte\u00a0<\/strong><\/p>\n<p><a href=\"https:\/\/elpais.com\/deportes\/2019\/06\/09\/actualidad\/1560101209_090116.html\">Espa\u00f1a deja atr\u00e1s sus miedos<\/a>&#8211; El Pa\u00eds<\/p>\n<p>[\/toggle]<\/p>\n<p>[toggle type=\u00bbfirst\u00bb title=\u00bbInternacional\u00bb]<\/p>\n<p><a href=\"https:\/\/elpais.com\/internacional\/2019\/06\/09\/actualidad\/1560087863_045856.html\">El primer descarte para presidir la Comisi\u00f3n deja muy tocada a la Comisaria Vestager\u2026<\/a>&#8211; El Pa\u00eds<\/p>\n<p><a href=\"https:\/\/www.google.com\/url?rct=j&amp;sa=t&amp;url=http:\/\/www.abc.com.py\/internacionales\/ministras-del-mercosur-debatieron-sobre-politicas-de-genero-1822094.html&amp;ct=ga&amp;cd=CAEYBSoUMTAzMDgwNDg2NDU2OTkxNzEyOTYyGWMwMzcyZWJjMmZlYWRhNTk6ZXM6ZXM6RVM&amp;usg=AFQjCNGcBiKdevDVx9ijrmH9cAED-MxEJg\">Ministras del Mercosur debatieron sobre pol\u00edticas de g\u00e9nero<\/a>-ABC Color<a href=\"https:\/\/www.google.com\/url?rct=j&amp;sa=t&amp;url=https:\/\/es.aleteia.org\/2019\/06\/09\/wangari-maathai-la-primera-mujer-africana-en-recibir-el-premio-nobel-de-la-paz\/&amp;ct=ga&amp;cd=CAEYASoUMTAzMDgwNDg2NDU2OTkxNzEyOTYyGWMwMzcyZWJjMmZlYWRhNTk6ZXM6ZXM6RVM&amp;usg=AFQjCNGZDTbPNjPtndwlUZ2lvhiEXfFkCw\"><br \/>\nWangari Maathai, la primera\u00a0mujer\u00a0africana en recibir el Premio Nobel de la Paz<\/a>&#8211; Aleteia ES<\/p>\n<p><a href=\"https:\/\/www.google.com\/url?rct=j&amp;sa=t&amp;url=https:\/\/www.bbc.com\/mundo\/noticias-48543124&amp;ct=ga&amp;cd=CAEYBCoTNjg4NTIwMDYwMjgxMDUzNzU5ODIZYzAzNzJlYmMyZmVhZGE1OTplczplczpFUw&amp;usg=AFQjCNGSDkTsLnkXm_8OlcPf_WIiC3fZHA\">\u00abEn busca de la salvaci\u00f3n la gente recurre a figuras con una masculinidad extraordinaria\u00bb como &#8230;<\/a>&#8211; BBC Mundo<\/p>\n<p><strong><a href=\"https:\/\/elpais.com\/elpais\/2019\/05\/30\/planeta_futuro\/1559223671_650242.html\">La ni\u00f1a que le dijo \u201cno te quiero\u201d a su marido en Senegal\u2026<\/a> <\/strong>&#8211; El Pa\u00eds<\/p>\n<p><a href=\"https:\/\/elpais.com\/elpais\/2019\/06\/04\/ciencia\/1559637170_174206.html\">La cient\u00edfica poetisa<\/a>&#8211; El Pa\u00eds<\/p>\n<p><a href=\"https:\/\/www.google.com\/url?rct=j&amp;sa=t&amp;url=http:\/\/culto.latercera.com\/2019\/06\/08\/desnudez-feminismo-marcela-serrano\/&amp;ct=ga&amp;cd=CAEYAioTOTI2NTUwNTI1MDUyNTQwNTc1NTIZYzAzNzJlYmMyZmVhZGE1OTplczplczpFUw&amp;usg=AFQjCNGXmxnq7Tb8UkV4ZqQMrxES6idGtQ\">Desnudez, feminismo y videoarte: la desconocida obra de Marcela Serrano<\/a>&#8211; Cultolt<\/p>\n<p><strong><a href=\"https:\/\/elpais.com\/elpais\/2019\/06\/08\/gente\/1559992534_813929.html\">Angelina Jolie visita la frontera entre Colombia y Venezuela<\/a><\/strong> El Pa\u00eds<\/p>\n<p><a href=\"https:\/\/www.google.com\/url?rct=j&amp;sa=t&amp;url=https:\/\/www.elcorreo.com\/butaca\/cine\/meryl-streep-20190607123405-ntrc.html&amp;ct=ga&amp;cd=CAEYAyoUMTU0NjYzNDg3MTQwNDYzOTE4NjQyGWMwMzcyZWJjMmZlYWRhNTk6ZXM6ZXM6RVM&amp;usg=AFQjCNHLdQk1Sg9kivvkJSe9QmhsSoBs9w\">Meryl Streep, los 70 a\u00f1os de la mejor actriz del mundo<\/a> &#8211; El Correo<\/p>\n<p><strong><a href=\"https:\/\/www.europapress.es\/chance\/cineymusica\/noticia-premios-tony-reivindican-73-edicion-necesidad-diversidad-visibilidad-teatro-20190610113143.html\">Los premios Tony reivindican en su 73 edici\u00f3n la necesidad de &#8230;<\/a><\/strong>&#8211; <strong>Europa Press<\/strong><\/p>\n<p><a href=\"https:\/\/tribunafeminista.elplural.com\/2019\/06\/la-fifa-y-onu-mujeres-firman-su-primer-memorando-de-acuerdo\/\">La FIFA y ONU Mujeres firman su primer memorando \u2026<\/a>-Tribuna Feminista<\/p>\n<p>[\/toggle]<\/p>\n<\/div>\n<\/div>\n<\/div>\n<\/div>\n<\/div>\n<\/div>\n","protected":false},"excerpt":{"rendered":"<p>Una alternativa contra la triple discriminaci\u00f3n de ser mujer, migrante <a href=\"https:\/\/cklcomunicaciones.es\/coop\/noticias-info-ckl-no-2-356-10-06-19\/\">[&#8230;]<\/a><\/p>\n","protected":false},"author":3,"featured_media":0,"comment_status":"closed","ping_status":"closed","sticky":false,"template":"","format":"standard","meta":{"footnotes":""},"categories":[298,623],"tags":[],"class_list":["post-14644","post","type-post","status-publish","format-standard","hentry","category-newsletter","category-nwl-2-0"],"yoast_head":"<!-- This site is optimized with the Yoast SEO plugin v27.5 - https:\/\/yoast.com\/product\/yoast-seo-wordpress\/ -->\n<title>Noticias Info CKL n\u00ba 2.356-10\/06\/19-Comunicar con perspectiva de g\u00e9nero<\/title>\n<meta name=\"description\" content=\"Comunicar con perspectiva de g\u00e9nero: Una alternativa contra la triple discriminaci\u00f3n de ser mujer, migrante y madre-Las &#039;Mary Beard&#039; espa\u00f1olas reclaman un lugar para la mujer en la historia-Laura Gar\u00f3fano, Premio de Periodismo Francisco Vald\u00e9s\" \/>\n<meta name=\"robots\" content=\"index, follow, max-snippet:-1, max-image-preview:large, max-video-preview:-1\" \/>\n<link rel=\"canonical\" href=\"https:\/\/cklcomunicaciones.es\/coop\/noticias-info-ckl-no-2-356-10-06-19\/\" \/>\n<meta property=\"og:locale\" content=\"es_ES\" \/>\n<meta property=\"og:type\" content=\"article\" \/>\n<meta property=\"og:title\" content=\"Noticias Info CKL n\u00ba 2.356-10\/06\/19-Comunicar con perspectiva de g\u00e9nero\" \/>\n<meta property=\"og:description\" content=\"Comunicar con perspectiva de g\u00e9nero: Una alternativa contra la triple discriminaci\u00f3n de ser mujer, migrante y madre-Las &#039;Mary Beard&#039; espa\u00f1olas reclaman un lugar para la mujer en la historia-Laura Gar\u00f3fano, Premio de Periodismo Francisco Vald\u00e9s\" \/>\n<meta property=\"og:url\" content=\"https:\/\/cklcomunicaciones.es\/coop\/noticias-info-ckl-no-2-356-10-06-19\/\" \/>\n<meta property=\"og:site_name\" content=\"CKL Comunicaciones\" \/>\n<meta property=\"article:published_time\" content=\"2019-06-10T13:05:07+00:00\" \/>\n<meta property=\"article:modified_time\" content=\"2025-01-17T15:43:06+00:00\" \/>\n<meta property=\"og:image\" content=\"https:\/\/cklcomunicaciones.es\/coop\/wp-content\/uploads\/2018\/03\/CKL_comunicacion-con-perspetiva-de-genero.jpg\" \/>\n\t<meta property=\"og:image:width\" content=\"500\" \/>\n\t<meta property=\"og:image:height\" content=\"500\" \/>\n\t<meta property=\"og:image:type\" content=\"image\/jpeg\" \/>\n<meta name=\"author\" content=\"ckl\" \/>\n<meta name=\"twitter:card\" content=\"summary_large_image\" \/>\n<meta name=\"twitter:label1\" content=\"Escrito por\" \/>\n\t<meta name=\"twitter:data1\" content=\"ckl\" \/>\n\t<meta name=\"twitter:label2\" content=\"Tiempo de lectura\" \/>\n\t<meta name=\"twitter:data2\" content=\"5 minutos\" \/>\n<script type=\"application\/ld+json\" class=\"yoast-schema-graph\">{\"@context\":\"https:\\\/\\\/schema.org\",\"@graph\":[{\"@type\":\"Article\",\"@id\":\"https:\\\/\\\/cklcomunicaciones.es\\\/coop\\\/noticias-info-ckl-no-2-356-10-06-19\\\/#article\",\"isPartOf\":{\"@id\":\"https:\\\/\\\/cklcomunicaciones.es\\\/coop\\\/noticias-info-ckl-no-2-356-10-06-19\\\/\"},\"author\":{\"name\":\"ckl\",\"@id\":\"https:\\\/\\\/cklcomunicaciones.es\\\/coop\\\/#\\\/schema\\\/person\\\/929a6837f7626450bbb50cee1aef266e\"},\"headline\":\"Noticias Info CKL n\u00ba 2.356-10\\\/06\\\/19\",\"datePublished\":\"2019-06-10T13:05:07+00:00\",\"dateModified\":\"2025-01-17T15:43:06+00:00\",\"mainEntityOfPage\":{\"@id\":\"https:\\\/\\\/cklcomunicaciones.es\\\/coop\\\/noticias-info-ckl-no-2-356-10-06-19\\\/\"},\"wordCount\":959,\"image\":{\"@id\":\"https:\\\/\\\/cklcomunicaciones.es\\\/coop\\\/noticias-info-ckl-no-2-356-10-06-19\\\/#primaryimage\"},\"thumbnailUrl\":\"http:\\\/\\\/www.cklcomunicaciones.es\\\/wp-content\\\/uploads\\\/2018\\\/03\\\/CKL_comunicacion-con-perspetiva-de-genero-300x300.jpg\",\"articleSection\":[\"Newsletter\",\"Nwl v2.0\"],\"inLanguage\":\"es\"},{\"@type\":\"WebPage\",\"@id\":\"https:\\\/\\\/cklcomunicaciones.es\\\/coop\\\/noticias-info-ckl-no-2-356-10-06-19\\\/\",\"url\":\"https:\\\/\\\/cklcomunicaciones.es\\\/coop\\\/noticias-info-ckl-no-2-356-10-06-19\\\/\",\"name\":\"Noticias Info CKL n\u00ba 2.356-10\\\/06\\\/19-Comunicar con perspectiva de g\u00e9nero\",\"isPartOf\":{\"@id\":\"https:\\\/\\\/cklcomunicaciones.es\\\/coop\\\/#website\"},\"primaryImageOfPage\":{\"@id\":\"https:\\\/\\\/cklcomunicaciones.es\\\/coop\\\/noticias-info-ckl-no-2-356-10-06-19\\\/#primaryimage\"},\"image\":{\"@id\":\"https:\\\/\\\/cklcomunicaciones.es\\\/coop\\\/noticias-info-ckl-no-2-356-10-06-19\\\/#primaryimage\"},\"thumbnailUrl\":\"http:\\\/\\\/www.cklcomunicaciones.es\\\/wp-content\\\/uploads\\\/2018\\\/03\\\/CKL_comunicacion-con-perspetiva-de-genero-300x300.jpg\",\"datePublished\":\"2019-06-10T13:05:07+00:00\",\"dateModified\":\"2025-01-17T15:43:06+00:00\",\"author\":{\"@id\":\"https:\\\/\\\/cklcomunicaciones.es\\\/coop\\\/#\\\/schema\\\/person\\\/929a6837f7626450bbb50cee1aef266e\"},\"description\":\"Comunicar con perspectiva de g\u00e9nero: Una alternativa contra la triple discriminaci\u00f3n de ser mujer, migrante y madre-Las 'Mary Beard' espa\u00f1olas reclaman un lugar para la mujer en la historia-Laura Gar\u00f3fano, Premio de Periodismo Francisco Vald\u00e9s\",\"breadcrumb\":{\"@id\":\"https:\\\/\\\/cklcomunicaciones.es\\\/coop\\\/noticias-info-ckl-no-2-356-10-06-19\\\/#breadcrumb\"},\"inLanguage\":\"es\",\"potentialAction\":[{\"@type\":\"ReadAction\",\"target\":[\"https:\\\/\\\/cklcomunicaciones.es\\\/coop\\\/noticias-info-ckl-no-2-356-10-06-19\\\/\"]}]},{\"@type\":\"ImageObject\",\"inLanguage\":\"es\",\"@id\":\"https:\\\/\\\/cklcomunicaciones.es\\\/coop\\\/noticias-info-ckl-no-2-356-10-06-19\\\/#primaryimage\",\"url\":\"http:\\\/\\\/www.cklcomunicaciones.es\\\/wp-content\\\/uploads\\\/2018\\\/03\\\/CKL_comunicacion-con-perspetiva-de-genero-300x300.jpg\",\"contentUrl\":\"http:\\\/\\\/www.cklcomunicaciones.es\\\/wp-content\\\/uploads\\\/2018\\\/03\\\/CKL_comunicacion-con-perspetiva-de-genero-300x300.jpg\"},{\"@type\":\"BreadcrumbList\",\"@id\":\"https:\\\/\\\/cklcomunicaciones.es\\\/coop\\\/noticias-info-ckl-no-2-356-10-06-19\\\/#breadcrumb\",\"itemListElement\":[{\"@type\":\"ListItem\",\"position\":1,\"name\":\"Portada\",\"item\":\"https:\\\/\\\/cklcomunicaciones.es\\\/coop\\\/\"},{\"@type\":\"ListItem\",\"position\":2,\"name\":\"Noticias Info CKL n\u00ba 2.356-10\\\/06\\\/19\"}]},{\"@type\":\"WebSite\",\"@id\":\"https:\\\/\\\/cklcomunicaciones.es\\\/coop\\\/#website\",\"url\":\"https:\\\/\\\/cklcomunicaciones.es\\\/coop\\\/\",\"name\":\"CKL Comunicaciones\",\"description\":\"Sitio web de CKL Comunicaciones coop , la consultora de comunicaci\u00f3n y estrategia\",\"potentialAction\":[{\"@type\":\"SearchAction\",\"target\":{\"@type\":\"EntryPoint\",\"urlTemplate\":\"https:\\\/\\\/cklcomunicaciones.es\\\/coop\\\/?s={search_term_string}\"},\"query-input\":{\"@type\":\"PropertyValueSpecification\",\"valueRequired\":true,\"valueName\":\"search_term_string\"}}],\"inLanguage\":\"es\"},{\"@type\":\"Person\",\"@id\":\"https:\\\/\\\/cklcomunicaciones.es\\\/coop\\\/#\\\/schema\\\/person\\\/929a6837f7626450bbb50cee1aef266e\",\"name\":\"ckl\",\"image\":{\"@type\":\"ImageObject\",\"inLanguage\":\"es\",\"@id\":\"https:\\\/\\\/secure.gravatar.com\\\/avatar\\\/c82db564e8a669bf6023357a157b9dc4780f4d4c618f2ad1d71a6a5dede45057?s=96&d=mm&r=g\",\"url\":\"https:\\\/\\\/secure.gravatar.com\\\/avatar\\\/c82db564e8a669bf6023357a157b9dc4780f4d4c618f2ad1d71a6a5dede45057?s=96&d=mm&r=g\",\"contentUrl\":\"https:\\\/\\\/secure.gravatar.com\\\/avatar\\\/c82db564e8a669bf6023357a157b9dc4780f4d4c618f2ad1d71a6a5dede45057?s=96&d=mm&r=g\",\"caption\":\"ckl\"},\"url\":\"https:\\\/\\\/cklcomunicaciones.es\\\/coop\\\/author\\\/cklcomunicaciones\\\/\"}]}<\/script>\n<!-- \/ Yoast SEO plugin. -->","yoast_head_json":{"title":"Noticias Info CKL n\u00ba 2.356-10\/06\/19-Comunicar con perspectiva de g\u00e9nero","description":"Comunicar con perspectiva de g\u00e9nero: Una alternativa contra la triple discriminaci\u00f3n de ser mujer, migrante y madre-Las 'Mary Beard' espa\u00f1olas reclaman un lugar para la mujer en la historia-Laura Gar\u00f3fano, Premio de Periodismo Francisco Vald\u00e9s","robots":{"index":"index","follow":"follow","max-snippet":"max-snippet:-1","max-image-preview":"max-image-preview:large","max-video-preview":"max-video-preview:-1"},"canonical":"https:\/\/cklcomunicaciones.es\/coop\/noticias-info-ckl-no-2-356-10-06-19\/","og_locale":"es_ES","og_type":"article","og_title":"Noticias Info CKL n\u00ba 2.356-10\/06\/19-Comunicar con perspectiva de g\u00e9nero","og_description":"Comunicar con perspectiva de g\u00e9nero: Una alternativa contra la triple discriminaci\u00f3n de ser mujer, migrante y madre-Las 'Mary Beard' espa\u00f1olas reclaman un lugar para la mujer en la historia-Laura Gar\u00f3fano, Premio de Periodismo Francisco Vald\u00e9s","og_url":"https:\/\/cklcomunicaciones.es\/coop\/noticias-info-ckl-no-2-356-10-06-19\/","og_site_name":"CKL Comunicaciones","article_published_time":"2019-06-10T13:05:07+00:00","article_modified_time":"2025-01-17T15:43:06+00:00","og_image":[{"width":500,"height":500,"url":"https:\/\/cklcomunicaciones.es\/coop\/wp-content\/uploads\/2018\/03\/CKL_comunicacion-con-perspetiva-de-genero.jpg","type":"image\/jpeg"}],"author":"ckl","twitter_card":"summary_large_image","twitter_misc":{"Escrito por":"ckl","Tiempo de lectura":"5 minutos"},"schema":{"@context":"https:\/\/schema.org","@graph":[{"@type":"Article","@id":"https:\/\/cklcomunicaciones.es\/coop\/noticias-info-ckl-no-2-356-10-06-19\/#article","isPartOf":{"@id":"https:\/\/cklcomunicaciones.es\/coop\/noticias-info-ckl-no-2-356-10-06-19\/"},"author":{"name":"ckl","@id":"https:\/\/cklcomunicaciones.es\/coop\/#\/schema\/person\/929a6837f7626450bbb50cee1aef266e"},"headline":"Noticias Info CKL n\u00ba 2.356-10\/06\/19","datePublished":"2019-06-10T13:05:07+00:00","dateModified":"2025-01-17T15:43:06+00:00","mainEntityOfPage":{"@id":"https:\/\/cklcomunicaciones.es\/coop\/noticias-info-ckl-no-2-356-10-06-19\/"},"wordCount":959,"image":{"@id":"https:\/\/cklcomunicaciones.es\/coop\/noticias-info-ckl-no-2-356-10-06-19\/#primaryimage"},"thumbnailUrl":"http:\/\/www.cklcomunicaciones.es\/wp-content\/uploads\/2018\/03\/CKL_comunicacion-con-perspetiva-de-genero-300x300.jpg","articleSection":["Newsletter","Nwl v2.0"],"inLanguage":"es"},{"@type":"WebPage","@id":"https:\/\/cklcomunicaciones.es\/coop\/noticias-info-ckl-no-2-356-10-06-19\/","url":"https:\/\/cklcomunicaciones.es\/coop\/noticias-info-ckl-no-2-356-10-06-19\/","name":"Noticias Info CKL n\u00ba 2.356-10\/06\/19-Comunicar con perspectiva de g\u00e9nero","isPartOf":{"@id":"https:\/\/cklcomunicaciones.es\/coop\/#website"},"primaryImageOfPage":{"@id":"https:\/\/cklcomunicaciones.es\/coop\/noticias-info-ckl-no-2-356-10-06-19\/#primaryimage"},"image":{"@id":"https:\/\/cklcomunicaciones.es\/coop\/noticias-info-ckl-no-2-356-10-06-19\/#primaryimage"},"thumbnailUrl":"http:\/\/www.cklcomunicaciones.es\/wp-content\/uploads\/2018\/03\/CKL_comunicacion-con-perspetiva-de-genero-300x300.jpg","datePublished":"2019-06-10T13:05:07+00:00","dateModified":"2025-01-17T15:43:06+00:00","author":{"@id":"https:\/\/cklcomunicaciones.es\/coop\/#\/schema\/person\/929a6837f7626450bbb50cee1aef266e"},"description":"Comunicar con perspectiva de g\u00e9nero: Una alternativa contra la triple discriminaci\u00f3n de ser mujer, migrante y madre-Las 'Mary Beard' espa\u00f1olas reclaman un lugar para la mujer en la historia-Laura Gar\u00f3fano, Premio de Periodismo Francisco Vald\u00e9s","breadcrumb":{"@id":"https:\/\/cklcomunicaciones.es\/coop\/noticias-info-ckl-no-2-356-10-06-19\/#breadcrumb"},"inLanguage":"es","potentialAction":[{"@type":"ReadAction","target":["https:\/\/cklcomunicaciones.es\/coop\/noticias-info-ckl-no-2-356-10-06-19\/"]}]},{"@type":"ImageObject","inLanguage":"es","@id":"https:\/\/cklcomunicaciones.es\/coop\/noticias-info-ckl-no-2-356-10-06-19\/#primaryimage","url":"http:\/\/www.cklcomunicaciones.es\/wp-content\/uploads\/2018\/03\/CKL_comunicacion-con-perspetiva-de-genero-300x300.jpg","contentUrl":"http:\/\/www.cklcomunicaciones.es\/wp-content\/uploads\/2018\/03\/CKL_comunicacion-con-perspetiva-de-genero-300x300.jpg"},{"@type":"BreadcrumbList","@id":"https:\/\/cklcomunicaciones.es\/coop\/noticias-info-ckl-no-2-356-10-06-19\/#breadcrumb","itemListElement":[{"@type":"ListItem","position":1,"name":"Portada","item":"https:\/\/cklcomunicaciones.es\/coop\/"},{"@type":"ListItem","position":2,"name":"Noticias Info CKL n\u00ba 2.356-10\/06\/19"}]},{"@type":"WebSite","@id":"https:\/\/cklcomunicaciones.es\/coop\/#website","url":"https:\/\/cklcomunicaciones.es\/coop\/","name":"CKL Comunicaciones","description":"Sitio web de CKL Comunicaciones coop , la consultora de comunicaci\u00f3n y estrategia","potentialAction":[{"@type":"SearchAction","target":{"@type":"EntryPoint","urlTemplate":"https:\/\/cklcomunicaciones.es\/coop\/?s={search_term_string}"},"query-input":{"@type":"PropertyValueSpecification","valueRequired":true,"valueName":"search_term_string"}}],"inLanguage":"es"},{"@type":"Person","@id":"https:\/\/cklcomunicaciones.es\/coop\/#\/schema\/person\/929a6837f7626450bbb50cee1aef266e","name":"ckl","image":{"@type":"ImageObject","inLanguage":"es","@id":"https:\/\/secure.gravatar.com\/avatar\/c82db564e8a669bf6023357a157b9dc4780f4d4c618f2ad1d71a6a5dede45057?s=96&d=mm&r=g","url":"https:\/\/secure.gravatar.com\/avatar\/c82db564e8a669bf6023357a157b9dc4780f4d4c618f2ad1d71a6a5dede45057?s=96&d=mm&r=g","contentUrl":"https:\/\/secure.gravatar.com\/avatar\/c82db564e8a669bf6023357a157b9dc4780f4d4c618f2ad1d71a6a5dede45057?s=96&d=mm&r=g","caption":"ckl"},"url":"https:\/\/cklcomunicaciones.es\/coop\/author\/cklcomunicaciones\/"}]}},"_links":{"self":[{"href":"https:\/\/cklcomunicaciones.es\/coop\/wp-json\/wp\/v2\/posts\/14644","targetHints":{"allow":["GET"]}}],"collection":[{"href":"https:\/\/cklcomunicaciones.es\/coop\/wp-json\/wp\/v2\/posts"}],"about":[{"href":"https:\/\/cklcomunicaciones.es\/coop\/wp-json\/wp\/v2\/types\/post"}],"author":[{"embeddable":true,"href":"https:\/\/cklcomunicaciones.es\/coop\/wp-json\/wp\/v2\/users\/3"}],"replies":[{"embeddable":true,"href":"https:\/\/cklcomunicaciones.es\/coop\/wp-json\/wp\/v2\/comments?post=14644"}],"version-history":[{"count":0,"href":"https:\/\/cklcomunicaciones.es\/coop\/wp-json\/wp\/v2\/posts\/14644\/revisions"}],"wp:attachment":[{"href":"https:\/\/cklcomunicaciones.es\/coop\/wp-json\/wp\/v2\/media?parent=14644"}],"wp:term":[{"taxonomy":"category","embeddable":true,"href":"https:\/\/cklcomunicaciones.es\/coop\/wp-json\/wp\/v2\/categories?post=14644"},{"taxonomy":"post_tag","embeddable":true,"href":"https:\/\/cklcomunicaciones.es\/coop\/wp-json\/wp\/v2\/tags?post=14644"}],"curies":[{"name":"wp","href":"https:\/\/api.w.org\/{rel}","templated":true}]}}