{"id":14642,"date":"2019-06-07T13:49:32","date_gmt":"2019-06-07T11:49:32","guid":{"rendered":"http:\/\/www.cklcomunicaciones.es\/?p=14642"},"modified":"2025-01-17T16:43:07","modified_gmt":"2025-01-17T15:43:07","slug":"noticias-info-ckl-no-2-355-07-06-19","status":"publish","type":"post","link":"https:\/\/cklcomunicaciones.es\/coop\/noticias-info-ckl-no-2-355-07-06-19\/","title":{"rendered":"Noticias Info CKL n\u00ba 2.355-07\/06\/19"},"content":{"rendered":"<div id=\"pl-14642\"  class=\"panel-layout\" >\n<div id=\"pg-14642-0\"  class=\"panel-grid panel-no-style\"  data-style=\"{&quot;background_image_attachment&quot;:false,&quot;background_display&quot;:&quot;tile&quot;,&quot;cell_alignment&quot;:&quot;flex-start&quot;}\" >\n<div id=\"pgc-14642-0-0\"  class=\"panel-grid-cell\"  data-weight=\"1\" >\n<div id=\"panel-14642-0-0-0\" class=\"so-panel widget widget_sow-editor panel-first-child panel-last-child\" data-index=\"0\" data-style=\"{&quot;background_image_attachment&quot;:false,&quot;background_display&quot;:&quot;tile&quot;}\" >\n<div class=\"so-widget-sow-editor so-widget-sow-editor-base\">\n<div class=\"siteorigin-widget-tinymce textwidget\">\n<p><img decoding=\"async\" class=\"lazyload  wp-image-13726\" src=\"http:\/\/www.cklcomunicaciones.es\/wp-content\/uploads\/2018\/03\/CKL_comunicacion-con-perspetiva-de-genero-300x300.jpg\" data-orig-src=\"http:\/\/www.cklcomunicaciones.es\/wp-content\/uploads\/2018\/03\/CKL_comunicacion-con-perspetiva-de-genero-300x300.jpg\" alt=\"CKL_comunicacion con perspetiva de genero\" width=\"132\" height=\"132\" srcset=\"data:image\/svg+xml,%3Csvg%20xmlns%3D%27http%3A%2F%2Fwww.w3.org%2F2000%2Fsvg%27%20width%3D%27132%27%20height%3D%27132%27%20viewBox%3D%270%200%20132%20132%27%3E%3Crect%20width%3D%27132%27%20height%3D%27132%27%20fill-opacity%3D%220%22%2F%3E%3C%2Fsvg%3E\" data-srcset=\"https:\/\/cklcomunicaciones.es\/coop\/wp-content\/uploads\/2018\/03\/CKL_comunicacion-con-perspetiva-de-genero-150x150.jpg 150w, https:\/\/cklcomunicaciones.es\/coop\/wp-content\/uploads\/2018\/03\/CKL_comunicacion-con-perspetiva-de-genero-300x300.jpg 300w, https:\/\/cklcomunicaciones.es\/coop\/wp-content\/uploads\/2018\/03\/CKL_comunicacion-con-perspetiva-de-genero-450x450.jpg 450w, https:\/\/cklcomunicaciones.es\/coop\/wp-content\/uploads\/2018\/03\/CKL_comunicacion-con-perspetiva-de-genero.jpg 500w\" data-sizes=\"auto\" data-orig-sizes=\"(max-width: 132px) 100vw, 132px\" \/><\/p>\n<p id=\":wj\" class=\"hP\" tabindex=\"-1\" data-thread-perm-id=\"thread-f:1635587872810282870\" data-legacy-thread-id=\"16b2c6812dcb2f76\"><strong>El Gobierno aborda el informe del Consejo de Europa con recomendaciones contra el sexismo-Pisotear a las mujeres en nombre del futuro y Dios-WoManikin-Mundi<wbr><\/wbr>al F\u00fatbol Femenino: Para ellos 400 millones, para ellas 30<\/strong><\/p>\n<p tabindex=\"-1\" data-thread-perm-id=\"thread-f:1635587872810282870\" data-legacy-thread-id=\"16b2c6812dcb2f76\">[toggle type=\u00bbfirst\u00bb title=\u00bbConvocatorias\u00bb]<\/p>\n<ul>\n<li><a href=\"http:\/\/www.icas-sevilla.org\/muestra-cine-social-living-sur\/\">I Muestra de Cine Social &#8216;Living Sur&#8217;<\/a>. Factor\u00eda Cultural. Del 13 al 16 de junio de 2019<\/li>\n<\/ul>\n<p tabindex=\"-1\" data-thread-perm-id=\"thread-f:1635587872810282870\" data-legacy-thread-id=\"16b2c6812dcb2f76\">[\/toggle]<\/p>\n<p>[toggle type=\u00bbfirst\u00bb title=\u00bbComunicaci\u00f3n\u00bb]<\/p>\n<p><a href=\"https:\/\/www.que.es\/ultimas-noticias\/el-gobierno-abordara-hoy-el-informe-del-consejo-de-europa-con-recomendaciones-contra-el-sexismo.html\">El Gobierno abordar\u00e1 hoy el informe del Consejo de Europa con recomendaciones contra el sexismo &#8230;<\/a>&#8211;\u00a0Qu\u00e9.es<\/p>\n<p><a href=\"https:\/\/www.elmundo.es\/loc\/famosos\/2019\/06\/06\/5cf8e951fdddff86948b4640.html\">La periodista Isabel Jim\u00e9nez planta cara a quienes la critican por su corta baja por maternidad<\/a>\u00a0\u2013 El Mundo<\/p>\n<p><a href=\"https:\/\/www.levante-emv.com\/safor\/2019\/06\/07\/mancomunitat-edita-guia-lenguaje-igualitario\/1885608.html\">La Mancomunitat edita una gu\u00eda para el uso del\u00a0lenguaje\u00a0igualitario &#8230;<\/a>&#8211;\u00a0Levante-EMV<\/p>\n<p><a href=\"https:\/\/www.cba24n.com.ar\/bienal-de-periodismo-y-comunicacion\/\">Bienal de Periodismo y Comunicaci\u00f3n<\/a>-Cba24n<\/p>\n<p>[\/toggle]<\/p>\n<p>[toggle type=\u00bbfirst\u00bb title=\u00bbAndaluc\u00eda\u00bb]<\/p>\n<p><strong>Econom\u00eda y Empresas<\/strong><\/p>\n<p><a href=\"http:\/\/www.juntadeandalucia.es\/presidencia\/portavoz\/143199\/RocioBlanco\/empleo\/inversiones\/Cadiz\/formacion\/trabajoautonomo\">Roc\u00edo Blanco, Consejera de Empleo, analiza inversiones en programas de empleo en C\u00e1diz por m\u00e1s de 78 millones<\/a>\u00a0\u2013 Oficina del Portavoz<a href=\"https:\/\/www.diariodesevilla.es\/entrevistas\/isabel-barbancho-gente-capaz-escapando-Andalucia_0_1361564459.html\"><br \/>\nIsabel Barbancho, catedr\u00e1tica en la Teoria de la Se\u00f1al y Comunicaciones: \u201cHay gente muy capaz que se est\u00e1 escapando de\u00a0Andaluc\u00eda\u00bb<\/a>-Diario de Sevilla<\/p>\n<p><a href=\"https:\/\/cordopolis.es\/2019\/06\/07\/carrefour-contratara-a-mas-de-1-000-personas-para-el-verano-en-andalucia\/\">Carrefour contratar\u00e1 a m\u00e1s de 1.000 personas para el verano en &#8230;<\/a>-Cord\u00f3polis<\/p>\n<p><strong>A<\/strong><strong>ctualidad<\/strong><\/p>\n<p><a href=\"https:\/\/www.diariosur.es\/malaga-capital\/matronas-espana-reunen-20190607115327-nt.html\">M\u00e1s de 800 matronas de toda Espa\u00f1a se re\u00fanen en M\u00e1laga en un &#8230;<\/a>&#8211;\u00a0Sur Digital\u00a0<a href=\"https:\/\/www.google.com\/url?rct=j&amp;sa=t&amp;url=http:\/\/www.canalsur.es\/rtva\/30_a%25C3%25B1os_de_mujeres_en_la_Guardia_Civil,_en_Solidarios\/1442314.html&amp;ct=ga&amp;cd=CAEYAioTNDI4Mjk3MDMyNjk2OTU5Mjc5MDIZYzAzNzJlYmMyZmVhZGE1OTplczplczpFUw&amp;usg=AFQjCNEUqIOzRMxwwHagjx-9sX9CW2EYaw\"><br \/>\n30 a\u00f1os de\u00a0mujeres en\u00a0la Guardia Civil, tema de \u00abSolidarios\u00bb<\/a>&#8211;\u00a0CanalSurWeb<a href=\"https:\/\/www.google.com\/url?rct=j&amp;sa=t&amp;url=https:\/\/www.20minutos.es\/noticia\/3662431\/0\/fomento-igualdad-protagoniza-reconocimientos-plan-para-convivencia-seguridad-centros\/&amp;ct=ga&amp;cd=CAEYAioUMTQ1MTQ0ODIwNjMyMDk1NzQ3OTAyGWUxZTc3ZDE1NjA5OGE4ZTM6ZXM6ZXM6RVM&amp;usg=AFQjCNF17V25FnA32jisMnhUYMfAQIFjgg\"><br \/>\nEl fomento de la igualdad protagoniza los reconocimientos del Plan para la Convivencia y &#8230;<\/a>&#8211;\u00a020minutos.es<\/p>\n<p><strong>Violencia<\/strong><strong>s<\/strong><\/p>\n<p><a href=\"https:\/\/www.google.com\/url?rct=j&amp;sa=t&amp;url=https:\/\/www.lavanguardia.com\/local\/sevilla\/20190606\/462708043445\/rocio-ruiz-avanza-el-inminente-reparto-de-los-fondos-del-pacto-de-estado-contra-la-violencia-de-genero.html&amp;ct=ga&amp;cd=CAEYACoUMTI5MjcyNTU4NDU1ODUzODA4MDQyGWMwMzcyZWJjMmZlYWRhNTk6ZXM6ZXM6RVM&amp;usg=AFQjCNHQPEO8rkgpNsa5MsHyFeXy6PJwUw\">Roc\u00edo Ruiz avanza el \u00abinminente reparto\u00bb de los fondos del Pacto de Estado contra la Violencia de &#8230;<\/a>&#8211;\u00a0La Vanguardia<a href=\"https:\/\/elforodeceuta.es\/todo-por-la-trata-pero-sin-las-mujeres-tratadas\/\"><br \/>\nTodo por la trata, pero sin las\u00a0mujeres\u00a0tratadas<\/a>&#8211;\u00a0El Foro de Ceuta<\/p>\n<p><a href=\"https:\/\/andaluciainformacion.es\/andalucia\/831225\/tres-investigados-tras-la-denuncia-de-una-mujer-por-supuesta-violacion\/\">Tres investigados tras la denuncia de una mujer por supuesta violaci\u00f3n<\/a>&#8211;\u00a0Andaluc\u00eda Informaci\u00f3n<strong>\u00a0<\/strong><\/p>\n<p><strong>Ciencia y Cultura<\/strong><\/p>\n<p><a href=\"https:\/\/www.mujeremprendedora.net\/estudiante-ingenieria-aeroespacial-universidad-sevilla-iii-beca-mujer-ingeniera\/\">Paloma P\u00e9rez Jim\u00e9nez, Ingenier\u00eda Aeroespacial en la Universidad de Sevilla, III Beca \u201cMujer Ingeniera\u201d\u00a0<\/a>&#8211;\u00a0Mujeremprendedora.net<\/p>\n<p><a href=\"https:\/\/www.elmundo.es\/andalucia\/2019\/06\/06\/5cf94b27fdddff4d518b4593.html\">La Fiscal\u00eda rechaza que exista ofensa al sentimiento religioso en la exposici\u00f3n &#8216;Maculadas sin remedio&#8217;<\/a>\u00a0\u2013 El Mundo<\/p>\n<p><a href=\"https:\/\/www.diariodesevilla.es\/opinion\/analisis\/mujeres-virgen_0_1361863905.html\">Las\u00a0mujeres\u00a0de la virgen<\/a>&#8211;\u00a0Diario de Sevilla<\/p>\n<p><a href=\"http:\/\/www.diariojaen.es\/cultura\/la-lucha-contra-la-violencia-de-genero-a-escena-CC5675765\">La lucha contra la\u00a0violencia de g\u00e9nero, a escena<\/a>&#8211;\u00a0Diario Ja\u00e9n<strong>\u00a0<\/strong><\/p>\n<p><strong>Deporte<\/strong><\/p>\n<p><a href=\"https:\/\/elmira.es\/06\/06\/2019\/jerez-acoge-el-campeonato-de-andalucia-de-gimnasia-artistica\/\">Jerez acoge el Campeonato de\u00a0Andaluc\u00eda\u00a0de Gimnasia Art\u00edstica<\/a>&#8211;\u00a0El Mira<\/p>\n<p>[\/toggle]<\/p>\n<p>[toggle type=\u00bbfirst\u00bb title=\u00bbEstado\u00bb]<\/p>\n<p><strong>Institucional<\/strong><\/p>\n<p><a href=\"https:\/\/diario16.com\/carmen-calvo-la-violencia-de-genero-es-la-cara-mas-cruel-de-una-sociedad-sexista\/\">Carmen Calvo: \u00abLa\u00a0violencia de g\u00e9nero\u00a0es la cara m\u00e1s cruel de una sociedad sexista &#8230;<\/a>&#8211;\u00a0Diario16<strong>\u00a0<\/strong><\/p>\n<p><strong>Institucional<\/strong><strong>-CCAA<\/strong><\/p>\n<p><a href=\"https:\/\/www.google.com\/url?rct=j&amp;sa=t&amp;url=http:\/\/sorianoticias.com\/noticia\/2019-06-05-foes-asome-estrenan-foro-liderazgo-femenino-dar-voz-mujeres-ambito-empresarial-58857&amp;ct=ga&amp;cd=CAEYACoUMTc4NTcyMDUzMzQ3OTAyNjE2NDMyGWMwMzcyZWJjMmZlYWRhNTk6ZXM6ZXM6RVM&amp;usg=AFQjCNFGue_OboLcwI_brmhN3JuMr40Vvg\">FOES y ASOME estrenan el foro &#8216;Liderazgo en femenino&#8217; para dar voz a las mujeres en\u00a0el \u00e1mbito &#8230;<\/a>&#8211;\u00a0Soria Noticias<\/p>\n<p><a href=\"https:\/\/www.google.com\/url?rct=j&amp;sa=t&amp;url=https:\/\/eldiadigital.es\/art\/296539\/clm-seguira-avanzando-en-materia-de-igualdad-de-genero&amp;ct=ga&amp;cd=CAEYACoUMTM2NzUzODE5NzMwOTUwNDcwNDEyGWMwMzcyZWJjMmZlYWRhNTk6ZXM6ZXM6RVM&amp;usg=AFQjCNEXHu6U2WFipUT-4yR4arbFua0Vew\">CLM seguir\u00e1 avanzando en materia de igualdad de g\u00e9nero<\/a>&#8211;\u00a0<a href=\"http:\/\/eldiadigital.es\/\">eldiadigital.es<\/a><\/p>\n<p><a href=\"https:\/\/www.elespanol.com\/quincemil\/articulos\/vivir\/corunasecreta-ladies-wine-design-solo-mujeres-y-mucha-creatividad\">#Coru\u00f1aSecreta Ladies, Wine &amp; Design: Solo\u00a0mujeres\u00a0y mucha &#8230;<\/a>&#8211;\u00a0<strong>El Espa\u00f1ol<\/strong><\/p>\n<p><a href=\"https:\/\/www.laopinioncoruna.es\/galicia\/2019\/06\/07\/xunta-distingue-mujeres-medallas-castelao\/1409112.html\">La Xunta distingue solo a\u00a0mujeres\u00a0con<\/a> <a href=\"https:\/\/www.laopinioncoruna.es\/galicia\/2019\/06\/07\/xunta-distingue-mujeres-medallas-castelao\/1409112.html\">las<\/a><a href=\"https:\/\/www.laopinioncoruna.es\/galicia\/2019\/06\/07\/xunta-distingue-mujeres-medallas-castelao\/1409112.html\"> Medallas Castelao de 2019<\/a><strong>&#8211;<\/strong>\u00a0<strong>La Opini\u00f3n A Coru\u00f1a<\/strong><strong>\u00a0<\/strong><\/p>\n<p><strong>Econom\u00eda y Empresa<\/strong><a href=\"https:\/\/www.google.com\/url?rct=j&amp;sa=t&amp;url=https:\/\/material-electrico.cdecomunicacion.es\/noticias\/sectoriales\/32549\/reyes-maroto-anima-fabricantes-chinos-vehiculos-baterias-electricas-invertir-espana&amp;ct=ga&amp;cd=CAEYASoTODU1MzY4NzYzMDQ0MDM1NjcxNTIZNjQ2NjBjYjY2NWMyNTc5OTplczplczpFUw&amp;usg=AFQjCNESrTlt9ey8MVq3SZDMrXmcMKpESw\"><br \/>\nReyes Maroto, Ministra de Industria anima a los fabricantes chinos de veh\u00edculos y bater\u00edas\u00a0el\u00e9ctricas\u00a0a invertir en Espa\u00f1a<\/a>&#8211;\u00a0Material El\u00e9ctrico<\/p>\n<p><a href=\"https:\/\/www.mujeremprendedora.net\/adriana-dominguez-premio-mujer-lider-2019\/\">Adriana Dom\u00ednguez, Consejera Delegada de Adolfo Dom\u00ednguez, Premio \u2018Mujer L\u00edder 2019\u2019<\/a>&#8211;<strong>\u00a0<\/strong>Mujeremprendedora.net<\/p>\n<p><a href=\"https:\/\/www.google.com\/url?rct=j&amp;sa=t&amp;url=https:\/\/elpais.com\/sociedad\/2019\/06\/06\/actualidad\/1559820935_579373.html&amp;ct=ga&amp;cd=CAEYACoUMTc3Njk4ODY3MDk3OTE2OTAzNjYyGWMwMzcyZWJjMmZlYWRhNTk6ZXM6ZXM6RVM&amp;usg=AFQjCNFO8XfWOm-QqVXjPYBCHmgXnHbTsQ\">M\u00e1s de la mitad de los trabajadores no pueden flexibilizar su horario para cuidar de sus hij@s<\/a>&#8211;\u00a0El Pa\u00eds<\/p>\n<p><strong>Actualidad<\/strong><\/p>\n<p><a href=\"https:\/\/elpais.com\/cultura\/2019\/06\/06\/television\/1559814858_415181.html\">Pisotear a las\u00a0mujeres\u00a0en nombre del futuro y Dios<\/a>&#8211;\u00a0El Pa\u00eds<\/p>\n<p><a href=\"https:\/\/plumasatomicas.com\/feminismo\/womanikin-el-primer-maniqui-femenino-de-primeros-auxilios\/\">WoManikin, el primer maniqu\u00ed femenino de primeros auxilios<\/a>&#8211;\u00a0Plumas At\u00f3micas<strong>\u00a0<\/strong><\/p>\n<p><strong>Violencia<\/strong><\/p>\n<p><a href=\"https:\/\/www.elmundo.es\/baleares\/2019\/06\/07\/5cfa0da2fc6c837c3d8b45ad.html\">Prostituci\u00f3n en Palma:\u00a0mujer\u00a0de 25 a 44 a\u00f1os, extranjera y regularizada<\/a>\u00a0\u2013\u00a0El Mundo<strong>\u00a0<\/strong><\/p>\n<p><strong>Ciencia y Cultura<\/strong><a href=\"https:\/\/www.google.com\/url?rct=j&amp;sa=t&amp;url=https:\/\/www.dream-alcala.com\/premio-maria-isidra-de-guzman-para-nieves-hernandez-romero\/&amp;ct=ga&amp;cd=CAEYBCoUMTEwOTQ5MTYyMDMwNjI4MzczNTkyGWMwMzcyZWJjMmZlYWRhNTk6ZXM6ZXM6RVM&amp;usg=AFQjCNFiJql891WH9iQyhO9Ii6CZHwON3Q\"><br \/>\nPremio Mar\u00eda Isidra de Guzm\u00e1n para Nieves Hern\u00e1ndez Romero<\/a>&#8211;\u00a0Dream! Alcal\u00e1<\/p>\n<p><a href=\"https:\/\/www.publico.es\/culturas\/hierro-candela-pena-no-cuota-talento-trate-igual.html\">Candela Pe\u00f1a: \u00abLas mujeres no somos una cuota, el talento es el mismo, que se nos trate igual\u00bb<\/a>&#8211; P\u00fablico<\/p>\n<p><a href=\"https:\/\/elpais.com\/elpais\/2019\/06\/04\/ciencia\/1559633333_149583.html\">Las matem\u00e1ticas muestran la desigualdad en el cine<\/a>\u00a0\u2013 El Pa\u00eds<\/p>\n<p><a href=\"https:\/\/elpais.com\/cultura\/2019\/06\/06\/actualidad\/1559805239_962042.html\">Los hombres publican el doble de libros que las\u00a0mujeres<\/a>\u00a0\u2013 El Pa\u00eds<strong>\u00a0<\/strong><\/p>\n<p><strong>Deporte<\/strong><strong>\u00a0<\/strong><\/p>\n<p><a href=\"https:\/\/elpais.com\/deportes\/2019\/06\/06\/actualidad\/1559832761_073664.html\">El f\u00fatbol femenino celebra su \u00e9xito en el Mundial m\u00e1s reivindicativo<\/a>\u00a0\u2013 El Pa\u00eds<\/p>\n<p><a href=\"https:\/\/www.elmundo.es\/deportes\/futbol\/futbol-femenino\/2019\/06\/07\/5cf96d9921efa041768b46b8.html\">Alexia Putellas: \u00abTenemos una responsabilidad hasta que la\u00a0mujer\u00a0est\u00e9 en el sitio que merece\u00bb<\/a>&#8211;\u00a0El Mundo<\/p>\n<p><a href=\"https:\/\/www.elmundo.es\/deportes\/futbol\/futbol-femenino\/2019\/06\/07\/5cf97aacfdddffb58a8b4662.html\">Para ellos 400 millones, y para ellas 30: las llamativas cifras del mundial femenino\u2026<\/a>-El Mundo<\/p>\n<p>[\/toggle]<\/p>\n<p>[toggle type=\u00bbfirst\u00bb title=\u00bbInternacional\u00bb]<\/p>\n<p><a href=\"http:\/\/www.expansion.com\/pymes\/2019\/06\/06\/5cf0ea5d468aebcb088b4573.html\">Therese Tucker, la emprendedora que conquist\u00f3 Wall Street<\/a>&#8211;\u00a0Expansi\u00f3n.com<\/p>\n<p><a href=\"https:\/\/www.google.com\/url?rct=j&amp;sa=t&amp;url=https:\/\/www.eldiario.es\/politica\/participacion-evidencia-violencia-America-Latina_0_907110390.html&amp;ct=ga&amp;cd=CAEYACoTNDI4Mjk3MDMyNjk2OTU5Mjc5MDIZYzAzNzJlYmMyZmVhZGE1OTplczplczpFUw&amp;usg=AFQjCNFP8EqMvBZwTpPgZfokU09XpVWj2Q\">La participaci\u00f3n femenina en pol\u00edtica evidencia la violencia por raz\u00f3n de g\u00e9nero en Am\u00e9rica Latina<\/a>&#8211;\u00a0eldiario.es<\/p>\n<p><a href=\"https:\/\/www.mujeremprendedora.net\/mafalda-maia-seco-liderara-filial-instituto-valoraciones-portugal\/\">Mafalda Maia S\u00eaco liderar\u00e1 la filial del Instituto de Valoraciones en Portugal<\/a>\u00a0\u2013\u00a0Mujeremprendedora.net<\/p>\n<p><a href=\"https:\/\/www.google.com\/url?rct=j&amp;sa=t&amp;url=https:\/\/www.lanacion.com.ar\/el-mundo\/las-mujeres-japonesas-pie-guerra-uso-tacos-nid2255239&amp;ct=ga&amp;cd=CAEYACoSNDAyNTA5Mzg2NDc1MTUzMjc1MhljMDM3MmViYzJmZWFkYTU5OmVzOmVzOkVT&amp;usg=AFQjCNGpoNO_f3CokHiIOlohDn-yNagoVw\">Las\u00a0mujeres\u00a0japonesas, en pie de guerra contra el uso de tacos en el trabajo<\/a>&#8211;\u00a0La Naci\u00f3n<\/p>\n<p><a href=\"https:\/\/elpais.com\/elpais\/2019\/06\/06\/gente\/1559828673_057537.html\">El emir de Dub\u00e1i invita solo a hombres a la boda de tres de sus hijos<\/a>\u00a0\u2013 El Pa\u00eds<\/p>\n<p><a href=\"https:\/\/www.elmundo.es\/cataluna\/2019\/06\/06\/5cf91f88fc6c83c44c8b45aa.html\">Salir del armario en Jap\u00f3n y otros retos LGTBI<\/a>\u00a0\u2013\u00a0El Mundo<\/p>\n<p><a href=\"https:\/\/www.elmundo.es\/deportes\/futbol\/2019\/06\/06\/5cf9260cfc6c836c788b45be.html\">Mastercard suspende el contrato de publicidad con Neymar tras la acusaci\u00f3n de violaci\u00f3n<\/a>\u00a0\u2013 El Mundo<\/p>\n<p><a href=\"https:\/\/www.google.com\/url?rct=j&amp;sa=t&amp;url=https:\/\/elpais.com\/deportes\/2019\/06\/06\/actualidad\/1559830139_243935.html&amp;ct=ga&amp;cd=CAEYAioUMTU3NDMzMTkxODQ4NzQwMjkyOTgyGWMwMzcyZWJjMmZlYWRhNTk6ZXM6ZXM6RVM&amp;usg=AFQjCNErCECt0zBQ_p3Xz3LqI3NLNWaLrA\">Alex Morgan alza la voz contra la desigualdad y contra Trump<\/a>&#8211;\u00a0El Pa\u00eds<\/p>\n<p><a href=\"https:\/\/ctxt.es\/es\/20190605\/Deportes\/26550\/deporte-maternidad-nike-allyson-felix-alysia-montano-ricardo-uribarri.htm\">El castigo de ser madre deportista\u00a0-P\u00fablico<\/a><\/p>\n<p>[\/toggle]<\/p>\n<\/div>\n<\/div>\n<\/div>\n<\/div>\n<\/div>\n<\/div>\n","protected":false},"excerpt":{"rendered":"<p>El Gobierno aborda el informe del Consejo de Europa con <a href=\"https:\/\/cklcomunicaciones.es\/coop\/noticias-info-ckl-no-2-355-07-06-19\/\">[&#8230;]<\/a><\/p>\n","protected":false},"author":3,"featured_media":0,"comment_status":"closed","ping_status":"closed","sticky":false,"template":"","format":"standard","meta":{"footnotes":""},"categories":[298,623],"tags":[],"class_list":["post-14642","post","type-post","status-publish","format-standard","hentry","category-newsletter","category-nwl-2-0"],"yoast_head":"<!-- This site is optimized with the Yoast SEO plugin v27.5 - https:\/\/yoast.com\/product\/yoast-seo-wordpress\/ -->\n<title>Noticias Info CKL n\u00ba 2.355-07\/06\/19-Comunicar con perspectiva de g\u00e9nero<\/title>\n<meta name=\"description\" content=\"Comunicar con perspectiva de g\u00e9nero: El Gobierno aborda el informe del Consejo de Europa con recomendaciones contra el sexismo-Pisotear a las mujeres en nombre del futuro y Dios-WoManikin-Mundial F\u00fatbol Femenino: Para ellos 400 millones, para ellas 30\" \/>\n<meta name=\"robots\" content=\"index, follow, max-snippet:-1, max-image-preview:large, max-video-preview:-1\" \/>\n<link rel=\"canonical\" href=\"https:\/\/cklcomunicaciones.es\/coop\/noticias-info-ckl-no-2-355-07-06-19\/\" \/>\n<meta property=\"og:locale\" content=\"es_ES\" \/>\n<meta property=\"og:type\" content=\"article\" \/>\n<meta property=\"og:title\" content=\"Noticias Info CKL n\u00ba 2.355-07\/06\/19-Comunicar con perspectiva de g\u00e9nero\" \/>\n<meta property=\"og:description\" content=\"Comunicar con perspectiva de g\u00e9nero: El Gobierno aborda el informe del Consejo de Europa con recomendaciones contra el sexismo-Pisotear a las mujeres en nombre del futuro y Dios-WoManikin-Mundial F\u00fatbol Femenino: Para ellos 400 millones, para ellas 30\" \/>\n<meta property=\"og:url\" content=\"https:\/\/cklcomunicaciones.es\/coop\/noticias-info-ckl-no-2-355-07-06-19\/\" \/>\n<meta property=\"og:site_name\" content=\"CKL Comunicaciones\" \/>\n<meta property=\"article:published_time\" content=\"2019-06-07T11:49:32+00:00\" \/>\n<meta property=\"article:modified_time\" content=\"2025-01-17T15:43:07+00:00\" \/>\n<meta property=\"og:image\" content=\"https:\/\/cklcomunicaciones.es\/coop\/wp-content\/uploads\/2018\/03\/CKL_comunicacion-con-perspetiva-de-genero.jpg\" \/>\n\t<meta property=\"og:image:width\" content=\"500\" \/>\n\t<meta property=\"og:image:height\" content=\"500\" \/>\n\t<meta property=\"og:image:type\" content=\"image\/jpeg\" \/>\n<meta name=\"author\" content=\"ckl\" \/>\n<meta name=\"twitter:card\" content=\"summary_large_image\" \/>\n<meta name=\"twitter:label1\" content=\"Escrito por\" \/>\n\t<meta name=\"twitter:data1\" content=\"ckl\" \/>\n\t<meta name=\"twitter:label2\" content=\"Tiempo de lectura\" \/>\n\t<meta name=\"twitter:data2\" content=\"4 minutos\" \/>\n<script type=\"application\/ld+json\" class=\"yoast-schema-graph\">{\"@context\":\"https:\\\/\\\/schema.org\",\"@graph\":[{\"@type\":\"Article\",\"@id\":\"https:\\\/\\\/cklcomunicaciones.es\\\/coop\\\/noticias-info-ckl-no-2-355-07-06-19\\\/#article\",\"isPartOf\":{\"@id\":\"https:\\\/\\\/cklcomunicaciones.es\\\/coop\\\/noticias-info-ckl-no-2-355-07-06-19\\\/\"},\"author\":{\"name\":\"ckl\",\"@id\":\"https:\\\/\\\/cklcomunicaciones.es\\\/coop\\\/#\\\/schema\\\/person\\\/929a6837f7626450bbb50cee1aef266e\"},\"headline\":\"Noticias Info CKL n\u00ba 2.355-07\\\/06\\\/19\",\"datePublished\":\"2019-06-07T11:49:32+00:00\",\"dateModified\":\"2025-01-17T15:43:07+00:00\",\"mainEntityOfPage\":{\"@id\":\"https:\\\/\\\/cklcomunicaciones.es\\\/coop\\\/noticias-info-ckl-no-2-355-07-06-19\\\/\"},\"wordCount\":834,\"image\":{\"@id\":\"https:\\\/\\\/cklcomunicaciones.es\\\/coop\\\/noticias-info-ckl-no-2-355-07-06-19\\\/#primaryimage\"},\"thumbnailUrl\":\"http:\\\/\\\/www.cklcomunicaciones.es\\\/wp-content\\\/uploads\\\/2018\\\/03\\\/CKL_comunicacion-con-perspetiva-de-genero-300x300.jpg\",\"articleSection\":[\"Newsletter\",\"Nwl v2.0\"],\"inLanguage\":\"es\"},{\"@type\":\"WebPage\",\"@id\":\"https:\\\/\\\/cklcomunicaciones.es\\\/coop\\\/noticias-info-ckl-no-2-355-07-06-19\\\/\",\"url\":\"https:\\\/\\\/cklcomunicaciones.es\\\/coop\\\/noticias-info-ckl-no-2-355-07-06-19\\\/\",\"name\":\"Noticias Info CKL n\u00ba 2.355-07\\\/06\\\/19-Comunicar con perspectiva de g\u00e9nero\",\"isPartOf\":{\"@id\":\"https:\\\/\\\/cklcomunicaciones.es\\\/coop\\\/#website\"},\"primaryImageOfPage\":{\"@id\":\"https:\\\/\\\/cklcomunicaciones.es\\\/coop\\\/noticias-info-ckl-no-2-355-07-06-19\\\/#primaryimage\"},\"image\":{\"@id\":\"https:\\\/\\\/cklcomunicaciones.es\\\/coop\\\/noticias-info-ckl-no-2-355-07-06-19\\\/#primaryimage\"},\"thumbnailUrl\":\"http:\\\/\\\/www.cklcomunicaciones.es\\\/wp-content\\\/uploads\\\/2018\\\/03\\\/CKL_comunicacion-con-perspetiva-de-genero-300x300.jpg\",\"datePublished\":\"2019-06-07T11:49:32+00:00\",\"dateModified\":\"2025-01-17T15:43:07+00:00\",\"author\":{\"@id\":\"https:\\\/\\\/cklcomunicaciones.es\\\/coop\\\/#\\\/schema\\\/person\\\/929a6837f7626450bbb50cee1aef266e\"},\"description\":\"Comunicar con perspectiva de g\u00e9nero: El Gobierno aborda el informe del Consejo de Europa con recomendaciones contra el sexismo-Pisotear a las mujeres en nombre del futuro y Dios-WoManikin-Mundial F\u00fatbol Femenino: Para ellos 400 millones, para ellas 30\",\"breadcrumb\":{\"@id\":\"https:\\\/\\\/cklcomunicaciones.es\\\/coop\\\/noticias-info-ckl-no-2-355-07-06-19\\\/#breadcrumb\"},\"inLanguage\":\"es\",\"potentialAction\":[{\"@type\":\"ReadAction\",\"target\":[\"https:\\\/\\\/cklcomunicaciones.es\\\/coop\\\/noticias-info-ckl-no-2-355-07-06-19\\\/\"]}]},{\"@type\":\"ImageObject\",\"inLanguage\":\"es\",\"@id\":\"https:\\\/\\\/cklcomunicaciones.es\\\/coop\\\/noticias-info-ckl-no-2-355-07-06-19\\\/#primaryimage\",\"url\":\"http:\\\/\\\/www.cklcomunicaciones.es\\\/wp-content\\\/uploads\\\/2018\\\/03\\\/CKL_comunicacion-con-perspetiva-de-genero-300x300.jpg\",\"contentUrl\":\"http:\\\/\\\/www.cklcomunicaciones.es\\\/wp-content\\\/uploads\\\/2018\\\/03\\\/CKL_comunicacion-con-perspetiva-de-genero-300x300.jpg\"},{\"@type\":\"BreadcrumbList\",\"@id\":\"https:\\\/\\\/cklcomunicaciones.es\\\/coop\\\/noticias-info-ckl-no-2-355-07-06-19\\\/#breadcrumb\",\"itemListElement\":[{\"@type\":\"ListItem\",\"position\":1,\"name\":\"Portada\",\"item\":\"https:\\\/\\\/cklcomunicaciones.es\\\/coop\\\/\"},{\"@type\":\"ListItem\",\"position\":2,\"name\":\"Noticias Info CKL n\u00ba 2.355-07\\\/06\\\/19\"}]},{\"@type\":\"WebSite\",\"@id\":\"https:\\\/\\\/cklcomunicaciones.es\\\/coop\\\/#website\",\"url\":\"https:\\\/\\\/cklcomunicaciones.es\\\/coop\\\/\",\"name\":\"CKL Comunicaciones\",\"description\":\"Sitio web de CKL Comunicaciones coop , la consultora de comunicaci\u00f3n y estrategia\",\"potentialAction\":[{\"@type\":\"SearchAction\",\"target\":{\"@type\":\"EntryPoint\",\"urlTemplate\":\"https:\\\/\\\/cklcomunicaciones.es\\\/coop\\\/?s={search_term_string}\"},\"query-input\":{\"@type\":\"PropertyValueSpecification\",\"valueRequired\":true,\"valueName\":\"search_term_string\"}}],\"inLanguage\":\"es\"},{\"@type\":\"Person\",\"@id\":\"https:\\\/\\\/cklcomunicaciones.es\\\/coop\\\/#\\\/schema\\\/person\\\/929a6837f7626450bbb50cee1aef266e\",\"name\":\"ckl\",\"image\":{\"@type\":\"ImageObject\",\"inLanguage\":\"es\",\"@id\":\"https:\\\/\\\/secure.gravatar.com\\\/avatar\\\/c82db564e8a669bf6023357a157b9dc4780f4d4c618f2ad1d71a6a5dede45057?s=96&d=mm&r=g\",\"url\":\"https:\\\/\\\/secure.gravatar.com\\\/avatar\\\/c82db564e8a669bf6023357a157b9dc4780f4d4c618f2ad1d71a6a5dede45057?s=96&d=mm&r=g\",\"contentUrl\":\"https:\\\/\\\/secure.gravatar.com\\\/avatar\\\/c82db564e8a669bf6023357a157b9dc4780f4d4c618f2ad1d71a6a5dede45057?s=96&d=mm&r=g\",\"caption\":\"ckl\"},\"url\":\"https:\\\/\\\/cklcomunicaciones.es\\\/coop\\\/author\\\/cklcomunicaciones\\\/\"}]}<\/script>\n<!-- \/ Yoast SEO plugin. -->","yoast_head_json":{"title":"Noticias Info CKL n\u00ba 2.355-07\/06\/19-Comunicar con perspectiva de g\u00e9nero","description":"Comunicar con perspectiva de g\u00e9nero: El Gobierno aborda el informe del Consejo de Europa con recomendaciones contra el sexismo-Pisotear a las mujeres en nombre del futuro y Dios-WoManikin-Mundial F\u00fatbol Femenino: Para ellos 400 millones, para ellas 30","robots":{"index":"index","follow":"follow","max-snippet":"max-snippet:-1","max-image-preview":"max-image-preview:large","max-video-preview":"max-video-preview:-1"},"canonical":"https:\/\/cklcomunicaciones.es\/coop\/noticias-info-ckl-no-2-355-07-06-19\/","og_locale":"es_ES","og_type":"article","og_title":"Noticias Info CKL n\u00ba 2.355-07\/06\/19-Comunicar con perspectiva de g\u00e9nero","og_description":"Comunicar con perspectiva de g\u00e9nero: El Gobierno aborda el informe del Consejo de Europa con recomendaciones contra el sexismo-Pisotear a las mujeres en nombre del futuro y Dios-WoManikin-Mundial F\u00fatbol Femenino: Para ellos 400 millones, para ellas 30","og_url":"https:\/\/cklcomunicaciones.es\/coop\/noticias-info-ckl-no-2-355-07-06-19\/","og_site_name":"CKL Comunicaciones","article_published_time":"2019-06-07T11:49:32+00:00","article_modified_time":"2025-01-17T15:43:07+00:00","og_image":[{"width":500,"height":500,"url":"https:\/\/cklcomunicaciones.es\/coop\/wp-content\/uploads\/2018\/03\/CKL_comunicacion-con-perspetiva-de-genero.jpg","type":"image\/jpeg"}],"author":"ckl","twitter_card":"summary_large_image","twitter_misc":{"Escrito por":"ckl","Tiempo de lectura":"4 minutos"},"schema":{"@context":"https:\/\/schema.org","@graph":[{"@type":"Article","@id":"https:\/\/cklcomunicaciones.es\/coop\/noticias-info-ckl-no-2-355-07-06-19\/#article","isPartOf":{"@id":"https:\/\/cklcomunicaciones.es\/coop\/noticias-info-ckl-no-2-355-07-06-19\/"},"author":{"name":"ckl","@id":"https:\/\/cklcomunicaciones.es\/coop\/#\/schema\/person\/929a6837f7626450bbb50cee1aef266e"},"headline":"Noticias Info CKL n\u00ba 2.355-07\/06\/19","datePublished":"2019-06-07T11:49:32+00:00","dateModified":"2025-01-17T15:43:07+00:00","mainEntityOfPage":{"@id":"https:\/\/cklcomunicaciones.es\/coop\/noticias-info-ckl-no-2-355-07-06-19\/"},"wordCount":834,"image":{"@id":"https:\/\/cklcomunicaciones.es\/coop\/noticias-info-ckl-no-2-355-07-06-19\/#primaryimage"},"thumbnailUrl":"http:\/\/www.cklcomunicaciones.es\/wp-content\/uploads\/2018\/03\/CKL_comunicacion-con-perspetiva-de-genero-300x300.jpg","articleSection":["Newsletter","Nwl v2.0"],"inLanguage":"es"},{"@type":"WebPage","@id":"https:\/\/cklcomunicaciones.es\/coop\/noticias-info-ckl-no-2-355-07-06-19\/","url":"https:\/\/cklcomunicaciones.es\/coop\/noticias-info-ckl-no-2-355-07-06-19\/","name":"Noticias Info CKL n\u00ba 2.355-07\/06\/19-Comunicar con perspectiva de g\u00e9nero","isPartOf":{"@id":"https:\/\/cklcomunicaciones.es\/coop\/#website"},"primaryImageOfPage":{"@id":"https:\/\/cklcomunicaciones.es\/coop\/noticias-info-ckl-no-2-355-07-06-19\/#primaryimage"},"image":{"@id":"https:\/\/cklcomunicaciones.es\/coop\/noticias-info-ckl-no-2-355-07-06-19\/#primaryimage"},"thumbnailUrl":"http:\/\/www.cklcomunicaciones.es\/wp-content\/uploads\/2018\/03\/CKL_comunicacion-con-perspetiva-de-genero-300x300.jpg","datePublished":"2019-06-07T11:49:32+00:00","dateModified":"2025-01-17T15:43:07+00:00","author":{"@id":"https:\/\/cklcomunicaciones.es\/coop\/#\/schema\/person\/929a6837f7626450bbb50cee1aef266e"},"description":"Comunicar con perspectiva de g\u00e9nero: El Gobierno aborda el informe del Consejo de Europa con recomendaciones contra el sexismo-Pisotear a las mujeres en nombre del futuro y Dios-WoManikin-Mundial F\u00fatbol Femenino: Para ellos 400 millones, para ellas 30","breadcrumb":{"@id":"https:\/\/cklcomunicaciones.es\/coop\/noticias-info-ckl-no-2-355-07-06-19\/#breadcrumb"},"inLanguage":"es","potentialAction":[{"@type":"ReadAction","target":["https:\/\/cklcomunicaciones.es\/coop\/noticias-info-ckl-no-2-355-07-06-19\/"]}]},{"@type":"ImageObject","inLanguage":"es","@id":"https:\/\/cklcomunicaciones.es\/coop\/noticias-info-ckl-no-2-355-07-06-19\/#primaryimage","url":"http:\/\/www.cklcomunicaciones.es\/wp-content\/uploads\/2018\/03\/CKL_comunicacion-con-perspetiva-de-genero-300x300.jpg","contentUrl":"http:\/\/www.cklcomunicaciones.es\/wp-content\/uploads\/2018\/03\/CKL_comunicacion-con-perspetiva-de-genero-300x300.jpg"},{"@type":"BreadcrumbList","@id":"https:\/\/cklcomunicaciones.es\/coop\/noticias-info-ckl-no-2-355-07-06-19\/#breadcrumb","itemListElement":[{"@type":"ListItem","position":1,"name":"Portada","item":"https:\/\/cklcomunicaciones.es\/coop\/"},{"@type":"ListItem","position":2,"name":"Noticias Info CKL n\u00ba 2.355-07\/06\/19"}]},{"@type":"WebSite","@id":"https:\/\/cklcomunicaciones.es\/coop\/#website","url":"https:\/\/cklcomunicaciones.es\/coop\/","name":"CKL Comunicaciones","description":"Sitio web de CKL Comunicaciones coop , la consultora de comunicaci\u00f3n y estrategia","potentialAction":[{"@type":"SearchAction","target":{"@type":"EntryPoint","urlTemplate":"https:\/\/cklcomunicaciones.es\/coop\/?s={search_term_string}"},"query-input":{"@type":"PropertyValueSpecification","valueRequired":true,"valueName":"search_term_string"}}],"inLanguage":"es"},{"@type":"Person","@id":"https:\/\/cklcomunicaciones.es\/coop\/#\/schema\/person\/929a6837f7626450bbb50cee1aef266e","name":"ckl","image":{"@type":"ImageObject","inLanguage":"es","@id":"https:\/\/secure.gravatar.com\/avatar\/c82db564e8a669bf6023357a157b9dc4780f4d4c618f2ad1d71a6a5dede45057?s=96&d=mm&r=g","url":"https:\/\/secure.gravatar.com\/avatar\/c82db564e8a669bf6023357a157b9dc4780f4d4c618f2ad1d71a6a5dede45057?s=96&d=mm&r=g","contentUrl":"https:\/\/secure.gravatar.com\/avatar\/c82db564e8a669bf6023357a157b9dc4780f4d4c618f2ad1d71a6a5dede45057?s=96&d=mm&r=g","caption":"ckl"},"url":"https:\/\/cklcomunicaciones.es\/coop\/author\/cklcomunicaciones\/"}]}},"_links":{"self":[{"href":"https:\/\/cklcomunicaciones.es\/coop\/wp-json\/wp\/v2\/posts\/14642","targetHints":{"allow":["GET"]}}],"collection":[{"href":"https:\/\/cklcomunicaciones.es\/coop\/wp-json\/wp\/v2\/posts"}],"about":[{"href":"https:\/\/cklcomunicaciones.es\/coop\/wp-json\/wp\/v2\/types\/post"}],"author":[{"embeddable":true,"href":"https:\/\/cklcomunicaciones.es\/coop\/wp-json\/wp\/v2\/users\/3"}],"replies":[{"embeddable":true,"href":"https:\/\/cklcomunicaciones.es\/coop\/wp-json\/wp\/v2\/comments?post=14642"}],"version-history":[{"count":0,"href":"https:\/\/cklcomunicaciones.es\/coop\/wp-json\/wp\/v2\/posts\/14642\/revisions"}],"wp:attachment":[{"href":"https:\/\/cklcomunicaciones.es\/coop\/wp-json\/wp\/v2\/media?parent=14642"}],"wp:term":[{"taxonomy":"category","embeddable":true,"href":"https:\/\/cklcomunicaciones.es\/coop\/wp-json\/wp\/v2\/categories?post=14642"},{"taxonomy":"post_tag","embeddable":true,"href":"https:\/\/cklcomunicaciones.es\/coop\/wp-json\/wp\/v2\/tags?post=14642"}],"curies":[{"name":"wp","href":"https:\/\/api.w.org\/{rel}","templated":true}]}}