{"id":14627,"date":"2019-05-29T12:48:18","date_gmt":"2019-05-29T10:48:18","guid":{"rendered":"http:\/\/www.cklcomunicaciones.es\/?p=14627"},"modified":"2025-01-17T16:43:08","modified_gmt":"2025-01-17T15:43:08","slug":"noticias-info-ckl-no-2-348-29-05-19","status":"publish","type":"post","link":"https:\/\/cklcomunicaciones.es\/coop\/noticias-info-ckl-no-2-348-29-05-19\/","title":{"rendered":"Noticias Info CKL n\u00ba 2.348-29\/05\/19"},"content":{"rendered":"<div id=\"pl-14627\"  class=\"panel-layout\" >\n<div id=\"pg-14627-0\"  class=\"panel-grid panel-no-style\"  data-style=\"{&quot;background_image_attachment&quot;:false,&quot;background_display&quot;:&quot;tile&quot;,&quot;cell_alignment&quot;:&quot;flex-start&quot;}\" >\n<div id=\"pgc-14627-0-0\"  class=\"panel-grid-cell\"  data-weight=\"1\" >\n<div id=\"panel-14627-0-0-0\" class=\"so-panel widget widget_sow-editor panel-first-child panel-last-child\" data-index=\"0\" data-style=\"{&quot;background_image_attachment&quot;:false,&quot;background_display&quot;:&quot;tile&quot;}\" >\n<div class=\"so-widget-sow-editor so-widget-sow-editor-base\">\n<div class=\"siteorigin-widget-tinymce textwidget\">\n<p><img decoding=\"async\" class=\"lazyload  wp-image-13726\" src=\"http:\/\/www.cklcomunicaciones.es\/wp-content\/uploads\/2018\/03\/CKL_comunicacion-con-perspetiva-de-genero-300x300.jpg\" data-orig-src=\"http:\/\/www.cklcomunicaciones.es\/wp-content\/uploads\/2018\/03\/CKL_comunicacion-con-perspetiva-de-genero-300x300.jpg\" alt=\"CKL_comunicacion con perspetiva de genero\" width=\"132\" height=\"132\" srcset=\"data:image\/svg+xml,%3Csvg%20xmlns%3D%27http%3A%2F%2Fwww.w3.org%2F2000%2Fsvg%27%20width%3D%27132%27%20height%3D%27132%27%20viewBox%3D%270%200%20132%20132%27%3E%3Crect%20width%3D%27132%27%20height%3D%27132%27%20fill-opacity%3D%220%22%2F%3E%3C%2Fsvg%3E\" data-srcset=\"https:\/\/cklcomunicaciones.es\/coop\/wp-content\/uploads\/2018\/03\/CKL_comunicacion-con-perspetiva-de-genero-150x150.jpg 150w, https:\/\/cklcomunicaciones.es\/coop\/wp-content\/uploads\/2018\/03\/CKL_comunicacion-con-perspetiva-de-genero-300x300.jpg 300w, https:\/\/cklcomunicaciones.es\/coop\/wp-content\/uploads\/2018\/03\/CKL_comunicacion-con-perspetiva-de-genero-450x450.jpg 450w, https:\/\/cklcomunicaciones.es\/coop\/wp-content\/uploads\/2018\/03\/CKL_comunicacion-con-perspetiva-de-genero.jpg 500w\" data-sizes=\"auto\" data-orig-sizes=\"(max-width: 132px) 100vw, 132px\" \/><\/p>\n<p id=\":f0\" class=\"hP\" tabindex=\"-1\" data-thread-perm-id=\"thread-f:1634862416229595865\" data-legacy-thread-id=\"16b032b4a8007ad9\"><strong>UE: La igualdad de g\u00e9nero, prioridad para renovar los puestos clave-Mujeres, talento y liderazgo-La falacia de la igualdad-Beatriz Ros Premio de Poes\u00eda Manuel Alc\u00e1ntara-Mercedes D\u00b4Alessandro: La pobreza est\u00e1 feminizada<\/strong><\/p>\n<p>[toggle type=\u00bbfirst\u00bb title=\u00bbComunicaci\u00f3n\u00bb]<\/p>\n<p><a href=\"https:\/\/www.diariodeburgos.es\/noticia\/ZFB531065-B750-16B7-149443A453DBE014\/Corresponsal-de-provincias-la-mejor-escuela-de-periodismo\">\u00abCorresponsal de provincias, la mejor escuela de\u00a0periodismo\u00bb<\/a>&#8211; Diario de Burgos<\/p>\n<p><a href=\"https:\/\/elpais.com\/elpais\/2019\/05\/27\/mujeres\/1558971805_964715.html\">Lijia Zang, periodista: \u201cLa apertura de China al capitalismo trajo m\u00e1s desigualdad para las mujeres &#8230;<\/a>&#8211; El Pa\u00eds<\/p>\n<p><a href=\"https:\/\/www.hortanoticias.com\/esic-y-dircom-reafirman-que-la-comunicacion-tiene-voz-de-mujer\/\">ESIC y Dircom reafirman que la\u00a0comunicaci\u00f3n\u00a0tiene voz de\u00a0mujer<\/a>&#8211; Hortanoticias.com<\/p>\n<p><a href=\"https:\/\/www.elespectador.com\/entretenimiento\/medios\/polemicas-declaraciones-cuando-los-medios-son-noticia-articulo-863124\">\u201cPol\u00e9micas declaraciones\u201d, cuando los medios son noticia<\/a>&#8211; ElEspectador.com<\/p>\n<p>[\/toggle]<\/p>\n<p>[toggle type=\u00bbfirst\u00bb title=\u00bbAndaluc\u00eda\u00bb]<\/p>\n<p><strong>Econom\u00eda y Empresas<\/strong><\/p>\n<p><a href=\"https:\/\/las4esquinas.com\/un-centenar-de-mujeres-participan-en-las-jornadas-malaguenas-del-sector-cooperativista-agroalimentario-de-archidona\/\">Un centenar de\u00a0mujeres\u00a0participan en las &#8216;Jornadas malague\u00f1as del sector cooperativista&#8230;<\/a>&#8211; Las 4 Esquinas<\/p>\n<p><a href=\"https:\/\/cadenaser.com\/emisora\/2019\/05\/21\/radio_linares\/1558456845_216161.html\">La Escuela de\u00a0Econom\u00eda Social\u00a0atiende a 175 personas en el ecuador de su proyecto, 128 mujeres&#8230;<\/a> &#8211; Cadena SER<\/p>\n<p><a href=\"https:\/\/andaluciainformacion.es\/jaen\/829094\/la-uja-poderosa-herramienta-para-el-desarrollo-economico\/\">La UJA, \u201cpoderosa herramienta\u201d para el desarrollo econ\u00f3mico<\/a>&#8211; Andaluc\u00eda Informaci\u00f3n<\/p>\n<p><a href=\"http:\/\/www.juntadeandalucia.es\/presidencia\/portavoz\/142834\/Comunidadesandaluzasenelexterior\/JuntadeAndalucia\/Andalucia\/casasdeAndalucia\/subvenciones\/ayudas\/actividadesculturales\">Convocadas cuatro l\u00edneas de subvenciones para las comunidades andaluzas en el exterior<\/a>\u2013 Oficina del Portavoz<\/p>\n<p><strong>A<\/strong><strong>ctualidad<\/strong><\/p>\n<p><a href=\"http:\/\/www.juntadeandalucia.es\/presidencia\/portavoz\/142843\/nombramientos\/educacion\/Almeria\/JuntaElectoraldeAndalucia\/vocales\/magistrados\/TSJA\">Nombrada la nueva delegada de Educaci\u00f3n, Deporte, Igualdad, Pol\u00edtica Social y Conciliaci\u00f3n en Almer\u00eda<\/a> \u2013 Oficina del Portavoz<\/p>\n<p><a href=\"https:\/\/cadiznoticias.es\/el-iam-programa-actividades-en-todos-los-centros-provinciales-con-motivo-de-la-celebracion-del-dia-internacional-de-accion-por-la-salud-de-las-mujeres\/\">El IAM programa actividades en todos los Centros Provinciales con &#8230;<\/a>&#8211; Cadiznoticias<\/p>\n<p><a href=\"http:\/\/www.diariojaen.es\/provincia\/andujar\/alimentacion-salud-y-mujer-en-los-actos-conmemorativos-JK5628281\">Alimentaci\u00f3n, salud y\u00a0mujer\u00a0en los actos conmemorativos<\/a>&#8211; Diario Ja\u00e9n<\/p>\n<p><a href=\"http:\/\/www.canalsur.es\/radio\/programas\/hora-sur-mediodia\/noticia\/1438379.html\">Andaluc\u00eda\u00a0contar\u00e1 en breve con dos unidades espec\u00edficas para tratar problemas de alimentaci\u00f3n &#8230;<\/a>&#8211; CanalSurWeb<\/p>\n<p><a href=\"https:\/\/www.europapress.es\/andalucia\/noticia-defensor-pueblo-andaluz-destaca-mas-22000-personas-solicitaron-actuacion-2018-20190528162836.html\">El Defensor del Pueblo\u00a0Andaluz\u00a0destaca que m\u00e1s de 22.000 personas solicitaron su actuaci\u00f3n en 2018 &#8230;<\/a>&#8211; Europa Press<\/p>\n<p><strong>Violencia<\/strong><\/p>\n<p><a href=\"https:\/\/www.granadahoy.com\/provincia\/volunariado-ambiental-lucha-violencia-genero-jornadas-Guajares_0_1358864583.html\">Voluntariado ambiental y lucha contra la\u00a0violencia de g\u00e9nero, en las &#8230;<\/a>&#8211; Granada Hoy<\/p>\n<p><a href=\"https:\/\/www.google.com\/url?rct=j&amp;sa=t&amp;url=https:\/\/www.20minutos.es\/noticia\/3654674\/0\/feria-marbella-contara-con-dos-puntos-atencion-contra-agresiones-sexistas\/&amp;ct=ga&amp;cd=CAEYACoUMTI5MTAwNzE1NTE5MjM5Mzg1MjcyGWMwMzcyZWJjMmZlYWRhNTk6ZXM6ZXM6RVM&amp;usg=AFQjCNFOvhHET_1YEe6kZAiVLN-YW62pAQ\">La Feria de Marbella contar\u00e1 con dos puntos de atenci\u00f3n contra agresiones sexistas<\/a>&#8211; 20minutos.es<\/p>\n<p><strong>Ciencia y Cultura<\/strong><\/p>\n<p><a href=\"https:\/\/novapolis.es\/la-ual-dio-a-conocer-toda-su-labor-investigadora-en-la-pasada-feria-infoagro-exhibition\/\">La UAL dio a conocer toda su labor investigadora en la pasada feria &#8230;<\/a>&#8211; Novapolis<\/p>\n<p><a href=\"https:\/\/www.revistadearte.com\/2019\/05\/28\/la-poeta-beatriz-ros-gana-el-premio-de-poesia-manuel-alcantara\/\">La poeta Beatriz Ros gana el Premio de Poes\u00eda Manuel Alc\u00e1ntara<\/a>&#8211; Revista de Arte<\/p>\n<p><a href=\"https:\/\/www.mujeremprendedora.net\/ana-morales-alza-giraldillo-baile\/\">Ana Morales se alza con el Giraldillo al Baile \u2026<\/a> &#8211; Mujeremprendedora.net<\/p>\n<p><a href=\"https:\/\/www.20minutos.es\/noticia\/3654267\/0\/rocio-marquez-jorge-drexler-ofreceran-aquellos-puentes-sutiles-foro-iberoamericano-12-julio\/\">Roc\u00edo M\u00e1rquez y Jorge Drexler ofrecer\u00e1n &#8216;Aquellos puentes sutiles&#8217; en &#8230;<\/a>&#8211; 20minutos.es<a href=\"http:\/\/elcorreoweb.es\/agenda\/vuelve-soulville-el-festival-de-musica-negra-de-sevilla-IK5491659\"><br \/>\nVuelve Soulville, el festival de m\u00fasica negra de Sevilla<\/a>&#8211; elcorreoweb.es<\/p>\n<p><strong>Deporte<\/strong><\/p>\n<p><a href=\"https:\/\/www.europapress.es\/andalucia\/sabores-almeria-01014\/noticia-campeonatos-espana-triatlon-duatlon-mar-pulpi-impulsan-provincia-destino-deportivo-20190528143205.html\">Campeonatos de Espa\u00f1a de Triatl\u00f3n y Duatl\u00f3n &#8216;Mar de Pulp\u00ed &#8230;<\/a>&#8211; Europa Press<\/p>\n<p>[\/toggle]<\/p>\n<p>[toggle type=\u00bbfirst\u00bb title=\u00bbEstado\u00bb]<\/p>\n<p><strong>Institucional<\/strong><\/p>\n<p><a href=\"https:\/\/www.lavanguardia.com\/vida\/20190528\/462548597448\/carmona-cgpj-achaca-el-aumento-de-las-denuncias-por-violencia-de-genero-a-una-mayor-confianza-en-las-instituciones.html\">Carmona (CGPJ) achaca el aumento de las denuncias por\u00a0violencia\u00a0de g\u00e9nero a una mayor confianza en las instituciones&#8230;<\/a>&#8211; La Vanguardia<strong>\u00a0<\/strong><\/p>\n<p><strong>Institucional-CCAA<\/strong><\/p>\n<p><a href=\"https:\/\/www.europapress.es\/epsocial\/igualdad\/noticia-ceuta-melilla-extremadura-unicas-regiones-espana-donde-bajan-victimas-violencia-genero-20190528153449.html\">Ceuta, Melilla y Extremadura, \u00fanicas regiones de Espa\u00f1a donde bajan las v\u00edctimas de violencia de g\u00e9nero&#8230;<\/a>&#8211; Europa Press<\/p>\n<p><a href=\"https:\/\/www.google.com\/url?rct=j&amp;sa=t&amp;url=https:\/\/theworldnews.net\/es-news\/el-instituto-de-la-mujer-de-castilla-la-mancha-destaca-la-creciente-demanda-de-empleo-de-perfiles-profesionales-en-igualdad&amp;ct=ga&amp;cd=CAEYASoUMTI5OTYyMjc4ODc0MjQzMDMwMTYyGWMwMzcyZWJjMmZlYWRhNTk6ZXM6ZXM6RVM&amp;usg=AFQjCNHNGEPw979xQxxqSxOmYMXLfvYtSA\">El\u00a0Instituto de la Mujer\u00a0de Castilla-La Mancha destaca la creciente demanda de empleo de perfiles &#8230;<\/a>&#8211; TheWorldNews.net<\/p>\n<p><a href=\"https:\/\/www.elespanol.com\/espana\/tribunales\/20190528\/obligadas-desnudarse-publico-mujeres-opositaban-mossos-desquadra\/401960643_0.html\">Obligadas a desnudarse en p\u00fablico varias\u00a0mujeres\u00a0que opositaban a mossos&#8230;<\/a>&#8211; El Espa\u00f1ol<\/p>\n<p><strong>Econom\u00eda y Empresa<\/strong><a href=\"https:\/\/www.google.com\/url?rct=j&amp;sa=t&amp;url=https:\/\/www.20minutos.es\/opiniones\/rocio-rodriguez-mujeres-talento-liderazgo-3654605\/&amp;ct=ga&amp;cd=CAEYACoTNzUzMzU0NDU2Nzc1NzI4OTg1NTIZYzAzNzJlYmMyZmVhZGE1OTplczplczpFUw&amp;usg=AFQjCNE6QhBzDGpc9MkI4QVW9JqydJDS_g\"><br \/>\nMujeres, talento y liderazgo<\/a>&#8211; <a href=\"http:\/\/20minutos.es\">20minutos.es<\/a><\/p>\n<p><a href=\"https:\/\/www.infobae.com\/economia\/2019\/05\/28\/ana-botin-presidenta-del-grupo-santander-en-argentina-los-desequilibrios-estan-siendo-resueltos\/\">Ana Bot\u00edn, presidenta del Grupo Santander: \u00abEn Argentina los desequilibrios est\u00e1n siendo resueltos\u201d&#8230;<\/a>&#8211; Infobae.com<\/p>\n<p><strong>Actualidad<\/strong><\/p>\n<p><a href=\"https:\/\/www.agorarsc.org\/la-falacia-de-la-igualdad\/\">La falacia de la igualdad \u2026 <\/a>-agorarsc<\/p>\n<p><a href=\"https:\/\/actualidad.rt.com\/actualidad\/316190-mujeres-solteras-felices\">Cient\u00edfico: \u00abSi eres hombre, tal vez deber\u00edas casarte; si eres\u00a0mujer, no &#8230;<\/a>&#8211; RT en Espa\u00f1ol<\/p>\n<p><strong>Violencia<\/strong><\/p>\n<p><a href=\"https:\/\/www.elmundo.es\/madrid\/2019\/05\/29\/5cee20a1fc6c83d0578b46e5.html\">CCOO denunciar\u00e1 a Iveco por no activar el protocolo de acoso sexual<\/a> \u2013 El Mundo<\/p>\n<p><a href=\"https:\/\/www.lavanguardia.com\/vida\/20190528\/462549722745\/profesor-universitat-lleida-mujer-maltratada-comentarios.html\">Un profesor de la Universitat de Lleida: \u201cUna\u00a0mujer\u00a0maltratada, tras un maltrato busca otro &#8230;<\/a>&#8211; La Vanguardia<strong>\u00a0<\/strong><\/p>\n<p><strong>Ciencia y Cultura<\/strong><\/p>\n<p><a href=\"https:\/\/www.mujeremprendedora.net\/monica-regueiro-en-produccionesoff-hay-presencia-femenina-innegable\/\">\u201cEn Produccionesoff hay una presencia femenina innegable\u201d<\/a> \u2013Mujeremprendedora.net<\/p>\n<p><a href=\"https:\/\/elpais.com\/cultura\/2019\/05\/28\/actualidad\/1559069640_263035.html\">Almudena Grandes y un problema llamado Espa\u00f1a<\/a> \u2013 El Pa\u00eds<\/p>\n<p><a href=\"https:\/\/www.elmundo.es\/television\/2019\/05\/29\/5ced8499fdddff38b68b481b.html\">Najwa Nimri, una &#8216;poli mala&#8217; en La casa de papel<\/a>\u2013 El Mundo<\/p>\n<p><a href=\"https:\/\/www.elmundo.es\/cataluna\/2019\/05\/28\/5ced58a8fdddff90738b4598.html\">Las amazonas, contra Homero<\/a>\u2013 El Mundo<\/p>\n<p><a href=\"https:\/\/sonarfm.cl\/cultura-sonar\/el-futuro-es-femenino-3-bandas-mujeres-que-representan-al-rock-2019\">El futuro es femenino: 3 bandas lideradas por\u00a0mujeres\u00a0que &#8230;<\/a>&#8211; SonarFM<\/p>\n<p><a href=\"https:\/\/elpais.com\/cultura\/2019\/05\/22\/babelia\/1558533216_934485.html\">Sara Morante: \u201cIlustrar poes\u00eda me da plena libertad, y eso da mucho &#8230;<\/a>&#8211; El Pa\u00eds<\/p>\n<p><a href=\"https:\/\/www.arteporexcelencias.com\/es\/noticias\/museo-abc-reivindica-el-papel-de-la-mujer-ilustradora\">Museo ABC reivindica el papel de la\u00a0mujer\u00a0ilustradora<\/a>&#8211; Arte por Excelencias<strong>\u00a0<\/strong><\/p>\n<p><strong>Deporte\u00a0<\/strong><\/p>\n<p><a href=\"https:\/\/elpais.com\/deportes\/2019\/05\/28\/actualidad\/1559034997_420480.html\">La tenista espa\u00f1ola Aliona Bolsova: \u201cA m\u00ed no me gusta la faldita\u201d<\/a> \u2013 El Pa\u00eds<\/p>\n<p><a href=\"https:\/\/www.cope.es\/blogs\/merinadas-deportivas\/2019\/05\/28\/imagenes-miticas-de-la-historia-del-deporte-el-wimbledon-de-conchita-martinez\/\">Im\u00e1genes m\u00edticas de la historia del\u00a0deporte: el Wimbledon de &#8230;<\/a>&#8211; COPE<\/p>\n<p>[\/toggle]<\/p>\n<p>[toggle type=\u00bbfirst\u00bb title=\u00bbInternacional\u00bb]<\/p>\n<p><a href=\"https:\/\/www.eleconomista.com.mx\/economia\/La-mujer-detona-el-crecimiento-del-mercado-laboral-global-20190528-0071.html\">La\u00a0mujer\u00a0detona el crecimiento del mercado laboral global<\/a>&#8211; El Economista<\/p>\n<p><a href=\"https:\/\/www.dw.com\/es\/bachelet-las-mujeres-son-motor-del-cambio-social\/a-48942811\">Bachelet: \u201cLas\u00a0mujeres\u00a0son motor del cambio social\u201c<\/a>&#8211; Deutsche Welle<\/p>\n<p><a href=\"https:\/\/www.dw.com\/es\/mercedes-dalessandro-la-pobreza-est%C3%A1-feminizada\/a-48941054\">Mercedes D\u00b4Alessandro: \u201cLa pobreza est\u00e1 feminizada\u201d<\/a>&#8211; Deutsche Welle<\/p>\n<p><a href=\"https:\/\/www.publico.es\/internacional\/cumbre-ue-igualdad-genero-prioridad-renovar-puestos-clave-ue.html\">La igualdad de g\u00e9nero, prioridad para renovar\u00a0los puestos clave de la UE<\/a> \u2013 P\u00fablico<\/p>\n<p><a href=\"https:\/\/www.libremercado.com\/2019-05-29\/cada-vez-hay-mas-mujeres-que-cobran-mas-que-sus-maridos-en-eeuu-1276639168\/\">Cada vez hay m\u00e1s\u00a0mujeres\u00a0que cobran m\u00e1s que sus maridos en EEUU<\/a>&#8211; Libre Mercado<\/p>\n<p><a href=\"https:\/\/www.elespectador.com\/economia\/si-no-muestras-un-respeto-absoluto-por-la-mujer-tu-organizacion-fracasara-obama-articulo-863235\">Obama: \u201cSi no muestras un respeto absoluto por la\u00a0mujer\u00a0tu organizaci\u00f3n fracasar\u00e1 &#8230;<\/a>&#8211; ElEspectador.com-<\/p>\n<p><a href=\"https:\/\/www.elmundo.es\/internacional\/2019\/05\/29\/5ceddc3321efa0ab468b46d6.html\">Decenas de miles volvieron a marchar en Argentina para pedir una ley de aborto libre y gratuito<\/a> \u2013 El Mundo<\/p>\n<p><a href=\"https:\/\/elpais.com\/sociedad\/2019\/05\/28\/actualidad\/1559068485_067759.html\">Las ni\u00f1as violadas y obligadas a ser madres llevan su causa a la ONU<\/a> \u2013 El Pa\u00eds<\/p>\n<p><a href=\"https:\/\/www.google.com\/url?rct=j&amp;sa=t&amp;url=https:\/\/www.elespanol.com\/mundo\/20190529\/alcalde-teheran-confiesa-asesinato-esposa-tiros-apartamento\/402210071_0.html&amp;ct=ga&amp;cd=CAEYACoUMTQ3MjI4NDg3MTkyMDIyMzAyMDUyGWMwMzcyZWJjMmZlYWRhNTk6ZXM6ZXM6RVM&amp;usg=AFQjCNGuaWC2BZjeON2Zca3j1If4YvWlog\">El exalcalde de Teher\u00e1n confiesa haber asesinado a su\u00a0esposa\u00a0a tiros en su apartamento<\/a> &#8211; El Espa\u00f1ol<\/p>\n<p><a href=\"https:\/\/www.google.com\/url?rct=j&amp;sa=t&amp;url=https:\/\/www.bbc.com\/mundo\/noticias-48422351&amp;ct=ga&amp;cd=CAEYACoUMTI2NTA2MzMxMTE3NzEzNTYxOTMyGWMwMzcyZWJjMmZlYWRhNTk6ZXM6ZXM6RVM&amp;usg=AFQjCNE9PIJMZ3Owh6LDpnYM8lkXe7jNdg\">Nubia Mu\u00f1oz, la colombiana nominada al Nobel que resolvi\u00f3 una de las grandes inc\u00f3gnitas de la medicina &#8230;<\/a>&#8211; BBC Mundo<\/p>\n<p><a href=\"https:\/\/www.elespanol.com\/cultura\/libros\/20190529\/isabel-allende-libros-garcia-marquez-tirado-encima\/401960615_0.html\">Isabel Allende: \u201cSi los libros de Garc\u00eda M\u00e1rquez fueran de una\u00a0mujer\u00a0&#8230;<\/a>&#8211; El Espa\u00f1ol<\/p>\n<p><a href=\"https:\/\/www.abc.es\/play\/cine\/noticias\/abci-estigma-placer-femenino-201905291027_noticia.html\">El estigma del placer femenino<\/a>&#8211; Abc.es<\/p>\n<p>[\/toggle]<\/p>\n<\/div>\n<\/div>\n<\/div>\n<\/div>\n<\/div>\n<\/div>\n","protected":false},"excerpt":{"rendered":"<p>UE: La igualdad de g\u00e9nero, prioridad para renovar los puestos <a href=\"https:\/\/cklcomunicaciones.es\/coop\/noticias-info-ckl-no-2-348-29-05-19\/\">[&#8230;]<\/a><\/p>\n","protected":false},"author":3,"featured_media":0,"comment_status":"closed","ping_status":"closed","sticky":false,"template":"","format":"standard","meta":{"footnotes":""},"categories":[298,623],"tags":[],"class_list":["post-14627","post","type-post","status-publish","format-standard","hentry","category-newsletter","category-nwl-2-0"],"yoast_head":"<!-- This site is optimized with the Yoast SEO plugin v27.4 - https:\/\/yoast.com\/product\/yoast-seo-wordpress\/ -->\n<title>Noticias Info CKL n\u00ba 2.348-29\/05\/19-Comunicar con perspectiva de g\u00e9nero<\/title>\n<meta name=\"description\" content=\"Comunicar con perspectiva de g\u00e9nero: UE: La igualdad de g\u00e9nero, prioridad para renovar los puestos clave-Mujeres, talento y liderazgo-La falacia de la igualdad-Beatriz Ros Premio de Poes\u00eda Manuel Alc\u00e1ntara-Mercedes D\u00b4Alessandro: La pobreza est\u00e1 feminizada\" \/>\n<meta name=\"robots\" content=\"index, follow, max-snippet:-1, max-image-preview:large, max-video-preview:-1\" \/>\n<link rel=\"canonical\" href=\"https:\/\/cklcomunicaciones.es\/coop\/noticias-info-ckl-no-2-348-29-05-19\/\" \/>\n<meta property=\"og:locale\" content=\"es_ES\" \/>\n<meta property=\"og:type\" content=\"article\" \/>\n<meta property=\"og:title\" content=\"Noticias Info CKL n\u00ba 2.348-29\/05\/19-Comunicar con perspectiva de g\u00e9nero\" \/>\n<meta property=\"og:description\" content=\"Comunicar con perspectiva de g\u00e9nero: UE: La igualdad de g\u00e9nero, prioridad para renovar los puestos clave-Mujeres, talento y liderazgo-La falacia de la igualdad-Beatriz Ros Premio de Poes\u00eda Manuel Alc\u00e1ntara-Mercedes D\u00b4Alessandro: La pobreza est\u00e1 feminizada\" \/>\n<meta property=\"og:url\" content=\"https:\/\/cklcomunicaciones.es\/coop\/noticias-info-ckl-no-2-348-29-05-19\/\" \/>\n<meta property=\"og:site_name\" content=\"CKL Comunicaciones\" \/>\n<meta property=\"article:published_time\" content=\"2019-05-29T10:48:18+00:00\" \/>\n<meta property=\"article:modified_time\" content=\"2025-01-17T15:43:08+00:00\" \/>\n<meta property=\"og:image\" content=\"https:\/\/cklcomunicaciones.es\/coop\/wp-content\/uploads\/2018\/03\/CKL_comunicacion-con-perspetiva-de-genero.jpg\" \/>\n\t<meta property=\"og:image:width\" content=\"500\" \/>\n\t<meta property=\"og:image:height\" content=\"500\" \/>\n\t<meta property=\"og:image:type\" content=\"image\/jpeg\" \/>\n<meta name=\"author\" content=\"ckl\" \/>\n<meta name=\"twitter:card\" content=\"summary_large_image\" \/>\n<meta name=\"twitter:label1\" content=\"Escrito por\" \/>\n\t<meta name=\"twitter:data1\" content=\"ckl\" \/>\n\t<meta name=\"twitter:label2\" content=\"Tiempo de lectura\" \/>\n\t<meta name=\"twitter:data2\" content=\"4 minutos\" \/>\n<script type=\"application\/ld+json\" class=\"yoast-schema-graph\">{\"@context\":\"https:\\\/\\\/schema.org\",\"@graph\":[{\"@type\":\"Article\",\"@id\":\"https:\\\/\\\/cklcomunicaciones.es\\\/coop\\\/noticias-info-ckl-no-2-348-29-05-19\\\/#article\",\"isPartOf\":{\"@id\":\"https:\\\/\\\/cklcomunicaciones.es\\\/coop\\\/noticias-info-ckl-no-2-348-29-05-19\\\/\"},\"author\":{\"name\":\"ckl\",\"@id\":\"https:\\\/\\\/cklcomunicaciones.es\\\/coop\\\/#\\\/schema\\\/person\\\/929a6837f7626450bbb50cee1aef266e\"},\"headline\":\"Noticias Info CKL n\u00ba 2.348-29\\\/05\\\/19\",\"datePublished\":\"2019-05-29T10:48:18+00:00\",\"dateModified\":\"2025-01-17T15:43:08+00:00\",\"mainEntityOfPage\":{\"@id\":\"https:\\\/\\\/cklcomunicaciones.es\\\/coop\\\/noticias-info-ckl-no-2-348-29-05-19\\\/\"},\"wordCount\":862,\"image\":{\"@id\":\"https:\\\/\\\/cklcomunicaciones.es\\\/coop\\\/noticias-info-ckl-no-2-348-29-05-19\\\/#primaryimage\"},\"thumbnailUrl\":\"http:\\\/\\\/www.cklcomunicaciones.es\\\/wp-content\\\/uploads\\\/2018\\\/03\\\/CKL_comunicacion-con-perspetiva-de-genero-300x300.jpg\",\"articleSection\":[\"Newsletter\",\"Nwl v2.0\"],\"inLanguage\":\"es\"},{\"@type\":\"WebPage\",\"@id\":\"https:\\\/\\\/cklcomunicaciones.es\\\/coop\\\/noticias-info-ckl-no-2-348-29-05-19\\\/\",\"url\":\"https:\\\/\\\/cklcomunicaciones.es\\\/coop\\\/noticias-info-ckl-no-2-348-29-05-19\\\/\",\"name\":\"Noticias Info CKL n\u00ba 2.348-29\\\/05\\\/19-Comunicar con perspectiva de g\u00e9nero\",\"isPartOf\":{\"@id\":\"https:\\\/\\\/cklcomunicaciones.es\\\/coop\\\/#website\"},\"primaryImageOfPage\":{\"@id\":\"https:\\\/\\\/cklcomunicaciones.es\\\/coop\\\/noticias-info-ckl-no-2-348-29-05-19\\\/#primaryimage\"},\"image\":{\"@id\":\"https:\\\/\\\/cklcomunicaciones.es\\\/coop\\\/noticias-info-ckl-no-2-348-29-05-19\\\/#primaryimage\"},\"thumbnailUrl\":\"http:\\\/\\\/www.cklcomunicaciones.es\\\/wp-content\\\/uploads\\\/2018\\\/03\\\/CKL_comunicacion-con-perspetiva-de-genero-300x300.jpg\",\"datePublished\":\"2019-05-29T10:48:18+00:00\",\"dateModified\":\"2025-01-17T15:43:08+00:00\",\"author\":{\"@id\":\"https:\\\/\\\/cklcomunicaciones.es\\\/coop\\\/#\\\/schema\\\/person\\\/929a6837f7626450bbb50cee1aef266e\"},\"description\":\"Comunicar con perspectiva de g\u00e9nero: UE: La igualdad de g\u00e9nero, prioridad para renovar los puestos clave-Mujeres, talento y liderazgo-La falacia de la igualdad-Beatriz Ros Premio de Poes\u00eda Manuel Alc\u00e1ntara-Mercedes D\u00b4Alessandro: La pobreza est\u00e1 feminizada\",\"breadcrumb\":{\"@id\":\"https:\\\/\\\/cklcomunicaciones.es\\\/coop\\\/noticias-info-ckl-no-2-348-29-05-19\\\/#breadcrumb\"},\"inLanguage\":\"es\",\"potentialAction\":[{\"@type\":\"ReadAction\",\"target\":[\"https:\\\/\\\/cklcomunicaciones.es\\\/coop\\\/noticias-info-ckl-no-2-348-29-05-19\\\/\"]}]},{\"@type\":\"ImageObject\",\"inLanguage\":\"es\",\"@id\":\"https:\\\/\\\/cklcomunicaciones.es\\\/coop\\\/noticias-info-ckl-no-2-348-29-05-19\\\/#primaryimage\",\"url\":\"http:\\\/\\\/www.cklcomunicaciones.es\\\/wp-content\\\/uploads\\\/2018\\\/03\\\/CKL_comunicacion-con-perspetiva-de-genero-300x300.jpg\",\"contentUrl\":\"http:\\\/\\\/www.cklcomunicaciones.es\\\/wp-content\\\/uploads\\\/2018\\\/03\\\/CKL_comunicacion-con-perspetiva-de-genero-300x300.jpg\"},{\"@type\":\"BreadcrumbList\",\"@id\":\"https:\\\/\\\/cklcomunicaciones.es\\\/coop\\\/noticias-info-ckl-no-2-348-29-05-19\\\/#breadcrumb\",\"itemListElement\":[{\"@type\":\"ListItem\",\"position\":1,\"name\":\"Portada\",\"item\":\"https:\\\/\\\/cklcomunicaciones.es\\\/coop\\\/\"},{\"@type\":\"ListItem\",\"position\":2,\"name\":\"Noticias Info CKL n\u00ba 2.348-29\\\/05\\\/19\"}]},{\"@type\":\"WebSite\",\"@id\":\"https:\\\/\\\/cklcomunicaciones.es\\\/coop\\\/#website\",\"url\":\"https:\\\/\\\/cklcomunicaciones.es\\\/coop\\\/\",\"name\":\"CKL Comunicaciones\",\"description\":\"Sitio web de CKL Comunicaciones coop , la consultora de comunicaci\u00f3n y estrategia\",\"potentialAction\":[{\"@type\":\"SearchAction\",\"target\":{\"@type\":\"EntryPoint\",\"urlTemplate\":\"https:\\\/\\\/cklcomunicaciones.es\\\/coop\\\/?s={search_term_string}\"},\"query-input\":{\"@type\":\"PropertyValueSpecification\",\"valueRequired\":true,\"valueName\":\"search_term_string\"}}],\"inLanguage\":\"es\"},{\"@type\":\"Person\",\"@id\":\"https:\\\/\\\/cklcomunicaciones.es\\\/coop\\\/#\\\/schema\\\/person\\\/929a6837f7626450bbb50cee1aef266e\",\"name\":\"ckl\",\"image\":{\"@type\":\"ImageObject\",\"inLanguage\":\"es\",\"@id\":\"https:\\\/\\\/secure.gravatar.com\\\/avatar\\\/c82db564e8a669bf6023357a157b9dc4780f4d4c618f2ad1d71a6a5dede45057?s=96&d=mm&r=g\",\"url\":\"https:\\\/\\\/secure.gravatar.com\\\/avatar\\\/c82db564e8a669bf6023357a157b9dc4780f4d4c618f2ad1d71a6a5dede45057?s=96&d=mm&r=g\",\"contentUrl\":\"https:\\\/\\\/secure.gravatar.com\\\/avatar\\\/c82db564e8a669bf6023357a157b9dc4780f4d4c618f2ad1d71a6a5dede45057?s=96&d=mm&r=g\",\"caption\":\"ckl\"},\"url\":\"https:\\\/\\\/cklcomunicaciones.es\\\/coop\\\/author\\\/cklcomunicaciones\\\/\"}]}<\/script>\n<!-- \/ Yoast SEO plugin. -->","yoast_head_json":{"title":"Noticias Info CKL n\u00ba 2.348-29\/05\/19-Comunicar con perspectiva de g\u00e9nero","description":"Comunicar con perspectiva de g\u00e9nero: UE: La igualdad de g\u00e9nero, prioridad para renovar los puestos clave-Mujeres, talento y liderazgo-La falacia de la igualdad-Beatriz Ros Premio de Poes\u00eda Manuel Alc\u00e1ntara-Mercedes D\u00b4Alessandro: La pobreza est\u00e1 feminizada","robots":{"index":"index","follow":"follow","max-snippet":"max-snippet:-1","max-image-preview":"max-image-preview:large","max-video-preview":"max-video-preview:-1"},"canonical":"https:\/\/cklcomunicaciones.es\/coop\/noticias-info-ckl-no-2-348-29-05-19\/","og_locale":"es_ES","og_type":"article","og_title":"Noticias Info CKL n\u00ba 2.348-29\/05\/19-Comunicar con perspectiva de g\u00e9nero","og_description":"Comunicar con perspectiva de g\u00e9nero: UE: La igualdad de g\u00e9nero, prioridad para renovar los puestos clave-Mujeres, talento y liderazgo-La falacia de la igualdad-Beatriz Ros Premio de Poes\u00eda Manuel Alc\u00e1ntara-Mercedes D\u00b4Alessandro: La pobreza est\u00e1 feminizada","og_url":"https:\/\/cklcomunicaciones.es\/coop\/noticias-info-ckl-no-2-348-29-05-19\/","og_site_name":"CKL Comunicaciones","article_published_time":"2019-05-29T10:48:18+00:00","article_modified_time":"2025-01-17T15:43:08+00:00","og_image":[{"width":500,"height":500,"url":"https:\/\/cklcomunicaciones.es\/coop\/wp-content\/uploads\/2018\/03\/CKL_comunicacion-con-perspetiva-de-genero.jpg","type":"image\/jpeg"}],"author":"ckl","twitter_card":"summary_large_image","twitter_misc":{"Escrito por":"ckl","Tiempo de lectura":"4 minutos"},"schema":{"@context":"https:\/\/schema.org","@graph":[{"@type":"Article","@id":"https:\/\/cklcomunicaciones.es\/coop\/noticias-info-ckl-no-2-348-29-05-19\/#article","isPartOf":{"@id":"https:\/\/cklcomunicaciones.es\/coop\/noticias-info-ckl-no-2-348-29-05-19\/"},"author":{"name":"ckl","@id":"https:\/\/cklcomunicaciones.es\/coop\/#\/schema\/person\/929a6837f7626450bbb50cee1aef266e"},"headline":"Noticias Info CKL n\u00ba 2.348-29\/05\/19","datePublished":"2019-05-29T10:48:18+00:00","dateModified":"2025-01-17T15:43:08+00:00","mainEntityOfPage":{"@id":"https:\/\/cklcomunicaciones.es\/coop\/noticias-info-ckl-no-2-348-29-05-19\/"},"wordCount":862,"image":{"@id":"https:\/\/cklcomunicaciones.es\/coop\/noticias-info-ckl-no-2-348-29-05-19\/#primaryimage"},"thumbnailUrl":"http:\/\/www.cklcomunicaciones.es\/wp-content\/uploads\/2018\/03\/CKL_comunicacion-con-perspetiva-de-genero-300x300.jpg","articleSection":["Newsletter","Nwl v2.0"],"inLanguage":"es"},{"@type":"WebPage","@id":"https:\/\/cklcomunicaciones.es\/coop\/noticias-info-ckl-no-2-348-29-05-19\/","url":"https:\/\/cklcomunicaciones.es\/coop\/noticias-info-ckl-no-2-348-29-05-19\/","name":"Noticias Info CKL n\u00ba 2.348-29\/05\/19-Comunicar con perspectiva de g\u00e9nero","isPartOf":{"@id":"https:\/\/cklcomunicaciones.es\/coop\/#website"},"primaryImageOfPage":{"@id":"https:\/\/cklcomunicaciones.es\/coop\/noticias-info-ckl-no-2-348-29-05-19\/#primaryimage"},"image":{"@id":"https:\/\/cklcomunicaciones.es\/coop\/noticias-info-ckl-no-2-348-29-05-19\/#primaryimage"},"thumbnailUrl":"http:\/\/www.cklcomunicaciones.es\/wp-content\/uploads\/2018\/03\/CKL_comunicacion-con-perspetiva-de-genero-300x300.jpg","datePublished":"2019-05-29T10:48:18+00:00","dateModified":"2025-01-17T15:43:08+00:00","author":{"@id":"https:\/\/cklcomunicaciones.es\/coop\/#\/schema\/person\/929a6837f7626450bbb50cee1aef266e"},"description":"Comunicar con perspectiva de g\u00e9nero: UE: La igualdad de g\u00e9nero, prioridad para renovar los puestos clave-Mujeres, talento y liderazgo-La falacia de la igualdad-Beatriz Ros Premio de Poes\u00eda Manuel Alc\u00e1ntara-Mercedes D\u00b4Alessandro: La pobreza est\u00e1 feminizada","breadcrumb":{"@id":"https:\/\/cklcomunicaciones.es\/coop\/noticias-info-ckl-no-2-348-29-05-19\/#breadcrumb"},"inLanguage":"es","potentialAction":[{"@type":"ReadAction","target":["https:\/\/cklcomunicaciones.es\/coop\/noticias-info-ckl-no-2-348-29-05-19\/"]}]},{"@type":"ImageObject","inLanguage":"es","@id":"https:\/\/cklcomunicaciones.es\/coop\/noticias-info-ckl-no-2-348-29-05-19\/#primaryimage","url":"http:\/\/www.cklcomunicaciones.es\/wp-content\/uploads\/2018\/03\/CKL_comunicacion-con-perspetiva-de-genero-300x300.jpg","contentUrl":"http:\/\/www.cklcomunicaciones.es\/wp-content\/uploads\/2018\/03\/CKL_comunicacion-con-perspetiva-de-genero-300x300.jpg"},{"@type":"BreadcrumbList","@id":"https:\/\/cklcomunicaciones.es\/coop\/noticias-info-ckl-no-2-348-29-05-19\/#breadcrumb","itemListElement":[{"@type":"ListItem","position":1,"name":"Portada","item":"https:\/\/cklcomunicaciones.es\/coop\/"},{"@type":"ListItem","position":2,"name":"Noticias Info CKL n\u00ba 2.348-29\/05\/19"}]},{"@type":"WebSite","@id":"https:\/\/cklcomunicaciones.es\/coop\/#website","url":"https:\/\/cklcomunicaciones.es\/coop\/","name":"CKL Comunicaciones","description":"Sitio web de CKL Comunicaciones coop , la consultora de comunicaci\u00f3n y estrategia","potentialAction":[{"@type":"SearchAction","target":{"@type":"EntryPoint","urlTemplate":"https:\/\/cklcomunicaciones.es\/coop\/?s={search_term_string}"},"query-input":{"@type":"PropertyValueSpecification","valueRequired":true,"valueName":"search_term_string"}}],"inLanguage":"es"},{"@type":"Person","@id":"https:\/\/cklcomunicaciones.es\/coop\/#\/schema\/person\/929a6837f7626450bbb50cee1aef266e","name":"ckl","image":{"@type":"ImageObject","inLanguage":"es","@id":"https:\/\/secure.gravatar.com\/avatar\/c82db564e8a669bf6023357a157b9dc4780f4d4c618f2ad1d71a6a5dede45057?s=96&d=mm&r=g","url":"https:\/\/secure.gravatar.com\/avatar\/c82db564e8a669bf6023357a157b9dc4780f4d4c618f2ad1d71a6a5dede45057?s=96&d=mm&r=g","contentUrl":"https:\/\/secure.gravatar.com\/avatar\/c82db564e8a669bf6023357a157b9dc4780f4d4c618f2ad1d71a6a5dede45057?s=96&d=mm&r=g","caption":"ckl"},"url":"https:\/\/cklcomunicaciones.es\/coop\/author\/cklcomunicaciones\/"}]}},"_links":{"self":[{"href":"https:\/\/cklcomunicaciones.es\/coop\/wp-json\/wp\/v2\/posts\/14627","targetHints":{"allow":["GET"]}}],"collection":[{"href":"https:\/\/cklcomunicaciones.es\/coop\/wp-json\/wp\/v2\/posts"}],"about":[{"href":"https:\/\/cklcomunicaciones.es\/coop\/wp-json\/wp\/v2\/types\/post"}],"author":[{"embeddable":true,"href":"https:\/\/cklcomunicaciones.es\/coop\/wp-json\/wp\/v2\/users\/3"}],"replies":[{"embeddable":true,"href":"https:\/\/cklcomunicaciones.es\/coop\/wp-json\/wp\/v2\/comments?post=14627"}],"version-history":[{"count":0,"href":"https:\/\/cklcomunicaciones.es\/coop\/wp-json\/wp\/v2\/posts\/14627\/revisions"}],"wp:attachment":[{"href":"https:\/\/cklcomunicaciones.es\/coop\/wp-json\/wp\/v2\/media?parent=14627"}],"wp:term":[{"taxonomy":"category","embeddable":true,"href":"https:\/\/cklcomunicaciones.es\/coop\/wp-json\/wp\/v2\/categories?post=14627"},{"taxonomy":"post_tag","embeddable":true,"href":"https:\/\/cklcomunicaciones.es\/coop\/wp-json\/wp\/v2\/tags?post=14627"}],"curies":[{"name":"wp","href":"https:\/\/api.w.org\/{rel}","templated":true}]}}