{"id":14618,"date":"2019-05-23T14:53:09","date_gmt":"2019-05-23T12:53:09","guid":{"rendered":"http:\/\/www.cklcomunicaciones.es\/?p=14618"},"modified":"2025-01-17T16:43:09","modified_gmt":"2025-01-17T15:43:09","slug":"noticias-info-ckl-no-2-344-23-05-19","status":"publish","type":"post","link":"https:\/\/cklcomunicaciones.es\/coop\/noticias-info-ckl-no-2-344-23-05-19\/","title":{"rendered":"Noticias Info CKL n\u00ba 2.344-23\/05\/19"},"content":{"rendered":"<div id=\"pl-14618\"  class=\"panel-layout\" >\n<div id=\"pg-14618-0\"  class=\"panel-grid panel-no-style\"  data-style=\"{&quot;background_image_attachment&quot;:false,&quot;background_display&quot;:&quot;tile&quot;,&quot;cell_alignment&quot;:&quot;flex-start&quot;}\" >\n<div id=\"pgc-14618-0-0\"  class=\"panel-grid-cell\"  data-weight=\"1\" >\n<div id=\"panel-14618-0-0-0\" class=\"so-panel widget widget_sow-editor panel-first-child panel-last-child\" data-index=\"0\" data-style=\"{&quot;background_image_attachment&quot;:false,&quot;background_display&quot;:&quot;tile&quot;}\" >\n<div class=\"so-widget-sow-editor so-widget-sow-editor-base\">\n<div class=\"siteorigin-widget-tinymce textwidget\">\n<p><img decoding=\"async\" class=\"lazyload  wp-image-13726\" src=\"http:\/\/www.cklcomunicaciones.es\/wp-content\/uploads\/2018\/03\/CKL_comunicacion-con-perspetiva-de-genero-300x300.jpg\" data-orig-src=\"http:\/\/www.cklcomunicaciones.es\/wp-content\/uploads\/2018\/03\/CKL_comunicacion-con-perspetiva-de-genero-300x300.jpg\" alt=\"CKL_comunicacion con perspetiva de genero\" width=\"132\" height=\"132\" srcset=\"data:image\/svg+xml,%3Csvg%20xmlns%3D%27http%3A%2F%2Fwww.w3.org%2F2000%2Fsvg%27%20width%3D%27132%27%20height%3D%27132%27%20viewBox%3D%270%200%20132%20132%27%3E%3Crect%20width%3D%27132%27%20height%3D%27132%27%20fill-opacity%3D%220%22%2F%3E%3C%2Fsvg%3E\" data-srcset=\"https:\/\/cklcomunicaciones.es\/coop\/wp-content\/uploads\/2018\/03\/CKL_comunicacion-con-perspetiva-de-genero-150x150.jpg 150w, https:\/\/cklcomunicaciones.es\/coop\/wp-content\/uploads\/2018\/03\/CKL_comunicacion-con-perspetiva-de-genero-300x300.jpg 300w, https:\/\/cklcomunicaciones.es\/coop\/wp-content\/uploads\/2018\/03\/CKL_comunicacion-con-perspetiva-de-genero-450x450.jpg 450w, https:\/\/cklcomunicaciones.es\/coop\/wp-content\/uploads\/2018\/03\/CKL_comunicacion-con-perspetiva-de-genero.jpg 500w\" data-sizes=\"auto\" data-orig-sizes=\"(max-width: 132px) 100vw, 132px\" \/><\/p>\n<p id=\":139\" class=\"hP\" tabindex=\"-1\" data-thread-perm-id=\"thread-f:1634327003640909547\" data-legacy-thread-id=\"16ae4bc032d84eeb\"><strong>Invertir en mujeres, una oportunidad de negocio-Las temperaturas m\u00e1s c\u00e1lidas mejoran el rendimiento de las mujeres-El 50% de adolescentes considera a las mujeres como el colectivo m\u00e1s discriminado-#Genera<wbr><\/wbr>ci\u00f3nINVICTUS<\/strong><\/p>\n<p tabindex=\"-1\" data-thread-perm-id=\"thread-f:1630512937700816687\" data-legacy-thread-id=\"16a0bee0c555f72f\">[toggle type=\u00bbfirst\u00bb title=\u00bbConvocatorias\u00bb]<\/p>\n<ul>\n<li><a href=\"http:\/\/www.juntadeandalucia.es\/iam\/catalogo\/doc\/convocatorias\/2019-iam\/MA-prevencion-duelo-diasaludmujeres-programa.jpg\">Prevenci\u00f3n del duelo en la muerte y en la p\u00e9rdida de salud en las mujeres. D\u00eda de Acci\u00f3n por la Salud de las Mujeres<\/a>. Centro Provincial del Instituto Andaluz de la Mujer de\u00a0M\u00e1laga.\u00a028\u00a0de mayo de 2019.\u00a0<a href=\"http:\/\/www.juntadeandalucia.es\/iam\/catalogo\/doc\/convocatorias\/2019-iam\/MA-prevencion-duelo-diasaludmujeres-inscripcion.pdf\">Ficha de inscripci\u00f3n<\/a>(enviar antes de las 14 h. del viernes 24 de junio)<\/li>\n<\/ul>\n<p tabindex=\"-1\" data-thread-perm-id=\"thread-f:1630512937700816687\" data-legacy-thread-id=\"16a0bee0c555f72f\">[\/toggle]<\/p>\n<p>[toggle type=\u00bbfirst\u00bb title=\u00bbComunicaci\u00f3n\u00bb]<\/p>\n<p><a href=\"https:\/\/www.lasprovincias.es\/economia\/esic-dircom-reafirman-20190522124631-nt.html\">ESIC y Dircom reafirman que la comunicaci\u00f3n tiene voz de\u00a0mujer<\/a>&#8211; Las Provincias<\/p>\n<p><a href=\"http:\/\/www.25digital.com.ar\/index.php\/2019\/05\/23\/pensar-la-comunicacion-desde-la-perspectiva-de-genero\/\">Pensar la\u00a0comunicaci\u00f3n\u00a0desde la perspectiva de g\u00e9nero<\/a>-25digital<\/p>\n<p><a href=\"https:\/\/www.diariocambio.com.mx\/2019\/zoon-politikon\/item\/17549-ley-de-publicidad-sexista-afectara-a-modelos-franquicias\">Ley de publicidad\u00a0sexista\u00a0afectar\u00e1 a modelos: franquicias<\/a>&#8211; Diario Cambio <a href=\"https:\/\/www.google.com\/url?rct=j&amp;sa=t&amp;url=https:\/\/www.elcomercio.es\/aviles\/enviar-imagenes-intimas-20190523001246-ntvo.html&amp;ct=ga&amp;cd=CAEYACoSNzY0MjY0NzI2ODk0MzM3NjQ2MhljMDM3MmViYzJmZWFkYTU5OmVzOmVzOkVT&amp;usg=AFQjCNEP1MiPdyiccjHZY-XMPGY0UNHQsA\"><br \/>\n\u00abEnviar im\u00e1genes \u00edntimas de otras personas a terceros es violencia sexual\u00bb<\/a>&#8211; El Comercio Digital<\/p>\n<p><a href=\"https:\/\/elpais.com\/tecnologia\/2019\/05\/21\/actualidad\/1558440020_494103.html\">El sexismo oculto en los asistentes virtuales<\/a> \u2013 El Pa\u00eds<\/p>\n<p>[\/toggle]<\/p>\n<p>[toggle type=\u00bbfirst\u00bb title=\u00bbAndaluc\u00eda\u00bb]<\/p>\n<p><strong>Institucional<\/strong><\/p>\n<p><a href=\"https:\/\/www.lavanguardia.com\/politica\/20190523\/462421164766\/la-junta-aplicara-un-plan-que-refuerza-recursos-contra-la-violencia-machista.html\">La Junta aplicar\u00e1 un plan que refuerza recursos contra la violencia de g\u00e9nero &#8230;<\/a>&#8211; La Vanguardia<\/p>\n<p><strong>Econom\u00eda y Empresas<\/strong><\/p>\n<p><a href=\"https:\/\/www.google.com\/url?rct=j&amp;sa=t&amp;url=https:\/\/www.lavanguardia.com\/vida\/20190522\/462416473485\/rocio-ruiz-es-necesario-mejorar-la-empleabilidad-de-la-juventud-andaluza.html&amp;ct=ga&amp;cd=CAEYACoTNTQzODI2NzE1MzU1NDY3MTI4MjIZZDc4ZTU4NzVhMGYxZjJhYzplczplczpFUw&amp;usg=AFQjCNEHK-kMZ8G3RxxaPSBXmPJ6lFoneA\">Roc\u00edo Ruiz: es necesario mejorar la empleabilidad de la juventud\u00a0andaluza<\/a> -La Vanguardia<a href=\"https:\/\/www.europapress.es\/andalucia\/sevilla-00357\/noticia-alcala-guadaira-sevilla-da-visibilidad-mujeres-directivas-traves-foro-rompiendo-esquemas-20190522154818.html\"><br \/>\nAlcal\u00e1 de Guada\u00edra (Sevilla) da visibilidad a las\u00a0mujeres\u00a0directivas a &#8230;<\/a>&#8211; Europa Press<\/p>\n<p><a href=\"https:\/\/www.europapress.es\/esandalucia\/cadiz\/noticia-mas-veintena-profesionales-empresas-participan-jerez-encuentro-empresarial-cooperativo-20190523140916.html\">M\u00e1s de una veintena de profesionales y empresas participan en Jerez &#8230;<\/a>&#8211; Europa Pres<\/p>\n<p><a href=\"https:\/\/www.lavozdelsur.es\/optimismo-en-andalucia-ante-una-posible-marcha-atras-en-el-brexit-con-un-nuevo-referendum\/\">Optimismo en\u00a0Andaluc\u00eda\u00a0ante una posible marcha atr\u00e1s en el Brexit &#8230;<\/a>&#8211; La Voz del Sur<strong>\u00a0<\/strong><\/p>\n<p><strong>A<\/strong><strong>ctualidad<\/strong><\/p>\n<p><a href=\"http:\/\/www.canalsur.es\/noticias\/andalucia\/desaparecen-tres-mujeres-en-el-naufragio-de-una-patera-en-el-estrecho\/1436094.html\">Desaparecen tres\u00a0mujeres\u00a0en el naufragio de una patera en El Estrecho<\/a>&#8211; CanalSurWeb<\/p>\n<p><a href=\"https:\/\/www.lucenahoy.com\/articulo\/ocio\/carga-mental-femenina-centra-jornadas-mujeres-saludables\/20190523085922069650.html\">La carga mental femenina centra las jornadas de\u00a0Mujeres\u00a0Saludables<\/a>&#8211; Lucena Hoy<\/p>\n<p><a href=\"https:\/\/www.publico.es\/sociedad\/falta-ortografia-cuela-placa-reproduce-texto-maria-zambrano-parque-velez-malaga.html\">Una falta de ortograf\u00eda se cuela en una placa que reproduce un texto de Mar\u00eda Zambrano en un parque de V\u00e9lez-M\u00e1laga<\/a> &#8211; P\u00fablico<\/p>\n<p><a href=\"https:\/\/www.google.com\/url?rct=j&amp;sa=t&amp;url=https:\/\/www.europapress.es\/andalucia\/cadiz-al-dia-01055\/noticia-olimpiadas-solidarias-saludables-buscan-integrar-areas-rurales-urbanas-jerez-20190522132830.html&amp;ct=ga&amp;cd=CAEYASoUMTIxOTExNjM4NzE3OTM2MzE2MDQyGWUyZGVmYTdkNWRhOTE1N2Q6ZXM6ZXM6RVM&amp;usg=AFQjCNEaZVRZ41L156xvDEhR7rWMeoYqxQ\">Las Olimpiadas &#8216;solidarias y saludables&#8217; buscan integrar las \u00e1reas rurales y urbanas de Jerez<\/a>&#8211; Europa Press<\/p>\n<p><a href=\"http:\/\/www.juntadeandalucia.es\/presidencia\/portavoz\/142726\/IgualdadPoliticasSocialesyConciliacion\/RocioRuiz\/ayudaadomicilio\/personasdependientes\">Igualdad abona 133,66 millones durante el primer cuatrimestre en ayuda a domicilio<\/a> \u2013 Oficina del Portavoz<\/p>\n<p><strong>Violencia<\/strong><\/p>\n<p><a href=\"https:\/\/www.google.com\/url?rct=j&amp;sa=t&amp;url=https:\/\/www.lavanguardia.com\/local\/sevilla\/20190522\/462412165261\/igualdad-defiende-el-incremento-de-recursos-economicos-en-la-junta-para-luchar-contra-la-violencia-de-genero.html&amp;ct=ga&amp;cd=CAEYAioUMTIwMTE2MTM2MTk5OTQ0NTYwOTAyGWMwMzcyZWJjMmZlYWRhNTk6ZXM6ZXM6RVM&amp;usg=AFQjCNFoR9i8fnNTquMNRWLvJoIXSbhwhA\">Igualdad defiende el incremento de recursos econ\u00f3micos en la Junta para luchar contra la violencia de g\u00e9nero &#8230;<\/a>&#8211; La Vanguardia<\/p>\n<p><a href=\"https:\/\/www.diariodesevilla.es\/andalucia\/Justicia-trabajadores-violencia-genero-colegiados_0_1357364408.html\">Justicia no renovar\u00e1 a los trabajadores de la\u00a0violencia de g\u00e9nero\u00a0que &#8230;<\/a>&#8211; Diario de Sevilla<\/p>\n<p><a href=\"https:\/\/www.diariosur.es\/malaga-capital\/sanidad-publica-atiende-20190522184445-nt.html\">La sanidad p\u00fablica atiende en M\u00e1laga m\u00e1s de mil casos de\u00a0violencia\u00a0&#8230;<\/a>&#8211; Sur Digital<\/p>\n<p><strong>Ciencia y Cultura<\/strong><\/p>\n<p><a href=\"https:\/\/www.eldiario.es\/edcreativoandalucia\/cohausing-envejecimiento_activo-Universidad_Pablo_de_Olavide-UPO-Investigacion_6_901919808.html\">\u00bfEs posible implantar el &#8216;cohausing&#8217; en\u00a0Andaluc\u00eda?<\/a>&#8211; <a href=\"http:\/\/eldiario.es\">eldiario.es<\/a><\/p>\n<p><a href=\"https:\/\/www.20minutos.es\/noticia\/3648633\/0\/uco-mas-destacada-andalucia-por-sus-resultados-investigacion-ranking-fundacion-cyd\/\">La UCO, la m\u00e1s destacada de\u00a0Andaluc\u00eda\u00a0por sus resultados en &#8230;<\/a>&#8211; <a href=\"http:\/\/20minutos.es\">20minutos.es<\/a><\/p>\n<p><a href=\"https:\/\/www.ideal.es\/corpus\/abrazo-madre-hija-cartel-corpus-granada-20190523140001-nt.html\">El abrazo de una madre a su hija, protagonista del cartel del Corpus &#8230;<\/a>&#8211; Ideal Digital<\/p>\n<p><a href=\"https:\/\/andaluciainformacion.es\/cordoba\/827747\/las-autoras-de-maculadas-sin-remedio-exigen-la-reposicion\/\">Las autoras de &#8216;Maculadas sin remedio&#8217; exigen la reposici\u00f3n<\/a>&#8211; Andaluc\u00eda Informaci\u00f3n<\/p>\n<p><strong>Deporte<\/strong><\/p>\n<p><a href=\"https:\/\/www.lavozdealmeria.com\/noticia\/6\/deportes\/172372\/el-almeria-femenino-listo-para-debutar-en-el-estadio\">El Almer\u00eda\u00a0Femenino, listo para debutar en el Estadio<\/a>&#8211; La Voz de Almer\u00eda<\/p>\n<p><a href=\"https:\/\/as.com\/masdeporte\/2019\/05\/23\/polideportivo\/1558575658_719210.html\">Copa Iberdrola en Huelva: a por el trono del b\u00e1dminton\u00a0femenino<\/a>&#8211; AS<\/p>\n<p>[\/toggle]<\/p>\n<p>[toggle type=\u00bbfirst\u00bb title=\u00bbEstado\u00bb]<\/p>\n<p><strong>Institucional-CCAA<\/strong><\/p>\n<p><a href=\"https:\/\/www.google.com\/url?rct=j&amp;sa=t&amp;url=https:\/\/atlanticohoy.com\/front\/post\/tag\/sociedad-igualdad-creo-que-todas-las-politicas-de-gobierno-deberian-de-tener-perspectiva-de-genero&amp;ct=ga&amp;cd=CAEYBCoUMTcxMzI2NzUwODU5MzI1NjEzNzYyGWMwMzcyZWJjMmZlYWRhNTk6ZXM6ZXM6RVM&amp;usg=AFQjCNHMD3MHNeYUwaQ5thnlP3I55hyo-Q\">\u00abTodas las pol\u00edticas del Gobierno de Canarias deber\u00edan tener perspectiva de g\u00e9nero\u00bb<\/a>&#8211; Atl\u00e1nticoHoy<\/p>\n<p><a href=\"https:\/\/diariodeavisos.elespanol.com\/2019\/05\/maridaje-de-cervezas-con-quesos-dulces-de-la-gomera-y-harina-de-platano\/\">Maridaje de cervezas con quesos, dulces de La Gomera y harina de &#8230;<\/a>&#8211; Diario de Avisos<\/p>\n<p><a href=\"https:\/\/www.eldiario.es\/clm\/paro-femenino-consecuencias-negativas-sentidos_0_899760927.html\">\u201cLa feminizaci\u00f3n de la pobreza es consecuencia del desempleo &#8230;<\/a>&#8211; eldiario.es<strong>\u00a0<\/strong><\/p>\n<p><strong>Econom\u00eda y Empresa<\/strong><\/p>\n<p><a href=\"https:\/\/www.google.com\/url?rct=j&amp;sa=t&amp;url=https:\/\/elpais.com\/elpais\/2019\/05\/22\/planeta_futuro\/1558520059_762568.html&amp;ct=ga&amp;cd=CAEYAioSNzY0MjY0NzI2ODk0MzM3NjQ2MhljMDM3MmViYzJmZWFkYTU5OmVzOmVzOkVT&amp;usg=AFQjCNGLrffU_Z88hXzND1b22FKx09XSsw\">Invertir en\u00a0mujeres, una oportunidad de negocio<\/a>&#8211; El Pa\u00eds<\/p>\n<p><a href=\"https:\/\/directivosygerentes.es\/management\/articulos-management\/esade-entornos-competitivos\">Hombres y\u00a0mujeres: \u00bfqui\u00e9n rinde mejor en entornos competitivos?<\/a>&#8211; Directivos y Gerentes<\/p>\n<p><a href=\"https:\/\/www.heraldo.es\/noticias\/salud\/2019\/05\/22\/las-temperaturas-mas-calidas-mejoran-el-rendimiento-de-las-mujeres-1316365.html\">Las temperaturas m\u00e1s c\u00e1lidas mejoran el rendimiento de las\u00a0mujeres<\/a>&#8211; Heraldo.es<strong>\u00a0<\/strong><\/p>\n<p><strong>Actualidad<\/strong><\/p>\n<p><a href=\"https:\/\/www.google.com\/url?rct=j&amp;sa=t&amp;url=https:\/\/www.eleconomista.es\/ecoaula\/noticias\/9895190\/05\/19\/Pensar-la-educacion-es-pensar-el-futuro.html&amp;ct=ga&amp;cd=CAEYACoTMjUxOTY3MDkyNzI2MTMzMjI4MDIZZTFlNzdkMTU2MDk4YThlMzplczplczpFUw&amp;usg=AFQjCNEqOeHsyza9J0KmJZ-1tVMPhGEvOA\">Pensar la educaci\u00f3n es pensar el futuro<\/a>&#8211; elEconomista.es<\/p>\n<p><a href=\"https:\/\/www.elmundo.es\/yodona\/lifestyle\/2019\/05\/22\/5ce5405ffdddffe18b8b45bb.html\">\u00abUn ictus nos puede dar a cualquiera, es importante que conozcamos los s\u00edntomas y sepamos reaccionar a tiempo\u00bb, Lydia Bosch embajadora de #Generaci\u00f3nINVICTUS<\/a>&#8211; El Mundo<\/p>\n<p><a href=\"https:\/\/www.abc.es\/familia\/mujeres\/abci-cada-adolescentes-considera-mujeres-como-colectivo-mas-discriminado-201905230309_noticia.html\">Uno de cada dos adolescentes considera a las\u00a0mujeres\u00a0como el colectivo m\u00e1s discriminado &#8230;<\/a>&#8211; Abc.es<\/p>\n<p><a href=\"https:\/\/www.elplural.com\/sociedad\/el-forum-de-lideres-africanas-un-espacio-de-reflexion-sobre-la-igualdad-de-genero-respaldado-por-santander_216927102\">El &#8216;F\u00f3rum de l\u00edderes africanas&#8217;, un espacio de reflexi\u00f3n sobre la igualdad de g\u00e9nero&#8230;<\/a>&#8211; elplural.com<\/p>\n<p><strong>Ciencia y Cultura<\/strong><\/p>\n<p><a href=\"https:\/\/www.google.com\/url?rct=j&amp;sa=t&amp;url=https:\/\/www.europapress.es\/cultura\/libros-00132\/noticia-siri-hustvedt-necesitamos-feminismo-porque-historia-no-terminado-20190522184719.html&amp;ct=ga&amp;cd=CAEYByoTMTAyOTYzOTgxMDE1NDU2NTgyNjIZYzAzNzJlYmMyZmVhZGE1OTplczplczpFUw&amp;usg=AFQjCNGSg10BbOjyqHmHAbDYeGeoVcOQvg\">Siri Hustvedt, Premio Princesa de Asturias de las Letras 2019: \u00abNecesitamos al feminismo porque la historia no ha terminado\u00bb<\/a>&#8211; Europa Press<\/p>\n<p><a href=\"https:\/\/www.elmundo.es\/metropoli\/teatro\/2019\/05\/23\/5ce573c321efa062478b4661.html\">Natalia Men\u00e9ndez redescubre al Mihura m\u00e1s vanguardista y juvenil<\/a>&#8211; El Mundo<\/p>\n<p><a href=\"https:\/\/www.publico.es\/culturas\/cine-muestra-cine-lesbico-abre-preestreno-secreto-abejas.html\">La muestra de Cine L\u00e9sbico abre con el preestreno de &#8216;El secreto de las abejas&#8217;<\/a> &#8211; P\u00fablico<a href=\"https:\/\/www.google.com\/url?rct=j&amp;sa=t&amp;url=https:\/\/arainfo.org\/el-47o-festival-internacional-de-cine-volvera-a-convertir-a-uesca-en-la-capital-mundial-del-cortometraje\/&amp;ct=ga&amp;cd=CAEYBCoUMTIwMTE2MTM2MTk5OTQ0NTYwOTAyGWMwMzcyZWJjMmZlYWRhNTk6ZXM6ZXM6RVM&amp;usg=AFQjCNHLR8JMYcnYWG0rTBzty_9LXOS3Wg\"><br \/>\nLa Universidad de Murcia acerca la realidad de la mutilaci\u00f3n genital femenina a trav\u00e9s del cine- 20minutos.es<\/a><\/p>\n<p><a href=\"https:\/\/www.google.com\/url?rct=j&amp;sa=t&amp;url=https:\/\/arainfo.org\/el-47o-festival-internacional-de-cine-volvera-a-convertir-a-uesca-en-la-capital-mundial-del-cortometraje\/&amp;ct=ga&amp;cd=CAEYBCoUMTIwMTE2MTM2MTk5OTQ0NTYwOTAyGWMwMzcyZWJjMmZlYWRhNTk6ZXM6ZXM6RVM&amp;usg=AFQjCNHLR8JMYcnYWG0rTBzty_9LXOS3Wg\">El 47\u00ba Festival Internacional de Cine volver\u00e1 a convertir a Uesca en \u201cla capital mundial del cortometraje\u201d&#8230;<\/a>-AraInfo<\/p>\n<p><strong>Deporte\u00a0<\/strong><\/p>\n<p><a href=\"https:\/\/www.elmundo.es\/deportes\/mas-deporte\/2019\/05\/22\/5ce5baa221efa02d1a8b4694.html\">Mireia Belmonte: \u00abNecesitaba estar aislada\u00bb<\/a> El Mundo<\/p>\n<p><a href=\"https:\/\/eldesmarque.com\/actualidad\/baloncesto\/1312395-la-seleccion-femenina-ya-piensa-en-el-europeo-con-el-lema-queremos-mas\">La selecci\u00f3n\u00a0femenina\u00a0ya piensa en el Europeo con el lema &#8230;<\/a>&#8211; El Desmarque<\/p>\n<p>[\/toggle]<\/p>\n<p>[toggle type=\u00bbfirst\u00bb title=\u00bbInternacional\u00bb]<\/p>\n<p><a href=\"https:\/\/www.mujeremprendedora.net\/oit-las-mujeres-en-puestos-directivos-contribuyen-a-aumentar-el-rendimiento-empresarial\/\">OIT: Las mujeres en puestos directivos contribuyen a aumentar el rendimiento empresarial<\/a> \u2013 Mujeremprendedora.net<\/p>\n<p><a href=\"https:\/\/www.eluniverso.com\/guayaquil\/2019\/05\/22\/nota\/7342211\/rigoberta-menchu-pide-igualdad-derechos-cumbre-mujeres-guayaquil\">Rigoberta Mench\u00fa pide igualdad de derechos en la Cumbre Mundial de las\u00a0Mujeres\u00a0&#8230;<\/a>&#8211; El Universo<\/p>\n<p><a href=\"https:\/\/www.eldesconcierto.cl\/2019\/05\/22\/economia-feminista-la-mirada-de-las-mujeres-de-america-latina-y-el-caribe-que-desafian-al-capitalismo\/\">Econom\u00eda\u00a0feminista: La mirada de las\u00a0mujeres\u00a0de Am\u00e9rica Latina y el Caribe&#8230;<\/a>&#8211; El Desconcierto<\/p>\n<p><a href=\"https:\/\/www.eleconomista.com.mx\/politica\/Participacion-de-las-mujeres-para-cambiar-la-economia-Maria-Noel-Vaeza-directora-regional-de-ONU-Mujeres.-20190523-0003.html\">Participaci\u00f3n de las\u00a0mujeres, para cambiar la econom\u00eda: Mar\u00eda Noel &#8230;<\/a>&#8211; El Economista<a href=\"https:\/\/gestion.pe\/economia\/management-empleo\/cuota-femenina-52-empresas-familiares-dispuestas-integrar-mujer-directorios-267777\"><br \/>\nCuota femenina: Un 52% de empresas familiares dispuestas a integrar a las mujeres &#8230;<\/a>&#8211; Diario Gesti\u00f3n<\/p>\n<p><a href=\"https:\/\/www.publico.es\/internacional\/brexit-theresa-may-prepara-presentar-dimision-viernes-the-times.html\">May presentar\u00e1 su dimisi\u00f3n este viernes, seg\u00fan &#8216;The Times&#8217;<\/a> &#8211; P\u00fablico<\/p>\n<p><a href=\"https:\/\/www.elmundo.es\/economia\/macroeconomia\/2019\/05\/23\/5ce64343fdddffb77c8b45d8.html\">EEUU aplaza hasta 2028 la emisi\u00f3n del billete de 20 d\u00f3lares con el rostro de una militante antiesclavitud<\/a> \u2013 El Mundo<\/p>\n<p><a href=\"https:\/\/vanguardia.com.mx\/articulo\/reese-witherspoon-muestra-su-apoyo-mujeres-victimas-de-acoso-sexual\">Reese Witherspoon muestra su apoyo a\u00a0mujeres\u00a0v\u00edctimas de acoso &#8230;<\/a>&#8211; <a href=\"http:\/\/Vanguardia.com.mx\">Vanguardia.com.mx<\/a><\/p>\n<p><a href=\"https:\/\/www.publico.es\/sociedad\/abusos-sexuales-iglesia-documental-casos-abusos-sexuales-menores-sacude-iglesia-polaca.html\">Un documental sobre casos de abusos sexuales a menores sacude a la Iglesia polaca<\/a>&#8211; P\u00fablico<\/p>\n<p><a href=\"https:\/\/elpais.com\/elpais\/2019\/05\/23\/gente\/1558600032_924979.html\">Eva Longoria denuncia que Hollywood es \u201cun sistema patriarcal\u201d<\/a> \u2013 El Pa\u00eds<\/p>\n<p>[\/toggle]<\/p>\n<\/div>\n<\/div>\n<\/div>\n<\/div>\n<\/div>\n<\/div>\n","protected":false},"excerpt":{"rendered":"<p>Invertir en mujeres, una oportunidad de negocio-Las temperaturas m\u00e1s c\u00e1lidas <a href=\"https:\/\/cklcomunicaciones.es\/coop\/noticias-info-ckl-no-2-344-23-05-19\/\">[&#8230;]<\/a><\/p>\n","protected":false},"author":3,"featured_media":0,"comment_status":"closed","ping_status":"closed","sticky":false,"template":"","format":"standard","meta":{"footnotes":""},"categories":[298,623],"tags":[],"class_list":["post-14618","post","type-post","status-publish","format-standard","hentry","category-newsletter","category-nwl-2-0"],"yoast_head":"<!-- This site is optimized with the Yoast SEO plugin v27.5 - https:\/\/yoast.com\/product\/yoast-seo-wordpress\/ -->\n<title>Noticias Info CKL n\u00ba 2.344-23\/05\/19-Comunicar con perspectiva de g\u00e9nero<\/title>\n<meta name=\"description\" content=\"Comunicar con perspectiva de g\u00e9nero: Invertir en mujeres, una oportunidad de negocio-Las temperaturas m\u00e1s c\u00e1lidas mejoran el rendimiento de las mujeres-El 50% de adolescentes considera a las mujeres como el colectivo m\u00e1s discriminado-#Generaci\u00f3nINVICTUS\" \/>\n<meta name=\"robots\" content=\"index, follow, max-snippet:-1, max-image-preview:large, max-video-preview:-1\" \/>\n<link rel=\"canonical\" href=\"https:\/\/cklcomunicaciones.es\/coop\/noticias-info-ckl-no-2-344-23-05-19\/\" \/>\n<meta property=\"og:locale\" content=\"es_ES\" \/>\n<meta property=\"og:type\" content=\"article\" \/>\n<meta property=\"og:title\" content=\"Noticias Info CKL n\u00ba 2.344-23\/05\/19-Comunicar con perspectiva de g\u00e9nero\" \/>\n<meta property=\"og:description\" content=\"Comunicar con perspectiva de g\u00e9nero: Invertir en mujeres, una oportunidad de negocio-Las temperaturas m\u00e1s c\u00e1lidas mejoran el rendimiento de las mujeres-El 50% de adolescentes considera a las mujeres como el colectivo m\u00e1s discriminado-#Generaci\u00f3nINVICTUS\" \/>\n<meta property=\"og:url\" content=\"https:\/\/cklcomunicaciones.es\/coop\/noticias-info-ckl-no-2-344-23-05-19\/\" \/>\n<meta property=\"og:site_name\" content=\"CKL Comunicaciones\" \/>\n<meta property=\"article:published_time\" content=\"2019-05-23T12:53:09+00:00\" \/>\n<meta property=\"article:modified_time\" content=\"2025-01-17T15:43:09+00:00\" \/>\n<meta property=\"og:image\" content=\"https:\/\/cklcomunicaciones.es\/coop\/wp-content\/uploads\/2018\/03\/CKL_comunicacion-con-perspetiva-de-genero.jpg\" \/>\n\t<meta property=\"og:image:width\" content=\"500\" \/>\n\t<meta property=\"og:image:height\" content=\"500\" \/>\n\t<meta property=\"og:image:type\" content=\"image\/jpeg\" \/>\n<meta name=\"author\" content=\"ckl\" \/>\n<meta name=\"twitter:card\" content=\"summary_large_image\" \/>\n<meta name=\"twitter:label1\" content=\"Escrito por\" \/>\n\t<meta name=\"twitter:data1\" content=\"ckl\" \/>\n\t<meta name=\"twitter:label2\" content=\"Tiempo de lectura\" \/>\n\t<meta name=\"twitter:data2\" content=\"5 minutos\" \/>\n<script type=\"application\/ld+json\" class=\"yoast-schema-graph\">{\"@context\":\"https:\\\/\\\/schema.org\",\"@graph\":[{\"@type\":\"Article\",\"@id\":\"https:\\\/\\\/cklcomunicaciones.es\\\/coop\\\/noticias-info-ckl-no-2-344-23-05-19\\\/#article\",\"isPartOf\":{\"@id\":\"https:\\\/\\\/cklcomunicaciones.es\\\/coop\\\/noticias-info-ckl-no-2-344-23-05-19\\\/\"},\"author\":{\"name\":\"ckl\",\"@id\":\"https:\\\/\\\/cklcomunicaciones.es\\\/coop\\\/#\\\/schema\\\/person\\\/929a6837f7626450bbb50cee1aef266e\"},\"headline\":\"Noticias Info CKL n\u00ba 2.344-23\\\/05\\\/19\",\"datePublished\":\"2019-05-23T12:53:09+00:00\",\"dateModified\":\"2025-01-17T15:43:09+00:00\",\"mainEntityOfPage\":{\"@id\":\"https:\\\/\\\/cklcomunicaciones.es\\\/coop\\\/noticias-info-ckl-no-2-344-23-05-19\\\/\"},\"wordCount\":942,\"image\":{\"@id\":\"https:\\\/\\\/cklcomunicaciones.es\\\/coop\\\/noticias-info-ckl-no-2-344-23-05-19\\\/#primaryimage\"},\"thumbnailUrl\":\"http:\\\/\\\/www.cklcomunicaciones.es\\\/wp-content\\\/uploads\\\/2018\\\/03\\\/CKL_comunicacion-con-perspetiva-de-genero-300x300.jpg\",\"articleSection\":[\"Newsletter\",\"Nwl v2.0\"],\"inLanguage\":\"es\"},{\"@type\":\"WebPage\",\"@id\":\"https:\\\/\\\/cklcomunicaciones.es\\\/coop\\\/noticias-info-ckl-no-2-344-23-05-19\\\/\",\"url\":\"https:\\\/\\\/cklcomunicaciones.es\\\/coop\\\/noticias-info-ckl-no-2-344-23-05-19\\\/\",\"name\":\"Noticias Info CKL n\u00ba 2.344-23\\\/05\\\/19-Comunicar con perspectiva de g\u00e9nero\",\"isPartOf\":{\"@id\":\"https:\\\/\\\/cklcomunicaciones.es\\\/coop\\\/#website\"},\"primaryImageOfPage\":{\"@id\":\"https:\\\/\\\/cklcomunicaciones.es\\\/coop\\\/noticias-info-ckl-no-2-344-23-05-19\\\/#primaryimage\"},\"image\":{\"@id\":\"https:\\\/\\\/cklcomunicaciones.es\\\/coop\\\/noticias-info-ckl-no-2-344-23-05-19\\\/#primaryimage\"},\"thumbnailUrl\":\"http:\\\/\\\/www.cklcomunicaciones.es\\\/wp-content\\\/uploads\\\/2018\\\/03\\\/CKL_comunicacion-con-perspetiva-de-genero-300x300.jpg\",\"datePublished\":\"2019-05-23T12:53:09+00:00\",\"dateModified\":\"2025-01-17T15:43:09+00:00\",\"author\":{\"@id\":\"https:\\\/\\\/cklcomunicaciones.es\\\/coop\\\/#\\\/schema\\\/person\\\/929a6837f7626450bbb50cee1aef266e\"},\"description\":\"Comunicar con perspectiva de g\u00e9nero: Invertir en mujeres, una oportunidad de negocio-Las temperaturas m\u00e1s c\u00e1lidas mejoran el rendimiento de las mujeres-El 50% de adolescentes considera a las mujeres como el colectivo m\u00e1s discriminado-#Generaci\u00f3nINVICTUS\",\"breadcrumb\":{\"@id\":\"https:\\\/\\\/cklcomunicaciones.es\\\/coop\\\/noticias-info-ckl-no-2-344-23-05-19\\\/#breadcrumb\"},\"inLanguage\":\"es\",\"potentialAction\":[{\"@type\":\"ReadAction\",\"target\":[\"https:\\\/\\\/cklcomunicaciones.es\\\/coop\\\/noticias-info-ckl-no-2-344-23-05-19\\\/\"]}]},{\"@type\":\"ImageObject\",\"inLanguage\":\"es\",\"@id\":\"https:\\\/\\\/cklcomunicaciones.es\\\/coop\\\/noticias-info-ckl-no-2-344-23-05-19\\\/#primaryimage\",\"url\":\"http:\\\/\\\/www.cklcomunicaciones.es\\\/wp-content\\\/uploads\\\/2018\\\/03\\\/CKL_comunicacion-con-perspetiva-de-genero-300x300.jpg\",\"contentUrl\":\"http:\\\/\\\/www.cklcomunicaciones.es\\\/wp-content\\\/uploads\\\/2018\\\/03\\\/CKL_comunicacion-con-perspetiva-de-genero-300x300.jpg\"},{\"@type\":\"BreadcrumbList\",\"@id\":\"https:\\\/\\\/cklcomunicaciones.es\\\/coop\\\/noticias-info-ckl-no-2-344-23-05-19\\\/#breadcrumb\",\"itemListElement\":[{\"@type\":\"ListItem\",\"position\":1,\"name\":\"Portada\",\"item\":\"https:\\\/\\\/cklcomunicaciones.es\\\/coop\\\/\"},{\"@type\":\"ListItem\",\"position\":2,\"name\":\"Noticias Info CKL n\u00ba 2.344-23\\\/05\\\/19\"}]},{\"@type\":\"WebSite\",\"@id\":\"https:\\\/\\\/cklcomunicaciones.es\\\/coop\\\/#website\",\"url\":\"https:\\\/\\\/cklcomunicaciones.es\\\/coop\\\/\",\"name\":\"CKL Comunicaciones\",\"description\":\"Sitio web de CKL Comunicaciones coop , la consultora de comunicaci\u00f3n y estrategia\",\"potentialAction\":[{\"@type\":\"SearchAction\",\"target\":{\"@type\":\"EntryPoint\",\"urlTemplate\":\"https:\\\/\\\/cklcomunicaciones.es\\\/coop\\\/?s={search_term_string}\"},\"query-input\":{\"@type\":\"PropertyValueSpecification\",\"valueRequired\":true,\"valueName\":\"search_term_string\"}}],\"inLanguage\":\"es\"},{\"@type\":\"Person\",\"@id\":\"https:\\\/\\\/cklcomunicaciones.es\\\/coop\\\/#\\\/schema\\\/person\\\/929a6837f7626450bbb50cee1aef266e\",\"name\":\"ckl\",\"image\":{\"@type\":\"ImageObject\",\"inLanguage\":\"es\",\"@id\":\"https:\\\/\\\/secure.gravatar.com\\\/avatar\\\/c82db564e8a669bf6023357a157b9dc4780f4d4c618f2ad1d71a6a5dede45057?s=96&d=mm&r=g\",\"url\":\"https:\\\/\\\/secure.gravatar.com\\\/avatar\\\/c82db564e8a669bf6023357a157b9dc4780f4d4c618f2ad1d71a6a5dede45057?s=96&d=mm&r=g\",\"contentUrl\":\"https:\\\/\\\/secure.gravatar.com\\\/avatar\\\/c82db564e8a669bf6023357a157b9dc4780f4d4c618f2ad1d71a6a5dede45057?s=96&d=mm&r=g\",\"caption\":\"ckl\"},\"url\":\"https:\\\/\\\/cklcomunicaciones.es\\\/coop\\\/author\\\/cklcomunicaciones\\\/\"}]}<\/script>\n<!-- \/ Yoast SEO plugin. -->","yoast_head_json":{"title":"Noticias Info CKL n\u00ba 2.344-23\/05\/19-Comunicar con perspectiva de g\u00e9nero","description":"Comunicar con perspectiva de g\u00e9nero: Invertir en mujeres, una oportunidad de negocio-Las temperaturas m\u00e1s c\u00e1lidas mejoran el rendimiento de las mujeres-El 50% de adolescentes considera a las mujeres como el colectivo m\u00e1s discriminado-#Generaci\u00f3nINVICTUS","robots":{"index":"index","follow":"follow","max-snippet":"max-snippet:-1","max-image-preview":"max-image-preview:large","max-video-preview":"max-video-preview:-1"},"canonical":"https:\/\/cklcomunicaciones.es\/coop\/noticias-info-ckl-no-2-344-23-05-19\/","og_locale":"es_ES","og_type":"article","og_title":"Noticias Info CKL n\u00ba 2.344-23\/05\/19-Comunicar con perspectiva de g\u00e9nero","og_description":"Comunicar con perspectiva de g\u00e9nero: Invertir en mujeres, una oportunidad de negocio-Las temperaturas m\u00e1s c\u00e1lidas mejoran el rendimiento de las mujeres-El 50% de adolescentes considera a las mujeres como el colectivo m\u00e1s discriminado-#Generaci\u00f3nINVICTUS","og_url":"https:\/\/cklcomunicaciones.es\/coop\/noticias-info-ckl-no-2-344-23-05-19\/","og_site_name":"CKL Comunicaciones","article_published_time":"2019-05-23T12:53:09+00:00","article_modified_time":"2025-01-17T15:43:09+00:00","og_image":[{"width":500,"height":500,"url":"https:\/\/cklcomunicaciones.es\/coop\/wp-content\/uploads\/2018\/03\/CKL_comunicacion-con-perspetiva-de-genero.jpg","type":"image\/jpeg"}],"author":"ckl","twitter_card":"summary_large_image","twitter_misc":{"Escrito por":"ckl","Tiempo de lectura":"5 minutos"},"schema":{"@context":"https:\/\/schema.org","@graph":[{"@type":"Article","@id":"https:\/\/cklcomunicaciones.es\/coop\/noticias-info-ckl-no-2-344-23-05-19\/#article","isPartOf":{"@id":"https:\/\/cklcomunicaciones.es\/coop\/noticias-info-ckl-no-2-344-23-05-19\/"},"author":{"name":"ckl","@id":"https:\/\/cklcomunicaciones.es\/coop\/#\/schema\/person\/929a6837f7626450bbb50cee1aef266e"},"headline":"Noticias Info CKL n\u00ba 2.344-23\/05\/19","datePublished":"2019-05-23T12:53:09+00:00","dateModified":"2025-01-17T15:43:09+00:00","mainEntityOfPage":{"@id":"https:\/\/cklcomunicaciones.es\/coop\/noticias-info-ckl-no-2-344-23-05-19\/"},"wordCount":942,"image":{"@id":"https:\/\/cklcomunicaciones.es\/coop\/noticias-info-ckl-no-2-344-23-05-19\/#primaryimage"},"thumbnailUrl":"http:\/\/www.cklcomunicaciones.es\/wp-content\/uploads\/2018\/03\/CKL_comunicacion-con-perspetiva-de-genero-300x300.jpg","articleSection":["Newsletter","Nwl v2.0"],"inLanguage":"es"},{"@type":"WebPage","@id":"https:\/\/cklcomunicaciones.es\/coop\/noticias-info-ckl-no-2-344-23-05-19\/","url":"https:\/\/cklcomunicaciones.es\/coop\/noticias-info-ckl-no-2-344-23-05-19\/","name":"Noticias Info CKL n\u00ba 2.344-23\/05\/19-Comunicar con perspectiva de g\u00e9nero","isPartOf":{"@id":"https:\/\/cklcomunicaciones.es\/coop\/#website"},"primaryImageOfPage":{"@id":"https:\/\/cklcomunicaciones.es\/coop\/noticias-info-ckl-no-2-344-23-05-19\/#primaryimage"},"image":{"@id":"https:\/\/cklcomunicaciones.es\/coop\/noticias-info-ckl-no-2-344-23-05-19\/#primaryimage"},"thumbnailUrl":"http:\/\/www.cklcomunicaciones.es\/wp-content\/uploads\/2018\/03\/CKL_comunicacion-con-perspetiva-de-genero-300x300.jpg","datePublished":"2019-05-23T12:53:09+00:00","dateModified":"2025-01-17T15:43:09+00:00","author":{"@id":"https:\/\/cklcomunicaciones.es\/coop\/#\/schema\/person\/929a6837f7626450bbb50cee1aef266e"},"description":"Comunicar con perspectiva de g\u00e9nero: Invertir en mujeres, una oportunidad de negocio-Las temperaturas m\u00e1s c\u00e1lidas mejoran el rendimiento de las mujeres-El 50% de adolescentes considera a las mujeres como el colectivo m\u00e1s discriminado-#Generaci\u00f3nINVICTUS","breadcrumb":{"@id":"https:\/\/cklcomunicaciones.es\/coop\/noticias-info-ckl-no-2-344-23-05-19\/#breadcrumb"},"inLanguage":"es","potentialAction":[{"@type":"ReadAction","target":["https:\/\/cklcomunicaciones.es\/coop\/noticias-info-ckl-no-2-344-23-05-19\/"]}]},{"@type":"ImageObject","inLanguage":"es","@id":"https:\/\/cklcomunicaciones.es\/coop\/noticias-info-ckl-no-2-344-23-05-19\/#primaryimage","url":"http:\/\/www.cklcomunicaciones.es\/wp-content\/uploads\/2018\/03\/CKL_comunicacion-con-perspetiva-de-genero-300x300.jpg","contentUrl":"http:\/\/www.cklcomunicaciones.es\/wp-content\/uploads\/2018\/03\/CKL_comunicacion-con-perspetiva-de-genero-300x300.jpg"},{"@type":"BreadcrumbList","@id":"https:\/\/cklcomunicaciones.es\/coop\/noticias-info-ckl-no-2-344-23-05-19\/#breadcrumb","itemListElement":[{"@type":"ListItem","position":1,"name":"Portada","item":"https:\/\/cklcomunicaciones.es\/coop\/"},{"@type":"ListItem","position":2,"name":"Noticias Info CKL n\u00ba 2.344-23\/05\/19"}]},{"@type":"WebSite","@id":"https:\/\/cklcomunicaciones.es\/coop\/#website","url":"https:\/\/cklcomunicaciones.es\/coop\/","name":"CKL Comunicaciones","description":"Sitio web de CKL Comunicaciones coop , la consultora de comunicaci\u00f3n y estrategia","potentialAction":[{"@type":"SearchAction","target":{"@type":"EntryPoint","urlTemplate":"https:\/\/cklcomunicaciones.es\/coop\/?s={search_term_string}"},"query-input":{"@type":"PropertyValueSpecification","valueRequired":true,"valueName":"search_term_string"}}],"inLanguage":"es"},{"@type":"Person","@id":"https:\/\/cklcomunicaciones.es\/coop\/#\/schema\/person\/929a6837f7626450bbb50cee1aef266e","name":"ckl","image":{"@type":"ImageObject","inLanguage":"es","@id":"https:\/\/secure.gravatar.com\/avatar\/c82db564e8a669bf6023357a157b9dc4780f4d4c618f2ad1d71a6a5dede45057?s=96&d=mm&r=g","url":"https:\/\/secure.gravatar.com\/avatar\/c82db564e8a669bf6023357a157b9dc4780f4d4c618f2ad1d71a6a5dede45057?s=96&d=mm&r=g","contentUrl":"https:\/\/secure.gravatar.com\/avatar\/c82db564e8a669bf6023357a157b9dc4780f4d4c618f2ad1d71a6a5dede45057?s=96&d=mm&r=g","caption":"ckl"},"url":"https:\/\/cklcomunicaciones.es\/coop\/author\/cklcomunicaciones\/"}]}},"_links":{"self":[{"href":"https:\/\/cklcomunicaciones.es\/coop\/wp-json\/wp\/v2\/posts\/14618","targetHints":{"allow":["GET"]}}],"collection":[{"href":"https:\/\/cklcomunicaciones.es\/coop\/wp-json\/wp\/v2\/posts"}],"about":[{"href":"https:\/\/cklcomunicaciones.es\/coop\/wp-json\/wp\/v2\/types\/post"}],"author":[{"embeddable":true,"href":"https:\/\/cklcomunicaciones.es\/coop\/wp-json\/wp\/v2\/users\/3"}],"replies":[{"embeddable":true,"href":"https:\/\/cklcomunicaciones.es\/coop\/wp-json\/wp\/v2\/comments?post=14618"}],"version-history":[{"count":0,"href":"https:\/\/cklcomunicaciones.es\/coop\/wp-json\/wp\/v2\/posts\/14618\/revisions"}],"wp:attachment":[{"href":"https:\/\/cklcomunicaciones.es\/coop\/wp-json\/wp\/v2\/media?parent=14618"}],"wp:term":[{"taxonomy":"category","embeddable":true,"href":"https:\/\/cklcomunicaciones.es\/coop\/wp-json\/wp\/v2\/categories?post=14618"},{"taxonomy":"post_tag","embeddable":true,"href":"https:\/\/cklcomunicaciones.es\/coop\/wp-json\/wp\/v2\/tags?post=14618"}],"curies":[{"name":"wp","href":"https:\/\/api.w.org\/{rel}","templated":true}]}}