{"id":14607,"date":"2019-05-21T12:43:08","date_gmt":"2019-05-21T10:43:08","guid":{"rendered":"http:\/\/www.cklcomunicaciones.es\/?p=14607"},"modified":"2025-01-17T16:43:09","modified_gmt":"2025-01-17T15:43:09","slug":"noticias-info-ckl-no-2-342-21-05-19","status":"publish","type":"post","link":"https:\/\/cklcomunicaciones.es\/coop\/noticias-info-ckl-no-2-342-21-05-19\/","title":{"rendered":"Noticias Info CKL n\u00ba 2.342-21\/05\/19"},"content":{"rendered":"<div id=\"pl-14607\"  class=\"panel-layout\" >\n<div id=\"pg-14607-0\"  class=\"panel-grid panel-no-style\"  data-style=\"{&quot;background_image_attachment&quot;:false,&quot;background_display&quot;:&quot;tile&quot;,&quot;cell_alignment&quot;:&quot;flex-start&quot;}\" >\n<div id=\"pgc-14607-0-0\"  class=\"panel-grid-cell\"  data-weight=\"1\" >\n<div id=\"panel-14607-0-0-0\" class=\"so-panel widget widget_sow-editor panel-first-child panel-last-child\" data-index=\"0\" data-style=\"{&quot;background_image_attachment&quot;:false,&quot;background_display&quot;:&quot;tile&quot;}\" >\n<div class=\"so-widget-sow-editor so-widget-sow-editor-base\">\n<div class=\"siteorigin-widget-tinymce textwidget\">\n<p><img decoding=\"async\" class=\"lazyload  wp-image-13726\" src=\"http:\/\/www.cklcomunicaciones.es\/wp-content\/uploads\/2018\/03\/CKL_comunicacion-con-perspetiva-de-genero-300x300.jpg\" data-orig-src=\"http:\/\/www.cklcomunicaciones.es\/wp-content\/uploads\/2018\/03\/CKL_comunicacion-con-perspetiva-de-genero-300x300.jpg\" alt=\"CKL_comunicacion con perspetiva de genero\" width=\"132\" height=\"132\" srcset=\"data:image\/svg+xml,%3Csvg%20xmlns%3D%27http%3A%2F%2Fwww.w3.org%2F2000%2Fsvg%27%20width%3D%27132%27%20height%3D%27132%27%20viewBox%3D%270%200%20132%20132%27%3E%3Crect%20width%3D%27132%27%20height%3D%27132%27%20fill-opacity%3D%220%22%2F%3E%3C%2Fsvg%3E\" data-srcset=\"https:\/\/cklcomunicaciones.es\/coop\/wp-content\/uploads\/2018\/03\/CKL_comunicacion-con-perspetiva-de-genero-150x150.jpg 150w, https:\/\/cklcomunicaciones.es\/coop\/wp-content\/uploads\/2018\/03\/CKL_comunicacion-con-perspetiva-de-genero-300x300.jpg 300w, https:\/\/cklcomunicaciones.es\/coop\/wp-content\/uploads\/2018\/03\/CKL_comunicacion-con-perspetiva-de-genero-450x450.jpg 450w, https:\/\/cklcomunicaciones.es\/coop\/wp-content\/uploads\/2018\/03\/CKL_comunicacion-con-perspetiva-de-genero.jpg 500w\" data-sizes=\"auto\" data-orig-sizes=\"(max-width: 132px) 100vw, 132px\" \/><\/p>\n<p id=\":hm\" class=\"hP\" tabindex=\"-1\" data-thread-perm-id=\"thread-f:1634051659809710645\" data-legacy-thread-id=\"16ad5153b7986235\"><strong>Un Congreso renovado y + femenino-Las mujeres del sector TI observan desigualdades de g\u00e9nero en procesos de selecci\u00f3n-Concha Velasco y La ternura reinan en los Premios Max-World Press Photo 2019 una ventana al mundo<\/strong><\/p>\n<p tabindex=\"-1\" data-thread-perm-id=\"thread-f:1630512937700816687\" data-legacy-thread-id=\"16a0bee0c555f72f\">[toggle type=\u00bbfirst\u00bb title=\u00bbConvocatorias\u00bb]<\/p>\n<ul>\n<li><a href=\"http:\/\/www.juntadeandalucia.es\/iam\/catalogo\/doc\/convocatorias\/2019-genero\/SE-presentacion-libro-claves-ecofeministas.jpg\">Presentaci\u00f3n del libro &#8216;Claves ecofeministas: para rebeldes que aman a la Tierra y a los animales&#8217;, de Alicia H. Puleo<\/a>. Librer\u00eda Ca\u00f3tica. 29 de mayo<\/li>\n<\/ul>\n<p tabindex=\"-1\" data-thread-perm-id=\"thread-f:1630512937700816687\" data-legacy-thread-id=\"16a0bee0c555f72f\">[\/toggle]<\/p>\n<p>[toggle type=\u00bbfirst\u00bb title=\u00bbComunicaci\u00f3n\u00bb]<\/p>\n<p><a href=\"https:\/\/www.europapress.es\/andalucia\/malaga-00356\/noticia-rosa-maria-calaf-acerca-martes-figura-sofia-casanova-primera-corresponsal-espanola-siglo-xx-20190520170842.html\">Rosa Mar\u00eda Calaf se acerca este martes a la figura de Sof\u00eda Casanova , primera corresponsal espa\u00f1ola del siglo XX&#8230;<\/a>&#8211; Europa Press<\/p>\n<p><a href=\"https:\/\/www.elmundo.es\/f5\/descubre\/2019\/05\/20\/5ce2b53c21efa03f4a8b45e1.html\">Paz Padilla muestra los mensajes de odio que recibe a trav\u00e9s de Instagram<\/a>\u2013 El Mundo<\/p>\n<p><a href=\"https:\/\/www.fayerwayer.com\/2019\/05\/unesco-asistentes-virtuales-voz-mujer\/\">UNESCO no quiere que los asistentes virtuales tengan voz de\u00a0mujer<\/a>&#8211; FayerWayer<\/p>\n<p><a href=\"https:\/\/elpais.com\/tecnologia\/2019\/05\/20\/actualidad\/1558371516_448015.html\">\u00bfEs pr\u00e1ctico un m\u00f3vil sin Gmail, Google Translate o Google Maps?<\/a> \u2013 El Pa\u00eds<\/p>\n<p>[\/toggle]<\/p>\n<p>[toggle type=\u00bbfirst\u00bb title=\u00bbAndaluc\u00eda\u00bb]<\/p>\n<p><strong>Institucional<\/strong><\/p>\n<p><a href=\"http:\/\/www.juntadeandalucia.es\/presidencia\/portavoz\/142650\/ConsejeriadeIgualdadPoliticasSocialesyConciliacion\/RocioRuiz\/psicologos\/unidadesdeviolenciadegenero\">Roc\u00edo Ruiz defiende la \u00abprofesionalidad\u00bb de los psic\u00f3logos de las Unidades de Violencia de G\u00e9nero<\/a> \u2013 Oficina del Portavoz<strong>\u00a0<\/strong><\/p>\n<p><strong>Econom\u00eda y Empresas<\/strong><\/p>\n<p><a href=\"https:\/\/www.olimerca.com\/noticiadet\/las-mujeres-cooperativistas-hacen-un-llamamiento-a-la-igualdad\/0be77f22c26574f552b575f44c43b53b\">Las\u00a0mujeres cooperativistas agroalimentarias\u00a0hacen un llamamiento a la igualdad<\/a>&#8211; Olimerca<\/p>\n<p><a href=\"http:\/\/www.juntadeandalucia.es\/presidencia\/portavoz\/142642\/ConsejeriadeEmpleoFormacionyTrabajoAutonomo\/RocioBlanco\/Empleo\/PoliticasActivas\/PlanDirector\">La Junta prepara un Plan Director para mejorar los resultados de las pol\u00edticas activas de Empleo<\/a>\u2013 Oficina del Portavoz<\/p>\n<p><a href=\"http:\/\/www.sevillaactualidad.com\/andalucia\/126176-malaga-sera-ciudad-piloto-para-la-implantacion-de-la-tecnologia-5g-en-andalucia\/\">M\u00e1laga ser\u00e1 ciudad piloto para la implantaci\u00f3n de la tecnolog\u00eda 5G en Andaluc\u00eda&#8230;<\/a>&#8211; Sevilla Actualidad<\/p>\n<p><strong>A<\/strong><strong>ctualidad<\/strong><\/p>\n<p><a href=\"https:\/\/elpais.com\/politica\/2019\/05\/20\/actualidad\/1558374884_099947.html\">Condena de 5.000 euros a Teresa Rodr\u00edguez por acusar de asesinato &#8230;<\/a>-El Pa\u00eds<\/p>\n<p><a href=\"https:\/\/www.diariosur.es\/cronica-universitaria\/medicina-acoge-manana-20190521000721-ntvo.html\">Medicina acoge ma\u00f1ana el I Foro de Hombres por la Igualdad<\/a>&#8211; Sur Digital<\/p>\n<p><strong>Violencia<\/strong><\/p>\n<p><a href=\"https:\/\/www.diariosur.es\/andalucia\/lajunta-crea-ocho-20190521102813-nt.html\">La Junta crea ocho nuevas unidades contra la\u00a0violencia\u00a0machista<\/a>&#8211; Sur Digital<\/p>\n<p><a href=\"http:\/\/www.sevillaactualidad.com\/andalucia\/126170-la-junta-edita-una-guia-rapida-de-actuacion-ante-casos-de-violencia-de-genero\/\">La Junta edita una Gu\u00eda R\u00e1pida de actuaci\u00f3n ante casos de Violencia &#8230;<\/a>&#8211; Sevilla Actualidad<\/p>\n<p><strong>Ciencia y Cultura<\/strong><\/p>\n<p><a href=\"http:\/\/www.ideal.es\/culturas\/yerbabuena-daniel-dona-20190521113857-nt.html\">Eva Yerbabuena y Daniel Do\u00f1a, premiados en los\u00a0Max<\/a>&#8211; Ideal Digital<\/p>\n<p><a href=\"https:\/\/www.eldiario.es\/andalucia\/lacajanegra\/fotografia-cultura-Sevilla-World_Press_Photo_0_901160301.html\">World Press Photo 2019 en Sevilla: una ventana al mundo a trav\u00e9s &#8230;<\/a>&#8211; eldiario.es<\/p>\n<p><a href=\"https:\/\/www.teleprensa.com\/andalucia\/una-docena-de-productoras-andaluzas-participan-en-el-marche-de-cannes-en-una-mision-comercial-de-extenda.html\">Una docena de productoras\u00a0andaluzas\u00a0participan en el March\u00e9 de &#8230;<\/a>&#8211; Teleprensa peri\u00f3dico digital<\/p>\n<p><strong>Deporte<\/strong><\/p>\n<p><a href=\"https:\/\/www.lavozdealmeria.com\/noticia\/6\/deportes\/172238\/lorena-garcia-es-un-orgullo-que-hablen-fuera-tan-bien-del-almeria-femenino\">Lorena Garc\u00eda, directora de organizaci\u00f3n del Club Almer\u00eda Femenino: \u201cEs un orgullo que hablen fuera tan bien del Almer\u00eda &#8230;<\/a>&#8211; La Voz de Almer\u00eda<\/p>\n<p><a href=\"https:\/\/unicaja.diariosur.es\/primer-paso-profesionalismo-20190520184138-nt.html\">El primer paso hacia el profesionalismo<\/a>&#8211; Sur Digital<\/p>\n<p>[\/toggle]<\/p>\n<p>[toggle type=\u00bbfirst\u00bb title=\u00bbEstado\u00bb]<\/p>\n<p><strong>Institucional<\/strong><\/p>\n<p><a href=\"https:\/\/www.elmundo.es\/espana\/2019\/05\/20\/5ce13cd8fc6c83ed078b4674.html\">El pr\u00f3ximo Congreso, muy renovado y m\u00e1s femenino<\/a><strong>\u2013<\/strong> El Mundo<\/p>\n<p><strong>\u00a0<\/strong><strong>Institucional-CCAA<\/strong><\/p>\n<p><a href=\"https:\/\/www.diarioinformacion.com\/elche\/2019\/05\/20\/universidad-elche-implica-mujeres-cancer\/2150456.html\">La Universidad de Elche se implica con las\u00a0mujeres\u00a0con c\u00e1ncer de &#8230;<\/a>&#8211; Informaci\u00f3n<\/p>\n<p><a href=\"https:\/\/www.noticiasdegipuzkoa.eus\/2019\/05\/21\/sociedad\/los-nacimientos-en-euskadi-bajan-un-58-y-sube-la-edad-media-de-las-madres\">Los nacimientos en Euskadi bajan un 5,8% y sube la edad media de &#8230;<\/a>&#8211; Noticias de Gipuzkoa<\/p>\n<p><a href=\"https:\/\/www.elcomercio.es\/asturias\/instituto-asturiano-mujer-critica-regalo-vibrador-jugadoras-squash-20190521001623-ntvo.html\">El\u00a0Instituto\u00a0Asturiano de la\u00a0Mujer\u00a0abre expediente al club de squash y lamenta ..- <\/a>El Comercio Digital<\/p>\n<p><a href=\"https:\/\/www.elperiodic.com\/sagunto\/programa-empleate-desde-igualdad-inicia-actividades-mujeres-sagunto-riesgo-exclusion-social_623409\">El programa &#8216;Empl\u00e9ate desde la igualdad&#8217; inicia sus actividades con &#8230;<\/a>&#8211; elperiodic.com<\/p>\n<p><strong>Econom\u00eda y Empresa<\/strong><\/p>\n<p><a href=\"https:\/\/www.mujeremprendedora.net\/maria-benjumea-recibe-senado-premio-trayectoria-personal-2019\/\">Mar\u00eda Benjumea, recibe en el Senado el Premio a la Trayectoria Profesional \u2026<\/a>&#8211; Mujeremprendedora.net<\/p>\n<p><a href=\"https:\/\/www.businessinsider.es\/cuanto-debe-ahorrar-mujer-jubilarse-hombre-423023\">Cu\u00e1nto debe ahorrar m\u00e1s una\u00a0mujer\u00a0para jubilarse con la misma &#8230;<\/a>&#8211; Business Insider Espa\u00f1a<\/p>\n<p><a href=\"https:\/\/www.google.com\/url?rct=j&amp;sa=t&amp;url=http:\/\/www.eleconomista.es\/aragon\/noticias\/9889346\/05\/19\/Las-mujeres-piden-paso-en-las-cooperativas-agroalimentarias.html&amp;ct=ga&amp;cd=CAEYACoTNzM2NjMzMzc3NTQwMzUyMTc0NzIZYzAzNzJlYmMyZmVhZGE1OTplczplczpFUw&amp;usg=AFQjCNGNRl9MT694U_76xgS88DfdaLJ5aQ\">Las\u00a0mujeres\u00a0piden paso en las cooperativas agroalimentarias<\/a>&#8211; elEconomista.es<\/p>\n<p><a href=\"https:\/\/www.mujeremprendedora.net\/919-406-afiliadas-extranjeras-a-la-seguridad-social\/\">919.406 afiliadas extranjeras a la Seguridad Social<\/a> -Mujeremprendedora.net<\/p>\n<p><a href=\"https:\/\/dirigentesdigital.com\/mercados\/europa\/la-idea-de-la-economia-del-bien-comun-tiene-mucho-exito-en-espana-BG1019506\">La idea de la \u201ceconom\u00eda\u00a0del bien com\u00fan\u201d tiene mucho \u00e9xito en Espa\u00f1a<\/a>&#8211; DirigentesDigital<\/p>\n<p><a href=\"https:\/\/www.publico.es\/sociedad\/ccoo-llama-huelga-80000-trabajadoras-educacion-infantil-protestar-precariedad-laboral.html\">CCOO llama a la huelga a las 80.000 trabajadoras de educaci\u00f3n infantil para protestar por su precariedad laboral<\/a>&#8211; P\u00fablico<\/p>\n<p><strong>Actualidad<\/strong><\/p>\n<p><a href=\"https:\/\/elpais.com\/elpais\/2019\/05\/09\/ciencia\/1557403126_491115.html\">\u00bfSon diferentes los cerebros de mujer y hombre?<\/a> \u2013 El Pa\u00eds<\/p>\n<p><a href=\"https:\/\/www.mujeremprendedora.net\/une-adhiere-iniciativa-mundial-integrar-perspectiva-genero-normas\/\">La UNE se adhiere a una iniciativa mundial para integrar perspectiva de g\u00e9nero en las normas<\/a>-Mujeremprendedora.net<\/p>\n<p><strong>Violencias<\/strong><\/p>\n<p><a href=\"https:\/\/ecodiario.eleconomista.es\/espana\/noticias\/9888419\/05\/19\/violencia-genero-interior-refuerza-la-formacion-de-las-fuerzas-y-cuerpos-de-seguridad-en-prevencion-de-violencia-de-genero.html\">Interior refuerza la formaci\u00f3n de las fuerzas y cuerpos de seguridad en prevenci\u00f3n de violencia &#8230;<\/a>&#8211; Ecodiario<\/p>\n<p><a href=\"https:\/\/www.elmundo.es\/cultura\/literatura\/2019\/05\/21\/5ce2dfc9fdddff7db58b464a.html\">Lorenzo Silva y Noem\u00ed Trujillo: \u00abLa prostituci\u00f3n es el debate m\u00e1s doloroso del feminismo\u00bb<\/a> \u2013 El Mundo<\/p>\n<p><a href=\"https:\/\/www.europapress.es\/comunitat-valenciana\/noticia-desarticulada-elche-red-traia-espana-mujeres-brasilenas-engano-prostituirlas-20190521102957.html\">Desarticulada en Elche una red que tra\u00eda a Espa\u00f1a a\u00a0mujeres\u00a0&#8230;<\/a>&#8211; Europa Press<\/p>\n<p><strong>Ciencia y Cultura<\/strong><\/p>\n<p><a href=\"https:\/\/www.masescena.es\/index.php?option=com_content&amp;view=article&amp;id=1965\">Ana Zamora, directora de la gala Premios Max de Teatro: \u201cEl p\u00fablico tiene que entender lo que somos, lo que hacemos, y las dificultades que tenemos\u2026\u201d \u00a0&#8211;<\/a><a href=\"http:\/\/masescena.es\">masescena.es<\/a><\/p>\n<p><a href=\"https:\/\/www.diezminutos.es\/famosos-corazon\/famosos-espanoles\/a27537466\/concha-velasco-premio-max-honorifico\/\">Concha Velasco, \u00a1por fin tiene su\u00a0Max!<\/a>&#8211; <a href=\"http:\/\/diezminutos.es\">diezminutos.es<\/a><\/p>\n<p><a href=\"https:\/\/www.publico.es\/economia\/entrevista-marta-flich-marta-flich-unicos-han-sobrevivido-crisis-son-ricos.html\">Marta Flich: \u00abLos \u00fanicos que han sobrevivido a la crisis son los ricos\u00bb<\/a> &#8211; P\u00fablico<\/p>\n<p><a href=\"https:\/\/www.20minutos.es\/noticia\/3646155\/0\/aitana-sanchez-gijon-la-vuelta-nora-casa-munecas-rechazado-papeles-mujeres-superficiales\/\">Aitana S\u00e1nchez Gij\u00f3n: \u00abHe rechazado muchos papeles de\u00a0mujeres\u00a0&#8230;<\/a>&#8211; <a href=\"http:\/\/20minutos.es\">20minutos.es<\/a><\/p>\n<p><a href=\"https:\/\/www.lasexta.com\/tribus-ocultas\/cine-series\/las-mujeres-buscan-romper-el-techo-de-cristal-de-la-industria-del-cine_201905215ce326000cf272f817778781.html\">Las\u00a0mujeres\u00a0buscan romper el techo de cristal del cine, una industria &#8230;<\/a>&#8211; LaSexta<\/p>\n<p><a href=\"https:\/\/cadenaser.com\/ser\/2019\/05\/20\/cultura\/1558385300_988074.html\">Los Max defienden la libertad de expresi\u00f3n y la cultura como patria<\/a>&#8211; Cadena SER<\/p>\n<p><strong>Deporte\u00a0<\/strong><\/p>\n<p><a href=\"https:\/\/www.google.com\/url?rct=j&amp;sa=t&amp;url=https:\/\/www.elcomercio.es\/asturias\/ganadoras-campeonato-squash-20190520132903-nt.html&amp;ct=ga&amp;cd=CAEYASoUMTQ5MzE5OTc4NzMwMjE2NDM0MjMyGWMwMzcyZWJjMmZlYWRhNTk6ZXM6ZXM6RVM&amp;usg=AFQjCNEFJ2s9KYh_1guLu1MB7Shjmm8dSQ\">Las ganadoras del Campeonato de Squash de Asturias reciben como obsequio un vibrador<\/a>&#8211; El Comercio Digital<\/p>\n<p><a href=\"https:\/\/www.inoutviajes.com\/noticia\/9474\/otras-noticias\/una-mujer-espanola-entrenadora-en-la-liga-japonesa.html\">Milagros Mart\u00ednez, entrenar\u00e1 a un equipo de futbol masculino en Jap\u00f3n \u2026<\/a>-Revista Inout Viajes<\/p>\n<p>[\/toggle]<\/p>\n<p>[toggle type=\u00bbfirst\u00bb title=\u00bbInternacional\u00bb]<\/p>\n<p><a href=\"https:\/\/www.ituser.es\/actualidad\/2019\/05\/las-mujeres-del-sector-ti-observan-desigualdades-de-genero-en-los-procesos-de-seleccion\">Las\u00a0mujeres\u00a0del sector TI observan desigualdades de g\u00e9nero en los procesos de selecci\u00f3n&#8230;<\/a>&#8211; IT User<a href=\"https:\/\/www.forbes.com.mx\/pariedad-de-tiempo-disponible-clave-para-el-desarrollo-laboral-de-las-mujeres-gasman\/\"><br \/>\nGasman, directora de Inmujeres: Paridad de tiempo disponible, clave para desarrollo laboral de las mujeres &#8230;<\/a>&#8211; Forbes Mexico<\/p>\n<p><a href=\"https:\/\/www.elcaribe.com.do\/2019\/05\/20\/destacado\/una-mujer-es-nombrada-por-primera-vez-viceministra-de-defensa-en-afganistan\/\">Munera Yousufzada, primera\u00a0mujer\u00a0nombrada Viceministra de Defensa en Afganistan &#8230;<\/a>&#8211; El Caribe<\/p>\n<p><a href=\"https:\/\/www.eldiario.es\/sociedad\/Espana-programa-violencia-mujeres-Paz_0_901509851.html\">Espa\u00f1a aporta a un programa contra la violencia hacia las\u00a0mujeres\u00a0en La Paz &#8230;<\/a>&#8211; <a href=\"http:\/\/eldiario.es\">eldiario.es<\/a><\/p>\n<p><a href=\"https:\/\/www.europapress.es\/internacional\/noticia-decenas-miles-mujeres-ninas-norcoreanas-son-victimas-explotacion-sexual-china-20190521062438.html\">Decenas de miles de\u00a0mujeres\u00a0y ni\u00f1as norcoreanas son v\u00edctimas de la &#8230;<\/a>&#8211; Europa Press<\/p>\n<p><a href=\"https:\/\/elpais.com\/cultura\/2019\/05\/20\/actualidad\/1558362887_840654.html\">Mati Diop, directora del cine: \u201cNo quiero un tratamiento especial por ser negra\u201d<\/a> \u2013 El Pa\u00eds<\/p>\n<p>[\/toggle]<\/p>\n<\/div>\n<\/div>\n<\/div>\n<\/div>\n<\/div>\n<\/div>\n","protected":false},"excerpt":{"rendered":"<p>Un Congreso renovado y + femenino-Las mujeres del sector TI <a href=\"https:\/\/cklcomunicaciones.es\/coop\/noticias-info-ckl-no-2-342-21-05-19\/\">[&#8230;]<\/a><\/p>\n","protected":false},"author":3,"featured_media":0,"comment_status":"closed","ping_status":"closed","sticky":false,"template":"","format":"standard","meta":{"footnotes":""},"categories":[298,623],"tags":[],"class_list":["post-14607","post","type-post","status-publish","format-standard","hentry","category-newsletter","category-nwl-2-0"],"yoast_head":"<!-- This site is optimized with the Yoast SEO plugin v27.5 - https:\/\/yoast.com\/product\/yoast-seo-wordpress\/ -->\n<title>Noticias Info CKL n\u00ba 2.342-21\/05\/19-Comunicar con perspectiva de g\u00e9nero<\/title>\n<meta name=\"description\" content=\"Comunicar con perspectiva de g\u00e9nero: Un Congreso renovado y + femenino-Las mujeres del sector TI observan desigualdades de g\u00e9nero en procesos de selecci\u00f3n-Concha Velasco y La ternura reinan en los Premios Max-World Press Photo 2019 una ventana al mundo\" \/>\n<meta name=\"robots\" content=\"index, follow, max-snippet:-1, max-image-preview:large, max-video-preview:-1\" \/>\n<link rel=\"canonical\" href=\"https:\/\/cklcomunicaciones.es\/coop\/noticias-info-ckl-no-2-342-21-05-19\/\" \/>\n<meta property=\"og:locale\" content=\"es_ES\" \/>\n<meta property=\"og:type\" content=\"article\" \/>\n<meta property=\"og:title\" content=\"Noticias Info CKL n\u00ba 2.342-21\/05\/19-Comunicar con perspectiva de g\u00e9nero\" \/>\n<meta property=\"og:description\" content=\"Comunicar con perspectiva de g\u00e9nero: Un Congreso renovado y + femenino-Las mujeres del sector TI observan desigualdades de g\u00e9nero en procesos de selecci\u00f3n-Concha Velasco y La ternura reinan en los Premios Max-World Press Photo 2019 una ventana al mundo\" \/>\n<meta property=\"og:url\" content=\"https:\/\/cklcomunicaciones.es\/coop\/noticias-info-ckl-no-2-342-21-05-19\/\" \/>\n<meta property=\"og:site_name\" content=\"CKL Comunicaciones\" \/>\n<meta property=\"article:published_time\" content=\"2019-05-21T10:43:08+00:00\" \/>\n<meta property=\"article:modified_time\" content=\"2025-01-17T15:43:09+00:00\" \/>\n<meta property=\"og:image\" content=\"https:\/\/cklcomunicaciones.es\/coop\/wp-content\/uploads\/2018\/03\/CKL_comunicacion-con-perspetiva-de-genero.jpg\" \/>\n\t<meta property=\"og:image:width\" content=\"500\" \/>\n\t<meta property=\"og:image:height\" content=\"500\" \/>\n\t<meta property=\"og:image:type\" content=\"image\/jpeg\" \/>\n<meta name=\"author\" content=\"ckl\" \/>\n<meta name=\"twitter:card\" content=\"summary_large_image\" \/>\n<meta name=\"twitter:label1\" content=\"Escrito por\" \/>\n\t<meta name=\"twitter:data1\" content=\"ckl\" \/>\n\t<meta name=\"twitter:label2\" content=\"Tiempo de lectura\" \/>\n\t<meta name=\"twitter:data2\" content=\"4 minutos\" \/>\n<script type=\"application\/ld+json\" class=\"yoast-schema-graph\">{\"@context\":\"https:\\\/\\\/schema.org\",\"@graph\":[{\"@type\":\"Article\",\"@id\":\"https:\\\/\\\/cklcomunicaciones.es\\\/coop\\\/noticias-info-ckl-no-2-342-21-05-19\\\/#article\",\"isPartOf\":{\"@id\":\"https:\\\/\\\/cklcomunicaciones.es\\\/coop\\\/noticias-info-ckl-no-2-342-21-05-19\\\/\"},\"author\":{\"name\":\"ckl\",\"@id\":\"https:\\\/\\\/cklcomunicaciones.es\\\/coop\\\/#\\\/schema\\\/person\\\/929a6837f7626450bbb50cee1aef266e\"},\"headline\":\"Noticias Info CKL n\u00ba 2.342-21\\\/05\\\/19\",\"datePublished\":\"2019-05-21T10:43:08+00:00\",\"dateModified\":\"2025-01-17T15:43:09+00:00\",\"mainEntityOfPage\":{\"@id\":\"https:\\\/\\\/cklcomunicaciones.es\\\/coop\\\/noticias-info-ckl-no-2-342-21-05-19\\\/\"},\"wordCount\":879,\"image\":{\"@id\":\"https:\\\/\\\/cklcomunicaciones.es\\\/coop\\\/noticias-info-ckl-no-2-342-21-05-19\\\/#primaryimage\"},\"thumbnailUrl\":\"http:\\\/\\\/www.cklcomunicaciones.es\\\/wp-content\\\/uploads\\\/2018\\\/03\\\/CKL_comunicacion-con-perspetiva-de-genero-300x300.jpg\",\"articleSection\":[\"Newsletter\",\"Nwl v2.0\"],\"inLanguage\":\"es\"},{\"@type\":\"WebPage\",\"@id\":\"https:\\\/\\\/cklcomunicaciones.es\\\/coop\\\/noticias-info-ckl-no-2-342-21-05-19\\\/\",\"url\":\"https:\\\/\\\/cklcomunicaciones.es\\\/coop\\\/noticias-info-ckl-no-2-342-21-05-19\\\/\",\"name\":\"Noticias Info CKL n\u00ba 2.342-21\\\/05\\\/19-Comunicar con perspectiva de g\u00e9nero\",\"isPartOf\":{\"@id\":\"https:\\\/\\\/cklcomunicaciones.es\\\/coop\\\/#website\"},\"primaryImageOfPage\":{\"@id\":\"https:\\\/\\\/cklcomunicaciones.es\\\/coop\\\/noticias-info-ckl-no-2-342-21-05-19\\\/#primaryimage\"},\"image\":{\"@id\":\"https:\\\/\\\/cklcomunicaciones.es\\\/coop\\\/noticias-info-ckl-no-2-342-21-05-19\\\/#primaryimage\"},\"thumbnailUrl\":\"http:\\\/\\\/www.cklcomunicaciones.es\\\/wp-content\\\/uploads\\\/2018\\\/03\\\/CKL_comunicacion-con-perspetiva-de-genero-300x300.jpg\",\"datePublished\":\"2019-05-21T10:43:08+00:00\",\"dateModified\":\"2025-01-17T15:43:09+00:00\",\"author\":{\"@id\":\"https:\\\/\\\/cklcomunicaciones.es\\\/coop\\\/#\\\/schema\\\/person\\\/929a6837f7626450bbb50cee1aef266e\"},\"description\":\"Comunicar con perspectiva de g\u00e9nero: Un Congreso renovado y + femenino-Las mujeres del sector TI observan desigualdades de g\u00e9nero en procesos de selecci\u00f3n-Concha Velasco y La ternura reinan en los Premios Max-World Press Photo 2019 una ventana al mundo\",\"breadcrumb\":{\"@id\":\"https:\\\/\\\/cklcomunicaciones.es\\\/coop\\\/noticias-info-ckl-no-2-342-21-05-19\\\/#breadcrumb\"},\"inLanguage\":\"es\",\"potentialAction\":[{\"@type\":\"ReadAction\",\"target\":[\"https:\\\/\\\/cklcomunicaciones.es\\\/coop\\\/noticias-info-ckl-no-2-342-21-05-19\\\/\"]}]},{\"@type\":\"ImageObject\",\"inLanguage\":\"es\",\"@id\":\"https:\\\/\\\/cklcomunicaciones.es\\\/coop\\\/noticias-info-ckl-no-2-342-21-05-19\\\/#primaryimage\",\"url\":\"http:\\\/\\\/www.cklcomunicaciones.es\\\/wp-content\\\/uploads\\\/2018\\\/03\\\/CKL_comunicacion-con-perspetiva-de-genero-300x300.jpg\",\"contentUrl\":\"http:\\\/\\\/www.cklcomunicaciones.es\\\/wp-content\\\/uploads\\\/2018\\\/03\\\/CKL_comunicacion-con-perspetiva-de-genero-300x300.jpg\"},{\"@type\":\"BreadcrumbList\",\"@id\":\"https:\\\/\\\/cklcomunicaciones.es\\\/coop\\\/noticias-info-ckl-no-2-342-21-05-19\\\/#breadcrumb\",\"itemListElement\":[{\"@type\":\"ListItem\",\"position\":1,\"name\":\"Portada\",\"item\":\"https:\\\/\\\/cklcomunicaciones.es\\\/coop\\\/\"},{\"@type\":\"ListItem\",\"position\":2,\"name\":\"Noticias Info CKL n\u00ba 2.342-21\\\/05\\\/19\"}]},{\"@type\":\"WebSite\",\"@id\":\"https:\\\/\\\/cklcomunicaciones.es\\\/coop\\\/#website\",\"url\":\"https:\\\/\\\/cklcomunicaciones.es\\\/coop\\\/\",\"name\":\"CKL Comunicaciones\",\"description\":\"Sitio web de CKL Comunicaciones coop , la consultora de comunicaci\u00f3n y estrategia\",\"potentialAction\":[{\"@type\":\"SearchAction\",\"target\":{\"@type\":\"EntryPoint\",\"urlTemplate\":\"https:\\\/\\\/cklcomunicaciones.es\\\/coop\\\/?s={search_term_string}\"},\"query-input\":{\"@type\":\"PropertyValueSpecification\",\"valueRequired\":true,\"valueName\":\"search_term_string\"}}],\"inLanguage\":\"es\"},{\"@type\":\"Person\",\"@id\":\"https:\\\/\\\/cklcomunicaciones.es\\\/coop\\\/#\\\/schema\\\/person\\\/929a6837f7626450bbb50cee1aef266e\",\"name\":\"ckl\",\"image\":{\"@type\":\"ImageObject\",\"inLanguage\":\"es\",\"@id\":\"https:\\\/\\\/secure.gravatar.com\\\/avatar\\\/c82db564e8a669bf6023357a157b9dc4780f4d4c618f2ad1d71a6a5dede45057?s=96&d=mm&r=g\",\"url\":\"https:\\\/\\\/secure.gravatar.com\\\/avatar\\\/c82db564e8a669bf6023357a157b9dc4780f4d4c618f2ad1d71a6a5dede45057?s=96&d=mm&r=g\",\"contentUrl\":\"https:\\\/\\\/secure.gravatar.com\\\/avatar\\\/c82db564e8a669bf6023357a157b9dc4780f4d4c618f2ad1d71a6a5dede45057?s=96&d=mm&r=g\",\"caption\":\"ckl\"},\"url\":\"https:\\\/\\\/cklcomunicaciones.es\\\/coop\\\/author\\\/cklcomunicaciones\\\/\"}]}<\/script>\n<!-- \/ Yoast SEO plugin. -->","yoast_head_json":{"title":"Noticias Info CKL n\u00ba 2.342-21\/05\/19-Comunicar con perspectiva de g\u00e9nero","description":"Comunicar con perspectiva de g\u00e9nero: Un Congreso renovado y + femenino-Las mujeres del sector TI observan desigualdades de g\u00e9nero en procesos de selecci\u00f3n-Concha Velasco y La ternura reinan en los Premios Max-World Press Photo 2019 una ventana al mundo","robots":{"index":"index","follow":"follow","max-snippet":"max-snippet:-1","max-image-preview":"max-image-preview:large","max-video-preview":"max-video-preview:-1"},"canonical":"https:\/\/cklcomunicaciones.es\/coop\/noticias-info-ckl-no-2-342-21-05-19\/","og_locale":"es_ES","og_type":"article","og_title":"Noticias Info CKL n\u00ba 2.342-21\/05\/19-Comunicar con perspectiva de g\u00e9nero","og_description":"Comunicar con perspectiva de g\u00e9nero: Un Congreso renovado y + femenino-Las mujeres del sector TI observan desigualdades de g\u00e9nero en procesos de selecci\u00f3n-Concha Velasco y La ternura reinan en los Premios Max-World Press Photo 2019 una ventana al mundo","og_url":"https:\/\/cklcomunicaciones.es\/coop\/noticias-info-ckl-no-2-342-21-05-19\/","og_site_name":"CKL Comunicaciones","article_published_time":"2019-05-21T10:43:08+00:00","article_modified_time":"2025-01-17T15:43:09+00:00","og_image":[{"width":500,"height":500,"url":"https:\/\/cklcomunicaciones.es\/coop\/wp-content\/uploads\/2018\/03\/CKL_comunicacion-con-perspetiva-de-genero.jpg","type":"image\/jpeg"}],"author":"ckl","twitter_card":"summary_large_image","twitter_misc":{"Escrito por":"ckl","Tiempo de lectura":"4 minutos"},"schema":{"@context":"https:\/\/schema.org","@graph":[{"@type":"Article","@id":"https:\/\/cklcomunicaciones.es\/coop\/noticias-info-ckl-no-2-342-21-05-19\/#article","isPartOf":{"@id":"https:\/\/cklcomunicaciones.es\/coop\/noticias-info-ckl-no-2-342-21-05-19\/"},"author":{"name":"ckl","@id":"https:\/\/cklcomunicaciones.es\/coop\/#\/schema\/person\/929a6837f7626450bbb50cee1aef266e"},"headline":"Noticias Info CKL n\u00ba 2.342-21\/05\/19","datePublished":"2019-05-21T10:43:08+00:00","dateModified":"2025-01-17T15:43:09+00:00","mainEntityOfPage":{"@id":"https:\/\/cklcomunicaciones.es\/coop\/noticias-info-ckl-no-2-342-21-05-19\/"},"wordCount":879,"image":{"@id":"https:\/\/cklcomunicaciones.es\/coop\/noticias-info-ckl-no-2-342-21-05-19\/#primaryimage"},"thumbnailUrl":"http:\/\/www.cklcomunicaciones.es\/wp-content\/uploads\/2018\/03\/CKL_comunicacion-con-perspetiva-de-genero-300x300.jpg","articleSection":["Newsletter","Nwl v2.0"],"inLanguage":"es"},{"@type":"WebPage","@id":"https:\/\/cklcomunicaciones.es\/coop\/noticias-info-ckl-no-2-342-21-05-19\/","url":"https:\/\/cklcomunicaciones.es\/coop\/noticias-info-ckl-no-2-342-21-05-19\/","name":"Noticias Info CKL n\u00ba 2.342-21\/05\/19-Comunicar con perspectiva de g\u00e9nero","isPartOf":{"@id":"https:\/\/cklcomunicaciones.es\/coop\/#website"},"primaryImageOfPage":{"@id":"https:\/\/cklcomunicaciones.es\/coop\/noticias-info-ckl-no-2-342-21-05-19\/#primaryimage"},"image":{"@id":"https:\/\/cklcomunicaciones.es\/coop\/noticias-info-ckl-no-2-342-21-05-19\/#primaryimage"},"thumbnailUrl":"http:\/\/www.cklcomunicaciones.es\/wp-content\/uploads\/2018\/03\/CKL_comunicacion-con-perspetiva-de-genero-300x300.jpg","datePublished":"2019-05-21T10:43:08+00:00","dateModified":"2025-01-17T15:43:09+00:00","author":{"@id":"https:\/\/cklcomunicaciones.es\/coop\/#\/schema\/person\/929a6837f7626450bbb50cee1aef266e"},"description":"Comunicar con perspectiva de g\u00e9nero: Un Congreso renovado y + femenino-Las mujeres del sector TI observan desigualdades de g\u00e9nero en procesos de selecci\u00f3n-Concha Velasco y La ternura reinan en los Premios Max-World Press Photo 2019 una ventana al mundo","breadcrumb":{"@id":"https:\/\/cklcomunicaciones.es\/coop\/noticias-info-ckl-no-2-342-21-05-19\/#breadcrumb"},"inLanguage":"es","potentialAction":[{"@type":"ReadAction","target":["https:\/\/cklcomunicaciones.es\/coop\/noticias-info-ckl-no-2-342-21-05-19\/"]}]},{"@type":"ImageObject","inLanguage":"es","@id":"https:\/\/cklcomunicaciones.es\/coop\/noticias-info-ckl-no-2-342-21-05-19\/#primaryimage","url":"http:\/\/www.cklcomunicaciones.es\/wp-content\/uploads\/2018\/03\/CKL_comunicacion-con-perspetiva-de-genero-300x300.jpg","contentUrl":"http:\/\/www.cklcomunicaciones.es\/wp-content\/uploads\/2018\/03\/CKL_comunicacion-con-perspetiva-de-genero-300x300.jpg"},{"@type":"BreadcrumbList","@id":"https:\/\/cklcomunicaciones.es\/coop\/noticias-info-ckl-no-2-342-21-05-19\/#breadcrumb","itemListElement":[{"@type":"ListItem","position":1,"name":"Portada","item":"https:\/\/cklcomunicaciones.es\/coop\/"},{"@type":"ListItem","position":2,"name":"Noticias Info CKL n\u00ba 2.342-21\/05\/19"}]},{"@type":"WebSite","@id":"https:\/\/cklcomunicaciones.es\/coop\/#website","url":"https:\/\/cklcomunicaciones.es\/coop\/","name":"CKL Comunicaciones","description":"Sitio web de CKL Comunicaciones coop , la consultora de comunicaci\u00f3n y estrategia","potentialAction":[{"@type":"SearchAction","target":{"@type":"EntryPoint","urlTemplate":"https:\/\/cklcomunicaciones.es\/coop\/?s={search_term_string}"},"query-input":{"@type":"PropertyValueSpecification","valueRequired":true,"valueName":"search_term_string"}}],"inLanguage":"es"},{"@type":"Person","@id":"https:\/\/cklcomunicaciones.es\/coop\/#\/schema\/person\/929a6837f7626450bbb50cee1aef266e","name":"ckl","image":{"@type":"ImageObject","inLanguage":"es","@id":"https:\/\/secure.gravatar.com\/avatar\/c82db564e8a669bf6023357a157b9dc4780f4d4c618f2ad1d71a6a5dede45057?s=96&d=mm&r=g","url":"https:\/\/secure.gravatar.com\/avatar\/c82db564e8a669bf6023357a157b9dc4780f4d4c618f2ad1d71a6a5dede45057?s=96&d=mm&r=g","contentUrl":"https:\/\/secure.gravatar.com\/avatar\/c82db564e8a669bf6023357a157b9dc4780f4d4c618f2ad1d71a6a5dede45057?s=96&d=mm&r=g","caption":"ckl"},"url":"https:\/\/cklcomunicaciones.es\/coop\/author\/cklcomunicaciones\/"}]}},"_links":{"self":[{"href":"https:\/\/cklcomunicaciones.es\/coop\/wp-json\/wp\/v2\/posts\/14607","targetHints":{"allow":["GET"]}}],"collection":[{"href":"https:\/\/cklcomunicaciones.es\/coop\/wp-json\/wp\/v2\/posts"}],"about":[{"href":"https:\/\/cklcomunicaciones.es\/coop\/wp-json\/wp\/v2\/types\/post"}],"author":[{"embeddable":true,"href":"https:\/\/cklcomunicaciones.es\/coop\/wp-json\/wp\/v2\/users\/3"}],"replies":[{"embeddable":true,"href":"https:\/\/cklcomunicaciones.es\/coop\/wp-json\/wp\/v2\/comments?post=14607"}],"version-history":[{"count":0,"href":"https:\/\/cklcomunicaciones.es\/coop\/wp-json\/wp\/v2\/posts\/14607\/revisions"}],"wp:attachment":[{"href":"https:\/\/cklcomunicaciones.es\/coop\/wp-json\/wp\/v2\/media?parent=14607"}],"wp:term":[{"taxonomy":"category","embeddable":true,"href":"https:\/\/cklcomunicaciones.es\/coop\/wp-json\/wp\/v2\/categories?post=14607"},{"taxonomy":"post_tag","embeddable":true,"href":"https:\/\/cklcomunicaciones.es\/coop\/wp-json\/wp\/v2\/tags?post=14607"}],"curies":[{"name":"wp","href":"https:\/\/api.w.org\/{rel}","templated":true}]}}