{"id":14604,"date":"2019-05-20T13:56:34","date_gmt":"2019-05-20T11:56:34","guid":{"rendered":"http:\/\/www.cklcomunicaciones.es\/?p=14604"},"modified":"2025-01-17T16:43:09","modified_gmt":"2025-01-17T15:43:09","slug":"noticias-info-ckl-no-2-341-20-05-19","status":"publish","type":"post","link":"https:\/\/cklcomunicaciones.es\/coop\/noticias-info-ckl-no-2-341-20-05-19\/","title":{"rendered":"Noticias Info CKL n\u00ba 2.341-20\/05\/19"},"content":{"rendered":"<div id=\"pl-14604\"  class=\"panel-layout\" >\n<div id=\"pg-14604-0\"  class=\"panel-grid panel-no-style\"  data-style=\"{&quot;background_image_attachment&quot;:false,&quot;background_display&quot;:&quot;tile&quot;,&quot;cell_alignment&quot;:&quot;flex-start&quot;}\" >\n<div id=\"pgc-14604-0-0\"  class=\"panel-grid-cell\"  data-weight=\"1\" >\n<div id=\"panel-14604-0-0-0\" class=\"so-panel widget widget_sow-editor panel-first-child panel-last-child\" data-index=\"0\" data-style=\"{&quot;background_image_attachment&quot;:false,&quot;background_display&quot;:&quot;tile&quot;}\" >\n<div class=\"so-widget-sow-editor so-widget-sow-editor-base\">\n<div class=\"siteorigin-widget-tinymce textwidget\">\n<p><img decoding=\"async\" class=\"lazyload  wp-image-13726\" src=\"http:\/\/www.cklcomunicaciones.es\/wp-content\/uploads\/2018\/03\/CKL_comunicacion-con-perspetiva-de-genero-300x300.jpg\" data-orig-src=\"http:\/\/www.cklcomunicaciones.es\/wp-content\/uploads\/2018\/03\/CKL_comunicacion-con-perspetiva-de-genero-300x300.jpg\" alt=\"CKL_comunicacion con perspetiva de genero\" width=\"132\" height=\"132\" srcset=\"data:image\/svg+xml,%3Csvg%20xmlns%3D%27http%3A%2F%2Fwww.w3.org%2F2000%2Fsvg%27%20width%3D%27132%27%20height%3D%27132%27%20viewBox%3D%270%200%20132%20132%27%3E%3Crect%20width%3D%27132%27%20height%3D%27132%27%20fill-opacity%3D%220%22%2F%3E%3C%2Fsvg%3E\" data-srcset=\"https:\/\/cklcomunicaciones.es\/coop\/wp-content\/uploads\/2018\/03\/CKL_comunicacion-con-perspetiva-de-genero-150x150.jpg 150w, https:\/\/cklcomunicaciones.es\/coop\/wp-content\/uploads\/2018\/03\/CKL_comunicacion-con-perspetiva-de-genero-300x300.jpg 300w, https:\/\/cklcomunicaciones.es\/coop\/wp-content\/uploads\/2018\/03\/CKL_comunicacion-con-perspetiva-de-genero-450x450.jpg 450w, https:\/\/cklcomunicaciones.es\/coop\/wp-content\/uploads\/2018\/03\/CKL_comunicacion-con-perspetiva-de-genero.jpg 500w\" data-sizes=\"auto\" data-orig-sizes=\"(max-width: 132px) 100vw, 132px\" \/><\/p>\n<p id=\":hm\" class=\"hP\" tabindex=\"-1\" data-thread-perm-id=\"thread-f:1634051659809710645\" data-legacy-thread-id=\"16ad5153b7986235\"><strong>Europa: recomendaciones para prevenir\/combatir el sexismo-La falta de cotizaci\u00f3n deja a las mujeres rurales a la cola de la pensi\u00f3n-Casi 7.500 mujeres sufren lesiones f\u00edsicas de sus parejas o expareja hasta abril<\/strong><\/p>\n<p tabindex=\"-1\" data-thread-perm-id=\"thread-f:1630512937700816687\" data-legacy-thread-id=\"16a0bee0c555f72f\">[toggle type=\u00bbfirst\u00bb title=\u00bbConvocatorias\u00bb]<\/p>\n<ul>\n<li><a href=\"http:\/\/www.juntadeandalucia.es\/iam\/catalogo\/doc\/convocatorias\/2019-iam\/SE-fibromialgia-y-fatiga-cronica-diasaludmujeres.jpg\">Tertulia sobre Fibromialgia y Fatiga Cr\u00f3nica. D\u00eda Internacional de la Salud de las Mujeres<\/a>. Centro Provincial del Instituto Andaluz de la Mujer de\u00a0Sevilla.\u00a029\u00a0de mayo de 2019<\/li>\n<li>Ciclo de Cine \u201cMujeres con hombres\u201d. Organizado por Cl\u00e1sicas y Modernas y de la Fundaci\u00f3n SGAE. Sala Berlanga, del martes 21 al lunes 27 de mayo, a las 19h<\/li>\n<\/ul>\n<p tabindex=\"-1\" data-thread-perm-id=\"thread-f:1630512937700816687\" data-legacy-thread-id=\"16a0bee0c555f72f\">[\/toggle]<\/p>\n<p>[toggle type=\u00bbfirst\u00bb title=\u00bbComunicaci\u00f3n\u00bb]<\/p>\n<p><a href=\"https:\/\/www.elcorreo.com\/sociedad\/microfeminismos\/enfermas-santas-putas-20190520103051-nt.html\">Ni enfermas, ni santas, ni putas: estas campa\u00f1as de publicidad no nos &#8230;<\/a>&#8211; El Correo<\/p>\n<p><a href=\"https:\/\/digitalsevilla.com\/2019\/05\/20\/un-candidato-del-pp-al-ayto-de-almeria-a-mujeres-en-twitter-guarra-zorra-hija-de-puta-deseo-tu-muerte-cacho-de-puta\/\">Un candidato del PP al Ayuntamiento de Almer\u00eda en Twitter: \u00abguarra &#8230;<\/a>&#8211; Digital Sevilla<\/p>\n<p><a href=\"https:\/\/www.google.com\/url?rct=j&amp;sa=t&amp;url=https:\/\/eldiadigital.es\/art\/294191\/el-gobierno-regional-declara-la-guerra-al-lenguaje-sexista-administrativo&amp;ct=ga&amp;cd=CAEYASoTNzgyNDc0MTI3MjA4NzE1ODM0NDIZYzAzNzJlYmMyZmVhZGE1OTplczplczpFUw&amp;usg=AFQjCNGnZsVtdk8uP_7dDk2T_DPQFI2yVg\">El Gobierno de CLM &#8216;declara la guerra&#8217; al lenguaje sexista administrativo<\/a>&#8211; <a href=\"http:\/\/eldiadigital.es\">eldiadigital.es<\/a><\/p>\n<p><a href=\"https:\/\/prnoticias.com\/comunicacion\/prcomunicacion\/20173778-huawei-google-directoras-comunicacion\">Guerra Huawei \u2013 Google, \u00bfqu\u00e9 dos\u00a0mujeres\u00a0dirigen su comunicaci\u00f3n &#8230;<\/a>&#8211; PR Noticias<\/p>\n<p><a href=\"https:\/\/www.google.com\/url?rct=j&amp;sa=t&amp;url=https:\/\/www.bebesymas.com\/recursos-en-la-web\/anar-alerta-gran-aumento-casos-violencia-digital-ninos-adolescentes-2018&amp;ct=ga&amp;cd=CAEYASoUMTAxOTkwNTYwNTMyNTQzNzc2MDQyGWUxZTc3ZDE1NjA5OGE4ZTM6ZXM6ZXM6RVM&amp;usg=AFQjCNEWHMwwJW3idnwPlU2NiOgFK_iVTA\">D\u00eda de Internet: alertan del gran aumento de casos de\u00a0violencia\u00a0digital contra ni\u00f1os y adolescentes<\/a> &#8211; Beb\u00e9s y m\u00e1s<\/p>\n<p>[\/toggle]<\/p>\n<p>[toggle type=\u00bbfirst\u00bb title=\u00bbAndaluc\u00eda\u00bb]<\/p>\n<p><strong>Institucional<\/strong><\/p>\n<p><a href=\"https:\/\/www.google.com\/url?rct=j&amp;sa=t&amp;url=https:\/\/www.europapress.es\/andalucia\/noticia-marin-informara-proxima-semana-parlamento-unidades-valoracion-integral-violencia-genero-20190519104437.html&amp;ct=ga&amp;cd=CAEYASoUMTMyOTg3MTU3NjQ1MzY5NDc4NzYyGWQ3OGU1ODc1YTBmMWYyYWM6ZXM6ZXM6RVM&amp;usg=AFQjCNGIkJATwL7IVJBPYQDoO1xq0I6-KQ\">Mar\u00edn informar\u00e1 la pr\u00f3xima semana al Parlamento sobre las unidades de valoraci\u00f3n integral de la violencia de g\u00e9nero &#8230;<\/a>&#8211; Europa Press<strong>\u00a0<\/strong><\/p>\n<p><strong>Econom\u00eda y Empresas<\/strong><\/p>\n<p><a href=\"https:\/\/www.google.com\/url?rct=j&amp;sa=t&amp;url=https:\/\/www.europapress.es\/andalucia\/huelva-00354\/noticia-ruiz-subraya-importancia-conciliar-maternidad-no-penalice-carreras-profesionales-mujeres-20190517204435.html&amp;ct=ga&amp;cd=CAEYASoTMzE0OTY5MTI5MTY2OTc3MjI0NDIZYzAzNzJlYmMyZmVhZGE1OTplczplczpFUw&amp;usg=AFQjCNHKOCQW7nS4jPw_Nimlxj4Nunim4g\">Ruiz subraya la importancia de conciliar para que la maternidad no penalice las carreras &#8230;<\/a>&#8211; Europa Press<\/p>\n<p><a href=\"https:\/\/www.google.com\/url?rct=j&amp;sa=t&amp;url=http:\/\/www.gentedigital.es\/sevilla\/noticia\/2636429\/el-iam-apoya-a-la-mujer-rural-con-la-financiacion-de-la-feria-de-artesanas-y-emprendedoras-de-andalucia\/&amp;ct=ga&amp;cd=CAEYBCoTNzUxOTQwMjgzMDE5NzMzNTg0NzIZYzAzNzJlYmMyZmVhZGE1OTplczplczpFUw&amp;usg=AFQjCNExhomIJ9RQHuq0PUpuiDiWKgCC8g\">EL IAM apoya a la\u00a0mujer\u00a0rural con la financiaci\u00f3n de la Feria de Artesanas y Emprendedoras de &#8230;<\/a>&#8211; Gente Digital<a href=\"https:\/\/www.google.com\/url?rct=j&amp;sa=t&amp;url=https:\/\/www.noticiasde.es\/andalucia\/una-apuesta-por-el-emprendimiento-femenino-en-las-universidades-publicas\/&amp;ct=ga&amp;cd=CAEYAioTNDAyNDU0MDA3MzI0ODcxNzg0NjIZYzAzNzJlYmMyZmVhZGE1OTplczplczpFUw&amp;usg=AFQjCNGSXYKfb8qeDI62cJgG6Wiq7FvRAg\"><br \/>\nUna apuesta por el emprendimiento femenino en las universidades p\u00fablicas<\/a>&#8211; NoticiasDe.es<\/p>\n<p><a href=\"http:\/\/www.juntadeandalucia.es\/presidencia\/portavoz\/142597\/consumo\/cuentas\/bancarias\/gratuitas\/vulnerabilidad\">Consumo recuerda que las cuentas bancarias son gratuitas para personas en situaci\u00f3n de vulnerabilidad<\/a><strong>&#8211; <\/strong>Oficina del Portavoz<\/p>\n<p><strong>A<\/strong><strong>ctualidad<\/strong><\/p>\n<p><a href=\"https:\/\/www.elmundo.es\/andalucia\/2019\/05\/18\/5ce00a5ffdddfff3618b4656.html\">Carmen Calvo pide en Ja\u00e9n \u00abfeminizar\u00bb el campo e incorporar a la mujer a un medio rural m\u00e1s igualitario<\/a>-El Mundo<\/p>\n<p><a href=\"https:\/\/www.diariodesevilla.es\/juzgado_de_guardia\/reportajes\/Faltan-decanas-juridicas-juezas-jurisprudencia_0_1356164656.html\">Faltan decanas jur\u00eddicas y juezas que creen jurisprudencia<\/a>&#8211; Diario de Sevilla<\/p>\n<p><a href=\"https:\/\/www.google.com\/url?rct=j&amp;sa=t&amp;url=http:\/\/huelva24.com\/art\/126124\/la-diputacion-pone-en-marcha-el-concurso-de-videos-de-la-segunda-fase-del-proyecto-europeo-recognize-change&amp;ct=ga&amp;cd=CAEYACoUMTIxNDYzMzQ2NTE1NTQzOTkxNTQyGWUyZGVmYTdkNWRhOTE1N2Q6ZXM6ZXM6RVM&amp;usg=AFQjCNHVPTaVkxb1WDSrVbAvxGXszRBvGw\">La Diputaci\u00f3n de Huelva pone en marcha el concurso de v\u00eddeos de la segunda fase del proyecto europeo &#8230;<\/a>\u00a0&#8211;\u00a0Huelva24<a href=\"https:\/\/www.google.com\/url?rct=j&amp;sa=t&amp;url=https:\/\/www.20minutos.es\/noticia\/3645173\/0\/angela-ponce-primera-trans-representar-espana-miss-universo-recibe-uno-premios-t\/&amp;ct=ga&amp;cd=CAEYACoUMTEyMTA1NTc0NzM2OTcyMDAwMTUyGWMwMzcyZWJjMmZlYWRhNTk6ZXM6ZXM6RVM&amp;usg=AFQjCNHXwOq4nW9Y1UTHpH7-cln-Q_h-zQ\"><br \/>\n\u00c1ngela Ponce, primera trans en representar a Espa\u00f1a en Miss Universo, recibe uno de los Premios T &#8230;<\/a>&#8211; <a href=\"http:\/\/20minutos.es\">20minutos.es<\/a><\/p>\n<p><a href=\"http:\/\/elcorreoweb.es\/agenda\/presente-y-futuro-del-urbanismo-en-andalucia-GG5448998\">Presente y futuro del urbanismo en\u00a0Andaluc\u00eda<\/a>&#8211; elcorreoweb.es<\/p>\n<p><strong>Violencia<\/strong><\/p>\n<p><a href=\"https:\/\/cordobabuenasnoticias.com\/2019\/05\/19\/andalucia-refuerza-con-91-interinos-los-juzgados-con-competencias-en-violencia-contra-la-mujer\/\">Andaluc\u00eda\u00a0refuerza con 91 interinos los Juzgados con competencias en violencia contra la mujer&#8230;<\/a>&#8211; C\u00f3rdoba Buenas Noticias<\/p>\n<p><a href=\"https:\/\/andaluciainformacion.es\/costa-occidental\/826948\/jornadas-sobre-violencia-de-genero-en-la-uhu\/\">Jornadas sobre Violencia de G\u00e9nero en la Universidad de Huelva\u2026<\/a>&#8211; Andaluc\u00eda Informaci\u00f3n<\/p>\n<p><a href=\"https:\/\/www.google.com\/url?rct=j&amp;sa=t&amp;url=https:\/\/www.eldiario.es\/sociedad\/violencia_machista\/expareja-Granada-cumpliendo-protocolo-violencia_0_900110221.html&amp;ct=ga&amp;cd=CAEYAyoTNzUxOTQwMjgzMDE5NzMzNTg0NzIZYzAzNzJlYmMyZmVhZGE1OTplczplczpFUw&amp;usg=AFQjCNEKAxsvIolmfjLYrq_Jxs-RRgJgyA\">La\u00a0mujer\u00a0apu\u00f1alada por su expareja en Granada estaba tutelada por el plan de protecci\u00f3n a &#8230;<\/a>&#8211; eldiario.es<\/p>\n<p><strong>Ciencia y Cultura<\/strong><br \/>\nLa cantante Mar\u00eda Jim\u00e9nez, ingresada en la UCI con pron\u00f3stico grave &#8211; P\u00fablico<\/p>\n<p><a href=\"https:\/\/sevilla.abc.es\/andalucia\/cordoba\/sevi-flecos-sueltos-rosalia-noche-blanca-flamenco-cordoba-201905180905_noticia.html\">Los flecos sueltos de Rosal\u00eda en la Noche Blanca del Flamenco de &#8230;<\/a>&#8211; <a href=\"http:\/\/abcdesevilla.es\">abcdesevilla.es<\/a><\/p>\n<p><a href=\"https:\/\/www.sevilla.org\/actualidad\/noticias\/todas-las-mujeres-teatro-lope-de-vega\">\u00abTodas las\u00a0mujeres\u00bb, interpretada por Fele Mart\u00ednez, Nuria Gonz\u00e1lez &#8230;<\/a>&#8211; Ayuntamiento de Sevilla<a href=\"https:\/\/cordopolis.es\/2019\/05\/20\/fundacion-viana-convoca-la-octava-edicion-de-becas-para-creadores-andaluces\/\"><br \/>\nFundaci\u00f3n Viana convoca la octava edici\u00f3n de becas para creadores &#8230;<\/a>&#8211; Cord\u00f3polis<\/p>\n<p><strong>Deporte<\/strong><\/p>\n<p><a href=\"https:\/\/www.huelvainformacion.es\/deportes\/Brillante-Laura-Garcia-Caro-Europa-Lituania_0_1356164711.html\">Brillante plata de\u00a0Laura Garc\u00eda-Caro\u00a0en la Copa de Europa en Lituania<\/a>&#8211; Huelva Informaci\u00f3n<\/p>\n<p><a href=\"https:\/\/www.elperiodicoextremadura.com\/noticias\/deportes\/nuevo-triunfo-mamen-ledesma-circuito-10-kilometros-sevilla_1164235.html\">Nuevo triunfo de\u00a0Mamen Ledesma\u00a0en el circuito 10 kil\u00f3metros de Sevilla<\/a>&#8211; El Peri\u00f3dico Extremadura<\/p>\n<p><a href=\"http:\/\/huelvaya.es\/2019\/05\/20\/siete-medallas-para-el-cr-colombino-en-el-campeonato-de-andalucia\/\">Siete medallas para el CR Colombino en el Campeonato de\u00a0Andaluc\u00eda<\/a>&#8211; HuelvaYA-<\/p>\n<p>[\/toggle]<\/p>\n<p>[toggle type=\u00bbfirst\u00bb title=\u00bbEstado\u00bb]<\/p>\n<p><strong>Institucional-CCAA<\/strong><\/p>\n<p><a href=\"https:\/\/www.google.com\/url?rct=j&amp;sa=t&amp;url=https:\/\/www.eldia.es\/sociedad\/2019\/05\/18\/ley-servicios-sociales-atiende-victimas\/976378.html&amp;ct=ga&amp;cd=CAEYACoTNTg5MjU3MDQ5MzY2NDkwMzU1NDIZZTFlNzdkMTU2MDk4YThlMzplczplczpFUw&amp;usg=AFQjCNGMzlpWYvumqmY9xt3hIUZMX9NgGg\">La Ley de Servicios Sociales de Canarias atiende a las v\u00edctimas de\u00a0violencia de g\u00e9nero<\/a>&#8211; <a href=\"http:\/\/eldia.es\">eldia.es<\/a><\/p>\n<p><a href=\"https:\/\/www.google.com\/url?rct=j&amp;sa=t&amp;url=http:\/\/www.lacerca.com\/noticias\/albacete\/instituto-mujer-voluntad-trabajando-asociativo-empleabilidad-empoderamiento-mujeres-468849-1.html&amp;ct=ga&amp;cd=CAEYACoTNzUxOTQwMjgzMDE5NzMzNTg0NzIZYzAzNzJlYmMyZmVhZGE1OTplczplczpFUw&amp;usg=AFQjCNHTigxARLSQ8wTqQzrsA4MP8MFUmQ\">El\u00a0Instituto de la Mujer\u00a0de Castilla-La Mancha traslada su voluntad de seguir trabajando con las Asociaciones empresariales de Mujeres\u2026<\/a>-La Cerca<\/p>\n<p><a href=\"https:\/\/www.google.com\/url?rct=j&amp;sa=t&amp;url=https:\/\/www.eldiario.es\/norte\/euskadi\/Emakunde-injerencia-desmesurada-intimidad-violencia_0_900110473.html&amp;ct=ga&amp;cd=CAEYASoTNTU4NjEwOTcyNjY0NzE1NzQzNTIZYzAzNzJlYmMyZmVhZGE1OTplczplczpFUw&amp;usg=AFQjCNGg86bi4kJIndmTWe-iGiAkuTnUgA\">Emakunde pide a los medios que eviten una \u00abinjerencia desmesurada\u00bb en la intimidad de v\u00edctimas &#8230;<\/a>&#8211; <a href=\"http:\/\/eldiario.es\">eldiario.es<\/a><a href=\"https:\/\/www.google.com\/url?rct=j&amp;sa=t&amp;url=https:\/\/www.europapress.es\/illes-balears\/noticia-total-29-agentes-participan-primer-curso-especializacion-violencia-genero-baleares-20190517144828.html&amp;ct=ga&amp;cd=CAEYAioUMTE2MDAwNDczNTA2MTM4MTYyNDgyGWMwMzcyZWJjMmZlYWRhNTk6ZXM6ZXM6RVM&amp;usg=AFQjCNF_UK3p_Ehv-9xB4Ski3bDlGR6rIw\"><br \/>\nUn total de 29 agentes participan en el primer curso de especializaci\u00f3n en violencia de g\u00e9nero en Baleares &#8230;<\/a>-Europa Press<a href=\"https:\/\/www.google.com\/url?rct=j&amp;sa=t&amp;url=https:\/\/www.grada.es\/web\/instituto-de-la-mujer-de-extremadura-trata-de-mujeres-ignorar-es-consentir\/&amp;ct=ga&amp;cd=CAEYACoUMTA5NzQwODAwNjI4MTAxOTk0ODcyGWMwMzcyZWJjMmZlYWRhNTk6ZXM6ZXM6RVM&amp;usg=AFQjCNF9cN6JExJA6ra2O12aUoSGGmHWYA\"><br \/>\nEl\u00a0Instituto de la Mujer\u00a0de Extremadura financia la campa\u00f1a contra la trata de mujeres &#8216;Ignorar es &#8230;<\/a>&#8211; Revista Grada<\/p>\n<p><a href=\"https:\/\/atlanticohoy.com\/front\/post\/tag\/sociedad-nace-mujeres-influyentes-canarias\">Nace &#8216;Mujeres\u00a0Influyentes en Canarias&#8217;<\/a>&#8211; Atl\u00e1nticoHoy<\/p>\n<p><strong>Econom\u00eda y Empresa<\/strong><\/p>\n<p><a href=\"https:\/\/www.google.com\/url?rct=j&amp;sa=t&amp;url=https:\/\/www.europapress.es\/estar-donde-estes\/noticia-ayudas-subvenciones-emprender-20190520115904.html&amp;ct=ga&amp;cd=CAEYASoUMTM2NTEwOTIxMDAwMDk5MDI0NDMyGWMwMzcyZWJjMmZlYWRhNTk6ZXM6ZXM6RVM&amp;usg=AFQjCNFIhUQ0PmIcyNyYQrAw1I8Fg79BvQ\">Ayudas y subvenciones para emprender<\/a>&#8211; Europa Press<a href=\"https:\/\/www.google.com\/url?rct=j&amp;sa=t&amp;url=https:\/\/www.elperiodicomediterraneo.com\/noticias\/castellon\/falta-anos-cotizados-deja-mujeres-rurales-cola-pension_1222849.html&amp;ct=ga&amp;cd=CAEYASoUMTMyMjQ3NDM2MzM1MjQwMTYwODkyGWMwMzcyZWJjMmZlYWRhNTk6ZXM6ZXM6RVM&amp;usg=AFQjCNHlINHhxWEN5D4isop9Edy-TThIgQ\"><br \/>\nLa falta de a\u00f1os cotizados deja a las\u00a0mujeres\u00a0rurales a la cola en pensi\u00f3n<\/a>&#8211; El Peri\u00f3dico Mediterr\u00e1neo<\/p>\n<p><a href=\"https:\/\/www.bbva.com\/es\/que-hace-bbva-por-lograr-la-igualdad-de-genero-y-empoderar-a-las-mujeres\/\">\u00bfQu\u00e9 hace BBVA por lograr la igualdad de g\u00e9nero y empoderar a las &#8230;<\/a>&#8211; BBVA<strong>\u00a0<\/strong><\/p>\n<p><strong>Actualidad<\/strong><\/p>\n<p><a href=\"https:\/\/www.google.com\/url?rct=j&amp;sa=t&amp;url=https:\/\/www.deia.eus\/2019\/05\/20\/sociedad\/estado\/el-70-de-los-ninos-abusados-lo-ha-explicado-a-alguien-y-no-ha-pasado-nada&amp;ct=ga&amp;cd=CAEYAioTMjkwNDE3MDY0NjA2MTYzNTg1OTIZYzAzNzJlYmMyZmVhZGE1OTplczplczpFUw&amp;usg=AFQjCNH8UAKNGTrLuGZBJ4k38cRMn_8B0A\">Mireia Darder, doctora en Psicolog\u00eda Social: \u201cEl 70% de los ni\u00f1os abusados lo ha explicado a alguien y no ha pasado nada\u201d<\/a>&#8211; Deia<a href=\"https:\/\/www.google.com\/url?rct=j&amp;sa=t&amp;url=https:\/\/www.eldiario.es\/clm\/matrona-guerra-espanola-profesion-riesgo_0_900110538.html&amp;ct=ga&amp;cd=CAEYASoUMTQ1NzU1NzI0MDA1MzgxNjcwMzcyGWMwMzcyZWJjMmZlYWRhNTk6ZXM6ZXM6RVM&amp;usg=AFQjCNHLxuLuR_1HMh8AaqjCS8JggbH-pw\"><br \/>\nSer matrona en la guerra civil espa\u00f1ola, una profesi\u00f3n de riesgo<\/a>&#8211; <a href=\"http:\/\/eldiario.es\">eldiario.es<\/a><a href=\"https:\/\/www.google.com\/url?rct=j&amp;sa=t&amp;url=https:\/\/diario16.com\/las-mujeres-conductoras-son-mas-prudentes-y-tienen-menos-accidentes\/&amp;ct=ga&amp;cd=CAEYACoUMTMyMjQ3NDM2MzM1MjQwMTYwODkyGWMwMzcyZWJjMmZlYWRhNTk6ZXM6ZXM6RVM&amp;usg=AFQjCNHR3NUopC3gW5V2TthOExhGmUdS2Q\"><br \/>\nLas\u00a0mujeres\u00a0conductoras son m\u00e1s prudentes y tienen menos accidentes<\/a>&#8211; Diario16<\/p>\n<p><a href=\"https:\/\/www.google.com\/url?rct=j&amp;sa=t&amp;url=https:\/\/www.europapress.es\/sociedad\/noticia-iglesia-proclama-beata-espanola-guadalupe-ortiz-landazuri-20190518112831.html&amp;ct=ga&amp;cd=CAEYASoUMTA1NzQ1NzAxOTQyOTgxNjY3NTIyGWMwMzcyZWJjMmZlYWRhNTk6ZXM6ZXM6RVM&amp;usg=AFQjCNEY6PHliVq5MZIni_9WSxWtZFgMOA\">La Iglesia proclama beata a la qu\u00edmica espa\u00f1ola Guadalupe Ortiz de Land\u00e1zuri<\/a>&#8211; Europa Press<\/p>\n<p><strong>Violencias<\/strong><\/p>\n<p><a href=\"https:\/\/www.20minutos.es\/noticia\/3644255\/0\/mujeres-sufrido-lesiones-fisicas-por-parte-de-sus-parejas-o-exparejas-en-lo-que-va-de-ano\/\">Un total de 7.410\u00a0mujeres\u00a0han sufrido lesiones f\u00edsicas por parte de sus parejas o exparejas en lo que va de a\u00f1o&#8230;<\/a>&#8211; 20minutos.es<\/p>\n<p><a href=\"https:\/\/www.google.com\/url?rct=j&amp;sa=t&amp;url=https:\/\/www.lavozdegalicia.es\/noticia\/espana\/2019\/05\/18\/investigan-mujer-muerta-incendio-ibiza-habia-encadenada-pareja\/00031558183023576406565.htm&amp;ct=ga&amp;cd=CAEYACoUMTY2MDUzMjI5NzE1MTM4NTk2NDYyGWMwMzcyZWJjMmZlYWRhNTk6ZXM6ZXM6RVM&amp;usg=AFQjCNFGodWdhZDTz6-0dqF_P-bwRTdRrA\">Investigan si una\u00a0mujer\u00a0muerta en un incendio en Ibiza hab\u00eda sido encadenada por su pareja<\/a>&#8211; La Voz de Galicia<\/p>\n<p><strong>Ciencia y Cultura<\/strong><a href=\"https:\/\/www.google.com\/url?rct=j&amp;sa=t&amp;url=https:\/\/www.elcomercio.es\/asturias\/ciencia-masculina-femenina-20190520011344-ntvo.html&amp;ct=ga&amp;cd=CAEYACoUMTYzMDkwNjk4MTk5OTgwMDM5ODMyGWMwMzcyZWJjMmZlYWRhNTk6ZXM6ZXM6RVM&amp;usg=AFQjCNF_y4V1WjgCgMa9mMiMBt_1G3MfJQ\"><br \/>\nPilar Mar\u00edn, directora del Instituto de Magnetismo Aplicado: \u201cLa ciencia no es masculina ni femenina, es interesante\u00bb<\/a>&#8211; El Comercio Digital\u00a0<a href=\"https:\/\/www.abc.es\/cultura\/libros\/abci-victorina-duran-vida-inedita-artista-pionera-defendio-amor-libre-201905190123_noticia.html\"><br \/>\nVictorina Dur\u00e1n, una artista pionera que defendi\u00f3 el amor libre<\/a>&#8211; Abc.es<\/p>\n<p><a href=\"https:\/\/www.publico.es\/culturas\/artistas-visibilidad-mujeres-museos-feminismo.html\">Las artistas exigen una mayor visibilidad de las mujeres en unos museos m\u00e1s feministas<\/a> &#8211; P\u00fablico<\/p>\n<p><a href=\"https:\/\/www.google.com\/url?rct=j&amp;sa=t&amp;url=https:\/\/www.elperiodicodearagon.com\/noticias\/la-cronica-del-campo-de-borja\/exposicion-recuerda-mujeres-pioneras_1362867.html&amp;ct=ga&amp;cd=CAEYAioTNTU4NjEwOTcyNjY0NzE1NzQzNTIZYzAzNzJlYmMyZmVhZGE1OTplczplczpFUw&amp;usg=AFQjCNHRqx7f7NAnDM_f0w96GDd-XQRBeQ\">Una exposici\u00f3n recuerda a\u00a0\u00a0pioneras<\/a>&#8211; El Peri\u00f3dico de Arag\u00f3n<\/p>\n<p><a href=\"https:\/\/andaluciainformacion.es\/andalucia\/826880\/concha-espina-poeta\/\">Concha Espina, poeta<\/a>&#8211; Andaluc\u00eda Informaci\u00f3n<\/p>\n<p><a href=\"https:\/\/www.elmundo.es\/cultura\/cine\/2019\/05\/18\/5ce047e421efa01f538b45c3.html\">Muere a los 87 a\u00f1os la actriz Anal\u00eda Gad\u00e9<\/a>\u2013 El Mundo<\/p>\n<p><strong>Deporte\u00a0<\/strong><\/p>\n<p><a href=\"https:\/\/www.google.com\/url?rct=j&amp;sa=t&amp;url=https:\/\/www.europapress.es\/deportes\/noticia-impulso-deporte-inclusivo-oportunidad-femenino-clausuran-isde-sports-covention-20190518153702.html&amp;ct=ga&amp;cd=CAEYACoUMTI5OTE4NTYxNzY5MzYzMTIzMjQyGWMwMzcyZWJjMmZlYWRhNTk6ZXM6ZXM6RVM&amp;usg=AFQjCNETzGj3wXU3dVyuUAwERayoYvduFQ\">El impulso al deporte inclusivo y la \u00aboportunidad\u00bb del femenino clausuran el ISDE Sports Covention<\/a>-Europa Press<\/p>\n<p><a href=\"https:\/\/www.huffingtonpost.es\/entry\/una-de-las-mejores-jugadoras-de-balonmano-de-espana-deja-el-deporte-por-no-poder-conciliar_es_5ce13ccae4b00e035b91da31\">Maite Zurragondo, una de las mejores jugadoras de balonmano deja el deporte por no poder conciliar \u2026<\/a>&#8211; <a href=\"http:\/\/huffingtonpost.es\">huffingtonpost.es<\/a><\/p>\n<p><a href=\"https:\/\/elpais.com\/deportes\/2019\/05\/20\/actualidad\/1558334501_356355.html\">Las 23 convocadas de Jorge Vilda para el Mundial de Francia<\/a> \u2013 El Pa\u00eds<\/p>\n<p><a href=\"https:\/\/cantabrialiberal.com\/deportes\/julia-takacs-bate-el-record-de-espana-de-50-kilometros-marcha-y-se-cuelga-la-plata-europea,492413.html\">Julia Takacs bate el r\u00e9cord de Espa\u00f1a de 50 kil\u00f3metros marcha y se cuelga la plata europea &#8230;<\/a>&#8211; cantabrialiberal<\/p>\n<p>[\/toggle]<\/p>\n<p>[toggle type=\u00bbfirst\u00bb title=\u00bbInternacional\u00bb]<\/p>\n<p><a href=\"https:\/\/dirigentesdigital.com\/mercados\/europa\/merkel-retoma-las-riendas-de-la-economia-DJ1029027\">Merkel retoma las riendas de la econom\u00eda<\/a>&#8211; DirigentesDigital<\/p>\n<p><a href=\"https:\/\/www.elmundo.es\/papel\/historias\/2019\/05\/20\/5cdea631fc6c839b568b4597.html\">Dominique Cerri: \u00abEl rol del l\u00edder ahora no es el de ser un jefe sino un &#8216;coach&#8217;<\/a> \u2013 El Mundo<\/p>\n<p><a href=\"https:\/\/www.google.com\/url?rct=j&amp;sa=t&amp;url=https:\/\/tribunafeminista.elplural.com\/2019\/05\/las-recomendacion-de-europa-para-prevenir-y-combatir-el-sexismo\/&amp;ct=ga&amp;cd=CAEYACoUMTQ1NzU1NzI0MDA1MzgxNjcwMzcyGWMwMzcyZWJjMmZlYWRhNTk6ZXM6ZXM6RVM&amp;usg=AFQjCNErTqQPjAHaEDx3oRI-v8QlcJ8Idw\">Las recomendaciones de Europa para prevenir y combatir el sexismo.<\/a>&#8211; <a href=\"http:\/\/elplural.com\">elplural.com<\/a><a href=\"https:\/\/www.mujerhoy.com\/vivir\/protagonistas\/201905\/19\/mujeres-iran-vida-desigualdad-trabajo-rev-20190517210748.html\"><br \/>\nLas\u00a0mujeres\u00a0que cambian Ir\u00e1n<\/a>&#8211; Mujerhoy.com<\/p>\n<p><a href=\"https:\/\/gestion.pe\/mundo\/internacional\/unesco-imagen-docilidad-mujer-asistentes-vocales-267339\">Unesco contra la imagen de docilidad de la mujer en los asistentes vocales..<\/a>&#8211; Diario Gesti\u00f3n<a href=\"https:\/\/www.diariodeleon.es\/noticias\/sociedad\/silvia-federici-hay-nueva-caza-brujas-global-mujeres_1336669.html\"><br \/>\nSilvia Federici, fil\u00f3sofa y activista: \u00abHay una nueva caza de brujas global contra las mujeres&#8230;<\/a>&#8211; Diario de Le\u00f3n<\/p>\n<p><a href=\"https:\/\/www.google.com\/url?rct=j&amp;sa=t&amp;url=https:\/\/www.eldiario.es\/desalambre\/pais-rechaza-inmigracion-Europa-recibe_0_900110856.html&amp;ct=ga&amp;cd=CAEYACoUMTI3MzEwMjI4MTA4NzIwMjEyNjEyGWMwMzcyZWJjMmZlYWRhNTk6ZXM6ZXM6RVM&amp;usg=AFQjCNHL5niHANsYFTzUH8rgwGQr7iFfNA\">La paradoja h\u00fangara: en el pa\u00eds europeo m\u00e1s xen\u00f3fobo de la UE solo vive un 1% de poblaci\u00f3n extranjera&#8230;<\/a>&#8211;<a href=\"http:\/\/eldiario.es\">eldiario.es<\/a><a href=\"https:\/\/www.google.com\/url?rct=j&amp;sa=t&amp;url=https:\/\/elpais.com\/elpais\/2019\/05\/13\/eps\/1557761813_454989.html&amp;ct=ga&amp;cd=CAEYACoSNjA4NDQzMDA4ODQzNTAzNjI5MhljMDM3MmViYzJmZWFkYTU5OmVzOmVzOkVT&amp;usg=AFQjCNHo66fzGXOiacBp7stXdu7aHjCrbA\"><br \/>\nNubia Mu\u00f1oz, investigadora: \u201cNo esperaba enfrentarme a los antivacunas. Cada dos minutos muere una mujer\u00a0de c\u00e1ncer de \u00fatero\u201d &#8230;<\/a>&#8211; El Pa\u00eds<\/p>\n<p><a href=\"https:\/\/elpais.com\/cultura\/2019\/05\/16\/actualidad\/1557991634_725417.html\">La conciliaci\u00f3n se asoma al cine \u2013 El Pa\u00eds<\/a><a href=\"https:\/\/www.google.com\/url?rct=j&amp;sa=t&amp;url=https:\/\/elpais.com\/elpais\/2019\/05\/13\/eps\/1557765561_553676.html&amp;ct=ga&amp;cd=CAEYACoUMTYyMDI1NjIxNzU0Nzg5MTk0MzgyGWMwMzcyZWJjMmZlYWRhNTk6ZXM6ZXM6RVM&amp;usg=AFQjCNHnTQI4KzFmIcRScmb5r5zFd4B8cQ\"><br \/>\nMary Karr, escritora: \u201cTenemos una idea en la cabeza: las\u00a0mujeres\u00a0no tienen poder, usan el sexo para &#8230;<\/a>&#8211; El Pa\u00eds<\/p>\n<p>[\/toggle]<\/p>\n<\/div>\n<\/div>\n<\/div>\n<\/div>\n<\/div>\n<\/div>\n","protected":false},"excerpt":{"rendered":"<p>Europa: recomendaciones para prevenir\/combatir el sexismo-La falta de cotizaci\u00f3n deja <a href=\"https:\/\/cklcomunicaciones.es\/coop\/noticias-info-ckl-no-2-341-20-05-19\/\">[&#8230;]<\/a><\/p>\n","protected":false},"author":3,"featured_media":0,"comment_status":"closed","ping_status":"closed","sticky":false,"template":"","format":"standard","meta":{"footnotes":""},"categories":[298,623],"tags":[],"class_list":["post-14604","post","type-post","status-publish","format-standard","hentry","category-newsletter","category-nwl-2-0"],"yoast_head":"<!-- This site is optimized with the Yoast SEO plugin v27.5 - https:\/\/yoast.com\/product\/yoast-seo-wordpress\/ -->\n<title>Noticias Info CKL n\u00ba 2.341-20\/05\/19-Comunicar con perspectiva de g\u00e9nero<\/title>\n<meta name=\"description\" content=\"Comunicar con perspectiva de g\u00e9nero: Europa: recomendaciones para prevenir\/combatir el sexismo-La falta de cotizaci\u00f3n deja a las mujeres rurales a la cola de la pensi\u00f3n-Casi 7.500 mujeres sufren lesiones f\u00edsicas de sus parejas o expareja hasta abril\" \/>\n<meta name=\"robots\" content=\"index, follow, max-snippet:-1, max-image-preview:large, max-video-preview:-1\" \/>\n<link rel=\"canonical\" href=\"https:\/\/cklcomunicaciones.es\/coop\/noticias-info-ckl-no-2-341-20-05-19\/\" \/>\n<meta property=\"og:locale\" content=\"es_ES\" \/>\n<meta property=\"og:type\" content=\"article\" \/>\n<meta property=\"og:title\" content=\"Noticias Info CKL n\u00ba 2.341-20\/05\/19-Comunicar con perspectiva de g\u00e9nero\" \/>\n<meta property=\"og:description\" content=\"Comunicar con perspectiva de g\u00e9nero: Europa: recomendaciones para prevenir\/combatir el sexismo-La falta de cotizaci\u00f3n deja a las mujeres rurales a la cola de la pensi\u00f3n-Casi 7.500 mujeres sufren lesiones f\u00edsicas de sus parejas o expareja hasta abril\" \/>\n<meta property=\"og:url\" content=\"https:\/\/cklcomunicaciones.es\/coop\/noticias-info-ckl-no-2-341-20-05-19\/\" \/>\n<meta property=\"og:site_name\" content=\"CKL Comunicaciones\" \/>\n<meta property=\"article:published_time\" content=\"2019-05-20T11:56:34+00:00\" \/>\n<meta property=\"article:modified_time\" content=\"2025-01-17T15:43:09+00:00\" \/>\n<meta property=\"og:image\" content=\"https:\/\/cklcomunicaciones.es\/coop\/wp-content\/uploads\/2018\/03\/CKL_comunicacion-con-perspetiva-de-genero.jpg\" \/>\n\t<meta property=\"og:image:width\" content=\"500\" \/>\n\t<meta property=\"og:image:height\" content=\"500\" \/>\n\t<meta property=\"og:image:type\" content=\"image\/jpeg\" \/>\n<meta name=\"author\" content=\"ckl\" \/>\n<meta name=\"twitter:card\" content=\"summary_large_image\" \/>\n<meta name=\"twitter:label1\" content=\"Escrito por\" \/>\n\t<meta name=\"twitter:data1\" content=\"ckl\" \/>\n\t<meta name=\"twitter:label2\" content=\"Tiempo de lectura\" \/>\n\t<meta name=\"twitter:data2\" content=\"6 minutos\" \/>\n<script type=\"application\/ld+json\" class=\"yoast-schema-graph\">{\"@context\":\"https:\\\/\\\/schema.org\",\"@graph\":[{\"@type\":\"Article\",\"@id\":\"https:\\\/\\\/cklcomunicaciones.es\\\/coop\\\/noticias-info-ckl-no-2-341-20-05-19\\\/#article\",\"isPartOf\":{\"@id\":\"https:\\\/\\\/cklcomunicaciones.es\\\/coop\\\/noticias-info-ckl-no-2-341-20-05-19\\\/\"},\"author\":{\"name\":\"ckl\",\"@id\":\"https:\\\/\\\/cklcomunicaciones.es\\\/coop\\\/#\\\/schema\\\/person\\\/929a6837f7626450bbb50cee1aef266e\"},\"headline\":\"Noticias Info CKL n\u00ba 2.341-20\\\/05\\\/19\",\"datePublished\":\"2019-05-20T11:56:34+00:00\",\"dateModified\":\"2025-01-17T15:43:09+00:00\",\"mainEntityOfPage\":{\"@id\":\"https:\\\/\\\/cklcomunicaciones.es\\\/coop\\\/noticias-info-ckl-no-2-341-20-05-19\\\/\"},\"wordCount\":1175,\"image\":{\"@id\":\"https:\\\/\\\/cklcomunicaciones.es\\\/coop\\\/noticias-info-ckl-no-2-341-20-05-19\\\/#primaryimage\"},\"thumbnailUrl\":\"http:\\\/\\\/www.cklcomunicaciones.es\\\/wp-content\\\/uploads\\\/2018\\\/03\\\/CKL_comunicacion-con-perspetiva-de-genero-300x300.jpg\",\"articleSection\":[\"Newsletter\",\"Nwl v2.0\"],\"inLanguage\":\"es\"},{\"@type\":\"WebPage\",\"@id\":\"https:\\\/\\\/cklcomunicaciones.es\\\/coop\\\/noticias-info-ckl-no-2-341-20-05-19\\\/\",\"url\":\"https:\\\/\\\/cklcomunicaciones.es\\\/coop\\\/noticias-info-ckl-no-2-341-20-05-19\\\/\",\"name\":\"Noticias Info CKL n\u00ba 2.341-20\\\/05\\\/19-Comunicar con perspectiva de g\u00e9nero\",\"isPartOf\":{\"@id\":\"https:\\\/\\\/cklcomunicaciones.es\\\/coop\\\/#website\"},\"primaryImageOfPage\":{\"@id\":\"https:\\\/\\\/cklcomunicaciones.es\\\/coop\\\/noticias-info-ckl-no-2-341-20-05-19\\\/#primaryimage\"},\"image\":{\"@id\":\"https:\\\/\\\/cklcomunicaciones.es\\\/coop\\\/noticias-info-ckl-no-2-341-20-05-19\\\/#primaryimage\"},\"thumbnailUrl\":\"http:\\\/\\\/www.cklcomunicaciones.es\\\/wp-content\\\/uploads\\\/2018\\\/03\\\/CKL_comunicacion-con-perspetiva-de-genero-300x300.jpg\",\"datePublished\":\"2019-05-20T11:56:34+00:00\",\"dateModified\":\"2025-01-17T15:43:09+00:00\",\"author\":{\"@id\":\"https:\\\/\\\/cklcomunicaciones.es\\\/coop\\\/#\\\/schema\\\/person\\\/929a6837f7626450bbb50cee1aef266e\"},\"description\":\"Comunicar con perspectiva de g\u00e9nero: Europa: recomendaciones para prevenir\\\/combatir el sexismo-La falta de cotizaci\u00f3n deja a las mujeres rurales a la cola de la pensi\u00f3n-Casi 7.500 mujeres sufren lesiones f\u00edsicas de sus parejas o expareja hasta abril\",\"breadcrumb\":{\"@id\":\"https:\\\/\\\/cklcomunicaciones.es\\\/coop\\\/noticias-info-ckl-no-2-341-20-05-19\\\/#breadcrumb\"},\"inLanguage\":\"es\",\"potentialAction\":[{\"@type\":\"ReadAction\",\"target\":[\"https:\\\/\\\/cklcomunicaciones.es\\\/coop\\\/noticias-info-ckl-no-2-341-20-05-19\\\/\"]}]},{\"@type\":\"ImageObject\",\"inLanguage\":\"es\",\"@id\":\"https:\\\/\\\/cklcomunicaciones.es\\\/coop\\\/noticias-info-ckl-no-2-341-20-05-19\\\/#primaryimage\",\"url\":\"http:\\\/\\\/www.cklcomunicaciones.es\\\/wp-content\\\/uploads\\\/2018\\\/03\\\/CKL_comunicacion-con-perspetiva-de-genero-300x300.jpg\",\"contentUrl\":\"http:\\\/\\\/www.cklcomunicaciones.es\\\/wp-content\\\/uploads\\\/2018\\\/03\\\/CKL_comunicacion-con-perspetiva-de-genero-300x300.jpg\"},{\"@type\":\"BreadcrumbList\",\"@id\":\"https:\\\/\\\/cklcomunicaciones.es\\\/coop\\\/noticias-info-ckl-no-2-341-20-05-19\\\/#breadcrumb\",\"itemListElement\":[{\"@type\":\"ListItem\",\"position\":1,\"name\":\"Portada\",\"item\":\"https:\\\/\\\/cklcomunicaciones.es\\\/coop\\\/\"},{\"@type\":\"ListItem\",\"position\":2,\"name\":\"Noticias Info CKL n\u00ba 2.341-20\\\/05\\\/19\"}]},{\"@type\":\"WebSite\",\"@id\":\"https:\\\/\\\/cklcomunicaciones.es\\\/coop\\\/#website\",\"url\":\"https:\\\/\\\/cklcomunicaciones.es\\\/coop\\\/\",\"name\":\"CKL Comunicaciones\",\"description\":\"Sitio web de CKL Comunicaciones coop , la consultora de comunicaci\u00f3n y estrategia\",\"potentialAction\":[{\"@type\":\"SearchAction\",\"target\":{\"@type\":\"EntryPoint\",\"urlTemplate\":\"https:\\\/\\\/cklcomunicaciones.es\\\/coop\\\/?s={search_term_string}\"},\"query-input\":{\"@type\":\"PropertyValueSpecification\",\"valueRequired\":true,\"valueName\":\"search_term_string\"}}],\"inLanguage\":\"es\"},{\"@type\":\"Person\",\"@id\":\"https:\\\/\\\/cklcomunicaciones.es\\\/coop\\\/#\\\/schema\\\/person\\\/929a6837f7626450bbb50cee1aef266e\",\"name\":\"ckl\",\"image\":{\"@type\":\"ImageObject\",\"inLanguage\":\"es\",\"@id\":\"https:\\\/\\\/secure.gravatar.com\\\/avatar\\\/c82db564e8a669bf6023357a157b9dc4780f4d4c618f2ad1d71a6a5dede45057?s=96&d=mm&r=g\",\"url\":\"https:\\\/\\\/secure.gravatar.com\\\/avatar\\\/c82db564e8a669bf6023357a157b9dc4780f4d4c618f2ad1d71a6a5dede45057?s=96&d=mm&r=g\",\"contentUrl\":\"https:\\\/\\\/secure.gravatar.com\\\/avatar\\\/c82db564e8a669bf6023357a157b9dc4780f4d4c618f2ad1d71a6a5dede45057?s=96&d=mm&r=g\",\"caption\":\"ckl\"},\"url\":\"https:\\\/\\\/cklcomunicaciones.es\\\/coop\\\/author\\\/cklcomunicaciones\\\/\"}]}<\/script>\n<!-- \/ Yoast SEO plugin. -->","yoast_head_json":{"title":"Noticias Info CKL n\u00ba 2.341-20\/05\/19-Comunicar con perspectiva de g\u00e9nero","description":"Comunicar con perspectiva de g\u00e9nero: Europa: recomendaciones para prevenir\/combatir el sexismo-La falta de cotizaci\u00f3n deja a las mujeres rurales a la cola de la pensi\u00f3n-Casi 7.500 mujeres sufren lesiones f\u00edsicas de sus parejas o expareja hasta abril","robots":{"index":"index","follow":"follow","max-snippet":"max-snippet:-1","max-image-preview":"max-image-preview:large","max-video-preview":"max-video-preview:-1"},"canonical":"https:\/\/cklcomunicaciones.es\/coop\/noticias-info-ckl-no-2-341-20-05-19\/","og_locale":"es_ES","og_type":"article","og_title":"Noticias Info CKL n\u00ba 2.341-20\/05\/19-Comunicar con perspectiva de g\u00e9nero","og_description":"Comunicar con perspectiva de g\u00e9nero: Europa: recomendaciones para prevenir\/combatir el sexismo-La falta de cotizaci\u00f3n deja a las mujeres rurales a la cola de la pensi\u00f3n-Casi 7.500 mujeres sufren lesiones f\u00edsicas de sus parejas o expareja hasta abril","og_url":"https:\/\/cklcomunicaciones.es\/coop\/noticias-info-ckl-no-2-341-20-05-19\/","og_site_name":"CKL Comunicaciones","article_published_time":"2019-05-20T11:56:34+00:00","article_modified_time":"2025-01-17T15:43:09+00:00","og_image":[{"width":500,"height":500,"url":"https:\/\/cklcomunicaciones.es\/coop\/wp-content\/uploads\/2018\/03\/CKL_comunicacion-con-perspetiva-de-genero.jpg","type":"image\/jpeg"}],"author":"ckl","twitter_card":"summary_large_image","twitter_misc":{"Escrito por":"ckl","Tiempo de lectura":"6 minutos"},"schema":{"@context":"https:\/\/schema.org","@graph":[{"@type":"Article","@id":"https:\/\/cklcomunicaciones.es\/coop\/noticias-info-ckl-no-2-341-20-05-19\/#article","isPartOf":{"@id":"https:\/\/cklcomunicaciones.es\/coop\/noticias-info-ckl-no-2-341-20-05-19\/"},"author":{"name":"ckl","@id":"https:\/\/cklcomunicaciones.es\/coop\/#\/schema\/person\/929a6837f7626450bbb50cee1aef266e"},"headline":"Noticias Info CKL n\u00ba 2.341-20\/05\/19","datePublished":"2019-05-20T11:56:34+00:00","dateModified":"2025-01-17T15:43:09+00:00","mainEntityOfPage":{"@id":"https:\/\/cklcomunicaciones.es\/coop\/noticias-info-ckl-no-2-341-20-05-19\/"},"wordCount":1175,"image":{"@id":"https:\/\/cklcomunicaciones.es\/coop\/noticias-info-ckl-no-2-341-20-05-19\/#primaryimage"},"thumbnailUrl":"http:\/\/www.cklcomunicaciones.es\/wp-content\/uploads\/2018\/03\/CKL_comunicacion-con-perspetiva-de-genero-300x300.jpg","articleSection":["Newsletter","Nwl v2.0"],"inLanguage":"es"},{"@type":"WebPage","@id":"https:\/\/cklcomunicaciones.es\/coop\/noticias-info-ckl-no-2-341-20-05-19\/","url":"https:\/\/cklcomunicaciones.es\/coop\/noticias-info-ckl-no-2-341-20-05-19\/","name":"Noticias Info CKL n\u00ba 2.341-20\/05\/19-Comunicar con perspectiva de g\u00e9nero","isPartOf":{"@id":"https:\/\/cklcomunicaciones.es\/coop\/#website"},"primaryImageOfPage":{"@id":"https:\/\/cklcomunicaciones.es\/coop\/noticias-info-ckl-no-2-341-20-05-19\/#primaryimage"},"image":{"@id":"https:\/\/cklcomunicaciones.es\/coop\/noticias-info-ckl-no-2-341-20-05-19\/#primaryimage"},"thumbnailUrl":"http:\/\/www.cklcomunicaciones.es\/wp-content\/uploads\/2018\/03\/CKL_comunicacion-con-perspetiva-de-genero-300x300.jpg","datePublished":"2019-05-20T11:56:34+00:00","dateModified":"2025-01-17T15:43:09+00:00","author":{"@id":"https:\/\/cklcomunicaciones.es\/coop\/#\/schema\/person\/929a6837f7626450bbb50cee1aef266e"},"description":"Comunicar con perspectiva de g\u00e9nero: Europa: recomendaciones para prevenir\/combatir el sexismo-La falta de cotizaci\u00f3n deja a las mujeres rurales a la cola de la pensi\u00f3n-Casi 7.500 mujeres sufren lesiones f\u00edsicas de sus parejas o expareja hasta abril","breadcrumb":{"@id":"https:\/\/cklcomunicaciones.es\/coop\/noticias-info-ckl-no-2-341-20-05-19\/#breadcrumb"},"inLanguage":"es","potentialAction":[{"@type":"ReadAction","target":["https:\/\/cklcomunicaciones.es\/coop\/noticias-info-ckl-no-2-341-20-05-19\/"]}]},{"@type":"ImageObject","inLanguage":"es","@id":"https:\/\/cklcomunicaciones.es\/coop\/noticias-info-ckl-no-2-341-20-05-19\/#primaryimage","url":"http:\/\/www.cklcomunicaciones.es\/wp-content\/uploads\/2018\/03\/CKL_comunicacion-con-perspetiva-de-genero-300x300.jpg","contentUrl":"http:\/\/www.cklcomunicaciones.es\/wp-content\/uploads\/2018\/03\/CKL_comunicacion-con-perspetiva-de-genero-300x300.jpg"},{"@type":"BreadcrumbList","@id":"https:\/\/cklcomunicaciones.es\/coop\/noticias-info-ckl-no-2-341-20-05-19\/#breadcrumb","itemListElement":[{"@type":"ListItem","position":1,"name":"Portada","item":"https:\/\/cklcomunicaciones.es\/coop\/"},{"@type":"ListItem","position":2,"name":"Noticias Info CKL n\u00ba 2.341-20\/05\/19"}]},{"@type":"WebSite","@id":"https:\/\/cklcomunicaciones.es\/coop\/#website","url":"https:\/\/cklcomunicaciones.es\/coop\/","name":"CKL Comunicaciones","description":"Sitio web de CKL Comunicaciones coop , la consultora de comunicaci\u00f3n y estrategia","potentialAction":[{"@type":"SearchAction","target":{"@type":"EntryPoint","urlTemplate":"https:\/\/cklcomunicaciones.es\/coop\/?s={search_term_string}"},"query-input":{"@type":"PropertyValueSpecification","valueRequired":true,"valueName":"search_term_string"}}],"inLanguage":"es"},{"@type":"Person","@id":"https:\/\/cklcomunicaciones.es\/coop\/#\/schema\/person\/929a6837f7626450bbb50cee1aef266e","name":"ckl","image":{"@type":"ImageObject","inLanguage":"es","@id":"https:\/\/secure.gravatar.com\/avatar\/c82db564e8a669bf6023357a157b9dc4780f4d4c618f2ad1d71a6a5dede45057?s=96&d=mm&r=g","url":"https:\/\/secure.gravatar.com\/avatar\/c82db564e8a669bf6023357a157b9dc4780f4d4c618f2ad1d71a6a5dede45057?s=96&d=mm&r=g","contentUrl":"https:\/\/secure.gravatar.com\/avatar\/c82db564e8a669bf6023357a157b9dc4780f4d4c618f2ad1d71a6a5dede45057?s=96&d=mm&r=g","caption":"ckl"},"url":"https:\/\/cklcomunicaciones.es\/coop\/author\/cklcomunicaciones\/"}]}},"_links":{"self":[{"href":"https:\/\/cklcomunicaciones.es\/coop\/wp-json\/wp\/v2\/posts\/14604","targetHints":{"allow":["GET"]}}],"collection":[{"href":"https:\/\/cklcomunicaciones.es\/coop\/wp-json\/wp\/v2\/posts"}],"about":[{"href":"https:\/\/cklcomunicaciones.es\/coop\/wp-json\/wp\/v2\/types\/post"}],"author":[{"embeddable":true,"href":"https:\/\/cklcomunicaciones.es\/coop\/wp-json\/wp\/v2\/users\/3"}],"replies":[{"embeddable":true,"href":"https:\/\/cklcomunicaciones.es\/coop\/wp-json\/wp\/v2\/comments?post=14604"}],"version-history":[{"count":0,"href":"https:\/\/cklcomunicaciones.es\/coop\/wp-json\/wp\/v2\/posts\/14604\/revisions"}],"wp:attachment":[{"href":"https:\/\/cklcomunicaciones.es\/coop\/wp-json\/wp\/v2\/media?parent=14604"}],"wp:term":[{"taxonomy":"category","embeddable":true,"href":"https:\/\/cklcomunicaciones.es\/coop\/wp-json\/wp\/v2\/categories?post=14604"},{"taxonomy":"post_tag","embeddable":true,"href":"https:\/\/cklcomunicaciones.es\/coop\/wp-json\/wp\/v2\/tags?post=14604"}],"curies":[{"name":"wp","href":"https:\/\/api.w.org\/{rel}","templated":true}]}}