{"id":14602,"date":"2019-05-17T13:08:36","date_gmt":"2019-05-17T11:08:36","guid":{"rendered":"http:\/\/www.cklcomunicaciones.es\/?p=14602"},"modified":"2025-01-17T16:43:09","modified_gmt":"2025-01-17T15:43:09","slug":"noticias-info-ckl-no-2-340-17-05-19","status":"publish","type":"post","link":"https:\/\/cklcomunicaciones.es\/coop\/noticias-info-ckl-no-2-340-17-05-19\/","title":{"rendered":"Noticias Info CKL n\u00ba 2.340-17\/05\/19"},"content":{"rendered":"<div id=\"pl-14602\"  class=\"panel-layout\" >\n<div id=\"pg-14602-0\"  class=\"panel-grid panel-no-style\"  data-style=\"{&quot;background_image_attachment&quot;:false,&quot;background_display&quot;:&quot;tile&quot;,&quot;cell_alignment&quot;:&quot;flex-start&quot;}\" >\n<div id=\"pgc-14602-0-0\"  class=\"panel-grid-cell\"  data-weight=\"1\" >\n<div id=\"panel-14602-0-0-0\" class=\"so-panel widget widget_sow-editor panel-first-child panel-last-child\" data-index=\"0\" data-style=\"{&quot;background_image_attachment&quot;:false,&quot;background_display&quot;:&quot;tile&quot;}\" >\n<div class=\"so-widget-sow-editor so-widget-sow-editor-base\">\n<div class=\"siteorigin-widget-tinymce textwidget\">\n<p><img decoding=\"async\" class=\"lazyload  wp-image-13726\" src=\"http:\/\/www.cklcomunicaciones.es\/wp-content\/uploads\/2018\/03\/CKL_comunicacion-con-perspetiva-de-genero-300x300.jpg\" data-orig-src=\"http:\/\/www.cklcomunicaciones.es\/wp-content\/uploads\/2018\/03\/CKL_comunicacion-con-perspetiva-de-genero-300x300.jpg\" alt=\"CKL_comunicacion con perspetiva de genero\" width=\"132\" height=\"132\" srcset=\"data:image\/svg+xml,%3Csvg%20xmlns%3D%27http%3A%2F%2Fwww.w3.org%2F2000%2Fsvg%27%20width%3D%27132%27%20height%3D%27132%27%20viewBox%3D%270%200%20132%20132%27%3E%3Crect%20width%3D%27132%27%20height%3D%27132%27%20fill-opacity%3D%220%22%2F%3E%3C%2Fsvg%3E\" data-srcset=\"https:\/\/cklcomunicaciones.es\/coop\/wp-content\/uploads\/2018\/03\/CKL_comunicacion-con-perspetiva-de-genero-150x150.jpg 150w, https:\/\/cklcomunicaciones.es\/coop\/wp-content\/uploads\/2018\/03\/CKL_comunicacion-con-perspetiva-de-genero-300x300.jpg 300w, https:\/\/cklcomunicaciones.es\/coop\/wp-content\/uploads\/2018\/03\/CKL_comunicacion-con-perspetiva-de-genero-450x450.jpg 450w, https:\/\/cklcomunicaciones.es\/coop\/wp-content\/uploads\/2018\/03\/CKL_comunicacion-con-perspetiva-de-genero.jpg 500w\" data-sizes=\"auto\" data-orig-sizes=\"(max-width: 132px) 100vw, 132px\" \/><\/p>\n<p id=\":16b\" class=\"hP\" tabindex=\"-1\" data-thread-perm-id=\"thread-f:1633688867609767992\" data-legacy-thread-id=\"16ac075e9363f038\"><strong>Estos ser\u00edan los beneficios si las mujeres mandasen-Igualdad en los puestos directivos, m\u00e1s valor de la empresa en bolsa-La dobla revoluci\u00f3n de las mujeres republicanas-El Bar\u00e7a femenino a por la Champions League<\/strong><\/p>\n<p tabindex=\"-1\" data-thread-perm-id=\"thread-f:1630512937700816687\" data-legacy-thread-id=\"16a0bee0c555f72f\">[toggle type=\u00bbfirst\u00bb title=\u00bbConvocatorias\u00bb]<\/p>\n<ul>\n<li>Proyecto Sof\u00eda: Did\u00e1ctica de los feminismos. Madrid, en La ingobernable, el martes 28 de Mayo, a las 18:30 horas<\/li>\n<\/ul>\n<p tabindex=\"-1\" data-thread-perm-id=\"thread-f:1630512937700816687\" data-legacy-thread-id=\"16a0bee0c555f72f\">[\/toggle]<\/p>\n<p>[toggle type=\u00bbfirst\u00bb title=\u00bbComunicaci\u00f3n\u00bb]<\/p>\n<p><a href=\"https:\/\/www.google.com\/url?rct=j&amp;sa=t&amp;url=https:\/\/ecodiario.eleconomista.es\/sociedad\/noticias\/9882029\/05\/19\/El-consejo-general-de-enfermeria-denuncia-una-fiesta-de-discoteca-con-falsas-enfermeras-semidesnudas.html&amp;ct=ga&amp;cd=CAEYACoUMTI2NzYwMzQwMzM3MzQ3NzUyNTcyGWMwMzcyZWJjMmZlYWRhNTk6ZXM6ZXM6RVM&amp;usg=AFQjCNGdhrAFNrofHP92iLHr6rPNmkSqYw\">El Consejo General de Enfermer\u00eda denuncia una fiesta de discoteca con falsas enfermeras semidesnudas&#8230;<\/a>&#8211; Ecodiario<\/p>\n<p><a href=\"https:\/\/www.mujeremprendedora.net\/gente-que-brilla-premia-mujeres-marcan-tendencia-internet\/\">\u2018Gente que brilla\u2019 premia a las mujeres que marcan tendencia en Internet<\/a>-mujeremprendedora.net<\/p>\n<p><a href=\"https:\/\/www.mujeremprendedora.net\/movistar-club-malasmadres-difunden-buen-uso-tecnologia\/\">Movistar y el Club de Malasmadres difunden un buen uso de la tecnolog\u00eda\u00a0<\/a>&#8211;<a href=\"http:\/\/mujeremprendedora.net\">mujeremprendedora.net<\/a><\/p>\n<p>[\/toggle]<\/p>\n<p>[toggle type=\u00bbfirst\u00bb title=\u00bbAndaluc\u00eda\u00bb]<\/p>\n<p><strong>Institucional<\/strong><\/p>\n<p><a href=\"http:\/\/www.juntadeandalucia.es\/presidencia\/portavoz\/142577\/Parlamentoandaluz\/Presupuestos2019\/Empleo\/gastosocial\/JuanmaMoreno\/presidente\/JuntadeAndalucia\">Moreno afirma que los Presupuestos har\u00e1n de Andaluc\u00eda una tierra atractiva para generar riqueza y crear empleo<\/a>&#8211; Oficina del Portavoz<strong>\u00a0<\/strong><\/p>\n<p><strong>Econom\u00eda y Empresas<\/strong><\/p>\n<p><a href=\"http:\/\/www.malaga.es\/noticias\/com1_prt-1\/com1_md3_cd-38524\/profesionales-ambito-tecnologia-centran-atencion-mujeres-como-motor-cambio-ambito-rural\">Profesionales del \u00e1mbito de la tecnolog\u00eda centran su atenci\u00f3n en las mujeres como motor de cambio en el \u00e1mbito rural &#8230;<\/a>&#8211; Diputaci\u00f3n de M\u00e1laga<\/p>\n<p><a href=\"https:\/\/www.google.com\/url?rct=j&amp;sa=t&amp;url=https:\/\/www.europapress.es\/andalucia\/sevilla-00357\/noticia-fademur-andalucia-celebra-viernes-sevilla-tercera-edicion-feria-artesanas-emprendedoras-rurales-20190516180132.html&amp;ct=ga&amp;cd=CAEYACoUMTUxNDYyMDc2NzMxOTg2MDk0MjUyGWMwMzcyZWJjMmZlYWRhNTk6ZXM6ZXM6RVM&amp;usg=AFQjCNFeK6aLpIaY0FRwtuGsKJ0uPkW6GQ\">Fademur Andaluc\u00eda celebra este viernes en Sevilla la tercera edici\u00f3n de la Feria de Artesanas y Emprendedoras Rurales &#8230;<\/a>&#8211; Europa Press<\/p>\n<p><a href=\"https:\/\/m.europapress.es\/andalucia\/noticia-constituciones-empresas-caen-andalucia-enero-abril-5901-informa-db-20190517114035.html\">Las constituciones de empresas caen en\u00a0Andaluc\u00eda\u00a0un 2% de enero a abril&#8230;<\/a>&#8211; Europa Press<\/p>\n<p><strong>A<\/strong><strong>ctualidad<\/strong><\/p>\n<p><a href=\"https:\/\/www.diariodesevilla.es\/andalucia\/empresa-recomienda-trabajadores-eviten-escotes-mini-faldas-bermudas_0_1355264771.html\">Una empresa del PTA de M\u00e1laga recomienda a sus trabajadores que eviten escotes, minifaldas y bermudas &#8230;<\/a>&#8211; Diario de Sevilla<a href=\"https:\/\/www.google.com\/url?rct=j&amp;sa=t&amp;url=http:\/\/www.diariojaen.es\/provincia\/martos\/fomento-municipal-de-la-salud-femenina-FA5552227&amp;ct=ga&amp;cd=CAEYCCoUMTA5MTcyNTE1MjY2OTUzNTEyNDIyGWMwMzcyZWJjMmZlYWRhNTk6ZXM6ZXM6RVM&amp;usg=AFQjCNF_NBd3YcN_TOg1nF7TIOlnBSxvdg\"><br \/>\nFomento municipal de la salud femenina<\/a>&#8211; Diario Ja\u00e9n<\/p>\n<p><a href=\"http:\/\/www.juntadeandalucia.es\/presidencia\/portavoz\/142579\/RocioRuiz\/igualdad\/plazas\/atencion\/menoresnoacompanados\/menas\">Ruiz garantiza m\u00e1s plazas para atender a menores inmigrantes si las 1.200 creadas fueran insuficientes<\/a> \u2013 Oficina del Portavoz<\/p>\n<p><a href=\"https:\/\/cordopolis.es\/2019\/05\/17\/ccoo-aborda-el-copago-farmaceutico-y-la-brecha-de-las-pensiones-en-unas-jornadas\/\">CCOO-A aborda el copago farmac\u00e9utico y la brecha de las pensiones &#8230;<\/a>&#8211; Cord\u00f3polis<\/p>\n<p><strong>Violencia<\/strong><\/p>\n<p><a href=\"https:\/\/www.google.com\/url?rct=j&amp;sa=t&amp;url=https:\/\/www.lavanguardia.com\/politica\/20190517\/462291547968\/la-junta-garantiza-su-firme-compromiso-por-acabar-con-la-violencia-machista.html&amp;ct=ga&amp;cd=CAEYBCoTMTY5NTkwMzg4MDE2MDYzNjg4OTIZYzAzNzJlYmMyZmVhZGE1OTplczplczpFUw&amp;usg=AFQjCNG1cLoISyXf6faz5lRHOqGUu8zPAg\">La Junta garantiza su \u00abfirme compromiso\u00bb por acabar con la violencia machista<\/a>&#8211; La Vanguardia<\/p>\n<p><a href=\"https:\/\/www.elconfidencial.com\/espana\/2019-05-16\/herida-mujer-grave-granada-apunalada-expareja_2005674\/\">Estable, dentro de la gravedad, la\u00a0mujer\u00a0apu\u00f1alada en Granada por &#8230;<\/a>&#8211; El Confidencial<strong>\u00a0<\/strong><\/p>\n<p><strong>Ciencia y Cultura<\/strong><\/p>\n<p><a href=\"https:\/\/www.elmundo.es\/andalucia\/2019\/05\/17\/5cde568dfdddfffd1d8b4595.html\">Dimite Pilar Ariza, secretaria general de Universidades\u2026 <\/a>-El Mundo<\/p>\n<p><a href=\"https:\/\/www.elmundo.es\/andalucia\/2019\/05\/16\/5cddb1bd21efa0307a8b4641.html\">La Universidad Internacional de\u00a0Andaluc\u00eda\u00a0ofrecer\u00e1 55 cursos de verano en su programaci\u00f3n de 2019 que arranca en La R\u00e1bida<\/a>-El Mundo<\/p>\n<p><a href=\"https:\/\/www.20minutos.es\/noticia\/3643314\/0\/olavide-fundacion-sevilla-acoge-inauguran-programa-upo-acoge\/\">La Olavide y Fundaci\u00f3n Sevilla Acoge inauguran el programa &#8216;UPO Acoge &#8230;<\/a>&#8211; 20minutos.es<\/p>\n<p><a href=\"https:\/\/www.mujeremprendedora.net\/encuentros-poeta-beatriz-russo-malaga\/\">Encuentros con la poeta Beatriz Russo \u2026<\/a> &#8211;<a href=\"http:\/\/mujeremprendedora.net\">mujeremprendedora.net<\/a><\/p>\n<p><a href=\"https:\/\/cordobaflamenca.com\/noticias\/93-noche-blanca\/rosalia-homenaje-mujer-flamenco\/\">La Noche Blanca del Flamenco 2019 rinde homenaje a la\u00a0mujer\u00a0en el &#8230;<\/a>&#8211; cordobaflamenca.com<\/p>\n<p><strong>Deporte<\/strong><\/p>\n<p><a href=\"https:\/\/www.diariodecadiz.es\/deportes\/Maria-Diaz-Vuelta-Andalucia-MTB-lider_0_1355564549.html\">Mar\u00eda D\u00edaz, primera l\u00edder de la Vuelta a\u00a0Andaluc\u00eda\u00a0MTB<\/a>&#8211; Diario de C\u00e1diz<\/p>\n<p><a href=\"http:\/\/www.canalsur.es\/noticias\/deportes\/la-golfista-andaluza-maria-parra-empieza-fuerte-en-casa\/1433585.html\">La golfista\u00a0andaluza\u00a0Mar\u00eda Parra empieza fuerte en casa<\/a>&#8211; CanalSurWeb<\/p>\n<p>[\/toggle]<\/p>\n<p>[toggle type=\u00bbfirst\u00bb title=\u00bbEstado\u00bb]<\/p>\n<p><strong>Institucional-CCAA<\/strong><\/p>\n<p><a href=\"https:\/\/www.google.com\/url?rct=j&amp;sa=t&amp;url=https:\/\/pamplonaactual.com\/cristina-sotro-nueva-presidenta-de-amedna\/&amp;ct=ga&amp;cd=CAEYAioUMTUxNDYyMDc2NzMxOTg2MDk0MjUyGWMwMzcyZWJjMmZlYWRhNTk6ZXM6ZXM6RVM&amp;usg=AFQjCNGIoRrZpD_gIT0fa00WttKRnX1UPQ\">Cristina Sotro, nueva presidenta de Amedna<\/a>&#8211; Pamplona actual<\/p>\n<p><a href=\"https:\/\/www.google.com\/url?rct=j&amp;sa=t&amp;url=https:\/\/www.elcomercio.es\/asturias\/oriente\/instituto-ribadesella-alza-20190517012620-ntvo.html&amp;ct=ga&amp;cd=CAEYACoUMTY5MDM5MTc5NDg4NDY5NDc0ODAyGWMwMzcyZWJjMmZlYWRhNTk6ZXM6ZXM6RVM&amp;usg=AFQjCNESGd0sfsx4LE6xyLSL3BXfOdLckA\">El\u00a0Instituto\u00a0de Ribadesella se alza con el premio de justicia igualitaria<\/a>&#8211; El Comercio Digital<\/p>\n<p><a href=\"https:\/\/www.google.com\/url?rct=j&amp;sa=t&amp;url=https:\/\/www.elperiodicoextremadura.com\/noticias\/vegasaltas\/exposicion-yo-tu-ellas-recala-espacio-rufino-mendoza_1163682.html&amp;ct=ga&amp;cd=CAEYACoTOTQyOTMyMTk1MDgzNTMyODk5NzIZYzAzNzJlYmMyZmVhZGE1OTplczplczpFUw&amp;usg=AFQjCNH1O0LD1vYCjPjBEnm2T4MNxygxrA\">La exposici\u00f3n &#8216;Yo, tu, ellas&#8217; financiada por el Instituto de la Mujer de Extremadura, recala en el espacio Rufino Mendoza<\/a>&#8211; El Peri\u00f3dico Extremadura<\/p>\n<p><a href=\"https:\/\/www.elmundo.es\/pais-vasco\/2019\/05\/17\/5cde77eafc6c83b0028b4588.html\">El Gobierno vasco alerta de los discursos que alientan el odio contra el colectivo LGTBI, que denuncia una legislaci\u00f3n \u00abobsoleta\u00bb<\/a> \u2013 El Mundo<\/p>\n<p><a href=\"https:\/\/www.mallorcadiario.com\/empresarias-directivas-liderazgo-en-clave-femenina-caixabank-mallorca-palma\">Empresarias\u00a0y directivas debaten en Palma sobre liderazgo en clave &#8230;<\/a>&#8211;<a href=\"http:\/\/mallorcadiario.com\">mallorcadiario.com<\/a><\/p>\n<p><a href=\"https:\/\/www.eldia.es\/elecciones\/autonomicas\/2019\/05\/16\/clavijo-cc-compromete-ayudas-empleo\/975918.html\">Clavijo compromete ayudas para emplear\u00a0mujeres\u00a0en sectores donde &#8230;<\/a>&#8211; <a href=\"http:\/\/eldia.es\">eldia.es<\/a><\/p>\n<p><a href=\"https:\/\/www.salamanca24horas.com\/texto-diario\/mostrar\/1420718\/camara-comercio-acoge-presentacion-gira-mujeres-weekend-coca-cola\">La C\u00e1mara de Comercio acoge la presentaci\u00f3n de &#8216;Gira\u00a0Mujeres\u00a0&#8230;<\/a>&#8211; Salamanca 24 Horas<\/p>\n<p><strong>Econom\u00eda y Empresa<\/strong><a href=\"https:\/\/www.google.com\/url?rct=j&amp;sa=t&amp;url=https:\/\/www.agendaempresa.com\/100172\/entrevista-opinion-agenda-empresa-paridad-real-rocio-rodriguez-prieto-instituto-mujer-mas-igualdad-puestos-directivos-mas-valor-empresa-bolsa\/&amp;ct=ga&amp;cd=CAEYACoTNTI4NTYzMTY2NjkxMTAzOTg1NDIZYzAzNzJlYmMyZmVhZGE1OTplczplczpFUw&amp;usg=AFQjCNHvoQnWD0sxBAlPF9pqtS_F6d5MNw\"><br \/>\nIgualdad en los puestos directivos, m\u00e1s valor de la empresa en bolsa<\/a>&#8211; Agenda de la Empresa<\/p>\n<p><a href=\"https:\/\/www.google.com\/url?rct=j&amp;sa=t&amp;url=https:\/\/www.lavanguardia.com\/local\/aragon\/20190516\/462286433873\/autoempleo-y-cooperativismo-claves-para-permanecer-en-el-medio-rural.html&amp;ct=ga&amp;cd=CAEYACoTNzE5MjM0MzgxMjI5NzE2MzU0MDIZYzAzNzJlYmMyZmVhZGE1OTplczplczpFUw&amp;usg=AFQjCNHJBVamUp7yZSzjiMqpCmDHe6I2_w\">Autoempleo y cooperativismo, claves para permanecer en el medio rural<\/a>&#8211; La Vanguardia<\/p>\n<p><a href=\"https:\/\/www.mujeremprendedora.net\/mercedes-aranda-ibanez-nueva-directora-general-grupo-cajamar\/\">Mercedes Aranda Ib\u00e1\u00f1ez, nueva directora general en el Grupo Cajamar<\/a>&#8211; mujeremprendedora.net<\/p>\n<p><a href=\"https:\/\/www.efeemprende.com\/noticia\/fedepe-presenta-la-tercera-edicion-del-programa-impulsa-emprendimiento-femenino\/\">Fedepe presenta la tercera edici\u00f3n del programa que impulsa el &#8230;<\/a>&#8211; EfeEmprende-<strong>\u00a0<\/strong><\/p>\n<p><strong>Actualidad<\/strong><\/p>\n<p><a href=\"https:\/\/elpais.com\/cultura\/2019\/05\/10\/actualidad\/1557501221_887968.html\">La doble revoluci\u00f3n de las\u00a0mujeres\u00a0republicanas<\/a>&#8211; El Pa\u00eds<\/p>\n<p><a href=\"https:\/\/elpais.com\/elpais\/2019\/05\/16\/opinion\/1558025333_831349.html\">Mujeres\u00a0del ISIS, verdades inc\u00f3modas<\/a>&#8211; El Pa\u00eds<\/p>\n<p><strong>Violencias<\/strong><\/p>\n<p><a href=\"https:\/\/www.publico.es\/sociedad\/violencia-machista-condenado-26-anos-asesinar-mujer-avila.html\">Condenado a 26 a\u00f1os por asesinar a su mujer en \u00c1vila<\/a> &#8211; P\u00fablico<strong>\u00a0<\/strong><\/p>\n<p><strong>Ciencia y Cultura<\/strong><a href=\"https:\/\/www.google.com\/url?rct=j&amp;sa=t&amp;url=https:\/\/www.elcorreo.com\/bizkaia\/cientificas-visibles-20190517230450-nt.html&amp;ct=ga&amp;cd=CAEYASoUMTY5MDM5MTc5NDg4NDY5NDc0ODAyGWMwMzcyZWJjMmZlYWRhNTk6ZXM6ZXM6RVM&amp;usg=AFQjCNE8f4Kw_GtTxVpXIJIOrvgPKSogXw\"><br \/>\nLas cient\u00edficas se hacen visibles<\/a>&#8211; El Correo<\/p>\n<p><a href=\"https:\/\/www.mujeremprendedora.net\/iii-campamento-smartick-de-matematicas-tecnologia-ninas\/\">III Campamento Smartick de Matem\u00e1ticas y Tecnolog\u00eda para ni\u00f1as<\/a>&#8211; mujeremprendedora.net<\/p>\n<p><a href=\"https:\/\/www.mujeremprendedora.net\/madrid-acogera-women-in-jazz\/\">Madrid acoger\u00e1 Women in Jazz \u2026<\/a> &#8211;<a href=\"http:\/\/mujeremprendedora.net\">mujeremprendedora.net<\/a><\/p>\n<p><a href=\"https:\/\/www.elmundo.es\/cataluna\/2019\/05\/16\/5cdd71b2fdddff27298b4615.html\">Tras la m\u00e1scara de las escritoras<\/a> \u2013 El Mundo<\/p>\n<p><a href=\"https:\/\/www.infolibre.es\/noticias\/los_diablos_azules\/2019\/05\/17\/esas_que_tambien_soy_papel_mujer_literatura_95036_1821.html\">El cuento, una puerta a la escritura de las\u00a0mujeres<\/a>&#8211; infoLibre<\/p>\n<p><a href=\"https:\/\/www.65ymas.com\/ocio\/libros\/pilar-cernuda-entrevista-libro-espias_3607_102.html\">Pilar Cernuda: \u00abHay\u00a0mujeres\u00a0en el CNI desde hace 36 a\u00f1os y algunas &#8230;<\/a>&#8211; 65ymas.com<\/p>\n<p><strong>Deporte\u00a0<\/strong><\/p>\n<p><a href=\"https:\/\/www.20minutos.es\/deportes\/noticia\/barcelona-femenino-final-champions-league-olympique-lyon-3642961\/0\/\">El Bar\u00e7a\u00a0femenino, a tomarse la venganza cul\u00e9 en la Champions &#8230;<\/a>&#8211; <a href=\"http:\/\/20minutos.es\">20minutos.es<\/a><\/p>\n<p><a href=\"https:\/\/elpais.com\/deportes\/2019\/05\/13\/actualidad\/1557764419_660983.html\">Eva Calvo empieza a ver la luz tras un calvario de lesiones<\/a> &#8211; P\u00fablico<\/p>\n<p><a href=\"https:\/\/www.eleconomista.com.mx\/deportes\/Espana-la-primera-seleccion-sostenible-del-mundo-20190516-0155.html\">Espa\u00f1a, la primera selecci\u00f3n sostenible del mundo<\/a>&#8211; El Economista<\/p>\n<p>[\/toggle]<\/p>\n<p>[toggle type=\u00bbfirst\u00bb title=\u00bbInternacional\u00bb]<\/p>\n<p><a href=\"https:\/\/www.elmundo.es\/yodona\/lifestyle\/2019\/05\/16\/5cc718b821efa084168b4678.html\">Estos ser\u00edan los beneficios si las\u00a0mujeres\u00a0mandasen<\/a> \u2013 El Mundo<\/p>\n<p><a href=\"https:\/\/www.google.com\/url?rct=j&amp;sa=t&amp;url=https:\/\/www.clarin.com\/entremujeres\/carrera-y-dinero\/pocas-jefas-sector-publico-alla-salud-educacion_0_FK73xpGTY.html&amp;ct=ga&amp;cd=CAEYCioUMTA5MTcyNTE1MjY2OTUzNTEyNDIyGWMwMzcyZWJjMmZlYWRhNTk6ZXM6ZXM6RVM&amp;usg=AFQjCNE77uZ4NnAqDb8jmWZvW8OarPJ5Kg\">\u00bfPor qu\u00e9 hay pocas jefas en el sector p\u00fablico (m\u00e1s all\u00e1 de salud y educaci\u00f3n)?<\/a>&#8211; Clar\u00edn.com<\/p>\n<p><a href=\"https:\/\/elpais.bo\/aun-es-minimo-el-liderazgo-de-mujeres-en-el-sector-privado\/\">A\u00fan es m\u00ednimo el liderazgo de\u00a0mujeres\u00a0en el sector privado en Bolivia\u2026<\/a>&#8211; El Pa\u00eds<\/p>\n<p><a href=\"https:\/\/www.mujeremprendedora.net\/mastercard-compromete-llegar-millon-ninas-todo-mundo-2025\/\">Mastercard se compromete a llegar a un mill\u00f3n de ni\u00f1as en todo el mundo en 2025<\/a>&#8211;<a href=\"http:\/\/mujeremprendedora.net\">mujeremprendedora.net<\/a><\/p>\n<p><a href=\"https:\/\/www.publico.es\/internacional\/mujeres-iranies-mujeres-iranies-prohibido-montar-bicicleta-considerar-insinuante.html\">Las mujeres iran\u00edes tienen prohibido montar en bicicleta por considerar que es insinuante<\/a> &#8211; P\u00fablico<\/p>\n<p><a href=\"https:\/\/elpais.com\/sociedad\/2019\/05\/17\/actualidad\/1558075176_467168.html\">Taiw\u00e1n, primer territorio de Asia en legalizar el matrimonio homosexual<\/a> \u2013 El Pa\u00eds<\/p>\n<p><a href=\"https:\/\/www.google.com\/url?rct=j&amp;sa=t&amp;url=https:\/\/www.bbc.com\/mundo\/noticias-48302791&amp;ct=ga&amp;cd=CAEYAyoTOTQyOTMyMTk1MDgzNTMyODk5NzIZYzAzNzJlYmMyZmVhZGE1OTplczplczpFUw&amp;usg=AFQjCNEqFcjM8jHBYUEUvKn6a3Em7jtJfg\">#YouKnowMe: las famosas que est\u00e1n compartiendo sus historias personales sobre el aborto<\/a>&#8211; BBC Mundo<\/p>\n<p><a href=\"https:\/\/www.elmundo.es\/deportes\/mas-deporte\/2019\/05\/17\/5cde828d21efa0834a8b468c.html\">Las cr\u00edticas de las atletas embarazadas destrozan el feminismo de Nike<\/a> \u2013 El Mundo<\/p>\n<p><a href=\"https:\/\/www.cuatro.com\/deportes\/plan-uefa-fomentar-futbol-femenino_0_2755725012.html\">El plan de la UEFA para fomentar el f\u00fatbol\u00a0femenino\u00a0para 2024<\/a>&#8211; Cuatro<\/p>\n<p>[\/toggle]<\/p>\n<\/div>\n<\/div>\n<\/div>\n<\/div>\n<\/div>\n<\/div>\n","protected":false},"excerpt":{"rendered":"<p>Estos ser\u00edan los beneficios si las mujeres mandasen-Igualdad en los <a href=\"https:\/\/cklcomunicaciones.es\/coop\/noticias-info-ckl-no-2-340-17-05-19\/\">[&#8230;]<\/a><\/p>\n","protected":false},"author":3,"featured_media":0,"comment_status":"closed","ping_status":"closed","sticky":false,"template":"","format":"standard","meta":{"footnotes":""},"categories":[298,623],"tags":[],"class_list":["post-14602","post","type-post","status-publish","format-standard","hentry","category-newsletter","category-nwl-2-0"],"yoast_head":"<!-- This site is optimized with the Yoast SEO plugin v27.5 - https:\/\/yoast.com\/product\/yoast-seo-wordpress\/ -->\n<title>8oticias Info CKL n\u00ba 2.340-17\/05\/19-Comunicar con perspectiva de g\u00e9nero<\/title>\n<meta name=\"description\" content=\"Comunicar con perspectiva de g\u00e9nero: Estos ser\u00edan los beneficios si las mujeres mandasen-Igualdad en los puestos directivos, m\u00e1s valor de la empresa en bolsa-La dobla revoluci\u00f3n de las mujeres republicanas-El Bar\u00e7a femenino a por la Champions League\" \/>\n<meta name=\"robots\" content=\"index, follow, max-snippet:-1, max-image-preview:large, max-video-preview:-1\" \/>\n<link rel=\"canonical\" href=\"https:\/\/cklcomunicaciones.es\/coop\/noticias-info-ckl-no-2-340-17-05-19\/\" \/>\n<meta property=\"og:locale\" content=\"es_ES\" \/>\n<meta property=\"og:type\" content=\"article\" \/>\n<meta property=\"og:title\" content=\"8oticias Info CKL n\u00ba 2.340-17\/05\/19-Comunicar con perspectiva de g\u00e9nero\" \/>\n<meta property=\"og:description\" content=\"Comunicar con perspectiva de g\u00e9nero: Estos ser\u00edan los beneficios si las mujeres mandasen-Igualdad en los puestos directivos, m\u00e1s valor de la empresa en bolsa-La dobla revoluci\u00f3n de las mujeres republicanas-El Bar\u00e7a femenino a por la Champions League\" \/>\n<meta property=\"og:url\" content=\"https:\/\/cklcomunicaciones.es\/coop\/noticias-info-ckl-no-2-340-17-05-19\/\" \/>\n<meta property=\"og:site_name\" content=\"CKL Comunicaciones\" \/>\n<meta property=\"article:published_time\" content=\"2019-05-17T11:08:36+00:00\" \/>\n<meta property=\"article:modified_time\" content=\"2025-01-17T15:43:09+00:00\" \/>\n<meta property=\"og:image\" content=\"https:\/\/cklcomunicaciones.es\/coop\/wp-content\/uploads\/2018\/03\/CKL_comunicacion-con-perspetiva-de-genero.jpg\" \/>\n\t<meta property=\"og:image:width\" content=\"500\" \/>\n\t<meta property=\"og:image:height\" content=\"500\" \/>\n\t<meta property=\"og:image:type\" content=\"image\/jpeg\" \/>\n<meta name=\"author\" content=\"ckl\" \/>\n<meta name=\"twitter:card\" content=\"summary_large_image\" \/>\n<meta name=\"twitter:label1\" content=\"Escrito por\" \/>\n\t<meta name=\"twitter:data1\" content=\"ckl\" \/>\n\t<meta name=\"twitter:label2\" content=\"Tiempo de lectura\" \/>\n\t<meta name=\"twitter:data2\" content=\"4 minutos\" \/>\n<script type=\"application\/ld+json\" class=\"yoast-schema-graph\">{\"@context\":\"https:\\\/\\\/schema.org\",\"@graph\":[{\"@type\":\"Article\",\"@id\":\"https:\\\/\\\/cklcomunicaciones.es\\\/coop\\\/noticias-info-ckl-no-2-340-17-05-19\\\/#article\",\"isPartOf\":{\"@id\":\"https:\\\/\\\/cklcomunicaciones.es\\\/coop\\\/noticias-info-ckl-no-2-340-17-05-19\\\/\"},\"author\":{\"name\":\"ckl\",\"@id\":\"https:\\\/\\\/cklcomunicaciones.es\\\/coop\\\/#\\\/schema\\\/person\\\/929a6837f7626450bbb50cee1aef266e\"},\"headline\":\"Noticias Info CKL n\u00ba 2.340-17\\\/05\\\/19\",\"datePublished\":\"2019-05-17T11:08:36+00:00\",\"dateModified\":\"2025-01-17T15:43:09+00:00\",\"mainEntityOfPage\":{\"@id\":\"https:\\\/\\\/cklcomunicaciones.es\\\/coop\\\/noticias-info-ckl-no-2-340-17-05-19\\\/\"},\"wordCount\":890,\"image\":{\"@id\":\"https:\\\/\\\/cklcomunicaciones.es\\\/coop\\\/noticias-info-ckl-no-2-340-17-05-19\\\/#primaryimage\"},\"thumbnailUrl\":\"http:\\\/\\\/www.cklcomunicaciones.es\\\/wp-content\\\/uploads\\\/2018\\\/03\\\/CKL_comunicacion-con-perspetiva-de-genero-300x300.jpg\",\"articleSection\":[\"Newsletter\",\"Nwl v2.0\"],\"inLanguage\":\"es\"},{\"@type\":\"WebPage\",\"@id\":\"https:\\\/\\\/cklcomunicaciones.es\\\/coop\\\/noticias-info-ckl-no-2-340-17-05-19\\\/\",\"url\":\"https:\\\/\\\/cklcomunicaciones.es\\\/coop\\\/noticias-info-ckl-no-2-340-17-05-19\\\/\",\"name\":\"8oticias Info CKL n\u00ba 2.340-17\\\/05\\\/19-Comunicar con perspectiva de g\u00e9nero\",\"isPartOf\":{\"@id\":\"https:\\\/\\\/cklcomunicaciones.es\\\/coop\\\/#website\"},\"primaryImageOfPage\":{\"@id\":\"https:\\\/\\\/cklcomunicaciones.es\\\/coop\\\/noticias-info-ckl-no-2-340-17-05-19\\\/#primaryimage\"},\"image\":{\"@id\":\"https:\\\/\\\/cklcomunicaciones.es\\\/coop\\\/noticias-info-ckl-no-2-340-17-05-19\\\/#primaryimage\"},\"thumbnailUrl\":\"http:\\\/\\\/www.cklcomunicaciones.es\\\/wp-content\\\/uploads\\\/2018\\\/03\\\/CKL_comunicacion-con-perspetiva-de-genero-300x300.jpg\",\"datePublished\":\"2019-05-17T11:08:36+00:00\",\"dateModified\":\"2025-01-17T15:43:09+00:00\",\"author\":{\"@id\":\"https:\\\/\\\/cklcomunicaciones.es\\\/coop\\\/#\\\/schema\\\/person\\\/929a6837f7626450bbb50cee1aef266e\"},\"description\":\"Comunicar con perspectiva de g\u00e9nero: Estos ser\u00edan los beneficios si las mujeres mandasen-Igualdad en los puestos directivos, m\u00e1s valor de la empresa en bolsa-La dobla revoluci\u00f3n de las mujeres republicanas-El Bar\u00e7a femenino a por la Champions League\",\"breadcrumb\":{\"@id\":\"https:\\\/\\\/cklcomunicaciones.es\\\/coop\\\/noticias-info-ckl-no-2-340-17-05-19\\\/#breadcrumb\"},\"inLanguage\":\"es\",\"potentialAction\":[{\"@type\":\"ReadAction\",\"target\":[\"https:\\\/\\\/cklcomunicaciones.es\\\/coop\\\/noticias-info-ckl-no-2-340-17-05-19\\\/\"]}]},{\"@type\":\"ImageObject\",\"inLanguage\":\"es\",\"@id\":\"https:\\\/\\\/cklcomunicaciones.es\\\/coop\\\/noticias-info-ckl-no-2-340-17-05-19\\\/#primaryimage\",\"url\":\"http:\\\/\\\/www.cklcomunicaciones.es\\\/wp-content\\\/uploads\\\/2018\\\/03\\\/CKL_comunicacion-con-perspetiva-de-genero-300x300.jpg\",\"contentUrl\":\"http:\\\/\\\/www.cklcomunicaciones.es\\\/wp-content\\\/uploads\\\/2018\\\/03\\\/CKL_comunicacion-con-perspetiva-de-genero-300x300.jpg\"},{\"@type\":\"BreadcrumbList\",\"@id\":\"https:\\\/\\\/cklcomunicaciones.es\\\/coop\\\/noticias-info-ckl-no-2-340-17-05-19\\\/#breadcrumb\",\"itemListElement\":[{\"@type\":\"ListItem\",\"position\":1,\"name\":\"Portada\",\"item\":\"https:\\\/\\\/cklcomunicaciones.es\\\/coop\\\/\"},{\"@type\":\"ListItem\",\"position\":2,\"name\":\"Noticias Info CKL n\u00ba 2.340-17\\\/05\\\/19\"}]},{\"@type\":\"WebSite\",\"@id\":\"https:\\\/\\\/cklcomunicaciones.es\\\/coop\\\/#website\",\"url\":\"https:\\\/\\\/cklcomunicaciones.es\\\/coop\\\/\",\"name\":\"CKL Comunicaciones\",\"description\":\"Sitio web de CKL Comunicaciones coop , la consultora de comunicaci\u00f3n y estrategia\",\"potentialAction\":[{\"@type\":\"SearchAction\",\"target\":{\"@type\":\"EntryPoint\",\"urlTemplate\":\"https:\\\/\\\/cklcomunicaciones.es\\\/coop\\\/?s={search_term_string}\"},\"query-input\":{\"@type\":\"PropertyValueSpecification\",\"valueRequired\":true,\"valueName\":\"search_term_string\"}}],\"inLanguage\":\"es\"},{\"@type\":\"Person\",\"@id\":\"https:\\\/\\\/cklcomunicaciones.es\\\/coop\\\/#\\\/schema\\\/person\\\/929a6837f7626450bbb50cee1aef266e\",\"name\":\"ckl\",\"image\":{\"@type\":\"ImageObject\",\"inLanguage\":\"es\",\"@id\":\"https:\\\/\\\/secure.gravatar.com\\\/avatar\\\/c82db564e8a669bf6023357a157b9dc4780f4d4c618f2ad1d71a6a5dede45057?s=96&d=mm&r=g\",\"url\":\"https:\\\/\\\/secure.gravatar.com\\\/avatar\\\/c82db564e8a669bf6023357a157b9dc4780f4d4c618f2ad1d71a6a5dede45057?s=96&d=mm&r=g\",\"contentUrl\":\"https:\\\/\\\/secure.gravatar.com\\\/avatar\\\/c82db564e8a669bf6023357a157b9dc4780f4d4c618f2ad1d71a6a5dede45057?s=96&d=mm&r=g\",\"caption\":\"ckl\"},\"url\":\"https:\\\/\\\/cklcomunicaciones.es\\\/coop\\\/author\\\/cklcomunicaciones\\\/\"}]}<\/script>\n<!-- \/ Yoast SEO plugin. -->","yoast_head_json":{"title":"8oticias Info CKL n\u00ba 2.340-17\/05\/19-Comunicar con perspectiva de g\u00e9nero","description":"Comunicar con perspectiva de g\u00e9nero: Estos ser\u00edan los beneficios si las mujeres mandasen-Igualdad en los puestos directivos, m\u00e1s valor de la empresa en bolsa-La dobla revoluci\u00f3n de las mujeres republicanas-El Bar\u00e7a femenino a por la Champions League","robots":{"index":"index","follow":"follow","max-snippet":"max-snippet:-1","max-image-preview":"max-image-preview:large","max-video-preview":"max-video-preview:-1"},"canonical":"https:\/\/cklcomunicaciones.es\/coop\/noticias-info-ckl-no-2-340-17-05-19\/","og_locale":"es_ES","og_type":"article","og_title":"8oticias Info CKL n\u00ba 2.340-17\/05\/19-Comunicar con perspectiva de g\u00e9nero","og_description":"Comunicar con perspectiva de g\u00e9nero: Estos ser\u00edan los beneficios si las mujeres mandasen-Igualdad en los puestos directivos, m\u00e1s valor de la empresa en bolsa-La dobla revoluci\u00f3n de las mujeres republicanas-El Bar\u00e7a femenino a por la Champions League","og_url":"https:\/\/cklcomunicaciones.es\/coop\/noticias-info-ckl-no-2-340-17-05-19\/","og_site_name":"CKL Comunicaciones","article_published_time":"2019-05-17T11:08:36+00:00","article_modified_time":"2025-01-17T15:43:09+00:00","og_image":[{"width":500,"height":500,"url":"https:\/\/cklcomunicaciones.es\/coop\/wp-content\/uploads\/2018\/03\/CKL_comunicacion-con-perspetiva-de-genero.jpg","type":"image\/jpeg"}],"author":"ckl","twitter_card":"summary_large_image","twitter_misc":{"Escrito por":"ckl","Tiempo de lectura":"4 minutos"},"schema":{"@context":"https:\/\/schema.org","@graph":[{"@type":"Article","@id":"https:\/\/cklcomunicaciones.es\/coop\/noticias-info-ckl-no-2-340-17-05-19\/#article","isPartOf":{"@id":"https:\/\/cklcomunicaciones.es\/coop\/noticias-info-ckl-no-2-340-17-05-19\/"},"author":{"name":"ckl","@id":"https:\/\/cklcomunicaciones.es\/coop\/#\/schema\/person\/929a6837f7626450bbb50cee1aef266e"},"headline":"Noticias Info CKL n\u00ba 2.340-17\/05\/19","datePublished":"2019-05-17T11:08:36+00:00","dateModified":"2025-01-17T15:43:09+00:00","mainEntityOfPage":{"@id":"https:\/\/cklcomunicaciones.es\/coop\/noticias-info-ckl-no-2-340-17-05-19\/"},"wordCount":890,"image":{"@id":"https:\/\/cklcomunicaciones.es\/coop\/noticias-info-ckl-no-2-340-17-05-19\/#primaryimage"},"thumbnailUrl":"http:\/\/www.cklcomunicaciones.es\/wp-content\/uploads\/2018\/03\/CKL_comunicacion-con-perspetiva-de-genero-300x300.jpg","articleSection":["Newsletter","Nwl v2.0"],"inLanguage":"es"},{"@type":"WebPage","@id":"https:\/\/cklcomunicaciones.es\/coop\/noticias-info-ckl-no-2-340-17-05-19\/","url":"https:\/\/cklcomunicaciones.es\/coop\/noticias-info-ckl-no-2-340-17-05-19\/","name":"8oticias Info CKL n\u00ba 2.340-17\/05\/19-Comunicar con perspectiva de g\u00e9nero","isPartOf":{"@id":"https:\/\/cklcomunicaciones.es\/coop\/#website"},"primaryImageOfPage":{"@id":"https:\/\/cklcomunicaciones.es\/coop\/noticias-info-ckl-no-2-340-17-05-19\/#primaryimage"},"image":{"@id":"https:\/\/cklcomunicaciones.es\/coop\/noticias-info-ckl-no-2-340-17-05-19\/#primaryimage"},"thumbnailUrl":"http:\/\/www.cklcomunicaciones.es\/wp-content\/uploads\/2018\/03\/CKL_comunicacion-con-perspetiva-de-genero-300x300.jpg","datePublished":"2019-05-17T11:08:36+00:00","dateModified":"2025-01-17T15:43:09+00:00","author":{"@id":"https:\/\/cklcomunicaciones.es\/coop\/#\/schema\/person\/929a6837f7626450bbb50cee1aef266e"},"description":"Comunicar con perspectiva de g\u00e9nero: Estos ser\u00edan los beneficios si las mujeres mandasen-Igualdad en los puestos directivos, m\u00e1s valor de la empresa en bolsa-La dobla revoluci\u00f3n de las mujeres republicanas-El Bar\u00e7a femenino a por la Champions League","breadcrumb":{"@id":"https:\/\/cklcomunicaciones.es\/coop\/noticias-info-ckl-no-2-340-17-05-19\/#breadcrumb"},"inLanguage":"es","potentialAction":[{"@type":"ReadAction","target":["https:\/\/cklcomunicaciones.es\/coop\/noticias-info-ckl-no-2-340-17-05-19\/"]}]},{"@type":"ImageObject","inLanguage":"es","@id":"https:\/\/cklcomunicaciones.es\/coop\/noticias-info-ckl-no-2-340-17-05-19\/#primaryimage","url":"http:\/\/www.cklcomunicaciones.es\/wp-content\/uploads\/2018\/03\/CKL_comunicacion-con-perspetiva-de-genero-300x300.jpg","contentUrl":"http:\/\/www.cklcomunicaciones.es\/wp-content\/uploads\/2018\/03\/CKL_comunicacion-con-perspetiva-de-genero-300x300.jpg"},{"@type":"BreadcrumbList","@id":"https:\/\/cklcomunicaciones.es\/coop\/noticias-info-ckl-no-2-340-17-05-19\/#breadcrumb","itemListElement":[{"@type":"ListItem","position":1,"name":"Portada","item":"https:\/\/cklcomunicaciones.es\/coop\/"},{"@type":"ListItem","position":2,"name":"Noticias Info CKL n\u00ba 2.340-17\/05\/19"}]},{"@type":"WebSite","@id":"https:\/\/cklcomunicaciones.es\/coop\/#website","url":"https:\/\/cklcomunicaciones.es\/coop\/","name":"CKL Comunicaciones","description":"Sitio web de CKL Comunicaciones coop , la consultora de comunicaci\u00f3n y estrategia","potentialAction":[{"@type":"SearchAction","target":{"@type":"EntryPoint","urlTemplate":"https:\/\/cklcomunicaciones.es\/coop\/?s={search_term_string}"},"query-input":{"@type":"PropertyValueSpecification","valueRequired":true,"valueName":"search_term_string"}}],"inLanguage":"es"},{"@type":"Person","@id":"https:\/\/cklcomunicaciones.es\/coop\/#\/schema\/person\/929a6837f7626450bbb50cee1aef266e","name":"ckl","image":{"@type":"ImageObject","inLanguage":"es","@id":"https:\/\/secure.gravatar.com\/avatar\/c82db564e8a669bf6023357a157b9dc4780f4d4c618f2ad1d71a6a5dede45057?s=96&d=mm&r=g","url":"https:\/\/secure.gravatar.com\/avatar\/c82db564e8a669bf6023357a157b9dc4780f4d4c618f2ad1d71a6a5dede45057?s=96&d=mm&r=g","contentUrl":"https:\/\/secure.gravatar.com\/avatar\/c82db564e8a669bf6023357a157b9dc4780f4d4c618f2ad1d71a6a5dede45057?s=96&d=mm&r=g","caption":"ckl"},"url":"https:\/\/cklcomunicaciones.es\/coop\/author\/cklcomunicaciones\/"}]}},"_links":{"self":[{"href":"https:\/\/cklcomunicaciones.es\/coop\/wp-json\/wp\/v2\/posts\/14602","targetHints":{"allow":["GET"]}}],"collection":[{"href":"https:\/\/cklcomunicaciones.es\/coop\/wp-json\/wp\/v2\/posts"}],"about":[{"href":"https:\/\/cklcomunicaciones.es\/coop\/wp-json\/wp\/v2\/types\/post"}],"author":[{"embeddable":true,"href":"https:\/\/cklcomunicaciones.es\/coop\/wp-json\/wp\/v2\/users\/3"}],"replies":[{"embeddable":true,"href":"https:\/\/cklcomunicaciones.es\/coop\/wp-json\/wp\/v2\/comments?post=14602"}],"version-history":[{"count":0,"href":"https:\/\/cklcomunicaciones.es\/coop\/wp-json\/wp\/v2\/posts\/14602\/revisions"}],"wp:attachment":[{"href":"https:\/\/cklcomunicaciones.es\/coop\/wp-json\/wp\/v2\/media?parent=14602"}],"wp:term":[{"taxonomy":"category","embeddable":true,"href":"https:\/\/cklcomunicaciones.es\/coop\/wp-json\/wp\/v2\/categories?post=14602"},{"taxonomy":"post_tag","embeddable":true,"href":"https:\/\/cklcomunicaciones.es\/coop\/wp-json\/wp\/v2\/tags?post=14602"}],"curies":[{"name":"wp","href":"https:\/\/api.w.org\/{rel}","templated":true}]}}