{"id":14580,"date":"2019-04-26T14:37:56","date_gmt":"2019-04-26T12:37:56","guid":{"rendered":"http:\/\/www.cklcomunicaciones.es\/?p=14580"},"modified":"2025-01-17T16:43:11","modified_gmt":"2025-01-17T15:43:11","slug":"noticias-info-ckl-no-2-330-26-04-19","status":"publish","type":"post","link":"https:\/\/cklcomunicaciones.es\/coop\/noticias-info-ckl-no-2-330-26-04-19\/","title":{"rendered":"Noticias Info CKL n\u00ba 2.330-26\/04\/19"},"content":{"rendered":"<div id=\"pl-14580\"  class=\"panel-layout\" >\n<div id=\"pg-14580-0\"  class=\"panel-grid panel-no-style\"  data-style=\"{&quot;background_image_attachment&quot;:false,&quot;background_display&quot;:&quot;tile&quot;,&quot;cell_alignment&quot;:&quot;flex-start&quot;}\" >\n<div id=\"pgc-14580-0-0\"  class=\"panel-grid-cell\"  data-weight=\"1\" >\n<div id=\"panel-14580-0-0-0\" class=\"so-panel widget widget_sow-editor panel-first-child panel-last-child\" data-index=\"0\" data-style=\"{&quot;background_image_attachment&quot;:false,&quot;background_display&quot;:&quot;tile&quot;}\" >\n<div class=\"so-widget-sow-editor so-widget-sow-editor-base\">\n<div class=\"siteorigin-widget-tinymce textwidget\">\n<p><img decoding=\"async\" class=\"lazyload  wp-image-13726\" src=\"http:\/\/www.cklcomunicaciones.es\/wp-content\/uploads\/2018\/03\/CKL_comunicacion-con-perspetiva-de-genero-300x300.jpg\" data-orig-src=\"http:\/\/www.cklcomunicaciones.es\/wp-content\/uploads\/2018\/03\/CKL_comunicacion-con-perspetiva-de-genero-300x300.jpg\" alt=\"CKL_comunicacion con perspetiva de genero\" width=\"132\" height=\"132\" srcset=\"data:image\/svg+xml,%3Csvg%20xmlns%3D%27http%3A%2F%2Fwww.w3.org%2F2000%2Fsvg%27%20width%3D%27132%27%20height%3D%27132%27%20viewBox%3D%270%200%20132%20132%27%3E%3Crect%20width%3D%27132%27%20height%3D%27132%27%20fill-opacity%3D%220%22%2F%3E%3C%2Fsvg%3E\" data-srcset=\"https:\/\/cklcomunicaciones.es\/coop\/wp-content\/uploads\/2018\/03\/CKL_comunicacion-con-perspetiva-de-genero-150x150.jpg 150w, https:\/\/cklcomunicaciones.es\/coop\/wp-content\/uploads\/2018\/03\/CKL_comunicacion-con-perspetiva-de-genero-300x300.jpg 300w, https:\/\/cklcomunicaciones.es\/coop\/wp-content\/uploads\/2018\/03\/CKL_comunicacion-con-perspetiva-de-genero-450x450.jpg 450w, https:\/\/cklcomunicaciones.es\/coop\/wp-content\/uploads\/2018\/03\/CKL_comunicacion-con-perspetiva-de-genero.jpg 500w\" data-sizes=\"auto\" data-orig-sizes=\"(max-width: 132px) 100vw, 132px\" \/><\/p>\n<p id=\":25f\" class=\"hP\" tabindex=\"-1\" data-thread-perm-id=\"thread-f:1630512937700816687\" data-legacy-thread-id=\"16a0bee0c555f72f\"><strong>Adela As\u00faa: \u00abLa aplicaci\u00f3n de la Perspectiva de G\u00e9nero tiene su sustento legal en la Constituci\u00f3n y la ley de Igualdad\u00bb-Las RRSS un \u00e1mbito hostil para las mujeres-GWNET, plataforma de expertas en transici\u00f3n energ\u00e9tica<\/strong><\/p>\n<p>[toggle type=\u00bbfirst\u00bb title=\u00bbConvocatorias\u00bb]<\/p>\n<ul>\n<li>Abierta la opci\u00f3n para que las empresas se adhieran al Manifiesto por la igualdad para las mujeres en puestos directivos.<a href=\"https:\/\/womeninalegalworld.com\/wp-content\/uploads\/2019\/04\/MANIFIESTO-IGUALDAD-DE-OPORTUNIDADES-PARA-LAS-MUJERES-EN-LOS-CONSEJOS-DE.._.pdf\">https:\/\/womeninalegalworld.com\/wp-content\/uploads\/2019\/04\/MANIFIESTO-IGUALDAD-DE-OPORTUNIDADES-PARA-LAS-MUJERES-EN-LOS-CONSEJOS-DE.._.pdf<\/a>. M\u00e1s info:\u00a0<a href=\"https:\/\/womeninalegalworld.com\/contacto\/\">https:\/\/womeninalegalworld.com\/contacto\/<\/a><\/li>\n<li><a href=\"http:\/\/www.juntadeandalucia.es\/iam\/catalogo\/doc\/convocatorias\/2019-colaboraciones-iam\/SE-taller-comunicacion-activismo-digital-feminista.jpg\">Taller &#8216;Comunicaci\u00f3n y activismo digital feminista&#8217;<\/a>. Colaboratorias; colabora IAM. 2 de mayo de 2019.<a href=\"https:\/\/docs.google.com\/forms\/d\/e\/1FAIpQLSf4Kzwa9YtkfWP9xr-BR-vDflt8g7Qp8E5U3vkniHD0m1R3Lg\/viewform\">Formulario de inscripci\u00f3n<\/a><\/li>\n<li><a href=\"http:\/\/www.juntadeandalucia.es\/iam\/catalogo\/doc\/convocatorias\/2019-genero\/SE-jornada-xxv-aniversario-consejo-municipal-mujer.pdf\">Jornada &#8216;XXV Aniversario del Consejo Municipal de la Mujer&#8217;<\/a>. Ayuntamiento de Sevilla. 2 de mayo de 2019.\u00a0<a href=\"https:\/\/docs.google.com\/forms\/d\/e\/1FAIpQLSfctgSpNYXNX7As7SpsH0Gmd8-lr06na6fgmP-iHjAKUM1nyQ\/viewform\">Formulario de inscripci\u00f3n<\/a><\/li>\n<li><a href=\"http:\/\/www.juntadeandalucia.es\/iam\/index.php\/recursos-y-servicios\/ayudas-y-subvenciones\/item\/1220-violencia2019\">Subvenciones a Asociaciones y Federaciones de mujeres para la realizaci\u00f3n de proyectos que fomenten la erradicaci\u00f3n de la violencia de g\u00e9nero (2019)<\/a>.\u00a0Instituto Andaluz de la Mujer. Plazo de\u00a0solicitud hasta el 23 de mayo de 2019<\/li>\n<li><a href=\"http:\/\/www.juntadeandalucia.es\/iam\/index.php\/recursos-y-servicios\/ayudas-y-subvenciones\/item\/1225-participacion2019\">Subvenciones a Asociaciones y Federaciones de mujeres para la realizaci\u00f3n de proyectos que fomenten la participaci\u00f3n social de las mujeres y la promoci\u00f3n de la igualdad de g\u00e9nero (2019)<\/a>. Instituto Andaluz de la Mujer. Plazo de\u00a0solicitud\u00a0hasta el 24 de mayo de 2019<\/li>\n<li><a href=\"http:\/\/www.juntadeandalucia.es\/iam\/index.php\/recursos-y-servicios\/ayudas-y-subvenciones\/subvenciones-a-ayuntamientos-mancomunidades-de-municipios-y-consorcios-para-el-mantenimiento-de-los-centros-municipales-de-informacion-a-la-mujer-2019\">Subvenciones a Ayuntamientos, Mancomunidades de\u00a0Municipios\u00a0y Consorcios\u00a0para el mantenimiento de los CentrosMunicipales de\u00a0<\/a><a href=\"http:\/\/www.juntadeandalucia.es\/iam\/index.php\/recursos-y-servicios\/ayudas-y-subvenciones\/subvenciones-a-ayuntamientos-mancomunidades-de-municipios-y-consorcios-para-el-mantenimiento-de-los-centros-municipales-de-informacion-a-la-mujer-2019\">Informaci\u00f3n a la Mujer (2019)<\/a>. Instituto Andaluz de la Mujer.\u00a0Plazo de\u00a0solicitud\u00a0hasta el 15 de mayo de 2019<\/li>\n<\/ul>\n<p>[\/toggle]<\/p>\n<p>[toggle type=\u00bbfirst\u00bb title=\u00bbComunicaci\u00f3n\u00bb]<\/p>\n<p><u><a href=\"http:\/\/www.canalsur.es\/rtva\/mujer-y-literatura-este-viernes-en-solidarios\/1423767.html\">Mujer\u00a0y literatura, este viernes en \u00abSolidarios\u00bb<\/a><\/u>&#8211;\u00a0CanalSurWeb<a href=\"https:\/\/www.20minutos.es\/noticia\/3623863\/0\/presencia-mujeres-cuidado-lenguaje-recetas-20-minutos-afrontar-futuro-8m\/\"><br \/>\nEl\u00a0lenguaje\u00a0configura nuestra visi\u00f3n del mundo-\u00a0nuevatribuna.es<\/a><\/p>\n<p><u><a href=\"https:\/\/www.20minutos.es\/noticia\/3623863\/0\/presencia-mujeres-cuidado-lenguaje-recetas-20-minutos-afrontar-futuro-8m\/\">Presencia de\u00a0mujeres\u00a0y cuidado con el lenguaje, recetas de \u201c20 Minutos\u201d &#8230;<\/a><\/u>&#8211;\u00a0<a href=\"http:\/\/20minutos.es\/\">20minutos.es<\/a><u><a href=\"https:\/\/www.google.com\/url?rct=j&amp;sa=t&amp;url=https:\/\/www.lavanguardia.com\/vida\/20190425\/461859980365\/el-ciberacoso-se-normaliza-entre-los-jovenes-segun-un-informe-sobre-oportunidades-y-riesgos-de-la-digitalizacion.html&amp;ct=ga&amp;cd=CAEYACoTNDg5OTE5NTU0MTk1NzM1NTgyODIZYzAzNzJlYmMyZmVhZGE1OTplczplczpFUw&amp;usg=AFQjCNHiybZ-TB55Ax5ZlvWzU3wUvfDZ0g\"><br \/>\nEl ciberacoso se normaliza entre los j\u00f3venes, seg\u00fan un informe sobre oportunidades y riesgos de &#8230;<\/a>&#8211;<\/u>\u00a0La Vanguardia<\/p>\n<p><u><a href=\"https:\/\/www.google.com\/url?rct=j&amp;sa=t&amp;url=https:\/\/tribunafeminista.elplural.com\/2019\/04\/las-mujeres-percibe-las-redes-sociales-son-un-ambito-hostil\/&amp;ct=ga&amp;cd=CAEYACoUMTYzMDQ3NjQ4MjAwMjA3NDgxOTEyGWMwMzcyZWJjMmZlYWRhNTk6ZXM6ZXM6RVM&amp;usg=AFQjCNFFhB1I0n6w8fhGkD-0lGMxL3lUAg\">Las\u00a0mujeres\u00a0perciben las redes sociales como un \u00e1mbito hostil<\/a><\/u>&#8211;\u00a0<a href=\"http:\/\/elplural.com\/\">elplural.com<\/a><\/p>\n<p><u><a href=\"https:\/\/www.trendencias.com\/feminismo\/esta-plataforma-que-visibiliza-a-mujeres-creativas-mundo-publicidad-lucha-marcas-como-google-facebook-netflix-contraten-a-mujeres-alla-cuotas\">Esta plataforma que visibiliza a mujeres creativas del mundo de la publicidad &#8230;<\/a><\/u>&#8211;\u00a0Trendencias<\/p>\n<p>[\/toggle]<\/p>\n<p>[toggle type=\u00bbfirst\u00bb title=\u00bbAndaluc\u00eda\u00bb]<\/p>\n<p><strong>Institucional<\/strong><\/p>\n<p><u><a href=\"https:\/\/www.redaccionmedica.com\/autonomias\/andalucia\/andalucia-presenta-el-plan-de-igualdad-para-sus-profesionales-sanitarios-5491\">Andaluc\u00eda\u00a0presenta el Plan de Igualdad para sus profesionales sanitarios &#8230;<\/a>&#8211;<\/u>Redacci\u00f3n M\u00e9dica<\/p>\n<p><strong>Econom\u00eda y Empresas<\/strong><\/p>\n<p><u><a href=\"http:\/\/elcorreoweb.es\/sevilla\/la-catedra-accion-por-el-bien-comun-y-el-correo-de-andalucia-invitan-a-potenciar-el-corazon-del-sector-empresarial-BB5298223\">La C\u00e1tedra Acci\u00f3n por el bien com\u00fan y El Correo de\u00a0Andaluc\u00eda\u00a0invitan a potenciar el coraz\u00f3n del sector empresarial&#8230;<\/a><\/u>&#8211;\u00a0<a href=\"http:\/\/elcorreoweb.es\/\">elcorreoweb.es<\/a><\/p>\n<p><a href=\"https:\/\/www.lavozdealmeria.com\/agricultura2000\/noticia\/8\/agricultura\/170824\/jornada-sobre-el-proyecto-reinwaste-que-aborda-la-ley-de-economia-circular\">Jornada sobre el proyecto Reinwaste que aborda la Ley de\u00a0Econom\u00eda\u00a0Circular&#8230;<\/a>&#8211;\u00a0La Voz de Almer\u00eda<\/p>\n<p><strong>Actualidad<\/strong><strong>\u00a0\u00a0<\/strong><\/p>\n<p><u><a href=\"https:\/\/www.google.com\/url?rct=j&amp;sa=t&amp;url=https:\/\/www.europapress.es\/esandalucia\/sevilla\/noticia-iam-sube-54-dotacion-ayudas-entidades-animo-lucro-atienden-mujeres-riesgo-exclusion-20190425142848.html&amp;ct=ga&amp;cd=CAEYAyoUMTMwNzU4ODg1NzI1ODUzOTAzMjkyGWMwMzcyZWJjMmZlYWRhNTk6ZXM6ZXM6RVM&amp;usg=AFQjCNEL8gqowMeiZnfxrxR_zTZIhufhIw\">El IAM sube un 54% la dotaci\u00f3n para ayudas a entidades sin \u00e1nimo de lucro que atienden a mujeres en riesgo de exclusi\u00f3n social&#8230;<\/a><\/u>&#8211;\u00a0Europa Press<\/p>\n<p><u><a href=\"https:\/\/www.google.com\/url?rct=j&amp;sa=t&amp;url=https:\/\/m.diariodecadiz.es\/cadiz\/matronas-defensoras-derechos-mujeres-jornada_0_1348965339.html&amp;ct=ga&amp;cd=CAEYAioUMTMwNzU4ODg1NzI1ODUzOTAzMjkyGWMwMzcyZWJjMmZlYWRhNTk6ZXM6ZXM6RVM&amp;usg=AFQjCNHHa5UBG1nMSvTtyJBiP_1qJraxIA\">Las matronas como defensoras de los derechos de las\u00a0mujeres<\/a><\/u>&#8211;\u00a0Diario de C\u00e1diz<\/p>\n<p><u><a href=\"http:\/\/www.juntadeandalucia.es\/presidencia\/portavoz\/142035\/ConsejeriaIgualdadPoliticasSocialesConciliacion\/Accesibilidad\/Discapacidad\">Igualdad crear\u00e1 la oficina t\u00e9cnica de accesibilidad cognitiva para personas con discapacidad<\/a>\u00a0<\/u>\u2013 Oficina del Portavoz<\/p>\n<p><strong>Violencias<\/strong><\/p>\n<p><a href=\"https:\/\/www.laopiniondemalaga.es\/andalucia\/2019\/04\/26\/aumentan-21-victimas-violencia-genero\/1084549.html\">Aumentan un 21% las v\u00edctimas de violencia de g\u00e9nero atendidas por &#8230;<\/a>&#8211;\u00a0La Opini\u00f3n de M\u00e1laga<\/p>\n<p><u><a href=\"https:\/\/www.20minutos.es\/noticia\/3624121\/0\/uma-acoge-entrega-premios-ix-congreso-internacional-para-estudio-violencia-contra-mujeres\/\">La UMA acoge la entrega de premios del IX Congreso Internacional &#8230;<\/a><\/u>&#8211;\u00a020minutos.es<u><a href=\"https:\/\/www.diariosur.es\/malaga\/empleadas-hogar-mayores-20190425143754-nt.html\"><br \/>\nEmpleadas de hogar y mayores de 65 a\u00f1os, v\u00edctimas invisibles de la violencia&#8230;<\/a>&#8211;<\/u>\u00a0Sur Digital<a href=\"https:\/\/www.google.com\/url?rct=j&amp;sa=t&amp;url=http:\/\/huelva24.com\/art\/125296\/comienzan-en-el-campus-del-carmen-las-v-jornadas-formativas-en-violencia-de-genero-de-diputacion&amp;ct=ga&amp;cd=CAEYAyoTODI4NTY5NTAxODU4NzMxNzgyOTIZYzAzNzJlYmMyZmVhZGE1OTplczplczpFUw&amp;usg=AFQjCNFRmK-WYwG2HOLqt6TMF1Lvy2Q05g\"><br \/>\nComienzan en el Campus del Carmen las V Jornadas Formativas en Violencia de G\u00e9nero de &#8230;<\/a>&#8211;\u00a0Huelva24<\/p>\n<p><a href=\"https:\/\/www.google.com\/url?rct=j&amp;sa=t&amp;url=https:\/\/sevilla.abc.es\/provincia\/sevi-fiscalia-eleva-25-anos-peticion-carcel-para-acusado-asesinar-mujer-alcolea-201904251856_noticia.html&amp;ct=ga&amp;cd=CAEYAioUMTc2MTEwMDA4ODI5NTM2NTM3NDYyGWMwMzcyZWJjMmZlYWRhNTk6ZXM6ZXM6RVM&amp;usg=AFQjCNEAOzMn_9X0d69OQ7eviY20i3G_Qg\">La Fiscal\u00eda eleva a 25 a\u00f1os la petici\u00f3n de c\u00e1rcel para el acusado de asesinar a su\u00a0mujer\u00a0en &#8230;<\/a>&#8211;\u00a0abcdesevilla.es<\/p>\n<p><strong>Ciencia y Cultura<\/strong><\/p>\n<p><u><a href=\"https:\/\/www.diariosur.es\/malaga\/mujeres-crean-escuela-20190425185354-nt.html\">Mujeres que crean escuela<\/a><\/u><u>&#8211;<\/u>\u00a0Sur Digital<\/p>\n<p><u><a href=\"https:\/\/sevilla.abc.es\/cultura\/arte\/sevi-arte-femenino-toma-caac-para-mostrar-potencialidad-politica-y-cuestionar-museo-201904251457_noticia.html\">El arte femenino toma el CAAC para mostrar su potencialidad pol\u00edtica &#8230;<\/a><\/u>&#8211;\u00a0abcdesevilla.es<\/p>\n<p><u><a href=\"https:\/\/www.europapress.es\/andalucia\/sevilla-00357\/noticia-rectorado-universidad-sevilla-acoge-exposicion-fotografica-jovenes-investigadoras-palabras-inspiran-20190425145511.html\">Rectorado de la Universidad de Sevilla acoge la exposici\u00f3n \u201cJ\u00f3venes investigadoras &#8230;<\/a><\/u>&#8211;\u00a0Europa Press<\/p>\n<p><u><a href=\"https:\/\/www.diariocordoba.com\/noticias\/cordobalocal\/uco-lidera-nuevo-andalucia-cuanto-rendimiento-global_1296989.html\">La UCO lidera de nuevo\u00a0Andaluc\u00eda\u00a0en cuanto a rendimiento global<\/a>&#8211;<\/u>\u00a0Diario C\u00f3rdoba<\/p>\n<p><strong>Deporte<\/strong><\/p>\n<p><u><a href=\"https:\/\/elpais.com\/deportes\/2019\/04\/20\/actualidad\/1555756472_910548.html\">Blanca Manch\u00f3n, un billete a Tokio contra todas las adversidades<\/a>\u00a0<\/u>\u2013 El Pa\u00eds<\/p>\n<p><u><a href=\"https:\/\/www.granadadigital.es\/granada-acogera-la-primera-quedada-de-mujeres-sincronizadas\/\">Granada acoger\u00e1 la primera quedada de\u00a0mujeres\u00a0sincronizadas<\/a><\/u>&#8211;\u00a0GranadaDigital<\/p>\n<p>[\/toggle]<\/p>\n<p>[toggle type=\u00bbfirst\u00bb title=\u00bbEstado\u00bb]<\/p>\n<p><strong>Institucional-CCAA<\/strong><\/p>\n<p><u><a href=\"https:\/\/www.google.com\/url?rct=j&amp;sa=t&amp;url=https:\/\/www.teleprensa.com\/sevilla\/junta-abonara-90000-euros-a-magdalena-alvarez-para-su-defensa-en-el-caso-de-los-ere.html.html&amp;ct=ga&amp;cd=CAEYACoUMTI3MjMzMTgzNzYyMjAwNDQ5NTEyGWMwMzcyZWJjMmZlYWRhNTk6ZXM6ZXM6RVM&amp;usg=AFQjCNECLunIGvGm7YUX05vxH48HLrM9kw\">La directora del\u00a0Instituto de la Mujer de Murcia\u00a0inaugura un curso de formaci\u00f3n para trabajadoras sociales<\/a><\/u>&#8211;\u00a0Teleprensa peri\u00f3dico digital<\/p>\n<p><u><a href=\"https:\/\/www.google.com\/url?rct=j&amp;sa=t&amp;url=http:\/\/www.aragondigital.es\/noticia.asp%3Fnotid%3D176064&amp;ct=ga&amp;cd=CAEYASoTMTk4MDcyNzM2OTE5NTk3NTM5ODIZYzAzNzJlYmMyZmVhZGE1OTplczplczpFUw&amp;usg=AFQjCNGJogDCzOfbgVR7CLtbUp5aLsFb9Q\">La II Escuela de pensamiento feminista ofrece un espacio de reflexi\u00f3n, debate y aprendizaje<\/a><\/u>&#8211;\u00a0Arag\u00f3n Digital<\/p>\n<p><u><a href=\"https:\/\/www.google.com\/url?rct=j&amp;sa=t&amp;url=https:\/\/www.elcomercio.es\/economia\/pensiones\/fallo-comunicacion-amenaza-pensiones-no-contributivas-asturias-20190425002515-ntvo.html&amp;ct=ga&amp;cd=CAEYAioTNDYyMzk3MDkzMzA0NzkxNTgzOTIZYzAzNzJlYmMyZmVhZGE1OTplczplczpFUw&amp;usg=AFQjCNEgNR_wtlFb3pVJvyzfpWC3A7fiFg\">El Principado garantiza que no est\u00e1 en riesgo el cobro de las pensiones no contributivas<\/a><\/u>&#8211;\u00a0El Comercio Digital<\/p>\n<p><u><a href=\"https:\/\/www.google.com\/url?rct=j&amp;sa=t&amp;url=http:\/\/www.lacerca.com\/noticias\/toledo\/mujeres-provincia-toledo-participan-proyecto-dana-mejorar-empleabilidad-465933-1.html&amp;ct=ga&amp;cd=CAEYACoTMzE4ODU5ODQ4MzcwMTE5OTc1OTIZYzAzNzJlYmMyZmVhZGE1OTplczplczpFUw&amp;usg=AFQjCNFnFdZ0Y-vKvMfClRvcHaEuayyECw\">M\u00e1s de 100\u00a0mujeres\u00a0de la provincia de Toledo participan en el Proyecto Dana con el fin de &#8230;<\/a><\/u>&#8211;\u00a0La Cerca<\/p>\n<p><u><a href=\"https:\/\/www.google.com\/url?rct=j&amp;sa=t&amp;url=https:\/\/www.clm24.es\/articulo\/ciudad-real\/franco-pide-incorporar-and-empresarial-prevencion-riesgos-laborales\/20190426134031241927.html&amp;ct=ga&amp;cd=CAEYACoUMTU0MzY4NTA2ODk3NjI2NzM2ODMyGTc1MWFkNjkxM2U0NmMxOTM6ZXM6ZXM6RVM&amp;usg=AFQjCNG6WP7Hw1bYnyd8ALBQt25hEIcwkw\">Franco, Consejera de Econom\u00eda, Empresas y Empleo, pide incorporar al &#8216;AND empresarial&#8217; la prevenci\u00f3n de riesgos laborales<\/a><\/u>&#8211;\u00a0CLM24<\/p>\n<p><strong>Econom\u00eda y Empresa<\/strong><\/p>\n<p><u><a href=\"https:\/\/cincodias.elpais.com\/cincodias\/2019\/04\/25\/legal\/1556209212_990326.html\">Manifiesto por la igualdad para las mujeres en puestos directivos<\/a><\/u>&#8211;\u00a0Cinco D\u00edas<\/p>\n<p><a href=\"https:\/\/www.elmundo.es\/nosotras\/2019\/04\/26\/5cc18f7b21efa0b50e8b45c8.html\">Directiva y lesbiana: as\u00ed rompieron ellas el doble techo de cristal\u2026<\/a>\u00a0&#8211; El Mundo<\/p>\n<p><u><a href=\"https:\/\/www.mujeremprendedora.net\/incorporacion-mujer-mercado-trabajo-consolida\/\">La incorporaci\u00f3n de la mujer al mercado de trabajo se consolida<\/a><\/u>&#8211;\u00a0Mujeremprendedora.net<\/p>\n<p><strong>Actualidad<\/strong><a href=\"https:\/\/www.google.com\/url?rct=j&amp;sa=t&amp;url=https:\/\/diario16.com\/la-aplicacion-de-la-perspectiva-de-genero-tiene-su-sustento-legal-en-la-constitucion-y-la-ley-de-igualdad\/&amp;ct=ga&amp;cd=CAEYAioUMTI3MjMzMTgzNzYyMjAwNDQ5NTEyGWMwMzcyZWJjMmZlYWRhNTk6ZXM6ZXM6RVM&amp;usg=AFQjCNGEKqGVshi4XwYoMAFJ1lgKURosyw\"><br \/>\nAdela As\u00faa Batarrica, Vicepresidenta em\u00e9rita del Tribunal Constitucional de Espa\u00f1a y catedr\u00e1tica de Derecho Penal: \u201cLa aplicaci\u00f3n de la Perspectiva de G\u00e9nero tiene su sustento legal en la Constituci\u00f3n y la ley de Igualdad&#8230;<\/a>&#8211;\u00a0Diario16<\/p>\n<p><u><a href=\"https:\/\/elpais.com\/elpais\/2019\/04\/25\/mujeres\/1556195206_286848.html\">Feminismo para torpes: as\u00ed se ha silenciado la voz de las\u00a0mujeres\u00a0en &#8230;<\/a><\/u>&#8211; El Pa\u00eds<\/p>\n<p><u><a href=\"https:\/\/www.mujeremprendedora.net\/mujeres-avenir-organiza-acto-feminismo-evolucion-historica-vigencia-proyeccion-futura\/\">Mujeres Avenir organiza el acto Feminismo: evoluci\u00f3n hist\u00f3rica, vigencia y proyecci\u00f3n futura<\/a><\/u>&#8211;\u00a0Mujeremprendedora.net<\/p>\n<p><u><a href=\"https:\/\/blogs.publico.es\/dominiopublico\/28508\/atencion-a-la-dependencia-si-hay-solucion-cual-es-el-problema\/\">Atenci\u00f3n a la dependencia:\u00a0si hay soluci\u00f3n, \u00bfcu\u00e1l es el problema?<\/a><\/u>&#8211;\u00a0P\u00fablico<\/p>\n<p><a href=\"https:\/\/okdiario.com\/espana\/ejercito-prueba-chalecos-antibalas-especiales-mujeres-espera-comprarlos-2020-4034389\">El Ej\u00e9rcito prueba chalecos antibalas especiales para\u00a0mujeres\u00a0y ..-<\/a>\u00a0Okdiario<\/p>\n<p><strong>Violencias<\/strong><\/p>\n<p><u><a href=\"https:\/\/confilegal.com\/20190426-que-es-la-violencia-de-genero-lo-siento-no-puedo-dar-una-respuesta-categorica\/\">\u00bfQu\u00e9 es la\u00a0violencia de g\u00e9nero? Lo siento, no puedo dar una &#8230;<\/a><\/u>&#8211;\u00a0Confilegal<strong>\u00a0<\/strong><\/p>\n<p><strong>Ciencia y Cultura<\/strong><\/p>\n<p><u><a href=\"https:\/\/www.mujeremprendedora.net\/alejandra-alba-patino-investigadora-en-el-instituto-de-investigacion-sanitaria-de-illes-balears\/\">Alejandra Alba Pati\u00f1o, investigadora en el Instituto de Investigaci\u00f3n Sanitaria de Illes Balears<\/a>&#8211;<\/u>\u00a0Mujeremprendedora.net<\/p>\n<p><a href=\"https:\/\/www.innovaspain.com\/irene-cano-facebook-es-una-tragedia-que-cada-vez-haya-menos-presencia-femenina-en-carreras-steam\/\">Irene Cano (Facebook): \u201cEs una tragedia que cada vez haya menos presencia femenina en carreras STEM&#8230;<\/a>&#8211;\u00a0innovaspain<\/p>\n<p><u><a href=\"https:\/\/www.eldiario.es\/sociedad\/Antonia-Ferrin-pionera-astronomas-espanolas_0_892411896.html\">Antonia Ferr\u00edn, una pionera para las astr\u00f3nomas espa\u00f1olas<\/a><\/u>&#8211;\u00a0<a href=\"http:\/\/eldiario.es\/\">eldiario.es<\/a><\/p>\n<p><u><a href=\"https:\/\/www.lasexta.com\/programas\/el-intermedio\/mujer-tenia-que-ser-sandra-sabates\/soledad-puertolas-los-criticos-ven-a-las-escritoras-con-condescendencia-piensan-que-tenemos-que-hablar-de-temas-nimos-video_201904255cc2230b0cf29a24c4d41649.html\">Soledad Pu\u00e9rtolas: \u00abLos cr\u00edticos ven a las escritoras con condescendencia a las escritoras&#8230;<\/a><\/u>&#8211;\u00a0LaSexta<\/p>\n<p><u><a href=\"https:\/\/www.publico.es\/sociedad\/feminismo-bebe-mujeres-pierden-lucha-feminista-presentandose-rato-victimas.html\">Bebe: \u00abLas mujeres pierden mucho tiempo con la lucha feminista y present\u00e1ndose todo el rato como v\u00edctimas\u00bb<\/a><\/u>&#8211; P\u00fablico<\/p>\n<p><strong>Deporte<\/strong><strong>\u00a0\u00a0<\/strong><\/p>\n<p><u><a href=\"https:\/\/www.mujeremprendedora.net\/belen-garcia-sigue-progresion-francia\/\">Bel\u00e9n Garc\u00eda sigue con su progresi\u00f3n en Francia<\/a>\u00a0\u2013\u00a0<\/u>Mujeremprendedora.net<\/p>\n<p><u><a href=\"https:\/\/www.deia.eus\/2019\/04\/26\/bizkaia\/margen-derecha\/las-mujeres-se-suben-a-la-tabla\">Las\u00a0mujeres\u00a0se suben a la tabla<\/a><\/u>&#8211;\u00a0Deia<\/p>\n<p><u><a href=\"https:\/\/as.com\/masdeporte\/2019\/04\/25\/polideportivo\/1556220207_455782.html\">\u00abCuando nos critican es por ser \u00e1rbitros, no\u00a0mujeres\u00bb<\/a>&#8211;<\/u>\u00a0As<\/p>\n<p><u><a href=\"https:\/\/www.cope.es\/deportes\/motor\/noticias\/laia-sanz-impactante-pais-donde-las-mujeres-pueden-conducir-desde-hace-apenas-ano-20190425_402084\">Laia Sanz: \u00abEs impactante ir a un pa\u00eds donde las\u00a0mujeres\u00a0pueden &#8230;<\/a>&#8211;<\/u>\u00a0COPE<\/p>\n<p>[\/toggle]<\/p>\n<p>[toggle type=\u00bbfirst\u00bb title=\u00bbInternacional\u00bb]<\/p>\n<p><u><a href=\"https:\/\/www.smartgridsinfo.es\/2019\/04\/26\/nace-plataforma-mujeres-expertas-transicion-energetica-creada-red-gwnet\">Nace la plataforma de\u00a0mujeres\u00a0expertas en transici\u00f3n energ\u00e9tica, GWNET &#8230;<\/a><\/u>&#8211;\u00a0Smartgridsinfo<\/p>\n<p><a href=\"https:\/\/ladiaria.com.uy\/articulo\/2019\/4\/crecimiento-economico-yo-bienestar-una-mirada-desde-las-economias-transformadoras\/\">Crecimiento econ\u00f3mico \u00bfy\/o? bienestar: una mirada desde las econom\u00edas transformadoras &#8230;<\/a>&#8211;\u00a0la diaria<\/p>\n<p><u><a href=\"https:\/\/elpais.com\/elpais\/2019\/04\/25\/gente\/1556206293_954321.html\">Masako resurge como un s\u00edmbolo feminista en Jap\u00f3n<\/a><\/u>\u2013 El Pa\u00eds<\/p>\n<p><u><a href=\"https:\/\/elpais.com\/internacional\/2019\/04\/24\/mundo_global\/1556132242_092592.html\">Una mujer despierta del coma 27 a\u00f1os despu\u00e9s<\/a>\u00a0<\/u>\u2013 El Pa\u00eds<a href=\"https:\/\/www.google.com\/url?rct=j&amp;sa=t&amp;url=http:\/\/www.diariovasco.com\/agencias\/201904\/25\/financiacion-mentores-principales-escollos-1398971.html&amp;ct=ga&amp;cd=CAEYBCoUMTIzNDg4NDY2NTg4NjI1ODA4NjMyGWMwMzcyZWJjMmZlYWRhNTk6ZXM6ZXM6RVM&amp;usg=AFQjCNGqgYbpo_2ZW_YTtjAl1UTmfJGZ_Q\"><br \/>\nFinanciaci\u00f3n y mentores, principales escollos de para\u00a0mujeres en\u00a0tecnolog\u00eda<\/a>\u00a0&#8211; Diario Vasco<\/p>\n<p><u><a href=\"https:\/\/www.publico.es\/internacional\/cristina-kirchner-cristina-kirchner-calienta-motores-libro.html\">Cristina Kirchner calienta motores con un libro<\/a><\/u>&#8211;\u00a0Pagina<\/p>\n<p>[\/toggle]<\/p>\n<\/div>\n<\/div>\n<\/div>\n<\/div>\n<\/div>\n<\/div>\n","protected":false},"excerpt":{"rendered":"<p>Adela As\u00faa: \u00abLa aplicaci\u00f3n de la Perspectiva de G\u00e9nero tiene <a href=\"https:\/\/cklcomunicaciones.es\/coop\/noticias-info-ckl-no-2-330-26-04-19\/\">[&#8230;]<\/a><\/p>\n","protected":false},"author":3,"featured_media":0,"comment_status":"closed","ping_status":"closed","sticky":false,"template":"","format":"standard","meta":{"footnotes":""},"categories":[298,623],"tags":[],"class_list":["post-14580","post","type-post","status-publish","format-standard","hentry","category-newsletter","category-nwl-2-0"],"yoast_head":"<!-- This site is optimized with the Yoast SEO plugin v27.5 - https:\/\/yoast.com\/product\/yoast-seo-wordpress\/ -->\n<title>Noticias Info CKL n\u00ba 2.330-26\/04\/19-Comunicar con perspectiva de g\u00e9nero<\/title>\n<meta name=\"description\" content=\"Comunicar con perspectiva de g\u00e9nero: Adela As\u00faa: &quot;La aplicaci\u00f3n de la Perspectiva de G\u00e9nero tiene su sustento legal en la Constituci\u00f3n y la ley de Igualdad&quot;-Las RRSS un \u00e1mbito hostil para las mujeres-GWNET, plataforma de expertas en transici\u00f3n energ\u00e9tica\" \/>\n<meta name=\"robots\" content=\"index, follow, max-snippet:-1, max-image-preview:large, max-video-preview:-1\" \/>\n<link rel=\"canonical\" href=\"https:\/\/cklcomunicaciones.es\/coop\/noticias-info-ckl-no-2-330-26-04-19\/\" \/>\n<meta property=\"og:locale\" content=\"es_ES\" \/>\n<meta property=\"og:type\" content=\"article\" \/>\n<meta property=\"og:title\" content=\"Noticias Info CKL n\u00ba 2.330-26\/04\/19-Comunicar con perspectiva de g\u00e9nero\" \/>\n<meta property=\"og:description\" content=\"Comunicar con perspectiva de g\u00e9nero: Adela As\u00faa: &quot;La aplicaci\u00f3n de la Perspectiva de G\u00e9nero tiene su sustento legal en la Constituci\u00f3n y la ley de Igualdad&quot;-Las RRSS un \u00e1mbito hostil para las mujeres-GWNET, plataforma de expertas en transici\u00f3n energ\u00e9tica\" \/>\n<meta property=\"og:url\" content=\"https:\/\/cklcomunicaciones.es\/coop\/noticias-info-ckl-no-2-330-26-04-19\/\" \/>\n<meta property=\"og:site_name\" content=\"CKL Comunicaciones\" \/>\n<meta property=\"article:published_time\" content=\"2019-04-26T12:37:56+00:00\" \/>\n<meta property=\"article:modified_time\" content=\"2025-01-17T15:43:11+00:00\" \/>\n<meta property=\"og:image\" content=\"https:\/\/cklcomunicaciones.es\/coop\/wp-content\/uploads\/2018\/03\/CKL_comunicacion-con-perspetiva-de-genero.jpg\" \/>\n\t<meta property=\"og:image:width\" content=\"500\" \/>\n\t<meta property=\"og:image:height\" content=\"500\" \/>\n\t<meta property=\"og:image:type\" content=\"image\/jpeg\" \/>\n<meta name=\"author\" content=\"ckl\" \/>\n<meta name=\"twitter:card\" content=\"summary_large_image\" \/>\n<meta name=\"twitter:label1\" content=\"Escrito por\" \/>\n\t<meta name=\"twitter:data1\" content=\"ckl\" \/>\n\t<meta name=\"twitter:label2\" content=\"Tiempo de lectura\" \/>\n\t<meta name=\"twitter:data2\" content=\"6 minutos\" \/>\n<script type=\"application\/ld+json\" class=\"yoast-schema-graph\">{\"@context\":\"https:\\\/\\\/schema.org\",\"@graph\":[{\"@type\":\"Article\",\"@id\":\"https:\\\/\\\/cklcomunicaciones.es\\\/coop\\\/noticias-info-ckl-no-2-330-26-04-19\\\/#article\",\"isPartOf\":{\"@id\":\"https:\\\/\\\/cklcomunicaciones.es\\\/coop\\\/noticias-info-ckl-no-2-330-26-04-19\\\/\"},\"author\":{\"name\":\"ckl\",\"@id\":\"https:\\\/\\\/cklcomunicaciones.es\\\/coop\\\/#\\\/schema\\\/person\\\/929a6837f7626450bbb50cee1aef266e\"},\"headline\":\"Noticias Info CKL n\u00ba 2.330-26\\\/04\\\/19\",\"datePublished\":\"2019-04-26T12:37:56+00:00\",\"dateModified\":\"2025-01-17T15:43:11+00:00\",\"mainEntityOfPage\":{\"@id\":\"https:\\\/\\\/cklcomunicaciones.es\\\/coop\\\/noticias-info-ckl-no-2-330-26-04-19\\\/\"},\"wordCount\":1140,\"image\":{\"@id\":\"https:\\\/\\\/cklcomunicaciones.es\\\/coop\\\/noticias-info-ckl-no-2-330-26-04-19\\\/#primaryimage\"},\"thumbnailUrl\":\"http:\\\/\\\/www.cklcomunicaciones.es\\\/wp-content\\\/uploads\\\/2018\\\/03\\\/CKL_comunicacion-con-perspetiva-de-genero-300x300.jpg\",\"articleSection\":[\"Newsletter\",\"Nwl v2.0\"],\"inLanguage\":\"es\"},{\"@type\":\"WebPage\",\"@id\":\"https:\\\/\\\/cklcomunicaciones.es\\\/coop\\\/noticias-info-ckl-no-2-330-26-04-19\\\/\",\"url\":\"https:\\\/\\\/cklcomunicaciones.es\\\/coop\\\/noticias-info-ckl-no-2-330-26-04-19\\\/\",\"name\":\"Noticias Info CKL n\u00ba 2.330-26\\\/04\\\/19-Comunicar con perspectiva de g\u00e9nero\",\"isPartOf\":{\"@id\":\"https:\\\/\\\/cklcomunicaciones.es\\\/coop\\\/#website\"},\"primaryImageOfPage\":{\"@id\":\"https:\\\/\\\/cklcomunicaciones.es\\\/coop\\\/noticias-info-ckl-no-2-330-26-04-19\\\/#primaryimage\"},\"image\":{\"@id\":\"https:\\\/\\\/cklcomunicaciones.es\\\/coop\\\/noticias-info-ckl-no-2-330-26-04-19\\\/#primaryimage\"},\"thumbnailUrl\":\"http:\\\/\\\/www.cklcomunicaciones.es\\\/wp-content\\\/uploads\\\/2018\\\/03\\\/CKL_comunicacion-con-perspetiva-de-genero-300x300.jpg\",\"datePublished\":\"2019-04-26T12:37:56+00:00\",\"dateModified\":\"2025-01-17T15:43:11+00:00\",\"author\":{\"@id\":\"https:\\\/\\\/cklcomunicaciones.es\\\/coop\\\/#\\\/schema\\\/person\\\/929a6837f7626450bbb50cee1aef266e\"},\"description\":\"Comunicar con perspectiva de g\u00e9nero: Adela As\u00faa: \\\"La aplicaci\u00f3n de la Perspectiva de G\u00e9nero tiene su sustento legal en la Constituci\u00f3n y la ley de Igualdad\\\"-Las RRSS un \u00e1mbito hostil para las mujeres-GWNET, plataforma de expertas en transici\u00f3n energ\u00e9tica\",\"breadcrumb\":{\"@id\":\"https:\\\/\\\/cklcomunicaciones.es\\\/coop\\\/noticias-info-ckl-no-2-330-26-04-19\\\/#breadcrumb\"},\"inLanguage\":\"es\",\"potentialAction\":[{\"@type\":\"ReadAction\",\"target\":[\"https:\\\/\\\/cklcomunicaciones.es\\\/coop\\\/noticias-info-ckl-no-2-330-26-04-19\\\/\"]}]},{\"@type\":\"ImageObject\",\"inLanguage\":\"es\",\"@id\":\"https:\\\/\\\/cklcomunicaciones.es\\\/coop\\\/noticias-info-ckl-no-2-330-26-04-19\\\/#primaryimage\",\"url\":\"http:\\\/\\\/www.cklcomunicaciones.es\\\/wp-content\\\/uploads\\\/2018\\\/03\\\/CKL_comunicacion-con-perspetiva-de-genero-300x300.jpg\",\"contentUrl\":\"http:\\\/\\\/www.cklcomunicaciones.es\\\/wp-content\\\/uploads\\\/2018\\\/03\\\/CKL_comunicacion-con-perspetiva-de-genero-300x300.jpg\"},{\"@type\":\"BreadcrumbList\",\"@id\":\"https:\\\/\\\/cklcomunicaciones.es\\\/coop\\\/noticias-info-ckl-no-2-330-26-04-19\\\/#breadcrumb\",\"itemListElement\":[{\"@type\":\"ListItem\",\"position\":1,\"name\":\"Portada\",\"item\":\"https:\\\/\\\/cklcomunicaciones.es\\\/coop\\\/\"},{\"@type\":\"ListItem\",\"position\":2,\"name\":\"Noticias Info CKL n\u00ba 2.330-26\\\/04\\\/19\"}]},{\"@type\":\"WebSite\",\"@id\":\"https:\\\/\\\/cklcomunicaciones.es\\\/coop\\\/#website\",\"url\":\"https:\\\/\\\/cklcomunicaciones.es\\\/coop\\\/\",\"name\":\"CKL Comunicaciones\",\"description\":\"Sitio web de CKL Comunicaciones coop , la consultora de comunicaci\u00f3n y estrategia\",\"potentialAction\":[{\"@type\":\"SearchAction\",\"target\":{\"@type\":\"EntryPoint\",\"urlTemplate\":\"https:\\\/\\\/cklcomunicaciones.es\\\/coop\\\/?s={search_term_string}\"},\"query-input\":{\"@type\":\"PropertyValueSpecification\",\"valueRequired\":true,\"valueName\":\"search_term_string\"}}],\"inLanguage\":\"es\"},{\"@type\":\"Person\",\"@id\":\"https:\\\/\\\/cklcomunicaciones.es\\\/coop\\\/#\\\/schema\\\/person\\\/929a6837f7626450bbb50cee1aef266e\",\"name\":\"ckl\",\"image\":{\"@type\":\"ImageObject\",\"inLanguage\":\"es\",\"@id\":\"https:\\\/\\\/secure.gravatar.com\\\/avatar\\\/c82db564e8a669bf6023357a157b9dc4780f4d4c618f2ad1d71a6a5dede45057?s=96&d=mm&r=g\",\"url\":\"https:\\\/\\\/secure.gravatar.com\\\/avatar\\\/c82db564e8a669bf6023357a157b9dc4780f4d4c618f2ad1d71a6a5dede45057?s=96&d=mm&r=g\",\"contentUrl\":\"https:\\\/\\\/secure.gravatar.com\\\/avatar\\\/c82db564e8a669bf6023357a157b9dc4780f4d4c618f2ad1d71a6a5dede45057?s=96&d=mm&r=g\",\"caption\":\"ckl\"},\"url\":\"https:\\\/\\\/cklcomunicaciones.es\\\/coop\\\/author\\\/cklcomunicaciones\\\/\"}]}<\/script>\n<!-- \/ Yoast SEO plugin. -->","yoast_head_json":{"title":"Noticias Info CKL n\u00ba 2.330-26\/04\/19-Comunicar con perspectiva de g\u00e9nero","description":"Comunicar con perspectiva de g\u00e9nero: Adela As\u00faa: \"La aplicaci\u00f3n de la Perspectiva de G\u00e9nero tiene su sustento legal en la Constituci\u00f3n y la ley de Igualdad\"-Las RRSS un \u00e1mbito hostil para las mujeres-GWNET, plataforma de expertas en transici\u00f3n energ\u00e9tica","robots":{"index":"index","follow":"follow","max-snippet":"max-snippet:-1","max-image-preview":"max-image-preview:large","max-video-preview":"max-video-preview:-1"},"canonical":"https:\/\/cklcomunicaciones.es\/coop\/noticias-info-ckl-no-2-330-26-04-19\/","og_locale":"es_ES","og_type":"article","og_title":"Noticias Info CKL n\u00ba 2.330-26\/04\/19-Comunicar con perspectiva de g\u00e9nero","og_description":"Comunicar con perspectiva de g\u00e9nero: Adela As\u00faa: \"La aplicaci\u00f3n de la Perspectiva de G\u00e9nero tiene su sustento legal en la Constituci\u00f3n y la ley de Igualdad\"-Las RRSS un \u00e1mbito hostil para las mujeres-GWNET, plataforma de expertas en transici\u00f3n energ\u00e9tica","og_url":"https:\/\/cklcomunicaciones.es\/coop\/noticias-info-ckl-no-2-330-26-04-19\/","og_site_name":"CKL Comunicaciones","article_published_time":"2019-04-26T12:37:56+00:00","article_modified_time":"2025-01-17T15:43:11+00:00","og_image":[{"width":500,"height":500,"url":"https:\/\/cklcomunicaciones.es\/coop\/wp-content\/uploads\/2018\/03\/CKL_comunicacion-con-perspetiva-de-genero.jpg","type":"image\/jpeg"}],"author":"ckl","twitter_card":"summary_large_image","twitter_misc":{"Escrito por":"ckl","Tiempo de lectura":"6 minutos"},"schema":{"@context":"https:\/\/schema.org","@graph":[{"@type":"Article","@id":"https:\/\/cklcomunicaciones.es\/coop\/noticias-info-ckl-no-2-330-26-04-19\/#article","isPartOf":{"@id":"https:\/\/cklcomunicaciones.es\/coop\/noticias-info-ckl-no-2-330-26-04-19\/"},"author":{"name":"ckl","@id":"https:\/\/cklcomunicaciones.es\/coop\/#\/schema\/person\/929a6837f7626450bbb50cee1aef266e"},"headline":"Noticias Info CKL n\u00ba 2.330-26\/04\/19","datePublished":"2019-04-26T12:37:56+00:00","dateModified":"2025-01-17T15:43:11+00:00","mainEntityOfPage":{"@id":"https:\/\/cklcomunicaciones.es\/coop\/noticias-info-ckl-no-2-330-26-04-19\/"},"wordCount":1140,"image":{"@id":"https:\/\/cklcomunicaciones.es\/coop\/noticias-info-ckl-no-2-330-26-04-19\/#primaryimage"},"thumbnailUrl":"http:\/\/www.cklcomunicaciones.es\/wp-content\/uploads\/2018\/03\/CKL_comunicacion-con-perspetiva-de-genero-300x300.jpg","articleSection":["Newsletter","Nwl v2.0"],"inLanguage":"es"},{"@type":"WebPage","@id":"https:\/\/cklcomunicaciones.es\/coop\/noticias-info-ckl-no-2-330-26-04-19\/","url":"https:\/\/cklcomunicaciones.es\/coop\/noticias-info-ckl-no-2-330-26-04-19\/","name":"Noticias Info CKL n\u00ba 2.330-26\/04\/19-Comunicar con perspectiva de g\u00e9nero","isPartOf":{"@id":"https:\/\/cklcomunicaciones.es\/coop\/#website"},"primaryImageOfPage":{"@id":"https:\/\/cklcomunicaciones.es\/coop\/noticias-info-ckl-no-2-330-26-04-19\/#primaryimage"},"image":{"@id":"https:\/\/cklcomunicaciones.es\/coop\/noticias-info-ckl-no-2-330-26-04-19\/#primaryimage"},"thumbnailUrl":"http:\/\/www.cklcomunicaciones.es\/wp-content\/uploads\/2018\/03\/CKL_comunicacion-con-perspetiva-de-genero-300x300.jpg","datePublished":"2019-04-26T12:37:56+00:00","dateModified":"2025-01-17T15:43:11+00:00","author":{"@id":"https:\/\/cklcomunicaciones.es\/coop\/#\/schema\/person\/929a6837f7626450bbb50cee1aef266e"},"description":"Comunicar con perspectiva de g\u00e9nero: Adela As\u00faa: \"La aplicaci\u00f3n de la Perspectiva de G\u00e9nero tiene su sustento legal en la Constituci\u00f3n y la ley de Igualdad\"-Las RRSS un \u00e1mbito hostil para las mujeres-GWNET, plataforma de expertas en transici\u00f3n energ\u00e9tica","breadcrumb":{"@id":"https:\/\/cklcomunicaciones.es\/coop\/noticias-info-ckl-no-2-330-26-04-19\/#breadcrumb"},"inLanguage":"es","potentialAction":[{"@type":"ReadAction","target":["https:\/\/cklcomunicaciones.es\/coop\/noticias-info-ckl-no-2-330-26-04-19\/"]}]},{"@type":"ImageObject","inLanguage":"es","@id":"https:\/\/cklcomunicaciones.es\/coop\/noticias-info-ckl-no-2-330-26-04-19\/#primaryimage","url":"http:\/\/www.cklcomunicaciones.es\/wp-content\/uploads\/2018\/03\/CKL_comunicacion-con-perspetiva-de-genero-300x300.jpg","contentUrl":"http:\/\/www.cklcomunicaciones.es\/wp-content\/uploads\/2018\/03\/CKL_comunicacion-con-perspetiva-de-genero-300x300.jpg"},{"@type":"BreadcrumbList","@id":"https:\/\/cklcomunicaciones.es\/coop\/noticias-info-ckl-no-2-330-26-04-19\/#breadcrumb","itemListElement":[{"@type":"ListItem","position":1,"name":"Portada","item":"https:\/\/cklcomunicaciones.es\/coop\/"},{"@type":"ListItem","position":2,"name":"Noticias Info CKL n\u00ba 2.330-26\/04\/19"}]},{"@type":"WebSite","@id":"https:\/\/cklcomunicaciones.es\/coop\/#website","url":"https:\/\/cklcomunicaciones.es\/coop\/","name":"CKL Comunicaciones","description":"Sitio web de CKL Comunicaciones coop , la consultora de comunicaci\u00f3n y estrategia","potentialAction":[{"@type":"SearchAction","target":{"@type":"EntryPoint","urlTemplate":"https:\/\/cklcomunicaciones.es\/coop\/?s={search_term_string}"},"query-input":{"@type":"PropertyValueSpecification","valueRequired":true,"valueName":"search_term_string"}}],"inLanguage":"es"},{"@type":"Person","@id":"https:\/\/cklcomunicaciones.es\/coop\/#\/schema\/person\/929a6837f7626450bbb50cee1aef266e","name":"ckl","image":{"@type":"ImageObject","inLanguage":"es","@id":"https:\/\/secure.gravatar.com\/avatar\/c82db564e8a669bf6023357a157b9dc4780f4d4c618f2ad1d71a6a5dede45057?s=96&d=mm&r=g","url":"https:\/\/secure.gravatar.com\/avatar\/c82db564e8a669bf6023357a157b9dc4780f4d4c618f2ad1d71a6a5dede45057?s=96&d=mm&r=g","contentUrl":"https:\/\/secure.gravatar.com\/avatar\/c82db564e8a669bf6023357a157b9dc4780f4d4c618f2ad1d71a6a5dede45057?s=96&d=mm&r=g","caption":"ckl"},"url":"https:\/\/cklcomunicaciones.es\/coop\/author\/cklcomunicaciones\/"}]}},"_links":{"self":[{"href":"https:\/\/cklcomunicaciones.es\/coop\/wp-json\/wp\/v2\/posts\/14580","targetHints":{"allow":["GET"]}}],"collection":[{"href":"https:\/\/cklcomunicaciones.es\/coop\/wp-json\/wp\/v2\/posts"}],"about":[{"href":"https:\/\/cklcomunicaciones.es\/coop\/wp-json\/wp\/v2\/types\/post"}],"author":[{"embeddable":true,"href":"https:\/\/cklcomunicaciones.es\/coop\/wp-json\/wp\/v2\/users\/3"}],"replies":[{"embeddable":true,"href":"https:\/\/cklcomunicaciones.es\/coop\/wp-json\/wp\/v2\/comments?post=14580"}],"version-history":[{"count":0,"href":"https:\/\/cklcomunicaciones.es\/coop\/wp-json\/wp\/v2\/posts\/14580\/revisions"}],"wp:attachment":[{"href":"https:\/\/cklcomunicaciones.es\/coop\/wp-json\/wp\/v2\/media?parent=14580"}],"wp:term":[{"taxonomy":"category","embeddable":true,"href":"https:\/\/cklcomunicaciones.es\/coop\/wp-json\/wp\/v2\/categories?post=14580"},{"taxonomy":"post_tag","embeddable":true,"href":"https:\/\/cklcomunicaciones.es\/coop\/wp-json\/wp\/v2\/tags?post=14580"}],"curies":[{"name":"wp","href":"https:\/\/api.w.org\/{rel}","templated":true}]}}