{"id":14576,"date":"2019-04-24T13:07:55","date_gmt":"2019-04-24T11:07:55","guid":{"rendered":"http:\/\/www.cklcomunicaciones.es\/?p=14576"},"modified":"2025-01-17T16:43:12","modified_gmt":"2025-01-17T15:43:12","slug":"noticias-info-ckl-no-2-328-24-04-19","status":"publish","type":"post","link":"https:\/\/cklcomunicaciones.es\/coop\/noticias-info-ckl-no-2-328-24-04-19\/","title":{"rendered":"Noticias Info CKL n\u00ba 2.328-24\/04\/19"},"content":{"rendered":"<div id=\"pl-14576\"  class=\"panel-layout\" >\n<div id=\"pg-14576-0\"  class=\"panel-grid panel-no-style\"  data-style=\"{&quot;background_image_attachment&quot;:false,&quot;background_display&quot;:&quot;tile&quot;,&quot;cell_alignment&quot;:&quot;flex-start&quot;}\" >\n<div id=\"pgc-14576-0-0\"  class=\"panel-grid-cell\"  data-weight=\"1\" >\n<div id=\"panel-14576-0-0-0\" class=\"so-panel widget widget_sow-editor panel-first-child panel-last-child\" data-index=\"0\" data-style=\"{&quot;background_image_attachment&quot;:false,&quot;background_display&quot;:&quot;tile&quot;}\" >\n<div class=\"so-widget-sow-editor so-widget-sow-editor-base\">\n<div class=\"siteorigin-widget-tinymce textwidget\">\n<p><img decoding=\"async\" class=\"lazyload  wp-image-13726\" src=\"http:\/\/www.cklcomunicaciones.es\/wp-content\/uploads\/2018\/03\/CKL_comunicacion-con-perspetiva-de-genero-300x300.jpg\" data-orig-src=\"http:\/\/www.cklcomunicaciones.es\/wp-content\/uploads\/2018\/03\/CKL_comunicacion-con-perspetiva-de-genero-300x300.jpg\" alt=\"CKL_comunicacion con perspetiva de genero\" width=\"132\" height=\"132\" srcset=\"data:image\/svg+xml,%3Csvg%20xmlns%3D%27http%3A%2F%2Fwww.w3.org%2F2000%2Fsvg%27%20width%3D%27132%27%20height%3D%27132%27%20viewBox%3D%270%200%20132%20132%27%3E%3Crect%20width%3D%27132%27%20height%3D%27132%27%20fill-opacity%3D%220%22%2F%3E%3C%2Fsvg%3E\" data-srcset=\"https:\/\/cklcomunicaciones.es\/coop\/wp-content\/uploads\/2018\/03\/CKL_comunicacion-con-perspetiva-de-genero-150x150.jpg 150w, https:\/\/cklcomunicaciones.es\/coop\/wp-content\/uploads\/2018\/03\/CKL_comunicacion-con-perspetiva-de-genero-300x300.jpg 300w, https:\/\/cklcomunicaciones.es\/coop\/wp-content\/uploads\/2018\/03\/CKL_comunicacion-con-perspetiva-de-genero-450x450.jpg 450w, https:\/\/cklcomunicaciones.es\/coop\/wp-content\/uploads\/2018\/03\/CKL_comunicacion-con-perspetiva-de-genero.jpg 500w\" data-sizes=\"auto\" data-orig-sizes=\"(max-width: 132px) 100vw, 132px\" \/><\/p>\n<p id=\":25f\" class=\"hP\" tabindex=\"-1\" data-thread-perm-id=\"thread-f:1630512937700816687\" data-legacy-thread-id=\"16a0bee0c555f72f\"><strong>Beth Galetti, la mujer detr\u00e1s del crecimiento de Amaz\u00f3n-La brecha en las pensiones m\u00e1s grande entre las mujeres con estudios superiores-\u00c1ngel Hern\u00e1ndez no ser\u00e1 juzgado por VG-El espacio confinado: mujeres en el balc\u00f3n<\/strong><\/p>\n<p>[toggle type=\u00bbfirst\u00bb title=\u00bbRecomendaciones\u00bb]<\/p>\n<ul>\n<li>Mujeres en la M\u00fasica 2019: podcast \u00abCantando las 40\u00bb. <a href=\"https:\/\/los40.com\/los40\/2019\/03\/06\/musica\/1551896262_331193.html\">https:\/\/los40.com\/los40\/2019\/03\/06\/musica\/1551896262_331193.html<\/a><\/li>\n<\/ul>\n<p>[\/toggle]<\/p>\n<p>[toggle type=\u00bbfirst\u00bb title=\u00bbComunicaci\u00f3n\u00bb]<\/p>\n<ul>\n<li>Remedios Zafra conversa sobre su libro \u00abEl entusiasmo\u00bb- Librer\u00eda Cervantes y Compa\u00f1\u00eda,\u00a0Madrid,\u00a0mi\u00e9rcoles 24 de abril, 19.30 horas<\/li>\n<li><a href=\"https:\/\/lafugalibrerias.com\/actividades\/la-luz-de-la-inocencia-pura-sanchez\/\">Presentaci\u00f3n <\/a><a href=\"https:\/\/lafugalibrerias.com\/actividades\/la-luz-de-la-inocencia-pura-sanchez\/\">del libro &#8216;La luz de la inocencia&#8217;, <\/a><a href=\"https:\/\/lafugalibrerias.com\/actividades\/la-luz-de-la-inocencia-pura-sanchez\/\">de Pura S\u00e1nchez<\/a>. La Fuga Librer\u00edas. 24 de abril de 2019<\/li>\n<li>I Jornada \u201cMujer y Criminolog\u00eda\u201d. Madrid, 26 de abril en el Centro de Formaci\u00f3n de la C\u00e1mara de Comercio. M\u00e1s informaci\u00f3n: <a href=\"https:\/\/www.iustel.com\/diario_del_derecho\/noticia.asp?ref_iustel=1187918\">https:\/\/www.iustel.com\/diario_del_derecho\/noticia.asp?ref_iustel=1187918<\/a><\/li>\n<li>Exposici\u00f3n de Fotograf\u00eda \u201cPersonas, \u00bfMigrantes o refugiadas?\u201d organizada por la ONGD Asamblea de Cooperaci\u00f3n Por la Paz Andaluc\u00eda (ACPP) con al apoyo del Ayuntamiento de C\u00f3rdoba a trav\u00e9s de la Delegaci\u00f3n de Cooperaci\u00f3n y Solidaridad y con la colaboraci\u00f3n de la Delegaci\u00f3n de Turismo y el Instituto Municipal de Turismo de C\u00f3rdoba (IMTUR) en la Delegaci\u00f3n de Turismo de C\u00f3rdoba. C\u00f3rdoba, Rey Heredia 22 hasta el pr\u00f3ximo d\u00eda 28 de abril. M\u00e1s informaci\u00f3n: <a href=\"http:\/\/www.cklcomunicaciones.es\/exposicion-fotografia-personas-migrantes-refugiadas\/\">http:\/\/www.cklcomunicaciones.es\/exposicion-fotografia-personas-migrantes-refugiadas\/<\/a><\/li>\n<\/ul>\n<p>[\/toggle]<\/p>\n<p>[toggle type=\u00bbfirst\u00bb title=\u00bbAndaluc\u00eda\u00bb]<\/p>\n<p><strong>Institucional<\/strong><\/p>\n<p><a href=\"https:\/\/www.google.com\/url?sa=t&amp;rct=j&amp;q=&amp;esrc=s&amp;source=newssearch&amp;cd=35&amp;ved=0ahUKEwix17irxejhAhXxzoUKHSthDPU4HhCpAggyKAAwBA&amp;url=https%3A%2F%2Fwww.europapress.es%2Fandalucia%2Fnoticia-junta-aprueba-plan-mejorar-coordinacion-politicas-migratorias-gobierno-central-20190423154725.html&amp;usg=AOvVaw2QbpzM9_teHeQN0xggrpnT\">La Junta aprueba un plan para mejorar la coordinaci\u00f3n de pol\u00edticas migratorias &#8230;<\/a>&#8211; Europa Press<strong>\u00a0<\/strong><\/p>\n<p><strong>Econom\u00eda y Empresas<\/strong><\/p>\n<p><a href=\"http:\/\/huelva24.com\/art\/125230\/una-veintena-de-mujeres-iberoamericanas-daran-a-conocer-su-experiencia-en-huelva\">Una veintena de empresarias iberoamericanas dar\u00e1n a conocer su experiencia en Huelva&#8230;<\/a>&#8211; Huelva24<\/p>\n<p><a href=\"https:\/\/www.diariodesevilla.es\/suplementotecnologico\/Impulso-startups-Andalucia-Open-Future_0_1348065454.html\">Impulso a 28 &#8216;startups&#8217; m\u00e1s en los espacios de Andaluc\u00eda Open Future<\/a>&#8211; Diario de Sevilla<\/p>\n<p><a href=\"https:\/\/www.europapress.es\/esandalucia\/sevilla\/noticia-cerca-300-agentes-nipones-conocen-oferta-69-firmas-andaluzas-mano-extenda-tokio-20190423162657.html\">Cerca de 300 agentes nipones conocen la oferta de 69 firmas &#8230;<\/a>&#8211; Europa Press<\/p>\n<p><strong>Actualidad\u00a0\u00a0<\/strong><\/p>\n<p><a href=\"https:\/\/sevilla.abc.es\/andalucia\/cordoba\/cordobaessolidaria\/noticias\/cruz-roja-ayuda-mujer\/\">Cruz Roja ayuda a m\u00e1s de medio millar de mujeres en dificultad &#8230;<\/a>&#8211; Abc C\u00f3rdoba<\/p>\n<p><a href=\"https:\/\/www.google.com\/url?sa=t&amp;rct=j&amp;q=&amp;esrc=s&amp;source=newssearch&amp;cd=89&amp;ved=0ahUKEwivxsbmrejhAhWgSxUIHX0tBIc4UBCpAgg_KAAwCA&amp;url=https%3A%2F%2Fwww.diariocordoba.com%2Fnoticias%2Fcordobalocal%2Fmagdalena-entrenas-pregona-mayo-festivo-nombre-grandes-mujeres-cordobesas-silenciadas-historia_1296307.html&amp;usg=AOvVaw3yi2MkSMBb1AMDsaJIKWkQ\">El d\u00eda que Magdalena Entrenas habl\u00f3 en nombre de todas las mujeres<\/a>&#8211; Diario C\u00f3rdoba<\/p>\n<p><a href=\"http:\/\/www.canalsur.es\/noticias\/andalucia\/almeria\/una-mujer-almeriense-recibe-el-tercer-corazon-artificial-que-se-coloca-en-andalucia\/1422663.html\">Una almeriense recibe el tercer coraz\u00f3n artificial que se coloca en Andaluc\u00eda&#8230;<\/a>&#8211; CanalSurWeb<strong>\u00a0<\/strong><\/p>\n<p><strong>Violencia<\/strong><strong>s<\/strong><\/p>\n<p><a href=\"http:\/\/www.canalsur.es\/noticias\/espa%C3%B1a\/angel-hernandez-no-sera-juzgado-por-violencia-de-genero\/1422912.html\">\u00c1ngel Hern\u00e1ndez no ser\u00e1 juzgado por violencia de g\u00e9nero<\/a>&#8211; CanalSurWeb<\/p>\n<p><a href=\"https:\/\/www.google.com\/url?sa=t&amp;rct=j&amp;q=&amp;esrc=s&amp;source=newssearch&amp;cd=50&amp;ved=0ahUKEwjY4PfZsejhAhVLUhoKHTw3D9E4KBCpAghCKAAwCQ&amp;url=https%3A%2F%2Fcadenaser.com%2Fser%2F2019%2F04%2F23%2Fsociedad%2F1556053807_487223.html&amp;usg=AOvVaw2cWT7do8rocyKHeiJKjw0-\">Trabajadores de la Unidad de Valoraci\u00f3n Integral de Violencia de &#8230;<\/a>&#8211; Cadena SER<\/p>\n<p><a href=\"https:\/\/andaluciainformacion.es\/ronda\/821120\/primera-condena-de-prision-permanente-para-el-asesino-de-pilas\/\">Primera condena de prisi\u00f3n permanente para el asesino de Pilas<\/a>&#8211; Andaluc\u00eda Informaci\u00f3n<\/p>\n<p><strong>Ciencia y Cultura<\/strong><\/p>\n<p><a href=\"http:\/\/www.juntadeandalucia.es\/presidencia\/portavoz\/141958\/ConsejeriadeCulturayPatrimonioHistorico\/JuntadeAndalucia\/PatriciadelPozo\/DiaInternacionaldelLibro\/ManuelAlcantara\/CentroAndaluzdelasLetras\">Del Pozo, Consejera de Cultura, anuncia ayudas al sector del libro y m\u00e1s recursos para la red p\u00fablica de bibliotecas<\/a>&#8211; Oficina del Portavoz<\/p>\n<p><a href=\"https:\/\/www.europapress.es\/andalucia\/malaga-00356\/noticia-termica-reune-docentes-investigadores-expertos-estudiantes-torno-estudio-cultura-transatlantica-20190423144434.html\">La T\u00e9rmica re\u00fane a docentes, investigadores, expertos y estudiantes &#8230;<\/a>&#8211; Europa Press<\/p>\n<p><a href=\"https:\/\/www.europapress.es\/andalucia\/malaga-00356\/noticia-simposio-internacional-picasso-rusia-congrega-malaga-prestigiosos-especialistas-20190423145459.html\">El Simposio Internacional Picasso y Rusia congrega en M\u00e1laga a &#8230;<\/a>&#8211; Europa Press<\/p>\n<p><strong>Deporte<\/strong><\/p>\n<p><a href=\"https:\/\/www.google.com\/url?sa=t&amp;rct=j&amp;q=&amp;esrc=s&amp;source=newssearch&amp;cd=32&amp;ved=0ahUKEwjwh5zzsujhAhUIVhoKHfMkDok4HhCpAggqKAAwAQ&amp;url=https%3A%2F%2Fwww.eurosport.es%2Ffutbol%2Fun-ano-de-records-a-la-espera-del-pizjuan-la-rosaleda.-y-el-camp-nou_sto7241615%2Fstory.shtml&amp;usg=AOvVaw0bjlxaoOZyVAGpur-Lf1S2\">F\u00fatbol femenino: Un a\u00f1o de r\u00e9cords a la espera del Pizju\u00e1n &#8230;<\/a>&#8211; Eurosport.es<\/p>\n<p><a href=\"https:\/\/www.huelvainformacion.es\/deportes\/Huelva-acogera-Campeonato-Mundo-badminton_0_1348365725.html\">Huelva acoger\u00e1 el Campeonato del Mundo de b\u00e1dminton en 2021<\/a>&#8211; Huelva Informaci\u00f3n<\/p>\n<p>[\/toggle]<\/p>\n<p>[toggle type=\u00bbfirst\u00bb title=\u00bbEstado\u00bb]<\/p>\n<p><strong>Institucional-CCAA<\/strong><\/p>\n<p><a href=\"https:\/\/www.google.com\/url?rct=j&amp;sa=t&amp;url=https:\/\/www.20minutos.es\/noticia\/3621463\/0\/justicia-preve-que-cinco-unidades-comarcales-valoracion-riesgo-violencia-genero-esten-listas-antes-verano\/&amp;ct=ga&amp;cd=CAEYACoUMTAzOTU2MDk3ODgxMjMzNjU4NTEyGWUyZGVmYTdkNWRhOTE1N2Q6ZXM6ZXM6RVM&amp;usg=AFQjCNEUbBgBc2c9jyhjY45wrK-z7k55lw\">Justicia prev\u00e9 que cinco unidades comarcales de valoraci\u00f3n de riesgo de violencia de g\u00e9nero &#8230;<\/a> &#8211; <a href=\"http:\/\/20minutos.es\">20minutos.es<\/a><\/p>\n<p><a href=\"https:\/\/www.google.com\/url?rct=j&amp;sa=t&amp;url=https:\/\/www.lavanguardia.com\/vida\/20190423\/461830372991\/un-congreso-abordara-la-narrativa-de-posguerra-escrita-por-mujeres-en-leon.html&amp;ct=ga&amp;cd=CAEYBSoTNTQ5OTQwMzEzMTE4Mzk4MjY2MzIZYzAzNzJlYmMyZmVhZGE1OTplczplczpFUw&amp;usg=AFQjCNGvj02zZkxLH-j4F9mqhccGTjhxtA\">Un congreso abordar\u00e1 la narrativa de posguerra escrita por mujeres en Le\u00f3n <\/a>&#8211; La Vanguardia<\/p>\n<p><a href=\"https:\/\/www.elmundo.es\/comunidad-valenciana\/2019\/04\/24\/5cbff962fc6c83e4508b45e2.html\">M\u00f3nica Oltra: \u00abQuiero ser presidenta, pero no vengo a lucirme, puedo barrer el Palau\u00bb<\/a>\u2013 El Mundo<\/p>\n<p><a href=\"https:\/\/www.salamanca24horas.com\/texto-diario\/mostrar\/1394601\/mujeres-tenian-analizara-situacion-genero-femenino-sociedad-actual-traves-cine\">Mujeres ten\u00edan que ser&#8217; analizar\u00e1 la situaci\u00f3n del g\u00e9nero femenino en la sociedad actual a trav\u00e9s del cine &#8230;<\/a>&#8211; Salamanca 24 Horas<\/p>\n<p><a href=\"https:\/\/www.mujeremprendedora.net\/segunda-fase-curso-igualdad-ambito-laboral-dirigido-representantes-sindicales-de-asturias\/\">Segunda fase del curso sobre igualdad en el \u00e1mbito laboral, dirigido a representantes sindicales de Asturias<\/a>&#8211; Mujeremprendedora.net<\/p>\n<p><strong>Econom\u00eda y Empresa<\/strong><\/p>\n<p><a href=\"https:\/\/www.rrhhpress.com\/mujer-y-trabajo\/45764-cisco-celebra-girls-power-tech-para-fomentar-los-estudios-stem-entre-las-chicas\">Cisco Espa\u00f1a celebra Girls Power Tech para fomentar los estudios STEM &#8230;<\/a>&#8211; RRHHpress.com<\/p>\n<p><a href=\"https:\/\/www.eleconomista.es\/economia\/noticias\/9818697\/04\/19\/Ir-a-la-universidad-no-evita-la-brecha-en-las-pensiones-es-mas-grande-entre-las-mujeres-con-estudios-superiores.html\">Ir a la universidad no evita la brecha en las pensiones: es m\u00e1s grande entre las mujeres con estudios superiores&#8230;<\/a>&#8211; Ecodiario<strong>\u00a0<\/strong><\/p>\n<p><strong>Actualidad<\/strong><\/p>\n<p><a href=\"https:\/\/www.publico.es\/politica\/elecciones-28a-igualdad-violencia-genero-propone-partido-programa-electoral.html\">Igualdad y violencia de g\u00e9nero: \u00bfqu\u00e9 propone cada partido en su programa electoral?<\/a> &#8211; P\u00fablico<\/p>\n<p><a href=\"https:\/\/tribunafeminista.elplural.com\/2019\/04\/el-espacio-confinado-mujeres-en-el-balcon\/\">El espacio confinado: mujeres en el balc\u00f3n&#8230;<\/a>&#8211; elplural.com<\/p>\n<p><a href=\"https:\/\/www.elmundo.es\/cataluna\/2019\/04\/23\/5cbf3489fc6c83242c8b468a.html\">Las mujeres del mundo inspiran a Rosa Clar\u00e1<\/a>&#8211; El Mundo<\/p>\n<p><strong>Violencias<\/strong><\/p>\n<p><a href=\"https:\/\/www.elmundo.es\/espana\/2019\/04\/24\/5cc01a36fc6c8370708b45b8.html\">Detenido un hombre tras la desaparici\u00f3n de su mujer y su hijo en Tenerife<\/a> \u2013 El Mundo<strong>\u00a0<\/strong><\/p>\n<p><strong>Ciencia y Cultura<\/strong><\/p>\n<p><a href=\"https:\/\/elpais.com\/cultura\/2019\/04\/03\/actualidad\/1554292659_220175.html\">La Sociedad Geogr\u00e1fica Espa\u00f1ola rinde homenaje a Selma Huxley, la mujer que cazaba ballenas antes que el capit\u00e1n Ahab<\/a> \u2013 El Pa\u00eds<\/p>\n<p><a href=\"https:\/\/www.google.com\/url?rct=j&amp;sa=t&amp;url=https:\/\/www.lasprovincias.es\/culturas\/ida-vitale-recoge-premio-cervantes-20190423114702-ntrc.html&amp;ct=ga&amp;cd=CAEYAioTNjkwNjcxNTQ0NzU2ODM4ODgyMTIZYzAzNzJlYmMyZmVhZGE1OTplczplczpFUw&amp;usg=AFQjCNElKHywET6cBfq-2g2aKjiEX2-QzQ\">Ida Vitale, brillante excepci\u00f3n de la regla cervantina <\/a>&#8211; Las Provincias<\/p>\n<p><a href=\"https:\/\/www.google.com\/url?sa=t&amp;rct=j&amp;q=&amp;esrc=s&amp;source=newssearch&amp;cd=4&amp;ved=0ahUKEwibruW7w-jhAhUNCRoKHeFeDl0QqQIIMCgAMAM&amp;url=https%3A%2F%2Ffeminismos.ladiaria.com.uy%2Farticulo%2F2019%2F4%2Fel-feminismo-pop-es-lo-que-nos-puede-salvar%2F&amp;usg=AOvVaw1BwfsBYA1DmHLybVljS6Ll\">El feminismo (pop) es lo que nos puede salvar<\/a>&#8211; la diaria<strong>\u00a0<\/strong><\/p>\n<p><strong>Deporte\u00a0\u00a0<\/strong><\/p>\n<p><a href=\"https:\/\/www.esdiario.com\/225818873\/Campeones-masculinos-500-euros-campeones-femeninos-250.-Por-que.html\">Campeones masculinos, 500 euros; campeones femeninos, 250. \u00bfPor &#8230;<\/a>&#8211; ESdiario<\/p>\n<p><a href=\"https:\/\/www.google.com\/url?sa=t&amp;rct=j&amp;q=&amp;esrc=s&amp;source=newssearch&amp;cd=46&amp;ved=0ahUKEwil8fCZs-jhAhXhzoUKHS-GAgI4KBCpAgg2KAAwBQ&amp;url=https%3A%2F%2Fwww.sport.es%2Fes%2Fnoticias%2Ffutbol-femenino-barca%2Fbarcelona-vuelca-con-barca-femenino-7420060&amp;usg=AOvVaw13IucTVIvQM5qLPBfLDk6e\">Barcelona se vuelca con el Bar\u00e7a Femenino<\/a>&#8211; Sport<\/p>\n<p><a href=\"https:\/\/www.google.com\/url?sa=t&amp;rct=j&amp;q=&amp;esrc=s&amp;source=newssearch&amp;cd=17&amp;ved=0ahUKEwiU9LDRsujhAhWH4YUKHbLkBC44ChCpAgg5KAAwBg&amp;url=https%3A%2F%2Fwww.elcorreo.com%2Fdeporte-femenino%2Ffutbol%2Fliga-femenina-cromos-20190422142027-nt.html&amp;usg=AOvVaw2LteB2KsqZBiOFTLHtVve7\">La Liga femenina ya tiene sus cromos<\/a>&#8211; El Correo<\/p>\n<p><a href=\"https:\/\/www.elespanol.com\/deportes\/otros-deportes\/20190423\/miriam-gutierrez-superar-gracias-numero-pp-torrejon\/393211504_0.html\">Miriam Guti\u00e9rrez, de superar los malos tratos gracias al boxeo a ser &#8230;<\/a>&#8211; El Espa\u00f1ol<\/p>\n<p>[\/toggle]<\/p>\n<p>[toggle type=\u00bbfirst\u00bb title=\u00bbInternacional\u00bb]<\/p>\n<p><a href=\"https:\/\/www.google.com\/url?sa=t&amp;rct=j&amp;q=&amp;esrc=s&amp;source=newssearch&amp;cd=2&amp;ved=0ahUKEwjrlcPcwujhAhVRrxoKHbLNCI0QqQIIKygAMAE&amp;url=https%3A%2F%2Fwww.lanacion.com.ar%2Feconomia%2Fliderazgo-femenino-la-mujer-detras-del-explosivo-crecimiento-de-amazon-nid2240889&amp;usg=AOvVaw2NWwAXCz1Tnq9SmSoaReyf\">Liderazgo femenino: Beth Galetti, la mujer detr\u00e1s del explosivo crecimiento de Amazon &#8230;<\/a>&#8211; La Nacion<\/p>\n<p><a href=\"https:\/\/www.lanacion.com.ar\/economia\/patricia-bindi-hay-muchas-mujeres-liderando-empresas-nid2240817\">Patricia Bindi, directora banca empresas de HSBC: \u00abHay muchas mujeres liderando empresas\u00bb<\/a>&#8211; La Naci\u00f3n<\/p>\n<p><a href=\"https:\/\/www.google.com\/url?sa=t&amp;rct=j&amp;q=&amp;esrc=s&amp;source=newssearch&amp;cd=57&amp;ved=0ahUKEwizquqyrOjhAhUKRBUIHaB3DrE4MhCpAgg4KAAwBg&amp;url=https%3A%2F%2Fwww.iprofesional.com%2Ffinanzas%2F290633-visa-women-empoderamiento-tarjeta-Santander-Rio-lanza-Banca-Women-una-propuesta-innovadora-para-las-mujeres&amp;usg=AOvVaw1k-za8nvSCMISZiabpmr9A\">Santander R\u00edo lanza Banca Women: una propuesta innovadora para &#8230;<\/a>&#8211; <a href=\"http:\/\/iprofesional.com\">iprofesional.com<\/a><\/p>\n<p><a href=\"https:\/\/www.google.com\/url?sa=t&amp;rct=j&amp;q=&amp;esrc=s&amp;source=newssearch&amp;cd=21&amp;ved=0ahUKEwjquNCpr-jhAhXlrnEKHUE-AGg4FBCpAggnKAAwAA&amp;url=https%3A%2F%2Felpais.com%2Feconomia%2F2019%2F04%2F23%2Factualidad%2F1556044402_540775.html&amp;usg=AOvVaw3hCo7cBvfHEGGiu_Q6rqrO\">Los inversores en Holanda dan la espalda a las empresas que montan ellas &#8230;<\/a>&#8211; El Pa\u00eds<\/p>\n<p><a href=\"https:\/\/www.eldiario.es\/edcreativo\/blog\/Prospera-programa-microempresas-Brasil_6_891770834.html\">As\u00ed es Prospera, el programa que ha permitido la creaci\u00f3n de 600.000 microempresas en Brasil &#8230;<\/a>&#8211; eldiario.es<\/p>\n<p><a href=\"https:\/\/www.infobae.com\/parati\/news\/2019\/04\/23\/quienes-son-las-mujeres-mas-influyentes-del-mundo-segun-time\/\">Qui\u00e9nes son las mujeres m\u00e1s influyentes del mundo seg\u00fan Time<\/a>&#8211; Infobae.com<\/p>\n<p><a href=\"https:\/\/laverdadnoticias.com\/estiloyvida\/Desarrollan-implante-para-mujeres-que-podria-proteger-del-VIH-20190423-0191.html\">Desarrollan implante para mujeres que podr\u00eda proteger del VIH<\/a>&#8211; Diario La Verdad<\/p>\n<p><a href=\"https:\/\/www.publico.es\/internacional\/francia-ofrecera-desayunos-gratuitos-escuelas.html\">Francia ofrecer\u00e1 desayunos gratuitos en las escuelas de las zonas m\u00e1s desfavorecidas<\/a> \u2013 P\u00fablico<\/p>\n<p><a href=\"https:\/\/www.google.com\/url?sa=t&amp;rct=j&amp;q=&amp;esrc=s&amp;source=newssearch&amp;cd=49&amp;ved=0ahUKEwiLhc6DrOjhAhWjSxUIHRXDAvI4KBCpAgg-KAAwCA&amp;url=https%3A%2F%2Fwww.montevideo.com.uy%2FMujer%2FUnas-7-500-mujeres-se-unen-a-lista-para-ampliar-presencia-femenina-en-ciencia-uc716367&amp;usg=AOvVaw2V-ylYaYHpj73CDVtVhv4v\">Unas 7.500 mujeres se unen a lista para ampliar presencia femenina en la ciencia &#8230;<\/a>&#8211; Montevideo Portal<\/p>\n<p><a href=\"https:\/\/www.elmundo.es\/cultura\/laesferadepapel\/2019\/04\/24\/5cb4ad0321efa082318b4680.html\">Rita Azevedo Gomes y el enigma del tiempo<\/a>\u2013 El Mundo<\/p>\n<p><a href=\"https:\/\/www.elmundo.es\/deportes\/futbol\/2019\/04\/23\/5cbf28e821efa009748b4648.html\">St\u00e9phanie Frappart ser\u00e1 la primera mujer que arbitre en la Ligue 1<\/a>\u2013 El Mundo<\/p>\n<p>[\/toggle]<\/p>\n<\/div>\n<\/div>\n<\/div>\n<\/div>\n<\/div>\n<\/div>\n","protected":false},"excerpt":{"rendered":"<p>Beth Galetti, la mujer detr\u00e1s del crecimiento de Amaz\u00f3n-La brecha <a href=\"https:\/\/cklcomunicaciones.es\/coop\/noticias-info-ckl-no-2-328-24-04-19\/\">[&#8230;]<\/a><\/p>\n","protected":false},"author":3,"featured_media":0,"comment_status":"closed","ping_status":"closed","sticky":false,"template":"","format":"standard","meta":{"footnotes":""},"categories":[298,623],"tags":[],"class_list":["post-14576","post","type-post","status-publish","format-standard","hentry","category-newsletter","category-nwl-2-0"],"yoast_head":"<!-- This site is optimized with the Yoast SEO plugin v27.5 - https:\/\/yoast.com\/product\/yoast-seo-wordpress\/ -->\n<title>Noticias Info CKL n\u00ba 2.328-24\/04\/19-Comunicar con perspectiva de g\u00e9nero<\/title>\n<meta name=\"description\" content=\"Comunicar con perspectiva de g\u00e9nero: Beth Galetti, la mujer detr\u00e1s del crecimiento de Amaz\u00f3n-La brecha en las pensiones m\u00e1s grande entre las mujeres con estudios superiores-\u00c1ngel Hern\u00e1ndez no ser\u00e1 juzgado por VG-El espacio confinado: mujeres en el balc\u00f3n\" \/>\n<meta name=\"robots\" content=\"index, follow, max-snippet:-1, max-image-preview:large, max-video-preview:-1\" \/>\n<link rel=\"canonical\" href=\"https:\/\/cklcomunicaciones.es\/coop\/noticias-info-ckl-no-2-328-24-04-19\/\" \/>\n<meta property=\"og:locale\" content=\"es_ES\" \/>\n<meta property=\"og:type\" content=\"article\" \/>\n<meta property=\"og:title\" content=\"Noticias Info CKL n\u00ba 2.328-24\/04\/19-Comunicar con perspectiva de g\u00e9nero\" \/>\n<meta property=\"og:description\" content=\"Comunicar con perspectiva de g\u00e9nero: Beth Galetti, la mujer detr\u00e1s del crecimiento de Amaz\u00f3n-La brecha en las pensiones m\u00e1s grande entre las mujeres con estudios superiores-\u00c1ngel Hern\u00e1ndez no ser\u00e1 juzgado por VG-El espacio confinado: mujeres en el balc\u00f3n\" \/>\n<meta property=\"og:url\" content=\"https:\/\/cklcomunicaciones.es\/coop\/noticias-info-ckl-no-2-328-24-04-19\/\" \/>\n<meta property=\"og:site_name\" content=\"CKL Comunicaciones\" \/>\n<meta property=\"article:published_time\" content=\"2019-04-24T11:07:55+00:00\" \/>\n<meta property=\"article:modified_time\" content=\"2025-01-17T15:43:12+00:00\" \/>\n<meta property=\"og:image\" content=\"https:\/\/cklcomunicaciones.es\/coop\/wp-content\/uploads\/2018\/03\/CKL_comunicacion-con-perspetiva-de-genero.jpg\" \/>\n\t<meta property=\"og:image:width\" content=\"500\" \/>\n\t<meta property=\"og:image:height\" content=\"500\" \/>\n\t<meta property=\"og:image:type\" content=\"image\/jpeg\" \/>\n<meta name=\"author\" content=\"ckl\" \/>\n<meta name=\"twitter:card\" content=\"summary_large_image\" \/>\n<meta name=\"twitter:label1\" content=\"Escrito por\" \/>\n\t<meta name=\"twitter:data1\" content=\"ckl\" \/>\n\t<meta name=\"twitter:label2\" content=\"Tiempo de lectura\" \/>\n\t<meta name=\"twitter:data2\" content=\"5 minutos\" \/>\n<script type=\"application\/ld+json\" class=\"yoast-schema-graph\">{\"@context\":\"https:\\\/\\\/schema.org\",\"@graph\":[{\"@type\":\"Article\",\"@id\":\"https:\\\/\\\/cklcomunicaciones.es\\\/coop\\\/noticias-info-ckl-no-2-328-24-04-19\\\/#article\",\"isPartOf\":{\"@id\":\"https:\\\/\\\/cklcomunicaciones.es\\\/coop\\\/noticias-info-ckl-no-2-328-24-04-19\\\/\"},\"author\":{\"name\":\"ckl\",\"@id\":\"https:\\\/\\\/cklcomunicaciones.es\\\/coop\\\/#\\\/schema\\\/person\\\/929a6837f7626450bbb50cee1aef266e\"},\"headline\":\"Noticias Info CKL n\u00ba 2.328-24\\\/04\\\/19\",\"datePublished\":\"2019-04-24T11:07:55+00:00\",\"dateModified\":\"2025-01-17T15:43:12+00:00\",\"mainEntityOfPage\":{\"@id\":\"https:\\\/\\\/cklcomunicaciones.es\\\/coop\\\/noticias-info-ckl-no-2-328-24-04-19\\\/\"},\"wordCount\":962,\"image\":{\"@id\":\"https:\\\/\\\/cklcomunicaciones.es\\\/coop\\\/noticias-info-ckl-no-2-328-24-04-19\\\/#primaryimage\"},\"thumbnailUrl\":\"http:\\\/\\\/www.cklcomunicaciones.es\\\/wp-content\\\/uploads\\\/2018\\\/03\\\/CKL_comunicacion-con-perspetiva-de-genero-300x300.jpg\",\"articleSection\":[\"Newsletter\",\"Nwl v2.0\"],\"inLanguage\":\"es\"},{\"@type\":\"WebPage\",\"@id\":\"https:\\\/\\\/cklcomunicaciones.es\\\/coop\\\/noticias-info-ckl-no-2-328-24-04-19\\\/\",\"url\":\"https:\\\/\\\/cklcomunicaciones.es\\\/coop\\\/noticias-info-ckl-no-2-328-24-04-19\\\/\",\"name\":\"Noticias Info CKL n\u00ba 2.328-24\\\/04\\\/19-Comunicar con perspectiva de g\u00e9nero\",\"isPartOf\":{\"@id\":\"https:\\\/\\\/cklcomunicaciones.es\\\/coop\\\/#website\"},\"primaryImageOfPage\":{\"@id\":\"https:\\\/\\\/cklcomunicaciones.es\\\/coop\\\/noticias-info-ckl-no-2-328-24-04-19\\\/#primaryimage\"},\"image\":{\"@id\":\"https:\\\/\\\/cklcomunicaciones.es\\\/coop\\\/noticias-info-ckl-no-2-328-24-04-19\\\/#primaryimage\"},\"thumbnailUrl\":\"http:\\\/\\\/www.cklcomunicaciones.es\\\/wp-content\\\/uploads\\\/2018\\\/03\\\/CKL_comunicacion-con-perspetiva-de-genero-300x300.jpg\",\"datePublished\":\"2019-04-24T11:07:55+00:00\",\"dateModified\":\"2025-01-17T15:43:12+00:00\",\"author\":{\"@id\":\"https:\\\/\\\/cklcomunicaciones.es\\\/coop\\\/#\\\/schema\\\/person\\\/929a6837f7626450bbb50cee1aef266e\"},\"description\":\"Comunicar con perspectiva de g\u00e9nero: Beth Galetti, la mujer detr\u00e1s del crecimiento de Amaz\u00f3n-La brecha en las pensiones m\u00e1s grande entre las mujeres con estudios superiores-\u00c1ngel Hern\u00e1ndez no ser\u00e1 juzgado por VG-El espacio confinado: mujeres en el balc\u00f3n\",\"breadcrumb\":{\"@id\":\"https:\\\/\\\/cklcomunicaciones.es\\\/coop\\\/noticias-info-ckl-no-2-328-24-04-19\\\/#breadcrumb\"},\"inLanguage\":\"es\",\"potentialAction\":[{\"@type\":\"ReadAction\",\"target\":[\"https:\\\/\\\/cklcomunicaciones.es\\\/coop\\\/noticias-info-ckl-no-2-328-24-04-19\\\/\"]}]},{\"@type\":\"ImageObject\",\"inLanguage\":\"es\",\"@id\":\"https:\\\/\\\/cklcomunicaciones.es\\\/coop\\\/noticias-info-ckl-no-2-328-24-04-19\\\/#primaryimage\",\"url\":\"http:\\\/\\\/www.cklcomunicaciones.es\\\/wp-content\\\/uploads\\\/2018\\\/03\\\/CKL_comunicacion-con-perspetiva-de-genero-300x300.jpg\",\"contentUrl\":\"http:\\\/\\\/www.cklcomunicaciones.es\\\/wp-content\\\/uploads\\\/2018\\\/03\\\/CKL_comunicacion-con-perspetiva-de-genero-300x300.jpg\"},{\"@type\":\"BreadcrumbList\",\"@id\":\"https:\\\/\\\/cklcomunicaciones.es\\\/coop\\\/noticias-info-ckl-no-2-328-24-04-19\\\/#breadcrumb\",\"itemListElement\":[{\"@type\":\"ListItem\",\"position\":1,\"name\":\"Portada\",\"item\":\"https:\\\/\\\/cklcomunicaciones.es\\\/coop\\\/\"},{\"@type\":\"ListItem\",\"position\":2,\"name\":\"Noticias Info CKL n\u00ba 2.328-24\\\/04\\\/19\"}]},{\"@type\":\"WebSite\",\"@id\":\"https:\\\/\\\/cklcomunicaciones.es\\\/coop\\\/#website\",\"url\":\"https:\\\/\\\/cklcomunicaciones.es\\\/coop\\\/\",\"name\":\"CKL Comunicaciones\",\"description\":\"Sitio web de CKL Comunicaciones coop , la consultora de comunicaci\u00f3n y estrategia\",\"potentialAction\":[{\"@type\":\"SearchAction\",\"target\":{\"@type\":\"EntryPoint\",\"urlTemplate\":\"https:\\\/\\\/cklcomunicaciones.es\\\/coop\\\/?s={search_term_string}\"},\"query-input\":{\"@type\":\"PropertyValueSpecification\",\"valueRequired\":true,\"valueName\":\"search_term_string\"}}],\"inLanguage\":\"es\"},{\"@type\":\"Person\",\"@id\":\"https:\\\/\\\/cklcomunicaciones.es\\\/coop\\\/#\\\/schema\\\/person\\\/929a6837f7626450bbb50cee1aef266e\",\"name\":\"ckl\",\"image\":{\"@type\":\"ImageObject\",\"inLanguage\":\"es\",\"@id\":\"https:\\\/\\\/secure.gravatar.com\\\/avatar\\\/c82db564e8a669bf6023357a157b9dc4780f4d4c618f2ad1d71a6a5dede45057?s=96&d=mm&r=g\",\"url\":\"https:\\\/\\\/secure.gravatar.com\\\/avatar\\\/c82db564e8a669bf6023357a157b9dc4780f4d4c618f2ad1d71a6a5dede45057?s=96&d=mm&r=g\",\"contentUrl\":\"https:\\\/\\\/secure.gravatar.com\\\/avatar\\\/c82db564e8a669bf6023357a157b9dc4780f4d4c618f2ad1d71a6a5dede45057?s=96&d=mm&r=g\",\"caption\":\"ckl\"},\"url\":\"https:\\\/\\\/cklcomunicaciones.es\\\/coop\\\/author\\\/cklcomunicaciones\\\/\"}]}<\/script>\n<!-- \/ Yoast SEO plugin. -->","yoast_head_json":{"title":"Noticias Info CKL n\u00ba 2.328-24\/04\/19-Comunicar con perspectiva de g\u00e9nero","description":"Comunicar con perspectiva de g\u00e9nero: Beth Galetti, la mujer detr\u00e1s del crecimiento de Amaz\u00f3n-La brecha en las pensiones m\u00e1s grande entre las mujeres con estudios superiores-\u00c1ngel Hern\u00e1ndez no ser\u00e1 juzgado por VG-El espacio confinado: mujeres en el balc\u00f3n","robots":{"index":"index","follow":"follow","max-snippet":"max-snippet:-1","max-image-preview":"max-image-preview:large","max-video-preview":"max-video-preview:-1"},"canonical":"https:\/\/cklcomunicaciones.es\/coop\/noticias-info-ckl-no-2-328-24-04-19\/","og_locale":"es_ES","og_type":"article","og_title":"Noticias Info CKL n\u00ba 2.328-24\/04\/19-Comunicar con perspectiva de g\u00e9nero","og_description":"Comunicar con perspectiva de g\u00e9nero: Beth Galetti, la mujer detr\u00e1s del crecimiento de Amaz\u00f3n-La brecha en las pensiones m\u00e1s grande entre las mujeres con estudios superiores-\u00c1ngel Hern\u00e1ndez no ser\u00e1 juzgado por VG-El espacio confinado: mujeres en el balc\u00f3n","og_url":"https:\/\/cklcomunicaciones.es\/coop\/noticias-info-ckl-no-2-328-24-04-19\/","og_site_name":"CKL Comunicaciones","article_published_time":"2019-04-24T11:07:55+00:00","article_modified_time":"2025-01-17T15:43:12+00:00","og_image":[{"width":500,"height":500,"url":"https:\/\/cklcomunicaciones.es\/coop\/wp-content\/uploads\/2018\/03\/CKL_comunicacion-con-perspetiva-de-genero.jpg","type":"image\/jpeg"}],"author":"ckl","twitter_card":"summary_large_image","twitter_misc":{"Escrito por":"ckl","Tiempo de lectura":"5 minutos"},"schema":{"@context":"https:\/\/schema.org","@graph":[{"@type":"Article","@id":"https:\/\/cklcomunicaciones.es\/coop\/noticias-info-ckl-no-2-328-24-04-19\/#article","isPartOf":{"@id":"https:\/\/cklcomunicaciones.es\/coop\/noticias-info-ckl-no-2-328-24-04-19\/"},"author":{"name":"ckl","@id":"https:\/\/cklcomunicaciones.es\/coop\/#\/schema\/person\/929a6837f7626450bbb50cee1aef266e"},"headline":"Noticias Info CKL n\u00ba 2.328-24\/04\/19","datePublished":"2019-04-24T11:07:55+00:00","dateModified":"2025-01-17T15:43:12+00:00","mainEntityOfPage":{"@id":"https:\/\/cklcomunicaciones.es\/coop\/noticias-info-ckl-no-2-328-24-04-19\/"},"wordCount":962,"image":{"@id":"https:\/\/cklcomunicaciones.es\/coop\/noticias-info-ckl-no-2-328-24-04-19\/#primaryimage"},"thumbnailUrl":"http:\/\/www.cklcomunicaciones.es\/wp-content\/uploads\/2018\/03\/CKL_comunicacion-con-perspetiva-de-genero-300x300.jpg","articleSection":["Newsletter","Nwl v2.0"],"inLanguage":"es"},{"@type":"WebPage","@id":"https:\/\/cklcomunicaciones.es\/coop\/noticias-info-ckl-no-2-328-24-04-19\/","url":"https:\/\/cklcomunicaciones.es\/coop\/noticias-info-ckl-no-2-328-24-04-19\/","name":"Noticias Info CKL n\u00ba 2.328-24\/04\/19-Comunicar con perspectiva de g\u00e9nero","isPartOf":{"@id":"https:\/\/cklcomunicaciones.es\/coop\/#website"},"primaryImageOfPage":{"@id":"https:\/\/cklcomunicaciones.es\/coop\/noticias-info-ckl-no-2-328-24-04-19\/#primaryimage"},"image":{"@id":"https:\/\/cklcomunicaciones.es\/coop\/noticias-info-ckl-no-2-328-24-04-19\/#primaryimage"},"thumbnailUrl":"http:\/\/www.cklcomunicaciones.es\/wp-content\/uploads\/2018\/03\/CKL_comunicacion-con-perspetiva-de-genero-300x300.jpg","datePublished":"2019-04-24T11:07:55+00:00","dateModified":"2025-01-17T15:43:12+00:00","author":{"@id":"https:\/\/cklcomunicaciones.es\/coop\/#\/schema\/person\/929a6837f7626450bbb50cee1aef266e"},"description":"Comunicar con perspectiva de g\u00e9nero: Beth Galetti, la mujer detr\u00e1s del crecimiento de Amaz\u00f3n-La brecha en las pensiones m\u00e1s grande entre las mujeres con estudios superiores-\u00c1ngel Hern\u00e1ndez no ser\u00e1 juzgado por VG-El espacio confinado: mujeres en el balc\u00f3n","breadcrumb":{"@id":"https:\/\/cklcomunicaciones.es\/coop\/noticias-info-ckl-no-2-328-24-04-19\/#breadcrumb"},"inLanguage":"es","potentialAction":[{"@type":"ReadAction","target":["https:\/\/cklcomunicaciones.es\/coop\/noticias-info-ckl-no-2-328-24-04-19\/"]}]},{"@type":"ImageObject","inLanguage":"es","@id":"https:\/\/cklcomunicaciones.es\/coop\/noticias-info-ckl-no-2-328-24-04-19\/#primaryimage","url":"http:\/\/www.cklcomunicaciones.es\/wp-content\/uploads\/2018\/03\/CKL_comunicacion-con-perspetiva-de-genero-300x300.jpg","contentUrl":"http:\/\/www.cklcomunicaciones.es\/wp-content\/uploads\/2018\/03\/CKL_comunicacion-con-perspetiva-de-genero-300x300.jpg"},{"@type":"BreadcrumbList","@id":"https:\/\/cklcomunicaciones.es\/coop\/noticias-info-ckl-no-2-328-24-04-19\/#breadcrumb","itemListElement":[{"@type":"ListItem","position":1,"name":"Portada","item":"https:\/\/cklcomunicaciones.es\/coop\/"},{"@type":"ListItem","position":2,"name":"Noticias Info CKL n\u00ba 2.328-24\/04\/19"}]},{"@type":"WebSite","@id":"https:\/\/cklcomunicaciones.es\/coop\/#website","url":"https:\/\/cklcomunicaciones.es\/coop\/","name":"CKL Comunicaciones","description":"Sitio web de CKL Comunicaciones coop , la consultora de comunicaci\u00f3n y estrategia","potentialAction":[{"@type":"SearchAction","target":{"@type":"EntryPoint","urlTemplate":"https:\/\/cklcomunicaciones.es\/coop\/?s={search_term_string}"},"query-input":{"@type":"PropertyValueSpecification","valueRequired":true,"valueName":"search_term_string"}}],"inLanguage":"es"},{"@type":"Person","@id":"https:\/\/cklcomunicaciones.es\/coop\/#\/schema\/person\/929a6837f7626450bbb50cee1aef266e","name":"ckl","image":{"@type":"ImageObject","inLanguage":"es","@id":"https:\/\/secure.gravatar.com\/avatar\/c82db564e8a669bf6023357a157b9dc4780f4d4c618f2ad1d71a6a5dede45057?s=96&d=mm&r=g","url":"https:\/\/secure.gravatar.com\/avatar\/c82db564e8a669bf6023357a157b9dc4780f4d4c618f2ad1d71a6a5dede45057?s=96&d=mm&r=g","contentUrl":"https:\/\/secure.gravatar.com\/avatar\/c82db564e8a669bf6023357a157b9dc4780f4d4c618f2ad1d71a6a5dede45057?s=96&d=mm&r=g","caption":"ckl"},"url":"https:\/\/cklcomunicaciones.es\/coop\/author\/cklcomunicaciones\/"}]}},"_links":{"self":[{"href":"https:\/\/cklcomunicaciones.es\/coop\/wp-json\/wp\/v2\/posts\/14576","targetHints":{"allow":["GET"]}}],"collection":[{"href":"https:\/\/cklcomunicaciones.es\/coop\/wp-json\/wp\/v2\/posts"}],"about":[{"href":"https:\/\/cklcomunicaciones.es\/coop\/wp-json\/wp\/v2\/types\/post"}],"author":[{"embeddable":true,"href":"https:\/\/cklcomunicaciones.es\/coop\/wp-json\/wp\/v2\/users\/3"}],"replies":[{"embeddable":true,"href":"https:\/\/cklcomunicaciones.es\/coop\/wp-json\/wp\/v2\/comments?post=14576"}],"version-history":[{"count":0,"href":"https:\/\/cklcomunicaciones.es\/coop\/wp-json\/wp\/v2\/posts\/14576\/revisions"}],"wp:attachment":[{"href":"https:\/\/cklcomunicaciones.es\/coop\/wp-json\/wp\/v2\/media?parent=14576"}],"wp:term":[{"taxonomy":"category","embeddable":true,"href":"https:\/\/cklcomunicaciones.es\/coop\/wp-json\/wp\/v2\/categories?post=14576"},{"taxonomy":"post_tag","embeddable":true,"href":"https:\/\/cklcomunicaciones.es\/coop\/wp-json\/wp\/v2\/tags?post=14576"}],"curies":[{"name":"wp","href":"https:\/\/api.w.org\/{rel}","templated":true}]}}