{"id":14571,"date":"2019-04-17T15:08:56","date_gmt":"2019-04-17T13:08:56","guid":{"rendered":"http:\/\/www.cklcomunicaciones.es\/?p=14571"},"modified":"2025-01-17T16:43:12","modified_gmt":"2025-01-17T15:43:12","slug":"noticias-info-ckl-no-2-2326-17-04-19","status":"publish","type":"post","link":"https:\/\/cklcomunicaciones.es\/coop\/noticias-info-ckl-no-2-2326-17-04-19\/","title":{"rendered":"Noticias Info CKL n\u00ba 2.326-17\/04\/19"},"content":{"rendered":"<div id=\"pl-14571\"  class=\"panel-layout\" >\n<div id=\"pg-14571-0\"  class=\"panel-grid panel-no-style\"  data-style=\"{&quot;background_image_attachment&quot;:false,&quot;background_display&quot;:&quot;tile&quot;,&quot;cell_alignment&quot;:&quot;flex-start&quot;}\" >\n<div id=\"pgc-14571-0-0\"  class=\"panel-grid-cell\"  data-weight=\"1\" >\n<div id=\"panel-14571-0-0-0\" class=\"so-panel widget widget_sow-editor panel-first-child panel-last-child\" data-index=\"0\" data-style=\"{&quot;background_image_attachment&quot;:false,&quot;background_display&quot;:&quot;tile&quot;}\" >\n<div class=\"so-widget-sow-editor so-widget-sow-editor-base\">\n<div class=\"siteorigin-widget-tinymce textwidget\">\n<p><img decoding=\"async\" class=\"lazyload  wp-image-13726\" src=\"http:\/\/www.cklcomunicaciones.es\/wp-content\/uploads\/2018\/03\/CKL_comunicacion-con-perspetiva-de-genero-300x300.jpg\" data-orig-src=\"http:\/\/www.cklcomunicaciones.es\/wp-content\/uploads\/2018\/03\/CKL_comunicacion-con-perspetiva-de-genero-300x300.jpg\" alt=\"CKL_comunicacion con perspetiva de genero\" width=\"132\" height=\"132\" srcset=\"data:image\/svg+xml,%3Csvg%20xmlns%3D%27http%3A%2F%2Fwww.w3.org%2F2000%2Fsvg%27%20width%3D%27132%27%20height%3D%27132%27%20viewBox%3D%270%200%20132%20132%27%3E%3Crect%20width%3D%27132%27%20height%3D%27132%27%20fill-opacity%3D%220%22%2F%3E%3C%2Fsvg%3E\" data-srcset=\"https:\/\/cklcomunicaciones.es\/coop\/wp-content\/uploads\/2018\/03\/CKL_comunicacion-con-perspetiva-de-genero-150x150.jpg 150w, https:\/\/cklcomunicaciones.es\/coop\/wp-content\/uploads\/2018\/03\/CKL_comunicacion-con-perspetiva-de-genero-300x300.jpg 300w, https:\/\/cklcomunicaciones.es\/coop\/wp-content\/uploads\/2018\/03\/CKL_comunicacion-con-perspetiva-de-genero-450x450.jpg 450w, https:\/\/cklcomunicaciones.es\/coop\/wp-content\/uploads\/2018\/03\/CKL_comunicacion-con-perspetiva-de-genero.jpg 500w\" data-sizes=\"auto\" data-orig-sizes=\"(max-width: 132px) 100vw, 132px\" \/><\/p>\n<p id=\":25f\" class=\"hP\" tabindex=\"-1\" data-thread-perm-id=\"thread-f:1630512937700816687\" data-legacy-thread-id=\"16a0bee0c555f72f\"><strong>Las ni\u00f1as necesitan referentes femeninos de \u00e9xito-Mujeres descarriadas en Holanda-Prostitutas condenadas clientes libres-Misbahm empresaria paquistan\u00ed-Aretha Franklin, premio Pulitzer especial-Oce\u00e1nidas: mujeres al tim\u00f3n<\/strong><\/p>\n<p>[toggle type=\u00bbfirst\u00bb title=\u00bbRecomendaciones\u00bb]<\/p>\n<ul>\n<li>Documental\u00a0<a href=\"http:\/\/www.rtve.es\/alacarta\/videos\/otros-documentales\/otros-documentales-pata-quebrada\/3228220\/\">Con la pata quebrada<\/a>\u00a0de Diego Gal\u00e1n (2013) sobre la representaci\u00f3n de la mujer en el cine<\/li>\n<\/ul>\n<p>[\/toggle]<\/p>\n<p>[toggle type=\u00bbfirst\u00bb title=\u00bbConvocatorias\u00bb]<\/p>\n<ul>\n<li>IX edici\u00f3n de Mentes Brillantes \u00ab21 Mentes Brillantes, 21 Minutos, 21 Mujeres\u00bb.\u00a0Visualizar referentes femeninos en todos los campos del conocimiento.28 y 29 de mayo, Teatro Alc\u00e1zar de Madrid.<\/li>\n<li>Festival de Cine Africano de Tarifa-T\u00e1nger (FCAT 2019), cono nueva extensi\u00f3n en Algeciras (C\u00e1diz). 29 de abril y el 2 de mayo.<\/li>\n<\/ul>\n<p>[\/toggle]<\/p>\n<p>[toggle type=\u00bbfirst\u00bb title=\u00bbComunicaci\u00f3n\u00bb]<\/p>\n<p><a href=\"https:\/\/www.antena3.com\/novalife\/mujeres-poder\/que-ninas-necesitan-referentes-femeninos-exito_201904165cb6cbb30cf2e13669501e4a.html\">\u00bfPor qu\u00e9 las ni\u00f1as necesitan referentes femeninos de \u00e9xito?<\/a>\u00a0&#8211; Antena 3<\/p>\n<p><a href=\"https:\/\/www.diariodeibiza.es\/opinion\/2019\/04\/16\/voces-mujeres\/1060840.html\">Voces de mujeres: Las periodistas olvidadas<\/a>\u00a0&#8211; Diario de Ibiza<\/p>\n<p><a href=\"https:\/\/www.youtube.com\/watch?v=iwAZZMeZLBo\">Los restos de ser una mujer productora en Hollywood : Wendy Finerman<\/a>\u00a0&#8211; The Atlantic<\/p>\n<p><a href=\"https:\/\/www.latercera.com\/que-pasa\/noticia\/jessica-benjamin-la-feminista-desafia-trump\/616326\/\">Jessica Benjamin, la feminista que desaf\u00eda a Trump<\/a>\u00a0&#8211; La Tercera<\/p>\n<p><a href=\"https:\/\/smoda.elpais.com\/feminismo\/heroinas-o-brujas-asi-se-estereotipan-las-mujeres-alfa\/\">Hero\u00ednas o brujas: as\u00ed se estereotipan las mujeres alfa<\/a>\u00a0&#8211; El Pa\u00eds<\/p>\n<p><a href=\"https:\/\/www.df.cl\/noticias\/empresas\/telecom-tecn\/una-mujer-estara-a-cargo-del-mayor-gremio-tecnologico-del-pais\/2019-04-16\/134050.html\">Andrea Pinto Ag\u00fcero Corominas, al frente de la ACTI de Chile<\/a>\u00a0&#8211; Diario Financiero<\/p>\n<p><a href=\"https:\/\/www.publico.es\/internacional\/camaras-ocultas-banos-moteles-camaras-ocultas-difusion-videos-sexuales-amenaza-surcoreanas.html\">C\u00e1maras ocultas y difusi\u00f3n de v\u00eddeos sexuales, la amenaza para las surcoreanas<\/a>\u00a0&#8211; P\u00fablico<\/p>\n<p><a href=\"https:\/\/www.lacapitalmdp.com\/lenguaje-inclusivo-en-la-unmdp-del-debate-a-la-institucionalizacion\/\">Lenguaje inclusivo en la Universidad de Mar del Plata: del debate a la institucionalizaci\u00f3n<\/a>\u00a0&#8211; La Capital Mar de Plata<\/p>\n<p><a href=\"https:\/\/www.eldiario.es\/andalucia\/lacajanegra\/Isabel_Munoz-fotografia-cuerpos-arte-cultura_0_889261407.html\">Isabel Mu\u00f1oz, fot\u00f3grafa: \u00abCensuramos un desnudo, pero aceptamos cosas m\u00e1s obscenas, como la corrupci\u00f3n\u00bb<\/a>\u00a0&#8211; el\u00a0diario.es<\/p>\n<p>[\/toggle]<\/p>\n<p>[toggle type=\u00bbfirst\u00bb title=\u00bbAndaluc\u00eda\u00bb]<\/p>\n<p><a href=\"https:\/\/www.diariosur.es\/malaga-capital\/malaguena-maria-garcia-20190417000436-ntvo.html\">La malague\u00f1a Mar\u00eda Garc\u00eda Puyol, en la lista &#8216;Innovators under 35 Europe 2018&#8217;<\/a>\u00a0&#8211; Diario Sur<\/p>\n<p><a href=\"https:\/\/www.observatoriorh.com\/seleccion\/como-es-el-perfil-del-directivo-contratado-en-andalucia.html\">\u00bfC\u00f3mo es el perfil del directivo contratado por empresas en Andaluc\u00eda en 2018?<\/a>\u00a0&#8211; Observatorio RRHH<\/p>\n<p><a href=\"https:\/\/www.europapress.es\/andalucia\/huelva-00354\/noticia-1000-temporeras-vienen-primera-vez-trabajar-fresa-huelva-viajan-ya-peninsula-20190417122135.html\">Unas 1.000 temporeras que vienen por primera vez a trabajar en la fresa en Huelva viajan ya hacia la pen\u00ednsula<\/a>\u00a0&#8211; Europa Press<\/p>\n<p><strong>Actualidad<\/strong><strong>\u00a0\u00a0<\/strong><\/p>\n<p><a href=\"https:\/\/www.noticiasdealmeria.com\/delegacion-de-empleo-e-iam-analizan-la-insercion-de-mujeres-victimas-de-violencia-de-genero\">Delegaci\u00f3n de Empleo e IAM analizan la inserci\u00f3n de mujeres v\u00edctimas de violencia<\/a>\u00a0&#8211; Noticias de Almer\u00eda<\/p>\n<p><a href=\"http:\/\/www.juntadeandalucia.es\/presidencia\/portavoz\/sociedad\/141832\/ConsejodeGobierno\/PersonasMayores\/PlanEstrategico\/ConsejeriadeIgualdad\">La Consejer\u00eda de Igualdad elaborar\u00e1 el I Plan Estrat\u00e9gico Integral para Personas Mayores en Andaluc\u00eda<\/a>\u00a0&#8211; Oficina del Portavoz<\/p>\n<p><a href=\"https:\/\/roquetas.ideal.es\/roquetas\/violencia-genero-descubre-20190416112019-nt.html\">Un caso de violencia de g\u00e9nero descubre un arsenal de armas en Roquetas de Mar<\/a>\u00a0&#8211; Ideal<\/p>\n<p><a href=\"http:\/\/huelvaya.es\/2019\/04\/16\/taller-a-estudiantes-del-condado-para-prevenir-de-la-violencia-de-genero\/\">Taller a estudiantes del Condado para prevenir de la violencia de g\u00e9nero<\/a>\u00a0&#8211; Huelva YA<\/p>\n<p><strong>Ciencia y Cultura<\/strong><\/p>\n<p><a href=\"https:\/\/www.lavozdelsur.es\/mujeres-que-dirigen-los-pasos-de-sus-hermandades\/\">Mujeres que dirigen los \u2018pasos\u2019 de sus hermandades<\/a>\u00a0&#8211; La Voz del Sur<\/p>\n<p><a href=\"https:\/\/tribunafeminista.elplural.com\/2019\/04\/imagineria-barroca-en-femenino-luisa-roldan-la-roldana-de-sevilla\/\">Imaginer\u00eda barroca en femenino: Luisa Rold\u00e1n, la Roldana de Sevilla<\/a>\u00a0&#8211;\u00a0elplural.es<\/p>\n<p><strong>Deporte<\/strong><\/p>\n<p><a href=\"https:\/\/www.huelvainformacion.es\/provincia\/Oceanidas-mujeres-toman-timon_0_1344466119.html\">Oce\u00e1nidas: las mujeres toman el tim\u00f3n<\/a>\u00a0&#8211; Huelva Informaci\u00f3n<\/p>\n<p><a href=\"https:\/\/www.muchodeporte.com\/deporte_andaluz\/44805\/futbol_celia_jimenez_ya_es_historia\/\">Celia Jim\u00e9nez ya es historia: primera futbolista espa\u00f1ola en llegar a la NWSL de EEUU<\/a>\u00a0&#8211; Mucho Deporte<\/p>\n<p>[\/toggle]<\/p>\n<p>[toggle type=\u00bbfirst\u00bb title=\u00bbEstado\u00bb]<\/p>\n<p><strong>Institucional<\/strong><\/p>\n<p><a href=\"https:\/\/www.eldiario.es\/cultura\/Instituto-Cervantes-Londres-Ida-Vitale_0_889261971.html\">El Instituto Cervantes de Londres homenajea a la poetisa uruguaya Ida Vitale<\/a>\u00a0&#8211;\u00a0diario.es<\/p>\n<p><strong>Institucional-CCAA<\/strong><\/p>\n<p><a href=\"https:\/\/www.rrhhpress.com\/mujer-y-trabajo\/45691-la-comunidad-de-madrid-destina-720-000-euros-a-publicidad-sobre-igualdad-entre-hombres-y-mujeres-en-el-ambito-laboral\">La Comunidad de Madrid destina 720.000 euros a publicidad sobre igualdad entre hombres y mujeres en el \u00e1mbito laboral<\/a>\u00a0&#8211; RRHH Press<\/p>\n<p><a href=\"http:\/\/infoprovincia.net\/2019\/04\/16\/esther-gutierrez-anima-a-solicitar-las-ayudas-al-fomento-de-la-economia-social-que-van-de-los-7-500-a-los-33-000-euros-por-beneficiario\/\">Esther Guti\u00e9rrez anima a solicitar ayudas al fomento de la econom\u00eda social en Extremadura<\/a>\u00a0&#8211;\u00a0<a href=\"http:\/\/infoprovincia.net\/\">infoprovincia.net<\/a><\/p>\n<p><a href=\"https:\/\/www.20minutos.es\/noticia\/3617743\/0\/instituto-mujer-convoca-ayudas-para-promocionar-igualdad-contra-mutilacion-genital-femenina-por-415-000-euros\/\">Instituto de la Mujer convoca ayudas para promocionar la igualdad y contra mutilaci\u00f3n genital femenina<\/a>\u00a0&#8211; 20minutos<\/p>\n<p><a href=\"http:\/\/www.lacerca.com\/noticias\/ciudad_real\/plan-igualdad-valdepenas-incorporara-acciones-hombres-abordar-corresponsabilidad-464590-1.html\">El Plan de Igualdad de Valdepe\u00f1as incorporar\u00e1 acciones para los hombres con el fin de abordar la corresponsabilidad<\/a>\u00a0&#8211; La Cerca<\/p>\n<p><a href=\"https:\/\/www.lavanguardia.com\/local\/baleares\/20190415\/461660357009\/ibdona-y-la-uib-reafirman-su-colaboracion-para-dar-continuidad-al-impulso-de-los-estudios-de-genero-en-la-universidad.html\">IBDona y la UIB reafirman su colaboraci\u00f3n para dar continuidad al impulso de los estudios de g\u00e9nero en la Universidad<\/a>\u00a0&#8211; La Vanguardia<\/p>\n<p><strong>Econom\u00eda y Empresa<\/strong><\/p>\n<p><a href=\"https:\/\/elpais.com\/elpais\/2019\/04\/11\/actualidad\/1554997605_593224.html\">Aulas para cimentar la igualdad<\/a>\u00a0&#8211; El Pa\u00eds<\/p>\n<p><a href=\"https:\/\/www.interempresas.net\/Farmacia\/Articulos\/243881-Women-360-Congress-celebra-III-Jornada-Especial-Tecnologia-Salud-batiendo-records.html\">El Women 360\u00ba Congress celebra su III Jornada Especial en Tecnolog\u00eda y Salud, batiendo sus records de participaci\u00f3n<\/a>\u00a0&#8211; Interempresas<\/p>\n<p><a href=\"https:\/\/www.diariodeibiza.es\/cultura\/2019\/04\/17\/hay-profesiones-mujeres-sed-querais\/1061132.html\">\u00abNo hay profesiones solo para mujeres, sed lo que quer\u00e1is\u00bb<\/a>\u00a0&#8211; Diario de Ibiza<\/p>\n<p><a href=\"https:\/\/www.mujeremprendedora.net\/easyjet-aerolinea-busca-empoderar-mujer-futuras-generaciones\/\">easyJet, la aerol\u00ednea que busca empoderar a la mujer y las futuras generaciones<\/a>\u00a0&#8211;\u00a0mujeremprendedora.net<\/p>\n<p><strong>Actualidad<\/strong><\/p>\n<p><a href=\"https:\/\/www.lavanguardia.com\/local\/asturias\/20190416\/461697480369\/maria-angeles-duran-cierra-el-ciclo-de-conferencias-feminismo-y-conocimiento.html\">Mar\u00eda \u00c1ngeles Dur\u00e1n cierra el ciclo de conferencias &#8216;Feminismo y Conocimiento&#8217; en Asturias<\/a>\u00a0&#8211; La Vanguardia<\/p>\n<p><a href=\"https:\/\/www.zaragoza.es\/ciudad\/noticias\/detalle_Noticia?id=228900\">&#8216;Las imprescindibles en la historia de Zaragoza&#8217; visibiliza a las mujeres que vivieron y trabajaron por la ciudad<\/a>\u00a0&#8211;\u00a0<a href=\"http:\/\/zaragoza.es\/\">zaragoza.es<\/a><\/p>\n<p><a href=\"https:\/\/contrainformacion.es\/mujeres-familia-trabajo-triada-sin-resolver\/\">Mujeres, familia, trabajo: triada sin resolver<\/a>\u00a0&#8211;\u00a0<a href=\"http:\/\/contrainformacion.es\/\">contrainformacion.es<\/a><\/p>\n<p><a href=\"https:\/\/www.efesalud.com\/mujer-cuidadora-entorno-salud\">Mujer cuidadora de su entorno, descuidada de s\u00ed misma<\/a>\u00a0&#8211; EFE<\/p>\n<p><a href=\"https:\/\/elpais.com\/politica\/2019\/04\/16\/actualidad\/1555438639_039982.html\">Diferentes formas de entender la igualdad<\/a>\u00a0&#8211; El Pa\u00eds<\/p>\n<p><strong>Violencias<\/strong><\/p>\n<p><a href=\"https:\/\/www.eldiario.es\/andalucia\/desdeelsur\/elecciones_generales_2019-machismo-violencia_de_genero-decisiones_6_889321078.html\">\u00abDecisiones generales\u00bb Miguel Lorente<\/a>\u00a0&#8211;\u00a0eldiario.es<\/p>\n<p><a href=\"https:\/\/andaluciainformacion.es\/andalucia\/819951\/un-juez-investiga-por-trato-vejatorio-un-tour-de-la-manada\/\">Un juez investiga por \u00abtrato vejatorio\u00bb un Tour de la Manada en Pamplona<\/a>\u00a0&#8211; Andaluc\u00eda Informaci\u00f3n<\/p>\n<p><a href=\"https:\/\/tribunafeminista.elplural.com\/2019\/04\/arrancamientos-de-los-hijos-en-nombre-del-bien-superior-del-menor\/\">\u201cArrancamientos\u201d de los hijos en nombre del bien superior del menor<\/a>\u00a0&#8211;\u00a0elplural.es<\/p>\n<p><a href=\"https:\/\/elpais.com\/elpais\/2019\/03\/22\/planeta_futuro\/1553264871_913393.html\">Mabel Lozano y las ni\u00f1as prostitutas de la autopista a Medell\u00edn<\/a>\u00a0&#8211; El Pa\u00eds<\/p>\n<p><strong>Ciencia y Cultura<\/strong><\/p>\n<p><a href=\"https:\/\/columnacero.com\/cultura\/22717\/evas-alquimicas-mujeres-que-practicaron-la-alquimia-y-que-fueron-olvidadas\/\">Evas alqu\u00edmicas: mujeres que practicaron la alquimia y que fueron olvidadas<\/a>\u00a0&#8211; Columna Cero<\/p>\n<p><a href=\"https:\/\/www.efe.com\/efe\/espana\/cultura\/gracia-querejeta-termina-el-rodaje-de-invisibles-una-cinta-mujeres\/10005-3954111\">Gracia Querejeta termina el rodaje de \u00abInvisibles\u00bb, una cinta de mujeres<\/a>\u00a0&#8211; EFE<\/p>\n<p><a href=\"https:\/\/www.europapress.es\/comunitat-valenciana\/noticia-vlc-negra-quita-venda-visibilizar-escritoras-siete-autoras-internacionales-20190416144408.html\">El certamen VLC Negra se \u00abquita la venda\u00bb para visibilizar a las escritoras con siete autoras internacionales<\/a>\u00a0&#8211; Europa Press<\/p>\n<p><a href=\"https:\/\/www.eldia.com\/nota\/2019-4-16-2-48-4-jimena-monteoliva-las-mujeres-eramos-vistas-como-publico-de-comedia-romantica-o-drama--espectaculos\">Jimena Monteoliva, productora y realizadora: \u00abLas mujeres \u00e9ramos vistas como p\u00fablico de comedia rom\u00e1ntica o drama\u00bb<\/a>\u00a0&#8211; El Dia<\/p>\n<p><a href=\"https:\/\/www.elmundo.es\/comunidad-valenciana\/alicante\/2019\/04\/16\/5cb5a13d21efa056188b46bc.html\">Ariana Mart\u00ednez: \u00abSoy m\u00e1s de barrio que las ca\u00f1as\u00bb<\/a>\u00a0&#8211; El Mundo<\/p>\n<p><a href=\"https:\/\/www.elmundo.es\/papel\/cultura\/2019\/04\/17\/5cb6041321efa0a31e8b4754.html\">Raquel Riba Rossy: Los hombres tambi\u00e9n son<strong>\u00a0<\/strong>v\u00edctimas de esa masculinidad t\u00f3xica<\/a>\u00a0&#8211; El Mundo<\/p>\n<p><a href=\"https:\/\/www.lavanguardia.com\/cultura\/culturas\/20190416\/461692610614\/balthus-museo-thyssen-arte-therese-sonando-pedofilia.html\">Laura Freixas: El debate sobre Balthus. Un an\u00e1lisis de la obra del pintor suizo desde una perspectiva feminista<\/a>\u00a0&#8211; La Vanguardia<\/p>\n<p><strong>Deporte<\/strong><strong>\u00a0\u00a0<\/strong><\/p>\n<p><a href=\"https:\/\/www.20minutos.es\/deportes\/noticia\/reportaje-liga-iberdrola-espanyol-atletico-valencia-levante-3613962\/0\/\">Abriendo la puerta grande al tsunami del f\u00fatbol femenino<\/a>\u00a0&#8211; 20 minutos<br \/>\n<a href=\"https:\/\/smoda.elpais.com\/feminismo\/carreras-mujeres-menos-kilometros-premios-peores\/\">Menos kil\u00f3metros y peores premios: \u00bfpor qu\u00e9 las carreras de mujeres a\u00fan no conocen la paridad?<\/a>\u00a0&#8211; El Pa\u00eds<\/p>\n<p><a href=\"https:\/\/www.elcorreo.com\/deporte-femenino\/futbol\/malin-mostrom-economista-20190416202454-nt.html\">Malin Mostr\u00f6m,\u00a0futbolista sueca,\u00a0primera mujer en recibir del Athletic su premio a la fidelidad<\/a>\u00a0&#8211; El Correo<\/p>\n<p><a href=\"https:\/\/www.elperiodicoextremadura.com\/noticias\/deportes\/doble-compromiso-seleccion-extremena-femenina-estreno_1157551.html\">F\u00fatbol: doble compromiso para la selecci\u00f3n extreme\u00f1a femenina en su estreno<\/a>\u00a0&#8211; El Peri\u00f3dico<\/p>\n<p><a href=\"https:\/\/www.diariovasco.com\/deportes\/mas-deportes\/diputacion-gipuzkoa-kirolgi-becas-20190416143838-nt.html\">La Diputaci\u00f3n de Gipuzkoa destina 270.000 euros para ayudas a deportistas de alto rendimiento a trav\u00e9s de Kirolgi<\/a>\u00a0&#8211; Diario Vasco<\/p>\n<p><a href=\"http:\/\/www.rtvc.es\/deportes\/video-la-importancia-del-deporte-femenino-en-constante-crecimiento-197278.aspx#.XLcOMugzbIU\">La importancia del deporte femenino, en constante crecimiento<\/a>\u00a0&#8211; RTVC Canarias<\/p>\n<p>[\/toggle]<\/p>\n<p>[toggle type=\u00bbfirst\u00bb title=\u00bbInternacional\u00bb]<\/p>\n<p><a href=\"http:\/\/www.parlamentario.com\/noticia-117117.html\">Argentina incorpora el acoso callejero como un tipo de violencia contra la mujer en su reci\u00e9n aprobada Ley de Protecci\u00f3n Integral a las Mujeres<\/a>\u00a0&#8211;\u00a0<a href=\"http:\/\/parlamentario.com\/\">parlamentario.com<\/a><\/p>\n<p><a href=\"https:\/\/elordenmundial.com\/las-campanas-de-esterilizacion-una-herramienta-de-poder\/\">Las campa\u00f1as de esterilizaci\u00f3n, una herramienta de poder<\/a>\u00a0&#8211; El Orden Mundial<\/p>\n<p><a href=\"https:\/\/www.elsoldemexico.com.mx\/cultura\/glosario-feminismo-mujeres-rae-patriarcado-machismo-machirulo-empoderar-deconstruccion-feminazi-redes-sociales-3319361.html\">\u00bfFeminazi, machirulo? Glosario del feminismo en la era digital: desconstrucci\u00f3n feminazi en las redes sociales<\/a>\u00a0&#8211; El Sol de Mexico<\/p>\n<p><a href=\"https:\/\/www.lavanguardia.com\/internacional\/20190415\/461673929990\/ilhan-omar-amenazas-muerte-tuit-trump.html\">Protecci\u00f3n especial para la legisladora musulmana Ilhan Omar por las amenazas de muerte tras el tuit de Trump<\/a>\u00a0&#8211; La Vanguardia<\/p>\n<p><a href=\"https:\/\/www.eldiario.es\/politica\/Unica-aspirante-presidencial-olvidados-Panama_0_889611036.html\">La independiente Ana Matilde G\u00f3mez, \u00fanica mujer aspirante presidencial en Panam\u00e1<\/a>\u00a0&#8211;\u00a0<a href=\"http:\/\/eldiario.es\/\">eldiario.es<\/a><\/p>\n<p><a href=\"https:\/\/www.elespanol.com\/mundo\/20190416\/misbah-paquistani-empenada-mujeres-atacadas-sonrian-nuevo\/391211911_0.html\">Misbah, la empresaria paquistan\u00ed empe\u00f1ada en que las mujeres atacadas con \u00e1cido sonr\u00edan de nuevo<\/a>\u00a0&#8211; El Espa\u00f1ol<\/p>\n<p><a href=\"https:\/\/www.infocampo.com.ar\/la-equidad-dee-gnero-llego-tambien-a-las-cooperativas\/\">La equidad de g\u00e9nero lleg\u00f3 tambi\u00e9n a las cooperativas<\/a>\u00a0&#8211; Infocampo Argentina<\/p>\n<p><a href=\"https:\/\/www.redaccionmedica.com\/virico\/noticias\/-hoy-en-la-consulta-me-han-dicho-bonita-preciosa-y-me-han-guinado-un-ojo--5031\">Plan de Facebook en la India para rescatar a j\u00f3venes y mujeres del desempleo<\/a>\u00a0&#8211; Redacci\u00f3n M\u00e9dica<\/p>\n<p><a href=\"https:\/\/larepublica.pe\/politica\/1449849-mil-denuncias-violencia-mujer-900-son-archivadas\">En Per\u00fa, de cada mil denuncias por violencia contra la mujer, 900 son archivadas<\/a>\u00a0&#8211; La Rep\u00fablica Per\u00fa<\/p>\n<p><a href=\"https:\/\/www.lavanguardia.com\/ciencia\/20190415\/461668825501\/aborto-selectivo-china-ninas.html\">La pr\u00e1ctica del aborto selectivo en China evita que nazcan 800.000 ni\u00f1as al a\u00f1o<\/a>\u00a0&#8211; La Vanguardia<\/p>\n<p><a href=\"https:\/\/www.ultimahora.es\/noticias\/internacional\/2019\/04\/16\/1073091\/condena-mujeres-por-participar-orgia-colectiva-famoso-cantante.html\">32 prostitutas marroqu\u00edes contratadas por cantante emirat\u00ed condenadas en Marrakesh, mientras sus invitados est\u00e1n libres y vuelven a sus pa\u00edses del Golfo P\u00e9rsico<\/a>\u00a0&#8211; \u00daltima Hora<\/p>\n<p><a href=\"https:\/\/www.diariocordoba.com\/noticias\/sociedad\/mujeres-descarriadas_1295252.html\">Mujeres descarriadas en Holanda<\/a>\u00a0&#8211; Diario de C\u00f3rdoba<\/p>\n<p><a href=\"https:\/\/www.abc.es\/salud\/enfermedades\/abci-pendiente-mas-anticonceptivo-201904161426_noticia.html\">El pendiente m\u00e1s anticonceptivo<\/a>\u00a0&#8211; ABC<\/p>\n<p><a href=\"https:\/\/elpais.com\/elpais\/2019\/04\/09\/planeta_futuro\/1554816785_126576.html\">Mozambique: Mujeres seropositivas con la fuerza de un cicl\u00f3n<\/a>\u00a0&#8211; El Pa\u00eds<\/p>\n<p><a href=\"http:\/\/mujeresmas.mx\/2019\/04\/16\/el-arcon-de-hipatia-la-ciencia-palabra-de-genero-femenino\/\">\u00abEl Arc\u00f3n de Hipatia \u00bb La Ciencia, palabra de g\u00e9nero femenino<\/a>\u00a0&#8211; Mujer Es M\u00e1s Mexico<\/p>\n<p><a href=\"https:\/\/elpais.com\/cultura\/2019\/04\/11\/babelia\/1554982642_050616.html\">Florence Henri y las olvidadas fot\u00f3grafas de la Bauhaus<\/a>\u00a0&#8211; El Pa\u00eds<\/p>\n<p><a href=\"https:\/\/www.cadena100.es\/disfrutar\/cultura\/noticias\/aretha-franklin-homenajeada-con-premio-pulitzer-especial-20190416_396396\">Aretha Franklin, primera mujer que recibe el premio Pulitzer especial desde su creaci\u00f3n en 1930<\/a>\u00a0&#8211; Cadena 100<\/p>\n<p><a href=\"https:\/\/www.elnuevosiglo.com.co\/articulos\/04-2019-zoe-zeniodi-la-mujer-orquesta-en-el-festival-de-musica-clasica-de-bogota\">Zoe Zeniodi, la directora del Festival de M\u00fasica Cl\u00e1sica de Bogot\u00e1<\/a>\u00a0&#8211; El Nuevo Siglo Colombia<\/p>\n<p><a href=\"https:\/\/www.senalcolombia.tv\/cultura\/6-mujeres-rebeldes-por-su-creatividad\">\u00bfEs la rebeld\u00eda un acto creativo? 6 colombianas creativas y rebeldes<\/a>\u00a0&#8211; Se\u00f1al Colombia<\/p>\n<p>[\/toggle]<\/p>\n<\/div>\n<\/div>\n<\/div>\n<\/div>\n<\/div>\n<\/div>\n","protected":false},"excerpt":{"rendered":"<p>Las ni\u00f1as necesitan referentes femeninos de \u00e9xito-Mujeres descarriadas en Holanda-Prostitutas <a href=\"https:\/\/cklcomunicaciones.es\/coop\/noticias-info-ckl-no-2-2326-17-04-19\/\">[&#8230;]<\/a><\/p>\n","protected":false},"author":3,"featured_media":0,"comment_status":"closed","ping_status":"closed","sticky":false,"template":"","format":"standard","meta":{"footnotes":""},"categories":[298,623],"tags":[],"class_list":["post-14571","post","type-post","status-publish","format-standard","hentry","category-newsletter","category-nwl-2-0"],"yoast_head":"<!-- This site is optimized with the Yoast SEO plugin v27.5 - https:\/\/yoast.com\/product\/yoast-seo-wordpress\/ -->\n<title>Noticias Info CKL n\u00ba 2.326-17\/04\/19-Comunicar con perspectiva de g\u00e9nero<\/title>\n<meta name=\"description\" content=\"Comunicar con perspectiva de g\u00e9nero: Las ni\u00f1as necesitan referentes femeninos de \u00e9xito-Mujeres descarriadas en Holanda-Prostitutas condenadas clientes libres-Misbahm empresaria paquistan\u00ed-Aretha Franklin, premio Pulitzer especial-Oce\u00e1nidas: mujeres al tim\u00f3n\" \/>\n<meta name=\"robots\" content=\"index, follow, max-snippet:-1, max-image-preview:large, max-video-preview:-1\" \/>\n<link rel=\"canonical\" href=\"https:\/\/cklcomunicaciones.es\/coop\/noticias-info-ckl-no-2-2326-17-04-19\/\" \/>\n<meta property=\"og:locale\" content=\"es_ES\" \/>\n<meta property=\"og:type\" content=\"article\" \/>\n<meta property=\"og:title\" content=\"Noticias Info CKL n\u00ba 2.326-17\/04\/19-Comunicar con perspectiva de g\u00e9nero\" \/>\n<meta property=\"og:description\" content=\"Comunicar con perspectiva de g\u00e9nero: Las ni\u00f1as necesitan referentes femeninos de \u00e9xito-Mujeres descarriadas en Holanda-Prostitutas condenadas clientes libres-Misbahm empresaria paquistan\u00ed-Aretha Franklin, premio Pulitzer especial-Oce\u00e1nidas: mujeres al tim\u00f3n\" \/>\n<meta property=\"og:url\" content=\"https:\/\/cklcomunicaciones.es\/coop\/noticias-info-ckl-no-2-2326-17-04-19\/\" \/>\n<meta property=\"og:site_name\" content=\"CKL Comunicaciones\" \/>\n<meta property=\"article:published_time\" content=\"2019-04-17T13:08:56+00:00\" \/>\n<meta property=\"article:modified_time\" content=\"2025-01-17T15:43:12+00:00\" \/>\n<meta property=\"og:image\" content=\"https:\/\/cklcomunicaciones.es\/coop\/wp-content\/uploads\/2018\/03\/CKL_comunicacion-con-perspetiva-de-genero.jpg\" \/>\n\t<meta property=\"og:image:width\" content=\"500\" \/>\n\t<meta property=\"og:image:height\" content=\"500\" \/>\n\t<meta property=\"og:image:type\" content=\"image\/jpeg\" \/>\n<meta name=\"author\" content=\"ckl\" \/>\n<meta name=\"twitter:card\" content=\"summary_large_image\" \/>\n<meta name=\"twitter:label1\" content=\"Escrito por\" \/>\n\t<meta name=\"twitter:data1\" content=\"ckl\" \/>\n\t<meta name=\"twitter:label2\" content=\"Tiempo de lectura\" \/>\n\t<meta name=\"twitter:data2\" content=\"7 minutos\" \/>\n<script type=\"application\/ld+json\" class=\"yoast-schema-graph\">{\"@context\":\"https:\\\/\\\/schema.org\",\"@graph\":[{\"@type\":\"Article\",\"@id\":\"https:\\\/\\\/cklcomunicaciones.es\\\/coop\\\/noticias-info-ckl-no-2-2326-17-04-19\\\/#article\",\"isPartOf\":{\"@id\":\"https:\\\/\\\/cklcomunicaciones.es\\\/coop\\\/noticias-info-ckl-no-2-2326-17-04-19\\\/\"},\"author\":{\"name\":\"ckl\",\"@id\":\"https:\\\/\\\/cklcomunicaciones.es\\\/coop\\\/#\\\/schema\\\/person\\\/929a6837f7626450bbb50cee1aef266e\"},\"headline\":\"Noticias Info CKL n\u00ba 2.326-17\\\/04\\\/19\",\"datePublished\":\"2019-04-17T13:08:56+00:00\",\"dateModified\":\"2025-01-17T15:43:12+00:00\",\"mainEntityOfPage\":{\"@id\":\"https:\\\/\\\/cklcomunicaciones.es\\\/coop\\\/noticias-info-ckl-no-2-2326-17-04-19\\\/\"},\"wordCount\":1355,\"image\":{\"@id\":\"https:\\\/\\\/cklcomunicaciones.es\\\/coop\\\/noticias-info-ckl-no-2-2326-17-04-19\\\/#primaryimage\"},\"thumbnailUrl\":\"http:\\\/\\\/www.cklcomunicaciones.es\\\/wp-content\\\/uploads\\\/2018\\\/03\\\/CKL_comunicacion-con-perspetiva-de-genero-300x300.jpg\",\"articleSection\":[\"Newsletter\",\"Nwl v2.0\"],\"inLanguage\":\"es\"},{\"@type\":\"WebPage\",\"@id\":\"https:\\\/\\\/cklcomunicaciones.es\\\/coop\\\/noticias-info-ckl-no-2-2326-17-04-19\\\/\",\"url\":\"https:\\\/\\\/cklcomunicaciones.es\\\/coop\\\/noticias-info-ckl-no-2-2326-17-04-19\\\/\",\"name\":\"Noticias Info CKL n\u00ba 2.326-17\\\/04\\\/19-Comunicar con perspectiva de g\u00e9nero\",\"isPartOf\":{\"@id\":\"https:\\\/\\\/cklcomunicaciones.es\\\/coop\\\/#website\"},\"primaryImageOfPage\":{\"@id\":\"https:\\\/\\\/cklcomunicaciones.es\\\/coop\\\/noticias-info-ckl-no-2-2326-17-04-19\\\/#primaryimage\"},\"image\":{\"@id\":\"https:\\\/\\\/cklcomunicaciones.es\\\/coop\\\/noticias-info-ckl-no-2-2326-17-04-19\\\/#primaryimage\"},\"thumbnailUrl\":\"http:\\\/\\\/www.cklcomunicaciones.es\\\/wp-content\\\/uploads\\\/2018\\\/03\\\/CKL_comunicacion-con-perspetiva-de-genero-300x300.jpg\",\"datePublished\":\"2019-04-17T13:08:56+00:00\",\"dateModified\":\"2025-01-17T15:43:12+00:00\",\"author\":{\"@id\":\"https:\\\/\\\/cklcomunicaciones.es\\\/coop\\\/#\\\/schema\\\/person\\\/929a6837f7626450bbb50cee1aef266e\"},\"description\":\"Comunicar con perspectiva de g\u00e9nero: Las ni\u00f1as necesitan referentes femeninos de \u00e9xito-Mujeres descarriadas en Holanda-Prostitutas condenadas clientes libres-Misbahm empresaria paquistan\u00ed-Aretha Franklin, premio Pulitzer especial-Oce\u00e1nidas: mujeres al tim\u00f3n\",\"breadcrumb\":{\"@id\":\"https:\\\/\\\/cklcomunicaciones.es\\\/coop\\\/noticias-info-ckl-no-2-2326-17-04-19\\\/#breadcrumb\"},\"inLanguage\":\"es\",\"potentialAction\":[{\"@type\":\"ReadAction\",\"target\":[\"https:\\\/\\\/cklcomunicaciones.es\\\/coop\\\/noticias-info-ckl-no-2-2326-17-04-19\\\/\"]}]},{\"@type\":\"ImageObject\",\"inLanguage\":\"es\",\"@id\":\"https:\\\/\\\/cklcomunicaciones.es\\\/coop\\\/noticias-info-ckl-no-2-2326-17-04-19\\\/#primaryimage\",\"url\":\"http:\\\/\\\/www.cklcomunicaciones.es\\\/wp-content\\\/uploads\\\/2018\\\/03\\\/CKL_comunicacion-con-perspetiva-de-genero-300x300.jpg\",\"contentUrl\":\"http:\\\/\\\/www.cklcomunicaciones.es\\\/wp-content\\\/uploads\\\/2018\\\/03\\\/CKL_comunicacion-con-perspetiva-de-genero-300x300.jpg\"},{\"@type\":\"BreadcrumbList\",\"@id\":\"https:\\\/\\\/cklcomunicaciones.es\\\/coop\\\/noticias-info-ckl-no-2-2326-17-04-19\\\/#breadcrumb\",\"itemListElement\":[{\"@type\":\"ListItem\",\"position\":1,\"name\":\"Portada\",\"item\":\"https:\\\/\\\/cklcomunicaciones.es\\\/coop\\\/\"},{\"@type\":\"ListItem\",\"position\":2,\"name\":\"Noticias Info CKL n\u00ba 2.326-17\\\/04\\\/19\"}]},{\"@type\":\"WebSite\",\"@id\":\"https:\\\/\\\/cklcomunicaciones.es\\\/coop\\\/#website\",\"url\":\"https:\\\/\\\/cklcomunicaciones.es\\\/coop\\\/\",\"name\":\"CKL Comunicaciones\",\"description\":\"Sitio web de CKL Comunicaciones coop , la consultora de comunicaci\u00f3n y estrategia\",\"potentialAction\":[{\"@type\":\"SearchAction\",\"target\":{\"@type\":\"EntryPoint\",\"urlTemplate\":\"https:\\\/\\\/cklcomunicaciones.es\\\/coop\\\/?s={search_term_string}\"},\"query-input\":{\"@type\":\"PropertyValueSpecification\",\"valueRequired\":true,\"valueName\":\"search_term_string\"}}],\"inLanguage\":\"es\"},{\"@type\":\"Person\",\"@id\":\"https:\\\/\\\/cklcomunicaciones.es\\\/coop\\\/#\\\/schema\\\/person\\\/929a6837f7626450bbb50cee1aef266e\",\"name\":\"ckl\",\"image\":{\"@type\":\"ImageObject\",\"inLanguage\":\"es\",\"@id\":\"https:\\\/\\\/secure.gravatar.com\\\/avatar\\\/c82db564e8a669bf6023357a157b9dc4780f4d4c618f2ad1d71a6a5dede45057?s=96&d=mm&r=g\",\"url\":\"https:\\\/\\\/secure.gravatar.com\\\/avatar\\\/c82db564e8a669bf6023357a157b9dc4780f4d4c618f2ad1d71a6a5dede45057?s=96&d=mm&r=g\",\"contentUrl\":\"https:\\\/\\\/secure.gravatar.com\\\/avatar\\\/c82db564e8a669bf6023357a157b9dc4780f4d4c618f2ad1d71a6a5dede45057?s=96&d=mm&r=g\",\"caption\":\"ckl\"},\"url\":\"https:\\\/\\\/cklcomunicaciones.es\\\/coop\\\/author\\\/cklcomunicaciones\\\/\"}]}<\/script>\n<!-- \/ Yoast SEO plugin. -->","yoast_head_json":{"title":"Noticias Info CKL n\u00ba 2.326-17\/04\/19-Comunicar con perspectiva de g\u00e9nero","description":"Comunicar con perspectiva de g\u00e9nero: Las ni\u00f1as necesitan referentes femeninos de \u00e9xito-Mujeres descarriadas en Holanda-Prostitutas condenadas clientes libres-Misbahm empresaria paquistan\u00ed-Aretha Franklin, premio Pulitzer especial-Oce\u00e1nidas: mujeres al tim\u00f3n","robots":{"index":"index","follow":"follow","max-snippet":"max-snippet:-1","max-image-preview":"max-image-preview:large","max-video-preview":"max-video-preview:-1"},"canonical":"https:\/\/cklcomunicaciones.es\/coop\/noticias-info-ckl-no-2-2326-17-04-19\/","og_locale":"es_ES","og_type":"article","og_title":"Noticias Info CKL n\u00ba 2.326-17\/04\/19-Comunicar con perspectiva de g\u00e9nero","og_description":"Comunicar con perspectiva de g\u00e9nero: Las ni\u00f1as necesitan referentes femeninos de \u00e9xito-Mujeres descarriadas en Holanda-Prostitutas condenadas clientes libres-Misbahm empresaria paquistan\u00ed-Aretha Franklin, premio Pulitzer especial-Oce\u00e1nidas: mujeres al tim\u00f3n","og_url":"https:\/\/cklcomunicaciones.es\/coop\/noticias-info-ckl-no-2-2326-17-04-19\/","og_site_name":"CKL Comunicaciones","article_published_time":"2019-04-17T13:08:56+00:00","article_modified_time":"2025-01-17T15:43:12+00:00","og_image":[{"width":500,"height":500,"url":"https:\/\/cklcomunicaciones.es\/coop\/wp-content\/uploads\/2018\/03\/CKL_comunicacion-con-perspetiva-de-genero.jpg","type":"image\/jpeg"}],"author":"ckl","twitter_card":"summary_large_image","twitter_misc":{"Escrito por":"ckl","Tiempo de lectura":"7 minutos"},"schema":{"@context":"https:\/\/schema.org","@graph":[{"@type":"Article","@id":"https:\/\/cklcomunicaciones.es\/coop\/noticias-info-ckl-no-2-2326-17-04-19\/#article","isPartOf":{"@id":"https:\/\/cklcomunicaciones.es\/coop\/noticias-info-ckl-no-2-2326-17-04-19\/"},"author":{"name":"ckl","@id":"https:\/\/cklcomunicaciones.es\/coop\/#\/schema\/person\/929a6837f7626450bbb50cee1aef266e"},"headline":"Noticias Info CKL n\u00ba 2.326-17\/04\/19","datePublished":"2019-04-17T13:08:56+00:00","dateModified":"2025-01-17T15:43:12+00:00","mainEntityOfPage":{"@id":"https:\/\/cklcomunicaciones.es\/coop\/noticias-info-ckl-no-2-2326-17-04-19\/"},"wordCount":1355,"image":{"@id":"https:\/\/cklcomunicaciones.es\/coop\/noticias-info-ckl-no-2-2326-17-04-19\/#primaryimage"},"thumbnailUrl":"http:\/\/www.cklcomunicaciones.es\/wp-content\/uploads\/2018\/03\/CKL_comunicacion-con-perspetiva-de-genero-300x300.jpg","articleSection":["Newsletter","Nwl v2.0"],"inLanguage":"es"},{"@type":"WebPage","@id":"https:\/\/cklcomunicaciones.es\/coop\/noticias-info-ckl-no-2-2326-17-04-19\/","url":"https:\/\/cklcomunicaciones.es\/coop\/noticias-info-ckl-no-2-2326-17-04-19\/","name":"Noticias Info CKL n\u00ba 2.326-17\/04\/19-Comunicar con perspectiva de g\u00e9nero","isPartOf":{"@id":"https:\/\/cklcomunicaciones.es\/coop\/#website"},"primaryImageOfPage":{"@id":"https:\/\/cklcomunicaciones.es\/coop\/noticias-info-ckl-no-2-2326-17-04-19\/#primaryimage"},"image":{"@id":"https:\/\/cklcomunicaciones.es\/coop\/noticias-info-ckl-no-2-2326-17-04-19\/#primaryimage"},"thumbnailUrl":"http:\/\/www.cklcomunicaciones.es\/wp-content\/uploads\/2018\/03\/CKL_comunicacion-con-perspetiva-de-genero-300x300.jpg","datePublished":"2019-04-17T13:08:56+00:00","dateModified":"2025-01-17T15:43:12+00:00","author":{"@id":"https:\/\/cklcomunicaciones.es\/coop\/#\/schema\/person\/929a6837f7626450bbb50cee1aef266e"},"description":"Comunicar con perspectiva de g\u00e9nero: Las ni\u00f1as necesitan referentes femeninos de \u00e9xito-Mujeres descarriadas en Holanda-Prostitutas condenadas clientes libres-Misbahm empresaria paquistan\u00ed-Aretha Franklin, premio Pulitzer especial-Oce\u00e1nidas: mujeres al tim\u00f3n","breadcrumb":{"@id":"https:\/\/cklcomunicaciones.es\/coop\/noticias-info-ckl-no-2-2326-17-04-19\/#breadcrumb"},"inLanguage":"es","potentialAction":[{"@type":"ReadAction","target":["https:\/\/cklcomunicaciones.es\/coop\/noticias-info-ckl-no-2-2326-17-04-19\/"]}]},{"@type":"ImageObject","inLanguage":"es","@id":"https:\/\/cklcomunicaciones.es\/coop\/noticias-info-ckl-no-2-2326-17-04-19\/#primaryimage","url":"http:\/\/www.cklcomunicaciones.es\/wp-content\/uploads\/2018\/03\/CKL_comunicacion-con-perspetiva-de-genero-300x300.jpg","contentUrl":"http:\/\/www.cklcomunicaciones.es\/wp-content\/uploads\/2018\/03\/CKL_comunicacion-con-perspetiva-de-genero-300x300.jpg"},{"@type":"BreadcrumbList","@id":"https:\/\/cklcomunicaciones.es\/coop\/noticias-info-ckl-no-2-2326-17-04-19\/#breadcrumb","itemListElement":[{"@type":"ListItem","position":1,"name":"Portada","item":"https:\/\/cklcomunicaciones.es\/coop\/"},{"@type":"ListItem","position":2,"name":"Noticias Info CKL n\u00ba 2.326-17\/04\/19"}]},{"@type":"WebSite","@id":"https:\/\/cklcomunicaciones.es\/coop\/#website","url":"https:\/\/cklcomunicaciones.es\/coop\/","name":"CKL Comunicaciones","description":"Sitio web de CKL Comunicaciones coop , la consultora de comunicaci\u00f3n y estrategia","potentialAction":[{"@type":"SearchAction","target":{"@type":"EntryPoint","urlTemplate":"https:\/\/cklcomunicaciones.es\/coop\/?s={search_term_string}"},"query-input":{"@type":"PropertyValueSpecification","valueRequired":true,"valueName":"search_term_string"}}],"inLanguage":"es"},{"@type":"Person","@id":"https:\/\/cklcomunicaciones.es\/coop\/#\/schema\/person\/929a6837f7626450bbb50cee1aef266e","name":"ckl","image":{"@type":"ImageObject","inLanguage":"es","@id":"https:\/\/secure.gravatar.com\/avatar\/c82db564e8a669bf6023357a157b9dc4780f4d4c618f2ad1d71a6a5dede45057?s=96&d=mm&r=g","url":"https:\/\/secure.gravatar.com\/avatar\/c82db564e8a669bf6023357a157b9dc4780f4d4c618f2ad1d71a6a5dede45057?s=96&d=mm&r=g","contentUrl":"https:\/\/secure.gravatar.com\/avatar\/c82db564e8a669bf6023357a157b9dc4780f4d4c618f2ad1d71a6a5dede45057?s=96&d=mm&r=g","caption":"ckl"},"url":"https:\/\/cklcomunicaciones.es\/coop\/author\/cklcomunicaciones\/"}]}},"_links":{"self":[{"href":"https:\/\/cklcomunicaciones.es\/coop\/wp-json\/wp\/v2\/posts\/14571","targetHints":{"allow":["GET"]}}],"collection":[{"href":"https:\/\/cklcomunicaciones.es\/coop\/wp-json\/wp\/v2\/posts"}],"about":[{"href":"https:\/\/cklcomunicaciones.es\/coop\/wp-json\/wp\/v2\/types\/post"}],"author":[{"embeddable":true,"href":"https:\/\/cklcomunicaciones.es\/coop\/wp-json\/wp\/v2\/users\/3"}],"replies":[{"embeddable":true,"href":"https:\/\/cklcomunicaciones.es\/coop\/wp-json\/wp\/v2\/comments?post=14571"}],"version-history":[{"count":0,"href":"https:\/\/cklcomunicaciones.es\/coop\/wp-json\/wp\/v2\/posts\/14571\/revisions"}],"wp:attachment":[{"href":"https:\/\/cklcomunicaciones.es\/coop\/wp-json\/wp\/v2\/media?parent=14571"}],"wp:term":[{"taxonomy":"category","embeddable":true,"href":"https:\/\/cklcomunicaciones.es\/coop\/wp-json\/wp\/v2\/categories?post=14571"},{"taxonomy":"post_tag","embeddable":true,"href":"https:\/\/cklcomunicaciones.es\/coop\/wp-json\/wp\/v2\/tags?post=14571"}],"curies":[{"name":"wp","href":"https:\/\/api.w.org\/{rel}","templated":true}]}}