{"id":14556,"date":"2019-04-10T12:35:24","date_gmt":"2019-04-10T10:35:24","guid":{"rendered":"http:\/\/www.cklcomunicaciones.es\/?p=14556"},"modified":"2019-04-10T12:35:24","modified_gmt":"2019-04-10T10:35:24","slug":"exposicion-fotografia-personas-migrantes-refugiadas","status":"publish","type":"post","link":"https:\/\/cklcomunicaciones.es\/coop\/exposicion-fotografia-personas-migrantes-refugiadas\/","title":{"rendered":"Exposici\u00f3n de Fotograf\u00eda \u00abPersonas, \u00bfMigrantes o refugiadas?\u00bb"},"content":{"rendered":"<p>La Delegaci\u00f3n de Turismo de C\u00f3rdoba, situada en la calle Rey Heredia 22, acoge desde el lunes 8 hasta el pr\u00f3ximo d\u00eda 28 de abril la exposici\u00f3n de fotograf\u00eda \u201cPersonas \u00bfmigrantes o refugiadas? Huyendo de la violencia en Am\u00e9rica Central\u201d, que est\u00e1 llevando a cabo la ONGD Asamblea de Cooperaci\u00f3n Por la Paz Andaluc\u00eda (ACPP) con al apoyo del Ayuntamiento de C\u00f3rdoba a trav\u00e9s de la Delegaci\u00f3n de Cooperaci\u00f3n y Solidaridad y con la colaboraci\u00f3n de la Delegaci\u00f3n de Turismo y el Instituto Municipal de Turismo de C\u00f3rdoba (IMTUR).<\/p>\n<p>La muestra a trav\u00e9s de las fotograf\u00edas expuestas, instalada en el Patio de la Delegaci\u00f3n, pretende mostrar la violencia en Am\u00e9rica Central, as\u00ed como la consideraci\u00f3n de las personas que huyen de sus pa\u00edses de origen, es decir, si estas personas son consideradas refugiados o migrantes. Para ello, la exposici\u00f3n propone un recorrido por el llamado \u201cTri\u00e1ngulo Norte de Centroam\u00e9rica\u201d formado por las regiones de El Salvador, Guatemala y Honduras, consideradas de las m\u00e1s violentas del mundo y con una tasa de homicidios muy elevada.<\/p>\n<p>En este camino de enfrentamientos con grupos del crimen organizado, polic\u00edas corruptos y, finalmente, un muro de seguridad que separa M\u00e9xico de Estados Unidos, las mujeres, ni\u00f1as y menores no acompa\u00f1ados ser\u00e1n quienes est\u00e9n m\u00e1s expuestos a sufrir abusos sexuales, tr\u00e1fico de personas y otros riesgos durante el desplazamiento.<\/p>\n<p>La exposici\u00f3n forma parte de un proyecto de Salud Sexual y Reproductiva que se desarrolla en El Salvador y busca aumentar la incidencia en la sociedad y una mayor sensibilizaci\u00f3n con las personas que viven esta situaci\u00f3n. Se trata de la segunda actuaci\u00f3n en este sentido, tras el Cine-F\u00f3rum \u201cMujeres libres de violencia en El Salvador\u201d, organizado en C\u00f3rdoba junto a la Fundaci\u00f3n Mujeres y proyectado el pasado mes de octubre en el que se cont\u00f3 con la presencia de la activista salvadore\u00f1a defensora de los derechos humanos Mayra Ivonne Polanco.<\/p>\n<p>Asamblea de Cooperaci\u00f3n por la Paz (ACPP), que se define como una organizaci\u00f3n feminista que fomenta la sororidad entre pueblos y se esfuerza en tejer redes y mostrar las realidades que se viven en los pa\u00edses en los que desarrollan proyectos, como en El Salvador, nos interpela con esta muestra en im\u00e1genes buscando nuestra reacci\u00f3n a la situaci\u00f3n que viven tantas personas en el mundo.<\/p>\n<p>El acto oficial de inauguraci\u00f3n de la muestra tendr\u00e1 lugar el mi\u00e9rcoles 10 de abril a las 10 y media de la ma\u00f1ana en el Patio de la Delegaci\u00f3n de Turismo de C\u00f3rdoba y contar\u00e1 con la presencia de representantes del consistorio municipal y de ACPP.<\/p>\n<p><a href=\"https:\/\/www.facebook.com\/ACPPandalucia\/photos\/gm.398443530975334\/2267892813270314\/?type=3&amp;theater\">M\u00e1s informaci\u00f3n<\/a><\/p>\n<p><\/p>\n<p><\/p>\n\n\n<p><\/p>\n","protected":false},"excerpt":{"rendered":"<p>La Delegaci\u00f3n de Turismo de C\u00f3rdoba, situada en la calle <a href=\"https:\/\/cklcomunicaciones.es\/coop\/exposicion-fotografia-personas-migrantes-refugiadas\/\">[&#8230;]<\/a><\/p>\n","protected":false},"author":3,"featured_media":14557,"comment_status":"closed","ping_status":"closed","sticky":false,"template":"","format":"standard","meta":{"footnotes":""},"categories":[297],"tags":[185,207,209,208],"class_list":["post-14556","post","type-post","status-publish","format-standard","has-post-thumbnail","hentry","category-actualidad","tag-acpp-andalucia","tag-cordoba","tag-personas-migrantes","tag-personas-refugidas"],"yoast_head":"<!-- This site is optimized with the Yoast SEO plugin v27.5 - https:\/\/yoast.com\/product\/yoast-seo-wordpress\/ -->\n<title>Exposici\u00f3n de Fotograf\u00eda &quot;Personas, \u00bfMigrantes o refugiadas?<\/title>\n<meta name=\"description\" content=\"Exposici\u00f3n de fotograf\u00eda \u201cPersonas \u00bfmigrantes o refugiadas? Huyendo de la violencia en Am\u00e9rica Central\u201d organizada por la ONGD Asamblea de Cooperaci\u00f3n Por la Paz Andaluc\u00eda (ACPP) con al apoyo del Ayuntamiento de C\u00f3rdoba a trav\u00e9s de la Delegaci\u00f3n de Cooperaci\u00f3n y Solidaridad y con la colaboraci\u00f3n de la Delegaci\u00f3n de Turismo y el Instituto Municipal de Turismo de C\u00f3rdoba (IMTUR).\" \/>\n<meta name=\"robots\" content=\"index, follow, max-snippet:-1, max-image-preview:large, max-video-preview:-1\" \/>\n<link rel=\"canonical\" href=\"https:\/\/cklcomunicaciones.es\/coop\/exposicion-fotografia-personas-migrantes-refugiadas\/\" \/>\n<meta property=\"og:locale\" content=\"es_ES\" \/>\n<meta property=\"og:type\" content=\"article\" \/>\n<meta property=\"og:title\" content=\"Exposici\u00f3n de Fotograf\u00eda &quot;Personas, \u00bfMigrantes o refugiadas?\" \/>\n<meta property=\"og:description\" content=\"Exposici\u00f3n de fotograf\u00eda \u201cPersonas \u00bfmigrantes o refugiadas? Huyendo de la violencia en Am\u00e9rica Central\u201d organizada por la ONGD Asamblea de Cooperaci\u00f3n Por la Paz Andaluc\u00eda (ACPP) con al apoyo del Ayuntamiento de C\u00f3rdoba a trav\u00e9s de la Delegaci\u00f3n de Cooperaci\u00f3n y Solidaridad y con la colaboraci\u00f3n de la Delegaci\u00f3n de Turismo y el Instituto Municipal de Turismo de C\u00f3rdoba (IMTUR).\" \/>\n<meta property=\"og:url\" content=\"https:\/\/cklcomunicaciones.es\/coop\/exposicion-fotografia-personas-migrantes-refugiadas\/\" \/>\n<meta property=\"og:site_name\" content=\"CKL Comunicaciones\" \/>\n<meta property=\"article:published_time\" content=\"2019-04-10T10:35:24+00:00\" \/>\n<meta property=\"og:image\" content=\"https:\/\/cklcomunicaciones.es\/coop\/wp-content\/uploads\/2019\/04\/captura_expo-accp-cordoba.jpg\" \/>\n\t<meta property=\"og:image:width\" content=\"413\" \/>\n\t<meta property=\"og:image:height\" content=\"423\" \/>\n\t<meta property=\"og:image:type\" content=\"image\/jpeg\" \/>\n<meta name=\"author\" content=\"ckl\" \/>\n<meta name=\"twitter:card\" content=\"summary_large_image\" \/>\n<meta name=\"twitter:label1\" content=\"Escrito por\" \/>\n\t<meta name=\"twitter:data1\" content=\"ckl\" \/>\n\t<meta name=\"twitter:label2\" content=\"Tiempo de lectura\" \/>\n\t<meta name=\"twitter:data2\" content=\"2 minutos\" \/>\n<script type=\"application\/ld+json\" class=\"yoast-schema-graph\">{\"@context\":\"https:\\\/\\\/schema.org\",\"@graph\":[{\"@type\":\"Article\",\"@id\":\"https:\\\/\\\/cklcomunicaciones.es\\\/coop\\\/exposicion-fotografia-personas-migrantes-refugiadas\\\/#article\",\"isPartOf\":{\"@id\":\"https:\\\/\\\/cklcomunicaciones.es\\\/coop\\\/exposicion-fotografia-personas-migrantes-refugiadas\\\/\"},\"author\":{\"name\":\"ckl\",\"@id\":\"https:\\\/\\\/cklcomunicaciones.es\\\/coop\\\/#\\\/schema\\\/person\\\/929a6837f7626450bbb50cee1aef266e\"},\"headline\":\"Exposici\u00f3n de Fotograf\u00eda \u00abPersonas, \u00bfMigrantes o refugiadas?\u00bb\",\"datePublished\":\"2019-04-10T10:35:24+00:00\",\"mainEntityOfPage\":{\"@id\":\"https:\\\/\\\/cklcomunicaciones.es\\\/coop\\\/exposicion-fotografia-personas-migrantes-refugiadas\\\/\"},\"wordCount\":486,\"image\":{\"@id\":\"https:\\\/\\\/cklcomunicaciones.es\\\/coop\\\/exposicion-fotografia-personas-migrantes-refugiadas\\\/#primaryimage\"},\"thumbnailUrl\":\"https:\\\/\\\/cklcomunicaciones.es\\\/coop\\\/wp-content\\\/uploads\\\/2019\\\/04\\\/captura_expo-accp-cordoba.jpg\",\"keywords\":[\"ACPP Andaluc\u00eda\",\"C\u00f3rdoba\",\"personas migrantes\",\"personas refugidas\"],\"articleSection\":[\"Actualidad\"],\"inLanguage\":\"es\"},{\"@type\":\"WebPage\",\"@id\":\"https:\\\/\\\/cklcomunicaciones.es\\\/coop\\\/exposicion-fotografia-personas-migrantes-refugiadas\\\/\",\"url\":\"https:\\\/\\\/cklcomunicaciones.es\\\/coop\\\/exposicion-fotografia-personas-migrantes-refugiadas\\\/\",\"name\":\"Exposici\u00f3n de Fotograf\u00eda \\\"Personas, \u00bfMigrantes o refugiadas?\",\"isPartOf\":{\"@id\":\"https:\\\/\\\/cklcomunicaciones.es\\\/coop\\\/#website\"},\"primaryImageOfPage\":{\"@id\":\"https:\\\/\\\/cklcomunicaciones.es\\\/coop\\\/exposicion-fotografia-personas-migrantes-refugiadas\\\/#primaryimage\"},\"image\":{\"@id\":\"https:\\\/\\\/cklcomunicaciones.es\\\/coop\\\/exposicion-fotografia-personas-migrantes-refugiadas\\\/#primaryimage\"},\"thumbnailUrl\":\"https:\\\/\\\/cklcomunicaciones.es\\\/coop\\\/wp-content\\\/uploads\\\/2019\\\/04\\\/captura_expo-accp-cordoba.jpg\",\"datePublished\":\"2019-04-10T10:35:24+00:00\",\"author\":{\"@id\":\"https:\\\/\\\/cklcomunicaciones.es\\\/coop\\\/#\\\/schema\\\/person\\\/929a6837f7626450bbb50cee1aef266e\"},\"description\":\"Exposici\u00f3n de fotograf\u00eda \u201cPersonas \u00bfmigrantes o refugiadas? Huyendo de la violencia en Am\u00e9rica Central\u201d organizada por la ONGD Asamblea de Cooperaci\u00f3n Por la Paz Andaluc\u00eda (ACPP) con al apoyo del Ayuntamiento de C\u00f3rdoba a trav\u00e9s de la Delegaci\u00f3n de Cooperaci\u00f3n y Solidaridad y con la colaboraci\u00f3n de la Delegaci\u00f3n de Turismo y el Instituto Municipal de Turismo de C\u00f3rdoba (IMTUR).\",\"breadcrumb\":{\"@id\":\"https:\\\/\\\/cklcomunicaciones.es\\\/coop\\\/exposicion-fotografia-personas-migrantes-refugiadas\\\/#breadcrumb\"},\"inLanguage\":\"es\",\"potentialAction\":[{\"@type\":\"ReadAction\",\"target\":[\"https:\\\/\\\/cklcomunicaciones.es\\\/coop\\\/exposicion-fotografia-personas-migrantes-refugiadas\\\/\"]}]},{\"@type\":\"ImageObject\",\"inLanguage\":\"es\",\"@id\":\"https:\\\/\\\/cklcomunicaciones.es\\\/coop\\\/exposicion-fotografia-personas-migrantes-refugiadas\\\/#primaryimage\",\"url\":\"https:\\\/\\\/cklcomunicaciones.es\\\/coop\\\/wp-content\\\/uploads\\\/2019\\\/04\\\/captura_expo-accp-cordoba.jpg\",\"contentUrl\":\"https:\\\/\\\/cklcomunicaciones.es\\\/coop\\\/wp-content\\\/uploads\\\/2019\\\/04\\\/captura_expo-accp-cordoba.jpg\",\"width\":413,\"height\":423,\"caption\":\"Exposici\u00f3n personas migrantes o refugiadas\"},{\"@type\":\"BreadcrumbList\",\"@id\":\"https:\\\/\\\/cklcomunicaciones.es\\\/coop\\\/exposicion-fotografia-personas-migrantes-refugiadas\\\/#breadcrumb\",\"itemListElement\":[{\"@type\":\"ListItem\",\"position\":1,\"name\":\"Portada\",\"item\":\"https:\\\/\\\/cklcomunicaciones.es\\\/coop\\\/\"},{\"@type\":\"ListItem\",\"position\":2,\"name\":\"Exposici\u00f3n de Fotograf\u00eda \u00abPersonas, \u00bfMigrantes o refugiadas?\u00bb\"}]},{\"@type\":\"WebSite\",\"@id\":\"https:\\\/\\\/cklcomunicaciones.es\\\/coop\\\/#website\",\"url\":\"https:\\\/\\\/cklcomunicaciones.es\\\/coop\\\/\",\"name\":\"CKL Comunicaciones\",\"description\":\"Sitio web de CKL Comunicaciones coop , la consultora de comunicaci\u00f3n y estrategia\",\"potentialAction\":[{\"@type\":\"SearchAction\",\"target\":{\"@type\":\"EntryPoint\",\"urlTemplate\":\"https:\\\/\\\/cklcomunicaciones.es\\\/coop\\\/?s={search_term_string}\"},\"query-input\":{\"@type\":\"PropertyValueSpecification\",\"valueRequired\":true,\"valueName\":\"search_term_string\"}}],\"inLanguage\":\"es\"},{\"@type\":\"Person\",\"@id\":\"https:\\\/\\\/cklcomunicaciones.es\\\/coop\\\/#\\\/schema\\\/person\\\/929a6837f7626450bbb50cee1aef266e\",\"name\":\"ckl\",\"image\":{\"@type\":\"ImageObject\",\"inLanguage\":\"es\",\"@id\":\"https:\\\/\\\/secure.gravatar.com\\\/avatar\\\/c82db564e8a669bf6023357a157b9dc4780f4d4c618f2ad1d71a6a5dede45057?s=96&d=mm&r=g\",\"url\":\"https:\\\/\\\/secure.gravatar.com\\\/avatar\\\/c82db564e8a669bf6023357a157b9dc4780f4d4c618f2ad1d71a6a5dede45057?s=96&d=mm&r=g\",\"contentUrl\":\"https:\\\/\\\/secure.gravatar.com\\\/avatar\\\/c82db564e8a669bf6023357a157b9dc4780f4d4c618f2ad1d71a6a5dede45057?s=96&d=mm&r=g\",\"caption\":\"ckl\"},\"url\":\"https:\\\/\\\/cklcomunicaciones.es\\\/coop\\\/author\\\/cklcomunicaciones\\\/\"}]}<\/script>\n<!-- \/ Yoast SEO plugin. -->","yoast_head_json":{"title":"Exposici\u00f3n de Fotograf\u00eda \"Personas, \u00bfMigrantes o refugiadas?","description":"Exposici\u00f3n de fotograf\u00eda \u201cPersonas \u00bfmigrantes o refugiadas? Huyendo de la violencia en Am\u00e9rica Central\u201d organizada por la ONGD Asamblea de Cooperaci\u00f3n Por la Paz Andaluc\u00eda (ACPP) con al apoyo del Ayuntamiento de C\u00f3rdoba a trav\u00e9s de la Delegaci\u00f3n de Cooperaci\u00f3n y Solidaridad y con la colaboraci\u00f3n de la Delegaci\u00f3n de Turismo y el Instituto Municipal de Turismo de C\u00f3rdoba (IMTUR).","robots":{"index":"index","follow":"follow","max-snippet":"max-snippet:-1","max-image-preview":"max-image-preview:large","max-video-preview":"max-video-preview:-1"},"canonical":"https:\/\/cklcomunicaciones.es\/coop\/exposicion-fotografia-personas-migrantes-refugiadas\/","og_locale":"es_ES","og_type":"article","og_title":"Exposici\u00f3n de Fotograf\u00eda \"Personas, \u00bfMigrantes o refugiadas?","og_description":"Exposici\u00f3n de fotograf\u00eda \u201cPersonas \u00bfmigrantes o refugiadas? Huyendo de la violencia en Am\u00e9rica Central\u201d organizada por la ONGD Asamblea de Cooperaci\u00f3n Por la Paz Andaluc\u00eda (ACPP) con al apoyo del Ayuntamiento de C\u00f3rdoba a trav\u00e9s de la Delegaci\u00f3n de Cooperaci\u00f3n y Solidaridad y con la colaboraci\u00f3n de la Delegaci\u00f3n de Turismo y el Instituto Municipal de Turismo de C\u00f3rdoba (IMTUR).","og_url":"https:\/\/cklcomunicaciones.es\/coop\/exposicion-fotografia-personas-migrantes-refugiadas\/","og_site_name":"CKL Comunicaciones","article_published_time":"2019-04-10T10:35:24+00:00","og_image":[{"width":413,"height":423,"url":"https:\/\/cklcomunicaciones.es\/coop\/wp-content\/uploads\/2019\/04\/captura_expo-accp-cordoba.jpg","type":"image\/jpeg"}],"author":"ckl","twitter_card":"summary_large_image","twitter_misc":{"Escrito por":"ckl","Tiempo de lectura":"2 minutos"},"schema":{"@context":"https:\/\/schema.org","@graph":[{"@type":"Article","@id":"https:\/\/cklcomunicaciones.es\/coop\/exposicion-fotografia-personas-migrantes-refugiadas\/#article","isPartOf":{"@id":"https:\/\/cklcomunicaciones.es\/coop\/exposicion-fotografia-personas-migrantes-refugiadas\/"},"author":{"name":"ckl","@id":"https:\/\/cklcomunicaciones.es\/coop\/#\/schema\/person\/929a6837f7626450bbb50cee1aef266e"},"headline":"Exposici\u00f3n de Fotograf\u00eda \u00abPersonas, \u00bfMigrantes o refugiadas?\u00bb","datePublished":"2019-04-10T10:35:24+00:00","mainEntityOfPage":{"@id":"https:\/\/cklcomunicaciones.es\/coop\/exposicion-fotografia-personas-migrantes-refugiadas\/"},"wordCount":486,"image":{"@id":"https:\/\/cklcomunicaciones.es\/coop\/exposicion-fotografia-personas-migrantes-refugiadas\/#primaryimage"},"thumbnailUrl":"https:\/\/cklcomunicaciones.es\/coop\/wp-content\/uploads\/2019\/04\/captura_expo-accp-cordoba.jpg","keywords":["ACPP Andaluc\u00eda","C\u00f3rdoba","personas migrantes","personas refugidas"],"articleSection":["Actualidad"],"inLanguage":"es"},{"@type":"WebPage","@id":"https:\/\/cklcomunicaciones.es\/coop\/exposicion-fotografia-personas-migrantes-refugiadas\/","url":"https:\/\/cklcomunicaciones.es\/coop\/exposicion-fotografia-personas-migrantes-refugiadas\/","name":"Exposici\u00f3n de Fotograf\u00eda \"Personas, \u00bfMigrantes o refugiadas?","isPartOf":{"@id":"https:\/\/cklcomunicaciones.es\/coop\/#website"},"primaryImageOfPage":{"@id":"https:\/\/cklcomunicaciones.es\/coop\/exposicion-fotografia-personas-migrantes-refugiadas\/#primaryimage"},"image":{"@id":"https:\/\/cklcomunicaciones.es\/coop\/exposicion-fotografia-personas-migrantes-refugiadas\/#primaryimage"},"thumbnailUrl":"https:\/\/cklcomunicaciones.es\/coop\/wp-content\/uploads\/2019\/04\/captura_expo-accp-cordoba.jpg","datePublished":"2019-04-10T10:35:24+00:00","author":{"@id":"https:\/\/cklcomunicaciones.es\/coop\/#\/schema\/person\/929a6837f7626450bbb50cee1aef266e"},"description":"Exposici\u00f3n de fotograf\u00eda \u201cPersonas \u00bfmigrantes o refugiadas? Huyendo de la violencia en Am\u00e9rica Central\u201d organizada por la ONGD Asamblea de Cooperaci\u00f3n Por la Paz Andaluc\u00eda (ACPP) con al apoyo del Ayuntamiento de C\u00f3rdoba a trav\u00e9s de la Delegaci\u00f3n de Cooperaci\u00f3n y Solidaridad y con la colaboraci\u00f3n de la Delegaci\u00f3n de Turismo y el Instituto Municipal de Turismo de C\u00f3rdoba (IMTUR).","breadcrumb":{"@id":"https:\/\/cklcomunicaciones.es\/coop\/exposicion-fotografia-personas-migrantes-refugiadas\/#breadcrumb"},"inLanguage":"es","potentialAction":[{"@type":"ReadAction","target":["https:\/\/cklcomunicaciones.es\/coop\/exposicion-fotografia-personas-migrantes-refugiadas\/"]}]},{"@type":"ImageObject","inLanguage":"es","@id":"https:\/\/cklcomunicaciones.es\/coop\/exposicion-fotografia-personas-migrantes-refugiadas\/#primaryimage","url":"https:\/\/cklcomunicaciones.es\/coop\/wp-content\/uploads\/2019\/04\/captura_expo-accp-cordoba.jpg","contentUrl":"https:\/\/cklcomunicaciones.es\/coop\/wp-content\/uploads\/2019\/04\/captura_expo-accp-cordoba.jpg","width":413,"height":423,"caption":"Exposici\u00f3n personas migrantes o refugiadas"},{"@type":"BreadcrumbList","@id":"https:\/\/cklcomunicaciones.es\/coop\/exposicion-fotografia-personas-migrantes-refugiadas\/#breadcrumb","itemListElement":[{"@type":"ListItem","position":1,"name":"Portada","item":"https:\/\/cklcomunicaciones.es\/coop\/"},{"@type":"ListItem","position":2,"name":"Exposici\u00f3n de Fotograf\u00eda \u00abPersonas, \u00bfMigrantes o refugiadas?\u00bb"}]},{"@type":"WebSite","@id":"https:\/\/cklcomunicaciones.es\/coop\/#website","url":"https:\/\/cklcomunicaciones.es\/coop\/","name":"CKL Comunicaciones","description":"Sitio web de CKL Comunicaciones coop , la consultora de comunicaci\u00f3n y estrategia","potentialAction":[{"@type":"SearchAction","target":{"@type":"EntryPoint","urlTemplate":"https:\/\/cklcomunicaciones.es\/coop\/?s={search_term_string}"},"query-input":{"@type":"PropertyValueSpecification","valueRequired":true,"valueName":"search_term_string"}}],"inLanguage":"es"},{"@type":"Person","@id":"https:\/\/cklcomunicaciones.es\/coop\/#\/schema\/person\/929a6837f7626450bbb50cee1aef266e","name":"ckl","image":{"@type":"ImageObject","inLanguage":"es","@id":"https:\/\/secure.gravatar.com\/avatar\/c82db564e8a669bf6023357a157b9dc4780f4d4c618f2ad1d71a6a5dede45057?s=96&d=mm&r=g","url":"https:\/\/secure.gravatar.com\/avatar\/c82db564e8a669bf6023357a157b9dc4780f4d4c618f2ad1d71a6a5dede45057?s=96&d=mm&r=g","contentUrl":"https:\/\/secure.gravatar.com\/avatar\/c82db564e8a669bf6023357a157b9dc4780f4d4c618f2ad1d71a6a5dede45057?s=96&d=mm&r=g","caption":"ckl"},"url":"https:\/\/cklcomunicaciones.es\/coop\/author\/cklcomunicaciones\/"}]}},"_links":{"self":[{"href":"https:\/\/cklcomunicaciones.es\/coop\/wp-json\/wp\/v2\/posts\/14556","targetHints":{"allow":["GET"]}}],"collection":[{"href":"https:\/\/cklcomunicaciones.es\/coop\/wp-json\/wp\/v2\/posts"}],"about":[{"href":"https:\/\/cklcomunicaciones.es\/coop\/wp-json\/wp\/v2\/types\/post"}],"author":[{"embeddable":true,"href":"https:\/\/cklcomunicaciones.es\/coop\/wp-json\/wp\/v2\/users\/3"}],"replies":[{"embeddable":true,"href":"https:\/\/cklcomunicaciones.es\/coop\/wp-json\/wp\/v2\/comments?post=14556"}],"version-history":[{"count":0,"href":"https:\/\/cklcomunicaciones.es\/coop\/wp-json\/wp\/v2\/posts\/14556\/revisions"}],"wp:featuredmedia":[{"embeddable":true,"href":"https:\/\/cklcomunicaciones.es\/coop\/wp-json\/wp\/v2\/media\/14557"}],"wp:attachment":[{"href":"https:\/\/cklcomunicaciones.es\/coop\/wp-json\/wp\/v2\/media?parent=14556"}],"wp:term":[{"taxonomy":"category","embeddable":true,"href":"https:\/\/cklcomunicaciones.es\/coop\/wp-json\/wp\/v2\/categories?post=14556"},{"taxonomy":"post_tag","embeddable":true,"href":"https:\/\/cklcomunicaciones.es\/coop\/wp-json\/wp\/v2\/tags?post=14556"}],"curies":[{"name":"wp","href":"https:\/\/api.w.org\/{rel}","templated":true}]}}