{"id":14511,"date":"2019-03-15T13:13:02","date_gmt":"2019-03-15T12:13:02","guid":{"rendered":"http:\/\/www.cklcomunicaciones.es\/?p=14511"},"modified":"2025-01-17T16:43:18","modified_gmt":"2025-01-17T15:43:18","slug":"noticias-info-ckl-no-2-2303-15-03-19","status":"publish","type":"post","link":"https:\/\/cklcomunicaciones.es\/coop\/noticias-info-ckl-no-2-2303-15-03-19\/","title":{"rendered":"Noticias Info CKL n\u00ba 2.303-15\/03\/19"},"content":{"rendered":"<div id=\"pl-14511\"  class=\"panel-layout\" >\n<div id=\"pg-14511-0\"  class=\"panel-grid panel-no-style\"  data-style=\"{&quot;background_image_attachment&quot;:false,&quot;background_display&quot;:&quot;tile&quot;,&quot;cell_alignment&quot;:&quot;flex-start&quot;}\" >\n<div id=\"pgc-14511-0-0\"  class=\"panel-grid-cell\"  data-weight=\"1\" >\n<div id=\"panel-14511-0-0-0\" class=\"so-panel widget widget_sow-editor panel-first-child panel-last-child\" data-index=\"0\" data-style=\"{&quot;background_image_attachment&quot;:false,&quot;background_display&quot;:&quot;tile&quot;}\" >\n<div class=\"so-widget-sow-editor so-widget-sow-editor-base\">\n<div class=\"siteorigin-widget-tinymce textwidget\">\n<p><img decoding=\"async\" class=\"lazyload  wp-image-13726\" src=\"http:\/\/www.cklcomunicaciones.es\/wp-content\/uploads\/2018\/03\/CKL_comunicacion-con-perspetiva-de-genero-300x300.jpg\" data-orig-src=\"http:\/\/www.cklcomunicaciones.es\/wp-content\/uploads\/2018\/03\/CKL_comunicacion-con-perspetiva-de-genero-300x300.jpg\" alt=\"CKL_comunicacion con perspetiva de genero\" width=\"132\" height=\"132\" srcset=\"data:image\/svg+xml,%3Csvg%20xmlns%3D%27http%3A%2F%2Fwww.w3.org%2F2000%2Fsvg%27%20width%3D%27132%27%20height%3D%27132%27%20viewBox%3D%270%200%20132%20132%27%3E%3Crect%20width%3D%27132%27%20height%3D%27132%27%20fill-opacity%3D%220%22%2F%3E%3C%2Fsvg%3E\" data-srcset=\"https:\/\/cklcomunicaciones.es\/coop\/wp-content\/uploads\/2018\/03\/CKL_comunicacion-con-perspetiva-de-genero-150x150.jpg 150w, https:\/\/cklcomunicaciones.es\/coop\/wp-content\/uploads\/2018\/03\/CKL_comunicacion-con-perspetiva-de-genero-300x300.jpg 300w, https:\/\/cklcomunicaciones.es\/coop\/wp-content\/uploads\/2018\/03\/CKL_comunicacion-con-perspetiva-de-genero-450x450.jpg 450w, https:\/\/cklcomunicaciones.es\/coop\/wp-content\/uploads\/2018\/03\/CKL_comunicacion-con-perspetiva-de-genero.jpg 500w\" data-sizes=\"auto\" data-orig-sizes=\"(max-width: 132px) 100vw, 132px\" \/><\/p>\n<p id=\":49h\" class=\"hP\" tabindex=\"-1\" data-thread-perm-id=\"thread-f:1620470658956742117\" data-legacy-thread-id=\"167d117a8c0f4de5\"><strong>Las mujeres en infraestructuras, excepcionales y de excepci\u00f3n-Yolanda G\u00f3mez llama a igualar los derechos de hombres y mujeres en la Constituci\u00f3n-\u00bfDeber\u00edan existir cuotas para hombres en instituciones cient\u00edficas?-#TODAS <\/strong><\/p>\n<p>[toggle type=\u00bbfirst\u00bb title=\u00bbComunicaci\u00f3n\u00bb]<\/p>\n<p><a href=\"https:\/\/www.eldiario.es\/andalucia\/cordoba\/Renee-Lafont-biografia-periodista-completa_0_877713223.html\">Ren\u00e9e Lafont: la biograf\u00eda de la primera periodista muerta en una fosa com\u00fan &#8230;<\/a>&#8211;\u00a0eldiario.es<\/p>\n<p><a href=\"https:\/\/www.elmundo.es\/television\/2019\/03\/15\/5c8ae27621efa096358b466b.html\">\u00abPara que haya violencia primero se debe ejercitar la palabra\u00bb<\/a>\u00a0\u2013 El Mundo<\/p>\n<p><a href=\"https:\/\/www.google.com\/url?rct=j&amp;sa=t&amp;url=https:\/\/www.azarplus.com\/el-consejo-audiovisual-de-andalucia-demanda-una-regulacion-estatal-de-la-publicidad-del-juego-segun-el-informe-2018\/&amp;ct=ga&amp;cd=CAEYACoUMTQzNTMxMDMwMzE4ODM3MDMxOTkyGWUyZGVmYTdkNWRhOTE1N2Q6ZXM6ZXM6RVM&amp;usg=AFQjCNFvY1X-YvZQuWZoLL2CtAWgqOHLiA\">El Consejo Audiovisual de Andaluc\u00eda demanda una regulaci\u00f3n estatal de la publicidad del\u00a0Juego\u00a0&#8230;<\/a>&#8211;\u00a0AZARplus<\/p>\n<p><a href=\"https:\/\/www.google.com\/url?rct=j&amp;sa=t&amp;url=http:\/\/www.encastillalamancha.es\/castilla-la-mancha\/micromachismos-en-textos-academicos-acabar-con-los-referentes-solo-masculinos-violencia-economica\/&amp;ct=ga&amp;cd=CAEYASoUMTA0MDc0MTk0OTYzNjg5NTg5ODMyGWMwMzcyZWJjMmZlYWRhNTk6ZXM6ZXM6RVM&amp;usg=AFQjCNEkOdCPHxqOL09JzS7iJGhNCUUl1A\">Micromachismos en textos acad\u00e9micos, acabar con los referentes solo masculinos, violencia &#8230;<\/a>-Encastillalamancha<\/p>\n<p><a href=\"https:\/\/www.lasexta.com\/tribus-ocultas\/artes\/como-debemos-utilizar-lenguaje-inclusivo-escribir_201902285c89e0c60cf2bb98bdcea27a.html\">\u00bfC\u00f3mo debemos utilizar el\u00a0lenguaje\u00a0inclusivo al escribir?<\/a>&#8211;\u00a0LaSexta<\/p>\n<p><a href=\"https:\/\/www.horacero.com.mx\/vida-y-cultura\/google-recuerda-a-la-primera-mujer-que-estudio-medicina-en-mexico\/\">Google recuerda a Matilde Montoya, la primera\u00a0mujer\u00a0que estudi\u00f3 medicina en M\u00e9xico<\/a>&#8211;\u00a0Hora Cero Web<\/p>\n<p>[\/toggle]<\/p>\n<p>[toggle type=\u00bbfirst\u00bb title=\u00bbAndaluc\u00eda\u00bb]<\/p>\n<p><strong>Econom\u00eda y Empresas<\/strong><\/p>\n<p><a href=\"http:\/\/www.juntadeandalucia.es\/presidencia\/portavoz\/140871\/Igualdad\/Mujerez\/IAM\/Fresa\/Acoso\/Temporeras\">La Junta ofrece el asesoramiento del IAM al sector de la fresa para fomentar la igualdad<\/a>\u00a0\u2013\u00a0Oficina del Portavoz<\/p>\n<p><a href=\"https:\/\/www.mujeremprendedora.net\/andalucia-preve-incrementar-numero-actuaciones-garantizar-igualdad\/\">Andaluc\u00eda prev\u00e9 incrementar el n\u00famero de actuaciones para garantizar la igualdad<\/a>\u00a0\u2013 Mujeremprendedora.net<\/p>\n<p><a href=\"https:\/\/www.google.com\/url?rct=j&amp;sa=t&amp;url=https:\/\/www.lavanguardia.com\/vida\/20190314\/461025611299\/ruiz-apuesta-por-promover-planes-igualdad-basados-en-formacion-y-conciliacion.html&amp;ct=ga&amp;cd=CAEYBCoUMTY1NTM4OTAxNDcxOTQ5Mzg2NzUyGWMwMzcyZWJjMmZlYWRhNTk6ZXM6ZXM6RVM&amp;usg=AFQjCNH2BMwgJZaW0ql56gMwlrbo4BpO_Q\">Ruiz, Consejera de Igualdad, apuesta por promover planes igualdad basados en formaci\u00f3n y conciliaci\u00f3n<\/a>&#8211;\u00a0La Vanguardia<\/p>\n<p><a href=\"https:\/\/www.mujeremprendedora.net\/aiqbe-destaca-papel-mujer-industria-huelva\/\">Asociaci\u00f3n de Industrias Qu\u00edmicas, B\u00e1sicas y Energ\u00e9ticas de Huelva destaca el papel de la mujer en la industria de Huelva<\/a>\u00a0\u2013 Mujeremprendedora.net<\/p>\n<p><a href=\"http:\/\/www.juntadeandalucia.es\/presidencia\/portavoz\/140851\/ConsejeriadeEmpleo\/ComisionParlamentaria\/BrechaSalarial\/Igualdad\/InspecciondeTrabajo\">Casi un millar de inspecciones para garantizar la igualdad en los centros de trabajo<\/a>\u2013\u00a0Oficina del Portavoz<\/p>\n<p><strong>Actualidad<\/strong><\/p>\n<p><a href=\"https:\/\/www.publico.es\/sociedad\/juana-rivas-audiencia-granada-confirma-condena-cinco-anos-carcel-juana-rivas.html\">La Audiencia de Granada confirma la condena a cinco a\u00f1os de c\u00e1rcel a Juana Rivas<\/a>\u00a0&#8211; P\u00fablico<\/p>\n<p><a href=\"https:\/\/www.lasexta.com\/noticias\/sociedad\/mas-300000-firmas-piden-indulto-juana-rivas_201903155c8b81610cf2b779bc2f9ff6.html\">M\u00e1s de 300.000 firmas piden el indulto para Juana Rivas<\/a>&#8211;\u00a0LaSexta<strong>\u00a0<\/strong><\/p>\n<p><strong>Violencias<\/strong><\/p>\n<p><a href=\"http:\/\/www.juntadeandalucia.es\/presidencia\/portavoz\/140858\/ConsejeriadeTurismoRegeneracionJusticiayAdministracionLocal\/JuanMarin\/UnidadesdeValoracionIntegraldeViolenciadeGenero\/UVIVG\/victimas\/violenciadegenero\/inversion\/JuntadeAndalucia\">La Junta contratar\u00e1 a 30 nuevos trabajadores para reforzar las unidades de violencia de g\u00e9nero<\/a>\u00a0\u2013\u00a0Oficina del Portavoz<\/p>\n<p><a href=\"https:\/\/www.granadahoy.com\/granada\/Fiscalia-Superior-Andalucia-alerta-cifras-violencia-genero_0_1336366812.html\">La Fiscal\u00eda Superior de\u00a0Andaluc\u00eda\u00a0alerta de que las cifras de\u00a0violencia\u00a0&#8230;<\/a>&#8211;\u00a0Granada Hoy<\/p>\n<p><a href=\"https:\/\/www.google.com\/url?rct=j&amp;sa=t&amp;url=https:\/\/www.lavanguardia.com\/local\/sevilla\/20190314\/461025836078\/el-iam-activa-el-servicio-de-apoyo-psicologico-para-los-hijos-de-la-mujer-agredida-por-su-marido-en-bollullos.html&amp;ct=ga&amp;cd=CAEYACoUMTA0MDc0MTk0OTYzNjg5NTg5ODMyGWMwMzcyZWJjMmZlYWRhNTk6ZXM6ZXM6RVM&amp;usg=AFQjCNEVQh9Dm_HdvEVgQPZQ4f6Cor1n3Q\">El IAM activa el servicio de apoyo psicol\u00f3gico para los hijos de la\u00a0mujer\u00a0agredida por su marido en Bollullos &#8230;<\/a>&#8211;\u00a0La Vanguardia<\/p>\n<p><a href=\"https:\/\/www.google.com\/url?rct=j&amp;sa=t&amp;url=https:\/\/m.diariodejerez.es\/jerez\/Perros-victimas-violencia-UCA-Ayuntamiento-Jerez_0_1336366745.html&amp;ct=ga&amp;cd=CAEYBCoTNDIxMjY0NzEzMzYwMzg5MTgzMzIZYzAzNzJlYmMyZmVhZGE1OTplczplczpFUw&amp;usg=AFQjCNGEOOD52lWSbMFeXcG6uqXGma6_iQ\">Perros para ayudar a las v\u00edctimas de violencia de g\u00e9nero en Jerez<\/a>&#8211;\u00a0Diario de Jerez<\/p>\n<p><strong>Ciencia y Cultura<\/strong><\/p>\n<p><a href=\"https:\/\/www.lavozdecordoba.es\/cultura\/2019\/03\/14\/un-maraton-de-poesia-con-voz-de-mujer\/\">Un marat\u00f3n de poes\u00eda con voz de\u00a0mujer<\/a>&#8211;\u00a0La voz de C\u00f3rdoba<\/p>\n<p><a href=\"https:\/\/www.laopiniondemalaga.es\/cultura-espectaculos\/2019\/03\/15\/recoge-trabajo-18-artistas-andaluzas\/1074759.html\">&#8216;#TODAS&#8217; recoge el trabajo de 18\u00a0artistas\u00a0andaluzas contempor\u00e1neas<\/a>&#8211;\u00a0La Opini\u00f3n de M\u00e1laga<\/p>\n<p><a href=\"http:\/\/www.canalsur.es\/rtva\/ingrid-garcia-jonsson-contar-con-el-apoyo-de-canal-sur-es-una-palmada-en-el-hombro-y-un-abrazo-que-recibo-con-muchisimo-carino\/1406415.html\">Ingrid Garc\u00eda Jonsson: \u00abContar con el apoyo de Canal Sur es una &#8230;<\/a>&#8211;\u00a0CanalSurWeb<\/p>\n<p><a href=\"http:\/\/www.diariodehuelva.es\/2019\/03\/14\/arranca-este-viernes-la-galeria-arte-online-magase-art-gallery\/\">Arranca este viernes la galer\u00eda de\u00a0arte\u00a0online Magas\u00e9 Art Gallery<\/a>&#8211;\u00a0diariodehuelva.es<\/p>\n<p><strong>Deporte<\/strong><\/p>\n<p><a href=\"https:\/\/andaluciainformacion.es\/chiclana\/812359\/proyecto-sobre-el-deporte-como-forma-de-empoderamiento-en-afichi\/\">Proyecto sobre el deporte como forma de empoderamiento en AFICHI<\/a>&#8211;\u00a0Andaluc\u00eda Informaci\u00f3n<\/p>\n<p><a href=\"https:\/\/www.periodicolasemana.es\/20190315\/71610\/deporte\/el-c-w-dos-hermanas-se-la-juega-este-fin-de-semana\/\">El CW Dos Hermanas se la juega este fin de semana<\/a>&#8211;\u00a0periodicolasemana.es<\/p>\n<p><a href=\"https:\/\/www.diariosur.es\/deportes\/mas-deportes\/jugadoras-torneo-mujer-20190315000418-ntvo.html\">450 jugadoras en el Torneo de la\u00a0Mujer\u00a0de EBG M\u00e1laga<\/a>&#8211;\u00a0Sur Digital<\/p>\n<p>[\/toggle]<\/p>\n<p>[toggle type=\u00bbfirst\u00bb title=\u00bbEstado\u00bb]<\/p>\n<p><strong>Institucional-CCAA<\/strong><\/p>\n<p><a href=\"https:\/\/www.google.com\/url?rct=j&amp;sa=t&amp;url=https:\/\/www.elcomercio.es\/aviles\/solo-ayuntamientos-implantado-aviles-20190314001505-ntvo.html&amp;ct=ga&amp;cd=CAEYCioUMTY1NTM4OTAxNDcxOTQ5Mzg2NzUyGWMwMzcyZWJjMmZlYWRhNTk6ZXM6ZXM6RVM&amp;usg=AFQjCNHrw2fn2aEuhi-53IsiDXeRNsQ28A\">Solo el 25% de los ayuntamientos ha implantado un plan de igualdad en Asturias\u2026<\/a>-El Comercio Digital<a href=\"https:\/\/www.google.com\/url?rct=j&amp;sa=t&amp;url=http:\/\/infoprovincia.net\/2019\/03\/14\/el-alcalde-de-zafra-destaca-el-papel-de-las-universidades-populares-para-las-mujeres-del-mundo-rural\/&amp;ct=ga&amp;cd=CAEYBSoUMTA0MDc0MTk0OTYzNjg5NTg5ODMyGWMwMzcyZWJjMmZlYWRhNTk6ZXM6ZXM6RVM&amp;usg=AFQjCNFIIzRSX4texMPx2iyQv-mNF9bA3Q\"><br \/>\nEl alcalde de Zafra destaca el papel de las Universidades Populares para las mujeres\u00a0del mundo\u00a0&#8230;<\/a>&#8211;\u00a0Infoprovincia<\/p>\n<p><a href=\"https:\/\/www.mujeremprendedora.net\/madrid-womans-week-2019-analiza-el-empoderamiento-femenino\/\">Madrid Woman\u2019s Week 2019 analiza el empoderamiento femenino<\/a>\u2013 Mujeremprendedora.net<\/p>\n<p><a href=\"https:\/\/www.laopinioncoruna.es\/gran-coruna\/2019\/03\/15\/diputacion-dedica-decimo-concurso-vinetas\/1384137.html\">La Diputaci\u00f3n dedica el d\u00e9cimo Concurso de Vi\u00f1etas a las\u00a0mujeres\u00a0&#8230;<\/a>&#8211;\u00a0La Opini\u00f3n A Coru\u00f1a<\/p>\n<p><strong>Econom\u00eda y Empresa<\/strong><\/p>\n<p><a href=\"https:\/\/www.mujeremprendedora.net\/ejecon-otorga-premios-talento-sin-genero\/\">EJE&amp;CON otorga los Premios al Talento Sin G\u00e9nero<\/a>\u2013 Mujeremprendedora.net<\/p>\n<p><a href=\"https:\/\/www.elmundo.es\/extras\/2019\/03\/14\/5c8a45c2fc6c8370168b4680.html\">Las\u00a0mujeres\u00a0en infraestructuras, excepcionales y de excepci\u00f3n<\/a>&#8211;\u00a0El Mundo<a href=\"https:\/\/www.google.com\/url?rct=j&amp;sa=t&amp;url=http:\/\/www.computerworld.es\/negocio\/iniciativa-de-la-aec-para-aumentar-la-presencia-directivas-en-las-empresas&amp;ct=ga&amp;cd=CAEYAioUMTA0MDc0MTk0OTYzNjg5NTg5ODMyGWMwMzcyZWJjMmZlYWRhNTk6ZXM6ZXM6RVM&amp;usg=AFQjCNEwkGh6sO9zMdfAB25t9mHXhfhM6g\"><br \/>\nIniciativa de la Asociaci\u00f3n de Empresas de Consultor\u00eda para aumentar la presencia directivas en las empresas<\/a>&#8211;\u00a0Computer World Espa\u00f1a<\/p>\n<p><a href=\"https:\/\/www.mujeremprendedora.net\/rocio-carrascosa-alphabet-clave-igualdad-huir-cliches-garantizar-neutralidad-procesos-seleccion\/\">La clave de la igualdad: huir de los clich\u00e9s y garantizar la neutralidad en los procesos de selecci\u00f3n<\/a>\u00a0\u2013 Mujeremprendedora.net<\/p>\n<p><strong>Actualidad<\/strong><\/p>\n<p><a href=\"https:\/\/elpais.com\/politica\/2019\/03\/14\/actualidad\/1552573588_185267.html\">La catedr\u00e1tica y directora del Centros de Estudios Pol\u00edticos y Constitucionales, Yolanda G\u00f3mez llama a igualar los derechos de hombres y mujeres en la Constituci\u00f3n &#8230;<\/a>&#8211;\u00a0El Pa\u00eds<\/p>\n<p><a href=\"https:\/\/www.elmundo.es\/baleares\/2019\/03\/15\/5c842fd9fc6c8316058b460c.html\">Mar\u00eda Dolores Lozano: \u00abLa custodia compartida es una reivindicaci\u00f3n de la\u00a0mujer\u00a0trabajadora\u00bb<\/a>\u00a0\u2013 El Mundo<\/p>\n<p><a href=\"https:\/\/www.publico.es\/sociedad\/isabel-zendal-enfermera-vacuna-viruela.html\">Isabel Zendal, la enfermera que erradic\u00f3 la viruela en medio mundo &#8216;transportando&#8217; la vacuna en los brazos de 21 ni\u00f1os hu\u00e9rfanos<\/a>&#8211; P\u00fablico<\/p>\n<p><a href=\"https:\/\/www.publico.es\/politica\/letrados-avalan-validez-decreto-amplia-permisos-paternidad-continuara-tramitacion.html\">Los letrados dan luz verde al decreto que ampl\u00eda el permiso de paternidad a ocho semanas<\/a>\u00a0&#8211; P\u00fablico<\/p>\n<p><a href=\"https:\/\/www.google.com\/url?rct=j&amp;sa=t&amp;url=https:\/\/www.lavozdegalicia.es\/noticia\/sociedad\/2019\/03\/15\/mujeres-dieta-hipercalorica-doble-riesgo-cancer-mama\/00031552647322605728238.htm&amp;ct=ga&amp;cd=CAEYACoTMjk3MDIyMjcyNzE2MDIzMDcyMzIZYzAzNzJlYmMyZmVhZGE1OTplczplczpFUw&amp;usg=AFQjCNEatVhET_nGEDP4Rl5VTBIvCrynFA\">Las\u00a0mujeres\u00a0con una dieta hipercal\u00f3rica tienen casi el doble de riesgo de c\u00e1ncer de mama<\/a>&#8211;\u00a0La Voz de Galicia<\/p>\n<p><strong>Ciencia y Cultura\u00a0<\/strong><a href=\"https:\/\/www.google.com\/url?rct=j&amp;sa=t&amp;url=https:\/\/alicanteplaza.es\/las-mujeres-escritoras-seran-las-protagonistas-de-la-feria-del-libro-de-alicante&amp;ct=ga&amp;cd=CAEYAyoTNDIxMjY0NzEzMzYwMzg5MTgzMzIZYzAzNzJlYmMyZmVhZGE1OTplczplczpFUw&amp;usg=AFQjCNEE37tgVcEDwXlJ-WxM15Pb29DX0A\"><br \/>\nLas\u00a0mujeres\u00a0escritoras ser\u00e1n las protagonistas de la Feria del libro de Alicante<\/a>&#8211;\u00a0Alicante Plaza<\/p>\n<p><a href=\"https:\/\/www.elmundo.es\/eme\/2019\/03\/14\/5c8a3b7321efa06e178b46dc.html\">\u00bfY si Banksy fuera\u00a0mujer?<\/a>\u00a0\u2013\u00a0El Mundo<\/p>\n<p><a href=\"https:\/\/cadenaser.com\/programa\/2019\/03\/14\/sofa_sonoro\/1552559568_910039.html\">Cuando cien\u00a0mujeres\u00a0hablan de m\u00fasica<\/a>&#8211;\u00a0Cadena SER<\/p>\n<p><strong>Deporte<\/strong><strong>\u00a0\u00a0<\/strong><\/p>\n<p><a href=\"https:\/\/www.lasexta.com\/noticias\/deportes\/futbol\/wanda-metropolitano-cuelga-cartel-hay-entradas-atletico-barcelona-femenino_201903155c8b75370cf2bb98bdd08b7e.html\">El Wanda cuelga el cartel de &#8216;no hay entradas&#8217; para el Atl\u00e9tico vs Barcelona Femenino &#8230;<\/a>&#8211;\u00a0LaSexta<\/p>\n<p><a href=\"http:\/\/www.telemadrid.es\/programas\/el-partido-de-la-onda\/Womens-basketball-week-9-2103479656--20190314062916.html\">3\u00aa Women&#8217;s basketball week<\/a>&#8211;\u00a0Telemadrid<\/p>\n<p>[\/toggle]<\/p>\n<p>[toggle type=\u00bbfirst\u00bb title=\u00bbInternacional\u00bb]<\/p>\n<p><a href=\"https:\/\/www.mujeremprendedora.net\/proteccion-social-herramienta-desarrollo-mujer-rural\/\">La protecci\u00f3n social, una herramienta para el desarrollo de la mujer rural<\/a>\u00a0\u2013 Mujeremprendedora.net<\/p>\n<p><a href=\"https:\/\/www.google.com\/url?rct=j&amp;sa=t&amp;url=https:\/\/www.infolibre.es\/noticias\/mundo\/2019\/03\/06\/las_mujeres_centroamericanas_luchan_contra_violencia_que_gobierna_espacio_publico_92639_1022.html&amp;ct=ga&amp;cd=CAEYBCoTODMzOTczODExNTMwNzUwOTAzOTIZYzAzNzJlYmMyZmVhZGE1OTplczplczpFUw&amp;usg=AFQjCNFZgC2YPj77OGNWRT9SRN_VczcB1Q\">Las\u00a0mujeres\u00a0centroamericanas luchan contra la agenda integrista impuesta por la Iglesia &#8230;<\/a>&#8211;\u00a0infoLibre<\/p>\n<p><a href=\"https:\/\/elpais.com\/elpais\/2019\/03\/14\/ciencia\/1552558928_779129.html\">\u201cDeber\u00edan existir cuotas para hombres en las instituciones cient\u00edficas\u201d<\/a>&#8211; El Pa\u00eds<\/p>\n<p><a href=\"https:\/\/www.google.com\/url?rct=j&amp;sa=t&amp;url=https:\/\/www.elcomercio.com\/afull\/igualdad-genero-mujeres-ciencia-investigacion.html&amp;ct=ga&amp;cd=CAEYASoTNDY3ODc2MDc0MTMwMTYwOTI0NTIZYzAzNzJlYmMyZmVhZGE1OTplczplczpFUw&amp;usg=AFQjCNE0MV1iWlQu3AIhqPYa7RJ6Vm-SfQ\">Y si la ciencia tuviera m\u00e1s en cuenta a las\u00a0mujeres?<\/a>&#8211;\u00a0El Comercio<\/p>\n<p><a href=\"https:\/\/www.publico.es\/culturas\/mia-hansen-love-reporteros-guerra-son-heroes-sociedad-civil.html\">Mia Hansen-L\u00f8ve, directora de cine: \u00abLos reporteros de guerra son h\u00e9roes de la sociedad civil\u00bb<\/a>&#8211; P\u00fablico<\/p>\n<p>[\/toggle]<\/p>\n<\/div>\n<\/div>\n<\/div>\n<\/div>\n<\/div>\n<\/div>\n","protected":false},"excerpt":{"rendered":"<p>Las mujeres en infraestructuras, excepcionales y de excepci\u00f3n-Yolanda G\u00f3mez llama <a href=\"https:\/\/cklcomunicaciones.es\/coop\/noticias-info-ckl-no-2-2303-15-03-19\/\">[&#8230;]<\/a><\/p>\n","protected":false},"author":3,"featured_media":0,"comment_status":"closed","ping_status":"closed","sticky":false,"template":"","format":"standard","meta":{"footnotes":""},"categories":[298,623],"tags":[],"class_list":["post-14511","post","type-post","status-publish","format-standard","hentry","category-newsletter","category-nwl-2-0"],"yoast_head":"<!-- This site is optimized with the Yoast SEO plugin v27.5 - https:\/\/yoast.com\/product\/yoast-seo-wordpress\/ -->\n<title>Noticias Info CKL n\u00ba 2.303-15\/03\/19-Comunicar con perspectiva de g\u00e9nero<\/title>\n<meta name=\"description\" content=\"Comunicar con perspectiva de g\u00e9nero: Las mujeres en infraestructuras, excepcionales y de excepci\u00f3n-Yolanda G\u00f3mez llama a igualar los derechos de hombres y mujeres en la Constituci\u00f3n-\u00bfDeber\u00edan existir cuotas para hombres en instituciones cient\u00edficas?-#TODAS\" \/>\n<meta name=\"robots\" content=\"index, follow, max-snippet:-1, max-image-preview:large, max-video-preview:-1\" \/>\n<link rel=\"canonical\" href=\"https:\/\/cklcomunicaciones.es\/coop\/noticias-info-ckl-no-2-2303-15-03-19\/\" \/>\n<meta property=\"og:locale\" content=\"es_ES\" \/>\n<meta property=\"og:type\" content=\"article\" \/>\n<meta property=\"og:title\" content=\"Noticias Info CKL n\u00ba 2.303-15\/03\/19-Comunicar con perspectiva de g\u00e9nero\" \/>\n<meta property=\"og:description\" content=\"Comunicar con perspectiva de g\u00e9nero: Las mujeres en infraestructuras, excepcionales y de excepci\u00f3n-Yolanda G\u00f3mez llama a igualar los derechos de hombres y mujeres en la Constituci\u00f3n-\u00bfDeber\u00edan existir cuotas para hombres en instituciones cient\u00edficas?-#TODAS\" \/>\n<meta property=\"og:url\" content=\"https:\/\/cklcomunicaciones.es\/coop\/noticias-info-ckl-no-2-2303-15-03-19\/\" \/>\n<meta property=\"og:site_name\" content=\"CKL Comunicaciones\" \/>\n<meta property=\"article:published_time\" content=\"2019-03-15T12:13:02+00:00\" \/>\n<meta property=\"article:modified_time\" content=\"2025-01-17T15:43:18+00:00\" \/>\n<meta property=\"og:image\" content=\"https:\/\/cklcomunicaciones.es\/coop\/wp-content\/uploads\/2018\/03\/CKL_comunicacion-con-perspetiva-de-genero.jpg\" \/>\n\t<meta property=\"og:image:width\" content=\"500\" \/>\n\t<meta property=\"og:image:height\" content=\"500\" \/>\n\t<meta property=\"og:image:type\" content=\"image\/jpeg\" \/>\n<meta name=\"author\" content=\"ckl\" \/>\n<meta name=\"twitter:card\" content=\"summary_large_image\" \/>\n<meta name=\"twitter:label1\" content=\"Escrito por\" \/>\n\t<meta name=\"twitter:data1\" content=\"ckl\" \/>\n\t<meta name=\"twitter:label2\" content=\"Tiempo de lectura\" \/>\n\t<meta name=\"twitter:data2\" content=\"4 minutos\" \/>\n<script type=\"application\/ld+json\" class=\"yoast-schema-graph\">{\"@context\":\"https:\\\/\\\/schema.org\",\"@graph\":[{\"@type\":\"Article\",\"@id\":\"https:\\\/\\\/cklcomunicaciones.es\\\/coop\\\/noticias-info-ckl-no-2-2303-15-03-19\\\/#article\",\"isPartOf\":{\"@id\":\"https:\\\/\\\/cklcomunicaciones.es\\\/coop\\\/noticias-info-ckl-no-2-2303-15-03-19\\\/\"},\"author\":{\"name\":\"ckl\",\"@id\":\"https:\\\/\\\/cklcomunicaciones.es\\\/coop\\\/#\\\/schema\\\/person\\\/929a6837f7626450bbb50cee1aef266e\"},\"headline\":\"Noticias Info CKL n\u00ba 2.303-15\\\/03\\\/19\",\"datePublished\":\"2019-03-15T12:13:02+00:00\",\"dateModified\":\"2025-01-17T15:43:18+00:00\",\"mainEntityOfPage\":{\"@id\":\"https:\\\/\\\/cklcomunicaciones.es\\\/coop\\\/noticias-info-ckl-no-2-2303-15-03-19\\\/\"},\"wordCount\":861,\"image\":{\"@id\":\"https:\\\/\\\/cklcomunicaciones.es\\\/coop\\\/noticias-info-ckl-no-2-2303-15-03-19\\\/#primaryimage\"},\"thumbnailUrl\":\"http:\\\/\\\/www.cklcomunicaciones.es\\\/wp-content\\\/uploads\\\/2018\\\/03\\\/CKL_comunicacion-con-perspetiva-de-genero-300x300.jpg\",\"articleSection\":[\"Newsletter\",\"Nwl v2.0\"],\"inLanguage\":\"es\"},{\"@type\":\"WebPage\",\"@id\":\"https:\\\/\\\/cklcomunicaciones.es\\\/coop\\\/noticias-info-ckl-no-2-2303-15-03-19\\\/\",\"url\":\"https:\\\/\\\/cklcomunicaciones.es\\\/coop\\\/noticias-info-ckl-no-2-2303-15-03-19\\\/\",\"name\":\"Noticias Info CKL n\u00ba 2.303-15\\\/03\\\/19-Comunicar con perspectiva de g\u00e9nero\",\"isPartOf\":{\"@id\":\"https:\\\/\\\/cklcomunicaciones.es\\\/coop\\\/#website\"},\"primaryImageOfPage\":{\"@id\":\"https:\\\/\\\/cklcomunicaciones.es\\\/coop\\\/noticias-info-ckl-no-2-2303-15-03-19\\\/#primaryimage\"},\"image\":{\"@id\":\"https:\\\/\\\/cklcomunicaciones.es\\\/coop\\\/noticias-info-ckl-no-2-2303-15-03-19\\\/#primaryimage\"},\"thumbnailUrl\":\"http:\\\/\\\/www.cklcomunicaciones.es\\\/wp-content\\\/uploads\\\/2018\\\/03\\\/CKL_comunicacion-con-perspetiva-de-genero-300x300.jpg\",\"datePublished\":\"2019-03-15T12:13:02+00:00\",\"dateModified\":\"2025-01-17T15:43:18+00:00\",\"author\":{\"@id\":\"https:\\\/\\\/cklcomunicaciones.es\\\/coop\\\/#\\\/schema\\\/person\\\/929a6837f7626450bbb50cee1aef266e\"},\"description\":\"Comunicar con perspectiva de g\u00e9nero: Las mujeres en infraestructuras, excepcionales y de excepci\u00f3n-Yolanda G\u00f3mez llama a igualar los derechos de hombres y mujeres en la Constituci\u00f3n-\u00bfDeber\u00edan existir cuotas para hombres en instituciones cient\u00edficas?-#TODAS\",\"breadcrumb\":{\"@id\":\"https:\\\/\\\/cklcomunicaciones.es\\\/coop\\\/noticias-info-ckl-no-2-2303-15-03-19\\\/#breadcrumb\"},\"inLanguage\":\"es\",\"potentialAction\":[{\"@type\":\"ReadAction\",\"target\":[\"https:\\\/\\\/cklcomunicaciones.es\\\/coop\\\/noticias-info-ckl-no-2-2303-15-03-19\\\/\"]}]},{\"@type\":\"ImageObject\",\"inLanguage\":\"es\",\"@id\":\"https:\\\/\\\/cklcomunicaciones.es\\\/coop\\\/noticias-info-ckl-no-2-2303-15-03-19\\\/#primaryimage\",\"url\":\"http:\\\/\\\/www.cklcomunicaciones.es\\\/wp-content\\\/uploads\\\/2018\\\/03\\\/CKL_comunicacion-con-perspetiva-de-genero-300x300.jpg\",\"contentUrl\":\"http:\\\/\\\/www.cklcomunicaciones.es\\\/wp-content\\\/uploads\\\/2018\\\/03\\\/CKL_comunicacion-con-perspetiva-de-genero-300x300.jpg\"},{\"@type\":\"BreadcrumbList\",\"@id\":\"https:\\\/\\\/cklcomunicaciones.es\\\/coop\\\/noticias-info-ckl-no-2-2303-15-03-19\\\/#breadcrumb\",\"itemListElement\":[{\"@type\":\"ListItem\",\"position\":1,\"name\":\"Portada\",\"item\":\"https:\\\/\\\/cklcomunicaciones.es\\\/coop\\\/\"},{\"@type\":\"ListItem\",\"position\":2,\"name\":\"Noticias Info CKL n\u00ba 2.303-15\\\/03\\\/19\"}]},{\"@type\":\"WebSite\",\"@id\":\"https:\\\/\\\/cklcomunicaciones.es\\\/coop\\\/#website\",\"url\":\"https:\\\/\\\/cklcomunicaciones.es\\\/coop\\\/\",\"name\":\"CKL Comunicaciones\",\"description\":\"Sitio web de CKL Comunicaciones coop , la consultora de comunicaci\u00f3n y estrategia\",\"potentialAction\":[{\"@type\":\"SearchAction\",\"target\":{\"@type\":\"EntryPoint\",\"urlTemplate\":\"https:\\\/\\\/cklcomunicaciones.es\\\/coop\\\/?s={search_term_string}\"},\"query-input\":{\"@type\":\"PropertyValueSpecification\",\"valueRequired\":true,\"valueName\":\"search_term_string\"}}],\"inLanguage\":\"es\"},{\"@type\":\"Person\",\"@id\":\"https:\\\/\\\/cklcomunicaciones.es\\\/coop\\\/#\\\/schema\\\/person\\\/929a6837f7626450bbb50cee1aef266e\",\"name\":\"ckl\",\"image\":{\"@type\":\"ImageObject\",\"inLanguage\":\"es\",\"@id\":\"https:\\\/\\\/secure.gravatar.com\\\/avatar\\\/c82db564e8a669bf6023357a157b9dc4780f4d4c618f2ad1d71a6a5dede45057?s=96&d=mm&r=g\",\"url\":\"https:\\\/\\\/secure.gravatar.com\\\/avatar\\\/c82db564e8a669bf6023357a157b9dc4780f4d4c618f2ad1d71a6a5dede45057?s=96&d=mm&r=g\",\"contentUrl\":\"https:\\\/\\\/secure.gravatar.com\\\/avatar\\\/c82db564e8a669bf6023357a157b9dc4780f4d4c618f2ad1d71a6a5dede45057?s=96&d=mm&r=g\",\"caption\":\"ckl\"},\"url\":\"https:\\\/\\\/cklcomunicaciones.es\\\/coop\\\/author\\\/cklcomunicaciones\\\/\"}]}<\/script>\n<!-- \/ Yoast SEO plugin. -->","yoast_head_json":{"title":"Noticias Info CKL n\u00ba 2.303-15\/03\/19-Comunicar con perspectiva de g\u00e9nero","description":"Comunicar con perspectiva de g\u00e9nero: Las mujeres en infraestructuras, excepcionales y de excepci\u00f3n-Yolanda G\u00f3mez llama a igualar los derechos de hombres y mujeres en la Constituci\u00f3n-\u00bfDeber\u00edan existir cuotas para hombres en instituciones cient\u00edficas?-#TODAS","robots":{"index":"index","follow":"follow","max-snippet":"max-snippet:-1","max-image-preview":"max-image-preview:large","max-video-preview":"max-video-preview:-1"},"canonical":"https:\/\/cklcomunicaciones.es\/coop\/noticias-info-ckl-no-2-2303-15-03-19\/","og_locale":"es_ES","og_type":"article","og_title":"Noticias Info CKL n\u00ba 2.303-15\/03\/19-Comunicar con perspectiva de g\u00e9nero","og_description":"Comunicar con perspectiva de g\u00e9nero: Las mujeres en infraestructuras, excepcionales y de excepci\u00f3n-Yolanda G\u00f3mez llama a igualar los derechos de hombres y mujeres en la Constituci\u00f3n-\u00bfDeber\u00edan existir cuotas para hombres en instituciones cient\u00edficas?-#TODAS","og_url":"https:\/\/cklcomunicaciones.es\/coop\/noticias-info-ckl-no-2-2303-15-03-19\/","og_site_name":"CKL Comunicaciones","article_published_time":"2019-03-15T12:13:02+00:00","article_modified_time":"2025-01-17T15:43:18+00:00","og_image":[{"width":500,"height":500,"url":"https:\/\/cklcomunicaciones.es\/coop\/wp-content\/uploads\/2018\/03\/CKL_comunicacion-con-perspetiva-de-genero.jpg","type":"image\/jpeg"}],"author":"ckl","twitter_card":"summary_large_image","twitter_misc":{"Escrito por":"ckl","Tiempo de lectura":"4 minutos"},"schema":{"@context":"https:\/\/schema.org","@graph":[{"@type":"Article","@id":"https:\/\/cklcomunicaciones.es\/coop\/noticias-info-ckl-no-2-2303-15-03-19\/#article","isPartOf":{"@id":"https:\/\/cklcomunicaciones.es\/coop\/noticias-info-ckl-no-2-2303-15-03-19\/"},"author":{"name":"ckl","@id":"https:\/\/cklcomunicaciones.es\/coop\/#\/schema\/person\/929a6837f7626450bbb50cee1aef266e"},"headline":"Noticias Info CKL n\u00ba 2.303-15\/03\/19","datePublished":"2019-03-15T12:13:02+00:00","dateModified":"2025-01-17T15:43:18+00:00","mainEntityOfPage":{"@id":"https:\/\/cklcomunicaciones.es\/coop\/noticias-info-ckl-no-2-2303-15-03-19\/"},"wordCount":861,"image":{"@id":"https:\/\/cklcomunicaciones.es\/coop\/noticias-info-ckl-no-2-2303-15-03-19\/#primaryimage"},"thumbnailUrl":"http:\/\/www.cklcomunicaciones.es\/wp-content\/uploads\/2018\/03\/CKL_comunicacion-con-perspetiva-de-genero-300x300.jpg","articleSection":["Newsletter","Nwl v2.0"],"inLanguage":"es"},{"@type":"WebPage","@id":"https:\/\/cklcomunicaciones.es\/coop\/noticias-info-ckl-no-2-2303-15-03-19\/","url":"https:\/\/cklcomunicaciones.es\/coop\/noticias-info-ckl-no-2-2303-15-03-19\/","name":"Noticias Info CKL n\u00ba 2.303-15\/03\/19-Comunicar con perspectiva de g\u00e9nero","isPartOf":{"@id":"https:\/\/cklcomunicaciones.es\/coop\/#website"},"primaryImageOfPage":{"@id":"https:\/\/cklcomunicaciones.es\/coop\/noticias-info-ckl-no-2-2303-15-03-19\/#primaryimage"},"image":{"@id":"https:\/\/cklcomunicaciones.es\/coop\/noticias-info-ckl-no-2-2303-15-03-19\/#primaryimage"},"thumbnailUrl":"http:\/\/www.cklcomunicaciones.es\/wp-content\/uploads\/2018\/03\/CKL_comunicacion-con-perspetiva-de-genero-300x300.jpg","datePublished":"2019-03-15T12:13:02+00:00","dateModified":"2025-01-17T15:43:18+00:00","author":{"@id":"https:\/\/cklcomunicaciones.es\/coop\/#\/schema\/person\/929a6837f7626450bbb50cee1aef266e"},"description":"Comunicar con perspectiva de g\u00e9nero: Las mujeres en infraestructuras, excepcionales y de excepci\u00f3n-Yolanda G\u00f3mez llama a igualar los derechos de hombres y mujeres en la Constituci\u00f3n-\u00bfDeber\u00edan existir cuotas para hombres en instituciones cient\u00edficas?-#TODAS","breadcrumb":{"@id":"https:\/\/cklcomunicaciones.es\/coop\/noticias-info-ckl-no-2-2303-15-03-19\/#breadcrumb"},"inLanguage":"es","potentialAction":[{"@type":"ReadAction","target":["https:\/\/cklcomunicaciones.es\/coop\/noticias-info-ckl-no-2-2303-15-03-19\/"]}]},{"@type":"ImageObject","inLanguage":"es","@id":"https:\/\/cklcomunicaciones.es\/coop\/noticias-info-ckl-no-2-2303-15-03-19\/#primaryimage","url":"http:\/\/www.cklcomunicaciones.es\/wp-content\/uploads\/2018\/03\/CKL_comunicacion-con-perspetiva-de-genero-300x300.jpg","contentUrl":"http:\/\/www.cklcomunicaciones.es\/wp-content\/uploads\/2018\/03\/CKL_comunicacion-con-perspetiva-de-genero-300x300.jpg"},{"@type":"BreadcrumbList","@id":"https:\/\/cklcomunicaciones.es\/coop\/noticias-info-ckl-no-2-2303-15-03-19\/#breadcrumb","itemListElement":[{"@type":"ListItem","position":1,"name":"Portada","item":"https:\/\/cklcomunicaciones.es\/coop\/"},{"@type":"ListItem","position":2,"name":"Noticias Info CKL n\u00ba 2.303-15\/03\/19"}]},{"@type":"WebSite","@id":"https:\/\/cklcomunicaciones.es\/coop\/#website","url":"https:\/\/cklcomunicaciones.es\/coop\/","name":"CKL Comunicaciones","description":"Sitio web de CKL Comunicaciones coop , la consultora de comunicaci\u00f3n y estrategia","potentialAction":[{"@type":"SearchAction","target":{"@type":"EntryPoint","urlTemplate":"https:\/\/cklcomunicaciones.es\/coop\/?s={search_term_string}"},"query-input":{"@type":"PropertyValueSpecification","valueRequired":true,"valueName":"search_term_string"}}],"inLanguage":"es"},{"@type":"Person","@id":"https:\/\/cklcomunicaciones.es\/coop\/#\/schema\/person\/929a6837f7626450bbb50cee1aef266e","name":"ckl","image":{"@type":"ImageObject","inLanguage":"es","@id":"https:\/\/secure.gravatar.com\/avatar\/c82db564e8a669bf6023357a157b9dc4780f4d4c618f2ad1d71a6a5dede45057?s=96&d=mm&r=g","url":"https:\/\/secure.gravatar.com\/avatar\/c82db564e8a669bf6023357a157b9dc4780f4d4c618f2ad1d71a6a5dede45057?s=96&d=mm&r=g","contentUrl":"https:\/\/secure.gravatar.com\/avatar\/c82db564e8a669bf6023357a157b9dc4780f4d4c618f2ad1d71a6a5dede45057?s=96&d=mm&r=g","caption":"ckl"},"url":"https:\/\/cklcomunicaciones.es\/coop\/author\/cklcomunicaciones\/"}]}},"_links":{"self":[{"href":"https:\/\/cklcomunicaciones.es\/coop\/wp-json\/wp\/v2\/posts\/14511","targetHints":{"allow":["GET"]}}],"collection":[{"href":"https:\/\/cklcomunicaciones.es\/coop\/wp-json\/wp\/v2\/posts"}],"about":[{"href":"https:\/\/cklcomunicaciones.es\/coop\/wp-json\/wp\/v2\/types\/post"}],"author":[{"embeddable":true,"href":"https:\/\/cklcomunicaciones.es\/coop\/wp-json\/wp\/v2\/users\/3"}],"replies":[{"embeddable":true,"href":"https:\/\/cklcomunicaciones.es\/coop\/wp-json\/wp\/v2\/comments?post=14511"}],"version-history":[{"count":0,"href":"https:\/\/cklcomunicaciones.es\/coop\/wp-json\/wp\/v2\/posts\/14511\/revisions"}],"wp:attachment":[{"href":"https:\/\/cklcomunicaciones.es\/coop\/wp-json\/wp\/v2\/media?parent=14511"}],"wp:term":[{"taxonomy":"category","embeddable":true,"href":"https:\/\/cklcomunicaciones.es\/coop\/wp-json\/wp\/v2\/categories?post=14511"},{"taxonomy":"post_tag","embeddable":true,"href":"https:\/\/cklcomunicaciones.es\/coop\/wp-json\/wp\/v2\/tags?post=14511"}],"curies":[{"name":"wp","href":"https:\/\/api.w.org\/{rel}","templated":true}]}}