{"id":14507,"date":"2019-03-13T14:58:03","date_gmt":"2019-03-13T13:58:03","guid":{"rendered":"http:\/\/www.cklcomunicaciones.es\/?p=14507"},"modified":"2025-01-17T16:43:18","modified_gmt":"2025-01-17T15:43:18","slug":"noticias-info-ckl-no-2-2301-13-03-19","status":"publish","type":"post","link":"https:\/\/cklcomunicaciones.es\/coop\/noticias-info-ckl-no-2-2301-13-03-19\/","title":{"rendered":"Noticias Info CKL n\u00ba 2.301-13\/03\/19"},"content":{"rendered":"<div id=\"pl-14507\"  class=\"panel-layout\" >\n<div id=\"pg-14507-0\"  class=\"panel-grid panel-no-style\"  data-style=\"{&quot;background_image_attachment&quot;:false,&quot;background_display&quot;:&quot;tile&quot;,&quot;cell_alignment&quot;:&quot;flex-start&quot;}\" >\n<div id=\"pgc-14507-0-0\"  class=\"panel-grid-cell\"  data-weight=\"1\" >\n<div id=\"panel-14507-0-0-0\" class=\"so-panel widget widget_sow-editor panel-first-child panel-last-child\" data-index=\"0\" data-style=\"{&quot;background_image_attachment&quot;:false,&quot;background_display&quot;:&quot;tile&quot;}\" >\n<div class=\"so-widget-sow-editor so-widget-sow-editor-base\">\n<div class=\"siteorigin-widget-tinymce textwidget\">\n<p><img decoding=\"async\" class=\"lazyload  wp-image-13726\" src=\"http:\/\/www.cklcomunicaciones.es\/wp-content\/uploads\/2018\/03\/CKL_comunicacion-con-perspetiva-de-genero-300x300.jpg\" data-orig-src=\"http:\/\/www.cklcomunicaciones.es\/wp-content\/uploads\/2018\/03\/CKL_comunicacion-con-perspetiva-de-genero-300x300.jpg\" alt=\"CKL_comunicacion con perspetiva de genero\" width=\"132\" height=\"132\" srcset=\"data:image\/svg+xml,%3Csvg%20xmlns%3D%27http%3A%2F%2Fwww.w3.org%2F2000%2Fsvg%27%20width%3D%27132%27%20height%3D%27132%27%20viewBox%3D%270%200%20132%20132%27%3E%3Crect%20width%3D%27132%27%20height%3D%27132%27%20fill-opacity%3D%220%22%2F%3E%3C%2Fsvg%3E\" data-srcset=\"https:\/\/cklcomunicaciones.es\/coop\/wp-content\/uploads\/2018\/03\/CKL_comunicacion-con-perspetiva-de-genero-150x150.jpg 150w, https:\/\/cklcomunicaciones.es\/coop\/wp-content\/uploads\/2018\/03\/CKL_comunicacion-con-perspetiva-de-genero-300x300.jpg 300w, https:\/\/cklcomunicaciones.es\/coop\/wp-content\/uploads\/2018\/03\/CKL_comunicacion-con-perspetiva-de-genero-450x450.jpg 450w, https:\/\/cklcomunicaciones.es\/coop\/wp-content\/uploads\/2018\/03\/CKL_comunicacion-con-perspetiva-de-genero.jpg 500w\" data-sizes=\"auto\" data-orig-sizes=\"(max-width: 132px) 100vw, 132px\" \/><\/p>\n<p id=\":49h\" class=\"hP\" tabindex=\"-1\" data-thread-perm-id=\"thread-f:1620470658956742117\" data-legacy-thread-id=\"167d117a8c0f4de5\"><strong>De 193 pa\u00edses, s\u00f3lo 10 est\u00e1n gobernados por mujeres-Espa\u00f1a, a la cabeza del mundo en la presencia de mujeres en instituciones-Lina G\u00e1lvez:\u201cFrente a la desigualdad, econom\u00eda feminista\u00bb-Pepa Fern\u00e1ndez, Premio Cedro 2019<\/strong><\/p>\n<p>[toggle type=\u00bbfirst\u00bb title=\u00bbConvocatorias\u00bb]<\/p>\n<ul>\n<li><a href=\"http:\/\/www.museosdeandalucia.es\/web\/museocasadelostirosdegranada\/actualidad\/-\/asset_publisher\/SxfJV5dJvqKr\/content\/el-album-de-sofia-de-paso-reflejo-de-una-mujer-del-xix\">&#8216;El \u00c1lbum de Sof\u00eda de Paso,\u00a0<\/a><a href=\"http:\/\/www.museosdeandalucia.es\/web\/museocasadelostirosdegranada\/actualidad\/-\/asset_publisher\/SxfJV5dJvqKr\/content\/el-album-de-sofia-de-paso-reflejo-de-una-mujer-del-xix\">reflejo de una mujer del XIX&#8217;<\/a>. Museo Casa de los Tiros. 13 de marzo de 2019<\/li>\n<li><a href=\"http:\/\/www.uco.es\/catedrasyaulas\/catedramujeres\/\">Marat\u00f3n de lecturas po\u00e9ticas\u00a0<\/a><a href=\"http:\/\/www.uco.es\/catedrasyaulas\/catedramujeres\/\">&#8216;Voces de mujeres&#8217;<\/a>. C\u00e1tedra de Estudios de las Mujeres Leonor de Guzm\u00e1n de la UCO. 14 de marzo de 2019<\/li>\n<li>VI Jornada Internacional Mujer y Aeron\u00e1uticael pr\u00f3ximo\u00a0martes 19 de marzo\u00a0de 2019 tendr\u00e1 lugar en el\u00a0Espacio Mercado Getafe\u00a0a las\u00a09:30 horas<\/li>\n<li><a href=\"http:\/\/www.juntadeandalucia.es\/iam\/catalogo\/doc\/convocatorias\/2019-genero\/GR-HU-jornada-nuevos-engranajes.pdf\">Jornada &#8216;Nuevos engranajes para las pol\u00edticas de igualdad&#8217;<\/a>. Mancomunidad R\u00edo Monachil. 21 de marzo de 2019<\/li>\n<li><a href=\"https:\/\/www.centrodeestudiosandaluces.es\/newsletter\/invitacion_2019_03_06_01.html\">Taller &#8216;\u00bfExiste penalizaci\u00f3n por\u00a0maternidad?&#8217;<\/a>. Centro de Estudios Andaluces. 20 de marzo de 201<\/li>\n<\/ul>\n<p>[\/toggle]<\/p>\n<p>[toggle type=\u00bbfirst\u00bb title=\u00bbComunicaci\u00f3n\u00bb]<\/p>\n<p><a href=\"https:\/\/www.elmundo.es\/baleares\/2019\/03\/13\/5c8813d6fc6c8332248b47e4.html\">Catalina Mart\u00edn-Chico, nominada al World Press Photo: \u00abMuchas\u00a0mujeres\u00a0deb\u00edan abortar o abandonar a sus beb\u00e9s por la guerrilla\u00bb<\/a>\u00a0\u2013 El Mundo<\/p>\n<p><a href=\"https:\/\/www.mujeremprendedora.net\/la-periodista-pepa-fernandez-premio-cedro-2019f\/\">La periodista Pepa Fern\u00e1ndez, Premio Cedro 2019\u2026\u00a0<\/a>&#8211;<a href=\"http:\/\/mujeremprendedora.net\/\">mujeremprendedora.net<\/a><\/p>\n<p><a href=\"https:\/\/elpais.com\/tecnologia\/2019\/03\/12\/actualidad\/1552393305_744375.html\">Q, el primer asistente de voz asexual<\/a>\u00a0\u2013 El Pa\u00eds<\/p>\n<p><a href=\"https:\/\/www.elmundo.es\/economia\/2019\/03\/12\/5c87d32f21efa0417d8b4699.html\">La UE entierra la Tasa Digital definitivamente<\/a><strong>\u00a0\u2013\u00a0<\/strong>El Mundo<\/p>\n<p>[\/toggle]<\/p>\n<p>[toggle type=\u00bbfirst\u00bb title=\u00bbAndaluc\u00eda\u00bb]<\/p>\n<p><strong>Econom\u00eda y Empresas<\/strong><\/p>\n<p><a href=\"https:\/\/www.publico.es\/politica\/economistas-frente-crisis-frente-desigualdad-economia-feminista.html\">Lina G\u00e1lvez, catedr\u00e1tica y miembra de Econimistas frente a la crisis: \u201cFrente a la desigualdad, econom\u00eda feminista\u00bb<\/a>&#8211;\u00a0P\u00fablico<\/p>\n<p><a href=\"http:\/\/www.diariojaen.es\/provincia\/ubeda\/seis-profesionales-homenajeadas-por-macrosad-BH5292210\">Seis profesionales homenajeadas por Macrosad<\/a>&#8211;\u00a0Diario Ja\u00e9n<\/p>\n<p><a href=\"https:\/\/www.laopiniondemalaga.es\/axarquia\/2019\/03\/13\/impulsan-red-emprendedoras-rurales-axarquia\/1074324.html\">Impulsan una red de emprendedoras rurales en la Axarqu\u00eda<\/a>&#8211;\u00a0La Opini\u00f3n de M\u00e1laga<\/p>\n<p><a href=\"http:\/\/www.juntadeandalucia.es\/presidencia\/portavoz\/140820\/Economia\/RogelioVelasco\/Pymes\/Comercioonline\/ObservatoriodeEconomiaDigital\">Velasco anuncia que la Junta pondr\u00e1 en marcha un Observatorio de Econom\u00eda Digital para pymes<\/a>&#8211; Oficina del Portavoz<\/p>\n<p><strong>Actualidad<\/strong><\/p>\n<p><a href=\"http:\/\/www.sevillaactualidad.com\/andalucia\/121138-igualdad-promete-186-millones-en-ayudas-para-zonas-desfavorecidas-de-andalucia\/\">Igualdad promete 18,6 millones en ayudas para zonas desfavorecidas &#8230;<\/a>&#8211;\u00a0Sevilla Actualidad<a href=\"https:\/\/www.google.com\/url?rct=j&amp;sa=t&amp;url=https:\/\/www.diariosur.es\/marbella-estepona\/reconocimientos-nombre-mujer-20190313000543-ntvo.html&amp;ct=ga&amp;cd=CAEYASoUMTI5NTQzMTgxOTQ1MzQ3NDg5NzYyGWMwMzcyZWJjMmZlYWRhNTk6ZXM6ZXM6RVM&amp;usg=AFQjCNFaATyht-hkGmKLuLumdrizaFV3Uw\"><br \/>\nReconocimientos con nombre de\u00a0mujer<\/a>\u00a0&#8211;\u00a0Sur Digital<\/p>\n<p><a href=\"https:\/\/www.google.com\/url?rct=j&amp;sa=t&amp;url=https:\/\/www.laopiniondemalaga.es\/marbella\/2019\/03\/13\/marbella-celebra-viernes-premios-mujeres\/1074181.html&amp;ct=ga&amp;cd=CAEYACoUMTgxNjAzNzU5OTI5NTc4NTY4MzUyGWMwMzcyZWJjMmZlYWRhNTk6ZXM6ZXM6RVM&amp;usg=AFQjCNFBuS3Ev7YmSCm_1IAtp7UFWS3lzQ\">Marbella celebra este viernes los premios a las\u00a0mujeres\u00a0que luchan por la igualdad<\/a>&#8211;\u00a0La Opini\u00f3n de M\u00e1laga<\/p>\n<p><a href=\"http:\/\/www.canalsur.es\/radio\/programas\/aqui-estamos\/noticia\/1406337.html\">\u00abCada torta In\u00e9s Rosales lleva la firma de la mano de la mujer que la elabora<\/a><strong><a href=\"http:\/\/www.canalsur.es\/radio\/programas\/aqui-estamos\/noticia\/1406337.html\">&#8230;<\/a>&#8211;\u00a0<\/strong>CanalSurWeb<\/p>\n<p><strong>Violencias<\/strong><\/p>\n<p><a href=\"https:\/\/www.cope.es\/emisoras\/andalucia\/cordoba-provincia\/noticias\/comienza-programa-red-ciudadana-contra-violencia-genero-universidad-cordoba-20190313_372169\">Comienza el programa Red Ciudadana Contra la\u00a0Violencia de\u00a0&#8230;<\/a>&#8211;\u00a0Cope<\/p>\n<p><a href=\"https:\/\/www.diariocordoba.com\/noticias\/cordobalocal\/uco-promueve-sus-alumnos-postura-critica-violencia-genero_1288028.html\">La UCO promueve entre sus alumnos una postura cr\u00edtica contra la violencia de g\u00e9nero &#8230;<\/a>&#8211;\u00a0Diario C\u00f3rdoba<\/p>\n<p><strong>Ciencia y Cultura<\/strong><\/p>\n<p><a href=\"https:\/\/www.informaria.com\/centros-csic-andalucia-son-seleccionados-cuenta-ciencia\/\">Centros de CSIC en\u00a0Andaluc\u00eda\u00a0son seleccionados en \u201cCuenta la Ciencia\u201d&#8230;<\/a>&#8211;\u00a0Informaria Digital<a href=\"http:\/\/www.canalsur.es\/noticias\/andalucia\/del-pozo-no-voy-a-paralizar-nada-voy-a-cumplir-la-ley-de-memoria-historica\/1406283.html\"><br \/>\nDel Pozo, Consejera de Cultura y Patrimonio Hist\u00f3rico: \u00abNo voy a paralizar nada, voy a cumplir la Ley de Memoria\u00a0&#8230;<\/a>&#8211;\u00a0CanalSurWeb<\/p>\n<p><a href=\"https:\/\/www.elmundo.es\/andalucia\/2019\/03\/11\/5c8657ba21efa0f07e8b45a9.html\">Las universidades\u00a0andaluzas\u00a0tendr\u00e1n que publicar un \u00edndice de inserci\u00f3n laboral de sus grados<\/a>\u00a0\u2013 El Mundo<\/p>\n<p><a href=\"https:\/\/www.elmundo.es\/andalucia\/2019\/03\/11\/5c865197fdddff56068b467f.html\">Antequera, paso natural de\u00a0Andaluc\u00eda\u00a0y epicentro del turismo prehist\u00f3rico<\/a>\u2013 El Mundo<\/p>\n<p><a href=\"https:\/\/www.diariocordoba.com\/noticias\/cultura\/voces-quebradas-espectaculo-teatral-violencia-genero_1287871.html\">&#8216;Voces quebradas&#8217;, un espect\u00e1culo teatral contra la\u00a0violencia de g\u00e9nero<\/a>&#8211;\u00a0Diario C\u00f3rdoba<\/p>\n<p><strong>Deporte<\/strong><\/p>\n<p><a href=\"https:\/\/www.ideal.es\/deportes\/deporte-femenino\/mujer-aguanto-seleccion-20190312194413-nt.html\">C\u00e1ndela Arcos :\u201dComo\u00a0mujer\u00a0aguanto mucho, en la selecci\u00f3n tengo que jugar con &#8230;<\/a>&#8211;\u00a0Ideal Digital<\/p>\n<p><a href=\"https:\/\/eldesmarque.com\/sevilla\/polideportivo\/deporte-andaluz\/1145661-vuelve-el-torneo-de-rugby-siete-femenino-de-las-cocodrilas-en-mairena\">Vuelve el Torneo de rugby siete\u00a0femenino\u00a0de las Cocodrilas en Mairena<\/a>&#8211;\u00a0El Desmarque<\/p>\n<p>[\/toggle]<\/p>\n<p>[toggle type=\u00bbfirst\u00bb title=\u00bbEstado\u00bb]<\/p>\n<p><strong>Institucional<\/strong><\/p>\n<p><a href=\"https:\/\/www.publico.es\/sociedad\/mujer-espana-cabeza-mundo-presencia-mujeres-instituciones.html\">Espa\u00f1a, a la cabeza del mundo en la presencia de mujeres en las instituciones<\/a>\u00a0&#8211; P\u00fablico<strong>\u00a0<\/strong><\/p>\n<p><strong>Institucional-CCAA<\/strong><a href=\"https:\/\/www.google.com\/url?rct=j&amp;sa=t&amp;url=https:\/\/www.laprovincia.es\/deportes\/2019\/03\/12\/gobierno-canarias-coe-fomentan-deporte\/1155796.html&amp;ct=ga&amp;cd=CAEYACoTMzQ5ODU4MzkwMTMyNjQyNDQ4NjIZZTJkZWZhN2Q1ZGE5MTU3ZDplczplczpFUw&amp;usg=AFQjCNGA_nfRh8V0xO5ubgCIWCWQ0P5XwA\"><br \/>\nEl Gobierno de Canarias y el COE fomentan el deporte como valor social<\/a>\u00a0&#8211; La Provincia\u00a0<a href=\"https:\/\/www.google.com\/url?rct=j&amp;sa=t&amp;url=https:\/\/www.eitb.eus\/es\/noticias\/sociedad\/detalle\/6260740\/aportaciones-modificacion-ley-igualdad-12-marzo-\/&amp;ct=ga&amp;cd=CAEYASoTODQxMzY5MDg3OTQwNTM2OTU5NDIZYzAzNzJlYmMyZmVhZGE1OTplczplczpFUw&amp;usg=AFQjCNFcIzdk8fPBo07Rxi-5iLVRWrjFZg\"><br \/>\nAbierto el plazo para hacer aportaciones a la modificaci\u00f3n de la Ley para la Igualdad<\/a>&#8211;\u00a0EiTB<\/p>\n<p><a href=\"https:\/\/www.google.com\/url?rct=j&amp;sa=t&amp;url=http:\/\/www.noticiaspress.es\/2019\/03\/el-gobierno-regional-destaca-el-papel-de-las-mujeres-en-la-ciencia-como-una-cuestion-de-justicia-eficiencia-y-necesidad\/&amp;ct=ga&amp;cd=CAEYASoTODM0MjI3MDM1OTE5OTM1MDk3NjIZYzAzNzJlYmMyZmVhZGE1OTplczplczpFUw&amp;usg=AFQjCNE8gKEDiAf_ezyQKCsurzNPub5Ymw\">El Gobierno de Castilla La Mancha destaca el papel de las\u00a0mujeres en\u00a0la ciencia como una cuesti\u00f3n de justicia &#8230;<\/a>&#8211;\u00a0Noticiaspress.es<\/p>\n<p><a href=\"https:\/\/www.google.com\/url?rct=j&amp;sa=t&amp;url=https:\/\/www.heraldo.es\/noticias\/aragon\/huesca\/2019\/03\/12\/huesca-se-prepara-para-la-maraton-de-cine-realizado-por-mujeres-1302695.html&amp;ct=ga&amp;cd=CAEYBSoTNjkzMzcwMDA3NTM4MjE0ODE0NjIZYzAzNzJlYmMyZmVhZGE1OTplczplczpFUw&amp;usg=AFQjCNEqciNf3B1-HcpUTPZaJP4nPp9Cbg\">Huesca se prepara para el marat\u00f3n de cine realizado por\u00a0mujeres<\/a>\u00a0&#8211;\u00a0Heraldo.es<\/p>\n<p><a href=\"https:\/\/www.elperiodicodearagon.com\/noticias\/aragon\/ibercaja-reune-mujeres-aragon-mas-influyentes_1348586.html\">Ibercaja re\u00fane a las\u00a0mujeres\u00a0de Arag\u00f3n m\u00e1s influyentes<\/a>&#8211;\u00a0El Peri\u00f3dico de Arag\u00f3n<\/p>\n<p><strong>Econom\u00eda y Empresa<\/strong><\/p>\n<p><a href=\"https:\/\/confilegal.com\/20190313-las-mujeres-son-mayoria-en-la-nueva-promocion-de-registradores\/\">Las\u00a0mujeres\u00a0son mayor\u00eda en la nueva promoci\u00f3n de registradores<\/a>&#8211;\u00a0Confilegal<\/p>\n<p><a href=\"https:\/\/www.gastroactitud.com\/pista\/mujeres-que-cuentan\/\">Mujeres\u00a0que cuentan\u2026 Isabel Maestre, la dama del catering<\/a>&#8211;\u00a0Gastroactitud<strong>\u00a0<\/strong><\/p>\n<p><strong>Actualidad<\/strong><\/p>\n<p><a href=\"https:\/\/www.google.com\/url?rct=j&amp;sa=t&amp;url=http:\/\/geriatricarea.com\/la-plataforma-de-organizaciones-de-pacientes-analiza-la-brecha-de-genero-en-el-ambito-de-la-salud\/&amp;ct=ga&amp;cd=CAEYAioTNjk2OTU3NzgzODkxMjk4MjQ1NDIZYzAzNzJlYmMyZmVhZGE1OTplczplczpFUw&amp;usg=AFQjCNFgvrnaTHevDhbNiehZPr_eY_FgcQ\">La Plataforma de Organizaciones de Pacientes analiza la brecha de g\u00e9nero en el \u00e1mbito de la salud<\/a>\u00a0&#8211;\u00a0Geriatricarea.com<\/p>\n<p><a href=\"https:\/\/www.google.com\/url?rct=j&amp;sa=t&amp;url=https:\/\/www.infosalus.com\/salud-investigacion\/noticia-dirigirse-celulas-similares-celulas-madre-podria-prevenir-recurrencia-cancer-ovario-20190313070742.html&amp;ct=ga&amp;cd=CAEYACoTMjkwNzYzODQ5Mjg4MzU0Njc4NDIZYzAzNzJlYmMyZmVhZGE1OTplczplczpFUw&amp;usg=AFQjCNGq3EEBFQSVdnW3XhicbDepiS0_1w\">Dirigirse a c\u00e9lulas similares a las c\u00e9lulas madre podr\u00eda prevenir la recurrencia del c\u00e1ncer de ovario<\/a>&#8211;\u00a0<a href=\"http:\/\/infosalus.com\/\">infosalus.com<\/a><\/p>\n<p><a href=\"https:\/\/www.elmundo.es\/yodona\/belleza\/2019\/03\/12\/5c865b74fc6c835f638b46f7.html\">Mar\u00eda Dolores Gimeno, un ejemplo para todas las j\u00f3venes que sue\u00f1an con entrar en las Fuerzas Armadas<\/a>\u00a0\u2013 El Mundo<\/p>\n<p><strong>Violencias<\/strong><\/p>\n<p><a href=\"https:\/\/www.google.com\/url?rct=j&amp;sa=t&amp;url=https:\/\/www.canarias7.es\/sociedad\/maria-luisa-ordonez-necesitamos-oficinas-de-atencion-a-las-victimas-YG6778607&amp;ct=ga&amp;cd=CAEYACoTODQxMzY5MDg3OTQwNTM2OTU5NDIZYzAzNzJlYmMyZmVhZGE1OTplczplczpFUw&amp;usg=AFQjCNEVuvI7y8vfG6fTRlCjq75xNRqVkA\">Mar\u00eda Luisa Ord\u00f3\u00f1ez, fiscal delegada de Violencia sobre la Mujer: \u201cNecesitamos oficinas de atenci\u00f3n a las v\u00edctimas\u201d<\/a>\u2026-\u00a0Canarias7<\/p>\n<p><a href=\"https:\/\/www.google.com\/url?rct=j&amp;sa=t&amp;url=http:\/\/www.canalsur.es\/noticias\/espa%25C3%25B1a\/la-policia-evaluara-el-riesgo-especifico-de-hijos-de-victimas-de-violencia-machista\/1405896.html&amp;ct=ga&amp;cd=CAEYBioTMjUxODk5NzY4ODk5Nzg5ODA2MzIZZTFlNzdkMTU2MDk4YThlMzplczplczpFUw&amp;usg=AFQjCNEjuTsiXKwa4LtuQhPV5o20w5S7ng\">La Polic\u00eda evaluar\u00e1 el riesgo espec\u00edfico de hijos de v\u00edctimas de\u00a0violencia\u00a0machista<\/a>&#8211;\u00a0CanalSurWeb<strong>\u00a0<\/strong><\/p>\n<p><strong>Ciencia y Cultura\u00a0<\/strong><\/p>\n<p><a href=\"https:\/\/elpais.com\/cultura\/2019\/03\/12\/actualidad\/1552386096_833643.html\">Adela Cortina: \u201cLa filosof\u00eda tiene que mancharse las manos\u201d<\/a>\u00a0\u2013 El Pa\u00eds<\/p>\n<p><a href=\"https:\/\/www.google.com\/url?rct=j&amp;sa=t&amp;url=http:\/\/www.diariodelaltoaragon.es\/NoticiasDetalle.aspx%3FId%3D1157514&amp;ct=ga&amp;cd=CAEYACoTODM0MjI3MDM1OTE5OTM1MDk3NjIZYzAzNzJlYmMyZmVhZGE1OTplczplczpFUw&amp;usg=AFQjCNFW9BgnMuHRrbGM4f4GffsjzKJFpQ\">La Muestra de Cine Realizado por\u00a0Mujeres\u00a0reivindica la mirada femenina en el s\u00e9ptimo arte<\/a>\u00a0&#8211;\u00a0Alto Arag\u00f3n<\/p>\n<p><a href=\"https:\/\/www.google.com\/url?rct=j&amp;sa=t&amp;url=http:\/\/www.libropatas.com\/comics\/la-mujer-logro-siglo-oro-la-primera-sentencia-la-violencia-genero-espana\/&amp;ct=ga&amp;cd=CAEYACoTNjUxMTM3Njg3NzI2NjE4MzM4MzIZYzAzNzJlYmMyZmVhZGE1OTplczplczpFUw&amp;usg=AFQjCNE_hgZbGZnS_hPdu9bByoiEHCJiLw\">La\u00a0mujer\u00a0que logr\u00f3 en el Siglo de Oro la primera sentencia contra la violencia de g\u00e9nero en Espa\u00f1a<\/a>&#8211;\u00a0Libr\u00f3patas<\/p>\n<p><a href=\"https:\/\/www.elmundo.es\/comunidad-valenciana\/alicante\/2019\/03\/13\/5c882d26fdddff8f7c8b457e.html\">El feminismo del 8-M se rapea<\/a>\u00a0\u2013\u00a0El Mundo<\/p>\n<p><a href=\"https:\/\/www.laverdad.es\/culturas\/libros\/necesitamos-hombres-feministas-20190313003435-ntvo.html\">Marta Sanz: \u00abNecesitamos muchos hombres feministas\u00bb<\/a>&#8211;\u00a0La Verdad<\/p>\n<p><strong>Deporte<\/strong><strong>\u00a0\u00a0<\/strong><\/p>\n<p><a href=\"https:\/\/www.elmundo.es\/yodona\/lifestyle\/2019\/03\/12\/5c87b80ffdddff77818b4721.html\">Emma Falc\u00f3n, Campeona de Europa de Rallyes: \u00abEs posible triunfar en un mundo de hombres\u00bb<\/a>\u2013 El Mundo<\/p>\n<p><a href=\"https:\/\/www.sport.es\/es\/noticias\/futbol\/futbol-registra-mayor-brecha-salarial-entre-hombes-mujeres-7351295\">El f\u00fatbol registra la mayor brecha salarial entre hombes y mujeres<\/a>&#8211; Sport<\/p>\n<p>[\/toggle]<\/p>\n<p>[toggle type=\u00bbfirst\u00bb title=\u00bbInternacional\u00bb]<\/p>\n<p><a href=\"https:\/\/news.un.org\/es\/story\/2019\/03\/1452691\">De 193 pa\u00edses, s\u00f3lo 10 est\u00e1n gobernados por\u00a0mujeres<\/a>&#8211;\u00a0Noticias ONU<\/p>\n<p><a href=\"https:\/\/www.europapress.es\/internacional\/noticia-menos-mujeres-gobernantes-mas-ministras-aun-son-cada-cinco-20190313112028.html\">Menos\u00a0mujeres\u00a0gobernantes pero m\u00e1s ministras aunque a\u00fan son una cada cinco &#8230;<\/a>&#8211;\u00a0Europa Press<\/p>\n<p><a href=\"https:\/\/elpais.com\/sociedad\/2019\/03\/12\/actualidad\/1552419211_262789.html\">Una argentina v\u00edctima de violencia de g\u00e9nero mata a su marido de 185 pu\u00f1aladas<\/a>\u00a0\u2013 El Pa\u00eds<\/p>\n<p><a href=\"https:\/\/expansion.mx\/mercadotecnia\/2019\/03\/12\/nike-presenta-sus-iniciativas-para-apoyar-a-mujeres-deportistas\">Nike presenta sus iniciativas para apoyar a\u00a0mujeres\u00a0deportistas<\/a>\u00a0-Expansi\u00f3n<\/p>\n<p><a href=\"https:\/\/www.marca.com\/otros-deportes\/2019\/03\/12\/5c87f523268e3e97058b45fc.html\">\u00abLas\u00a0mujeres\u00a0no necesitamos que los hombres nos digan qu\u00e9 &#8230;<\/a>&#8211;\u00a0Marca.com<\/p>\n<p>[\/toggle]<\/p>\n<\/div>\n<\/div>\n<\/div>\n<\/div>\n<\/div>\n<\/div>\n","protected":false},"excerpt":{"rendered":"<p>De 193 pa\u00edses, s\u00f3lo 10 est\u00e1n gobernados por mujeres-Espa\u00f1a, a <a href=\"https:\/\/cklcomunicaciones.es\/coop\/noticias-info-ckl-no-2-2301-13-03-19\/\">[&#8230;]<\/a><\/p>\n","protected":false},"author":3,"featured_media":0,"comment_status":"closed","ping_status":"closed","sticky":false,"template":"","format":"standard","meta":{"footnotes":""},"categories":[298,623],"tags":[],"class_list":["post-14507","post","type-post","status-publish","format-standard","hentry","category-newsletter","category-nwl-2-0"],"yoast_head":"<!-- This site is optimized with the Yoast SEO plugin v27.5 - https:\/\/yoast.com\/product\/yoast-seo-wordpress\/ -->\n<title>Noticias Info CKL n\u00ba 2.301-13\/03\/19-Comunicar con perspectiva de g\u00e9nero<\/title>\n<meta name=\"description\" content=\"Comunicar con perspectiva de g\u00e9nero: De 193 pa\u00edses, s\u00f3lo 10 est\u00e1n gobernados por mujeres-Espa\u00f1a, a la cabeza del mundo en la presencia de mujeres en instituciones-Lina G\u00e1lvez:\u201cFrente a la desigualdad, econom\u00eda feminista&quot;-Pepa Fern\u00e1ndez, Premio Cedro 2019\" \/>\n<meta name=\"robots\" content=\"index, follow, max-snippet:-1, max-image-preview:large, max-video-preview:-1\" \/>\n<link rel=\"canonical\" href=\"https:\/\/cklcomunicaciones.es\/coop\/noticias-info-ckl-no-2-2301-13-03-19\/\" \/>\n<meta property=\"og:locale\" content=\"es_ES\" \/>\n<meta property=\"og:type\" content=\"article\" \/>\n<meta property=\"og:title\" content=\"Noticias Info CKL n\u00ba 2.301-13\/03\/19-Comunicar con perspectiva de g\u00e9nero\" \/>\n<meta property=\"og:description\" content=\"Comunicar con perspectiva de g\u00e9nero: De 193 pa\u00edses, s\u00f3lo 10 est\u00e1n gobernados por mujeres-Espa\u00f1a, a la cabeza del mundo en la presencia de mujeres en instituciones-Lina G\u00e1lvez:\u201cFrente a la desigualdad, econom\u00eda feminista&quot;-Pepa Fern\u00e1ndez, Premio Cedro 2019\" \/>\n<meta property=\"og:url\" content=\"https:\/\/cklcomunicaciones.es\/coop\/noticias-info-ckl-no-2-2301-13-03-19\/\" \/>\n<meta property=\"og:site_name\" content=\"CKL Comunicaciones\" \/>\n<meta property=\"article:published_time\" content=\"2019-03-13T13:58:03+00:00\" \/>\n<meta property=\"article:modified_time\" content=\"2025-01-17T15:43:18+00:00\" \/>\n<meta property=\"og:image\" content=\"https:\/\/cklcomunicaciones.es\/coop\/wp-content\/uploads\/2018\/03\/CKL_comunicacion-con-perspetiva-de-genero.jpg\" \/>\n\t<meta property=\"og:image:width\" content=\"500\" \/>\n\t<meta property=\"og:image:height\" content=\"500\" \/>\n\t<meta property=\"og:image:type\" content=\"image\/jpeg\" \/>\n<meta name=\"author\" content=\"ckl\" \/>\n<meta name=\"twitter:card\" content=\"summary_large_image\" \/>\n<meta name=\"twitter:label1\" content=\"Escrito por\" \/>\n\t<meta name=\"twitter:data1\" content=\"ckl\" \/>\n\t<meta name=\"twitter:label2\" content=\"Tiempo de lectura\" \/>\n\t<meta name=\"twitter:data2\" content=\"5 minutos\" \/>\n<script type=\"application\/ld+json\" class=\"yoast-schema-graph\">{\"@context\":\"https:\\\/\\\/schema.org\",\"@graph\":[{\"@type\":\"Article\",\"@id\":\"https:\\\/\\\/cklcomunicaciones.es\\\/coop\\\/noticias-info-ckl-no-2-2301-13-03-19\\\/#article\",\"isPartOf\":{\"@id\":\"https:\\\/\\\/cklcomunicaciones.es\\\/coop\\\/noticias-info-ckl-no-2-2301-13-03-19\\\/\"},\"author\":{\"name\":\"ckl\",\"@id\":\"https:\\\/\\\/cklcomunicaciones.es\\\/coop\\\/#\\\/schema\\\/person\\\/929a6837f7626450bbb50cee1aef266e\"},\"headline\":\"Noticias Info CKL n\u00ba 2.301-13\\\/03\\\/19\",\"datePublished\":\"2019-03-13T13:58:03+00:00\",\"dateModified\":\"2025-01-17T15:43:18+00:00\",\"mainEntityOfPage\":{\"@id\":\"https:\\\/\\\/cklcomunicaciones.es\\\/coop\\\/noticias-info-ckl-no-2-2301-13-03-19\\\/\"},\"wordCount\":931,\"image\":{\"@id\":\"https:\\\/\\\/cklcomunicaciones.es\\\/coop\\\/noticias-info-ckl-no-2-2301-13-03-19\\\/#primaryimage\"},\"thumbnailUrl\":\"http:\\\/\\\/www.cklcomunicaciones.es\\\/wp-content\\\/uploads\\\/2018\\\/03\\\/CKL_comunicacion-con-perspetiva-de-genero-300x300.jpg\",\"articleSection\":[\"Newsletter\",\"Nwl v2.0\"],\"inLanguage\":\"es\"},{\"@type\":\"WebPage\",\"@id\":\"https:\\\/\\\/cklcomunicaciones.es\\\/coop\\\/noticias-info-ckl-no-2-2301-13-03-19\\\/\",\"url\":\"https:\\\/\\\/cklcomunicaciones.es\\\/coop\\\/noticias-info-ckl-no-2-2301-13-03-19\\\/\",\"name\":\"Noticias Info CKL n\u00ba 2.301-13\\\/03\\\/19-Comunicar con perspectiva de g\u00e9nero\",\"isPartOf\":{\"@id\":\"https:\\\/\\\/cklcomunicaciones.es\\\/coop\\\/#website\"},\"primaryImageOfPage\":{\"@id\":\"https:\\\/\\\/cklcomunicaciones.es\\\/coop\\\/noticias-info-ckl-no-2-2301-13-03-19\\\/#primaryimage\"},\"image\":{\"@id\":\"https:\\\/\\\/cklcomunicaciones.es\\\/coop\\\/noticias-info-ckl-no-2-2301-13-03-19\\\/#primaryimage\"},\"thumbnailUrl\":\"http:\\\/\\\/www.cklcomunicaciones.es\\\/wp-content\\\/uploads\\\/2018\\\/03\\\/CKL_comunicacion-con-perspetiva-de-genero-300x300.jpg\",\"datePublished\":\"2019-03-13T13:58:03+00:00\",\"dateModified\":\"2025-01-17T15:43:18+00:00\",\"author\":{\"@id\":\"https:\\\/\\\/cklcomunicaciones.es\\\/coop\\\/#\\\/schema\\\/person\\\/929a6837f7626450bbb50cee1aef266e\"},\"description\":\"Comunicar con perspectiva de g\u00e9nero: De 193 pa\u00edses, s\u00f3lo 10 est\u00e1n gobernados por mujeres-Espa\u00f1a, a la cabeza del mundo en la presencia de mujeres en instituciones-Lina G\u00e1lvez:\u201cFrente a la desigualdad, econom\u00eda feminista\\\"-Pepa Fern\u00e1ndez, Premio Cedro 2019\",\"breadcrumb\":{\"@id\":\"https:\\\/\\\/cklcomunicaciones.es\\\/coop\\\/noticias-info-ckl-no-2-2301-13-03-19\\\/#breadcrumb\"},\"inLanguage\":\"es\",\"potentialAction\":[{\"@type\":\"ReadAction\",\"target\":[\"https:\\\/\\\/cklcomunicaciones.es\\\/coop\\\/noticias-info-ckl-no-2-2301-13-03-19\\\/\"]}]},{\"@type\":\"ImageObject\",\"inLanguage\":\"es\",\"@id\":\"https:\\\/\\\/cklcomunicaciones.es\\\/coop\\\/noticias-info-ckl-no-2-2301-13-03-19\\\/#primaryimage\",\"url\":\"http:\\\/\\\/www.cklcomunicaciones.es\\\/wp-content\\\/uploads\\\/2018\\\/03\\\/CKL_comunicacion-con-perspetiva-de-genero-300x300.jpg\",\"contentUrl\":\"http:\\\/\\\/www.cklcomunicaciones.es\\\/wp-content\\\/uploads\\\/2018\\\/03\\\/CKL_comunicacion-con-perspetiva-de-genero-300x300.jpg\"},{\"@type\":\"BreadcrumbList\",\"@id\":\"https:\\\/\\\/cklcomunicaciones.es\\\/coop\\\/noticias-info-ckl-no-2-2301-13-03-19\\\/#breadcrumb\",\"itemListElement\":[{\"@type\":\"ListItem\",\"position\":1,\"name\":\"Portada\",\"item\":\"https:\\\/\\\/cklcomunicaciones.es\\\/coop\\\/\"},{\"@type\":\"ListItem\",\"position\":2,\"name\":\"Noticias Info CKL n\u00ba 2.301-13\\\/03\\\/19\"}]},{\"@type\":\"WebSite\",\"@id\":\"https:\\\/\\\/cklcomunicaciones.es\\\/coop\\\/#website\",\"url\":\"https:\\\/\\\/cklcomunicaciones.es\\\/coop\\\/\",\"name\":\"CKL Comunicaciones\",\"description\":\"Sitio web de CKL Comunicaciones coop , la consultora de comunicaci\u00f3n y estrategia\",\"potentialAction\":[{\"@type\":\"SearchAction\",\"target\":{\"@type\":\"EntryPoint\",\"urlTemplate\":\"https:\\\/\\\/cklcomunicaciones.es\\\/coop\\\/?s={search_term_string}\"},\"query-input\":{\"@type\":\"PropertyValueSpecification\",\"valueRequired\":true,\"valueName\":\"search_term_string\"}}],\"inLanguage\":\"es\"},{\"@type\":\"Person\",\"@id\":\"https:\\\/\\\/cklcomunicaciones.es\\\/coop\\\/#\\\/schema\\\/person\\\/929a6837f7626450bbb50cee1aef266e\",\"name\":\"ckl\",\"image\":{\"@type\":\"ImageObject\",\"inLanguage\":\"es\",\"@id\":\"https:\\\/\\\/secure.gravatar.com\\\/avatar\\\/c82db564e8a669bf6023357a157b9dc4780f4d4c618f2ad1d71a6a5dede45057?s=96&d=mm&r=g\",\"url\":\"https:\\\/\\\/secure.gravatar.com\\\/avatar\\\/c82db564e8a669bf6023357a157b9dc4780f4d4c618f2ad1d71a6a5dede45057?s=96&d=mm&r=g\",\"contentUrl\":\"https:\\\/\\\/secure.gravatar.com\\\/avatar\\\/c82db564e8a669bf6023357a157b9dc4780f4d4c618f2ad1d71a6a5dede45057?s=96&d=mm&r=g\",\"caption\":\"ckl\"},\"url\":\"https:\\\/\\\/cklcomunicaciones.es\\\/coop\\\/author\\\/cklcomunicaciones\\\/\"}]}<\/script>\n<!-- \/ Yoast SEO plugin. -->","yoast_head_json":{"title":"Noticias Info CKL n\u00ba 2.301-13\/03\/19-Comunicar con perspectiva de g\u00e9nero","description":"Comunicar con perspectiva de g\u00e9nero: De 193 pa\u00edses, s\u00f3lo 10 est\u00e1n gobernados por mujeres-Espa\u00f1a, a la cabeza del mundo en la presencia de mujeres en instituciones-Lina G\u00e1lvez:\u201cFrente a la desigualdad, econom\u00eda feminista\"-Pepa Fern\u00e1ndez, Premio Cedro 2019","robots":{"index":"index","follow":"follow","max-snippet":"max-snippet:-1","max-image-preview":"max-image-preview:large","max-video-preview":"max-video-preview:-1"},"canonical":"https:\/\/cklcomunicaciones.es\/coop\/noticias-info-ckl-no-2-2301-13-03-19\/","og_locale":"es_ES","og_type":"article","og_title":"Noticias Info CKL n\u00ba 2.301-13\/03\/19-Comunicar con perspectiva de g\u00e9nero","og_description":"Comunicar con perspectiva de g\u00e9nero: De 193 pa\u00edses, s\u00f3lo 10 est\u00e1n gobernados por mujeres-Espa\u00f1a, a la cabeza del mundo en la presencia de mujeres en instituciones-Lina G\u00e1lvez:\u201cFrente a la desigualdad, econom\u00eda feminista\"-Pepa Fern\u00e1ndez, Premio Cedro 2019","og_url":"https:\/\/cklcomunicaciones.es\/coop\/noticias-info-ckl-no-2-2301-13-03-19\/","og_site_name":"CKL Comunicaciones","article_published_time":"2019-03-13T13:58:03+00:00","article_modified_time":"2025-01-17T15:43:18+00:00","og_image":[{"width":500,"height":500,"url":"https:\/\/cklcomunicaciones.es\/coop\/wp-content\/uploads\/2018\/03\/CKL_comunicacion-con-perspetiva-de-genero.jpg","type":"image\/jpeg"}],"author":"ckl","twitter_card":"summary_large_image","twitter_misc":{"Escrito por":"ckl","Tiempo de lectura":"5 minutos"},"schema":{"@context":"https:\/\/schema.org","@graph":[{"@type":"Article","@id":"https:\/\/cklcomunicaciones.es\/coop\/noticias-info-ckl-no-2-2301-13-03-19\/#article","isPartOf":{"@id":"https:\/\/cklcomunicaciones.es\/coop\/noticias-info-ckl-no-2-2301-13-03-19\/"},"author":{"name":"ckl","@id":"https:\/\/cklcomunicaciones.es\/coop\/#\/schema\/person\/929a6837f7626450bbb50cee1aef266e"},"headline":"Noticias Info CKL n\u00ba 2.301-13\/03\/19","datePublished":"2019-03-13T13:58:03+00:00","dateModified":"2025-01-17T15:43:18+00:00","mainEntityOfPage":{"@id":"https:\/\/cklcomunicaciones.es\/coop\/noticias-info-ckl-no-2-2301-13-03-19\/"},"wordCount":931,"image":{"@id":"https:\/\/cklcomunicaciones.es\/coop\/noticias-info-ckl-no-2-2301-13-03-19\/#primaryimage"},"thumbnailUrl":"http:\/\/www.cklcomunicaciones.es\/wp-content\/uploads\/2018\/03\/CKL_comunicacion-con-perspetiva-de-genero-300x300.jpg","articleSection":["Newsletter","Nwl v2.0"],"inLanguage":"es"},{"@type":"WebPage","@id":"https:\/\/cklcomunicaciones.es\/coop\/noticias-info-ckl-no-2-2301-13-03-19\/","url":"https:\/\/cklcomunicaciones.es\/coop\/noticias-info-ckl-no-2-2301-13-03-19\/","name":"Noticias Info CKL n\u00ba 2.301-13\/03\/19-Comunicar con perspectiva de g\u00e9nero","isPartOf":{"@id":"https:\/\/cklcomunicaciones.es\/coop\/#website"},"primaryImageOfPage":{"@id":"https:\/\/cklcomunicaciones.es\/coop\/noticias-info-ckl-no-2-2301-13-03-19\/#primaryimage"},"image":{"@id":"https:\/\/cklcomunicaciones.es\/coop\/noticias-info-ckl-no-2-2301-13-03-19\/#primaryimage"},"thumbnailUrl":"http:\/\/www.cklcomunicaciones.es\/wp-content\/uploads\/2018\/03\/CKL_comunicacion-con-perspetiva-de-genero-300x300.jpg","datePublished":"2019-03-13T13:58:03+00:00","dateModified":"2025-01-17T15:43:18+00:00","author":{"@id":"https:\/\/cklcomunicaciones.es\/coop\/#\/schema\/person\/929a6837f7626450bbb50cee1aef266e"},"description":"Comunicar con perspectiva de g\u00e9nero: De 193 pa\u00edses, s\u00f3lo 10 est\u00e1n gobernados por mujeres-Espa\u00f1a, a la cabeza del mundo en la presencia de mujeres en instituciones-Lina G\u00e1lvez:\u201cFrente a la desigualdad, econom\u00eda feminista\"-Pepa Fern\u00e1ndez, Premio Cedro 2019","breadcrumb":{"@id":"https:\/\/cklcomunicaciones.es\/coop\/noticias-info-ckl-no-2-2301-13-03-19\/#breadcrumb"},"inLanguage":"es","potentialAction":[{"@type":"ReadAction","target":["https:\/\/cklcomunicaciones.es\/coop\/noticias-info-ckl-no-2-2301-13-03-19\/"]}]},{"@type":"ImageObject","inLanguage":"es","@id":"https:\/\/cklcomunicaciones.es\/coop\/noticias-info-ckl-no-2-2301-13-03-19\/#primaryimage","url":"http:\/\/www.cklcomunicaciones.es\/wp-content\/uploads\/2018\/03\/CKL_comunicacion-con-perspetiva-de-genero-300x300.jpg","contentUrl":"http:\/\/www.cklcomunicaciones.es\/wp-content\/uploads\/2018\/03\/CKL_comunicacion-con-perspetiva-de-genero-300x300.jpg"},{"@type":"BreadcrumbList","@id":"https:\/\/cklcomunicaciones.es\/coop\/noticias-info-ckl-no-2-2301-13-03-19\/#breadcrumb","itemListElement":[{"@type":"ListItem","position":1,"name":"Portada","item":"https:\/\/cklcomunicaciones.es\/coop\/"},{"@type":"ListItem","position":2,"name":"Noticias Info CKL n\u00ba 2.301-13\/03\/19"}]},{"@type":"WebSite","@id":"https:\/\/cklcomunicaciones.es\/coop\/#website","url":"https:\/\/cklcomunicaciones.es\/coop\/","name":"CKL Comunicaciones","description":"Sitio web de CKL Comunicaciones coop , la consultora de comunicaci\u00f3n y estrategia","potentialAction":[{"@type":"SearchAction","target":{"@type":"EntryPoint","urlTemplate":"https:\/\/cklcomunicaciones.es\/coop\/?s={search_term_string}"},"query-input":{"@type":"PropertyValueSpecification","valueRequired":true,"valueName":"search_term_string"}}],"inLanguage":"es"},{"@type":"Person","@id":"https:\/\/cklcomunicaciones.es\/coop\/#\/schema\/person\/929a6837f7626450bbb50cee1aef266e","name":"ckl","image":{"@type":"ImageObject","inLanguage":"es","@id":"https:\/\/secure.gravatar.com\/avatar\/c82db564e8a669bf6023357a157b9dc4780f4d4c618f2ad1d71a6a5dede45057?s=96&d=mm&r=g","url":"https:\/\/secure.gravatar.com\/avatar\/c82db564e8a669bf6023357a157b9dc4780f4d4c618f2ad1d71a6a5dede45057?s=96&d=mm&r=g","contentUrl":"https:\/\/secure.gravatar.com\/avatar\/c82db564e8a669bf6023357a157b9dc4780f4d4c618f2ad1d71a6a5dede45057?s=96&d=mm&r=g","caption":"ckl"},"url":"https:\/\/cklcomunicaciones.es\/coop\/author\/cklcomunicaciones\/"}]}},"_links":{"self":[{"href":"https:\/\/cklcomunicaciones.es\/coop\/wp-json\/wp\/v2\/posts\/14507","targetHints":{"allow":["GET"]}}],"collection":[{"href":"https:\/\/cklcomunicaciones.es\/coop\/wp-json\/wp\/v2\/posts"}],"about":[{"href":"https:\/\/cklcomunicaciones.es\/coop\/wp-json\/wp\/v2\/types\/post"}],"author":[{"embeddable":true,"href":"https:\/\/cklcomunicaciones.es\/coop\/wp-json\/wp\/v2\/users\/3"}],"replies":[{"embeddable":true,"href":"https:\/\/cklcomunicaciones.es\/coop\/wp-json\/wp\/v2\/comments?post=14507"}],"version-history":[{"count":0,"href":"https:\/\/cklcomunicaciones.es\/coop\/wp-json\/wp\/v2\/posts\/14507\/revisions"}],"wp:attachment":[{"href":"https:\/\/cklcomunicaciones.es\/coop\/wp-json\/wp\/v2\/media?parent=14507"}],"wp:term":[{"taxonomy":"category","embeddable":true,"href":"https:\/\/cklcomunicaciones.es\/coop\/wp-json\/wp\/v2\/categories?post=14507"},{"taxonomy":"post_tag","embeddable":true,"href":"https:\/\/cklcomunicaciones.es\/coop\/wp-json\/wp\/v2\/tags?post=14507"}],"curies":[{"name":"wp","href":"https:\/\/api.w.org\/{rel}","templated":true}]}}