{"id":14480,"date":"2019-03-05T14:44:21","date_gmt":"2019-03-05T13:44:21","guid":{"rendered":"http:\/\/www.cklcomunicaciones.es\/?p=14480"},"modified":"2025-01-17T16:43:22","modified_gmt":"2025-01-17T15:43:22","slug":"noticias-info-ckl-no-2-296-05-03-19","status":"publish","type":"post","link":"https:\/\/cklcomunicaciones.es\/coop\/noticias-info-ckl-no-2-296-05-03-19\/","title":{"rendered":"Noticias Info CKL n\u00ba 2.296-05\/03\/19"},"content":{"rendered":"<div id=\"pl-14480\"  class=\"panel-layout\" >\n<div id=\"pg-14480-0\"  class=\"panel-grid panel-no-style\"  data-style=\"{&quot;background_image_attachment&quot;:false,&quot;background_display&quot;:&quot;tile&quot;,&quot;cell_alignment&quot;:&quot;flex-start&quot;}\" >\n<div id=\"pgc-14480-0-0\"  class=\"panel-grid-cell\"  data-weight=\"1\" >\n<div id=\"panel-14480-0-0-0\" class=\"so-panel widget widget_sow-editor panel-first-child panel-last-child\" data-index=\"0\" data-style=\"{&quot;background_image_attachment&quot;:false,&quot;background_display&quot;:&quot;tile&quot;}\" >\n<div class=\"so-widget-sow-editor so-widget-sow-editor-base\">\n<div class=\"siteorigin-widget-tinymce textwidget\">\n<p><img decoding=\"async\" class=\"lazyload  wp-image-13726\" src=\"http:\/\/www.cklcomunicaciones.es\/wp-content\/uploads\/2018\/03\/CKL_comunicacion-con-perspetiva-de-genero-300x300.jpg\" data-orig-src=\"http:\/\/www.cklcomunicaciones.es\/wp-content\/uploads\/2018\/03\/CKL_comunicacion-con-perspetiva-de-genero-300x300.jpg\" alt=\"CKL_comunicacion con perspetiva de genero\" width=\"132\" height=\"132\" srcset=\"data:image\/svg+xml,%3Csvg%20xmlns%3D%27http%3A%2F%2Fwww.w3.org%2F2000%2Fsvg%27%20width%3D%27132%27%20height%3D%27132%27%20viewBox%3D%270%200%20132%20132%27%3E%3Crect%20width%3D%27132%27%20height%3D%27132%27%20fill-opacity%3D%220%22%2F%3E%3C%2Fsvg%3E\" data-srcset=\"https:\/\/cklcomunicaciones.es\/coop\/wp-content\/uploads\/2018\/03\/CKL_comunicacion-con-perspetiva-de-genero-150x150.jpg 150w, https:\/\/cklcomunicaciones.es\/coop\/wp-content\/uploads\/2018\/03\/CKL_comunicacion-con-perspetiva-de-genero-300x300.jpg 300w, https:\/\/cklcomunicaciones.es\/coop\/wp-content\/uploads\/2018\/03\/CKL_comunicacion-con-perspetiva-de-genero-450x450.jpg 450w, https:\/\/cklcomunicaciones.es\/coop\/wp-content\/uploads\/2018\/03\/CKL_comunicacion-con-perspetiva-de-genero.jpg 500w\" data-sizes=\"auto\" data-orig-sizes=\"(max-width: 132px) 100vw, 132px\" \/><\/p>\n<p id=\":49h\" class=\"hP\" tabindex=\"-1\" data-thread-perm-id=\"thread-f:1620470658956742117\" data-legacy-thread-id=\"167d117a8c0f4de5\"><strong>\u00bfUna mujer en la Moncloa?-La brecha de g\u00e9nero en las pensiones no se eliminar\u00e1 hasta 2035-El % de empresas en el mundo con al menos una mujer en la alta direcci\u00f3n subi\u00f3 al 87%-Soledad Sevilla y Ana Barriga en el CAAC <\/strong><\/p>\n<p>[toggle type=\u00bbfirst\u00bb title=\u00bbConvocatoria\u00bb]<\/p>\n<ul>\n<li>Foro Aeroespacial de Andaluc\u00eda &#8211; \u00abLa mujer en la industria aeroespacial andaluza. Presente y futuro en la gran empresa Alestis Aerospace\u00bb. Sevilla, 6 de marzo en la E.T.S. de Ingenier\u00eda, a partir de las 18.30h.<\/li>\n<\/ul>\n<p>[\/toggle]<\/p>\n<p>[toggle type=\u00bbfirst\u00bb title=\u00bbComunicaci\u00f3n\u00bb]<\/p>\n<p><a href=\"https:\/\/www.laopiniondemalaga.es\/malaga\/2019\/03\/04\/reflejo-feminismo-medios-comunicacion\/1072155.html\">El reflejo del feminismo en los medios de\u00a0comunicaci\u00f3n<\/a>-La Opini\u00f3n de M\u00e1laga<\/p>\n<p><a href=\"https:\/\/www.ultimahora.es\/noticias\/local\/2019\/03\/04\/1062419\/nace-primera-red-comunicacion-feminista-baleares.html\">Nace la primera red de\u00a0comunicaci\u00f3n\u00a0feminista de Baleares<\/a>&#8211;\u00a0\u00daltima hora<a href=\"https:\/\/www.google.com\/url?rct=j&amp;sa=t&amp;url=https:\/\/cadenaser.com\/emisora\/2019\/03\/04\/ser_toledo\/1551703442_819141.html&amp;ct=ga&amp;cd=CAEYAyoUMTM4NDcxMjE0ODg4ODQ4Mzk5MDIyGWMwMzcyZWJjMmZlYWRhNTk6ZXM6ZXM6RVM&amp;usg=AFQjCNFXbep-XScZtfgS9SUQf-zMWO3r9g\"><br \/>\nMaribel Verd\u00fa y Mar\u00eda Rozal\u00e9n protagonizan el &#8216;I Foro SER\u00a0Mujer&#8217;<\/a>&#8211;\u00a0Cadena SER<\/p>\n<p><a href=\"https:\/\/www.google.com\/url?rct=j&amp;sa=t&amp;url=https:\/\/www.elperiodico.com\/es\/tele\/20190304\/tv-3-dedica-una-noche-tematica-a-la-mujer-7336417&amp;ct=ga&amp;cd=CAEYAyoTODI4MTgzMDMyNDc0NzcxMzIzMTIZYzAzNzJlYmMyZmVhZGE1OTplczplczpFUw&amp;usg=AFQjCNGyeOOGJE4fezzQglYJe2h0w-c8kQ\">TV-3 dedica una noche tem\u00e1tica a la\u00a0mujer<\/a>&#8211;\u00a0El Peri\u00f3dico<a href=\"https:\/\/www.google.com\/url?rct=j&amp;sa=t&amp;url=https:\/\/segoviaudaz.es\/la-universidad-de-valladolid-acoge-en-su-campus-de-segovia-las-jornadas-sobre-mujer-y-tecnologia-de-la-comunicacion-creadora-y-creativa\/&amp;ct=ga&amp;cd=CAEYAyoTOTU2OTExMzY5MTIyNjE2NTc2MDIZYzAzNzJlYmMyZmVhZGE1OTplczplczpFUw&amp;usg=AFQjCNFXFQGTkj1WynAqd0qR49xAvFkI1w\"><br \/>\nLa Universidad de Valladolid acoge en su Campus de Segovia las jornadas sobre \u201cMujer\u00a0y Tecnolog\u00eda de la Comunicaci\u00f3n&#8230;<\/a>&#8211;\u00a0<a href=\"http:\/\/segoviaudaz.es\/\">segoviaudaz.es<\/a><\/p>\n<p><a href=\"https:\/\/esports.marca.com\/mas-esports\/criticas-una-empresa-textil-tras-anunciar-vestido-esports-mujeres.html\">Cr\u00edticas a una empresa textil tras anunciar un \u00abvestido de eSports para mujeres &#8230;<\/a>&#8211;\u00a0Marca eSports<\/p>\n<p><a href=\"https:\/\/www.google.com\/url?rct=j&amp;sa=t&amp;url=https:\/\/www.lasexta.com\/noticias\/sociedad\/8m-mujeres\/asi-violencia-que-sufren-adolescentes-redes-sociales_201903015c7cf3c50cf2a9251826909e.html&amp;ct=ga&amp;cd=CAEYAyoTMjEzMjU0ODE1NzMwMjczNjczNDIZYzAzNzJlYmMyZmVhZGE1OTplczplczpFUw&amp;usg=AFQjCNFdOvfh-AydFk45Mx0Hw0FD-TUSFg\">8M | As\u00ed es la violencia que sufren las adolescentes en redes sociales<\/a>&#8211;\u00a0LaSexta<\/p>\n<p><a href=\"https:\/\/www.publico.es\/sociedad\/mujeres-tecnologia-perfectamente-compatible-gusten-princesas-programar-software.html\">\u00abEs perfectamente compatible que te gusten las princesas con saber programar software\u00bb<\/a>\u00a0\u2013 P\u00fablico<\/p>\n<p><a href=\"https:\/\/www.cuatro.com\/cuatroaldia\/internacional\/app-mujeres-saudies-google-absher_0_2716875158.html\">Google rechaza retirar la &#8216;app&#8217; que permite controlar los viajes de &#8230;<\/a>&#8211;\u00a0Cuatro<\/p>\n<p>[\/toggle]<\/p>\n<p>[toggle type=\u00bbfirst\u00bb title=\u00bbAndaluc\u00eda\u00bb]<\/p>\n<p><strong>Institucional<\/strong><\/p>\n<p><a href=\"http:\/\/www.juntadeandalucia.es\/presidencia\/portavoz\/140551\/ConsejeriadeIgualdadPoliticasSocialesyConciliacion\/RocioRuiz\/DiadelaMujer\/CupondelaONCE\">Roc\u00edo Ruiz aboga por un 8-M sin distinciones ni banderas para avanzar hacia la igualdad real<\/a>\u00a0\u2013 Oficina del Portavoz<\/p>\n<p><a href=\"https:\/\/www.europapress.es\/esandalucia\/sevilla\/noticia-beatriz-barranco-sera-nueva-directora-gerente-instituto-andaluz-prevencion-riesgos-laborales-20190304142453.html\">Beatriz Barranco ser\u00e1 la nueva directora gerente del Instituto\u00a0Andaluz de Prevenci\u00f3n de Riesgos Laborales\u00a0&#8230;<\/a>&#8211;\u00a0Europa Press<\/p>\n<p><strong>Econom\u00eda y Empresas<\/strong><\/p>\n<p><a href=\"https:\/\/www.europapress.es\/andalucia\/noticia-mujeres-cobran-andalucia-casi-4000-euros-menos-hombres-tecnicos-hacienda-20190305111858.html\">Las\u00a0mujeres\u00a0cobran en\u00a0Andaluc\u00eda\u00a0\u00abcasi 4.000 euros menos\u00bb que los &#8230;<\/a>&#8211;\u00a0Europa Press<\/p>\n<p><a href=\"http:\/\/elcorreoweb.es\/agenda\/alestis-y-el-papel-de-la-mujer-en-la-industria-aeroespacial-andaluza-HM5079832\">Alestis y el papel de la\u00a0mujer\u00a0en la industria aeroespacial\u00a0andaluza<\/a>&#8211;\u00a0elcorreoweb.es<\/p>\n<p><a href=\"https:\/\/www.teleprensa.com\/sevilla\/ccoo-a-y-ugt-a-piden-medidas-para-mejorar-la-empleabilidad-en-andalucia-y-combatir-sus-problemas-estructurales.html.html\">CCOO-A y UGT-A piden medidas para \u00abmejorar la empleabilidad\u00bb en Andaluc\u00eda&#8230;<\/a>&#8211;\u00a0Teleprensa peri\u00f3dico digital<\/p>\n<p><strong>Actualidad<\/strong><\/p>\n<p><a href=\"https:\/\/www.europapress.es\/andalucia\/huelva-00354\/noticia-diputacion-huelva-presenta-junto-resto-instituciones-amplio-calendario-actividades-8m-20190304151658.html\">La Diputaci\u00f3n de Huelva presenta junto al resto de instituciones el calendario de actividades del 8M &#8230;<\/a>&#8211;\u00a0Europa Press<\/p>\n<p><a href=\"https:\/\/www.huelvainformacion.es\/huelva\/Maria-Martin-coordinadora-IAM-Huelva_0_1333366827.html\">Mar\u00eda Mart\u00edn ser\u00e1 la nueva coordinadora provincial del IAM en Huelva<\/a>&#8211;\u00a0Huelva Informaci\u00f3n<\/p>\n<p><a href=\"https:\/\/www.elmundo.es\/papel\/lideres\/2019\/03\/05\/5c7d281821efa09a068b4665.html\">Mar\u00eda Galiana: \u00abEstoy en contra del D\u00eda de la\u00a0Mujer\u00a0y de todos los dem\u00e1s &#8216;d\u00edas de'\u00bb<\/a>\u00a0\u2013 El Mundo<\/p>\n<p><a href=\"http:\/\/sevilla.abc.es\/contenidopromocionado\/2019\/03\/05\/envejecer-mujer-jornada-celebrar-la-vejez-femenina-este-8m\/\">\u00abEnvejecer como\u00a0mujer\u00bb, jornada para celebrar la vejez femenina &#8230;<\/a>&#8211;\u00a0abcdesevilla.es<\/p>\n<p><a href=\"https:\/\/www.eldiario.es\/andalucia\/ensancha-Gobierno-PP-Cs-izquierda_0_874212671.html\">Los partidos en\u00a0Andaluc\u00eda\u00a0convierten el 8M en arma electoral a las &#8230;<\/a>&#8211;\u00a0eldiario.es<\/p>\n<p><a href=\"https:\/\/www.publico.es\/politica\/8-marzo-gilena-pueblo-hoy-sola-calle-dedicada-mujer.html\">Gilena, el pueblo de Sevilla sin una sola calle dedicada a una\u00a0mujer\u00a0&#8230;<\/a>&#8211;\u00a0P\u00fablico<\/p>\n<p><strong>Violencias<\/strong><\/p>\n<p><a href=\"https:\/\/elejido.ideal.es\/elejido\/consistorio-adhiere-pacto-20190305121341-nt.html\">El Ayuntamiento de El Ejido se adhiere al Pacto contra la\u00a0Violencia de G\u00e9nero<\/a>&#8211;\u00a0Ideal Digital<strong>\u00a0<\/strong><\/p>\n<p><strong>Ciencia y Cultura<\/strong><\/p>\n<p><a href=\"https:\/\/www.europapress.es\/andalucia\/noticia-estudio-detecta-sesgos-androcentricos-misoginos-producciones-audiovisuales-espanolas-prehistoria-20190305104835.html\">Un estudio detecta \u00absesgos androc\u00e9ntricos y mis\u00f3ginos\u00bb en las producciones audiovisuales espa\u00f1ola sobre Prehistoria&#8230;<\/a>&#8211;\u00a0Europa Press<a href=\"http:\/\/elcorreoweb.es\/agenda\/el-caac-inaugura-las-exposiciones-de-soledad-sevilla-y-ana-barriga-HK5084191\"><br \/>\nEl CAAC inaugura las exposiciones de Soledad Sevilla y Ana Barriga<\/a>&#8211;\u00a0elcorreoweb.es<\/p>\n<p><a href=\"https:\/\/www.google.com\/url?rct=j&amp;sa=t&amp;url=http:\/\/www.aulamagna.com.es\/universidad-de-jaen-programa-actividades-dia-de-la-mujer-2019\/&amp;ct=ga&amp;cd=CAEYBSoUMTM4NDcxMjE0ODg4ODQ4Mzk5MDIyGWMwMzcyZWJjMmZlYWRhNTk6ZXM6ZXM6RVM&amp;usg=AFQjCNH02hPdDmP4nCBNpc4nIRFo1Yfr9A\">Cine, danza, debate, exposiciones y mucho m\u00e1s para celebrar el D\u00eda de la\u00a0Mujer en la UJA<\/a>\u00a0&#8211;\u00a0Aula Magna<\/p>\n<p><a href=\"https:\/\/elpais.com\/cultura\/2019\/03\/05\/actualidad\/1551777012_149301.html\">Machado, querido maestro<\/a>\u00a0\u2013 El Pa\u00eds<strong>\u00a0<\/strong><\/p>\n<p><strong>Deporte<\/strong><\/p>\n<p><a href=\"https:\/\/www.diariosur.es\/malaga-capital\/consejo-mujeres-pide-20190304214547-nt.html\">El Consejo de las\u00a0Mujeres\u00a0pide que el M\u00e1laga femenino juegue en La Romareda&#8230;<\/a>&#8211;\u00a0Sur Digital<\/p>\n<p><a href=\"https:\/\/www.diariodesevilla.es\/vivirensevilla\/Triunfo-deportivo-base-igualdad-genero_0_1333367075.html\">Cuando el triunfo deportivo llega con la igualdad de g\u00e9nero<\/a>&#8211;\u00a0Diario de Sevilla<\/p>\n<p>&nbsp;<\/p>\n<p>[\/toggle]<\/p>\n<p>[toggle type=\u00bbfirst\u00bb title=\u00bbEstado\u00bb]<\/p>\n<p><strong>Institucional<\/strong><\/p>\n<p><a href=\"https:\/\/www.google.com\/url?rct=j&amp;sa=t&amp;url=https:\/\/www.lavanguardia.com\/vida\/20190304\/46830714302\/calvo-defiende-junto-a-otros-siete-ministros-que-el-feminismo-no-representa-ninguna-amenaza.html&amp;ct=ga&amp;cd=CAEYASoUMTUzMTkyNDQ5OTI0MjYzMTg5ODQyGWMwMzcyZWJjMmZlYWRhNTk6ZXM6ZXM6RVM&amp;usg=AFQjCNFybuko1X4lsnFwzu_lLoVF7Rlqjg\">La vicepresidenta Carmen Calvo defiende, junto a otros siete ministros, que el feminismo \u00abno representa ninguna amenaza\u00bb<\/a>&#8211;\u00a0La Vanguardia<\/p>\n<p><a href=\"https:\/\/www.publico.es\/sociedad\/permisos-igualitarios-gobierno-amplia-decreto-ley-permisos-paternidad-seran-16-semanas-2021.html\">El Gobierno ampl\u00eda por decreto ley los permisos de paternidad que ser\u00e1n de 16 semanas en 2021<\/a><strong>\u00a0<\/strong>&#8211; P\u00fablico<strong>\u00a0<\/strong><\/p>\n<p><strong>Institucional-CCAA<\/strong><\/p>\n<p><a href=\"https:\/\/www.google.com\/url?rct=j&amp;sa=t&amp;url=https:\/\/www.clm24.es\/articulo\/toledo\/instituto-mujer-clm-reivindica-feminismo-lamenta-intente-denostar\/20190304113925236911.html&amp;ct=ga&amp;cd=CAEYACoTOTU2OTExMzY5MTIyNjE2NTc2MDIZYzAzNzJlYmMyZmVhZGE1OTplczplczpFUw&amp;usg=AFQjCNGx9ocmGEE2YD6N9i9PCcchHAghhA\">Instituto de la Mujer\u00a0de CLM reivindica el feminismo y lamenta que se intente \u00abdenostar\u00bb<\/a>&#8211;\u00a0CLM24<a href=\"https:\/\/www.google.com\/url?rct=j&amp;sa=t&amp;url=https:\/\/www.servimedia.es\/noticias\/1120339&amp;ct=ga&amp;cd=CAEYAioUMTE4NDIwODA2MjE3MzE0MDkyMDkyGWMwMzcyZWJjMmZlYWRhNTk6ZXM6ZXM6RVM&amp;usg=AFQjCNGwqXOa6x3BX3a6GpQeYyg51zeTwA\"><br \/>\nM\u00e1s del 30% de los hogares de la capital sustentados por\u00a0mujeres\u00a0sufren pobreza energ\u00e9tica<\/a>&#8211;\u00a0Servimedia<a href=\"https:\/\/www.google.com\/url?rct=j&amp;sa=t&amp;url=https:\/\/www.elnacional.cat\/es\/branded\/instituto-catala-dones-30-aniversario_361152_102.html&amp;ct=ga&amp;cd=CAEYAyoTNjYzMDk1MjUyNzY2NTkxNDQ5NjIZYzAzNzJlYmMyZmVhZGE1OTplczplczpFUw&amp;usg=AFQjCNE-G37v5k_sF_iWk4AsyirolG9Eqw\"><br \/>\nInstitut\u00a0Catal\u00e0 de les Dones: 30 a\u00f1os trabajando para que las\u00a0mujeres\u00a0puedan disfrutar sus derechos<\/a>&#8211;\u00a0ElNacional.cat<\/p>\n<p><a href=\"https:\/\/www.mujeremprendedora.net\/upna-gobierno-navarra-crean-catedra-mujer-ciencia-tecnologia\/\">La UPNA y el Gobierno de Navarra crean la C\u00e1tedra de Mujer, Ciencia y Tecnolog\u00eda<\/a>\u2013 Mujeremprendedora.net<\/p>\n<p><a href=\"https:\/\/www.laopiniondezamora.es\/zamora\/2019\/03\/05\/gira-mujeres-coca-cola-fomentara\/1148210.html\">La Gira\u00a0Mujeres\u00a0de Coca-Cola fomentar\u00e1 el emprendimiento rural en &#8230;<\/a>-La Opini\u00f3n de Zamora<\/p>\n<p><strong>Econom\u00eda y Empresa<\/strong><\/p>\n<p><a href=\"https:\/\/www.elmundo.es\/economia\/macroeconomia\/2019\/03\/05\/5c7d8a0721efa0b9538b4582.html\">La brecha de g\u00e9nero en las pensiones no se eliminar\u00e1 hasta 2035<\/a>\u00a0\u2013\u00a0El Mundo<\/p>\n<p><a href=\"https:\/\/www.publico.es\/sociedad\/permiso-maternidad-57-mujeres-renunciado-trabajos-incompatibles-maternidad.html\">Un 57% mujeres ha renunciado a trabajos por ser incompatibles con la maternidad<\/a>\u00a0&#8211; P\u00fablico<\/p>\n<p><a href=\"https:\/\/www.publico.es\/culturas\/entrevista-marga-tojo-periodista-escritora-poeta.html\">Marga Tojo: \u00abLos cuidados y la maternidad no est\u00e1n en la agenda pol\u00edtica: es necesaria una transformaci\u00f3n profunda del sistema laboral\u00bb<\/a>\u00a0&#8211; P\u00fablico<\/p>\n<p><a href=\"https:\/\/www.mujeremprendedora.net\/aumenta-numero-interesadas-incorporarse-mercado-laboral-tech\/\">Aumenta el n\u00famero de interesadas en incorporarse al mercado laboral Tech<\/a>\u00a0\u2013 Mujeremprendedora.net<\/p>\n<p><a href=\"https:\/\/www.mujeremprendedora.net\/mas-90-mujeres-formacion-superior-esta-trabajando\/\">M\u00e1s del 90% de las mujeres con formaci\u00f3n superior est\u00e1 trabajando<\/a>\u2013 Mujeremprendedora.net<\/p>\n<p><a href=\"https:\/\/www.elmundo.es\/economia\/macroeconomia\/2019\/03\/03\/5c79942321efa050768b4681.html\">Directivas que crean la igualdad desde la cima: \u00abLa revoluci\u00f3n de la econom\u00eda son las\u00a0mujeres\u00bb<\/a>\u00a0\u2013 El Mundo<\/p>\n<p><a href=\"https:\/\/www.europapress.es\/economia\/laboral-00346\/noticia-ata-denuncia-gobierno-incumple-compromiso-mujeres-autonomas-20190305122259.html\">ATA denuncia que el Gobierno incumple su compromiso con las aut\u00f3nomas&#8230;<\/a>&#8211;\u00a0Europa Press<\/p>\n<p><strong>Actualidad<\/strong><\/p>\n<p><a href=\"https:\/\/blogs.publico.es\/fernando-lopez-agudin\/2019\/03\/05\/una-mujer-en-la-moncloa\/\">\u00bfUna\u00a0mujer\u00a0en la Moncloa?<\/a>&#8211;\u00a0P\u00fablico<\/p>\n<p><a href=\"https:\/\/www.google.com\/url?rct=j&amp;sa=t&amp;url=https:\/\/cadenaser.com\/ser\/2019\/03\/04\/sociedad\/1551724768_385513.html&amp;ct=ga&amp;cd=CAEYAyoUMTc1NDM4ODQxNjc3Mjk3MzA0MjQyGWMwMzcyZWJjMmZlYWRhNTk6ZXM6ZXM6RVM&amp;usg=AFQjCNH9Qx9OqOStcLKpY9CpbgEp4-v7Nw\">Cuando Espa\u00f1a hizo campa\u00f1a para que las ni\u00f1as fueran a la universidad<\/a>&#8211;\u00a0Cadena SER<\/p>\n<p><a href=\"https:\/\/www.google.com\/url?rct=j&amp;sa=t&amp;url=http:\/\/www.eladelantado.com\/segovia\/arranca-el-ix-encuentro-de-mujeres-ejemplares-que-transforman-el-mundo\/&amp;ct=ga&amp;cd=CAEYACoUMTM3NDE3OTk3MjY4NDAzNzk5NjEyGWMwMzcyZWJjMmZlYWRhNTk6ZXM6ZXM6RVM&amp;usg=AFQjCNHZ8qBh9BSSVMxYcMWorHD2ktdFnQ\">Arranca el IX Encuentro de \u201cMujeres\u00a0ejemplares\u201d que transforman el mundo<\/a>&#8211;\u00a0El Adelantado de Segovia<\/p>\n<p><a href=\"https:\/\/elpais.com\/politica\/2019\/03\/04\/actualidad\/1551732067_460924.html\">El 8M agita la batalla por el voto de las mujeres, que suponen el 60% de los indecisos<\/a>\u00a0\u2013 El Pa\u00eds<\/p>\n<p><a href=\"https:\/\/elpais.com\/tecnologia\/2019\/02\/21\/actualidad\/1550768323_045000.html\">Paloma Llaneza, abogada \u201cEs m\u00e1s peligroso tener a Alexa encima de la mesa que a un se\u00f1or observ\u00e1ndote cada d\u00eda en el sal\u00f3n\u201d<\/a>\u00a0\u2013 El Pa\u00eds<\/p>\n<p><strong>Violencias<\/strong><\/p>\n<p><a href=\"https:\/\/www.efeempresas.com\/noticia\/fundacion-vodafone-violencia-genero\/\">La fundaci\u00f3n Vodafone ayuda a las v\u00edctimas de\u00a0violencia de g\u00e9nero<\/a>&#8211;\u00a0EFE Empresa<strong>\u00a0<\/strong><\/p>\n<p><strong>Ciencia y Cultura\u00a0\u00a0\u00a0<\/strong><\/p>\n<p><a href=\"https:\/\/www.abc.es\/sociedad\/abci-estevan-bolea-trabajado-tres-veces-hombre-mujer-no-tolera-equivoque-201903050202_noticia.html\">M\u00aa Teresa Estevan Bolea, expresidenta del Consejo de Seguridad Nuclear: \u00abHe trabajado tres veces lo que un hombre, a una &#8230;<\/a>-Abc.es<\/p>\n<p><a href=\"https:\/\/elpais.com\/elpais\/2019\/02\/28\/mamas_papas\/1551351605_693617.html\">Los avances cient\u00edficos permiten que m\u00e1s\u00a0mujeres\u00a0de m\u00e1s de 40 a\u00f1os &#8230;<\/a>&#8211;\u00a0El Pa\u00eds<a href=\"https:\/\/www.google.com\/url?rct=j&amp;sa=t&amp;url=https:\/\/www.cope.es\/actualidad\/cultura\/noticias\/cultura-impulsara-presencia-las-mujeres-todas-las-areas-culturales-20190304_366036&amp;ct=ga&amp;cd=CAEYAioTMzIxMDU0MjY3NzE0NTE1OTE4NzIZYzAzNzJlYmMyZmVhZGE1OTplczplczpFUw&amp;usg=AFQjCNGmJW0Dc0UD0uJat0n3UJALzovnRw\"><br \/>\nCultura impulsar\u00e1 la presencia de las\u00a0mujeres en\u00a0todas las \u00e1reas culturales<\/a>&#8211;\u00a0COPE<a href=\"https:\/\/www.google.com\/url?rct=j&amp;sa=t&amp;url=http:\/\/www.saludediciones.com\/2019\/03\/04\/i-jornadas-universitarias-sobre-investigacion-con-perspectiva-de-genero-en-la-uib-situacion-actual-y-retos-de-futuro\/&amp;ct=ga&amp;cd=CAEYAioTOTU2OTExMzY5MTIyNjE2NTc2MDIZYzAzNzJlYmMyZmVhZGE1OTplczplczpFUw&amp;usg=AFQjCNGjlXAmm1bkJ9zM_anxnhLVOFdBow\"><br \/>\nI Jornadas Universitarias sobre Investigaci\u00f3n con Perspectiva de G\u00e9nero en la UIB: situaci\u00f3n &#8230;<\/a>&#8211;\u00a0Salud Ediciones<\/p>\n<p><a href=\"https:\/\/www.abc.es\/cultura\/musica\/abci-sole-gimenez-todo-hemos-conseguido-mujeres-esta-peligro-201903051130_noticia.html\">Sole Gim\u00e9nez: \u00abTodo lo que hemos conseguido las\u00a0mujeres\u00a0est\u00e1 en peligro&#8230;<\/a>&#8211;\u00a0Abc.es<\/p>\n<p><strong>Deporte<\/strong><strong>\u00a0\u00a0<\/strong><\/p>\n<p><a href=\"https:\/\/elpais.com\/deportes\/2019\/03\/04\/actualidad\/1551728545_172865.html\">&#8216;Valor Mujer&#8217;, un programa para apoyar el arbitraje femenino en el deporte<\/a>\u00a0\u2013 El Pa\u00eds<\/p>\n<p><a href=\"https:\/\/www.elespanol.com\/deportes\/ciclismo\/20190305\/cristal-ciclismo-frenan-mujeres-acercarse-demasiado-hombres\/380712973_0.html\">El techo de cristal del ciclismo: frenan a las\u00a0mujeres\u00a0por \u00abacercarse &#8230;<\/a>&#8211;\u00a0El Espa\u00f1ol<\/p>\n<p>[\/toggle]<\/p>\n<p>[toggle type=\u00bbfirst\u00bb title=\u00bbInternacional\u00bb]<\/p>\n<p><a href=\"https:\/\/www.eleconomista.com.mx\/capitalhumano\/Mas-empresas-contrataron-a-mujeres-en-puestos-directivos-en-2018-20190304-0049.html\">M\u00e1s empresas contrataron a\u00a0mujeres\u00a0en puestos directivos en 2018<\/a>&#8211;\u00a0El Economista<\/p>\n<p><a href=\"https:\/\/www.noticiasdegipuzkoa.eus\/2019\/03\/05\/mundo\/kaja-kallas-todo-el-poder-de-estonia-para-las-mujeres\">Kaja Kallas, todo el poder de Estonia para las\u00a0mujeres<\/a>&#8211;\u00a0Noticias de Gipuzkoa<\/p>\n<p><a href=\"https:\/\/www.razon.com.mx\/ciudad\/integran-a-150-abogadas-con-perspectiva-de-genero-a-ministerios-publicos\/\">Integran a 150 abogadas con perspectiva de\u00a0g\u00e9nero\u00a0a Ministerios p\u00fablicos &#8230;<\/a>&#8211;\u00a0La Raz\u00f3n<a href=\"https:\/\/www.prensalibre.com\/economia\/forbes-francoise-bettencourt-meyers-heredera-de-loreal-es-la-mujer-mas-rica-del-mundo\/\"><br \/>\nQui\u00e9n es Fracoise Bettencourt Meyers, la\u00a0mujer\u00a0m\u00e1s rica del mundo &#8230;<\/a>&#8211;\u00a0Prensa Libre<\/p>\n<p><a href=\"https:\/\/www.viveusa.mx\/destinos\/los-10-mejores-estados-en-eu-para-las-mujeres\">Los 10 mejores estados en EU para las\u00a0mujeres<\/a>&#8211;\u00a0ViveUSA<\/p>\n<p><a href=\"https:\/\/www.europapress.es\/epsocial\/igualdad\/noticia-muerte-social-mas-46-millones-mujeres-india-enviudar-20190305095343.html\">La muerte social de m\u00e1s de 46 millones\u00a0mujeres\u00a0en India tras enviudar<\/a>\u00a0&#8211;\u00a0Europa Press<\/p>\n<p><a href=\"https:\/\/www.elmundo.es\/cultura\/laesferadepapel\/2019\/03\/05\/5c76c7f8fc6c8355788b4582.html\">Una oleada de feminismo se extiende por la m\u00fasica pop, de Beyonc\u00e9 a Ariana Grande<\/a>\u00a0\u2013 El Mundo<\/p>\n<p><a href=\"https:\/\/www.revistavanityfair.es\/cultura\/entretenimiento\/articulos\/cristina-arana-directora-productora-transicion-paraguay\/36771\">Cristina Arana, directora y productora: \u201cLas\u00a0mujeres\u00a0tenemos que &#8230;<\/a>-Vanity Fair<\/p>\n<p><a href=\"https:\/\/www.cuatro.com\/deportes\/futbol\/fifa-var-mundial-futbol-femenino_0_2717400022.html\">El VAR llegar\u00e1 al pr\u00f3ximo Mundial de f\u00fatbol\u00a0femenino<\/a>&#8211;\u00a0Cuatro<\/p>\n<p>[\/toggle]<\/p>\n<\/div>\n<\/div>\n<\/div>\n<\/div>\n<\/div>\n<\/div>\n","protected":false},"excerpt":{"rendered":"<p>\u00bfUna mujer en la Moncloa?-La brecha de g\u00e9nero en las <a href=\"https:\/\/cklcomunicaciones.es\/coop\/noticias-info-ckl-no-2-296-05-03-19\/\">[&#8230;]<\/a><\/p>\n","protected":false},"author":3,"featured_media":0,"comment_status":"closed","ping_status":"closed","sticky":false,"template":"","format":"standard","meta":{"footnotes":""},"categories":[298,623],"tags":[],"class_list":["post-14480","post","type-post","status-publish","format-standard","hentry","category-newsletter","category-nwl-2-0"],"yoast_head":"<!-- This site is optimized with the Yoast SEO plugin v27.5 - https:\/\/yoast.com\/product\/yoast-seo-wordpress\/ -->\n<title>Noticias Info CKL n\u00ba 2.296-05\/03\/19-Comunicar con perspectiva de g\u00e9nero<\/title>\n<meta name=\"description\" content=\"Comunicar con perspectiva de g\u00e9nero: \u00bfUna mujer en la Moncloa?-La brecha de g\u00e9nero en las pensiones no se eliminar\u00e1 hasta 2035-El % de empresas en el mundo con al menos una mujer en la alta direcci\u00f3n subi\u00f3 al 87%-Soledad Sevilla y Ana Barriga en el CAAC\" \/>\n<meta name=\"robots\" content=\"index, follow, max-snippet:-1, max-image-preview:large, max-video-preview:-1\" \/>\n<link rel=\"canonical\" href=\"https:\/\/cklcomunicaciones.es\/coop\/noticias-info-ckl-no-2-296-05-03-19\/\" \/>\n<meta property=\"og:locale\" content=\"es_ES\" \/>\n<meta property=\"og:type\" content=\"article\" \/>\n<meta property=\"og:title\" content=\"Noticias Info CKL n\u00ba 2.296-05\/03\/19-Comunicar con perspectiva de g\u00e9nero\" \/>\n<meta property=\"og:description\" content=\"Comunicar con perspectiva de g\u00e9nero: \u00bfUna mujer en la Moncloa?-La brecha de g\u00e9nero en las pensiones no se eliminar\u00e1 hasta 2035-El % de empresas en el mundo con al menos una mujer en la alta direcci\u00f3n subi\u00f3 al 87%-Soledad Sevilla y Ana Barriga en el CAAC\" \/>\n<meta property=\"og:url\" content=\"https:\/\/cklcomunicaciones.es\/coop\/noticias-info-ckl-no-2-296-05-03-19\/\" \/>\n<meta property=\"og:site_name\" content=\"CKL Comunicaciones\" \/>\n<meta property=\"article:published_time\" content=\"2019-03-05T13:44:21+00:00\" \/>\n<meta property=\"article:modified_time\" content=\"2025-01-17T15:43:22+00:00\" \/>\n<meta property=\"og:image\" content=\"https:\/\/cklcomunicaciones.es\/coop\/wp-content\/uploads\/2018\/03\/CKL_comunicacion-con-perspetiva-de-genero.jpg\" \/>\n\t<meta property=\"og:image:width\" content=\"500\" \/>\n\t<meta property=\"og:image:height\" content=\"500\" \/>\n\t<meta property=\"og:image:type\" content=\"image\/jpeg\" \/>\n<meta name=\"author\" content=\"ckl\" \/>\n<meta name=\"twitter:card\" content=\"summary_large_image\" \/>\n<meta name=\"twitter:label1\" content=\"Escrito por\" \/>\n\t<meta name=\"twitter:data1\" content=\"ckl\" \/>\n\t<meta name=\"twitter:label2\" content=\"Tiempo de lectura\" \/>\n\t<meta name=\"twitter:data2\" content=\"6 minutos\" \/>\n<script type=\"application\/ld+json\" class=\"yoast-schema-graph\">{\"@context\":\"https:\\\/\\\/schema.org\",\"@graph\":[{\"@type\":\"Article\",\"@id\":\"https:\\\/\\\/cklcomunicaciones.es\\\/coop\\\/noticias-info-ckl-no-2-296-05-03-19\\\/#article\",\"isPartOf\":{\"@id\":\"https:\\\/\\\/cklcomunicaciones.es\\\/coop\\\/noticias-info-ckl-no-2-296-05-03-19\\\/\"},\"author\":{\"name\":\"ckl\",\"@id\":\"https:\\\/\\\/cklcomunicaciones.es\\\/coop\\\/#\\\/schema\\\/person\\\/929a6837f7626450bbb50cee1aef266e\"},\"headline\":\"Noticias Info CKL n\u00ba 2.296-05\\\/03\\\/19\",\"datePublished\":\"2019-03-05T13:44:21+00:00\",\"dateModified\":\"2025-01-17T15:43:22+00:00\",\"mainEntityOfPage\":{\"@id\":\"https:\\\/\\\/cklcomunicaciones.es\\\/coop\\\/noticias-info-ckl-no-2-296-05-03-19\\\/\"},\"wordCount\":1171,\"image\":{\"@id\":\"https:\\\/\\\/cklcomunicaciones.es\\\/coop\\\/noticias-info-ckl-no-2-296-05-03-19\\\/#primaryimage\"},\"thumbnailUrl\":\"http:\\\/\\\/www.cklcomunicaciones.es\\\/wp-content\\\/uploads\\\/2018\\\/03\\\/CKL_comunicacion-con-perspetiva-de-genero-300x300.jpg\",\"articleSection\":[\"Newsletter\",\"Nwl v2.0\"],\"inLanguage\":\"es\"},{\"@type\":\"WebPage\",\"@id\":\"https:\\\/\\\/cklcomunicaciones.es\\\/coop\\\/noticias-info-ckl-no-2-296-05-03-19\\\/\",\"url\":\"https:\\\/\\\/cklcomunicaciones.es\\\/coop\\\/noticias-info-ckl-no-2-296-05-03-19\\\/\",\"name\":\"Noticias Info CKL n\u00ba 2.296-05\\\/03\\\/19-Comunicar con perspectiva de g\u00e9nero\",\"isPartOf\":{\"@id\":\"https:\\\/\\\/cklcomunicaciones.es\\\/coop\\\/#website\"},\"primaryImageOfPage\":{\"@id\":\"https:\\\/\\\/cklcomunicaciones.es\\\/coop\\\/noticias-info-ckl-no-2-296-05-03-19\\\/#primaryimage\"},\"image\":{\"@id\":\"https:\\\/\\\/cklcomunicaciones.es\\\/coop\\\/noticias-info-ckl-no-2-296-05-03-19\\\/#primaryimage\"},\"thumbnailUrl\":\"http:\\\/\\\/www.cklcomunicaciones.es\\\/wp-content\\\/uploads\\\/2018\\\/03\\\/CKL_comunicacion-con-perspetiva-de-genero-300x300.jpg\",\"datePublished\":\"2019-03-05T13:44:21+00:00\",\"dateModified\":\"2025-01-17T15:43:22+00:00\",\"author\":{\"@id\":\"https:\\\/\\\/cklcomunicaciones.es\\\/coop\\\/#\\\/schema\\\/person\\\/929a6837f7626450bbb50cee1aef266e\"},\"description\":\"Comunicar con perspectiva de g\u00e9nero: \u00bfUna mujer en la Moncloa?-La brecha de g\u00e9nero en las pensiones no se eliminar\u00e1 hasta 2035-El % de empresas en el mundo con al menos una mujer en la alta direcci\u00f3n subi\u00f3 al 87%-Soledad Sevilla y Ana Barriga en el CAAC\",\"breadcrumb\":{\"@id\":\"https:\\\/\\\/cklcomunicaciones.es\\\/coop\\\/noticias-info-ckl-no-2-296-05-03-19\\\/#breadcrumb\"},\"inLanguage\":\"es\",\"potentialAction\":[{\"@type\":\"ReadAction\",\"target\":[\"https:\\\/\\\/cklcomunicaciones.es\\\/coop\\\/noticias-info-ckl-no-2-296-05-03-19\\\/\"]}]},{\"@type\":\"ImageObject\",\"inLanguage\":\"es\",\"@id\":\"https:\\\/\\\/cklcomunicaciones.es\\\/coop\\\/noticias-info-ckl-no-2-296-05-03-19\\\/#primaryimage\",\"url\":\"http:\\\/\\\/www.cklcomunicaciones.es\\\/wp-content\\\/uploads\\\/2018\\\/03\\\/CKL_comunicacion-con-perspetiva-de-genero-300x300.jpg\",\"contentUrl\":\"http:\\\/\\\/www.cklcomunicaciones.es\\\/wp-content\\\/uploads\\\/2018\\\/03\\\/CKL_comunicacion-con-perspetiva-de-genero-300x300.jpg\"},{\"@type\":\"BreadcrumbList\",\"@id\":\"https:\\\/\\\/cklcomunicaciones.es\\\/coop\\\/noticias-info-ckl-no-2-296-05-03-19\\\/#breadcrumb\",\"itemListElement\":[{\"@type\":\"ListItem\",\"position\":1,\"name\":\"Portada\",\"item\":\"https:\\\/\\\/cklcomunicaciones.es\\\/coop\\\/\"},{\"@type\":\"ListItem\",\"position\":2,\"name\":\"Noticias Info CKL n\u00ba 2.296-05\\\/03\\\/19\"}]},{\"@type\":\"WebSite\",\"@id\":\"https:\\\/\\\/cklcomunicaciones.es\\\/coop\\\/#website\",\"url\":\"https:\\\/\\\/cklcomunicaciones.es\\\/coop\\\/\",\"name\":\"CKL Comunicaciones\",\"description\":\"Sitio web de CKL Comunicaciones coop , la consultora de comunicaci\u00f3n y estrategia\",\"potentialAction\":[{\"@type\":\"SearchAction\",\"target\":{\"@type\":\"EntryPoint\",\"urlTemplate\":\"https:\\\/\\\/cklcomunicaciones.es\\\/coop\\\/?s={search_term_string}\"},\"query-input\":{\"@type\":\"PropertyValueSpecification\",\"valueRequired\":true,\"valueName\":\"search_term_string\"}}],\"inLanguage\":\"es\"},{\"@type\":\"Person\",\"@id\":\"https:\\\/\\\/cklcomunicaciones.es\\\/coop\\\/#\\\/schema\\\/person\\\/929a6837f7626450bbb50cee1aef266e\",\"name\":\"ckl\",\"image\":{\"@type\":\"ImageObject\",\"inLanguage\":\"es\",\"@id\":\"https:\\\/\\\/secure.gravatar.com\\\/avatar\\\/c82db564e8a669bf6023357a157b9dc4780f4d4c618f2ad1d71a6a5dede45057?s=96&d=mm&r=g\",\"url\":\"https:\\\/\\\/secure.gravatar.com\\\/avatar\\\/c82db564e8a669bf6023357a157b9dc4780f4d4c618f2ad1d71a6a5dede45057?s=96&d=mm&r=g\",\"contentUrl\":\"https:\\\/\\\/secure.gravatar.com\\\/avatar\\\/c82db564e8a669bf6023357a157b9dc4780f4d4c618f2ad1d71a6a5dede45057?s=96&d=mm&r=g\",\"caption\":\"ckl\"},\"url\":\"https:\\\/\\\/cklcomunicaciones.es\\\/coop\\\/author\\\/cklcomunicaciones\\\/\"}]}<\/script>\n<!-- \/ Yoast SEO plugin. -->","yoast_head_json":{"title":"Noticias Info CKL n\u00ba 2.296-05\/03\/19-Comunicar con perspectiva de g\u00e9nero","description":"Comunicar con perspectiva de g\u00e9nero: \u00bfUna mujer en la Moncloa?-La brecha de g\u00e9nero en las pensiones no se eliminar\u00e1 hasta 2035-El % de empresas en el mundo con al menos una mujer en la alta direcci\u00f3n subi\u00f3 al 87%-Soledad Sevilla y Ana Barriga en el CAAC","robots":{"index":"index","follow":"follow","max-snippet":"max-snippet:-1","max-image-preview":"max-image-preview:large","max-video-preview":"max-video-preview:-1"},"canonical":"https:\/\/cklcomunicaciones.es\/coop\/noticias-info-ckl-no-2-296-05-03-19\/","og_locale":"es_ES","og_type":"article","og_title":"Noticias Info CKL n\u00ba 2.296-05\/03\/19-Comunicar con perspectiva de g\u00e9nero","og_description":"Comunicar con perspectiva de g\u00e9nero: \u00bfUna mujer en la Moncloa?-La brecha de g\u00e9nero en las pensiones no se eliminar\u00e1 hasta 2035-El % de empresas en el mundo con al menos una mujer en la alta direcci\u00f3n subi\u00f3 al 87%-Soledad Sevilla y Ana Barriga en el CAAC","og_url":"https:\/\/cklcomunicaciones.es\/coop\/noticias-info-ckl-no-2-296-05-03-19\/","og_site_name":"CKL Comunicaciones","article_published_time":"2019-03-05T13:44:21+00:00","article_modified_time":"2025-01-17T15:43:22+00:00","og_image":[{"width":500,"height":500,"url":"https:\/\/cklcomunicaciones.es\/coop\/wp-content\/uploads\/2018\/03\/CKL_comunicacion-con-perspetiva-de-genero.jpg","type":"image\/jpeg"}],"author":"ckl","twitter_card":"summary_large_image","twitter_misc":{"Escrito por":"ckl","Tiempo de lectura":"6 minutos"},"schema":{"@context":"https:\/\/schema.org","@graph":[{"@type":"Article","@id":"https:\/\/cklcomunicaciones.es\/coop\/noticias-info-ckl-no-2-296-05-03-19\/#article","isPartOf":{"@id":"https:\/\/cklcomunicaciones.es\/coop\/noticias-info-ckl-no-2-296-05-03-19\/"},"author":{"name":"ckl","@id":"https:\/\/cklcomunicaciones.es\/coop\/#\/schema\/person\/929a6837f7626450bbb50cee1aef266e"},"headline":"Noticias Info CKL n\u00ba 2.296-05\/03\/19","datePublished":"2019-03-05T13:44:21+00:00","dateModified":"2025-01-17T15:43:22+00:00","mainEntityOfPage":{"@id":"https:\/\/cklcomunicaciones.es\/coop\/noticias-info-ckl-no-2-296-05-03-19\/"},"wordCount":1171,"image":{"@id":"https:\/\/cklcomunicaciones.es\/coop\/noticias-info-ckl-no-2-296-05-03-19\/#primaryimage"},"thumbnailUrl":"http:\/\/www.cklcomunicaciones.es\/wp-content\/uploads\/2018\/03\/CKL_comunicacion-con-perspetiva-de-genero-300x300.jpg","articleSection":["Newsletter","Nwl v2.0"],"inLanguage":"es"},{"@type":"WebPage","@id":"https:\/\/cklcomunicaciones.es\/coop\/noticias-info-ckl-no-2-296-05-03-19\/","url":"https:\/\/cklcomunicaciones.es\/coop\/noticias-info-ckl-no-2-296-05-03-19\/","name":"Noticias Info CKL n\u00ba 2.296-05\/03\/19-Comunicar con perspectiva de g\u00e9nero","isPartOf":{"@id":"https:\/\/cklcomunicaciones.es\/coop\/#website"},"primaryImageOfPage":{"@id":"https:\/\/cklcomunicaciones.es\/coop\/noticias-info-ckl-no-2-296-05-03-19\/#primaryimage"},"image":{"@id":"https:\/\/cklcomunicaciones.es\/coop\/noticias-info-ckl-no-2-296-05-03-19\/#primaryimage"},"thumbnailUrl":"http:\/\/www.cklcomunicaciones.es\/wp-content\/uploads\/2018\/03\/CKL_comunicacion-con-perspetiva-de-genero-300x300.jpg","datePublished":"2019-03-05T13:44:21+00:00","dateModified":"2025-01-17T15:43:22+00:00","author":{"@id":"https:\/\/cklcomunicaciones.es\/coop\/#\/schema\/person\/929a6837f7626450bbb50cee1aef266e"},"description":"Comunicar con perspectiva de g\u00e9nero: \u00bfUna mujer en la Moncloa?-La brecha de g\u00e9nero en las pensiones no se eliminar\u00e1 hasta 2035-El % de empresas en el mundo con al menos una mujer en la alta direcci\u00f3n subi\u00f3 al 87%-Soledad Sevilla y Ana Barriga en el CAAC","breadcrumb":{"@id":"https:\/\/cklcomunicaciones.es\/coop\/noticias-info-ckl-no-2-296-05-03-19\/#breadcrumb"},"inLanguage":"es","potentialAction":[{"@type":"ReadAction","target":["https:\/\/cklcomunicaciones.es\/coop\/noticias-info-ckl-no-2-296-05-03-19\/"]}]},{"@type":"ImageObject","inLanguage":"es","@id":"https:\/\/cklcomunicaciones.es\/coop\/noticias-info-ckl-no-2-296-05-03-19\/#primaryimage","url":"http:\/\/www.cklcomunicaciones.es\/wp-content\/uploads\/2018\/03\/CKL_comunicacion-con-perspetiva-de-genero-300x300.jpg","contentUrl":"http:\/\/www.cklcomunicaciones.es\/wp-content\/uploads\/2018\/03\/CKL_comunicacion-con-perspetiva-de-genero-300x300.jpg"},{"@type":"BreadcrumbList","@id":"https:\/\/cklcomunicaciones.es\/coop\/noticias-info-ckl-no-2-296-05-03-19\/#breadcrumb","itemListElement":[{"@type":"ListItem","position":1,"name":"Portada","item":"https:\/\/cklcomunicaciones.es\/coop\/"},{"@type":"ListItem","position":2,"name":"Noticias Info CKL n\u00ba 2.296-05\/03\/19"}]},{"@type":"WebSite","@id":"https:\/\/cklcomunicaciones.es\/coop\/#website","url":"https:\/\/cklcomunicaciones.es\/coop\/","name":"CKL Comunicaciones","description":"Sitio web de CKL Comunicaciones coop , la consultora de comunicaci\u00f3n y estrategia","potentialAction":[{"@type":"SearchAction","target":{"@type":"EntryPoint","urlTemplate":"https:\/\/cklcomunicaciones.es\/coop\/?s={search_term_string}"},"query-input":{"@type":"PropertyValueSpecification","valueRequired":true,"valueName":"search_term_string"}}],"inLanguage":"es"},{"@type":"Person","@id":"https:\/\/cklcomunicaciones.es\/coop\/#\/schema\/person\/929a6837f7626450bbb50cee1aef266e","name":"ckl","image":{"@type":"ImageObject","inLanguage":"es","@id":"https:\/\/secure.gravatar.com\/avatar\/c82db564e8a669bf6023357a157b9dc4780f4d4c618f2ad1d71a6a5dede45057?s=96&d=mm&r=g","url":"https:\/\/secure.gravatar.com\/avatar\/c82db564e8a669bf6023357a157b9dc4780f4d4c618f2ad1d71a6a5dede45057?s=96&d=mm&r=g","contentUrl":"https:\/\/secure.gravatar.com\/avatar\/c82db564e8a669bf6023357a157b9dc4780f4d4c618f2ad1d71a6a5dede45057?s=96&d=mm&r=g","caption":"ckl"},"url":"https:\/\/cklcomunicaciones.es\/coop\/author\/cklcomunicaciones\/"}]}},"_links":{"self":[{"href":"https:\/\/cklcomunicaciones.es\/coop\/wp-json\/wp\/v2\/posts\/14480","targetHints":{"allow":["GET"]}}],"collection":[{"href":"https:\/\/cklcomunicaciones.es\/coop\/wp-json\/wp\/v2\/posts"}],"about":[{"href":"https:\/\/cklcomunicaciones.es\/coop\/wp-json\/wp\/v2\/types\/post"}],"author":[{"embeddable":true,"href":"https:\/\/cklcomunicaciones.es\/coop\/wp-json\/wp\/v2\/users\/3"}],"replies":[{"embeddable":true,"href":"https:\/\/cklcomunicaciones.es\/coop\/wp-json\/wp\/v2\/comments?post=14480"}],"version-history":[{"count":0,"href":"https:\/\/cklcomunicaciones.es\/coop\/wp-json\/wp\/v2\/posts\/14480\/revisions"}],"wp:attachment":[{"href":"https:\/\/cklcomunicaciones.es\/coop\/wp-json\/wp\/v2\/media?parent=14480"}],"wp:term":[{"taxonomy":"category","embeddable":true,"href":"https:\/\/cklcomunicaciones.es\/coop\/wp-json\/wp\/v2\/categories?post=14480"},{"taxonomy":"post_tag","embeddable":true,"href":"https:\/\/cklcomunicaciones.es\/coop\/wp-json\/wp\/v2\/tags?post=14480"}],"curies":[{"name":"wp","href":"https:\/\/api.w.org\/{rel}","templated":true}]}}