{"id":14478,"date":"2019-03-04T13:32:39","date_gmt":"2019-03-04T12:32:39","guid":{"rendered":"http:\/\/www.cklcomunicaciones.es\/?p=14478"},"modified":"2025-01-17T16:43:23","modified_gmt":"2025-01-17T15:43:23","slug":"noticias-info-ckl-no-2-295-04-03-19","status":"publish","type":"post","link":"https:\/\/cklcomunicaciones.es\/coop\/noticias-info-ckl-no-2-295-04-03-19\/","title":{"rendered":"Noticias Info CKL n\u00ba 2.295-04\/03\/19"},"content":{"rendered":"<div id=\"pl-14478\"  class=\"panel-layout\" >\n<div id=\"pg-14478-0\"  class=\"panel-grid panel-no-style\"  data-style=\"{&quot;background_image_attachment&quot;:false,&quot;background_display&quot;:&quot;tile&quot;,&quot;cell_alignment&quot;:&quot;flex-start&quot;}\" >\n<div id=\"pgc-14478-0-0\"  class=\"panel-grid-cell\"  data-weight=\"1\" >\n<div id=\"panel-14478-0-0-0\" class=\"so-panel widget widget_sow-editor panel-first-child panel-last-child\" data-index=\"0\" data-style=\"{&quot;background_image_attachment&quot;:false,&quot;background_display&quot;:&quot;tile&quot;}\" >\n<div class=\"so-widget-sow-editor so-widget-sow-editor-base\">\n<div class=\"siteorigin-widget-tinymce textwidget\">\n<p><img decoding=\"async\" class=\"lazyload  wp-image-13726\" src=\"http:\/\/www.cklcomunicaciones.es\/wp-content\/uploads\/2018\/03\/CKL_comunicacion-con-perspetiva-de-genero-300x300.jpg\" data-orig-src=\"http:\/\/www.cklcomunicaciones.es\/wp-content\/uploads\/2018\/03\/CKL_comunicacion-con-perspetiva-de-genero-300x300.jpg\" alt=\"CKL_comunicacion con perspetiva de genero\" width=\"132\" height=\"132\" srcset=\"data:image\/svg+xml,%3Csvg%20xmlns%3D%27http%3A%2F%2Fwww.w3.org%2F2000%2Fsvg%27%20width%3D%27132%27%20height%3D%27132%27%20viewBox%3D%270%200%20132%20132%27%3E%3Crect%20width%3D%27132%27%20height%3D%27132%27%20fill-opacity%3D%220%22%2F%3E%3C%2Fsvg%3E\" data-srcset=\"https:\/\/cklcomunicaciones.es\/coop\/wp-content\/uploads\/2018\/03\/CKL_comunicacion-con-perspetiva-de-genero-150x150.jpg 150w, https:\/\/cklcomunicaciones.es\/coop\/wp-content\/uploads\/2018\/03\/CKL_comunicacion-con-perspetiva-de-genero-300x300.jpg 300w, https:\/\/cklcomunicaciones.es\/coop\/wp-content\/uploads\/2018\/03\/CKL_comunicacion-con-perspetiva-de-genero-450x450.jpg 450w, https:\/\/cklcomunicaciones.es\/coop\/wp-content\/uploads\/2018\/03\/CKL_comunicacion-con-perspetiva-de-genero.jpg 500w\" data-sizes=\"auto\" data-orig-sizes=\"(max-width: 132px) 100vw, 132px\" \/><\/p>\n<p id=\":49h\" class=\"hP\" tabindex=\"-1\" data-thread-perm-id=\"thread-f:1620470658956742117\" data-legacy-thread-id=\"167d117a8c0f4de5\"><strong>#D\u00f3ndeEst\u00e1nEllas, iniciativa europea que pelea por visibilizar el talento femenino-Los n\u00fameros de la desigualdad-Pilar Jurado Presidenta de la SGAE-#NosotrasJuntas-Ana Peleteiro, campeona de Europa Triple Salto<\/strong><\/p>\n<p>[toggle type=\u00bbfirst\u00bb title=\u00bbConvocatoria\u00bb]<\/p>\n<ul>\n<li><a href=\"http:\/\/www.juntadeandalucia.es\/iam\/catalogo\/doc\/convocatorias\/2019-genero\/MA-encuentro-con-autora-maria-brisa.jpg\">Encuentro con Mar\u00eda Brisa, autora de &#8216;Cu\u00eddate de m\u00ed&#8217;<\/a>. M\u00e1laga, Red de Bibliotecas P\u00fablicas Municipales del Ayuntamiento de M\u00e1laga. 5 de marzo de 2019<\/li>\n<li><a href=\"http:\/\/www.juntadeandalucia.es\/iam\/catalogo\/doc\/convocatorias\/2019-genero\/SE-envejecer-como-mujer.pdf\">Jornada &#8216;Envejecer como Mujer&#8217;<\/a>. Domus Vi y Viegenials. 7 de marzo de 2019<\/li>\n<li>Mesa redonda \u201cEconom\u00eda para las personas\u201d organizada por Economistas frente a la Crisis. Sevilla, 11 de marzo en el Palacio de Los Marqueses de La Algaba a partir de las 19h. M\u00e1s informaci\u00f3n: <a href=\"http:\/\/www.cklcomunicaciones.es\/economistas-frente-a-la-crisis\/\">http:\/\/www.cklcomunicaciones.es\/economistas-frente-a-la-crisis\/<\/a><\/li>\n<\/ul>\n<p>[\/toggle]<\/p>\n<p>[toggle type=\u00bbfirst\u00bb title=\u00bbComunicaci\u00f3n\u00bb]<\/p>\n<p><a href=\"https:\/\/www.elmundo.es\/television\/2019\/02\/28\/5c782512fdddffd75e8b4658.html\">Rosa Mar\u00eda Mateo asegura que renunciar\u00e1 a su cargo en TVE cuando haya nuevo Gobierno<\/a> \u2013 El Mundo<\/p>\n<p><a href=\"https:\/\/www.mundoplus.tv\/noticias\/?seccion=programacion&amp;id=16018112\">\u00abDocumentos TV\u00bb en la semana de la mujer: los estereotipos de &#8230;<\/a>&#8211; <a href=\"http:\/\/mundoplus.tv\">mundoplus.tv<\/a><\/p>\n<p><a href=\"https:\/\/www.google.com\/url?rct=j&amp;sa=t&amp;url=https:\/\/www.elespanol.com\/espana\/20190228\/tv3-toni-alba-polonia-insinuar-arrimadas-prostituta\/379713343_0.html&amp;ct=ga&amp;cd=CAEYASoSMzI5ODg2NDYxMTc2MjM5NjkwMhljMDM3MmViYzJmZWFkYTU5OmVzOmVzOkVT&amp;usg=AFQjCNHPuOh4bTX43tgXWVrP10NpvCaQUw\">TV3 aparta a Toni Alb\u00e0 de Pol\u00f2nia tras insinuar que Arrimadas es prostituta <\/a>-El Espa\u00f1ol<\/p>\n<p><a href=\"https:\/\/okdiario.com\/noticias\/aena-elimina-senores-pasajeros-megafonia-lanzar-mensajes-lenguaje-mas-inclusivo-3772654\">AENA elimina el \u201cse\u00f1ores pasajeros\u201d de su megafon\u00eda para lanzar &#8230;<\/a>&#8211; Okdiario<\/p>\n<p><a href=\"https:\/\/www.google.com\/url?sa=t&amp;rct=j&amp;q=&amp;esrc=s&amp;source=newssearch&amp;cd=2&amp;ved=0ahUKEwjZspTduujgAhXD8uAKHXhoDkQQqQIIKygAMAE&amp;url=https%3A%2F%2Fes.euronews.com%2F2019%2F03%2F01%2Fcobraron-menos-las-azafatas-del-mwc-que-median-menos-de-1-75&amp;usg=AOvVaw3KSA3EuSdU6rBmgiQ93E8a\">\u00bfCobraron menos las azafatas del MWC que med\u00edan por debajo del 1,75 &#8230;<\/a>&#8211; euronews<\/p>\n<p><a href=\"https:\/\/www.google.com\/url?rct=j&amp;sa=t&amp;url=https:\/\/www.elmundo.es\/comunidad-valenciana\/alicante\/2019\/03\/03\/5c7aa2e621efa01f738b4732.html&amp;ct=ga&amp;cd=CAEYACoUMTY0ODEwNjQxOTg4NTYzNTYyMzIyGWUxZTc3ZDE1NjA5OGE4ZTM6ZXM6ZXM6RVM&amp;usg=AFQjCNFxU_4c_yMkbs9qkXdnuhkfaQsPkg\">La mujer tecnol\u00f3gica <\/a>&#8211; El Mundo<\/p>\n<p><a href=\"https:\/\/www.google.com\/url?rct=j&amp;sa=t&amp;url=http:\/\/www.mujeresenigualdad.com\/Como-aumentar-la-confianza-y-seguridad-de-las-mujeres-en-Internet-y-redes-sociales_es_1_3813.html&amp;ct=ga&amp;cd=CAEYBioUMTE2MzIxNTU3MTE4MTIyMDI0MjEyGWMwMzcyZWJjMmZlYWRhNTk6ZXM6ZXM6RVM&amp;usg=AFQjCNGFYad2PiCBzrjbWfo-ANl1UQHv8A\">C\u00f3mo aumentar la confianza y seguridad de las mujeres en Internet y redes sociales <\/a>&#8211; Mujeres en Igualdad<\/p>\n<p>[\/toggle]<\/p>\n<p>[toggle type=\u00bbfirst\u00bb title=\u00bbAndaluc\u00eda\u00bb]<\/p>\n<p><strong>Institucional<\/strong><\/p>\n<p><a href=\"http:\/\/www.juntadeandalucia.es\/presidencia\/portavoz\/140465\/PlandeConciliaciondeAndalucia\/ConsejeriadeIgualdadPoliticasSocialesyConciliacion\/JuntadeAndalucia\">La Junta pone en marcha la formulaci\u00f3n del I Plan de Conciliaci\u00f3n de Andaluc\u00eda<\/a> \u2013 Oficina del Portavoz<strong>\u00a0<\/strong><\/p>\n<p><strong>Econom\u00eda y Empresas<\/strong><\/p>\n<p><a href=\"https:\/\/www.google.com\/url?rct=j&amp;sa=t&amp;url=https:\/\/www.20minutos.es\/noticia\/3575032\/0\/cordoba-acogera-su-primer-django-girls-evento-para-acercar-programacion-web-mujeres\/&amp;ct=ga&amp;cd=CAEYKSoUMTgzMTkyMjE1NDI0Njc2MzM4NjAyGWMwMzcyZWJjMmZlYWRhNTk6ZXM6ZXM6RVM&amp;usg=AFQjCNFltqsZTHW3oPKWZfCPuFZLnK3Tdw\">C\u00f3rdoba acoger\u00e1 su primer &#8216;Django Girls&#8217;, evento para acercar la programaci\u00f3n web a las mujeres <\/a>&#8211; <a href=\"http:\/\/20minutos.es\">20minutos.es<\/a><\/p>\n<p><a href=\"https:\/\/www.google.com\/url?rct=j&amp;sa=t&amp;url=https:\/\/www.diariodesevilla.es\/sevilla\/Dia-Internacional-Mujer-brecha-genero-Sevilla_0_1332467268.html&amp;ct=ga&amp;cd=CAEYACoTNTIxMzgwNzQ2MDgzODU1MjE5NzIZYzAzNzJlYmMyZmVhZGE1OTplczplczpFUw&amp;usg=AFQjCNGZy2oj1BqsJisdjRNP45LqCa7Wlg\">Una brecha cincelada por los roles <\/a>&#8211; Diario de Sevilla<\/p>\n<p><a href=\"https:\/\/www.mujeremprendedora.net\/andalucia-crea-cinco-nuevas-empresas-por-cada-una-que-cierra\/\">Andaluc\u00eda crea cinco nuevas empresas por cada una que cierra<\/a> \u2013 Mujeremprendedora.net<\/p>\n<p><a href=\"https:\/\/www.mujeremprendedora.net\/bootcamps-andaluciasmart2020-iniciativa-andaluza-destinada-diseno-planificacion-proceso-transformacion-inteligente\/\">\u2018Bootcamps Andaluc\u00edaSmart2020\u2019, iniciativa andaluza destinada al dise\u00f1o y planificaci\u00f3n del proceso de transformaci\u00f3n inteligente<\/a>\u2013 Mujeremprendedora.net<\/p>\n<p><strong>Actualidad<\/strong><\/p>\n<p><a href=\"https:\/\/www.google.com\/url?rct=j&amp;sa=t&amp;url=https:\/\/www.diariocordoba.com\/noticias\/cordobalocal\/me-gustaria-saber-titulo-tiene-exjuez-serrano-materia-genero_1286053.html&amp;ct=ga&amp;cd=CAEYASoTNDE3MTEwMTUyNzMzNzk0NzQzNDIZZTJkZWZhN2Q1ZGE5MTU3ZDplczplczpFUw&amp;usg=AFQjCNELNJZb1-ekTNLfKOVi3rcZLZe7KA\">Maribel Monta\u00f1o, responsable de la Unidad de Violencia de G\u00e9nero en Andaluc\u00eda: \u201cMe gustar\u00eda saber qu\u00e9 t\u00edtulo tiene el exjuez Serrano en materia de g\u00e9nero\u00bb- <\/a>Diario C\u00f3rdoba<\/p>\n<p><a href=\"https:\/\/www.google.com\/url?rct=j&amp;sa=t&amp;url=http:\/\/www.diariojaen.es\/provincia\/un-8m-mas-reivindicativo-para-no-permitir-ni-un-paso-atras-BF5236113&amp;ct=ga&amp;cd=CAEYCyoUMTgzMTkyMjE1NDI0Njc2MzM4NjAyGWMwMzcyZWJjMmZlYWRhNTk6ZXM6ZXM6RVM&amp;usg=AFQjCNF_Ajows45lUSu4UWTS8OiZdvuaTQ\">Un 8M m\u00e1s reivindicativo para no permitir \u201cni un paso atr\u00e1s\u201d <\/a>&#8211; Diario Ja\u00e9n<\/p>\n<p><a href=\"https:\/\/www.google.com\/url?rct=j&amp;sa=t&amp;url=https:\/\/www.europapress.es\/andalucia\/sevilla-00357\/noticia-upo-sevilla-organiza-diversas-actividades-marzo-celebrar-dia-internacional-mujeres-20190301162939.html&amp;ct=ga&amp;cd=CAEYAioUMTUwMjM5MDI0MjAyMTc0NDkxMzEyGWMwMzcyZWJjMmZlYWRhNTk6ZXM6ZXM6RVM&amp;usg=AFQjCNGYPiBKi-vpEvXeUsPF-TlfSkzOtQ\">La UPO organiza diversas actividades durante marzo para celebrar el D\u00eda Internacional &#8230; <\/a>&#8211; Europa Press<\/p>\n<p><a href=\"https:\/\/www.google.com\/url?rct=j&amp;sa=t&amp;url=https:\/\/www.diariosur.es\/malaga-capital\/estudio-sobre-dictadura-20190302000359-ntvo.html&amp;ct=ga&amp;cd=CAEYAyoTOTEwNDk0MDkwNjkyMjYyMDUwNjIZYzAzNzJlYmMyZmVhZGE1OTplczplczpFUw&amp;usg=AFQjCNF72JSrADjLdErYJKjCX9tAKRrBjA\">Un estudio sobre la dictadura argentina gana el premio Victoria Kent <\/a>&#8211; Sur Digital<\/p>\n<p><strong>Violencias<\/strong><\/p>\n<p><a href=\"https:\/\/www.google.com\/url?rct=j&amp;sa=t&amp;url=https:\/\/www.noticiasdealmeria.com\/reunion-de-todas-las-administraciones-implicadas-en-el-pacto-contra-la-violencia-de-genero&amp;ct=ga&amp;cd=CAEYCSoUMTEyNDA4MTI4MTU2MjY2NzA3NzkyGWMwMzcyZWJjMmZlYWRhNTk6ZXM6ZXM6RVM&amp;usg=AFQjCNEAsaset9y2ixDW3jph02-_b6dAhQ\">Reuni\u00f3n de todas las administraciones implicadas en el Pacto contra la violencia de g\u00e9nero <\/a>&#8211; Noticias de Almer\u00eda<\/p>\n<p><a href=\"https:\/\/www.google.com\/url?rct=j&amp;sa=t&amp;url=http:\/\/www.infocostatropical.com\/noticia.asp%3Fid_noticia%3D84764&amp;ct=ga&amp;cd=CAEYASoTNDA0OTkyMTU3MjI0MDAxODYzNTIZYzAzNzJlYmMyZmVhZGE1OTplczplczpFUw&amp;usg=AFQjCNFxeBlDFfUH82yiJLFRbJo-fOnR2A\">Motril acoge unas jornadas para sensibilizar sobre la trata de mujeres y menores con fines de &#8230; <\/a>&#8211; infocostatropical.com<strong>\u00a0<\/strong><\/p>\n<p><strong>Ciencia y Cultura<\/strong><\/p>\n<p><a href=\"http:\/\/www.juntadeandalucia.es\/presidencia\/portavoz\/140523\/patriciadepozo\/ortigadeoro\/carnaval\/algeciras\/BIC\/declaracion\/cadiz\/consejeriadeculturaypatrimoniohistorico\/juntadeandalucia\">Patricia del Pozo recibe la Ortiga de Oro en el Carnaval de Algeciras<\/a> \u2013 Oficina del Portavoz<\/p>\n<p><a href=\"https:\/\/www.google.com\/url?rct=j&amp;sa=t&amp;url=https:\/\/www.diariocordoba.com\/noticias\/cordobalocal\/exposicion-concierto-abren-festival-feminista-cordoba-enmujecer-fest_1285976.html&amp;ct=ga&amp;cd=CAEYACoSMTA1NjYzMjY5NjQ1MzE1NTY0MhllMmRlZmE3ZDVkYTkxNTdkOmVzOmVzOkVT&amp;usg=AFQjCNEv2dHbNCZ5vm9Wn10Di_I_g5pmIw\">Una exposici\u00f3n y un concierto abren el festival feminista de C\u00f3rdoba Enmujecer Fest <\/a>&#8211; Diario C\u00f3rdoba<\/p>\n<p><a href=\"https:\/\/www.google.com\/url?rct=j&amp;sa=t&amp;url=https:\/\/www.20minutos.es\/noticia\/3574518\/0\/antes-quema-insumisas-yo-mi-mujer-mi-mujer-muerta-se-suman-seccion-oficial-festival\/&amp;ct=ga&amp;cd=CAEYLCoUMTgzMTkyMjE1NDI0Njc2MzM4NjAyGWMwMzcyZWJjMmZlYWRhNTk6ZXM6ZXM6RVM&amp;usg=AFQjCNE_4GCqdY02vDuyHIuBhgFTo91D-g\">&#8216;Antes de la quema&#8217;, &#8216;Insumisas&#8217; y &#8216;Yo, mi mujer y mi mujer muerta&#8217; se suman a la Secci\u00f3n Oficial del Festival de Cine de M\u00e1laga &#8230; <\/a>&#8211; 20minutos.es<\/p>\n<p><a href=\"https:\/\/www.elmundo.es\/andalucia\/2019\/03\/01\/5c78f4ee21efa044198b4643.html\">\u00darsula L\u00f3pez, la hero\u00edna del BAF<\/a> \u2013 El Mundo<\/p>\n<p><a href=\"https:\/\/www.elmundo.es\/cultura\/laesferadepapel\/2019\/02\/28\/5c6c5ee1fc6c83016f8b459b.html\">Roc\u00edo M\u00e1rquez: \u00abNo vengo a hacer una autopsia al cante\u00bb<\/a>\u2013 El Mundo<\/p>\n<p><strong>Deporte<\/strong><\/p>\n<p><a href=\"https:\/\/www.diariodejerez.es\/deportes\/Recepcion-andaluzas-campeonas-Europa_0_1332166897.html\">Recepci\u00f3n a las andaluzas campeonas de Europa<\/a>&#8211; Diario de Jerez<\/p>\n<p><a href=\"https:\/\/www.practicodeporte.com\/andalucia-tiro-arco\/\">Vuelve el GP de Andaluc\u00eda femenino de tiro con arco<\/a>&#8211; Practico deporte<\/p>\n<p><a href=\"https:\/\/www.lavozdelsur.es\/el-equipo-femenino-del-club-chapin-jerez-logra-el-campeonato-de-andalucia-sub-16\/\">El equipo femenino del Club Chap\u00edn Jerez logra el campeonato de &#8230;<\/a>&#8211; La Voz del Sur<\/p>\n<p>[\/toggle]<\/p>\n<p>[toggle type=\u00bbfirst\u00bb title=\u00bbEstado\u00bb]<\/p>\n<p><strong>Institucional<\/strong><\/p>\n<p><a href=\"https:\/\/www.google.com\/url?rct=j&amp;sa=t&amp;url=https:\/\/cadenaser.com\/emisora\/2019\/03\/01\/ser_madrid_sur\/1551448137_665498.html&amp;ct=ga&amp;cd=CAEYAioTNTYyMTM3OTQzNDM0MjEyNzA4NDIZYzAzNzJlYmMyZmVhZGE1OTplczplczpFUw&amp;usg=AFQjCNFog5tKn51L-qIwSBD2SGrtruhjCg\">Silvia Baubent, directora del Instituto de la Mujer: \u201cEl Decreto aprobado por el Gobierno ser\u00e1 un referente en el \u00e1mbito laboral\u00bb <\/a>&#8211; Cadena SER<strong>\u00a0<\/strong><\/p>\n<p><strong>Institucional-CCAA<\/strong><\/p>\n<p><a href=\"https:\/\/www.google.com\/url?rct=j&amp;sa=t&amp;url=https:\/\/www.lavanguardia.com\/local\/canarias\/20190227\/46737691508\/las-palmas-actualiza-plan-igualdad-de-oportunidades-entre-mujeres-y-hombres.html&amp;ct=ga&amp;cd=CAEYAioTMTU0ODQ0MTkyNzMyOTg4ODUyMTIZZTFlNzdkMTU2MDk4YThlMzplczplczpFUw&amp;usg=AFQjCNEBmtI53U9q3RSA3_W9H5_qvy-KTw\">Las Palmas de Gran Canaria actualiza Plan Igualdad de Oportunidades entre Mujeres y Hombres <\/a>&#8211; La Vanguardia<\/p>\n<p><a href=\"https:\/\/www.google.com\/url?rct=j&amp;sa=t&amp;url=https:\/\/www.eldiario.es\/aragon\/sociedad\/mujeres-Gobierno-Aragon-igualdad-obligatorio_0_872463341.html&amp;ct=ga&amp;cd=CAEYAyoUMTgzMTkyMjE1NDI0Njc2MzM4NjAyGWMwMzcyZWJjMmZlYWRhNTk6ZXM6ZXM6RVM&amp;usg=AFQjCNFN6_5cZXJ61vMuVO-o_K_EOmbcGw\">Las mujeres ocupan un 27,7 % de altos cargos del Gobierno de Arag\u00f3n, que sigue sin un plan de &#8230;- <\/a><a href=\"http:\/\/eldiario.es\">eldiario.es<\/a><\/p>\n<p><a href=\"https:\/\/www.google.com\/url?rct=j&amp;sa=t&amp;url=https:\/\/www.regiondigital.com\/noticias\/extremadura\/307146-destacado-el-papel-de-las-asociaciones-de-mujeres-en-el-desarrollo-democratico.html&amp;ct=ga&amp;cd=CAEYDyoUMTgzMTkyMjE1NDI0Njc2MzM4NjAyGWMwMzcyZWJjMmZlYWRhNTk6ZXM6ZXM6RVM&amp;usg=AFQjCNGJwJO1fFOkauxq6DeihaiZIdDvvQ\">Destacado el papel de las asociaciones de mujeres en el desarrollo democr\u00e1tico de Extremadura &#8211; <\/a>Regi\u00f3n Digital<\/p>\n<p><a href=\"https:\/\/www.google.com\/url?rct=j&amp;sa=t&amp;url=https:\/\/www.elperiodicodearagon.com\/noticias\/aragon\/convenio-orientacion-asesoria-laboral-mujeres_1345797.html&amp;ct=ga&amp;cd=CAEYISoUMTgzMTkyMjE1NDI0Njc2MzM4NjAyGWMwMzcyZWJjMmZlYWRhNTk6ZXM6ZXM6RVM&amp;usg=AFQjCNFvsGPH2xF1sz2qoEBQa3_F2-puDg\">Convenio para la orientaci\u00f3n y asesor\u00eda laboral a las mujeres <\/a>&#8211; El Peri\u00f3dico de Arag\u00f3n<\/p>\n<p><a href=\"https:\/\/www.google.com\/url?rct=j&amp;sa=t&amp;url=https:\/\/navarra.elespanol.com\/articulo\/tribunales\/comision-violencia-genero-coordinar-respuesta-instituciones-navarra\/20190227173639249276.html&amp;ct=ga&amp;cd=CAEYBCoSMjY5Nzc5NjQ0MTQwMDA5NjA3MhljMDM3MmViYzJmZWFkYTU5OmVzOmVzOkVT&amp;usg=AFQjCNGdXGq0S6DEi84dsNRGx4-bQXMRkw\">Se crea en Navarra una comisi\u00f3n para coordinar a las instituciones ante casos de violencia de &#8230; <\/a>-Navarra.com<\/p>\n<p><a href=\"https:\/\/www.google.com\/url?rct=j&amp;sa=t&amp;url=https:\/\/arainfo.org\/mujeres-pioneras-en-el-estado-espanol-daran-nombre-a-cuatro-calles-de-zaragoza\/&amp;ct=ga&amp;cd=CAEYAioTMzA4MjQ3NjE2NDA5NDczNDczMDIZYzAzNzJlYmMyZmVhZGE1OTplczplczpFUw&amp;usg=AFQjCNEHINKs8Xm92CmKFJZ53RLAiv0xPQ\">Mujeres pioneras en el Estado espa\u00f1ol dar\u00e1n nombre a cuatro calles de Zaragoza<\/a> -AraInfo<\/p>\n<p><a href=\"https:\/\/www.elmundo.es\/pais-vasco\/2019\/03\/04\/5c7cfb38fdddff28168b4579.html\">Bilbao homenajear\u00e1 a las mujeres con una marea morada sobre la r\u00eda<\/a> \u2013 El Mundo<\/p>\n<p><a href=\"https:\/\/www.mujeremprendedora.net\/record-participacion-femenina-5o-aniversario-hp-codewars\/\">R\u00e9cord de participaci\u00f3n femenina en el 5\u00ba aniversario de HP CodeWars<\/a> \u2013 Mujeremprendedora.net<strong>\u00a0<\/strong><\/p>\n<p><strong>Ec<\/strong><strong>onom\u00eda y Empresa<\/strong><\/p>\n<p><a href=\"https:\/\/www.mujeremprendedora.net\/investigadora-lidia-arroyo-destaca-inclusion-digital-empodera-mujeres-no-mejora-posicion-laboral\/\">La investigadora Lidia Arroyo destaca que la inclusi\u00f3n digital empodera a las mujeres, pero no mejora su posici\u00f3n laboral<\/a> \u2013 Mujeremprendedora.net<\/p>\n<p><a href=\"https:\/\/www.google.com\/url?rct=j&amp;sa=t&amp;url=https:\/\/www.efeempresas.com\/noticia\/presencia-mujeres-administracion-cotizadas-aumenta\/&amp;ct=ga&amp;cd=CAEYASoTMjYyMzU3OTMzNTc0MjMwMjY5MTIZYzAzNzJlYmMyZmVhZGE1OTplczplczpFUw&amp;usg=AFQjCNFiOrrSS5tsghYmP6MYmCTlUzRZGQ\">La presencia de mujeres en la administraci\u00f3n de las cotizadas aumenta el 20% <\/a>&#8211; EFE Empresas<\/p>\n<p><a href=\"https:\/\/www.google.com\/url?rct=j&amp;sa=t&amp;url=https:\/\/www.eleconomista.es\/economia\/noticias\/9733682\/03\/19\/El-90-de-las-mujeres-creen-que-su-empresa-no-le-permite-conciliar-segun-santalucia.html&amp;ct=ga&amp;cd=CAEYACoTMTM3NjMyOTY2MjEwODIwNjMwOTIZYzAzNzJlYmMyZmVhZGE1OTplczplczpFUw&amp;usg=AFQjCNG7TTyiYT69wSVQqk7GjSr-GGlTZA\">El 90% de las mujeres creen que su empresa no le permite conciliar, seg\u00fan Santaluc\u00eda <\/a>&#8211; elEconomista.es<\/p>\n<p><a href=\"https:\/\/www.google.com\/url?rct=j&amp;sa=t&amp;url=https:\/\/www.elmundo.es\/economia\/macroeconomia\/2019\/03\/03\/5c79942321efa050768b4681.html&amp;ct=ga&amp;cd=CAEYASoUMTc3OTYwNzg1NDg0Mjk0Mjg0NTIyGWMwMzcyZWJjMmZlYWRhNTk6ZXM6ZXM6RVM&amp;usg=AFQjCNHLu7D8QPtVIOcttH76O47-pzW0lA\">Directivas que crean la igualdad desde la cima: \u00abLa revoluci\u00f3n de la econom\u00eda son las mujeres\u00bb <\/a>&#8211; El Mundo<\/p>\n<p><a href=\"https:\/\/www.google.com\/url?rct=j&amp;sa=t&amp;url=https:\/\/okdiario.com\/economia\/dia-mujer-2019-sectores-mayor-brecha-salarial-3772445&amp;ct=ga&amp;cd=CAEYAioUMTAyNjk3MzY4MzkwNTM0MDE2NjQyGWMwMzcyZWJjMmZlYWRhNTk6ZXM6ZXM6RVM&amp;usg=AFQjCNHz59oDZL0t07FEbo9rQmQkxFzySQ\">D\u00eda de la mujer 2019: los sectores con mayor brecha salarial <\/a>&#8211; OKDIARIO<\/p>\n<p><a href=\"https:\/\/www.mujeremprendedora.net\/alianza-santander-disney-favor-igualdad-genero\/\">Alianza de Santander y Disney en favor de la igualdad de g\u00e9nero<\/a> &#8211; \u2013 Mujeremprendedora.net<\/p>\n<p><strong>Actualidad<\/strong><\/p>\n<p><a href=\"https:\/\/www.google.com\/url?rct=j&amp;sa=t&amp;url=http:\/\/ecodiario.eleconomista.es\/sociedad\/noticias\/9735847\/03\/19\/Los-numeros-de-la-desigualdad.html&amp;ct=ga&amp;cd=CAEYAyoTMzA4MjQ3NjE2NDA5NDczNDczMDIZYzAzNzJlYmMyZmVhZGE1OTplczplczpFUw&amp;usg=AFQjCNFtvkYUHECPny3v2cEAoONXH-KFNg\">Los n\u00fameros de la desigualdad <\/a>&#8211; Ecodiario<\/p>\n<p><a href=\"https:\/\/www.google.com\/url?rct=j&amp;sa=t&amp;url=https:\/\/www.abc.es\/opinion\/abci-instrumentalizacion-mujer-201903040018_noticia.html&amp;ct=ga&amp;cd=CAEYACoTNjE4NzQzNjk0MTcwNTEyMjg5MzIZZTJkZWZhN2Q1ZGE5MTU3ZDplczplczpFUw&amp;usg=AFQjCNH8xzYnU8r5q17_dfFSUMzaOlTPsA\">La instrumentalizaci\u00f3n de la mujer <\/a>&#8211; Abc.es<\/p>\n<p><a href=\"https:\/\/www.google.com\/url?rct=j&amp;sa=t&amp;url=https:\/\/www.farodevigo.es\/portada-arousa\/2019\/02\/27\/exposicion-barbies-pro-igualdad\/2059139.html&amp;ct=ga&amp;cd=CAEYACoTNzg5NzcxMzA4NzEzMjUwMzU3MjIZMWRjNWJlY2M3MDZlY2Y4YjplczplczpFUw&amp;usg=AFQjCNHo8X9nf-cv0Lxid9DvaFDvRFZI3g\">Una exposici\u00f3n de Barbies en pro de la igualdad <\/a>&#8211; Faro de Vigo<\/p>\n<p><a href=\"https:\/\/www.google.com\/url?rct=j&amp;sa=t&amp;url=https:\/\/www.huffingtonpost.es\/2019\/03\/01\/tiempodemujeres-el-gobierno-calienta-motores-para-el-8-m_a_23681454\/&amp;ct=ga&amp;cd=CAEYCCoUMTA0OTI3MzY2MDc4NzA5MDg0ODgyGWMwMzcyZWJjMmZlYWRhNTk6ZXM6ZXM6RVM&amp;usg=AFQjCNHYYBYVlALrj1fsKYJVwCnMyTDa_A\">#TiempodeMujeres, el gobierno calienta motores para el 8-M <\/a>&#8211; El HuffPost<\/p>\n<p><a href=\"https:\/\/www.google.com\/url?rct=j&amp;sa=t&amp;url=https:\/\/www.lasexta.com\/noticias\/sociedad\/nosotrasjuntas-gran-mural-gran-via-que-homenajea-cuatro-activistas-feministas_201903025c7a75110cf28ce747828834.html&amp;ct=ga&amp;cd=CAEYASoTMjQwMzI1NjY0MDI4MjUzNjc4NzIZYzAzNzJlYmMyZmVhZGE1OTplczplczpFUw&amp;usg=AFQjCNFWm04KDH5WczhoXVR4fQFszlyIPA\">#NosotrasJuntas, el gran mural en Gran V\u00eda que homenajea a cuatro activistas feministas por el 8M <\/a>&#8211; LaSexta<\/p>\n<p><a href=\"https:\/\/www.google.com\/url?rct=j&amp;sa=t&amp;url=https:\/\/elpais.com\/sociedad\/2019\/03\/01\/actualidad\/1551463723_229270.html&amp;ct=ga&amp;cd=CAEYASoUMTc2OTg5MDA2NDgxNzY4NzUyMjMyGWMwMzcyZWJjMmZlYWRhNTk6ZXM6ZXM6RVM&amp;usg=AFQjCNHJRRagmxX83kqR2q-EQXrtvpz-4A\">Cr\u00edticas a unos permisos de paternidad m\u00e1s largos que en Suecia o Islandia <\/a>\u2013 El Pa\u00eds<\/p>\n<p><a href=\"https:\/\/www.google.com\/url?rct=j&amp;sa=t&amp;url=https:\/\/es.investing.com\/news\/economic-indicators\/maria-pazos-matematica-la-division-sexual-del-trabajo-es-ineficiente-742681&amp;ct=ga&amp;cd=CAEYBCoRMzc3NDA1MTk0NTc5MDM1NTYyGWMwMzcyZWJjMmZlYWRhNTk6ZXM6ZXM6RVM&amp;usg=AFQjCNGBMoQFLqbuEx994eUwTBdfehsUtQ\">Mar\u00eda Pazos (matem\u00e1tica): \u00abLa divisi\u00f3n sexual del trabajo es ineficiente\u00bb <\/a>&#8211; Investing.com<\/p>\n<p><a href=\"https:\/\/www.google.com\/url?rct=j&amp;sa=t&amp;url=https:\/\/www.cuartopoder.es\/feminismo\/2019\/03\/03\/guia-sobre-huelga-del-8m-en-el-trabajo-la-educacion-los-cuidados-y-el-consumo\/&amp;ct=ga&amp;cd=CAEYASoUMTAyNjk3MzY4MzkwNTM0MDE2NjQyGWMwMzcyZWJjMmZlYWRhNTk6ZXM6ZXM6RVM&amp;usg=AFQjCNH9iKr-xXR3WJMpo2-MJw78_tBGOQ\">Gu\u00eda sobre huelga del 8M en el trabajo, la educaci\u00f3n, los cuidados y el consumo <\/a>&#8211; Cuarto Poder<\/p>\n<p><a href=\"https:\/\/elpais.com\/sociedad\/2019\/03\/03\/actualidad\/1551638433_568255.html\">El feminismo es cosa de j\u00f3venes (y de sus abuelas)<\/a>&#8211; El Pa\u00eds<\/p>\n<p><strong>Violencias<\/strong><\/p>\n<p><a href=\"https:\/\/www.google.com\/url?rct=j&amp;sa=t&amp;url=https:\/\/www.eldiario.es\/tribunaabierta\/Acabar-manadas-deuda-politica_6_872522749.html&amp;ct=ga&amp;cd=CAEYACoTMjc1ODc5NjIwMTQzMDg1NDkxNjIZZTJkZWZhN2Q1ZGE5MTU3ZDplczplczpFUw&amp;usg=AFQjCNFx6At9j05lfmRC-GHP-bsI5HPSVA\">Acabar con las manadas. Una deuda pol\u00edtica <\/a>&#8211; eldiario.es<\/p>\n<p><a href=\"https:\/\/www.google.com\/url?rct=j&amp;sa=t&amp;url=https:\/\/cadenaser.com\/emisora\/2019\/02\/27\/radio_alicante\/1551283795_999883.html&amp;ct=ga&amp;cd=CAEYEyoUMTgzMTkyMjE1NDI0Njc2MzM4NjAyGWMwMzcyZWJjMmZlYWRhNTk6ZXM6ZXM6RVM&amp;usg=AFQjCNE5F7jfxAO4AT2WlQzUqIsUm0o3tA\">Detenido un hombre por eyacular sobre una mujer en un autob\u00fas de Alicante<\/a> &#8211; Cadena SER<strong>\u00a0<\/strong><\/p>\n<p><strong>Ciencia y Cultura\u00a0\u00a0\u00a0\u00a0\u00a0\u00a0\u00a0\u00a0\u00a0\u00a0\u00a0\u00a0\u00a0\u00a0\u00a0\u00a0\u00a0\u00a0\u00a0\u00a0\u00a0\u00a0\u00a0\u00a0\u00a0\u00a0\u00a0\u00a0\u00a0\u00a0\u00a0\u00a0\u00a0\u00a0\u00a0\u00a0\u00a0\u00a0\u00a0\u00a0\u00a0\u00a0\u00a0\u00a0\u00a0\u00a0 <\/strong><\/p>\n<p><a href=\"https:\/\/www.google.com\/url?rct=j&amp;sa=t&amp;url=https:\/\/www.europapress.es\/comunitat-valenciana\/noticia-ellas-tienen-formula-ciutat-les-arts-homenajea-mujeres-influyeron-quimica-muestra-20190303120547.html&amp;ct=ga&amp;cd=CAEYAioUMTQ4OTMwNTY1NTAzNDk2OTI1MzgyGWMwMzcyZWJjMmZlYWRhNTk6ZXM6ZXM6RVM&amp;usg=AFQjCNGYgj5wPs6H4L85iV0VuSPCIjl0cg\">&#8216;Ellas tienen la f\u00f3rmula&#8217;: La Ciutat de les Arts homenajea a las mujeres que influyeron en la &#8230;<\/a> &#8211; Europa Press<\/p>\n<p><a href=\"https:\/\/www.google.com\/url?rct=j&amp;sa=t&amp;url=https:\/\/www.20minutos.es\/noticia\/3577265\/0\/clm-uah-punto-crear-catedra-isabel-munoz-caravaca-que-plasmara-aportacion-mujer-al-progreso-humano\/&amp;ct=ga&amp;cd=CAEYACoUMTA2NTQ4MTM4NjQ0NzU4MTc0OTUyGWMwMzcyZWJjMmZlYWRhNTk6ZXM6ZXM6RVM&amp;usg=AFQjCNFBdB7GnwvWo2XNUQ6WA3S8Hn5oAA\">CLM y UAH, a punto de crear la C\u00e1tedra &#8216;Isabel Mu\u00f1oz-Caravaca&#8217; que plasmar\u00e1 la aportaci\u00f3n de la mujer al progreso humano &#8230; <\/a>&#8211; 20minutos.es<\/p>\n<p><a href=\"https:\/\/elpais.com\/cultura\/2019\/03\/01\/actualidad\/1551463243_512208.html\">Pilar Jurado elegida Presidenta de la SGAE\u2026<\/a> \u2013 El Pa\u00eds<\/p>\n<p><a href=\"https:\/\/www.google.com\/url?rct=j&amp;sa=t&amp;url=https:\/\/www.docenotas.com\/145248\/ellas-crean-15-anos-cultura-hecha-mujeres\/&amp;ct=ga&amp;cd=CAEYBCoUMTgzMTkyMjE1NDI0Njc2MzM4NjAyGWMwMzcyZWJjMmZlYWRhNTk6ZXM6ZXM6RVM&amp;usg=AFQjCNHvvwFW67XpWvE6Ighhp7YGVGhfcw\">Ellas Crean, 15 a\u00f1os de cultura hecha por mujeres<\/a> &#8211; Doce Notas<\/p>\n<p><a href=\"https:\/\/www.google.com\/url?rct=j&amp;sa=t&amp;url=https:\/\/www.antena3.com\/noticias\/sociedad\/la-mirada-de-cuatro-mujeres-invade-la-gran-via-de-madrid-por-el-8m-video_201902285c7851010cf2948a08f07335.html&amp;ct=ga&amp;cd=CAEYAioSMzI5ODg2NDYxMTc2MjM5NjkwMhljMDM3MmViYzJmZWFkYTU5OmVzOmVzOkVT&amp;usg=AFQjCNGoZZjX-llZV7mIgy_6_9pKzIccNA\">La mirada de cuatro mujeres invade la Gran V\u00eda de Madrid en el 8M a golpe de arte urbano <\/a>&#8211; Antena 3 Noticias<\/p>\n<p><a href=\"https:\/\/www.google.com\/url?rct=j&amp;sa=t&amp;url=https:\/\/www.europapress.es\/castilla-lamancha\/noticia-rozalen-alba-molina-sole-gimenez-protagonistas-festival-fem19-toledo-20190301134008.html&amp;ct=ga&amp;cd=CAEYBCoTNzQ0NjI3Mjc0MzE5NzExNzQzNDIZYzAzNzJlYmMyZmVhZGE1OTplczplczpFUw&amp;usg=AFQjCNGAQDM-77IFrT0N_FXCjSNyul7Org\">Rozal\u00e9n, Alba Molina o Sole Gim\u00e9nez, entre las protagonistas del Festival FEM.19 en Toledo <\/a>&#8211; Europa Press<\/p>\n<p><a href=\"https:\/\/elpais.com\/cultura\/2019\/02\/26\/actualidad\/1551171907_654454.html\">Las brigadistas jud\u00edas en la Guerra Civil: rumbo a la tragedia europea<\/a>&#8211; El Pa\u00eds<\/p>\n<p><strong>Deporte\u00a0\u00a0<\/strong><\/p>\n<p><a href=\"https:\/\/www.elperiodico.com\/es\/deportes\/20190303\/peleteiro-atletismo-campeona-de-europa-triple-salto-7334681\">Ana Peleteiro, campeona de Europa de triple salto<\/a>&#8211; El Peri\u00f3dico<\/p>\n<p><a href=\"https:\/\/www.abc.es\/deportes\/baloncesto\/abci-perfumerias-avenida-reina-copa-201903031527_noticia.html\">El Perfumer\u00edas Avenida reina en la Copa<\/a> &#8211; Abc.es<\/p>\n<p>[\/toggle]<\/p>\n<p>[toggle type=\u00bbfirst\u00bb title=\u00bbInternacional\u00bb]<\/p>\n<p><a href=\"https:\/\/www.google.com\/url?rct=j&amp;sa=t&amp;url=https:\/\/www.filo.news\/genero\/1975-La-ONU-reconoce-el-8-de-Marzo-como-el-Dia-Internacional-de-la-Mujer-20190301-0041.html&amp;ct=ga&amp;cd=CAEYBSoUMTc3MDU4Njk5MzA2NzA5ODc2MDgyGWMwMzcyZWJjMmZlYWRhNTk6ZXM6ZXM6RVM&amp;usg=AFQjCNGoZ33PmMO0xDalTzxt6oOpnEZBHw\">En 1975, la ONU reconoce el 8 de Marzo como el D\u00eda Internacional de la Mujer: \u00bfqu\u00e9 hizo por el empoderamiento de la mujer? &#8230; <\/a>-Filo News<\/p>\n<p><a href=\"https:\/\/www.google.com\/url?rct=j&amp;sa=t&amp;url=https:\/\/www.huffingtonpost.es\/2019\/03\/01\/dondeestanellas-la-iniciativa-europea-que-pelea-por-visibilizar-el-talento-femenino_a_23681509\/&amp;ct=ga&amp;cd=CAEYCioUMTA0OTI3MzY2MDc4NzA5MDg0ODgyGWMwMzcyZWJjMmZlYWRhNTk6ZXM6ZXM6RVM&amp;usg=AFQjCNFjUDw-movrLMhWbCP9x33uoZGz6w\">#D\u00f3ndeEst\u00e1nEllas, la iniciativa europea que pelea por visibilizar el talento femenino <\/a>&#8211; El HuffPost<\/p>\n<p><a href=\"https:\/\/www.google.com\/url?rct=j&amp;sa=t&amp;url=https:\/\/www.eluniverso.com\/noticias\/2019\/03\/03\/nota\/7214000\/brecha-hombre-mujer-aun-es-evidente-circulos-poder-ecuador&amp;ct=ga&amp;cd=CAEYASoTNTIxMzgwNzQ2MDgzODU1MjE5NzIZYzAzNzJlYmMyZmVhZGE1OTplczplczpFUw&amp;usg=AFQjCNEpujVfD1x28xJE2o2M7UPm3YMHiw\">Brecha entre hombre y mujer a\u00fan es evidente en los c\u00edrculos de poder en Ecuador <\/a>&#8211; El Universo<\/p>\n<p><a href=\"https:\/\/www.google.com\/url?rct=j&amp;sa=t&amp;url=https:\/\/www.eldiario.es\/politica\/Lideres-iberoamericanos-analizaran-Bogota-proteger_0_872813365.html&amp;ct=ga&amp;cd=CAEYBSoUMTYwMTgxNDM0OTUwNTY1ODY4ODIyGWMwMzcyZWJjMmZlYWRhNTk6ZXM6ZXM6RVM&amp;usg=AFQjCNG4jHk4UmlW6umT3LHrU1tEH6CSaQ\">L\u00edderes iberoamericanos analizar\u00e1n en Bogot\u00e1 medidas para proteger a las mujeres <\/a>&#8211; eldiario.es<\/p>\n<p><a href=\"https:\/\/www.elmundo.es\/papel\/firmas\/2019\/03\/04\/5c7bb8a3fdddffb1448b4615.html\">La ira contra Marie Kondo de un pa\u00eds que no lee<\/a> \u2013 El Mundo<\/p>\n<p>[\/toggle]<\/p>\n<\/div>\n<\/div>\n<\/div>\n<\/div>\n<\/div>\n<\/div>\n","protected":false},"excerpt":{"rendered":"<p>#D\u00f3ndeEst\u00e1nEllas, iniciativa europea que pelea por visibilizar el talento femenino-Los <a href=\"https:\/\/cklcomunicaciones.es\/coop\/noticias-info-ckl-no-2-295-04-03-19\/\">[&#8230;]<\/a><\/p>\n","protected":false},"author":3,"featured_media":0,"comment_status":"closed","ping_status":"closed","sticky":false,"template":"","format":"standard","meta":{"footnotes":""},"categories":[298,623],"tags":[],"class_list":["post-14478","post","type-post","status-publish","format-standard","hentry","category-newsletter","category-nwl-2-0"],"yoast_head":"<!-- This site is optimized with the Yoast SEO plugin v27.5 - https:\/\/yoast.com\/product\/yoast-seo-wordpress\/ -->\n<title>Noticias Info CKL n\u00ba 2.295-04\/03\/19-Comunicar con perspectiva de g\u00e9nero<\/title>\n<meta name=\"description\" content=\"Comunicar con perspectiva de g\u00e9nero: #D\u00f3ndeEst\u00e1nEllas, iniciativa europea que pelea por visibilizar el talento femenino-Los n\u00fameros de la desigualdad-Pilar Jurado Presidenta de la SGAE-#NosotrasJuntas-Ana Peleteiro, campeona de Europa Triple Salto\" \/>\n<meta name=\"robots\" content=\"index, follow, max-snippet:-1, max-image-preview:large, max-video-preview:-1\" \/>\n<link rel=\"canonical\" href=\"https:\/\/cklcomunicaciones.es\/coop\/noticias-info-ckl-no-2-295-04-03-19\/\" \/>\n<meta property=\"og:locale\" content=\"es_ES\" \/>\n<meta property=\"og:type\" content=\"article\" \/>\n<meta property=\"og:title\" content=\"Noticias Info CKL n\u00ba 2.295-04\/03\/19-Comunicar con perspectiva de g\u00e9nero\" \/>\n<meta property=\"og:description\" content=\"Comunicar con perspectiva de g\u00e9nero: #D\u00f3ndeEst\u00e1nEllas, iniciativa europea que pelea por visibilizar el talento femenino-Los n\u00fameros de la desigualdad-Pilar Jurado Presidenta de la SGAE-#NosotrasJuntas-Ana Peleteiro, campeona de Europa Triple Salto\" \/>\n<meta property=\"og:url\" content=\"https:\/\/cklcomunicaciones.es\/coop\/noticias-info-ckl-no-2-295-04-03-19\/\" \/>\n<meta property=\"og:site_name\" content=\"CKL Comunicaciones\" \/>\n<meta property=\"article:published_time\" content=\"2019-03-04T12:32:39+00:00\" \/>\n<meta property=\"article:modified_time\" content=\"2025-01-17T15:43:23+00:00\" \/>\n<meta property=\"og:image\" content=\"https:\/\/cklcomunicaciones.es\/coop\/wp-content\/uploads\/2018\/03\/CKL_comunicacion-con-perspetiva-de-genero.jpg\" \/>\n\t<meta property=\"og:image:width\" content=\"500\" \/>\n\t<meta property=\"og:image:height\" content=\"500\" \/>\n\t<meta property=\"og:image:type\" content=\"image\/jpeg\" \/>\n<meta name=\"author\" content=\"ckl\" \/>\n<meta name=\"twitter:card\" content=\"summary_large_image\" \/>\n<meta name=\"twitter:label1\" content=\"Escrito por\" \/>\n\t<meta name=\"twitter:data1\" content=\"ckl\" \/>\n\t<meta name=\"twitter:label2\" content=\"Tiempo de lectura\" \/>\n\t<meta name=\"twitter:data2\" content=\"6 minutos\" \/>\n<script type=\"application\/ld+json\" class=\"yoast-schema-graph\">{\"@context\":\"https:\\\/\\\/schema.org\",\"@graph\":[{\"@type\":\"Article\",\"@id\":\"https:\\\/\\\/cklcomunicaciones.es\\\/coop\\\/noticias-info-ckl-no-2-295-04-03-19\\\/#article\",\"isPartOf\":{\"@id\":\"https:\\\/\\\/cklcomunicaciones.es\\\/coop\\\/noticias-info-ckl-no-2-295-04-03-19\\\/\"},\"author\":{\"name\":\"ckl\",\"@id\":\"https:\\\/\\\/cklcomunicaciones.es\\\/coop\\\/#\\\/schema\\\/person\\\/929a6837f7626450bbb50cee1aef266e\"},\"headline\":\"Noticias Info CKL n\u00ba 2.295-04\\\/03\\\/19\",\"datePublished\":\"2019-03-04T12:32:39+00:00\",\"dateModified\":\"2025-01-17T15:43:23+00:00\",\"mainEntityOfPage\":{\"@id\":\"https:\\\/\\\/cklcomunicaciones.es\\\/coop\\\/noticias-info-ckl-no-2-295-04-03-19\\\/\"},\"wordCount\":1277,\"image\":{\"@id\":\"https:\\\/\\\/cklcomunicaciones.es\\\/coop\\\/noticias-info-ckl-no-2-295-04-03-19\\\/#primaryimage\"},\"thumbnailUrl\":\"http:\\\/\\\/www.cklcomunicaciones.es\\\/wp-content\\\/uploads\\\/2018\\\/03\\\/CKL_comunicacion-con-perspetiva-de-genero-300x300.jpg\",\"articleSection\":[\"Newsletter\",\"Nwl v2.0\"],\"inLanguage\":\"es\"},{\"@type\":\"WebPage\",\"@id\":\"https:\\\/\\\/cklcomunicaciones.es\\\/coop\\\/noticias-info-ckl-no-2-295-04-03-19\\\/\",\"url\":\"https:\\\/\\\/cklcomunicaciones.es\\\/coop\\\/noticias-info-ckl-no-2-295-04-03-19\\\/\",\"name\":\"Noticias Info CKL n\u00ba 2.295-04\\\/03\\\/19-Comunicar con perspectiva de g\u00e9nero\",\"isPartOf\":{\"@id\":\"https:\\\/\\\/cklcomunicaciones.es\\\/coop\\\/#website\"},\"primaryImageOfPage\":{\"@id\":\"https:\\\/\\\/cklcomunicaciones.es\\\/coop\\\/noticias-info-ckl-no-2-295-04-03-19\\\/#primaryimage\"},\"image\":{\"@id\":\"https:\\\/\\\/cklcomunicaciones.es\\\/coop\\\/noticias-info-ckl-no-2-295-04-03-19\\\/#primaryimage\"},\"thumbnailUrl\":\"http:\\\/\\\/www.cklcomunicaciones.es\\\/wp-content\\\/uploads\\\/2018\\\/03\\\/CKL_comunicacion-con-perspetiva-de-genero-300x300.jpg\",\"datePublished\":\"2019-03-04T12:32:39+00:00\",\"dateModified\":\"2025-01-17T15:43:23+00:00\",\"author\":{\"@id\":\"https:\\\/\\\/cklcomunicaciones.es\\\/coop\\\/#\\\/schema\\\/person\\\/929a6837f7626450bbb50cee1aef266e\"},\"description\":\"Comunicar con perspectiva de g\u00e9nero: #D\u00f3ndeEst\u00e1nEllas, iniciativa europea que pelea por visibilizar el talento femenino-Los n\u00fameros de la desigualdad-Pilar Jurado Presidenta de la SGAE-#NosotrasJuntas-Ana Peleteiro, campeona de Europa Triple Salto\",\"breadcrumb\":{\"@id\":\"https:\\\/\\\/cklcomunicaciones.es\\\/coop\\\/noticias-info-ckl-no-2-295-04-03-19\\\/#breadcrumb\"},\"inLanguage\":\"es\",\"potentialAction\":[{\"@type\":\"ReadAction\",\"target\":[\"https:\\\/\\\/cklcomunicaciones.es\\\/coop\\\/noticias-info-ckl-no-2-295-04-03-19\\\/\"]}]},{\"@type\":\"ImageObject\",\"inLanguage\":\"es\",\"@id\":\"https:\\\/\\\/cklcomunicaciones.es\\\/coop\\\/noticias-info-ckl-no-2-295-04-03-19\\\/#primaryimage\",\"url\":\"http:\\\/\\\/www.cklcomunicaciones.es\\\/wp-content\\\/uploads\\\/2018\\\/03\\\/CKL_comunicacion-con-perspetiva-de-genero-300x300.jpg\",\"contentUrl\":\"http:\\\/\\\/www.cklcomunicaciones.es\\\/wp-content\\\/uploads\\\/2018\\\/03\\\/CKL_comunicacion-con-perspetiva-de-genero-300x300.jpg\"},{\"@type\":\"BreadcrumbList\",\"@id\":\"https:\\\/\\\/cklcomunicaciones.es\\\/coop\\\/noticias-info-ckl-no-2-295-04-03-19\\\/#breadcrumb\",\"itemListElement\":[{\"@type\":\"ListItem\",\"position\":1,\"name\":\"Portada\",\"item\":\"https:\\\/\\\/cklcomunicaciones.es\\\/coop\\\/\"},{\"@type\":\"ListItem\",\"position\":2,\"name\":\"Noticias Info CKL n\u00ba 2.295-04\\\/03\\\/19\"}]},{\"@type\":\"WebSite\",\"@id\":\"https:\\\/\\\/cklcomunicaciones.es\\\/coop\\\/#website\",\"url\":\"https:\\\/\\\/cklcomunicaciones.es\\\/coop\\\/\",\"name\":\"CKL Comunicaciones\",\"description\":\"Sitio web de CKL Comunicaciones coop , la consultora de comunicaci\u00f3n y estrategia\",\"potentialAction\":[{\"@type\":\"SearchAction\",\"target\":{\"@type\":\"EntryPoint\",\"urlTemplate\":\"https:\\\/\\\/cklcomunicaciones.es\\\/coop\\\/?s={search_term_string}\"},\"query-input\":{\"@type\":\"PropertyValueSpecification\",\"valueRequired\":true,\"valueName\":\"search_term_string\"}}],\"inLanguage\":\"es\"},{\"@type\":\"Person\",\"@id\":\"https:\\\/\\\/cklcomunicaciones.es\\\/coop\\\/#\\\/schema\\\/person\\\/929a6837f7626450bbb50cee1aef266e\",\"name\":\"ckl\",\"image\":{\"@type\":\"ImageObject\",\"inLanguage\":\"es\",\"@id\":\"https:\\\/\\\/secure.gravatar.com\\\/avatar\\\/c82db564e8a669bf6023357a157b9dc4780f4d4c618f2ad1d71a6a5dede45057?s=96&d=mm&r=g\",\"url\":\"https:\\\/\\\/secure.gravatar.com\\\/avatar\\\/c82db564e8a669bf6023357a157b9dc4780f4d4c618f2ad1d71a6a5dede45057?s=96&d=mm&r=g\",\"contentUrl\":\"https:\\\/\\\/secure.gravatar.com\\\/avatar\\\/c82db564e8a669bf6023357a157b9dc4780f4d4c618f2ad1d71a6a5dede45057?s=96&d=mm&r=g\",\"caption\":\"ckl\"},\"url\":\"https:\\\/\\\/cklcomunicaciones.es\\\/coop\\\/author\\\/cklcomunicaciones\\\/\"}]}<\/script>\n<!-- \/ Yoast SEO plugin. -->","yoast_head_json":{"title":"Noticias Info CKL n\u00ba 2.295-04\/03\/19-Comunicar con perspectiva de g\u00e9nero","description":"Comunicar con perspectiva de g\u00e9nero: #D\u00f3ndeEst\u00e1nEllas, iniciativa europea que pelea por visibilizar el talento femenino-Los n\u00fameros de la desigualdad-Pilar Jurado Presidenta de la SGAE-#NosotrasJuntas-Ana Peleteiro, campeona de Europa Triple Salto","robots":{"index":"index","follow":"follow","max-snippet":"max-snippet:-1","max-image-preview":"max-image-preview:large","max-video-preview":"max-video-preview:-1"},"canonical":"https:\/\/cklcomunicaciones.es\/coop\/noticias-info-ckl-no-2-295-04-03-19\/","og_locale":"es_ES","og_type":"article","og_title":"Noticias Info CKL n\u00ba 2.295-04\/03\/19-Comunicar con perspectiva de g\u00e9nero","og_description":"Comunicar con perspectiva de g\u00e9nero: #D\u00f3ndeEst\u00e1nEllas, iniciativa europea que pelea por visibilizar el talento femenino-Los n\u00fameros de la desigualdad-Pilar Jurado Presidenta de la SGAE-#NosotrasJuntas-Ana Peleteiro, campeona de Europa Triple Salto","og_url":"https:\/\/cklcomunicaciones.es\/coop\/noticias-info-ckl-no-2-295-04-03-19\/","og_site_name":"CKL Comunicaciones","article_published_time":"2019-03-04T12:32:39+00:00","article_modified_time":"2025-01-17T15:43:23+00:00","og_image":[{"width":500,"height":500,"url":"https:\/\/cklcomunicaciones.es\/coop\/wp-content\/uploads\/2018\/03\/CKL_comunicacion-con-perspetiva-de-genero.jpg","type":"image\/jpeg"}],"author":"ckl","twitter_card":"summary_large_image","twitter_misc":{"Escrito por":"ckl","Tiempo de lectura":"6 minutos"},"schema":{"@context":"https:\/\/schema.org","@graph":[{"@type":"Article","@id":"https:\/\/cklcomunicaciones.es\/coop\/noticias-info-ckl-no-2-295-04-03-19\/#article","isPartOf":{"@id":"https:\/\/cklcomunicaciones.es\/coop\/noticias-info-ckl-no-2-295-04-03-19\/"},"author":{"name":"ckl","@id":"https:\/\/cklcomunicaciones.es\/coop\/#\/schema\/person\/929a6837f7626450bbb50cee1aef266e"},"headline":"Noticias Info CKL n\u00ba 2.295-04\/03\/19","datePublished":"2019-03-04T12:32:39+00:00","dateModified":"2025-01-17T15:43:23+00:00","mainEntityOfPage":{"@id":"https:\/\/cklcomunicaciones.es\/coop\/noticias-info-ckl-no-2-295-04-03-19\/"},"wordCount":1277,"image":{"@id":"https:\/\/cklcomunicaciones.es\/coop\/noticias-info-ckl-no-2-295-04-03-19\/#primaryimage"},"thumbnailUrl":"http:\/\/www.cklcomunicaciones.es\/wp-content\/uploads\/2018\/03\/CKL_comunicacion-con-perspetiva-de-genero-300x300.jpg","articleSection":["Newsletter","Nwl v2.0"],"inLanguage":"es"},{"@type":"WebPage","@id":"https:\/\/cklcomunicaciones.es\/coop\/noticias-info-ckl-no-2-295-04-03-19\/","url":"https:\/\/cklcomunicaciones.es\/coop\/noticias-info-ckl-no-2-295-04-03-19\/","name":"Noticias Info CKL n\u00ba 2.295-04\/03\/19-Comunicar con perspectiva de g\u00e9nero","isPartOf":{"@id":"https:\/\/cklcomunicaciones.es\/coop\/#website"},"primaryImageOfPage":{"@id":"https:\/\/cklcomunicaciones.es\/coop\/noticias-info-ckl-no-2-295-04-03-19\/#primaryimage"},"image":{"@id":"https:\/\/cklcomunicaciones.es\/coop\/noticias-info-ckl-no-2-295-04-03-19\/#primaryimage"},"thumbnailUrl":"http:\/\/www.cklcomunicaciones.es\/wp-content\/uploads\/2018\/03\/CKL_comunicacion-con-perspetiva-de-genero-300x300.jpg","datePublished":"2019-03-04T12:32:39+00:00","dateModified":"2025-01-17T15:43:23+00:00","author":{"@id":"https:\/\/cklcomunicaciones.es\/coop\/#\/schema\/person\/929a6837f7626450bbb50cee1aef266e"},"description":"Comunicar con perspectiva de g\u00e9nero: #D\u00f3ndeEst\u00e1nEllas, iniciativa europea que pelea por visibilizar el talento femenino-Los n\u00fameros de la desigualdad-Pilar Jurado Presidenta de la SGAE-#NosotrasJuntas-Ana Peleteiro, campeona de Europa Triple Salto","breadcrumb":{"@id":"https:\/\/cklcomunicaciones.es\/coop\/noticias-info-ckl-no-2-295-04-03-19\/#breadcrumb"},"inLanguage":"es","potentialAction":[{"@type":"ReadAction","target":["https:\/\/cklcomunicaciones.es\/coop\/noticias-info-ckl-no-2-295-04-03-19\/"]}]},{"@type":"ImageObject","inLanguage":"es","@id":"https:\/\/cklcomunicaciones.es\/coop\/noticias-info-ckl-no-2-295-04-03-19\/#primaryimage","url":"http:\/\/www.cklcomunicaciones.es\/wp-content\/uploads\/2018\/03\/CKL_comunicacion-con-perspetiva-de-genero-300x300.jpg","contentUrl":"http:\/\/www.cklcomunicaciones.es\/wp-content\/uploads\/2018\/03\/CKL_comunicacion-con-perspetiva-de-genero-300x300.jpg"},{"@type":"BreadcrumbList","@id":"https:\/\/cklcomunicaciones.es\/coop\/noticias-info-ckl-no-2-295-04-03-19\/#breadcrumb","itemListElement":[{"@type":"ListItem","position":1,"name":"Portada","item":"https:\/\/cklcomunicaciones.es\/coop\/"},{"@type":"ListItem","position":2,"name":"Noticias Info CKL n\u00ba 2.295-04\/03\/19"}]},{"@type":"WebSite","@id":"https:\/\/cklcomunicaciones.es\/coop\/#website","url":"https:\/\/cklcomunicaciones.es\/coop\/","name":"CKL Comunicaciones","description":"Sitio web de CKL Comunicaciones coop , la consultora de comunicaci\u00f3n y estrategia","potentialAction":[{"@type":"SearchAction","target":{"@type":"EntryPoint","urlTemplate":"https:\/\/cklcomunicaciones.es\/coop\/?s={search_term_string}"},"query-input":{"@type":"PropertyValueSpecification","valueRequired":true,"valueName":"search_term_string"}}],"inLanguage":"es"},{"@type":"Person","@id":"https:\/\/cklcomunicaciones.es\/coop\/#\/schema\/person\/929a6837f7626450bbb50cee1aef266e","name":"ckl","image":{"@type":"ImageObject","inLanguage":"es","@id":"https:\/\/secure.gravatar.com\/avatar\/c82db564e8a669bf6023357a157b9dc4780f4d4c618f2ad1d71a6a5dede45057?s=96&d=mm&r=g","url":"https:\/\/secure.gravatar.com\/avatar\/c82db564e8a669bf6023357a157b9dc4780f4d4c618f2ad1d71a6a5dede45057?s=96&d=mm&r=g","contentUrl":"https:\/\/secure.gravatar.com\/avatar\/c82db564e8a669bf6023357a157b9dc4780f4d4c618f2ad1d71a6a5dede45057?s=96&d=mm&r=g","caption":"ckl"},"url":"https:\/\/cklcomunicaciones.es\/coop\/author\/cklcomunicaciones\/"}]}},"_links":{"self":[{"href":"https:\/\/cklcomunicaciones.es\/coop\/wp-json\/wp\/v2\/posts\/14478","targetHints":{"allow":["GET"]}}],"collection":[{"href":"https:\/\/cklcomunicaciones.es\/coop\/wp-json\/wp\/v2\/posts"}],"about":[{"href":"https:\/\/cklcomunicaciones.es\/coop\/wp-json\/wp\/v2\/types\/post"}],"author":[{"embeddable":true,"href":"https:\/\/cklcomunicaciones.es\/coop\/wp-json\/wp\/v2\/users\/3"}],"replies":[{"embeddable":true,"href":"https:\/\/cklcomunicaciones.es\/coop\/wp-json\/wp\/v2\/comments?post=14478"}],"version-history":[{"count":0,"href":"https:\/\/cklcomunicaciones.es\/coop\/wp-json\/wp\/v2\/posts\/14478\/revisions"}],"wp:attachment":[{"href":"https:\/\/cklcomunicaciones.es\/coop\/wp-json\/wp\/v2\/media?parent=14478"}],"wp:term":[{"taxonomy":"category","embeddable":true,"href":"https:\/\/cklcomunicaciones.es\/coop\/wp-json\/wp\/v2\/categories?post=14478"},{"taxonomy":"post_tag","embeddable":true,"href":"https:\/\/cklcomunicaciones.es\/coop\/wp-json\/wp\/v2\/tags?post=14478"}],"curies":[{"name":"wp","href":"https:\/\/api.w.org\/{rel}","templated":true}]}}