{"id":14463,"date":"2019-02-25T13:06:30","date_gmt":"2019-02-25T12:06:30","guid":{"rendered":"http:\/\/www.cklcomunicaciones.es\/?p=14463"},"modified":"2025-01-17T16:43:23","modified_gmt":"2025-01-17T15:43:23","slug":"noticias-info-ckl-no-2-292-25-02-19","status":"publish","type":"post","link":"https:\/\/cklcomunicaciones.es\/coop\/noticias-info-ckl-no-2-292-25-02-19\/","title":{"rendered":"Noticias Info CKL n\u00ba 2.292-25\/02\/19"},"content":{"rendered":"<div id=\"pl-14463\"  class=\"panel-layout\" >\n<div id=\"pg-14463-0\"  class=\"panel-grid panel-no-style\"  data-style=\"{&quot;background_image_attachment&quot;:false,&quot;background_display&quot;:&quot;tile&quot;,&quot;cell_alignment&quot;:&quot;flex-start&quot;}\" >\n<div id=\"pgc-14463-0-0\"  class=\"panel-grid-cell\"  data-weight=\"1\" >\n<div id=\"panel-14463-0-0-0\" class=\"so-panel widget widget_sow-editor panel-first-child panel-last-child\" data-index=\"0\" data-style=\"{&quot;background_image_attachment&quot;:false,&quot;background_display&quot;:&quot;tile&quot;}\" >\n<div class=\"so-widget-sow-editor so-widget-sow-editor-base\">\n<div class=\"siteorigin-widget-tinymce textwidget\">\n<p><img decoding=\"async\" class=\"lazyload  wp-image-13726\" src=\"http:\/\/www.cklcomunicaciones.es\/wp-content\/uploads\/2018\/03\/CKL_comunicacion-con-perspetiva-de-genero-300x300.jpg\" data-orig-src=\"http:\/\/www.cklcomunicaciones.es\/wp-content\/uploads\/2018\/03\/CKL_comunicacion-con-perspetiva-de-genero-300x300.jpg\" alt=\"CKL_comunicacion con perspetiva de genero\" width=\"132\" height=\"132\" srcset=\"data:image\/svg+xml,%3Csvg%20xmlns%3D%27http%3A%2F%2Fwww.w3.org%2F2000%2Fsvg%27%20width%3D%27132%27%20height%3D%27132%27%20viewBox%3D%270%200%20132%20132%27%3E%3Crect%20width%3D%27132%27%20height%3D%27132%27%20fill-opacity%3D%220%22%2F%3E%3C%2Fsvg%3E\" data-srcset=\"https:\/\/cklcomunicaciones.es\/coop\/wp-content\/uploads\/2018\/03\/CKL_comunicacion-con-perspetiva-de-genero-150x150.jpg 150w, https:\/\/cklcomunicaciones.es\/coop\/wp-content\/uploads\/2018\/03\/CKL_comunicacion-con-perspetiva-de-genero-300x300.jpg 300w, https:\/\/cklcomunicaciones.es\/coop\/wp-content\/uploads\/2018\/03\/CKL_comunicacion-con-perspetiva-de-genero-450x450.jpg 450w, https:\/\/cklcomunicaciones.es\/coop\/wp-content\/uploads\/2018\/03\/CKL_comunicacion-con-perspetiva-de-genero.jpg 500w\" data-sizes=\"auto\" data-orig-sizes=\"(max-width: 132px) 100vw, 132px\" \/><\/p>\n<p id=\":49h\" class=\"hP\" tabindex=\"-1\" data-thread-perm-id=\"thread-f:1620470658956742117\" data-legacy-thread-id=\"167d117a8c0f4de5\">Las mujeres son el 20% de los consejeros de la Bolsa-Carga Mental, el s\u00edndrome que afecta a un 71% de mujeres y 12% a hombres-Isabel Mu\u00f1oz, cazadora de cuerpos-El poder pol\u00edtico de la ira de las mujeres<\/p>\n<p tabindex=\"-1\" data-thread-perm-id=\"thread-f:1620470658956742117\" data-legacy-thread-id=\"167d117a8c0f4de5\">[toggle type=\u00bbfirst\u00bb title=\u00bbConvocatorias\u00bb]<\/p>\n<ul>\n<li>II Seminario de Lengua y Cultura andaluzas en la\u00a0Universit\u00e0 Ca\u2019 Foscari de Venecia. 25 de febrero de 2019.<a href=\"https:\/\/www.unive.it\/data\/agenda\/13\/26396\">https:\/\/www.unive.it\/data\/agenda\/13\/26396<\/a><\/li>\n<\/ul>\n<p tabindex=\"-1\" data-thread-perm-id=\"thread-f:1620470658956742117\" data-legacy-thread-id=\"167d117a8c0f4de5\">[\/toggle]<\/p>\n<p>[toggle type=\u00bbfirst\u00bb title=\u00bbComunicaci\u00f3n\u00bb]<\/p>\n<p><a href=\"https:\/\/www.mujerhoy.com\/celebrities\/corazon\/201902\/25\/mujeres-programa-television-tve-20190222125055.html\">TVE sin\u00a0mujeres<\/a>\u00a0-Mujerhoy.com<\/p>\n<p><a href=\"https:\/\/almeria360.com\/sociedad\/25022019_maria-jose-lopez-diaz-elegida-presidenta-del-colegio-de-periodistas-de-andalucia-en-almeria_179477.html\">Mar\u00eda Jos\u00e9 L\u00f3pez D\u00edaz, elegida presidenta del Colegio de Periodistas de Andaluc\u00eda en Almer\u00eda &#8230;<\/a>&#8211;\u00a0Almeria360 Noticias<\/p>\n<p><a href=\"https:\/\/www.publico.es\/culturas\/impresas-empoderamiento-reinsercion-responsable.html\">\u00abImpresas\u00bb: empoderamiento y reinserci\u00f3n responsable<\/a>\u00a0&#8211; P\u00fablico<\/p>\n<p><a href=\"https:\/\/www.google.com\/url?rct=j&amp;sa=t&amp;url=https:\/\/www.eldiario.es\/canariasahora\/tribunales\/Reyes_Martel-jueza-menores-delitos_tecnologicos-sexting-grroming-ciberbullying_0_871063351.html&amp;ct=ga&amp;cd=CAEYACoTMzEzODgzNDc0NjAxMjYxOTA4NjIZZTFlNzdkMTU2MDk4YThlMzplczplczpFUw&amp;usg=AFQjCNFF2Y2E-yd6REzuTp9Lst110FwI1Q\">Reyes Martel, jueza de menores: \u201cLos delitos\u00a0tecnol\u00f3gicos\u00a0son m\u00e1s nocivos y dejan una huella imborrable &#8230;<\/a>&#8211;\u00a0<a href=\"http:\/\/eldiario.es\/\">eldiario.es<\/a><a href=\"https:\/\/www.google.com\/url?rct=j&amp;sa=t&amp;url=http:\/\/www.infocostatropical.com\/noticia.asp%3Fid_noticia%3D84695&amp;ct=ga&amp;cd=CAEYACoUMTM4MDgwNDAxNTM4NDI5NjI4MTAyGWMwMzcyZWJjMmZlYWRhNTk6ZXM6ZXM6RVM&amp;usg=AFQjCNFvkZe0CFcp-GErtPXrpuwCtTDBjQ\"><br \/>\nMotril acoge el d\u00eda 27 de febrero un Taller sobre Comunicaci\u00f3n Igualitaria<\/a>&#8211;\u00a0<a href=\"http:\/\/infocostatropical.com\/\">infocostatropical.com<\/a><\/p>\n<p><a href=\"https:\/\/www.mujeremprendedora.net\/women-in-mobile-centra-quinto-aniversario-blockchain\/\">Women in Mobile centra su quinto aniversario en el Blockchain<\/a>\u00a0\u2013 Mujeremprendedora.net<\/p>\n<p><a href=\"https:\/\/www.lavozdeasturias.es\/noticia\/actualidad\/2019\/02\/23\/apuntaminombrevox-respuesta-redes-sociales-peticion-juez-serrano\/00031550921840807550959.htm\">\u00ab#ApuntaMiNombreVox\u00bb, la respuesta en las redes sociales a la petici\u00f3n \u00a0&#8230;<\/a>&#8211;\u00a0La Voz de Asturias<\/p>\n<p>[\/toggle]<\/p>\n<p>[toggle type=\u00bbfirst\u00bb title=\u00bbAndaluc\u00eda\u00bb]<\/p>\n<p><strong>Institucional<\/strong><\/p>\n<p><a href=\"https:\/\/www.eldiario.es\/andalucia\/presencia-femenina-elevado-respecto-legislatura_0_868613143.html\">La presencia de\u00a0mujeres\u00a0en altos cargos de la Junta de Andaluc\u00eda consigue sus registros m\u00e1s elevados &#8230;<\/a>&#8211;\u00a0eldiario.es<strong>\u00a0<\/strong><\/p>\n<p><strong>Econom\u00eda y Empresas<\/strong><\/p>\n<p><a href=\"https:\/\/www.google.com\/url?rct=j&amp;sa=t&amp;url=https:\/\/www.20minutos.es\/noticia\/3570755\/0\/uco-inaugura-univergem-programa-para-favorecer-insercion-laboral-emprendimiento-universitarias\/&amp;ct=ga&amp;cd=CAEYBSoTMTY2MDE2NDAwNzI4NjQ3NjY0MDIZYzAzNzJlYmMyZmVhZGE1OTplczplczpFUw&amp;usg=AFQjCNFG4Nagdsc37RXVBS_-idYrYG-44w\">La UCO inaugura &#8216;Univergem&#8217;, programa para favorecer la inserci\u00f3n laboral y emprendimiento de &#8230;<\/a>&#8211;\u00a0<a href=\"http:\/\/20minutos.es\/\">20minutos.es<\/a><\/p>\n<p><a href=\"https:\/\/cordobabuenasnoticias.com\/2019\/02\/23\/andalucia-estudia-incentivos-a-las-empresas-para-luchar-contra-la-brecha-salarial\/\">Andaluc\u00eda\u00a0estudia incentivos a las empresas para luchar contra la brecha salarial &#8230;<\/a>&#8211;\u00a0C\u00f3rdoba Buenas Noticias<\/p>\n<p><a href=\"https:\/\/www.google.com\/url?rct=j&amp;sa=t&amp;url=https:\/\/www.europapress.es\/andalucia\/malaga-00356\/noticia-centro-noria-impulsa-programa-contra-cambio-climatico-desempleo-traves-cursos-formacion-20190224104443.html&amp;ct=ga&amp;cd=CAEYACoUMTQ5NDU3ODA5ODczMjEyMzY2OTQyGWQ3OGU1ODc1YTBmMWYyYWM6ZXM6ZXM6RVM&amp;usg=AFQjCNFXrbZXsKskqVaLnbxP47duasDyhQ\">El centro La Noria impulsa un programa contra el cambio clim\u00e1tico y el desempleo a trav\u00e9s de\u00a0formaci\u00f3n\u00a0&#8230;<\/a>&#8211;\u00a0Europa Press<\/p>\n<p><a href=\"http:\/\/www.juntadeandalucia.es\/presidencia\/portavoz\/140322\/empleo\/planesdeempleo\/andalucia\/juntadeandalucia\/ayuntamientos\">Los \u00faltimos planes de empleo permiten contratar a 200 personas y tramitar m\u00e1s de 3.000 ofertas de trabajo<\/a>\u00a0\u2013 Oficina del Portavoz<\/p>\n<p><strong>Actualidad<\/strong><\/p>\n<p><a href=\"https:\/\/www.eldiario.es\/zonacritica\/boli-BIC-derechas-Ciudadanos-Vox_6_871122889.html\">El boli BIC y las derechas<\/a>&#8211;\u00a0eldiario.es<\/p>\n<p><a href=\"https:\/\/www.teleprensa.com\/sevilla\/redes-y-la-junta-impulsaran-la-transformacion-digital-de-los-servicios-sociales-en-andalucia-con-12-millones-de-euros.html.html\">Red.es y la Junta impulsar\u00e1n la transformaci\u00f3n digital de los servicios sociales en Andaluc\u00eda &#8230;<\/a>&#8211;\u00a0Teleprensa peri\u00f3dico digital<\/p>\n<p><a href=\"http:\/\/www.diariodehuelva.es\/2019\/02\/24\/la-onubense-isabel-brito-nueva-coportavoz-equo-andalucia\/\">La onubense Isabel Brito, nueva coportavoz de EQUO\u00a0Andaluc\u00eda<\/a>-diariodehuelva.es<\/p>\n<p><strong>Violencia<\/strong><\/p>\n<p><a href=\"https:\/\/www.google.com\/url?rct=j&amp;sa=t&amp;url=https:\/\/www.20minutos.es\/noticia\/3571423\/0\/casi-7-anos-medio-carcel-por-violar-maltratar-su-expareja-tras-romper-orden-alejamiento\/&amp;ct=ga&amp;cd=CAEYAioUMTc0MDI0OTE1MTY2NDkyNjY2MTYyGWMwMzcyZWJjMmZlYWRhNTk6ZXM6ZXM6RVM&amp;usg=AFQjCNHFo5LjDB--k92UKVaq3Ok7HhlwPw\">Casi 7 a\u00f1os y medio de c\u00e1rcel por violar y maltratar a su expareja tras romper orden de alejamiento<\/a>&#8211;\u00a020minutos.es<\/p>\n<p><a href=\"https:\/\/www.axarquiaplus.es\/malaga-cierra-2018-con-3-120-casos-activos-de-mujeres-victimas-de-violencia-de-genero-41-de-ellos-menores-de-edad\/\">M\u00e1laga cierra 2018 con 3.120 casos activos de mujeres v\u00edctimas de &#8230;<\/a>&#8211;\u00a0Axarqu\u00edaPlus<\/p>\n<p><a href=\"https:\/\/www.google.com\/url?rct=j&amp;sa=t&amp;url=https:\/\/www.lucenahoy.com\/articulo\/politica\/jornadas-cerrar-ojos-hace-complice-analizan-realidad-violencias-machistas\/20190223130617065203.html&amp;ct=ga&amp;cd=CAEYASoUMTY0MzEzMTE0ODAyODc0OTMzNTIyGWMwMzcyZWJjMmZlYWRhNTk6ZXM6ZXM6RVM&amp;usg=AFQjCNHW9I1q1dh8QhwWL8axI-bDPwOgbQ\">Las jornadas &#8216;Cerrar los ojos te hace c\u00f3mplice&#8217; analizan la realidad de las violencias machistas<\/a>&#8211;\u00a0Lucena Hoy<\/p>\n<p><strong>Ciencia y Cultura<\/strong><\/p>\n<p><a href=\"https:\/\/www.europapress.es\/andalucia\/sevilla-00357\/noticia-upo-sevilla-inicia-nueva-linea-investigacion-enfermedades-neurodegenerativas-financiada-nbia-hungria-20190225112851.html\">La UPO de Sevilla inicia una nueva l\u00ednea de investigaci\u00f3n de enfermedades neurodegenerativas &#8230;<\/a>&#8211;\u00a0Europa Press<\/p>\n<p><a href=\"https:\/\/www.eldiario.es\/filmand\/Solas-pelicula-cambio-historia-andaluz_6_870772927.html\">&#8216;Solas&#8217;: la pel\u00edcula que cambi\u00f3 la historia del cine\u00a0andaluz\u00a0cumple 20 &#8230;<\/a>&#8211;\u00a0eldiario.es<\/p>\n<p><a href=\"https:\/\/www.elmundo.es\/andalucia\/2019\/02\/19\/5c6c2df5fdddff71368b4624.html\">El Museo Picasso M\u00e1laga dedica su primera exposici\u00f3n del a\u00f1o a Olga, la esposa del pintor<\/a>\u00a0\u2013 El Mundo<\/p>\n<p><a href=\"https:\/\/www.cadenadial.com\/2019\/pastora-soler-una-profeta-inigualable-de-su-tierra-felicidades-149313.html\">Pastora Soler vive su mejor sue\u00f1o<\/a>&#8211;\u00a0Cadena Dial<\/p>\n<p><a href=\"https:\/\/sevilla.abc.es\/andalucia\/jaen\/sevi-muestra-cine-espanol-inedito-proyectara-jaen-22-peliculas-25-febrero-9-marzo-201902221812_noticia.html\">La muestra de cine espa\u00f1ol in\u00e9dito proyectar\u00e1 en Ja\u00e9n 22 pel\u00edculas &#8230;<\/a>&#8211;\u00a0abcdesevilla.es<\/p>\n<p><strong>Deporte<\/strong><\/p>\n<p><a href=\"https:\/\/las4esquinas.com\/mollina-seleccion-balonmano-femenino\/\">Mollina, con la Selecci\u00f3n Espa\u00f1ola de Balonmano\u00a0Femenino<\/a>\u00a0&#8211;\u00a0Las 4 Esquinas<\/p>\n<p><a href=\"https:\/\/www.diariodecadiz.es\/deportes\/Doblete-nadadora-gaditana-Sonia-Garcia-Andaluz-infantil_0_1331266996.html\">Doblete de oro de la gaditana Sonia Garc\u00eda<\/a>&#8211;\u00a0Diario de C\u00e1diz<\/p>\n<p>[\/toggle]<\/p>\n<p>[toggle type=\u00bbfirst\u00bb title=\u00bbEstado\u00bb]<\/p>\n<p><strong>Institucional-CCAA<\/strong><\/p>\n<p><a href=\"https:\/\/www.google.com\/url?rct=j&amp;sa=t&amp;url=https:\/\/www.europapress.es\/aragon\/noticia-aragon-avanza-investigacion-cancer-pancreas-gracias-carrera-mujer-monzon-20190222184550.html&amp;ct=ga&amp;cd=CAEYASoUMTQyMTgxMTAyMzM4NjE2NTY4NTMyGWMwMzcyZWJjMmZlYWRhNTk6ZXM6ZXM6RVM&amp;usg=AFQjCNEXpgf4aD7U3px3VYI-LGFTKKX5Mw\">Arag\u00f3n avanza en la investigaci\u00f3n sobre el c\u00e1ncer de p\u00e1ncreas gracias a la Carrera de la\u00a0Mujer\u00a0&#8230;<\/a>&#8211;\u00a0Europa Press<\/p>\n<p><a href=\"https:\/\/www.google.com\/url?rct=j&amp;sa=t&amp;url=https:\/\/www.regiondigital.com\/noticias\/portada\/306891-la-audiencia-de-caceres-pone-en-marcha-la-comision-provincial-de-violencia-de-genero.html&amp;ct=ga&amp;cd=CAEYAioUMTYwMTI1NzQwMjY4NTM1NTU1MjAyGWMwMzcyZWJjMmZlYWRhNTk6ZXM6ZXM6RVM&amp;usg=AFQjCNF-kCE2QYRAo_pzPYtK9hjH_TuWjQ\">La Audiencia de C\u00e1ceres pone en marcha la Comisi\u00f3n Provincial de Violencia de G\u00e9nero<\/a>&#8211;\u00a0Regi\u00f3n Digital<\/p>\n<p><a href=\"https:\/\/www.google.com\/url?rct=j&amp;sa=t&amp;url=https:\/\/www.cope.es\/emisoras\/asturias\/noticias\/las-trabajadoras-asturianas-las-mas-discriminadas-espana-20190222_359309&amp;ct=ga&amp;cd=CAEYAyoTODM5NTA2NTkzMDYzMTExOTczMzIZYzAzNzJlYmMyZmVhZGE1OTplczplczpFUw&amp;usg=AFQjCNFxwniY-rcle29HWKRFFIRu--6ShQ\">Las trabajadoras asturianas, las m\u00e1s discriminadas de Espa\u00f1a<\/a>&#8211;\u00a0COPE<\/p>\n<p><a href=\"https:\/\/www.google.com\/url?rct=j&amp;sa=t&amp;url=https:\/\/eldiadigital.es\/art\/286030\/el-gobierno-regional-reivindica-la-necesidad-de-reparar-la-injusticia-que-supone-invisibilizar-el-talento-femenino&amp;ct=ga&amp;cd=CAEYACoUMTA1MTc1MzUwMjQwNzc2NTI3OTYyGWMwMzcyZWJjMmZlYWRhNTk6ZXM6ZXM6RVM&amp;usg=AFQjCNFhCAxdLFmwIe7XUjNY2pGhBpL-hg\">El Gobierno regional reivindica la necesidad de reparar la injusticia que supone invisibilizar el\u00a0talento femenino\u00a0&#8230;<\/a>&#8211;\u00a0<a href=\"http:\/\/eldiadigital.es\/\">eldiadigital.es<\/a><\/p>\n<p><a href=\"https:\/\/www.publico.es\/sociedad\/brecha-genero-agentes-igualdad-apuesta-carmena-equiparacion-real-hombres-mujeres.html\">Agentes de Igualdad: la apuesta de Carmena por la equiparaci\u00f3n real entre hombres y mujeres<\/a>\u00a0\u2013 P\u00fablico<\/p>\n<p><a href=\"https:\/\/www.cope.es\/emisoras\/extremadura\/badajoz-provincia\/badajoz\/noticias\/cristina-herrera-nueva-presidenta-federacion-extremena-mujeres-rurales-20190225_360351\">Cristina Herrera, nueva presidenta de la Federaci\u00f3n Extreme\u00f1a de Mujeres Rurales&#8230;<\/a>&#8211;\u00a0COPE<\/p>\n<p><strong>Econom\u00eda y Empresa<\/strong><\/p>\n<p><a href=\"http:\/\/www.expansion.com\/empresas\/2019\/02\/24\/5c72954522601db85c8b460c.html\">Las\u00a0mujeres\u00a0son el 20% de los consejeros de la Bolsa<\/a>&#8211;\u00a0Expansi\u00f3n.com<\/p>\n<p><a href=\"https:\/\/valenciaplaza.com\/banco-santander-y-bankinter-unicas-entidades-con-una-cuota-superior-de-mujeres-del-30\">Banco Santander y Bankinter, \u00fanicas entidades con una cuota &#8230;<\/a>&#8211;\u00a0<a href=\"http:\/\/valenciaplaza.com\/\">valenciaplaza.com<\/a><\/p>\n<p><a href=\"https:\/\/elpais.com\/elpais\/2019\/02\/22\/gente\/1550836837_607552.html\">El embotellado \u00e9xito de Sol Daurella<\/a>\u00a0\u2013 El Pa\u00eds<strong>\u00a0<\/strong><a href=\"https:\/\/www.google.com\/url?rct=j&amp;sa=t&amp;url=https:\/\/www.mujerhoy.com\/vivir\/protagonistas\/201902\/23\/inteligencia-artificial-mujeres-tecnologia-rev-20190221180205.html&amp;ct=ga&amp;cd=CAEYASoUMTYwNzYxNzk3MTQxMTI4MzU5MTIyGWMwMzcyZWJjMmZlYWRhNTk6ZXM6ZXM6RVM&amp;usg=AFQjCNGnsjI8Yl21y8pyPUx0-bbFaM51wQ\"><br \/>\nInteligencia artificial: las\u00a0mujeres\u00a0detr\u00e1s de la cuarta revoluci\u00f3n industrial<\/a>&#8211;\u00a0Mujerhoy.com<\/p>\n<p><a href=\"https:\/\/www.publico.es\/sociedad\/limpiezas-colimsi-medio-siglo-cooperativismo-feminista.html\">Medio siglo de cooperativismo feminista<\/a>&#8211;\u00a0P\u00fablico<\/p>\n<p><a href=\"https:\/\/elpais.com\/economia\/2019\/02\/24\/actualidad\/1551041737_963985.html\">Cientos de espa\u00f1oles denuncian explotaci\u00f3n laboral en Holanda<\/a>\u00a0\u2013 El Pa\u00eds<\/p>\n<p><a href=\"https:\/\/elpais.com\/economia\/2019\/02\/23\/actualidad\/1550940064_334603.html\">Bruselas reprende a Espa\u00f1a por la elevada desigualdad y pobreza<\/a>&#8211; El Pa\u00eds<\/p>\n<p><a href=\"https:\/\/elpais.com\/economia\/2019\/02\/22\/actualidad\/1550856917_787751.html\">\u00bfPor qu\u00e9 las mujeres siguen conciliando m\u00e1s que los hombres?<\/a>\u00a0\u2013 El Pa\u00eds<\/p>\n<p><a href=\"https:\/\/www.mujeremprendedora.net\/ana-bujaldon-presidenta-de-fedepe-banca-tiene-papel-m-relevante-hora-promover-talento-mujeres\/\">Ana Bujald\u00f3n, Presidenta de FEDEPE: \u201cLa banca tiene un papel muy relevante a la hora de promover el talento de las mujeres\u201d<\/a>\u00a0\u2013 Mujeremprendedora.net<\/p>\n<p><a href=\"https:\/\/www.mujeremprendedora.net\/oit-propone-serie-medidas-abordar-brecha-salarial\/\">La OIT propone una serie de medidas para abordar la brecha salarial<\/a>\u2013 Mujeremprendedora.net<\/p>\n<p><strong>Actualidad<\/strong><\/p>\n<p><a href=\"https:\/\/www.europapress.es\/chance\/tendencias\/noticia-carga-mental-sindrome-afecta-71-mujeres-solo-12-hombres-20190224173156.html\">Carga Mental, el s\u00edndrome que afecta a un 71% de\u00a0mujeres\u00a0y solo al 12% de los hombres &#8230;<\/a>&#8211;\u00a0Europa Press<\/p>\n<p><a href=\"https:\/\/www.google.com\/url?rct=j&amp;sa=t&amp;url=https:\/\/www.lasexta.com\/noticias\/sociedad\/las-trabas-sexistas-en-los-videojuegos-vergonzosos-estereotipos-de-genero-a-combatir-video_201902235c716c4c0cf26747a1d49b7c.html&amp;ct=ga&amp;cd=CAEYACoUMTM0NDU3MDgyNDM5Nzc4NTU4ODIyGTFkYzViZWNjNzA2ZWNmOGI6ZXM6ZXM6RVM&amp;usg=AFQjCNGKvw1AzinHtvCGqNaHS5oF9lRxnQ\">Las trabas\u00a0sexistas\u00a0en los videojuegos, vergonzosos estereotipos de g\u00e9nero a combatir<\/a>&#8211;\u00a0LaSexta<\/p>\n<p><a href=\"https:\/\/www.google.com\/url?rct=j&amp;sa=t&amp;url=https:\/\/www.elperiodico.com\/es\/sanidad\/20190223\/la-mitad-de-las-mujeres-que-sufren-dos-o-mas-abortos-tienen-trombofilia-7312167&amp;ct=ga&amp;cd=CAEYACoTNDgxNjI1OTM5Njg3ODk3NDk3NjIZYzAzNzJlYmMyZmVhZGE1OTplczplczpFUw&amp;usg=AFQjCNESvYqhg8C6-vpbv-G_Hf7QeV7PVQ\">La mitad de las\u00a0mujeres\u00a0que sufren dos o m\u00e1s abortos tienen trombofilia<\/a>&#8211;\u00a0El Peri\u00f3dico<\/p>\n<p><a href=\"https:\/\/elpais.com\/elpais\/2019\/02\/22\/ideas\/1550847213_197107.html\">El poder pol\u00edtico de la ira de las\u00a0mujeres<\/a>&#8211;\u00a0El Pa\u00eds<\/p>\n<p><strong>Ciencia y Cultura<\/strong>\u00a0<a href=\"https:\/\/www.google.com\/url?rct=j&amp;sa=t&amp;url=https:\/\/www.nuevatribuna.es\/articulo\/ciencia\/investigadoras-aragonesas-presentan-proyecto-pionero-reivindicar-mujer-ciencias-naturales\/20190224113827160449.html&amp;ct=ga&amp;cd=CAEYACoUMTI1MzAyMTgyMjQzNDIxMDk2MzEyGWMwMzcyZWJjMmZlYWRhNTk6ZXM6ZXM6RVM&amp;usg=AFQjCNHffSpoaloPrMQ9_xh8y0w7oaTvyA\"><br \/>\nDos investigadoras del Instituto Pirenaico de Ecolog\u00eda presentan un proyecto pionero para reivindicar a la\u00a0mujer\u00a0en las ciencias naturales\u00a0&#8230;<\/a>&#8211;\u00a0nuevatribuna.es<a href=\"https:\/\/www.google.com\/url?rct=j&amp;sa=t&amp;url=http:\/\/www.rtve.es\/noticias\/20190224\/cuentos-ilustrados-para-superar-miedos-amar-naturaleza\/1887024.shtml&amp;ct=ga&amp;cd=CAEYACoTMTIzMzExNzYwMTY4MDgyNjc2MjIZMmRjZWRkZjI0NjZkZGYxNjplczplczpFUw&amp;usg=AFQjCNEHUs5Ss_u9Eyx0c6a8JOE3r2YOrQ\"><br \/>\nCuentos ilustrados para superar los miedos y amar a la\u00a0naturaleza<\/a>&#8211; Rtve<\/p>\n<p><a href=\"https:\/\/www.google.com\/url?rct=j&amp;sa=t&amp;url=https:\/\/www.publico.es\/sociedad\/entrevista-maria-murnau-maria-murnau-feminismo-mayor-alivio-mujeres.html&amp;ct=ga&amp;cd=CAEYAyoUMTY1OTMzOTcxOTc1MDgxNDczOTYyGWMwMzcyZWJjMmZlYWRhNTk6ZXM6ZXM6RVM&amp;usg=AFQjCNFWI_Len5A2PnCOxklShUEW_dkI_w\">Maria Murnau, ilustradora: \u00abEl feminismo es el mayor alivio para las\u00a0mujeres\u00bb<\/a>&#8211;\u00a0P\u00fablico<\/p>\n<p><a href=\"https:\/\/www.publico.es\/culturas\/adelanto-editorial-construir-maternidad-distinta-precisa-tipo-sociedad.html\">Construir una maternidad distinta precisa de otro tipo de sociedad<\/a>\u00a0&#8211; P\u00fablico<\/p>\n<p><a href=\"https:\/\/www.elmundo.es\/cultura\/laesferadepapel\/2019\/02\/24\/5c6fc207fc6c83b7798b4589.html\">Isabel Mu\u00f1oz, cazadora de cuerpos<\/a>\u00a0\u2013\u00a0El Mundo<strong>\u00a0<\/strong><\/p>\n<p><strong>Deporte<\/strong><\/p>\n<p><a href=\"https:\/\/www.practicodeporte.com\/carlota-ciganda-nuria-iturrioz\/\">Carlota Ciganda y Nuria Iturrioz, dos podios para el golf\u00a0femenino<\/a>&#8211;\u00a0Practico deporte<\/p>\n<p><a href=\"https:\/\/www.europapress.es\/deportes\/noticia-seleccion-espanola-rugby-xv-clasifica-final-campeonato-europa-femenino-20190223205910.html\">La selecci\u00f3n espa\u00f1ola de\u00a0rugby\u00a0XV se clasifica para la final del campeonato de Europa &#8230;<\/a>\u00a0\u2013 Europa Press<\/p>\n<p>[\/toggle]<\/p>\n<p>[toggle type=\u00bbfirst\u00bb title=\u00bbInternacional\u00bb]<\/p>\n<p><a href=\"https:\/\/www.elsaltodiario.com\/huelga-feminista\/alemania-huelga-mujeres-8-marzo\">Alemania se suma a la huelga de\u00a0mujeres\u00a0del 8 de marzo<\/a>&#8211;\u00a0El Salto<\/p>\n<p><a href=\"https:\/\/www.publico.es\/internacional\/brexit-secreto-supervivencia-theresa-may.html\">El secreto de la supervivencia de la premier Theresa May<\/a>\u00a0&#8211; P\u00fablico<\/p>\n<p><a href=\"https:\/\/www.radioagricultura.cl\/internacional\/2019\/02\/24\/michelle-bachelet-condena-uso-excesivo-de-la-fuerza-utilizada-en-venezuela.html\">Michelle Bachelet condena uso excesivo de la fuerza utilizada en Venezuela &#8230;<\/a>&#8211;\u00a0Radio Agricultura<a href=\"https:\/\/www.google.com\/url?rct=j&amp;sa=t&amp;url=https:\/\/www.swissinfo.ch\/spa\/arabia-saudita-nombra-a-su-primera-embajadora-mujer-en-estados-unidos\/44780062&amp;ct=ga&amp;cd=CAEYACoTNjEyMjU2MDc0MDk0NDc1NTQ2ODIZYzAzNzJlYmMyZmVhZGE1OTplczplczpFUw&amp;usg=AFQjCNEo-XBnhdFsvWjn4IvRdQIaKnIihQ\"><br \/>\nArabia Saudita nombra a su primera embajadora\u00a0mujer\u00a0en Estados Unidos, Rima Bint Bandar\u2026<\/a>&#8211;\u00a0swissinfo.ch<a href=\"https:\/\/www.google.com\/url?rct=j&amp;sa=t&amp;url=https:\/\/www.elespectador.com\/noticias\/el-mundo\/el-aborto-la-unica-opcion-de-las-mujeres-pakistanies-para-sobrevivir-articulo-841387&amp;ct=ga&amp;cd=CAEYASoTMjM1NDQ1MDAyNTA2NDYyOTYzMTIZYzAzNzJlYmMyZmVhZGE1OTplczplczpFUw&amp;usg=AFQjCNEqcczDZGflCMpkGnxlr5QN0_c4xA\"><br \/>\nCuando el aborto se convierte en la \u00fanica opci\u00f3n de las\u00a0mujeres\u00a0pakistan\u00edes para sobrevivir<\/a>&#8211;\u00a0ElEspectador.com<\/p>\n<p><a href=\"https:\/\/www.google.com\/url?rct=j&amp;sa=t&amp;url=https:\/\/www.elmundo.cr\/fod-y-embajada-de-estados-unidos-buscan-acercar-a-mujeres-jovenes-a-ciencia-y-tecnologia\/&amp;ct=ga&amp;cd=CAEYASoUMTAzMjc0MTcxMDMzMjcwNTQ0MjQyGWMwMzcyZWJjMmZlYWRhNTk6ZXM6ZXM6RVM&amp;usg=AFQjCNHf1KJ58GY3eIv9IcGhO_FrDPpS3Q\">FOD y Embajada de Estados Unidos buscan acercar a\u00a0mujeres\u00a0j\u00f3venes a ciencia y tecnolog\u00eda<\/a>&#8211;\u00a0El Mundo CR<\/p>\n<p><a href=\"https:\/\/www.google.com\/url?rct=j&amp;sa=t&amp;url=https:\/\/wapa.pe\/mujer\/1417230-presidenta-inaigem-gisella-orjeda-siete-mujeres-latinoamericanas-ejemplares&amp;ct=ga&amp;cd=CAEYACoTNjI1OTA3NzU0NzkzMDYwMTA1MjIZYzAzNzJlYmMyZmVhZGE1OTplczplczpFUw&amp;usg=AFQjCNHcSKW8eEC313ek-gBt_9aSO0Jx0Q\">La cient\u00edfica peruana Gisela Orjeda entre las 7\u00a0mujeres\u00a0latinoamericanas ejemplares<\/a>&#8211;\u00a0Wapa.pe<\/p>\n<p><a href=\"https:\/\/www.publico.es\/culturas\/oscar-2019-mujeres-reciben-25-nominaciones-oscars-2019.html\">Las mujeres suponen menos del 25% de las nominaciones en los Oscar 2019<\/a>\u00a0\u2013 P\u00fablico<\/p>\n<p><a href=\"https:\/\/www.eluniverso.com\/entretenimiento\/2019\/02\/23\/nota\/7203668\/pelicula-sobre-violencia-genero-triunfa-premios-cesar\">Una pel\u00edcula sobre la\u00a0violencia de g\u00e9nero\u00a0triunfa en los premios C\u00e9sar<\/a>&#8211;\u00a0El Universo<\/p>\n<p>[\/toggle]<\/p>\n<\/div>\n<\/div>\n<\/div>\n<\/div>\n<\/div>\n<\/div>\n","protected":false},"excerpt":{"rendered":"<p>Las mujeres son el 20% de los consejeros de la <a href=\"https:\/\/cklcomunicaciones.es\/coop\/noticias-info-ckl-no-2-292-25-02-19\/\">[&#8230;]<\/a><\/p>\n","protected":false},"author":3,"featured_media":0,"comment_status":"closed","ping_status":"closed","sticky":false,"template":"","format":"standard","meta":{"footnotes":""},"categories":[298,623],"tags":[],"class_list":["post-14463","post","type-post","status-publish","format-standard","hentry","category-newsletter","category-nwl-2-0"],"yoast_head":"<!-- This site is optimized with the Yoast SEO plugin v27.5 - https:\/\/yoast.com\/product\/yoast-seo-wordpress\/ -->\n<title>Noticias Info CKL n\u00ba 2.292-25\/02\/19-Comunicar con perspectiva de g\u00e9nero<\/title>\n<meta name=\"description\" content=\"Comunicar con perspectiva de g\u00e9nero: Las mujeres son el 20% de los consejeros de la Bolsa-Carga Mental, el s\u00edndrome que afecta a un 71% de mujeres y 12% a hombres-Isabel Mu\u00f1oz, cazadora de cuerpos-El poder pol\u00edtico de la ira de las mujeres\" \/>\n<meta name=\"robots\" content=\"index, follow, max-snippet:-1, max-image-preview:large, max-video-preview:-1\" \/>\n<link rel=\"canonical\" href=\"https:\/\/cklcomunicaciones.es\/coop\/noticias-info-ckl-no-2-292-25-02-19\/\" \/>\n<meta property=\"og:locale\" content=\"es_ES\" \/>\n<meta property=\"og:type\" content=\"article\" \/>\n<meta property=\"og:title\" content=\"Noticias Info CKL n\u00ba 2.292-25\/02\/19-Comunicar con perspectiva de g\u00e9nero\" \/>\n<meta property=\"og:description\" content=\"Comunicar con perspectiva de g\u00e9nero: Las mujeres son el 20% de los consejeros de la Bolsa-Carga Mental, el s\u00edndrome que afecta a un 71% de mujeres y 12% a hombres-Isabel Mu\u00f1oz, cazadora de cuerpos-El poder pol\u00edtico de la ira de las mujeres\" \/>\n<meta property=\"og:url\" content=\"https:\/\/cklcomunicaciones.es\/coop\/noticias-info-ckl-no-2-292-25-02-19\/\" \/>\n<meta property=\"og:site_name\" content=\"CKL Comunicaciones\" \/>\n<meta property=\"article:published_time\" content=\"2019-02-25T12:06:30+00:00\" \/>\n<meta property=\"article:modified_time\" content=\"2025-01-17T15:43:23+00:00\" \/>\n<meta property=\"og:image\" content=\"https:\/\/cklcomunicaciones.es\/coop\/wp-content\/uploads\/2018\/03\/CKL_comunicacion-con-perspetiva-de-genero.jpg\" \/>\n\t<meta property=\"og:image:width\" content=\"500\" \/>\n\t<meta property=\"og:image:height\" content=\"500\" \/>\n\t<meta property=\"og:image:type\" content=\"image\/jpeg\" \/>\n<meta name=\"author\" content=\"ckl\" \/>\n<meta name=\"twitter:card\" content=\"summary_large_image\" \/>\n<meta name=\"twitter:label1\" content=\"Escrito por\" \/>\n\t<meta name=\"twitter:data1\" content=\"ckl\" \/>\n\t<meta name=\"twitter:label2\" content=\"Tiempo de lectura\" \/>\n\t<meta name=\"twitter:data2\" content=\"5 minutos\" \/>\n<script type=\"application\/ld+json\" class=\"yoast-schema-graph\">{\"@context\":\"https:\\\/\\\/schema.org\",\"@graph\":[{\"@type\":\"Article\",\"@id\":\"https:\\\/\\\/cklcomunicaciones.es\\\/coop\\\/noticias-info-ckl-no-2-292-25-02-19\\\/#article\",\"isPartOf\":{\"@id\":\"https:\\\/\\\/cklcomunicaciones.es\\\/coop\\\/noticias-info-ckl-no-2-292-25-02-19\\\/\"},\"author\":{\"name\":\"ckl\",\"@id\":\"https:\\\/\\\/cklcomunicaciones.es\\\/coop\\\/#\\\/schema\\\/person\\\/929a6837f7626450bbb50cee1aef266e\"},\"headline\":\"Noticias Info CKL n\u00ba 2.292-25\\\/02\\\/19\",\"datePublished\":\"2019-02-25T12:06:30+00:00\",\"dateModified\":\"2025-01-17T15:43:23+00:00\",\"mainEntityOfPage\":{\"@id\":\"https:\\\/\\\/cklcomunicaciones.es\\\/coop\\\/noticias-info-ckl-no-2-292-25-02-19\\\/\"},\"wordCount\":1070,\"image\":{\"@id\":\"https:\\\/\\\/cklcomunicaciones.es\\\/coop\\\/noticias-info-ckl-no-2-292-25-02-19\\\/#primaryimage\"},\"thumbnailUrl\":\"http:\\\/\\\/www.cklcomunicaciones.es\\\/wp-content\\\/uploads\\\/2018\\\/03\\\/CKL_comunicacion-con-perspetiva-de-genero-300x300.jpg\",\"articleSection\":[\"Newsletter\",\"Nwl v2.0\"],\"inLanguage\":\"es\"},{\"@type\":\"WebPage\",\"@id\":\"https:\\\/\\\/cklcomunicaciones.es\\\/coop\\\/noticias-info-ckl-no-2-292-25-02-19\\\/\",\"url\":\"https:\\\/\\\/cklcomunicaciones.es\\\/coop\\\/noticias-info-ckl-no-2-292-25-02-19\\\/\",\"name\":\"Noticias Info CKL n\u00ba 2.292-25\\\/02\\\/19-Comunicar con perspectiva de g\u00e9nero\",\"isPartOf\":{\"@id\":\"https:\\\/\\\/cklcomunicaciones.es\\\/coop\\\/#website\"},\"primaryImageOfPage\":{\"@id\":\"https:\\\/\\\/cklcomunicaciones.es\\\/coop\\\/noticias-info-ckl-no-2-292-25-02-19\\\/#primaryimage\"},\"image\":{\"@id\":\"https:\\\/\\\/cklcomunicaciones.es\\\/coop\\\/noticias-info-ckl-no-2-292-25-02-19\\\/#primaryimage\"},\"thumbnailUrl\":\"http:\\\/\\\/www.cklcomunicaciones.es\\\/wp-content\\\/uploads\\\/2018\\\/03\\\/CKL_comunicacion-con-perspetiva-de-genero-300x300.jpg\",\"datePublished\":\"2019-02-25T12:06:30+00:00\",\"dateModified\":\"2025-01-17T15:43:23+00:00\",\"author\":{\"@id\":\"https:\\\/\\\/cklcomunicaciones.es\\\/coop\\\/#\\\/schema\\\/person\\\/929a6837f7626450bbb50cee1aef266e\"},\"description\":\"Comunicar con perspectiva de g\u00e9nero: Las mujeres son el 20% de los consejeros de la Bolsa-Carga Mental, el s\u00edndrome que afecta a un 71% de mujeres y 12% a hombres-Isabel Mu\u00f1oz, cazadora de cuerpos-El poder pol\u00edtico de la ira de las mujeres\",\"breadcrumb\":{\"@id\":\"https:\\\/\\\/cklcomunicaciones.es\\\/coop\\\/noticias-info-ckl-no-2-292-25-02-19\\\/#breadcrumb\"},\"inLanguage\":\"es\",\"potentialAction\":[{\"@type\":\"ReadAction\",\"target\":[\"https:\\\/\\\/cklcomunicaciones.es\\\/coop\\\/noticias-info-ckl-no-2-292-25-02-19\\\/\"]}]},{\"@type\":\"ImageObject\",\"inLanguage\":\"es\",\"@id\":\"https:\\\/\\\/cklcomunicaciones.es\\\/coop\\\/noticias-info-ckl-no-2-292-25-02-19\\\/#primaryimage\",\"url\":\"http:\\\/\\\/www.cklcomunicaciones.es\\\/wp-content\\\/uploads\\\/2018\\\/03\\\/CKL_comunicacion-con-perspetiva-de-genero-300x300.jpg\",\"contentUrl\":\"http:\\\/\\\/www.cklcomunicaciones.es\\\/wp-content\\\/uploads\\\/2018\\\/03\\\/CKL_comunicacion-con-perspetiva-de-genero-300x300.jpg\"},{\"@type\":\"BreadcrumbList\",\"@id\":\"https:\\\/\\\/cklcomunicaciones.es\\\/coop\\\/noticias-info-ckl-no-2-292-25-02-19\\\/#breadcrumb\",\"itemListElement\":[{\"@type\":\"ListItem\",\"position\":1,\"name\":\"Portada\",\"item\":\"https:\\\/\\\/cklcomunicaciones.es\\\/coop\\\/\"},{\"@type\":\"ListItem\",\"position\":2,\"name\":\"Noticias Info CKL n\u00ba 2.292-25\\\/02\\\/19\"}]},{\"@type\":\"WebSite\",\"@id\":\"https:\\\/\\\/cklcomunicaciones.es\\\/coop\\\/#website\",\"url\":\"https:\\\/\\\/cklcomunicaciones.es\\\/coop\\\/\",\"name\":\"CKL Comunicaciones\",\"description\":\"Sitio web de CKL Comunicaciones coop , la consultora de comunicaci\u00f3n y estrategia\",\"potentialAction\":[{\"@type\":\"SearchAction\",\"target\":{\"@type\":\"EntryPoint\",\"urlTemplate\":\"https:\\\/\\\/cklcomunicaciones.es\\\/coop\\\/?s={search_term_string}\"},\"query-input\":{\"@type\":\"PropertyValueSpecification\",\"valueRequired\":true,\"valueName\":\"search_term_string\"}}],\"inLanguage\":\"es\"},{\"@type\":\"Person\",\"@id\":\"https:\\\/\\\/cklcomunicaciones.es\\\/coop\\\/#\\\/schema\\\/person\\\/929a6837f7626450bbb50cee1aef266e\",\"name\":\"ckl\",\"image\":{\"@type\":\"ImageObject\",\"inLanguage\":\"es\",\"@id\":\"https:\\\/\\\/secure.gravatar.com\\\/avatar\\\/c82db564e8a669bf6023357a157b9dc4780f4d4c618f2ad1d71a6a5dede45057?s=96&d=mm&r=g\",\"url\":\"https:\\\/\\\/secure.gravatar.com\\\/avatar\\\/c82db564e8a669bf6023357a157b9dc4780f4d4c618f2ad1d71a6a5dede45057?s=96&d=mm&r=g\",\"contentUrl\":\"https:\\\/\\\/secure.gravatar.com\\\/avatar\\\/c82db564e8a669bf6023357a157b9dc4780f4d4c618f2ad1d71a6a5dede45057?s=96&d=mm&r=g\",\"caption\":\"ckl\"},\"url\":\"https:\\\/\\\/cklcomunicaciones.es\\\/coop\\\/author\\\/cklcomunicaciones\\\/\"}]}<\/script>\n<!-- \/ Yoast SEO plugin. -->","yoast_head_json":{"title":"Noticias Info CKL n\u00ba 2.292-25\/02\/19-Comunicar con perspectiva de g\u00e9nero","description":"Comunicar con perspectiva de g\u00e9nero: Las mujeres son el 20% de los consejeros de la Bolsa-Carga Mental, el s\u00edndrome que afecta a un 71% de mujeres y 12% a hombres-Isabel Mu\u00f1oz, cazadora de cuerpos-El poder pol\u00edtico de la ira de las mujeres","robots":{"index":"index","follow":"follow","max-snippet":"max-snippet:-1","max-image-preview":"max-image-preview:large","max-video-preview":"max-video-preview:-1"},"canonical":"https:\/\/cklcomunicaciones.es\/coop\/noticias-info-ckl-no-2-292-25-02-19\/","og_locale":"es_ES","og_type":"article","og_title":"Noticias Info CKL n\u00ba 2.292-25\/02\/19-Comunicar con perspectiva de g\u00e9nero","og_description":"Comunicar con perspectiva de g\u00e9nero: Las mujeres son el 20% de los consejeros de la Bolsa-Carga Mental, el s\u00edndrome que afecta a un 71% de mujeres y 12% a hombres-Isabel Mu\u00f1oz, cazadora de cuerpos-El poder pol\u00edtico de la ira de las mujeres","og_url":"https:\/\/cklcomunicaciones.es\/coop\/noticias-info-ckl-no-2-292-25-02-19\/","og_site_name":"CKL Comunicaciones","article_published_time":"2019-02-25T12:06:30+00:00","article_modified_time":"2025-01-17T15:43:23+00:00","og_image":[{"width":500,"height":500,"url":"https:\/\/cklcomunicaciones.es\/coop\/wp-content\/uploads\/2018\/03\/CKL_comunicacion-con-perspetiva-de-genero.jpg","type":"image\/jpeg"}],"author":"ckl","twitter_card":"summary_large_image","twitter_misc":{"Escrito por":"ckl","Tiempo de lectura":"5 minutos"},"schema":{"@context":"https:\/\/schema.org","@graph":[{"@type":"Article","@id":"https:\/\/cklcomunicaciones.es\/coop\/noticias-info-ckl-no-2-292-25-02-19\/#article","isPartOf":{"@id":"https:\/\/cklcomunicaciones.es\/coop\/noticias-info-ckl-no-2-292-25-02-19\/"},"author":{"name":"ckl","@id":"https:\/\/cklcomunicaciones.es\/coop\/#\/schema\/person\/929a6837f7626450bbb50cee1aef266e"},"headline":"Noticias Info CKL n\u00ba 2.292-25\/02\/19","datePublished":"2019-02-25T12:06:30+00:00","dateModified":"2025-01-17T15:43:23+00:00","mainEntityOfPage":{"@id":"https:\/\/cklcomunicaciones.es\/coop\/noticias-info-ckl-no-2-292-25-02-19\/"},"wordCount":1070,"image":{"@id":"https:\/\/cklcomunicaciones.es\/coop\/noticias-info-ckl-no-2-292-25-02-19\/#primaryimage"},"thumbnailUrl":"http:\/\/www.cklcomunicaciones.es\/wp-content\/uploads\/2018\/03\/CKL_comunicacion-con-perspetiva-de-genero-300x300.jpg","articleSection":["Newsletter","Nwl v2.0"],"inLanguage":"es"},{"@type":"WebPage","@id":"https:\/\/cklcomunicaciones.es\/coop\/noticias-info-ckl-no-2-292-25-02-19\/","url":"https:\/\/cklcomunicaciones.es\/coop\/noticias-info-ckl-no-2-292-25-02-19\/","name":"Noticias Info CKL n\u00ba 2.292-25\/02\/19-Comunicar con perspectiva de g\u00e9nero","isPartOf":{"@id":"https:\/\/cklcomunicaciones.es\/coop\/#website"},"primaryImageOfPage":{"@id":"https:\/\/cklcomunicaciones.es\/coop\/noticias-info-ckl-no-2-292-25-02-19\/#primaryimage"},"image":{"@id":"https:\/\/cklcomunicaciones.es\/coop\/noticias-info-ckl-no-2-292-25-02-19\/#primaryimage"},"thumbnailUrl":"http:\/\/www.cklcomunicaciones.es\/wp-content\/uploads\/2018\/03\/CKL_comunicacion-con-perspetiva-de-genero-300x300.jpg","datePublished":"2019-02-25T12:06:30+00:00","dateModified":"2025-01-17T15:43:23+00:00","author":{"@id":"https:\/\/cklcomunicaciones.es\/coop\/#\/schema\/person\/929a6837f7626450bbb50cee1aef266e"},"description":"Comunicar con perspectiva de g\u00e9nero: Las mujeres son el 20% de los consejeros de la Bolsa-Carga Mental, el s\u00edndrome que afecta a un 71% de mujeres y 12% a hombres-Isabel Mu\u00f1oz, cazadora de cuerpos-El poder pol\u00edtico de la ira de las mujeres","breadcrumb":{"@id":"https:\/\/cklcomunicaciones.es\/coop\/noticias-info-ckl-no-2-292-25-02-19\/#breadcrumb"},"inLanguage":"es","potentialAction":[{"@type":"ReadAction","target":["https:\/\/cklcomunicaciones.es\/coop\/noticias-info-ckl-no-2-292-25-02-19\/"]}]},{"@type":"ImageObject","inLanguage":"es","@id":"https:\/\/cklcomunicaciones.es\/coop\/noticias-info-ckl-no-2-292-25-02-19\/#primaryimage","url":"http:\/\/www.cklcomunicaciones.es\/wp-content\/uploads\/2018\/03\/CKL_comunicacion-con-perspetiva-de-genero-300x300.jpg","contentUrl":"http:\/\/www.cklcomunicaciones.es\/wp-content\/uploads\/2018\/03\/CKL_comunicacion-con-perspetiva-de-genero-300x300.jpg"},{"@type":"BreadcrumbList","@id":"https:\/\/cklcomunicaciones.es\/coop\/noticias-info-ckl-no-2-292-25-02-19\/#breadcrumb","itemListElement":[{"@type":"ListItem","position":1,"name":"Portada","item":"https:\/\/cklcomunicaciones.es\/coop\/"},{"@type":"ListItem","position":2,"name":"Noticias Info CKL n\u00ba 2.292-25\/02\/19"}]},{"@type":"WebSite","@id":"https:\/\/cklcomunicaciones.es\/coop\/#website","url":"https:\/\/cklcomunicaciones.es\/coop\/","name":"CKL Comunicaciones","description":"Sitio web de CKL Comunicaciones coop , la consultora de comunicaci\u00f3n y estrategia","potentialAction":[{"@type":"SearchAction","target":{"@type":"EntryPoint","urlTemplate":"https:\/\/cklcomunicaciones.es\/coop\/?s={search_term_string}"},"query-input":{"@type":"PropertyValueSpecification","valueRequired":true,"valueName":"search_term_string"}}],"inLanguage":"es"},{"@type":"Person","@id":"https:\/\/cklcomunicaciones.es\/coop\/#\/schema\/person\/929a6837f7626450bbb50cee1aef266e","name":"ckl","image":{"@type":"ImageObject","inLanguage":"es","@id":"https:\/\/secure.gravatar.com\/avatar\/c82db564e8a669bf6023357a157b9dc4780f4d4c618f2ad1d71a6a5dede45057?s=96&d=mm&r=g","url":"https:\/\/secure.gravatar.com\/avatar\/c82db564e8a669bf6023357a157b9dc4780f4d4c618f2ad1d71a6a5dede45057?s=96&d=mm&r=g","contentUrl":"https:\/\/secure.gravatar.com\/avatar\/c82db564e8a669bf6023357a157b9dc4780f4d4c618f2ad1d71a6a5dede45057?s=96&d=mm&r=g","caption":"ckl"},"url":"https:\/\/cklcomunicaciones.es\/coop\/author\/cklcomunicaciones\/"}]}},"_links":{"self":[{"href":"https:\/\/cklcomunicaciones.es\/coop\/wp-json\/wp\/v2\/posts\/14463","targetHints":{"allow":["GET"]}}],"collection":[{"href":"https:\/\/cklcomunicaciones.es\/coop\/wp-json\/wp\/v2\/posts"}],"about":[{"href":"https:\/\/cklcomunicaciones.es\/coop\/wp-json\/wp\/v2\/types\/post"}],"author":[{"embeddable":true,"href":"https:\/\/cklcomunicaciones.es\/coop\/wp-json\/wp\/v2\/users\/3"}],"replies":[{"embeddable":true,"href":"https:\/\/cklcomunicaciones.es\/coop\/wp-json\/wp\/v2\/comments?post=14463"}],"version-history":[{"count":0,"href":"https:\/\/cklcomunicaciones.es\/coop\/wp-json\/wp\/v2\/posts\/14463\/revisions"}],"wp:attachment":[{"href":"https:\/\/cklcomunicaciones.es\/coop\/wp-json\/wp\/v2\/media?parent=14463"}],"wp:term":[{"taxonomy":"category","embeddable":true,"href":"https:\/\/cklcomunicaciones.es\/coop\/wp-json\/wp\/v2\/categories?post=14463"},{"taxonomy":"post_tag","embeddable":true,"href":"https:\/\/cklcomunicaciones.es\/coop\/wp-json\/wp\/v2\/tags?post=14463"}],"curies":[{"name":"wp","href":"https:\/\/api.w.org\/{rel}","templated":true}]}}