{"id":14398,"date":"2019-01-31T13:25:36","date_gmt":"2019-01-31T12:25:36","guid":{"rendered":"http:\/\/www.cklcomunicaciones.es\/?p=14398"},"modified":"2025-01-17T16:43:26","modified_gmt":"2025-01-17T15:43:26","slug":"noticias-info-ckl-no-2-276-01-02-19","status":"publish","type":"post","link":"https:\/\/cklcomunicaciones.es\/coop\/noticias-info-ckl-no-2-276-01-02-19\/","title":{"rendered":"Noticias Info CKL n\u00ba 2.276-01\/02\/19"},"content":{"rendered":"<div id=\"pl-14398\"  class=\"panel-layout\" >\n<div id=\"pg-14398-0\"  class=\"panel-grid panel-no-style\"  data-style=\"{&quot;background_image_attachment&quot;:false,&quot;background_display&quot;:&quot;tile&quot;,&quot;cell_alignment&quot;:&quot;flex-start&quot;}\" >\n<div id=\"pgc-14398-0-0\"  class=\"panel-grid-cell\"  data-weight=\"1\" >\n<div id=\"panel-14398-0-0-0\" class=\"so-panel widget widget_sow-editor panel-first-child panel-last-child\" data-index=\"0\" data-style=\"{&quot;background_image_attachment&quot;:false,&quot;background_display&quot;:&quot;tile&quot;}\" >\n<div class=\"so-widget-sow-editor so-widget-sow-editor-base\">\n<div class=\"siteorigin-widget-tinymce textwidget\">\n<p><img decoding=\"async\" class=\"lazyload  wp-image-13726\" src=\"http:\/\/www.cklcomunicaciones.es\/wp-content\/uploads\/2018\/03\/CKL_comunicacion-con-perspetiva-de-genero-300x300.jpg\" data-orig-src=\"http:\/\/www.cklcomunicaciones.es\/wp-content\/uploads\/2018\/03\/CKL_comunicacion-con-perspetiva-de-genero-300x300.jpg\" alt=\"CKL_comunicacion con perspetiva de genero\" width=\"132\" height=\"132\" srcset=\"data:image\/svg+xml,%3Csvg%20xmlns%3D%27http%3A%2F%2Fwww.w3.org%2F2000%2Fsvg%27%20width%3D%27132%27%20height%3D%27132%27%20viewBox%3D%270%200%20132%20132%27%3E%3Crect%20width%3D%27132%27%20height%3D%27132%27%20fill-opacity%3D%220%22%2F%3E%3C%2Fsvg%3E\" data-srcset=\"https:\/\/cklcomunicaciones.es\/coop\/wp-content\/uploads\/2018\/03\/CKL_comunicacion-con-perspetiva-de-genero-150x150.jpg 150w, https:\/\/cklcomunicaciones.es\/coop\/wp-content\/uploads\/2018\/03\/CKL_comunicacion-con-perspetiva-de-genero-300x300.jpg 300w, https:\/\/cklcomunicaciones.es\/coop\/wp-content\/uploads\/2018\/03\/CKL_comunicacion-con-perspetiva-de-genero-450x450.jpg 450w, https:\/\/cklcomunicaciones.es\/coop\/wp-content\/uploads\/2018\/03\/CKL_comunicacion-con-perspetiva-de-genero.jpg 500w\" data-sizes=\"auto\" data-orig-sizes=\"(max-width: 132px) 100vw, 132px\" \/><\/p>\n<p id=\":49h\" class=\"hP\" tabindex=\"-1\" data-thread-perm-id=\"thread-f:1620470658956742117\" data-legacy-thread-id=\"167d117a8c0f4de5\"><strong>Igualdad duplicar\u00e1 el presupuesto destinado a fomentar las vocaciones cient\u00edficas en chicas j\u00f3venes-Seis mujeres asesinadas en enero-Ciclo UPO &#8216;Las mujeres como transmisoras del flamenco\u00bb-Periodismo perentorio<\/strong><\/p>\n<p>[toggle type=\u00bbfirst\u00bb title=\u00bbRecomendaciones\u00bb]<\/p>\n<ul>\n<li>Documental &#8216;Red de Bibliotecas de Mujeres: 25 a\u00f1os de historia&#8217;, producido. Producido por el Instituto Andaluz de la Mujer .<a href=\"https:\/\/www.youtube.com\/playlist?list=PLxydhsSBJDsqao7PZpEL-ZNbdaezyMUrW\">https:\/\/www.youtube.com\/playlist?list=PLxydhsSBJDsqao7PZpEL-ZNbdaezyMUrW<\/a><\/li>\n<\/ul>\n<p>[\/toggle]<\/p>\n<p>[toggle type=\u00bbfirst\u00bb title=\u00bbComunicaci\u00f3n\u00bb]<\/p>\n<p><a href=\"https:\/\/www.mujerhoy.com\/vivir\/protagonistas\/201901\/31\/premios-mujerhoy-evento-entrega-2019--20190130120622.html\">Mujerhoy celebra la X edici\u00f3n de sus premios a las\u00a0Mujeres\u00a0del a\u00f1o<\/a>&#8211;\u00a0Mujerhoy.com<\/p>\n<p><a href=\"http:\/\/www.elmundo.es\/internacional\/2019\/01\/31\/5c53467421efa0292e8b469b.html\">Un tribunal de Estados Unidos condena al r\u00e9gimen sirio por el asesinato de la\u00a0periodista\u00a0Marie Colvin<\/a>\u00a0\u2013\u00a0El Mundo<\/p>\n<p>Periodismo perentorio\u2026-Diario Sur<\/p>\n<p><a href=\"https:\/\/www.cnnchile.com\/cultura\/debe-usarse-medica-rae-aclara-polemica-para-referirse-a-mujeres-que-ejercen-medicina_20190131\/\">Debe usarse \u201cm\u00e9dica\u201d: RAE aclara pol\u00e9mica para referirse a\u00a0mujeres\u00a0&#8230;<\/a>-CNN Chile<\/p>\n<p><a href=\"https:\/\/polemon.mx\/el-principito-en-lenguaje-inclusivo\">\u201cEl Principito\u201d para todes, un libro en\u00a0lenguaje\u00a0inclusivo<\/a>\u00a0&#8211;\u00a0Polem\u00f3n<\/p>\n<p>[\/toggle]<\/p>\n<p>[toggle type=\u00bbfirst\u00bb title=\u00bbAndaluc\u00eda\u00bb]<\/p>\n<p><strong>Econom\u00eda y Empresas<\/strong><\/p>\n<p><a href=\"http:\/\/tresculturas.org\/actividad\/ii-encuentro-b2b-juntas-somos-masdel-proyecto-intrepida\/\">Encuentro B2B del Proyecto Intrepida \u201cJuntas somos m\u00e1s\u201d \u2026<\/a>&#8211;<a href=\"http:\/\/tresculturas.org\/\">tresculturas.org<\/a><\/p>\n<p><a href=\"http:\/\/agrodiariohuelva.es\/2019\/01\/23\/amcae-andalucia-pide-al-nuevo-gobierno-andaluz-trabajar-por-la-visibilizacion-y-promocion-de-la-mujer-en-el-cooperativismo-agroalimentario\/\">AMCAE-A pide al Gobierno\u00a0andaluz\u00a0trabajar por la visibilizaci\u00f3n y promoci\u00f3n de la mujer &#8230;<\/a>&#8211;\u00a0Agrodiariohuelva.es<\/p>\n<p><a href=\"https:\/\/www.diariocordoba.com\/noticias\/cordobaandalucia\/andalucia-vuelve-tener-mas-medio-millon-empresas-alto-crecimiento_1279860.html\">Andaluc\u00eda\u00a0vuelve a tener m\u00e1s de medio mill\u00f3n de empresas tras su alto crecimiento &#8230;<\/a>&#8211;\u00a0Diario C\u00f3rdoba<\/p>\n<p><strong>Actualidad<\/strong><\/p>\n<p><a href=\"https:\/\/www.20minutos.es\/noticia\/3551164\/0\/mas-15-400-personas-se-benefician-nueva-mejora-pension-viudedad-provincia\/\">M\u00e1s de 15.400 personas se benefician de la nueva mejora de la pensi\u00f3n de viudedad en la provincia de Sevilla&#8230;<\/a>&#8211;\u00a0<a href=\"http:\/\/20minutos.es\/\">20minutos.es<\/a><\/p>\n<p><a href=\"https:\/\/www.europasur.es\/algeciras\/Algeciras-Blanca-Orozco-Dia-Andalucia_0_1324067758.html\">Algeciras homenajear\u00e1 a t\u00edtulo p\u00f3stumo a Blanca Orozco el D\u00eda de Andaluc\u00eda&#8230;<\/a>&#8211;\u00a0Europa Sur<\/p>\n<p><a href=\"https:\/\/www.europapress.es\/andalucia\/noticia-enero-2019-cierra-mas-muertes-incendios-andalucia-ano-2015-cinco-victimas-20190131121205.html\">Andaluc\u00eda\u00a0cierra enero con cinco fallecidos en incendios, la mayor &#8230;<\/a>&#8211;\u00a0Europa Press<\/p>\n<p><strong>Violencias<\/strong><\/p>\n<p><a href=\"https:\/\/www.google.com\/url?rct=j&amp;sa=t&amp;url=https:\/\/www.diariodesevilla.es\/opinion\/articulos\/mujeres-asesinadas-enero_0_1324067689.html&amp;ct=ga&amp;cd=CAEYACoTMTI2Nzg0MDczOTgzOTQ1MzQ0NDIZYzAzNzJlYmMyZmVhZGE1OTplczplczpFUw&amp;usg=AFQjCNFXj9w_pihJ6EzXDJ5LN5i1hzMfSw\">Seis\u00a0mujeres\u00a0asesinadas en enero<\/a>\u00a0-Diario de Sevilla<\/p>\n<p><strong>Ciencia y Cultura<\/strong><\/p>\n<p><a href=\"https:\/\/www.elmundo.es\/andalucia\/2019\/02\/01\/5c5417a8fc6c8341618b45be.html\">La Fundaci\u00f3n General de la UMA y La T\u00e9rmica crean el laboratorio ciudadano &#8216;LABM\u00e1laga&#8217;<\/a>&#8211; El Mundo<\/p>\n<p><a href=\"https:\/\/www.google.com\/url?rct=j&amp;sa=t&amp;url=https:\/\/www.20minutos.es\/noticia\/3550989\/0\/cantaora-maria-vargas-abre-este-viernes-ciclo-upo-mujeres-como-transmisoras-flamenco\/&amp;ct=ga&amp;cd=CAEYAioTNzI4OTU3NTg0NDY2NTAzMzg1NjIZYzAzNzJlYmMyZmVhZGE1OTplczplczpFUw&amp;usg=AFQjCNHxoI5EOaK5GUbpFTR-czFQYlVnUQ\">La cantaora Mar\u00eda Vargas abre este viernes el ciclo de la UPO &#8216;Las\u00a0mujeres\u00a0como transmisoras del\u00a0flamenco&#8230;<\/a>&#8211;\u00a0<a href=\"http:\/\/20minutos.es\/\">20minutos.es<\/a><\/p>\n<p><a href=\"http:\/\/www.elmundo.es\/baleares\/2019\/02\/01\/5c53fffbfdddffe1738b4746.html\">Laura Toledo, la Pepita de &#8216;La Voz Dormida&#8217;: \u00abSe valora muy poco el papel de la\u00a0mujer\u00a0en la Guerra Civil\u00bb<\/a>&#8211; El Mundo<\/p>\n<p><strong>Deportes<\/strong><\/p>\n<p><a href=\"https:\/\/sevilla.abc.es\/deportes\/sevi-sevilla-acoge-campeonato-espana-femenino-201902011035_noticia.html\">Sevilla acoge el Campeonato de Espa\u00f1a de\u00a0Hockey Sala femenino<\/a>&#8211;\u00a0<a href=\"http:\/\/abcdesevilla.es\/\">abcdesevilla.es<\/a><\/p>\n<p><a href=\"https:\/\/www.diariosur.es\/deportes\/mas-deportes\/fundacion-unicaja-apoya-20190201000325-ntvo.html\">La Fundaci\u00f3n Unicaja apoya a equipos base y\u00a0femeninos\u00a0a trav\u00e9s de &#8230;<\/a>&#8211;\u00a0Sur Digital<\/p>\n<p>[\/toggle]<\/p>\n<p>[toggle type=\u00bbfirst\u00bb title=\u00bbEstado\u00bb]<\/p>\n<p><strong>Institucional<\/strong><a href=\"https:\/\/www.google.com\/url?rct=j&amp;sa=t&amp;url=https:\/\/www.eldiario.es\/politica\/comision-igualdad-congreso-presupuestos_0_863014445.html&amp;ct=ga&amp;cd=CAEYACoTNDg1MDUyNzg5OTkwMzU3NDUyMjIZYzAzNzJlYmMyZmVhZGE1OTplczplczpFUw&amp;usg=AFQjCNEEbu96Fy6NkRfY8SBBIlb-LpcHaQ\"><br \/>\nSecretar\u00eda de Estado de Igualdad duplicar\u00e1 el presupuesto destinado a fomentar las vocaciones cient\u00edficas en chicas j\u00f3venes<\/a>\u00a0-eldiario.es<strong>\u00a0<\/strong><\/p>\n<p><strong>Institucional-CCAA<\/strong><\/p>\n<p><a href=\"https:\/\/www.google.com\/url?rct=j&amp;sa=t&amp;url=http:\/\/www.lacerca.com\/noticias\/castilla_la_mancha\/uclm-fundacion-parque-tecnologico-visibilizar-mujeres-carreras-ingenieria-454373-1.html&amp;ct=ga&amp;cd=CAEYACoSMTE0ODA4NTc0MjI2OTgxNjExMhljMDM3MmViYzJmZWFkYTU5OmVzOmVzOkVT&amp;usg=AFQjCNFZqjVinu0uTcoNH_c7WJZp6E-GJQ\">UCLM y la Fundaci\u00f3n Parque Cient\u00edfico y Tecnol\u00f3gico colaboran para visibilizar a las mujeres en carreras de ingenier\u00edas\u2026<\/a>&#8211;\u00a0La Cerca<\/p>\n<p><a href=\"https:\/\/www.google.com\/url?rct=j&amp;sa=t&amp;url=https:\/\/www.europapress.es\/asturias\/noticia-principado-fundacion-once-editan-braille-400-guias-publicaciones-violencia-genero-20190131133515.html&amp;ct=ga&amp;cd=CAEYAioUMTI5MTc5ODE3NjIzODg5MjQ2OTAyGWMwMzcyZWJjMmZlYWRhNTk6ZXM6ZXM6RVM&amp;usg=AFQjCNFVAd76fMw2QT9kY-oDrnPQ1Z4Csg\">Principado y Fundaci\u00f3n ONCE editan en braille 400 gu\u00edas y publicaciones sobre violencia de g\u00e9nero<\/a>\u00a0&#8211;\u00a0Europa Press<\/p>\n<p><a href=\"http:\/\/www.agroinformacion.com\/asaja-anima-a-las-mujeres-agricultoras-y-ganaderas-a-que-den-un-paso-al-frente-y-sean-protagonistas-del-sector\/\">ASAJA anima a las\u00a0mujeres\u00a0agricultoras y ganaderas a dar un paso al frente y sean las protagonistas del sector &#8230;<\/a>&#8211;\u00a0AgroInformaci\u00f3n<a href=\"https:\/\/www.farodevigo.es\/mar\/2019\/02\/01\/fundamar-anima-mujeres-aprovechar-escasez\/2043432.html\"><br \/>\nFundamar anima a las\u00a0mujeres\u00a0a aprovechar la escasez de tripulantes &#8230;<\/a>&#8211;\u00a0Faro de Vigo<\/p>\n<p><a href=\"https:\/\/www.20minutos.es\/noticia\/3551577\/0\/unanimidad-para-reforzar-medidas-pacto-estado-contra-violencia-genero\/\">Unanimidad en el Ayuntamiento de Zaragoza para reforzar las medidas del Pacto de Estado contra la violencia de g\u00e9nero&#8230;<\/a>&#8211;\u00a0<a href=\"http:\/\/20minutos.es\/\">20minutos.es<\/a><\/p>\n<p><a href=\"https:\/\/www.lagacetadesalamanca.es\/salamanca\/2019\/01\/31\/mujeres-exito-entorno-digital-tecnologico\/259351.html\">eWoman Salamanca ensalza el valor de la\u00a0mujer\u00a0con los mejores &#8230;<\/a>&#8211;\u00a0La Gaceta de Salamanca<\/p>\n<p><a href=\"https:\/\/cadenaser.com\/emisora\/2019\/02\/01\/ser_ciudad_real\/1549011409_319104.html\">Las chicas del cable de Infantes<\/a>\u00a0&#8211;\u00a0Cadena SER<strong>\u00a0<\/strong><\/p>\n<p><strong>Econom\u00eda y Empresa<\/strong><\/p>\n<p><a href=\"https:\/\/as.com\/meristation\/2019\/02\/01\/noticias\/1549003769_050110.html\">Desciende la presencia de la\u00a0mujer\u00a0en la industria espa\u00f1ola del videojuego&#8230;<\/a>&#8211;\u00a0As<\/p>\n<p><a href=\"https:\/\/www.compromisorse.com\/rse\/2019\/02\/01\/el-corte-ingles-se-compromete-con-las-victimas-de-violencia-de-genero\/\">El Corte Ingl\u00e9s se compromete con las v\u00edctimas de\u00a0violencia de g\u00e9nero<\/a>&#8211;\u00a0CompromisoRSE<strong>\u00a0<\/strong><\/p>\n<p><strong>Actualidad<\/strong><\/p>\n<p><a href=\"https:\/\/www.publico.es\/sociedad\/prostitucion-obligado-dar-alta-seguridad-social-mujeres-prostibulo.html\">Obligado a dar de alta en la Seguridad Social a las mujeres que trabajan en su prost\u00edbulo<\/a>\u00a0&#8211; P\u00fablico<\/p>\n<p><a href=\"https:\/\/www.elconfidencial.com\/alma-corazon-vida\/2019-02-01\/mujeres-viajes-solas-hombres-mundo-razones_1784026\/\">Por qu\u00e9 las\u00a0mujeres\u00a0viajan solas mucho m\u00e1s a menudo que los &#8230;<\/a>&#8211;\u00a0El Confidencial<\/p>\n<p><strong>Violencias<\/strong><\/p>\n<p><a href=\"https:\/\/elpais.com\/sociedad\/2019\/01\/31\/actualidad\/1548964405_836516.html\">La partida para las pulseras de maltratadores sube un 43% en los presupuestos de 2019<\/a>\u2013 El Pa\u00eds<strong>\u00a0<\/strong><\/p>\n<p><strong>Ciencia y Cultura<\/strong><\/p>\n<p><a href=\"https:\/\/www.google.com\/url?rct=j&amp;sa=t&amp;url=http:\/\/www.rtve.es\/noticias\/20190131\/goya-reflejo-desventaja-mujeres-cine-espanol\/1873381.shtml&amp;ct=ga&amp;cd=CAEYASoUMTQzOTcwNDU2MTM4ODQ2NDg4MTAyGWMwMzcyZWJjMmZlYWRhNTk6ZXM6ZXM6RVM&amp;usg=AFQjCNHI5xwnI1MeZUE7Wi7gjK27aVFafw\">Los Goya, un reflejo de la desventaja de las\u00a0mujeres en\u00a0el cine espa\u00f1ol<\/a>\u00a0&#8211;\u00a0Rtve<a href=\"https:\/\/www.elmundo.es\/cultura\/teatro\/2019\/02\/01\/5c5361f4fdddff039f8b4637.html\"><br \/>\nVictorina Dur\u00e1n, la compa\u00f1era de estudios de Maruja Mallo, Rosa Chacel y Dal\u00ed que reivindicaba el amor libre<\/a>\u00a0\u2013 El Mundo<\/p>\n<p><a href=\"https:\/\/tribunafeminista.elplural.com\/2019\/02\/pte-4-000-anos-de-violencia-contra-las-mujeres-una-guerra-que-aun-no-ha-terminado\/\">4.000 a\u00f1os de violencia contra las\u00a0mujeres\u00a0una guerra que a\u00fan no ha terminado &#8230;<\/a>&#8211;\u00a0<a href=\"http:\/\/elplural.com\/\">elplural.com<\/a><\/p>\n<p><a href=\"https:\/\/look.okdiario.com\/actualidad\/2019\/01\/31\/pastora-vega-mujeres-50-601582\">La reivindicaci\u00f3n de Pastora Vega para las\u00a0mujeres\u00a0de m\u00e1s de 50 a\u00f1os\u2026<\/a>&#8211;\u00a0Look<\/p>\n<p><strong>Deporte<\/strong><\/p>\n<p><a href=\"https:\/\/www.lasexta.com\/programas\/donde-estabas-entonces\/mejores-momentos\/era-la-ultima-oportunidad-porque-me-retiraba-asi-vivio-blanca-fernandez-ochoa-los-juegos-en-los-que-consiguio-la-primera-medalla-del-deporte-femenino-video_201901315c53737a0cf2be7ee4844d18.html\">\u00abEra la \u00faltima oportunidad porque me retiraba\u00bb: as\u00ed vivi\u00f3 Blanca Fern\u00e1ndez Ochoa &#8230;<\/a>&#8211;\u00a0LaSexta<\/p>\n<p>&nbsp;<\/p>\n<p>[\/toggle]<\/p>\n<p>[toggle type=\u00bbfirst\u00bb title=\u00bbInternacional\u00bb]<\/p>\n<p><a href=\"https:\/\/www.google.com\/url?rct=j&amp;sa=t&amp;url=https:\/\/ecodiario.eleconomista.es\/ecoaula\/noticias\/9670758\/01\/19\/Brecha-de-genero-Solo-el-30-de-los-profesionales-del-sector-de-las-TIC-en-Europa-son-mujeres.html&amp;ct=ga&amp;cd=CAEYAioUMTYyMTA3MzIyMjYwMDM3NjE2OTQyGWMwMzcyZWJjMmZlYWRhNTk6ZXM6ZXM6RVM&amp;usg=AFQjCNEYRihLPTMNR7vbmZO0n-5H5qBAhQ\">Brecha de g\u00e9nero: Solo el 30% de los profesionales del sector de las TIC en Europa son\u00a0mujeres<\/a>&#8211;\u00a0Ecodiario<\/p>\n<p><a href=\"https:\/\/www.abc.es\/sociedad\/abci-mas-300000-mujeres-perdieron-vida-2018-cancer-cervical-201901311308_noticia.html\">M\u00e1s de 300.000\u00a0mujeres\u00a0perdieron la vida en 2018 por el c\u00e1ncer cervical &#8230;<\/a>&#8211;\u00a0Abc.es<a href=\"https:\/\/www.eldiario.es\/desalambre\/mujeres-rohingyas-mordiscos-decian-violado_0_863014588.html\"><br \/>\nRazia Sultana, investigadora rohingya: \u201cHe visto a\u00a0mujeres\u00a0rohingyas con mordiscos, ni\u00f1as que dicen que solo las han violado tres veces&#8230;<\/a>&#8211;\u00a0<a href=\"http:\/\/eldiario.es\/\">eldiario.es<\/a><\/p>\n<p><a href=\"https:\/\/www.europapress.es\/internacional\/noticia-manifestantes-surcoreanos-protestan-mujeres-confort-embajada-japon-20190201063835.html\">Manifestantes surcoreanos protestan por las &#8216;mujeres\u00a0de confort&#8217; en la embajada de Jap\u00f3n &#8230;<\/a>&#8211;\u00a0Europa Press<\/p>\n<p><a href=\"https:\/\/elpais.com\/elpais\/2019\/01\/21\/mamas_papas\/1548083356_004950.html\">Jacqueline Rose: \u201cLa culpa materna es tan in\u00fatil como omnipresente\u201d<\/a>\u00a0\u2013 El Pa\u00eds<\/p>\n<p><a href=\"https:\/\/elpais.com\/cultura\/2019\/01\/31\/actualidad\/1548949754_014889.html\">El derecho a ser malas<\/a>\u00a0\u2013 El Pa\u00eds<\/p>\n<p><a href=\"http:\/\/www.elmundo.es\/cataluna\/2019\/01\/31\/5c534366fc6c830f238b468a.html\">Claudia Pi\u00f1eiro, escritora: \u00abEn Argentina no se pod\u00eda decir aborto\u00bb<\/a>\u00a0\u2013\u00a0El Mundo<\/p>\n<p><a href=\"https:\/\/elcomercio.pe\/viu\/actitud-viu\/edith-head-mujer-estatuillas-oscar-historia-noticia-603210\">Edith Head: la\u00a0mujer\u00a0con m\u00e1s estatuillas del Oscar en la historia<\/a>&#8211;\u00a0El Comercio<\/p>\n<p>[\/toggle]<\/p>\n<\/div>\n<\/div>\n<\/div>\n<\/div>\n<\/div>\n<\/div>\n","protected":false},"excerpt":{"rendered":"<p>Igualdad duplicar\u00e1 el presupuesto destinado a fomentar las vocaciones cient\u00edficas <a href=\"https:\/\/cklcomunicaciones.es\/coop\/noticias-info-ckl-no-2-276-01-02-19\/\">[&#8230;]<\/a><\/p>\n","protected":false},"author":3,"featured_media":0,"comment_status":"closed","ping_status":"closed","sticky":false,"template":"","format":"standard","meta":{"footnotes":""},"categories":[298,623],"tags":[],"class_list":["post-14398","post","type-post","status-publish","format-standard","hentry","category-newsletter","category-nwl-2-0"],"yoast_head":"<!-- This site is optimized with the Yoast SEO plugin v27.5 - https:\/\/yoast.com\/product\/yoast-seo-wordpress\/ -->\n<title>Noticias Info CKL n\u00ba 2.276-01\/02\/19-Comunicar con perspectiva de g\u00e9nero<\/title>\n<meta name=\"description\" content=\"Comunicar con perspectiva de g\u00e9nero: Igualdad duplicar\u00e1 el presupuesto destinado a fomentar las vocaciones cient\u00edficas en chicas j\u00f3venes-Seis mujeres asesinadas en enero-Ciclo UPO &#039;Las mujeres como transmisoras del flamenco&quot;-Periodismo perentorio\" \/>\n<meta name=\"robots\" content=\"index, follow, max-snippet:-1, max-image-preview:large, max-video-preview:-1\" \/>\n<link rel=\"canonical\" href=\"https:\/\/cklcomunicaciones.es\/coop\/noticias-info-ckl-no-2-276-01-02-19\/\" \/>\n<meta property=\"og:locale\" content=\"es_ES\" \/>\n<meta property=\"og:type\" content=\"article\" \/>\n<meta property=\"og:title\" content=\"Noticias Info CKL n\u00ba 2.276-01\/02\/19-Comunicar con perspectiva de g\u00e9nero\" \/>\n<meta property=\"og:description\" content=\"Comunicar con perspectiva de g\u00e9nero: Igualdad duplicar\u00e1 el presupuesto destinado a fomentar las vocaciones cient\u00edficas en chicas j\u00f3venes-Seis mujeres asesinadas en enero-Ciclo UPO &#039;Las mujeres como transmisoras del flamenco&quot;-Periodismo perentorio\" \/>\n<meta property=\"og:url\" content=\"https:\/\/cklcomunicaciones.es\/coop\/noticias-info-ckl-no-2-276-01-02-19\/\" \/>\n<meta property=\"og:site_name\" content=\"CKL Comunicaciones\" \/>\n<meta property=\"article:published_time\" content=\"2019-01-31T12:25:36+00:00\" \/>\n<meta property=\"article:modified_time\" content=\"2025-01-17T15:43:26+00:00\" \/>\n<meta property=\"og:image\" content=\"https:\/\/cklcomunicaciones.es\/coop\/wp-content\/uploads\/2018\/03\/CKL_comunicacion-con-perspetiva-de-genero.jpg\" \/>\n\t<meta property=\"og:image:width\" content=\"500\" \/>\n\t<meta property=\"og:image:height\" content=\"500\" \/>\n\t<meta property=\"og:image:type\" content=\"image\/jpeg\" \/>\n<meta name=\"author\" content=\"ckl\" \/>\n<meta name=\"twitter:card\" content=\"summary_large_image\" \/>\n<meta name=\"twitter:label1\" content=\"Escrito por\" \/>\n\t<meta name=\"twitter:data1\" content=\"ckl\" \/>\n\t<meta name=\"twitter:label2\" content=\"Tiempo de lectura\" \/>\n\t<meta name=\"twitter:data2\" content=\"4 minutos\" \/>\n<script type=\"application\/ld+json\" class=\"yoast-schema-graph\">{\"@context\":\"https:\\\/\\\/schema.org\",\"@graph\":[{\"@type\":\"Article\",\"@id\":\"https:\\\/\\\/cklcomunicaciones.es\\\/coop\\\/noticias-info-ckl-no-2-276-01-02-19\\\/#article\",\"isPartOf\":{\"@id\":\"https:\\\/\\\/cklcomunicaciones.es\\\/coop\\\/noticias-info-ckl-no-2-276-01-02-19\\\/\"},\"author\":{\"name\":\"ckl\",\"@id\":\"https:\\\/\\\/cklcomunicaciones.es\\\/coop\\\/#\\\/schema\\\/person\\\/929a6837f7626450bbb50cee1aef266e\"},\"headline\":\"Noticias Info CKL n\u00ba 2.276-01\\\/02\\\/19\",\"datePublished\":\"2019-01-31T12:25:36+00:00\",\"dateModified\":\"2025-01-17T15:43:26+00:00\",\"mainEntityOfPage\":{\"@id\":\"https:\\\/\\\/cklcomunicaciones.es\\\/coop\\\/noticias-info-ckl-no-2-276-01-02-19\\\/\"},\"wordCount\":849,\"image\":{\"@id\":\"https:\\\/\\\/cklcomunicaciones.es\\\/coop\\\/noticias-info-ckl-no-2-276-01-02-19\\\/#primaryimage\"},\"thumbnailUrl\":\"http:\\\/\\\/www.cklcomunicaciones.es\\\/wp-content\\\/uploads\\\/2018\\\/03\\\/CKL_comunicacion-con-perspetiva-de-genero-300x300.jpg\",\"articleSection\":[\"Newsletter\",\"Nwl v2.0\"],\"inLanguage\":\"es\"},{\"@type\":\"WebPage\",\"@id\":\"https:\\\/\\\/cklcomunicaciones.es\\\/coop\\\/noticias-info-ckl-no-2-276-01-02-19\\\/\",\"url\":\"https:\\\/\\\/cklcomunicaciones.es\\\/coop\\\/noticias-info-ckl-no-2-276-01-02-19\\\/\",\"name\":\"Noticias Info CKL n\u00ba 2.276-01\\\/02\\\/19-Comunicar con perspectiva de g\u00e9nero\",\"isPartOf\":{\"@id\":\"https:\\\/\\\/cklcomunicaciones.es\\\/coop\\\/#website\"},\"primaryImageOfPage\":{\"@id\":\"https:\\\/\\\/cklcomunicaciones.es\\\/coop\\\/noticias-info-ckl-no-2-276-01-02-19\\\/#primaryimage\"},\"image\":{\"@id\":\"https:\\\/\\\/cklcomunicaciones.es\\\/coop\\\/noticias-info-ckl-no-2-276-01-02-19\\\/#primaryimage\"},\"thumbnailUrl\":\"http:\\\/\\\/www.cklcomunicaciones.es\\\/wp-content\\\/uploads\\\/2018\\\/03\\\/CKL_comunicacion-con-perspetiva-de-genero-300x300.jpg\",\"datePublished\":\"2019-01-31T12:25:36+00:00\",\"dateModified\":\"2025-01-17T15:43:26+00:00\",\"author\":{\"@id\":\"https:\\\/\\\/cklcomunicaciones.es\\\/coop\\\/#\\\/schema\\\/person\\\/929a6837f7626450bbb50cee1aef266e\"},\"description\":\"Comunicar con perspectiva de g\u00e9nero: Igualdad duplicar\u00e1 el presupuesto destinado a fomentar las vocaciones cient\u00edficas en chicas j\u00f3venes-Seis mujeres asesinadas en enero-Ciclo UPO 'Las mujeres como transmisoras del flamenco\\\"-Periodismo perentorio\",\"breadcrumb\":{\"@id\":\"https:\\\/\\\/cklcomunicaciones.es\\\/coop\\\/noticias-info-ckl-no-2-276-01-02-19\\\/#breadcrumb\"},\"inLanguage\":\"es\",\"potentialAction\":[{\"@type\":\"ReadAction\",\"target\":[\"https:\\\/\\\/cklcomunicaciones.es\\\/coop\\\/noticias-info-ckl-no-2-276-01-02-19\\\/\"]}]},{\"@type\":\"ImageObject\",\"inLanguage\":\"es\",\"@id\":\"https:\\\/\\\/cklcomunicaciones.es\\\/coop\\\/noticias-info-ckl-no-2-276-01-02-19\\\/#primaryimage\",\"url\":\"http:\\\/\\\/www.cklcomunicaciones.es\\\/wp-content\\\/uploads\\\/2018\\\/03\\\/CKL_comunicacion-con-perspetiva-de-genero-300x300.jpg\",\"contentUrl\":\"http:\\\/\\\/www.cklcomunicaciones.es\\\/wp-content\\\/uploads\\\/2018\\\/03\\\/CKL_comunicacion-con-perspetiva-de-genero-300x300.jpg\"},{\"@type\":\"BreadcrumbList\",\"@id\":\"https:\\\/\\\/cklcomunicaciones.es\\\/coop\\\/noticias-info-ckl-no-2-276-01-02-19\\\/#breadcrumb\",\"itemListElement\":[{\"@type\":\"ListItem\",\"position\":1,\"name\":\"Portada\",\"item\":\"https:\\\/\\\/cklcomunicaciones.es\\\/coop\\\/\"},{\"@type\":\"ListItem\",\"position\":2,\"name\":\"Noticias Info CKL n\u00ba 2.276-01\\\/02\\\/19\"}]},{\"@type\":\"WebSite\",\"@id\":\"https:\\\/\\\/cklcomunicaciones.es\\\/coop\\\/#website\",\"url\":\"https:\\\/\\\/cklcomunicaciones.es\\\/coop\\\/\",\"name\":\"CKL Comunicaciones\",\"description\":\"Sitio web de CKL Comunicaciones coop , la consultora de comunicaci\u00f3n y estrategia\",\"potentialAction\":[{\"@type\":\"SearchAction\",\"target\":{\"@type\":\"EntryPoint\",\"urlTemplate\":\"https:\\\/\\\/cklcomunicaciones.es\\\/coop\\\/?s={search_term_string}\"},\"query-input\":{\"@type\":\"PropertyValueSpecification\",\"valueRequired\":true,\"valueName\":\"search_term_string\"}}],\"inLanguage\":\"es\"},{\"@type\":\"Person\",\"@id\":\"https:\\\/\\\/cklcomunicaciones.es\\\/coop\\\/#\\\/schema\\\/person\\\/929a6837f7626450bbb50cee1aef266e\",\"name\":\"ckl\",\"image\":{\"@type\":\"ImageObject\",\"inLanguage\":\"es\",\"@id\":\"https:\\\/\\\/secure.gravatar.com\\\/avatar\\\/c82db564e8a669bf6023357a157b9dc4780f4d4c618f2ad1d71a6a5dede45057?s=96&d=mm&r=g\",\"url\":\"https:\\\/\\\/secure.gravatar.com\\\/avatar\\\/c82db564e8a669bf6023357a157b9dc4780f4d4c618f2ad1d71a6a5dede45057?s=96&d=mm&r=g\",\"contentUrl\":\"https:\\\/\\\/secure.gravatar.com\\\/avatar\\\/c82db564e8a669bf6023357a157b9dc4780f4d4c618f2ad1d71a6a5dede45057?s=96&d=mm&r=g\",\"caption\":\"ckl\"},\"url\":\"https:\\\/\\\/cklcomunicaciones.es\\\/coop\\\/author\\\/cklcomunicaciones\\\/\"}]}<\/script>\n<!-- \/ Yoast SEO plugin. -->","yoast_head_json":{"title":"Noticias Info CKL n\u00ba 2.276-01\/02\/19-Comunicar con perspectiva de g\u00e9nero","description":"Comunicar con perspectiva de g\u00e9nero: Igualdad duplicar\u00e1 el presupuesto destinado a fomentar las vocaciones cient\u00edficas en chicas j\u00f3venes-Seis mujeres asesinadas en enero-Ciclo UPO 'Las mujeres como transmisoras del flamenco\"-Periodismo perentorio","robots":{"index":"index","follow":"follow","max-snippet":"max-snippet:-1","max-image-preview":"max-image-preview:large","max-video-preview":"max-video-preview:-1"},"canonical":"https:\/\/cklcomunicaciones.es\/coop\/noticias-info-ckl-no-2-276-01-02-19\/","og_locale":"es_ES","og_type":"article","og_title":"Noticias Info CKL n\u00ba 2.276-01\/02\/19-Comunicar con perspectiva de g\u00e9nero","og_description":"Comunicar con perspectiva de g\u00e9nero: Igualdad duplicar\u00e1 el presupuesto destinado a fomentar las vocaciones cient\u00edficas en chicas j\u00f3venes-Seis mujeres asesinadas en enero-Ciclo UPO 'Las mujeres como transmisoras del flamenco\"-Periodismo perentorio","og_url":"https:\/\/cklcomunicaciones.es\/coop\/noticias-info-ckl-no-2-276-01-02-19\/","og_site_name":"CKL Comunicaciones","article_published_time":"2019-01-31T12:25:36+00:00","article_modified_time":"2025-01-17T15:43:26+00:00","og_image":[{"width":500,"height":500,"url":"https:\/\/cklcomunicaciones.es\/coop\/wp-content\/uploads\/2018\/03\/CKL_comunicacion-con-perspetiva-de-genero.jpg","type":"image\/jpeg"}],"author":"ckl","twitter_card":"summary_large_image","twitter_misc":{"Escrito por":"ckl","Tiempo de lectura":"4 minutos"},"schema":{"@context":"https:\/\/schema.org","@graph":[{"@type":"Article","@id":"https:\/\/cklcomunicaciones.es\/coop\/noticias-info-ckl-no-2-276-01-02-19\/#article","isPartOf":{"@id":"https:\/\/cklcomunicaciones.es\/coop\/noticias-info-ckl-no-2-276-01-02-19\/"},"author":{"name":"ckl","@id":"https:\/\/cklcomunicaciones.es\/coop\/#\/schema\/person\/929a6837f7626450bbb50cee1aef266e"},"headline":"Noticias Info CKL n\u00ba 2.276-01\/02\/19","datePublished":"2019-01-31T12:25:36+00:00","dateModified":"2025-01-17T15:43:26+00:00","mainEntityOfPage":{"@id":"https:\/\/cklcomunicaciones.es\/coop\/noticias-info-ckl-no-2-276-01-02-19\/"},"wordCount":849,"image":{"@id":"https:\/\/cklcomunicaciones.es\/coop\/noticias-info-ckl-no-2-276-01-02-19\/#primaryimage"},"thumbnailUrl":"http:\/\/www.cklcomunicaciones.es\/wp-content\/uploads\/2018\/03\/CKL_comunicacion-con-perspetiva-de-genero-300x300.jpg","articleSection":["Newsletter","Nwl v2.0"],"inLanguage":"es"},{"@type":"WebPage","@id":"https:\/\/cklcomunicaciones.es\/coop\/noticias-info-ckl-no-2-276-01-02-19\/","url":"https:\/\/cklcomunicaciones.es\/coop\/noticias-info-ckl-no-2-276-01-02-19\/","name":"Noticias Info CKL n\u00ba 2.276-01\/02\/19-Comunicar con perspectiva de g\u00e9nero","isPartOf":{"@id":"https:\/\/cklcomunicaciones.es\/coop\/#website"},"primaryImageOfPage":{"@id":"https:\/\/cklcomunicaciones.es\/coop\/noticias-info-ckl-no-2-276-01-02-19\/#primaryimage"},"image":{"@id":"https:\/\/cklcomunicaciones.es\/coop\/noticias-info-ckl-no-2-276-01-02-19\/#primaryimage"},"thumbnailUrl":"http:\/\/www.cklcomunicaciones.es\/wp-content\/uploads\/2018\/03\/CKL_comunicacion-con-perspetiva-de-genero-300x300.jpg","datePublished":"2019-01-31T12:25:36+00:00","dateModified":"2025-01-17T15:43:26+00:00","author":{"@id":"https:\/\/cklcomunicaciones.es\/coop\/#\/schema\/person\/929a6837f7626450bbb50cee1aef266e"},"description":"Comunicar con perspectiva de g\u00e9nero: Igualdad duplicar\u00e1 el presupuesto destinado a fomentar las vocaciones cient\u00edficas en chicas j\u00f3venes-Seis mujeres asesinadas en enero-Ciclo UPO 'Las mujeres como transmisoras del flamenco\"-Periodismo perentorio","breadcrumb":{"@id":"https:\/\/cklcomunicaciones.es\/coop\/noticias-info-ckl-no-2-276-01-02-19\/#breadcrumb"},"inLanguage":"es","potentialAction":[{"@type":"ReadAction","target":["https:\/\/cklcomunicaciones.es\/coop\/noticias-info-ckl-no-2-276-01-02-19\/"]}]},{"@type":"ImageObject","inLanguage":"es","@id":"https:\/\/cklcomunicaciones.es\/coop\/noticias-info-ckl-no-2-276-01-02-19\/#primaryimage","url":"http:\/\/www.cklcomunicaciones.es\/wp-content\/uploads\/2018\/03\/CKL_comunicacion-con-perspetiva-de-genero-300x300.jpg","contentUrl":"http:\/\/www.cklcomunicaciones.es\/wp-content\/uploads\/2018\/03\/CKL_comunicacion-con-perspetiva-de-genero-300x300.jpg"},{"@type":"BreadcrumbList","@id":"https:\/\/cklcomunicaciones.es\/coop\/noticias-info-ckl-no-2-276-01-02-19\/#breadcrumb","itemListElement":[{"@type":"ListItem","position":1,"name":"Portada","item":"https:\/\/cklcomunicaciones.es\/coop\/"},{"@type":"ListItem","position":2,"name":"Noticias Info CKL n\u00ba 2.276-01\/02\/19"}]},{"@type":"WebSite","@id":"https:\/\/cklcomunicaciones.es\/coop\/#website","url":"https:\/\/cklcomunicaciones.es\/coop\/","name":"CKL Comunicaciones","description":"Sitio web de CKL Comunicaciones coop , la consultora de comunicaci\u00f3n y estrategia","potentialAction":[{"@type":"SearchAction","target":{"@type":"EntryPoint","urlTemplate":"https:\/\/cklcomunicaciones.es\/coop\/?s={search_term_string}"},"query-input":{"@type":"PropertyValueSpecification","valueRequired":true,"valueName":"search_term_string"}}],"inLanguage":"es"},{"@type":"Person","@id":"https:\/\/cklcomunicaciones.es\/coop\/#\/schema\/person\/929a6837f7626450bbb50cee1aef266e","name":"ckl","image":{"@type":"ImageObject","inLanguage":"es","@id":"https:\/\/secure.gravatar.com\/avatar\/c82db564e8a669bf6023357a157b9dc4780f4d4c618f2ad1d71a6a5dede45057?s=96&d=mm&r=g","url":"https:\/\/secure.gravatar.com\/avatar\/c82db564e8a669bf6023357a157b9dc4780f4d4c618f2ad1d71a6a5dede45057?s=96&d=mm&r=g","contentUrl":"https:\/\/secure.gravatar.com\/avatar\/c82db564e8a669bf6023357a157b9dc4780f4d4c618f2ad1d71a6a5dede45057?s=96&d=mm&r=g","caption":"ckl"},"url":"https:\/\/cklcomunicaciones.es\/coop\/author\/cklcomunicaciones\/"}]}},"_links":{"self":[{"href":"https:\/\/cklcomunicaciones.es\/coop\/wp-json\/wp\/v2\/posts\/14398","targetHints":{"allow":["GET"]}}],"collection":[{"href":"https:\/\/cklcomunicaciones.es\/coop\/wp-json\/wp\/v2\/posts"}],"about":[{"href":"https:\/\/cklcomunicaciones.es\/coop\/wp-json\/wp\/v2\/types\/post"}],"author":[{"embeddable":true,"href":"https:\/\/cklcomunicaciones.es\/coop\/wp-json\/wp\/v2\/users\/3"}],"replies":[{"embeddable":true,"href":"https:\/\/cklcomunicaciones.es\/coop\/wp-json\/wp\/v2\/comments?post=14398"}],"version-history":[{"count":0,"href":"https:\/\/cklcomunicaciones.es\/coop\/wp-json\/wp\/v2\/posts\/14398\/revisions"}],"wp:attachment":[{"href":"https:\/\/cklcomunicaciones.es\/coop\/wp-json\/wp\/v2\/media?parent=14398"}],"wp:term":[{"taxonomy":"category","embeddable":true,"href":"https:\/\/cklcomunicaciones.es\/coop\/wp-json\/wp\/v2\/categories?post=14398"},{"taxonomy":"post_tag","embeddable":true,"href":"https:\/\/cklcomunicaciones.es\/coop\/wp-json\/wp\/v2\/tags?post=14398"}],"curies":[{"name":"wp","href":"https:\/\/api.w.org\/{rel}","templated":true}]}}