{"id":14391,"date":"2019-01-28T14:58:26","date_gmt":"2019-01-28T13:58:26","guid":{"rendered":"http:\/\/www.cklcomunicaciones.es\/?p=14391"},"modified":"2025-01-17T16:43:27","modified_gmt":"2025-01-17T15:43:27","slug":"noticias-info-ckl-no-2-272-28-01-19","status":"publish","type":"post","link":"https:\/\/cklcomunicaciones.es\/coop\/noticias-info-ckl-no-2-272-28-01-19\/","title":{"rendered":"Noticias Info CKL n\u00ba 2.272-28\/01\/19"},"content":{"rendered":"<div id=\"pl-14391\"  class=\"panel-layout\" >\n<div id=\"pg-14391-0\"  class=\"panel-grid panel-no-style\"  data-style=\"{&quot;background_image_attachment&quot;:false,&quot;background_display&quot;:&quot;tile&quot;,&quot;cell_alignment&quot;:&quot;flex-start&quot;}\" >\n<div id=\"pgc-14391-0-0\"  class=\"panel-grid-cell\"  data-weight=\"1\" >\n<div id=\"panel-14391-0-0-0\" class=\"so-panel widget widget_sow-editor panel-first-child panel-last-child\" data-index=\"0\" data-style=\"{&quot;background_image_attachment&quot;:false,&quot;background_display&quot;:&quot;tile&quot;}\" >\n<div class=\"so-widget-sow-editor so-widget-sow-editor-base\">\n<div class=\"siteorigin-widget-tinymce textwidget\">\n<p><img decoding=\"async\" class=\"lazyload  wp-image-13726\" src=\"http:\/\/www.cklcomunicaciones.es\/wp-content\/uploads\/2018\/03\/CKL_comunicacion-con-perspetiva-de-genero-300x300.jpg\" data-orig-src=\"http:\/\/www.cklcomunicaciones.es\/wp-content\/uploads\/2018\/03\/CKL_comunicacion-con-perspetiva-de-genero-300x300.jpg\" alt=\"CKL_comunicacion con perspetiva de genero\" width=\"132\" height=\"132\" srcset=\"data:image\/svg+xml,%3Csvg%20xmlns%3D%27http%3A%2F%2Fwww.w3.org%2F2000%2Fsvg%27%20width%3D%27132%27%20height%3D%27132%27%20viewBox%3D%270%200%20132%20132%27%3E%3Crect%20width%3D%27132%27%20height%3D%27132%27%20fill-opacity%3D%220%22%2F%3E%3C%2Fsvg%3E\" data-srcset=\"https:\/\/cklcomunicaciones.es\/coop\/wp-content\/uploads\/2018\/03\/CKL_comunicacion-con-perspetiva-de-genero-150x150.jpg 150w, https:\/\/cklcomunicaciones.es\/coop\/wp-content\/uploads\/2018\/03\/CKL_comunicacion-con-perspetiva-de-genero-300x300.jpg 300w, https:\/\/cklcomunicaciones.es\/coop\/wp-content\/uploads\/2018\/03\/CKL_comunicacion-con-perspetiva-de-genero-450x450.jpg 450w, https:\/\/cklcomunicaciones.es\/coop\/wp-content\/uploads\/2018\/03\/CKL_comunicacion-con-perspetiva-de-genero.jpg 500w\" data-sizes=\"auto\" data-orig-sizes=\"(max-width: 132px) 100vw, 132px\" \/><\/p>\n<p id=\":49h\" class=\"hP\" tabindex=\"-1\" data-thread-perm-id=\"thread-f:1620470658956742117\" data-legacy-thread-id=\"167d117a8c0f4de5\"><strong>Baubent:\u00bbM\u00e1s pedagog\u00eda y formaci\u00f3n\u00bb ante los ataques a las pol\u00edticas de igualdadEl rostro de la renta m\u00ednima: mujer, espa\u00f1ola, de 35 a 44 a\u00f1os-Ingenio (in)visible: inventos de cient\u00edficas que mejoraron el mundo<\/strong><\/p>\n<p tabindex=\"-1\" data-thread-perm-id=\"thread-f:1620470658956742117\" data-legacy-thread-id=\"167d117a8c0f4de5\">[toggle type=\u00bbfirst\u00bb title=\u00bbRecomendaciones\u00bb]<\/p>\n<ul>\n<li>Exposici\u00f3n de Manal AlDowayan la artista saud\u00ed que habla sobre las mujeres. M\u00e1s informaci\u00f3n:\u00a0<a href=\"https:\/\/masdecultura.com\/arte\/manal-aldowayan-la-artista-saudi-que-habla-sobre-las-mujeres\/\">https:\/\/masdecultura.com\/arte\/manal-aldowayan-la-artista-saudi-que-habla-sobre-las-mujeres\/<\/a><\/li>\n<\/ul>\n<p tabindex=\"-1\" data-thread-perm-id=\"thread-f:1620470658956742117\" data-legacy-thread-id=\"167d117a8c0f4de5\">[\/toggle]<\/p>\n<p>[toggle type=\u00bbfirst\u00bb title=\u00bbConvocatorias\u00bb]<\/p>\n<ul>\n<li><a href=\"https:\/\/www.sevilla.org\/servicios\/mujer-igualdad\/subvenciones-premios-y-concursos\/convocatoria-publica-de-subvenciones-a-asociaciones-colectivos-y-entidades-para-proyectos-de-sensibilizacion-prevencion-y-asesoramiento-a-mujeres-victimas-de-agresiones-sexuales\">Subvenciones destinada a asociaciones, colectivos y entidades privadas sin \u00e1nimo de lucro, que desarrollen proyectos para la sensibilizaci\u00f3n, prevenci\u00f3n y\/o el asesoramiento a mujeres v\u00edctimas de agresiones sexuales o cualquier otra forma de violencia sexuales<\/a>. Ayuntamiento de\u00a0Sevilla. Plazo hasta el\u00a014 de febrero<\/li>\n<\/ul>\n<p>[\/toggle]<\/p>\n<p>[toggle type=\u00bbfirst\u00bb title=\u00bbComunicaci\u00f3n\u00bb]<\/p>\n<p><a href=\"https:\/\/www.google.com\/url?rct=j&amp;sa=t&amp;url=https:\/\/elpais.com\/cultura\/2019\/01\/25\/actualidad\/1548430867_954213.html&amp;ct=ga&amp;cd=CAEYAyoSOTU1NzUzMDY5NzQ4MDM3OTY3MhljMDM3MmViYzJmZWFkYTU5OmVzOmVzOkVT&amp;usg=AFQjCNF-Lp7Zg7igc4XRUFtDVgFsFNj0SQ\">Adriana Vald\u00e9s, Directora de la Real Academia de la Lengua Chilena: \u201cEl espa\u00f1ol est\u00e1ndar es pobre: se pierden giros y riquezas locales\u201d<\/a>&#8211;\u00a0El Pa\u00eds<\/p>\n<p><a href=\"https:\/\/www.google.com\/url?rct=j&amp;sa=t&amp;url=https:\/\/elpais.com\/cultura\/2019\/01\/27\/actualidad\/1548597347_879109.html&amp;ct=ga&amp;cd=CAEYCSoUMTYzMjE4MDc5Njg5NDU2MzMxMDUyGWMwMzcyZWJjMmZlYWRhNTk6ZXM6ZXM6RVM&amp;usg=AFQjCNFNi3CI_sEoIAYua3zq4uQGmrYyHg\">\u201cLa reforma inclusiva de la Constituci\u00f3n debe ser pol\u00edtica, no asunto de la RAE\u201d<\/a>&#8211; El Pa\u00eds<\/p>\n<p><a href=\"https:\/\/www.abc.es\/play\/television\/noticias\/abci-consejo-audiovisual-andalucia-analizara-tratamiento-mediatico-caso-julen-201901280958_noticia.html\">El Consejo Audiovisual de\u00a0Andaluc\u00eda\u00a0analizar\u00e1 el tratamiento &#8230;<\/a>&#8211;\u00a0Abc.es<\/p>\n<p><a href=\"https:\/\/elpais.com\/cultura\/2019\/01\/26\/actualidad\/1548514109_568316.html\">Mejor el m\u00f3vil que un libro: as\u00ed muere la lectura a los 15<\/a>&#8211;\u00a0El Pa\u00eds<\/p>\n<p><a href=\"https:\/\/www.heraldo.es\/noticias\/economia\/2019\/01\/28\/con-reto-atraer-mas-mujeres-las-tic-1289638-309.html\">Con el reto de atraer m\u00e1s\u00a0mujeres\u00a0a las Tic<\/a>&#8211;\u00a0Heraldo.es<\/p>\n<p>[\/toggle]<\/p>\n<p>[toggle type=\u00bbfirst\u00bb title=\u00bbAndaluc\u00eda\u00bb]<\/p>\n<p><strong>Institucional<\/strong><\/p>\n<p><a href=\"https:\/\/www.google.com\/url?rct=j&amp;sa=t&amp;url=https:\/\/www.lasexta.com\/programas\/el-objetivo\/noticias\/juanma-moreno-soy-feminista-dependiendo-de-lo-que-se-interprete-por-feminismo-video_201901275c4e23cd0cf27c1b47fbc6f9.html&amp;ct=ga&amp;cd=CAEYAioUMTYzMjE4MDc5Njg5NDU2MzMxMDUyGWMwMzcyZWJjMmZlYWRhNTk6ZXM6ZXM6RVM&amp;usg=AFQjCNFcH0xHkIcEJUfTE-xH8nxCoRZgEA\">Juanma Moreno, Presidente de la Junta de Andaluc\u00eda: \u00abSoy feminista dependiendo de lo que se interprete por feminismo\u00bb<\/a>&#8211;\u00a0LaSexta<\/p>\n<p><a href=\"https:\/\/www.europapress.es\/andalucia\/sevilla-00357\/noticia-ruiz-asegura-junta-andalucia-no-va-dar-solo-paso-atras-lucha-contra-violencia-genero-20190128134818.html\">Roc\u00edo Ruiz, Consejera de Igualdad asegura que la Junta de\u00a0Andaluc\u00eda\u00a0no va a dar \u00abni un solo paso atr\u00e1s contra la violencia de g\u00e9nero\u201d\u00a0&#8211;<\/a>Europa Press<\/p>\n<p><strong>Econom\u00eda y Empresas<\/strong><\/p>\n<p><a href=\"https:\/\/www.diariodesevilla.es\/agr_andalucia\/Emprendimiento-Rural_0_1321668084.html\">Lanzando\u00a0emprendedoras\u00a0rurales<\/a>&#8211;\u00a0Diario de Sevilla<\/p>\n<p><a href=\"https:\/\/www.horajaen.com\/2019\/01\/28\/convocadas-mas-de-4-000-plazas-de-enfermeria-para-andalucia\/\">Convocadas m\u00e1s de 4.000 plazas de enfermer\u00eda para\u00a0Andaluc\u00eda<\/a>&#8211;\u00a0HoraJa\u00e9n<\/p>\n<p><a href=\"https:\/\/www.larazon.es\/local\/andalucia\/mas-alla-de-las-4r-de-la-economia-circular-KD21660875\">M\u00e1s all\u00e1 de las 4R de la \u00abeconom\u00eda\u00a0circular\u00bb<\/a>&#8211;\u00a0La Raz\u00f3n<\/p>\n<p><a href=\"http:\/\/www.juntadeandalucia.es\/presidencia\/portavoz\/139824\/juntadeandalucia\/bonificacion\/impuesto\/sucesiones\/donaciones\/consejodegobierno\">La Junta acuerda bonificar al 99% el Impuesto sobre Sucesiones y Donaciones<\/a>\u00a0\u2013 Oficina del Portavoz<\/p>\n<p><strong>Actualidad<\/strong><\/p>\n<p><a href=\"https:\/\/sevilla.abc.es\/andalucia\/jaen\/sevi-colegio-enfermeria-jaen-aplaude-eleccion-lina-garcia-como-nueva-viceconsejera-salud-201901280851_noticia.html\">El Colegio de Enfermer\u00eda de Ja\u00e9n aplaude la elecci\u00f3n de Lina Garc\u00eda como nueva Viceconsejera de Salud&#8230;<\/a>&#8211;\u00a0<a href=\"http:\/\/abcdesevilla.es\/\">abcdesevilla.es<\/a><\/p>\n<p><a href=\"https:\/\/www.granadahoy.com\/granada\/Salobrena-movimiento-metoo-internacional-Baldvin-Islandia_0_1321368056.html\">Salobre\u00f1a, epicentro de una pol\u00e9mica &#8216;MeToo&#8217; internacional<\/a>&#8211;\u00a0Granada Hoy<\/p>\n<p><a href=\"https:\/\/xlsemanal.abc.es\/conocer\/sociedad\/20171014\/educar-las-ninas-no-vean-al-malote-chico-atractivo.html#ns_campaign=rrss-inducido&amp;ns_mchannel=xlsemanal&amp;ns_source=fb&amp;ns_linkname=noticia&amp;ns_fee=0\">Carmen Repullo, soci\u00f3loga: \u201cHay que educar a las ni\u00f1as para que no vean al malote como un chico atractivo\u201d \u2026<\/a>&#8211;\u00a0<a href=\"http:\/\/abc.es\/\">abc.es<\/a><\/p>\n<p><a href=\"https:\/\/www.google.com\/url?rct=j&amp;sa=t&amp;url=http:\/\/www.diariojaen.es\/provincia\/andujar\/ideas-para-proteger-el-medio-ambiente-desde-el-hogar-XA5112202&amp;ct=ga&amp;cd=CAEYCioUMTYyNzcyMjg3MjY1MjQxNDA4MzAyGWMwMzcyZWJjMmZlYWRhNTk6ZXM6ZXM6RVM&amp;usg=AFQjCNHVacOD9eoAieKz2q1rXfiKgGAWDg\">Ideas para proteger el medio ambiente desde el hogar<\/a>&#8211;\u00a0Diario Ja\u00e9n<\/p>\n<p><a href=\"https:\/\/www.cuartopoder.es\/feminismo\/2019\/01\/26\/octavio-salazar-hay-que-cambiar-el-paradigma-de-las-mujeres-como-seres-para-otros\/\">Octavio Salazar, jurista feminista: \u201cHay que cambiar el paradigma de las mujeres como seres para otros\u201d\u2026<\/a>\u00a0-cuartopoder<\/p>\n<p><strong>Violencias<\/strong><\/p>\n<p><a href=\"https:\/\/www.google.com\/url?rct=j&amp;sa=t&amp;url=https:\/\/www.diariobahiadecadiz.com\/noticias\/cadiz\/la-ciudad-de-cadiz-se-dota-de-su-primer-plan-integral-contra-la-violencia-de-genero-y-reserva-presupuesto-para-su-desarrollo\/&amp;ct=ga&amp;cd=CAEYASoTMjA2NTk3MzM5MjczNjUwMDc0NTIZZTJkZWZhN2Q1ZGE5MTU3ZDplczplczpFUw&amp;usg=AFQjCNGzRmzfWPK1Q6lQvs35DnwpwpJTAw\">La ciudad de C\u00e1diz se dota de su primer plan integral contra la\u00a0violencia de g\u00e9nero\u00a0y reserva &#8230;<\/a>&#8211;\u00a0Diario\u00a0Bah\u00eda de C\u00e1diz<\/p>\n<p><a href=\"https:\/\/www.google.com\/url?rct=j&amp;sa=t&amp;url=https:\/\/www.huelvainformacion.es\/huelva\/1134-casos-violencia-machista-activos-VioGen_0_1321668217.html&amp;ct=ga&amp;cd=CAEYFCoTNzI2MzUyNDY4NDI0MTYxNzg0NDIZYzAzNzJlYmMyZmVhZGE1OTplczplczpFUw&amp;usg=AFQjCNHH-94CEEylZPXCBvbuLx3q0XRc0g\">Huelva cierra 2018 con 1.134 casos de terrorismo machista activos en VioG\u00e9n<\/a>&#8211;\u00a0Huelva Informaci\u00f3n<\/p>\n<p><a href=\"https:\/\/sevilla.abc.es\/provincia\/dos-hermanas\/sevi-crimen-hermanas-eleva-asesinatos-machistas-2019-andalucia-201901271344_noticia.html\">El crimen de Dos Hermanas eleva a dos los asesinatos machistas de &#8230;<\/a>&#8211;\u00a0abcdesevilla.es<\/p>\n<p><strong>Ciencia y Cultura<\/strong><\/p>\n<p><a href=\"https:\/\/www.abc.es\/cultura\/abci-remedios-zafra-epoca-desestima-pensamiento-lento-personas-mas-manipulables-201901120056_noticia.html\">Remedios Zafra: \u00abEn una \u00e9poca que desestima el pensamiento lento las personas son m\u00e1s manipulables &#8230;\u00a0-abc<\/a><\/p>\n<p><a href=\"https:\/\/www.eldiario.es\/andalucia\/lacajanegra\/Paris-exposicion-espiritu-Universidad-andaluza_0_860564519.html\">No solo fue Par\u00eds: una exposici\u00f3n retrata el esp\u00edritu de la Universidad\u00a0de Andaluc\u00eda del 68 &#8230;<\/a><strong>&#8211;\u00a0<\/strong>eldiario.es<strong><a href=\"https:\/\/sevilla.abc.es\/andalucia\/cordoba\/sevi-rosalia-tangana-nuevas-musicas-urbanas-llegan-escenarios-cordoba-201901270907_noticia.html\"><br \/>\n<\/a><\/strong><a href=\"https:\/\/sevilla.abc.es\/andalucia\/cordoba\/sevi-rosalia-tangana-nuevas-musicas-urbanas-llegan-escenarios-cordoba-201901270907_noticia.html\">De Rosal\u00eda a C Tangana: las nuevas m\u00fasicas urbanas llegan a los &#8230;<\/a>&#8211;\u00a0abcdesevilla.es<\/p>\n<p><a href=\"https:\/\/www.panoramaaudiovisual.com\/2019\/01\/28\/viaje-al-cuarto-de-una-madre-y-entre-dos-aguas-premios-asecan-cine-andaluz-2019\/\">&#8216;Viaje al cuarto de una madre&#8217; y &#8216;Entre dos aguas&#8217; triunfan en los ASESCAN&#8230;<\/a>&#8211;\u00a0Panorama Audiovisual<strong>\u00a0<\/strong><\/p>\n<p><strong>Deporte<\/strong><\/p>\n<p><a href=\"https:\/\/elpais.com\/deportes\/2019\/01\/27\/actualidad\/1548589062_441977.html\">Carolina Mar\u00edn abandona el Masters de Indonesia con muletas<\/a>\u00a0\u2013\u00a0El Pa\u00eds<\/p>\n<p><a href=\"https:\/\/www.europasur.es\/deportes\/mujeres-Apadis-campeonas-Andalucia_0_1322568075.html\">Las\u00a0mujeres\u00a0de Apadis, campeonas de\u00a0Andaluc\u00eda<\/a>\u00a0&#8211;\u00a0Europa Sur<\/p>\n<p>[\/toggle]<\/p>\n<p>[toggle type=\u00bbfirst\u00bb title=\u00bbEstado\u00bb]<\/p>\n<p><strong>Institucional<\/strong><\/p>\n<p><a href=\"https:\/\/www.google.com\/url?rct=j&amp;sa=t&amp;url=https:\/\/cadenaser.com\/emisora\/2019\/01\/25\/ser_madrid_norte\/1548419369_969392.html&amp;ct=ga&amp;cd=CAEYAyoTNzI2MzUyNDY4NDI0MTYxNzg0NDIZYzAzNzJlYmMyZmVhZGE1OTplczplczpFUw&amp;usg=AFQjCNFkvh0mglaUd8cx6erg_S9XX2pGig\">Silvia Buabent, directora del Instituto de la Mujer \u00abm\u00e1s pedagog\u00eda y formaci\u00f3n\u00bb ante los ataques a las pol\u00edticas de igualdad<\/a>&#8211;\u00a0Cadena SER<strong>\u00a0<\/strong><\/p>\n<p><strong>Institucional-CCAA<\/strong><strong>\u00a0<\/strong><\/p>\n<p><a href=\"https:\/\/www.google.com\/url?rct=j&amp;sa=t&amp;url=http:\/\/elperiodicodeycodendaute.es\/el-gobierno-canario-forma-a-mas-de-500-profesionales-para-mejorar-la-deteccion-de-casos-de-abuso-sexual-a-menores\/&amp;ct=ga&amp;cd=CAEYACoTMjU2MDIwMzUyNTQxNDMwMDk3MzIZZTFlNzdkMTU2MDk4YThlMzplczplczpFUw&amp;usg=AFQjCNGx--FPfS3t1wRzWiYuotn4kRnjaA\">El Gobierno canario forma a m\u00e1s de 500 profesionales para mejorar la detecci\u00f3n de casos de &#8230;<\/a>&#8211;\u00a0El Peri\u00f3dico de Ycoden Daute<\/p>\n<p><a href=\"https:\/\/www.google.com\/url?rct=j&amp;sa=t&amp;url=https:\/\/www.europapress.es\/aragon\/noticia-gobierno-aragon-refuerza-impulso-deporte-femenino-visibilizando-campeonas-autonomicas-20190125140751.html&amp;ct=ga&amp;cd=CAEYBioTNjU2MzQwNjYwNDk1NjkwMDMwNTIZZTJkZWZhN2Q1ZGE5MTU3ZDplczplczpFUw&amp;usg=AFQjCNH9R8urD4QEADmALMCHP9sY-uXLIg\">El Gobierno de Arag\u00f3n refuerza su impulso al deporte femenino visibilizando a las campeonas &#8230;<\/a>&#8211;\u00a0Europa Press<\/p>\n<p><a href=\"https:\/\/www.google.com\/url?rct=j&amp;sa=t&amp;url=https:\/\/www.publico.es\/sociedad\/metro-madrid-invisibilidad-mujeres-estaciones-machismo.html&amp;ct=ga&amp;cd=CAEYCCoSOTU1NzUzMDY5NzQ4MDM3OTY3MhljMDM3MmViYzJmZWFkYTU5OmVzOmVzOkVT&amp;usg=AFQjCNHVgfxqgoL7rDQtKzPRmACvqPjgQA\">El metro de Madrid es machista<\/a>&#8211;\u00a0P\u00fablico<\/p>\n<p><a href=\"https:\/\/www.google.com\/url?rct=j&amp;sa=t&amp;url=http:\/\/www.ceutaldia.com\/articulo\/en-comunidad\/ciudad-convoca-xxiv-premio-maria-eza-mujer-ceuti-ano\/20190127121641193452.html&amp;ct=ga&amp;cd=CAEYBCoUMTE1MDE5OTc4OTQ2NjM3MDI2MDcyGWMwMzcyZWJjMmZlYWRhNTk6ZXM6ZXM6RVM&amp;usg=AFQjCNHMzPr_KLEXVGuiD6uBMzgxXdridw\">La Ciudad convoca el XXIV Premio Mar\u00eda de Eza a la\u00a0mujer\u00a0ceut\u00ed del a\u00f1o<\/a>&#8211;\u00a0Ceuta al d\u00eda<\/p>\n<p><a href=\"https:\/\/www.google.com\/url?rct=j&amp;sa=t&amp;url=https:\/\/www.levante-emv.com\/castello\/2019\/01\/28\/doble-techo-cristal-mujeres-rurales\/1827035.html&amp;ct=ga&amp;cd=CAEYASoTNTc1NDQxNTA2MTY3MTgzNzExNjIZZTFlNzdkMTU2MDk4YThlMzplczplczpFUw&amp;usg=AFQjCNHSl_KE21AgxispU--8ktnLXbpt_w\">El doble techo de cristal de las mujeres rurales<\/a>&#8211;\u00a0Levante-EMV<\/p>\n<p><strong>Econom\u00eda y Empresa<\/strong><\/p>\n<p><a href=\"https:\/\/cincodias.elpais.com\/cincodias\/2019\/01\/26\/companias\/1548458684_920935.html\">La avanzadilla del progreso profesional de las\u00a0mujeres<\/a>&#8211;\u00a0Cinco D\u00edas<\/p>\n<p><a href=\"https:\/\/elpais.com\/sociedad\/2019\/01\/27\/actualidad\/1548604670_388330.html\">El rostro de la renta m\u00ednima: mujer, espa\u00f1ola, de 35 a 44 a\u00f1os<\/a>\u00a0\u2013\u00a0El Pa\u00eds<\/p>\n<p><a href=\"https:\/\/www.eldesconcierto.cl\/2019\/01\/27\/corina-rodriguez-experta-en-economia-feminista-cualquier-aspiracion-de-igualdad-de-genero-es-incompatible-con-el-sistema-capitalista\/\">Corina Rodr\u00edguez, experta en\u00a0Econom\u00eda\u00a0Feminista: \u201cCualquier aspiraci\u00f3n de igualdad de g\u00e9nero es incompatible con el sistema capitalista\u201d&#8230;<\/a>&#8211;\u00a0El Desconcierto<\/p>\n<p><a href=\"https:\/\/www.mujeremprendedora.net\/auditorias-firmadas-mujeres-triplican-desde-2008\/\">Las auditor\u00edas firmadas por mujeres se triplican desde 2008<\/a>\u00a0\u2013\u00a0Mujeremprendedora.net<\/p>\n<p><strong>Actualidad<\/strong><\/p>\n<p><a href=\"https:\/\/religion.elconfidencialdigital.com\/articulo\/solidaridad\/manos-unidas-cumple-60-anos-campana-centrada-pobreza-mujer\/20190127234754027083.html\">Manos Unidas cumple 60 a\u00f1os con una campa\u00f1a centrada en la pobreza de la mujer&#8230;<\/a>&#8211;\u00a0El Confidencial Digita<\/p>\n<p><a href=\"http:\/\/www.elmundo.es\/comunidad-valenciana\/2019\/01\/27\/5c4ddda2fc6c8353658b4599.html\">Colectivos feministas preparan una huelga del 8M con perspectiva antirracista<\/a>\u2013\u00a0El Mundo<\/p>\n<p><a href=\"https:\/\/www.elperiodico.com\/es\/sociedad\/20190128\/cancer-espana-7271559\">Aumentan los casos de c\u00e1ncer de pulm\u00f3n, sobre todo en\u00a0mujeres<\/a>\u00a0&#8211;\u00a0El Peri\u00f3dico<\/p>\n<p><strong>Violencias<\/strong><\/p>\n<p><a href=\"http:\/\/www.elmundo.es\/espana\/2019\/01\/28\/5c4e003921efa096308b4627.html\">El Tribunal Supremo impone penas de c\u00e1rcel por denuncias falsas en casos de maltrato<\/a>\u2013 El Mundo<\/p>\n<p><a href=\"http:\/\/www.elmundo.es\/yodona\/lifestyle\/2019\/01\/28\/5c46fb96fc6c83cf368b46c9.html\">Pilar Llop, jueza de violencia de g\u00e9nero: \u00abNo hay riesgo de retroceso\u00bb<\/a>\u2013 El Mundo<\/p>\n<p><a href=\"https:\/\/www.antena3.com\/noticias\/sociedad\/espana-es-uno-de-los-principales-destinos-de-la-trata-de-mujeres-con-fines-de-explotacion-sexual_201901285c4ebdd90cf2bd72e4836ad4.html\">Espa\u00f1a, uno de los principales destinos de la trata de\u00a0mujeres\u00a0con fines de explotaci\u00f3n sexual &#8230;<\/a>\u00a0&#8211;\u00a0Antena 3<strong>\u00a0<\/strong><\/p>\n<p><strong>Ciencia y Cultura<\/strong><\/p>\n<p><a href=\"https:\/\/www.publico.es\/sociedad\/mujeres-ciencia-ingenio-in-visible-inventos-cientificas-mejoraron-mundo.html\">Ingenio (in)visible: inventos de cient\u00edficas que mejoraron el mundo<\/a>&#8211;\u00a0P\u00fablico<\/p>\n<p><a href=\"https:\/\/www.20minutos.es\/noticia\/3547537\/0\/universidad-fundacion-mujeres-por-africa-firman-convenio-para-ofrecer-dos-becas-estudios-postgrado\/\">Universidad de Oviedo y Fundaci\u00f3n\u00a0Mujeres\u00a0por \u00c1frica firman un convenio para &#8230;<\/a>&#8211;\u00a020minutos.es<\/p>\n<p><a href=\"https:\/\/elfuturoesapasionante.elpais.com\/la-inventora-del-chip-de-papel\/\">Elvira Fortunato, la inventora del chip de papel<\/a>\u2013\u00a0El Pa\u00eds<\/p>\n<p><a href=\"http:\/\/www.elmundo.es\/cultura\/cine\/2019\/01\/28\/5c4e99a521efa05d418b4656.html\">La pel\u00edcula espa\u00f1ola en Sundance es una deslumbrante f\u00e1bula-feminista-adolescente de ciencia-ficci\u00f3n<\/a>\u00a0\u2013 El Mundo<\/p>\n<p><strong>Deporte\u00a0\u00a0<\/strong><\/p>\n<p><a href=\"https:\/\/www.laopiniondemurcia.es\/deporte-femenino\/2019\/01\/27\/espana-gana-india-primer-amistoso\/991772.html\">Espa\u00f1a gana a la India en su primer amistoso en Santomera<\/a>&#8211;\u00a0La Opini\u00f3n de Murcia<\/p>\n<p>[\/toggle]<\/p>\n<p>[toggle type=\u00bbfirst\u00bb title=\u00bbInternacional\u00bb]<\/p>\n<p><a href=\"https:\/\/www.google.com\/url?rct=j&amp;sa=t&amp;url=https:\/\/criterio.hn\/2019\/01\/25\/mujeres-de-honduras-luchan-cuesta-arriba-por-sus-derechos\/&amp;ct=ga&amp;cd=CAEYEyoUMTYyNzcyMjg3MjY1MjQxNDA4MzAyGWMwMzcyZWJjMmZlYWRhNTk6ZXM6ZXM6RVM&amp;usg=AFQjCNGg6hJ80F8DQ07BCPBinEjAet0Qsg\">Mujeres\u00a0de Honduras luchan cuesta arriba por sus derechos<\/a>&#8211;\u00a0criterio.hn<\/p>\n<p><a href=\"https:\/\/www.eleconomista.com.mx\/gestion\/Hay-que-crear-alianzas-para-empoderar-a-mujeres-indigenas-20190127-0105.html\">\u201cHay que crear alianzas para empoderar a\u00a0mujeres\u00a0ind\u00edgenas\u201d<\/a>&#8211;\u00a0El Economista<\/p>\n<p><a href=\"http:\/\/www.lostiempos.com\/actualidad\/economia\/20190127\/sutisana-oportunidad-mujeres-bolivia\">Sutisana, una oportunidad para las\u00a0mujeres\u00a0en Bolivia<\/a>&#8211;\u00a0Los Tiempos<\/p>\n<p><a href=\"https:\/\/www.google.com\/url?rct=j&amp;sa=t&amp;url=https:\/\/www.elmundo.es\/comunidad-valenciana\/2019\/01\/27\/5c4ca92bfc6c8325658b4575.html&amp;ct=ga&amp;cd=CAEYBSoTMjA2NTk3MzM5MjczNjUwMDc0NTIZZTJkZWZhN2Q1ZGE5MTU3ZDplczplczpFUw&amp;usg=AFQjCNHo2f5oMkoFgoLzqxDqQG_80A2gCw\">Pussy Riot: \u00abVenimos a aprender a defendernos como las mujeres espa\u00f1olas\u00bb<\/a>&#8211;\u00a0El Mundo<\/p>\n<p><a href=\"https:\/\/www.eldesconcierto.cl\/2019\/01\/27\/creadoras-de-nofuesexo-casi-todas-las-mujeres-tienen-una-historia-de-abuso-que-contar\/\">Creadoras de NOFUESEXO: \u201cCasi todas las\u00a0mujeres\u00a0tienen una &#8230;<\/a>&#8211;\u00a0El Desconcierto<a href=\"https:\/\/www.google.com\/url?rct=j&amp;sa=t&amp;url=https:\/\/www.eltelegrafo.com.ec\/noticias\/cultura\/10\/mujeres-dificiles-arte-que-se-gesta-con-el-feminismo&amp;ct=ga&amp;cd=CAEYDyoUMTE1MDE5OTc4OTQ2NjM3MDI2MDcyGWMwMzcyZWJjMmZlYWRhNTk6ZXM6ZXM6RVM&amp;usg=AFQjCNFXdbKOb7OWEnNcPk6jRRQfIbhLFA\"><br \/>\nMujeres\u00a0dif\u00edciles, arte que se gesta con el feminismo<\/a>&#8211;\u00a0El Tel\u00e9grafo<\/p>\n<p><a href=\"https:\/\/elpais.com\/cultura\/2019\/01\/26\/actualidad\/1548517297_345906.html\">Dulce Mar\u00eda Cardoso, \u201dNo me interesa la desgracia por la desgracia\u201d<\/a>&#8211; El Pa\u00eds<\/p>\n<p>[\/toggle]<\/p>\n<\/div>\n<\/div>\n<\/div>\n<\/div>\n<\/div>\n<\/div>\n","protected":false},"excerpt":{"rendered":"<p>Baubent:\u00bbM\u00e1s pedagog\u00eda y formaci\u00f3n\u00bb ante los ataques a las pol\u00edticas <a href=\"https:\/\/cklcomunicaciones.es\/coop\/noticias-info-ckl-no-2-272-28-01-19\/\">[&#8230;]<\/a><\/p>\n","protected":false},"author":3,"featured_media":0,"comment_status":"closed","ping_status":"closed","sticky":false,"template":"","format":"standard","meta":{"footnotes":""},"categories":[298,623],"tags":[],"class_list":["post-14391","post","type-post","status-publish","format-standard","hentry","category-newsletter","category-nwl-2-0"],"yoast_head":"<!-- This site is optimized with the Yoast SEO plugin v27.5 - https:\/\/yoast.com\/product\/yoast-seo-wordpress\/ -->\n<title>Noticias Info CKL n\u00ba 2.272-28\/01\/19-Comunicar con perspectiva de g\u00e9nero<\/title>\n<meta name=\"description\" content=\"Comunicar con perspectiva de g\u00e9nero: Baubent:&quot;M\u00e1s pedagog\u00eda y formaci\u00f3n&quot; ante los ataques a las pol\u00edticas de igualdadEl rostro de la renta m\u00ednima: mujer, espa\u00f1ola, de 35 a 44 a\u00f1os-Ingenio (in)visible: inventos de cient\u00edficas que mejoraron el mundo\" \/>\n<meta name=\"robots\" content=\"index, follow, max-snippet:-1, max-image-preview:large, max-video-preview:-1\" \/>\n<link rel=\"canonical\" href=\"https:\/\/cklcomunicaciones.es\/coop\/noticias-info-ckl-no-2-272-28-01-19\/\" \/>\n<meta property=\"og:locale\" content=\"es_ES\" \/>\n<meta property=\"og:type\" content=\"article\" \/>\n<meta property=\"og:title\" content=\"Noticias Info CKL n\u00ba 2.272-28\/01\/19-Comunicar con perspectiva de g\u00e9nero\" \/>\n<meta property=\"og:description\" content=\"Comunicar con perspectiva de g\u00e9nero: Baubent:&quot;M\u00e1s pedagog\u00eda y formaci\u00f3n&quot; ante los ataques a las pol\u00edticas de igualdadEl rostro de la renta m\u00ednima: mujer, espa\u00f1ola, de 35 a 44 a\u00f1os-Ingenio (in)visible: inventos de cient\u00edficas que mejoraron el mundo\" \/>\n<meta property=\"og:url\" content=\"https:\/\/cklcomunicaciones.es\/coop\/noticias-info-ckl-no-2-272-28-01-19\/\" \/>\n<meta property=\"og:site_name\" content=\"CKL Comunicaciones\" \/>\n<meta property=\"article:published_time\" content=\"2019-01-28T13:58:26+00:00\" \/>\n<meta property=\"article:modified_time\" content=\"2025-01-17T15:43:27+00:00\" \/>\n<meta property=\"og:image\" content=\"https:\/\/cklcomunicaciones.es\/coop\/wp-content\/uploads\/2018\/03\/CKL_comunicacion-con-perspetiva-de-genero.jpg\" \/>\n\t<meta property=\"og:image:width\" content=\"500\" \/>\n\t<meta property=\"og:image:height\" content=\"500\" \/>\n\t<meta property=\"og:image:type\" content=\"image\/jpeg\" \/>\n<meta name=\"author\" content=\"ckl\" \/>\n<meta name=\"twitter:card\" content=\"summary_large_image\" \/>\n<meta name=\"twitter:label1\" content=\"Escrito por\" \/>\n\t<meta name=\"twitter:data1\" content=\"ckl\" \/>\n\t<meta name=\"twitter:label2\" content=\"Tiempo de lectura\" \/>\n\t<meta name=\"twitter:data2\" content=\"5 minutos\" \/>\n<script type=\"application\/ld+json\" class=\"yoast-schema-graph\">{\"@context\":\"https:\\\/\\\/schema.org\",\"@graph\":[{\"@type\":\"Article\",\"@id\":\"https:\\\/\\\/cklcomunicaciones.es\\\/coop\\\/noticias-info-ckl-no-2-272-28-01-19\\\/#article\",\"isPartOf\":{\"@id\":\"https:\\\/\\\/cklcomunicaciones.es\\\/coop\\\/noticias-info-ckl-no-2-272-28-01-19\\\/\"},\"author\":{\"name\":\"ckl\",\"@id\":\"https:\\\/\\\/cklcomunicaciones.es\\\/coop\\\/#\\\/schema\\\/person\\\/929a6837f7626450bbb50cee1aef266e\"},\"headline\":\"Noticias Info CKL n\u00ba 2.272-28\\\/01\\\/19\",\"datePublished\":\"2019-01-28T13:58:26+00:00\",\"dateModified\":\"2025-01-17T15:43:27+00:00\",\"mainEntityOfPage\":{\"@id\":\"https:\\\/\\\/cklcomunicaciones.es\\\/coop\\\/noticias-info-ckl-no-2-272-28-01-19\\\/\"},\"wordCount\":1043,\"image\":{\"@id\":\"https:\\\/\\\/cklcomunicaciones.es\\\/coop\\\/noticias-info-ckl-no-2-272-28-01-19\\\/#primaryimage\"},\"thumbnailUrl\":\"http:\\\/\\\/www.cklcomunicaciones.es\\\/wp-content\\\/uploads\\\/2018\\\/03\\\/CKL_comunicacion-con-perspetiva-de-genero-300x300.jpg\",\"articleSection\":[\"Newsletter\",\"Nwl v2.0\"],\"inLanguage\":\"es\"},{\"@type\":\"WebPage\",\"@id\":\"https:\\\/\\\/cklcomunicaciones.es\\\/coop\\\/noticias-info-ckl-no-2-272-28-01-19\\\/\",\"url\":\"https:\\\/\\\/cklcomunicaciones.es\\\/coop\\\/noticias-info-ckl-no-2-272-28-01-19\\\/\",\"name\":\"Noticias Info CKL n\u00ba 2.272-28\\\/01\\\/19-Comunicar con perspectiva de g\u00e9nero\",\"isPartOf\":{\"@id\":\"https:\\\/\\\/cklcomunicaciones.es\\\/coop\\\/#website\"},\"primaryImageOfPage\":{\"@id\":\"https:\\\/\\\/cklcomunicaciones.es\\\/coop\\\/noticias-info-ckl-no-2-272-28-01-19\\\/#primaryimage\"},\"image\":{\"@id\":\"https:\\\/\\\/cklcomunicaciones.es\\\/coop\\\/noticias-info-ckl-no-2-272-28-01-19\\\/#primaryimage\"},\"thumbnailUrl\":\"http:\\\/\\\/www.cklcomunicaciones.es\\\/wp-content\\\/uploads\\\/2018\\\/03\\\/CKL_comunicacion-con-perspetiva-de-genero-300x300.jpg\",\"datePublished\":\"2019-01-28T13:58:26+00:00\",\"dateModified\":\"2025-01-17T15:43:27+00:00\",\"author\":{\"@id\":\"https:\\\/\\\/cklcomunicaciones.es\\\/coop\\\/#\\\/schema\\\/person\\\/929a6837f7626450bbb50cee1aef266e\"},\"description\":\"Comunicar con perspectiva de g\u00e9nero: Baubent:\\\"M\u00e1s pedagog\u00eda y formaci\u00f3n\\\" ante los ataques a las pol\u00edticas de igualdadEl rostro de la renta m\u00ednima: mujer, espa\u00f1ola, de 35 a 44 a\u00f1os-Ingenio (in)visible: inventos de cient\u00edficas que mejoraron el mundo\",\"breadcrumb\":{\"@id\":\"https:\\\/\\\/cklcomunicaciones.es\\\/coop\\\/noticias-info-ckl-no-2-272-28-01-19\\\/#breadcrumb\"},\"inLanguage\":\"es\",\"potentialAction\":[{\"@type\":\"ReadAction\",\"target\":[\"https:\\\/\\\/cklcomunicaciones.es\\\/coop\\\/noticias-info-ckl-no-2-272-28-01-19\\\/\"]}]},{\"@type\":\"ImageObject\",\"inLanguage\":\"es\",\"@id\":\"https:\\\/\\\/cklcomunicaciones.es\\\/coop\\\/noticias-info-ckl-no-2-272-28-01-19\\\/#primaryimage\",\"url\":\"http:\\\/\\\/www.cklcomunicaciones.es\\\/wp-content\\\/uploads\\\/2018\\\/03\\\/CKL_comunicacion-con-perspetiva-de-genero-300x300.jpg\",\"contentUrl\":\"http:\\\/\\\/www.cklcomunicaciones.es\\\/wp-content\\\/uploads\\\/2018\\\/03\\\/CKL_comunicacion-con-perspetiva-de-genero-300x300.jpg\"},{\"@type\":\"BreadcrumbList\",\"@id\":\"https:\\\/\\\/cklcomunicaciones.es\\\/coop\\\/noticias-info-ckl-no-2-272-28-01-19\\\/#breadcrumb\",\"itemListElement\":[{\"@type\":\"ListItem\",\"position\":1,\"name\":\"Portada\",\"item\":\"https:\\\/\\\/cklcomunicaciones.es\\\/coop\\\/\"},{\"@type\":\"ListItem\",\"position\":2,\"name\":\"Noticias Info CKL n\u00ba 2.272-28\\\/01\\\/19\"}]},{\"@type\":\"WebSite\",\"@id\":\"https:\\\/\\\/cklcomunicaciones.es\\\/coop\\\/#website\",\"url\":\"https:\\\/\\\/cklcomunicaciones.es\\\/coop\\\/\",\"name\":\"CKL Comunicaciones\",\"description\":\"Sitio web de CKL Comunicaciones coop , la consultora de comunicaci\u00f3n y estrategia\",\"potentialAction\":[{\"@type\":\"SearchAction\",\"target\":{\"@type\":\"EntryPoint\",\"urlTemplate\":\"https:\\\/\\\/cklcomunicaciones.es\\\/coop\\\/?s={search_term_string}\"},\"query-input\":{\"@type\":\"PropertyValueSpecification\",\"valueRequired\":true,\"valueName\":\"search_term_string\"}}],\"inLanguage\":\"es\"},{\"@type\":\"Person\",\"@id\":\"https:\\\/\\\/cklcomunicaciones.es\\\/coop\\\/#\\\/schema\\\/person\\\/929a6837f7626450bbb50cee1aef266e\",\"name\":\"ckl\",\"image\":{\"@type\":\"ImageObject\",\"inLanguage\":\"es\",\"@id\":\"https:\\\/\\\/secure.gravatar.com\\\/avatar\\\/c82db564e8a669bf6023357a157b9dc4780f4d4c618f2ad1d71a6a5dede45057?s=96&d=mm&r=g\",\"url\":\"https:\\\/\\\/secure.gravatar.com\\\/avatar\\\/c82db564e8a669bf6023357a157b9dc4780f4d4c618f2ad1d71a6a5dede45057?s=96&d=mm&r=g\",\"contentUrl\":\"https:\\\/\\\/secure.gravatar.com\\\/avatar\\\/c82db564e8a669bf6023357a157b9dc4780f4d4c618f2ad1d71a6a5dede45057?s=96&d=mm&r=g\",\"caption\":\"ckl\"},\"url\":\"https:\\\/\\\/cklcomunicaciones.es\\\/coop\\\/author\\\/cklcomunicaciones\\\/\"}]}<\/script>\n<!-- \/ Yoast SEO plugin. -->","yoast_head_json":{"title":"Noticias Info CKL n\u00ba 2.272-28\/01\/19-Comunicar con perspectiva de g\u00e9nero","description":"Comunicar con perspectiva de g\u00e9nero: Baubent:\"M\u00e1s pedagog\u00eda y formaci\u00f3n\" ante los ataques a las pol\u00edticas de igualdadEl rostro de la renta m\u00ednima: mujer, espa\u00f1ola, de 35 a 44 a\u00f1os-Ingenio (in)visible: inventos de cient\u00edficas que mejoraron el mundo","robots":{"index":"index","follow":"follow","max-snippet":"max-snippet:-1","max-image-preview":"max-image-preview:large","max-video-preview":"max-video-preview:-1"},"canonical":"https:\/\/cklcomunicaciones.es\/coop\/noticias-info-ckl-no-2-272-28-01-19\/","og_locale":"es_ES","og_type":"article","og_title":"Noticias Info CKL n\u00ba 2.272-28\/01\/19-Comunicar con perspectiva de g\u00e9nero","og_description":"Comunicar con perspectiva de g\u00e9nero: Baubent:\"M\u00e1s pedagog\u00eda y formaci\u00f3n\" ante los ataques a las pol\u00edticas de igualdadEl rostro de la renta m\u00ednima: mujer, espa\u00f1ola, de 35 a 44 a\u00f1os-Ingenio (in)visible: inventos de cient\u00edficas que mejoraron el mundo","og_url":"https:\/\/cklcomunicaciones.es\/coop\/noticias-info-ckl-no-2-272-28-01-19\/","og_site_name":"CKL Comunicaciones","article_published_time":"2019-01-28T13:58:26+00:00","article_modified_time":"2025-01-17T15:43:27+00:00","og_image":[{"width":500,"height":500,"url":"https:\/\/cklcomunicaciones.es\/coop\/wp-content\/uploads\/2018\/03\/CKL_comunicacion-con-perspetiva-de-genero.jpg","type":"image\/jpeg"}],"author":"ckl","twitter_card":"summary_large_image","twitter_misc":{"Escrito por":"ckl","Tiempo de lectura":"5 minutos"},"schema":{"@context":"https:\/\/schema.org","@graph":[{"@type":"Article","@id":"https:\/\/cklcomunicaciones.es\/coop\/noticias-info-ckl-no-2-272-28-01-19\/#article","isPartOf":{"@id":"https:\/\/cklcomunicaciones.es\/coop\/noticias-info-ckl-no-2-272-28-01-19\/"},"author":{"name":"ckl","@id":"https:\/\/cklcomunicaciones.es\/coop\/#\/schema\/person\/929a6837f7626450bbb50cee1aef266e"},"headline":"Noticias Info CKL n\u00ba 2.272-28\/01\/19","datePublished":"2019-01-28T13:58:26+00:00","dateModified":"2025-01-17T15:43:27+00:00","mainEntityOfPage":{"@id":"https:\/\/cklcomunicaciones.es\/coop\/noticias-info-ckl-no-2-272-28-01-19\/"},"wordCount":1043,"image":{"@id":"https:\/\/cklcomunicaciones.es\/coop\/noticias-info-ckl-no-2-272-28-01-19\/#primaryimage"},"thumbnailUrl":"http:\/\/www.cklcomunicaciones.es\/wp-content\/uploads\/2018\/03\/CKL_comunicacion-con-perspetiva-de-genero-300x300.jpg","articleSection":["Newsletter","Nwl v2.0"],"inLanguage":"es"},{"@type":"WebPage","@id":"https:\/\/cklcomunicaciones.es\/coop\/noticias-info-ckl-no-2-272-28-01-19\/","url":"https:\/\/cklcomunicaciones.es\/coop\/noticias-info-ckl-no-2-272-28-01-19\/","name":"Noticias Info CKL n\u00ba 2.272-28\/01\/19-Comunicar con perspectiva de g\u00e9nero","isPartOf":{"@id":"https:\/\/cklcomunicaciones.es\/coop\/#website"},"primaryImageOfPage":{"@id":"https:\/\/cklcomunicaciones.es\/coop\/noticias-info-ckl-no-2-272-28-01-19\/#primaryimage"},"image":{"@id":"https:\/\/cklcomunicaciones.es\/coop\/noticias-info-ckl-no-2-272-28-01-19\/#primaryimage"},"thumbnailUrl":"http:\/\/www.cklcomunicaciones.es\/wp-content\/uploads\/2018\/03\/CKL_comunicacion-con-perspetiva-de-genero-300x300.jpg","datePublished":"2019-01-28T13:58:26+00:00","dateModified":"2025-01-17T15:43:27+00:00","author":{"@id":"https:\/\/cklcomunicaciones.es\/coop\/#\/schema\/person\/929a6837f7626450bbb50cee1aef266e"},"description":"Comunicar con perspectiva de g\u00e9nero: Baubent:\"M\u00e1s pedagog\u00eda y formaci\u00f3n\" ante los ataques a las pol\u00edticas de igualdadEl rostro de la renta m\u00ednima: mujer, espa\u00f1ola, de 35 a 44 a\u00f1os-Ingenio (in)visible: inventos de cient\u00edficas que mejoraron el mundo","breadcrumb":{"@id":"https:\/\/cklcomunicaciones.es\/coop\/noticias-info-ckl-no-2-272-28-01-19\/#breadcrumb"},"inLanguage":"es","potentialAction":[{"@type":"ReadAction","target":["https:\/\/cklcomunicaciones.es\/coop\/noticias-info-ckl-no-2-272-28-01-19\/"]}]},{"@type":"ImageObject","inLanguage":"es","@id":"https:\/\/cklcomunicaciones.es\/coop\/noticias-info-ckl-no-2-272-28-01-19\/#primaryimage","url":"http:\/\/www.cklcomunicaciones.es\/wp-content\/uploads\/2018\/03\/CKL_comunicacion-con-perspetiva-de-genero-300x300.jpg","contentUrl":"http:\/\/www.cklcomunicaciones.es\/wp-content\/uploads\/2018\/03\/CKL_comunicacion-con-perspetiva-de-genero-300x300.jpg"},{"@type":"BreadcrumbList","@id":"https:\/\/cklcomunicaciones.es\/coop\/noticias-info-ckl-no-2-272-28-01-19\/#breadcrumb","itemListElement":[{"@type":"ListItem","position":1,"name":"Portada","item":"https:\/\/cklcomunicaciones.es\/coop\/"},{"@type":"ListItem","position":2,"name":"Noticias Info CKL n\u00ba 2.272-28\/01\/19"}]},{"@type":"WebSite","@id":"https:\/\/cklcomunicaciones.es\/coop\/#website","url":"https:\/\/cklcomunicaciones.es\/coop\/","name":"CKL Comunicaciones","description":"Sitio web de CKL Comunicaciones coop , la consultora de comunicaci\u00f3n y estrategia","potentialAction":[{"@type":"SearchAction","target":{"@type":"EntryPoint","urlTemplate":"https:\/\/cklcomunicaciones.es\/coop\/?s={search_term_string}"},"query-input":{"@type":"PropertyValueSpecification","valueRequired":true,"valueName":"search_term_string"}}],"inLanguage":"es"},{"@type":"Person","@id":"https:\/\/cklcomunicaciones.es\/coop\/#\/schema\/person\/929a6837f7626450bbb50cee1aef266e","name":"ckl","image":{"@type":"ImageObject","inLanguage":"es","@id":"https:\/\/secure.gravatar.com\/avatar\/c82db564e8a669bf6023357a157b9dc4780f4d4c618f2ad1d71a6a5dede45057?s=96&d=mm&r=g","url":"https:\/\/secure.gravatar.com\/avatar\/c82db564e8a669bf6023357a157b9dc4780f4d4c618f2ad1d71a6a5dede45057?s=96&d=mm&r=g","contentUrl":"https:\/\/secure.gravatar.com\/avatar\/c82db564e8a669bf6023357a157b9dc4780f4d4c618f2ad1d71a6a5dede45057?s=96&d=mm&r=g","caption":"ckl"},"url":"https:\/\/cklcomunicaciones.es\/coop\/author\/cklcomunicaciones\/"}]}},"_links":{"self":[{"href":"https:\/\/cklcomunicaciones.es\/coop\/wp-json\/wp\/v2\/posts\/14391","targetHints":{"allow":["GET"]}}],"collection":[{"href":"https:\/\/cklcomunicaciones.es\/coop\/wp-json\/wp\/v2\/posts"}],"about":[{"href":"https:\/\/cklcomunicaciones.es\/coop\/wp-json\/wp\/v2\/types\/post"}],"author":[{"embeddable":true,"href":"https:\/\/cklcomunicaciones.es\/coop\/wp-json\/wp\/v2\/users\/3"}],"replies":[{"embeddable":true,"href":"https:\/\/cklcomunicaciones.es\/coop\/wp-json\/wp\/v2\/comments?post=14391"}],"version-history":[{"count":0,"href":"https:\/\/cklcomunicaciones.es\/coop\/wp-json\/wp\/v2\/posts\/14391\/revisions"}],"wp:attachment":[{"href":"https:\/\/cklcomunicaciones.es\/coop\/wp-json\/wp\/v2\/media?parent=14391"}],"wp:term":[{"taxonomy":"category","embeddable":true,"href":"https:\/\/cklcomunicaciones.es\/coop\/wp-json\/wp\/v2\/categories?post=14391"},{"taxonomy":"post_tag","embeddable":true,"href":"https:\/\/cklcomunicaciones.es\/coop\/wp-json\/wp\/v2\/tags?post=14391"}],"curies":[{"name":"wp","href":"https:\/\/api.w.org\/{rel}","templated":true}]}}