{"id":14364,"date":"2019-01-15T13:51:42","date_gmt":"2019-01-15T12:51:42","guid":{"rendered":"http:\/\/www.cklcomunicaciones.es\/?p=14364"},"modified":"2025-01-17T16:43:28","modified_gmt":"2025-01-17T15:43:28","slug":"noticias-info-ckl-no-2-263-15-01-19","status":"publish","type":"post","link":"https:\/\/cklcomunicaciones.es\/coop\/noticias-info-ckl-no-2-263-15-01-19\/","title":{"rendered":"Noticias Info CKL n\u00ba 2.263-15\/01\/19"},"content":{"rendered":"<div id=\"pl-14364\"  class=\"panel-layout\" >\n<div id=\"pg-14364-0\"  class=\"panel-grid panel-no-style\"  data-style=\"{&quot;background_image_attachment&quot;:false,&quot;background_display&quot;:&quot;tile&quot;,&quot;cell_alignment&quot;:&quot;flex-start&quot;}\" >\n<div id=\"pgc-14364-0-0\"  class=\"panel-grid-cell\"  data-weight=\"1\" >\n<div id=\"panel-14364-0-0-0\" class=\"so-panel widget widget_sow-editor panel-first-child panel-last-child\" data-index=\"0\" data-style=\"{&quot;background_image_attachment&quot;:false,&quot;background_display&quot;:&quot;tile&quot;}\" >\n<div class=\"so-widget-sow-editor so-widget-sow-editor-base\">\n<div class=\"siteorigin-widget-tinymce textwidget\">\n<p><img decoding=\"async\" class=\"lazyload  wp-image-13726\" src=\"http:\/\/www.cklcomunicaciones.es\/wp-content\/uploads\/2018\/03\/CKL_comunicacion-con-perspetiva-de-genero-300x300.jpg\" data-orig-src=\"http:\/\/www.cklcomunicaciones.es\/wp-content\/uploads\/2018\/03\/CKL_comunicacion-con-perspetiva-de-genero-300x300.jpg\" alt=\"CKL_comunicacion con perspetiva de genero\" width=\"132\" height=\"132\" srcset=\"data:image\/svg+xml,%3Csvg%20xmlns%3D%27http%3A%2F%2Fwww.w3.org%2F2000%2Fsvg%27%20width%3D%27132%27%20height%3D%27132%27%20viewBox%3D%270%200%20132%20132%27%3E%3Crect%20width%3D%27132%27%20height%3D%27132%27%20fill-opacity%3D%220%22%2F%3E%3C%2Fsvg%3E\" data-srcset=\"https:\/\/cklcomunicaciones.es\/coop\/wp-content\/uploads\/2018\/03\/CKL_comunicacion-con-perspetiva-de-genero-150x150.jpg 150w, https:\/\/cklcomunicaciones.es\/coop\/wp-content\/uploads\/2018\/03\/CKL_comunicacion-con-perspetiva-de-genero-300x300.jpg 300w, https:\/\/cklcomunicaciones.es\/coop\/wp-content\/uploads\/2018\/03\/CKL_comunicacion-con-perspetiva-de-genero-450x450.jpg 450w, https:\/\/cklcomunicaciones.es\/coop\/wp-content\/uploads\/2018\/03\/CKL_comunicacion-con-perspetiva-de-genero.jpg 500w\" data-sizes=\"auto\" data-orig-sizes=\"(max-width: 132px) 100vw, 132px\" \/><\/p>\n<p id=\":49h\" class=\"hP\" tabindex=\"-1\" data-thread-perm-id=\"thread-f:1620470658956742117\" data-legacy-thread-id=\"167d117a8c0f4de5\"><strong>La violencia de g\u00e9nero, una lacra para la UE necesitada de definici\u00f3n clara-Hacienda dar\u00e1 incentivos a empresas que incorporen mujeres a sus consejos-Khabar Lahariya, 1er peri\u00f3dico indio editado y escrito por mujeres <\/strong><\/p>\n<p>[toggle type=\u00bbfirst\u00bb title=\u00bbConvocatorias\u00bb]<\/p>\n<ul>\n<li>15 de enero. Nuestros derechos no se negocian. Convocatorias feministas Andaluc\u00eda<strong>.<\/strong> Ni un paso atr\u00e1s! <a href=\"https:\/\/www.facebook.com\/AMECOOPandalucia\/photos\/pcb.10161273345575076\/10161273345515076\/?type=3&amp;theater\">https:\/\/www.facebook.com\/AMECOOPandalucia\/photos\/pcb.10161273345575076\/10161273345515076\/?type=3&amp;theater<\/a><\/li>\n<li>15 de enero. Concentraciones fuera de Andaluc\u00eda: <a href=\"https:\/\/www.facebook.com\/CKLcomunicaciones\/photos\/a.496466315819\/10157149634675820\/?type=3&amp;theater\">https:\/\/www.facebook.com\/CKLcomunicaciones\/photos\/a.496466315819\/10157149634675820\/?type=3&amp;theater<\/a><\/li>\n<\/ul>\n<p>[\/toggle]<\/p>\n<p>[toggle type=\u00bbfirst\u00bb title=\u00bbComunicaci\u00f3n\u00bb]<\/p>\n<p><a href=\"http:\/\/www.elmundo.es\/yodona\/lifestyle\/2019\/01\/14\/5c361c4ffdddff6f698b47d0.html\">Khabar Lahariya, el primer peri\u00f3dico en India editado y escrito solo por mujeres<\/a> \u2013 El Mundo<\/p>\n<p><a href=\"https:\/\/lacontradejaen.com\/aniversario-lacontra\/\">Periodismo para contar y comprender<\/a>&#8211; Lacontradejaen<\/p>\n<p><a href=\"http:\/\/www.elmundo.es\/f5\/comparte\/2019\/01\/15\/5c3db78921efa0621a8b4701.html\">Un anuncio de Gillette criticando la &#8216;masculinidad t\u00f3xica&#8217; desata la pol\u00e9mica en redes<\/a>\u2013 El Mundo<\/p>\n<p><a href=\"https:\/\/www.google.com\/url?rct=j&amp;sa=t&amp;url=https:\/\/www.regiondigital.com\/noticias\/portada\/304868-cuando-nuevas-tecnologias-se-convierten-en-canal-de-acoso-maltrato-y-violencia-de-genero.html&amp;ct=ga&amp;cd=CAEYACoTNzE5NDMxODg0Mjk3MDIzMDY2OTIZZTFlNzdkMTU2MDk4YThlMzplczplczpFUw&amp;usg=AFQjCNEC8RpQewPHbxPzd-8rRDAGjSs_6w\">Cuando Nuevas Tecnolog\u00edas se convierten en canal de acoso, maltrato y violencia de g\u00e9nero <\/a>&#8211; Regi\u00f3n Digital<\/p>\n<p>[\/toggle]<\/p>\n<p>[toggle type=\u00bbfirst\u00bb title=\u00bbAndaluc\u00eda\u00bb]<\/p>\n<p><strong>Econom\u00eda y Empresas<\/strong><\/p>\n<p><a href=\"https:\/\/doshermanas.tuciudadhoy.com\/3a-edicion-de-la-gira-mujeres-coca-cola\/\">3\u00aa Edici\u00f3n de la Gira Mujeres Coca-Cola<\/a>&#8211; Dos Hermanas<\/p>\n<p><a href=\"https:\/\/www.diariosur.es\/marbella-estepona\/empresa-familiar-exito-20190115000643-ntvo.html\">Grupo Goyo: una empresa familiar de \u00e9xito<\/a>&#8211; Sur Digital<\/p>\n<p><a href=\"https:\/\/www.google.com\/url?sa=t&amp;rct=j&amp;q=&amp;esrc=s&amp;source=newssearch&amp;cd=22&amp;ved=0ahUKEwig3P3l4O_fAhWLoBQKHdqeDuc4FBCpAggqKAAwAQ&amp;url=https%3A%2F%2Fwww.europapress.es%2Fesandalucia%2Fjaen%2Fnoticia-servicios-apoyo-emprendimiento-junta-impulsaron-provincia-jaen-mas-1500-empresas-2018-20190114151045.html&amp;usg=AOvVaw2nsJSfLQsGB36W48aR7bbJ\">Los servicios de apoyo al emprendimiento de la Junta impulsaron en la provincia de Ja\u00e9n m\u00e1s de 1.500 empresas, el 43.5% con presencia de mujeres &#8230;<\/a>&#8211; Europa Press<\/p>\n<p><a href=\"https:\/\/www.google.com\/url?sa=t&amp;rct=j&amp;q=&amp;esrc=s&amp;source=newssearch&amp;cd=6&amp;ved=0ahUKEwiXiq3G4O_fAhUn2eAKHR2cD2AQqQIINigAMAU&amp;url=https%3A%2F%2Fwww.diariodesevilla.es%2Fopinion%2Fanalisis%2FAndalucia-creacion-empresas-GEM-tareas-olvidadas-desarrollo_0_1318668521.html&amp;usg=AOvVaw286LRRWeUo1ume5nEk-Y6P\">Andaluc\u00eda y la creaci\u00f3n de empresas: GEM y las tareas olvidadas &#8230;<\/a>&#8211; Diario de Sevilla<\/p>\n<p><strong>Actualidad<\/strong><\/p>\n<p><a href=\"https:\/\/www.eldiario.es\/andalucia\/Calle-Ana-Orantes-Sevilla-Violencia_machista-calle_Ana_Orantes_0_854964851.html\">Calle Ana Orantes: Sevilla honrar\u00e1 por primera vez a una v\u00edctima de &#8230;<\/a>&#8211; <a href=\"http:\/\/eldiario.es\">eldiario.es<\/a><\/p>\n<p><a href=\"https:\/\/www.google.com\/url?rct=j&amp;sa=t&amp;url=https:\/\/andaluciainformacion.es\/chiclana\/799375\/presentado-un-calendario-dedicado-a-las-mujeres-sinsombrero-del-27\/&amp;ct=ga&amp;cd=CAEYKyoTMzI0NTA0Mzg0NjU4NDAwMzU3NDIZYzAzNzJlYmMyZmVhZGE1OTplczplczpFUw&amp;usg=AFQjCNFJII0XrPpdhp9a2esjZkW55Zk_3g\">Presentado un calendario dedicado a las mujeres &#8216;sinsombrero&#8217; del 27 <\/a>&#8211; Andaluc\u00eda Informaci\u00f3n<\/p>\n<p><a href=\"https:\/\/www.europapress.es\/andalucia\/noticia-hombres-igualdad-sevilla-lanza-recogida-firmas-no-toque-ley-violencia-genero-20190115124628.html\">Hombres por la Igualdad de Sevilla lanza una recogida de firmas para &#8230;<\/a>&#8211; Europa Press<\/p>\n<p><strong>Violencia<\/strong><\/p>\n<p><a href=\"https:\/\/www.google.com\/url?rct=j&amp;sa=t&amp;url=http:\/\/elcorreoweb.es\/provincia\/supervalientes-la-idea-contra-la-violencia-desde-la-infancia-en-mairena-del-aljarafe-KC4884639&amp;ct=ga&amp;cd=CAEYACoTMzAwODM0MjE3MjY2Mjc0NjI1NzIZZTJkZWZhN2Q1ZGE5MTU3ZDplczplczpFUw&amp;usg=AFQjCNFGpKNw0qQKEUDgtjUGydbn7jVhfA\">Supervalientes&#8217;, la idea contra la violencia desde la infancia en Mairena del Aljarafe <\/a>&#8211; <a href=\"http:\/\/elcorreoweb.es\">elcorreoweb.es<\/a><\/p>\n<p><a href=\"https:\/\/cordopolis.es\/2019\/01\/15\/cordoba-despidio-2018-como-la-ciudad-andaluza-con-mas-mujeres-en-riesgo-alto-de-ser-asesinadas\/\">C\u00f3rdoba despidi\u00f3 2018 como la ciudad andaluza con m\u00e1s mujeres en riesgo de ser asesinadas &#8230;<\/a>&#8211; Cord\u00f3polis<\/p>\n<p><a href=\"https:\/\/cadenaser.com\/emisora\/2019\/01\/14\/ser_malaga\/1547479387_854719.html\">Prisi\u00f3n sin fianza para el presunto autor del asesinato de Leonor en &#8230;<\/a>&#8211; Cadena SER<\/p>\n<p><strong>Ciencia y Cultura<\/strong><\/p>\n<p><a href=\"https:\/\/www.google.com\/url?sa=t&amp;rct=j&amp;q=&amp;esrc=s&amp;source=newssearch&amp;cd=23&amp;ved=0ahUKEwjR3OGL5O_fAhURDxQKHWyjAhs4FBCpAggsKAAwAg&amp;url=https%3A%2F%2Fwww.europapress.es%2Fandalucia%2Fnoticia-carmen-calvo-subraya-medina-azahara-representa-capacidad-entender-diversidad-20190114185337.html&amp;usg=AOvVaw1MALe2Bmz2j0kMuac4OvmQ\">Carmen Calvo, Vicepresidenta del Gobierno y Ministra de Igualdad, subraya que Medina Azahara representa \u00abla capacidad de entender la diversidad\u201d &#8230;<\/a>&#8211; Europa Press<\/p>\n<p><a href=\"https:\/\/www.diariosur.es\/culturas\/libros\/tomarse-serio-siga-20190115214645-nt.html\">Lola Pons, fil\u00f3loga y profesora de historia: \u00abHay que tomarse muy en serio que se siga escribiendo &#8230;<\/a>&#8211; Sur Digital<\/p>\n<p><a href=\"https:\/\/www.huelvainformacion.es\/ocio\/titulos-editados-Huelva-premios-andalucia-critica_0_1318668517.html\">Treinta t\u00edtulos editados en Huelva optan a los premios Andaluc\u00eda de la Cr\u00edtica&#8230;<\/a>&#8211; Huelva Informaci\u00f3n<\/p>\n<p><a href=\"https:\/\/www.google.com\/url?sa=t&amp;rct=j&amp;q=&amp;esrc=s&amp;source=newssearch&amp;cd=1&amp;ved=0ahUKEwir077x4-_fAhWE3eAKHdeWBIIQqQIIKCgAMAA&amp;url=https%3A%2F%2Fwww.lavanguardia.com%2Fvida%2F20190115%2F454156873017%2Fel-museo-ibero-de-jaen-acoge-una-exposicion-de-arte-rupestre-en-andalucia.html&amp;usg=AOvVaw25R7yKUulbrgABnLQUeDtd\">El Museo Ibero de Ja\u00e9n acoge una exposici\u00f3n de arte rupestre en Andaluc\u00eda &#8230;<\/a>&#8211; La Vanguardia<\/p>\n<p><strong>Deporte<\/strong><\/p>\n<p><a href=\"https:\/\/www.diariocordoba.com\/noticias\/lacantera\/promesa-ha-hecho-historia_1276080.html\">Raquel Montoro Mu\u00f1oz, la promesa que ha hecho historia<\/a>&#8211; Diario C\u00f3rdoba<\/p>\n<p><a href=\"https:\/\/www.diariosur.es\/deportes\/mas-deportes\/rincon-fertilidad-busca-20190115212139-nt.html\">El Rinc\u00f3n Fertilidad, en busca de soluciones r\u00e1pidas<\/a>&#8211; Sur Digital<\/p>\n<p>[\/toggle]<\/p>\n<p>[toggle type=\u00bbfirst\u00bb title=\u00bbEstado\u00bb]<\/p>\n<p><strong>Institucional<\/strong><\/p>\n<p><a href=\"http:\/\/www.rtve.es\/noticias\/20190114\/presupuestos-incluyen-220-millones-para-lucha-contra-violencia-genero\/1868946.shtml\">El Gobierno defiende unas \u00abcuentas feministas\u00bb con 220 millones para lucha contra la violencia de g\u00e9nero &#8230;<\/a>&#8211; Rtve<\/p>\n<p><a href=\"https:\/\/www.google.com\/url?rct=j&amp;sa=t&amp;url=https:\/\/www.eldiario.es\/economia\/igualdad_0_857064557.html&amp;ct=ga&amp;cd=CAEYACoTMzI0NTA0Mzg0NjU4NDAwMzU3NDIZYzAzNzJlYmMyZmVhZGE1OTplczplczpFUw&amp;usg=AFQjCNG4GhY2udj0xLl_KYVby98gyc5Czw\">El Pacto Contra la violencia de g\u00e9nero, el Instituto de la Mujer y los permisos de paternidad impulsan el gasto en Igualdad&#8230;<\/a> &#8211; eldiario.es<\/p>\n<p><strong>Institucional-CCAA<\/strong><\/p>\n<p><a href=\"https:\/\/www.google.com\/url?rct=j&amp;sa=t&amp;url=http:\/\/geriatricarea.com\/un-estudio-analiza-la-violencia-de-genero-contra-las-mujeres-mayores-en-la-poblacion-aragonesa\/&amp;ct=ga&amp;cd=CAEYACoTMzI0NTA0Mzg0NjU4NDAwMzU3NDIZYzAzNzJlYmMyZmVhZGE1OTplczplczpFUw&amp;usg=AFQjCNFjJCHAtOQc805rbzFlCGPrHr5jxQ\">Un estudio analiza la Violencia de G\u00e9nero contra las mujeres mayores en la poblaci\u00f3n aragonesa<\/a> &#8211; geriatricarea.com<\/p>\n<p><a href=\"https:\/\/www.google.com\/url?rct=j&amp;sa=t&amp;url=https:\/\/cadenaser.com\/emisora\/2019\/01\/14\/radio_segovia\/1547468822_082905.html&amp;ct=ga&amp;cd=CAEYIyoTMzI0NTA0Mzg0NjU4NDAwMzU3NDIZYzAzNzJlYmMyZmVhZGE1OTplczplczpFUw&amp;usg=AFQjCNEEBg7ydx1l3L53ICOY1ot9WeZfGg\">Cuatro expertas debatir\u00e1n en Segovia sobre medidas para conseguir una ciudad en igualdad <\/a>&#8211; Cadena SER<\/p>\n<p><a href=\"https:\/\/www.google.com\/url?sa=t&amp;rct=j&amp;q=&amp;esrc=s&amp;source=newssearch&amp;cd=11&amp;ved=0ahUKEwjS0NXu3u_fAhXP1uAKHVH-CUI4ChCpAggnKAAwAA&amp;url=http%3A%2F%2Fwww.lacomarcadepuertollano.com%2Fdiario%2Fnoticia%2F2019_01_15%2F02&amp;usg=AOvVaw3hODukyhfJLei1xdGIKGQJ\">El Programa PAEM de la C\u00e1mara de Ciudad Real tramit\u00f3 la creaci\u00f3n de 129 empresas lideradas por mujeres &#8230;<\/a>&#8211; La Comarca de Puertollano<\/p>\n<p><a href=\"https:\/\/www.emprendedores.es\/crear-una-empresa\/a25889628\/premios-extremadura-empresarial\/\">Premios Extremadura Empresarial<\/a>&#8211; emprendedores.es<\/p>\n<p><strong>Ec<\/strong><strong>onom\u00eda y Empresa<\/strong><\/p>\n<p><a href=\"https:\/\/www.google.com\/url?rct=j&amp;sa=t&amp;url=http:\/\/www.teinteresa.es\/politica\/Incorporar-administracion-empresas-deducira-Sociedades_0_2161584069.html&amp;ct=ga&amp;cd=CAEYJCoTMzI0NTA0Mzg0NjU4NDAwMzU3NDIZYzAzNzJlYmMyZmVhZGE1OTplczplczpFUw&amp;usg=AFQjCNGo1TKCNUHWyxGab85Yr6LhEeU4-w\">Incorporar mujeres a los consejos de administraci\u00f3n de empresas deducir\u00e1 en Sociedades <\/a>&#8211; Te Interesa<\/p>\n<p><a href=\"https:\/\/www.google.com\/url?rct=j&amp;sa=t&amp;url=https:\/\/www.fetico.es\/noticias\/25-actualidad\/742-carrefour-firma-el-ii-plan-de-igualdad-con-el-instituto-de-la-mujer&amp;ct=ga&amp;cd=CAEYACoTOTY1ODgzMTAzNDEyODg3NjgwODIZYzAzNzJlYmMyZmVhZGE1OTplczplczpFUw&amp;usg=AFQjCNGI3Xmue6HGNeeEST6mGT6JePfkgQ\">Carrefour Firma el II Plan de Igualdad con el Instituto de la Mujer <\/a>&#8211; Fetico<\/p>\n<p><a href=\"https:\/\/www.mujeremprendedora.net\/descubre-ejes-proyectos-ganadores-lanzate\/\">Descubre los ejes de los proyectos ganadores de \u2018L\u00e1nzate\u2019<\/a> \u2013 mujeremprendedora.net<\/p>\n<p><strong>Actualidad<\/strong><\/p>\n<p><a href=\"http:\/\/www.gacetamedica.com\/politica\/raquel-yotti-nueva-incorporacion-a-la-iniciativa-mujeres-de-la-sanidad-AF1878233\">Raquel Yotti, nueva incorporaci\u00f3n a la iniciativa &#8216;Mujeres de la Sanidad&#8217;<\/a>&#8211; Gaceta M\u00e9dica<\/p>\n<p><a href=\"https:\/\/www.eldiario.es\/tecnologia\/Hola-Siri-hola-Alexa-mujer_0_857065171.html\">Hola Siri, hola Alexa: \u00bfPor qu\u00e9 tienes voz de mujer?<\/a>&#8211; eldiario.es<\/p>\n<p><strong>Ciencia y Cultura<\/strong><\/p>\n<p><a href=\"https:\/\/www.elmundo.es\/loc\/famosos\/2019\/01\/15\/5c3da27e21efa02f488b4871.html\">Anna Castillo: \u00abCreo en ser feliz y hacer lo que me d\u00e9 la gana\u00bb<\/a> \u2013 El Mundo<\/p>\n<p><a href=\"http:\/\/www.elmundo.es\/cultura\/laesferadepapel\/2019\/01\/15\/5c38d77d21efa0c3358b46bb.html\">Carmen Maria Machado: la subversiva inocencia<\/a>\u2013 El Mundo<\/p>\n<p><a href=\"https:\/\/www.google.com\/url?sa=t&amp;rct=j&amp;q=&amp;esrc=s&amp;source=newssearch&amp;cd=20&amp;ved=0ahUKEwiSyKOP5e_fAhXE1eAKHTzgB6k4ChCpAghCKAAwCQ&amp;url=https%3A%2F%2Fwww.20minutos.es%2Fnoticia%2F3536252%2F0%2Fvideo-muestra-paradigma-mujer-letras-narra-vida-obra-singular-prolifica-carmen-martin-gaite%2F&amp;usg=AOvVaw2ZR-r9VWzQOnsFrNjAiApV\">La muestra &#8216;Un paradigma de mujer de letras&#8217; narra la vida y &#8230;<\/a>&#8211; 20minutos.es<strong>\u00a0<\/strong><\/p>\n<p><strong>Deporte\u00a0\u00a0<\/strong><\/p>\n<p><a href=\"https:\/\/www.sport.es\/es\/noticias\/deportes\/csd-solo-ofrecera-subvenciones-las-federaciones-que-cuenten-con-presencia-femenina-7246559\">El CSD solo otorgar\u00e1 subvenciones a las Federaciones con un 40% de presencia de mujeres<\/a> &#8211; Sport<\/p>\n<p><a href=\"https:\/\/eldesmarque.com\/actualidad\/baloncesto\/1278059-vitoria-recibe-con-honores-la-copa-de-la-reina\">Vitoria recibe con honores la Copa de la Reina<\/a>&#8211; El Desmarque<\/p>\n<p><a href=\"https:\/\/www.europapress.es\/deportes\/futbol-00162\/noticia-aganzo-reune-seleccion-femenina-concentracion-ciudad-futbol-20190115130545.html\">Aganzo se re\u00fane con la selecci\u00f3n femenina durante su concentraci\u00f3n &#8230;<\/a>&#8211; Europa Press<\/p>\n<p><a href=\"https:\/\/eldesmarque.com\/actualidad\/futbol\/futbol-femenino\/1277950-tona-is-el-titulo-de-la-sub-17-va-a-ser-un-antes-y-un-despues\">To\u00f1a Is: \u00abEl t\u00edtulo de la sub 17 va a ser un antes y un despu\u00e9s\u00bb<\/a>&#8211; El Desmarque<\/p>\n<p>[\/toggle]<\/p>\n<p>[toggle type=\u00bbfirst\u00bb title=\u00bbInternacional\u00bb]<\/p>\n<p><a href=\"https:\/\/cincodias.elpais.com\/cincodias\/2019\/01\/15\/legal\/1547548378_834938.html\">\u00abLas mujeres y los j\u00f3venes son la fuente del crecimiento econ\u00f3mico en Iberoam\u00e9rica\u201d &#8230;<\/a>&#8211; Cinco D\u00edas<\/p>\n<p><a href=\"https:\/\/www.google.com\/url?rct=j&amp;sa=t&amp;url=https:\/\/www.abc.es\/familia\/mujeres\/abci-papel-primera-dama-debate-metoo-201901140208_noticia.html&amp;ct=ga&amp;cd=CAEYLCoTMzI0NTA0Mzg0NjU4NDAwMzU3NDIZYzAzNzJlYmMyZmVhZGE1OTplczplczpFUw&amp;usg=AFQjCNE9mMRSl_V3XxoeAZsbTFEwvIQujA\">El papel de primera dama, a debate en la era #metoo <\/a>&#8211; Abc.es<\/p>\n<p><a href=\"https:\/\/www.google.com\/url?rct=j&amp;sa=t&amp;url=https:\/\/www.lavanguardia.com\/vida\/20190114\/454128689163\/la-violencia-de-genero-una-lacra-para-la-ue-necesitada-de-definicion-clara.html&amp;ct=ga&amp;cd=CAEYFioTMzI0NTA0Mzg0NjU4NDAwMzU3NDIZYzAzNzJlYmMyZmVhZGE1OTplczplczpFUw&amp;usg=AFQjCNFoKMVCqkpY7eY4aPzlHCT2F_YUMQ\">La violencia de g\u00e9nero, una lacra para la UE necesitada de definici\u00f3n clara <\/a>&#8211; La Vanguardia<\/p>\n<p><a href=\"https:\/\/www.mundotkm.com\/genero\/2019\/01\/14\/en-argentina-matan-a-una-mujer-cada-29-horas-por-violencia-de-genero\/\">En Argentina, matan a una mujer cada 29 horas por violencia de g\u00e9nero<\/a>&#8211; MundoTKM<\/p>\n<p><a href=\"https:\/\/www.elcultural.com\/revista\/ciencia\/Mujeres-en-la-NASA\/41840\">Mujeres en la NASA<\/a>&#8211; Elcultural.com<\/p>\n<p><a href=\"https:\/\/elpais.com\/cultura\/2019\/01\/08\/ruta_norteamericana\/1546962946_041126.html\">Dinah Washington y su jazz elegante<\/a>&#8211; El Pa\u00eds<\/p>\n<p>[\/toggle]<\/p>\n<\/div>\n<\/div>\n<\/div>\n<\/div>\n<\/div>\n<\/div>\n","protected":false},"excerpt":{"rendered":"<p>La violencia de g\u00e9nero, una lacra para la UE necesitada <a href=\"https:\/\/cklcomunicaciones.es\/coop\/noticias-info-ckl-no-2-263-15-01-19\/\">[&#8230;]<\/a><\/p>\n","protected":false},"author":3,"featured_media":0,"comment_status":"closed","ping_status":"closed","sticky":false,"template":"","format":"standard","meta":{"footnotes":""},"categories":[298,623],"tags":[],"class_list":["post-14364","post","type-post","status-publish","format-standard","hentry","category-newsletter","category-nwl-2-0"],"yoast_head":"<!-- This site is optimized with the Yoast SEO plugin v27.5 - https:\/\/yoast.com\/product\/yoast-seo-wordpress\/ -->\n<title>Noticias Info CKL n\u00ba 2.263-15\/01\/19-Comunica con perspectiva de g\u00e9nero<\/title>\n<meta name=\"description\" content=\"Comunicar con perspectiva de g\u00e9nero: La violencia de g\u00e9nero, una lacra para la UE necesitada de definici\u00f3n clara-Hacienda dar\u00e1 incentivos a empresas que incorporen mujeres a sus consejos-Khabar Lahariya, 1er peri\u00f3dico indio editado y escrito por mujeres\" \/>\n<meta name=\"robots\" content=\"index, follow, max-snippet:-1, max-image-preview:large, max-video-preview:-1\" \/>\n<link rel=\"canonical\" href=\"https:\/\/cklcomunicaciones.es\/coop\/noticias-info-ckl-no-2-263-15-01-19\/\" \/>\n<meta property=\"og:locale\" content=\"es_ES\" \/>\n<meta property=\"og:type\" content=\"article\" \/>\n<meta property=\"og:title\" content=\"Noticias Info CKL n\u00ba 2.263-15\/01\/19-Comunica con perspectiva de g\u00e9nero\" \/>\n<meta property=\"og:description\" content=\"Comunicar con perspectiva de g\u00e9nero: La violencia de g\u00e9nero, una lacra para la UE necesitada de definici\u00f3n clara-Hacienda dar\u00e1 incentivos a empresas que incorporen mujeres a sus consejos-Khabar Lahariya, 1er peri\u00f3dico indio editado y escrito por mujeres\" \/>\n<meta property=\"og:url\" content=\"https:\/\/cklcomunicaciones.es\/coop\/noticias-info-ckl-no-2-263-15-01-19\/\" \/>\n<meta property=\"og:site_name\" content=\"CKL Comunicaciones\" \/>\n<meta property=\"article:published_time\" content=\"2019-01-15T12:51:42+00:00\" \/>\n<meta property=\"article:modified_time\" content=\"2025-01-17T15:43:28+00:00\" \/>\n<meta property=\"og:image\" content=\"https:\/\/cklcomunicaciones.es\/coop\/wp-content\/uploads\/2018\/03\/CKL_comunicacion-con-perspetiva-de-genero.jpg\" \/>\n\t<meta property=\"og:image:width\" content=\"500\" \/>\n\t<meta property=\"og:image:height\" content=\"500\" \/>\n\t<meta property=\"og:image:type\" content=\"image\/jpeg\" \/>\n<meta name=\"author\" content=\"ckl\" \/>\n<meta name=\"twitter:card\" content=\"summary_large_image\" \/>\n<meta name=\"twitter:label1\" content=\"Escrito por\" \/>\n\t<meta name=\"twitter:data1\" content=\"ckl\" \/>\n\t<meta name=\"twitter:label2\" content=\"Tiempo de lectura\" \/>\n\t<meta name=\"twitter:data2\" content=\"4 minutos\" \/>\n<script type=\"application\/ld+json\" class=\"yoast-schema-graph\">{\"@context\":\"https:\\\/\\\/schema.org\",\"@graph\":[{\"@type\":\"Article\",\"@id\":\"https:\\\/\\\/cklcomunicaciones.es\\\/coop\\\/noticias-info-ckl-no-2-263-15-01-19\\\/#article\",\"isPartOf\":{\"@id\":\"https:\\\/\\\/cklcomunicaciones.es\\\/coop\\\/noticias-info-ckl-no-2-263-15-01-19\\\/\"},\"author\":{\"name\":\"ckl\",\"@id\":\"https:\\\/\\\/cklcomunicaciones.es\\\/coop\\\/#\\\/schema\\\/person\\\/929a6837f7626450bbb50cee1aef266e\"},\"headline\":\"Noticias Info CKL n\u00ba 2.263-15\\\/01\\\/19\",\"datePublished\":\"2019-01-15T12:51:42+00:00\",\"dateModified\":\"2025-01-17T15:43:28+00:00\",\"mainEntityOfPage\":{\"@id\":\"https:\\\/\\\/cklcomunicaciones.es\\\/coop\\\/noticias-info-ckl-no-2-263-15-01-19\\\/\"},\"wordCount\":829,\"image\":{\"@id\":\"https:\\\/\\\/cklcomunicaciones.es\\\/coop\\\/noticias-info-ckl-no-2-263-15-01-19\\\/#primaryimage\"},\"thumbnailUrl\":\"http:\\\/\\\/www.cklcomunicaciones.es\\\/wp-content\\\/uploads\\\/2018\\\/03\\\/CKL_comunicacion-con-perspetiva-de-genero-300x300.jpg\",\"articleSection\":[\"Newsletter\",\"Nwl v2.0\"],\"inLanguage\":\"es\"},{\"@type\":\"WebPage\",\"@id\":\"https:\\\/\\\/cklcomunicaciones.es\\\/coop\\\/noticias-info-ckl-no-2-263-15-01-19\\\/\",\"url\":\"https:\\\/\\\/cklcomunicaciones.es\\\/coop\\\/noticias-info-ckl-no-2-263-15-01-19\\\/\",\"name\":\"Noticias Info CKL n\u00ba 2.263-15\\\/01\\\/19-Comunica con perspectiva de g\u00e9nero\",\"isPartOf\":{\"@id\":\"https:\\\/\\\/cklcomunicaciones.es\\\/coop\\\/#website\"},\"primaryImageOfPage\":{\"@id\":\"https:\\\/\\\/cklcomunicaciones.es\\\/coop\\\/noticias-info-ckl-no-2-263-15-01-19\\\/#primaryimage\"},\"image\":{\"@id\":\"https:\\\/\\\/cklcomunicaciones.es\\\/coop\\\/noticias-info-ckl-no-2-263-15-01-19\\\/#primaryimage\"},\"thumbnailUrl\":\"http:\\\/\\\/www.cklcomunicaciones.es\\\/wp-content\\\/uploads\\\/2018\\\/03\\\/CKL_comunicacion-con-perspetiva-de-genero-300x300.jpg\",\"datePublished\":\"2019-01-15T12:51:42+00:00\",\"dateModified\":\"2025-01-17T15:43:28+00:00\",\"author\":{\"@id\":\"https:\\\/\\\/cklcomunicaciones.es\\\/coop\\\/#\\\/schema\\\/person\\\/929a6837f7626450bbb50cee1aef266e\"},\"description\":\"Comunicar con perspectiva de g\u00e9nero: La violencia de g\u00e9nero, una lacra para la UE necesitada de definici\u00f3n clara-Hacienda dar\u00e1 incentivos a empresas que incorporen mujeres a sus consejos-Khabar Lahariya, 1er peri\u00f3dico indio editado y escrito por mujeres\",\"breadcrumb\":{\"@id\":\"https:\\\/\\\/cklcomunicaciones.es\\\/coop\\\/noticias-info-ckl-no-2-263-15-01-19\\\/#breadcrumb\"},\"inLanguage\":\"es\",\"potentialAction\":[{\"@type\":\"ReadAction\",\"target\":[\"https:\\\/\\\/cklcomunicaciones.es\\\/coop\\\/noticias-info-ckl-no-2-263-15-01-19\\\/\"]}]},{\"@type\":\"ImageObject\",\"inLanguage\":\"es\",\"@id\":\"https:\\\/\\\/cklcomunicaciones.es\\\/coop\\\/noticias-info-ckl-no-2-263-15-01-19\\\/#primaryimage\",\"url\":\"http:\\\/\\\/www.cklcomunicaciones.es\\\/wp-content\\\/uploads\\\/2018\\\/03\\\/CKL_comunicacion-con-perspetiva-de-genero-300x300.jpg\",\"contentUrl\":\"http:\\\/\\\/www.cklcomunicaciones.es\\\/wp-content\\\/uploads\\\/2018\\\/03\\\/CKL_comunicacion-con-perspetiva-de-genero-300x300.jpg\"},{\"@type\":\"BreadcrumbList\",\"@id\":\"https:\\\/\\\/cklcomunicaciones.es\\\/coop\\\/noticias-info-ckl-no-2-263-15-01-19\\\/#breadcrumb\",\"itemListElement\":[{\"@type\":\"ListItem\",\"position\":1,\"name\":\"Portada\",\"item\":\"https:\\\/\\\/cklcomunicaciones.es\\\/coop\\\/\"},{\"@type\":\"ListItem\",\"position\":2,\"name\":\"Noticias Info CKL n\u00ba 2.263-15\\\/01\\\/19\"}]},{\"@type\":\"WebSite\",\"@id\":\"https:\\\/\\\/cklcomunicaciones.es\\\/coop\\\/#website\",\"url\":\"https:\\\/\\\/cklcomunicaciones.es\\\/coop\\\/\",\"name\":\"CKL Comunicaciones\",\"description\":\"Sitio web de CKL Comunicaciones coop , la consultora de comunicaci\u00f3n y estrategia\",\"potentialAction\":[{\"@type\":\"SearchAction\",\"target\":{\"@type\":\"EntryPoint\",\"urlTemplate\":\"https:\\\/\\\/cklcomunicaciones.es\\\/coop\\\/?s={search_term_string}\"},\"query-input\":{\"@type\":\"PropertyValueSpecification\",\"valueRequired\":true,\"valueName\":\"search_term_string\"}}],\"inLanguage\":\"es\"},{\"@type\":\"Person\",\"@id\":\"https:\\\/\\\/cklcomunicaciones.es\\\/coop\\\/#\\\/schema\\\/person\\\/929a6837f7626450bbb50cee1aef266e\",\"name\":\"ckl\",\"image\":{\"@type\":\"ImageObject\",\"inLanguage\":\"es\",\"@id\":\"https:\\\/\\\/secure.gravatar.com\\\/avatar\\\/c82db564e8a669bf6023357a157b9dc4780f4d4c618f2ad1d71a6a5dede45057?s=96&d=mm&r=g\",\"url\":\"https:\\\/\\\/secure.gravatar.com\\\/avatar\\\/c82db564e8a669bf6023357a157b9dc4780f4d4c618f2ad1d71a6a5dede45057?s=96&d=mm&r=g\",\"contentUrl\":\"https:\\\/\\\/secure.gravatar.com\\\/avatar\\\/c82db564e8a669bf6023357a157b9dc4780f4d4c618f2ad1d71a6a5dede45057?s=96&d=mm&r=g\",\"caption\":\"ckl\"},\"url\":\"https:\\\/\\\/cklcomunicaciones.es\\\/coop\\\/author\\\/cklcomunicaciones\\\/\"}]}<\/script>\n<!-- \/ Yoast SEO plugin. -->","yoast_head_json":{"title":"Noticias Info CKL n\u00ba 2.263-15\/01\/19-Comunica con perspectiva de g\u00e9nero","description":"Comunicar con perspectiva de g\u00e9nero: La violencia de g\u00e9nero, una lacra para la UE necesitada de definici\u00f3n clara-Hacienda dar\u00e1 incentivos a empresas que incorporen mujeres a sus consejos-Khabar Lahariya, 1er peri\u00f3dico indio editado y escrito por mujeres","robots":{"index":"index","follow":"follow","max-snippet":"max-snippet:-1","max-image-preview":"max-image-preview:large","max-video-preview":"max-video-preview:-1"},"canonical":"https:\/\/cklcomunicaciones.es\/coop\/noticias-info-ckl-no-2-263-15-01-19\/","og_locale":"es_ES","og_type":"article","og_title":"Noticias Info CKL n\u00ba 2.263-15\/01\/19-Comunica con perspectiva de g\u00e9nero","og_description":"Comunicar con perspectiva de g\u00e9nero: La violencia de g\u00e9nero, una lacra para la UE necesitada de definici\u00f3n clara-Hacienda dar\u00e1 incentivos a empresas que incorporen mujeres a sus consejos-Khabar Lahariya, 1er peri\u00f3dico indio editado y escrito por mujeres","og_url":"https:\/\/cklcomunicaciones.es\/coop\/noticias-info-ckl-no-2-263-15-01-19\/","og_site_name":"CKL Comunicaciones","article_published_time":"2019-01-15T12:51:42+00:00","article_modified_time":"2025-01-17T15:43:28+00:00","og_image":[{"width":500,"height":500,"url":"https:\/\/cklcomunicaciones.es\/coop\/wp-content\/uploads\/2018\/03\/CKL_comunicacion-con-perspetiva-de-genero.jpg","type":"image\/jpeg"}],"author":"ckl","twitter_card":"summary_large_image","twitter_misc":{"Escrito por":"ckl","Tiempo de lectura":"4 minutos"},"schema":{"@context":"https:\/\/schema.org","@graph":[{"@type":"Article","@id":"https:\/\/cklcomunicaciones.es\/coop\/noticias-info-ckl-no-2-263-15-01-19\/#article","isPartOf":{"@id":"https:\/\/cklcomunicaciones.es\/coop\/noticias-info-ckl-no-2-263-15-01-19\/"},"author":{"name":"ckl","@id":"https:\/\/cklcomunicaciones.es\/coop\/#\/schema\/person\/929a6837f7626450bbb50cee1aef266e"},"headline":"Noticias Info CKL n\u00ba 2.263-15\/01\/19","datePublished":"2019-01-15T12:51:42+00:00","dateModified":"2025-01-17T15:43:28+00:00","mainEntityOfPage":{"@id":"https:\/\/cklcomunicaciones.es\/coop\/noticias-info-ckl-no-2-263-15-01-19\/"},"wordCount":829,"image":{"@id":"https:\/\/cklcomunicaciones.es\/coop\/noticias-info-ckl-no-2-263-15-01-19\/#primaryimage"},"thumbnailUrl":"http:\/\/www.cklcomunicaciones.es\/wp-content\/uploads\/2018\/03\/CKL_comunicacion-con-perspetiva-de-genero-300x300.jpg","articleSection":["Newsletter","Nwl v2.0"],"inLanguage":"es"},{"@type":"WebPage","@id":"https:\/\/cklcomunicaciones.es\/coop\/noticias-info-ckl-no-2-263-15-01-19\/","url":"https:\/\/cklcomunicaciones.es\/coop\/noticias-info-ckl-no-2-263-15-01-19\/","name":"Noticias Info CKL n\u00ba 2.263-15\/01\/19-Comunica con perspectiva de g\u00e9nero","isPartOf":{"@id":"https:\/\/cklcomunicaciones.es\/coop\/#website"},"primaryImageOfPage":{"@id":"https:\/\/cklcomunicaciones.es\/coop\/noticias-info-ckl-no-2-263-15-01-19\/#primaryimage"},"image":{"@id":"https:\/\/cklcomunicaciones.es\/coop\/noticias-info-ckl-no-2-263-15-01-19\/#primaryimage"},"thumbnailUrl":"http:\/\/www.cklcomunicaciones.es\/wp-content\/uploads\/2018\/03\/CKL_comunicacion-con-perspetiva-de-genero-300x300.jpg","datePublished":"2019-01-15T12:51:42+00:00","dateModified":"2025-01-17T15:43:28+00:00","author":{"@id":"https:\/\/cklcomunicaciones.es\/coop\/#\/schema\/person\/929a6837f7626450bbb50cee1aef266e"},"description":"Comunicar con perspectiva de g\u00e9nero: La violencia de g\u00e9nero, una lacra para la UE necesitada de definici\u00f3n clara-Hacienda dar\u00e1 incentivos a empresas que incorporen mujeres a sus consejos-Khabar Lahariya, 1er peri\u00f3dico indio editado y escrito por mujeres","breadcrumb":{"@id":"https:\/\/cklcomunicaciones.es\/coop\/noticias-info-ckl-no-2-263-15-01-19\/#breadcrumb"},"inLanguage":"es","potentialAction":[{"@type":"ReadAction","target":["https:\/\/cklcomunicaciones.es\/coop\/noticias-info-ckl-no-2-263-15-01-19\/"]}]},{"@type":"ImageObject","inLanguage":"es","@id":"https:\/\/cklcomunicaciones.es\/coop\/noticias-info-ckl-no-2-263-15-01-19\/#primaryimage","url":"http:\/\/www.cklcomunicaciones.es\/wp-content\/uploads\/2018\/03\/CKL_comunicacion-con-perspetiva-de-genero-300x300.jpg","contentUrl":"http:\/\/www.cklcomunicaciones.es\/wp-content\/uploads\/2018\/03\/CKL_comunicacion-con-perspetiva-de-genero-300x300.jpg"},{"@type":"BreadcrumbList","@id":"https:\/\/cklcomunicaciones.es\/coop\/noticias-info-ckl-no-2-263-15-01-19\/#breadcrumb","itemListElement":[{"@type":"ListItem","position":1,"name":"Portada","item":"https:\/\/cklcomunicaciones.es\/coop\/"},{"@type":"ListItem","position":2,"name":"Noticias Info CKL n\u00ba 2.263-15\/01\/19"}]},{"@type":"WebSite","@id":"https:\/\/cklcomunicaciones.es\/coop\/#website","url":"https:\/\/cklcomunicaciones.es\/coop\/","name":"CKL Comunicaciones","description":"Sitio web de CKL Comunicaciones coop , la consultora de comunicaci\u00f3n y estrategia","potentialAction":[{"@type":"SearchAction","target":{"@type":"EntryPoint","urlTemplate":"https:\/\/cklcomunicaciones.es\/coop\/?s={search_term_string}"},"query-input":{"@type":"PropertyValueSpecification","valueRequired":true,"valueName":"search_term_string"}}],"inLanguage":"es"},{"@type":"Person","@id":"https:\/\/cklcomunicaciones.es\/coop\/#\/schema\/person\/929a6837f7626450bbb50cee1aef266e","name":"ckl","image":{"@type":"ImageObject","inLanguage":"es","@id":"https:\/\/secure.gravatar.com\/avatar\/c82db564e8a669bf6023357a157b9dc4780f4d4c618f2ad1d71a6a5dede45057?s=96&d=mm&r=g","url":"https:\/\/secure.gravatar.com\/avatar\/c82db564e8a669bf6023357a157b9dc4780f4d4c618f2ad1d71a6a5dede45057?s=96&d=mm&r=g","contentUrl":"https:\/\/secure.gravatar.com\/avatar\/c82db564e8a669bf6023357a157b9dc4780f4d4c618f2ad1d71a6a5dede45057?s=96&d=mm&r=g","caption":"ckl"},"url":"https:\/\/cklcomunicaciones.es\/coop\/author\/cklcomunicaciones\/"}]}},"_links":{"self":[{"href":"https:\/\/cklcomunicaciones.es\/coop\/wp-json\/wp\/v2\/posts\/14364","targetHints":{"allow":["GET"]}}],"collection":[{"href":"https:\/\/cklcomunicaciones.es\/coop\/wp-json\/wp\/v2\/posts"}],"about":[{"href":"https:\/\/cklcomunicaciones.es\/coop\/wp-json\/wp\/v2\/types\/post"}],"author":[{"embeddable":true,"href":"https:\/\/cklcomunicaciones.es\/coop\/wp-json\/wp\/v2\/users\/3"}],"replies":[{"embeddable":true,"href":"https:\/\/cklcomunicaciones.es\/coop\/wp-json\/wp\/v2\/comments?post=14364"}],"version-history":[{"count":0,"href":"https:\/\/cklcomunicaciones.es\/coop\/wp-json\/wp\/v2\/posts\/14364\/revisions"}],"wp:attachment":[{"href":"https:\/\/cklcomunicaciones.es\/coop\/wp-json\/wp\/v2\/media?parent=14364"}],"wp:term":[{"taxonomy":"category","embeddable":true,"href":"https:\/\/cklcomunicaciones.es\/coop\/wp-json\/wp\/v2\/categories?post=14364"},{"taxonomy":"post_tag","embeddable":true,"href":"https:\/\/cklcomunicaciones.es\/coop\/wp-json\/wp\/v2\/tags?post=14364"}],"curies":[{"name":"wp","href":"https:\/\/api.w.org\/{rel}","templated":true}]}}