{"id":14362,"date":"2019-01-14T13:17:01","date_gmt":"2019-01-14T12:17:01","guid":{"rendered":"http:\/\/www.cklcomunicaciones.es\/?p=14362"},"modified":"2025-01-17T16:43:29","modified_gmt":"2025-01-17T15:43:29","slug":"noticias-info-ckl-no-2-262-14-01-19","status":"publish","type":"post","link":"https:\/\/cklcomunicaciones.es\/coop\/noticias-info-ckl-no-2-262-14-01-19\/","title":{"rendered":"Noticias Info CKL n\u00ba 2.262-14\/01\/19"},"content":{"rendered":"<div id=\"pl-14362\"  class=\"panel-layout\" >\n<div id=\"pg-14362-0\"  class=\"panel-grid panel-no-style\"  data-style=\"{&quot;background_image_attachment&quot;:false,&quot;background_display&quot;:&quot;tile&quot;,&quot;cell_alignment&quot;:&quot;flex-start&quot;}\" >\n<div id=\"pgc-14362-0-0\"  class=\"panel-grid-cell\"  data-weight=\"1\" >\n<div id=\"panel-14362-0-0-0\" class=\"so-panel widget widget_sow-editor panel-first-child panel-last-child\" data-index=\"0\" data-style=\"{&quot;background_image_attachment&quot;:false,&quot;background_display&quot;:&quot;tile&quot;}\" >\n<div class=\"so-widget-sow-editor so-widget-sow-editor-base\">\n<div class=\"siteorigin-widget-tinymce textwidget\">\n<p><img decoding=\"async\" class=\"lazyload  wp-image-13726\" src=\"http:\/\/www.cklcomunicaciones.es\/wp-content\/uploads\/2018\/03\/CKL_comunicacion-con-perspetiva-de-genero-300x300.jpg\" data-orig-src=\"http:\/\/www.cklcomunicaciones.es\/wp-content\/uploads\/2018\/03\/CKL_comunicacion-con-perspetiva-de-genero-300x300.jpg\" alt=\"CKL_comunicacion con perspetiva de genero\" width=\"132\" height=\"132\" srcset=\"data:image\/svg+xml,%3Csvg%20xmlns%3D%27http%3A%2F%2Fwww.w3.org%2F2000%2Fsvg%27%20width%3D%27132%27%20height%3D%27132%27%20viewBox%3D%270%200%20132%20132%27%3E%3Crect%20width%3D%27132%27%20height%3D%27132%27%20fill-opacity%3D%220%22%2F%3E%3C%2Fsvg%3E\" data-srcset=\"https:\/\/cklcomunicaciones.es\/coop\/wp-content\/uploads\/2018\/03\/CKL_comunicacion-con-perspetiva-de-genero-150x150.jpg 150w, https:\/\/cklcomunicaciones.es\/coop\/wp-content\/uploads\/2018\/03\/CKL_comunicacion-con-perspetiva-de-genero-300x300.jpg 300w, https:\/\/cklcomunicaciones.es\/coop\/wp-content\/uploads\/2018\/03\/CKL_comunicacion-con-perspetiva-de-genero-450x450.jpg 450w, https:\/\/cklcomunicaciones.es\/coop\/wp-content\/uploads\/2018\/03\/CKL_comunicacion-con-perspetiva-de-genero.jpg 500w\" data-sizes=\"auto\" data-orig-sizes=\"(max-width: 132px) 100vw, 132px\" \/><\/p>\n<p id=\":49h\" class=\"hP\" tabindex=\"-1\" data-thread-perm-id=\"thread-f:1620470658956742117\" data-legacy-thread-id=\"167d117a8c0f4de5\"><strong>Audrey Azoulay, Directora UNESCO:\u201cUna empresa no es la misma si hay mujeres tomando decisiones\u201d-Foro \u2018La mujer l\u00edder en el siglo XXI Espa\u00f1a-EEUU\u00bb-Berta de Andr\u00e9s, Coordinadora de Sociedad Espa\u00f1ola de Neurolog\u00eda<\/strong><\/p>\n<p>[toggle type=\u00bbfirst\u00bb title=\u00bbComunicaci\u00f3n\u00bb]<\/p>\n<p><a href=\"http:\/\/www.aepde.org\/prensa-deportiva-malaga-se-vuelca-la-igualdad-la-mujer\/\">La prensa deportiva de M\u00e1laga se vuelca con la igualdad de la mujer<\/a>&#8211; Aepde.org<\/p>\n<p><a href=\"https:\/\/www.revistalugardeencuentro.com\/wp\/2019\/01\/12\/susana-guerrero-el-lenguaje-inclusivo-bien-utilizado-ni-suena-mal-ni-es-repetitivo\/\">Susana Guerrero: \u201cEl lenguaje inclusivo bien utilizado ni suena mal ni es repetitivo&#8230;<\/a>&#8211; Revista Lugar Encuentro<\/p>\n<p><a href=\"https:\/\/www.vistazo.com\/seccion\/tendencias\/virales\/publicidades-que-abandonan-los-estereotipos-y-la-discriminacion\">Publicidades que abandonan los estereotipos y la discriminaci\u00f3n<\/a>&#8211; Vistazo<\/p>\n<p><a href=\"https:\/\/elpais.com\/tecnologia\/2019\/01\/12\/actualidad\/1547288980_518731.html\">As\u00ed ser\u00e1 la tecnolog\u00eda en 2019<\/a> \u2013 El Pa\u00eds<\/p>\n<p>[\/toggle]<\/p>\n<p>[toggle type=\u00bbfirst\u00bb title=\u00bbAndaluc\u00eda\u00bb]<\/p>\n<p><strong>Institucional<\/strong><\/p>\n<p><a href=\"https:\/\/www.google.com\/url?sa=t&amp;rct=j&amp;q=&amp;esrc=s&amp;source=newssearch&amp;cd=7&amp;ved=0ahUKEwi_666al-3fAhXr0eAKHXcnDrgQqQIIOSgAMAY&amp;url=https%3A%2F%2Fsevilla.abc.es%2Fandalucia%2Fsevi-nuevo-gobierno-andalucia-once-consejerias-y-ciudadanos-tendra-educacion-turismo-economia-igualdad-201901141118_noticia.html&amp;usg=AOvVaw3pYLLoVAJBuSWpkRegUkSd\">Nuevo gobierno de Andaluc\u00eda: once consejer\u00edas &#8230;<\/a>&#8211; abcdesevilla.es<strong>\u00a0<\/strong><\/p>\n<p><strong>Econom\u00eda y Empresas<\/strong><\/p>\n<p><a href=\"https:\/\/www.google.com\/url?sa=t&amp;rct=j&amp;q=&amp;esrc=s&amp;source=newssearch&amp;cd=34&amp;ved=0ahUKEwj4g-z5me3fAhWS3eAKHdOGC5c4HhCpAggwKAAwAw&amp;url=https%3A%2F%2Flahoradigital.com%2Fnoticia%2F18269%2Feconomia%2Fandalucia-registro-la-crecion-de-casi-15.000-empresas-durante-el-2018.html&amp;usg=AOvVaw2mz-YU2tEwhRLdgCJIOyrE\">Andaluc\u00eda registr\u00f3 la creci\u00f3n de casi 15.000 empresas durante el 2018, el 23,7% de los socios fueron mujeres\u2026.<\/a>&#8211; <a href=\"http:\/\/lahoradigital.com\/\">lahoradigital.com\/<\/a><\/p>\n<p><a href=\"https:\/\/www.diariodealmeria.es\/finanzasyagricultura\/emprendimiento-Junta-Almeria-empleo_0_1317768453.html\">Los servicios de apoyo al emprendimiento de la Junta impulsan la creaci\u00f3n de 1.051 empresas, el 44,3% promovidas por empresarias&#8230;<\/a>&#8211; Diario de Almer\u00eda<\/p>\n<p><a href=\"https:\/\/www.mujeremprendedora.net\/idea-aprueba-incentivos-seis-millones-mejorar-competitividad-24-proyectos-empresariales\/\">IDEA aprueba incentivos por seis millones para mejorar la competitividad de 24 proyectos empresariales<\/a>\u2013 Mujeremprendedora.net<\/p>\n<p><a href=\"https:\/\/www.google.com\/url?sa=t&amp;rct=j&amp;q=&amp;esrc=s&amp;source=newssearch&amp;cd=20&amp;ved=0ahUKEwj0tYSFke3fAhVqAWMBHRbFBpA4ChCpAghCKAAwCQ&amp;url=https%3A%2F%2Fcadenaser.com%2Femisora%2F2019%2F01%2F14%2Fradio_sevilla%2F1547446343_553527.html&amp;usg=AOvVaw35jMIeBwRIhyqxN14Rc0bA\">Los PGE contemplan una inversi\u00f3n de 2.132 millones de euros en Andaluc\u00eda&#8230;<\/a> &#8211; Cadena SER<\/p>\n<p><strong>Actualidad<\/strong><\/p>\n<p><a href=\"https:\/\/www.google.com\/url?rct=j&amp;sa=t&amp;url=https:\/\/www.granadahoy.com\/granada\/3500-voces-feminismo-Granada_0_1318068516.html&amp;ct=ga&amp;cd=CAEYAyoUMTQ3MTY4MzczNDQwOTQwMTMwMDIyGWMwMzcyZWJjMmZlYWRhNTk6ZXM6ZXM6RVM&amp;usg=AFQjCNH_pnjFM6hD7dR34T8-3WxsM6ueeg\">Las 3.500 voces del feminismo de Granada <\/a>&#8211; Granada Hoy<\/p>\n<p><a href=\"https:\/\/cordopolis.es\/2019\/01\/14\/movimientos-sociales-sindicatos-y-partidos-se-suman-a-la-protesta-feminista-del-15e\/\">Movimientos sociales, sindicatos y partidos se suman a la protesta &#8230;<\/a>&#8211; Cord\u00f3polis<\/p>\n<p><a href=\"http:\/\/www.canalsur.es\/noticias\/carmen-castilla-nada-ha-cambiado-desde-las-manifestaciones-del-8-de-marzo\/1378943.html\">Carmen Castilla, Secretaria General de UGT Andaluc\u00eda: \u00abNada ha cambiado desde las manifestaciones del 8 de marzo\u201d&#8230;<\/a>&#8211; CanalSurWeb<\/p>\n<p><strong>Violencia<\/strong><\/p>\n<p><a href=\"http:\/\/www.canalsur.es\/noticias\/maria-gamez-no-banalicemos-con-la-violencia-machista\/1378746.html\">Mar\u00eda G\u00e1mez, subdelegada del gobierno en Andaluc\u00eda: \u201cNo banalicemos con la violencia machista\u00bb<\/a>&#8211; CanalSurWeb<\/p>\n<p><a href=\"https:\/\/www.lavanguardia.com\/local\/sevilla\/20190113\/454107681949\/mas-de-650-colegios-fomentan-la-prevencion-de-la-violencia-de-genero.html\">M\u00e1s de 650 colegios fomentan la prevenci\u00f3n de la violencia de g\u00e9nero<\/a>&#8211; La Vanguardia<\/p>\n<p><a href=\"https:\/\/www.google.com\/url?rct=j&amp;sa=t&amp;url=https:\/\/www.diariosur.es\/costadelsol\/leonor-mujer-asesinada-20190112135013-nt.html&amp;ct=ga&amp;cd=CAEYACoTMjA5ODMzMzYzMzQ2NDkyMTcyMDIZYzAzNzJlYmMyZmVhZGE1OTplczplczpFUw&amp;usg=AFQjCNFLcjR7boySGCAUUzZqNVqrblQ_wg\">Leonor, la mujer asesinada en Fuengirola, llevaba pocos meses separada de su agresor, al que &#8230; <\/a>&#8211; Sur Digital<\/p>\n<p><strong>Ciencia y Cultura<\/strong><\/p>\n<p><a href=\"http:\/\/Berta%20de%20Andr\u00e9s,%20neurofisioterapeuta,%20nueva%20coordinadora%20del%20SEN%20\u2026.%20www.mujeremprendedora.net\/neurofisioterapeuta-sevillana-berta-de-andres-nueva-coordinadora-sen\/\">Berta de Andr\u00e9s, neurofisioterapeuta, nueva coordinadora de la Sociedad Espa\u00f1ola de Neurolog\u00eda\u2026 \u00a0<\/a>\u2013 Mujeremprendedora.net<\/p>\n<p><a href=\"https:\/\/www.laopiniondemalaga.es\/malaga\/2019\/01\/14\/mejores-alumnas-veteranas-andalucia\/1060393.html\">Las mejores alumnas veteranas de Andaluc\u00eda<\/a>&#8211; La Opini\u00f3n de M\u00e1laga<\/p>\n<p><a href=\"https:\/\/www.google.com\/url?sa=t&amp;rct=j&amp;q=&amp;esrc=s&amp;source=newssearch&amp;cd=32&amp;ved=0ahUKEwiD7tXPk-3fAhVK4eAKHcO1AsI4HhCpAggqKAAwAQ&amp;url=https%3A%2F%2Fwww.lavozdelsur.es%2Fana-jimenez-la-abanderada-luisa-rendon-y-otras-100-gaditanas-represaliadas-por-el-franquismo%2F&amp;usg=AOvVaw0HrUKgUD7wlgD7DrTGKj4N\">Ana Jim\u00e9nez, &#8216;La Abanderada&#8217;, Luisa Rend\u00f3n y otras 100 gaditanas en la exposici\u00f3n \u201cGaditanas en la memoria\u201d&#8230;<\/a>&#8211; La Voz del Sur<\/p>\n<p><a href=\"https:\/\/www.google.com\/url?sa=t&amp;rct=j&amp;q=&amp;esrc=s&amp;source=newssearch&amp;cd=15&amp;ved=0ahUKEwi0ps-Ome3fAhUlAWMBHWhtCd04ChCpAggzKAAwBA&amp;url=https%3A%2F%2Fwww.diariocordoba.com%2Fnoticias%2Fcultura%2Fno-tengo-presion-ser-hija-de-doy-yo-misma_1275728.html&amp;usg=AOvVaw1iclceuTuTuBqEb9nzR0qU\">Ana Latorre: \u201cNo tengo la presi\u00f3n de ser &#8216;hija de&#8217;, me la doy yo misma\u00bb<\/a>&#8211; Diario C\u00f3rdoba<\/p>\n<p><a href=\"https:\/\/www.google.com\/url?sa=t&amp;rct=j&amp;q=&amp;esrc=s&amp;source=newssearch&amp;cd=16&amp;ved=0ahUKEwizwee2me3fAhWu3OAKHYxaBlQ4ChCpAgg2KAAwBQ&amp;url=https%3A%2F%2Fwww.europapress.es%2Fandalucia%2Fnoticia-400-personas-participaran-festival-tango-almunecar-granada-18-20-enero-20190113154432.html&amp;usg=AOvVaw0J_DjRbgzLDSNToFNrGBcf\">Unas 400 personas participar\u00e1n en el I Festival del Tango de Almu\u00f1ecar &#8230;<\/a>&#8211; Europa Press<\/p>\n<p><strong>Deporte<\/strong><\/p>\n<p><a href=\"http:\/\/huelva24.com\/not\/121739\/dos-nuevos-records-de-andalucia-para-alba-vazquez\/\">Dos nuevos r\u00e9cords de Andaluc\u00eda para Alba V\u00e1zquez<\/a> &#8211; Huelva24<\/p>\n<p>[\/toggle]<\/p>\n<p>[toggle type=\u00bbfirst\u00bb title=\u00bbEstado\u00bb]<\/p>\n<p><strong>Institucional<\/strong><\/p>\n<p><a href=\"https:\/\/www.google.com\/url?rct=j&amp;sa=t&amp;url=https:\/\/www.heraldo.es\/noticias\/aragon\/2019\/01\/12\/carmen-calvo-asegura-que-no-habra-punto-retorno-lucha-feminista-1286929-300.html&amp;ct=ga&amp;cd=CAEYAioUMTQ3MTY4MzczNDQwOTQwMTMwMDIyGWMwMzcyZWJjMmZlYWRhNTk6ZXM6ZXM6RVM&amp;usg=AFQjCNF9kVfHa_PRmV5-NzQ_v7EUGkATKg\">Carmen Calvo, Vicepresidenta del Gobierno y Ministra de Igualdad, asegura que no habr\u00e1 \u00abpunto de retorno\u00bb en la lucha feminista <\/a>&#8211; Heraldo.es<\/p>\n<p><a href=\"https:\/\/www.google.com\/url?sa=t&amp;rct=j&amp;q=&amp;esrc=s&amp;source=newssearch&amp;cd=21&amp;ved=0ahUKEwj5h5CTk-3fAhUdD2MBHV0hBV04FBCpAggnKAAwAA&amp;url=https%3A%2F%2Fwww.eldiario.es%2Fsociedad%2FSilvia-Buavent_0_856364396.html&amp;usg=AOvVaw3xxUkpKW-VOkCzs-eDYZQ1\">Silvia Baubent, directora del Instituto de la Mujer: \u201cHabr\u00e1 que ver si el Gobierno secunda la huelga feminista, pero estoy &#8230;<\/a> &#8211; eldiario.es<\/p>\n<p><strong>Institucional-CCAA<\/strong><\/p>\n<p><a href=\"https:\/\/www.google.com\/url?rct=j&amp;sa=t&amp;url=https:\/\/www.laverdad.es\/murcia\/cartagena\/ingenieras-fabricar-ingenieras-20190111003945-ntvo.html&amp;ct=ga&amp;cd=CAEYBCoTMjI1NDQ4MDA5MDAyNTA5MDU1MDIZYzAzNzJlYmMyZmVhZGE1OTplczplczpFUw&amp;usg=AFQjCNEO6mfx4FHvdRH_3E8pkBpywtzZGQ\">Ingenieras para &#8216;fabricar&#8217; ingenieras <\/a>&#8211; La Verdad<\/p>\n<p><a href=\"https:\/\/www.google.com\/url?rct=j&amp;sa=t&amp;url=https:\/\/www.noticiasdenavarra.com\/2019\/01\/11\/sociedad\/navarra\/un-foro-analizara-la-participacion-de-mujeres-politicas-en-las-entidades-locales-de-navarra&amp;ct=ga&amp;cd=CAEYDCoTMjI1NDQ4MDA5MDAyNTA5MDU1MDIZYzAzNzJlYmMyZmVhZGE1OTplczplczpFUw&amp;usg=AFQjCNEr8evoFCYWJLd9RBsPxZXUQ64d2w\">Un foro analizar\u00e1 la participaci\u00f3n de mujeres pol\u00edticas en las entidades locales de Navarra <\/a>&#8211; Noticias de Navarra<\/p>\n<p><a href=\"https:\/\/www.google.com\/url?rct=j&amp;sa=t&amp;url=http:\/\/www.aragondigital.es\/noticia.asp%3Fnotid%3D173362&amp;ct=ga&amp;cd=CAEYACoUMTY0MTIxMDMyMDc3NjY2NTI2ODMyGWMwMzcyZWJjMmZlYWRhNTk6ZXM6ZXM6RVM&amp;usg=AFQjCNFx-o4ld-nJw-oyg_XB1M31JwmwBw\">Arag\u00f3n reconoce el trabajo de once entidades y personas por la plena igualdad entre hombres y &#8230; <\/a>&#8211; Arag\u00f3n Digital<\/p>\n<p><a href=\"https:\/\/www.lagacetadesalamanca.es\/salamanca\/2019\/01\/13\/llega-ewoman-salamanca-mujeres-exito\/257769.html\">Llega eWoman Salamanca: mujeres de \u00e9xito en el entorno digital y &#8230;<\/a>&#8211; La Gaceta de Salamanca<\/p>\n<p><a href=\"https:\/\/www.farodevigo.es\/galicia\/2019\/01\/13\/mujeres-rural-reclaman-xunta-eliminar\/2032061.html\">Mujeres del rural reclaman a la Xunta eliminar trabas a la titularidad &#8230;<\/a>&#8211; Faro de Vigo<\/p>\n<p><a href=\"https:\/\/www.eldiario.es\/clm\/Castilla-La-Mancha-victimas-violencia-tutelados_0_857064376.html\">Castilla-La Mancha ofrece ayudas a v\u00edctimas de violencia de g\u00e9nero &#8230;<\/a>&#8211; <a href=\"http:\/\/eldiario.es\">eldiario.es<\/a><\/p>\n<p><a href=\"https:\/\/www.elperiodicomediterraneo.com\/noticias\/castellon\/mujer-pisa-fuerte-crea-ocho-diez-negocios-castellon_1196197.html\">La mujer pisa fuerte y crea ocho de cada diez negocios en Castell\u00f3n<\/a>&#8211; El Peri\u00f3dico Mediterr\u00e1neo<\/p>\n<p><strong>Ec<\/strong><strong>onom\u00eda y Empresa<\/strong><\/p>\n<p><a href=\"https:\/\/www.google.com\/url?rct=j&amp;sa=t&amp;url=https:\/\/www.equiposytalento.com\/noticias\/2019\/01\/11\/las-mujeres-representan-el-34-de-la-plantilla-de-indra&amp;ct=ga&amp;cd=CAEYCSoTMjI1NDQ4MDA5MDAyNTA5MDU1MDIZYzAzNzJlYmMyZmVhZGE1OTplczplczpFUw&amp;usg=AFQjCNF80vrRgfhg1JJIthh0CglCazWXyw\">Las mujeres representan el 34% de la plantilla de Indra <\/a>&#8211; Equipos &amp; Talento<\/p>\n<p><a href=\"https:\/\/www.google.com\/url?rct=j&amp;sa=t&amp;url=https:\/\/www.equiposytalento.com\/noticias\/2019\/01\/11\/carrefour-impulsa-la-igualdad-en-la-empresa-a-traves-de-mas-de-120-acciones&amp;ct=ga&amp;cd=CAEYCyoTMjI1NDQ4MDA5MDAyNTA5MDU1MDIZYzAzNzJlYmMyZmVhZGE1OTplczplczpFUw&amp;usg=AFQjCNFHiqy_A88KnIHq4nn_0ncBJO10Qw\">Carrefour impulsa la igualdad en la empresa a trav\u00e9s de m\u00e1s de 120 acciones <\/a>&#8211; Equipos &amp; Talento<\/p>\n<p><a href=\"https:\/\/www.publico.es\/sociedad\/3000-trabajadores-adif-saldran-seis-tarde-mejorar-conciliacion-familiar.html\">M\u00e1s de 3.000 trabajadores de Adif saldr\u00e1n a las seis de la tarde para mejorar la conciliaci\u00f3n familiar<\/a> &#8211; P\u00fablico<\/p>\n<p><a href=\"https:\/\/www.mujeremprendedora.net\/retos-directivos-2019\/\">Retos directivos para 2019<\/a> \u2013 Mujeremprendedora.net<\/p>\n<p><a href=\"https:\/\/www.mujeremprendedora.net\/i-foro-mujer-lider-siglo-xxi-espana-ee-uu\/\">I Foro \u2018La mujer l\u00edder en el siglo XXI. Espa\u00f1a-EE. UU\u2019<\/a>\u2013 Mujeremprendedora.net<strong>\u00a0<\/strong><\/p>\n<p><strong>Actualidad<\/strong><\/p>\n<p><a href=\"https:\/\/www.publico.es\/politica\/mujeres-han-ocupado-quinta-parte-plazas-cgpj-40-anos-historia.html\">Las mujeres s\u00f3lo han ocupado la quinta parte de las plazas del CGPJ en sus 40 a\u00f1os de historia<\/a>&#8211; P\u00fablico<\/p>\n<p><a href=\"https:\/\/www.google.com\/url?rct=j&amp;sa=t&amp;url=https:\/\/diario16.com\/aurora-bertrana-fue-una-pionera-del-feminismo-espanol\/&amp;ct=ga&amp;cd=CAEYByoUMTE2OTAwNDM3NjE2MTM5OTM4MDcyGWMwMzcyZWJjMmZlYWRhNTk6ZXM6ZXM6RVM&amp;usg=AFQjCNHTCE_Nrr2UefF15WIA66tqO-6mbg\">\u201dAurora Bertrana fue una pionera del feminismo espa\u00f1ol\u201d <\/a>&#8211; Diario16<\/p>\n<p><a href=\"https:\/\/www.google.com\/url?sa=t&amp;rct=j&amp;q=&amp;esrc=s&amp;source=newssearch&amp;cd=69&amp;ved=0ahUKEwiKqaeqj-3fAhVK4eAKHcO1AsI4PBCpAgg-KAAwCA&amp;url=https%3A%2F%2Fwww.cuatro.com%2Fnoticias%2Fciencia%2Fcambios-fisiologicos-mujeres-enamoradas-virus_0_2690625024.html&amp;usg=AOvVaw1BYRti9WU3shN9yupyQyoH\">Los cambios fisiol\u00f3gicos de las mujeres enamoradas, similares a los &#8230;<\/a>&#8211; Cuatro<\/p>\n<p><a href=\"https:\/\/www.google.com\/url?sa=t&amp;rct=j&amp;q=&amp;esrc=s&amp;source=newssearch&amp;cd=85&amp;ved=0ahUKEwiYi8_rj-3fAhUr2OAKHQP_Cjg4UBCpAggzKAAwBA&amp;url=https%3A%2F%2Fwww.publico.es%2Fsociedad%2Fsanidad%2Fobesidad-80-hombres-55-mujeres-espana-tendran-obesidad-2030.html&amp;usg=AOvVaw3qpIQFbNUxfP_pybQ6FW09\">El 80% de los hombres y el 55% de las mujeres de Espa\u00f1a tendr\u00e1n obesidad en 2030&#8230;<\/a>&#8211; P\u00fablico<\/p>\n<p><a href=\"https:\/\/www.elmundo.es\/espana\/2019\/01\/13\/5c3b57cafdddff04698b4580.html\">Detenido el marido de la desaparecida el d\u00eda 1 en Lanzarote<\/a> \u2013 El Mundo<strong>\u00a0<\/strong><\/p>\n<p><strong>Violencia<\/strong><\/p>\n<p><a href=\"https:\/\/www.google.com\/url?rct=j&amp;sa=t&amp;url=https:\/\/www.lavanguardia.com\/vida\/20190113\/454108090995\/angeles-carmona-cgpj-sobre-la-violencia-de-genero-y-domestica-la-media-es-50-mujeres-asesinadas-y-4-hombres.html&amp;ct=ga&amp;cd=CAEYCSoTMjA5ODMzMzYzMzQ2NDkyMTcyMDIZYzAzNzJlYmMyZmVhZGE1OTplczplczpFUw&amp;usg=AFQjCNFAM8QfXuhTWxJs7YuFCTRlOgcV0Q\">\u00c1ngeles Carmona, Presidenta del Observatorio de la Violencia Dom\u00e9stica y de G\u00e9nero (CGPJ) sobre la violencia de g\u00e9nero y dom\u00e9stica: \u00abLa media es 50 mujeres asesinadas y 4 hombres\u201d &#8230;- <\/a>La Vanguardia<\/p>\n<p><a href=\"http:\/\/www.elmundo.es\/espana\/2019\/01\/13\/5c3a4e54fc6c8370038b4684.html\">Diez audiencias provinciales exig\u00edan acreditar el machismo en la violencia de g\u00e9nero<\/a> \u2013El Mundo<strong>\u00a0<\/strong><\/p>\n<p><strong>Ciencia y Cultura<\/strong><\/p>\n<p><a href=\"https:\/\/www.google.com\/url?rct=j&amp;sa=t&amp;url=http:\/\/www.diariodelaltoaragon.es\/NoticiasDetalle.aspx%3FId%3D1150233&amp;ct=ga&amp;cd=CAEYASoUMTYxMzU3MjcxMDUxNjk0MjA3MjEyGWMwMzcyZWJjMmZlYWRhNTk6ZXM6ZXM6RVM&amp;usg=AFQjCNG-GxnXE0pSkOSASaOu8SQol1T98g\">Mar\u00eda \u00c1ngeles Mill\u00e1n, C\u00e1tedra de Igualdad y G\u00e9nero de la Universidad de Zaragoza: \u00abLa Universidad no puede quedar impasible ante el retroceso en los &#8230; <\/a>&#8211; Alto Arag\u00f3n<\/p>\n<p><a href=\"https:\/\/www.laverdad.es\/culturas\/cine\/llorach-espero-encontreis-20190114002258-ntvo.html\">Eva Llorach, Premio Forqu\u00e9 a la Mejor Actriz<em>: <\/em>\u00abEspero que encontr\u00e9is a vuestra Violeta\u00bb<\/a>&#8211; La Verdad<\/p>\n<p><a href=\"https:\/\/www.google.com\/url?rct=j&amp;sa=t&amp;url=https:\/\/eldia.es\/cultura\/2019-01-12\/22-VI-Festival-Flamenco-Romi-rinde-homenaje-mujer-gitana.htm&amp;ct=ga&amp;cd=CAEYBSoUMTE2OTAwNDM3NjE2MTM5OTM4MDcyGWMwMzcyZWJjMmZlYWRhNTk6ZXM6ZXM6RVM&amp;usg=AFQjCNHjz8lhQ6sbF7IEKAuf1bUUvVQITA\">El VI Festival Flamenco Rom\u00ed rinde homenaje a la mujer gitana<\/a>&#8211; eldia.es<\/p>\n<p><a href=\"https:\/\/elpais.com\/cultura\/2019\/01\/11\/actualidad\/1547209381_396742.html\">Zaira Romero, candidata a al Goya actriz revelaci\u00f3n: \u201cTambi\u00e9n puedo hacer de ni\u00f1a pija\u201d<\/a> \u2013 El Pa\u00eds<\/p>\n<p><strong>Deporte\u00a0\u00a0<\/strong><\/p>\n<p><a href=\"https:\/\/elpais.com\/deportes\/2019\/01\/10\/es_laliga\/1547119248_813460.html\">Descubre por qu\u00e9 estas 20 jugadoras arrasan en redes y convierten en tendencia mundial el f\u00fatbol femenino<\/a> \u2013 El Pa\u00eds<\/p>\n<p><a href=\"http:\/\/lab.rtve.es\/las-claves\/-quienes-son-las-mujeres-del-dakar--2019-01-12\/\">\u00bfQui\u00e9nes son las mujeres del Dakar?<\/a> &#8211; Rtve<\/p>\n<p><a href=\"https:\/\/iusport.com\/art\/78164\/presentado-el-i-torneo-del-atlantico-femenino\">Presentado el I Torneo del Atl\u00e1ntico Femenino<\/a>&#8211; Iusport<\/p>\n<p>[\/toggle]<\/p>\n<p>[toggle type=\u00bbfirst\u00bb title=\u00bbInternacional\u00bb]<\/p>\n<p><a href=\"https:\/\/www.google.com\/url?rct=j&amp;sa=t&amp;url=https:\/\/elpais.com\/elpais\/2019\/01\/07\/eps\/1546875669_855194.html&amp;ct=ga&amp;cd=CAEYIyoTMjI1NDQ4MDA5MDAyNTA5MDU1MDIZYzAzNzJlYmMyZmVhZGE1OTplczplczpFUw&amp;usg=AFQjCNH6dDFiqu6Xuo9KOloouTQjDRZo1Q\">Audrey Azoulay, Directora General de la UNESCO: \u201cUna empresa no es la misma si hay mujeres tomando decisiones\u201d <\/a>\u2013 El Pa\u00eds<\/p>\n<p><a href=\"https:\/\/www.publico.es\/internacional\/femenino-plural-refugio-maria-carvajal.html\">Mar\u00eda Carvajal y la escasez de mujeres lideresas en Colombia<\/a> &#8211; P\u00fablico<\/p>\n<p><a href=\"https:\/\/cdeuv.es\/menumultimedia\/aliasrecomendaciones\/item\/19593-fem-eu-construim-el-futur-d-europa-amb-mirada-feminista.html\">FEM-EU, construim el futur d\u2019Europe amb mirada feminista\u2026 <\/a><a href=\"http:\/\/cdeuv.es\">cdeuv.es<\/a><\/p>\n<p><a href=\"https:\/\/periodistas-es.com\/empoderamiento-de-la-mujer-en-el-nuevo-congreso-de-estados-unidos-117923\">Empoderamiento de la mujer en el nuevo Congreso de Estados Unidos<\/a>&#8211; Periodistas-es<\/p>\n<p><a href=\"https:\/\/www.elespanol.com\/mundo\/20190114\/nuevo-referente-feminista-eeuu-mujer-anos-exito\/367243277_3.html\">El nuevo referente feminista en EEUU: mujer<em>,<\/em> 70 a\u00f1os y con \u00e9xito<\/a>&#8211; El Espa\u00f1ol<\/p>\n<p><a href=\"https:\/\/www.google.com\/url?rct=j&amp;sa=t&amp;url=https:\/\/elpais.com\/internacional\/2019\/01\/12\/mundo_global\/1547286938_192512.html&amp;ct=ga&amp;cd=CAEYJioUMTE2OTAwNDM3NjE2MTM5OTM4MDcyGWMwMzcyZWJjMmZlYWRhNTk6ZXM6ZXM6RVM&amp;usg=AFQjCNHkTcjU2h3Yj0WSCkB1Er3xm-XxDw\">Canad\u00e1 debate qu\u00e9 hacer con el &#8216;turismo de partos&#8217; <\/a>\u2013 El Pa\u00eds<\/p>\n<p><a href=\"https:\/\/www.google.com\/url?rct=j&amp;sa=t&amp;url=https:\/\/www.elsoldelcentro.com.mx\/mundo\/hogar-un-peligro-para-mujeres-87-mil-fueron-asesinadas-por-su-pareja-o-familiares-2017-onu-2908047.html&amp;ct=ga&amp;cd=CAEYFSoTMjI1NDQ4MDA5MDAyNTA5MDU1MDIZYzAzNzJlYmMyZmVhZGE1OTplczplczpFUw&amp;usg=AFQjCNE3PmnpY_kwljg1CAqp4J32TPvEWg\">Hogar, un peligro para mujeres; 87 mil fueron asesinadas por su pareja o familiares en 2017: ONU <\/a>&#8211; El Sol del Centro<\/p>\n<p><a href=\"https:\/\/www.google.com\/url?sa=t&amp;rct=j&amp;q=&amp;esrc=s&amp;source=newssearch&amp;cd=81&amp;ved=0ahUKEwiYi8_rj-3fAhUr2OAKHQP_Cjg4UBCpAggnKAAwAA&amp;url=https%3A%2F%2Fwww.lasexta.com%2Fnoticias%2Finternacional%2Fmujeres-balcanes-desprotegidas-sistema-patriarcal-que-dispara-violencia-machista_201901135c3b0f900cf28b07715bb395.html&amp;usg=AOvVaw3PgXiOjt8ullz7LBFHXzHY\">Las mujeres en los Balcanes, desprotegidas ante un sistema &#8230;<\/a>&#8211; LaSexta<\/p>\n<p>[\/toggle]<\/p>\n<\/div>\n<\/div>\n<\/div>\n<\/div>\n<\/div>\n<\/div>\n","protected":false},"excerpt":{"rendered":"<p>Audrey Azoulay, Directora UNESCO:\u201cUna empresa no es la misma si <a href=\"https:\/\/cklcomunicaciones.es\/coop\/noticias-info-ckl-no-2-262-14-01-19\/\">[&#8230;]<\/a><\/p>\n","protected":false},"author":3,"featured_media":0,"comment_status":"closed","ping_status":"closed","sticky":false,"template":"","format":"standard","meta":{"footnotes":""},"categories":[298,623],"tags":[],"class_list":["post-14362","post","type-post","status-publish","format-standard","hentry","category-newsletter","category-nwl-2-0"],"yoast_head":"<!-- This site is optimized with the Yoast SEO plugin v27.5 - https:\/\/yoast.com\/product\/yoast-seo-wordpress\/ -->\n<title>Noticias Info CKL n\u00ba 2.262-14\/01\/19-Comunica con perspectiva de g\u00e9nero<\/title>\n<meta name=\"description\" content=\"Comunicar con perspectiva de g\u00e9nero: Audrey Azoulay, Directora UNESCO:\u201cUna empresa no es la misma si hay mujeres tomando decisiones\u201d-Foro \u2018La mujer l\u00edder en el siglo XXI Espa\u00f1a-EEUU&quot;-Berta de Andr\u00e9s, Coordinadora de Sociedad Espa\u00f1ola de Neurolog\u00eda\" \/>\n<meta name=\"robots\" content=\"index, follow, max-snippet:-1, max-image-preview:large, max-video-preview:-1\" \/>\n<link rel=\"canonical\" href=\"https:\/\/cklcomunicaciones.es\/coop\/noticias-info-ckl-no-2-262-14-01-19\/\" \/>\n<meta property=\"og:locale\" content=\"es_ES\" \/>\n<meta property=\"og:type\" content=\"article\" \/>\n<meta property=\"og:title\" content=\"Noticias Info CKL n\u00ba 2.262-14\/01\/19-Comunica con perspectiva de g\u00e9nero\" \/>\n<meta property=\"og:description\" content=\"Comunicar con perspectiva de g\u00e9nero: Audrey Azoulay, Directora UNESCO:\u201cUna empresa no es la misma si hay mujeres tomando decisiones\u201d-Foro \u2018La mujer l\u00edder en el siglo XXI Espa\u00f1a-EEUU&quot;-Berta de Andr\u00e9s, Coordinadora de Sociedad Espa\u00f1ola de Neurolog\u00eda\" \/>\n<meta property=\"og:url\" content=\"https:\/\/cklcomunicaciones.es\/coop\/noticias-info-ckl-no-2-262-14-01-19\/\" \/>\n<meta property=\"og:site_name\" content=\"CKL Comunicaciones\" \/>\n<meta property=\"article:published_time\" content=\"2019-01-14T12:17:01+00:00\" \/>\n<meta property=\"article:modified_time\" content=\"2025-01-17T15:43:29+00:00\" \/>\n<meta property=\"og:image\" content=\"https:\/\/cklcomunicaciones.es\/coop\/wp-content\/uploads\/2018\/03\/CKL_comunicacion-con-perspetiva-de-genero.jpg\" \/>\n\t<meta property=\"og:image:width\" content=\"500\" \/>\n\t<meta property=\"og:image:height\" content=\"500\" \/>\n\t<meta property=\"og:image:type\" content=\"image\/jpeg\" \/>\n<meta name=\"author\" content=\"ckl\" \/>\n<meta name=\"twitter:card\" content=\"summary_large_image\" \/>\n<meta name=\"twitter:label1\" content=\"Escrito por\" \/>\n\t<meta name=\"twitter:data1\" content=\"ckl\" \/>\n\t<meta name=\"twitter:label2\" content=\"Tiempo de lectura\" \/>\n\t<meta name=\"twitter:data2\" content=\"5 minutos\" \/>\n<script type=\"application\/ld+json\" class=\"yoast-schema-graph\">{\"@context\":\"https:\\\/\\\/schema.org\",\"@graph\":[{\"@type\":\"Article\",\"@id\":\"https:\\\/\\\/cklcomunicaciones.es\\\/coop\\\/noticias-info-ckl-no-2-262-14-01-19\\\/#article\",\"isPartOf\":{\"@id\":\"https:\\\/\\\/cklcomunicaciones.es\\\/coop\\\/noticias-info-ckl-no-2-262-14-01-19\\\/\"},\"author\":{\"name\":\"ckl\",\"@id\":\"https:\\\/\\\/cklcomunicaciones.es\\\/coop\\\/#\\\/schema\\\/person\\\/929a6837f7626450bbb50cee1aef266e\"},\"headline\":\"Noticias Info CKL n\u00ba 2.262-14\\\/01\\\/19\",\"datePublished\":\"2019-01-14T12:17:01+00:00\",\"dateModified\":\"2025-01-17T15:43:29+00:00\",\"mainEntityOfPage\":{\"@id\":\"https:\\\/\\\/cklcomunicaciones.es\\\/coop\\\/noticias-info-ckl-no-2-262-14-01-19\\\/\"},\"wordCount\":1027,\"image\":{\"@id\":\"https:\\\/\\\/cklcomunicaciones.es\\\/coop\\\/noticias-info-ckl-no-2-262-14-01-19\\\/#primaryimage\"},\"thumbnailUrl\":\"http:\\\/\\\/www.cklcomunicaciones.es\\\/wp-content\\\/uploads\\\/2018\\\/03\\\/CKL_comunicacion-con-perspetiva-de-genero-300x300.jpg\",\"articleSection\":[\"Newsletter\",\"Nwl v2.0\"],\"inLanguage\":\"es\"},{\"@type\":\"WebPage\",\"@id\":\"https:\\\/\\\/cklcomunicaciones.es\\\/coop\\\/noticias-info-ckl-no-2-262-14-01-19\\\/\",\"url\":\"https:\\\/\\\/cklcomunicaciones.es\\\/coop\\\/noticias-info-ckl-no-2-262-14-01-19\\\/\",\"name\":\"Noticias Info CKL n\u00ba 2.262-14\\\/01\\\/19-Comunica con perspectiva de g\u00e9nero\",\"isPartOf\":{\"@id\":\"https:\\\/\\\/cklcomunicaciones.es\\\/coop\\\/#website\"},\"primaryImageOfPage\":{\"@id\":\"https:\\\/\\\/cklcomunicaciones.es\\\/coop\\\/noticias-info-ckl-no-2-262-14-01-19\\\/#primaryimage\"},\"image\":{\"@id\":\"https:\\\/\\\/cklcomunicaciones.es\\\/coop\\\/noticias-info-ckl-no-2-262-14-01-19\\\/#primaryimage\"},\"thumbnailUrl\":\"http:\\\/\\\/www.cklcomunicaciones.es\\\/wp-content\\\/uploads\\\/2018\\\/03\\\/CKL_comunicacion-con-perspetiva-de-genero-300x300.jpg\",\"datePublished\":\"2019-01-14T12:17:01+00:00\",\"dateModified\":\"2025-01-17T15:43:29+00:00\",\"author\":{\"@id\":\"https:\\\/\\\/cklcomunicaciones.es\\\/coop\\\/#\\\/schema\\\/person\\\/929a6837f7626450bbb50cee1aef266e\"},\"description\":\"Comunicar con perspectiva de g\u00e9nero: Audrey Azoulay, Directora UNESCO:\u201cUna empresa no es la misma si hay mujeres tomando decisiones\u201d-Foro \u2018La mujer l\u00edder en el siglo XXI Espa\u00f1a-EEUU\\\"-Berta de Andr\u00e9s, Coordinadora de Sociedad Espa\u00f1ola de Neurolog\u00eda\",\"breadcrumb\":{\"@id\":\"https:\\\/\\\/cklcomunicaciones.es\\\/coop\\\/noticias-info-ckl-no-2-262-14-01-19\\\/#breadcrumb\"},\"inLanguage\":\"es\",\"potentialAction\":[{\"@type\":\"ReadAction\",\"target\":[\"https:\\\/\\\/cklcomunicaciones.es\\\/coop\\\/noticias-info-ckl-no-2-262-14-01-19\\\/\"]}]},{\"@type\":\"ImageObject\",\"inLanguage\":\"es\",\"@id\":\"https:\\\/\\\/cklcomunicaciones.es\\\/coop\\\/noticias-info-ckl-no-2-262-14-01-19\\\/#primaryimage\",\"url\":\"http:\\\/\\\/www.cklcomunicaciones.es\\\/wp-content\\\/uploads\\\/2018\\\/03\\\/CKL_comunicacion-con-perspetiva-de-genero-300x300.jpg\",\"contentUrl\":\"http:\\\/\\\/www.cklcomunicaciones.es\\\/wp-content\\\/uploads\\\/2018\\\/03\\\/CKL_comunicacion-con-perspetiva-de-genero-300x300.jpg\"},{\"@type\":\"BreadcrumbList\",\"@id\":\"https:\\\/\\\/cklcomunicaciones.es\\\/coop\\\/noticias-info-ckl-no-2-262-14-01-19\\\/#breadcrumb\",\"itemListElement\":[{\"@type\":\"ListItem\",\"position\":1,\"name\":\"Portada\",\"item\":\"https:\\\/\\\/cklcomunicaciones.es\\\/coop\\\/\"},{\"@type\":\"ListItem\",\"position\":2,\"name\":\"Noticias Info CKL n\u00ba 2.262-14\\\/01\\\/19\"}]},{\"@type\":\"WebSite\",\"@id\":\"https:\\\/\\\/cklcomunicaciones.es\\\/coop\\\/#website\",\"url\":\"https:\\\/\\\/cklcomunicaciones.es\\\/coop\\\/\",\"name\":\"CKL Comunicaciones\",\"description\":\"Sitio web de CKL Comunicaciones coop , la consultora de comunicaci\u00f3n y estrategia\",\"potentialAction\":[{\"@type\":\"SearchAction\",\"target\":{\"@type\":\"EntryPoint\",\"urlTemplate\":\"https:\\\/\\\/cklcomunicaciones.es\\\/coop\\\/?s={search_term_string}\"},\"query-input\":{\"@type\":\"PropertyValueSpecification\",\"valueRequired\":true,\"valueName\":\"search_term_string\"}}],\"inLanguage\":\"es\"},{\"@type\":\"Person\",\"@id\":\"https:\\\/\\\/cklcomunicaciones.es\\\/coop\\\/#\\\/schema\\\/person\\\/929a6837f7626450bbb50cee1aef266e\",\"name\":\"ckl\",\"image\":{\"@type\":\"ImageObject\",\"inLanguage\":\"es\",\"@id\":\"https:\\\/\\\/secure.gravatar.com\\\/avatar\\\/c82db564e8a669bf6023357a157b9dc4780f4d4c618f2ad1d71a6a5dede45057?s=96&d=mm&r=g\",\"url\":\"https:\\\/\\\/secure.gravatar.com\\\/avatar\\\/c82db564e8a669bf6023357a157b9dc4780f4d4c618f2ad1d71a6a5dede45057?s=96&d=mm&r=g\",\"contentUrl\":\"https:\\\/\\\/secure.gravatar.com\\\/avatar\\\/c82db564e8a669bf6023357a157b9dc4780f4d4c618f2ad1d71a6a5dede45057?s=96&d=mm&r=g\",\"caption\":\"ckl\"},\"url\":\"https:\\\/\\\/cklcomunicaciones.es\\\/coop\\\/author\\\/cklcomunicaciones\\\/\"}]}<\/script>\n<!-- \/ Yoast SEO plugin. -->","yoast_head_json":{"title":"Noticias Info CKL n\u00ba 2.262-14\/01\/19-Comunica con perspectiva de g\u00e9nero","description":"Comunicar con perspectiva de g\u00e9nero: Audrey Azoulay, Directora UNESCO:\u201cUna empresa no es la misma si hay mujeres tomando decisiones\u201d-Foro \u2018La mujer l\u00edder en el siglo XXI Espa\u00f1a-EEUU\"-Berta de Andr\u00e9s, Coordinadora de Sociedad Espa\u00f1ola de Neurolog\u00eda","robots":{"index":"index","follow":"follow","max-snippet":"max-snippet:-1","max-image-preview":"max-image-preview:large","max-video-preview":"max-video-preview:-1"},"canonical":"https:\/\/cklcomunicaciones.es\/coop\/noticias-info-ckl-no-2-262-14-01-19\/","og_locale":"es_ES","og_type":"article","og_title":"Noticias Info CKL n\u00ba 2.262-14\/01\/19-Comunica con perspectiva de g\u00e9nero","og_description":"Comunicar con perspectiva de g\u00e9nero: Audrey Azoulay, Directora UNESCO:\u201cUna empresa no es la misma si hay mujeres tomando decisiones\u201d-Foro \u2018La mujer l\u00edder en el siglo XXI Espa\u00f1a-EEUU\"-Berta de Andr\u00e9s, Coordinadora de Sociedad Espa\u00f1ola de Neurolog\u00eda","og_url":"https:\/\/cklcomunicaciones.es\/coop\/noticias-info-ckl-no-2-262-14-01-19\/","og_site_name":"CKL Comunicaciones","article_published_time":"2019-01-14T12:17:01+00:00","article_modified_time":"2025-01-17T15:43:29+00:00","og_image":[{"width":500,"height":500,"url":"https:\/\/cklcomunicaciones.es\/coop\/wp-content\/uploads\/2018\/03\/CKL_comunicacion-con-perspetiva-de-genero.jpg","type":"image\/jpeg"}],"author":"ckl","twitter_card":"summary_large_image","twitter_misc":{"Escrito por":"ckl","Tiempo de lectura":"5 minutos"},"schema":{"@context":"https:\/\/schema.org","@graph":[{"@type":"Article","@id":"https:\/\/cklcomunicaciones.es\/coop\/noticias-info-ckl-no-2-262-14-01-19\/#article","isPartOf":{"@id":"https:\/\/cklcomunicaciones.es\/coop\/noticias-info-ckl-no-2-262-14-01-19\/"},"author":{"name":"ckl","@id":"https:\/\/cklcomunicaciones.es\/coop\/#\/schema\/person\/929a6837f7626450bbb50cee1aef266e"},"headline":"Noticias Info CKL n\u00ba 2.262-14\/01\/19","datePublished":"2019-01-14T12:17:01+00:00","dateModified":"2025-01-17T15:43:29+00:00","mainEntityOfPage":{"@id":"https:\/\/cklcomunicaciones.es\/coop\/noticias-info-ckl-no-2-262-14-01-19\/"},"wordCount":1027,"image":{"@id":"https:\/\/cklcomunicaciones.es\/coop\/noticias-info-ckl-no-2-262-14-01-19\/#primaryimage"},"thumbnailUrl":"http:\/\/www.cklcomunicaciones.es\/wp-content\/uploads\/2018\/03\/CKL_comunicacion-con-perspetiva-de-genero-300x300.jpg","articleSection":["Newsletter","Nwl v2.0"],"inLanguage":"es"},{"@type":"WebPage","@id":"https:\/\/cklcomunicaciones.es\/coop\/noticias-info-ckl-no-2-262-14-01-19\/","url":"https:\/\/cklcomunicaciones.es\/coop\/noticias-info-ckl-no-2-262-14-01-19\/","name":"Noticias Info CKL n\u00ba 2.262-14\/01\/19-Comunica con perspectiva de g\u00e9nero","isPartOf":{"@id":"https:\/\/cklcomunicaciones.es\/coop\/#website"},"primaryImageOfPage":{"@id":"https:\/\/cklcomunicaciones.es\/coop\/noticias-info-ckl-no-2-262-14-01-19\/#primaryimage"},"image":{"@id":"https:\/\/cklcomunicaciones.es\/coop\/noticias-info-ckl-no-2-262-14-01-19\/#primaryimage"},"thumbnailUrl":"http:\/\/www.cklcomunicaciones.es\/wp-content\/uploads\/2018\/03\/CKL_comunicacion-con-perspetiva-de-genero-300x300.jpg","datePublished":"2019-01-14T12:17:01+00:00","dateModified":"2025-01-17T15:43:29+00:00","author":{"@id":"https:\/\/cklcomunicaciones.es\/coop\/#\/schema\/person\/929a6837f7626450bbb50cee1aef266e"},"description":"Comunicar con perspectiva de g\u00e9nero: Audrey Azoulay, Directora UNESCO:\u201cUna empresa no es la misma si hay mujeres tomando decisiones\u201d-Foro \u2018La mujer l\u00edder en el siglo XXI Espa\u00f1a-EEUU\"-Berta de Andr\u00e9s, Coordinadora de Sociedad Espa\u00f1ola de Neurolog\u00eda","breadcrumb":{"@id":"https:\/\/cklcomunicaciones.es\/coop\/noticias-info-ckl-no-2-262-14-01-19\/#breadcrumb"},"inLanguage":"es","potentialAction":[{"@type":"ReadAction","target":["https:\/\/cklcomunicaciones.es\/coop\/noticias-info-ckl-no-2-262-14-01-19\/"]}]},{"@type":"ImageObject","inLanguage":"es","@id":"https:\/\/cklcomunicaciones.es\/coop\/noticias-info-ckl-no-2-262-14-01-19\/#primaryimage","url":"http:\/\/www.cklcomunicaciones.es\/wp-content\/uploads\/2018\/03\/CKL_comunicacion-con-perspetiva-de-genero-300x300.jpg","contentUrl":"http:\/\/www.cklcomunicaciones.es\/wp-content\/uploads\/2018\/03\/CKL_comunicacion-con-perspetiva-de-genero-300x300.jpg"},{"@type":"BreadcrumbList","@id":"https:\/\/cklcomunicaciones.es\/coop\/noticias-info-ckl-no-2-262-14-01-19\/#breadcrumb","itemListElement":[{"@type":"ListItem","position":1,"name":"Portada","item":"https:\/\/cklcomunicaciones.es\/coop\/"},{"@type":"ListItem","position":2,"name":"Noticias Info CKL n\u00ba 2.262-14\/01\/19"}]},{"@type":"WebSite","@id":"https:\/\/cklcomunicaciones.es\/coop\/#website","url":"https:\/\/cklcomunicaciones.es\/coop\/","name":"CKL Comunicaciones","description":"Sitio web de CKL Comunicaciones coop , la consultora de comunicaci\u00f3n y estrategia","potentialAction":[{"@type":"SearchAction","target":{"@type":"EntryPoint","urlTemplate":"https:\/\/cklcomunicaciones.es\/coop\/?s={search_term_string}"},"query-input":{"@type":"PropertyValueSpecification","valueRequired":true,"valueName":"search_term_string"}}],"inLanguage":"es"},{"@type":"Person","@id":"https:\/\/cklcomunicaciones.es\/coop\/#\/schema\/person\/929a6837f7626450bbb50cee1aef266e","name":"ckl","image":{"@type":"ImageObject","inLanguage":"es","@id":"https:\/\/secure.gravatar.com\/avatar\/c82db564e8a669bf6023357a157b9dc4780f4d4c618f2ad1d71a6a5dede45057?s=96&d=mm&r=g","url":"https:\/\/secure.gravatar.com\/avatar\/c82db564e8a669bf6023357a157b9dc4780f4d4c618f2ad1d71a6a5dede45057?s=96&d=mm&r=g","contentUrl":"https:\/\/secure.gravatar.com\/avatar\/c82db564e8a669bf6023357a157b9dc4780f4d4c618f2ad1d71a6a5dede45057?s=96&d=mm&r=g","caption":"ckl"},"url":"https:\/\/cklcomunicaciones.es\/coop\/author\/cklcomunicaciones\/"}]}},"_links":{"self":[{"href":"https:\/\/cklcomunicaciones.es\/coop\/wp-json\/wp\/v2\/posts\/14362","targetHints":{"allow":["GET"]}}],"collection":[{"href":"https:\/\/cklcomunicaciones.es\/coop\/wp-json\/wp\/v2\/posts"}],"about":[{"href":"https:\/\/cklcomunicaciones.es\/coop\/wp-json\/wp\/v2\/types\/post"}],"author":[{"embeddable":true,"href":"https:\/\/cklcomunicaciones.es\/coop\/wp-json\/wp\/v2\/users\/3"}],"replies":[{"embeddable":true,"href":"https:\/\/cklcomunicaciones.es\/coop\/wp-json\/wp\/v2\/comments?post=14362"}],"version-history":[{"count":0,"href":"https:\/\/cklcomunicaciones.es\/coop\/wp-json\/wp\/v2\/posts\/14362\/revisions"}],"wp:attachment":[{"href":"https:\/\/cklcomunicaciones.es\/coop\/wp-json\/wp\/v2\/media?parent=14362"}],"wp:term":[{"taxonomy":"category","embeddable":true,"href":"https:\/\/cklcomunicaciones.es\/coop\/wp-json\/wp\/v2\/categories?post=14362"},{"taxonomy":"post_tag","embeddable":true,"href":"https:\/\/cklcomunicaciones.es\/coop\/wp-json\/wp\/v2\/tags?post=14362"}],"curies":[{"name":"wp","href":"https:\/\/api.w.org\/{rel}","templated":true}]}}