{"id":14359,"date":"2019-01-11T12:22:13","date_gmt":"2019-01-11T11:22:13","guid":{"rendered":"http:\/\/www.cklcomunicaciones.es\/?p=14359"},"modified":"2025-01-17T16:43:29","modified_gmt":"2025-01-17T15:43:29","slug":"noticias-info-ckl-no-2-261-11-01-19","status":"publish","type":"post","link":"https:\/\/cklcomunicaciones.es\/coop\/noticias-info-ckl-no-2-261-11-01-19\/","title":{"rendered":"Noticias Info CKL n\u00ba 2.261-11\/01\/19"},"content":{"rendered":"<div id=\"pl-14359\"  class=\"panel-layout\" >\n<div id=\"pg-14359-0\"  class=\"panel-grid panel-no-style\"  data-style=\"{&quot;background_image_attachment&quot;:false,&quot;background_display&quot;:&quot;tile&quot;,&quot;cell_alignment&quot;:&quot;flex-start&quot;}\" >\n<div id=\"pgc-14359-0-0\"  class=\"panel-grid-cell\"  data-weight=\"1\" >\n<div id=\"panel-14359-0-0-0\" class=\"so-panel widget widget_sow-editor panel-first-child panel-last-child\" data-index=\"0\" data-style=\"{&quot;background_image_attachment&quot;:false,&quot;background_display&quot;:&quot;tile&quot;}\" >\n<div class=\"so-widget-sow-editor so-widget-sow-editor-base\">\n<div class=\"siteorigin-widget-tinymce textwidget\">\n<p><img decoding=\"async\" class=\"lazyload  wp-image-13726\" src=\"http:\/\/www.cklcomunicaciones.es\/wp-content\/uploads\/2018\/03\/CKL_comunicacion-con-perspetiva-de-genero-300x300.jpg\" data-orig-src=\"http:\/\/www.cklcomunicaciones.es\/wp-content\/uploads\/2018\/03\/CKL_comunicacion-con-perspetiva-de-genero-300x300.jpg\" alt=\"CKL_comunicacion con perspetiva de genero\" width=\"132\" height=\"132\" srcset=\"data:image\/svg+xml,%3Csvg%20xmlns%3D%27http%3A%2F%2Fwww.w3.org%2F2000%2Fsvg%27%20width%3D%27132%27%20height%3D%27132%27%20viewBox%3D%270%200%20132%20132%27%3E%3Crect%20width%3D%27132%27%20height%3D%27132%27%20fill-opacity%3D%220%22%2F%3E%3C%2Fsvg%3E\" data-srcset=\"https:\/\/cklcomunicaciones.es\/coop\/wp-content\/uploads\/2018\/03\/CKL_comunicacion-con-perspetiva-de-genero-150x150.jpg 150w, https:\/\/cklcomunicaciones.es\/coop\/wp-content\/uploads\/2018\/03\/CKL_comunicacion-con-perspetiva-de-genero-300x300.jpg 300w, https:\/\/cklcomunicaciones.es\/coop\/wp-content\/uploads\/2018\/03\/CKL_comunicacion-con-perspetiva-de-genero-450x450.jpg 450w, https:\/\/cklcomunicaciones.es\/coop\/wp-content\/uploads\/2018\/03\/CKL_comunicacion-con-perspetiva-de-genero.jpg 500w\" data-sizes=\"auto\" data-orig-sizes=\"(max-width: 132px) 100vw, 132px\" \/><\/p>\n<p id=\":49h\" class=\"hP\" tabindex=\"-1\" data-thread-perm-id=\"thread-f:1620470658956742117\" data-legacy-thread-id=\"167d117a8c0f4de5\"><strong>El Gobierno incluir\u00e1 los servicios de violencia de g\u00e9nero como prioritarios para reponer el 100% de jubilaciones-La creciente demanda de talento digital femenino-En marcha el Observatorio \u00abMujeres, Ciencia e Innovaci\u00f3n\u00bb<\/strong><\/p>\n<p>[toggle type=\u00bbfirst\u00bb title=\u00bbConvocatorias\u00bb]<\/p>\n<ul>\n<li>15 de enero. Nuestros derechos no se negocian. Convocatorias feministas Andaluc\u00eda. <a href=\"https:\/\/www.facebook.com\/AMECOOPandalucia\/photos\/pcb.10161273345575076\/10161273345515076\/?type=3&amp;theater\">https:\/\/www.facebook.com\/AMECOOPandalucia\/photos\/pcb.10161273345575076\/10161273345515076\/?type=3&amp;theater<\/a><\/li>\n<li><a href=\"http:\/\/www.proyectosfundacionorange.es\/mujerytecnologia2019\/\">VI edici\u00f3n del Premio Mujer y Tecnolog\u00eda<\/a>. Fundaci\u00f3n Orange. Plazo de presentaci\u00f3n de candidaturas hasta el 10 de febrero de 2019<\/li>\n<li><a href=\"https:\/\/caixaforum.es\/es\/sevilla\/fichaciclo?entryId=775862\">Ciclo &#8216;Ni ellas musas ni ellos genios&#8217;, coordinado por Laura Freixas y Pilar V. de Foronda, de Cl\u00e1sicas y Modernas<\/a>. CaixaForum Sevilla. 23 de enero y 6, 13 y 20 de febrero de 2019<\/li>\n<\/ul>\n<p>[\/toggle]<\/p>\n<p>[toggle type=\u00bbfirst\u00bb title=\u00bbComunicaci\u00f3n\u00bb]<\/p>\n<p><a href=\"https:\/\/www.eldesconcierto.cl\/2019\/01\/08\/chile-pide-a-gritos-una-educacion-no-sexista-con-enfoque-feminista\/\">Chile pide a gritos una Educaci\u00f3n No Sexista con enfoque Feminista<\/a>&#8211; El Desconcierto<\/p>\n<p><a href=\"https:\/\/www.mujeremprendedora.net\/creciente-demanda-talento-digital-femenino\/\">La creciente demanda de talento digital femenino<\/a> \u2013 Mujeremprendedora.net<\/p>\n<p><a href=\"https:\/\/elpais.com\/tecnologia\/2019\/01\/09\/actualidad\/1547046825_627228.html\">Twitter busca voluntarios para probar opciones de estados y tuits \u201cpara romper el hielo<\/a> \u2013 El Pa\u00eds<\/p>\n<p>[\/toggle]<\/p>\n<p>[toggle type=\u00bbfirst\u00bb title=\u00bbAndaluc\u00eda\u00bb]<\/p>\n<p><strong>Institucional<\/strong><\/p>\n<p><a href=\"https:\/\/www.diariodesevilla.es\/andalucia\/Bosquet-garantiza-ninguna-regresion-proteccion-mujeres_0_1317768350.html\">Marta Bosquet, Presidenta del Parlamento de Andaluc\u00eda, garantiza que no habr\u00e1 ninguna regresi\u00f3n en la protecci\u00f3n de las mujeres &#8230;<\/a>&#8211; Diario de Sevilla<strong>\u00a0<\/strong><\/p>\n<p><strong>Econom\u00eda y Empresas<\/strong><\/p>\n<p><a href=\"http:\/\/www.juntadeandalucia.es\/presidencia\/portavoz\/139678\/programa\/minerva\/startups\/economia\/empresastecnologicas\/empleo\/emprendimiento\">Programa Minerva apoya el desarrollo de m\u00e1s de 90 startups en seis a\u00f1os<\/a> \u2013 Oficina del Portavoz<\/p>\n<p><a href=\"http:\/\/www.juntadeandalucia.es\/presidencia\/portavoz\/139673\/nuevasempresas\/capital\/sociedadesmercantiles\">Un total de 14.938 nuevas empresas creadas en 2018<\/a>\u2013 Oficina del Portavoz<\/p>\n<p><a href=\"http:\/\/www.finanzas.com\/noticias\/economia\/20190110\/franquicias-aumentaron-andalucia-2018-3975318_age.html\">Las franquicias aumentaron un 20 % en Andaluc\u00eda en 2018<\/a>&#8211; Finanzas.com<\/p>\n<p><strong>Actualidad<\/strong><\/p>\n<p><a href=\"https:\/\/www.google.com\/url?sa=t&amp;rct=j&amp;q=&amp;esrc=s&amp;source=newssearch&amp;cd=24&amp;ved=0ahUKEwif1qvDweXfAhU7UBUIHdg8APQ4FBCpAggwKAAwAw&amp;url=https%3A%2F%2Fwww.europapress.es%2Fandalucia%2Fsevilla-00357%2Fnoticia-consejo-mujer-sevilla-elevara-pleno-manifiesto-no-dar-pasos-atras-contra-violencia-machista-20190110173102.html&amp;usg=AOvVaw2-RxieNx2eF2fE3VcLQ-HH\">El Consejo de la Mujer de Sevilla elevar\u00e1 a Pleno un manifiesto para no dar paso atr\u00e1s\u00a0 contra la violencia de g\u00e9nero &#8230;<\/a>&#8211; Europa Press<\/p>\n<p><a href=\"https:\/\/www.google.com\/url?rct=j&amp;sa=t&amp;url=https:\/\/www.laopiniondemalaga.es\/malaga\/2019\/01\/10\/movimiento-incorporar-nombres-mujer-callejero\/1059769.html&amp;ct=ga&amp;cd=CAEYAyoUMTM5MzkzNjk4NDE4MDY5MTk3NzkyGWMwMzcyZWJjMmZlYWRhNTk6ZXM6ZXM6RVM&amp;usg=AFQjCNG6axddiKZTn2Eim6U8OHnEkKw9cQ\">Un movimiento para incorporar nombres de mujer en el callejero de M\u00e1laga <\/a>&#8211; La Opini\u00f3n de M\u00e1laga<\/p>\n<p><a href=\"https:\/\/www.diariocordoba.com\/noticias\/cordobalocal\/el-feminismo-no-es-negocio_1275388.html\">\u00abEl feminismo no es un negocio\u00bb<\/a> &#8211; Diario C\u00f3rdoba<\/p>\n<p><a href=\"https:\/\/cordopolis.es\/2019\/01\/11\/ccoo-anima-a-participar-en-la-concentracion-por-la-igualdad-y-contra-la-violencia-machista-el-dia-15\/\">CCOO anima a participar en la concentraci\u00f3n por la igualdad y contra &#8230;<\/a> &#8211; Cord\u00f3polis<\/p>\n<p><a href=\"https:\/\/www.eldiario.es\/andalucia\/movimiento-LGTBI-organizaciones-feministas-diversidad_0_855665270.html\">El movimiento LGTBI andaluz se une a las concentraciones feministas &#8230;<\/a>&#8211; <a href=\"http:\/\/eldiario.es\">eldiario.es<\/a><\/p>\n<p><a href=\"https:\/\/www.google.com\/url?sa=t&amp;rct=j&amp;q=&amp;esrc=s&amp;source=newssearch&amp;cd=6&amp;ved=0ahUKEwi03uiWxuXfAhXySxUIHSe0BjQQqQIINygAMAU&amp;url=https%3A%2F%2Fwww.europapress.es%2Fandalucia%2Fnoticia-save-the-children-exige-proximo-gobierno-junta-priorizar-condiciones-derechos-infancia-20190110170922.html&amp;usg=AOvVaw25etu5dDMIDi7KtqeWUn3s\">Save the Children exige al pr\u00f3ximo gobierno de la Junta \u00abpriorizar sin condiciones\u201d los derechos de la infancia&#8230;<\/a>&#8211; Europa Press<\/p>\n<p><strong>Ciencia y Cultura<\/strong><\/p>\n<p><a href=\"https:\/\/www.google.com\/url?sa=t&amp;rct=j&amp;q=&amp;esrc=s&amp;source=newssearch&amp;cd=43&amp;ved=0ahUKEwiDsPecv-XfAhW0WRUIHX14C284KBCpAggtKAAwAg&amp;url=https%3A%2F%2Fwww.lavanguardia.com%2Flocal%2Fmadrid%2F20190110%2F454065144971%2Fcientificos-de-la-paz-identifican-el-primer-gen-relacionado-con-la-diabetes-gestacional.html&amp;usg=AOvVaw3yzTzqhp284ExUD0kyOuLI\">Cient\u00edficos de La Paz y del Centro Andaluz de Biolog\u00eda identifican el primer gen relacionado con la diabetes gestacional &#8230;<\/a>&#8211; La Vanguardia<\/p>\n<p><a href=\"https:\/\/www.google.com\/url?sa=t&amp;rct=j&amp;q=&amp;esrc=s&amp;source=newssearch&amp;cd=23&amp;ved=0ahUKEwiK2rPiyOXfAhXaShUIHRLLDPA4FBCpAggtKAAwAg&amp;url=https%3A%2F%2Fwww.europapress.es%2Fandalucia%2Fnoticia-carmen-calvo-directora-general-unesco-reflexionan-lunes-cordoba-retos-patrimonio-20190110143509.html&amp;usg=AOvVaw0W3Di3FfwQaYsEThnyDHPm\">Carmen Calvo, vicepresidenta del Gobierno y la directora general de Unesco, Audrey Ozoulay, reflexionan el lunes sobre retos de patrimonio &#8230;<\/a>&#8211; Europa Press<\/p>\n<p><a href=\"https:\/\/www.google.com\/url?sa=t&amp;rct=j&amp;q=&amp;esrc=s&amp;source=newssearch&amp;cd=24&amp;ved=0ahUKEwiK2rPiyOXfAhXaShUIHRLLDPA4FBCpAggwKAAwAw&amp;url=https%3A%2F%2Fsevilla.abc.es%2Fandalucia%2Fcordoba%2Fsevi-universidad-cordoba-y-ministerio-defensa-comprometen-fomentar-cultura-ejercito-201901101355_noticia.html&amp;usg=AOvVaw3D89c9ZXsmrxnEHOZWSx-o\">La Universidad de C\u00f3rdoba y el Ministerio de Defensa se comprometen a fomentar la cultura en el Ejercito \u00a0&#8230;<\/a>&#8211; <a href=\"http:\/\/abcdesevilla.es\">abcdesevilla.es<\/a><\/p>\n<p><a href=\"https:\/\/www.publico.es\/culturas\/anni-b-sweet-no-hay-malo-melancolia.html\">Anni B Sweet: \u00abNo hay nadade malo en la melancol\u00eda\u00bb<\/a> &#8211; P\u00fablico<\/p>\n<p><a href=\"https:\/\/www.horajaen.com\/2019\/01\/10\/diana-navarro-o-alba-molina-entre-los-artistas-del-festival-flamencos-y-mestizos-de-ubeda\/\">Diana Navarro o Alba Molina entre los artistas del Festival Flamencos &#8230;<\/a>&#8211; HoraJa\u00e9n<\/p>\n<p><a href=\"https:\/\/www.diariocordoba.com\/noticias\/cordobaandalucia\/catalogo-muestra-piezas-historicas-casa-medina-sidonia_1275365.html\">Un cat\u00e1logo muestra piezas hist\u00f3ricas de la Casa Medina Sidonia<\/a>&#8211; Diario C\u00f3rdoba<\/p>\n<p><strong>Deporte<\/strong><\/p>\n<p><a href=\"http:\/\/www.diariojaen.es\/cultura\/siete-mujeres-claman-contra-el-machismo-en-el-deporte-DF5052243\">Siete mujeres claman contra el machismo en el deporte<\/a>&#8211; Diario Ja\u00e9n<\/p>\n<p><a href=\"https:\/\/www.ideal.es\/deportes\/almeria\/andalucia-gemma-nunez-20190110212434-ntvo.html\">La Andaluc\u00eda de Gemma N\u00fa\u00f1ez se alza campeona de Espa\u00f1a<\/a> &#8211; Ideal Digital<\/p>\n<p>[\/toggle]<\/p>\n<p>[toggle type=\u00bbfirst\u00bb title=\u00bbEstado\u00bb]<\/p>\n<p><strong>Institucional<\/strong><\/p>\n<p><a href=\"https:\/\/www.google.com\/url?rct=j&amp;sa=t&amp;url=https:\/\/www.elmundo.es\/ciencia-y-salud\/ciencia\/2019\/01\/10\/5c377a2f21efa0ca7c8b463f.html&amp;ct=ga&amp;cd=CAEYACoUMTQ2MTc3NDE4NDg4MzQ0MTYyMDIyGWMwMzcyZWJjMmZlYWRhNTk6ZXM6ZXM6RVM&amp;usg=AFQjCNHA6sl6nYawIJ-wMtxjGQITxGIARg\">El Gobierno elegir\u00e1 a mujeres frente a hombres a igualdad de curr\u00edculo para puestos de investigaci\u00f3n &#8230; <\/a>&#8211; El Mundo<\/p>\n<p><a href=\"https:\/\/www.google.com\/url?sa=t&amp;rct=j&amp;q=&amp;esrc=s&amp;source=newssearch&amp;cd=50&amp;ved=0ahUKEwif3PbSxuXfAhUaSBUIHf53C0Q4KBCpAghCKAAwCQ&amp;url=https%3A%2F%2Fwww.eldiario.es%2Feconomia%2FGobierno-servicios-violencia-prioritario-reposicion_0_855665276.html&amp;usg=AOvVaw3oGZ7YnnVGb1InSyaJq_j6\">El Gobierno incluir\u00e1 los servicios de violencia de g\u00e9nero como prioritarios para reponer el 100% de las jubilaciones &#8230;<\/a>&#8211; eldiario.es<\/p>\n<p><strong>Institucional-CCAA<\/strong><\/p>\n<p><u><a href=\"https:\/\/www.google.com\/url?rct=j&amp;sa=t&amp;url=http:\/\/arainfo.org\/el-iam-organiza-los-i-premios-por-la-igualdad-en-aragon-que-reconocen-la-labor-de-11-entidades-y-personas-que-trabajan-por-la-plena-igualdad-entre-mujeres-y-hombres\/&amp;ct=ga&amp;cd=CAEYESoTNzcwODcxMTQzMzYyMTExNDgzMDIZYzAzNzJlYmMyZmVhZGE1OTplczplczpFUw&amp;usg=AFQjCNF24C6d59I9c5FPyKdR5Ys4Q8Zphg\">El Instituto Aragon\u00e9s de la Mujer organiza los I Premios por la Igualdad en Arag\u00f3n que reconocen la labor de 11 entidades y &#8230; <\/a><\/u>&#8211; AraInfo<\/p>\n<p><a href=\"https:\/\/elpais.com\/ccaa\/2019\/01\/10\/madrid\/1547148338_296742.html\">Mujer, joven y dependienta, la empleada pobre de Madrid<\/a>&#8211; El Pa\u00eds<\/p>\n<p><a href=\"https:\/\/www.europapress.es\/aragon\/noticia-gobierno-aragon-busca-llegar-2000-mujeres-programa-insercion-preparadas-empleo-20190110141154.html\">El Gobierno de Arag\u00f3n busca llegar a 2.000 mujeres con el programa &#8230;<\/a>&#8211; Europa Press<\/p>\n<p><a href=\"https:\/\/www.eldiario.es\/canariasahora\/lapalmaahora\/economia\/organizaciones-Canarias-Observatorio-Social-Mediatico_0_855664572.html\">400 organizaciones para la mujer en Canarias cuentan ya con un &#8230;<\/a>&#8211; eldiario.es<\/p>\n<p><a href=\"https:\/\/www.eldiario.es\/sociedad\/universidades-catalanas-agilizan-estudios-violencia_0_855665180.html\">Las universidades catalanas agilizan el cambio de los estudios a las v\u00edctimas &#8230;<\/a> &#8211; eldiario.es<\/p>\n<p><strong>Ec<\/strong><strong>onom\u00eda y Empresa<\/strong><\/p>\n<p><a href=\"https:\/\/www.clm24.es\/articulo\/sociedad\/afammer-llego-millares-mujeres-rurales-toda-espana-2018\/20190110155418231614.html\">Afammer lleg\u00f3 a millares de mujeres rurales de toda Espa\u00f1a durante 2018 &#8230;<\/a>&#8211; CLM24<\/p>\n<p><u><a href=\"https:\/\/www.google.com\/url?rct=j&amp;sa=t&amp;url=https:\/\/www.europapress.es\/epsocial\/responsables\/noticia-indra-renueva-distintivo-igualdad-empresa-gracias-compromiso-diversidad-20190110150432.html&amp;ct=ga&amp;cd=CAEYDioTNzcwODcxMTQzMzYyMTExNDgzMDIZYzAzNzJlYmMyZmVhZGE1OTplczplczpFUw&amp;usg=AFQjCNHNXAn5EP-wek7ii6nqppJaAFh8dw\">Indra renueva el distintivo de igualdad en la empresa gracias a su compromiso con la diversidad <\/a><\/u>&#8211; Europa Press<\/p>\n<p><a href=\"https:\/\/www.mujeremprendedora.net\/creacion-empresas-crecio-33-noviembre\/\">La creaci\u00f3n de empresas creci\u00f3 un 3,3% en noviembre<\/a> \u2013 Mujeremprendedora.net<\/p>\n<p><strong>Actualidad<\/strong><\/p>\n<p><a href=\"https:\/\/www.google.com\/url?rct=j&amp;sa=t&amp;url=https:\/\/www.elperiodicoextremadura.com\/noticias\/sociedad\/pintora-escondida_1137006.html&amp;ct=ga&amp;cd=CAEYASoTODY2NDc1MzExMDcxNTczNDkzMzIZYzAzNzJlYmMyZmVhZGE1OTplczplczpFUw&amp;usg=AFQjCNGyPKjm3-O0j6NZt0AXXEHXTRGmrw\">La pintora escondida <\/a>&#8211; El Peri\u00f3dico Extremadura<\/p>\n<p><a href=\"http:\/\/www.elmundo.es\/papel\/gastro\/2019\/01\/11\/5c35f53621efa013288b4691.html\">Fogones, barricas&#8230; y mujeres al poder<\/a> \u2013 El Mundo<\/p>\n<p><a href=\"https:\/\/www.google.com\/url?rct=j&amp;sa=t&amp;url=https:\/\/www.cope.es\/emisoras\/comunidad-valenciana\/castellon-provincia\/castellon\/noticias\/uned-homenajea-carmen-alborch-20190110_329118&amp;ct=ga&amp;cd=CAEYFSoTNDA1NTA3NzYzMTI1OTgzOTU5MDIZYzAzNzJlYmMyZmVhZGE1OTplczplczpFUw&amp;usg=AFQjCNGqpDwlRD08KM7Rm_6qeaUALBqZIA\">La UNED Homenajea a Carmen Alborch <\/a>&#8211; Cope<\/p>\n<p><strong>Violencia<\/strong><\/p>\n<p><a href=\"https:\/\/www.google.com\/url?sa=t&amp;rct=j&amp;q=&amp;esrc=s&amp;source=newssearch&amp;cd=28&amp;ved=0ahUKEwiUpsOOxeXfAhUWTxUIHbBRAxc4FBCpAgg7KAAwBw&amp;url=https%3A%2F%2Fwww.elespanol.com%2Fespana%2Fpolitica%2F20190111%2Frespalda-ley-violencia-genero-quiere-derogarla%2F367464861_0.html&amp;usg=AOvVaw1ESo3kGy6_NILDxGrB4gVy\">Un 67% respalda la ley de violencia de g\u00e9nero y un 20% quiere &#8230;<\/a>&#8211; El Espa\u00f1ol<\/p>\n<p><a href=\"https:\/\/elpais.com\/internacional\/2019\/01\/10\/mexico\/1547145034_694612.html\">Condenado en M\u00e9xico el marido de la espa\u00f1ola Pilar Garrido por su asesinato<\/a> \u2013 El Pa\u00eds<\/p>\n<p><strong>Ciencia y Cultura<\/strong><\/p>\n<p><a href=\"https:\/\/www.google.com\/url?rct=j&amp;sa=t&amp;url=http:\/\/diario16.com\/se-constituye-observatorio-mujeres-ciencia-e-innovacion-la-igualdad-genero\/&amp;ct=ga&amp;cd=CAEYAioUMTEwMDU3MjE3NTE4MTczMjcwMDUyGWMwMzcyZWJjMmZlYWRhNTk6ZXM6ZXM6RVM&amp;usg=AFQjCNENhBWydMIL3op3FbRYoBRCt9pxOw\">Se constituye el Observatorio &#8216;Mujeres, Ciencia e Innovaci\u00f3n&#8217; para la Igualdad de G\u00e9nero <\/a>&#8211; Diario16<\/p>\n<p><a href=\"https:\/\/www.google.com\/url?rct=j&amp;sa=t&amp;url=https:\/\/tribunafeminista.elplural.com\/2019\/01\/las-academicas-contra-la-violencia-de-genero\/&amp;ct=ga&amp;cd=CAEYAioTNjgyMTMzNDMxODUzMjU5NDMyNTIZYzAzNzJlYmMyZmVhZGE1OTplczplczpFUw&amp;usg=AFQjCNFFY5abdwwMWDXCJJUGxUf95Cd0Qw\">Las acad\u00e9micas contra la violencia de g\u00e9nero <\/a>&#8211; <a href=\"http:\/\/elplural.com\">elplural.com<\/a><\/p>\n<p><a href=\"https:\/\/elpais.com\/cultura\/2019\/01\/10\/actualidad\/1547141958_040892.html\">La pel\u00edcula \u2018Elisa y Marcela\u2019 de Coixet competir\u00e1 por el Oso de Oro en la Berlinale<\/a> \u2013 El Pa\u00eds<\/p>\n<p><a href=\"http:\/\/www.elmundo.es\/comunidad-valenciana\/2019\/01\/11\/5c377fdafdddff8f778b4703.html\">La vuelta de Nora: feminismo sin panfleto<\/a> \u2013 El Mundo<\/p>\n<p><a href=\"https:\/\/www.google.com\/url?sa=t&amp;rct=j&amp;q=&amp;esrc=s&amp;source=newssearch&amp;cd=33&amp;ved=0ahUKEwiGv_mnw-XfAhWpSxUIHVRWB784HhCpAggtKAAwAg&amp;url=https%3A%2F%2Felpais.com%2Fccaa%2F2019%2F01%2F09%2Fmadrid%2F1547036597_847190.html&amp;usg=AOvVaw3ystF-Pl8fMvWrniROnTHp\">\u201cEn el mundo de la noche, las mujeres parec\u00edamos un p\u00fablico residual\u201d<\/a>&#8211; El Pa\u00eds<\/p>\n<p><a href=\"https:\/\/www.eldiario.es\/cultura\/Lola-Herrera-mujeres-conseguido-seguro_0_855664993.html\">Lola Herrera: Las mujeres hemos conseguido mucho, pero no &#8230;<\/a>&#8211; eldiario.es<\/p>\n<p><strong>Deporte\u00a0\u00a0<\/strong><\/p>\n<p><a href=\"https:\/\/www.eleconomista.es\/empresas-finanzas\/noticias\/9625922\/01\/19\/Iberdrola-principal-impulsor-del-deporte-femenino-en-Espana.html\">Iberdrola, principal impulsor del deporte femenino en Espa\u00f1a<\/a>&#8211; elEconomista.es<\/p>\n<p>[\/toggle]<\/p>\n<p>[toggle type=\u00bbfirst\u00bb title=\u00bbInternacional\u00bb]<\/p>\n<p><a href=\"https:\/\/www.elmundo.es\/internacional\/2019\/01\/11\/5c0ea0de21efa01c548b4587.html\">El techo de cristal israel\u00ed que Merkel pidi\u00f3 romper<\/a> \u2013 El Mundo<\/p>\n<p><a href=\"https:\/\/www.google.com\/url?sa=t&amp;rct=j&amp;q=&amp;esrc=s&amp;source=newssearch&amp;cd=1&amp;ved=0ahUKEwiK1O2YwuXfAhUiUBUIHbmlBswQqQIIKCgAMAA&amp;url=https%3A%2F%2Fwww.observatoriorh.com%2Forh-posts%2Finfluencia-referentes-exito-mayor-hombres-mujeres.html&amp;usg=AOvVaw0dTat_Itu8LfTJHmVggchU\">La influencia de los referentes de \u00e9xito es mayor en los hombres que en las mujeres&#8230;<\/a>&#8211; ORH<\/p>\n<p><a href=\"http:\/\/www.elmundo.es\/nosotras\/2019\/01\/11\/5c37442b21efa09d6c8b45f8.html\">La otra mirada de las chicas fot\u00f3grafas de El Pr\u00edncipe: im\u00e1genes &#8216;invisibles&#8217; para luchar contra los estigmas<\/a> \u2013 El Mundo<\/p>\n<p><a href=\"https:\/\/www.google.com\/url?sa=t&amp;rct=j&amp;q=&amp;esrc=s&amp;source=newssearch&amp;cd=73&amp;ved=0ahUKEwiC_4-UxeXfAhXZTxUIHQ_TBlM4RhCpAggtKAAwAg&amp;url=https%3A%2F%2Fwww.elmundo.es%2Finternacional%2F2019%2F01%2F10%2F5c3741ce21efa07d018b45f5.html&amp;usg=AOvVaw2kC_oRzY3zdnL9y0akrOoX\">Una nepal\u00ed y sus hijos mueren por la tradici\u00f3n que expulsa de casa a las mujeres con la regla &#8230;<\/a> &#8211; El Mundo<\/p>\n<p><a href=\"https:\/\/www.google.com\/url?sa=t&amp;rct=j&amp;q=&amp;esrc=s&amp;source=newssearch&amp;cd=23&amp;ved=0ahUKEwjo6vn1wuXfAhVitnEKHQQEBm04FBCpAggtKAAwAg&amp;url=https%3A%2F%2Fwww.elespectador.com%2Fnoticias%2Fsalud%2Fel-mit-premia-una-protesis-vaginal-en-3d-disenada-para-mujeres-mutiladas-articulo-833416&amp;usg=AOvVaw2TM3QRiU0qVTTue99o_Hb1\">El MIT premia a una pr\u00f3tesis vaginal en 3D dise\u00f1ada para mujeres mutiladas &#8230;<\/a>&#8211; ElEspectador.com<\/p>\n<p><a href=\"https:\/\/www.publico.es\/sociedad\/alphabet-acusan-junta-directiva-matriz-google-encubrir-denuncias-acoso-sexual.html\">Acusan a la junta directiva de la matriz de Google de encubrir denuncias por acoso sexual<\/a> &#8211; P\u00fablico<\/p>\n<p><a href=\"http:\/\/www.elmundo.es\/loc\/celebrities\/2019\/01\/09\/5c360541fdddffd1748b479a.html\">Jamie Lee Curtis, contra la &#8216;chica del agua&#8217; de las fotos de los Globos de Oro<\/a> \u2013 El Mundo<\/p>\n<p>[\/toggle]<\/p>\n<\/div>\n<\/div>\n<\/div>\n<\/div>\n<\/div>\n<\/div>\n","protected":false},"excerpt":{"rendered":"<p>El Gobierno incluir\u00e1 los servicios de violencia de g\u00e9nero como <a href=\"https:\/\/cklcomunicaciones.es\/coop\/noticias-info-ckl-no-2-261-11-01-19\/\">[&#8230;]<\/a><\/p>\n","protected":false},"author":3,"featured_media":0,"comment_status":"closed","ping_status":"closed","sticky":false,"template":"","format":"standard","meta":{"footnotes":""},"categories":[298,623],"tags":[],"class_list":["post-14359","post","type-post","status-publish","format-standard","hentry","category-newsletter","category-nwl-2-0"],"yoast_head":"<!-- This site is optimized with the Yoast SEO plugin v27.5 - https:\/\/yoast.com\/product\/yoast-seo-wordpress\/ -->\n<title>Noticias Info CKL n\u00ba 2.261-11\/01\/19-Comunica con perspectiva de g\u00e9nero<\/title>\n<meta name=\"description\" content=\"Comunicar con perspectiva de g\u00e9nero: El Gobierno incluir\u00e1 los servicios de violencia de g\u00e9nero como prioritarios para reponer el 100% de jubilaciones-La creciente demanda de talento digital femenino-En marcha el Observatorio &quot;Mujeres, Ciencia e Innovaci\u00f3n&quot;\" \/>\n<meta name=\"robots\" content=\"index, follow, max-snippet:-1, max-image-preview:large, max-video-preview:-1\" \/>\n<link rel=\"canonical\" href=\"https:\/\/cklcomunicaciones.es\/coop\/noticias-info-ckl-no-2-261-11-01-19\/\" \/>\n<meta property=\"og:locale\" content=\"es_ES\" \/>\n<meta property=\"og:type\" content=\"article\" \/>\n<meta property=\"og:title\" content=\"Noticias Info CKL n\u00ba 2.261-11\/01\/19-Comunica con perspectiva de g\u00e9nero\" \/>\n<meta property=\"og:description\" content=\"Comunicar con perspectiva de g\u00e9nero: El Gobierno incluir\u00e1 los servicios de violencia de g\u00e9nero como prioritarios para reponer el 100% de jubilaciones-La creciente demanda de talento digital femenino-En marcha el Observatorio &quot;Mujeres, Ciencia e Innovaci\u00f3n&quot;\" \/>\n<meta property=\"og:url\" content=\"https:\/\/cklcomunicaciones.es\/coop\/noticias-info-ckl-no-2-261-11-01-19\/\" \/>\n<meta property=\"og:site_name\" content=\"CKL Comunicaciones\" \/>\n<meta property=\"article:published_time\" content=\"2019-01-11T11:22:13+00:00\" \/>\n<meta property=\"article:modified_time\" content=\"2025-01-17T15:43:29+00:00\" \/>\n<meta property=\"og:image\" content=\"https:\/\/cklcomunicaciones.es\/coop\/wp-content\/uploads\/2018\/03\/CKL_comunicacion-con-perspetiva-de-genero.jpg\" \/>\n\t<meta property=\"og:image:width\" content=\"500\" \/>\n\t<meta property=\"og:image:height\" content=\"500\" \/>\n\t<meta property=\"og:image:type\" content=\"image\/jpeg\" \/>\n<meta name=\"author\" content=\"ckl\" \/>\n<meta name=\"twitter:card\" content=\"summary_large_image\" \/>\n<meta name=\"twitter:label1\" content=\"Escrito por\" \/>\n\t<meta name=\"twitter:data1\" content=\"ckl\" \/>\n\t<meta name=\"twitter:label2\" content=\"Tiempo de lectura\" \/>\n\t<meta name=\"twitter:data2\" content=\"5 minutos\" \/>\n<script type=\"application\/ld+json\" class=\"yoast-schema-graph\">{\"@context\":\"https:\\\/\\\/schema.org\",\"@graph\":[{\"@type\":\"Article\",\"@id\":\"https:\\\/\\\/cklcomunicaciones.es\\\/coop\\\/noticias-info-ckl-no-2-261-11-01-19\\\/#article\",\"isPartOf\":{\"@id\":\"https:\\\/\\\/cklcomunicaciones.es\\\/coop\\\/noticias-info-ckl-no-2-261-11-01-19\\\/\"},\"author\":{\"name\":\"ckl\",\"@id\":\"https:\\\/\\\/cklcomunicaciones.es\\\/coop\\\/#\\\/schema\\\/person\\\/929a6837f7626450bbb50cee1aef266e\"},\"headline\":\"Noticias Info CKL n\u00ba 2.261-11\\\/01\\\/19\",\"datePublished\":\"2019-01-11T11:22:13+00:00\",\"dateModified\":\"2025-01-17T15:43:29+00:00\",\"mainEntityOfPage\":{\"@id\":\"https:\\\/\\\/cklcomunicaciones.es\\\/coop\\\/noticias-info-ckl-no-2-261-11-01-19\\\/\"},\"wordCount\":971,\"image\":{\"@id\":\"https:\\\/\\\/cklcomunicaciones.es\\\/coop\\\/noticias-info-ckl-no-2-261-11-01-19\\\/#primaryimage\"},\"thumbnailUrl\":\"http:\\\/\\\/www.cklcomunicaciones.es\\\/wp-content\\\/uploads\\\/2018\\\/03\\\/CKL_comunicacion-con-perspetiva-de-genero-300x300.jpg\",\"articleSection\":[\"Newsletter\",\"Nwl v2.0\"],\"inLanguage\":\"es\"},{\"@type\":\"WebPage\",\"@id\":\"https:\\\/\\\/cklcomunicaciones.es\\\/coop\\\/noticias-info-ckl-no-2-261-11-01-19\\\/\",\"url\":\"https:\\\/\\\/cklcomunicaciones.es\\\/coop\\\/noticias-info-ckl-no-2-261-11-01-19\\\/\",\"name\":\"Noticias Info CKL n\u00ba 2.261-11\\\/01\\\/19-Comunica con perspectiva de g\u00e9nero\",\"isPartOf\":{\"@id\":\"https:\\\/\\\/cklcomunicaciones.es\\\/coop\\\/#website\"},\"primaryImageOfPage\":{\"@id\":\"https:\\\/\\\/cklcomunicaciones.es\\\/coop\\\/noticias-info-ckl-no-2-261-11-01-19\\\/#primaryimage\"},\"image\":{\"@id\":\"https:\\\/\\\/cklcomunicaciones.es\\\/coop\\\/noticias-info-ckl-no-2-261-11-01-19\\\/#primaryimage\"},\"thumbnailUrl\":\"http:\\\/\\\/www.cklcomunicaciones.es\\\/wp-content\\\/uploads\\\/2018\\\/03\\\/CKL_comunicacion-con-perspetiva-de-genero-300x300.jpg\",\"datePublished\":\"2019-01-11T11:22:13+00:00\",\"dateModified\":\"2025-01-17T15:43:29+00:00\",\"author\":{\"@id\":\"https:\\\/\\\/cklcomunicaciones.es\\\/coop\\\/#\\\/schema\\\/person\\\/929a6837f7626450bbb50cee1aef266e\"},\"description\":\"Comunicar con perspectiva de g\u00e9nero: El Gobierno incluir\u00e1 los servicios de violencia de g\u00e9nero como prioritarios para reponer el 100% de jubilaciones-La creciente demanda de talento digital femenino-En marcha el Observatorio \\\"Mujeres, Ciencia e Innovaci\u00f3n\\\"\",\"breadcrumb\":{\"@id\":\"https:\\\/\\\/cklcomunicaciones.es\\\/coop\\\/noticias-info-ckl-no-2-261-11-01-19\\\/#breadcrumb\"},\"inLanguage\":\"es\",\"potentialAction\":[{\"@type\":\"ReadAction\",\"target\":[\"https:\\\/\\\/cklcomunicaciones.es\\\/coop\\\/noticias-info-ckl-no-2-261-11-01-19\\\/\"]}]},{\"@type\":\"ImageObject\",\"inLanguage\":\"es\",\"@id\":\"https:\\\/\\\/cklcomunicaciones.es\\\/coop\\\/noticias-info-ckl-no-2-261-11-01-19\\\/#primaryimage\",\"url\":\"http:\\\/\\\/www.cklcomunicaciones.es\\\/wp-content\\\/uploads\\\/2018\\\/03\\\/CKL_comunicacion-con-perspetiva-de-genero-300x300.jpg\",\"contentUrl\":\"http:\\\/\\\/www.cklcomunicaciones.es\\\/wp-content\\\/uploads\\\/2018\\\/03\\\/CKL_comunicacion-con-perspetiva-de-genero-300x300.jpg\"},{\"@type\":\"BreadcrumbList\",\"@id\":\"https:\\\/\\\/cklcomunicaciones.es\\\/coop\\\/noticias-info-ckl-no-2-261-11-01-19\\\/#breadcrumb\",\"itemListElement\":[{\"@type\":\"ListItem\",\"position\":1,\"name\":\"Portada\",\"item\":\"https:\\\/\\\/cklcomunicaciones.es\\\/coop\\\/\"},{\"@type\":\"ListItem\",\"position\":2,\"name\":\"Noticias Info CKL n\u00ba 2.261-11\\\/01\\\/19\"}]},{\"@type\":\"WebSite\",\"@id\":\"https:\\\/\\\/cklcomunicaciones.es\\\/coop\\\/#website\",\"url\":\"https:\\\/\\\/cklcomunicaciones.es\\\/coop\\\/\",\"name\":\"CKL Comunicaciones\",\"description\":\"Sitio web de CKL Comunicaciones coop , la consultora de comunicaci\u00f3n y estrategia\",\"potentialAction\":[{\"@type\":\"SearchAction\",\"target\":{\"@type\":\"EntryPoint\",\"urlTemplate\":\"https:\\\/\\\/cklcomunicaciones.es\\\/coop\\\/?s={search_term_string}\"},\"query-input\":{\"@type\":\"PropertyValueSpecification\",\"valueRequired\":true,\"valueName\":\"search_term_string\"}}],\"inLanguage\":\"es\"},{\"@type\":\"Person\",\"@id\":\"https:\\\/\\\/cklcomunicaciones.es\\\/coop\\\/#\\\/schema\\\/person\\\/929a6837f7626450bbb50cee1aef266e\",\"name\":\"ckl\",\"image\":{\"@type\":\"ImageObject\",\"inLanguage\":\"es\",\"@id\":\"https:\\\/\\\/secure.gravatar.com\\\/avatar\\\/c82db564e8a669bf6023357a157b9dc4780f4d4c618f2ad1d71a6a5dede45057?s=96&d=mm&r=g\",\"url\":\"https:\\\/\\\/secure.gravatar.com\\\/avatar\\\/c82db564e8a669bf6023357a157b9dc4780f4d4c618f2ad1d71a6a5dede45057?s=96&d=mm&r=g\",\"contentUrl\":\"https:\\\/\\\/secure.gravatar.com\\\/avatar\\\/c82db564e8a669bf6023357a157b9dc4780f4d4c618f2ad1d71a6a5dede45057?s=96&d=mm&r=g\",\"caption\":\"ckl\"},\"url\":\"https:\\\/\\\/cklcomunicaciones.es\\\/coop\\\/author\\\/cklcomunicaciones\\\/\"}]}<\/script>\n<!-- \/ Yoast SEO plugin. -->","yoast_head_json":{"title":"Noticias Info CKL n\u00ba 2.261-11\/01\/19-Comunica con perspectiva de g\u00e9nero","description":"Comunicar con perspectiva de g\u00e9nero: El Gobierno incluir\u00e1 los servicios de violencia de g\u00e9nero como prioritarios para reponer el 100% de jubilaciones-La creciente demanda de talento digital femenino-En marcha el Observatorio \"Mujeres, Ciencia e Innovaci\u00f3n\"","robots":{"index":"index","follow":"follow","max-snippet":"max-snippet:-1","max-image-preview":"max-image-preview:large","max-video-preview":"max-video-preview:-1"},"canonical":"https:\/\/cklcomunicaciones.es\/coop\/noticias-info-ckl-no-2-261-11-01-19\/","og_locale":"es_ES","og_type":"article","og_title":"Noticias Info CKL n\u00ba 2.261-11\/01\/19-Comunica con perspectiva de g\u00e9nero","og_description":"Comunicar con perspectiva de g\u00e9nero: El Gobierno incluir\u00e1 los servicios de violencia de g\u00e9nero como prioritarios para reponer el 100% de jubilaciones-La creciente demanda de talento digital femenino-En marcha el Observatorio \"Mujeres, Ciencia e Innovaci\u00f3n\"","og_url":"https:\/\/cklcomunicaciones.es\/coop\/noticias-info-ckl-no-2-261-11-01-19\/","og_site_name":"CKL Comunicaciones","article_published_time":"2019-01-11T11:22:13+00:00","article_modified_time":"2025-01-17T15:43:29+00:00","og_image":[{"width":500,"height":500,"url":"https:\/\/cklcomunicaciones.es\/coop\/wp-content\/uploads\/2018\/03\/CKL_comunicacion-con-perspetiva-de-genero.jpg","type":"image\/jpeg"}],"author":"ckl","twitter_card":"summary_large_image","twitter_misc":{"Escrito por":"ckl","Tiempo de lectura":"5 minutos"},"schema":{"@context":"https:\/\/schema.org","@graph":[{"@type":"Article","@id":"https:\/\/cklcomunicaciones.es\/coop\/noticias-info-ckl-no-2-261-11-01-19\/#article","isPartOf":{"@id":"https:\/\/cklcomunicaciones.es\/coop\/noticias-info-ckl-no-2-261-11-01-19\/"},"author":{"name":"ckl","@id":"https:\/\/cklcomunicaciones.es\/coop\/#\/schema\/person\/929a6837f7626450bbb50cee1aef266e"},"headline":"Noticias Info CKL n\u00ba 2.261-11\/01\/19","datePublished":"2019-01-11T11:22:13+00:00","dateModified":"2025-01-17T15:43:29+00:00","mainEntityOfPage":{"@id":"https:\/\/cklcomunicaciones.es\/coop\/noticias-info-ckl-no-2-261-11-01-19\/"},"wordCount":971,"image":{"@id":"https:\/\/cklcomunicaciones.es\/coop\/noticias-info-ckl-no-2-261-11-01-19\/#primaryimage"},"thumbnailUrl":"http:\/\/www.cklcomunicaciones.es\/wp-content\/uploads\/2018\/03\/CKL_comunicacion-con-perspetiva-de-genero-300x300.jpg","articleSection":["Newsletter","Nwl v2.0"],"inLanguage":"es"},{"@type":"WebPage","@id":"https:\/\/cklcomunicaciones.es\/coop\/noticias-info-ckl-no-2-261-11-01-19\/","url":"https:\/\/cklcomunicaciones.es\/coop\/noticias-info-ckl-no-2-261-11-01-19\/","name":"Noticias Info CKL n\u00ba 2.261-11\/01\/19-Comunica con perspectiva de g\u00e9nero","isPartOf":{"@id":"https:\/\/cklcomunicaciones.es\/coop\/#website"},"primaryImageOfPage":{"@id":"https:\/\/cklcomunicaciones.es\/coop\/noticias-info-ckl-no-2-261-11-01-19\/#primaryimage"},"image":{"@id":"https:\/\/cklcomunicaciones.es\/coop\/noticias-info-ckl-no-2-261-11-01-19\/#primaryimage"},"thumbnailUrl":"http:\/\/www.cklcomunicaciones.es\/wp-content\/uploads\/2018\/03\/CKL_comunicacion-con-perspetiva-de-genero-300x300.jpg","datePublished":"2019-01-11T11:22:13+00:00","dateModified":"2025-01-17T15:43:29+00:00","author":{"@id":"https:\/\/cklcomunicaciones.es\/coop\/#\/schema\/person\/929a6837f7626450bbb50cee1aef266e"},"description":"Comunicar con perspectiva de g\u00e9nero: El Gobierno incluir\u00e1 los servicios de violencia de g\u00e9nero como prioritarios para reponer el 100% de jubilaciones-La creciente demanda de talento digital femenino-En marcha el Observatorio \"Mujeres, Ciencia e Innovaci\u00f3n\"","breadcrumb":{"@id":"https:\/\/cklcomunicaciones.es\/coop\/noticias-info-ckl-no-2-261-11-01-19\/#breadcrumb"},"inLanguage":"es","potentialAction":[{"@type":"ReadAction","target":["https:\/\/cklcomunicaciones.es\/coop\/noticias-info-ckl-no-2-261-11-01-19\/"]}]},{"@type":"ImageObject","inLanguage":"es","@id":"https:\/\/cklcomunicaciones.es\/coop\/noticias-info-ckl-no-2-261-11-01-19\/#primaryimage","url":"http:\/\/www.cklcomunicaciones.es\/wp-content\/uploads\/2018\/03\/CKL_comunicacion-con-perspetiva-de-genero-300x300.jpg","contentUrl":"http:\/\/www.cklcomunicaciones.es\/wp-content\/uploads\/2018\/03\/CKL_comunicacion-con-perspetiva-de-genero-300x300.jpg"},{"@type":"BreadcrumbList","@id":"https:\/\/cklcomunicaciones.es\/coop\/noticias-info-ckl-no-2-261-11-01-19\/#breadcrumb","itemListElement":[{"@type":"ListItem","position":1,"name":"Portada","item":"https:\/\/cklcomunicaciones.es\/coop\/"},{"@type":"ListItem","position":2,"name":"Noticias Info CKL n\u00ba 2.261-11\/01\/19"}]},{"@type":"WebSite","@id":"https:\/\/cklcomunicaciones.es\/coop\/#website","url":"https:\/\/cklcomunicaciones.es\/coop\/","name":"CKL Comunicaciones","description":"Sitio web de CKL Comunicaciones coop , la consultora de comunicaci\u00f3n y estrategia","potentialAction":[{"@type":"SearchAction","target":{"@type":"EntryPoint","urlTemplate":"https:\/\/cklcomunicaciones.es\/coop\/?s={search_term_string}"},"query-input":{"@type":"PropertyValueSpecification","valueRequired":true,"valueName":"search_term_string"}}],"inLanguage":"es"},{"@type":"Person","@id":"https:\/\/cklcomunicaciones.es\/coop\/#\/schema\/person\/929a6837f7626450bbb50cee1aef266e","name":"ckl","image":{"@type":"ImageObject","inLanguage":"es","@id":"https:\/\/secure.gravatar.com\/avatar\/c82db564e8a669bf6023357a157b9dc4780f4d4c618f2ad1d71a6a5dede45057?s=96&d=mm&r=g","url":"https:\/\/secure.gravatar.com\/avatar\/c82db564e8a669bf6023357a157b9dc4780f4d4c618f2ad1d71a6a5dede45057?s=96&d=mm&r=g","contentUrl":"https:\/\/secure.gravatar.com\/avatar\/c82db564e8a669bf6023357a157b9dc4780f4d4c618f2ad1d71a6a5dede45057?s=96&d=mm&r=g","caption":"ckl"},"url":"https:\/\/cklcomunicaciones.es\/coop\/author\/cklcomunicaciones\/"}]}},"_links":{"self":[{"href":"https:\/\/cklcomunicaciones.es\/coop\/wp-json\/wp\/v2\/posts\/14359","targetHints":{"allow":["GET"]}}],"collection":[{"href":"https:\/\/cklcomunicaciones.es\/coop\/wp-json\/wp\/v2\/posts"}],"about":[{"href":"https:\/\/cklcomunicaciones.es\/coop\/wp-json\/wp\/v2\/types\/post"}],"author":[{"embeddable":true,"href":"https:\/\/cklcomunicaciones.es\/coop\/wp-json\/wp\/v2\/users\/3"}],"replies":[{"embeddable":true,"href":"https:\/\/cklcomunicaciones.es\/coop\/wp-json\/wp\/v2\/comments?post=14359"}],"version-history":[{"count":0,"href":"https:\/\/cklcomunicaciones.es\/coop\/wp-json\/wp\/v2\/posts\/14359\/revisions"}],"wp:attachment":[{"href":"https:\/\/cklcomunicaciones.es\/coop\/wp-json\/wp\/v2\/media?parent=14359"}],"wp:term":[{"taxonomy":"category","embeddable":true,"href":"https:\/\/cklcomunicaciones.es\/coop\/wp-json\/wp\/v2\/categories?post=14359"},{"taxonomy":"post_tag","embeddable":true,"href":"https:\/\/cklcomunicaciones.es\/coop\/wp-json\/wp\/v2\/tags?post=14359"}],"curies":[{"name":"wp","href":"https:\/\/api.w.org\/{rel}","templated":true}]}}