{"id":14331,"date":"2018-12-13T13:22:43","date_gmt":"2018-12-13T12:22:43","guid":{"rendered":"http:\/\/www.cklcomunicaciones.es\/?p=14331"},"modified":"2018-12-13T13:22:43","modified_gmt":"2018-12-13T12:22:43","slug":"fecu2018-2","status":"publish","type":"post","link":"https:\/\/cklcomunicaciones.es\/coop\/fecu2018-2\/","title":{"rendered":"FECU2018: III Feria de las Culturas de San Juan de Aznalfarache"},"content":{"rendered":"<p>El municipio sevillano acoge la III Feria de las Culturas en la que se dar\u00e1n cita m\u00e1s de 70 nacionalidades.<\/p>\n<p>Actividades l\u00fadicas y culturales destinadas a promover la convivencia intercultural y la inclusi\u00f3n social centrar\u00e1n la programaci\u00f3n de la III Feria de las Culturas que tendr\u00e1 lugar el 14, 15 y 16 de diciembre en San Juan de Aznalfarache.<\/p>\n<p>El encuentro es posible gracias al trabajo colaborativo que desempe\u00f1a el Grupo Local de Inclusi\u00f3n de San Juan de Aznalfarache (GLISA), integrado por casi una veintena de entidades p\u00fablicas y privadas y organismos sin \u00e1nimo de lucro, entre ellos el Ayuntamiento de San Juan de Aznalfarache y la ONGD Asamblea de Cooperaci\u00f3n por la Paz (ACPP), entre otras<\/p>\n<p>M\u00e1s informaci\u00f3n: <a href=\"https:\/\/www.diariodesevilla.es\/vivirensevilla\/III-Feria-Culturas-San-Juan-Aznalfarache_0_1309069427.html\">Diario de Sevilla<\/a><\/p>\n<p>&nbsp;<\/p>\n","protected":false},"excerpt":{"rendered":"<p>El municipio sevillano acoge la III Feria de las Culturas <a href=\"https:\/\/cklcomunicaciones.es\/coop\/fecu2018-2\/\">[&#8230;]<\/a><\/p>\n","protected":false},"author":3,"featured_media":14333,"comment_status":"closed","ping_status":"closed","sticky":false,"template":"","format":"standard","meta":{"footnotes":""},"categories":[297],"tags":[185,189],"class_list":["post-14331","post","type-post","status-publish","format-standard","has-post-thumbnail","hentry","category-actualidad","tag-acpp-andalucia","tag-fecu"],"yoast_head":"<!-- This site is optimized with the Yoast SEO plugin v27.5 - https:\/\/yoast.com\/product\/yoast-seo-wordpress\/ -->\n<title>III Feria de las Culturas de San Juan de Aznalfarache<\/title>\n<meta name=\"description\" content=\"El municipio sevillano acoge la III Feria de las Culturas en la que se dar\u00e1n cita m\u00e1s de 70 nacionalidades. Actividades l\u00fadicas y culturales destinadas a promover la convivencia intercultural y la inclusi\u00f3n social centrar\u00e1n la programaci\u00f3n de la III Feria de las Culturas que tendr\u00e1 lugar el 14, 15 y 16 de diciembre en San Juan de Aznalfarache.\" \/>\n<meta name=\"robots\" content=\"index, follow, max-snippet:-1, max-image-preview:large, max-video-preview:-1\" \/>\n<link rel=\"canonical\" href=\"https:\/\/cklcomunicaciones.es\/coop\/fecu2018-2\/\" \/>\n<meta property=\"og:locale\" content=\"es_ES\" \/>\n<meta property=\"og:type\" content=\"article\" \/>\n<meta property=\"og:title\" content=\"III Feria de las Culturas de San Juan de Aznalfarache\" \/>\n<meta property=\"og:description\" content=\"El municipio sevillano acoge la III Feria de las Culturas en la que se dar\u00e1n cita m\u00e1s de 70 nacionalidades. Actividades l\u00fadicas y culturales destinadas a promover la convivencia intercultural y la inclusi\u00f3n social centrar\u00e1n la programaci\u00f3n de la III Feria de las Culturas que tendr\u00e1 lugar el 14, 15 y 16 de diciembre en San Juan de Aznalfarache.\" \/>\n<meta property=\"og:url\" content=\"https:\/\/cklcomunicaciones.es\/coop\/fecu2018-2\/\" \/>\n<meta property=\"og:site_name\" content=\"CKL Comunicaciones\" \/>\n<meta property=\"article:published_time\" content=\"2018-12-13T12:22:43+00:00\" \/>\n<meta property=\"og:image\" content=\"https:\/\/cklcomunicaciones.es\/coop\/wp-content\/uploads\/2018\/12\/FECU-perfil_redes-01.png\" \/>\n\t<meta property=\"og:image:width\" content=\"1181\" \/>\n\t<meta property=\"og:image:height\" content=\"1181\" \/>\n\t<meta property=\"og:image:type\" content=\"image\/png\" \/>\n<meta name=\"author\" content=\"ckl\" \/>\n<meta name=\"twitter:card\" content=\"summary_large_image\" \/>\n<meta name=\"twitter:label1\" content=\"Escrito por\" \/>\n\t<meta name=\"twitter:data1\" content=\"ckl\" \/>\n\t<meta name=\"twitter:label2\" content=\"Tiempo de lectura\" \/>\n\t<meta name=\"twitter:data2\" content=\"1 minuto\" \/>\n<script type=\"application\/ld+json\" class=\"yoast-schema-graph\">{\"@context\":\"https:\\\/\\\/schema.org\",\"@graph\":[{\"@type\":\"Article\",\"@id\":\"https:\\\/\\\/cklcomunicaciones.es\\\/coop\\\/fecu2018-2\\\/#article\",\"isPartOf\":{\"@id\":\"https:\\\/\\\/cklcomunicaciones.es\\\/coop\\\/fecu2018-2\\\/\"},\"author\":{\"name\":\"ckl\",\"@id\":\"https:\\\/\\\/cklcomunicaciones.es\\\/coop\\\/#\\\/schema\\\/person\\\/929a6837f7626450bbb50cee1aef266e\"},\"headline\":\"FECU2018: III Feria de las Culturas de San Juan de Aznalfarache\",\"datePublished\":\"2018-12-13T12:22:43+00:00\",\"mainEntityOfPage\":{\"@id\":\"https:\\\/\\\/cklcomunicaciones.es\\\/coop\\\/fecu2018-2\\\/\"},\"wordCount\":142,\"image\":{\"@id\":\"https:\\\/\\\/cklcomunicaciones.es\\\/coop\\\/fecu2018-2\\\/#primaryimage\"},\"thumbnailUrl\":\"https:\\\/\\\/cklcomunicaciones.es\\\/coop\\\/wp-content\\\/uploads\\\/2018\\\/12\\\/FECU-perfil_redes-01.png\",\"keywords\":[\"ACPP Andaluc\u00eda\",\"FECU\"],\"articleSection\":[\"Actualidad\"],\"inLanguage\":\"es\"},{\"@type\":\"WebPage\",\"@id\":\"https:\\\/\\\/cklcomunicaciones.es\\\/coop\\\/fecu2018-2\\\/\",\"url\":\"https:\\\/\\\/cklcomunicaciones.es\\\/coop\\\/fecu2018-2\\\/\",\"name\":\"III Feria de las Culturas de San Juan de Aznalfarache\",\"isPartOf\":{\"@id\":\"https:\\\/\\\/cklcomunicaciones.es\\\/coop\\\/#website\"},\"primaryImageOfPage\":{\"@id\":\"https:\\\/\\\/cklcomunicaciones.es\\\/coop\\\/fecu2018-2\\\/#primaryimage\"},\"image\":{\"@id\":\"https:\\\/\\\/cklcomunicaciones.es\\\/coop\\\/fecu2018-2\\\/#primaryimage\"},\"thumbnailUrl\":\"https:\\\/\\\/cklcomunicaciones.es\\\/coop\\\/wp-content\\\/uploads\\\/2018\\\/12\\\/FECU-perfil_redes-01.png\",\"datePublished\":\"2018-12-13T12:22:43+00:00\",\"author\":{\"@id\":\"https:\\\/\\\/cklcomunicaciones.es\\\/coop\\\/#\\\/schema\\\/person\\\/929a6837f7626450bbb50cee1aef266e\"},\"description\":\"El municipio sevillano acoge la III Feria de las Culturas en la que se dar\u00e1n cita m\u00e1s de 70 nacionalidades. Actividades l\u00fadicas y culturales destinadas a promover la convivencia intercultural y la inclusi\u00f3n social centrar\u00e1n la programaci\u00f3n de la III Feria de las Culturas que tendr\u00e1 lugar el 14, 15 y 16 de diciembre en San Juan de Aznalfarache.\",\"breadcrumb\":{\"@id\":\"https:\\\/\\\/cklcomunicaciones.es\\\/coop\\\/fecu2018-2\\\/#breadcrumb\"},\"inLanguage\":\"es\",\"potentialAction\":[{\"@type\":\"ReadAction\",\"target\":[\"https:\\\/\\\/cklcomunicaciones.es\\\/coop\\\/fecu2018-2\\\/\"]}]},{\"@type\":\"ImageObject\",\"inLanguage\":\"es\",\"@id\":\"https:\\\/\\\/cklcomunicaciones.es\\\/coop\\\/fecu2018-2\\\/#primaryimage\",\"url\":\"https:\\\/\\\/cklcomunicaciones.es\\\/coop\\\/wp-content\\\/uploads\\\/2018\\\/12\\\/FECU-perfil_redes-01.png\",\"contentUrl\":\"https:\\\/\\\/cklcomunicaciones.es\\\/coop\\\/wp-content\\\/uploads\\\/2018\\\/12\\\/FECU-perfil_redes-01.png\",\"width\":1181,\"height\":1181,\"caption\":\"Feria de la Culturas San Juan de Aznalfarache\"},{\"@type\":\"BreadcrumbList\",\"@id\":\"https:\\\/\\\/cklcomunicaciones.es\\\/coop\\\/fecu2018-2\\\/#breadcrumb\",\"itemListElement\":[{\"@type\":\"ListItem\",\"position\":1,\"name\":\"Portada\",\"item\":\"https:\\\/\\\/cklcomunicaciones.es\\\/coop\\\/\"},{\"@type\":\"ListItem\",\"position\":2,\"name\":\"FECU2018: III Feria de las Culturas de San Juan de Aznalfarache\"}]},{\"@type\":\"WebSite\",\"@id\":\"https:\\\/\\\/cklcomunicaciones.es\\\/coop\\\/#website\",\"url\":\"https:\\\/\\\/cklcomunicaciones.es\\\/coop\\\/\",\"name\":\"CKL Comunicaciones\",\"description\":\"Sitio web de CKL Comunicaciones coop , la consultora de comunicaci\u00f3n y estrategia\",\"potentialAction\":[{\"@type\":\"SearchAction\",\"target\":{\"@type\":\"EntryPoint\",\"urlTemplate\":\"https:\\\/\\\/cklcomunicaciones.es\\\/coop\\\/?s={search_term_string}\"},\"query-input\":{\"@type\":\"PropertyValueSpecification\",\"valueRequired\":true,\"valueName\":\"search_term_string\"}}],\"inLanguage\":\"es\"},{\"@type\":\"Person\",\"@id\":\"https:\\\/\\\/cklcomunicaciones.es\\\/coop\\\/#\\\/schema\\\/person\\\/929a6837f7626450bbb50cee1aef266e\",\"name\":\"ckl\",\"image\":{\"@type\":\"ImageObject\",\"inLanguage\":\"es\",\"@id\":\"https:\\\/\\\/secure.gravatar.com\\\/avatar\\\/c82db564e8a669bf6023357a157b9dc4780f4d4c618f2ad1d71a6a5dede45057?s=96&d=mm&r=g\",\"url\":\"https:\\\/\\\/secure.gravatar.com\\\/avatar\\\/c82db564e8a669bf6023357a157b9dc4780f4d4c618f2ad1d71a6a5dede45057?s=96&d=mm&r=g\",\"contentUrl\":\"https:\\\/\\\/secure.gravatar.com\\\/avatar\\\/c82db564e8a669bf6023357a157b9dc4780f4d4c618f2ad1d71a6a5dede45057?s=96&d=mm&r=g\",\"caption\":\"ckl\"},\"url\":\"https:\\\/\\\/cklcomunicaciones.es\\\/coop\\\/author\\\/cklcomunicaciones\\\/\"}]}<\/script>\n<!-- \/ Yoast SEO plugin. -->","yoast_head_json":{"title":"III Feria de las Culturas de San Juan de Aznalfarache","description":"El municipio sevillano acoge la III Feria de las Culturas en la que se dar\u00e1n cita m\u00e1s de 70 nacionalidades. Actividades l\u00fadicas y culturales destinadas a promover la convivencia intercultural y la inclusi\u00f3n social centrar\u00e1n la programaci\u00f3n de la III Feria de las Culturas que tendr\u00e1 lugar el 14, 15 y 16 de diciembre en San Juan de Aznalfarache.","robots":{"index":"index","follow":"follow","max-snippet":"max-snippet:-1","max-image-preview":"max-image-preview:large","max-video-preview":"max-video-preview:-1"},"canonical":"https:\/\/cklcomunicaciones.es\/coop\/fecu2018-2\/","og_locale":"es_ES","og_type":"article","og_title":"III Feria de las Culturas de San Juan de Aznalfarache","og_description":"El municipio sevillano acoge la III Feria de las Culturas en la que se dar\u00e1n cita m\u00e1s de 70 nacionalidades. Actividades l\u00fadicas y culturales destinadas a promover la convivencia intercultural y la inclusi\u00f3n social centrar\u00e1n la programaci\u00f3n de la III Feria de las Culturas que tendr\u00e1 lugar el 14, 15 y 16 de diciembre en San Juan de Aznalfarache.","og_url":"https:\/\/cklcomunicaciones.es\/coop\/fecu2018-2\/","og_site_name":"CKL Comunicaciones","article_published_time":"2018-12-13T12:22:43+00:00","og_image":[{"width":1181,"height":1181,"url":"https:\/\/cklcomunicaciones.es\/coop\/wp-content\/uploads\/2018\/12\/FECU-perfil_redes-01.png","type":"image\/png"}],"author":"ckl","twitter_card":"summary_large_image","twitter_misc":{"Escrito por":"ckl","Tiempo de lectura":"1 minuto"},"schema":{"@context":"https:\/\/schema.org","@graph":[{"@type":"Article","@id":"https:\/\/cklcomunicaciones.es\/coop\/fecu2018-2\/#article","isPartOf":{"@id":"https:\/\/cklcomunicaciones.es\/coop\/fecu2018-2\/"},"author":{"name":"ckl","@id":"https:\/\/cklcomunicaciones.es\/coop\/#\/schema\/person\/929a6837f7626450bbb50cee1aef266e"},"headline":"FECU2018: III Feria de las Culturas de San Juan de Aznalfarache","datePublished":"2018-12-13T12:22:43+00:00","mainEntityOfPage":{"@id":"https:\/\/cklcomunicaciones.es\/coop\/fecu2018-2\/"},"wordCount":142,"image":{"@id":"https:\/\/cklcomunicaciones.es\/coop\/fecu2018-2\/#primaryimage"},"thumbnailUrl":"https:\/\/cklcomunicaciones.es\/coop\/wp-content\/uploads\/2018\/12\/FECU-perfil_redes-01.png","keywords":["ACPP Andaluc\u00eda","FECU"],"articleSection":["Actualidad"],"inLanguage":"es"},{"@type":"WebPage","@id":"https:\/\/cklcomunicaciones.es\/coop\/fecu2018-2\/","url":"https:\/\/cklcomunicaciones.es\/coop\/fecu2018-2\/","name":"III Feria de las Culturas de San Juan de Aznalfarache","isPartOf":{"@id":"https:\/\/cklcomunicaciones.es\/coop\/#website"},"primaryImageOfPage":{"@id":"https:\/\/cklcomunicaciones.es\/coop\/fecu2018-2\/#primaryimage"},"image":{"@id":"https:\/\/cklcomunicaciones.es\/coop\/fecu2018-2\/#primaryimage"},"thumbnailUrl":"https:\/\/cklcomunicaciones.es\/coop\/wp-content\/uploads\/2018\/12\/FECU-perfil_redes-01.png","datePublished":"2018-12-13T12:22:43+00:00","author":{"@id":"https:\/\/cklcomunicaciones.es\/coop\/#\/schema\/person\/929a6837f7626450bbb50cee1aef266e"},"description":"El municipio sevillano acoge la III Feria de las Culturas en la que se dar\u00e1n cita m\u00e1s de 70 nacionalidades. Actividades l\u00fadicas y culturales destinadas a promover la convivencia intercultural y la inclusi\u00f3n social centrar\u00e1n la programaci\u00f3n de la III Feria de las Culturas que tendr\u00e1 lugar el 14, 15 y 16 de diciembre en San Juan de Aznalfarache.","breadcrumb":{"@id":"https:\/\/cklcomunicaciones.es\/coop\/fecu2018-2\/#breadcrumb"},"inLanguage":"es","potentialAction":[{"@type":"ReadAction","target":["https:\/\/cklcomunicaciones.es\/coop\/fecu2018-2\/"]}]},{"@type":"ImageObject","inLanguage":"es","@id":"https:\/\/cklcomunicaciones.es\/coop\/fecu2018-2\/#primaryimage","url":"https:\/\/cklcomunicaciones.es\/coop\/wp-content\/uploads\/2018\/12\/FECU-perfil_redes-01.png","contentUrl":"https:\/\/cklcomunicaciones.es\/coop\/wp-content\/uploads\/2018\/12\/FECU-perfil_redes-01.png","width":1181,"height":1181,"caption":"Feria de la Culturas San Juan de Aznalfarache"},{"@type":"BreadcrumbList","@id":"https:\/\/cklcomunicaciones.es\/coop\/fecu2018-2\/#breadcrumb","itemListElement":[{"@type":"ListItem","position":1,"name":"Portada","item":"https:\/\/cklcomunicaciones.es\/coop\/"},{"@type":"ListItem","position":2,"name":"FECU2018: III Feria de las Culturas de San Juan de Aznalfarache"}]},{"@type":"WebSite","@id":"https:\/\/cklcomunicaciones.es\/coop\/#website","url":"https:\/\/cklcomunicaciones.es\/coop\/","name":"CKL Comunicaciones","description":"Sitio web de CKL Comunicaciones coop , la consultora de comunicaci\u00f3n y estrategia","potentialAction":[{"@type":"SearchAction","target":{"@type":"EntryPoint","urlTemplate":"https:\/\/cklcomunicaciones.es\/coop\/?s={search_term_string}"},"query-input":{"@type":"PropertyValueSpecification","valueRequired":true,"valueName":"search_term_string"}}],"inLanguage":"es"},{"@type":"Person","@id":"https:\/\/cklcomunicaciones.es\/coop\/#\/schema\/person\/929a6837f7626450bbb50cee1aef266e","name":"ckl","image":{"@type":"ImageObject","inLanguage":"es","@id":"https:\/\/secure.gravatar.com\/avatar\/c82db564e8a669bf6023357a157b9dc4780f4d4c618f2ad1d71a6a5dede45057?s=96&d=mm&r=g","url":"https:\/\/secure.gravatar.com\/avatar\/c82db564e8a669bf6023357a157b9dc4780f4d4c618f2ad1d71a6a5dede45057?s=96&d=mm&r=g","contentUrl":"https:\/\/secure.gravatar.com\/avatar\/c82db564e8a669bf6023357a157b9dc4780f4d4c618f2ad1d71a6a5dede45057?s=96&d=mm&r=g","caption":"ckl"},"url":"https:\/\/cklcomunicaciones.es\/coop\/author\/cklcomunicaciones\/"}]}},"_links":{"self":[{"href":"https:\/\/cklcomunicaciones.es\/coop\/wp-json\/wp\/v2\/posts\/14331","targetHints":{"allow":["GET"]}}],"collection":[{"href":"https:\/\/cklcomunicaciones.es\/coop\/wp-json\/wp\/v2\/posts"}],"about":[{"href":"https:\/\/cklcomunicaciones.es\/coop\/wp-json\/wp\/v2\/types\/post"}],"author":[{"embeddable":true,"href":"https:\/\/cklcomunicaciones.es\/coop\/wp-json\/wp\/v2\/users\/3"}],"replies":[{"embeddable":true,"href":"https:\/\/cklcomunicaciones.es\/coop\/wp-json\/wp\/v2\/comments?post=14331"}],"version-history":[{"count":0,"href":"https:\/\/cklcomunicaciones.es\/coop\/wp-json\/wp\/v2\/posts\/14331\/revisions"}],"wp:featuredmedia":[{"embeddable":true,"href":"https:\/\/cklcomunicaciones.es\/coop\/wp-json\/wp\/v2\/media\/14333"}],"wp:attachment":[{"href":"https:\/\/cklcomunicaciones.es\/coop\/wp-json\/wp\/v2\/media?parent=14331"}],"wp:term":[{"taxonomy":"category","embeddable":true,"href":"https:\/\/cklcomunicaciones.es\/coop\/wp-json\/wp\/v2\/categories?post=14331"},{"taxonomy":"post_tag","embeddable":true,"href":"https:\/\/cklcomunicaciones.es\/coop\/wp-json\/wp\/v2\/tags?post=14331"}],"curies":[{"name":"wp","href":"https:\/\/api.w.org\/{rel}","templated":true}]}}