{"id":14299,"date":"2018-11-27T13:10:30","date_gmt":"2018-11-27T12:10:30","guid":{"rendered":"http:\/\/www.cklcomunicaciones.es\/?p=14299"},"modified":"2025-01-17T16:40:29","modified_gmt":"2025-01-17T15:40:29","slug":"noticias-info-ckl-no-2-241-27-11-18","status":"publish","type":"post","link":"https:\/\/cklcomunicaciones.es\/coop\/noticias-info-ckl-no-2-241-27-11-18\/","title":{"rendered":"Noticias Info CKL n\u00ba 2.241-27\/11\/18"},"content":{"rendered":"<div id=\"pl-14299\"  class=\"panel-layout\" >\n<div id=\"pg-14299-0\"  class=\"panel-grid panel-no-style\"  data-style=\"{&quot;background_image_attachment&quot;:false,&quot;background_display&quot;:&quot;tile&quot;,&quot;cell_alignment&quot;:&quot;flex-start&quot;}\" >\n<div id=\"pgc-14299-0-0\"  class=\"panel-grid-cell\"  data-weight=\"1\" >\n<div id=\"panel-14299-0-0-0\" class=\"so-panel widget widget_sow-editor panel-first-child panel-last-child\" data-index=\"0\" data-style=\"{&quot;background_image_attachment&quot;:false,&quot;background_display&quot;:&quot;tile&quot;}\" >\n<div class=\"so-widget-sow-editor so-widget-sow-editor-base\">\n<div class=\"siteorigin-widget-tinymce textwidget\">\n<p><img decoding=\"async\" class=\"lazyload  wp-image-13726\" src=\"http:\/\/www.cklcomunicaciones.es\/wp-content\/uploads\/2018\/03\/CKL_comunicacion-con-perspetiva-de-genero-300x300.jpg\" data-orig-src=\"http:\/\/www.cklcomunicaciones.es\/wp-content\/uploads\/2018\/03\/CKL_comunicacion-con-perspetiva-de-genero-300x300.jpg\" alt=\"CKL_comunicacion con perspetiva de genero\" width=\"132\" height=\"132\" srcset=\"data:image\/svg+xml,%3Csvg%20xmlns%3D%27http%3A%2F%2Fwww.w3.org%2F2000%2Fsvg%27%20width%3D%27132%27%20height%3D%27132%27%20viewBox%3D%270%200%20132%20132%27%3E%3Crect%20width%3D%27132%27%20height%3D%27132%27%20fill-opacity%3D%220%22%2F%3E%3C%2Fsvg%3E\" data-srcset=\"https:\/\/cklcomunicaciones.es\/coop\/wp-content\/uploads\/2018\/03\/CKL_comunicacion-con-perspetiva-de-genero-150x150.jpg 150w, https:\/\/cklcomunicaciones.es\/coop\/wp-content\/uploads\/2018\/03\/CKL_comunicacion-con-perspetiva-de-genero-300x300.jpg 300w, https:\/\/cklcomunicaciones.es\/coop\/wp-content\/uploads\/2018\/03\/CKL_comunicacion-con-perspetiva-de-genero-450x450.jpg 450w, https:\/\/cklcomunicaciones.es\/coop\/wp-content\/uploads\/2018\/03\/CKL_comunicacion-con-perspetiva-de-genero.jpg 500w\" data-sizes=\"auto\" data-orig-sizes=\"(max-width: 132px) 100vw, 132px\" \/><\/p>\n<p id=\":f2\" class=\"hP\" tabindex=\"-1\" data-thread-perm-id=\"thread-f:1618194769877305848\" data-legacy-thread-id=\"1674fb91d3ee89f8\"><strong>OIT: Las mujeres cobran un 20% menos que los hombres-M\u00aa Jes\u00fas Catal\u00e1, directora CaixaBank en Andaluc\u00eda-El feminismo se levanta contra la prostituci\u00f3n\/vientres de alquiler-Sor Juana In\u00e9s de la Cruz, mujer ilustre <\/strong><\/p>\n<p>[toggle type=\u00bbfirst\u00bb title=\u00bbConvocatorias\u00bb]<\/p>\n<ul>\n<li>Exposici\u00f3n \u201cLa Mujer en el Sur\u201d. Un proyecto de Asamblea de Cooperaci\u00f3n por la Paz para promover la igualdad de g\u00e9nero. Sevilla, Centro C\u00edvico Su Eminencia (Avda. de la Plata, s\/n, Sevilla) del 26 de noviembre al 10 de diciembre de 2018. La exposici\u00f3n se acompa\u00f1a de un documental que se puede ver el martes 27 a las 11.30h, mi\u00e9rcoles 28 y jueves 29 a las 18.30h.<\/li>\n<\/ul>\n<p><strong>\u00a0<\/strong>[\/toggle]<\/p>\n<p>[toggle type=\u00bbfirst\u00bb title=\u00bbComunicaci\u00f3n\u00bb]<\/p>\n<p><a href=\"https:\/\/www.laopiniondemalaga.es\/malaga\/2018\/11\/27\/violencia-genero-medios-comunicacion\/1050240.html\">La violencia de g\u00e9nero y los medios de comunicaci\u00f3n<\/a>&#8211; La Opini\u00f3n de M\u00e1laga<\/p>\n<p><a href=\"https:\/\/www.google.com\/url?sa=t&amp;rct=j&amp;q=&amp;esrc=s&amp;source=newssearch&amp;cd=3&amp;ved=0ahUKEwjEv5D3vfTeAhWHxoUKHeAYAUYQqQIILigAMAI&amp;url=https%3A%2F%2Fwww.codigonuevo.com%2Ffeminismo%2Frae-mantendra-masculino-generico-excluye-mujer&amp;usg=AOvVaw1-UbxQlArpcuBJ-DEzSL46\">La RAE mantendr\u00e1 el masculino gen\u00e9rico porque \u00abno excluye a la mujer &#8230;<\/a>&#8211; C\u00f3digo Nuevo<\/p>\n<p><a href=\"https:\/\/www.google.com\/url?sa=t&amp;rct=j&amp;q=&amp;esrc=s&amp;source=newssearch&amp;cd=11&amp;ved=0ahUKEwjSx9mlvvTeAhUmzIUKHTWgCJE4ChCpAggmKAAwAA&amp;url=https%3A%2F%2Fwww.servimedia.es%2Fnoticias%2F1095364&amp;usg=AOvVaw2IK5P6Xct20izk8xP8olhz\">La RAE aprobar\u00e1 el jueves el informe sobre lenguaje no sexista en la &#8230;<\/a>&#8211; Servimedia<\/p>\n<p><a href=\"https:\/\/www.applesfera.com\/general\/apple-lanza-programa-desarrollo-aplicaciones-para-mujeres-empresarias\">Apple lanza un programa de desarrollo de aplicaciones para mujeres &#8230;<\/a>&#8211; Applesfera<\/p>\n<p><a href=\"https:\/\/elpais.com\/tecnologia\/2018\/11\/26\/actualidad\/1543251718_337745.html\">La inteligencia artificial que puede ayudarte a conseguir empleos digitales<\/a> \u2013 El Pa\u00eds<\/p>\n<p><a href=\"https:\/\/ctxt.es\/es\/20181121\/Culturas\/22990\/redes-sociales-influencers-ciencia-raquel-alvarez.htm\">La ciencia de las redes sociales &#8211; P\u00fablico<br \/>\n<\/a>[\/toggle]<\/p>\n<p>[toggle type=\u00bbfirst\u00bb title=\u00bbAndaluc\u00eda\u00bb]<\/p>\n<p><strong>Econom\u00eda y Empresas<\/strong><\/p>\n<p><a href=\"http:\/\/www.juntadeandalucia.es\/presidencia\/portavoz\/138934\/JuntadeAndalucia\/ConsejeriadeConocimiento\/Universidad\/Empresa\/Investigacion\">G\u00e1lvez, Consejera de Conocimiento, Investigaci\u00f3n y Universidad aboga por una 4\u00aa Revoluci\u00f3n Industrial a trav\u00e9s de la universidad y la empresa<\/a> \u2013 Oficina del Portavoz<\/p>\n<p><a href=\"https:\/\/www.eldiario.es\/economia\/Maria-Catala-CaixaBank-Andalucia-Occidental_0_840266140.html\">Mar\u00eda Jes\u00fas Catal\u00e1, nueva directora de CaixaBank en Andaluc\u00eda &#8230;<\/a>&#8211; <a href=\"http:\/\/eldiario.es\">eldiario.es<\/a><\/p>\n<p><a href=\"https:\/\/www.elconfidencial.com\/elecciones-andalucia\/2018-11-27\/la-revolucion-de-las-andaluzas-en-tres-generaciones-del-campo-a-las-aulas_1666066\/\">La revoluci\u00f3n de la mujer andaluza en tres generaciones: del campo &#8230;<\/a>&#8211; El Confidencial<\/p>\n<p><a href=\"https:\/\/www.google.com\/url?sa=t&amp;rct=j&amp;q=&amp;esrc=s&amp;source=newssearch&amp;cd=14&amp;ved=0ahUKEwiawZbjtfTeAhXp4IUKHUkOCpQ4ChCpAggwKAAwAw&amp;url=https%3A%2F%2Fwww.eldiario.es%2Fplanigualdad%2Fpropuestas-brecha-salarial_6_837526240.html&amp;usg=AOvVaw2eIBQzEQUo00cDxSZOgten\">32 soluciones contra la brecha salarial<\/a> &#8211; <a href=\"http:\/\/eldiario.es\">eldiario.es<\/a><\/p>\n<p><a href=\"http:\/\/www.juntadeandalucia.es\/presidencia\/portavoz\/138930\/Europa\/comisioneuropea\/Andalucia\/Agricultura\/agroalimentario\/campo\/innovacion\/empleo\/Cordoba\">Europa reconoce el liderazgo de Andaluc\u00eda en la revoluci\u00f3n digital del tejido agroalimentario<\/a>\u2013 Oficina del Portavoz<\/p>\n<p><strong>Actualidad<\/strong><\/p>\n<p><a href=\"http:\/\/www.juntadeandalucia.es\/presidencia\/portavoz\/138958\/UAL\/UGR\/Granada\/Almeria\/universidad\/nombramiento\/consejosocial\/Gobierno\/Andalucia\">M\u00aa del Mar Ayala y Mercedes Mart\u00edn, nuevas vocales de los Consejos Sociales de las universidades de Almer\u00eda y Granada<\/a> \u2013 Oficina del Portavoz<\/p>\n<p><a href=\"https:\/\/www.google.com\/url?sa=t&amp;rct=j&amp;q=&amp;esrc=s&amp;source=newssearch&amp;cd=15&amp;ved=0ahUKEwiawZbjtfTeAhXp4IUKHUkOCpQ4ChCpAggzKAAwBA&amp;url=https%3A%2F%2Fwww.europapress.es%2Fandalucia%2Ffundacion-unicaja-01059%2Fnoticia-refuerzan-apoyo-asistencia-mujeres-tratamiento-rehabilitacion-adicciones-granada-20181126171228.html&amp;usg=AOvVaw3-WdV_RTNXqDEDYYaIKQ8C\">Refuerzan el apoyo a la asistencia a mujeres en tratamiento de rehabilitaci\u00f3n de adicciones&#8230;<\/a>&#8211; Europa Press<\/p>\n<p><a href=\"https:\/\/www.europapress.es\/andalucia\/fundacion-cajasol-00621\/noticia-fundacion-cajasol-colabora-formacion-jovenes-andaluces-sector-aeronautico-20181126182702.html\">La Fundaci\u00f3n Cajasol colabora en la formaci\u00f3n de j\u00f3venes andaluces &#8230;<\/a>&#8211; Europa Press<\/p>\n<p><a href=\"http:\/\/www.juntadeandalucia.es\/presidencia\/portavoz\/138957\/Andalucia\/cooperacion\/ONU\/AACID\/desarrollo\/paises\/internacional\/Igualdad\/PoliticasSociales\">Refuerzo de la cooperaci\u00f3n internacional con la ONU y las universidades<\/a> \u2013 Oficina del Portavoz<strong>\u00a0<\/strong><\/p>\n<p><strong>Violencias<\/strong><\/p>\n<p><a href=\"https:\/\/www.europapress.es\/andalucia\/sevilla-00357\/noticia-ayuntamiento-sevilla-programa-piezas-cortas-teatro-igualdad-lineas-transporte-publico-25n-20181126171932.html\">Ayuntamiento de Sevilla programa en piezas cortas de teatro por la &#8230;<\/a>&#8211; Europa Press<\/p>\n<p><a href=\"https:\/\/www.google.com\/url?rct=j&amp;sa=t&amp;url=https:\/\/www.20minutos.es\/noticia\/3501954\/0\/velez-malaga-continua-con-actividades-reivindicativas-contra-violencia-hacia-mujer\/&amp;ct=ga&amp;cd=CAEYACoTNjE4NTIzODAwMjYyNjQwNTQwMTIZZTFlNzdkMTU2MDk4YThlMzplczplczpFUw&amp;usg=AFQjCNFrUbAS3w_s3mUu8t4bjLX0cBa2ZA\">V\u00e9lez-M\u00e1laga contin\u00faa con las actividades reivindicativas contra la violencia hacia la mujer <\/a>&#8211; <a href=\"http:\/\/20minutos.es\">20minutos.es<\/a><\/p>\n<p><a href=\"http:\/\/www.elmundo.es\/andalucia\/2018\/11\/26\/5bfbca2e468aebc81f8b459e.html\">La Polic\u00eda Nacional desarticula en M\u00e1laga una red de prostituci\u00f3n y libera a 13 mujeres nigerianas<\/a> \u2013 El Mundo<\/p>\n<p><strong>Ciencia y Cultura<\/strong><\/p>\n<p><a href=\"https:\/\/www.ideal.es\/miugr\/pilar-aranda-representa-ugr-rectoras-20181126192028-nt.html\">Pilar Aranda representa a la UGR en la I Cumbre de Rectoras, que &#8230;<\/a>&#8211; Ideal Digital<\/p>\n<p><a href=\"http:\/\/www.elmundo.es\/comunidad-valenciana\/castellon\/2018\/11\/26\/5bfbaaab22601d09718b45c8.html\">Martirio, m\u00e1s all\u00e1 de las gafas oscuras, en la Fundaci\u00f3n Caja Castell\u00f3n<\/a> \u2013 El Mundo<\/p>\n<p><a href=\"http:\/\/www.mujeremprendedora.net\/la-cantante-compositora-y-actriz-malaguena-julia-martin-presenta-s-u-p-e-r-r-e-a-l\/\">La cantante, compositora y actriz malague\u00f1a Julia Mart\u00edn presenta S.U.P.E.R.R.E.A.L \u2026<\/a> -Mujeremprendedora.net<\/p>\n<p><a href=\"https:\/\/www.elmundo.es\/papel\/cultura\/2018\/11\/27\/5bfbebb0e2704e92ab8b45b3.html\">Paz Vega: \u00abMe averg\u00fcenza lo de los ERE. \u00bfC\u00f3mo han podido robar tantos a\u00f1os?\u00bb<\/a> \u2013 El Mundo<\/p>\n<p><strong>Deporte<\/strong><\/p>\n<p><a href=\"https:\/\/www.malagahoy.es\/deportes\/Solheim-Cup-Costa-Sol-2023_0_1303970073.html\">La Solheim Cup 2023, cerca de M\u00e1laga<\/a> &#8211; M\u00e1laga Hoy<\/p>\n<p><a href=\"https:\/\/lacontradejaen.com\/cantera-andaluza-hockey-alcala\/\">La cantera andaluza<em> d<\/em>el hockey competir\u00e1 en Alcal\u00e1<\/a>&#8211; Lacontradejaen<\/p>\n<p>[\/toggle]<\/p>\n<p>[toggle type=\u00bbfirst\u00bb title=\u00bbEstado\u00bb]<\/p>\n<p><strong>Institucional<\/strong><\/p>\n<p><a href=\"https:\/\/www.google.com\/url?sa=t&amp;rct=j&amp;q=&amp;esrc=s&amp;source=newssearch&amp;cd=74&amp;ved=0ahUKEwj55tS4tvTeAhVQYxoKHeEaB344RhCpAggwKAAwAw&amp;url=https%3A%2F%2Fwww.heraldo.es%2Fnoticias%2Faragon%2Fzaragoza%2F2018%2F11%2F26%2Fmargarita-robles-apuesta-por-una-mayor-presencia-mujeres-ejercito-1279851-2261126.html&amp;usg=AOvVaw3bDreR6I_JE9kFxBUP5d1u\">Margarita Robles, Ministra de Defensa apuesta por una mayor presencia de mujeres en el Ejercito&#8230;<\/a>&#8211; Heraldo.es<strong>\u00a0<\/strong><\/p>\n<p><strong>Institucional-CCAA<\/strong><\/p>\n<p><a href=\"https:\/\/www.google.com\/url?rct=j&amp;sa=t&amp;url=http:\/\/www.lacerca.com\/noticias\/castilla_la_mancha\/consejo-regional-mujeres-da-visto-bueno-estatuto-rurales-446667-1.html&amp;ct=ga&amp;cd=CAEYAioUMTY3NTA1MTUxOTkxOTUzMTIyNzUyGWMwMzcyZWJjMmZlYWRhNTk6ZXM6ZXM6RVM&amp;usg=AFQjCNEnw9EtinD0VUVXq9l2C6UZVnB3kw\">El Consejo Regional de las Mujeres da el visto bueno al Estatuto de las Mujeres Rurales<\/a> &#8211; La Cerca<\/p>\n<p><a href=\"https:\/\/www.google.com\/url?rct=j&amp;sa=t&amp;url=https:\/\/www.lavozdelanzarote.com\/articulo\/politica\/cabildo-organiza-nueva-edicion-exitoso-programa-educando-justicia-igualitaria\/20181126151359133488.html&amp;ct=ga&amp;cd=CAEYAioTNjE4NTIzODAwMjYyNjQwNTQwMTIZZTFlNzdkMTU2MDk4YThlMzplczplczpFUw&amp;usg=AFQjCNGb50YzqGakiHQQzG6hOOIDqrDkDg\">Arranca en Lanzarote una nueva edici\u00f3n del Programa &#8216;Educando en Justicia Igualitaria&#8217;<\/a>&#8211; La Voz de Lanzarote<\/p>\n<p><strong>Ec<\/strong><strong>onom\u00eda y Empresa<\/strong><\/p>\n<p><a href=\"https:\/\/www.publico.es\/economia\/salarios-retrocedieron-2017-mujeres-ganan-menos-hombres.html\">Los salarios retrocedieron un 1,8% en 2017 mientras que las mujeres ganan un 15% menos que los hombres<\/a> &#8211; P\u00fablico<\/p>\n<p><a href=\"http:\/\/www.mujeremprendedora.net\/fondo-venture-capital-para-companias-tecnologicas-lideradas-por-mujeres-red-capital-partners-emea\/\">Un fondo de venture capital\u00a0para compa\u00f1\u00edas tecnol\u00f3gicas lideradas por mujeres<\/a> \u2013 Mujeremprendedora.net<\/p>\n<p><a href=\"https:\/\/www.google.com\/url?rct=j&amp;sa=t&amp;url=https:\/\/www.eleconomista.es\/ecoaula\/noticias\/9543739\/11\/18\/8-de-cada-10-profesores-de-espanol-que-imparten-en-el-extranjero-son-millennials-y-mujeres.html&amp;ct=ga&amp;cd=CAEYASoUMTY5NzU4NTc5OTkxMDI3OTgxOTMyGWMwMzcyZWJjMmZlYWRhNTk6ZXM6ZXM6RVM&amp;usg=AFQjCNFGRE2LoZFUMyqHLVVvAssZuVIrtg\">8 de cada 10 profesores de espa\u00f1ol que imparten en el extranjero son millennials y mujeres <\/a>&#8211; elEconomista.es<\/p>\n<p><strong>Actualidad<\/strong><strong>\u00a0\u00a0\u00a0<\/strong><\/p>\n<p><a href=\"https:\/\/www.publico.es\/sociedad\/femen-absueltas-activistas-femen-encadenaron-altar-almudena.html\">Absueltas las dos activistas de Femen que se encadenaron al altar de la Almudena<\/a> &#8211; P\u00fablico<\/p>\n<p><a href=\"http:\/\/www.elmundo.es\/espana\/2018\/11\/26\/5bfaf89646163f2c328b4589.html\">El feminismo se levanta contra la prostituci\u00f3n y los vientres de alquiler<\/a> \u2013 El Mundo<\/p>\n<p><a href=\"http:\/\/diario16.com\/35-000-euros-pagan-mujeres-nigerianas-llegar-espana-luego-estar-condenadas-prostituirse\/\">\u201cHasta 35.000 euros pagan nigerianas por llegar a Espa\u00f1a &#8230;<\/a>&#8211; Diario16<\/p>\n<p><strong>Violencia<\/strong><\/p>\n<p><a href=\"https:\/\/www.20minutos.es\/noticia\/3500167\/0\/proteccion-victimas-vg-jueza-esperanza-fernandez\/\">Esperanza Fern\u00e1ndez, jueza de violencia de g\u00e9nero<em>:<\/em> \u00abLa orden de protecci\u00f3n deber\u00eda vincularse al riesgo no al delito\u201d &#8230;<\/a>&#8211; 20minutos.es<strong>\u00a0<\/strong><\/p>\n<p><strong>Ciencia y Cultura<\/strong><\/p>\n<p><a href=\"https:\/\/www.publico.es\/sociedad\/educacion-rectoras-espanolas-suman-fuerzas-construir-liderazgo-femenino-sistema-universitario.html\">Las rectoras suman fuerzas para construir un liderazgo femenino en el sistema universitario<\/a> &#8211; P\u00fablico<\/p>\n<p><a href=\"https:\/\/www.abc.es\/familia\/mujeres\/abci-mujeres-y-universidad-suponen-60-ciento-estudiantes-pero-solo-20-altos-cargos-201811270321_noticia.html\">Las mujeres y la universidad: suponen el 60 por ciento de los estudiantes&#8230;<\/a>&#8211; Abc.es<\/p>\n<p><a href=\"https:\/\/www.google.com\/url?rct=j&amp;sa=t&amp;url=https:\/\/www.eldiario.es\/cultura\/Mujeres-cineastas-debate-constructivo-Dolera-Clotet_0_839916236.html&amp;ct=ga&amp;cd=CAEYCioUMTY3NTA1MTUxOTkxOTUzMTIyNzUyGWMwMzcyZWJjMmZlYWRhNTk6ZXM6ZXM6RVM&amp;usg=AFQjCNG8Oe0pBZKBH_JFhqz4rb6fyAPb4A\">Mujeres cineastas piden un debate constructivo sobre el caso Dolera-Clotet <\/a>&#8211; <a href=\"http:\/\/eldiario.es\">eldiario.es<\/a><\/p>\n<p><a href=\"https:\/\/www.google.com\/url?sa=t&amp;rct=j&amp;q=&amp;esrc=s&amp;source=newssearch&amp;cd=33&amp;ved=0ahUKEwjT492ks_TeAhUSThoKHTEJAWo4HhCpAggtKAAwAg&amp;url=https%3A%2F%2Fwww.abc.es%2Fcultura%2Fcultural%2Fabci-alicia-framis-peores-enemigas-mujeres-somos-mismas-mujeres-201811270233_noticia.html&amp;usg=AOvVaw1NbSi7v3gptLeIfmDz3nqF\">Alicia Framis: \u00abLas peores enemigas de las mujeres somos las &#8230;<\/a>&#8211; Abc.es<\/p>\n<p><strong>Deporte\u00a0\u00a0<\/strong><\/p>\n<p><a href=\"https:\/\/www.abc.es\/deportes\/abci-natacion-mireia-belmonte-no-capaz-dejar-natacion-espero-no-retirarme-nunca-201811271152_noticia.html\">Mireia Belmonte: \u00abNo me veo capaz de dejar la nataci\u00f3n, espero no &#8230;<\/a>&#8211; Abc.es<\/p>\n<p><a href=\"https:\/\/www.practicodeporte.com\/sub17-femenina-mundial\/\">La sub-17 femenina se cita con la historia en las semifinales del Mundial<\/a>&#8211; Practico deporte<\/p>\n<p><a href=\"https:\/\/www.elcorreo.com\/deporte-femenino-alava\/otros-deportes\/irantzu-garcia-garayo-20181126202654-nt.html\">Irantzu Garc\u00eda de Garayo, plata en el Europeo sub&#8217;21 de Hungr\u00eda<\/a>&#8211; El Correo<\/p>\n<p><a href=\"https:\/\/www.google.com\/url?sa=t&amp;rct=j&amp;q=&amp;esrc=s&amp;source=newssearch&amp;cd=22&amp;ved=0ahUKEwiRx-vkvvTeAhULfBoKHcPxBys4FBCpAggqKAAwAQ&amp;url=https%3A%2F%2Fas.com%2Fmotor%2F2018%2F11%2F26%2Fmotociclismo%2F1543256952_337867.html&amp;usg=AOvVaw1tbp7-kDMNlt-JFVdYXmHc\">Ana Carrasco: \u201cGanar el t\u00edtulo me ha hecho ser conocida a nivel social, m\u00e1s all\u00e1 del &#8230;<\/a>&#8211; As<\/p>\n<p>[\/toggle]<\/p>\n<p>[toggle type=\u00bbfirst\u00bb title=\u00bbInternacional\u00bb]<\/p>\n<p><a href=\"http:\/\/www.ambito.com\/940538-las-mujeres-cobran-un-20-menos-que-los-hombres-segun-la-oit\">Las mujeres cobran un 20% menos que los hombres, seg\u00fan la OIT<\/a>&#8211; Ambito.com<\/p>\n<p><a href=\"http:\/\/www.mujeremprendedora.net\/foro-de-mujeres-lideres-mundiales-en-islandia\/\">Foro de mujeres l\u00edderes mundiales en Islandia<\/a> \u2013 Mujeremprendedora.net<\/p>\n<p><a href=\"https:\/\/www.excelsior.com.mx\/global\/islandia-exige-salarios-igualitarios-para-hombres-y-mujeres\/1280885\">Islandia exige salarios igualitarios para hombres y mujeres<\/a>&#8211; Exc\u00e9lsior<\/p>\n<p><a href=\"https:\/\/www.google.com\/url?sa=t&amp;rct=j&amp;q=&amp;esrc=s&amp;source=newssearch&amp;cd=53&amp;ved=0ahUKEwjqgu_6s_TeAhWQx4UKHV4FCJI4MhCpAggtKAAwAg&amp;url=https%3A%2F%2Fwww.plataformaarquitectura.cl%2Fcl%2F906608%2Fsiete-mujeres-influyentes-e-innovadoras-de-la-bauhaus&amp;usg=AOvVaw0VBHIZfP3iLshUeR-Pzlqr\">Siete mujeres<em> i<\/em>nfluyentes e innovadoras de la Bauhaus<\/a>&#8211; Plataforma Arquitectura<\/p>\n<p><a href=\"http:\/\/www.elmundo.es\/ciencia-y-salud\/salud\/2018\/11\/27\/5bfd0c5c21efa0ca7f8b4578.html\">Francia recetar\u00e1 los preservativos para luchar contra el sida<\/a><\/p>\n<p><a href=\"http:\/\/spanish.xinhuanet.com\/2018-11\/27\/c_137633119.htm\">Presidente de Bolivia anuncia gabinete especial contra violencia a &#8230;<\/a>&#8211; Xinhua<\/p>\n<p><a href=\"https:\/\/www.google.com\/url?rct=j&amp;sa=t&amp;url=https:\/\/www.lavanguardia.com\/politica\/20181126\/453191777572\/onu-mujeres-mexico-tiene-alto-nivel-de-tolerancia-a-la-violencia-machista.html&amp;ct=ga&amp;cd=CAEYACoUMTY5NzU4NTc5OTkxMDI3OTgxOTMyGWMwMzcyZWJjMmZlYWRhNTk6ZXM6ZXM6RVM&amp;usg=AFQjCNGGekkx9B10BytmIscu77k2yfA7Nw\">ONU Mujeres: M\u00e9xico tiene alto nivel de tolerancia a la violencia machista <\/a>&#8211; La Vanguardia<\/p>\n<p><a href=\"https:\/\/www.muyinteresante.com.mx\/historia\/declaran-mujer-ilustre-sor-juana-ines\/\">Declaran mujer ilustre a Sor Juana In\u00e9s de la Cruz<\/a>&#8211; Muy Interesante<\/p>\n<p><a href=\"http:\/\/www.librujula.com\/actualidad\/2292-caroline-lamarche-una-autora-por-descubrir\">Caroline Lamarche. una autora por descubrir<\/a> &#8211; P\u00fablico<\/p>\n<p><a href=\"https:\/\/elpais.com\/deportes\/2018\/11\/26\/actualidad\/1543234943_815795.html\">Miranda Merron, a bordo del \u2018Campagne france\u2019, primera mujer que termina la regata en solitario<\/a> \u2013 El Pa\u00eds<\/p>\n<p>[\/toggle]<\/p>\n<\/div>\n<\/div>\n<\/div>\n<\/div>\n<\/div>\n<\/div>\n","protected":false},"excerpt":{"rendered":"<p>OIT: Las mujeres cobran un 20% menos que los hombres-M\u00aa <a href=\"https:\/\/cklcomunicaciones.es\/coop\/noticias-info-ckl-no-2-241-27-11-18\/\">[&#8230;]<\/a><\/p>\n","protected":false},"author":3,"featured_media":0,"comment_status":"closed","ping_status":"closed","sticky":false,"template":"","format":"standard","meta":{"footnotes":""},"categories":[298,623],"tags":[],"class_list":["post-14299","post","type-post","status-publish","format-standard","hentry","category-newsletter","category-nwl-2-0"],"yoast_head":"<!-- This site is optimized with the Yoast SEO plugin v27.5 - https:\/\/yoast.com\/product\/yoast-seo-wordpress\/ -->\n<title>Noticias Info CKL n\u00ba 2.241-27\/11\/18-Comunica con perspectiva de g\u00e9nero<\/title>\n<meta name=\"description\" content=\"Comunicar con perspectiva de g\u00e9nero: OIT: Las mujeres cobran un 20% menos que los hombres-M\u00aa Jes\u00fas Catal\u00e1, directora CaixaBank en Andaluc\u00eda-El feminismo se levanta contra la prostituci\u00f3n\/vientres de alquiler-Sor Juana In\u00e9s de la Cruz, mujer ilustre\" \/>\n<meta name=\"robots\" content=\"index, follow, max-snippet:-1, max-image-preview:large, max-video-preview:-1\" \/>\n<link rel=\"canonical\" href=\"https:\/\/cklcomunicaciones.es\/coop\/noticias-info-ckl-no-2-241-27-11-18\/\" \/>\n<meta property=\"og:locale\" content=\"es_ES\" \/>\n<meta property=\"og:type\" content=\"article\" \/>\n<meta property=\"og:title\" content=\"Noticias Info CKL n\u00ba 2.241-27\/11\/18-Comunica con perspectiva de g\u00e9nero\" \/>\n<meta property=\"og:description\" content=\"Comunicar con perspectiva de g\u00e9nero: OIT: Las mujeres cobran un 20% menos que los hombres-M\u00aa Jes\u00fas Catal\u00e1, directora CaixaBank en Andaluc\u00eda-El feminismo se levanta contra la prostituci\u00f3n\/vientres de alquiler-Sor Juana In\u00e9s de la Cruz, mujer ilustre\" \/>\n<meta property=\"og:url\" content=\"https:\/\/cklcomunicaciones.es\/coop\/noticias-info-ckl-no-2-241-27-11-18\/\" \/>\n<meta property=\"og:site_name\" content=\"CKL Comunicaciones\" \/>\n<meta property=\"article:published_time\" content=\"2018-11-27T12:10:30+00:00\" \/>\n<meta property=\"article:modified_time\" content=\"2025-01-17T15:40:29+00:00\" \/>\n<meta property=\"og:image\" content=\"https:\/\/cklcomunicaciones.es\/coop\/wp-content\/uploads\/2018\/03\/CKL_comunicacion-con-perspetiva-de-genero.jpg\" \/>\n\t<meta property=\"og:image:width\" content=\"500\" \/>\n\t<meta property=\"og:image:height\" content=\"500\" \/>\n\t<meta property=\"og:image:type\" content=\"image\/jpeg\" \/>\n<meta name=\"author\" content=\"ckl\" \/>\n<meta name=\"twitter:card\" content=\"summary_large_image\" \/>\n<meta name=\"twitter:label1\" content=\"Escrito por\" \/>\n\t<meta name=\"twitter:data1\" content=\"ckl\" \/>\n\t<meta name=\"twitter:label2\" content=\"Tiempo de lectura\" \/>\n\t<meta name=\"twitter:data2\" content=\"5 minutos\" \/>\n<script type=\"application\/ld+json\" class=\"yoast-schema-graph\">{\"@context\":\"https:\\\/\\\/schema.org\",\"@graph\":[{\"@type\":\"Article\",\"@id\":\"https:\\\/\\\/cklcomunicaciones.es\\\/coop\\\/noticias-info-ckl-no-2-241-27-11-18\\\/#article\",\"isPartOf\":{\"@id\":\"https:\\\/\\\/cklcomunicaciones.es\\\/coop\\\/noticias-info-ckl-no-2-241-27-11-18\\\/\"},\"author\":{\"name\":\"ckl\",\"@id\":\"https:\\\/\\\/cklcomunicaciones.es\\\/coop\\\/#\\\/schema\\\/person\\\/929a6837f7626450bbb50cee1aef266e\"},\"headline\":\"Noticias Info CKL n\u00ba 2.241-27\\\/11\\\/18\",\"datePublished\":\"2018-11-27T12:10:30+00:00\",\"dateModified\":\"2025-01-17T15:40:29+00:00\",\"mainEntityOfPage\":{\"@id\":\"https:\\\/\\\/cklcomunicaciones.es\\\/coop\\\/noticias-info-ckl-no-2-241-27-11-18\\\/\"},\"wordCount\":968,\"image\":{\"@id\":\"https:\\\/\\\/cklcomunicaciones.es\\\/coop\\\/noticias-info-ckl-no-2-241-27-11-18\\\/#primaryimage\"},\"thumbnailUrl\":\"http:\\\/\\\/www.cklcomunicaciones.es\\\/wp-content\\\/uploads\\\/2018\\\/03\\\/CKL_comunicacion-con-perspetiva-de-genero-300x300.jpg\",\"articleSection\":[\"Newsletter\",\"Nwl v2.0\"],\"inLanguage\":\"es\"},{\"@type\":\"WebPage\",\"@id\":\"https:\\\/\\\/cklcomunicaciones.es\\\/coop\\\/noticias-info-ckl-no-2-241-27-11-18\\\/\",\"url\":\"https:\\\/\\\/cklcomunicaciones.es\\\/coop\\\/noticias-info-ckl-no-2-241-27-11-18\\\/\",\"name\":\"Noticias Info CKL n\u00ba 2.241-27\\\/11\\\/18-Comunica con perspectiva de g\u00e9nero\",\"isPartOf\":{\"@id\":\"https:\\\/\\\/cklcomunicaciones.es\\\/coop\\\/#website\"},\"primaryImageOfPage\":{\"@id\":\"https:\\\/\\\/cklcomunicaciones.es\\\/coop\\\/noticias-info-ckl-no-2-241-27-11-18\\\/#primaryimage\"},\"image\":{\"@id\":\"https:\\\/\\\/cklcomunicaciones.es\\\/coop\\\/noticias-info-ckl-no-2-241-27-11-18\\\/#primaryimage\"},\"thumbnailUrl\":\"http:\\\/\\\/www.cklcomunicaciones.es\\\/wp-content\\\/uploads\\\/2018\\\/03\\\/CKL_comunicacion-con-perspetiva-de-genero-300x300.jpg\",\"datePublished\":\"2018-11-27T12:10:30+00:00\",\"dateModified\":\"2025-01-17T15:40:29+00:00\",\"author\":{\"@id\":\"https:\\\/\\\/cklcomunicaciones.es\\\/coop\\\/#\\\/schema\\\/person\\\/929a6837f7626450bbb50cee1aef266e\"},\"description\":\"Comunicar con perspectiva de g\u00e9nero: OIT: Las mujeres cobran un 20% menos que los hombres-M\u00aa Jes\u00fas Catal\u00e1, directora CaixaBank en Andaluc\u00eda-El feminismo se levanta contra la prostituci\u00f3n\\\/vientres de alquiler-Sor Juana In\u00e9s de la Cruz, mujer ilustre\",\"breadcrumb\":{\"@id\":\"https:\\\/\\\/cklcomunicaciones.es\\\/coop\\\/noticias-info-ckl-no-2-241-27-11-18\\\/#breadcrumb\"},\"inLanguage\":\"es\",\"potentialAction\":[{\"@type\":\"ReadAction\",\"target\":[\"https:\\\/\\\/cklcomunicaciones.es\\\/coop\\\/noticias-info-ckl-no-2-241-27-11-18\\\/\"]}]},{\"@type\":\"ImageObject\",\"inLanguage\":\"es\",\"@id\":\"https:\\\/\\\/cklcomunicaciones.es\\\/coop\\\/noticias-info-ckl-no-2-241-27-11-18\\\/#primaryimage\",\"url\":\"http:\\\/\\\/www.cklcomunicaciones.es\\\/wp-content\\\/uploads\\\/2018\\\/03\\\/CKL_comunicacion-con-perspetiva-de-genero-300x300.jpg\",\"contentUrl\":\"http:\\\/\\\/www.cklcomunicaciones.es\\\/wp-content\\\/uploads\\\/2018\\\/03\\\/CKL_comunicacion-con-perspetiva-de-genero-300x300.jpg\"},{\"@type\":\"BreadcrumbList\",\"@id\":\"https:\\\/\\\/cklcomunicaciones.es\\\/coop\\\/noticias-info-ckl-no-2-241-27-11-18\\\/#breadcrumb\",\"itemListElement\":[{\"@type\":\"ListItem\",\"position\":1,\"name\":\"Portada\",\"item\":\"https:\\\/\\\/cklcomunicaciones.es\\\/coop\\\/\"},{\"@type\":\"ListItem\",\"position\":2,\"name\":\"Noticias Info CKL n\u00ba 2.241-27\\\/11\\\/18\"}]},{\"@type\":\"WebSite\",\"@id\":\"https:\\\/\\\/cklcomunicaciones.es\\\/coop\\\/#website\",\"url\":\"https:\\\/\\\/cklcomunicaciones.es\\\/coop\\\/\",\"name\":\"CKL Comunicaciones\",\"description\":\"Sitio web de CKL Comunicaciones coop , la consultora de comunicaci\u00f3n y estrategia\",\"potentialAction\":[{\"@type\":\"SearchAction\",\"target\":{\"@type\":\"EntryPoint\",\"urlTemplate\":\"https:\\\/\\\/cklcomunicaciones.es\\\/coop\\\/?s={search_term_string}\"},\"query-input\":{\"@type\":\"PropertyValueSpecification\",\"valueRequired\":true,\"valueName\":\"search_term_string\"}}],\"inLanguage\":\"es\"},{\"@type\":\"Person\",\"@id\":\"https:\\\/\\\/cklcomunicaciones.es\\\/coop\\\/#\\\/schema\\\/person\\\/929a6837f7626450bbb50cee1aef266e\",\"name\":\"ckl\",\"image\":{\"@type\":\"ImageObject\",\"inLanguage\":\"es\",\"@id\":\"https:\\\/\\\/secure.gravatar.com\\\/avatar\\\/c82db564e8a669bf6023357a157b9dc4780f4d4c618f2ad1d71a6a5dede45057?s=96&d=mm&r=g\",\"url\":\"https:\\\/\\\/secure.gravatar.com\\\/avatar\\\/c82db564e8a669bf6023357a157b9dc4780f4d4c618f2ad1d71a6a5dede45057?s=96&d=mm&r=g\",\"contentUrl\":\"https:\\\/\\\/secure.gravatar.com\\\/avatar\\\/c82db564e8a669bf6023357a157b9dc4780f4d4c618f2ad1d71a6a5dede45057?s=96&d=mm&r=g\",\"caption\":\"ckl\"},\"url\":\"https:\\\/\\\/cklcomunicaciones.es\\\/coop\\\/author\\\/cklcomunicaciones\\\/\"}]}<\/script>\n<!-- \/ Yoast SEO plugin. -->","yoast_head_json":{"title":"Noticias Info CKL n\u00ba 2.241-27\/11\/18-Comunica con perspectiva de g\u00e9nero","description":"Comunicar con perspectiva de g\u00e9nero: OIT: Las mujeres cobran un 20% menos que los hombres-M\u00aa Jes\u00fas Catal\u00e1, directora CaixaBank en Andaluc\u00eda-El feminismo se levanta contra la prostituci\u00f3n\/vientres de alquiler-Sor Juana In\u00e9s de la Cruz, mujer ilustre","robots":{"index":"index","follow":"follow","max-snippet":"max-snippet:-1","max-image-preview":"max-image-preview:large","max-video-preview":"max-video-preview:-1"},"canonical":"https:\/\/cklcomunicaciones.es\/coop\/noticias-info-ckl-no-2-241-27-11-18\/","og_locale":"es_ES","og_type":"article","og_title":"Noticias Info CKL n\u00ba 2.241-27\/11\/18-Comunica con perspectiva de g\u00e9nero","og_description":"Comunicar con perspectiva de g\u00e9nero: OIT: Las mujeres cobran un 20% menos que los hombres-M\u00aa Jes\u00fas Catal\u00e1, directora CaixaBank en Andaluc\u00eda-El feminismo se levanta contra la prostituci\u00f3n\/vientres de alquiler-Sor Juana In\u00e9s de la Cruz, mujer ilustre","og_url":"https:\/\/cklcomunicaciones.es\/coop\/noticias-info-ckl-no-2-241-27-11-18\/","og_site_name":"CKL Comunicaciones","article_published_time":"2018-11-27T12:10:30+00:00","article_modified_time":"2025-01-17T15:40:29+00:00","og_image":[{"width":500,"height":500,"url":"https:\/\/cklcomunicaciones.es\/coop\/wp-content\/uploads\/2018\/03\/CKL_comunicacion-con-perspetiva-de-genero.jpg","type":"image\/jpeg"}],"author":"ckl","twitter_card":"summary_large_image","twitter_misc":{"Escrito por":"ckl","Tiempo de lectura":"5 minutos"},"schema":{"@context":"https:\/\/schema.org","@graph":[{"@type":"Article","@id":"https:\/\/cklcomunicaciones.es\/coop\/noticias-info-ckl-no-2-241-27-11-18\/#article","isPartOf":{"@id":"https:\/\/cklcomunicaciones.es\/coop\/noticias-info-ckl-no-2-241-27-11-18\/"},"author":{"name":"ckl","@id":"https:\/\/cklcomunicaciones.es\/coop\/#\/schema\/person\/929a6837f7626450bbb50cee1aef266e"},"headline":"Noticias Info CKL n\u00ba 2.241-27\/11\/18","datePublished":"2018-11-27T12:10:30+00:00","dateModified":"2025-01-17T15:40:29+00:00","mainEntityOfPage":{"@id":"https:\/\/cklcomunicaciones.es\/coop\/noticias-info-ckl-no-2-241-27-11-18\/"},"wordCount":968,"image":{"@id":"https:\/\/cklcomunicaciones.es\/coop\/noticias-info-ckl-no-2-241-27-11-18\/#primaryimage"},"thumbnailUrl":"http:\/\/www.cklcomunicaciones.es\/wp-content\/uploads\/2018\/03\/CKL_comunicacion-con-perspetiva-de-genero-300x300.jpg","articleSection":["Newsletter","Nwl v2.0"],"inLanguage":"es"},{"@type":"WebPage","@id":"https:\/\/cklcomunicaciones.es\/coop\/noticias-info-ckl-no-2-241-27-11-18\/","url":"https:\/\/cklcomunicaciones.es\/coop\/noticias-info-ckl-no-2-241-27-11-18\/","name":"Noticias Info CKL n\u00ba 2.241-27\/11\/18-Comunica con perspectiva de g\u00e9nero","isPartOf":{"@id":"https:\/\/cklcomunicaciones.es\/coop\/#website"},"primaryImageOfPage":{"@id":"https:\/\/cklcomunicaciones.es\/coop\/noticias-info-ckl-no-2-241-27-11-18\/#primaryimage"},"image":{"@id":"https:\/\/cklcomunicaciones.es\/coop\/noticias-info-ckl-no-2-241-27-11-18\/#primaryimage"},"thumbnailUrl":"http:\/\/www.cklcomunicaciones.es\/wp-content\/uploads\/2018\/03\/CKL_comunicacion-con-perspetiva-de-genero-300x300.jpg","datePublished":"2018-11-27T12:10:30+00:00","dateModified":"2025-01-17T15:40:29+00:00","author":{"@id":"https:\/\/cklcomunicaciones.es\/coop\/#\/schema\/person\/929a6837f7626450bbb50cee1aef266e"},"description":"Comunicar con perspectiva de g\u00e9nero: OIT: Las mujeres cobran un 20% menos que los hombres-M\u00aa Jes\u00fas Catal\u00e1, directora CaixaBank en Andaluc\u00eda-El feminismo se levanta contra la prostituci\u00f3n\/vientres de alquiler-Sor Juana In\u00e9s de la Cruz, mujer ilustre","breadcrumb":{"@id":"https:\/\/cklcomunicaciones.es\/coop\/noticias-info-ckl-no-2-241-27-11-18\/#breadcrumb"},"inLanguage":"es","potentialAction":[{"@type":"ReadAction","target":["https:\/\/cklcomunicaciones.es\/coop\/noticias-info-ckl-no-2-241-27-11-18\/"]}]},{"@type":"ImageObject","inLanguage":"es","@id":"https:\/\/cklcomunicaciones.es\/coop\/noticias-info-ckl-no-2-241-27-11-18\/#primaryimage","url":"http:\/\/www.cklcomunicaciones.es\/wp-content\/uploads\/2018\/03\/CKL_comunicacion-con-perspetiva-de-genero-300x300.jpg","contentUrl":"http:\/\/www.cklcomunicaciones.es\/wp-content\/uploads\/2018\/03\/CKL_comunicacion-con-perspetiva-de-genero-300x300.jpg"},{"@type":"BreadcrumbList","@id":"https:\/\/cklcomunicaciones.es\/coop\/noticias-info-ckl-no-2-241-27-11-18\/#breadcrumb","itemListElement":[{"@type":"ListItem","position":1,"name":"Portada","item":"https:\/\/cklcomunicaciones.es\/coop\/"},{"@type":"ListItem","position":2,"name":"Noticias Info CKL n\u00ba 2.241-27\/11\/18"}]},{"@type":"WebSite","@id":"https:\/\/cklcomunicaciones.es\/coop\/#website","url":"https:\/\/cklcomunicaciones.es\/coop\/","name":"CKL Comunicaciones","description":"Sitio web de CKL Comunicaciones coop , la consultora de comunicaci\u00f3n y estrategia","potentialAction":[{"@type":"SearchAction","target":{"@type":"EntryPoint","urlTemplate":"https:\/\/cklcomunicaciones.es\/coop\/?s={search_term_string}"},"query-input":{"@type":"PropertyValueSpecification","valueRequired":true,"valueName":"search_term_string"}}],"inLanguage":"es"},{"@type":"Person","@id":"https:\/\/cklcomunicaciones.es\/coop\/#\/schema\/person\/929a6837f7626450bbb50cee1aef266e","name":"ckl","image":{"@type":"ImageObject","inLanguage":"es","@id":"https:\/\/secure.gravatar.com\/avatar\/c82db564e8a669bf6023357a157b9dc4780f4d4c618f2ad1d71a6a5dede45057?s=96&d=mm&r=g","url":"https:\/\/secure.gravatar.com\/avatar\/c82db564e8a669bf6023357a157b9dc4780f4d4c618f2ad1d71a6a5dede45057?s=96&d=mm&r=g","contentUrl":"https:\/\/secure.gravatar.com\/avatar\/c82db564e8a669bf6023357a157b9dc4780f4d4c618f2ad1d71a6a5dede45057?s=96&d=mm&r=g","caption":"ckl"},"url":"https:\/\/cklcomunicaciones.es\/coop\/author\/cklcomunicaciones\/"}]}},"_links":{"self":[{"href":"https:\/\/cklcomunicaciones.es\/coop\/wp-json\/wp\/v2\/posts\/14299","targetHints":{"allow":["GET"]}}],"collection":[{"href":"https:\/\/cklcomunicaciones.es\/coop\/wp-json\/wp\/v2\/posts"}],"about":[{"href":"https:\/\/cklcomunicaciones.es\/coop\/wp-json\/wp\/v2\/types\/post"}],"author":[{"embeddable":true,"href":"https:\/\/cklcomunicaciones.es\/coop\/wp-json\/wp\/v2\/users\/3"}],"replies":[{"embeddable":true,"href":"https:\/\/cklcomunicaciones.es\/coop\/wp-json\/wp\/v2\/comments?post=14299"}],"version-history":[{"count":0,"href":"https:\/\/cklcomunicaciones.es\/coop\/wp-json\/wp\/v2\/posts\/14299\/revisions"}],"wp:attachment":[{"href":"https:\/\/cklcomunicaciones.es\/coop\/wp-json\/wp\/v2\/media?parent=14299"}],"wp:term":[{"taxonomy":"category","embeddable":true,"href":"https:\/\/cklcomunicaciones.es\/coop\/wp-json\/wp\/v2\/categories?post=14299"},{"taxonomy":"post_tag","embeddable":true,"href":"https:\/\/cklcomunicaciones.es\/coop\/wp-json\/wp\/v2\/tags?post=14299"}],"curies":[{"name":"wp","href":"https:\/\/api.w.org\/{rel}","templated":true}]}}