{"id":14296,"date":"2018-11-26T12:42:52","date_gmt":"2018-11-26T11:42:52","guid":{"rendered":"http:\/\/www.cklcomunicaciones.es\/?p=14296"},"modified":"2025-01-17T16:40:29","modified_gmt":"2025-01-17T15:40:29","slug":"noticias-info-ckl-no-2-240-26-11-18","status":"publish","type":"post","link":"https:\/\/cklcomunicaciones.es\/coop\/noticias-info-ckl-no-2-240-26-11-18\/","title":{"rendered":"Noticias Info CKL n\u00ba 2.240-26\/11\/18"},"content":{"rendered":"<div id=\"pl-14296\"  class=\"panel-layout\" >\n<div id=\"pg-14296-0\"  class=\"panel-grid panel-no-style\"  data-style=\"{&quot;background_image_attachment&quot;:false,&quot;background_display&quot;:&quot;tile&quot;,&quot;cell_alignment&quot;:&quot;flex-start&quot;}\" >\n<div id=\"pgc-14296-0-0\"  class=\"panel-grid-cell\"  data-weight=\"1\" >\n<div id=\"panel-14296-0-0-0\" class=\"so-panel widget widget_sow-editor panel-first-child panel-last-child\" data-index=\"0\" data-style=\"{&quot;background_image_attachment&quot;:false,&quot;background_display&quot;:&quot;tile&quot;}\" >\n<div class=\"so-widget-sow-editor so-widget-sow-editor-base\">\n<div class=\"siteorigin-widget-tinymce textwidget\">\n<p><img decoding=\"async\" class=\"lazyload  wp-image-13726\" src=\"http:\/\/www.cklcomunicaciones.es\/wp-content\/uploads\/2018\/03\/CKL_comunicacion-con-perspetiva-de-genero-300x300.jpg\" data-orig-src=\"http:\/\/www.cklcomunicaciones.es\/wp-content\/uploads\/2018\/03\/CKL_comunicacion-con-perspetiva-de-genero-300x300.jpg\" alt=\"CKL_comunicacion con perspetiva de genero\" width=\"132\" height=\"132\" srcset=\"data:image\/svg+xml,%3Csvg%20xmlns%3D%27http%3A%2F%2Fwww.w3.org%2F2000%2Fsvg%27%20width%3D%27132%27%20height%3D%27132%27%20viewBox%3D%270%200%20132%20132%27%3E%3Crect%20width%3D%27132%27%20height%3D%27132%27%20fill-opacity%3D%220%22%2F%3E%3C%2Fsvg%3E\" data-srcset=\"https:\/\/cklcomunicaciones.es\/coop\/wp-content\/uploads\/2018\/03\/CKL_comunicacion-con-perspetiva-de-genero-150x150.jpg 150w, https:\/\/cklcomunicaciones.es\/coop\/wp-content\/uploads\/2018\/03\/CKL_comunicacion-con-perspetiva-de-genero-300x300.jpg 300w, https:\/\/cklcomunicaciones.es\/coop\/wp-content\/uploads\/2018\/03\/CKL_comunicacion-con-perspetiva-de-genero-450x450.jpg 450w, https:\/\/cklcomunicaciones.es\/coop\/wp-content\/uploads\/2018\/03\/CKL_comunicacion-con-perspetiva-de-genero.jpg 500w\" data-sizes=\"auto\" data-orig-sizes=\"(max-width: 132px) 100vw, 132px\" \/><\/p>\n<p id=\":f2\" class=\"hP\" tabindex=\"-1\" data-thread-perm-id=\"thread-f:1618194769877305848\" data-legacy-thread-id=\"1674fb91d3ee89f8\"><strong>El 76% de la poblaci\u00f3n espa\u00f1ola cree que la discriminaci\u00f3n de g\u00e9nero es muy baja o inexistente-La pesadilla de la violencia machista en Espa\u00f1a: 973 mujeres asesinadas desde 2003-&#8216;Sisterhood&#8217;, mujeres unidas<\/strong><\/p>\n<p>[toggle type=\u00bbfirst\u00bb title=\u00bbConvocatorias\u00bb]<\/p>\n<ul>\n<li><a href=\"http:\/\/www.juntadeandalucia.es\/iam\/catalogo\/doc\/convocatorias\/2018-genero\/CO-jornadas-peso-consumidoras.jpg\">El Peso de las Consumidoras. Jornadas de Di\u00e1logo y V\u00eddeo<\/a>. ADICAE Andaluc\u00eda. 30 de noviembre de 2018<\/li>\n<li><a href=\"http:\/\/www.juntadeandalucia.es\/iam\/catalogo\/doc\/convocatorias\/2018-iam\/GR-encuentro-hacia-perspectiva-feminista-en-la-educacion-folleto.pdf\">Encuentro Formativo &#8216;Hacia una Perspectiva Feminista de la Educaci\u00f3n en Andaluc\u00eda&#8217;<\/a>. IAM; colabora Consejer\u00eda de Educaci\u00f3n. 12 y 13 de diciembre de 2018. <a href=\"http:\/\/www.juntadeandalucia.es\/iam\/catalogo\/doc\/convocatorias\/2018-iam\/GR-encuentro-hacia-perspectiva-feminista-en-la-educacion-inscripcion.pdf\">Inscripci\u00f3n<\/a> (plazo hasta el 10 de diciembre)<\/li>\n<\/ul>\n<p><strong>\u00a0<\/strong>[\/toggle]<\/p>\n<p>[toggle type=\u00bbfirst\u00bb title=\u00bbComunicaci\u00f3n\u00bb]<\/p>\n<p><a href=\"https:\/\/www.lasexta.com\/noticias\/cultura\/ana-pastor-premio-de-comunicacion-no-sexista-2018-video_201811245bf9668b0cf21849040219e2.html\">Ana Pastor, Premio de Comunicaci\u00f3n no sexista 2018<\/a>&#8211; LaSexta<\/p>\n<p><a href=\"http:\/\/www.rtve.es\/rtve\/20181124\/rosa-maria-mateo-recoge-iv-premio-margarita-riviere-rigor-periodistico\/1842982.shtml\">Rosa Mar\u00eda Mateo recoge el IV Premio Margarita Rivi\u00e8re al rigor period\u00edstico &#8230;<\/a>&#8211; Rtve<\/p>\n<p><a href=\"https:\/\/www.google.com\/url?rct=j&amp;sa=t&amp;url=https:\/\/www.laopiniondemalaga.es\/malaga\/2018\/11\/24\/azul-ninos-ninas-nacen-cuidar\/1049796.html&amp;ct=ga&amp;cd=CAEYACoTNjY3NDMzMzY2NjIzMDcwNjIwOTIZMWRjNWJlY2M3MDZlY2Y4YjplczplczpFUw&amp;usg=AFQjCNGhKhhp-0Fj_KdThwxUPYH8FjnmoA\">Ni el azul es de ni\u00f1os ni las ni\u00f1as nacen y saben cuidar beb\u00e9s <\/a>&#8211; La Opini\u00f3n de M\u00e1laga<\/p>\n<p><a href=\"https:\/\/www.google.com\/url?rct=j&amp;sa=t&amp;url=https:\/\/verne.elpais.com\/verne\/2018\/11\/22\/articulo\/1542902535_486109.html&amp;ct=ga&amp;cd=CAEYFyoUMTgwNTc1OTYyNDE3NTAyNDMzNjEyGWMwMzcyZWJjMmZlYWRhNTk6ZXM6ZXM6RVM&amp;usg=AFQjCNGM5j1oN7yQTllSWjy3n_LSejyZRA\">\u00bfPor qu\u00e9 no me contestas?\u201d y las nuevas violencias machistas que llegan por WhatsApp <\/a>&#8211; Verne<\/p>\n<p><a href=\"https:\/\/www.publimetro.com.mx\/mx\/plus\/2018\/11\/25\/facebook-empodera-mas-dos-mil-mujeres-las-capacita-traves-aprende-emprende.html\">Facebook empodera a m\u00e1s de dos mil mexicanas y las capacita a trav\u00e9s &#8230;<\/a>&#8211; Publimetro M\u00e9xico<\/p>\n<p>[\/toggle]<\/p>\n<p>[toggle type=\u00bbfirst\u00bb title=\u00bbAndaluc\u00eda\u00bb]<\/p>\n<p><strong>Econom\u00eda y Empresas<\/strong><\/p>\n<p><a href=\"https:\/\/www.diariodesevilla.es\/aquilaprovincia\/Diputacion-Junta-adhieren-iniciativa-WomANDigital_0_1303070004.html\">Diputaci\u00f3n y Junta se adhieren a la iniciativa &#8216;WomANDigital&#8217;<\/a>&#8211; Diario de Sevilla<\/p>\n<p><a href=\"http:\/\/www.diariojaen.es\/canal\/empresas-jaen\/las-empresarias-jiennenses-se-crecen-con-el-taller-valorizate-XF4878011\">Las empresarias jiennenses \u201cse crecen\u201d con el taller \u201cValor\u00edzate\u201d<\/a>&#8211; Diario Ja\u00e9n<\/p>\n<p><a href=\"http:\/\/www.juntadeandalucia.es\/presidencia\/portavoz\/138740\/empresasinnovadoras\/startups\/AndaluciaOpenFuture\/innovacion\/empleo\/Telefonica\">Dieciocho startups comienzan en los espacios de Andaluc\u00eda Open Future<\/a> \u2013 Oficina del Portavoz<\/p>\n<p><a href=\"https:\/\/www.google.com\/url?sa=t&amp;rct=j&amp;q=&amp;esrc=s&amp;source=newssearch&amp;cd=15&amp;ved=0ahUKEwj2xpig7vHeAhUSdxoKHUOLBzA4ChCpAggyKAAwBA&amp;url=https%3A%2F%2Felpais.com%2Feconomia%2F2018%2F11%2F23%2Factualidad%2F1542993495_208880.html&amp;usg=AOvVaw0Zzdm2nJCWeGzeKUUYg_ur\">Andaluc\u00eda busca su modelo para cerrar la brecha econ\u00f3mica<\/a>&#8211; El Pa\u00eds<strong>\u00a0<\/strong><\/p>\n<p><strong>Actualidad<\/strong><\/p>\n<p><a href=\"https:\/\/www.google.com\/url?rct=j&amp;sa=t&amp;url=https:\/\/www.europapress.es\/andalucia\/huelva-00354\/noticia-comision-igualdad-pehu-visibiliza-participacion-transversal-mujer-huelva-20181125151452.html&amp;ct=ga&amp;cd=CAEYHioUMTgwNTc1OTYyNDE3NTAyNDMzNjEyGWMwMzcyZWJjMmZlYWRhNTk6ZXM6ZXM6RVM&amp;usg=AFQjCNEe8p6kqfFf7OXbixdbu1FrZzUhGg\">La Comisi\u00f3n de Igualdad del PEHU visibiliza \u00abla participaci\u00f3n transversal de la mujer\u00bb en Huelva <\/a>&#8211; Europa Press<\/p>\n<p><a href=\"https:\/\/www.google.com\/url?rct=j&amp;sa=t&amp;url=http:\/\/www.canalsur.es\/television\/programas\/salud-al-dia\/noticia\/1361904.html&amp;ct=ga&amp;cd=CAEYACoUMTIwOTA1NzI5ODMxNzAwMzI4MDkyGWMwMzcyZWJjMmZlYWRhNTk6ZXM6ZXM6RVM&amp;usg=AFQjCNF_9Tzwxy3zOzkQSzsn1uasu0HEVQ\">Mujeres a la vanguardia en el \u00e1mbito de la salud <\/a>&#8211; CanalSurWeb<\/p>\n<p><a href=\"https:\/\/www.google.com\/url?rct=j&amp;sa=t&amp;url=https:\/\/www.ideal.es\/almeria\/almeria\/companeras-clase-novios-20181125002853-nt.html&amp;ct=ga&amp;cd=CAEYFyoTMzEwNTk3NjkxNTQyMTY4MzUyMDIZYzAzNzJlYmMyZmVhZGE1OTplczplczpFUw&amp;usg=AFQjCNGYBLNypkalWK20xhQ9uE3PhF_JlA\">\u00abTenemos compa\u00f1eras de clase a las que sus novios les dicen c\u00f3mo vestir\u00bb <\/a>&#8211; Ideal Digital<\/p>\n<p><a href=\"https:\/\/www.google.com\/url?sa=t&amp;rct=j&amp;q=&amp;esrc=s&amp;source=newssearch&amp;cd=12&amp;ved=0ahUKEwil_frU6fHeAhXDDcAKHWNeA2w4ChCpAggqKAAwAQ&amp;url=https%3A%2F%2Fwww.ideal.es%2Fjaen%2Fjaen%2Fpatronato-mujer-cuento-20181125002820-ntvo.html&amp;usg=AOvVaw2hGqEoAEa1KhIl0baye0Pe\">El Patronato de la Mujer o el Cuento de la Criada<\/a> &#8211; Ideal Digital<\/p>\n<p><a href=\"https:\/\/www.lavanguardia.com\/vida\/20181125\/453133381135\/galeon-andalucia-replica-capitana-maria-jose-fernandez-embarcacion.html\">M\u00aa Jos\u00e9 Fern\u00e1ndez, primera oficial del Gale\u00f3n Andaluc\u00eda\u2026<\/a> &#8211; La Vanguardia<\/p>\n<p><a href=\"http:\/\/www.elmundo.es\/andalucia\/2018\/11\/25\/5bf992fd268e3e62788b45ab.html\">Italia cree que Juana Rivas carece de empat\u00eda para cuidar a sus hijos<\/a> \u2013 El Mundo<\/p>\n<p><strong>Violencias<\/strong><\/p>\n<p><a href=\"https:\/\/cadiznoticias.es\/andalucia-amplia-el-servicio-de-atencion-inmediata-a-mujeres-victimas-de-agresiones-sexuales\/\">Andaluc\u00eda ampl\u00eda el servicio de atenci\u00f3n inmediata a mujeres v\u00edctimas &#8230;<\/a>&#8211; Cadiznoticias<\/p>\n<p><a href=\"http:\/\/www.canalsur.es\/noticias\/asi-ha-sonado-el-grito-contra-la-violencia-machista-en-andalucia\/1361810.html\">As\u00ed ha sonado el grito contra la violencia machista en Andaluc\u00eda<\/a>&#8211; CanalSurWeb<\/p>\n<p><a href=\"https:\/\/www.publico.es\/sociedad\/violencia-machista-detienen-hombres-violacion-mujer-sala-fiestas-granada.html\">Detienen a dos hombres por la violaci\u00f3n a una mujer en una sala de fiestas en Granada<\/a> &#8211; P\u00fablico<\/p>\n<p><strong>Ciencia y Cultura<\/strong><\/p>\n<p><a href=\"http:\/\/www.juntadeandalucia.es\/presidencia\/portavoz\/138907\/premios\/carrera\/estudiantes\/universidadespublicas\/Andalucia\">M\u00e1s del 20% de los Premios nacionales Fin de Carrera provienen de universidades p\u00fablicas andaluzas<\/a> \u2013 Oficina del Portavoz<\/p>\n<p><a href=\"https:\/\/www.google.com\/url?sa=t&amp;rct=j&amp;q=&amp;esrc=s&amp;source=newssearch&amp;cd=50&amp;ved=0ahUKEwjD17fu6vHeAhVIaBoKHexBCsY4KBCpAghCKAAwCQ&amp;url=https%3A%2F%2Fwww.elplural.com%2Fsociedad%2Fla-increible-historia-de-las-presas-del-franquismo-en-una-carcel-de-mujeres_206923102&amp;usg=AOvVaw0qkdxq-MRzlHfivY09GSrA\">La incre\u00edble historia de las presas del franquismo en una c\u00e1rcel de &#8230;<\/a>&#8211; <a href=\"http:\/\/elplural.com\">elplural.com<\/a><\/p>\n<p><a href=\"http:\/\/www.elsalonde.elmundo.es\/vanesa-martin\">Vanesa Mart\u00edn: \u00abHay muchas mujeres dentro de m\u00ed, algunas que ni conozco\u00bb<\/a> \u2013 El Mundo<\/p>\n<p><a href=\"https:\/\/www.elmira.es\/26\/11\/2018\/andalucia-es-nombre-de-mujer-en-el-ecco\/\">Andaluc\u00eda es nombre de mujer, en el ECCO<\/a>&#8211; El Mira<\/p>\n<p><strong>Deporte<\/strong><\/p>\n<p><a href=\"https:\/\/www.google.com\/url?rct=j&amp;sa=t&amp;url=http:\/\/www.granadadigital.es\/el-rugby-femenino-se-da-cita-en-granada-para-decir-basta-a-la-violencia-de-genero\/&amp;ct=ga&amp;cd=CAEYBSoTNDU3OTI3OTU2ODgzMjgwMTk0NDIZZTJkZWZhN2Q1ZGE5MTU3ZDplczplczpFUw&amp;usg=AFQjCNF4w11r9GDcqwl7cdkxp-f2Vthb-A\">El rugby femenino se da cita en Granada para decir \u201cbasta\u201d a la violencia de g\u00e9nero<\/a> &#8211; GranadaDigital<\/p>\n<p><a href=\"https:\/\/www.diariosur.es\/deportes\/mas-deportes\/malaga-campeona-andalucia-20181126000441-ntvo.html\">M\u00e1laga, campeona de Andaluc\u00eda en categor\u00eda minibasket femenina<\/a> -Sur Digital<\/p>\n<p><a href=\"https:\/\/marbellaactualidad.com\/anne-van-dam-vs-azahara-munoz\/\">Anne Van Dam-Azahara Mu\u00f1oz, cita en las alturas del Andaluc\u00eda<em> .<\/em>..<\/a>&#8211; marbellaactualidad.com<\/p>\n<p>[\/toggle]<\/p>\n<p>[toggle type=\u00bbfirst\u00bb title=\u00bbEstado\u00bb]<\/p>\n<p><strong>Institucional-CCAA<\/strong><\/p>\n<p><a href=\"https:\/\/www.google.com\/url?rct=j&amp;sa=t&amp;url=https:\/\/www.elcomercio.es\/asturias\/conversaciones-sobre-futuro-femenino-gijon-el-comercio-20181125015929-ntvo.html&amp;ct=ga&amp;cd=CAEYFSoUMTgwNTc1OTYyNDE3NTAyNDMzNjEyGWMwMzcyZWJjMmZlYWRhNTk6ZXM6ZXM6RVM&amp;usg=AFQjCNFik3sWMj7AyCAYHDlXIc5m7wXfUA\">Grandes mujeres que podr\u00e1s ver en las conversaciones sobre futuro en femenino en Gij\u00f3n <\/a>&#8211; El Comercio Digital<\/p>\n<p><a href=\"https:\/\/www.google.com\/url?rct=j&amp;sa=t&amp;url=https:\/\/www.20minutos.es\/noticia\/3499500\/0\/ccoo-instituto-mujer-lanzan-guia-para-prevenir-actuar-frente-al-acoso-sexual-ambito-laboral\/&amp;ct=ga&amp;cd=CAEYACoUMTQ1NjkwODU1NDQzMDUwMTk0MDUyGWMwMzcyZWJjMmZlYWRhNTk6ZXM6ZXM6RVM&amp;usg=AFQjCNEztxeP9ir4WQfdPbY89-PzVsrWDg\">CCOO y el Instituto de la Mujer de Extremadura lanzan una gu\u00eda para prevenir y actuar frente al acoso sexual en el &#8230; <\/a>&#8211; 20minutos.es<\/p>\n<p><a href=\"https:\/\/www.google.com\/url?rct=j&amp;sa=t&amp;url=https:\/\/www.eleconomista.es\/aragon\/noticias\/9538045\/11\/18\/Arranca-el-proyecto-Deep-IN-WBL-impulsar-el-papel-de-la-mujer-en-los-sistemas-de-aprendizaje-basados-en-el-trabajo.html&amp;ct=ga&amp;cd=CAEYGCoUMTQ1NjkwODU1NDQzMDUwMTk0MDUyGWMwMzcyZWJjMmZlYWRhNTk6ZXM6ZXM6RVM&amp;usg=AFQjCNFWMOEEBFKUEwUZmyl30j8gngY5Ow\">Arranca el proyecto Deep IN WBL para impulsar el papel de la mujer en los sistemas de aprendizaje &#8230; <\/a>&#8211; elEconomista.es<\/p>\n<p><a href=\"https:\/\/www.larioja.com\/comarcas\/calahorra\/gira-mujeres-organiza-20181124004027-ntvo.html\">Gira Mujeres organiza dos sesiones para emprendedoras y &#8230;<\/a>&#8211; La Rioja<\/p>\n<p><a href=\"https:\/\/www.elnortedecastilla.es\/palencia\/programa-empleo-mujer-20181125215914-nt.html\">El programa Empleo Mujer<em>, <\/em>galardonado como mejor proyecto social &#8230;<\/a>&#8211; El Norte de Castilla<\/p>\n<p><strong>Ec<\/strong><strong>onom\u00eda y Empresa<\/strong><\/p>\n<p><a href=\"https:\/\/www.google.com\/url?sa=t&amp;rct=j&amp;q=&amp;esrc=s&amp;source=newssearch&amp;cd=7&amp;ved=0ahUKEwiFnunh7fHeAhUHWxoKHdgJDS8QqQIIOigAMAY&amp;url=https%3A%2F%2Fwww.servimedia.es%2Fnoticias%2F1094582&amp;usg=AOvVaw07XJXwKgSiUqF-w8otvxad\">Trabajo destaca la solidez de la Econom\u00eda Social, con un 77% de contratos indefinidos en cooperativos, el 48% mujeres&#8230;<\/a>&#8211; Servimedia<\/p>\n<p><a href=\"https:\/\/www.google.com\/url?rct=j&amp;sa=t&amp;url=https:\/\/www.esmartcity.es\/2018\/11\/23\/mujeres-profesionales-tecnologia-ingenieria-ciencia-matematicas-pueden-optar-beca-formacion-practica&amp;ct=ga&amp;cd=CAEYEioUMTQ1NjkwODU1NDQzMDUwMTk0MDUyGWMwMzcyZWJjMmZlYWRhNTk6ZXM6ZXM6RVM&amp;usg=AFQjCNG54JOk_6aLvxklipR2CBNCVI5rJA\">Mujeres profesionales de tecnolog\u00eda, ingenier\u00eda, ciencia y matem\u00e1ticas pueden optar a una beca &#8230; <\/a>&#8211; ESMARTCITY<\/p>\n<p><strong>Actualidad<\/strong><strong>\u00a0\u00a0\u00a0<\/strong><\/p>\n<p><a href=\"https:\/\/www.google.com\/url?sa=t&amp;rct=j&amp;q=&amp;esrc=s&amp;source=newssearch&amp;cd=15&amp;ved=0ahUKEwjJz7jU7vHeAhVEyYUKHWT0AYM4ChCpAggyKAAwBA&amp;url=https%3A%2F%2Fblogs.publico.es%2Fotrasmiradas%2F16939%2Fel-76-de-la-poblacion-espanola-cree-que-la-discriminacion-de-genero-es-muy-baja-o-inexistente%2F&amp;usg=AOvVaw3Ti1YyII3uJX-0GyAsX4mC\">El 76% de la poblaci\u00f3n espa\u00f1ola cree que la discriminaci\u00f3n de g\u00e9nero es muy baja o inexistente &#8230;<\/a>&#8211; P\u00fablico<\/p>\n<p><a href=\"https:\/\/www.google.com\/url?rct=j&amp;sa=t&amp;url=https:\/\/confilegal.com\/20181124-las-mujeres-juristas-abogan-por-una-reforma-constitucional-que-blinde-la-igualdad\/&amp;ct=ga&amp;cd=CAEYHCoTMzEwNTk3NjkxNTQyMTY4MzUyMDIZYzAzNzJlYmMyZmVhZGE1OTplczplczpFUw&amp;usg=AFQjCNEhsCJmHdGIQ09Z3nu3wvrB9ptW8w\">Las mujeres juristas abogan por una reforma constitucional que &#8216;blinde&#8217; la igualdad- <\/a>Confilegal<\/p>\n<p><a href=\"https:\/\/www.abc.es\/sociedad\/abci-tratamientos-permitiran-mujeres-prolongar-vida-fertil-201811260224_noticia.html\">Los tratamientos que permitir\u00e1n a las mujeres prolongar su vida f\u00e9rtil<\/a>&#8211; Abc.es<\/p>\n<p><a href=\"https:\/\/www.google.com\/url?sa=t&amp;rct=j&amp;q=&amp;esrc=s&amp;source=newssearch&amp;cd=11&amp;ved=0ahUKEwjJz7jU7vHeAhVEyYUKHWT0AYM4ChCpAggnKAAwAA&amp;url=https%3A%2F%2Fwww.elperiodicodearagon.com%2Fnoticias%2Fmas-voces%2Fsisterhood-mujeres-unidas_1326083.html&amp;usg=AOvVaw2c_FsOb0Q8INW9Gmk0hocE\">&#8216;Sisterhood&#8217;, las mujeres unidas<\/a>&#8211; El Peri\u00f3dico de Arag\u00f3n<strong>\u00a0<\/strong><\/p>\n<p><strong>Violencia<\/strong><\/p>\n<p><a href=\"https:\/\/www.20minutos.es\/noticia\/3500650\/0\/violencia-machista-espana-cifras-mujeres-asesinadas-denuncias\/\">La pesadilla de la violencia machista en Espa\u00f1a: 973 mujeres &#8230;<\/a> &#8211; <a href=\"http:\/\/20minutos.es\">20minutos.es<\/a><\/p>\n<p><a href=\"http:\/\/www.elmundo.es\/espana\/2018\/11\/25\/5bfa8ea322601dfd4b8b4620.html\">Espa\u00f1a sale a la calle contra la violencia machista: \u00abSi tocan a una nos tocan a todas\u00bb<\/a> \u2013 El Mundo<\/p>\n<p><a href=\"https:\/\/www.google.com\/url?rct=j&amp;sa=t&amp;url=https:\/\/elpais.com\/sociedad\/2018\/11\/24\/actualidad\/1543092117_818157.html&amp;ct=ga&amp;cd=CAEYASoUMTQzMjc2MzcyNTcwMDQ1OTUyNzkyGWUyZGVmYTdkNWRhOTE1N2Q6ZXM6ZXM6RVM&amp;usg=AFQjCNF_ocoIAI3iWZak-ICVjM45DPV8CA\">La vida al otro lado de la violencia <\/a>\u2013 El Pa\u00eds<\/p>\n<p><a href=\"https:\/\/www.google.com\/url?rct=j&amp;sa=t&amp;url=https:\/\/www.radiohuesca.com\/comarcas\/muere-una-mujer-senegalesa-en-monzon-25112018-117552.html&amp;ct=ga&amp;cd=CAEYAyoUMTgwNTc1OTYyNDE3NTAyNDMzNjEyGWMwMzcyZWJjMmZlYWRhNTk6ZXM6ZXM6RVM&amp;usg=AFQjCNGoLKr8xYMJxuABuK4mwH4ltS4IYw\">Asesinato de una mujer en Monz\u00f3n a manos de su expareja<\/a> &#8211; Radio Huesca<\/p>\n<p><strong>Ciencia y Cultura<\/strong><\/p>\n<p><a href=\"https:\/\/www.google.com\/url?sa=t&amp;rct=j&amp;q=&amp;esrc=s&amp;source=newssearch&amp;cd=79&amp;ved=0ahUKEwjHztCT6fHeAhXnLcAKHWTHBMA4RhCpAgg_KAAwCA&amp;url=https%3A%2F%2Fwww.lavanguardia.com%2Fnatural%2F20181124%2F453112743662%2Ffiltros-solares-contaminacion-cremas-hawai-palaos.html&amp;usg=AOvVaw3cQpqtyjGBbXMjzIS9G3jG\">Silvia D\u00edaz Cruz, investigadora del CSIC, la mujer que ensombreci\u00f3 los filtros solares<\/a>&#8211; La Vanguardia<\/p>\n<p><a href=\"https:\/\/www.google.com\/url?rct=j&amp;sa=t&amp;url=https:\/\/www.efeverde.com\/noticias\/jimena-quiros-cientifica-pionera-luchadora-oceanografia-espana\/&amp;ct=ga&amp;cd=CAEYBSoUMTgwNTc1OTYyNDE3NTAyNDMzNjEyGWMwMzcyZWJjMmZlYWRhNTk6ZXM6ZXM6RVM&amp;usg=AFQjCNE0BSNDKCProunokDS8jmbCtraxvA\">Jimena Quir\u00f3s, cient\u00edfica pionera y luchadora por la oceanograf\u00eda en Espa\u00f1a<\/a> &#8211; EFEverde, el periodismo del medio ambiente<\/p>\n<p><a href=\"https:\/\/www.publico.es\/culturas\/maternidad-motherhood-no-tienes-hijos-no-mujer-documental.html\">&#8216;[m]otherhood&#8217;: si no tienes hijos, \u00bfno eres una verdadera mujer?<\/a> &#8211; P\u00fablico<\/p>\n<p><a href=\"https:\/\/elpais.com\/cultura\/2018\/11\/22\/television\/1542911371_938197.html\">Leonor Watling, una mujer en busca de venganza en \u2018Vivir sin permiso\u2019<\/a> \u2013 El Pa\u00eds<\/p>\n<p><a href=\"https:\/\/www.google.com\/url?sa=t&amp;rct=j&amp;q=&amp;esrc=s&amp;source=newssearch&amp;cd=19&amp;ved=0ahUKEwiRy96K6PHeAhVJgVwKHeXKA8Q4ChCpAghBKAAwCA&amp;url=https%3A%2F%2Felpais.com%2Fccaa%2F2018%2F11%2F24%2Fmadrid%2F1543090232_982775.html&amp;usg=AOvVaw3dkHAtftREBZ7g78LH2UJe\">Las mujeres salieron a la calle a festejar su arte<\/a>&#8211; El Pa\u00eds<\/p>\n<p><a href=\"https:\/\/www.google.com\/url?sa=t&amp;rct=j&amp;q=&amp;esrc=s&amp;source=newssearch&amp;cd=19&amp;ved=0ahUKEwj0t7PC9PHeAhXoKMAKHXzOAjM4ChCpAgg-KAAwCA&amp;url=http%3A%2F%2Fwww.telemadrid.es%2Fnoticias%2Fcultura%2Fexposicion-muestra-impacto-actrices-espanola-0-2070692931--20181125095943.html&amp;usg=AOvVaw3VQgcBVamq7TqrZW2wcLUz\">Una exposici\u00f3n muestra el impacto de las actrices del cine mudo en la &#8230;<\/a>&#8211; Telemadrid<\/p>\n<p><strong>Deporte\u00a0\u00a0<\/strong><\/p>\n<p><a href=\"https:\/\/www.google.com\/url?sa=t&amp;rct=j&amp;q=&amp;esrc=s&amp;source=newssearch&amp;cd=16&amp;ved=0ahUKEwiG26nP6_HeAhUhyYUKHVC4Czc4ChCpAgg2KAAwBQ&amp;url=https%3A%2F%2Fas.com%2Fmasdeporte%2F2018%2F11%2F25%2Fatletismo%2F1543181551_086209.html&amp;usg=AOvVaw1DQHoSNteVk_Sf6273x3wu\">Mar\u00eda Vicente, atleta: \u201cLo m\u00e1s grande ser\u00eda lograr una medalla en unos Juegos\u00bb<\/a>&#8211; As.com<\/p>\n<p><a href=\"https:\/\/as.com\/opinion\/2018\/11\/24\/portada\/1543084089_565643.html\">El imparable deporte femenino copa los Premios AS<\/a>&#8211; As.com<\/p>\n<p>[\/toggle]<\/p>\n<p>[toggle type=\u00bbfirst\u00bb title=\u00bbInternacional\u00bb]<\/p>\n<p><a href=\"https:\/\/www.google.com\/url?sa=t&amp;rct=j&amp;q=&amp;esrc=s&amp;source=newssearch&amp;cd=1&amp;ved=0ahUKEwi-l6je5vHeAhWZF8AKHV5XDhAQqQIIKCgAMAA&amp;url=https%3A%2F%2Fwww.huffingtonpost.es%2F2018%2F11%2F25%2Fel-hogar-es-el-lugar-mas-peligroso-para-las-mujeres-el-58-de-los-asesinatos-de-mujeres-son-ejecutados-por-un-familiar_a_23600599%2F&amp;usg=AOvVaw1_WCqM_sYnAUgWJGqz5aVp\">El hogar es \u00abel lugar m\u00e1s peligroso para las mujeres\u00bb: el 58% de los asesinatos \u00a0&#8230;<\/a>&#8211; El HuffPost<\/p>\n<p><a href=\"https:\/\/elpais.com\/internacional\/2018\/11\/26\/estados_unidos\/1543208071_041894.html\">Nancy Pelosi o c\u00f3mo surfear la ola azul<\/a> \u2013 El Pa\u00eds<\/p>\n<p><a href=\"https:\/\/www.google.com\/url?rct=j&amp;sa=t&amp;url=https:\/\/www.europapress.es\/epsocial\/igualdad\/noticia-35-mujeres-todo-mundo-sufrido-violencia-fisica-sexual-algun-momento-naciones-unidas-20181123113152.html&amp;ct=ga&amp;cd=CAEYBCoTMzM0MTYwMjMzNjg1MDY2OTgxNTIZZTJkZWZhN2Q1ZGE5MTU3ZDplczplczpFUw&amp;usg=AFQjCNGDN9SfzUErIsg_lV-_wQuR0sn4Fw\">El 35% de las mujeres de todo el mundo ha sufrido violencia f\u00edsica o sexual en alg\u00fan momento <\/a>&#8211; Europa Press<\/p>\n<p><a href=\"https:\/\/www.google.com\/url?rct=j&amp;sa=t&amp;url=https:\/\/elpais.com\/sociedad\/2018\/11\/24\/actualidad\/1543075049_751281.html&amp;ct=ga&amp;cd=CAEYBCoUMTgwNTc1OTYyNDE3NTAyNDMzNjEyGWMwMzcyZWJjMmZlYWRhNTk6ZXM6ZXM6RVM&amp;usg=AFQjCNFuQCShVPn16wttiPcN_ni3rG3Sag\">Am\u00e9rica Latina, la regi\u00f3n m\u00e1s letal para las mujeres<\/a> \u2013El Pa\u00eds<\/p>\n<p><a href=\"http:\/\/www.elmundo.es\/internacional\/2018\/11\/25\/5bfac66946163f71688b4585.html\">La Polic\u00eda lanza gas en la protesta contra la violencia machista en Estambul<\/a> \u2013 El Mundo<\/p>\n<p><a href=\"https:\/\/elpais.com\/elpais\/2018\/11\/22\/ciencia\/1542907913_220107.html\">Elizabeth Blackburn, Nobel en Medicina: \u201cLa pobreza acorta los tel\u00f3meros\u201d<\/a> \u2013 El Pa\u00eds<\/p>\n<p><a href=\"https:\/\/elpais.com\/cultura\/2018\/11\/25\/actualidad\/1543172093_244453.html\">Mar\u00eda Callas abre una nueva era de conciertos con hologramas<\/a>\u2013 El Pa\u00eds<\/p>\n<p><a href=\"https:\/\/elpais.com\/elpais\/2018\/11\/22\/gente\/1542903836_363913.html\">Emma Thompson: \u201cSoy atea porque la religi\u00f3n oprime a la mujer\u201d<\/a> \u2013 El Pa\u00eds<\/p>\n<p>[\/toggle]<\/p>\n<\/div>\n<\/div>\n<\/div>\n<\/div>\n<\/div>\n<\/div>\n","protected":false},"excerpt":{"rendered":"<p>El 76% de la poblaci\u00f3n espa\u00f1ola cree que la discriminaci\u00f3n <a href=\"https:\/\/cklcomunicaciones.es\/coop\/noticias-info-ckl-no-2-240-26-11-18\/\">[&#8230;]<\/a><\/p>\n","protected":false},"author":3,"featured_media":0,"comment_status":"closed","ping_status":"closed","sticky":false,"template":"","format":"standard","meta":{"footnotes":""},"categories":[298,623],"tags":[],"class_list":["post-14296","post","type-post","status-publish","format-standard","hentry","category-newsletter","category-nwl-2-0"],"yoast_head":"<!-- This site is optimized with the Yoast SEO plugin v27.4 - https:\/\/yoast.com\/product\/yoast-seo-wordpress\/ -->\n<title>Noticias Info CKL n\u00ba 2.240-26\/11\/18-Comunica con perspectiva de g\u00e9nero<\/title>\n<meta name=\"description\" content=\"Comunicar con perspectiva de g\u00e9nero: El 76% de la poblaci\u00f3n espa\u00f1ola cree que la discriminaci\u00f3n de g\u00e9nero es muy baja o inexistente-La pesadilla de la violencia machista en Espa\u00f1a: 973 mujeres asesinadas desde 2003-&#039;Sisterhood&#039;, mujeres unidas...\" \/>\n<meta name=\"robots\" content=\"index, follow, max-snippet:-1, max-image-preview:large, max-video-preview:-1\" \/>\n<link rel=\"canonical\" href=\"https:\/\/cklcomunicaciones.es\/coop\/noticias-info-ckl-no-2-240-26-11-18\/\" \/>\n<meta property=\"og:locale\" content=\"es_ES\" \/>\n<meta property=\"og:type\" content=\"article\" \/>\n<meta property=\"og:title\" content=\"Noticias Info CKL n\u00ba 2.240-26\/11\/18-Comunica con perspectiva de g\u00e9nero\" \/>\n<meta property=\"og:description\" content=\"Comunicar con perspectiva de g\u00e9nero: El 76% de la poblaci\u00f3n espa\u00f1ola cree que la discriminaci\u00f3n de g\u00e9nero es muy baja o inexistente-La pesadilla de la violencia machista en Espa\u00f1a: 973 mujeres asesinadas desde 2003-&#039;Sisterhood&#039;, mujeres unidas...\" \/>\n<meta property=\"og:url\" content=\"https:\/\/cklcomunicaciones.es\/coop\/noticias-info-ckl-no-2-240-26-11-18\/\" \/>\n<meta property=\"og:site_name\" content=\"CKL Comunicaciones\" \/>\n<meta property=\"article:published_time\" content=\"2018-11-26T11:42:52+00:00\" \/>\n<meta property=\"article:modified_time\" content=\"2025-01-17T15:40:29+00:00\" \/>\n<meta property=\"og:image\" content=\"https:\/\/cklcomunicaciones.es\/coop\/wp-content\/uploads\/2018\/03\/CKL_comunicacion-con-perspetiva-de-genero.jpg\" \/>\n\t<meta property=\"og:image:width\" content=\"500\" \/>\n\t<meta property=\"og:image:height\" content=\"500\" \/>\n\t<meta property=\"og:image:type\" content=\"image\/jpeg\" \/>\n<meta name=\"author\" content=\"ckl\" \/>\n<meta name=\"twitter:card\" content=\"summary_large_image\" \/>\n<meta name=\"twitter:label1\" content=\"Escrito por\" \/>\n\t<meta name=\"twitter:data1\" content=\"ckl\" \/>\n\t<meta name=\"twitter:label2\" content=\"Tiempo de lectura\" \/>\n\t<meta name=\"twitter:data2\" content=\"5 minutos\" \/>\n<script type=\"application\/ld+json\" class=\"yoast-schema-graph\">{\"@context\":\"https:\\\/\\\/schema.org\",\"@graph\":[{\"@type\":\"Article\",\"@id\":\"https:\\\/\\\/cklcomunicaciones.es\\\/coop\\\/noticias-info-ckl-no-2-240-26-11-18\\\/#article\",\"isPartOf\":{\"@id\":\"https:\\\/\\\/cklcomunicaciones.es\\\/coop\\\/noticias-info-ckl-no-2-240-26-11-18\\\/\"},\"author\":{\"name\":\"ckl\",\"@id\":\"https:\\\/\\\/cklcomunicaciones.es\\\/coop\\\/#\\\/schema\\\/person\\\/929a6837f7626450bbb50cee1aef266e\"},\"headline\":\"Noticias Info CKL n\u00ba 2.240-26\\\/11\\\/18\",\"datePublished\":\"2018-11-26T11:42:52+00:00\",\"dateModified\":\"2025-01-17T15:40:29+00:00\",\"mainEntityOfPage\":{\"@id\":\"https:\\\/\\\/cklcomunicaciones.es\\\/coop\\\/noticias-info-ckl-no-2-240-26-11-18\\\/\"},\"wordCount\":1039,\"image\":{\"@id\":\"https:\\\/\\\/cklcomunicaciones.es\\\/coop\\\/noticias-info-ckl-no-2-240-26-11-18\\\/#primaryimage\"},\"thumbnailUrl\":\"http:\\\/\\\/www.cklcomunicaciones.es\\\/wp-content\\\/uploads\\\/2018\\\/03\\\/CKL_comunicacion-con-perspetiva-de-genero-300x300.jpg\",\"articleSection\":[\"Newsletter\",\"Nwl v2.0\"],\"inLanguage\":\"es\"},{\"@type\":\"WebPage\",\"@id\":\"https:\\\/\\\/cklcomunicaciones.es\\\/coop\\\/noticias-info-ckl-no-2-240-26-11-18\\\/\",\"url\":\"https:\\\/\\\/cklcomunicaciones.es\\\/coop\\\/noticias-info-ckl-no-2-240-26-11-18\\\/\",\"name\":\"Noticias Info CKL n\u00ba 2.240-26\\\/11\\\/18-Comunica con perspectiva de g\u00e9nero\",\"isPartOf\":{\"@id\":\"https:\\\/\\\/cklcomunicaciones.es\\\/coop\\\/#website\"},\"primaryImageOfPage\":{\"@id\":\"https:\\\/\\\/cklcomunicaciones.es\\\/coop\\\/noticias-info-ckl-no-2-240-26-11-18\\\/#primaryimage\"},\"image\":{\"@id\":\"https:\\\/\\\/cklcomunicaciones.es\\\/coop\\\/noticias-info-ckl-no-2-240-26-11-18\\\/#primaryimage\"},\"thumbnailUrl\":\"http:\\\/\\\/www.cklcomunicaciones.es\\\/wp-content\\\/uploads\\\/2018\\\/03\\\/CKL_comunicacion-con-perspetiva-de-genero-300x300.jpg\",\"datePublished\":\"2018-11-26T11:42:52+00:00\",\"dateModified\":\"2025-01-17T15:40:29+00:00\",\"author\":{\"@id\":\"https:\\\/\\\/cklcomunicaciones.es\\\/coop\\\/#\\\/schema\\\/person\\\/929a6837f7626450bbb50cee1aef266e\"},\"description\":\"Comunicar con perspectiva de g\u00e9nero: El 76% de la poblaci\u00f3n espa\u00f1ola cree que la discriminaci\u00f3n de g\u00e9nero es muy baja o inexistente-La pesadilla de la violencia machista en Espa\u00f1a: 973 mujeres asesinadas desde 2003-'Sisterhood', mujeres unidas...\",\"breadcrumb\":{\"@id\":\"https:\\\/\\\/cklcomunicaciones.es\\\/coop\\\/noticias-info-ckl-no-2-240-26-11-18\\\/#breadcrumb\"},\"inLanguage\":\"es\",\"potentialAction\":[{\"@type\":\"ReadAction\",\"target\":[\"https:\\\/\\\/cklcomunicaciones.es\\\/coop\\\/noticias-info-ckl-no-2-240-26-11-18\\\/\"]}]},{\"@type\":\"ImageObject\",\"inLanguage\":\"es\",\"@id\":\"https:\\\/\\\/cklcomunicaciones.es\\\/coop\\\/noticias-info-ckl-no-2-240-26-11-18\\\/#primaryimage\",\"url\":\"http:\\\/\\\/www.cklcomunicaciones.es\\\/wp-content\\\/uploads\\\/2018\\\/03\\\/CKL_comunicacion-con-perspetiva-de-genero-300x300.jpg\",\"contentUrl\":\"http:\\\/\\\/www.cklcomunicaciones.es\\\/wp-content\\\/uploads\\\/2018\\\/03\\\/CKL_comunicacion-con-perspetiva-de-genero-300x300.jpg\"},{\"@type\":\"BreadcrumbList\",\"@id\":\"https:\\\/\\\/cklcomunicaciones.es\\\/coop\\\/noticias-info-ckl-no-2-240-26-11-18\\\/#breadcrumb\",\"itemListElement\":[{\"@type\":\"ListItem\",\"position\":1,\"name\":\"Portada\",\"item\":\"https:\\\/\\\/cklcomunicaciones.es\\\/coop\\\/\"},{\"@type\":\"ListItem\",\"position\":2,\"name\":\"Noticias Info CKL n\u00ba 2.240-26\\\/11\\\/18\"}]},{\"@type\":\"WebSite\",\"@id\":\"https:\\\/\\\/cklcomunicaciones.es\\\/coop\\\/#website\",\"url\":\"https:\\\/\\\/cklcomunicaciones.es\\\/coop\\\/\",\"name\":\"CKL Comunicaciones\",\"description\":\"Sitio web de CKL Comunicaciones coop , la consultora de comunicaci\u00f3n y estrategia\",\"potentialAction\":[{\"@type\":\"SearchAction\",\"target\":{\"@type\":\"EntryPoint\",\"urlTemplate\":\"https:\\\/\\\/cklcomunicaciones.es\\\/coop\\\/?s={search_term_string}\"},\"query-input\":{\"@type\":\"PropertyValueSpecification\",\"valueRequired\":true,\"valueName\":\"search_term_string\"}}],\"inLanguage\":\"es\"},{\"@type\":\"Person\",\"@id\":\"https:\\\/\\\/cklcomunicaciones.es\\\/coop\\\/#\\\/schema\\\/person\\\/929a6837f7626450bbb50cee1aef266e\",\"name\":\"ckl\",\"image\":{\"@type\":\"ImageObject\",\"inLanguage\":\"es\",\"@id\":\"https:\\\/\\\/secure.gravatar.com\\\/avatar\\\/c82db564e8a669bf6023357a157b9dc4780f4d4c618f2ad1d71a6a5dede45057?s=96&d=mm&r=g\",\"url\":\"https:\\\/\\\/secure.gravatar.com\\\/avatar\\\/c82db564e8a669bf6023357a157b9dc4780f4d4c618f2ad1d71a6a5dede45057?s=96&d=mm&r=g\",\"contentUrl\":\"https:\\\/\\\/secure.gravatar.com\\\/avatar\\\/c82db564e8a669bf6023357a157b9dc4780f4d4c618f2ad1d71a6a5dede45057?s=96&d=mm&r=g\",\"caption\":\"ckl\"},\"url\":\"https:\\\/\\\/cklcomunicaciones.es\\\/coop\\\/author\\\/cklcomunicaciones\\\/\"}]}<\/script>\n<!-- \/ Yoast SEO plugin. -->","yoast_head_json":{"title":"Noticias Info CKL n\u00ba 2.240-26\/11\/18-Comunica con perspectiva de g\u00e9nero","description":"Comunicar con perspectiva de g\u00e9nero: El 76% de la poblaci\u00f3n espa\u00f1ola cree que la discriminaci\u00f3n de g\u00e9nero es muy baja o inexistente-La pesadilla de la violencia machista en Espa\u00f1a: 973 mujeres asesinadas desde 2003-'Sisterhood', mujeres unidas...","robots":{"index":"index","follow":"follow","max-snippet":"max-snippet:-1","max-image-preview":"max-image-preview:large","max-video-preview":"max-video-preview:-1"},"canonical":"https:\/\/cklcomunicaciones.es\/coop\/noticias-info-ckl-no-2-240-26-11-18\/","og_locale":"es_ES","og_type":"article","og_title":"Noticias Info CKL n\u00ba 2.240-26\/11\/18-Comunica con perspectiva de g\u00e9nero","og_description":"Comunicar con perspectiva de g\u00e9nero: El 76% de la poblaci\u00f3n espa\u00f1ola cree que la discriminaci\u00f3n de g\u00e9nero es muy baja o inexistente-La pesadilla de la violencia machista en Espa\u00f1a: 973 mujeres asesinadas desde 2003-'Sisterhood', mujeres unidas...","og_url":"https:\/\/cklcomunicaciones.es\/coop\/noticias-info-ckl-no-2-240-26-11-18\/","og_site_name":"CKL Comunicaciones","article_published_time":"2018-11-26T11:42:52+00:00","article_modified_time":"2025-01-17T15:40:29+00:00","og_image":[{"width":500,"height":500,"url":"https:\/\/cklcomunicaciones.es\/coop\/wp-content\/uploads\/2018\/03\/CKL_comunicacion-con-perspetiva-de-genero.jpg","type":"image\/jpeg"}],"author":"ckl","twitter_card":"summary_large_image","twitter_misc":{"Escrito por":"ckl","Tiempo de lectura":"5 minutos"},"schema":{"@context":"https:\/\/schema.org","@graph":[{"@type":"Article","@id":"https:\/\/cklcomunicaciones.es\/coop\/noticias-info-ckl-no-2-240-26-11-18\/#article","isPartOf":{"@id":"https:\/\/cklcomunicaciones.es\/coop\/noticias-info-ckl-no-2-240-26-11-18\/"},"author":{"name":"ckl","@id":"https:\/\/cklcomunicaciones.es\/coop\/#\/schema\/person\/929a6837f7626450bbb50cee1aef266e"},"headline":"Noticias Info CKL n\u00ba 2.240-26\/11\/18","datePublished":"2018-11-26T11:42:52+00:00","dateModified":"2025-01-17T15:40:29+00:00","mainEntityOfPage":{"@id":"https:\/\/cklcomunicaciones.es\/coop\/noticias-info-ckl-no-2-240-26-11-18\/"},"wordCount":1039,"image":{"@id":"https:\/\/cklcomunicaciones.es\/coop\/noticias-info-ckl-no-2-240-26-11-18\/#primaryimage"},"thumbnailUrl":"http:\/\/www.cklcomunicaciones.es\/wp-content\/uploads\/2018\/03\/CKL_comunicacion-con-perspetiva-de-genero-300x300.jpg","articleSection":["Newsletter","Nwl v2.0"],"inLanguage":"es"},{"@type":"WebPage","@id":"https:\/\/cklcomunicaciones.es\/coop\/noticias-info-ckl-no-2-240-26-11-18\/","url":"https:\/\/cklcomunicaciones.es\/coop\/noticias-info-ckl-no-2-240-26-11-18\/","name":"Noticias Info CKL n\u00ba 2.240-26\/11\/18-Comunica con perspectiva de g\u00e9nero","isPartOf":{"@id":"https:\/\/cklcomunicaciones.es\/coop\/#website"},"primaryImageOfPage":{"@id":"https:\/\/cklcomunicaciones.es\/coop\/noticias-info-ckl-no-2-240-26-11-18\/#primaryimage"},"image":{"@id":"https:\/\/cklcomunicaciones.es\/coop\/noticias-info-ckl-no-2-240-26-11-18\/#primaryimage"},"thumbnailUrl":"http:\/\/www.cklcomunicaciones.es\/wp-content\/uploads\/2018\/03\/CKL_comunicacion-con-perspetiva-de-genero-300x300.jpg","datePublished":"2018-11-26T11:42:52+00:00","dateModified":"2025-01-17T15:40:29+00:00","author":{"@id":"https:\/\/cklcomunicaciones.es\/coop\/#\/schema\/person\/929a6837f7626450bbb50cee1aef266e"},"description":"Comunicar con perspectiva de g\u00e9nero: El 76% de la poblaci\u00f3n espa\u00f1ola cree que la discriminaci\u00f3n de g\u00e9nero es muy baja o inexistente-La pesadilla de la violencia machista en Espa\u00f1a: 973 mujeres asesinadas desde 2003-'Sisterhood', mujeres unidas...","breadcrumb":{"@id":"https:\/\/cklcomunicaciones.es\/coop\/noticias-info-ckl-no-2-240-26-11-18\/#breadcrumb"},"inLanguage":"es","potentialAction":[{"@type":"ReadAction","target":["https:\/\/cklcomunicaciones.es\/coop\/noticias-info-ckl-no-2-240-26-11-18\/"]}]},{"@type":"ImageObject","inLanguage":"es","@id":"https:\/\/cklcomunicaciones.es\/coop\/noticias-info-ckl-no-2-240-26-11-18\/#primaryimage","url":"http:\/\/www.cklcomunicaciones.es\/wp-content\/uploads\/2018\/03\/CKL_comunicacion-con-perspetiva-de-genero-300x300.jpg","contentUrl":"http:\/\/www.cklcomunicaciones.es\/wp-content\/uploads\/2018\/03\/CKL_comunicacion-con-perspetiva-de-genero-300x300.jpg"},{"@type":"BreadcrumbList","@id":"https:\/\/cklcomunicaciones.es\/coop\/noticias-info-ckl-no-2-240-26-11-18\/#breadcrumb","itemListElement":[{"@type":"ListItem","position":1,"name":"Portada","item":"https:\/\/cklcomunicaciones.es\/coop\/"},{"@type":"ListItem","position":2,"name":"Noticias Info CKL n\u00ba 2.240-26\/11\/18"}]},{"@type":"WebSite","@id":"https:\/\/cklcomunicaciones.es\/coop\/#website","url":"https:\/\/cklcomunicaciones.es\/coop\/","name":"CKL Comunicaciones","description":"Sitio web de CKL Comunicaciones coop , la consultora de comunicaci\u00f3n y estrategia","potentialAction":[{"@type":"SearchAction","target":{"@type":"EntryPoint","urlTemplate":"https:\/\/cklcomunicaciones.es\/coop\/?s={search_term_string}"},"query-input":{"@type":"PropertyValueSpecification","valueRequired":true,"valueName":"search_term_string"}}],"inLanguage":"es"},{"@type":"Person","@id":"https:\/\/cklcomunicaciones.es\/coop\/#\/schema\/person\/929a6837f7626450bbb50cee1aef266e","name":"ckl","image":{"@type":"ImageObject","inLanguage":"es","@id":"https:\/\/secure.gravatar.com\/avatar\/c82db564e8a669bf6023357a157b9dc4780f4d4c618f2ad1d71a6a5dede45057?s=96&d=mm&r=g","url":"https:\/\/secure.gravatar.com\/avatar\/c82db564e8a669bf6023357a157b9dc4780f4d4c618f2ad1d71a6a5dede45057?s=96&d=mm&r=g","contentUrl":"https:\/\/secure.gravatar.com\/avatar\/c82db564e8a669bf6023357a157b9dc4780f4d4c618f2ad1d71a6a5dede45057?s=96&d=mm&r=g","caption":"ckl"},"url":"https:\/\/cklcomunicaciones.es\/coop\/author\/cklcomunicaciones\/"}]}},"_links":{"self":[{"href":"https:\/\/cklcomunicaciones.es\/coop\/wp-json\/wp\/v2\/posts\/14296","targetHints":{"allow":["GET"]}}],"collection":[{"href":"https:\/\/cklcomunicaciones.es\/coop\/wp-json\/wp\/v2\/posts"}],"about":[{"href":"https:\/\/cklcomunicaciones.es\/coop\/wp-json\/wp\/v2\/types\/post"}],"author":[{"embeddable":true,"href":"https:\/\/cklcomunicaciones.es\/coop\/wp-json\/wp\/v2\/users\/3"}],"replies":[{"embeddable":true,"href":"https:\/\/cklcomunicaciones.es\/coop\/wp-json\/wp\/v2\/comments?post=14296"}],"version-history":[{"count":0,"href":"https:\/\/cklcomunicaciones.es\/coop\/wp-json\/wp\/v2\/posts\/14296\/revisions"}],"wp:attachment":[{"href":"https:\/\/cklcomunicaciones.es\/coop\/wp-json\/wp\/v2\/media?parent=14296"}],"wp:term":[{"taxonomy":"category","embeddable":true,"href":"https:\/\/cklcomunicaciones.es\/coop\/wp-json\/wp\/v2\/categories?post=14296"},{"taxonomy":"post_tag","embeddable":true,"href":"https:\/\/cklcomunicaciones.es\/coop\/wp-json\/wp\/v2\/tags?post=14296"}],"curies":[{"name":"wp","href":"https:\/\/api.w.org\/{rel}","templated":true}]}}