{"id":14287,"date":"2018-11-22T13:22:34","date_gmt":"2018-11-22T12:22:34","guid":{"rendered":"http:\/\/www.cklcomunicaciones.es\/?p=14287"},"modified":"2025-01-17T16:40:29","modified_gmt":"2025-01-17T15:40:29","slug":"noticias-info-ckl-no-2-238-22-11-18","status":"publish","type":"post","link":"https:\/\/cklcomunicaciones.es\/coop\/noticias-info-ckl-no-2-238-22-11-18\/","title":{"rendered":"Noticias Info CKL n\u00ba 2.238-22\/11\/18"},"content":{"rendered":"<div id=\"pl-14287\"  class=\"panel-layout\" >\n<div id=\"pg-14287-0\"  class=\"panel-grid panel-no-style\"  data-style=\"{&quot;background_image_attachment&quot;:false,&quot;background_display&quot;:&quot;tile&quot;,&quot;cell_alignment&quot;:&quot;flex-start&quot;}\" >\n<div id=\"pgc-14287-0-0\"  class=\"panel-grid-cell\"  data-weight=\"1\" >\n<div id=\"panel-14287-0-0-0\" class=\"so-panel widget widget_sow-editor panel-first-child panel-last-child\" data-index=\"0\" data-style=\"{&quot;background_image_attachment&quot;:false,&quot;background_display&quot;:&quot;tile&quot;}\" >\n<div class=\"so-widget-sow-editor so-widget-sow-editor-base\">\n<div class=\"siteorigin-widget-tinymce textwidget\">\n<p><img decoding=\"async\" class=\"lazyload  wp-image-13726\" src=\"http:\/\/www.cklcomunicaciones.es\/wp-content\/uploads\/2018\/03\/CKL_comunicacion-con-perspetiva-de-genero-300x300.jpg\" data-orig-src=\"http:\/\/www.cklcomunicaciones.es\/wp-content\/uploads\/2018\/03\/CKL_comunicacion-con-perspetiva-de-genero-300x300.jpg\" alt=\"CKL_comunicacion con perspetiva de genero\" width=\"132\" height=\"132\" srcset=\"data:image\/svg+xml,%3Csvg%20xmlns%3D%27http%3A%2F%2Fwww.w3.org%2F2000%2Fsvg%27%20width%3D%27132%27%20height%3D%27132%27%20viewBox%3D%270%200%20132%20132%27%3E%3Crect%20width%3D%27132%27%20height%3D%27132%27%20fill-opacity%3D%220%22%2F%3E%3C%2Fsvg%3E\" data-srcset=\"https:\/\/cklcomunicaciones.es\/coop\/wp-content\/uploads\/2018\/03\/CKL_comunicacion-con-perspetiva-de-genero-150x150.jpg 150w, https:\/\/cklcomunicaciones.es\/coop\/wp-content\/uploads\/2018\/03\/CKL_comunicacion-con-perspetiva-de-genero-300x300.jpg 300w, https:\/\/cklcomunicaciones.es\/coop\/wp-content\/uploads\/2018\/03\/CKL_comunicacion-con-perspetiva-de-genero-450x450.jpg 450w, https:\/\/cklcomunicaciones.es\/coop\/wp-content\/uploads\/2018\/03\/CKL_comunicacion-con-perspetiva-de-genero.jpg 500w\" data-sizes=\"auto\" data-orig-sizes=\"(max-width: 132px) 100vw, 132px\" \/><\/p>\n<p id=\":f6\" class=\"hP\" tabindex=\"-1\" data-thread-perm-id=\"thread-f:1616663930810018294\" data-legacy-thread-id=\"166f8b47951e29f6\"><strong>De la brecha salarial a la brecha en las pensiones-Ana Graciani, Presidenta Fundaci\u00f3n SGAE-Marisa Kohan, Premio Compromiso Mejor trabajo period\u00edstico contra VG-Femen: De rebeldes en Ucrania a guerreras feministas<\/strong><\/p>\n<p>[toggle type=\u00bbfirst\u00bb title=\u00bbConvocatorias\u00bb]<\/p>\n<ul>\n<li><a href=\"https:\/\/www.facebook.com\/1815849458698548\/photos\/a.1849074695376024\/2205403849743105\/?type=3&amp;notif_id=1542373620044898&amp;notif_t=page_post_reaction\">Presentaci\u00f3n del libro &#8216;De la Igualdad de G\u00e9nero a la Igualdad Sexual y de G\u00e9nero. Reflexiones Educativas y Sociales&#8217;<\/a>. Granada, Universidad de Granada. 22 de noviembre de 2018<\/li>\n<li><a href=\"http:\/\/www.juntadeandalucia.es\/iam\/catalogo\/doc\/convocatorias\/2018-genero\/SE-fundaciontresculturas-conversacion-lena-merhej.jpg\">Conversaci\u00f3n con Lena Merhej (Presentaci\u00f3n de su c\u00f3mic &#8216;Yogur con mermelada&#8217;)<\/a>. Fundaci\u00f3n Tres Culturas. 28 de noviembre de 2018. <a href=\"http:\/\/tresculturas.org\/actividad\/la-artista-libanesa-lena-merhaj-presenta-su-comic-yogur-con-mermelada\/\">Inscripci\u00f3n<\/a><\/li>\n<li>Lanzamiento de la 3\u00aa edici\u00f3n de los Premios EJE&amp;CON al Talento Sin G\u00e9nero. Plazo abierto para presentar candidaturas hasta el 21 de diciembre: <a href=\"https:\/\/ejecon.org\/premios\/talentosingenero\/\">https:\/\/ejecon.org\/premios\/talentosingenero\/<\/a><\/li>\n<\/ul>\n<p>[\/toggle]<\/p>\n<p>[toggle type=\u00bbfirst\u00bb title=\u00bbComunicaci\u00f3n\u00bb]<\/p>\n<p><a href=\"https:\/\/www.publico.es\/sociedad\/periodista-publico-marisa-kohan-galardonada.html\">La periodista de P\u00fablico Marisa Kohan, galardonada con el premio al mejor trabajo period\u00edstico contra la violencia de g\u00e9nero<\/a> &#8211; P\u00fablico<\/p>\n<p><a href=\"http:\/\/www.elmundo.es\/television\/2018\/11\/17\/5befe592268e3ec9478b4626.html\">La periodista Mar de Miguel, premiada por su reportaje &#8216;Complutum, ciudad romana a un paso de Madrid&#8217;<\/a> \u2013 El Mundo<\/p>\n<p><a href=\"https:\/\/www.google.com\/url?sa=t&amp;rct=j&amp;q=&amp;esrc=s&amp;source=newssearch&amp;cd=2&amp;ved=0ahUKEwiHxb3k9ufeAhUsqYsKHak8B10QqQIIKygAMAE&amp;url=https%3A%2F%2Fwww.elperiodico.com%2Fes%2Fmataro%2F20181121%2Fel-dia-mundial-de-la-tv-constata-como-el-medio-sigue-actuando-de-espejo-de-la-sociedad-en-cuestion-de-genero-7160623&amp;usg=AOvVaw37P-zvB9AZ6Hc2umx_akbs\">El D\u00eda Mundial de la TV constata como el medio sigue actuando de espejo de la sociedad en cuesti\u00f3n de g\u00e9nero &#8230;<\/a>&#8211; El Peri\u00f3dico<\/p>\n<p><a href=\"https:\/\/www.europapress.es\/epsocial\/infancia\/noticia-congreso-quiere-evitar-anuncios-juguetes-roles-sexistas-20181121200412.html\">El Congreso quiere evitar anuncios de juguetes con roles sexistas<\/a>&#8211; Europa Press<\/p>\n<p><a href=\"https:\/\/www.google.com\/url?rct=j&amp;sa=t&amp;url=http:\/\/www.tarreo.com\/noticias\/503121\/Pokemon-Let-s-Go-elimina-referencias-sexistas-de-los-juegos-originales&amp;ct=ga&amp;cd=CAEYACoUMTMxNTA2MzI3MzU2NDM1MDIzNDkyGTFkYzViZWNjNzA2ZWNmOGI6ZXM6ZXM6RVM&amp;usg=AFQjCNFxeT_RBA9un59e7AsisPXCPLz_mw\">Pok\u00e9mon Let&#8217;s Go elimina referencias sexistas de los juegos originales <\/a>&#8211; Tarreo<\/p>\n<p><a href=\"https:\/\/www.elpais.com.uy\/opinion\/columnistas\/fmi-dialogo-a-fondo\/mujeres-tecnologia-futuro.html\">Las mujeres, la tecnolog\u00eda y el futuro del trabajo<\/a>&#8211; Diario El Pa\u00eds<\/p>\n<p>[\/toggle]<\/p>\n<p>[toggle type=\u00bbfirst\u00bb title=\u00bbAndaluc\u00eda\u00bb]<\/p>\n<p><strong>Econom\u00eda y Empresas<\/strong><\/p>\n<p><a href=\"https:\/\/www.europapress.es\/andalucia\/malaga-00356\/noticia-foro-talent-woman-malaga-homenajeara-cientifica-margarita-salas-80-cumpleanos-20181121182522.html\">El foro Talent Woman en M\u00e1laga homenajear\u00e1 a la cient\u00edfica Margarita Salas &#8230;<\/a>&#8211; Europa Press<\/p>\n<p><a href=\"https:\/\/www.google.com\/url?sa=t&amp;rct=j&amp;q=&amp;esrc=s&amp;source=newssearch&amp;cd=4&amp;ved=0ahUKEwjSureH9OfeAhUIL8AKHQXwAz8QqQIIMCgAMAM&amp;url=https%3A%2F%2Fwww.larazon.es%2Flocal%2Fandalucia%2Fla-junta-prioriza-cuestiones-de-genero-a-la-creacion-de-empleo-en-las-ayudas-al-cine-a-KH20631964&amp;usg=AOvVaw0vU1GGwYlR0okyq8DNDEM6\">La Junta prioriza cuestiones de g\u00e9nero a la creaci\u00f3n de empleo en las ayudas al cine &#8230;<\/a>&#8211; La Raz\u00f3n<\/p>\n<p><a href=\"https:\/\/www.google.com\/url?sa=t&amp;rct=j&amp;q=&amp;esrc=s&amp;source=newssearch&amp;cd=45&amp;ved=0ahUKEwiZ-d6O7efeAhWsIsAKHTmDDp84KBCpAggzKAAwBA&amp;url=https%3A%2F%2Fwww.ideal.es%2Fgranada%2Fmujeres-necesitamos-empujen-20181122231347-ntvo.html&amp;usg=AOvVaw3kuqvnEYlU8vzsrUyNJTSs\">Susana Voces, responsable de Ebay en Espa\u00f1a y Portugal: \u201cLas mujeres no necesitamos que nos empujen, basta con que no nos frenen\u201d &#8230;<\/a>&#8211; Ideal Digital<\/p>\n<p><a href=\"https:\/\/www.eldiario.es\/planigualdad\/brecha_salarial-pensiones-pensionistas-Andalucia-SMI-economia_6_836126380.html\">De la brecha salarial a la brecha en las pensiones: el 70% de las pensionistas en Andaluc\u00eda &#8230;<\/a>&#8211; <a href=\"http:\/\/eldiario.es\">eldiario.es<\/a><\/p>\n<p><a href=\"https:\/\/www.google.com\/url?sa=t&amp;rct=j&amp;q=&amp;esrc=s&amp;source=newssearch&amp;cd=6&amp;ved=0ahUKEwjR5MK79ufeAhUMCcAKHQgODt4QqQIINygAMAU&amp;url=https%3A%2F%2Fwww.teleprensa.com%2Falmeria%2Fel-gobierno-andaluz-habilitara-bonos-sociales-para-autonomos-e-invertira-el-2-del-presupuesto-en-investigacion.html&amp;usg=AOvVaw1RYGcH6oKGoOSpEWiy1yAg\">El Gobierno andaluz habilitar\u00e1 bonos sociales para aut\u00f3nomos e &#8230;<\/a>&#8211; Teleprensa peri\u00f3dico digital<\/p>\n<p><strong>Actualidad<\/strong><\/p>\n<p><a href=\"https:\/\/www.elmundo.es\/andalucia\/2018\/11\/21\/5bf5af6a22601d333f8b45c9.html\">Eugenia Lorente, ganadora de la tercera edici\u00f3n del concurso &#8230;<\/a>&#8211; El Mundo<\/p>\n<p><a href=\"http:\/\/www.juntadeandalucia.es\/presidencia\/portavoz\/138817\/andalucia\/inclusionsocial\/comunidadgitana\">Andaluc\u00eda es \u00abun referente nacional y europeo\u00bb en inclusi\u00f3n social de la comunidad gitana<\/a> \u2013 Oficina del Portavoz<\/p>\n<p><a href=\"https:\/\/www.google.com\/url?sa=t&amp;rct=j&amp;q=&amp;esrc=s&amp;source=newssearch&amp;cd=15&amp;ved=0ahUKEwiDqK_o8-feAhUrCMAKHe61DNA4ChCpAggzKAAwBA&amp;url=https%3A%2F%2Fwww.huelvainformacion.es%2Fprovincia%2Figualdad-genero-PEHU_0_1302470002.html&amp;usg=AOvVaw3G3C2_jRXJlmBOkA9cxmA9\">La igualdad de g\u00e9nero, principio fundamental del Plan Estrat\u00e9gico de la Provincia de Huelva\u2026<\/a>&#8211; Huelva Informaci\u00f3n<\/p>\n<p><strong>Violencias<\/strong><\/p>\n<p><a href=\"https:\/\/www.google.com\/url?rct=j&amp;sa=t&amp;url=http:\/\/www.sevillaactualidad.com\/sevilla\/111448-mas-de-4-000-denuncias-por-violencia-de-genero-en-la-provincia-durante-el-primer-semestre-de-2018\/&amp;ct=ga&amp;cd=CAEYAyoTOTE5OTU0MzMzNzczMTEyMzIwMzIZZTFlNzdkMTU2MDk4YThlMzplczplczpFUw&amp;usg=AFQjCNHXS2kx_5Pu9LoxlHtg4kyR6gKhkQ\">M\u00e1s de 4.000 denuncias por violencia de g\u00e9nero en la provincia durante el primer semestre de 2018 <\/a>&#8211; Sevilla Actualidad<\/p>\n<p><a href=\"https:\/\/www.google.com\/url?sa=t&amp;rct=j&amp;q=&amp;esrc=s&amp;source=newssearch&amp;cd=8&amp;ved=0ahUKEwjM_ra_8-feAhVpDMAKHQYBCKQQqQIIPSgAMAc&amp;url=http%3A%2F%2Fwww.lamardeonuba.es%2Fhombres-feministas-algunos-referentes-un-comic-contra-la-violencia-machista%2F&amp;usg=AOvVaw2YTW25cZsJKWhF44csNrQZ\">\u201cHombres feministas: algunos referentes\u201d, un c\u00f3mic contra la &#8230;<\/a>&#8211; Revista La Mar de Onuba<\/p>\n<p><strong>Ciencia y Cultura<\/strong><\/p>\n<p><a href=\"https:\/\/sevillabuenasnoticias.com\/la-us-se-situa-en-el-top-15-del-deporte-universitario-europeo\/\">La Universidad de Sevilla se sit\u00faa en el Top 15 del deporte universitario europeo\u2026<\/a>&#8211;<a href=\"http:\/\/sevillabuenasnoticias.com\">sevillabuenasnoticias.com<\/a><\/p>\n<p><a href=\"https:\/\/www.google.com\/url?rct=j&amp;sa=t&amp;url=https:\/\/secretolivo.com\/index.php\/2018\/11\/22\/carmen-canet-el-aforismo-es-un-genero-fronterizo-entre-la-poesia-y-la-filosofia\/&amp;ct=ga&amp;cd=CAEYFSoTOTE5OTU0MzMzNzczMTEyMzIwMzIZZTFlNzdkMTU2MDk4YThlMzplczplczpFUw&amp;usg=AFQjCNE9VZOzNSuhX27hH33yeNpJr9wbFw\">Carmen Canet, doctora Filolog\u00eda Hisp\u00e1nica: \u201cEl aforismo es un g\u00e9nero fronterizo entre la poes\u00eda y la filosof\u00eda\u201d <\/a>&#8211; secretOlivo (blog)<\/p>\n<p><a href=\"https:\/\/elpais.com\/cultura\/2018\/11\/21\/actualidad\/1542822817_969859.html\">Pilar Albarrac\u00edn: \u201cSer artista tambi\u00e9n es un oficio, pero no se paga\u201d<\/a> \u2013 El Pa\u00eds<\/p>\n<p><a href=\"https:\/\/www.google.com\/url?sa=t&amp;rct=j&amp;q=&amp;esrc=s&amp;source=newssearch&amp;cd=5&amp;ved=0ahUKEwjek7r_8OfeAhVKDcAKHbQmDX0QqQIIMygAMAQ&amp;url=https%3A%2F%2Fwww.elmundo.es%2Fandalucia%2F2018%2F11%2F22%2F5bf68567e5fdea606e8b4654.html&amp;usg=AOvVaw2TeN8PvWV3gSHDzg9VMFIG\">Y Manuela, cuatro a\u00f1os despu\u00e9s<\/a> &#8211; El Mundo<\/p>\n<p><a href=\"http:\/\/www.diariojaen.es\/cultura\/la-dignidad-de-la-mujer-africana-en-fotos-CC4859994\">La \u201cdignidad\u201d de la mujer africana en fotos<\/a>&#8211; Diario Ja\u00e9n<\/p>\n<p><strong>Deporte<\/strong><\/p>\n<p><a href=\"https:\/\/www.malagahoy.es\/deportes\/Golf-Open-Andalucia-costa-sol-Azahara-Munoz_0_1302470142.html\">Azahara en su jard\u00edn<\/a>&#8211; M\u00e1laga Hoy<\/p>\n<p>[\/toggle]<\/p>\n<p>[toggle type=\u00bbfirst\u00bb title=\u00bbEstado\u00bb]<\/p>\n<p><strong>Institucional-CCAA<\/strong><\/p>\n<p><a href=\"https:\/\/www.google.com\/url?rct=j&amp;sa=t&amp;url=https:\/\/www.melillahoy.es\/noticia\/112005\/mujer\/en-las-vii-jornadas-multidisciplinares-de-violencia-de-genero-sumamos-compromisos.html&amp;ct=ga&amp;cd=CAEYCCoTOTE5OTU0MzMzNzczMTEyMzIwMzIZZTFlNzdkMTU2MDk4YThlMzplczplczpFUw&amp;usg=AFQjCNHuiamfJYr0aq_TRv1_2MZ6B5uijQ\">En las VII Jornadas multidisciplinares de Violencia de G\u00e9nero \u00abSumamos compromisos\u00bb <\/a>&#8211; Melilla Hoy<\/p>\n<p><a href=\"https:\/\/www.publico.es\/politica\/parlamento-gallego-aprueba-eliminacion-obligatorio-falda-colegios-uniforme.html\">El Parlamento gallego aprueba la eliminaci\u00f3n del uso obligatorio de la falda en los colegios con uniforme<\/a> &#8211; P\u00fablico<\/p>\n<p><a href=\"https:\/\/www.google.com\/url?sa=t&amp;rct=j&amp;q=&amp;esrc=s&amp;source=newssearch&amp;cd=90&amp;ved=0ahUKEwi4v_Dh7-feAhXlKMAKHbX3AYQ4UBCpAghCKAAwCQ&amp;url=https%3A%2F%2Fwww.eldiario.es%2Fnorte%2Feuskadi%2Fmujeres-buscara-relevancia-deporte-Bilbao_0_838167150.html&amp;usg=AOvVaw1wClCfoKQTSFjRi7CzK0MB\">Una regata de mujeres buscar\u00e1 dar \u00abrelevancia\u00bb al papel de la mujer &#8230;<\/a>&#8211; <a href=\"http:\/\/eldiario.es\">eldiario.es<\/a><\/p>\n<p><a href=\"https:\/\/www.google.com\/url?sa=t&amp;rct=j&amp;q=&amp;esrc=s&amp;source=newssearch&amp;cd=5&amp;ved=0ahUKEwi1l5WJ8ufeAhXFLcAKHdOPAwUQqQIINCgAMAQ&amp;url=https%3A%2F%2Ftribunafeminista.elplural.com%2F2018%2F11%2Fel-instituto-aragones-de-la-mujer-pondra-en-marcha-una-guardia-psicologica-gratuita-para-las-mujeres-victimas-de-violencia%2F&amp;usg=AOvVaw3ovz6EpKfKMYGIxDkfekf6\">El Instituto Aragon\u00e9s de la Mujer pondr\u00e1 en marcha una guardia psicol\u00f3gica &#8230;<\/a>&#8211; elplural.com<\/p>\n<p><strong>Ec<\/strong><strong>onom\u00eda y Empresa<\/strong><\/p>\n<p><a href=\"https:\/\/elpais.com\/economia\/2018\/11\/21\/actualidad\/1542820591_917809.html\">Garamendi se compromente a elevar la presencia de mujeres en CEOE<\/a> \u2013 El Pa\u00eds<\/p>\n<p><a href=\"https:\/\/elpais.com\/economia\/2018\/11\/21\/actualidad\/1542811568_541791.html\">El FMI exige a Espa\u00f1a medidas fiscales cre\u00edbles y reformar las pensiones<\/a> \u2013 El Pa\u00eds<\/p>\n<p><strong>Actualidad<\/strong><strong>\u00a0\u00a0\u00a0<\/strong><\/p>\n<p><a href=\"https:\/\/www.google.com\/url?sa=t&amp;rct=j&amp;q=&amp;esrc=s&amp;source=newssearch&amp;cd=68&amp;ved=0ahUKEwjSz62M8-feAhVJe8AKHWpSD9Y4PBCpAgg8KAAwBw&amp;url=https%3A%2F%2Fwww.larazon.es%2Fatusalud%2Fsalud%2F16-000-mujeres-mueren-al-ano-por-ictus-mas-del-doble-que-por-cancer-de-mama-MG20623870&amp;usg=AOvVaw2mInQZ2magj24n9FawHkaN\">16.000 mujeres mueren al a\u00f1o por ictus, m\u00e1s del doble que por c\u00e1ncer de mama &#8230;<\/a>&#8211; La Razon<\/p>\n<p><a href=\"https:\/\/www.publico.es\/publico-tv\/publico-al-dia\/programa\/724203\/de-rebeldes-en-ucrania-a-guerreras-del-feminismo-recorremos-la-historia-de-femen\">De rebeldes en Ucrania a guerreras del feminismo, recorremos la historia de Femen<\/a> &#8211; P\u00fablico<\/p>\n<p><a href=\"https:\/\/www.lavanguardia.com\/comer\/20181121\/453078883748\/guia-michelin-reivindica-papel-mujeres-espana-portugal-video-seo-ext.html\">La Gu\u00eda Michelin reivindica la presencia de las mujeres<\/a>&#8211; La Vanguardia<\/p>\n<p><a href=\"https:\/\/www.publico.es\/espana\/violencia-machista-jueces-manada-sentencian-acuchillar-tratar-axfixiar-mujer-maltrato-ocasional.html\">Los jueces de &#8216;La Manada&#8217; condenan s\u00f3lo por \u00abmaltrato ocasional\u00bb a un hombre que acuchill\u00f3 y trat\u00f3 de asfixiar a su mujer<\/a> -P\u00fablico<\/p>\n<p><strong>Violencia<\/strong><\/p>\n<p><a href=\"https:\/\/www.google.com\/url?rct=j&amp;sa=t&amp;url=https:\/\/www.madridiario.es\/462358\/el-empleo-como-elemento-clave-para-recuperar-la-normalidad-de-las-victimas-de-violencia-de-genero&amp;ct=ga&amp;cd=CAEYACoTOTE5OTU0MzMzNzczMTEyMzIwMzIZZTFlNzdkMTU2MDk4YThlMzplczplczpFUw&amp;usg=AFQjCNGJufC134LsUYx8gm5aMarcVIM2gQ\">El empleo como elemento clave para recuperar la normalidad de las v\u00edctimas de violencia de g\u00e9nero <\/a>&#8211; Madridiario<\/p>\n<p><a href=\"https:\/\/elpais.com\/sociedad\/2018\/11\/21\/actualidad\/1542821133_450601.html\">V\u00edctimas de violencia de g\u00e9nero piden en Bruselas retirar la patria potestad a los maltratadores<\/a> \u2013 El Pa\u00eds<\/p>\n<p><a href=\"https:\/\/www.publico.es\/espana\/agravante-genero-debera-aplicarse-aunque.html\">El agravante de g\u00e9nero deber\u00e1 aplicarse aunque el agresor y la v\u00edctima no tengan relaci\u00f3n<\/a> \u2013 P\u00fablico<\/p>\n<p><a href=\"https:\/\/www.google.com\/url?sa=t&amp;rct=j&amp;q=&amp;esrc=s&amp;source=newssearch&amp;cd=92&amp;ved=0ahUKEwjkrfOl8OfeAhWLBsAKHS2WAII4WhCpAggqKAAwAQ&amp;url=http%3A%2F%2Fwww.canalsur.es%2Fradio%2Fprogramas%2Fhora-sur-mediodia%2Fnoticia%2F1360285.html&amp;usg=AOvVaw0MgRr8P50yEJQ5TMaALFLx\">\u00bfA qu\u00e9 se enfrentan las mujeres cuando denuncian a sus agresores?<\/a>&#8211; CanalSurWeb<\/p>\n<p><strong>Ciencia y Cultura<\/strong><\/p>\n<p><a href=\"https:\/\/www.elmundo.es\/papel\/historias\/2018\/11\/22\/5bf55bbf22601d99708b459f.html\">Alena Gros, la investigadora que traer\u00e1 a Espa\u00f1a la &#8216;terapia milagro&#8217; contra el c\u00e1ncer <\/a>\u2013 El Mundo<\/p>\n<p><a href=\"https:\/\/www.lavanguardia.com\/cultura\/20181121\/453081725965\/ana-graciani-nueva-presidenta-fundacion-sgae.html\">Ana Graciani, nueva presidenta de la Fundaci\u00f3n SGAE y segunda &#8230;<\/a>&#8211; La Vanguardia<\/p>\n<p><a href=\"http:\/\/amp.rtve.es\/television\/20181121\/tendiendo-palabras-recorre-apasionante-vida-maria-moliner-dedicada-vocacion-amor-lenguaje\/1841620.shtml?__twitter_impression=true\">\u201dTendiendo palabras\u201d recorre la apasionante vida de Mar\u00eda Moliner dedicada a la vocaci\u00f3n y el amor por el lenguaje\u2026<\/a><a href=\"http:\/\/rtve.es\">rtve.es<\/a><\/p>\n<p><a href=\"http:\/\/www.canalsur.es\/noticias\/los-premios-planeta-2018-nos-hablan-de-las-mujeres-de-sus-novelas-ganadoras\/1360518.html\">Los premios Planeta 2018 nos hablan de las mujeres de sus novelas &#8230;<\/a>&#8211; CanalSurWeb<\/p>\n<p><a href=\"https:\/\/www.google.com\/url?sa=t&amp;rct=j&amp;q=&amp;esrc=s&amp;source=newssearch&amp;cd=14&amp;ved=0ahUKEwih_-L-6-feAhWlKsAKHTluB3U4ChCpAggwKAAwAw&amp;url=https%3A%2F%2Fsmoda.elpais.com%2Ffeminismo%2Fpor-primera-vez-en-la-historia-las-mujeres-copan-los-grandes-premios-de-las-letras-espanolas%2F&amp;usg=AOvVaw2YD7-txZyw0fKOitYsPMY1\">Por primera vez en la historia las mujeres copan los grandes premios de las letras espa\u00f1olas &#8230;<\/a>&#8211; El Pa\u00eds<\/p>\n<p><a href=\"http:\/\/www.elmundo.es\/cultura\/laesferadepapel\/2018\/11\/22\/5beef0eaca4741291d8b4571.html\">Meritxell Colell, directora de &#8216;Con el viento&#8217;: \u00abEl cine es un acto de resistencia o no es\u00bb<\/a> \u2013 El Mundo<\/p>\n<p><a href=\"http:\/\/www.elmundo.es\/cultura\/musica\/2018\/11\/22\/5bf5a52a268e3e9e5f8b459d.html\">Turandot&#8217; en el Teatro Real, 20 a\u00f1os despu\u00e9s y en memoria de Montserrat Caball\u00e9<\/a> \u2013 El Mundo<\/p>\n<p><strong>Deporte\u00a0\u00a0<\/strong><\/p>\n<p><a href=\"https:\/\/elpais.com\/deportes\/2018\/11\/21\/actualidad\/1542835557_025569.html\">Espa\u00f1a golea a Canad\u00e1 5-0 y pasa primera de grupo a cuartos del Mundial<\/a> \u2013 El Pa\u00eds<\/p>\n<p><a href=\"https:\/\/www.elmundo.es\/deportes\/futbol\/2018\/11\/22\/5bf5dd4946163f432a8b457a.html\">Erika, la goleadora del Athletic que s\u00f3lo tiene por delante a Zarra<\/a> \u2013 El Mundo<\/p>\n<p><a href=\"https:\/\/www.larazon.es\/deportes\/mireia-belmonte-me-lo-paso-muy-bien-entrenando-NH20633196\">Mireia Belmonte: \u00abMe lo paso muy bien entrenando\u00bb<\/a>&#8211; La Raz\u00f3n<\/p>\n<p>[\/toggle]<\/p>\n<p>[toggle type=\u00bbfirst\u00bb title=\u00bbInternacional\u00bb]<\/p>\n<p><a href=\"https:\/\/www.lavanguardia.com\/vida\/20181121\/453086739415\/grynspan-solo-el-20-de-las-start-ups-de-latinoamerica-son-de-mujeres.html\">Grynspan, Secretaria General Iberoamericana: \u00abS\u00f3lo el 20% de las &#8216;start-ups&#8217; de Latinoam\u00e9rica son de mujeres\u201d&#8230;<\/a>&#8211; La Vanguardia<\/p>\n<p><a href=\"https:\/\/www.google.com\/url?sa=t&amp;rct=j&amp;q=&amp;esrc=s&amp;source=newssearch&amp;cd=12&amp;ved=0ahUKEwjDodeX9ufeAhUqBcAKHWGbB384ChCpAggqKAAwAQ&amp;url=https%3A%2F%2Fwww.observatoriorh.com%2Fliderazgo%2Fempresas-lideres-colaboran-impulsar-empoderamiento-mujer-cadenas-suministro.html&amp;usg=AOvVaw0Rb3sYm-1S2WJKkQLxaXM2\">Empresas l\u00edderes colaboran para impulsar el empoderamiento de la mujeres en las cadenas de suministro &#8230;<\/a>&#8211; ORH Observatorio de Recursos Humanos<\/p>\n<p><a href=\"https:\/\/www.huffingtonpost.es\/laurence-fontinoy\/empresas-creadas-por-y-para-mujeres_a_23596315\/\">Empresas creadas por y para mujeres<\/a> &#8211; El HuffPost<\/p>\n<p><a href=\"https:\/\/www.entrepreneur.com\/article\/323665\">\u00bfEres mujer y emprendedora? Facebook te ayuda a llevar tu negocio &#8230;<\/a>&#8211; Entrepreneur<\/p>\n<p><a href=\"https:\/\/elperiodico.com.gt\/nacion\/2018\/11\/21\/onu-lanza-su-campana-unete-para-erradicar-violencia-contra-las-mujeres\/\">ONU lanza su campa\u00f1a \u00danete para erradicar violencia contra las &#8230;<\/a>&#8211; elPeri\u00f3dico<\/p>\n<p><a href=\"https:\/\/www.google.com\/url?sa=t&amp;rct=j&amp;q=&amp;esrc=s&amp;source=newssearch&amp;cd=23&amp;ved=0ahUKEwikzcir8ufeAhXrI8AKHUVsCgo4FBCpAggtKAAwAg&amp;url=http%3A%2F%2Fwww.telam.com.ar%2Fnotas%2F201811%2F308103-no-se-sabe-donde-puede-terminar-un-piropo-afirmo-fabiana-tunez.html&amp;usg=AOvVaw1T0sxCDur2aG6Zpy5zyg9Z\">Fabiana Tu\u00f1ez, Presidenta del Instituto Nacional de las Mujeres: \u201cNo se sabe d\u00f3nde puede terminar un piropo\u00bb\u2026 <\/a><\/p>\n<p>[\/toggle]<\/p>\n<\/div>\n<\/div>\n<\/div>\n<\/div>\n<\/div>\n<\/div>\n","protected":false},"excerpt":{"rendered":"<p>De la brecha salarial a la brecha en las pensiones-Ana <a href=\"https:\/\/cklcomunicaciones.es\/coop\/noticias-info-ckl-no-2-238-22-11-18\/\">[&#8230;]<\/a><\/p>\n","protected":false},"author":3,"featured_media":0,"comment_status":"closed","ping_status":"closed","sticky":false,"template":"","format":"standard","meta":{"footnotes":""},"categories":[298,623],"tags":[],"class_list":["post-14287","post","type-post","status-publish","format-standard","hentry","category-newsletter","category-nwl-2-0"],"yoast_head":"<!-- This site is optimized with the Yoast SEO plugin v27.5 - https:\/\/yoast.com\/product\/yoast-seo-wordpress\/ -->\n<title>Noticias Info CKL n\u00ba 2.238-22\/11\/18-Comunica con perspectiva de g\u00e9nero<\/title>\n<meta name=\"description\" content=\"Comunicar con perspectiva de g\u00e9nero: De la brecha salarial a la brecha en las pensiones-Ana Graciani, Presidenta Fundaci\u00f3n SGAE-Marisa Kohan, Premio Compromiso Mejor trabajo period\u00edstico contra VG\" \/>\n<meta name=\"robots\" content=\"index, follow, max-snippet:-1, max-image-preview:large, max-video-preview:-1\" \/>\n<link rel=\"canonical\" href=\"https:\/\/cklcomunicaciones.es\/coop\/noticias-info-ckl-no-2-238-22-11-18\/\" \/>\n<meta property=\"og:locale\" content=\"es_ES\" \/>\n<meta property=\"og:type\" content=\"article\" \/>\n<meta property=\"og:title\" content=\"Noticias Info CKL n\u00ba 2.238-22\/11\/18-Comunica con perspectiva de g\u00e9nero\" \/>\n<meta property=\"og:description\" content=\"Comunicar con perspectiva de g\u00e9nero: De la brecha salarial a la brecha en las pensiones-Ana Graciani, Presidenta Fundaci\u00f3n SGAE-Marisa Kohan, Premio Compromiso Mejor trabajo period\u00edstico contra VG\" \/>\n<meta property=\"og:url\" content=\"https:\/\/cklcomunicaciones.es\/coop\/noticias-info-ckl-no-2-238-22-11-18\/\" \/>\n<meta property=\"og:site_name\" content=\"CKL Comunicaciones\" \/>\n<meta property=\"article:published_time\" content=\"2018-11-22T12:22:34+00:00\" \/>\n<meta property=\"article:modified_time\" content=\"2025-01-17T15:40:29+00:00\" \/>\n<meta property=\"og:image\" content=\"https:\/\/cklcomunicaciones.es\/coop\/wp-content\/uploads\/2018\/03\/CKL_comunicacion-con-perspetiva-de-genero.jpg\" \/>\n\t<meta property=\"og:image:width\" content=\"500\" \/>\n\t<meta property=\"og:image:height\" content=\"500\" \/>\n\t<meta property=\"og:image:type\" content=\"image\/jpeg\" \/>\n<meta name=\"author\" content=\"ckl\" \/>\n<meta name=\"twitter:card\" content=\"summary_large_image\" \/>\n<meta name=\"twitter:label1\" content=\"Escrito por\" \/>\n\t<meta name=\"twitter:data1\" content=\"ckl\" \/>\n\t<meta name=\"twitter:label2\" content=\"Tiempo de lectura\" \/>\n\t<meta name=\"twitter:data2\" content=\"5 minutos\" \/>\n<script type=\"application\/ld+json\" class=\"yoast-schema-graph\">{\"@context\":\"https:\\\/\\\/schema.org\",\"@graph\":[{\"@type\":\"Article\",\"@id\":\"https:\\\/\\\/cklcomunicaciones.es\\\/coop\\\/noticias-info-ckl-no-2-238-22-11-18\\\/#article\",\"isPartOf\":{\"@id\":\"https:\\\/\\\/cklcomunicaciones.es\\\/coop\\\/noticias-info-ckl-no-2-238-22-11-18\\\/\"},\"author\":{\"name\":\"ckl\",\"@id\":\"https:\\\/\\\/cklcomunicaciones.es\\\/coop\\\/#\\\/schema\\\/person\\\/929a6837f7626450bbb50cee1aef266e\"},\"headline\":\"Noticias Info CKL n\u00ba 2.238-22\\\/11\\\/18\",\"datePublished\":\"2018-11-22T12:22:34+00:00\",\"dateModified\":\"2025-01-17T15:40:29+00:00\",\"mainEntityOfPage\":{\"@id\":\"https:\\\/\\\/cklcomunicaciones.es\\\/coop\\\/noticias-info-ckl-no-2-238-22-11-18\\\/\"},\"wordCount\":1069,\"image\":{\"@id\":\"https:\\\/\\\/cklcomunicaciones.es\\\/coop\\\/noticias-info-ckl-no-2-238-22-11-18\\\/#primaryimage\"},\"thumbnailUrl\":\"http:\\\/\\\/www.cklcomunicaciones.es\\\/wp-content\\\/uploads\\\/2018\\\/03\\\/CKL_comunicacion-con-perspetiva-de-genero-300x300.jpg\",\"articleSection\":[\"Newsletter\",\"Nwl v2.0\"],\"inLanguage\":\"es\"},{\"@type\":\"WebPage\",\"@id\":\"https:\\\/\\\/cklcomunicaciones.es\\\/coop\\\/noticias-info-ckl-no-2-238-22-11-18\\\/\",\"url\":\"https:\\\/\\\/cklcomunicaciones.es\\\/coop\\\/noticias-info-ckl-no-2-238-22-11-18\\\/\",\"name\":\"Noticias Info CKL n\u00ba 2.238-22\\\/11\\\/18-Comunica con perspectiva de g\u00e9nero\",\"isPartOf\":{\"@id\":\"https:\\\/\\\/cklcomunicaciones.es\\\/coop\\\/#website\"},\"primaryImageOfPage\":{\"@id\":\"https:\\\/\\\/cklcomunicaciones.es\\\/coop\\\/noticias-info-ckl-no-2-238-22-11-18\\\/#primaryimage\"},\"image\":{\"@id\":\"https:\\\/\\\/cklcomunicaciones.es\\\/coop\\\/noticias-info-ckl-no-2-238-22-11-18\\\/#primaryimage\"},\"thumbnailUrl\":\"http:\\\/\\\/www.cklcomunicaciones.es\\\/wp-content\\\/uploads\\\/2018\\\/03\\\/CKL_comunicacion-con-perspetiva-de-genero-300x300.jpg\",\"datePublished\":\"2018-11-22T12:22:34+00:00\",\"dateModified\":\"2025-01-17T15:40:29+00:00\",\"author\":{\"@id\":\"https:\\\/\\\/cklcomunicaciones.es\\\/coop\\\/#\\\/schema\\\/person\\\/929a6837f7626450bbb50cee1aef266e\"},\"description\":\"Comunicar con perspectiva de g\u00e9nero: De la brecha salarial a la brecha en las pensiones-Ana Graciani, Presidenta Fundaci\u00f3n SGAE-Marisa Kohan, Premio Compromiso Mejor trabajo period\u00edstico contra VG\",\"breadcrumb\":{\"@id\":\"https:\\\/\\\/cklcomunicaciones.es\\\/coop\\\/noticias-info-ckl-no-2-238-22-11-18\\\/#breadcrumb\"},\"inLanguage\":\"es\",\"potentialAction\":[{\"@type\":\"ReadAction\",\"target\":[\"https:\\\/\\\/cklcomunicaciones.es\\\/coop\\\/noticias-info-ckl-no-2-238-22-11-18\\\/\"]}]},{\"@type\":\"ImageObject\",\"inLanguage\":\"es\",\"@id\":\"https:\\\/\\\/cklcomunicaciones.es\\\/coop\\\/noticias-info-ckl-no-2-238-22-11-18\\\/#primaryimage\",\"url\":\"http:\\\/\\\/www.cklcomunicaciones.es\\\/wp-content\\\/uploads\\\/2018\\\/03\\\/CKL_comunicacion-con-perspetiva-de-genero-300x300.jpg\",\"contentUrl\":\"http:\\\/\\\/www.cklcomunicaciones.es\\\/wp-content\\\/uploads\\\/2018\\\/03\\\/CKL_comunicacion-con-perspetiva-de-genero-300x300.jpg\"},{\"@type\":\"BreadcrumbList\",\"@id\":\"https:\\\/\\\/cklcomunicaciones.es\\\/coop\\\/noticias-info-ckl-no-2-238-22-11-18\\\/#breadcrumb\",\"itemListElement\":[{\"@type\":\"ListItem\",\"position\":1,\"name\":\"Portada\",\"item\":\"https:\\\/\\\/cklcomunicaciones.es\\\/coop\\\/\"},{\"@type\":\"ListItem\",\"position\":2,\"name\":\"Noticias Info CKL n\u00ba 2.238-22\\\/11\\\/18\"}]},{\"@type\":\"WebSite\",\"@id\":\"https:\\\/\\\/cklcomunicaciones.es\\\/coop\\\/#website\",\"url\":\"https:\\\/\\\/cklcomunicaciones.es\\\/coop\\\/\",\"name\":\"CKL Comunicaciones\",\"description\":\"Sitio web de CKL Comunicaciones coop , la consultora de comunicaci\u00f3n y estrategia\",\"potentialAction\":[{\"@type\":\"SearchAction\",\"target\":{\"@type\":\"EntryPoint\",\"urlTemplate\":\"https:\\\/\\\/cklcomunicaciones.es\\\/coop\\\/?s={search_term_string}\"},\"query-input\":{\"@type\":\"PropertyValueSpecification\",\"valueRequired\":true,\"valueName\":\"search_term_string\"}}],\"inLanguage\":\"es\"},{\"@type\":\"Person\",\"@id\":\"https:\\\/\\\/cklcomunicaciones.es\\\/coop\\\/#\\\/schema\\\/person\\\/929a6837f7626450bbb50cee1aef266e\",\"name\":\"ckl\",\"image\":{\"@type\":\"ImageObject\",\"inLanguage\":\"es\",\"@id\":\"https:\\\/\\\/secure.gravatar.com\\\/avatar\\\/c82db564e8a669bf6023357a157b9dc4780f4d4c618f2ad1d71a6a5dede45057?s=96&d=mm&r=g\",\"url\":\"https:\\\/\\\/secure.gravatar.com\\\/avatar\\\/c82db564e8a669bf6023357a157b9dc4780f4d4c618f2ad1d71a6a5dede45057?s=96&d=mm&r=g\",\"contentUrl\":\"https:\\\/\\\/secure.gravatar.com\\\/avatar\\\/c82db564e8a669bf6023357a157b9dc4780f4d4c618f2ad1d71a6a5dede45057?s=96&d=mm&r=g\",\"caption\":\"ckl\"},\"url\":\"https:\\\/\\\/cklcomunicaciones.es\\\/coop\\\/author\\\/cklcomunicaciones\\\/\"}]}<\/script>\n<!-- \/ Yoast SEO plugin. -->","yoast_head_json":{"title":"Noticias Info CKL n\u00ba 2.238-22\/11\/18-Comunica con perspectiva de g\u00e9nero","description":"Comunicar con perspectiva de g\u00e9nero: De la brecha salarial a la brecha en las pensiones-Ana Graciani, Presidenta Fundaci\u00f3n SGAE-Marisa Kohan, Premio Compromiso Mejor trabajo period\u00edstico contra VG","robots":{"index":"index","follow":"follow","max-snippet":"max-snippet:-1","max-image-preview":"max-image-preview:large","max-video-preview":"max-video-preview:-1"},"canonical":"https:\/\/cklcomunicaciones.es\/coop\/noticias-info-ckl-no-2-238-22-11-18\/","og_locale":"es_ES","og_type":"article","og_title":"Noticias Info CKL n\u00ba 2.238-22\/11\/18-Comunica con perspectiva de g\u00e9nero","og_description":"Comunicar con perspectiva de g\u00e9nero: De la brecha salarial a la brecha en las pensiones-Ana Graciani, Presidenta Fundaci\u00f3n SGAE-Marisa Kohan, Premio Compromiso Mejor trabajo period\u00edstico contra VG","og_url":"https:\/\/cklcomunicaciones.es\/coop\/noticias-info-ckl-no-2-238-22-11-18\/","og_site_name":"CKL Comunicaciones","article_published_time":"2018-11-22T12:22:34+00:00","article_modified_time":"2025-01-17T15:40:29+00:00","og_image":[{"width":500,"height":500,"url":"https:\/\/cklcomunicaciones.es\/coop\/wp-content\/uploads\/2018\/03\/CKL_comunicacion-con-perspetiva-de-genero.jpg","type":"image\/jpeg"}],"author":"ckl","twitter_card":"summary_large_image","twitter_misc":{"Escrito por":"ckl","Tiempo de lectura":"5 minutos"},"schema":{"@context":"https:\/\/schema.org","@graph":[{"@type":"Article","@id":"https:\/\/cklcomunicaciones.es\/coop\/noticias-info-ckl-no-2-238-22-11-18\/#article","isPartOf":{"@id":"https:\/\/cklcomunicaciones.es\/coop\/noticias-info-ckl-no-2-238-22-11-18\/"},"author":{"name":"ckl","@id":"https:\/\/cklcomunicaciones.es\/coop\/#\/schema\/person\/929a6837f7626450bbb50cee1aef266e"},"headline":"Noticias Info CKL n\u00ba 2.238-22\/11\/18","datePublished":"2018-11-22T12:22:34+00:00","dateModified":"2025-01-17T15:40:29+00:00","mainEntityOfPage":{"@id":"https:\/\/cklcomunicaciones.es\/coop\/noticias-info-ckl-no-2-238-22-11-18\/"},"wordCount":1069,"image":{"@id":"https:\/\/cklcomunicaciones.es\/coop\/noticias-info-ckl-no-2-238-22-11-18\/#primaryimage"},"thumbnailUrl":"http:\/\/www.cklcomunicaciones.es\/wp-content\/uploads\/2018\/03\/CKL_comunicacion-con-perspetiva-de-genero-300x300.jpg","articleSection":["Newsletter","Nwl v2.0"],"inLanguage":"es"},{"@type":"WebPage","@id":"https:\/\/cklcomunicaciones.es\/coop\/noticias-info-ckl-no-2-238-22-11-18\/","url":"https:\/\/cklcomunicaciones.es\/coop\/noticias-info-ckl-no-2-238-22-11-18\/","name":"Noticias Info CKL n\u00ba 2.238-22\/11\/18-Comunica con perspectiva de g\u00e9nero","isPartOf":{"@id":"https:\/\/cklcomunicaciones.es\/coop\/#website"},"primaryImageOfPage":{"@id":"https:\/\/cklcomunicaciones.es\/coop\/noticias-info-ckl-no-2-238-22-11-18\/#primaryimage"},"image":{"@id":"https:\/\/cklcomunicaciones.es\/coop\/noticias-info-ckl-no-2-238-22-11-18\/#primaryimage"},"thumbnailUrl":"http:\/\/www.cklcomunicaciones.es\/wp-content\/uploads\/2018\/03\/CKL_comunicacion-con-perspetiva-de-genero-300x300.jpg","datePublished":"2018-11-22T12:22:34+00:00","dateModified":"2025-01-17T15:40:29+00:00","author":{"@id":"https:\/\/cklcomunicaciones.es\/coop\/#\/schema\/person\/929a6837f7626450bbb50cee1aef266e"},"description":"Comunicar con perspectiva de g\u00e9nero: De la brecha salarial a la brecha en las pensiones-Ana Graciani, Presidenta Fundaci\u00f3n SGAE-Marisa Kohan, Premio Compromiso Mejor trabajo period\u00edstico contra VG","breadcrumb":{"@id":"https:\/\/cklcomunicaciones.es\/coop\/noticias-info-ckl-no-2-238-22-11-18\/#breadcrumb"},"inLanguage":"es","potentialAction":[{"@type":"ReadAction","target":["https:\/\/cklcomunicaciones.es\/coop\/noticias-info-ckl-no-2-238-22-11-18\/"]}]},{"@type":"ImageObject","inLanguage":"es","@id":"https:\/\/cklcomunicaciones.es\/coop\/noticias-info-ckl-no-2-238-22-11-18\/#primaryimage","url":"http:\/\/www.cklcomunicaciones.es\/wp-content\/uploads\/2018\/03\/CKL_comunicacion-con-perspetiva-de-genero-300x300.jpg","contentUrl":"http:\/\/www.cklcomunicaciones.es\/wp-content\/uploads\/2018\/03\/CKL_comunicacion-con-perspetiva-de-genero-300x300.jpg"},{"@type":"BreadcrumbList","@id":"https:\/\/cklcomunicaciones.es\/coop\/noticias-info-ckl-no-2-238-22-11-18\/#breadcrumb","itemListElement":[{"@type":"ListItem","position":1,"name":"Portada","item":"https:\/\/cklcomunicaciones.es\/coop\/"},{"@type":"ListItem","position":2,"name":"Noticias Info CKL n\u00ba 2.238-22\/11\/18"}]},{"@type":"WebSite","@id":"https:\/\/cklcomunicaciones.es\/coop\/#website","url":"https:\/\/cklcomunicaciones.es\/coop\/","name":"CKL Comunicaciones","description":"Sitio web de CKL Comunicaciones coop , la consultora de comunicaci\u00f3n y estrategia","potentialAction":[{"@type":"SearchAction","target":{"@type":"EntryPoint","urlTemplate":"https:\/\/cklcomunicaciones.es\/coop\/?s={search_term_string}"},"query-input":{"@type":"PropertyValueSpecification","valueRequired":true,"valueName":"search_term_string"}}],"inLanguage":"es"},{"@type":"Person","@id":"https:\/\/cklcomunicaciones.es\/coop\/#\/schema\/person\/929a6837f7626450bbb50cee1aef266e","name":"ckl","image":{"@type":"ImageObject","inLanguage":"es","@id":"https:\/\/secure.gravatar.com\/avatar\/c82db564e8a669bf6023357a157b9dc4780f4d4c618f2ad1d71a6a5dede45057?s=96&d=mm&r=g","url":"https:\/\/secure.gravatar.com\/avatar\/c82db564e8a669bf6023357a157b9dc4780f4d4c618f2ad1d71a6a5dede45057?s=96&d=mm&r=g","contentUrl":"https:\/\/secure.gravatar.com\/avatar\/c82db564e8a669bf6023357a157b9dc4780f4d4c618f2ad1d71a6a5dede45057?s=96&d=mm&r=g","caption":"ckl"},"url":"https:\/\/cklcomunicaciones.es\/coop\/author\/cklcomunicaciones\/"}]}},"_links":{"self":[{"href":"https:\/\/cklcomunicaciones.es\/coop\/wp-json\/wp\/v2\/posts\/14287","targetHints":{"allow":["GET"]}}],"collection":[{"href":"https:\/\/cklcomunicaciones.es\/coop\/wp-json\/wp\/v2\/posts"}],"about":[{"href":"https:\/\/cklcomunicaciones.es\/coop\/wp-json\/wp\/v2\/types\/post"}],"author":[{"embeddable":true,"href":"https:\/\/cklcomunicaciones.es\/coop\/wp-json\/wp\/v2\/users\/3"}],"replies":[{"embeddable":true,"href":"https:\/\/cklcomunicaciones.es\/coop\/wp-json\/wp\/v2\/comments?post=14287"}],"version-history":[{"count":0,"href":"https:\/\/cklcomunicaciones.es\/coop\/wp-json\/wp\/v2\/posts\/14287\/revisions"}],"wp:attachment":[{"href":"https:\/\/cklcomunicaciones.es\/coop\/wp-json\/wp\/v2\/media?parent=14287"}],"wp:term":[{"taxonomy":"category","embeddable":true,"href":"https:\/\/cklcomunicaciones.es\/coop\/wp-json\/wp\/v2\/categories?post=14287"},{"taxonomy":"post_tag","embeddable":true,"href":"https:\/\/cklcomunicaciones.es\/coop\/wp-json\/wp\/v2\/tags?post=14287"}],"curies":[{"name":"wp","href":"https:\/\/api.w.org\/{rel}","templated":true}]}}