{"id":14275,"date":"2018-11-15T13:03:40","date_gmt":"2018-11-15T12:03:40","guid":{"rendered":"http:\/\/www.cklcomunicaciones.es\/?p=14275"},"modified":"2025-01-17T16:40:30","modified_gmt":"2025-01-17T15:40:30","slug":"noticias-info-ckl-no-2-233-15-11-18","status":"publish","type":"post","link":"https:\/\/cklcomunicaciones.es\/coop\/noticias-info-ckl-no-2-233-15-11-18\/","title":{"rendered":"Noticias Info CKL n\u00ba 2.233-15\/11\/18"},"content":{"rendered":"<div id=\"pl-14275\"  class=\"panel-layout\" >\n<div id=\"pg-14275-0\"  class=\"panel-grid panel-no-style\"  data-style=\"{&quot;background_image_attachment&quot;:false,&quot;background_display&quot;:&quot;tile&quot;,&quot;cell_alignment&quot;:&quot;flex-start&quot;}\" >\n<div id=\"pgc-14275-0-0\"  class=\"panel-grid-cell\"  data-weight=\"1\" >\n<div id=\"panel-14275-0-0-0\" class=\"so-panel widget widget_sow-editor panel-first-child panel-last-child\" data-index=\"0\" data-style=\"{&quot;background_image_attachment&quot;:false,&quot;background_display&quot;:&quot;tile&quot;}\" >\n<div class=\"so-widget-sow-editor so-widget-sow-editor-base\">\n<div class=\"siteorigin-widget-tinymce textwidget\">\n<p><img decoding=\"async\" class=\"lazyload  wp-image-13726\" src=\"http:\/\/www.cklcomunicaciones.es\/wp-content\/uploads\/2018\/03\/CKL_comunicacion-con-perspetiva-de-genero-300x300.jpg\" data-orig-src=\"http:\/\/www.cklcomunicaciones.es\/wp-content\/uploads\/2018\/03\/CKL_comunicacion-con-perspetiva-de-genero-300x300.jpg\" alt=\"CKL_comunicacion con perspetiva de genero\" width=\"132\" height=\"132\" srcset=\"data:image\/svg+xml,%3Csvg%20xmlns%3D%27http%3A%2F%2Fwww.w3.org%2F2000%2Fsvg%27%20width%3D%27132%27%20height%3D%27132%27%20viewBox%3D%270%200%20132%20132%27%3E%3Crect%20width%3D%27132%27%20height%3D%27132%27%20fill-opacity%3D%220%22%2F%3E%3C%2Fsvg%3E\" data-srcset=\"https:\/\/cklcomunicaciones.es\/coop\/wp-content\/uploads\/2018\/03\/CKL_comunicacion-con-perspetiva-de-genero-150x150.jpg 150w, https:\/\/cklcomunicaciones.es\/coop\/wp-content\/uploads\/2018\/03\/CKL_comunicacion-con-perspetiva-de-genero-300x300.jpg 300w, https:\/\/cklcomunicaciones.es\/coop\/wp-content\/uploads\/2018\/03\/CKL_comunicacion-con-perspetiva-de-genero-450x450.jpg 450w, https:\/\/cklcomunicaciones.es\/coop\/wp-content\/uploads\/2018\/03\/CKL_comunicacion-con-perspetiva-de-genero.jpg 500w\" data-sizes=\"auto\" data-orig-sizes=\"(max-width: 132px) 100vw, 132px\" \/><\/p>\n<p id=\":f6\" class=\"hP\" tabindex=\"-1\" data-thread-perm-id=\"thread-f:1616663930810018294\" data-legacy-thread-id=\"166f8b47951e29f6\"><strong>El 55.55% de las personas que trabajan en el sector p\u00fablico son mujeres-WomenWill, iniciativa de Google para empresas-Eva D\u00edaz P\u00e9rez, Premio Andaluc\u00eda de Periodismo-Women In Focus en Festival de Cine de Sevilla<\/strong><\/p>\n<p>[toggle type=\u00bbfirst\u00bb title=\u00bbConvocatorias\u00bb]<\/p>\n<ul>\n<li>Conferencia \u201cIntroducci\u00f3n a la Econom\u00eda Feminista\u201d a cargo de Mercedes D\u2019Alessandro. Madrid, UCM. Facultad de Ciencias Econ\u00f3micas, a partir de las 12.30h<\/li>\n<li><a href=\"http:\/\/www.juntadeandalucia.es\/iam\/catalogo\/doc\/convocatorias\/2018-genero\/CA-presentacion-libro-mujeres-de-nuestros-barrios.pdf\">Presentaci\u00f3n del li<\/a><a href=\"http:\/\/www.juntadeandalucia.es\/iam\/catalogo\/doc\/convocatorias\/2018-genero\/CA-presentacion-libro-mujeres-de-nuestros-barrios.pdf\">bro <\/a><a href=\"http:\/\/www.juntadeandalucia.es\/iam\/catalogo\/doc\/convocatorias\/2018-genero\/CA-presentacion-libro-mujeres-de-nuestros-barrios.pdf\">&#8216;<\/a><a href=\"http:\/\/www.juntadeandalucia.es\/iam\/catalogo\/doc\/convocatorias\/2018-genero\/CA-presentacion-libro-mujeres-de-nuestros-barrios.pdf\">Mujeres de nuestros barrios: Historias de vida y lucha<\/a><a href=\"http:\/\/www.juntadeandalucia.es\/iam\/catalogo\/doc\/convocatorias\/2018-genero\/CA-presentacion-libro-mujeres-de-nuestros-barrios.pdf\">&#8216;<\/a>. C\u00e1diz, Asociaci\u00f3n para la Mediaci\u00f3n Social EQUA. 19 de noviembre de 2018<\/li>\n<li><a href=\"http:\/\/asad.es\/edita-2018-granada-27-29-noviembre\/\">Festival del cortos sociales &#8216;EDITA 2018<\/a><a href=\"http:\/\/asad.es\/edita-2018-granada-27-29-noviembre\/\">&#8216;<\/a>. Granada, Asociaci\u00f3n Solidaria Andaluza de Desarrollo (ASAD). 27 y 29 de noviembre de 2018<\/li>\n<\/ul>\n<p>[\/toggle]<\/p>\n<p>[toggle type=\u00bbfirst\u00bb title=\u00bbComunicaci\u00f3n\u00bb]<\/p>\n<p><a href=\"https:\/\/ctxt.es\/es\/20181107\/Firmas\/22520\/Ana-Pardo-de-Vera-feminismo-empoderamiento-jornadas-feministas-zaragoza.htm\">Periodismo feminista y libertad- P\u00fablico<br \/>\n<\/a><a href=\"https:\/\/www.publico.es\/sociedad\/periodista-publico-pablo-romero-recibe-ondas-mejor-podcast.html\">El periodista de P\u00fablico Pablo Romero recibe el Ondas: \u00abSe lo dedico a todas las mujeres que sufren la violencia\u00bb<\/a> &#8211; P\u00fablico<\/p>\n<p><a href=\"https:\/\/www.publico.es\/sociedad\/desigualdad-financial-times-alertara-articulos-no-citen-mujeres.html\">El &#8216;Financial Times&#8217; alertar\u00e1 sobre los art\u00edculos que no citen a mujeres<\/a>&#8211; P\u00fablico<\/p>\n<p><a href=\"https:\/\/sevilla.abc.es\/andalucia\/sevi-diaz-perez-premio-andalucia-periodismo-201811142050_noticia.html\">Eva D\u00edaz P\u00e9rez, Premio Andaluc\u00eda de Periodismo<\/a>&#8211; <a href=\"http:\/\/abcdesevilla.es\">abcdesevilla.es<\/a><\/p>\n<p>[\/toggle]<\/p>\n<p>[toggle type=\u00bbfirst\u00bb title=\u00bbAndaluc\u00eda\u00bb]<\/p>\n<p><strong>Econom\u00eda y Empresas<\/strong><\/p>\n<p><a href=\"https:\/\/www.google.com\/url?sa=t&amp;rct=j&amp;q=&amp;esrc=s&amp;source=newssearch&amp;cd=26&amp;ved=0ahUKEwiBlOHcn9beAhXOasAKHSXEBwY4FBCpAgg2KAAwBQ&amp;url=https%3A%2F%2Fwww.teleprensa.com%2Fsevilla%2Fla-feria-provincial-de-mujeres-empresarias-consolida-su-escaparate-virtual-de-empresarias-todo-el-ano.html.html&amp;usg=AOvVaw0qUCbmZydi9gyQ4MHqDRs_\">#FEPME2018. La Feria Provincial de Mujeres Empresarias consolida su escaparate &#8230;<\/a>&#8211; Teleprensa peri\u00f3dico digital<\/p>\n<p><a href=\"https:\/\/www.teleprensa.com\/huelva\/huelva-une-a-las-mujeres-empresarias-andaluzas-y-portuguesas-en-una-cita-intrepida-del-proyecto-interreg.html.html\">Huelva une a las empresarias andaluzas y portuguesas en &#8230;<\/a>&#8211; Teleprensa peri\u00f3dico digital-<\/p>\n<p><a href=\"http:\/\/www.juntadeandalucia.es\/presidencia\/portavoz\/138547\/JuntadeAndalucia\/Vicepresidente\/Presidencia\/JimenezBarrios\/Universidad\/Empresa\/Investigacion\">Junta, Universidad y empresas colaboran para potenciar la I+D+i<\/a> \u2013 Oficina del Portavoz<\/p>\n<p><strong>Actualidad<\/strong><\/p>\n<p><a href=\"https:\/\/www.publico.es\/sociedad\/violencia-genero-defensa-juana-rivas-pide-medidas-cautelares-hijos-retirada-menores-arcuri.html\">La defensa de Juana Rivas pide medidas cautelares para sus hijos y su retirada a Arcuri<\/a> &#8211; P\u00fablico<\/p>\n<p><a href=\"https:\/\/www.google.com\/url?sa=t&amp;rct=j&amp;q=&amp;esrc=s&amp;source=newssearch&amp;cd=35&amp;ved=0ahUKEwimgp-GnNbeAhVoLMAKHTzRAyM4HhCpAggzKAAwBA&amp;url=https%3A%2F%2Fwww.ideal.es%2Fsociedad%2Fcrean-andalucia-dispositivo-enfermedad-corazon-20181115155016-nt.html&amp;usg=AOvVaw17W7wvm1JK4vRw8hL5r3UV\">Crean en Andaluc\u00eda un dispositivo que ayuda al personal m\u00e9dico a predecir enfermedades del coraz\u00f3n&#8230;<\/a>&#8211; Ideal Digital<\/p>\n<p><strong>Violencias<\/strong><\/p>\n<p><a href=\"https:\/\/www.google.com\/url?rct=j&amp;sa=t&amp;url=https:\/\/www.diariosur.es\/malaga-capital\/jovenes-tolerantes-violencia-20181113222612-nt.html&amp;ct=ga&amp;cd=CAEYCioTNTEwOTAxMTY0ODg3ODE5ODk1MzIZZTFlNzdkMTU2MDk4YThlMzplczplczpFUw&amp;usg=AFQjCNFneztTw7p_USgYoZ1wnT4Mte1OJA\">\u00abLos j\u00f3venes son m\u00e1s tolerantes con la violencia psicol\u00f3gica que los adultos\u00bb <\/a>&#8211; Sur Digital<strong>\u00a0<\/strong><\/p>\n<p><strong>Ciencia y Cultura<\/strong><\/p>\n<p><a href=\"http:\/\/www.juntadeandalucia.es\/presidencia\/portavoz\/138544\/sanidadpublica\/enfermeria\/MarinaAlvarez\/investigacioncuidados\/Grado\/MasteryDoctoradoenEnfermeria\">Andaluc\u00eda cuenta con 24 grupos de investigaci\u00f3n liderados por enfermeras <\/a>\u2013 Oficina del Portavoz<\/p>\n<p><a href=\"https:\/\/www.kamchatka.es\/es\/hoy-arranca-women-in-focus-festival-sevilla\">Arranca Women In Focus en el Festival de Cine de Sevilla \u2026.kamchatka.es<\/a><\/p>\n<p><a href=\"https:\/\/www.elmundo.es\/papel\/cultura\/2018\/11\/15\/5bec4874ca47410a2b8b464b.html\">Ni\u00f1a Pastori: \u201cCuando en Londres sonaban los Beatles, aqu\u00ed &#8216;Mi carro me lo robaron&#8217;. No se puede competir\u00bb<\/a> \u2013 El Mundo<\/p>\n<p><a href=\"http:\/\/www.diariojaen.es\/cultura\/mujeres-unidas-por-el-flamenco-EM4835305\">Mujeres unidas por el flamenco<\/a> &#8211; Diario Ja\u00e9n<\/p>\n<p><a href=\"https:\/\/www.europapress.es\/andalucia\/sabores-almeria-01014\/noticia-espacio-mujeres-almeria-acoge-exposicion-pintura-aurelia-ramos-suenos-color-20181114145341.html\">El Espacio de Mujeres<em> d<\/em>e Almer\u00eda acoge la exposici\u00f3n de pintura de &#8230;<\/a>&#8211; Europa Press<\/p>\n<p><strong>Deporte<\/strong><\/p>\n<p><a href=\"http:\/\/www.canalsur.es\/noticias\/una-andaluza-campeona-de-espana-de-motocross\/1355574.html\">Una andaluza, campeona de Espa\u00f1a de Motocross<\/a><strong>\u2013 <\/strong>Canal Sur<\/p>\n<p>[\/toggle]<\/p>\n<p>[toggle type=\u00bbfirst\u00bb title=\u00bbEstado\u00bb]<\/p>\n<p><strong>Institucional<\/strong><\/p>\n<p><a href=\"https:\/\/www.publico.es\/politica\/ley-seguridad-social-congreso-pide-gobierno-incluya-empleadas-hogar-ley-seguridad-social.html\">El Congreso pide al Gobierno que incluya a las empleadas del hogar en la Ley de Seguridad Social<\/a>&#8211; P\u00fablico<strong>\u00a0<\/strong><\/p>\n<p><strong>Institucional-CCAA<\/strong><\/p>\n<p><a href=\"https:\/\/www.google.com\/url?rct=j&amp;sa=t&amp;url=https:\/\/www.eldigitalcastillalamancha.es\/actualidad\/561442316\/Castilla-La-Mancha-tendra-un-recurso-para-atender-a-mujeres-drogodependientes-maltratadas.html&amp;ct=ga&amp;cd=CAEYCyoTNTEwOTAxMTY0ODg3ODE5ODk1MzIZZTFlNzdkMTU2MDk4YThlMzplczplczpFUw&amp;usg=AFQjCNGw6riFotZ4fNd8g_tRn_zfjWInfg\">Castilla-La Mancha tendr\u00e1 un recurso para atender a mujeres drogodependientes maltratadas <\/a>&#8211; El Digital de CLM<\/p>\n<p><a href=\"http:\/\/cadenaser.com\/emisora\/2018\/11\/15\/radio_palencia\/1542273554_392349.html\">El I Foro de Empresarias de Palencia arranca con m\u00e1s de 130 personas &#8230;<\/a>&#8211; Cadena SER<\/p>\n<p><a href=\"http:\/\/murciadiario.com\/art\/12566\/rosa-penalver-en-el-ciclo-mujer-y-poder-de-la-omep\">Rosa Pe\u00f1alver, en el ciclo &#8216;Mujer y poder&#8217; de la OMEP<\/a>&#8211; Murciadiario<\/p>\n<p><a href=\"https:\/\/navarracapital.es\/el-ciclo-emprendimiento-femenino-abordara-la-financiacion-el-impacto-social-y-el-marketing-digital\/\">El ciclo &#8216;Emprendimiento femenino&#8217; abordar\u00e1 la financiaci\u00f3n, el &#8230;<\/a>&#8211; NavarraCapital.es<\/p>\n<p><strong>Econom\u00eda y Empresa<\/strong><\/p>\n<p><a href=\"https:\/\/www.google.com\/url?sa=t&amp;rct=j&amp;q=&amp;esrc=s&amp;source=newssearch&amp;cd=12&amp;ved=0ahUKEwiL9ovzmNbeAhWILcAKHQ3BCOk4ChCpAggqKAAwAQ&amp;url=https%3A%2F%2Ftribunafeminista.elplural.com%2F2018%2F11%2Focupacion-dentro-del-sector-publico-se-encuentra-una-mayoria-de-mujeres-5555%2F&amp;usg=AOvVaw2L23FKrKRMrksgNEsujjG1\">Ocupaci\u00f3n: Dentro del sector p\u00fablico se encuentra una mayor\u00eda de mujeres, el 55.55% &#8230;<\/a>&#8211; <a href=\"http:\/\/elplural.com\">elplural.com<\/a><\/p>\n<p><a href=\"https:\/\/elpais.com\/elpais\/2018\/11\/14\/mujeres\/1542216474_392113.html\">Almudena Alberca, la mujer que lo huele todo<\/a> \u2013 El Pa\u00eds<strong>\u00a0<\/strong><\/p>\n<p><strong>Actualidad<\/strong><strong>\u00a0\u00a0\u00a0<\/strong><\/p>\n<p><a href=\"https:\/\/elpais.com\/sociedad\/2018\/11\/14\/actualidad\/1542203371_674450.html\">La Audiencia env\u00eda a los juzgados ordinarios el caso del anticonceptivo que da\u00f1\u00f3 a decenas de mujeres<\/a> \u2013 El Pa\u00eds<\/p>\n<p><a href=\"http:\/\/www.elmundo.es\/comunidad-valenciana\/castellon\/2018\/11\/15\/5bec7da646163f6f9a8b45bd.html\">Teresa San Segundo, profesora de Derecho Civil: \u201cLa juventud adelanta el consumo de porno con las nuevas tecnolog\u00edas y banalizan la prostituci\u00f3n\u00bb<\/a> \u2013 El Mundo<\/p>\n<p><strong>Violencias<\/strong><strong>\u00a0<\/strong><\/p>\n<p><a href=\"https:\/\/www.publico.es\/sociedad\/violencias-machistas-video-viral-senala-acoso-callejero-divierte-asuste-no-entiendo.html\">El v\u00eddeo viral que denuncia el acoso a mujeres en la calle: \u00ab\u00bfTe divierte que se asuste?\u00bb<\/a> &#8211; P\u00fablico<strong>\u00a0<\/strong><\/p>\n<p><strong>Ciencia y Cultura<\/strong><\/p>\n<p><a href=\"http:\/\/cadenaser.com\/emisora\/2018\/11\/14\/ser_ciudad_real\/1542220156_428907.html\">Cristina Garc\u00eda Rodero : \u00abya nos toca, hay muchas mujeres muy &#8230;<\/a> &#8211; Cadena SER<\/p>\n<p><a href=\"http:\/\/www.elmundo.es\/comunidad-valenciana\/alicante\/2018\/11\/15\/5bec6ba546163fb2138b4590.html\">Virginia Serrano: \u00abMe ha tocado aprender a trav\u00e9s de los hombres\u00bb<\/a> \u2013 El Mundo<\/p>\n<p><a href=\"http:\/\/www.elmundo.es\/cultura\/laesferadepapel\/2018\/11\/15\/5be5ae7d468aeb2c168b4674.html\">Luna Miguel: La verdad del mito de Lolita<\/a>\u2013 El Mundo<\/p>\n<p><a href=\"http:\/\/www.elmundo.es\/blogs\/elmundo\/lo-que-se-mueve\/2018\/11\/15\/de-distinta-clara-de-alba-ballesta-al.html\">De &#8216;Distinta Clara&#8217;, de Alba Ballesta al Baroja de Manuel Hidalgo y las rupturas sentimentales del pop<\/a> \u2013 El Mundo<\/p>\n<p><a href=\"https:\/\/www.elespanol.com\/cultura\/20181114\/seguira-cervantes-cipotudo-solo-premiadas-mujeres\/353215811_0.html\">\u00bfSeguir\u00e1 el Cervantes siendo &#8216;cipotudo&#8217;? S\u00f3lo el 9% de las premiadas &#8230;<\/a>&#8211; El Espa\u00f1ol<\/p>\n<p><strong>Deporte\u00a0\u00a0\u00a0<\/strong><\/p>\n<p><a href=\"https:\/\/elpais.com\/deportes\/2018\/11\/14\/actualidad\/1542220238_732776.html\">Espa\u00f1a golea a Corea del Sur en el debut mundialista<\/a> \u2013 El Pa\u00eds<\/p>\n<p>[\/toggle]<\/p>\n<p>[toggle type=\u00bbfirst\u00bb title=\u00bbInternacional\u00bb]<\/p>\n<p><a href=\"http:\/\/www.elexpres.com\/2015\/nota.php?story_id=182789\">WomenWill, la iniciativa de Google para emprendedoras<\/a> &#8211; El Expr\u00e9s<\/p>\n<p><a href=\"https:\/\/www.clarin.com\/rural\/inclusion-empoderamiento-mujer-rural_0_zywsfEYku.html\">Por la inclusi\u00f3n y el empoderamiento de la mujer rural<\/a>&#8211; Clar\u00edn.com<\/p>\n<p><a href=\"http:\/\/www.mujeremprendedora.net\/crystal-kewe-premio-apec-prosperidad-digital-2018\/\">Crystal Kewe, Premio APEC de Prosperidad Digital 2018<\/a> \u2013 Mujeremprendedora.net<\/p>\n<p><a href=\"https:\/\/ctxt.es\/es\/20181107\/Firmas\/22664\/bethi-ngari-refugiadas-en-europa-politica-neocolonial-condiciones-degradantes.htm\">Mujeres refugiadas en Europa: sin derechos- P\u00fablico<br \/>\n<\/a><a href=\"https:\/\/www.google.com\/url?sa=t&amp;rct=j&amp;q=&amp;esrc=s&amp;source=newssearch&amp;cd=5&amp;ved=0ahUKEwj34KvTmNbeAhVJNMAKHWoLBWEQqQIINCgAMAQ&amp;url=https%3A%2F%2Fwww.abc.es%2Finternacional%2Fabci-primera-mas-cien-mujeres-foto-congreso-estados-unidos-201811150857_video.html&amp;usg=AOvVaw2ZPPPaVF6stOR6MR_srD0u\">Por primera vez m\u00e1s de cien mujeres en la foto del Congreso de los EEUU&#8230;<\/a>&#8211; Abc.es<\/p>\n<p><a href=\"https:\/\/www.elmundo.es\/cronica\/2018\/11\/15\/5be8192b468aebdd6b8b4634.html\">Catherine Hakim, soci\u00f3loga: \u00abLas mujeres a\u00fan prefieren casarse con hombres que ganen m\u00e1s\u00bb<\/a>&#8211; El Mundo<\/p>\n<p><a href=\"https:\/\/www.infobae.com\/america\/entretenimiento\/2018\/11\/15\/celine-dion-lanzo-una-nueva-marca-de-ropa-sin-identificacion-de-genero-para-ninos\/\">Celine Dion lanz\u00f3 una nueva marca de ropa sin identificaci\u00f3n de g\u00e9nero &#8230;<\/a>&#8211; Infobae.com<\/p>\n<p><a href=\"https:\/\/www.publico.es\/culturas\/virginia-woolf-bipolar.html\">Virginia Nicholson: \u201cVirginia Woolf era bipolar\u00bb<\/a> &#8211; P\u00fablico<\/p>\n<p><a href=\"https:\/\/www.google.com\/url?sa=t&amp;rct=j&amp;q=&amp;esrc=s&amp;source=newssearch&amp;cd=79&amp;ved=0ahUKEwietsO7p9beAhUInRoKHReIC8U4RhCpAgg_KAAwCA&amp;url=https%3A%2F%2Fwww.eldiario.es%2Fcultura%2FKate-Morton-personajes-interesan-resilientes_0_835717351.html&amp;usg=AOvVaw1iULthOWzKbJXwsmqB5uyi\">Kate Morton: \u00abLos personajes que me interesan son los de mujeres &#8230;<\/a>&#8211; <a href=\"http:\/\/eldiario.es\">eldiario.es<\/a><\/p>\n<p><a href=\"https:\/\/elpais.com\/elpais\/2018\/11\/14\/gente\/1542212970_029989.html\">El documental que Aretha Franklin no quiso estrenar, llega 46 a\u00f1os despu\u00e9s<\/a>&#8211; El Pa\u00eds<\/p>\n<p>[\/toggle]<\/p>\n<\/div>\n<\/div>\n<\/div>\n<\/div>\n<\/div>\n<\/div>\n","protected":false},"excerpt":{"rendered":"<p>El 55.55% de las personas que trabajan en el sector <a href=\"https:\/\/cklcomunicaciones.es\/coop\/noticias-info-ckl-no-2-233-15-11-18\/\">[&#8230;]<\/a><\/p>\n","protected":false},"author":3,"featured_media":0,"comment_status":"closed","ping_status":"closed","sticky":false,"template":"","format":"standard","meta":{"footnotes":""},"categories":[298,623],"tags":[],"class_list":["post-14275","post","type-post","status-publish","format-standard","hentry","category-newsletter","category-nwl-2-0"],"yoast_head":"<!-- This site is optimized with the Yoast SEO plugin v27.5 - https:\/\/yoast.com\/product\/yoast-seo-wordpress\/ -->\n<title>Noticias Info CKL n\u00ba 2.233-15\/11\/18-Comunica con perspectiva de g\u00e9nero<\/title>\n<meta name=\"description\" content=\"Comunicar con perspectiva de g\u00e9nero: El 55,55% de las personas que trabajan en el sector p\u00fablico son mujeres-WomenWill, iniciativa de Google para empresas..\" \/>\n<meta name=\"robots\" content=\"index, follow, max-snippet:-1, max-image-preview:large, max-video-preview:-1\" \/>\n<link rel=\"canonical\" href=\"https:\/\/cklcomunicaciones.es\/coop\/noticias-info-ckl-no-2-233-15-11-18\/\" \/>\n<meta property=\"og:locale\" content=\"es_ES\" \/>\n<meta property=\"og:type\" content=\"article\" \/>\n<meta property=\"og:title\" content=\"Noticias Info CKL n\u00ba 2.233-15\/11\/18-Comunica con perspectiva de g\u00e9nero\" \/>\n<meta property=\"og:description\" content=\"Comunicar con perspectiva de g\u00e9nero: El 55,55% de las personas que trabajan en el sector p\u00fablico son mujeres-WomenWill, iniciativa de Google para empresas..\" \/>\n<meta property=\"og:url\" content=\"https:\/\/cklcomunicaciones.es\/coop\/noticias-info-ckl-no-2-233-15-11-18\/\" \/>\n<meta property=\"og:site_name\" content=\"CKL Comunicaciones\" \/>\n<meta property=\"article:published_time\" content=\"2018-11-15T12:03:40+00:00\" \/>\n<meta property=\"article:modified_time\" content=\"2025-01-17T15:40:30+00:00\" \/>\n<meta property=\"og:image\" content=\"https:\/\/cklcomunicaciones.es\/coop\/wp-content\/uploads\/2018\/03\/CKL_comunicacion-con-perspetiva-de-genero.jpg\" \/>\n\t<meta property=\"og:image:width\" content=\"500\" \/>\n\t<meta property=\"og:image:height\" content=\"500\" \/>\n\t<meta property=\"og:image:type\" content=\"image\/jpeg\" \/>\n<meta name=\"author\" content=\"ckl\" \/>\n<meta name=\"twitter:card\" content=\"summary_large_image\" \/>\n<meta name=\"twitter:label1\" content=\"Escrito por\" \/>\n\t<meta name=\"twitter:data1\" content=\"ckl\" \/>\n\t<meta name=\"twitter:label2\" content=\"Tiempo de lectura\" \/>\n\t<meta name=\"twitter:data2\" content=\"4 minutos\" \/>\n<script type=\"application\/ld+json\" class=\"yoast-schema-graph\">{\"@context\":\"https:\\\/\\\/schema.org\",\"@graph\":[{\"@type\":\"Article\",\"@id\":\"https:\\\/\\\/cklcomunicaciones.es\\\/coop\\\/noticias-info-ckl-no-2-233-15-11-18\\\/#article\",\"isPartOf\":{\"@id\":\"https:\\\/\\\/cklcomunicaciones.es\\\/coop\\\/noticias-info-ckl-no-2-233-15-11-18\\\/\"},\"author\":{\"name\":\"ckl\",\"@id\":\"https:\\\/\\\/cklcomunicaciones.es\\\/coop\\\/#\\\/schema\\\/person\\\/929a6837f7626450bbb50cee1aef266e\"},\"headline\":\"Noticias Info CKL n\u00ba 2.233-15\\\/11\\\/18\",\"datePublished\":\"2018-11-15T12:03:40+00:00\",\"dateModified\":\"2025-01-17T15:40:30+00:00\",\"mainEntityOfPage\":{\"@id\":\"https:\\\/\\\/cklcomunicaciones.es\\\/coop\\\/noticias-info-ckl-no-2-233-15-11-18\\\/\"},\"wordCount\":802,\"image\":{\"@id\":\"https:\\\/\\\/cklcomunicaciones.es\\\/coop\\\/noticias-info-ckl-no-2-233-15-11-18\\\/#primaryimage\"},\"thumbnailUrl\":\"http:\\\/\\\/www.cklcomunicaciones.es\\\/wp-content\\\/uploads\\\/2018\\\/03\\\/CKL_comunicacion-con-perspetiva-de-genero-300x300.jpg\",\"articleSection\":[\"Newsletter\",\"Nwl v2.0\"],\"inLanguage\":\"es\"},{\"@type\":\"WebPage\",\"@id\":\"https:\\\/\\\/cklcomunicaciones.es\\\/coop\\\/noticias-info-ckl-no-2-233-15-11-18\\\/\",\"url\":\"https:\\\/\\\/cklcomunicaciones.es\\\/coop\\\/noticias-info-ckl-no-2-233-15-11-18\\\/\",\"name\":\"Noticias Info CKL n\u00ba 2.233-15\\\/11\\\/18-Comunica con perspectiva de g\u00e9nero\",\"isPartOf\":{\"@id\":\"https:\\\/\\\/cklcomunicaciones.es\\\/coop\\\/#website\"},\"primaryImageOfPage\":{\"@id\":\"https:\\\/\\\/cklcomunicaciones.es\\\/coop\\\/noticias-info-ckl-no-2-233-15-11-18\\\/#primaryimage\"},\"image\":{\"@id\":\"https:\\\/\\\/cklcomunicaciones.es\\\/coop\\\/noticias-info-ckl-no-2-233-15-11-18\\\/#primaryimage\"},\"thumbnailUrl\":\"http:\\\/\\\/www.cklcomunicaciones.es\\\/wp-content\\\/uploads\\\/2018\\\/03\\\/CKL_comunicacion-con-perspetiva-de-genero-300x300.jpg\",\"datePublished\":\"2018-11-15T12:03:40+00:00\",\"dateModified\":\"2025-01-17T15:40:30+00:00\",\"author\":{\"@id\":\"https:\\\/\\\/cklcomunicaciones.es\\\/coop\\\/#\\\/schema\\\/person\\\/929a6837f7626450bbb50cee1aef266e\"},\"description\":\"Comunicar con perspectiva de g\u00e9nero: El 55,55% de las personas que trabajan en el sector p\u00fablico son mujeres-WomenWill, iniciativa de Google para empresas..\",\"breadcrumb\":{\"@id\":\"https:\\\/\\\/cklcomunicaciones.es\\\/coop\\\/noticias-info-ckl-no-2-233-15-11-18\\\/#breadcrumb\"},\"inLanguage\":\"es\",\"potentialAction\":[{\"@type\":\"ReadAction\",\"target\":[\"https:\\\/\\\/cklcomunicaciones.es\\\/coop\\\/noticias-info-ckl-no-2-233-15-11-18\\\/\"]}]},{\"@type\":\"ImageObject\",\"inLanguage\":\"es\",\"@id\":\"https:\\\/\\\/cklcomunicaciones.es\\\/coop\\\/noticias-info-ckl-no-2-233-15-11-18\\\/#primaryimage\",\"url\":\"http:\\\/\\\/www.cklcomunicaciones.es\\\/wp-content\\\/uploads\\\/2018\\\/03\\\/CKL_comunicacion-con-perspetiva-de-genero-300x300.jpg\",\"contentUrl\":\"http:\\\/\\\/www.cklcomunicaciones.es\\\/wp-content\\\/uploads\\\/2018\\\/03\\\/CKL_comunicacion-con-perspetiva-de-genero-300x300.jpg\"},{\"@type\":\"BreadcrumbList\",\"@id\":\"https:\\\/\\\/cklcomunicaciones.es\\\/coop\\\/noticias-info-ckl-no-2-233-15-11-18\\\/#breadcrumb\",\"itemListElement\":[{\"@type\":\"ListItem\",\"position\":1,\"name\":\"Portada\",\"item\":\"https:\\\/\\\/cklcomunicaciones.es\\\/coop\\\/\"},{\"@type\":\"ListItem\",\"position\":2,\"name\":\"Noticias Info CKL n\u00ba 2.233-15\\\/11\\\/18\"}]},{\"@type\":\"WebSite\",\"@id\":\"https:\\\/\\\/cklcomunicaciones.es\\\/coop\\\/#website\",\"url\":\"https:\\\/\\\/cklcomunicaciones.es\\\/coop\\\/\",\"name\":\"CKL Comunicaciones\",\"description\":\"Sitio web de CKL Comunicaciones coop , la consultora de comunicaci\u00f3n y estrategia\",\"potentialAction\":[{\"@type\":\"SearchAction\",\"target\":{\"@type\":\"EntryPoint\",\"urlTemplate\":\"https:\\\/\\\/cklcomunicaciones.es\\\/coop\\\/?s={search_term_string}\"},\"query-input\":{\"@type\":\"PropertyValueSpecification\",\"valueRequired\":true,\"valueName\":\"search_term_string\"}}],\"inLanguage\":\"es\"},{\"@type\":\"Person\",\"@id\":\"https:\\\/\\\/cklcomunicaciones.es\\\/coop\\\/#\\\/schema\\\/person\\\/929a6837f7626450bbb50cee1aef266e\",\"name\":\"ckl\",\"image\":{\"@type\":\"ImageObject\",\"inLanguage\":\"es\",\"@id\":\"https:\\\/\\\/secure.gravatar.com\\\/avatar\\\/c82db564e8a669bf6023357a157b9dc4780f4d4c618f2ad1d71a6a5dede45057?s=96&d=mm&r=g\",\"url\":\"https:\\\/\\\/secure.gravatar.com\\\/avatar\\\/c82db564e8a669bf6023357a157b9dc4780f4d4c618f2ad1d71a6a5dede45057?s=96&d=mm&r=g\",\"contentUrl\":\"https:\\\/\\\/secure.gravatar.com\\\/avatar\\\/c82db564e8a669bf6023357a157b9dc4780f4d4c618f2ad1d71a6a5dede45057?s=96&d=mm&r=g\",\"caption\":\"ckl\"},\"url\":\"https:\\\/\\\/cklcomunicaciones.es\\\/coop\\\/author\\\/cklcomunicaciones\\\/\"}]}<\/script>\n<!-- \/ Yoast SEO plugin. -->","yoast_head_json":{"title":"Noticias Info CKL n\u00ba 2.233-15\/11\/18-Comunica con perspectiva de g\u00e9nero","description":"Comunicar con perspectiva de g\u00e9nero: El 55,55% de las personas que trabajan en el sector p\u00fablico son mujeres-WomenWill, iniciativa de Google para empresas..","robots":{"index":"index","follow":"follow","max-snippet":"max-snippet:-1","max-image-preview":"max-image-preview:large","max-video-preview":"max-video-preview:-1"},"canonical":"https:\/\/cklcomunicaciones.es\/coop\/noticias-info-ckl-no-2-233-15-11-18\/","og_locale":"es_ES","og_type":"article","og_title":"Noticias Info CKL n\u00ba 2.233-15\/11\/18-Comunica con perspectiva de g\u00e9nero","og_description":"Comunicar con perspectiva de g\u00e9nero: El 55,55% de las personas que trabajan en el sector p\u00fablico son mujeres-WomenWill, iniciativa de Google para empresas..","og_url":"https:\/\/cklcomunicaciones.es\/coop\/noticias-info-ckl-no-2-233-15-11-18\/","og_site_name":"CKL Comunicaciones","article_published_time":"2018-11-15T12:03:40+00:00","article_modified_time":"2025-01-17T15:40:30+00:00","og_image":[{"width":500,"height":500,"url":"https:\/\/cklcomunicaciones.es\/coop\/wp-content\/uploads\/2018\/03\/CKL_comunicacion-con-perspetiva-de-genero.jpg","type":"image\/jpeg"}],"author":"ckl","twitter_card":"summary_large_image","twitter_misc":{"Escrito por":"ckl","Tiempo de lectura":"4 minutos"},"schema":{"@context":"https:\/\/schema.org","@graph":[{"@type":"Article","@id":"https:\/\/cklcomunicaciones.es\/coop\/noticias-info-ckl-no-2-233-15-11-18\/#article","isPartOf":{"@id":"https:\/\/cklcomunicaciones.es\/coop\/noticias-info-ckl-no-2-233-15-11-18\/"},"author":{"name":"ckl","@id":"https:\/\/cklcomunicaciones.es\/coop\/#\/schema\/person\/929a6837f7626450bbb50cee1aef266e"},"headline":"Noticias Info CKL n\u00ba 2.233-15\/11\/18","datePublished":"2018-11-15T12:03:40+00:00","dateModified":"2025-01-17T15:40:30+00:00","mainEntityOfPage":{"@id":"https:\/\/cklcomunicaciones.es\/coop\/noticias-info-ckl-no-2-233-15-11-18\/"},"wordCount":802,"image":{"@id":"https:\/\/cklcomunicaciones.es\/coop\/noticias-info-ckl-no-2-233-15-11-18\/#primaryimage"},"thumbnailUrl":"http:\/\/www.cklcomunicaciones.es\/wp-content\/uploads\/2018\/03\/CKL_comunicacion-con-perspetiva-de-genero-300x300.jpg","articleSection":["Newsletter","Nwl v2.0"],"inLanguage":"es"},{"@type":"WebPage","@id":"https:\/\/cklcomunicaciones.es\/coop\/noticias-info-ckl-no-2-233-15-11-18\/","url":"https:\/\/cklcomunicaciones.es\/coop\/noticias-info-ckl-no-2-233-15-11-18\/","name":"Noticias Info CKL n\u00ba 2.233-15\/11\/18-Comunica con perspectiva de g\u00e9nero","isPartOf":{"@id":"https:\/\/cklcomunicaciones.es\/coop\/#website"},"primaryImageOfPage":{"@id":"https:\/\/cklcomunicaciones.es\/coop\/noticias-info-ckl-no-2-233-15-11-18\/#primaryimage"},"image":{"@id":"https:\/\/cklcomunicaciones.es\/coop\/noticias-info-ckl-no-2-233-15-11-18\/#primaryimage"},"thumbnailUrl":"http:\/\/www.cklcomunicaciones.es\/wp-content\/uploads\/2018\/03\/CKL_comunicacion-con-perspetiva-de-genero-300x300.jpg","datePublished":"2018-11-15T12:03:40+00:00","dateModified":"2025-01-17T15:40:30+00:00","author":{"@id":"https:\/\/cklcomunicaciones.es\/coop\/#\/schema\/person\/929a6837f7626450bbb50cee1aef266e"},"description":"Comunicar con perspectiva de g\u00e9nero: El 55,55% de las personas que trabajan en el sector p\u00fablico son mujeres-WomenWill, iniciativa de Google para empresas..","breadcrumb":{"@id":"https:\/\/cklcomunicaciones.es\/coop\/noticias-info-ckl-no-2-233-15-11-18\/#breadcrumb"},"inLanguage":"es","potentialAction":[{"@type":"ReadAction","target":["https:\/\/cklcomunicaciones.es\/coop\/noticias-info-ckl-no-2-233-15-11-18\/"]}]},{"@type":"ImageObject","inLanguage":"es","@id":"https:\/\/cklcomunicaciones.es\/coop\/noticias-info-ckl-no-2-233-15-11-18\/#primaryimage","url":"http:\/\/www.cklcomunicaciones.es\/wp-content\/uploads\/2018\/03\/CKL_comunicacion-con-perspetiva-de-genero-300x300.jpg","contentUrl":"http:\/\/www.cklcomunicaciones.es\/wp-content\/uploads\/2018\/03\/CKL_comunicacion-con-perspetiva-de-genero-300x300.jpg"},{"@type":"BreadcrumbList","@id":"https:\/\/cklcomunicaciones.es\/coop\/noticias-info-ckl-no-2-233-15-11-18\/#breadcrumb","itemListElement":[{"@type":"ListItem","position":1,"name":"Portada","item":"https:\/\/cklcomunicaciones.es\/coop\/"},{"@type":"ListItem","position":2,"name":"Noticias Info CKL n\u00ba 2.233-15\/11\/18"}]},{"@type":"WebSite","@id":"https:\/\/cklcomunicaciones.es\/coop\/#website","url":"https:\/\/cklcomunicaciones.es\/coop\/","name":"CKL Comunicaciones","description":"Sitio web de CKL Comunicaciones coop , la consultora de comunicaci\u00f3n y estrategia","potentialAction":[{"@type":"SearchAction","target":{"@type":"EntryPoint","urlTemplate":"https:\/\/cklcomunicaciones.es\/coop\/?s={search_term_string}"},"query-input":{"@type":"PropertyValueSpecification","valueRequired":true,"valueName":"search_term_string"}}],"inLanguage":"es"},{"@type":"Person","@id":"https:\/\/cklcomunicaciones.es\/coop\/#\/schema\/person\/929a6837f7626450bbb50cee1aef266e","name":"ckl","image":{"@type":"ImageObject","inLanguage":"es","@id":"https:\/\/secure.gravatar.com\/avatar\/c82db564e8a669bf6023357a157b9dc4780f4d4c618f2ad1d71a6a5dede45057?s=96&d=mm&r=g","url":"https:\/\/secure.gravatar.com\/avatar\/c82db564e8a669bf6023357a157b9dc4780f4d4c618f2ad1d71a6a5dede45057?s=96&d=mm&r=g","contentUrl":"https:\/\/secure.gravatar.com\/avatar\/c82db564e8a669bf6023357a157b9dc4780f4d4c618f2ad1d71a6a5dede45057?s=96&d=mm&r=g","caption":"ckl"},"url":"https:\/\/cklcomunicaciones.es\/coop\/author\/cklcomunicaciones\/"}]}},"_links":{"self":[{"href":"https:\/\/cklcomunicaciones.es\/coop\/wp-json\/wp\/v2\/posts\/14275","targetHints":{"allow":["GET"]}}],"collection":[{"href":"https:\/\/cklcomunicaciones.es\/coop\/wp-json\/wp\/v2\/posts"}],"about":[{"href":"https:\/\/cklcomunicaciones.es\/coop\/wp-json\/wp\/v2\/types\/post"}],"author":[{"embeddable":true,"href":"https:\/\/cklcomunicaciones.es\/coop\/wp-json\/wp\/v2\/users\/3"}],"replies":[{"embeddable":true,"href":"https:\/\/cklcomunicaciones.es\/coop\/wp-json\/wp\/v2\/comments?post=14275"}],"version-history":[{"count":0,"href":"https:\/\/cklcomunicaciones.es\/coop\/wp-json\/wp\/v2\/posts\/14275\/revisions"}],"wp:attachment":[{"href":"https:\/\/cklcomunicaciones.es\/coop\/wp-json\/wp\/v2\/media?parent=14275"}],"wp:term":[{"taxonomy":"category","embeddable":true,"href":"https:\/\/cklcomunicaciones.es\/coop\/wp-json\/wp\/v2\/categories?post=14275"},{"taxonomy":"post_tag","embeddable":true,"href":"https:\/\/cklcomunicaciones.es\/coop\/wp-json\/wp\/v2\/tags?post=14275"}],"curies":[{"name":"wp","href":"https:\/\/api.w.org\/{rel}","templated":true}]}}