{"id":14258,"date":"2018-11-08T13:57:26","date_gmt":"2018-11-08T12:57:26","guid":{"rendered":"http:\/\/www.cklcomunicaciones.es\/?p=14258"},"modified":"2025-01-17T16:40:31","modified_gmt":"2025-01-17T15:40:31","slug":"noticias-info-ckl-no-2-228-08-11-18","status":"publish","type":"post","link":"https:\/\/cklcomunicaciones.es\/coop\/noticias-info-ckl-no-2-228-08-11-18\/","title":{"rendered":"Noticias Info CKL n\u00ba 2.228-08\/11\/18"},"content":{"rendered":"<div id=\"pl-14258\"  class=\"panel-layout\" >\n<div id=\"pg-14258-0\"  class=\"panel-grid panel-no-style\"  data-style=\"{&quot;background_image_attachment&quot;:false,&quot;background_display&quot;:&quot;tile&quot;,&quot;cell_alignment&quot;:&quot;flex-start&quot;}\" >\n<div id=\"pgc-14258-0-0\"  class=\"panel-grid-cell\"  data-weight=\"1\" >\n<div id=\"panel-14258-0-0-0\" class=\"so-panel widget widget_sow-editor panel-first-child panel-last-child\" data-index=\"0\" data-style=\"{&quot;background_image_attachment&quot;:false,&quot;background_display&quot;:&quot;tile&quot;}\" >\n<div class=\"so-widget-sow-editor so-widget-sow-editor-base\">\n<div class=\"siteorigin-widget-tinymce textwidget\">\n<p><img decoding=\"async\" class=\"lazyload  wp-image-13726\" src=\"http:\/\/www.cklcomunicaciones.es\/wp-content\/uploads\/2018\/03\/CKL_comunicacion-con-perspetiva-de-genero-300x300.jpg\" data-orig-src=\"http:\/\/www.cklcomunicaciones.es\/wp-content\/uploads\/2018\/03\/CKL_comunicacion-con-perspetiva-de-genero-300x300.jpg\" alt=\"CKL_comunicacion con perspetiva de genero\" width=\"132\" height=\"132\" srcset=\"data:image\/svg+xml,%3Csvg%20xmlns%3D%27http%3A%2F%2Fwww.w3.org%2F2000%2Fsvg%27%20width%3D%27132%27%20height%3D%27132%27%20viewBox%3D%270%200%20132%20132%27%3E%3Crect%20width%3D%27132%27%20height%3D%27132%27%20fill-opacity%3D%220%22%2F%3E%3C%2Fsvg%3E\" data-srcset=\"https:\/\/cklcomunicaciones.es\/coop\/wp-content\/uploads\/2018\/03\/CKL_comunicacion-con-perspetiva-de-genero-150x150.jpg 150w, https:\/\/cklcomunicaciones.es\/coop\/wp-content\/uploads\/2018\/03\/CKL_comunicacion-con-perspetiva-de-genero-300x300.jpg 300w, https:\/\/cklcomunicaciones.es\/coop\/wp-content\/uploads\/2018\/03\/CKL_comunicacion-con-perspetiva-de-genero-450x450.jpg 450w, https:\/\/cklcomunicaciones.es\/coop\/wp-content\/uploads\/2018\/03\/CKL_comunicacion-con-perspetiva-de-genero.jpg 500w\" data-sizes=\"auto\" data-orig-sizes=\"(max-width: 132px) 100vw, 132px\" \/><\/p>\n<p id=\":55i\" class=\"hP\" tabindex=\"-1\" data-thread-perm-id=\"thread-f:1615747655619425337\" data-legacy-thread-id=\"166c49eea3ddb439\"><strong>El Gobierno reactiva la coordinaci\u00f3n de la igualdad en la Administraci\u00f3n P\u00fablica-El cambio cultural en la empresa, clave para lograr la igualdad-Soldados, esp\u00edas y pioneras: 10 mujeres relevantes en la I Guerra Mundial<\/strong><\/p>\n<p>[toggle type=\u00bbfirst\u00bb title=\u00bbComunicaci\u00f3n\u00bb]<\/p>\n<p><a href=\"https:\/\/www.lavanguardia.com\/local\/sevilla\/20181107\/452790060698\/el-caa-ve-correcto-el-tratamiento-informativo-de-la-inmigracion-en-las-televisiones-publicas-andaluzas.html\">El CAA ve correcto el tratamiento informativo de la inmigraci\u00f3n en las &#8230;<\/a>&#8211; La Vanguardia<\/p>\n<p><a href=\"https:\/\/www.regiondigital.com\/noticias\/cultura\/301902-caceres-acogera-un-congeso-sobre-el-papel-de-la-mujer-y-prensa-en-guerra-civil.html\">C\u00e1ceres acoger\u00e1 un Congreso sobre el papel de la mujer y prensa en la guerra civil&#8230;<\/a>&#8211; Regi\u00f3n Digital<\/p>\n<p><a href=\"https:\/\/www.diariocordoba.com\/noticias\/cordobaprovincia\/talleres-analizan-violencia-genero-reflejan-medios_1262675.html\">Unos talleres analizan la violencia de g\u00e9nero que reflejan los medios<\/a>&#8211; Diario C\u00f3rdoba<\/p>\n<p><a href=\"https:\/\/smoda.elpais.com\/moda\/adios-al-hola-chicos-ha-dejado-el-hombre-de-ser-el-objetivo-en-la-publicidad-lencera\/\">Del &#8216;hola, chicos&#8217; al &#8216;ey, chicas&#8217;: la evoluci\u00f3n de la publicidad de lencer\u00eda<\/a>&#8211; El Pa\u00eds<\/p>\n<p><a href=\"http:\/\/www.mujeremprendedora.net\/90-ninas-participan-programa-stem-talent-girl-optan-carreras-stem\/\">El 90 % de las ni\u00f1as que participan en el programa \u2018Stem Talent Girl\u2019 optan por carreras STEM<\/a> \u2013 Mujeremprendedora.net<\/p>\n<p><a href=\"https:\/\/elpais.com\/tecnologia\/2018\/11\/07\/actualidad\/1541589590_424924.html\">J\u00f3venes y con ingresos por encima de la media, as\u00ed es el perfil de los usuarios de Twitter en Espa\u00f1a<\/a> \u2013 El Pa\u00eds<\/p>\n<p>[\/toggle]<\/p>\n<p>[toggle type=\u00bbfirst\u00bb title=\u00bbAndaluc\u00eda\u00bb]<\/p>\n<p><strong>Institucional<\/strong><\/p>\n<p><a href=\"https:\/\/www.eldiario.es\/andalucia\/sevilla\/Congreso_Vilencia_machista-machismo-maltrato-Andalucia_0_833267037.html\">Susana D\u00edaz: \u201cLa violencia machista es un atentado contra los principios de la Democracia\u201d&#8230;<\/a>&#8211; eldiario.es<\/p>\n<p><strong>Econom\u00eda y Empresas<\/strong><\/p>\n<p><a href=\"https:\/\/www.ideal.es\/andalucia\/junta-convoca-nuevas-ayudas-autonomos-20181108113300-nt.html\">La Junta convoca nuevas ayudas a los aut\u00f3nomos: estos son los requisitos &#8230;<\/a>&#8211; Ideal Digital<\/p>\n<p><a href=\"https:\/\/www.lavozdelsur.es\/mujeres-con-cancer-de-mama-crean-una-cooperativa-ante-el-desahucio-laboral-que-provoca-la-enfermedad\/\">Mujeres con c\u00e1ncer de mama crean una cooperativa ante el desahucio laboral que provoca la enfermedad&#8230;<\/a>&#8211; La Voz del Sur<\/p>\n<p><a href=\"http:\/\/www.mujeremprendedora.net\/cobre-las-cruces-aprueba-plan-igualdad\/\">Cobre Las Cruces aprueba su Plan de Igualdad<\/a> \u2013 Mujeremprendedora.net<\/p>\n<p><strong>Actualidad<\/strong><\/p>\n<p><a href=\"https:\/\/www.google.com\/url?sa=t&amp;rct=j&amp;q=&amp;esrc=s&amp;source=newssearch&amp;cd=3&amp;ved=0ahUKEwjpuazm0cTeAhWMLMAKHc0TAV0QqQIILSgAMAI&amp;url=https%3A%2F%2Fwww.elsaltodiario.com%2Fpista-de-aterrizaje%2Fla-tierra-nos-hace-sentir-libres&amp;usg=AOvVaw3esSAA3-xv07_Ip_AcikkJ\">Mar\u00eda Mont\u00e1vez: \u201cLa tierra nos hace sentir libres\u201d<\/a> &#8211; El Salto<\/p>\n<p><a href=\"https:\/\/www.discapnet.es\/actualidad\/2018\/11\/andalucia-inclusiva-celebra-la-primera-edicion-de-coloquios-que-suman\">Andaluc\u00eda Inclusiva celebra la primera edici\u00f3n de coloquios que suman<\/a>&#8211; Discapnet<\/p>\n<p><strong>Violencias<\/strong><\/p>\n<p><a href=\"http:\/\/www.motrildigital.com\/motril-da-via-libre-la-red-espacios-libres-violencia-genero\/\">Motril da v\u00eda libre a la Red de Espacios Libres de Violencia de G\u00e9nero<\/a>&#8211; Motril@Digital<\/p>\n<p><a href=\"https:\/\/www.axarquiaplus.es\/un-centenar-de-personas-participan-en-las-iv-jornadas-comarcales-sobre-violencia-de-genero-y-menores-en-velez-malaga\/\">Un centenar de personas participan en las IV Jornadas Comarcales &#8230;<\/a>&#8211; Axarqu\u00edaPlus<\/p>\n<p><a href=\"https:\/\/www.google.com\/url?sa=t&amp;rct=j&amp;q=&amp;esrc=s&amp;source=newssearch&amp;cd=1&amp;ved=0ahUKEwi6iIn14cTeAhVCESwKHTUZBggQqQIIKCgAMAA&amp;url=https%3A%2F%2Fwww.axarquiaplus.es%2Fun-centenar-de-personas-participan-en-las-iv-jornadas-comarcales-sobre-violencia-de-genero-y-menores-en-velez-malaga%2F&amp;usg=AOvVaw06yrnmeYtfrP516hos75Bf\">Un centenar de personas participan en las IV Jornadas Comarcales sobre violencia de g\u00e9nero y menores &#8230;<\/a>&#8211; Axarqu\u00edaPlus<\/p>\n<p><strong>Ciencia y Cultura<\/strong><\/p>\n<p><a href=\"https:\/\/www.europapress.es\/andalucia\/noticia-universidad-cordoba-reune-centenar-prestigiosos-cordobeses-impulsar-talento-foro-unico-20181107204915.html\">La Universidad de C\u00f3rdoba re\u00fane a un centenar de prestigios@s &#8230;<\/a>&#8211; Europa Press<\/p>\n<p><a href=\"https:\/\/www.google.com\/url?sa=t&amp;rct=j&amp;q=&amp;esrc=s&amp;source=newssearch&amp;cd=12&amp;ved=0ahUKEwjAobCM58TeAhWFiCwKHSMjDKo4ChCpAggqKAAwAQ&amp;url=https%3A%2F%2Fwww.europapress.es%2Fesandalucia%2Fsevilla%2Fnoticia-centro-andaluz-letras-presenta-sevilla-nuevo-libro-julia-sarda-ciclo-vinetas-capitales-20181107181111.html&amp;usg=AOvVaw3edPJfUqi7wersqZcKd8-C\">El Centro Andaluz de las Letras presenta en Sevilla el nuevo libro de Julia&#8230;<\/a>&#8211; Europa Press<\/p>\n<p><a href=\"https:\/\/www.elmundo.es\/cronica\/2018\/11\/07\/5bdc9225e2704ee1108b463d.html\">La Mata Hari del sur: \u00abSoy la Reina de Corazones\u00bb<\/a> \u2013 El Mundo<\/p>\n<p><a href=\"https:\/\/www.granadadigital.es\/una-muestra-de-poesia-y-fotografia-conciencia-sobre-la-urgencia-de-erradicar-la-violencia-de-genero\/\">Una muestra de poes\u00eda y fotograf\u00eda conciencia sobre la \u201curgencia\u201d de erradicar la violencia de g\u00e9nero &#8230;<\/a>&#8211; GranadaDigital-<\/p>\n<p><a href=\"http:\/\/www.diariojaen.es\/cultura\/el-septimo-arte-denuncia-la-violencia-de-genero-DJ4812511\">El s\u00e9ptimo arte denuncia la violencia de g\u00e9nero<\/a>&#8211; Diario Ja\u00e9n<\/p>\n<p><strong>Deporte<\/strong><\/p>\n<p><a href=\"https:\/\/www.diariosur.es\/deportes\/mas-deportes\/doblete-malaga-campeonato-20181108002718-ntvo.html\">Doblete de M\u00e1laga en el Campeonato de Andaluc\u00eda<\/a>&#8211; Sur Digital<\/p>\n<p>[\/toggle]<\/p>\n<p>[toggle type=\u00bbfirst\u00bb title=\u00bbEstado\u00bb]<\/p>\n<p><strong>Institucional<\/strong><\/p>\n<p><a href=\"https:\/\/www.publico.es\/politica\/gobierno-reactiva-coordinacion-igualdad-administracion-pubica.html\">El Gobierno reactiva la coordinaci\u00f3n de la igualdad en la administraci\u00f3n p\u00fablica<\/a> &#8211; P\u00fablico<strong>\u00a0<\/strong><\/p>\n<p><strong>Institucional-CCAA<\/strong><\/p>\n<p><a href=\"https:\/\/www.google.com\/url?rct=j&amp;sa=t&amp;url=https:\/\/elfarodeceuta.es\/la-delegacion-del-gobierno-y-el-instituto-de-la-mujer-fomentan-los-planes-de-igualdad-en-empresas-e-instituciones\/&amp;ct=ga&amp;cd=CAEYACoUMTc0OTQ5NzA3MTMzNDc1ODUyMzYyGWMwMzcyZWJjMmZlYWRhNTk6ZXM6ZXM6RVM&amp;usg=AFQjCNGLMFDwJ-2gCgYioYIve-2TxaJzgg\">La Delegaci\u00f3n del Gobierno y el Instituto de la Mujer fomentan los planes de igualdad en &#8230; <\/a>&#8211; El Faro de Ceuta<\/p>\n<p><a href=\"https:\/\/www.google.com\/url?rct=j&amp;sa=t&amp;url=http:\/\/cadenaser.com\/emisora\/2018\/11\/07\/radio_zaragoza\/1541610993_779299.html&amp;ct=ga&amp;cd=CAEYEioUMTc0OTQ5NzA3MTMzNDc1ODUyMzYyGWMwMzcyZWJjMmZlYWRhNTk6ZXM6ZXM6RVM&amp;usg=AFQjCNEh2PnFmyy294szJ5j5rc9pAiho_A\">Tuits y microrrelatos contra la violencia de g\u00e9nero <\/a>&#8211; Cadena SER<\/p>\n<p><a href=\"https:\/\/www.lasprovincias.es\/sociedad\/chochocharla-que-es-quien-20181108094858-nt.html\">La &#8216;chochocharla&#8217; levanta la pol\u00e9mica en Espa\u00f1a<\/a>&#8211; Las Provincias<\/p>\n<p><a href=\"https:\/\/toledodiario.es\/mujer-y-liderazgo-un-curso-para-fomentar-el-espiritu-emprendedor-y-la-autoestima\/\">&#8216;Mujer y Liderazgo&#8217;, un curso para fomentar el esp\u00edritu emprendedor y &#8230;<\/a>&#8211; Toledodiario<\/p>\n<p><strong>Econom\u00eda y Empresa<\/strong><\/p>\n<p><a href=\"https:\/\/www.google.com\/url?rct=j&amp;sa=t&amp;url=https:\/\/www.eleconomista.es\/empresas-finanzas\/noticias\/9502662\/11\/18\/El-cambio-cultural-en-la-empresa-clave-para-lograr-la-igualdad-de-genero.html&amp;ct=ga&amp;cd=CAEYDSoUMTc0OTQ5NzA3MTMzNDc1ODUyMzYyGWMwMzcyZWJjMmZlYWRhNTk6ZXM6ZXM6RVM&amp;usg=AFQjCNHXAnG8dFrgPIH1hZILHxs-aFmLOA\">El cambio cultural en la empresa, clave para lograr la igualdad de g\u00e9nero <\/a>&#8211; elEconomista.es<\/p>\n<p><a href=\"https:\/\/www.google.com\/url?rct=j&amp;sa=t&amp;url=https:\/\/www.20minutos.es\/noticia\/3485474\/0\/brecha-desplazamiento-mujeres-primar-cercania-empleo-al-salario\/&amp;ct=ga&amp;cd=CAEYHyoUMTc0OTQ5NzA3MTMzNDc1ODUyMzYyGWMwMzcyZWJjMmZlYWRhNTk6ZXM6ZXM6RVM&amp;usg=AFQjCNFMcccYO-ta7YlJoSpdHpyoIkrIvA\">La \u00abbrecha del desplazamiento\u00bb: las mujeres priman la cercan\u00eda del empleo al salario tras el primer hijo&#8230; <\/a>&#8211; 20minutos.es<\/p>\n<p><a href=\"http:\/\/www.mujeremprendedora.net\/mas-mitad-emprendedoras-trabaja-40-60-horas-semanales\/\">M\u00e1s de la mitad de las emprendedoras trabaja de 40 a 60 horas semanales<\/a> \u2013 Mujeremprendedora.net<strong>\u00a0<\/strong><\/p>\n<p><strong>Actualidad<\/strong><strong>\u00a0\u00a0\u00a0\u00a0\u00a0\u00a0\u00a0\u00a0 <\/strong><\/p>\n<p><a href=\"https:\/\/www.google.com\/url?sa=t&amp;rct=j&amp;q=&amp;esrc=s&amp;source=newssearch&amp;cd=8&amp;ved=0ahUKEwjByajW0cTeAhVqDMAKHSBECpMQqQIIQSgAMAc&amp;url=https%3A%2F%2Fwww.diariosur.es%2Fsociedad%2Fsalud%2Fmujeres-tratan-cancer-disfunciones-sexuales-20181108002951-ntrc.html&amp;usg=AOvVaw1rZg91VWoSukc2C7L-7IFA\">Un 60% de las mujeres que se tratan de un c\u00e1ncer sufren disfunciones sexuales&#8230;<\/a>&#8211; Sur Digital<\/p>\n<p><a href=\"https:\/\/www.google.com\/url?rct=j&amp;sa=t&amp;url=https:\/\/www.elimparcial.es\/noticia\/195392\/sociedad\/investigadores-espanoles-logran-curar-el-vih-en-una-mujer-de-70-anos.html&amp;ct=ga&amp;cd=CAEYGyoUMTc0OTQ5NzA3MTMzNDc1ODUyMzYyGWMwMzcyZWJjMmZlYWRhNTk6ZXM6ZXM6RVM&amp;usg=AFQjCNFpEzcH6KVcV9ZcoXsg_Ib6GP2aVA\">Investigadores espa\u00f1oles logran curar el VIH en una mujer de 70 a\u00f1os <\/a>&#8211; El Imparcial<strong>\u00a0<\/strong><\/p>\n<p><strong>Violencias<\/strong><strong>\u00a0<\/strong><\/p>\n<p><a href=\"https:\/\/www.marca.com\/tiramillas\/actualidad\/2018\/11\/08\/5be410c2ca4741f03b8b457c.html\">Mabel Lozano: \u00abEl 39% de los hombres van o han ido alguna vez a &#8230;<\/a>&#8211; Marca.com<strong>\u00a0<\/strong><\/p>\n<p><strong>Ciencia y Cultura<\/strong><\/p>\n<p><a href=\"https:\/\/www.google.com\/url?rct=j&amp;sa=t&amp;url=https:\/\/www.europapress.es\/sociedad\/noticia-cristina-abad-descubre-libertad-amar-genio-femenino-futura-beata-guadalupe-ortiz-landazuri-20181107180937.html&amp;ct=ga&amp;cd=CAEYFCoUMTc0OTQ5NzA3MTMzNDc1ODUyMzYyGWMwMzcyZWJjMmZlYWRhNTk6ZXM6ZXM6RVM&amp;usg=AFQjCNGtVeQOYYAUmIHj-kEQJNITXJ27VA\">Cristina Abad descubre en &#8216;La libertad de amar&#8217; el \u00abgenio femenino\u00bb de la futura beata Guadalupe &#8230; <\/a>&#8211; Europa Press<\/p>\n<p><a href=\"https:\/\/www.elmundo.es\/cultura\/cine\/2018\/11\/08\/5be3497f22601dfd738b467b.html\">Ingrid Garc\u00eda-Jonsson, la musa &#8216;millennial&#8217; del cine &#8216;indie&#8217; espa\u00f1ol<\/a> \u2013 El Mundo<\/p>\n<p><a href=\"https:\/\/www.google.com\/url?sa=t&amp;rct=j&amp;q=&amp;esrc=s&amp;source=newssearch&amp;cd=6&amp;ved=0ahUKEwjByajW0cTeAhVqDMAKHSBECpMQqQIIOygAMAU&amp;url=https%3A%2F%2Fwww.abc.es%2Ffamilia%2Fpadres-hijos%2Fabci-libro-recomienda-penelope-cruz-mujeres-desgaste-postnatal-201811080203_noticia.html&amp;usg=AOvVaw00IXEsbv-pRadlFAMtWzKb\">El libro que recomienda Pen\u00e9lope Cruz a las mujeres con desgaste postnatal &#8230;<\/a>&#8211; Abc.es<\/p>\n<p><a href=\"https:\/\/www.google.com\/url?sa=t&amp;rct=j&amp;q=&amp;esrc=s&amp;source=newssearch&amp;cd=16&amp;ved=0ahUKEwi48Mn11sTeAhXpwYsKHYMRBO04ChCpAgg2KAAwBQ&amp;url=https%3A%2F%2Fwww.elespanol.com%2Fcultura%2Fhistoria%2F20181108%2Fsoldados-espias-pioneras-mujeres-cambiaron-guerra-mundial%2F351244883_3.html&amp;usg=AOvVaw2gOHfeUmI4RM5_64aiy-LZ\">Soldados, esp\u00edas y pioneras: diez mujeres que cambiaron el curso de la I Guerra Mundial &#8230;<\/a>&#8211; El Espa\u00f1ol<\/p>\n<p><strong>Deporte\u00a0\u00a0\u00a0<\/strong><\/p>\n<p><a href=\"https:\/\/elpais.com\/deportes\/2018\/11\/07\/actualidad\/1541612385_214582.html\">Salma Paralluelo, el dilema de una ni\u00f1a prodigio<\/a> \u2013 El Pa\u00eds<\/p>\n<p><a href=\"http:\/\/www.rtve.es\/deportes\/20181108\/equipos-masculino-femnino-kata-pelearan-oro\/1834662.shtml\">Los equipos masculino y femenino de kata pelear\u00e1n por el oro<\/a>&#8211; Rtve<\/p>\n<p>[\/toggle]<\/p>\n<p>[toggle type=\u00bbfirst\u00bb title=\u00bbInternacional\u00bb]<\/p>\n<p><a href=\"https:\/\/gestion.pe\/economia\/management-empleo\/lagarde-fundamental-mujeres-lleguen-cima-249317\">Lagarde: Es &#8216;fundamental&#8217; que las mujeres lleguen a la cima<\/a>-Diario Gesti\u00f3n<\/p>\n<p><a href=\"https:\/\/www.google.com\/url?sa=t&amp;rct=j&amp;q=&amp;esrc=s&amp;source=newssearch&amp;cd=23&amp;ved=0ahUKEwiUjLPV18TeAhVNlIsKHUmFCN84FBCpAggtKAAwAg&amp;url=https%3A%2F%2Fwww.efe.com%2Fefe%2Famerica%2Feconomia%2Fcostarricense-sera-la-primera-mujer-en-dirigir-programa-de-caficultura-regional%2F20000011-3806411&amp;usg=AOvVaw17nFwaEeywRsWv-GoAasPe\">Xinia Chavez, la costarricense ser\u00e1 la primera mujer en dirigir programa de caficultura regional &#8230;<\/a>&#8211; EFE &#8211; Noticias<\/p>\n<p><a href=\"https:\/\/www.lavanguardia.com\/economia\/20181108\/452797457558\/elon-musk-tesla-robyn-denholm-presidenta.html\">Tesla elige a Robyn Denholm para sustituir a Elon Musk en la presidencia<\/a>&#8211; La Vanguardia<\/p>\n<p><a href=\"https:\/\/www.google.com\/url?sa=t&amp;rct=j&amp;q=&amp;esrc=s&amp;source=newssearch&amp;cd=4&amp;ved=0ahUKEwibwfnP4MTeAhWKDiwKHUtWCU0QqQIIMCgAMAM&amp;url=https%3A%2F%2Ftrabajo.ladiaria.com.uy%2Farticulo%2F2018%2F11%2Flas-mujeres-y-el-trabajo-la-informalidad-como-flexibilidad-para-combinar-tareas-domesticas-y-empleo%2F&amp;usg=AOvVaw12336zQiEfYGS0uOFrbLIr\">Las mujeres y el trabajo: \u201cLa informalidad como flexibilidad para &#8230;<\/a>&#8211; la diaria<\/p>\n<p><a href=\"https:\/\/www.publico.es\/internacional\/son-mujeres-han-despuntado-elecciones.html\">Estas son las mujeres que han despuntado en las elecciones de EEUU<\/a> &#8211; P\u00fablico<\/p>\n<p><a href=\"https:\/\/elpais.com\/elpais\/2018\/11\/07\/opinion\/1541606132_866136.html\">El primer freno a Trump<\/a> \u2013 El Pa\u00eds<\/p>\n<p><a href=\"https:\/\/elpais.com\/cultura\/2018\/11\/08\/actualidad\/1541644760_149777.html\">\u2018P\u00e1jaros de verano\u2019 sorprende en unos premios F\u00e9nix que reivindican el poder de las mujeres<\/a> \u2013 El Mundo<\/p>\n<p>[\/toggle]<\/p>\n<\/div>\n<\/div>\n<\/div>\n<\/div>\n<\/div>\n<\/div>\n","protected":false},"excerpt":{"rendered":"<p>El Gobierno reactiva la coordinaci\u00f3n de la igualdad en la <a href=\"https:\/\/cklcomunicaciones.es\/coop\/noticias-info-ckl-no-2-228-08-11-18\/\">[&#8230;]<\/a><\/p>\n","protected":false},"author":3,"featured_media":0,"comment_status":"closed","ping_status":"closed","sticky":false,"template":"","format":"standard","meta":{"footnotes":""},"categories":[298,623],"tags":[],"class_list":["post-14258","post","type-post","status-publish","format-standard","hentry","category-newsletter","category-nwl-2-0"],"yoast_head":"<!-- This site is optimized with the Yoast SEO plugin v27.5 - https:\/\/yoast.com\/product\/yoast-seo-wordpress\/ -->\n<title>Noticias Info CKL n\u00ba 2.228-08\/11\/18-Comunica con perspectiva de g\u00e9nero<\/title>\n<meta name=\"description\" content=\"Comunicar con perspectiva de g\u00e9nero: El Gobierno reactiva la coordinaci\u00f3n de la igualdad en la Administraci\u00f3n P\u00fablica-El cambio cultural en la empresa, clave para lograr la igualdad\" \/>\n<meta name=\"robots\" content=\"index, follow, max-snippet:-1, max-image-preview:large, max-video-preview:-1\" \/>\n<link rel=\"canonical\" href=\"https:\/\/cklcomunicaciones.es\/coop\/noticias-info-ckl-no-2-228-08-11-18\/\" \/>\n<meta property=\"og:locale\" content=\"es_ES\" \/>\n<meta property=\"og:type\" content=\"article\" \/>\n<meta property=\"og:title\" content=\"Noticias Info CKL n\u00ba 2.228-08\/11\/18-Comunica con perspectiva de g\u00e9nero\" \/>\n<meta property=\"og:description\" content=\"Comunicar con perspectiva de g\u00e9nero: El Gobierno reactiva la coordinaci\u00f3n de la igualdad en la Administraci\u00f3n P\u00fablica-El cambio cultural en la empresa, clave para lograr la igualdad\" \/>\n<meta property=\"og:url\" content=\"https:\/\/cklcomunicaciones.es\/coop\/noticias-info-ckl-no-2-228-08-11-18\/\" \/>\n<meta property=\"og:site_name\" content=\"CKL Comunicaciones\" \/>\n<meta property=\"article:published_time\" content=\"2018-11-08T12:57:26+00:00\" \/>\n<meta property=\"article:modified_time\" content=\"2025-01-17T15:40:31+00:00\" \/>\n<meta property=\"og:image\" content=\"https:\/\/cklcomunicaciones.es\/coop\/wp-content\/uploads\/2018\/03\/CKL_comunicacion-con-perspetiva-de-genero.jpg\" \/>\n\t<meta property=\"og:image:width\" content=\"500\" \/>\n\t<meta property=\"og:image:height\" content=\"500\" \/>\n\t<meta property=\"og:image:type\" content=\"image\/jpeg\" \/>\n<meta name=\"author\" content=\"ckl\" \/>\n<meta name=\"twitter:card\" content=\"summary_large_image\" \/>\n<meta name=\"twitter:label1\" content=\"Escrito por\" \/>\n\t<meta name=\"twitter:data1\" content=\"ckl\" \/>\n\t<meta name=\"twitter:label2\" content=\"Tiempo de lectura\" \/>\n\t<meta name=\"twitter:data2\" content=\"4 minutos\" \/>\n<script type=\"application\/ld+json\" class=\"yoast-schema-graph\">{\"@context\":\"https:\\\/\\\/schema.org\",\"@graph\":[{\"@type\":\"Article\",\"@id\":\"https:\\\/\\\/cklcomunicaciones.es\\\/coop\\\/noticias-info-ckl-no-2-228-08-11-18\\\/#article\",\"isPartOf\":{\"@id\":\"https:\\\/\\\/cklcomunicaciones.es\\\/coop\\\/noticias-info-ckl-no-2-228-08-11-18\\\/\"},\"author\":{\"name\":\"ckl\",\"@id\":\"https:\\\/\\\/cklcomunicaciones.es\\\/coop\\\/#\\\/schema\\\/person\\\/929a6837f7626450bbb50cee1aef266e\"},\"headline\":\"Noticias Info CKL n\u00ba 2.228-08\\\/11\\\/18\",\"datePublished\":\"2018-11-08T12:57:26+00:00\",\"dateModified\":\"2025-01-17T15:40:31+00:00\",\"mainEntityOfPage\":{\"@id\":\"https:\\\/\\\/cklcomunicaciones.es\\\/coop\\\/noticias-info-ckl-no-2-228-08-11-18\\\/\"},\"wordCount\":810,\"image\":{\"@id\":\"https:\\\/\\\/cklcomunicaciones.es\\\/coop\\\/noticias-info-ckl-no-2-228-08-11-18\\\/#primaryimage\"},\"thumbnailUrl\":\"http:\\\/\\\/www.cklcomunicaciones.es\\\/wp-content\\\/uploads\\\/2018\\\/03\\\/CKL_comunicacion-con-perspetiva-de-genero-300x300.jpg\",\"articleSection\":[\"Newsletter\",\"Nwl v2.0\"],\"inLanguage\":\"es\"},{\"@type\":\"WebPage\",\"@id\":\"https:\\\/\\\/cklcomunicaciones.es\\\/coop\\\/noticias-info-ckl-no-2-228-08-11-18\\\/\",\"url\":\"https:\\\/\\\/cklcomunicaciones.es\\\/coop\\\/noticias-info-ckl-no-2-228-08-11-18\\\/\",\"name\":\"Noticias Info CKL n\u00ba 2.228-08\\\/11\\\/18-Comunica con perspectiva de g\u00e9nero\",\"isPartOf\":{\"@id\":\"https:\\\/\\\/cklcomunicaciones.es\\\/coop\\\/#website\"},\"primaryImageOfPage\":{\"@id\":\"https:\\\/\\\/cklcomunicaciones.es\\\/coop\\\/noticias-info-ckl-no-2-228-08-11-18\\\/#primaryimage\"},\"image\":{\"@id\":\"https:\\\/\\\/cklcomunicaciones.es\\\/coop\\\/noticias-info-ckl-no-2-228-08-11-18\\\/#primaryimage\"},\"thumbnailUrl\":\"http:\\\/\\\/www.cklcomunicaciones.es\\\/wp-content\\\/uploads\\\/2018\\\/03\\\/CKL_comunicacion-con-perspetiva-de-genero-300x300.jpg\",\"datePublished\":\"2018-11-08T12:57:26+00:00\",\"dateModified\":\"2025-01-17T15:40:31+00:00\",\"author\":{\"@id\":\"https:\\\/\\\/cklcomunicaciones.es\\\/coop\\\/#\\\/schema\\\/person\\\/929a6837f7626450bbb50cee1aef266e\"},\"description\":\"Comunicar con perspectiva de g\u00e9nero: El Gobierno reactiva la coordinaci\u00f3n de la igualdad en la Administraci\u00f3n P\u00fablica-El cambio cultural en la empresa, clave para lograr la igualdad\",\"breadcrumb\":{\"@id\":\"https:\\\/\\\/cklcomunicaciones.es\\\/coop\\\/noticias-info-ckl-no-2-228-08-11-18\\\/#breadcrumb\"},\"inLanguage\":\"es\",\"potentialAction\":[{\"@type\":\"ReadAction\",\"target\":[\"https:\\\/\\\/cklcomunicaciones.es\\\/coop\\\/noticias-info-ckl-no-2-228-08-11-18\\\/\"]}]},{\"@type\":\"ImageObject\",\"inLanguage\":\"es\",\"@id\":\"https:\\\/\\\/cklcomunicaciones.es\\\/coop\\\/noticias-info-ckl-no-2-228-08-11-18\\\/#primaryimage\",\"url\":\"http:\\\/\\\/www.cklcomunicaciones.es\\\/wp-content\\\/uploads\\\/2018\\\/03\\\/CKL_comunicacion-con-perspetiva-de-genero-300x300.jpg\",\"contentUrl\":\"http:\\\/\\\/www.cklcomunicaciones.es\\\/wp-content\\\/uploads\\\/2018\\\/03\\\/CKL_comunicacion-con-perspetiva-de-genero-300x300.jpg\"},{\"@type\":\"BreadcrumbList\",\"@id\":\"https:\\\/\\\/cklcomunicaciones.es\\\/coop\\\/noticias-info-ckl-no-2-228-08-11-18\\\/#breadcrumb\",\"itemListElement\":[{\"@type\":\"ListItem\",\"position\":1,\"name\":\"Portada\",\"item\":\"https:\\\/\\\/cklcomunicaciones.es\\\/coop\\\/\"},{\"@type\":\"ListItem\",\"position\":2,\"name\":\"Noticias Info CKL n\u00ba 2.228-08\\\/11\\\/18\"}]},{\"@type\":\"WebSite\",\"@id\":\"https:\\\/\\\/cklcomunicaciones.es\\\/coop\\\/#website\",\"url\":\"https:\\\/\\\/cklcomunicaciones.es\\\/coop\\\/\",\"name\":\"CKL Comunicaciones\",\"description\":\"Sitio web de CKL Comunicaciones coop , la consultora de comunicaci\u00f3n y estrategia\",\"potentialAction\":[{\"@type\":\"SearchAction\",\"target\":{\"@type\":\"EntryPoint\",\"urlTemplate\":\"https:\\\/\\\/cklcomunicaciones.es\\\/coop\\\/?s={search_term_string}\"},\"query-input\":{\"@type\":\"PropertyValueSpecification\",\"valueRequired\":true,\"valueName\":\"search_term_string\"}}],\"inLanguage\":\"es\"},{\"@type\":\"Person\",\"@id\":\"https:\\\/\\\/cklcomunicaciones.es\\\/coop\\\/#\\\/schema\\\/person\\\/929a6837f7626450bbb50cee1aef266e\",\"name\":\"ckl\",\"image\":{\"@type\":\"ImageObject\",\"inLanguage\":\"es\",\"@id\":\"https:\\\/\\\/secure.gravatar.com\\\/avatar\\\/c82db564e8a669bf6023357a157b9dc4780f4d4c618f2ad1d71a6a5dede45057?s=96&d=mm&r=g\",\"url\":\"https:\\\/\\\/secure.gravatar.com\\\/avatar\\\/c82db564e8a669bf6023357a157b9dc4780f4d4c618f2ad1d71a6a5dede45057?s=96&d=mm&r=g\",\"contentUrl\":\"https:\\\/\\\/secure.gravatar.com\\\/avatar\\\/c82db564e8a669bf6023357a157b9dc4780f4d4c618f2ad1d71a6a5dede45057?s=96&d=mm&r=g\",\"caption\":\"ckl\"},\"url\":\"https:\\\/\\\/cklcomunicaciones.es\\\/coop\\\/author\\\/cklcomunicaciones\\\/\"}]}<\/script>\n<!-- \/ Yoast SEO plugin. -->","yoast_head_json":{"title":"Noticias Info CKL n\u00ba 2.228-08\/11\/18-Comunica con perspectiva de g\u00e9nero","description":"Comunicar con perspectiva de g\u00e9nero: El Gobierno reactiva la coordinaci\u00f3n de la igualdad en la Administraci\u00f3n P\u00fablica-El cambio cultural en la empresa, clave para lograr la igualdad","robots":{"index":"index","follow":"follow","max-snippet":"max-snippet:-1","max-image-preview":"max-image-preview:large","max-video-preview":"max-video-preview:-1"},"canonical":"https:\/\/cklcomunicaciones.es\/coop\/noticias-info-ckl-no-2-228-08-11-18\/","og_locale":"es_ES","og_type":"article","og_title":"Noticias Info CKL n\u00ba 2.228-08\/11\/18-Comunica con perspectiva de g\u00e9nero","og_description":"Comunicar con perspectiva de g\u00e9nero: El Gobierno reactiva la coordinaci\u00f3n de la igualdad en la Administraci\u00f3n P\u00fablica-El cambio cultural en la empresa, clave para lograr la igualdad","og_url":"https:\/\/cklcomunicaciones.es\/coop\/noticias-info-ckl-no-2-228-08-11-18\/","og_site_name":"CKL Comunicaciones","article_published_time":"2018-11-08T12:57:26+00:00","article_modified_time":"2025-01-17T15:40:31+00:00","og_image":[{"width":500,"height":500,"url":"https:\/\/cklcomunicaciones.es\/coop\/wp-content\/uploads\/2018\/03\/CKL_comunicacion-con-perspetiva-de-genero.jpg","type":"image\/jpeg"}],"author":"ckl","twitter_card":"summary_large_image","twitter_misc":{"Escrito por":"ckl","Tiempo de lectura":"4 minutos"},"schema":{"@context":"https:\/\/schema.org","@graph":[{"@type":"Article","@id":"https:\/\/cklcomunicaciones.es\/coop\/noticias-info-ckl-no-2-228-08-11-18\/#article","isPartOf":{"@id":"https:\/\/cklcomunicaciones.es\/coop\/noticias-info-ckl-no-2-228-08-11-18\/"},"author":{"name":"ckl","@id":"https:\/\/cklcomunicaciones.es\/coop\/#\/schema\/person\/929a6837f7626450bbb50cee1aef266e"},"headline":"Noticias Info CKL n\u00ba 2.228-08\/11\/18","datePublished":"2018-11-08T12:57:26+00:00","dateModified":"2025-01-17T15:40:31+00:00","mainEntityOfPage":{"@id":"https:\/\/cklcomunicaciones.es\/coop\/noticias-info-ckl-no-2-228-08-11-18\/"},"wordCount":810,"image":{"@id":"https:\/\/cklcomunicaciones.es\/coop\/noticias-info-ckl-no-2-228-08-11-18\/#primaryimage"},"thumbnailUrl":"http:\/\/www.cklcomunicaciones.es\/wp-content\/uploads\/2018\/03\/CKL_comunicacion-con-perspetiva-de-genero-300x300.jpg","articleSection":["Newsletter","Nwl v2.0"],"inLanguage":"es"},{"@type":"WebPage","@id":"https:\/\/cklcomunicaciones.es\/coop\/noticias-info-ckl-no-2-228-08-11-18\/","url":"https:\/\/cklcomunicaciones.es\/coop\/noticias-info-ckl-no-2-228-08-11-18\/","name":"Noticias Info CKL n\u00ba 2.228-08\/11\/18-Comunica con perspectiva de g\u00e9nero","isPartOf":{"@id":"https:\/\/cklcomunicaciones.es\/coop\/#website"},"primaryImageOfPage":{"@id":"https:\/\/cklcomunicaciones.es\/coop\/noticias-info-ckl-no-2-228-08-11-18\/#primaryimage"},"image":{"@id":"https:\/\/cklcomunicaciones.es\/coop\/noticias-info-ckl-no-2-228-08-11-18\/#primaryimage"},"thumbnailUrl":"http:\/\/www.cklcomunicaciones.es\/wp-content\/uploads\/2018\/03\/CKL_comunicacion-con-perspetiva-de-genero-300x300.jpg","datePublished":"2018-11-08T12:57:26+00:00","dateModified":"2025-01-17T15:40:31+00:00","author":{"@id":"https:\/\/cklcomunicaciones.es\/coop\/#\/schema\/person\/929a6837f7626450bbb50cee1aef266e"},"description":"Comunicar con perspectiva de g\u00e9nero: El Gobierno reactiva la coordinaci\u00f3n de la igualdad en la Administraci\u00f3n P\u00fablica-El cambio cultural en la empresa, clave para lograr la igualdad","breadcrumb":{"@id":"https:\/\/cklcomunicaciones.es\/coop\/noticias-info-ckl-no-2-228-08-11-18\/#breadcrumb"},"inLanguage":"es","potentialAction":[{"@type":"ReadAction","target":["https:\/\/cklcomunicaciones.es\/coop\/noticias-info-ckl-no-2-228-08-11-18\/"]}]},{"@type":"ImageObject","inLanguage":"es","@id":"https:\/\/cklcomunicaciones.es\/coop\/noticias-info-ckl-no-2-228-08-11-18\/#primaryimage","url":"http:\/\/www.cklcomunicaciones.es\/wp-content\/uploads\/2018\/03\/CKL_comunicacion-con-perspetiva-de-genero-300x300.jpg","contentUrl":"http:\/\/www.cklcomunicaciones.es\/wp-content\/uploads\/2018\/03\/CKL_comunicacion-con-perspetiva-de-genero-300x300.jpg"},{"@type":"BreadcrumbList","@id":"https:\/\/cklcomunicaciones.es\/coop\/noticias-info-ckl-no-2-228-08-11-18\/#breadcrumb","itemListElement":[{"@type":"ListItem","position":1,"name":"Portada","item":"https:\/\/cklcomunicaciones.es\/coop\/"},{"@type":"ListItem","position":2,"name":"Noticias Info CKL n\u00ba 2.228-08\/11\/18"}]},{"@type":"WebSite","@id":"https:\/\/cklcomunicaciones.es\/coop\/#website","url":"https:\/\/cklcomunicaciones.es\/coop\/","name":"CKL Comunicaciones","description":"Sitio web de CKL Comunicaciones coop , la consultora de comunicaci\u00f3n y estrategia","potentialAction":[{"@type":"SearchAction","target":{"@type":"EntryPoint","urlTemplate":"https:\/\/cklcomunicaciones.es\/coop\/?s={search_term_string}"},"query-input":{"@type":"PropertyValueSpecification","valueRequired":true,"valueName":"search_term_string"}}],"inLanguage":"es"},{"@type":"Person","@id":"https:\/\/cklcomunicaciones.es\/coop\/#\/schema\/person\/929a6837f7626450bbb50cee1aef266e","name":"ckl","image":{"@type":"ImageObject","inLanguage":"es","@id":"https:\/\/secure.gravatar.com\/avatar\/c82db564e8a669bf6023357a157b9dc4780f4d4c618f2ad1d71a6a5dede45057?s=96&d=mm&r=g","url":"https:\/\/secure.gravatar.com\/avatar\/c82db564e8a669bf6023357a157b9dc4780f4d4c618f2ad1d71a6a5dede45057?s=96&d=mm&r=g","contentUrl":"https:\/\/secure.gravatar.com\/avatar\/c82db564e8a669bf6023357a157b9dc4780f4d4c618f2ad1d71a6a5dede45057?s=96&d=mm&r=g","caption":"ckl"},"url":"https:\/\/cklcomunicaciones.es\/coop\/author\/cklcomunicaciones\/"}]}},"_links":{"self":[{"href":"https:\/\/cklcomunicaciones.es\/coop\/wp-json\/wp\/v2\/posts\/14258","targetHints":{"allow":["GET"]}}],"collection":[{"href":"https:\/\/cklcomunicaciones.es\/coop\/wp-json\/wp\/v2\/posts"}],"about":[{"href":"https:\/\/cklcomunicaciones.es\/coop\/wp-json\/wp\/v2\/types\/post"}],"author":[{"embeddable":true,"href":"https:\/\/cklcomunicaciones.es\/coop\/wp-json\/wp\/v2\/users\/3"}],"replies":[{"embeddable":true,"href":"https:\/\/cklcomunicaciones.es\/coop\/wp-json\/wp\/v2\/comments?post=14258"}],"version-history":[{"count":0,"href":"https:\/\/cklcomunicaciones.es\/coop\/wp-json\/wp\/v2\/posts\/14258\/revisions"}],"wp:attachment":[{"href":"https:\/\/cklcomunicaciones.es\/coop\/wp-json\/wp\/v2\/media?parent=14258"}],"wp:term":[{"taxonomy":"category","embeddable":true,"href":"https:\/\/cklcomunicaciones.es\/coop\/wp-json\/wp\/v2\/categories?post=14258"},{"taxonomy":"post_tag","embeddable":true,"href":"https:\/\/cklcomunicaciones.es\/coop\/wp-json\/wp\/v2\/tags?post=14258"}],"curies":[{"name":"wp","href":"https:\/\/api.w.org\/{rel}","templated":true}]}}