{"id":14242,"date":"2018-10-26T14:07:51","date_gmt":"2018-10-26T12:07:51","guid":{"rendered":"http:\/\/www.cklcomunicaciones.es\/?p=14242"},"modified":"2025-01-17T16:40:33","modified_gmt":"2025-01-17T15:40:33","slug":"noticias-info-ckl-no-2-221-26-10-18","status":"publish","type":"post","link":"https:\/\/cklcomunicaciones.es\/coop\/noticias-info-ckl-no-2-221-26-10-18\/","title":{"rendered":"Noticias Info CKL n\u00ba 2.221-26\/10\/18"},"content":{"rendered":"<div id=\"pl-14242\"  class=\"panel-layout\" >\n<div id=\"pg-14242-0\"  class=\"panel-grid panel-no-style\"  data-style=\"{&quot;background_image_attachment&quot;:false,&quot;background_display&quot;:&quot;tile&quot;,&quot;cell_alignment&quot;:&quot;flex-start&quot;}\" >\n<div id=\"pgc-14242-0-0\"  class=\"panel-grid-cell\"  data-weight=\"1\" >\n<div id=\"panel-14242-0-0-0\" class=\"so-panel widget widget_sow-editor panel-first-child panel-last-child\" data-index=\"0\" data-style=\"{&quot;background_image_attachment&quot;:false,&quot;background_display&quot;:&quot;tile&quot;}\" >\n<div class=\"so-widget-sow-editor so-widget-sow-editor-base\">\n<div class=\"siteorigin-widget-tinymce textwidget\">\n\t<img decoding=\"async\" class=\"lazyload  wp-image-13726\" src=\"http:\/\/www.cklcomunicaciones.es\/wp-content\/uploads\/2018\/03\/CKL_comunicacion-con-perspetiva-de-genero-300x300.jpg\" data-orig-src=\"http:\/\/www.cklcomunicaciones.es\/wp-content\/uploads\/2018\/03\/CKL_comunicacion-con-perspetiva-de-genero-300x300.jpg\" alt=\"CKL_comunicacion con perspetiva de genero\" width=\"132\" height=\"132\" srcset=\"data:image\/svg+xml,%3Csvg%20xmlns%3D%27http%3A%2F%2Fwww.w3.org%2F2000%2Fsvg%27%20width%3D%27132%27%20height%3D%27132%27%20viewBox%3D%270%200%20132%20132%27%3E%3Crect%20width%3D%27132%27%20height%3D%27132%27%20fill-opacity%3D%220%22%2F%3E%3C%2Fsvg%3E\" data-srcset=\"https:\/\/cklcomunicaciones.es\/coop\/wp-content\/uploads\/2018\/03\/CKL_comunicacion-con-perspetiva-de-genero-150x150.jpg 150w, https:\/\/cklcomunicaciones.es\/coop\/wp-content\/uploads\/2018\/03\/CKL_comunicacion-con-perspetiva-de-genero-300x300.jpg 300w, https:\/\/cklcomunicaciones.es\/coop\/wp-content\/uploads\/2018\/03\/CKL_comunicacion-con-perspetiva-de-genero-450x450.jpg 450w, https:\/\/cklcomunicaciones.es\/coop\/wp-content\/uploads\/2018\/03\/CKL_comunicacion-con-perspetiva-de-genero.jpg 500w\" data-sizes=\"auto\" data-orig-sizes=\"(max-width: 132px) 100vw, 132px\" \/><\/p>\n<p id=\":eq\" class=\"hP\" tabindex=\"-1\" data-thread-perm-id=\"thread-f:1613308472235883637\" data-legacy-thread-id=\"16639f8200bf7c75\"><strong>-Espa\u00f1a: La brecha salarial entre hombres y mujeres se mantiene en el 14,2%-El sujeto pol\u00edtico feminista en la 4\u00aa ola-Shalework Zewde, 1\u00aa presidenta de Etiopia, \u00fanica de \u00c1frica-Mar\u00eda Hesse, feminismo y compromiso<\/strong><\/p>\n<p>[toggle type=\u00bbfirst\u00bb title=\u00bbConvocatorias\u00bb]<\/p>\n<ul>\n<li><a href=\"http:\/\/www.juntadeandalucia.es\/iam\/catalogo\/doc\/convocatorias\/2018-iam\/AL-como-hablar-nuestros-hijos-e-hijas-sexualidad-cartel.jpg\">Jornadas &#8216;\u00bfC\u00f3mo hablar con nuestros hijos e hijas de sexualidad?&#8217;.<\/a> Centro Provincial del Instituto Andaluz de la Mujer de Almer\u00eda. 30 de octubre de 2018<\/li>\n<li><a href=\"http:\/\/www.juntadeandalucia.es\/iam\/catalogo\/doc\/convocatorias\/2018-genero\/GR-40-aniversario-legalizacion-anticonceptivos-espana-cartel.jpg\">Conversaciones Feministas Compartidas: <\/a><a href=\"http:\/\/www.juntadeandalucia.es\/iam\/catalogo\/doc\/convocatorias\/2018-genero\/GR-40-aniversario-legalizacion-anticonceptivos-espana-cartel.jpg\">Mesa Redonda<\/a><a href=\"http:\/\/www.juntadeandalucia.es\/iam\/catalogo\/doc\/convocatorias\/2018-genero\/GR-40-aniversario-legalizacion-anticonceptivos-espana-cartel.jpg\"> &#8217;40 Aniversario de la legalizaci\u00f3n de los anticonceptivos en Espa\u00f1a&#8217;<\/a>. Instituto Universitario de Investigaci\u00f3n de Estudios de las Mujeres y de G\u00e9nero de la Universidad de Granada. 29 de octubre de 2018<\/li>\n<li>Foro sobre Medios de Comunicaci\u00f3n en el Mediterr\u00e1neo. Organizado por La Fundaci\u00f3n Tres Culturas, la Universidad de M\u00e1laga y el Consejo Social UMA, M\u00e1laga, del 6 al 8 de noviembre. M\u00e1s informaci\u00f3n: <a href=\"http:\/\/tresculturas.org\/actividad\/ii-foro-tresmed-comunicacion-migraciones-y-transformaciones-sociales-en-el-mediterraneo\/\">http:\/\/tresculturas.org\/actividad\/ii-foro-tresmed-comunicacion-migraciones-y-transformaciones-sociales-en-el-mediterraneo\/<\/a><\/li>\n<li><a href=\"http:\/\/www.juntadeandalucia.es\/iam\/catalogo\/doc\/convocatorias\/2018-genero\/GR-taller-teatro-mujeres-cartel.jpg\">Taller de Teatro para Mujeres &#8211; Laboratorio Ma(g)dalenas<\/a>. Colectivo \u00bfTe atrever\u00edas?. Del 7 de noviembre al 19 de diciembre de 2018; 20 plazas por orden de inscripci\u00f3n<\/li>\n<\/ul>\n<p>[\/toggle]<\/p>\n<p>[toggle type=\u00bbfirst\u00bb title=\u00bbComunicaci\u00f3n\u00bb]<\/p>\n<p><a href=\"https:\/\/www.publimetro.cl\/cl\/social\/2018\/10\/25\/el-principito-libro-lenguaje-inclusivo-no-sexista.html\">\u00bf\u00bbEl Principito\u00bb?: editorial lanza versi\u00f3n no sexista del cl\u00e1sico libro y &#8230;<\/a>-Publimetro Chile<\/p>\n<p><a href=\"http:\/\/www.elmundo.es\/ciencia-y-salud\/salud\/2018\/10\/25\/5bd1ec4a22601d7c668b4629.html\">La periodista de El Mundo Laura Tard\u00f3n, premiada por la Sociedad Espa\u00f1ola de Cardiolog\u00eda<\/a> \u2013 El Mundo<\/p>\n<p><a href=\"https:\/\/www.google.com\/url?sa=t&amp;rct=j&amp;q=&amp;esrc=s&amp;source=newssearch&amp;cd=54&amp;ved=0ahUKEwik5MaJhaTeAhUDLMAKHc0QCs44MhCpAggwKAAwAw&amp;url=http%3A%2F%2Fwww.telemadrid.es%2Fcorporativo%2Fsala-de-prensa%2FTeleMadrid-IRIS-Lourdes-Maldonado-pregunta-0-2061093876--20181024123426.html&amp;usg=AOvVaw0p7gPIySr0XIkT7mfXiITo\">TeleMadrid hace doblete en los premios IRIS 2018 con Lourdes Maldonado &#8230;<\/a>&#8211; Telemadrid<\/p>\n<p><a href=\"https:\/\/www.somoselmedio.com\/2018\/10\/24\/reporteras-en-guardia-rescata-la-memoria-de-periodistas-asesinados\/\">\u201cReporteras en Guardia\u201d rescata la memoria de periodistas asesinados<\/a>&#8211; Somoselmedio<\/p>\n<p><a href=\"https:\/\/www.lavozdegalicia.es\/noticia\/informacion\/2018\/10\/26\/nbc-despide-periodistas-estrella-comentario-racista\/00031540549163540316353.htm\">La NBC despide a una de sus periodistas estrella por un comentario &#8230;<\/a>-La Voz de Galicia<\/p>\n<p>[\/toggle]<\/p>\n<p>[toggle type=\u00bbfirst\u00bb title=\u00bbAndaluc\u00eda\u00bb]<\/p>\n<p><strong>Institucional<\/strong><\/p>\n<p><a href=\"http:\/\/www.juntadeandalucia.es\/presidencia\/portavoz\/137806\/SusanaDiaz\/presidentadelaJuntadeAndalucia\/Empresarios\/CEA\/foro\/responsabilidadsocialcorporativa\/Economia\/PIB\/Andalucia\/Malaga\">Susana D\u00edaz: \u00abAndaluc\u00eda llega con m\u00e1s fortaleza al cambio de ciclo econ\u00f3mico\u00bb<\/a>\u2013 Oficina del Portavoz<strong>\u00a0<\/strong><\/p>\n<p><strong>Econom\u00eda y Empresas<\/strong><\/p>\n<p><a href=\"http:\/\/www.computing.es\/mercado-ti\/noticias\/1108424046401\/arancha-manzanares-diez-mejores-empresarias-del-top-100-mujeres-lideres-espana.1.html\">Arancha Manzanares, entre las diez mejores empresarias del Top 100 &#8230;<\/a>&#8211; Computing Espa\u00f1a-<\/p>\n<p><a href=\"https:\/\/www.europapress.es\/esandalucia\/sevilla\/noticia-andalucia-pone-marcha-ii-ciclo-sinergias-cooperacion-empresarial-emprendedoras-empresarias-20181026132842.html\">Andaluc\u00eda pone en marcha el II ciclo de &#8216;Sinergias&#8217; para la &#8230;<\/a>&#8211; Europa Press<\/p>\n<p><a href=\"http:\/\/www.elmundo.es\/andalucia\/2018\/10\/25\/5bd200c4268e3e88518b45e1.html\">El empresariado andaluz se compromete con Objetivos de Desarrollo Sostenible<\/a>\u2013 El Mundo<\/p>\n<p><a href=\"http:\/\/www.motrildigital.com\/afammer-granada-se-suma-al-proyecto-desafio-mujer-rural\/\">AFAMMER-Granada- se suma al Proyecto \u201cDesafi\u00f3 Mujer rural\u201d<\/a>&#8211; Motril@Digital<\/p>\n<p><strong>Actualidad<\/strong><\/p>\n<p><a href=\"http:\/\/www.juntadeandalucia.es\/presidencia\/portavoz\/137824\/JuntadeAndalucia\/ConsejeriadeSalud\/TestamentoVital\">Cerca de 40.000 personas con testamento vital: el 60%, mujeres<\/a> \u2013 Oficina del Portavoz<\/p>\n<p><a href=\"https:\/\/www.google.com\/url?rct=j&amp;sa=t&amp;url=https:\/\/www.europapress.es\/esandalucia\/jaen\/noticia-asociacion-mujeres-juristas-jaen-celebra-20-aniversario-resaltando-igualdad-derechos-mujer-20181025215413.html&amp;ct=ga&amp;cd=CAEYESoUMTI1OTE1ODY0ODE1NDA1NTQ3NTcyGWMwMzcyZWJjMmZlYWRhNTk6ZXM6ZXM6RVM&amp;usg=AFQjCNEWR53ArDJmI1Ffj7dPVkTiJ_IVQQ\">La Asociaci\u00f3n de Mujeres Juristas de Ja\u00e9n celebra su 20 aniversario resaltando la igualdad y los &#8230; <\/a>&#8211; Europa Press<\/p>\n<p><a href=\"http:\/\/www.elmundo.es\/yodona\/lifestyle\/2018\/10\/26\/5bd2d049468aebbc028b4662.html\">El On Tour de Yo Dona y Malasmadres hace su primera parada en Sevilla<\/a> \u2013 El Mundo<\/p>\n<p><a href=\"https:\/\/www.google.com\/url?rct=j&amp;sa=t&amp;url=https:\/\/cordobabuenasnoticias.com\/2018\/10\/25\/andalucia-destinara-mas-de-1695-millones-para-mejorar-la-vida-de-un-millon-de-personas-en-areas-desfavorecidas\/&amp;ct=ga&amp;cd=CAEYACoTOTM1MDEwNzEzOTEzNDI0NjIxNjIZZDc4ZTU4NzVhMGYxZjJhYzplczplczpFUw&amp;usg=AFQjCNHqq3srgDa_xTSRwggfKtcNO-jRNA\">Andaluc\u00eda destinar\u00e1 m\u00e1s de 169,5 millones para mejorar la vida de personas en \u00e1reas desfavorecidas\u2026 <\/a>&#8211; C\u00f3rdoba Buenas Noticias<strong>\u00a0<\/strong><\/p>\n<p><strong>Violencias<\/strong><\/p>\n<p><a href=\"https:\/\/www.europapress.es\/andalucia\/noticia-rosa-aguilar-considera-juana-rivas-aprendido-ambito-judicial-tiene-dirimir-situacion-20181024131309.html\">Rosa Aguilar: Juana Rivas \u00abha aprendido\u00bb que debe dirimir la &#8230;<\/a>&#8211; Europa Press<\/p>\n<p><a href=\"https:\/\/www.horajaen.com\/2018\/10\/25\/repulsa-contra-la-violencia-machista-no-mas-mujeres-asesinadas\/\">Repulsa contra la violencia machista, \u201cNo m\u00e1s mujeres asesinadas\u201d<\/a>-HoraJa\u00e9n<strong>\u00a0<\/strong><\/p>\n<p><strong>Ciencia y Cultura<\/strong><\/p>\n<p><a href=\"http:\/\/www.diariojaen.es\/cultura\/la-voz-lirica-y-universal-de-una-hija-de-andalucia-XH4768231\">La voz l\u00edrica y universal de una \u201chija de Andaluc\u00eda\u201d<\/a>-Diario Ja\u00e9n<\/p>\n<p><a href=\"https:\/\/www.abc.es\/cultura\/cultural\/abci-maria-hesse-feminismo-y-compromiso-201810260215_noticia.html\">Mar\u00eda Hesse, feminismo y compromiso<\/a>-Abc.es<\/p>\n<p><a href=\"https:\/\/www.lavanguardia.com\/local\/sevilla\/20181019\/452428422662\/la-voz-de-ainhoa-arteta-se-unira-al-arte-ecuestre-andaluz.html\">La voz de Ainhoa Arteta se unir\u00e1 al arte ecuestre andaluz<\/a>-La Vanguardia<\/p>\n<p><a href=\"https:\/\/www.europapress.es\/andalucia\/malaga-00356\/noticia-termica-programa-100-actividadas-final-ano-invitados-guillermo-solana-sussane-junker-20181025161749.html\">La T\u00e9rmica programa 100 actividades hasta final de a\u00f1o con invitados &#8230;<\/a>-Europa Press<\/p>\n<p><a href=\"http:\/\/www.elmundo.es\/andalucia\/2018\/10\/25\/5bd207e1ca47413b418b4636.html\">La 24 edici\u00f3n del Festival de Cine Franc\u00e9s de M\u00e1laga arranca con la premi\u00e8re de &#8216;Ma Reum&#8217;<\/a> \u2013 El Mundo<\/p>\n<p><a href=\"http:\/\/www.granadadigital.es\/el-museo-memoria-de-andalucia-celebra-el-ano-europeo-del-patrimonio-cultural-desde-la-emocion-y-los-sentidos\/\">El Museo Memoria de Andaluc\u00eda celebra el A\u00f1o Europeo del &#8230;<\/a>&#8211; GranadaDigital<\/p>\n<p><strong>Deporte<\/strong><\/p>\n<p><a href=\"https:\/\/www.utreraweb.com\/noticias-de-utrera\/deportes\/9776\/La-triatleta-de-Utrera-Irene-Alcaide-Barrera-se-proclama-campeona-absoluta-del-Circuito-Andaluz-de-Triatlon\/\">La triatleta de Utrera Irene Alcaide Barrera se proclama campeona absoluta del Circuito Andaluz de Triatl\u00f3n &#8230;<\/a>&#8211; Utreraweb<\/p>\n<p><a href=\"http:\/\/eldesmarque.com\/cadiz\/polideportivo\/deporte-andaluz\/156287-andalucia-se-convierte-en-una-de-las-sedes-principales-de-la-temporada-de-vela-ligera\">Andaluc\u00eda se convierte en una de las sedes principales de la temporada de vela&#8230;<\/a>&#8211; El Desmarque C\u00e1diz<\/p>\n<p>[\/toggle]<\/p>\n<p>[toggle type=\u00bbfirst\u00bb title=\u00bbEstado\u00bb]<\/p>\n<p><strong>Institucional-CCAA<\/strong><\/p>\n<p><a href=\"https:\/\/www.google.com\/url?rct=j&amp;sa=t&amp;url=https:\/\/www.laverdad.es\/murcia\/cartagena\/cartagena-apuesta-cambiar-20181025125406-nt.html&amp;ct=ga&amp;cd=CAEYACoTMTcxNzc3NjI5MTQyNjE1MzU4NjIZZTJkZWZhN2Q1ZGE5MTU3ZDplczplczpFUw&amp;usg=AFQjCNHglCGrP5NiApC4qTTXNCgCKcFLTQ\">Cartagena apuesta por cambiar los estereotipos de g\u00e9nero desde el \u00e1mbito de la Educaci\u00f3n <\/a>-La Verdad<\/p>\n<p><a href=\"https:\/\/www.google.com\/url?rct=j&amp;sa=t&amp;url=https:\/\/eldiadigital.es\/art\/274182\/el-instituto-de-la-mujer-defiende-el-sostenimiento-en-el-tiempo-de-las-politicas-de-igualdad&amp;ct=ga&amp;cd=CAEYAyoUMTI1OTE1ODY0ODE1NDA1NTQ3NTcyGWMwMzcyZWJjMmZlYWRhNTk6ZXM6ZXM6RVM&amp;usg=AFQjCNFPLcrh9_NGSpV9MoyePskNcOxKGw\">El Instituto de la Mujer de CLM defiende \u00abel sostenimiento en el tiempo de las pol\u00edticas de igualdad\u00bb <\/a>&#8211; <a href=\"http:\/\/eldiadigital.es\">eldiadigital.es<\/a><\/p>\n<p><u><a href=\"https:\/\/www.google.com\/url?rct=j&amp;sa=t&amp;url=https:\/\/www.noticiasde.es\/extremadura\/leire-iglesias-subraya-el-papel-fundamental-de-las-mujeres-en-el-desarrollo-del-medio-rural\/&amp;ct=ga&amp;cd=CAEYByoUMTI1OTE1ODY0ODE1NDA1NTQ3NTcyGWMwMzcyZWJjMmZlYWRhNTk6ZXM6ZXM6RVM&amp;usg=AFQjCNFfG7A_oE4swvGHaTP6u8k3p7tilg\">Leire Iglesias, Consejera de Cultura e Igualdad de Extremadura, subraya el papel fundamental de las mujeres en el desarrollo del medio rural <\/a><\/u>&#8211; NoticiasDe.es<\/p>\n<p><a href=\"https:\/\/www.lavanguardia.com\/local\/madrid\/20181025\/452549902603\/mayer-reclama-el-acceso-al-deporte-en-igualdad-de-condiciones-para-mujeres-y-hombres.html\">Mayer, delegada del \u00c1rea de Pol\u00edticas de G\u00e9nero y Diversidad, reclama el acceso al deporte en igualdad de condiciones para .<\/a><em><a href=\"https:\/\/www.lavanguardia.com\/local\/madrid\/20181025\/452549902603\/mayer-reclama-el-acceso-al-deporte-en-igualdad-de-condiciones-para-mujeres-y-hombres.html\">..<\/a>&#8211;<\/em> La Vanguardia<\/p>\n<p><a href=\"http:\/\/www.elmundo.es\/pais-vasco\/2018\/10\/26\/5bd2d4f246163f354d8b4611.html\">El trabajo femenino tira del empleo en Euskadi<\/a>&#8211; El Mundo<\/p>\n<p><a href=\"http:\/\/www.mujeremprendedora.net\/emprendedoras-tienen-cita-albocasser\/\">Las emprendedoras tienen una cita en Alboc\u00e0sser<\/a> \u2013 Mujeremprendedora.net<\/p>\n<p><a href=\"https:\/\/www.heraldo.es\/noticias\/aragon\/zaragoza-provincia\/zaragoza\/2018\/10\/25\/zaragoza-creara-mapa-zonas-inseguras-para-las-mujeres-1273908-301.html\">Zaragoza crear\u00e1 un mapa de \u00abzonas inseguras\u00bb para las mujeres<\/a>&#8211; Heraldo.es<\/p>\n<p><a href=\"http:\/\/www.eldiarioalerta.com\/articulo\/cantabria\/empresarias-iberoamericanas-buscan-santander-tejer-redes-negocio\/20181025175633045316.html\">Empresarias iberoamericanas buscan en Santander \u00abtejer redes de &#8230;<\/a>&#8211; Alerta<\/p>\n<p><strong>Econom\u00eda y Empresa<\/strong><\/p>\n<p><a href=\"https:\/\/www.google.com\/url?sa=t&amp;rct=j&amp;q=&amp;esrc=s&amp;source=newssearch&amp;cd=2&amp;ved=0ahUKEwjJ_9vO9aPeAhWwyYUKHWSWC_MQqQIIKygAMAE&amp;url=https%3A%2F%2Fwww.elperiodico.com%2Fes%2Feconomia%2F20181026%2Fla-brecha-salarial-entre-hombres-y-mujeres-se-mantiene-en-el-142-en-espana-7111755&amp;usg=AOvVaw1TdZ7I9o6wDrqiKpb8anDM\">La brecha salarial entre hombres y mujeres se mantiene en el 14,2 % en Espa\u00f1a&#8230;<\/a>&#8211; El Peri\u00f3dico<\/p>\n<p><a href=\"https:\/\/cincodias.elpais.com\/cincodias\/2018\/10\/25\/companias\/1540480284_238196.html\">Los laboratorios triplican al Ibex en porcentaje de directivas<\/a>&#8211; Cinco D\u00edas<\/p>\n<p><a href=\"https:\/\/www.google.com\/url?rct=j&amp;sa=t&amp;url=http:\/\/fly-news.es\/air-life-style\/eventos\/aviadoras-celebra-primer-aniversario\/&amp;ct=ga&amp;cd=CAEYEioUMTI1OTE1ODY0ODE1NDA1NTQ3NTcyGWMwMzcyZWJjMmZlYWRhNTk6ZXM6ZXM6RVM&amp;usg=AFQjCNH_A_rpZBiw0iL9MWkSCeoxBkKjvA\">Aviadoras celebra su primer aniversario <\/a>-Fly-News<\/p>\n<p><a href=\"https:\/\/www.google.com\/url?rct=j&amp;sa=t&amp;url=https:\/\/www.eleconomista.es\/economia\/noticias\/9476258\/10\/18\/UGT-y-CCOO-aprecian-discriminacion-de-la-mujer-pese-a-buenos-datos-del-empleo.html&amp;ct=ga&amp;cd=CAEYEyoUMTI1OTE1ODY0ODE1NDA1NTQ3NTcyGWMwMzcyZWJjMmZlYWRhNTk6ZXM6ZXM6RVM&amp;usg=AFQjCNF9nOV468LUjRmcTSV6a5ZvmS2P0Q\">UGT y CCOO aprecian discriminaci\u00f3n de la mujer pese a buenos datos del empleo <\/a>-Ecodiario<\/p>\n<p><strong>Actualidad<\/strong><\/p>\n<p><a href=\"https:\/\/www.eldiario.es\/tribunaabierta\/sujeto-politico-feminista-ola_6_827727257.html\">El sujeto pol\u00edtico feminista en la 4\u00aa ola<\/a>&#8211; eldiario.es<strong>\u00a0<\/strong><\/p>\n<p><strong>Violencia<\/strong><strong>s<\/strong><\/p>\n<p><u><a href=\"https:\/\/www.google.com\/url?rct=j&amp;sa=t&amp;url=https:\/\/www.eldiario.es\/eldiarioex\/sociedad\/Merida-violencias-Espana-Colombia-Salvador_0_828718143.html&amp;ct=ga&amp;cd=CAEYCSoUMTI1OTE1ODY0ODE1NDA1NTQ3NTcyGWMwMzcyZWJjMmZlYWRhNTk6ZXM6ZXM6RVM&amp;usg=AFQjCNFKOlNN_cQmZAE9tjhJHStbdsZSSQ\">Un tribunal de mujeres dictamina en M\u00e9rida sobre las violencias machistas en Espa\u00f1a, Colombia &#8230; <\/a><\/u>&#8211; <a href=\"http:\/\/eldiario.es\">eldiario.es<\/a><\/p>\n<p><u><a href=\"https:\/\/www.google.com\/url?rct=j&amp;sa=t&amp;url=https:\/\/elpais.com\/sociedad\/2018\/10\/19\/actualidad\/1539966463_437747.html&amp;ct=ga&amp;cd=CAEYBSoTMTcxNzc3NjI5MTQyNjE1MzU4NjIZZTJkZWZhN2Q1ZGE5MTU3ZDplczplczpFUw&amp;usg=AFQjCNEe2SVpldxavG1xMBUWGPf7HRtn1Q\">Los jueces piden independencia econ\u00f3mica y recursos para combatir con m\u00e1s eficacia la &#8230; <\/a><\/u>\u2013 El Pa\u00eds<\/p>\n<p><a href=\"https:\/\/elpais.com\/cultura\/2018\/10\/25\/actualidad\/1540476411_299736.html\">El proxeneta que se cre\u00eda bueno porque no pegaba a su mercanc\u00eda<\/a> \u2013 El Pa\u00eds<\/p>\n<p><strong>Ciencia y Cultura<\/strong><\/p>\n<p><a href=\"https:\/\/www.elmundo.es\/loc\/famosos\/2018\/10\/26\/5bd1c5acca4741ba5d8b4588.html\">Marisa Paredes, sobre el acoso: \u00abMe dijeron que si me portaba bien, har\u00edan de m\u00ed una estrella\u00bb<\/a> \u2013 El Mundo<\/p>\n<p><a href=\"http:\/\/cadenaser.com\/programa\/2018\/10\/25\/la_ventana\/1540479648_690935.html\">Julia Navarro: \u00abLas mujeres no vamos a permitir que haya vuelta atr\u00e1s\u00bb<\/a>&#8211; Cadena SER<\/p>\n<p><a href=\"http:\/\/www.mujeremprendedora.net\/llega-edicion-biocultura-madrid-caracter-femenino\/\">Llega una nueva edici\u00f3n BioCultura Madrid marcada por el car\u00e1cter femenino<\/a> \u2013 Mujeremprendedora.net<\/p>\n<p><a href=\"http:\/\/www.rtve.es\/rtve\/20181026\/mujeres-memoria-historica-comic-sueco-protagonistas-del-comic-nostrum-2018\/1826980.shtml\">Las mujeres, la memoria hist\u00f3rica y el c\u00f3mic sueco, protagonistas del &#8230;<\/a>&#8211; Rtve<\/p>\n<p><a href=\"https:\/\/blogs.20minutos.es\/capeando-la-crisis\/2018\/10\/26\/energicas-el-concierto-de-mujeres-por-la-revolucion-energetica\/\">&#8216;En\u00e9rgicas&#8217;, el concierto de mujeres por la revoluci\u00f3n energ\u00e9tica<\/a>&#8211; 20minutos.es<\/p>\n<p><strong>Deporte\u00a0\u00a0\u00a0\u00a0\u00a0\u00a0\u00a0\u00a0\u00a0\u00a0\u00a0\u00a0\u00a0\u00a0\u00a0\u00a0\u00a0\u00a0\u00a0\u00a0\u00a0\u00a0\u00a0\u00a0\u00a0\u00a0\u00a0\u00a0\u00a0\u00a0\u00a0\u00a0\u00a0\u00a0\u00a0\u00a0\u00a0\u00a0\u00a0\u00a0\u00a0\u00a0\u00a0\u00a0\u00a0\u00a0\u00a0\u00a0\u00a0\u00a0\u00a0\u00a0\u00a0\u00a0\u00a0\u00a0\u00a0\u00a0\u00a0\u00a0\u00a0\u00a0\u00a0\u00a0\u00a0\u00a0\u00a0\u00a0\u00a0\u00a0\u00a0\u00a0\u00a0\u00a0\u00a0\u00a0\u00a0\u00a0\u00a0\u00a0\u00a0\u00a0\u00a0\u00a0\u00a0\u00a0\u00a0\u00a0\u00a0\u00a0\u00a0\u00a0\u00a0\u00a0\u00a0\u00a0\u00a0\u00a0\u00a0\u00a0\u00a0\u00a0\u00a0\u00a0\u00a0\u00a0\u00a0\u00a0\u00a0\u00a0\u00a0\u00a0 <\/strong><\/p>\n<p><a href=\"http:\/\/www.elmundo.es\/comunidad-valenciana\/castellon\/2018\/10\/25\/5bd1faaf46163f54068b458e.html\">La expiloto Patricia Campos recorrer\u00e1 Castell\u00f3n para concienciar sobre la igualdad de la <strong>mujer<\/strong> en el deporte<\/a>\u2013 El Mundo<\/p>\n<p><a href=\"https:\/\/www.goal.com\/es-co\/noticias\/alexia-el-futbol-femenino-no-necesita-al-real-madrid\/zlgccr5kedwt11qir8h2a4ai6\">Alexia: \u00abel f\u00fatbol femenino no necesita al Real Madrid\u00bb<\/a>&#8211; Goal.com<\/p>\n<p><a href=\"http:\/\/www.expansion.com\/directivos\/deporte-negocio\/2018\/10\/26\/5bd206ee22601d66518b4625.html\">Marca premia a las estrellas de la Liga Iberdrola de f\u00fatbol<\/a>-Expansi\u00f3n.com<\/p>\n<p><a href=\"https:\/\/elpais.com\/ccaa\/2018\/10\/25\/madrid\/1540475612_134457.html\">\u201cIsabel Rico: \u201cMe dec\u00edan que el rugby no era femenino\u201d<\/a>&#8211; El Pa\u00eds<\/p>\n<p>[\/toggle]<\/p>\n<p>[toggle type=\u00bbfirst\u00bb title=\u00bbInternacional\u00bb]<\/p>\n<p><a href=\"https:\/\/www.larepublica.co\/globoeconomia\/en-latinoamerica-las-mujeres-encuentran-mas-trabajo-en-mexico-y-ecuador-2785916\">En Latinoam\u00e9rica, las mujeres encuentran m\u00e1s trabajo en M\u00e9xico y Ecuador&#8230;<\/a>&#8211; La Rep\u00fablica<\/p>\n<p><a href=\"https:\/\/www.google.com\/url?sa=t&amp;rct=j&amp;q=&amp;esrc=s&amp;source=newssearch&amp;cd=2&amp;ved=0ahUKEwip9bDtuaHeAhUQzYUKHYRlDGwQqQIIKygAMAE&amp;url=https%3A%2F%2Fwww.latercera.com%2Fpulso%2Fnoticia%2Fcomplementariedad-buen-negocio-las-empresas%2F374815%2F&amp;usg=AOvVaw3glfzi4p2MBSY_oSIsCCPT\">Complementariedad: un buen negocio para las empresas<\/a>-LaTercera<\/p>\n<p><a href=\"https:\/\/www.eldiario.es\/economia\/Susana-Malcorra-puerta-liderar-ONU_0_827317584.html\">Susana Malcorra cree que ser mujer le cerr\u00f3 la puerta a liderar la ONU<\/a>&#8211; <a href=\"http:\/\/eldiario.es\">eldiario.es<\/a><\/p>\n<p><a href=\"https:\/\/www.prensa-latina.cu\/index.php?o=rn&amp;id=222429&amp;SEO=mujeres-paz-y-seguridad-centran-debate-ministerial-en-la-onu\">Mujeres<em>,<\/em> paz y seguridad centran debate ministerial en la ONU<\/a>&#8211; Prensa Latina<\/p>\n<p><a href=\"https:\/\/www.google.com\/url?sa=t&amp;rct=j&amp;q=&amp;esrc=s&amp;source=newssearch&amp;cd=70&amp;ved=0ahUKEwil_6mTsKHeAhVLTBoKHUPYCb84PBCpAghCKAAwCQ&amp;url=https%3A%2F%2Fwww.eldiario.es%2Fdesalambre%2Fmujeres-sometidas-pruebas-virginidad-paises_0_828018289.html&amp;usg=AOvVaw3nV2s1jy0HXcoROkrIYC7w\">La humillaci\u00f3n de tener que demostrar la virginidad por ser mujer &#8230;<\/a>&#8211; <a href=\"http:\/\/eldiario.es\">eldiario.es<\/a><\/p>\n<p><a href=\"https:\/\/www.latercera.com\/que-pasa\/noticia\/premios-nobeles-solo-hombres\/373962\/\">Premios Nobeles, \u00bfsolo para hombres?<\/a>&#8211; LaTercera<\/p>\n<p><a href=\"https:\/\/www.lavanguardia.com\/cultura\/20181025\/452535729657\/mujeres-protagonistas-absolutas-museo-carmen-thyssen-andorra.html\">Las mujeres, protagonistas absolutas en el Museo Carmen Thyssen de Andorra&#8230;<\/a>&#8211; La Vanguardia<\/p>\n<p>[\/toggle]<\/p><\/div>\n<\/div>\n<\/div>\n<\/div>\n<\/div>\n<\/div>\n","protected":false},"excerpt":{"rendered":"<p>-Espa\u00f1a: La brecha salarial entre hombres y mujeres se mantiene <a href=\"https:\/\/cklcomunicaciones.es\/coop\/noticias-info-ckl-no-2-221-26-10-18\/\">[&#8230;]<\/a><\/p>\n","protected":false},"author":3,"featured_media":0,"comment_status":"closed","ping_status":"closed","sticky":false,"template":"","format":"standard","meta":{"footnotes":""},"categories":[298,623],"tags":[],"class_list":["post-14242","post","type-post","status-publish","format-standard","hentry","category-newsletter","category-nwl-2-0"],"yoast_head":"<!-- This site is optimized with the Yoast SEO plugin v27.5 - https:\/\/yoast.com\/product\/yoast-seo-wordpress\/ -->\n<title>Noticias Info CKL n\u00ba 2.221-26\/10\/18-Comunica con perspectiva de g\u00e9nero<\/title>\n<meta name=\"description\" content=\"Comunicar con perspectiva de g\u00e9nero: Espa\u00f1a: La brecha salarial entre hombres y mujeres se mantiene en el 14,2%-El sujeto pol\u00edtico feminista en la 4\u00aa ola...\" \/>\n<meta name=\"robots\" content=\"index, follow, max-snippet:-1, max-image-preview:large, max-video-preview:-1\" \/>\n<link rel=\"canonical\" href=\"https:\/\/cklcomunicaciones.es\/coop\/noticias-info-ckl-no-2-221-26-10-18\/\" \/>\n<meta property=\"og:locale\" content=\"es_ES\" \/>\n<meta property=\"og:type\" content=\"article\" \/>\n<meta property=\"og:title\" content=\"Noticias Info CKL n\u00ba 2.221-26\/10\/18-Comunica con perspectiva de g\u00e9nero\" \/>\n<meta property=\"og:description\" content=\"Comunicar con perspectiva de g\u00e9nero: Espa\u00f1a: La brecha salarial entre hombres y mujeres se mantiene en el 14,2%-El sujeto pol\u00edtico feminista en la 4\u00aa ola...\" \/>\n<meta property=\"og:url\" content=\"https:\/\/cklcomunicaciones.es\/coop\/noticias-info-ckl-no-2-221-26-10-18\/\" \/>\n<meta property=\"og:site_name\" content=\"CKL Comunicaciones\" \/>\n<meta property=\"article:published_time\" content=\"2018-10-26T12:07:51+00:00\" \/>\n<meta property=\"article:modified_time\" content=\"2025-01-17T15:40:33+00:00\" \/>\n<meta property=\"og:image\" content=\"https:\/\/cklcomunicaciones.es\/coop\/wp-content\/uploads\/2018\/03\/CKL_comunicacion-con-perspetiva-de-genero.jpg\" \/>\n\t<meta property=\"og:image:width\" content=\"500\" \/>\n\t<meta property=\"og:image:height\" content=\"500\" \/>\n\t<meta property=\"og:image:type\" content=\"image\/jpeg\" \/>\n<meta name=\"author\" content=\"ckl\" \/>\n<meta name=\"twitter:card\" content=\"summary_large_image\" \/>\n<meta name=\"twitter:label1\" content=\"Escrito por\" \/>\n\t<meta name=\"twitter:data1\" content=\"ckl\" \/>\n\t<meta name=\"twitter:label2\" content=\"Tiempo de lectura\" \/>\n\t<meta name=\"twitter:data2\" content=\"5 minutos\" \/>\n<script type=\"application\/ld+json\" class=\"yoast-schema-graph\">{\"@context\":\"https:\\\/\\\/schema.org\",\"@graph\":[{\"@type\":\"Article\",\"@id\":\"https:\\\/\\\/cklcomunicaciones.es\\\/coop\\\/noticias-info-ckl-no-2-221-26-10-18\\\/#article\",\"isPartOf\":{\"@id\":\"https:\\\/\\\/cklcomunicaciones.es\\\/coop\\\/noticias-info-ckl-no-2-221-26-10-18\\\/\"},\"author\":{\"name\":\"ckl\",\"@id\":\"https:\\\/\\\/cklcomunicaciones.es\\\/coop\\\/#\\\/schema\\\/person\\\/929a6837f7626450bbb50cee1aef266e\"},\"headline\":\"Noticias Info CKL n\u00ba 2.221-26\\\/10\\\/18\",\"datePublished\":\"2018-10-26T12:07:51+00:00\",\"dateModified\":\"2025-01-17T15:40:33+00:00\",\"mainEntityOfPage\":{\"@id\":\"https:\\\/\\\/cklcomunicaciones.es\\\/coop\\\/noticias-info-ckl-no-2-221-26-10-18\\\/\"},\"wordCount\":1062,\"image\":{\"@id\":\"https:\\\/\\\/cklcomunicaciones.es\\\/coop\\\/noticias-info-ckl-no-2-221-26-10-18\\\/#primaryimage\"},\"thumbnailUrl\":\"http:\\\/\\\/www.cklcomunicaciones.es\\\/wp-content\\\/uploads\\\/2018\\\/03\\\/CKL_comunicacion-con-perspetiva-de-genero-300x300.jpg\",\"articleSection\":[\"Newsletter\",\"Nwl v2.0\"],\"inLanguage\":\"es\"},{\"@type\":\"WebPage\",\"@id\":\"https:\\\/\\\/cklcomunicaciones.es\\\/coop\\\/noticias-info-ckl-no-2-221-26-10-18\\\/\",\"url\":\"https:\\\/\\\/cklcomunicaciones.es\\\/coop\\\/noticias-info-ckl-no-2-221-26-10-18\\\/\",\"name\":\"Noticias Info CKL n\u00ba 2.221-26\\\/10\\\/18-Comunica con perspectiva de g\u00e9nero\",\"isPartOf\":{\"@id\":\"https:\\\/\\\/cklcomunicaciones.es\\\/coop\\\/#website\"},\"primaryImageOfPage\":{\"@id\":\"https:\\\/\\\/cklcomunicaciones.es\\\/coop\\\/noticias-info-ckl-no-2-221-26-10-18\\\/#primaryimage\"},\"image\":{\"@id\":\"https:\\\/\\\/cklcomunicaciones.es\\\/coop\\\/noticias-info-ckl-no-2-221-26-10-18\\\/#primaryimage\"},\"thumbnailUrl\":\"http:\\\/\\\/www.cklcomunicaciones.es\\\/wp-content\\\/uploads\\\/2018\\\/03\\\/CKL_comunicacion-con-perspetiva-de-genero-300x300.jpg\",\"datePublished\":\"2018-10-26T12:07:51+00:00\",\"dateModified\":\"2025-01-17T15:40:33+00:00\",\"author\":{\"@id\":\"https:\\\/\\\/cklcomunicaciones.es\\\/coop\\\/#\\\/schema\\\/person\\\/929a6837f7626450bbb50cee1aef266e\"},\"description\":\"Comunicar con perspectiva de g\u00e9nero: Espa\u00f1a: La brecha salarial entre hombres y mujeres se mantiene en el 14,2%-El sujeto pol\u00edtico feminista en la 4\u00aa ola...\",\"breadcrumb\":{\"@id\":\"https:\\\/\\\/cklcomunicaciones.es\\\/coop\\\/noticias-info-ckl-no-2-221-26-10-18\\\/#breadcrumb\"},\"inLanguage\":\"es\",\"potentialAction\":[{\"@type\":\"ReadAction\",\"target\":[\"https:\\\/\\\/cklcomunicaciones.es\\\/coop\\\/noticias-info-ckl-no-2-221-26-10-18\\\/\"]}]},{\"@type\":\"ImageObject\",\"inLanguage\":\"es\",\"@id\":\"https:\\\/\\\/cklcomunicaciones.es\\\/coop\\\/noticias-info-ckl-no-2-221-26-10-18\\\/#primaryimage\",\"url\":\"http:\\\/\\\/www.cklcomunicaciones.es\\\/wp-content\\\/uploads\\\/2018\\\/03\\\/CKL_comunicacion-con-perspetiva-de-genero-300x300.jpg\",\"contentUrl\":\"http:\\\/\\\/www.cklcomunicaciones.es\\\/wp-content\\\/uploads\\\/2018\\\/03\\\/CKL_comunicacion-con-perspetiva-de-genero-300x300.jpg\"},{\"@type\":\"BreadcrumbList\",\"@id\":\"https:\\\/\\\/cklcomunicaciones.es\\\/coop\\\/noticias-info-ckl-no-2-221-26-10-18\\\/#breadcrumb\",\"itemListElement\":[{\"@type\":\"ListItem\",\"position\":1,\"name\":\"Portada\",\"item\":\"https:\\\/\\\/cklcomunicaciones.es\\\/coop\\\/\"},{\"@type\":\"ListItem\",\"position\":2,\"name\":\"Noticias Info CKL n\u00ba 2.221-26\\\/10\\\/18\"}]},{\"@type\":\"WebSite\",\"@id\":\"https:\\\/\\\/cklcomunicaciones.es\\\/coop\\\/#website\",\"url\":\"https:\\\/\\\/cklcomunicaciones.es\\\/coop\\\/\",\"name\":\"CKL Comunicaciones\",\"description\":\"Sitio web de CKL Comunicaciones coop , la consultora de comunicaci\u00f3n y estrategia\",\"potentialAction\":[{\"@type\":\"SearchAction\",\"target\":{\"@type\":\"EntryPoint\",\"urlTemplate\":\"https:\\\/\\\/cklcomunicaciones.es\\\/coop\\\/?s={search_term_string}\"},\"query-input\":{\"@type\":\"PropertyValueSpecification\",\"valueRequired\":true,\"valueName\":\"search_term_string\"}}],\"inLanguage\":\"es\"},{\"@type\":\"Person\",\"@id\":\"https:\\\/\\\/cklcomunicaciones.es\\\/coop\\\/#\\\/schema\\\/person\\\/929a6837f7626450bbb50cee1aef266e\",\"name\":\"ckl\",\"image\":{\"@type\":\"ImageObject\",\"inLanguage\":\"es\",\"@id\":\"https:\\\/\\\/secure.gravatar.com\\\/avatar\\\/c82db564e8a669bf6023357a157b9dc4780f4d4c618f2ad1d71a6a5dede45057?s=96&d=mm&r=g\",\"url\":\"https:\\\/\\\/secure.gravatar.com\\\/avatar\\\/c82db564e8a669bf6023357a157b9dc4780f4d4c618f2ad1d71a6a5dede45057?s=96&d=mm&r=g\",\"contentUrl\":\"https:\\\/\\\/secure.gravatar.com\\\/avatar\\\/c82db564e8a669bf6023357a157b9dc4780f4d4c618f2ad1d71a6a5dede45057?s=96&d=mm&r=g\",\"caption\":\"ckl\"},\"url\":\"https:\\\/\\\/cklcomunicaciones.es\\\/coop\\\/author\\\/cklcomunicaciones\\\/\"}]}<\/script>\n<!-- \/ Yoast SEO plugin. -->","yoast_head_json":{"title":"Noticias Info CKL n\u00ba 2.221-26\/10\/18-Comunica con perspectiva de g\u00e9nero","description":"Comunicar con perspectiva de g\u00e9nero: Espa\u00f1a: La brecha salarial entre hombres y mujeres se mantiene en el 14,2%-El sujeto pol\u00edtico feminista en la 4\u00aa ola...","robots":{"index":"index","follow":"follow","max-snippet":"max-snippet:-1","max-image-preview":"max-image-preview:large","max-video-preview":"max-video-preview:-1"},"canonical":"https:\/\/cklcomunicaciones.es\/coop\/noticias-info-ckl-no-2-221-26-10-18\/","og_locale":"es_ES","og_type":"article","og_title":"Noticias Info CKL n\u00ba 2.221-26\/10\/18-Comunica con perspectiva de g\u00e9nero","og_description":"Comunicar con perspectiva de g\u00e9nero: Espa\u00f1a: La brecha salarial entre hombres y mujeres se mantiene en el 14,2%-El sujeto pol\u00edtico feminista en la 4\u00aa ola...","og_url":"https:\/\/cklcomunicaciones.es\/coop\/noticias-info-ckl-no-2-221-26-10-18\/","og_site_name":"CKL Comunicaciones","article_published_time":"2018-10-26T12:07:51+00:00","article_modified_time":"2025-01-17T15:40:33+00:00","og_image":[{"width":500,"height":500,"url":"https:\/\/cklcomunicaciones.es\/coop\/wp-content\/uploads\/2018\/03\/CKL_comunicacion-con-perspetiva-de-genero.jpg","type":"image\/jpeg"}],"author":"ckl","twitter_card":"summary_large_image","twitter_misc":{"Escrito por":"ckl","Tiempo de lectura":"5 minutos"},"schema":{"@context":"https:\/\/schema.org","@graph":[{"@type":"Article","@id":"https:\/\/cklcomunicaciones.es\/coop\/noticias-info-ckl-no-2-221-26-10-18\/#article","isPartOf":{"@id":"https:\/\/cklcomunicaciones.es\/coop\/noticias-info-ckl-no-2-221-26-10-18\/"},"author":{"name":"ckl","@id":"https:\/\/cklcomunicaciones.es\/coop\/#\/schema\/person\/929a6837f7626450bbb50cee1aef266e"},"headline":"Noticias Info CKL n\u00ba 2.221-26\/10\/18","datePublished":"2018-10-26T12:07:51+00:00","dateModified":"2025-01-17T15:40:33+00:00","mainEntityOfPage":{"@id":"https:\/\/cklcomunicaciones.es\/coop\/noticias-info-ckl-no-2-221-26-10-18\/"},"wordCount":1062,"image":{"@id":"https:\/\/cklcomunicaciones.es\/coop\/noticias-info-ckl-no-2-221-26-10-18\/#primaryimage"},"thumbnailUrl":"http:\/\/www.cklcomunicaciones.es\/wp-content\/uploads\/2018\/03\/CKL_comunicacion-con-perspetiva-de-genero-300x300.jpg","articleSection":["Newsletter","Nwl v2.0"],"inLanguage":"es"},{"@type":"WebPage","@id":"https:\/\/cklcomunicaciones.es\/coop\/noticias-info-ckl-no-2-221-26-10-18\/","url":"https:\/\/cklcomunicaciones.es\/coop\/noticias-info-ckl-no-2-221-26-10-18\/","name":"Noticias Info CKL n\u00ba 2.221-26\/10\/18-Comunica con perspectiva de g\u00e9nero","isPartOf":{"@id":"https:\/\/cklcomunicaciones.es\/coop\/#website"},"primaryImageOfPage":{"@id":"https:\/\/cklcomunicaciones.es\/coop\/noticias-info-ckl-no-2-221-26-10-18\/#primaryimage"},"image":{"@id":"https:\/\/cklcomunicaciones.es\/coop\/noticias-info-ckl-no-2-221-26-10-18\/#primaryimage"},"thumbnailUrl":"http:\/\/www.cklcomunicaciones.es\/wp-content\/uploads\/2018\/03\/CKL_comunicacion-con-perspetiva-de-genero-300x300.jpg","datePublished":"2018-10-26T12:07:51+00:00","dateModified":"2025-01-17T15:40:33+00:00","author":{"@id":"https:\/\/cklcomunicaciones.es\/coop\/#\/schema\/person\/929a6837f7626450bbb50cee1aef266e"},"description":"Comunicar con perspectiva de g\u00e9nero: Espa\u00f1a: La brecha salarial entre hombres y mujeres se mantiene en el 14,2%-El sujeto pol\u00edtico feminista en la 4\u00aa ola...","breadcrumb":{"@id":"https:\/\/cklcomunicaciones.es\/coop\/noticias-info-ckl-no-2-221-26-10-18\/#breadcrumb"},"inLanguage":"es","potentialAction":[{"@type":"ReadAction","target":["https:\/\/cklcomunicaciones.es\/coop\/noticias-info-ckl-no-2-221-26-10-18\/"]}]},{"@type":"ImageObject","inLanguage":"es","@id":"https:\/\/cklcomunicaciones.es\/coop\/noticias-info-ckl-no-2-221-26-10-18\/#primaryimage","url":"http:\/\/www.cklcomunicaciones.es\/wp-content\/uploads\/2018\/03\/CKL_comunicacion-con-perspetiva-de-genero-300x300.jpg","contentUrl":"http:\/\/www.cklcomunicaciones.es\/wp-content\/uploads\/2018\/03\/CKL_comunicacion-con-perspetiva-de-genero-300x300.jpg"},{"@type":"BreadcrumbList","@id":"https:\/\/cklcomunicaciones.es\/coop\/noticias-info-ckl-no-2-221-26-10-18\/#breadcrumb","itemListElement":[{"@type":"ListItem","position":1,"name":"Portada","item":"https:\/\/cklcomunicaciones.es\/coop\/"},{"@type":"ListItem","position":2,"name":"Noticias Info CKL n\u00ba 2.221-26\/10\/18"}]},{"@type":"WebSite","@id":"https:\/\/cklcomunicaciones.es\/coop\/#website","url":"https:\/\/cklcomunicaciones.es\/coop\/","name":"CKL Comunicaciones","description":"Sitio web de CKL Comunicaciones coop , la consultora de comunicaci\u00f3n y estrategia","potentialAction":[{"@type":"SearchAction","target":{"@type":"EntryPoint","urlTemplate":"https:\/\/cklcomunicaciones.es\/coop\/?s={search_term_string}"},"query-input":{"@type":"PropertyValueSpecification","valueRequired":true,"valueName":"search_term_string"}}],"inLanguage":"es"},{"@type":"Person","@id":"https:\/\/cklcomunicaciones.es\/coop\/#\/schema\/person\/929a6837f7626450bbb50cee1aef266e","name":"ckl","image":{"@type":"ImageObject","inLanguage":"es","@id":"https:\/\/secure.gravatar.com\/avatar\/c82db564e8a669bf6023357a157b9dc4780f4d4c618f2ad1d71a6a5dede45057?s=96&d=mm&r=g","url":"https:\/\/secure.gravatar.com\/avatar\/c82db564e8a669bf6023357a157b9dc4780f4d4c618f2ad1d71a6a5dede45057?s=96&d=mm&r=g","contentUrl":"https:\/\/secure.gravatar.com\/avatar\/c82db564e8a669bf6023357a157b9dc4780f4d4c618f2ad1d71a6a5dede45057?s=96&d=mm&r=g","caption":"ckl"},"url":"https:\/\/cklcomunicaciones.es\/coop\/author\/cklcomunicaciones\/"}]}},"_links":{"self":[{"href":"https:\/\/cklcomunicaciones.es\/coop\/wp-json\/wp\/v2\/posts\/14242","targetHints":{"allow":["GET"]}}],"collection":[{"href":"https:\/\/cklcomunicaciones.es\/coop\/wp-json\/wp\/v2\/posts"}],"about":[{"href":"https:\/\/cklcomunicaciones.es\/coop\/wp-json\/wp\/v2\/types\/post"}],"author":[{"embeddable":true,"href":"https:\/\/cklcomunicaciones.es\/coop\/wp-json\/wp\/v2\/users\/3"}],"replies":[{"embeddable":true,"href":"https:\/\/cklcomunicaciones.es\/coop\/wp-json\/wp\/v2\/comments?post=14242"}],"version-history":[{"count":0,"href":"https:\/\/cklcomunicaciones.es\/coop\/wp-json\/wp\/v2\/posts\/14242\/revisions"}],"wp:attachment":[{"href":"https:\/\/cklcomunicaciones.es\/coop\/wp-json\/wp\/v2\/media?parent=14242"}],"wp:term":[{"taxonomy":"category","embeddable":true,"href":"https:\/\/cklcomunicaciones.es\/coop\/wp-json\/wp\/v2\/categories?post=14242"},{"taxonomy":"post_tag","embeddable":true,"href":"https:\/\/cklcomunicaciones.es\/coop\/wp-json\/wp\/v2\/tags?post=14242"}],"curies":[{"name":"wp","href":"https:\/\/api.w.org\/{rel}","templated":true}]}}