{"id":14238,"date":"2018-10-24T13:09:14","date_gmt":"2018-10-24T11:09:14","guid":{"rendered":"http:\/\/www.cklcomunicaciones.es\/?p=14238"},"modified":"2025-01-17T16:40:33","modified_gmt":"2025-01-17T15:40:33","slug":"noticias-info-ckl-no-2-219-24-10-18","status":"publish","type":"post","link":"https:\/\/cklcomunicaciones.es\/coop\/noticias-info-ckl-no-2-219-24-10-18\/","title":{"rendered":"Noticias Info CKL n\u00ba 2.219-24\/10\/18"},"content":{"rendered":"<div id=\"pl-14238\"  class=\"panel-layout\" >\n<div id=\"pg-14238-0\"  class=\"panel-grid panel-no-style\"  data-style=\"{&quot;background_image_attachment&quot;:false,&quot;background_display&quot;:&quot;tile&quot;,&quot;cell_alignment&quot;:&quot;flex-start&quot;}\" >\n<div id=\"pgc-14238-0-0\"  class=\"panel-grid-cell\"  data-weight=\"1\" >\n<div id=\"panel-14238-0-0-0\" class=\"so-panel widget widget_sow-editor panel-first-child panel-last-child\" data-index=\"0\" data-style=\"{&quot;background_image_attachment&quot;:false,&quot;background_display&quot;:&quot;tile&quot;}\" >\n<div class=\"so-widget-sow-editor so-widget-sow-editor-base\">\n<div class=\"siteorigin-widget-tinymce textwidget\">\n\t<img decoding=\"async\" class=\"lazyload  wp-image-13726\" src=\"http:\/\/www.cklcomunicaciones.es\/wp-content\/uploads\/2018\/03\/CKL_comunicacion-con-perspetiva-de-genero-300x300.jpg\" data-orig-src=\"http:\/\/www.cklcomunicaciones.es\/wp-content\/uploads\/2018\/03\/CKL_comunicacion-con-perspetiva-de-genero-300x300.jpg\" alt=\"CKL_comunicacion con perspetiva de genero\" width=\"132\" height=\"132\" srcset=\"data:image\/svg+xml,%3Csvg%20xmlns%3D%27http%3A%2F%2Fwww.w3.org%2F2000%2Fsvg%27%20width%3D%27132%27%20height%3D%27132%27%20viewBox%3D%270%200%20132%20132%27%3E%3Crect%20width%3D%27132%27%20height%3D%27132%27%20fill-opacity%3D%220%22%2F%3E%3C%2Fsvg%3E\" data-srcset=\"https:\/\/cklcomunicaciones.es\/coop\/wp-content\/uploads\/2018\/03\/CKL_comunicacion-con-perspetiva-de-genero-150x150.jpg 150w, https:\/\/cklcomunicaciones.es\/coop\/wp-content\/uploads\/2018\/03\/CKL_comunicacion-con-perspetiva-de-genero-300x300.jpg 300w, https:\/\/cklcomunicaciones.es\/coop\/wp-content\/uploads\/2018\/03\/CKL_comunicacion-con-perspetiva-de-genero-450x450.jpg 450w, https:\/\/cklcomunicaciones.es\/coop\/wp-content\/uploads\/2018\/03\/CKL_comunicacion-con-perspetiva-de-genero.jpg 500w\" data-sizes=\"auto\" data-orig-sizes=\"(max-width: 132px) 100vw, 132px\" \/><\/p>\n<p id=\":eq\" class=\"hP\" tabindex=\"-1\" data-thread-perm-id=\"thread-f:1613308472235883637\" data-legacy-thread-id=\"16639f8200bf7c75\"><strong>La precariedad laboral tiene rostro de mujer-El ictus, primera causa de muerte entre las espa\u00f1olas-El TC avala que el permiso de paternidad sea m\u00e1s corto-Almudena Grandes Premio Nacional de Narrativa-#metooFISIO<\/strong><\/p>\n<p>[toggle type=\u00bbfirst\u00bb title=\u00bbConvocatorias\u00bb]<\/p>\n<ul>\n<li><a href=\"http:\/\/www.juntadeandalucia.es\/iam\/catalogo\/doc\/convocatorias\/2018-genero\/SE-enreo-feminista-diversidades.jpg\">Enreo Feminista <\/a><a href=\"http:\/\/www.juntadeandalucia.es\/iam\/catalogo\/doc\/convocatorias\/2018-genero\/SE-enreo-feminista-diversidades.jpg\">&#8216;Diversidad.es<\/a><a href=\"http:\/\/www.juntadeandalucia.es\/iam\/catalogo\/doc\/convocatorias\/2018-genero\/SE-enreo-feminista-diversidades.jpg\">&#8216;<\/a>. Acci\u00f3n en Red. 25 de octubre de 2018<\/li>\n<li><a href=\"http:\/\/www.juntadeandalucia.es\/iam\/catalogo\/doc\/convocatorias\/2018-iam\/AN-II-ciclo-sinergias-documento-informativo.pdf\">II Ciclo <\/a><a href=\"http:\/\/www.juntadeandalucia.es\/iam\/catalogo\/doc\/convocatorias\/2018-iam\/AN-II-ciclo-sinergias-documento-informativo.pdf\">&#8216;Sinergias: <\/a><a href=\"http:\/\/www.juntadeandalucia.es\/iam\/catalogo\/doc\/convocatorias\/2018-iam\/AN-II-ciclo-sinergias-documento-informativo.pdf\">Entrenando a mujeres para la cooperaci\u00f3n empresarial&#8217;<\/a>. Instituto Andaluz de la Mujer. Noviembre de 2018. <a href=\"https:\/\/goo.gl\/fRbtJV\">Formulario de inscripci\u00f3n en l\u00ednea<\/a><\/li>\n<\/ul>\n<p>[\/toggle]<\/p>\n<p>[toggle type=\u00bbfirst\u00bb title=\u00bbComunicaci\u00f3n\u00bb]<\/p>\n<p><a href=\"https:\/\/www.diariodejerez.es\/entrevistas\/existen-corresponsales-guerra_0_1293771196.html\">Ana del Paso, periodista: \u201cYa no existen corresponsales de guerra\u00bb<\/a>&#8211; Diario de Jerez<\/p>\n<p><a href=\"https:\/\/www.google.com\/url?sa=t&amp;rct=j&amp;q=&amp;esrc=s&amp;source=newssearch&amp;cd=20&amp;ved=0ahUKEwii_Pvk657eAhXPmLQKHToCDNM4ChCpAghBKAAwCQ&amp;url=https%3A%2F%2Fwww.eltribuno.com%2Fsalta%2Fnota%2F2018-10-23-12-4-0-maria-elvira-dominguez-lo-importante-es-que-siempre-va-a-prevalecer-el-periodismo-serio-riguroso-y-de-calidad&amp;usg=AOvVaw10sCpx9sYie_1yEgbdxdIy\">Mar\u00eda Elvira Dom\u00ednguez: \u201cLo importante es que siempre va a prevalecer el periodismo &#8230;<\/a>&#8211; El <a href=\"http:\/\/Tribuno.com.ar\">Tribuno.com.ar<\/a><\/p>\n<p><a href=\"http:\/\/www.sevillaactualidad.com\/la-era\/108540-la-prensa-escrita-se-acabo-el-papel\/\">La prensa escrita: \u00bfse acab\u00f3 el papel?<\/a>&#8211; Sevilla Actualidad<\/p>\n<p><a href=\"https:\/\/www.laopiniondemurcia.es\/comunidad\/2018\/10\/24\/digital-gran-oportunidad-mujeres\/965856.html\">La era digital, una gran oportunidad para las mujeres<\/a>&#8211; La Opini\u00f3n de Murcia<\/p>\n<p>[\/toggle]<\/p>\n<p>[toggle type=\u00bbfirst\u00bb title=\u00bbAndaluc\u00eda\u00bb]<\/p>\n<p><strong>Institucional<\/strong><\/p>\n<p><a href=\"http:\/\/www.juntadeandalucia.es\/presidencia\/portavoz\/137644\/SusanaDiaz\/JuntadeAndalucia\/innovacion\/investigacion\/universidad\/Economiaazul\/UniversidaddeCadizUCA\">Susana D\u00edaz destaca que Andaluc\u00eda est\u00e1 en condiciones de liderar la \u00abeconom\u00eda azul\u00bb<\/a>&#8211; Oficina del Portavoz<strong>\u00a0<\/strong><\/p>\n<p><strong>Econom\u00eda y Empresas<\/strong><\/p>\n<p><a href=\"https:\/\/www.europapress.es\/andalucia\/malaga-00356\/noticia-coordinadora-mujeres-rurales-trabajara-impulsar-sector-poblacion-desarrollo-economico-20181023155633.html\">La Coordinadora de Mujeres Rurales trabajar\u00e1 para impulsar este sector de poblaci\u00f3n en el desarrollo econ\u00f3mico &#8230;<\/a>&#8211; Europa Press<\/p>\n<p><a href=\"http:\/\/www.mujeremprendedora.net\/segunda-edicion-programa-lanzate\/\">Segunda edici\u00f3n del programa \u201cL\u00e1nzate\u201d\u2026<\/a>&#8211; Mujeremprendedora.net<\/p>\n<p><a href=\"https:\/\/www.ondacerojaen.es\/inicio\/un-total-de-39-proyectos-empresariales-han-sido-presentados-a-la-19-edicion-del-premio-emprende-e-innova\">Un total de 39 proyectos empresariales han sido presentados a la 19\u00aa &#8230;<\/a>&#8211; Onda Cero Ja\u00e9n<\/p>\n<p><a href=\"https:\/\/www.google.com\/url?sa=t&amp;rct=j&amp;q=&amp;esrc=s&amp;source=newssearch&amp;cd=29&amp;ved=0ahUKEwja39rO5J7eAhUEWSwKHQhGABI4FBCpAgg-KAAwCA&amp;url=https%3A%2F%2Fwww.elplural.com%2Figualdad-en-las-pymes%2Fugt-andalucia-celebra-en-sevilla-unas-jornadas-para-impulsar-los-planes-de-igualdad-en-las-empresas_205128102&amp;usg=AOvVaw2C51Wu9jZC87MmEjLwcZ5n\">UGT-Andaluc\u00eda celebra en Sevilla unas jornadas para impulsar los planes de igualdad en las empresas &#8230;<\/a>&#8211; <a href=\"http:\/\/elplural.com\">elplural.com<\/a><\/p>\n<p><strong>Actualidad<\/strong><\/p>\n<p><a href=\"https:\/\/www.europapress.es\/andalucia\/sabores-almeria-01014\/noticia-espacio-mujeres-almeria-acoge-accion-formativa-islamofobia-genero-20181023150434.html\">El Espacio de Mujeres acoge una acci\u00f3n formativa sobre la islamofobia de g\u00e9nero &#8230;<\/a>&#8211; Europa Press<strong>\u00a0<\/strong><\/p>\n<p><strong>Violencias<\/strong><\/p>\n<p><a href=\"https:\/\/www.europapress.es\/andalucia\/cordoba-unica-01012\/noticia-diputacion-cordoba-uco-llevan-provincia-jornadas-mujer-prevencion-violencia-genero-20181023141437.html\">Diputaci\u00f3n de C\u00f3rdoba y UCO llevan a la provincia jornadas sobre mujer y prevenci\u00f3n de violencia de g\u00e9nero &#8230;<\/a>&#8211; Europa Press<\/p>\n<p><a href=\"https:\/\/www.eldiario.es\/andalucia\/Sevilla-elevaria-victimas-violencia-Andalucia_0_828017925.html\">El asesinato de Sevilla elevar\u00eda a 13 las v\u00edctimas mortales por &#8230;<\/a>&#8211; <a href=\"http:\/\/eldiario.es\">eldiario.es<\/a><\/p>\n<p><a href=\"https:\/\/www.diariocordoba.com\/noticias\/educacion\/haikus-fotografia-unen-violencia-genero_1259322.html\">Haikus y fotograf\u00eda se unen contra la violencia de g\u00e9nero<\/a>&#8211; Diario C\u00f3rdoba<\/p>\n<p><strong>Ciencia y Cultura<\/strong><\/p>\n<p><a href=\"https:\/\/www.europapress.es\/andalucia\/noticia-junta-destaca-andalucia-500-grupos-investigacion-trabajan-area-salud-20181023152827.html\">La Junta destaca que en Andaluc\u00eda 500 grupos de investigaci\u00f3n en el \u00e1rea de Salud&#8230;<\/a>&#8211; Europa Press<\/p>\n<p><a href=\"https:\/\/www.europapress.es\/andalucia\/noticia-unia-entrega-premio-concha-caballero-adelaida-calle-contribuir-visibilidad-mujeres-andaluzas-20181023162803.html\">UNIA entrega el Premio Concha Caballero a Adelaida de la Calle por contribuir a la visibilidad de las andaluzas &#8230;<\/a>&#8211; Europa Press<\/p>\n<p><a href=\"http:\/\/www.libropatas.com\/libros-literatura\/carmen-burgos-pionera-defensa-los-derechos-la-mujer-moderna\/\">Carmen de Burgos y su pionera defensa de los derechos de la mujer &#8230;<\/a>&#8211; Libr\u00f3patas<\/p>\n<p><strong>Deporte<\/strong><\/p>\n<p><a href=\"https:\/\/www.burgosconecta.es\/deportes\/mas-deportes\/fatima-galvez-tiro-olimpico-20181023182953-ntrc.html\">F\u00e1tima G\u00e1lvez pide la equiparaci\u00f3n de premios entre hombres y mujeres en Tiro Ol\u00edmpico..<\/a>-BurgosConecta.es<\/p>\n<p><a href=\"https:\/\/www.laopiniondemalaga.es\/especiales\/premios-opinion-malaga\/2018\/10\/malaga-cf-femenino-premio-deportes-n1319_10_45603.html\">El M\u00e1laga CF Femenino, Premio Deportes<\/a>-La Opini\u00f3n de M\u00e1laga<\/p>\n<p>[\/toggle]<\/p>\n<p>[toggle type=\u00bbfirst\u00bb title=\u00bbEstado\u00bb]<\/p>\n<p><strong>Institucional<\/strong><\/p>\n<p><a href=\"https:\/\/www.publico.es\/sociedad\/constitucional-no-ve-discriminatorio-permiso-paternidad-sea-inferior-maternidad.html\">El Constitucional no ve discriminatorio que el permiso de paternidad sea inferior al de maternidad<\/a>\u2013 P\u00fablico<strong>\u00a0<\/strong><\/p>\n<p><strong>Institucional-CCAA<\/strong><\/p>\n<p><a href=\"https:\/\/www.google.com\/url?rct=j&amp;sa=t&amp;url=https:\/\/www.cope.es\/emisoras\/castilla-la-mancha\/guadalajara-provincia\/guadalajara\/informativos-guadalajara\/audios\/accem-castilla-mancha-puesto-marcha-proyecto-iris-para-prevenir-trata-personas-20181022_564192&amp;ct=ga&amp;cd=CAEYLSoTNDkzMzM3ODMyMzI4Nzg3ODY2NjIZYzAzNzJlYmMyZmVhZGE1OTplczplczpFUw&amp;usg=AFQjCNFLcOczfcYJB_O4t9CGWQwpK9kK2A\">ACCEM Castilla La Mancha ha puesto en marcha el proyecto Iris para prevenir la trata de personas <\/a>&#8211; Cope<\/p>\n<p><a href=\"https:\/\/elpais.com\/sociedad\/2018\/10\/23\/actualidad\/1540278564_042733.html\">El Gobierno murciano quiere definir por ley el aborto como \u201cun fracaso\u201d<\/a> \u2013 El Pa\u00eds<\/p>\n<p><a href=\"https:\/\/www.diariovasco.com\/bajo-deba\/eibar\/mirada-artistas-huellas-20181024001620-ntvo.html\">Una mirada de artistas a las huellas de las eibarresas<\/a> &#8211; Diario Vasco<\/p>\n<p><a href=\"https:\/\/www.diarioinformacion.com\/tendencias\/2018\/10\/24\/ewoman-alicante-2018\/2077762.html\">eWoman Alicante 2018: Mujeres l\u00edderes<\/a>&#8211; Informaci\u00f3n<\/p>\n<p><a href=\"https:\/\/www.diariodeibiza.es\/pitiuses-balears\/2018\/10\/24\/eivissa-crea-pone-marcha-espacio\/1023243.html\">Ibiza Crea pone en marcha un espacio para emprendedoras<\/a>&#8211; Diario de Ibiza<\/p>\n<p><a href=\"http:\/\/www.telemadrid.es\/programas\/madrid-trabaja\/Emprende-Plus-encuentro-emprendedoras-madrilenas-9-2060883910--20181023051041.html\">Emprende Plus, un encuentro para las emprendedoras madrile\u00f1as<\/a>-Telemadrid<\/p>\n<p><strong>Econom\u00eda y Empresa<\/strong><\/p>\n<p><a href=\"https:\/\/www.google.com\/url?rct=j&amp;sa=t&amp;url=https:\/\/www.efeempresas.com\/noticia\/mujeres-piloto-espana\/&amp;ct=ga&amp;cd=CAEYICoTNDkzMzM3ODMyMzI4Nzg3ODY2NjIZYzAzNzJlYmMyZmVhZGE1OTplczplczpFUw&amp;usg=AFQjCNEH3gBdGPBIKubk46ZwykRpdfkVFw\">Las mujeres piloto suponen el 4,5% de estos profesionales en Espa\u00f1a <\/a>&#8211; EFE Empresas<\/p>\n<p><a href=\"https:\/\/www.infolibre.es\/noticias\/politica\/2018\/10\/24\/trabajadoras_domesticas_88037_1012.html\">\u00abLa precariedad tiene rostro de mujer\u00bb: el 34% de las empleadas &#8230;<\/a>&#8211; infoLibre<\/p>\n<p><a href=\"http:\/\/www.mujeremprendedora.net\/1-000-becas-acceder-sin-limites-cursos-tecnologicos-espanol\/\">1.000 becas para acceder sin l\u00edmites a cursos tecnol\u00f3gicos en espa\u00f1ol<\/a> \u2013 Mujeremprendedora.net<\/p>\n<p><strong>Actualidad<\/strong><\/p>\n<p><a href=\"https:\/\/www.google.com\/url?rct=j&amp;sa=t&amp;url=https:\/\/www.elindependiente.com\/vida-sana\/salud\/2018\/10\/23\/ictus-primera-causa-muerte-la-mujer\/&amp;ct=ga&amp;cd=CAEYACoTNDkzMzM3ODMyMzI4Nzg3ODY2NjIZYzAzNzJlYmMyZmVhZGE1OTplczplczpFUw&amp;usg=AFQjCNEY1L6lYZRXW3bNikFIO1qKj-j-Zg\">El ictus, primera causa de muerte en la mujer <\/a>\u2013 El Independiente<\/p>\n<p><a href=\"https:\/\/www.publico.es\/culturas\/ideas-urgentes-feminismo-rebelde.html\">Ideas urgentes para un feminismo rebelde<\/a>\u2013 P\u00fablico<\/p>\n<p><a href=\"https:\/\/elpais.com\/elpais\/2018\/10\/23\/opinion\/1540308441_605542.html\">Las mujeres, las grandes olvidadas<\/a>&#8211; El Pa\u00eds<\/p>\n<p><a href=\"https:\/\/www.google.com\/url?sa=t&amp;rct=j&amp;q=&amp;esrc=s&amp;source=newssearch&amp;cd=7&amp;ved=0ahUKEwi4w-eQ6J7eAhWMEVAKHU7gBdYQqQIIOCgAMAY&amp;url=https%3A%2F%2Fwww.elperiodicodearagon.com%2Fnoticias%2Feconomia%2Ftc-avala-permiso-paternidad-sea-mas-corto_1318398.html&amp;usg=AOvVaw3etzdZm6uZXfRjqFft5iqL\">El TC avala que el permiso de paternidad sea m\u00e1s corto<\/a>&#8211; El Peri\u00f3dico de Arag\u00f3n<\/p>\n<p><strong>Violencia<\/strong><strong>s<\/strong><\/p>\n<p><a href=\"https:\/\/www.abc.es\/espana\/comunidad-valenciana\/abci-expertos-alertan-no-perfil-tipo-victima-violencia-machista-201810231646_noticia.html\">Expert@s alertan de que no hay perfil tipo de la v\u00edctima de violencia &#8230;<\/a>&#8211; Abc.es<\/p>\n<p><a href=\"http:\/\/cadenaser.com\/ser\/2018\/10\/23\/sociedad\/1540292480_071266.html\">Mam\u00e1, pap\u00e1, \u00bfpor qu\u00e9 los hombres matan a las mujeres?<\/a>&#8211; Cadena SER<\/p>\n<p><a href=\"https:\/\/www.lasprovincias.es\/sociedad\/balance-asesinatos-machistas-espana-20181024233147-ntrc.html\">La muerte de dos mujeres en Sevilla y Pamplona eleva a 43 los &#8230;<\/a> -Las Provincia<\/p>\n<p><a href=\"https:\/\/www.publico.es\/tremending\/2018\/10\/23\/feminismo-metoofisio-el-acoso-y-la-intimidacion-que-sufren-las-mujeres-fisioterapeutas\/\">#metooFISIO: el acoso y la intimidaci\u00f3n que sufren las mujeres fisioterapeutas<\/a> \u2013 P\u00fablico<\/p>\n<p><strong>Ciencia y Cultura<\/strong><\/p>\n<p><a href=\"https:\/\/www.publico.es\/culturas\/premio-nacional-narrativa-almudena-grandes-gana-premio-nacional-narrativa.html\">Almudena Grandes gana el Premio Nacional de Narrativa<\/a> \u2013 P\u00fablico<\/p>\n<p><a href=\"https:\/\/www.google.com\/url?sa=t&amp;rct=j&amp;q=&amp;esrc=s&amp;source=newssearch&amp;cd=9&amp;ved=0ahUKEwilrq3n657eAhWJaFAKHbh_CsoQqQIIPigAMAg&amp;url=https%3A%2F%2Felpais.com%2Fccaa%2F2018%2F10%2F23%2Fcatalunya%2F1540322947_131798.html&amp;usg=AOvVaw0AxYxwFWHtM4cO6g_iTDgD\">La mujer sin sombra<\/a>&#8211; El Pa\u00eds<\/p>\n<p><a href=\"https:\/\/elpais.com\/cultura\/2018\/10\/05\/actualidad\/1538738377_213939.html\">Anita Kuruba o el \u2018soul\u2019 electr\u00f3nico<\/a> \u2013 El Pa\u00eds<\/p>\n<p><strong>Deporte\u00a0\u00a0\u00a0\u00a0\u00a0\u00a0\u00a0\u00a0\u00a0\u00a0\u00a0\u00a0\u00a0\u00a0\u00a0\u00a0\u00a0\u00a0\u00a0\u00a0\u00a0\u00a0\u00a0\u00a0\u00a0\u00a0\u00a0\u00a0\u00a0\u00a0\u00a0\u00a0\u00a0\u00a0\u00a0\u00a0\u00a0\u00a0\u00a0\u00a0\u00a0\u00a0\u00a0\u00a0\u00a0\u00a0\u00a0\u00a0\u00a0\u00a0\u00a0\u00a0\u00a0\u00a0\u00a0\u00a0\u00a0\u00a0\u00a0\u00a0\u00a0\u00a0\u00a0\u00a0\u00a0\u00a0\u00a0\u00a0\u00a0\u00a0\u00a0\u00a0\u00a0\u00a0\u00a0\u00a0\u00a0\u00a0\u00a0\u00a0\u00a0\u00a0\u00a0\u00a0\u00a0\u00a0\u00a0\u00a0\u00a0\u00a0\u00a0\u00a0\u00a0\u00a0\u00a0\u00a0\u00a0\u00a0\u00a0\u00a0\u00a0\u00a0\u00a0\u00a0\u00a0\u00a0\u00a0\u00a0\u00a0\u00a0\u00a0\u00a0 <\/strong><\/p>\n<p><a href=\"https:\/\/www.hoy.es\/deportes\/mas-deportes\/carrasco-vencedora-premios-20181024101925-nt.html\">Ana Carrasco, vencedora en los IV Premios &#8216;Mujer, Deporte y Empresa&#8217;<\/a>&#8211; Hoy Digital<\/p>\n<p><a href=\"https:\/\/www.diariodemallorca.es\/deportes\/2018\/10\/24\/mejor-futbol-base-femenino-europeo\/1358844.html\">El mejor f\u00fatbol base femenino europeo se cita en el East Mallorca Cup<\/a>-Diario de Mallorca<\/p>\n<p>[\/toggle]<\/p>\n<p>[toggle type=\u00bbfirst\u00bb title=\u00bbInternacional\u00bb]<\/p>\n<p><a href=\"https:\/\/www.diariodemocracia.com\/opinion\/192634-nuevas-mujeres-rurales\/\">Las nuevas mujeres rurales<\/a>&#8211; Diario Democracia<\/p>\n<p><a href=\"https:\/\/elpais.com\/elpais\/2018\/10\/23\/opinion\/1540302705_974474.html\">Elecciones afganas<\/a> \u2013 El Pa\u00eds<\/p>\n<p><a href=\"http:\/\/diario16.com\/iran-intensifica-la-represion-las-mujeres-ninas-no-llevan-velo\/\">Ir\u00e1n intensifica la represi\u00f3n contra las mujeres y ni\u00f1as que no llevan el velo &#8230;<\/a>&#8211; Diario16<\/p>\n<p><a href=\"https:\/\/elpais.com\/tecnologia\/2018\/10\/22\/actualidad\/1540207046_513939.html\">Margaret Hamilton, ingeniera inform\u00e1tica: \u201cPens\u00e9 m\u00e1s en que el programa funcion\u00f3 que en la llegada a la Luna\u201d<\/a> \u2013 El Pa\u00eds<\/p>\n<p><a href=\"https:\/\/www.google.com\/url?sa=t&amp;rct=j&amp;q=&amp;esrc=s&amp;source=newssearch&amp;cd=15&amp;ved=0ahUKEwi_w76c7J7eAhXRIlAKHenaAJo4ChCpAggyKAAwBA&amp;url=https%3A%2F%2Fwww.20minutos.es%2Fnoticia%2F3473071%2F0%2Fselma-baccar-cultura-es-arma-mas-poderosa-contra-terrorismo-integrismo%2F&amp;usg=AOvVaw1MuGNw8hZWJtTJyhZZ9ha_\">Selma Baccar, directora de cine: \u00abLa cultura es el arma m\u00e1s poderosa contra el terrorismo y el integrismo &#8230;<\/a>&#8211; <a href=\"http:\/\/20minutos.es\">20minutos.es<\/a><\/p>\n<p><a href=\"http:\/\/www.elmundo.es\/cultura\/musica\/2018\/10\/24\/5bcf6a78468aeb4d578b45af.html\">Neneh Cherry: \u00abLa industria discogr\u00e1fica me paraliz\u00f3 hace 20 a\u00f1os. Ahora me siento libre y abierta\u00bb<\/a> \u2013 El Mundo<\/p>\n<p><a href=\"https:\/\/elpais.com\/internacional\/2018\/10\/23\/mexico\/1540320881_882008.html\">El silencio marca la investigaci\u00f3n del feminicidio de la mexicana Marbella Ibarra<\/a>\u2013 El Pa\u00eds<\/p>\n<p>[\/toggle]<\/p><\/div>\n<\/div>\n<\/div>\n<\/div>\n<\/div>\n<\/div>\n","protected":false},"excerpt":{"rendered":"<p>La precariedad laboral tiene rostro de mujer-El ictus, primera causa <a href=\"https:\/\/cklcomunicaciones.es\/coop\/noticias-info-ckl-no-2-219-24-10-18\/\">[&#8230;]<\/a><\/p>\n","protected":false},"author":3,"featured_media":0,"comment_status":"closed","ping_status":"closed","sticky":false,"template":"","format":"standard","meta":{"footnotes":""},"categories":[298,623],"tags":[],"class_list":["post-14238","post","type-post","status-publish","format-standard","hentry","category-newsletter","category-nwl-2-0"],"yoast_head":"<!-- This site is optimized with the Yoast SEO plugin v27.5 - https:\/\/yoast.com\/product\/yoast-seo-wordpress\/ -->\n<title>Noticias Info CKL n\u00ba 2.219-24\/10\/18-Comunica con perspectiva de g\u00e9nero<\/title>\n<meta name=\"description\" content=\"Comunicar con perspectiva de g\u00e9nero: La precariedad laboral tiene rostro de mujer-El ictus, 1\u00aa causa de muerte entre las espa\u00f1ola-Almudena Grandes Premio Nacional de Narrativa\" \/>\n<meta name=\"robots\" content=\"index, follow, max-snippet:-1, max-image-preview:large, max-video-preview:-1\" \/>\n<link rel=\"canonical\" href=\"https:\/\/cklcomunicaciones.es\/coop\/noticias-info-ckl-no-2-219-24-10-18\/\" \/>\n<meta property=\"og:locale\" content=\"es_ES\" \/>\n<meta property=\"og:type\" content=\"article\" \/>\n<meta property=\"og:title\" content=\"Noticias Info CKL n\u00ba 2.219-24\/10\/18-Comunica con perspectiva de g\u00e9nero\" \/>\n<meta property=\"og:description\" content=\"Comunicar con perspectiva de g\u00e9nero: La precariedad laboral tiene rostro de mujer-El ictus, 1\u00aa causa de muerte entre las espa\u00f1ola-Almudena Grandes Premio Nacional de Narrativa\" \/>\n<meta property=\"og:url\" content=\"https:\/\/cklcomunicaciones.es\/coop\/noticias-info-ckl-no-2-219-24-10-18\/\" \/>\n<meta property=\"og:site_name\" content=\"CKL Comunicaciones\" \/>\n<meta property=\"article:published_time\" content=\"2018-10-24T11:09:14+00:00\" \/>\n<meta property=\"article:modified_time\" content=\"2025-01-17T15:40:33+00:00\" \/>\n<meta property=\"og:image\" content=\"https:\/\/cklcomunicaciones.es\/coop\/wp-content\/uploads\/2018\/03\/CKL_comunicacion-con-perspetiva-de-genero.jpg\" \/>\n\t<meta property=\"og:image:width\" content=\"500\" \/>\n\t<meta property=\"og:image:height\" content=\"500\" \/>\n\t<meta property=\"og:image:type\" content=\"image\/jpeg\" \/>\n<meta name=\"author\" content=\"ckl\" \/>\n<meta name=\"twitter:card\" content=\"summary_large_image\" \/>\n<meta name=\"twitter:label1\" content=\"Escrito por\" \/>\n\t<meta name=\"twitter:data1\" content=\"ckl\" \/>\n\t<meta name=\"twitter:label2\" content=\"Tiempo de lectura\" \/>\n\t<meta name=\"twitter:data2\" content=\"4 minutos\" \/>\n<script type=\"application\/ld+json\" class=\"yoast-schema-graph\">{\"@context\":\"https:\\\/\\\/schema.org\",\"@graph\":[{\"@type\":\"Article\",\"@id\":\"https:\\\/\\\/cklcomunicaciones.es\\\/coop\\\/noticias-info-ckl-no-2-219-24-10-18\\\/#article\",\"isPartOf\":{\"@id\":\"https:\\\/\\\/cklcomunicaciones.es\\\/coop\\\/noticias-info-ckl-no-2-219-24-10-18\\\/\"},\"author\":{\"name\":\"ckl\",\"@id\":\"https:\\\/\\\/cklcomunicaciones.es\\\/coop\\\/#\\\/schema\\\/person\\\/929a6837f7626450bbb50cee1aef266e\"},\"headline\":\"Noticias Info CKL n\u00ba 2.219-24\\\/10\\\/18\",\"datePublished\":\"2018-10-24T11:09:14+00:00\",\"dateModified\":\"2025-01-17T15:40:33+00:00\",\"mainEntityOfPage\":{\"@id\":\"https:\\\/\\\/cklcomunicaciones.es\\\/coop\\\/noticias-info-ckl-no-2-219-24-10-18\\\/\"},\"wordCount\":839,\"image\":{\"@id\":\"https:\\\/\\\/cklcomunicaciones.es\\\/coop\\\/noticias-info-ckl-no-2-219-24-10-18\\\/#primaryimage\"},\"thumbnailUrl\":\"http:\\\/\\\/www.cklcomunicaciones.es\\\/wp-content\\\/uploads\\\/2018\\\/03\\\/CKL_comunicacion-con-perspetiva-de-genero-300x300.jpg\",\"articleSection\":[\"Newsletter\",\"Nwl v2.0\"],\"inLanguage\":\"es\"},{\"@type\":\"WebPage\",\"@id\":\"https:\\\/\\\/cklcomunicaciones.es\\\/coop\\\/noticias-info-ckl-no-2-219-24-10-18\\\/\",\"url\":\"https:\\\/\\\/cklcomunicaciones.es\\\/coop\\\/noticias-info-ckl-no-2-219-24-10-18\\\/\",\"name\":\"Noticias Info CKL n\u00ba 2.219-24\\\/10\\\/18-Comunica con perspectiva de g\u00e9nero\",\"isPartOf\":{\"@id\":\"https:\\\/\\\/cklcomunicaciones.es\\\/coop\\\/#website\"},\"primaryImageOfPage\":{\"@id\":\"https:\\\/\\\/cklcomunicaciones.es\\\/coop\\\/noticias-info-ckl-no-2-219-24-10-18\\\/#primaryimage\"},\"image\":{\"@id\":\"https:\\\/\\\/cklcomunicaciones.es\\\/coop\\\/noticias-info-ckl-no-2-219-24-10-18\\\/#primaryimage\"},\"thumbnailUrl\":\"http:\\\/\\\/www.cklcomunicaciones.es\\\/wp-content\\\/uploads\\\/2018\\\/03\\\/CKL_comunicacion-con-perspetiva-de-genero-300x300.jpg\",\"datePublished\":\"2018-10-24T11:09:14+00:00\",\"dateModified\":\"2025-01-17T15:40:33+00:00\",\"author\":{\"@id\":\"https:\\\/\\\/cklcomunicaciones.es\\\/coop\\\/#\\\/schema\\\/person\\\/929a6837f7626450bbb50cee1aef266e\"},\"description\":\"Comunicar con perspectiva de g\u00e9nero: La precariedad laboral tiene rostro de mujer-El ictus, 1\u00aa causa de muerte entre las espa\u00f1ola-Almudena Grandes Premio Nacional de Narrativa\",\"breadcrumb\":{\"@id\":\"https:\\\/\\\/cklcomunicaciones.es\\\/coop\\\/noticias-info-ckl-no-2-219-24-10-18\\\/#breadcrumb\"},\"inLanguage\":\"es\",\"potentialAction\":[{\"@type\":\"ReadAction\",\"target\":[\"https:\\\/\\\/cklcomunicaciones.es\\\/coop\\\/noticias-info-ckl-no-2-219-24-10-18\\\/\"]}]},{\"@type\":\"ImageObject\",\"inLanguage\":\"es\",\"@id\":\"https:\\\/\\\/cklcomunicaciones.es\\\/coop\\\/noticias-info-ckl-no-2-219-24-10-18\\\/#primaryimage\",\"url\":\"http:\\\/\\\/www.cklcomunicaciones.es\\\/wp-content\\\/uploads\\\/2018\\\/03\\\/CKL_comunicacion-con-perspetiva-de-genero-300x300.jpg\",\"contentUrl\":\"http:\\\/\\\/www.cklcomunicaciones.es\\\/wp-content\\\/uploads\\\/2018\\\/03\\\/CKL_comunicacion-con-perspetiva-de-genero-300x300.jpg\"},{\"@type\":\"BreadcrumbList\",\"@id\":\"https:\\\/\\\/cklcomunicaciones.es\\\/coop\\\/noticias-info-ckl-no-2-219-24-10-18\\\/#breadcrumb\",\"itemListElement\":[{\"@type\":\"ListItem\",\"position\":1,\"name\":\"Portada\",\"item\":\"https:\\\/\\\/cklcomunicaciones.es\\\/coop\\\/\"},{\"@type\":\"ListItem\",\"position\":2,\"name\":\"Noticias Info CKL n\u00ba 2.219-24\\\/10\\\/18\"}]},{\"@type\":\"WebSite\",\"@id\":\"https:\\\/\\\/cklcomunicaciones.es\\\/coop\\\/#website\",\"url\":\"https:\\\/\\\/cklcomunicaciones.es\\\/coop\\\/\",\"name\":\"CKL Comunicaciones\",\"description\":\"Sitio web de CKL Comunicaciones coop , la consultora de comunicaci\u00f3n y estrategia\",\"potentialAction\":[{\"@type\":\"SearchAction\",\"target\":{\"@type\":\"EntryPoint\",\"urlTemplate\":\"https:\\\/\\\/cklcomunicaciones.es\\\/coop\\\/?s={search_term_string}\"},\"query-input\":{\"@type\":\"PropertyValueSpecification\",\"valueRequired\":true,\"valueName\":\"search_term_string\"}}],\"inLanguage\":\"es\"},{\"@type\":\"Person\",\"@id\":\"https:\\\/\\\/cklcomunicaciones.es\\\/coop\\\/#\\\/schema\\\/person\\\/929a6837f7626450bbb50cee1aef266e\",\"name\":\"ckl\",\"image\":{\"@type\":\"ImageObject\",\"inLanguage\":\"es\",\"@id\":\"https:\\\/\\\/secure.gravatar.com\\\/avatar\\\/c82db564e8a669bf6023357a157b9dc4780f4d4c618f2ad1d71a6a5dede45057?s=96&d=mm&r=g\",\"url\":\"https:\\\/\\\/secure.gravatar.com\\\/avatar\\\/c82db564e8a669bf6023357a157b9dc4780f4d4c618f2ad1d71a6a5dede45057?s=96&d=mm&r=g\",\"contentUrl\":\"https:\\\/\\\/secure.gravatar.com\\\/avatar\\\/c82db564e8a669bf6023357a157b9dc4780f4d4c618f2ad1d71a6a5dede45057?s=96&d=mm&r=g\",\"caption\":\"ckl\"},\"url\":\"https:\\\/\\\/cklcomunicaciones.es\\\/coop\\\/author\\\/cklcomunicaciones\\\/\"}]}<\/script>\n<!-- \/ Yoast SEO plugin. -->","yoast_head_json":{"title":"Noticias Info CKL n\u00ba 2.219-24\/10\/18-Comunica con perspectiva de g\u00e9nero","description":"Comunicar con perspectiva de g\u00e9nero: La precariedad laboral tiene rostro de mujer-El ictus, 1\u00aa causa de muerte entre las espa\u00f1ola-Almudena Grandes Premio Nacional de Narrativa","robots":{"index":"index","follow":"follow","max-snippet":"max-snippet:-1","max-image-preview":"max-image-preview:large","max-video-preview":"max-video-preview:-1"},"canonical":"https:\/\/cklcomunicaciones.es\/coop\/noticias-info-ckl-no-2-219-24-10-18\/","og_locale":"es_ES","og_type":"article","og_title":"Noticias Info CKL n\u00ba 2.219-24\/10\/18-Comunica con perspectiva de g\u00e9nero","og_description":"Comunicar con perspectiva de g\u00e9nero: La precariedad laboral tiene rostro de mujer-El ictus, 1\u00aa causa de muerte entre las espa\u00f1ola-Almudena Grandes Premio Nacional de Narrativa","og_url":"https:\/\/cklcomunicaciones.es\/coop\/noticias-info-ckl-no-2-219-24-10-18\/","og_site_name":"CKL Comunicaciones","article_published_time":"2018-10-24T11:09:14+00:00","article_modified_time":"2025-01-17T15:40:33+00:00","og_image":[{"width":500,"height":500,"url":"https:\/\/cklcomunicaciones.es\/coop\/wp-content\/uploads\/2018\/03\/CKL_comunicacion-con-perspetiva-de-genero.jpg","type":"image\/jpeg"}],"author":"ckl","twitter_card":"summary_large_image","twitter_misc":{"Escrito por":"ckl","Tiempo de lectura":"4 minutos"},"schema":{"@context":"https:\/\/schema.org","@graph":[{"@type":"Article","@id":"https:\/\/cklcomunicaciones.es\/coop\/noticias-info-ckl-no-2-219-24-10-18\/#article","isPartOf":{"@id":"https:\/\/cklcomunicaciones.es\/coop\/noticias-info-ckl-no-2-219-24-10-18\/"},"author":{"name":"ckl","@id":"https:\/\/cklcomunicaciones.es\/coop\/#\/schema\/person\/929a6837f7626450bbb50cee1aef266e"},"headline":"Noticias Info CKL n\u00ba 2.219-24\/10\/18","datePublished":"2018-10-24T11:09:14+00:00","dateModified":"2025-01-17T15:40:33+00:00","mainEntityOfPage":{"@id":"https:\/\/cklcomunicaciones.es\/coop\/noticias-info-ckl-no-2-219-24-10-18\/"},"wordCount":839,"image":{"@id":"https:\/\/cklcomunicaciones.es\/coop\/noticias-info-ckl-no-2-219-24-10-18\/#primaryimage"},"thumbnailUrl":"http:\/\/www.cklcomunicaciones.es\/wp-content\/uploads\/2018\/03\/CKL_comunicacion-con-perspetiva-de-genero-300x300.jpg","articleSection":["Newsletter","Nwl v2.0"],"inLanguage":"es"},{"@type":"WebPage","@id":"https:\/\/cklcomunicaciones.es\/coop\/noticias-info-ckl-no-2-219-24-10-18\/","url":"https:\/\/cklcomunicaciones.es\/coop\/noticias-info-ckl-no-2-219-24-10-18\/","name":"Noticias Info CKL n\u00ba 2.219-24\/10\/18-Comunica con perspectiva de g\u00e9nero","isPartOf":{"@id":"https:\/\/cklcomunicaciones.es\/coop\/#website"},"primaryImageOfPage":{"@id":"https:\/\/cklcomunicaciones.es\/coop\/noticias-info-ckl-no-2-219-24-10-18\/#primaryimage"},"image":{"@id":"https:\/\/cklcomunicaciones.es\/coop\/noticias-info-ckl-no-2-219-24-10-18\/#primaryimage"},"thumbnailUrl":"http:\/\/www.cklcomunicaciones.es\/wp-content\/uploads\/2018\/03\/CKL_comunicacion-con-perspetiva-de-genero-300x300.jpg","datePublished":"2018-10-24T11:09:14+00:00","dateModified":"2025-01-17T15:40:33+00:00","author":{"@id":"https:\/\/cklcomunicaciones.es\/coop\/#\/schema\/person\/929a6837f7626450bbb50cee1aef266e"},"description":"Comunicar con perspectiva de g\u00e9nero: La precariedad laboral tiene rostro de mujer-El ictus, 1\u00aa causa de muerte entre las espa\u00f1ola-Almudena Grandes Premio Nacional de Narrativa","breadcrumb":{"@id":"https:\/\/cklcomunicaciones.es\/coop\/noticias-info-ckl-no-2-219-24-10-18\/#breadcrumb"},"inLanguage":"es","potentialAction":[{"@type":"ReadAction","target":["https:\/\/cklcomunicaciones.es\/coop\/noticias-info-ckl-no-2-219-24-10-18\/"]}]},{"@type":"ImageObject","inLanguage":"es","@id":"https:\/\/cklcomunicaciones.es\/coop\/noticias-info-ckl-no-2-219-24-10-18\/#primaryimage","url":"http:\/\/www.cklcomunicaciones.es\/wp-content\/uploads\/2018\/03\/CKL_comunicacion-con-perspetiva-de-genero-300x300.jpg","contentUrl":"http:\/\/www.cklcomunicaciones.es\/wp-content\/uploads\/2018\/03\/CKL_comunicacion-con-perspetiva-de-genero-300x300.jpg"},{"@type":"BreadcrumbList","@id":"https:\/\/cklcomunicaciones.es\/coop\/noticias-info-ckl-no-2-219-24-10-18\/#breadcrumb","itemListElement":[{"@type":"ListItem","position":1,"name":"Portada","item":"https:\/\/cklcomunicaciones.es\/coop\/"},{"@type":"ListItem","position":2,"name":"Noticias Info CKL n\u00ba 2.219-24\/10\/18"}]},{"@type":"WebSite","@id":"https:\/\/cklcomunicaciones.es\/coop\/#website","url":"https:\/\/cklcomunicaciones.es\/coop\/","name":"CKL Comunicaciones","description":"Sitio web de CKL Comunicaciones coop , la consultora de comunicaci\u00f3n y estrategia","potentialAction":[{"@type":"SearchAction","target":{"@type":"EntryPoint","urlTemplate":"https:\/\/cklcomunicaciones.es\/coop\/?s={search_term_string}"},"query-input":{"@type":"PropertyValueSpecification","valueRequired":true,"valueName":"search_term_string"}}],"inLanguage":"es"},{"@type":"Person","@id":"https:\/\/cklcomunicaciones.es\/coop\/#\/schema\/person\/929a6837f7626450bbb50cee1aef266e","name":"ckl","image":{"@type":"ImageObject","inLanguage":"es","@id":"https:\/\/secure.gravatar.com\/avatar\/c82db564e8a669bf6023357a157b9dc4780f4d4c618f2ad1d71a6a5dede45057?s=96&d=mm&r=g","url":"https:\/\/secure.gravatar.com\/avatar\/c82db564e8a669bf6023357a157b9dc4780f4d4c618f2ad1d71a6a5dede45057?s=96&d=mm&r=g","contentUrl":"https:\/\/secure.gravatar.com\/avatar\/c82db564e8a669bf6023357a157b9dc4780f4d4c618f2ad1d71a6a5dede45057?s=96&d=mm&r=g","caption":"ckl"},"url":"https:\/\/cklcomunicaciones.es\/coop\/author\/cklcomunicaciones\/"}]}},"_links":{"self":[{"href":"https:\/\/cklcomunicaciones.es\/coop\/wp-json\/wp\/v2\/posts\/14238","targetHints":{"allow":["GET"]}}],"collection":[{"href":"https:\/\/cklcomunicaciones.es\/coop\/wp-json\/wp\/v2\/posts"}],"about":[{"href":"https:\/\/cklcomunicaciones.es\/coop\/wp-json\/wp\/v2\/types\/post"}],"author":[{"embeddable":true,"href":"https:\/\/cklcomunicaciones.es\/coop\/wp-json\/wp\/v2\/users\/3"}],"replies":[{"embeddable":true,"href":"https:\/\/cklcomunicaciones.es\/coop\/wp-json\/wp\/v2\/comments?post=14238"}],"version-history":[{"count":0,"href":"https:\/\/cklcomunicaciones.es\/coop\/wp-json\/wp\/v2\/posts\/14238\/revisions"}],"wp:attachment":[{"href":"https:\/\/cklcomunicaciones.es\/coop\/wp-json\/wp\/v2\/media?parent=14238"}],"wp:term":[{"taxonomy":"category","embeddable":true,"href":"https:\/\/cklcomunicaciones.es\/coop\/wp-json\/wp\/v2\/categories?post=14238"},{"taxonomy":"post_tag","embeddable":true,"href":"https:\/\/cklcomunicaciones.es\/coop\/wp-json\/wp\/v2\/tags?post=14238"}],"curies":[{"name":"wp","href":"https:\/\/api.w.org\/{rel}","templated":true}]}}