{"id":14236,"date":"2018-10-23T13:54:27","date_gmt":"2018-10-23T11:54:27","guid":{"rendered":"http:\/\/www.cklcomunicaciones.es\/?p=14236"},"modified":"2025-01-17T16:40:33","modified_gmt":"2025-01-17T15:40:33","slug":"noticias-info-ckl-no-2-218-23-10-18","status":"publish","type":"post","link":"https:\/\/cklcomunicaciones.es\/coop\/noticias-info-ckl-no-2-218-23-10-18\/","title":{"rendered":"Noticias Info CKL n\u00ba 2.218-23\/10\/18"},"content":{"rendered":"<div id=\"pl-14236\"  class=\"panel-layout\" >\n<div id=\"pg-14236-0\"  class=\"panel-grid panel-no-style\"  data-style=\"{&quot;background_image_attachment&quot;:false,&quot;background_display&quot;:&quot;tile&quot;,&quot;cell_alignment&quot;:&quot;flex-start&quot;}\" >\n<div id=\"pgc-14236-0-0\"  class=\"panel-grid-cell\"  data-weight=\"1\" >\n<div id=\"panel-14236-0-0-0\" class=\"so-panel widget widget_sow-editor panel-first-child panel-last-child\" data-index=\"0\" data-style=\"{&quot;background_image_attachment&quot;:false,&quot;background_display&quot;:&quot;tile&quot;}\" >\n<div class=\"so-widget-sow-editor so-widget-sow-editor-base\">\n<div class=\"siteorigin-widget-tinymce textwidget\">\n\t<img decoding=\"async\" class=\"lazyload  wp-image-13726\" src=\"http:\/\/www.cklcomunicaciones.es\/wp-content\/uploads\/2018\/03\/CKL_comunicacion-con-perspetiva-de-genero-300x300.jpg\" data-orig-src=\"http:\/\/www.cklcomunicaciones.es\/wp-content\/uploads\/2018\/03\/CKL_comunicacion-con-perspetiva-de-genero-300x300.jpg\" alt=\"CKL_comunicacion con perspetiva de genero\" width=\"132\" height=\"132\" srcset=\"data:image\/svg+xml,%3Csvg%20xmlns%3D%27http%3A%2F%2Fwww.w3.org%2F2000%2Fsvg%27%20width%3D%27132%27%20height%3D%27132%27%20viewBox%3D%270%200%20132%20132%27%3E%3Crect%20width%3D%27132%27%20height%3D%27132%27%20fill-opacity%3D%220%22%2F%3E%3C%2Fsvg%3E\" data-srcset=\"https:\/\/cklcomunicaciones.es\/coop\/wp-content\/uploads\/2018\/03\/CKL_comunicacion-con-perspetiva-de-genero-150x150.jpg 150w, https:\/\/cklcomunicaciones.es\/coop\/wp-content\/uploads\/2018\/03\/CKL_comunicacion-con-perspetiva-de-genero-300x300.jpg 300w, https:\/\/cklcomunicaciones.es\/coop\/wp-content\/uploads\/2018\/03\/CKL_comunicacion-con-perspetiva-de-genero-450x450.jpg 450w, https:\/\/cklcomunicaciones.es\/coop\/wp-content\/uploads\/2018\/03\/CKL_comunicacion-con-perspetiva-de-genero.jpg 500w\" data-sizes=\"auto\" data-orig-sizes=\"(max-width: 132px) 100vw, 132px\" \/><\/p>\n<p id=\":eq\" class=\"hP\" tabindex=\"-1\" data-thread-perm-id=\"thread-f:1613308472235883637\" data-legacy-thread-id=\"16639f8200bf7c75\"><strong>Espa\u00f1a, Costa Rica y Ecuador avanzan en el empoderamiento de la mujer-La discriminaci\u00f3n de las mujeres sigue eludiendo a la Inspecci\u00f3n de Trabajo-La mujer centra III Foro Iberoamericano Andaluc\u00eda-&#8216;What a Woman\u00bb<\/strong><\/p>\n<p>[toggle type=\u00bbfirst\u00bb title=\u00bbConvocatorias\u00bb]<\/p>\n<ul>\n<li>Jornadas de debate en el Congreso: \u2018Condiciones para unos permisos igualitarios\u2019. Organiza PPiiNA. Madrid, en el\u00a0Congreso de los Diputados\u00a0(Sala Clara Campoamor) el pr\u00f3ximo mi\u00e9rcoles 24 de octubre a partir de las 18:00h.\u00a0\u00a0Si quieres asistir env\u00edanos tu nombre, apellidos y DNI a\u00a0<a href=\"mailto:info@igualeseintransferibles.org\">info@igualeseintransferibles.org<\/a><\/li>\n<li><a href=\"http:\/\/www.juntadeandalucia.es\/iam\/catalogo\/doc\/convocatorias\/2018-genero\/SE-mi-plan-es-la-igualdad-folleto.pdf\">Jornadas &#8216;Mi plan es la igualdad \u00bfy el tuyo?&#8217;<\/a>. Uni\u00f3n General de Trabajadores de Andaluc\u00eda. 24 y 25 de octubre de 2018. <a href=\"http:\/\/www.juntadeandalucia.es\/iam\/catalogo\/doc\/convocatorias\/2018-genero\/SE-mi-plan-es-la-igualdad-inscripcion.pdf\">Hoja de inscripci\u00f3n<\/a><\/li>\n<li>Presentaci\u00f3n del libro &#8216;C\u00f3mo acabar con la escritura de mujeres&#8217;, de Joanna Russ. La Fuga Librer\u00edas. La Sinmiedo (Av. de la Cruz Roja, 62), 25 de octubre de 2018 a las 21 h<\/li>\n<li><a href=\"http:\/\/igualdad.uca.es\/vi-seminario-nvg\/\">VI Seminario <\/a><a href=\"http:\/\/igualdad.uca.es\/vi-seminario-nvg\/\">de Educaci\u00f3n para la No Violencia de G\u00e9nero<\/a>. Unidad de Igualdad entre Mujeres y Hombres de la Universidad de C\u00e1diz. Del 6 al 22 de noviembre de 2018; inscripci\u00f3n 15 al 31 de octubre de 2018<\/li>\n<\/ul>\n<p>[\/toggle]<\/p>\n<p>[toggle type=\u00bbfirst\u00bb title=\u00bbComunicaci\u00f3n\u00bb]<\/p>\n<p><a href=\"https:\/\/www.elmundo.es\/cultura\/laesferadepapel\/2018\/10\/23\/5bc9fe0fe2704e2c5e8b45ad.html\">Alma Guillermoprieto: \u00abQue existe la verdad es una mentira absoluta\u00bb<\/a> \u2013 El Mundo<\/p>\n<p><a href=\"https:\/\/www.elespanol.com\/espana\/politica\/20181022\/lomana-queda-hacer-mujeres-mostremos-valemos\/347466259_0.html\">Lomana, periodista: \u00abQueda mucho por hacer para que las mujeres mostremos lo que valemos&#8230;<\/a>&#8211; El Espa\u00f1ol<\/p>\n<p><a href=\"http:\/\/alcalalareal.ideal.es\/actualidad\/busqueda-igualdad-20181022175003-nt.html\">La igualdad de la mujer en los medios de comunicaci\u00f3n a debate<\/a>&#8211; Ideal Digital<\/p>\n<p><a href=\"http:\/\/agencias.abc.es\/agencias\/noticia.asp?noticia=2949104\">Informe revela escasa presencia femenina en espacios de opini\u00f3n deportiva&#8230;<\/a>&#8211; Abc.es<\/p>\n<p><a href=\"https:\/\/www.eltiempo.com\/mundo\/latinoamerica\/fabiana-jafif-la-mujer-que-dejo-google-para-emprender-como-mama-284254\">Fabiana Jafif, la mujer que dej\u00f3 Google para emprender como mam\u00e1<\/a>&#8211; ElTiempo.com<\/p>\n<p>[\/toggle]<\/p>\n<p>[toggle type=\u00bbfirst\u00bb title=\u00bbAndaluc\u00eda\u00bb]<\/p>\n<p><strong>Econom\u00eda y Empresas<\/strong><\/p>\n<p><a href=\"https:\/\/www.google.com\/url?sa=t&amp;rct=j&amp;q=&amp;esrc=s&amp;source=newssearch&amp;cd=7&amp;ved=0ahUKEwjehIyMqZzeAhWJAsAKHfJOCmEQqQIIOCgAMAY&amp;url=https%3A%2F%2Fwww.diariocordoba.com%2Fnoticias%2Fcordobaprovincia%2Fjunta-reconoce-iniciativa-ganadera-pilar-gomez-fernandez_1259109.html&amp;usg=AOvVaw0SjHiYX3oc_0dRP0oOgNjt\">La Junta de Andaluc\u00eda reconoce la iniciativa ganadera de Pilar G\u00f3mez Fern\u00e1ndez<\/a> &#8211; Diario C\u00f3rdoba<\/p>\n<p><a href=\"https:\/\/www.google.com\/url?sa=t&amp;rct=j&amp;q=&amp;esrc=s&amp;source=newssearch&amp;cd=1&amp;ved=0ahUKEwjfhbKIvJzeAhUJAsAKHcdWDnwQqQIIJygAMAA&amp;url=https%3A%2F%2Fandaluciainformacion.es%2Fcordoba%2F783424%2Ffrancisca-rios-reelegida-presidenta-de-apymeal%2F&amp;usg=AOvVaw03amkooQNzPfVtpSWTaiWC\">Francisca R\u00edos, reelegida presidenta de Apymeal<\/a>&#8211; Andaluc\u00eda Informaci\u00f3n<\/p>\n<p><a href=\"https:\/\/www.google.com\/url?sa=t&amp;rct=j&amp;q=&amp;esrc=s&amp;source=newssearch&amp;cd=1&amp;ved=0ahUKEwjv8ZiRsJzeAhUtxIUKHVBtCnsQqQIIJygAMAA&amp;url=https%3A%2F%2Fwww.europapress.es%2Fesandalucia%2Fsevilla%2Fnoticia-andalucia-espera-superar-31000-millones-euros-exportaciones-2017-nuevo-record-agosto-20181023122638.html&amp;usg=AOvVaw3wNvJEWQS5pNLOZSNSZHtM\">Andaluc\u00eda espera superar los 31.000 millones en exportaciones de &#8230;<\/a>&#8211; Europa Press<\/p>\n<p><a href=\"https:\/\/www.malagahoy.es\/economia\/campana-Navidad-empleos-Andalucia_0_1293471231.html\">La campa\u00f1a de Navidad crear\u00e1 78.735 empleos en Andaluc\u00eda<\/a>-M\u00e1laga Hoy<\/p>\n<p><strong>Actualidad<\/strong><\/p>\n<p><a href=\"http:\/\/www.diariojaen.es\/linares\/galardones-a-luchadoras-por-los-derechos-de-la-mujer-rural-IJ4759183\">Galardones a luchadoras por los derechos de la mujer rural<\/a>&#8211; Diario Ja\u00e9n<\/p>\n<p><a href=\"https:\/\/sevilla.abc.es\/sevilla\/sevi-mujer-aspira-decana-abogados-sevilla-201810231111_noticia.html\">Una mujer aspira a decana de los abogados de Sevilla<\/a>&#8211; abcdesevilla.es<\/p>\n<p><strong>Violencias<\/strong><\/p>\n<p><a href=\"https:\/\/www.elmundo.es\/andalucia\/sevilla\/2018\/10\/23\/5bcedef1268e3e19038b457e.html\">Muere una mujer apu\u00f1alada en su casa de Sevilla<\/a> \u2013 El Mundo<strong>\u00a0<\/strong><\/p>\n<p><strong>Ciencia y Cultura<\/strong><\/p>\n<p><a href=\"http:\/\/cadenaser.com\/emisora\/2018\/10\/23\/radio_granada\/1540283875_428120.html\">Un estudio de la Escuela Andaluza de Salud P\u00fablica dentifica diferencias de g\u00e9nero y sexo en las enfermedades coronarias&#8230;<\/a>&#8211; Cadena SER-<\/p>\n<p><a href=\"http:\/\/huelvaya.es\/2018\/10\/22\/la-mujer-iberoamericana-protagonista-de-los-primeros-encuentros-huelva-america\/\">La mujer iberoamericana, protagonista de los primeros Encuentros &#8230;<\/a>&#8211; HuelvaYA<\/p>\n<p><a href=\"http:\/\/www.elmundo.es\/andalucia\/2018\/10\/22\/5bce221e46163f03278b4603.html\">La Fura, La Abad\u00eda y La Cubana central el 36 Festival de Teatro de M\u00e1laga<\/a>\u2013 El Mundo<\/p>\n<p><a href=\"https:\/\/www.eldiario.es\/andalucia\/lacajanegra\/seff2018\/andaluz-Festival-Cine-Europeo-Sevilla_0_827667648.html\">El cine andaluz se hace hueco en el Festival de Cine Europeo de &#8230;<\/a>&#8211; eldiario.es<\/p>\n<p><strong>Deporte<\/strong><\/p>\n<p><a href=\"http:\/\/ten-golf.com\/es\/grandes-circuitos\/ladies-european-tour\/azahara-munoz-busca-el-triplete-de-titulos-en-el-andalucia-costa-del-sol-open-de-espana\/\">Azahara Mu\u00f1oz busca el triplete de t\u00edtulos en el Andaluc\u00eda Costa del &#8230;<\/a>-Ten-Golf<\/p>\n<p><a href=\"http:\/\/www.elmundo.es\/deportes\/mas-deporte\/2018\/10\/22\/5bce0f37e2704e0e4e8b477d.html\">La denuncia de la campeona mundial de tiro, F\u00e1tima G\u00e1lvez,: \u00abAlgunos no toleran que una <strong>mujer<\/strong> rompa m\u00e1s platos que ellos\u00bb<\/a> \u2013 El Mundo<\/p>\n<p>[\/toggle]<\/p>\n<p>[toggle type=\u00bbfirst\u00bb title=\u00bbEstado\u00bb]<\/p>\n<p><strong>Institucional<\/strong><\/p>\n<p><a href=\"https:\/\/www.google.com\/url?sa=t&amp;rct=j&amp;q=&amp;esrc=s&amp;source=newssearch&amp;cd=20&amp;ved=0ahUKEwiv8qeUtJzeAhUqCMAKHc0GCBs4ChCpAghAKAAwCQ&amp;url=https%3A%2F%2Fwww.abc.es%2Fsociedad%2Fabci-aplicacion-pacto-contra-violencia-genero-divide-grupos-politicos-congreso-201810230302_noticia.html&amp;usg=AOvVaw0k4oSg0aM4JwEEcNQichkp\">La aplicaci\u00f3n del Pacto contra la Violencia de G\u00e9nero divide a los grupos pol\u00edticos del Congreso&#8230;<\/a>&#8211; Abc.es<strong>\u00a0<\/strong><\/p>\n<p><strong>Institucional-CCAA<\/strong><\/p>\n<p><u><a href=\"https:\/\/www.google.com\/url?rct=j&amp;sa=t&amp;url=https:\/\/www.20minutos.es\/noticia\/3472023\/0\/fiscales-atribuyen-muchas-absoluciones-violencia-genero-cyl-marcha-atras-victima\/&amp;ct=ga&amp;cd=CAEYACoTNTU2MzkxMTkxNDc1MzU0OTM0MjIZZTFlNzdkMTU2MDk4YThlMzplczplczpFUw&amp;usg=AFQjCNHHuSxiptToMCbS7ElFAs4FvHO-1A\">Los fiscales atribuyen muchas absoluciones en violencia de g\u00e9nero en CyL a la \u00abmarcha atr\u00e1s\u00bb de &#8230; <\/a><\/u>&#8211; <a href=\"http:\/\/20minutos.es\">20minutos.es<\/a><\/p>\n<p><u><a href=\"https:\/\/www.google.com\/url?rct=j&amp;sa=t&amp;url=https:\/\/www.20minutos.es\/noticia\/3471353\/0\/programa-municipal-quiereme-bien-incluira-este-curso-guia-para-escolares-sobre-buenos-tratos-pareja\/&amp;ct=ga&amp;cd=CAEYASoTNTU2MzkxMTkxNDc1MzU0OTM0MjIZZTFlNzdkMTU2MDk4YThlMzplczplczpFUw&amp;usg=AFQjCNFZRu4cuLJJlCCteWGkEC3UfVZlgg\">El programa municipal &#8216;Qui\u00e9reme bien&#8217; incluir\u00e1 este curso una gu\u00eda para escolares sobre los &#8230; <\/a><\/u>&#8211; <a href=\"http:\/\/20minutos.es\">20minutos.es<\/a><\/p>\n<p><a href=\"https:\/\/www.hoyaragon.es\/2018\/10\/23\/empleadas-funcionarias-victimas-de-violencia-machista-beneficios\/\">Las empleadas p\u00fablicas v\u00edctimas de violencia machista tendr\u00e1n &#8230;<\/a>&#8211; Hoyaragon<\/p>\n<p><strong>Econom\u00eda y Empresa<\/strong><\/p>\n<p><a href=\"http:\/\/www.mujeremprendedora.net\/vicepresidentas-espana-costa-rica-ecuador-debaten-empoderamiento-economico-mujer\/\">Vicepresidentas de Espa\u00f1a, Costa Rica y Ecuador debaten sobre el empoderamiento econ\u00f3mico de la mujer\u00a0<\/a> &#8211; Mujeremprendedora.net<\/p>\n<p><a href=\"https:\/\/diarioresponsable.com\/noticias\/26911-la-cnmv-publicara-el-numero-de-mujeres-en-los-consejos-de-administracion-y-la-alta-direccion-en-las-cotizadas\">La CNMV publicar\u00e1 el n\u00famero de mujeres en los consejos de administraci\u00f3n y la alta direcci\u00f3n en las cotizadas&#8230;<\/a>&#8211; Diario Responsable<\/p>\n<p><a href=\"http:\/\/www.mujeremprendedora.net\/cepes-apoya-creacion-cooperativas-mujeres-mauritania\/\">CEPES apoya la creaci\u00f3n de cooperativas de mujeres en Mauritania<\/a>-Mujeremprendedora.net<\/p>\n<p><a href=\"https:\/\/www.google.com\/url?sa=t&amp;rct=j&amp;q=&amp;esrc=s&amp;source=newssearch&amp;cd=72&amp;ved=0ahUKEwiy_7-noZzeAhXIDcAKHdXhBC84RhCpAggpKAAwAQ&amp;url=https%3A%2F%2Fwww.eldiario.es%2Fplanigualdad%2Fdiscriminacion-mujeres-eludiendo-Inspeccion-Trabajo_6_825977395.html&amp;usg=AOvVaw3tgkGnW-4pgNkWsPXXAtw4\">La discriminaci\u00f3n de las mujeres sigue eludiendo a la Inspecci\u00f3n de Trabajo&#8230;<\/a>&#8211; eldiario.es<\/p>\n<p><strong>Actualidad<\/strong><\/p>\n<p><a href=\"http:\/\/www.mujeremprendedora.net\/como-reclamar-irpf-prestacion-baja-maternidad\/\">C\u00f3mo reclamar el IRPF de la prestaci\u00f3n de la baja por maternidad<\/a>&#8211; Mujeremprendedora.net<\/p>\n<p><a href=\"https:\/\/elpais.com\/elpais\/2018\/10\/22\/opinion\/1540231285_247989.html\">Un mensaje al sentido com\u00fan<\/a> \u2013 El Pa\u00eds<\/p>\n<p><a href=\"https:\/\/elpais.com\/sociedad\/2018\/10\/22\/actualidad\/1540229484_191153.html\">La Polic\u00eda identifica al hombre que difundi\u00f3 la foto y los datos personales de la v\u00edctima de La Manada<\/a>\u2013 El Pa\u00eds<\/p>\n<p><a href=\"https:\/\/www.google.com\/url?sa=t&amp;rct=j&amp;q=&amp;esrc=s&amp;source=newssearch&amp;cd=25&amp;ved=0ahUKEwjGg-vRppzeAhXCJ8AKHaGlB5I4FBCpAggyKAAwBA&amp;url=https%3A%2F%2Felpais.com%2Fccaa%2F2018%2F10%2F22%2Fmadrid%2F1540226652_511398.html&amp;usg=AOvVaw0NfZF-_y2hJnXD3IcJ5HtG\">\u201cLa igualdad tiene costes, pero a medio plazo es rentable\u201d<\/a>&#8211; El Pa\u00eds<\/p>\n<p><strong>Violencia<\/strong><strong>s<\/strong><\/p>\n<p><a href=\"https:\/\/www.elplural.com\/igualdad-en-las-pymes\/el-acoso-sexual-a-las-mujeres-en-el-trabajo-una-realidad-silenciada_205056102\">El acoso sexual a las mujeres en el trabajo, una realidad silenciada<\/a>-elplural.com<strong>\u00a0<\/strong><\/p>\n<p><strong>Ciencia y Cultura<\/strong><\/p>\n<p><a href=\"https:\/\/www.elcorreo.com\/butaca\/cine\/mujeres-toman-seminci-20181022193152-ntrc.html\">Las mujeres toman la Seminci<\/a>&#8211; El Correo<\/p>\n<p><a href=\"https:\/\/www.diariodemallorca.es\/cultura\/2018\/10\/23\/mujeres-revolucionan-comic\/1358333.html\">Las mujeres revolucionan el c\u00f3mic<\/a>&#8211; Diario de Mallorca<\/p>\n<p><a href=\"http:\/\/www.elmundo.es\/comunidad-valenciana\/alicante\/2018\/10\/23\/5bce331122601de7058b4626.html\">Galit Dahan, escritora israel\u00ed: \u201cNo es f\u00e1cil ser escritora\u00bb<\/a> \u2013 El Mundo<\/p>\n<p><a href=\"https:\/\/www.google.com\/url?sa=t&amp;rct=j&amp;q=&amp;esrc=s&amp;source=newssearch&amp;cd=1&amp;ved=0ahUKEwiLks6cuJzeAhWrC8AKHUZ0ACQQqQIIJygAMAA&amp;url=http%3A%2F%2Fdiarioenfermero.es%2Ftan-solo-una-enfermera-el-corto-que-resume-la-lucha-feminista-de-la-profesion%2F&amp;usg=AOvVaw2Rf0R_-zt1JVzVXDAWpTUL\">Tan s\u00f3lo una enfermera, el corto que resume la lucha feminista de la &#8230;<\/a>&#8211; Diario Enfermero<\/p>\n<p><strong>Deporte\u00a0\u00a0\u00a0\u00a0\u00a0\u00a0\u00a0\u00a0\u00a0\u00a0\u00a0\u00a0\u00a0\u00a0\u00a0\u00a0\u00a0\u00a0\u00a0\u00a0\u00a0\u00a0\u00a0\u00a0\u00a0\u00a0\u00a0\u00a0\u00a0\u00a0\u00a0\u00a0\u00a0\u00a0\u00a0\u00a0\u00a0\u00a0\u00a0\u00a0\u00a0\u00a0\u00a0\u00a0\u00a0\u00a0\u00a0\u00a0\u00a0\u00a0\u00a0\u00a0\u00a0\u00a0\u00a0\u00a0\u00a0\u00a0\u00a0\u00a0\u00a0\u00a0\u00a0\u00a0\u00a0\u00a0\u00a0\u00a0\u00a0\u00a0\u00a0\u00a0\u00a0\u00a0\u00a0\u00a0\u00a0\u00a0\u00a0\u00a0\u00a0\u00a0\u00a0\u00a0\u00a0\u00a0\u00a0\u00a0\u00a0\u00a0\u00a0\u00a0\u00a0\u00a0\u00a0\u00a0\u00a0\u00a0\u00a0\u00a0\u00a0\u00a0\u00a0\u00a0\u00a0\u00a0\u00a0\u00a0\u00a0\u00a0\u00a0\u00a0 <\/strong><\/p>\n<p><a href=\"https:\/\/elpais.com\/deportes\/2018\/10\/21\/actualidad\/1540152504_574122.html\">Edurne Pasaban sube con las parias del Himalaya<\/a>\u2013 El Pa\u00eds<\/p>\n<p><a href=\"https:\/\/as.com\/masdeporte\/2018\/10\/22\/polideportivo\/1540214036_075709.html\">F\u00e1tima G\u00e1lvez: \u00abNo me han permitido ganar por ser mujer\u00bb<\/a>&#8211; As.com<\/p>\n<p><a href=\"https:\/\/www.laopiniondemurcia.es\/deporte-femenino\/2018\/10\/23\/seleccion-espanola-femenina-enfrenta-hoy\/965378.html\">La selecci\u00f3n espa\u00f1ola femenina se enfrenta hoy a Italia en Archena<\/a>&#8211; La Opini\u00f3n de Murcia<\/p>\n<p><a href=\"https:\/\/www.laopiniondemurcia.es\/deporte-femenino\/2018\/10\/22\/yeclana-maria-jose-martinez-unica\/965144.html\">La yeclana Mar\u00eda Jos\u00e9 Mart\u00ednez, \u00fanica espa\u00f1ola en las Finales WTA<\/a>&#8211; La Opini\u00f3n de Murcia<\/p>\n<p>[\/toggle]<\/p>\n<p>[toggle type=\u00bbfirst\u00bb title=\u00bbInternacional\u00bb]<\/p>\n<p><a href=\"https:\/\/www.google.com\/url?sa=t&amp;rct=j&amp;q=&amp;esrc=s&amp;source=newssearch&amp;cd=65&amp;ved=0ahUKEwjp18vxoJzeAhXIJcAKHcdYCAo4PBCpAggyKAAwBA&amp;url=https%3A%2F%2Fwww.eldiario.es%2Finternacional%2FSexismo-violencia-parlamentos-diputadas-psicologica_0_827668079.html&amp;usg=AOvVaw2D8o0sywafQf4ALpUy2QzC\">Sexismo, acoso y violencia contra las mujeres en los parlamentos europeos&#8230;<\/a>&#8211; <a href=\"http:\/\/eldiario.es\">eldiario.es<\/a><\/p>\n<p><a href=\"http:\/\/diario16.com\/what-woman-movimiento-celebra-la-mujer-traves-historias-exito\/\">&#8216;What a woman&#8217;: el movimiento que celebra a la mujer a trav\u00e9s de &#8230;<\/a>&#8211; Diario16<\/p>\n<p><a href=\"https:\/\/www.publico.es\/internacional\/america-latina\/elecciones-brasil-mujeres-brasil-bolsonaro.html\">Mujeres de Brasil contra Bolsonaro<\/a>-P\u00fablico<\/p>\n<p><a href=\"https:\/\/elpais.com\/elpais\/2018\/10\/10\/planeta_futuro\/1539166878_623646.html\">As\u00ed es ser ni\u00f1a en Chad, entre matrimonios forzosos y ablaci\u00f3n<\/a>\u2013 El Pa\u00eds<\/p>\n<p><a href=\"http:\/\/www.elmundo.es\/cultura\/literatura\/2018\/10\/22\/5bce1184468aebdf3e8b45e3.html\">Gioconda Belli, poeta y ex militante sandinista: \u00abNicaragua vive una Inquisici\u00f3n\u00bb<\/a>\u2013 El Mundo<\/p>\n<p>[\/toggle]<\/p><\/div>\n<\/div>\n<\/div>\n<\/div>\n<\/div>\n<\/div>\n","protected":false},"excerpt":{"rendered":"<p>Espa\u00f1a, Costa Rica y Ecuador avanzan en el empoderamiento de <a href=\"https:\/\/cklcomunicaciones.es\/coop\/noticias-info-ckl-no-2-218-23-10-18\/\">[&#8230;]<\/a><\/p>\n","protected":false},"author":3,"featured_media":0,"comment_status":"closed","ping_status":"closed","sticky":false,"template":"","format":"standard","meta":{"footnotes":""},"categories":[298,623],"tags":[],"class_list":["post-14236","post","type-post","status-publish","format-standard","hentry","category-newsletter","category-nwl-2-0"],"yoast_head":"<!-- This site is optimized with the Yoast SEO plugin v27.5 - https:\/\/yoast.com\/product\/yoast-seo-wordpress\/ -->\n<title>Noticias Info CKL n\u00ba 2.218-23\/10\/18-Comunica con perspectiva de g\u00e9nero<\/title>\n<meta name=\"description\" content=\"Comunicar con perspectiva de g\u00e9nero: Espa\u00f1a, Costa Rica y Ecuador avanzan en el empoderamiento de la mujer-La mujer centra III Foro Iberoamericano Andaluc\u00eda\" \/>\n<meta name=\"robots\" content=\"index, follow, max-snippet:-1, max-image-preview:large, max-video-preview:-1\" \/>\n<link rel=\"canonical\" href=\"https:\/\/cklcomunicaciones.es\/coop\/noticias-info-ckl-no-2-218-23-10-18\/\" \/>\n<meta property=\"og:locale\" content=\"es_ES\" \/>\n<meta property=\"og:type\" content=\"article\" \/>\n<meta property=\"og:title\" content=\"Noticias Info CKL n\u00ba 2.218-23\/10\/18-Comunica con perspectiva de g\u00e9nero\" \/>\n<meta property=\"og:description\" content=\"Comunicar con perspectiva de g\u00e9nero: Espa\u00f1a, Costa Rica y Ecuador avanzan en el empoderamiento de la mujer-La mujer centra III Foro Iberoamericano Andaluc\u00eda\" \/>\n<meta property=\"og:url\" content=\"https:\/\/cklcomunicaciones.es\/coop\/noticias-info-ckl-no-2-218-23-10-18\/\" \/>\n<meta property=\"og:site_name\" content=\"CKL Comunicaciones\" \/>\n<meta property=\"article:published_time\" content=\"2018-10-23T11:54:27+00:00\" \/>\n<meta property=\"article:modified_time\" content=\"2025-01-17T15:40:33+00:00\" \/>\n<meta property=\"og:image\" content=\"https:\/\/cklcomunicaciones.es\/coop\/wp-content\/uploads\/2018\/03\/CKL_comunicacion-con-perspetiva-de-genero.jpg\" \/>\n\t<meta property=\"og:image:width\" content=\"500\" \/>\n\t<meta property=\"og:image:height\" content=\"500\" \/>\n\t<meta property=\"og:image:type\" content=\"image\/jpeg\" \/>\n<meta name=\"author\" content=\"ckl\" \/>\n<meta name=\"twitter:card\" content=\"summary_large_image\" \/>\n<meta name=\"twitter:label1\" content=\"Escrito por\" \/>\n\t<meta name=\"twitter:data1\" content=\"ckl\" \/>\n\t<meta name=\"twitter:label2\" content=\"Tiempo de lectura\" \/>\n\t<meta name=\"twitter:data2\" content=\"5 minutos\" \/>\n<script type=\"application\/ld+json\" class=\"yoast-schema-graph\">{\"@context\":\"https:\\\/\\\/schema.org\",\"@graph\":[{\"@type\":\"Article\",\"@id\":\"https:\\\/\\\/cklcomunicaciones.es\\\/coop\\\/noticias-info-ckl-no-2-218-23-10-18\\\/#article\",\"isPartOf\":{\"@id\":\"https:\\\/\\\/cklcomunicaciones.es\\\/coop\\\/noticias-info-ckl-no-2-218-23-10-18\\\/\"},\"author\":{\"name\":\"ckl\",\"@id\":\"https:\\\/\\\/cklcomunicaciones.es\\\/coop\\\/#\\\/schema\\\/person\\\/929a6837f7626450bbb50cee1aef266e\"},\"headline\":\"Noticias Info CKL n\u00ba 2.218-23\\\/10\\\/18\",\"datePublished\":\"2018-10-23T11:54:27+00:00\",\"dateModified\":\"2025-01-17T15:40:33+00:00\",\"mainEntityOfPage\":{\"@id\":\"https:\\\/\\\/cklcomunicaciones.es\\\/coop\\\/noticias-info-ckl-no-2-218-23-10-18\\\/\"},\"wordCount\":911,\"image\":{\"@id\":\"https:\\\/\\\/cklcomunicaciones.es\\\/coop\\\/noticias-info-ckl-no-2-218-23-10-18\\\/#primaryimage\"},\"thumbnailUrl\":\"http:\\\/\\\/www.cklcomunicaciones.es\\\/wp-content\\\/uploads\\\/2018\\\/03\\\/CKL_comunicacion-con-perspetiva-de-genero-300x300.jpg\",\"articleSection\":[\"Newsletter\",\"Nwl v2.0\"],\"inLanguage\":\"es\"},{\"@type\":\"WebPage\",\"@id\":\"https:\\\/\\\/cklcomunicaciones.es\\\/coop\\\/noticias-info-ckl-no-2-218-23-10-18\\\/\",\"url\":\"https:\\\/\\\/cklcomunicaciones.es\\\/coop\\\/noticias-info-ckl-no-2-218-23-10-18\\\/\",\"name\":\"Noticias Info CKL n\u00ba 2.218-23\\\/10\\\/18-Comunica con perspectiva de g\u00e9nero\",\"isPartOf\":{\"@id\":\"https:\\\/\\\/cklcomunicaciones.es\\\/coop\\\/#website\"},\"primaryImageOfPage\":{\"@id\":\"https:\\\/\\\/cklcomunicaciones.es\\\/coop\\\/noticias-info-ckl-no-2-218-23-10-18\\\/#primaryimage\"},\"image\":{\"@id\":\"https:\\\/\\\/cklcomunicaciones.es\\\/coop\\\/noticias-info-ckl-no-2-218-23-10-18\\\/#primaryimage\"},\"thumbnailUrl\":\"http:\\\/\\\/www.cklcomunicaciones.es\\\/wp-content\\\/uploads\\\/2018\\\/03\\\/CKL_comunicacion-con-perspetiva-de-genero-300x300.jpg\",\"datePublished\":\"2018-10-23T11:54:27+00:00\",\"dateModified\":\"2025-01-17T15:40:33+00:00\",\"author\":{\"@id\":\"https:\\\/\\\/cklcomunicaciones.es\\\/coop\\\/#\\\/schema\\\/person\\\/929a6837f7626450bbb50cee1aef266e\"},\"description\":\"Comunicar con perspectiva de g\u00e9nero: Espa\u00f1a, Costa Rica y Ecuador avanzan en el empoderamiento de la mujer-La mujer centra III Foro Iberoamericano Andaluc\u00eda\",\"breadcrumb\":{\"@id\":\"https:\\\/\\\/cklcomunicaciones.es\\\/coop\\\/noticias-info-ckl-no-2-218-23-10-18\\\/#breadcrumb\"},\"inLanguage\":\"es\",\"potentialAction\":[{\"@type\":\"ReadAction\",\"target\":[\"https:\\\/\\\/cklcomunicaciones.es\\\/coop\\\/noticias-info-ckl-no-2-218-23-10-18\\\/\"]}]},{\"@type\":\"ImageObject\",\"inLanguage\":\"es\",\"@id\":\"https:\\\/\\\/cklcomunicaciones.es\\\/coop\\\/noticias-info-ckl-no-2-218-23-10-18\\\/#primaryimage\",\"url\":\"http:\\\/\\\/www.cklcomunicaciones.es\\\/wp-content\\\/uploads\\\/2018\\\/03\\\/CKL_comunicacion-con-perspetiva-de-genero-300x300.jpg\",\"contentUrl\":\"http:\\\/\\\/www.cklcomunicaciones.es\\\/wp-content\\\/uploads\\\/2018\\\/03\\\/CKL_comunicacion-con-perspetiva-de-genero-300x300.jpg\"},{\"@type\":\"BreadcrumbList\",\"@id\":\"https:\\\/\\\/cklcomunicaciones.es\\\/coop\\\/noticias-info-ckl-no-2-218-23-10-18\\\/#breadcrumb\",\"itemListElement\":[{\"@type\":\"ListItem\",\"position\":1,\"name\":\"Portada\",\"item\":\"https:\\\/\\\/cklcomunicaciones.es\\\/coop\\\/\"},{\"@type\":\"ListItem\",\"position\":2,\"name\":\"Noticias Info CKL n\u00ba 2.218-23\\\/10\\\/18\"}]},{\"@type\":\"WebSite\",\"@id\":\"https:\\\/\\\/cklcomunicaciones.es\\\/coop\\\/#website\",\"url\":\"https:\\\/\\\/cklcomunicaciones.es\\\/coop\\\/\",\"name\":\"CKL Comunicaciones\",\"description\":\"Sitio web de CKL Comunicaciones coop , la consultora de comunicaci\u00f3n y estrategia\",\"potentialAction\":[{\"@type\":\"SearchAction\",\"target\":{\"@type\":\"EntryPoint\",\"urlTemplate\":\"https:\\\/\\\/cklcomunicaciones.es\\\/coop\\\/?s={search_term_string}\"},\"query-input\":{\"@type\":\"PropertyValueSpecification\",\"valueRequired\":true,\"valueName\":\"search_term_string\"}}],\"inLanguage\":\"es\"},{\"@type\":\"Person\",\"@id\":\"https:\\\/\\\/cklcomunicaciones.es\\\/coop\\\/#\\\/schema\\\/person\\\/929a6837f7626450bbb50cee1aef266e\",\"name\":\"ckl\",\"image\":{\"@type\":\"ImageObject\",\"inLanguage\":\"es\",\"@id\":\"https:\\\/\\\/secure.gravatar.com\\\/avatar\\\/c82db564e8a669bf6023357a157b9dc4780f4d4c618f2ad1d71a6a5dede45057?s=96&d=mm&r=g\",\"url\":\"https:\\\/\\\/secure.gravatar.com\\\/avatar\\\/c82db564e8a669bf6023357a157b9dc4780f4d4c618f2ad1d71a6a5dede45057?s=96&d=mm&r=g\",\"contentUrl\":\"https:\\\/\\\/secure.gravatar.com\\\/avatar\\\/c82db564e8a669bf6023357a157b9dc4780f4d4c618f2ad1d71a6a5dede45057?s=96&d=mm&r=g\",\"caption\":\"ckl\"},\"url\":\"https:\\\/\\\/cklcomunicaciones.es\\\/coop\\\/author\\\/cklcomunicaciones\\\/\"}]}<\/script>\n<!-- \/ Yoast SEO plugin. -->","yoast_head_json":{"title":"Noticias Info CKL n\u00ba 2.218-23\/10\/18-Comunica con perspectiva de g\u00e9nero","description":"Comunicar con perspectiva de g\u00e9nero: Espa\u00f1a, Costa Rica y Ecuador avanzan en el empoderamiento de la mujer-La mujer centra III Foro Iberoamericano Andaluc\u00eda","robots":{"index":"index","follow":"follow","max-snippet":"max-snippet:-1","max-image-preview":"max-image-preview:large","max-video-preview":"max-video-preview:-1"},"canonical":"https:\/\/cklcomunicaciones.es\/coop\/noticias-info-ckl-no-2-218-23-10-18\/","og_locale":"es_ES","og_type":"article","og_title":"Noticias Info CKL n\u00ba 2.218-23\/10\/18-Comunica con perspectiva de g\u00e9nero","og_description":"Comunicar con perspectiva de g\u00e9nero: Espa\u00f1a, Costa Rica y Ecuador avanzan en el empoderamiento de la mujer-La mujer centra III Foro Iberoamericano Andaluc\u00eda","og_url":"https:\/\/cklcomunicaciones.es\/coop\/noticias-info-ckl-no-2-218-23-10-18\/","og_site_name":"CKL Comunicaciones","article_published_time":"2018-10-23T11:54:27+00:00","article_modified_time":"2025-01-17T15:40:33+00:00","og_image":[{"width":500,"height":500,"url":"https:\/\/cklcomunicaciones.es\/coop\/wp-content\/uploads\/2018\/03\/CKL_comunicacion-con-perspetiva-de-genero.jpg","type":"image\/jpeg"}],"author":"ckl","twitter_card":"summary_large_image","twitter_misc":{"Escrito por":"ckl","Tiempo de lectura":"5 minutos"},"schema":{"@context":"https:\/\/schema.org","@graph":[{"@type":"Article","@id":"https:\/\/cklcomunicaciones.es\/coop\/noticias-info-ckl-no-2-218-23-10-18\/#article","isPartOf":{"@id":"https:\/\/cklcomunicaciones.es\/coop\/noticias-info-ckl-no-2-218-23-10-18\/"},"author":{"name":"ckl","@id":"https:\/\/cklcomunicaciones.es\/coop\/#\/schema\/person\/929a6837f7626450bbb50cee1aef266e"},"headline":"Noticias Info CKL n\u00ba 2.218-23\/10\/18","datePublished":"2018-10-23T11:54:27+00:00","dateModified":"2025-01-17T15:40:33+00:00","mainEntityOfPage":{"@id":"https:\/\/cklcomunicaciones.es\/coop\/noticias-info-ckl-no-2-218-23-10-18\/"},"wordCount":911,"image":{"@id":"https:\/\/cklcomunicaciones.es\/coop\/noticias-info-ckl-no-2-218-23-10-18\/#primaryimage"},"thumbnailUrl":"http:\/\/www.cklcomunicaciones.es\/wp-content\/uploads\/2018\/03\/CKL_comunicacion-con-perspetiva-de-genero-300x300.jpg","articleSection":["Newsletter","Nwl v2.0"],"inLanguage":"es"},{"@type":"WebPage","@id":"https:\/\/cklcomunicaciones.es\/coop\/noticias-info-ckl-no-2-218-23-10-18\/","url":"https:\/\/cklcomunicaciones.es\/coop\/noticias-info-ckl-no-2-218-23-10-18\/","name":"Noticias Info CKL n\u00ba 2.218-23\/10\/18-Comunica con perspectiva de g\u00e9nero","isPartOf":{"@id":"https:\/\/cklcomunicaciones.es\/coop\/#website"},"primaryImageOfPage":{"@id":"https:\/\/cklcomunicaciones.es\/coop\/noticias-info-ckl-no-2-218-23-10-18\/#primaryimage"},"image":{"@id":"https:\/\/cklcomunicaciones.es\/coop\/noticias-info-ckl-no-2-218-23-10-18\/#primaryimage"},"thumbnailUrl":"http:\/\/www.cklcomunicaciones.es\/wp-content\/uploads\/2018\/03\/CKL_comunicacion-con-perspetiva-de-genero-300x300.jpg","datePublished":"2018-10-23T11:54:27+00:00","dateModified":"2025-01-17T15:40:33+00:00","author":{"@id":"https:\/\/cklcomunicaciones.es\/coop\/#\/schema\/person\/929a6837f7626450bbb50cee1aef266e"},"description":"Comunicar con perspectiva de g\u00e9nero: Espa\u00f1a, Costa Rica y Ecuador avanzan en el empoderamiento de la mujer-La mujer centra III Foro Iberoamericano Andaluc\u00eda","breadcrumb":{"@id":"https:\/\/cklcomunicaciones.es\/coop\/noticias-info-ckl-no-2-218-23-10-18\/#breadcrumb"},"inLanguage":"es","potentialAction":[{"@type":"ReadAction","target":["https:\/\/cklcomunicaciones.es\/coop\/noticias-info-ckl-no-2-218-23-10-18\/"]}]},{"@type":"ImageObject","inLanguage":"es","@id":"https:\/\/cklcomunicaciones.es\/coop\/noticias-info-ckl-no-2-218-23-10-18\/#primaryimage","url":"http:\/\/www.cklcomunicaciones.es\/wp-content\/uploads\/2018\/03\/CKL_comunicacion-con-perspetiva-de-genero-300x300.jpg","contentUrl":"http:\/\/www.cklcomunicaciones.es\/wp-content\/uploads\/2018\/03\/CKL_comunicacion-con-perspetiva-de-genero-300x300.jpg"},{"@type":"BreadcrumbList","@id":"https:\/\/cklcomunicaciones.es\/coop\/noticias-info-ckl-no-2-218-23-10-18\/#breadcrumb","itemListElement":[{"@type":"ListItem","position":1,"name":"Portada","item":"https:\/\/cklcomunicaciones.es\/coop\/"},{"@type":"ListItem","position":2,"name":"Noticias Info CKL n\u00ba 2.218-23\/10\/18"}]},{"@type":"WebSite","@id":"https:\/\/cklcomunicaciones.es\/coop\/#website","url":"https:\/\/cklcomunicaciones.es\/coop\/","name":"CKL Comunicaciones","description":"Sitio web de CKL Comunicaciones coop , la consultora de comunicaci\u00f3n y estrategia","potentialAction":[{"@type":"SearchAction","target":{"@type":"EntryPoint","urlTemplate":"https:\/\/cklcomunicaciones.es\/coop\/?s={search_term_string}"},"query-input":{"@type":"PropertyValueSpecification","valueRequired":true,"valueName":"search_term_string"}}],"inLanguage":"es"},{"@type":"Person","@id":"https:\/\/cklcomunicaciones.es\/coop\/#\/schema\/person\/929a6837f7626450bbb50cee1aef266e","name":"ckl","image":{"@type":"ImageObject","inLanguage":"es","@id":"https:\/\/secure.gravatar.com\/avatar\/c82db564e8a669bf6023357a157b9dc4780f4d4c618f2ad1d71a6a5dede45057?s=96&d=mm&r=g","url":"https:\/\/secure.gravatar.com\/avatar\/c82db564e8a669bf6023357a157b9dc4780f4d4c618f2ad1d71a6a5dede45057?s=96&d=mm&r=g","contentUrl":"https:\/\/secure.gravatar.com\/avatar\/c82db564e8a669bf6023357a157b9dc4780f4d4c618f2ad1d71a6a5dede45057?s=96&d=mm&r=g","caption":"ckl"},"url":"https:\/\/cklcomunicaciones.es\/coop\/author\/cklcomunicaciones\/"}]}},"_links":{"self":[{"href":"https:\/\/cklcomunicaciones.es\/coop\/wp-json\/wp\/v2\/posts\/14236","targetHints":{"allow":["GET"]}}],"collection":[{"href":"https:\/\/cklcomunicaciones.es\/coop\/wp-json\/wp\/v2\/posts"}],"about":[{"href":"https:\/\/cklcomunicaciones.es\/coop\/wp-json\/wp\/v2\/types\/post"}],"author":[{"embeddable":true,"href":"https:\/\/cklcomunicaciones.es\/coop\/wp-json\/wp\/v2\/users\/3"}],"replies":[{"embeddable":true,"href":"https:\/\/cklcomunicaciones.es\/coop\/wp-json\/wp\/v2\/comments?post=14236"}],"version-history":[{"count":0,"href":"https:\/\/cklcomunicaciones.es\/coop\/wp-json\/wp\/v2\/posts\/14236\/revisions"}],"wp:attachment":[{"href":"https:\/\/cklcomunicaciones.es\/coop\/wp-json\/wp\/v2\/media?parent=14236"}],"wp:term":[{"taxonomy":"category","embeddable":true,"href":"https:\/\/cklcomunicaciones.es\/coop\/wp-json\/wp\/v2\/categories?post=14236"},{"taxonomy":"post_tag","embeddable":true,"href":"https:\/\/cklcomunicaciones.es\/coop\/wp-json\/wp\/v2\/tags?post=14236"}],"curies":[{"name":"wp","href":"https:\/\/api.w.org\/{rel}","templated":true}]}}