{"id":14211,"date":"2018-10-10T12:29:55","date_gmt":"2018-10-10T10:29:55","guid":{"rendered":"http:\/\/www.cklcomunicaciones.es\/?p=14211"},"modified":"2025-01-17T16:40:35","modified_gmt":"2025-01-17T15:40:35","slug":"noticias-info-ckl-no-2-210-10-10-18","status":"publish","type":"post","link":"https:\/\/cklcomunicaciones.es\/coop\/noticias-info-ckl-no-2-210-10-10-18\/","title":{"rendered":"Noticias Info CKL n\u00ba 2.210-10\/10\/18"},"content":{"rendered":"<div id=\"pl-14211\"  class=\"panel-layout\" >\n<div id=\"pg-14211-0\"  class=\"panel-grid panel-no-style\"  data-style=\"{&quot;background_image_attachment&quot;:false,&quot;background_display&quot;:&quot;tile&quot;,&quot;cell_alignment&quot;:&quot;flex-start&quot;}\" >\n<div id=\"pgc-14211-0-0\"  class=\"panel-grid-cell\"  data-weight=\"1\" >\n<div id=\"panel-14211-0-0-0\" class=\"so-panel widget widget_sow-editor panel-first-child panel-last-child\" data-index=\"0\" data-style=\"{&quot;background_image_attachment&quot;:false,&quot;background_display&quot;:&quot;tile&quot;}\" >\n<div class=\"so-widget-sow-editor so-widget-sow-editor-base\">\n<div class=\"siteorigin-widget-tinymce textwidget\">\n\t<img decoding=\"async\" class=\"lazyload  wp-image-13726\" src=\"http:\/\/www.cklcomunicaciones.es\/wp-content\/uploads\/2018\/03\/CKL_comunicacion-con-perspetiva-de-genero-300x300.jpg\" data-orig-src=\"http:\/\/www.cklcomunicaciones.es\/wp-content\/uploads\/2018\/03\/CKL_comunicacion-con-perspetiva-de-genero-300x300.jpg\" alt=\"CKL_comunicacion con perspetiva de genero\" width=\"132\" height=\"132\" srcset=\"data:image\/svg+xml,%3Csvg%20xmlns%3D%27http%3A%2F%2Fwww.w3.org%2F2000%2Fsvg%27%20width%3D%27132%27%20height%3D%27132%27%20viewBox%3D%270%200%20132%20132%27%3E%3Crect%20width%3D%27132%27%20height%3D%27132%27%20fill-opacity%3D%220%22%2F%3E%3C%2Fsvg%3E\" data-srcset=\"https:\/\/cklcomunicaciones.es\/coop\/wp-content\/uploads\/2018\/03\/CKL_comunicacion-con-perspetiva-de-genero-150x150.jpg 150w, https:\/\/cklcomunicaciones.es\/coop\/wp-content\/uploads\/2018\/03\/CKL_comunicacion-con-perspetiva-de-genero-300x300.jpg 300w, https:\/\/cklcomunicaciones.es\/coop\/wp-content\/uploads\/2018\/03\/CKL_comunicacion-con-perspetiva-de-genero-450x450.jpg 450w, https:\/\/cklcomunicaciones.es\/coop\/wp-content\/uploads\/2018\/03\/CKL_comunicacion-con-perspetiva-de-genero.jpg 500w\" data-sizes=\"auto\" data-orig-sizes=\"(max-width: 132px) 100vw, 132px\" \/><\/p>\n<p id=\":eq\" class=\"hP\" tabindex=\"-1\" data-thread-perm-id=\"thread-f:1613308472235883637\" data-legacy-thread-id=\"16639f8200bf7c75\"><strong>Espa\u00f1a suspende en la aplicaci\u00f3n del Convenio de Estambul-Andaluc\u00eda inicia 1er Plan contra la desigualdad salarial entre mujeres\/hombres-Mujeres frente a robots-Taylor Swift reina en los American Music Awards<\/strong><\/p>\n<p>[toggle type=\u00bbfirst\u00bb title=\u00bbConvocatorias\u00bb]<\/p>\n<ul>\n<li>Jornadas \u201cMi Plan es la igualdad, \u00bfy el tuyo?. Organiza UGT Andaluc\u00eda. Sevilla, Hotel Silken, 24 y 25 de octubre. M\u00e1s informaci\u00f3n e inscripci\u00f3n: <a href=\"mailto:union@andalucia.ugt.org\">union@andalucia.ugt.org<\/a><\/li>\n<\/ul>\n<p>[\/toggle]<\/p>\n<p>[toggle type=\u00bbfirst\u00bb title=\u00bbComunicaci\u00f3n\u00bb]<\/p>\n<p><a href=\"https:\/\/www.google.com\/url?rct=j&amp;sa=t&amp;url=https:\/\/www.elperiodico.com\/es\/sociedad\/20181009\/omar-asraf-ghvip-impunidad-cultura-violacion-7080552&amp;ct=ga&amp;cd=CAEYDCoTMTAxOTc2OTQ1NTg5NTQxNjkzMjIZYzAzNzJlYmMyZmVhZGE1OTplczplczpFUw&amp;usg=AFQjCNE0gDUXTYNJCtDGjtAPfAG1eqzNeg\">Los expertos critican la impunidad de la cultura de la violaci\u00f3n en los medios de comunicaci\u00f3n &#8230; <\/a>-El Peri\u00f3dico<\/p>\n<p><a href=\"https:\/\/www.publico.es\/sociedad\/facebook-presentadora-da-hijo-cargado-cuestas.html\">Una presentadora da el tiempo con su hijo cargado a cuestas<\/a> &#8211; P\u00fablico<\/p>\n<p><a href=\"https:\/\/www.swissinfo.ch\/spa\/la-barbie-se-une-a-la-lucha-contra-los-estereotipos-de-g%C3%A9nero\/44463422\">La Barbie se une a la lucha contra los estereotipos de g\u00e9nero<\/a>&#8211; <a href=\"http:\/\/swissinfo.ch\">swissinfo.ch<\/a><\/p>\n<p><a href=\"https:\/\/www.google.com\/url?sa=t&amp;rct=j&amp;q=&amp;esrc=s&amp;source=newssearch&amp;cd=8&amp;ved=0ahUKEwjgg7n9zfvdAhVH6RoKHaVZAHYQqQIIOygAMAc&amp;url=https%3A%2F%2Fwww.20minutos.es%2Fnoticia%2F3460956%2F0%2Fanuncio-hotel-sexista-divide-australia%2F&amp;usg=AOvVaw2tM0k_sawgJ57ERdlYnf1z\">La mujer lee una revista de moda y el hombre un diario financiero: el anuncio sexista que divide Australia&#8230;<\/a>&#8211; <a href=\"http:\/\/20minutos.es\">20minutos.es<\/a><\/p>\n<p><a href=\"https:\/\/www.telecinco.es\/informativos\/tecnologia\/ciberacoso-cibersexismo-celos-iceberg-digital-machista-estibaliz-linares_0_2640225043.html\">Las chicas hipervigilan m\u00e1s a los chicos en Internet por celos e &#8230;<\/a>&#8211; TeleCinco.es<\/p>\n<p>[\/toggle]<\/p>\n<p>[toggle type=\u00bbfirst\u00bb title=\u00bbAndaluc\u00eda\u00bb]<\/p>\n<p><strong>Econom\u00eda y Empresas<\/strong><\/p>\n<p><a href=\"https:\/\/www.google.com\/url?rct=j&amp;sa=t&amp;url=https:\/\/www.europapress.es\/esandalucia\/sevilla\/noticia-andalucia-inicia-elaboracion-primer-plan-contra-desigualdad-salarial-mujeres-hombres-20181009135430.html&amp;ct=ga&amp;cd=CAEYByoTMTAxOTc2OTQ1NTg5NTQxNjkzMjIZYzAzNzJlYmMyZmVhZGE1OTplczplczpFUw&amp;usg=AFQjCNH0tAGgHy4wIRJDoW9rnptF34rS-w\">Andaluc\u00eda inicia la elaboraci\u00f3n del primer plan contra la desigualdad salarial entre mujeres y &#8230;<\/a> &#8211; Europa Press<\/p>\n<p><a href=\"https:\/\/www.ondacerojaen.es\/inicio\/ademur-jaen-hace-un-llamamiento-a-las-todas-las-mujeres-para-que-se-inscriban-en-el-registro-de-titularidad-compartida-de-andalucia\">ADEMUR Ja\u00e9n hace un llamamiento a las todas las mujeres para que se inscriban en el Registro de Titularidad Compartida&#8230;<\/a>&#8211; Onda Cero Ja\u00e9n<\/p>\n<p><a href=\"https:\/\/www.google.com\/url?sa=t&amp;rct=j&amp;q=&amp;esrc=s&amp;source=newssearch&amp;cd=17&amp;ved=0ahUKEwiT75bqyPvdAhURfBoKHWzFBXc4ChCpAgg4KAAwBg&amp;url=http%3A%2F%2Fagrodiariohuelva.es%2F2018%2F10%2F09%2Ffreson-de-palos-y-caja-rural-del-sur-se-suman-al-proyecto-de-contratacion-por-la-igualdad-de-cruz-roja-huelva%2F&amp;usg=AOvVaw1PGyTYzdgRRtWKNf-OyP9A\">Fres\u00f3n de Palos y Caja Rural del Sur se suman al proyecto de contrataci\u00f3n por la igualdad de Cruz Roja &#8230;<\/a>&#8211; Agrodiariohuelva.es<\/p>\n<p><a href=\"http:\/\/www.juntadeandalucia.es\/presidencia\/portavoz\/137127\/ConsejoGobierno\/Andalucia\/empleo\/ayudas\/incentivos\/contratacion\/entidades\/JuntadeAndalucia\">Aprobados 22 millones para proyectos de inserci\u00f3n laboral de entidades sociales<\/a>&#8211; Oficina del Portavoz<\/p>\n<p><a href=\"http:\/\/www.juntadeandalucia.es\/presidencia\/portavoz\/137137\/ConsejodeGobierno\/conciliacion\/igualdad\/mujer\/ayuntamientos\/empresas\/incentivos\/ayudas\">Convocatoria para planes de igualdad y conciliaci\u00f3n de ayuntamientos y empresas<\/a> &#8211; Oficina del Portavoz<\/p>\n<p><a href=\"https:\/\/www.google.com\/url?rct=j&amp;sa=t&amp;url=https:\/\/www.europapress.es\/andalucia\/malaga-00356\/noticia-famp-apuesta-economia-circular-innovacion-motores-desarrollo-local-20181009121948.html&amp;ct=ga&amp;cd=CAEYACoUMTE4Njk2MTQ2NTg5NDA1Mzc3MzEyGWQ3OGU1ODc1YTBmMWYyYWM6ZXM6ZXM6RVM&amp;usg=AFQjCNGnPj_va-NznSx-6Nxj5h15x7kF1Q\">La FAMP apuesta por la econom\u00eda circular y la innovaci\u00f3n como motores de desarrollo local <\/a>-Europa Press<\/p>\n<p><strong>Actualidad<\/strong><\/p>\n<p><a href=\"http:\/\/www.diariojaen.es\/opinion\/articulistas\/la-mujer-rural-JE4710319\">La mujer rural<\/a>&#8211; Diario Ja\u00e9n<\/p>\n<p><a href=\"https:\/\/www.europapress.es\/andalucia\/sabores-almeria-01014\/noticia-asociaciones-consejo-provincial-mujer-almeria-recibiran-50000-euros-48-proyectos-20181009172339.html\">Las asociaciones del Consejo Provincial de Mujer recibir\u00e1n 50.000 &#8230;<\/a>&#8211; Europa Press<\/p>\n<p><a href=\"https:\/\/www.google.com\/url?rct=j&amp;sa=t&amp;url=https:\/\/www.europapress.es\/esandalucia\/jaen\/noticia-iam-acoge-jaen-jornada-formativa-deteccion-acompanamiento-jovenes-victimas-violencia-genero-20181009140151.html&amp;ct=ga&amp;cd=CAEYCioTMTAxOTc2OTQ1NTg5NTQxNjkzMjIZYzAzNzJlYmMyZmVhZGE1OTplczplczpFUw&amp;usg=AFQjCNHJCmjDrEPGkpB6X8L-iPhB_DYtQQ\">El IAM acoge en Ja\u00e9n una jornada formativa sobre detecci\u00f3n y acompa\u00f1amiento a j\u00f3venes &#8230; <\/a>-Europa Press<\/p>\n<p><strong>Violencias<\/strong><\/p>\n<p><a href=\"https:\/\/www.google.com\/url?sa=t&amp;rct=j&amp;q=&amp;esrc=s&amp;source=newssearch&amp;cd=7&amp;ved=0ahUKEwjbtbSDy_vdAhVHxoUKHZ8QDZYQqQIIOCgAMAY&amp;url=https%3A%2F%2Fwww.europapress.es%2Fesandalucia%2Fgranada%2Fnoticia-expertos-avanzan-granada-claves-deteccion-sistema-sanitario-matrato-mujeres-20181009164702.html&amp;usg=AOvVaw1ra2vmWqiRfGJXY6GVZ_wS\">Expertos avanzan en Granada en las claves de detecci\u00f3n desde el &#8230;<\/a>&#8211; Europa Press<\/p>\n<p><a href=\"https:\/\/www.horajaen.com\/2018\/10\/09\/las-jovenes-entre-14-y-17-anos-se-forman-en-una-jornada-contra-la-violencia-de-genero\/\">Las j\u00f3venes entre 14 y 17 a\u00f1os se forman en una jornada contra la violencia de g\u00e9nero &#8230;<\/a>-HoraJa\u00e9n<\/p>\n<p><strong>Ciencia y Cultura<\/strong><\/p>\n<p>&#8216;El Cantar de los Cantares&#8217; o la obra de una mujer enamorada\u00a0 -msn.com<\/p>\n<p><a href=\"https:\/\/andaluciainformacion.es\/cordoba\/780712\/el-festival-de-filosofia-debatira-sobre-nuevas-formas-de-esclavitud\/\">El Festival de Filosof\u00eda debatir\u00e1 sobre nuevas formas de esclavitud<\/a>&#8211; Andaluc\u00eda Informaci\u00f3n<\/p>\n<p><a href=\"https:\/\/www.20minutos.es\/noticia\/3460816\/0\/cruzcampo-renueva-su-compromiso-como-patrocinador-festival-cine-iberoamericano-huelva\/\">Cruzcampo renueva su compromiso como patrocinador del Festival &#8230;<\/a>&#8211; <a href=\"http:\/\/20minutos.es\">20minutos.es<\/a><\/p>\n<p><strong>Deporte<\/strong><\/p>\n<p><a href=\"https:\/\/lacontradejaen.com\/concentracion-futbol-femenino\/\">La gran oportunidad del f\u00fatbol femenino<\/a>&#8211; Lacontradejaen<\/p>\n<p><a href=\"http:\/\/www.granadaenjuego.com\/seccion\/Polideportivo\/pub\/36329\/v\/-1\">La Federaci\u00f3n Andaluza de balonmano se vuelca con el torneo &#8230;<\/a>&#8211; Granada en Juego<\/p>\n<p>[\/toggle]<\/p>\n<p>[toggle type=\u00bbfirst\u00bb title=\u00bbEstado\u00bb]<\/p>\n<p><strong>Institucional<\/strong><\/p>\n<p><a href=\"https:\/\/www.europapress.es\/nacional\/noticia-segarra-propone-ascenso-nueve-mujeres-cupula-fiscal-20181009221241.html\">Segarra, Fiscal General del Estado propone el ascenso de nueve mujeres a la c\u00fapula fiscal<\/a>&#8211; Europa Press<\/p>\n<p><a href=\"https:\/\/www.google.com\/url?rct=j&amp;sa=t&amp;url=https:\/\/www.innovaspain.com\/instituto-la-mujer-expresa-compromiso-la-administracion-la-lucha-la-brecha-genero-ambito-steam\/&amp;ct=ga&amp;cd=CAEYAyoTMTAxOTc2OTQ1NTg5NTQxNjkzMjIZYzAzNzJlYmMyZmVhZGE1OTplczplczpFUw&amp;usg=AFQjCNHtfzu7BejuZOlncs9-xhfAYSIfMg\">El Instituto de la Mujer expresa el compromiso de la Administraci\u00f3n en la lucha contra la brecha de g\u00e9nero &#8230; <\/a>&#8211; innovaspain<strong>\u00a0<\/strong><\/p>\n<p><strong>Institucional-CCAA<\/strong><\/p>\n<p><a href=\"https:\/\/www.google.com\/url?rct=j&amp;sa=t&amp;url=https:\/\/www.eldiario.es\/aragon\/politica\/Aragon-reforzara-noviembre-violencia-machista_0_823118331.html&amp;ct=ga&amp;cd=CAEYLSoTMTAxOTc2OTQ1NTg5NTQxNjkzMjIZYzAzNzJlYmMyZmVhZGE1OTplczplczpFUw&amp;usg=AFQjCNFDw3SAo8JuA9d2zmAMhyHdlEMy3A\">Arag\u00f3n reforzar\u00e1 en noviembre la unidad forense para valorar los casos de violencia machista <\/a>&#8211;<a href=\"http:\/\/eldiario.es\">eldiario.es<\/a><\/p>\n<p><a href=\"https:\/\/www.publico.es\/politica\/carmena-firma-hoy-protocolo-personal-municipal-proceso-transicion-sexual-cambie-nombre.html\">Madrid firma un protocolo para que el personal municipal en proceso de transici\u00f3n sexual cambie de nombre<\/a> &#8211; P\u00fablico<\/p>\n<p><a href=\"https:\/\/www.elcorreo.com\/bizkaia\/margen-derecha\/1600-mujeres-pasado-20181010203727-nt.html\">1.600 mujeres han pasado por la Escuela de Empoderamiento de &#8230;<\/a>&#8211; El Correo<\/p>\n<p><a href=\"http:\/\/www.finanzas.com\/noticias\/economia\/20181009\/nace-grupo-mujeres-influyentes-3923587_age.html\">Nace el grupo \u00abMujeres Influyentes de Cantabria\u00bb para reivindicar su &#8230;<\/a>&#8211; Finanzas.com<\/p>\n<p><a href=\"http:\/\/m.noticiasdenavarra.com\/2018\/10\/08\/vecinos\/pamplona\/congreso-internacional-sobre-violencias-sexistas-del-18-al-20-de-octubre-en-pamplona\">Congreso internacional sobre violencias sexistas del 18 al 20 de &#8230;<\/a>&#8211; Noticias de Navarra<\/p>\n<p><strong>Econom\u00eda y Empresa<\/strong><\/p>\n<p><a href=\"http:\/\/www.mujeremprendedora.net\/ix-premios-excelencia-innovacion-mujeres-rurales\/\">IX Premios de Excelencia a la Innovaci\u00f3n para Mujeres Rurales<\/a>\u2013 <a href=\"http:\/\/mujeremprendedora.net\">mujeremprendedora.net<\/a><\/p>\n<p><a href=\"http:\/\/www.mujeremprendedora.net\/amfar-mujeres-rurales-deciden\/\">AMFAR: \u2018Las Mujeres Rurales Deciden\u2019<\/a> \u2013 <a href=\"http:\/\/mujeremprendedora.net\">mujeremprendedora.net<\/a><\/p>\n<p><a href=\"https:\/\/infoautonomos.eleconomista.es\/seguridad-social\/ayudas-madres-autonomas\/\">Derechos, bonificaciones y ayudas para madres aut\u00f3nomas<\/a>-elEconomista.es<\/p>\n<p><a href=\"http:\/\/www.elmundo.es\/economia\/macroeconomia\/2018\/10\/10\/5bbcf655e5fdea8b4d8b45cb.html\">No hay dinero para igualar la baja por paternidad<\/a> \u2013 El Mundo<\/p>\n<p><strong>Actualidad<\/strong><\/p>\n<p><a href=\"https:\/\/elpais.com\/economia\/2018\/10\/09\/actualidad\/1539065008_529964.html\">Las mujeres, m\u00e1s amenazadas que los hombres por el avance de los robots<\/a> \u2013 El Pa\u00eds<\/p>\n<p><a href=\"https:\/\/elpais.com\/elpais\/2018\/10\/09\/opinion\/1539105605_769380.html\">Las se\u00f1ales y las curvas<\/a>\u2013 El Pa\u00eds<\/p>\n<p><a href=\"https:\/\/www.publico.es\/politica\/aborto-congreso-pp-reclama-reformar-ley-jovenes-16-17-anos-puedan-abortar-permiso.html\">El Congreso reclama reformar la ley para que las j\u00f3venes de 16 y 17 a\u00f1os puedan abortar sin permiso<\/a>&#8211; P\u00fablico<\/p>\n<p><a href=\"https:\/\/www.levante-emv.com\/comunitat-valenciana\/2018\/10\/10\/alborch-reclama-feminismo-sea-patrimonio\/1778946.html\">Alborch reclama que el feminismo sea patrimonio de la humanidad<\/a>&#8211; Levante-EMV<\/p>\n<p><strong>Violencia<\/strong><strong>s<\/strong><\/p>\n<p><a href=\"https:\/\/www.publico.es\/sociedad\/espana-suspende-aplicacion-del-convenio.html\">Espa\u00f1a suspende en la aplicaci\u00f3n del Convenio de Estambul, a cuatro a\u00f1os de haberlo ratificado<\/a>&#8211; P\u00fablico<\/p>\n<p><a href=\"https:\/\/www.google.com\/url?rct=j&amp;sa=t&amp;url=https:\/\/ecodiario.eleconomista.es\/sociedad\/noticias\/9439798\/10\/18\/Carolina-marin-y-roberto-mena-contra-el-ciberacoso-a-adolescentes-amor-no-es-control.html&amp;ct=ga&amp;cd=CAEYACoUMTc5NjI4MzAyMDI1NDYxMDc2NzIyGWUxZTc3ZDE1NjA5OGE4ZTM6ZXM6ZXM6RVM&amp;usg=AFQjCNGIvCiaNab8VyaKZh6wFtEeQQBbiQ\">Carolina Mar\u00edn y Roberto Mena, contra el &#8216;ciberacoso&#8217; a adolescentes: \u00abamor no es control\u00bb <\/a>&#8211; Ecodiario<\/p>\n<p><a href=\"https:\/\/www.google.com\/url?rct=j&amp;sa=t&amp;url=https:\/\/www.infosalus.com\/actualidad\/noticia-congreso-insta-gobierno-diferenciar-atencion-mujeres-adictas-victimas-violencia-machista-20181009133853.html&amp;ct=ga&amp;cd=CAEYASoUMTYzODQ3MjU5NTY2NDk1NjM1MjUyGWUyZGVmYTdkNWRhOTE1N2Q6ZXM6ZXM6RVM&amp;usg=AFQjCNFfYLBUVl6qSLfzjKLo5jN4Bx-jEQ\">El Congreso insta al Gobierno a diferenciar la atenci\u00f3n a mujeres adictas v\u00edctimas de violencia &#8230; <\/a>&#8211;<a href=\"http:\/\/infosalus.com\">infosalus.com<\/a><\/p>\n<p><a href=\"https:\/\/www.google.com\/url?rct=j&amp;sa=t&amp;url=https:\/\/tribunafeminista.elplural.com\/2018\/10\/para-decir-ni-una-menos-hay-que-abolir-el-sistema-prostitucional\/&amp;ct=ga&amp;cd=CAEYJyoTMTAxOTc2OTQ1NTg5NTQxNjkzMjIZYzAzNzJlYmMyZmVhZGE1OTplczplczpFUw&amp;usg=AFQjCNFlX2mi44qh3hsyL8lM7JOJnaV5tg\">Para decir &#8216;ni una menos&#8217;, hay que abolir el sistema prostitucional <\/a>&#8211;<a href=\"http:\/\/elplural.com\">elplural.com<\/a><\/p>\n<p><strong>Ciencia y Cultura<\/strong><\/p>\n<p><a href=\"https:\/\/www.google.com\/url?sa=t&amp;rct=j&amp;q=&amp;esrc=s&amp;source=newssearch&amp;cd=45&amp;ved=0ahUKEwjN2qfXzPvdAhVRx4UKHdA5Ddk4KBCpAggyKAAwBA&amp;url=https%3A%2F%2Felpais.com%2Fcultura%2F2018%2F10%2F04%2Fbabelia%2F1538646902_481000.html&amp;usg=AOvVaw2cRJSC5pfsBmg1BIhnDMKX\">Dorothea Tanning: Cruzar el umbral<\/a>&#8211; El Pa\u00eds<\/p>\n<p><a href=\"https:\/\/www.google.com\/url?sa=t&amp;rct=j&amp;q=&amp;esrc=s&amp;source=newssearch&amp;cd=35&amp;ved=0ahUKEwj2h9SzzPvdAhVJxxoKHXkVAa44HhCpAggxKAAwBA&amp;url=https%3A%2F%2Fpapelenblanco.com%2Fla-patria-de-otros-memorias-de-una-mujer-libre-69f36864aeff&amp;usg=AOvVaw1ZKh6IdzvkSmTxjTNuc6ji\">&#8216;La patria de otros&#8217;: memorias de una mujer libre<\/a>&#8211; Papel en blanco<\/p>\n<p><a href=\"https:\/\/www.google.com\/url?sa=t&amp;rct=j&amp;q=&amp;esrc=s&amp;source=newssearch&amp;cd=19&amp;ved=0ahUKEwim8tTtzvvdAhVQ1hoKHYqRDOU4ChCpAgg-KAAwCA&amp;url=http%3A%2F%2Fwww.escribiendocine.com%2Fnoticia%2F0015345-festivales-todos-los-ganadores-de-la-mujer-y-el-cine%2F&amp;usg=AOvVaw0RGlv8eJ6_M63qHpj-vy89\">Festivales: Todos los ganadores de La Mujer y el Cine<\/a>-EscribiendoCine<\/p>\n<p><a href=\"http:\/\/www.elmundo.es\/loc\/famosos\/2018\/10\/10\/5bbd3afbe2704e42238b460b.html\">Melendi: \u00abLa sociedad es machista porque hay miedo a las mujeres\u00bb<\/a> \u2013 El Mundo<\/p>\n<p><strong>Deporte<\/strong><\/p>\n<p><a href=\"http:\/\/www.marca.com\/motor\/mas-motor\/2018\/10\/10\/5bbdb9b046163f17468b456e.html\">W Series: nace un campeonato de monoplazas para mujeres<\/a>&#8211; Marca.com<\/p>\n<p><a href=\"https:\/\/www.eleconomista.es\/deporte-negocio\/noticias\/9440106\/10\/18\/Por-que-el-futbol-femenino-no-tiene-aun-convenio-Las-claves-de-una-negociacion-estancada.html\">\u00bfPor qu\u00e9 el f\u00fatbol femenino no tiene a\u00fan convenio? Las claves de &#8230;<\/a>&#8211; elEconomista.es<\/p>\n<p><a href=\"https:\/\/www.practicodeporte.com\/espana-europeo-hockey-patines-femenino\/\">Espa\u00f1a suma tres de tres en el Europeo de hockey patines<\/a>-Practico deporte<\/p>\n<p><a href=\"https:\/\/www.google.com\/url?sa=t&amp;rct=j&amp;q=&amp;esrc=s&amp;source=newssearch&amp;cd=46&amp;ved=0ahUKEwipvq2ey_vdAhVDJhoKHSMMDjg4KBCpAgg1KAAwBQ&amp;url=http%3A%2F%2Fwww.rtve.es%2Fdeportes%2F20181009%2Fguerreras-ojala-balonmano-estuviera-mas-reconocido-espana-liga-diera-salto-calidad%2F1815762.shtml&amp;usg=AOvVaw1Eq5Y40O36bdXc6szxj_mE\">Las &#8216;Guerreras&#8217;: \u00abOjal\u00e1 el balonmano estuviera m\u00e1s reconocido en Espa\u00f1a &#8230;<\/a>&#8211; Rtve<\/p>\n<p>[\/toggle]<\/p>\n<p>[toggle type=\u00bbfirst\u00bb title=\u00bbInternacional\u00bb]<\/p>\n<p><a href=\"http:\/\/www.mujeremprendedora.net\/free-proyecto-europeo-empoderamiento-mujer-oriente-medio\/\">FREE, un proyecto europeo de empoderamiento de la mujer en Oriente Medio<\/a> \u2013 Mujeremprendedora.net<\/p>\n<p><a href=\"https:\/\/www.google.com\/url?sa=t&amp;rct=j&amp;q=&amp;esrc=s&amp;source=newssearch&amp;cd=7&amp;ved=0ahUKEwiBhdzAw_vdAhUEx4UKHTnBACQQqQIIPygAMAY&amp;url=https%3A%2F%2Fwww.compromisoempresarial.com%2Frsc%2F2018%2F10%2Fdejad-de-arreglar-a-las-mujeres%2F&amp;usg=AOvVaw0GJ9wx3GImBhvWKCg8KosV\">\u00a1Dejad de arreglar a las mujeres!<\/a>&#8211; Compromiso Empresarial<\/p>\n<p><a href=\"http:\/\/www.elmundo.es\/internacional\/2018\/10\/09\/5bbcba4a268e3ed1158b45b6.html\">Dimite Nikki Haley, embajadora de EEUU ante la ONU<\/a>\u2013 El Mundo<\/p>\n<p><a href=\"https:\/\/www.20minutos.es\/noticia\/3461155\/0\/australia-disculpas-afectadas-implantes-vaginales\/\">Australia pide disculpas a las hasta 30.000 afectadas por los implantes &#8230;<\/a>&#8211; <a href=\"http:\/\/20minutos.es\">20minutos.es<\/a><\/p>\n<p><a href=\"https:\/\/elpais.com\/sociedad\/2018\/10\/10\/actualidad\/1539156119_809069.html\">Empleados de la Euroc\u00e1mara lanzan un blog para denunciar abuso sexual<\/a>\u2013 El Pa\u00eds<\/p>\n<p><a href=\"https:\/\/www.abc.es\/sociedad\/abci-mas-240-millones-mujeres-y-ninas-sufren-violencia-mundo-201810091740_video.html\">M\u00e1s de 240 millones de mujeres y ni\u00f1as sufren violencia en el mundo<\/a>&#8211; Abc.es<\/p>\n<p><a href=\"https:\/\/www.lavanguardia.com\/vida\/20181009\/452272572276\/la-nueva-ley-contra-el-acoso-sexual-en-marruecos-queda-en-papel-mojado.html\">La nueva ley contra el acoso sexual en Marruecos queda en papel &#8230;<\/a>&#8211; La Vanguardia<\/p>\n<p><a href=\"https:\/\/www.nationalgeographic.com.es\/historia\/grandes-reportajes\/todas-mujeres-que-han-ganado-premio-nobel_13276\">Todas las mujeres que han ganado el premio Nobel<\/a>&#8211; National Geographic<\/p>\n<p><a href=\"https:\/\/www.google.com\/url?sa=t&amp;rct=j&amp;q=&amp;esrc=s&amp;source=newssearch&amp;cd=3&amp;ved=0ahUKEwiWofj3y_vdAhVKqxoKHcGyDsMQqQIILSgAMAI&amp;url=https%3A%2F%2Fwww.eldia.com%2Fnota%2F2018-10-10-3-52-56-55-anos-sin-piaf-una-mujer-fragil-una-vida-de-dolor-pero-una-voz-invencible-espectaculos&amp;usg=AOvVaw1QB0Tf4LAjuFlQ_B7yKxAB\">55 a\u00f1os sin Piaf: una <em>mujer<\/em> fr\u00e1gil, una vida de dolor, pero una voz &#8230;<\/a>&#8211; Diario El D\u00eda<\/p>\n<p><a href=\"https:\/\/elpais.com\/cultura\/2018\/10\/10\/actualidad\/1539154838_305243.html\">Taylor Swift reina en los American Music Awards<\/a> \u2013 El Pa\u00eds<\/p>\n<p>[\/toggle]<\/p><\/div>\n<\/div>\n<\/div>\n<\/div>\n<\/div>\n<\/div>\n","protected":false},"excerpt":{"rendered":"<p>Espa\u00f1a suspende en la aplicaci\u00f3n del Convenio de Estambul-Andaluc\u00eda inicia <a href=\"https:\/\/cklcomunicaciones.es\/coop\/noticias-info-ckl-no-2-210-10-10-18\/\">[&#8230;]<\/a><\/p>\n","protected":false},"author":3,"featured_media":0,"comment_status":"closed","ping_status":"closed","sticky":false,"template":"","format":"standard","meta":{"footnotes":""},"categories":[298,623],"tags":[],"class_list":["post-14211","post","type-post","status-publish","format-standard","hentry","category-newsletter","category-nwl-2-0"],"yoast_head":"<!-- This site is optimized with the Yoast SEO plugin v27.5 - https:\/\/yoast.com\/product\/yoast-seo-wordpress\/ -->\n<title>Noticias Info CKL n\u00ba 2.210-10\/10\/18-Comunica con perspectiva de g\u00e9nero<\/title>\n<meta name=\"description\" content=\"Comunicar con perspectiva de g\u00e9nero: Espa\u00f1a suspende en la aplicaci\u00f3n del Convenio de Estambul-Andaluc\u00eda inicia el 1er Plan contra la desigualdad salarial\" \/>\n<meta name=\"robots\" content=\"index, follow, max-snippet:-1, max-image-preview:large, max-video-preview:-1\" \/>\n<link rel=\"canonical\" href=\"https:\/\/cklcomunicaciones.es\/coop\/noticias-info-ckl-no-2-210-10-10-18\/\" \/>\n<meta property=\"og:locale\" content=\"es_ES\" \/>\n<meta property=\"og:type\" content=\"article\" \/>\n<meta property=\"og:title\" content=\"Noticias Info CKL n\u00ba 2.210-10\/10\/18-Comunica con perspectiva de g\u00e9nero\" \/>\n<meta property=\"og:description\" content=\"Comunicar con perspectiva de g\u00e9nero: Espa\u00f1a suspende en la aplicaci\u00f3n del Convenio de Estambul-Andaluc\u00eda inicia el 1er Plan contra la desigualdad salarial\" \/>\n<meta property=\"og:url\" content=\"https:\/\/cklcomunicaciones.es\/coop\/noticias-info-ckl-no-2-210-10-10-18\/\" \/>\n<meta property=\"og:site_name\" content=\"CKL Comunicaciones\" \/>\n<meta property=\"article:published_time\" content=\"2018-10-10T10:29:55+00:00\" \/>\n<meta property=\"article:modified_time\" content=\"2025-01-17T15:40:35+00:00\" \/>\n<meta property=\"og:image\" content=\"https:\/\/cklcomunicaciones.es\/coop\/wp-content\/uploads\/2018\/03\/CKL_comunicacion-con-perspetiva-de-genero.jpg\" \/>\n\t<meta property=\"og:image:width\" content=\"500\" \/>\n\t<meta property=\"og:image:height\" content=\"500\" \/>\n\t<meta property=\"og:image:type\" content=\"image\/jpeg\" \/>\n<meta name=\"author\" content=\"ckl\" \/>\n<meta name=\"twitter:card\" content=\"summary_large_image\" \/>\n<meta name=\"twitter:label1\" content=\"Escrito por\" \/>\n\t<meta name=\"twitter:data1\" content=\"ckl\" \/>\n\t<meta name=\"twitter:label2\" content=\"Tiempo de lectura\" \/>\n\t<meta name=\"twitter:data2\" content=\"5 minutos\" \/>\n<script type=\"application\/ld+json\" class=\"yoast-schema-graph\">{\"@context\":\"https:\\\/\\\/schema.org\",\"@graph\":[{\"@type\":\"Article\",\"@id\":\"https:\\\/\\\/cklcomunicaciones.es\\\/coop\\\/noticias-info-ckl-no-2-210-10-10-18\\\/#article\",\"isPartOf\":{\"@id\":\"https:\\\/\\\/cklcomunicaciones.es\\\/coop\\\/noticias-info-ckl-no-2-210-10-10-18\\\/\"},\"author\":{\"name\":\"ckl\",\"@id\":\"https:\\\/\\\/cklcomunicaciones.es\\\/coop\\\/#\\\/schema\\\/person\\\/929a6837f7626450bbb50cee1aef266e\"},\"headline\":\"Noticias Info CKL n\u00ba 2.210-10\\\/10\\\/18\",\"datePublished\":\"2018-10-10T10:29:55+00:00\",\"dateModified\":\"2025-01-17T15:40:35+00:00\",\"mainEntityOfPage\":{\"@id\":\"https:\\\/\\\/cklcomunicaciones.es\\\/coop\\\/noticias-info-ckl-no-2-210-10-10-18\\\/\"},\"wordCount\":981,\"image\":{\"@id\":\"https:\\\/\\\/cklcomunicaciones.es\\\/coop\\\/noticias-info-ckl-no-2-210-10-10-18\\\/#primaryimage\"},\"thumbnailUrl\":\"http:\\\/\\\/www.cklcomunicaciones.es\\\/wp-content\\\/uploads\\\/2018\\\/03\\\/CKL_comunicacion-con-perspetiva-de-genero-300x300.jpg\",\"articleSection\":[\"Newsletter\",\"Nwl v2.0\"],\"inLanguage\":\"es\"},{\"@type\":\"WebPage\",\"@id\":\"https:\\\/\\\/cklcomunicaciones.es\\\/coop\\\/noticias-info-ckl-no-2-210-10-10-18\\\/\",\"url\":\"https:\\\/\\\/cklcomunicaciones.es\\\/coop\\\/noticias-info-ckl-no-2-210-10-10-18\\\/\",\"name\":\"Noticias Info CKL n\u00ba 2.210-10\\\/10\\\/18-Comunica con perspectiva de g\u00e9nero\",\"isPartOf\":{\"@id\":\"https:\\\/\\\/cklcomunicaciones.es\\\/coop\\\/#website\"},\"primaryImageOfPage\":{\"@id\":\"https:\\\/\\\/cklcomunicaciones.es\\\/coop\\\/noticias-info-ckl-no-2-210-10-10-18\\\/#primaryimage\"},\"image\":{\"@id\":\"https:\\\/\\\/cklcomunicaciones.es\\\/coop\\\/noticias-info-ckl-no-2-210-10-10-18\\\/#primaryimage\"},\"thumbnailUrl\":\"http:\\\/\\\/www.cklcomunicaciones.es\\\/wp-content\\\/uploads\\\/2018\\\/03\\\/CKL_comunicacion-con-perspetiva-de-genero-300x300.jpg\",\"datePublished\":\"2018-10-10T10:29:55+00:00\",\"dateModified\":\"2025-01-17T15:40:35+00:00\",\"author\":{\"@id\":\"https:\\\/\\\/cklcomunicaciones.es\\\/coop\\\/#\\\/schema\\\/person\\\/929a6837f7626450bbb50cee1aef266e\"},\"description\":\"Comunicar con perspectiva de g\u00e9nero: Espa\u00f1a suspende en la aplicaci\u00f3n del Convenio de Estambul-Andaluc\u00eda inicia el 1er Plan contra la desigualdad salarial\",\"breadcrumb\":{\"@id\":\"https:\\\/\\\/cklcomunicaciones.es\\\/coop\\\/noticias-info-ckl-no-2-210-10-10-18\\\/#breadcrumb\"},\"inLanguage\":\"es\",\"potentialAction\":[{\"@type\":\"ReadAction\",\"target\":[\"https:\\\/\\\/cklcomunicaciones.es\\\/coop\\\/noticias-info-ckl-no-2-210-10-10-18\\\/\"]}]},{\"@type\":\"ImageObject\",\"inLanguage\":\"es\",\"@id\":\"https:\\\/\\\/cklcomunicaciones.es\\\/coop\\\/noticias-info-ckl-no-2-210-10-10-18\\\/#primaryimage\",\"url\":\"http:\\\/\\\/www.cklcomunicaciones.es\\\/wp-content\\\/uploads\\\/2018\\\/03\\\/CKL_comunicacion-con-perspetiva-de-genero-300x300.jpg\",\"contentUrl\":\"http:\\\/\\\/www.cklcomunicaciones.es\\\/wp-content\\\/uploads\\\/2018\\\/03\\\/CKL_comunicacion-con-perspetiva-de-genero-300x300.jpg\"},{\"@type\":\"BreadcrumbList\",\"@id\":\"https:\\\/\\\/cklcomunicaciones.es\\\/coop\\\/noticias-info-ckl-no-2-210-10-10-18\\\/#breadcrumb\",\"itemListElement\":[{\"@type\":\"ListItem\",\"position\":1,\"name\":\"Portada\",\"item\":\"https:\\\/\\\/cklcomunicaciones.es\\\/coop\\\/\"},{\"@type\":\"ListItem\",\"position\":2,\"name\":\"Noticias Info CKL n\u00ba 2.210-10\\\/10\\\/18\"}]},{\"@type\":\"WebSite\",\"@id\":\"https:\\\/\\\/cklcomunicaciones.es\\\/coop\\\/#website\",\"url\":\"https:\\\/\\\/cklcomunicaciones.es\\\/coop\\\/\",\"name\":\"CKL Comunicaciones\",\"description\":\"Sitio web de CKL Comunicaciones coop , la consultora de comunicaci\u00f3n y estrategia\",\"potentialAction\":[{\"@type\":\"SearchAction\",\"target\":{\"@type\":\"EntryPoint\",\"urlTemplate\":\"https:\\\/\\\/cklcomunicaciones.es\\\/coop\\\/?s={search_term_string}\"},\"query-input\":{\"@type\":\"PropertyValueSpecification\",\"valueRequired\":true,\"valueName\":\"search_term_string\"}}],\"inLanguage\":\"es\"},{\"@type\":\"Person\",\"@id\":\"https:\\\/\\\/cklcomunicaciones.es\\\/coop\\\/#\\\/schema\\\/person\\\/929a6837f7626450bbb50cee1aef266e\",\"name\":\"ckl\",\"image\":{\"@type\":\"ImageObject\",\"inLanguage\":\"es\",\"@id\":\"https:\\\/\\\/secure.gravatar.com\\\/avatar\\\/c82db564e8a669bf6023357a157b9dc4780f4d4c618f2ad1d71a6a5dede45057?s=96&d=mm&r=g\",\"url\":\"https:\\\/\\\/secure.gravatar.com\\\/avatar\\\/c82db564e8a669bf6023357a157b9dc4780f4d4c618f2ad1d71a6a5dede45057?s=96&d=mm&r=g\",\"contentUrl\":\"https:\\\/\\\/secure.gravatar.com\\\/avatar\\\/c82db564e8a669bf6023357a157b9dc4780f4d4c618f2ad1d71a6a5dede45057?s=96&d=mm&r=g\",\"caption\":\"ckl\"},\"url\":\"https:\\\/\\\/cklcomunicaciones.es\\\/coop\\\/author\\\/cklcomunicaciones\\\/\"}]}<\/script>\n<!-- \/ Yoast SEO plugin. -->","yoast_head_json":{"title":"Noticias Info CKL n\u00ba 2.210-10\/10\/18-Comunica con perspectiva de g\u00e9nero","description":"Comunicar con perspectiva de g\u00e9nero: Espa\u00f1a suspende en la aplicaci\u00f3n del Convenio de Estambul-Andaluc\u00eda inicia el 1er Plan contra la desigualdad salarial","robots":{"index":"index","follow":"follow","max-snippet":"max-snippet:-1","max-image-preview":"max-image-preview:large","max-video-preview":"max-video-preview:-1"},"canonical":"https:\/\/cklcomunicaciones.es\/coop\/noticias-info-ckl-no-2-210-10-10-18\/","og_locale":"es_ES","og_type":"article","og_title":"Noticias Info CKL n\u00ba 2.210-10\/10\/18-Comunica con perspectiva de g\u00e9nero","og_description":"Comunicar con perspectiva de g\u00e9nero: Espa\u00f1a suspende en la aplicaci\u00f3n del Convenio de Estambul-Andaluc\u00eda inicia el 1er Plan contra la desigualdad salarial","og_url":"https:\/\/cklcomunicaciones.es\/coop\/noticias-info-ckl-no-2-210-10-10-18\/","og_site_name":"CKL Comunicaciones","article_published_time":"2018-10-10T10:29:55+00:00","article_modified_time":"2025-01-17T15:40:35+00:00","og_image":[{"width":500,"height":500,"url":"https:\/\/cklcomunicaciones.es\/coop\/wp-content\/uploads\/2018\/03\/CKL_comunicacion-con-perspetiva-de-genero.jpg","type":"image\/jpeg"}],"author":"ckl","twitter_card":"summary_large_image","twitter_misc":{"Escrito por":"ckl","Tiempo de lectura":"5 minutos"},"schema":{"@context":"https:\/\/schema.org","@graph":[{"@type":"Article","@id":"https:\/\/cklcomunicaciones.es\/coop\/noticias-info-ckl-no-2-210-10-10-18\/#article","isPartOf":{"@id":"https:\/\/cklcomunicaciones.es\/coop\/noticias-info-ckl-no-2-210-10-10-18\/"},"author":{"name":"ckl","@id":"https:\/\/cklcomunicaciones.es\/coop\/#\/schema\/person\/929a6837f7626450bbb50cee1aef266e"},"headline":"Noticias Info CKL n\u00ba 2.210-10\/10\/18","datePublished":"2018-10-10T10:29:55+00:00","dateModified":"2025-01-17T15:40:35+00:00","mainEntityOfPage":{"@id":"https:\/\/cklcomunicaciones.es\/coop\/noticias-info-ckl-no-2-210-10-10-18\/"},"wordCount":981,"image":{"@id":"https:\/\/cklcomunicaciones.es\/coop\/noticias-info-ckl-no-2-210-10-10-18\/#primaryimage"},"thumbnailUrl":"http:\/\/www.cklcomunicaciones.es\/wp-content\/uploads\/2018\/03\/CKL_comunicacion-con-perspetiva-de-genero-300x300.jpg","articleSection":["Newsletter","Nwl v2.0"],"inLanguage":"es"},{"@type":"WebPage","@id":"https:\/\/cklcomunicaciones.es\/coop\/noticias-info-ckl-no-2-210-10-10-18\/","url":"https:\/\/cklcomunicaciones.es\/coop\/noticias-info-ckl-no-2-210-10-10-18\/","name":"Noticias Info CKL n\u00ba 2.210-10\/10\/18-Comunica con perspectiva de g\u00e9nero","isPartOf":{"@id":"https:\/\/cklcomunicaciones.es\/coop\/#website"},"primaryImageOfPage":{"@id":"https:\/\/cklcomunicaciones.es\/coop\/noticias-info-ckl-no-2-210-10-10-18\/#primaryimage"},"image":{"@id":"https:\/\/cklcomunicaciones.es\/coop\/noticias-info-ckl-no-2-210-10-10-18\/#primaryimage"},"thumbnailUrl":"http:\/\/www.cklcomunicaciones.es\/wp-content\/uploads\/2018\/03\/CKL_comunicacion-con-perspetiva-de-genero-300x300.jpg","datePublished":"2018-10-10T10:29:55+00:00","dateModified":"2025-01-17T15:40:35+00:00","author":{"@id":"https:\/\/cklcomunicaciones.es\/coop\/#\/schema\/person\/929a6837f7626450bbb50cee1aef266e"},"description":"Comunicar con perspectiva de g\u00e9nero: Espa\u00f1a suspende en la aplicaci\u00f3n del Convenio de Estambul-Andaluc\u00eda inicia el 1er Plan contra la desigualdad salarial","breadcrumb":{"@id":"https:\/\/cklcomunicaciones.es\/coop\/noticias-info-ckl-no-2-210-10-10-18\/#breadcrumb"},"inLanguage":"es","potentialAction":[{"@type":"ReadAction","target":["https:\/\/cklcomunicaciones.es\/coop\/noticias-info-ckl-no-2-210-10-10-18\/"]}]},{"@type":"ImageObject","inLanguage":"es","@id":"https:\/\/cklcomunicaciones.es\/coop\/noticias-info-ckl-no-2-210-10-10-18\/#primaryimage","url":"http:\/\/www.cklcomunicaciones.es\/wp-content\/uploads\/2018\/03\/CKL_comunicacion-con-perspetiva-de-genero-300x300.jpg","contentUrl":"http:\/\/www.cklcomunicaciones.es\/wp-content\/uploads\/2018\/03\/CKL_comunicacion-con-perspetiva-de-genero-300x300.jpg"},{"@type":"BreadcrumbList","@id":"https:\/\/cklcomunicaciones.es\/coop\/noticias-info-ckl-no-2-210-10-10-18\/#breadcrumb","itemListElement":[{"@type":"ListItem","position":1,"name":"Portada","item":"https:\/\/cklcomunicaciones.es\/coop\/"},{"@type":"ListItem","position":2,"name":"Noticias Info CKL n\u00ba 2.210-10\/10\/18"}]},{"@type":"WebSite","@id":"https:\/\/cklcomunicaciones.es\/coop\/#website","url":"https:\/\/cklcomunicaciones.es\/coop\/","name":"CKL Comunicaciones","description":"Sitio web de CKL Comunicaciones coop , la consultora de comunicaci\u00f3n y estrategia","potentialAction":[{"@type":"SearchAction","target":{"@type":"EntryPoint","urlTemplate":"https:\/\/cklcomunicaciones.es\/coop\/?s={search_term_string}"},"query-input":{"@type":"PropertyValueSpecification","valueRequired":true,"valueName":"search_term_string"}}],"inLanguage":"es"},{"@type":"Person","@id":"https:\/\/cklcomunicaciones.es\/coop\/#\/schema\/person\/929a6837f7626450bbb50cee1aef266e","name":"ckl","image":{"@type":"ImageObject","inLanguage":"es","@id":"https:\/\/secure.gravatar.com\/avatar\/c82db564e8a669bf6023357a157b9dc4780f4d4c618f2ad1d71a6a5dede45057?s=96&d=mm&r=g","url":"https:\/\/secure.gravatar.com\/avatar\/c82db564e8a669bf6023357a157b9dc4780f4d4c618f2ad1d71a6a5dede45057?s=96&d=mm&r=g","contentUrl":"https:\/\/secure.gravatar.com\/avatar\/c82db564e8a669bf6023357a157b9dc4780f4d4c618f2ad1d71a6a5dede45057?s=96&d=mm&r=g","caption":"ckl"},"url":"https:\/\/cklcomunicaciones.es\/coop\/author\/cklcomunicaciones\/"}]}},"_links":{"self":[{"href":"https:\/\/cklcomunicaciones.es\/coop\/wp-json\/wp\/v2\/posts\/14211","targetHints":{"allow":["GET"]}}],"collection":[{"href":"https:\/\/cklcomunicaciones.es\/coop\/wp-json\/wp\/v2\/posts"}],"about":[{"href":"https:\/\/cklcomunicaciones.es\/coop\/wp-json\/wp\/v2\/types\/post"}],"author":[{"embeddable":true,"href":"https:\/\/cklcomunicaciones.es\/coop\/wp-json\/wp\/v2\/users\/3"}],"replies":[{"embeddable":true,"href":"https:\/\/cklcomunicaciones.es\/coop\/wp-json\/wp\/v2\/comments?post=14211"}],"version-history":[{"count":0,"href":"https:\/\/cklcomunicaciones.es\/coop\/wp-json\/wp\/v2\/posts\/14211\/revisions"}],"wp:attachment":[{"href":"https:\/\/cklcomunicaciones.es\/coop\/wp-json\/wp\/v2\/media?parent=14211"}],"wp:term":[{"taxonomy":"category","embeddable":true,"href":"https:\/\/cklcomunicaciones.es\/coop\/wp-json\/wp\/v2\/categories?post=14211"},{"taxonomy":"post_tag","embeddable":true,"href":"https:\/\/cklcomunicaciones.es\/coop\/wp-json\/wp\/v2\/tags?post=14211"}],"curies":[{"name":"wp","href":"https:\/\/api.w.org\/{rel}","templated":true}]}}