{"id":14206,"date":"2018-10-08T12:30:25","date_gmt":"2018-10-08T10:30:25","guid":{"rendered":"http:\/\/www.cklcomunicaciones.es\/?p=14206"},"modified":"2025-01-17T16:40:35","modified_gmt":"2025-01-17T15:40:35","slug":"noticias-info-ckl-no-2-208-08-10-18","status":"publish","type":"post","link":"https:\/\/cklcomunicaciones.es\/coop\/noticias-info-ckl-no-2-208-08-10-18\/","title":{"rendered":"Noticias Info CKL n\u00ba 2.208-08\/10\/18"},"content":{"rendered":"<div id=\"pl-14206\"  class=\"panel-layout\" >\n<div id=\"pg-14206-0\"  class=\"panel-grid panel-no-style\"  data-style=\"{&quot;background_image_attachment&quot;:false,&quot;background_display&quot;:&quot;tile&quot;,&quot;cell_alignment&quot;:&quot;flex-start&quot;}\" >\n<div id=\"pgc-14206-0-0\"  class=\"panel-grid-cell\"  data-weight=\"1\" >\n<div id=\"panel-14206-0-0-0\" class=\"so-panel widget widget_sow-editor panel-first-child panel-last-child\" data-index=\"0\" data-style=\"{&quot;background_image_attachment&quot;:false,&quot;background_display&quot;:&quot;tile&quot;}\" >\n<div class=\"so-widget-sow-editor so-widget-sow-editor-base\">\n<div class=\"siteorigin-widget-tinymce textwidget\">\n\t<img decoding=\"async\" class=\"lazyload  wp-image-13726\" src=\"http:\/\/www.cklcomunicaciones.es\/wp-content\/uploads\/2018\/03\/CKL_comunicacion-con-perspetiva-de-genero-300x300.jpg\" data-orig-src=\"http:\/\/www.cklcomunicaciones.es\/wp-content\/uploads\/2018\/03\/CKL_comunicacion-con-perspetiva-de-genero-300x300.jpg\" alt=\"CKL_comunicacion con perspetiva de genero\" width=\"132\" height=\"132\" srcset=\"data:image\/svg+xml,%3Csvg%20xmlns%3D%27http%3A%2F%2Fwww.w3.org%2F2000%2Fsvg%27%20width%3D%27132%27%20height%3D%27132%27%20viewBox%3D%270%200%20132%20132%27%3E%3Crect%20width%3D%27132%27%20height%3D%27132%27%20fill-opacity%3D%220%22%2F%3E%3C%2Fsvg%3E\" data-srcset=\"https:\/\/cklcomunicaciones.es\/coop\/wp-content\/uploads\/2018\/03\/CKL_comunicacion-con-perspetiva-de-genero-150x150.jpg 150w, https:\/\/cklcomunicaciones.es\/coop\/wp-content\/uploads\/2018\/03\/CKL_comunicacion-con-perspetiva-de-genero-300x300.jpg 300w, https:\/\/cklcomunicaciones.es\/coop\/wp-content\/uploads\/2018\/03\/CKL_comunicacion-con-perspetiva-de-genero-450x450.jpg 450w, https:\/\/cklcomunicaciones.es\/coop\/wp-content\/uploads\/2018\/03\/CKL_comunicacion-con-perspetiva-de-genero.jpg 500w\" data-sizes=\"auto\" data-orig-sizes=\"(max-width: 132px) 100vw, 132px\" \/><\/p>\n<p id=\":eq\" class=\"hP\" tabindex=\"-1\" data-thread-perm-id=\"thread-f:1613308472235883637\" data-legacy-thread-id=\"16639f8200bf7c75\"><strong>Andaluc\u00eda pide una PAC con medidas transversales para mujeres y j\u00f3venes-Las mujeres son ya el 53% de la judicatura pero solo el 27% de la c\u00fapula-La suerte de tener a Montserrat Caball\u00e9-Hacia el #8M2019<\/strong><\/p>\n<p>[toggle type=\u00bbfirst\u00bb title=\u00bbRecomendaciones\u00bb]<\/p>\n<p>\u00b7\u00a0\u00a0\u00a0\u00a0\u00a0\u00a0\u00a0 <u><\/u>Talleres \u00abPlazas de Buena Planta\u00bb organizados por Asamblea de Cooperaci\u00f3n Por la Paz en Andaluc\u00eda y Nomad Garden. San Juan de Aznalfarache, los pr\u00f3ximos 9 &#8211; 15 octubre. Inscripci\u00f3n: <a href=\"https:\/\/gardenatlas.net\/garden\/barrio-de-buena-planta\/post\/1582\" target=\"_blank\" rel=\"noopener\" data-saferedirecturl=\"https:\/\/www.google.com\/url?q=https:\/\/gardenatlas.net\/garden\/barrio-de-buena-planta\/post\/1582&amp;source=gmail&amp;ust=1539077736991000&amp;usg=AFQjCNFKccYa7MWARKRrr-6OFtitUU087w\">https:\/\/gardenatlas.net\/<wbr><\/wbr>garden\/barrio-de-buena-planta\/<wbr><\/wbr>post\/1582<\/a><\/p>\n<p>[\/toggle]<\/p>\n<p>[toggle type=\u00bbfirst\u00bb title=\u00bbConvocatorias\u00bb]<\/p>\n<ul>\n<li><a href=\"https:\/\/eventos.upo.es\/21900\/detail.html\">I <\/a><a href=\"https:\/\/eventos.upo.es\/21900\/detail.html\">Video-Concurso <\/a><a href=\"https:\/\/eventos.upo.es\/21900\/detail.html\">&#8216;<\/a><a href=\"https:\/\/eventos.upo.es\/21900\/detail.html\">Programar en igualdad&#8217;<\/a>. Escuela Polit\u00e9cnica Superior de la Universidad Pablo de Olavide. Inscripciones hasta el 15 de noviembre de 2018<\/li>\n<li><a href=\"http:\/\/eventos.upo.es\/event_detail\/25560\/detail\/ii-jornadas-de-genero-de-la-facultad-de-ciencias-experimentales_-genero-corresponsabilidad-y-concil.html\">II Jornadas de G\u00e9nero de la Facultad de Experimentales <\/a><a href=\"http:\/\/eventos.upo.es\/event_detail\/25560\/detail\/ii-jornadas-de-genero-de-la-facultad-de-ciencias-experimentales_-genero-corresponsabilidad-y-concil.html\">&#8216;<\/a><a href=\"http:\/\/eventos.upo.es\/event_detail\/25560\/detail\/ii-jornadas-de-genero-de-la-facultad-de-ciencias-experimentales_-genero-corresponsabilidad-y-concil.html\">G\u00e9nero, Corresponsabilidad y Conciliaci\u00f3n<\/a><a href=\"http:\/\/eventos.upo.es\/event_detail\/25560\/detail\/ii-jornadas-de-genero-de-la-facultad-de-ciencias-experimentales_-genero-corresponsabilidad-y-concil.html\">&#8216;<\/a>. Facultad de Experimentales de la Universidad Pablo de Olavide. 16 de octubre de 2018<\/li>\n<li><a href=\"http:\/\/www.juntadeandalucia.es\/iam\/catalogo\/doc\/convocatorias\/2018-genero\/GR-codigo-rosa-relatos-sobre-abortos.jpg\">Presentaci\u00f3n y di\u00e1logo en torno al libro &#8216;C\u00f3digo Rosa. Relatos sobre abortos&#8217;<\/a>. Grupo de Investigaci\u00f3n &#8216;Otras Perspectivas Feministas en Investigaci\u00f3n Social&#8217; en colaboraci\u00f3n con el Instituto Universitario de Investigaci\u00f3n de Estudios de las Mujeres y de G\u00e9nero. 31 de octubre de 2018<\/li>\n<li><a href=\"http:\/\/www.juntadeandalucia.es\/iam\/catalogo\/doc\/convocatorias\/2018-genero\/SE-triptico-otono-feminista.pdf\">III Ciclo Oto\u00f1o Feminista 2018<\/a>. Delegaci\u00f3n de Igualdad, Juventud y Relaciones con la Comunidad Universitaria del Ayuntamiento de Sevilla. De octubre a diciembre de 2018<\/li>\n<\/ul>\n<p>[\/toggle]<\/p>\n<p>[toggle type=\u00bbfirst\u00bb title=\u00bbComunicaci\u00f3n\u00bb]<\/p>\n<p><a href=\"https:\/\/www.google.com\/url?sa=t&amp;rct=j&amp;q=&amp;esrc=s&amp;source=newssearch&amp;cd=10&amp;ved=0ahUKEwiPubahxPbdAhURw4sKHRUuCngQqQIIRSgAMAk&amp;url=https%3A%2F%2Fwww.eldiario.es%2Fnorte%2Feuskadi%2FTodavia-asumimos-mujeres-pueden-gobernar_0_821718010.html&amp;usg=AOvVaw0TQvbNGiGEEQEQptjHVs7_\">Maribel Izcue, periodista: \u201cTodav\u00eda no asumimos que las mujeres pueden gobernar\u201d<\/a>&#8211; <a href=\"http:\/\/eldiario.es\">eldiario.es<\/a><\/p>\n<p><a href=\"https:\/\/www.google.com\/url?rct=j&amp;sa=t&amp;url=https:\/\/actualidad.rt.com\/actualidad\/290988-wikimedia-editoras-genero-mexico&amp;ct=ga&amp;cd=CAEYAyoUMTcxNzM3MjE5ODMzMDI4MjgzMzUyGWMwMzcyZWJjMmZlYWRhNTk6ZXM6ZXM6RVM&amp;usg=AFQjCNG0ZfWV6qj1KmoQU2nCn3YoMiHjZg\">Editatona: Las enciclopedistas del siglo 21 que buscan la igualdad en Wikipedia <\/a>&#8211; RT en Espa\u00f1ol<\/p>\n<p><a href=\"https:\/\/www.google.com\/url?rct=j&amp;sa=t&amp;url=http:\/\/www.diariojaen.es\/jaen\/mensaje-en-la-calle-cualquier-mujer-puede-denunciarle-YK4693753&amp;ct=ga&amp;cd=CAEYAioTMTg4NzAzNjI0OTk4OTUwMDQzMDIZYzAzNzJlYmMyZmVhZGE1OTplczplczpFUw&amp;usg=AFQjCNGU5Lx15505vEq1a8TjQuFVMEkshQ\">Mensaje en la calle: \u201cCualquier mujer puede denunciarle\u201d <\/a>-Diario Ja\u00e9n<\/p>\n<p><a href=\"http:\/\/www.elmundo.es\/baleares\/2018\/10\/08\/5bbaf94ae5fdeaad378b45c3.html\">La publicidad de las discotecas sin cuerpos de mujer<\/a> \u2013 El Mundo<\/p>\n<p><a href=\"https:\/\/verne.elpais.com\/verne\/2018\/10\/05\/mexico\/1538702587_800095.html\">Estos son los anuncios que &#8216;compiten&#8217; por ser los m\u00e1s racistas y &#8230;<\/a>&#8211; Verne<\/p>\n<p>[\/toggle]<\/p>\n<p>[toggle type=\u00bbfirst\u00bb title=\u00bbAndaluc\u00eda\u00bb]<\/p>\n<p><strong>Institucional<\/strong><\/p>\n<p><a href=\"https:\/\/www.google.com\/url?rct=j&amp;sa=t&amp;url=http:\/\/www.europapress.es\/esandalucia\/malaga\/noticia-diaz-dice-tarea-colectiva-luchar-contra-lacra-violencia-machista-insiste-educacion-combatirla-20181005135206.html&amp;ct=ga&amp;cd=CAEYASoTNzk5MDQ1NDgxNDAxMjM0MDczNDIZZTJkZWZhN2Q1ZGE5MTU3ZDplczplczpFUw&amp;usg=AFQjCNE5mSEPsLcD_Rrrht7MIJx0flVX-A\">D\u00edaz dice que es una tarea colectiva luchar contra \u00ablacra\u00bb de violencia machista e insiste en &#8230; <\/a>-Europa Press<\/p>\n<p><a href=\"http:\/\/www.juntadeandalucia.es\/presidencia\/portavoz\/137046\/SusanaDiaz\/genero\/violenciadegenero\/igualdad\/pasaalaaccion\/mujeres\">D\u00edaz se\u00f1ala que se pondr\u00e1n \u00abtodos los recursos\u00bb para formar en perspectiva de g\u00e9nero<\/a> \u2013 Oficina del Portavoz<strong>\u00a0<\/strong><\/p>\n<p><strong>Econom\u00eda y Empresas<\/strong><\/p>\n<p><a href=\"http:\/\/www.diariovasco.com\/agencias\/201810\/08\/andalucia-pide-medidas-transversales-1269971.html\">Andaluc\u00eda pide una PAC con medidas transversales para mujeres y j\u00f3venes &#8230;<\/a>&#8211; Diario Vasco<\/p>\n<p><a href=\"http:\/\/www.mujeremprendedora.net\/aumenta-24-tejido-organizaciones-femeninas-andalucia-con-270-000-mujeres\/\">Aumenta un 24% el tejido de organizaciones femeninas en Andaluc\u00eda, con 270.000 mujeres<\/a>&#8211; Mujeremprendedora.net<\/p>\n<p><a href=\"https:\/\/www.google.com\/url?rct=j&amp;sa=t&amp;url=https:\/\/www.malagahoy.es\/malaga\/Solo-nuevas-empresas-Malaga-mujeres_0_1288671470.html&amp;ct=ga&amp;cd=CAEYASoTMTg4NzAzNjI0OTk4OTUwMDQzMDIZYzAzNzJlYmMyZmVhZGE1OTplczplczpFUw&amp;usg=AFQjCNE3EZtE7CeOTar2gfsV1-1s4MD6gw\">Solo una de cada cuatro nuevas empresas en M\u00e1laga es creada por mujeres <\/a>-M\u00e1laga Hoy<\/p>\n<p><a href=\"http:\/\/www.juntadeandalucia.es\/presidencia\/portavoz\/136979\/Agencia\/IDEA\/empleo\/empresa\/industria\/incentivos\/ayuda\/asesoramiento\/Andalucia\/balance\">IDEA respalda 17.800 proyectos empresariales y 35.000 empleos en diez a\u00f1os<\/a> \u2013 Oficina del Portavoz<strong>\u00a0<\/strong><\/p>\n<p><strong>Actualidad<\/strong><\/p>\n<p><a href=\"https:\/\/www.google.com\/url?rct=j&amp;sa=t&amp;url=https:\/\/www.diariocordoba.com\/noticias\/cordobalocal\/mas-600-mujeres-toda-espana-abordan-retos-cuarta-ola-feminismo_1255425.html&amp;ct=ga&amp;cd=CAEYDioUMTcxNzM3MjE5ODMzMDI4MjgzMzUyGWMwMzcyZWJjMmZlYWRhNTk6ZXM6ZXM6RVM&amp;usg=AFQjCNHcPOuE59geXW-rZ7_MtptMjCOemg\">M\u00e1s de 600 mujeres de toda Espa\u00f1a abordan los retos de la \u00abcuarta ola del feminismo\u00bb <\/a>&#8211; Diario C\u00f3rdoba<\/p>\n<p><a href=\"http:\/\/www.juntadeandalucia.es\/presidencia\/portavoz\/136981\/Andalucia\/dependencia\/dependientes\/mayores\/discapacidad\/balance\/sistema\/ley\/SanchezRubio\/igualdad\/politicassociales\">Incorporadas 126.400 personas en situaci\u00f3n de dependencia en tres a\u00f1os<\/a> \u2013 Oficina del Portavoz<\/p>\n<p><strong>Violencias<\/strong><\/p>\n<p><a href=\"https:\/\/www.google.com\/url?sa=t&amp;rct=j&amp;q=&amp;esrc=s&amp;source=newssearch&amp;cd=2&amp;ved=0ahUKEwizm8T9zPbdAhWnwosKHaGZAFUQqQIINSgAMAE&amp;url=https%3A%2F%2Fwww.axarquiaplus.es%2Fla-junta-de-andalucia-presenta-la-campana-pasar-a-la-accion-contra-la-violencia-de-genero%2F&amp;usg=AOvVaw0ReokYgH7BM-rIEofvchYH\">La Junta de Andaluc\u00eda presenta la campa\u00f1a &#8216;Pasar a la Acci\u00f3n&#8217; contra la violencia de g\u00e9nero &#8230;<\/a>&#8211; Axarqu\u00edaPlus<strong>\u00a0<\/strong><\/p>\n<p><strong>Ciencia y Cultura<\/strong><\/p>\n<p><a href=\"http:\/\/www.mujeremprendedora.net\/ugr-impulsa-creacion-empresas-sector-cultural-creativo\/\">La UGR impulsa la creaci\u00f3n de empresas del sector cultural y creativo<\/a>&#8211; Mujeremprendedora.net<\/p>\n<p><a href=\"https:\/\/www.google.com\/url?sa=t&amp;rct=j&amp;q=&amp;esrc=s&amp;source=newssearch&amp;cd=7&amp;ved=0ahUKEwix-M-vzfbdAhXhkosKHblmByQQqQIIOSgAMAY&amp;url=https%3A%2F%2Fsevilla.abc.es%2Fsevilla%2Fsevi-lola-pons-todas-reformas-educativas-hecho-dano-lengua-y-profesores-201810070811_noticia.html&amp;usg=AOvVaw0-vhi0UWEVVkti9drqLthM\">Lola Pons, fil\u00f3loga de la Universidad de Sevilla: \u00abTodas las reformas educativas han hecho da\u00f1o a la &#8230;<\/a>&#8211; <a href=\"http:\/\/abcdesevilla.es\">abcdesevilla.es<\/a><\/p>\n<p><a href=\"https:\/\/www.google.com\/url?sa=t&amp;rct=j&amp;q=&amp;esrc=s&amp;source=newssearch&amp;cd=22&amp;ved=0ahUKEwjTxKuDyfbdAhWHqIsKHY9OCEg4FBCpAggpKAAwAQ&amp;url=https%3A%2F%2Fcordopolis.es%2F2018%2F10%2F08%2Fel-abismo-o-la-percepcion-del-machismo-entre-hombres-y-mujeres%2F&amp;usg=AOvVaw2pd9DY0jp2ga9YzA7Ts8mZ\">El abismo o la percepci\u00f3n del machismo entre hombres y mujeres<\/a>-Cord\u00f3polis<\/p>\n<p><a href=\"https:\/\/www.google.com\/url?rct=j&amp;sa=t&amp;url=http:\/\/www.europapress.es\/esandalucia\/cordoba\/noticia-actividades-festival-eutopia-2018-acercan-total-15-municipios-provincia-cordoba-20181007134351.html&amp;ct=ga&amp;cd=CAEYBioUMTIxMjQyNDgzODQ4NDI0NjE0NzkyGWMwMzcyZWJjMmZlYWRhNTk6ZXM6ZXM6RVM&amp;usg=AFQjCNHMBHftJ3UexOtGscoDnRHvBI3Cvw\">Las actividades del Festival de Eutop\u00eda 2018 se acercan a un total de 15 municipios de la &#8230; <\/a>-Europa Press<\/p>\n<p><a href=\"https:\/\/www.lavozdelsur.es\/andalucia-se-parece-mucho-a-las-mujeres-se-nos-valora-por-las-emociones-pero-no-por-la-razon\/\">Mercedes de Pablos, periodista y directora del Centro de Estudios Andaluces: \u201cAndaluc\u00eda se parece mucho a las mujeres<em>:<\/em> se nos valora por las &#8230;<\/a>&#8211; La Voz del Sur<\/p>\n<p><strong>Deporte<\/strong><\/p>\n<p><a href=\"https:\/\/www.google.com\/url?rct=j&amp;sa=t&amp;url=http:\/\/www.perfil.com\/noticias\/cordoba\/las-chicas-contra-el-fuera-de-juego.phtml&amp;ct=ga&amp;cd=CAEYASoTMTAzNzk2NDE2MDE1ODY3Njk4NjIZZTJkZWZhN2Q1ZGE5MTU3ZDplczplczpFUw&amp;usg=AFQjCNFju68LJPynMW1DmMU4-HkV3g08qw\">Las chicas, contra el fuera de juego <\/a>-Perfil.com<\/p>\n<p><a href=\"https:\/\/www.google.com\/url?rct=j&amp;sa=t&amp;url=http:\/\/www.sevillaactualidad.com\/deportes\/106988-mude-rodriguez-logra-su-cuarta-victoria-en-la-carrera-de-la-mujer\/&amp;ct=ga&amp;cd=CAEYAioUMTIxMjQyNDgzODQ4NDI0NjE0NzkyGWMwMzcyZWJjMmZlYWRhNTk6ZXM6ZXM6RVM&amp;usg=AFQjCNHE41eSyCQsNrZ6EmToaF2pyBWvSA\">Mude Rodr\u00edguez logra su cuarta victoria en la Carrera de la Mujer <\/a>-Sevilla Actualidad<\/p>\n<p><a href=\"http:\/\/cadenaser.com\/emisora\/2018\/10\/08\/radio_ubeda\/1538990983_380365.html\">Lola Chiclana, por tercera vez campeona absoluta de media marat\u00f3n &#8230;<\/a>-Cadena SER<\/p>\n<p><a href=\"https:\/\/www.google.com\/url?sa=t&amp;rct=j&amp;q=&amp;esrc=s&amp;source=newssearch&amp;cd=5&amp;ved=0ahUKEwjpnM7UzPbdAhUOlIsKHWKXA3IQqQIIOSgAMAQ&amp;url=https%3A%2F%2Fwww.diariocordoba.com%2Fnoticias%2Fdeportes%2Fpozoalbense-campeon-copa-andalucia_1255757.html&amp;usg=AOvVaw0AA8xMOJUzuR8O8HRF3xeo\">El Pozoalbense, campe\u00f3n de la Copa Andaluc\u00eda<\/a>-Diario C\u00f3rdoba<\/p>\n<p>[\/toggle]<\/p>\n<p>[toggle type=\u00bbfirst\u00bb title=\u00bbEstado\u00bb]<\/p>\n<p><strong>Institucional<\/strong><\/p>\n<p><a href=\"https:\/\/www.abc.es\/economia\/abci-calvino-sueldos-bajaron-tanto-muchos-no-pueden-vivir-201810072208_noticia.html\">Calvi\u00f1o, Ministra de Econom\u00eda: \u00abLos sueldos bajaron tanto que muchos no pueden vivir\u00bb<\/a>&#8211; Abc.es<\/p>\n<p><a href=\"https:\/\/www.google.com\/url?rct=j&amp;sa=t&amp;url=https:\/\/www.lagacetadesalamanca.es\/salamanca\/2018\/10\/07\/marlaska-compromete-aumentar-presencia-mujeres\/250167.html&amp;ct=ga&amp;cd=CAEYBCoUMTIxMjQyNDgzODQ4NDI0NjE0NzkyGWMwMzcyZWJjMmZlYWRhNTk6ZXM6ZXM6RVM&amp;usg=AFQjCNH0i9Ukv0i8ekOlyweJnUPfLXBRCQ\">Grande-Marlaska se compromete a aumentar la presencia de mujeres en la Guardia Civil <\/a>-La Gaceta de Salamanca<strong>\u00a0<\/strong><\/p>\n<p><strong>Institucional-CCAA<\/strong><\/p>\n<p><a href=\"https:\/\/www.google.com\/url?rct=j&amp;sa=t&amp;url=https:\/\/www.diarioinformacion.com\/universidad\/2018\/10\/05\/empresa-tecnologica-universidad-liderada-mujeres\/2070963.html&amp;ct=ga&amp;cd=CAEYBioUMTcxNzM3MjE5ODMzMDI4MjgzMzUyGWMwMzcyZWJjMmZlYWRhNTk6ZXM6ZXM6RVM&amp;usg=AFQjCNFS3IA3tnL6wlB2ntEJAoWrhJDD7A\">Applynano Solutions, empresa tecnol\u00f3gica de la Universidad de Alicante liderada por mujeres opta al Premio Innovatia <\/a>&#8211; Informaci\u00f3n<\/p>\n<p><a href=\"https:\/\/www.google.com\/url?rct=j&amp;sa=t&amp;url=https:\/\/www.levante-emv.com\/economia\/2018\/10\/04\/ewoman-valencia-jornada-premios\/1776411.html&amp;ct=ga&amp;cd=CAEYESoUMTcxNzM3MjE5ODMzMDI4MjgzMzUyGWMwMzcyZWJjMmZlYWRhNTk6ZXM6ZXM6RVM&amp;usg=AFQjCNF9Em5FPH6iWM3DBs8vpkZ3cKUQGQ\">El liderazgo y el talento femenino toman el poder en eWoman Valencia <\/a>-Levante-EMV<\/p>\n<p><a href=\"https:\/\/www.google.com\/url?rct=j&amp;sa=t&amp;url=https:\/\/www.lavozdeasturias.es\/noticia\/gijon\/2018\/10\/07\/feminismo-espanol-planea-gijon-segunda-huelga-general-8m\/00031538897412553193707.htm&amp;ct=ga&amp;cd=CAEYBSoTMzA3NDYyNjU1MzIxNDYyMjEyMTIZYzAzNzJlYmMyZmVhZGE1OTplczplczpFUw&amp;usg=AFQjCNHr69FgF5c_wVr9WnnxAwLSTAeznQ\">El feminismo espa\u00f1ol planea en Gij\u00f3n la segunda huelga general para el 8M2019\u2026 <\/a>-La Voz de Asturias<\/p>\n<p><a href=\"http:\/\/www.mujeremprendedora.net\/castilla-y-leon-entrega-los-premios-emprendedoras-castilla-y-leon-rural\/\">Castilla y Le\u00f3n entrega su primera edici\u00f3n de premios a emprendedoras rurales<\/a> \u2013 Mujeremprendedora.net<\/p>\n<p><a href=\"http:\/\/www.mujeremprendedora.net\/creciendo-juntas-programa-xunta-galicia-impulsar-talento-femenino-puestos-responsabilidad\/\">\u2018Creciendo Juntas\u2019, un programa de la Xunta de Galicia para impulsar el talento femenino en puestos de responsabilidad<\/a>\u2013 Mujeremprendedora.net<\/p>\n<p><strong>Econom\u00eda y Empresa<\/strong><\/p>\n<p><a href=\"https:\/\/www.google.com\/url?sa=t&amp;rct=j&amp;q=&amp;esrc=s&amp;source=newssearch&amp;cd=5&amp;ved=0ahUKEwiF7orZyvbdAhUnqYsKHXrPAY0QqQIIOSgAMAQ&amp;url=http%3A%2F%2Fwww.expansion.com%2Feconomia%2F2018%2F10%2F05%2F5bb79b6ce2704eb1378b45b8.html&amp;usg=AOvVaw1IKaDZOodw0u14jJIBKXoP\">M\u00e1s de un mill\u00f3n de mujeres se beneficiar\u00e1 de la exenci\u00f3n de IRPF por la prestaci\u00f3n de maternidad&#8230;<\/a>&#8211; Expansi\u00f3n.com<\/p>\n<p><a href=\"https:\/\/www.google.com\/url?rct=j&amp;sa=t&amp;url=https:\/\/www.revistaalimentaria.es\/vernoticia.php%3Fnoticia%3Ddebemos-romper-los-estereotipos-y-los-prejuicios-cuando-se-habla-de-las-mujeres-rurales&amp;ct=ga&amp;cd=CAEYASoUMTA1MzEzMDc2OTE5MzI0MzIyODIyGWUxZTc3ZDE1NjA5OGE4ZTM6ZXM6ZXM6RVM&amp;usg=AFQjCNGdEH6n-XbuMp5dPE0IaX2fsz9c8g\">Teresa L\u00f3pez, Presidenta de Fademur: \u201cDebemos romper los estereotipos y los prejuicios cuando se habla de las mujeres rurales\u00bb <\/a>-Revista Alimentaria<\/p>\n<p><a href=\"https:\/\/elpais.com\/economia\/2018\/10\/04\/actualidad\/1538680061_102821.html\">Retrato robot de quienes cobran 1.000 euros o menos: mujer, inmigrante, joven y con contrato temporal<\/a> \u2013 El Pa\u00eds<\/p>\n<p><strong>Actualidad<\/strong><\/p>\n<p><a href=\"https:\/\/www.eldiario.es\/sociedad\/cristal-Justicia-espanola-mujeres-judicial_0_818568316.html\">Las mujeres son ya el 53% de la judicatura pero solo el 27% de la c\u00fapula de los cargos superiores &#8230;<\/a>&#8211;<a href=\"http:\/\/eldiario.es\">eldiario.es<\/a><\/p>\n<p><a href=\"https:\/\/www.google.com\/url?rct=j&amp;sa=t&amp;url=https:\/\/www.levante-emv.com\/castello\/2018\/10\/06\/subirats-madre-decia-mujer-tenia\/1777428.html&amp;ct=ga&amp;cd=CAEYACoUMTE5NTQ4MTUyODQwMTkwMTc4OTMyGWMwMzcyZWJjMmZlYWRhNTk6ZXM6ZXM6RVM&amp;usg=AFQjCNGkIpEzxG24tFVfOywbItjucNGCPA\">Subirats: \u00abMi madre me dec\u00eda que la mujer ten\u00eda que estar en casa pero ella no soportaba su vida\u00bb <\/a>-Levante-EMV<\/p>\n<p><a href=\"https:\/\/www.publico.es\/espana\/igualdad-tercio-mujeres-militares-acogen-reducciones-jornada-frente-3-75-hombres.html\">M\u00e1s de un tercio de las mujeres militares se acogen a reducciones de jornada frente al 3,75% de hombres<\/a>&#8211; P\u00fablico<\/p>\n<p><strong>Violencia<\/strong><strong>s<\/strong><\/p>\n<p><a href=\"https:\/\/www.google.com\/url?rct=j&amp;sa=t&amp;url=https:\/\/pamplonaactual.com\/una-asociacion-de-mujeres-juristas-denuncia-al-juez-del-voto-discrepante-de-la-manada-ante-el-cgpj\/&amp;ct=ga&amp;cd=CAEYCCoTMTg4NzAzNjI0OTk4OTUwMDQzMDIZYzAzNzJlYmMyZmVhZGE1OTplczplczpFUw&amp;usg=AFQjCNFkLxxeOeWoackKLd3HicWQPRsTNw\">La asociaci\u00f3n de mujeres juristas Themis denuncia al juez del voto discrepante de &#8216;la Manada&#8217; ante el &#8230; <\/a>&#8211; Pamplona actual<\/p>\n<p><a href=\"https:\/\/www.google.com\/url?rct=j&amp;sa=t&amp;url=http:\/\/cadenaser.com\/emisora\/2018\/10\/07\/radio_zaragoza\/1538933544_598267.html&amp;ct=ga&amp;cd=CAEYACoUMTE1NzA4MTQ4MTY2MzA1ODY4MzIyGWMwMzcyZWJjMmZlYWRhNTk6ZXM6ZXM6RVM&amp;usg=AFQjCNHq6KZ9YJlqmPnPuDENBm3WbdGJXg\">Par\u00f3n en las fiestas del Pilar por una agresi\u00f3n sexual <\/a>-Cadena SER<\/p>\n<p><a href=\"https:\/\/www.publico.es\/sociedad\/manada-tsjn-senala-7-noviembre-deliberacion-fallo-recursos-sentencia-manada.html\">El 7 de noviembre se deliberar\u00e1n y fallar\u00e1n los recursos contra la sentencia de &#8216;La Manada&#8217;<\/a> &#8211; P\u00fablico<\/p>\n<p><a href=\"https:\/\/www.google.com\/url?sa=t&amp;rct=j&amp;q=&amp;esrc=s&amp;source=newssearch&amp;cd=1&amp;ved=0ahUKEwiPubahxPbdAhURw4sKHRUuCngQqQIIJygAMAA&amp;url=https%3A%2F%2Fwww.eldiario.es%2Fnorte%2Fcantabria%2Fsociedad%2FAsociacion-Feminista-Consuelo-Berges-cumple_0_820318248.html&amp;usg=AOvVaw2Dc3ek5XdQb9TJd5m55ee3\">La vida entre maltratadas: \u00abLa f\u00f3rmula de protecci\u00f3n no &#8230;<\/a>&#8211; <a href=\"http:\/\/eldiario.es\">eldiario.es<\/a><\/p>\n<p><strong>Ciencia y Cultura<\/strong><\/p>\n<p><a href=\"https:\/\/www.publico.es\/culturas\/arte-goya-habla-igualdad-genero-siglo-xviii.html\">Manuela Mena, conservadora Museo del Prado: \u201cGoya habla de la igualdad de g\u00e9nero ya en el siglo XVIII\u00bb<\/a> &#8211; P\u00fablico<\/p>\n<p><a href=\"http:\/\/www.elmundo.es\/cultura\/musica\/2018\/10\/06\/5bb900e2268e3ea9558b4635.html\">La suerte de tener a Montserrat Caball\u00e9<\/a> \u2013 El Mundo<\/p>\n<p><a href=\"http:\/\/www.elmundo.es\/cultura\/2018\/10\/07\/5bba1b41268e3e237e8b45e9.html\">Cristina Iglesias: esparto, luz, sombra y Santander<\/a> \u2013 El Mundo<\/p>\n<p><strong>Deporte<\/strong><\/p>\n<p><a href=\"https:\/\/www.google.com\/url?rct=j&amp;sa=t&amp;url=https:\/\/elpais.com\/deportes\/2018\/10\/07\/actualidad\/1538925880_641968.html&amp;ct=ga&amp;cd=CAEYASoUMTUxMTcwNjM5MzQ4MDY0MTUxMjQyGWMwMzcyZWJjMmZlYWRhNTk6ZXM6ZXM6RVM&amp;usg=AFQjCNHtp9M-flyLHe_o6oX5PvGi7tYksQ\">Celia Jim\u00e9nez: \u201cA\u00fan existe la idea de que las mujeres no podemos vivir del f\u00fatbol\u201d <\/a>\u2013El Pa\u00eds<\/p>\n<p><a href=\"https:\/\/www.google.com\/url?sa=t&amp;rct=j&amp;q=&amp;esrc=s&amp;source=newssearch&amp;cd=16&amp;ved=0ahUKEwio08-0y_bdAhWCpYsKHfP7Cj44ChCpAgg1KAAwBQ&amp;url=https%3A%2F%2Fwww.eldiario.es%2Faragon%2Fsociedad%2Fmujeres-sufrido-discriminacion-practicar-deportes_0_822067934.html&amp;usg=AOvVaw2iaL9gAeIZUVuDhp8OOZlv\">\u201cLa mitad de las mujeres ha sufrido discriminaci\u00f3n al practicar deporte&#8230;<\/a>&#8211; <a href=\"http:\/\/eldiario.es\">eldiario.es<\/a><\/p>\n<p><a href=\"https:\/\/www.20minutos.es\/fotos\/deportes\/de-ana-carrasco-a-mireia-belmonte-los-grandes-nombres-del-deporte-femenino-espanol-en-la-actualidad-14495\/\">De Ana Carrasco a Mireia Belmonte: los grandes nombres del deporte &#8230;<\/a>&#8211;<a href=\"http:\/\/20minutos.es\">20minutos.es<\/a><\/p>\n<p>[\/toggle]<\/p>\n<p>[toggle type=\u00bbfirst\u00bb title=\u00bbInternacional\u00bb]<\/p>\n<p><a href=\"http:\/\/lac.unwomen.org\/es\/noticias-y-eventos\/articulos\/2018\/10\/weps-empresas-uruguayas\">WEPs: Empresas uruguayas trabajan por la igualdad de g\u00e9nero<\/a>&#8211; lac\u00ad.unwomen\u00ad.org<\/p>\n<p><a href=\"https:\/\/www.google.com\/url?rct=j&amp;sa=t&amp;url=https:\/\/m.minutouno.com\/notas\/3090410-onu-mujeres-abrio-sus-oficinas-la-argentina-y-presento-un-programa-erradicar-los-femicidios&amp;ct=ga&amp;cd=CAEYAioTMTc4NzMxODU0NjcyMjM4Njk4NDIZYzAzNzJlYmMyZmVhZGE1OTplczplczpFUw&amp;usg=AFQjCNGa9Wl8Ze-ve9AG1dc2QFwSvxSDqA\">ONU Mujeres abri\u00f3 sus oficinas en la Argentina y present\u00f3 un programa para erradicar los femicidios <\/a>&#8211; Minutouno.com<\/p>\n<p><a href=\"https:\/\/www.google.com\/url?rct=j&amp;sa=t&amp;url=https:\/\/www.ellibero.cl\/opinion\/yasmin-zaror-chile-un-buen-pais-para-ser-mujer\/&amp;ct=ga&amp;cd=CAEYBCoTMTg4NzAzNjI0OTk4OTUwMDQzMDIZYzAzNzJlYmMyZmVhZGE1OTplczplczpFUw&amp;usg=AFQjCNG7U7rA3i7IZJXnWpOY0k5ttccgfw\">Yasmin Zaror: Chile, \u00bfun buen pa\u00eds para ser mujer? <\/a>-El L\u00edbero<\/p>\n<p><a href=\"https:\/\/elpais.com\/internacional\/2018\/10\/06\/actualidad\/1538858958_292840.html\">Rumania da la espalda al refer\u00e9ndum para vetar los matrimonios del mismo sexo<\/a> \u2013 El Pa\u00eds<\/p>\n<p><a href=\"https:\/\/www.cuartopoder.es\/feminismo\/2018\/10\/08\/nous-toutes-paris-marea-feminista-violencias-sexistas\/\">Par\u00eds acoger\u00e1 una \u201cmarea feminista contra las violencias sexistas y &#8230;<\/a>-Cuarto Poder<\/p>\n<p><a href=\"https:\/\/elpais.com\/internacional\/2018\/10\/02\/america\/1538445368_446776.html\">Maritza Soto, la astr\u00f3noma chilena que ha descubierto tres planetas antes de cumplir 30 a\u00f1os \u2026<\/a> &#8211; El Pa\u00eds<\/p>\n<p><a href=\"https:\/\/www.google.com\/url?rct=j&amp;sa=t&amp;url=https:\/\/www.infobae.com\/teleshow\/infoshow\/2018\/10\/06\/por-mas-mujeres-musicas-en-vivo-la-ley-que-busca-equidad-de-genero-arriba-de-los-escenarios\/&amp;ct=ga&amp;cd=CAEYCyoTMTg4NzAzNjI0OTk4OTUwMDQzMDIZYzAzNzJlYmMyZmVhZGE1OTplczplczpFUw&amp;usg=AFQjCNHdOnx015gd4ZexSW7WNRfRbeWe0Q\">Por m\u00e1s mujeres m\u00fasicas en vivo\u00bb: la ley que busca equidad de g\u00e9nero arriba de los escenarios <\/a>-Infobae.com<\/p>\n<p>[\/toggle]<\/p><\/div>\n<\/div>\n<\/div>\n<\/div>\n<\/div>\n<\/div>\n","protected":false},"excerpt":{"rendered":"<p>Andaluc\u00eda pide una PAC con medidas transversales para mujeres y <a href=\"https:\/\/cklcomunicaciones.es\/coop\/noticias-info-ckl-no-2-208-08-10-18\/\">[&#8230;]<\/a><\/p>\n","protected":false},"author":3,"featured_media":0,"comment_status":"closed","ping_status":"closed","sticky":false,"template":"","format":"standard","meta":{"footnotes":""},"categories":[298,623],"tags":[],"class_list":["post-14206","post","type-post","status-publish","format-standard","hentry","category-newsletter","category-nwl-2-0"],"yoast_head":"<!-- This site is optimized with the Yoast SEO plugin v27.5 - https:\/\/yoast.com\/product\/yoast-seo-wordpress\/ -->\n<title>Noticias Info CKL n\u00ba 2.208-08\/10\/18-Comunica con perspectiva de g\u00e9nero<\/title>\n<meta name=\"description\" content=\"Comunicar con perspectiva de g\u00e9nero: Andaluc\u00eda pide una PAC con medidas transversales para mujeres y j\u00f3venes-Las mujeres son ya el 53% de la judicatura...\" \/>\n<meta name=\"robots\" content=\"index, follow, max-snippet:-1, max-image-preview:large, max-video-preview:-1\" \/>\n<link rel=\"canonical\" href=\"https:\/\/cklcomunicaciones.es\/coop\/noticias-info-ckl-no-2-208-08-10-18\/\" \/>\n<meta property=\"og:locale\" content=\"es_ES\" \/>\n<meta property=\"og:type\" content=\"article\" \/>\n<meta property=\"og:title\" content=\"Noticias Info CKL n\u00ba 2.208-08\/10\/18-Comunica con perspectiva de g\u00e9nero\" \/>\n<meta property=\"og:description\" content=\"Comunicar con perspectiva de g\u00e9nero: Andaluc\u00eda pide una PAC con medidas transversales para mujeres y j\u00f3venes-Las mujeres son ya el 53% de la judicatura...\" \/>\n<meta property=\"og:url\" content=\"https:\/\/cklcomunicaciones.es\/coop\/noticias-info-ckl-no-2-208-08-10-18\/\" \/>\n<meta property=\"og:site_name\" content=\"CKL Comunicaciones\" \/>\n<meta property=\"article:published_time\" content=\"2018-10-08T10:30:25+00:00\" \/>\n<meta property=\"article:modified_time\" content=\"2025-01-17T15:40:35+00:00\" \/>\n<meta property=\"og:image\" content=\"https:\/\/cklcomunicaciones.es\/coop\/wp-content\/uploads\/2018\/03\/CKL_comunicacion-con-perspetiva-de-genero.jpg\" \/>\n\t<meta property=\"og:image:width\" content=\"500\" \/>\n\t<meta property=\"og:image:height\" content=\"500\" \/>\n\t<meta property=\"og:image:type\" content=\"image\/jpeg\" \/>\n<meta name=\"author\" content=\"ckl\" \/>\n<meta name=\"twitter:card\" content=\"summary_large_image\" \/>\n<meta name=\"twitter:label1\" content=\"Escrito por\" \/>\n\t<meta name=\"twitter:data1\" content=\"ckl\" \/>\n\t<meta name=\"twitter:label2\" content=\"Tiempo de lectura\" \/>\n\t<meta name=\"twitter:data2\" content=\"6 minutos\" \/>\n<script type=\"application\/ld+json\" class=\"yoast-schema-graph\">{\"@context\":\"https:\\\/\\\/schema.org\",\"@graph\":[{\"@type\":\"Article\",\"@id\":\"https:\\\/\\\/cklcomunicaciones.es\\\/coop\\\/noticias-info-ckl-no-2-208-08-10-18\\\/#article\",\"isPartOf\":{\"@id\":\"https:\\\/\\\/cklcomunicaciones.es\\\/coop\\\/noticias-info-ckl-no-2-208-08-10-18\\\/\"},\"author\":{\"name\":\"ckl\",\"@id\":\"https:\\\/\\\/cklcomunicaciones.es\\\/coop\\\/#\\\/schema\\\/person\\\/929a6837f7626450bbb50cee1aef266e\"},\"headline\":\"Noticias Info CKL n\u00ba 2.208-08\\\/10\\\/18\",\"datePublished\":\"2018-10-08T10:30:25+00:00\",\"dateModified\":\"2025-01-17T15:40:35+00:00\",\"mainEntityOfPage\":{\"@id\":\"https:\\\/\\\/cklcomunicaciones.es\\\/coop\\\/noticias-info-ckl-no-2-208-08-10-18\\\/\"},\"wordCount\":1162,\"image\":{\"@id\":\"https:\\\/\\\/cklcomunicaciones.es\\\/coop\\\/noticias-info-ckl-no-2-208-08-10-18\\\/#primaryimage\"},\"thumbnailUrl\":\"http:\\\/\\\/www.cklcomunicaciones.es\\\/wp-content\\\/uploads\\\/2018\\\/03\\\/CKL_comunicacion-con-perspetiva-de-genero-300x300.jpg\",\"articleSection\":[\"Newsletter\",\"Nwl v2.0\"],\"inLanguage\":\"es\"},{\"@type\":\"WebPage\",\"@id\":\"https:\\\/\\\/cklcomunicaciones.es\\\/coop\\\/noticias-info-ckl-no-2-208-08-10-18\\\/\",\"url\":\"https:\\\/\\\/cklcomunicaciones.es\\\/coop\\\/noticias-info-ckl-no-2-208-08-10-18\\\/\",\"name\":\"Noticias Info CKL n\u00ba 2.208-08\\\/10\\\/18-Comunica con perspectiva de g\u00e9nero\",\"isPartOf\":{\"@id\":\"https:\\\/\\\/cklcomunicaciones.es\\\/coop\\\/#website\"},\"primaryImageOfPage\":{\"@id\":\"https:\\\/\\\/cklcomunicaciones.es\\\/coop\\\/noticias-info-ckl-no-2-208-08-10-18\\\/#primaryimage\"},\"image\":{\"@id\":\"https:\\\/\\\/cklcomunicaciones.es\\\/coop\\\/noticias-info-ckl-no-2-208-08-10-18\\\/#primaryimage\"},\"thumbnailUrl\":\"http:\\\/\\\/www.cklcomunicaciones.es\\\/wp-content\\\/uploads\\\/2018\\\/03\\\/CKL_comunicacion-con-perspetiva-de-genero-300x300.jpg\",\"datePublished\":\"2018-10-08T10:30:25+00:00\",\"dateModified\":\"2025-01-17T15:40:35+00:00\",\"author\":{\"@id\":\"https:\\\/\\\/cklcomunicaciones.es\\\/coop\\\/#\\\/schema\\\/person\\\/929a6837f7626450bbb50cee1aef266e\"},\"description\":\"Comunicar con perspectiva de g\u00e9nero: Andaluc\u00eda pide una PAC con medidas transversales para mujeres y j\u00f3venes-Las mujeres son ya el 53% de la judicatura...\",\"breadcrumb\":{\"@id\":\"https:\\\/\\\/cklcomunicaciones.es\\\/coop\\\/noticias-info-ckl-no-2-208-08-10-18\\\/#breadcrumb\"},\"inLanguage\":\"es\",\"potentialAction\":[{\"@type\":\"ReadAction\",\"target\":[\"https:\\\/\\\/cklcomunicaciones.es\\\/coop\\\/noticias-info-ckl-no-2-208-08-10-18\\\/\"]}]},{\"@type\":\"ImageObject\",\"inLanguage\":\"es\",\"@id\":\"https:\\\/\\\/cklcomunicaciones.es\\\/coop\\\/noticias-info-ckl-no-2-208-08-10-18\\\/#primaryimage\",\"url\":\"http:\\\/\\\/www.cklcomunicaciones.es\\\/wp-content\\\/uploads\\\/2018\\\/03\\\/CKL_comunicacion-con-perspetiva-de-genero-300x300.jpg\",\"contentUrl\":\"http:\\\/\\\/www.cklcomunicaciones.es\\\/wp-content\\\/uploads\\\/2018\\\/03\\\/CKL_comunicacion-con-perspetiva-de-genero-300x300.jpg\"},{\"@type\":\"BreadcrumbList\",\"@id\":\"https:\\\/\\\/cklcomunicaciones.es\\\/coop\\\/noticias-info-ckl-no-2-208-08-10-18\\\/#breadcrumb\",\"itemListElement\":[{\"@type\":\"ListItem\",\"position\":1,\"name\":\"Portada\",\"item\":\"https:\\\/\\\/cklcomunicaciones.es\\\/coop\\\/\"},{\"@type\":\"ListItem\",\"position\":2,\"name\":\"Noticias Info CKL n\u00ba 2.208-08\\\/10\\\/18\"}]},{\"@type\":\"WebSite\",\"@id\":\"https:\\\/\\\/cklcomunicaciones.es\\\/coop\\\/#website\",\"url\":\"https:\\\/\\\/cklcomunicaciones.es\\\/coop\\\/\",\"name\":\"CKL Comunicaciones\",\"description\":\"Sitio web de CKL Comunicaciones coop , la consultora de comunicaci\u00f3n y estrategia\",\"potentialAction\":[{\"@type\":\"SearchAction\",\"target\":{\"@type\":\"EntryPoint\",\"urlTemplate\":\"https:\\\/\\\/cklcomunicaciones.es\\\/coop\\\/?s={search_term_string}\"},\"query-input\":{\"@type\":\"PropertyValueSpecification\",\"valueRequired\":true,\"valueName\":\"search_term_string\"}}],\"inLanguage\":\"es\"},{\"@type\":\"Person\",\"@id\":\"https:\\\/\\\/cklcomunicaciones.es\\\/coop\\\/#\\\/schema\\\/person\\\/929a6837f7626450bbb50cee1aef266e\",\"name\":\"ckl\",\"image\":{\"@type\":\"ImageObject\",\"inLanguage\":\"es\",\"@id\":\"https:\\\/\\\/secure.gravatar.com\\\/avatar\\\/c82db564e8a669bf6023357a157b9dc4780f4d4c618f2ad1d71a6a5dede45057?s=96&d=mm&r=g\",\"url\":\"https:\\\/\\\/secure.gravatar.com\\\/avatar\\\/c82db564e8a669bf6023357a157b9dc4780f4d4c618f2ad1d71a6a5dede45057?s=96&d=mm&r=g\",\"contentUrl\":\"https:\\\/\\\/secure.gravatar.com\\\/avatar\\\/c82db564e8a669bf6023357a157b9dc4780f4d4c618f2ad1d71a6a5dede45057?s=96&d=mm&r=g\",\"caption\":\"ckl\"},\"url\":\"https:\\\/\\\/cklcomunicaciones.es\\\/coop\\\/author\\\/cklcomunicaciones\\\/\"}]}<\/script>\n<!-- \/ Yoast SEO plugin. -->","yoast_head_json":{"title":"Noticias Info CKL n\u00ba 2.208-08\/10\/18-Comunica con perspectiva de g\u00e9nero","description":"Comunicar con perspectiva de g\u00e9nero: Andaluc\u00eda pide una PAC con medidas transversales para mujeres y j\u00f3venes-Las mujeres son ya el 53% de la judicatura...","robots":{"index":"index","follow":"follow","max-snippet":"max-snippet:-1","max-image-preview":"max-image-preview:large","max-video-preview":"max-video-preview:-1"},"canonical":"https:\/\/cklcomunicaciones.es\/coop\/noticias-info-ckl-no-2-208-08-10-18\/","og_locale":"es_ES","og_type":"article","og_title":"Noticias Info CKL n\u00ba 2.208-08\/10\/18-Comunica con perspectiva de g\u00e9nero","og_description":"Comunicar con perspectiva de g\u00e9nero: Andaluc\u00eda pide una PAC con medidas transversales para mujeres y j\u00f3venes-Las mujeres son ya el 53% de la judicatura...","og_url":"https:\/\/cklcomunicaciones.es\/coop\/noticias-info-ckl-no-2-208-08-10-18\/","og_site_name":"CKL Comunicaciones","article_published_time":"2018-10-08T10:30:25+00:00","article_modified_time":"2025-01-17T15:40:35+00:00","og_image":[{"width":500,"height":500,"url":"https:\/\/cklcomunicaciones.es\/coop\/wp-content\/uploads\/2018\/03\/CKL_comunicacion-con-perspetiva-de-genero.jpg","type":"image\/jpeg"}],"author":"ckl","twitter_card":"summary_large_image","twitter_misc":{"Escrito por":"ckl","Tiempo de lectura":"6 minutos"},"schema":{"@context":"https:\/\/schema.org","@graph":[{"@type":"Article","@id":"https:\/\/cklcomunicaciones.es\/coop\/noticias-info-ckl-no-2-208-08-10-18\/#article","isPartOf":{"@id":"https:\/\/cklcomunicaciones.es\/coop\/noticias-info-ckl-no-2-208-08-10-18\/"},"author":{"name":"ckl","@id":"https:\/\/cklcomunicaciones.es\/coop\/#\/schema\/person\/929a6837f7626450bbb50cee1aef266e"},"headline":"Noticias Info CKL n\u00ba 2.208-08\/10\/18","datePublished":"2018-10-08T10:30:25+00:00","dateModified":"2025-01-17T15:40:35+00:00","mainEntityOfPage":{"@id":"https:\/\/cklcomunicaciones.es\/coop\/noticias-info-ckl-no-2-208-08-10-18\/"},"wordCount":1162,"image":{"@id":"https:\/\/cklcomunicaciones.es\/coop\/noticias-info-ckl-no-2-208-08-10-18\/#primaryimage"},"thumbnailUrl":"http:\/\/www.cklcomunicaciones.es\/wp-content\/uploads\/2018\/03\/CKL_comunicacion-con-perspetiva-de-genero-300x300.jpg","articleSection":["Newsletter","Nwl v2.0"],"inLanguage":"es"},{"@type":"WebPage","@id":"https:\/\/cklcomunicaciones.es\/coop\/noticias-info-ckl-no-2-208-08-10-18\/","url":"https:\/\/cklcomunicaciones.es\/coop\/noticias-info-ckl-no-2-208-08-10-18\/","name":"Noticias Info CKL n\u00ba 2.208-08\/10\/18-Comunica con perspectiva de g\u00e9nero","isPartOf":{"@id":"https:\/\/cklcomunicaciones.es\/coop\/#website"},"primaryImageOfPage":{"@id":"https:\/\/cklcomunicaciones.es\/coop\/noticias-info-ckl-no-2-208-08-10-18\/#primaryimage"},"image":{"@id":"https:\/\/cklcomunicaciones.es\/coop\/noticias-info-ckl-no-2-208-08-10-18\/#primaryimage"},"thumbnailUrl":"http:\/\/www.cklcomunicaciones.es\/wp-content\/uploads\/2018\/03\/CKL_comunicacion-con-perspetiva-de-genero-300x300.jpg","datePublished":"2018-10-08T10:30:25+00:00","dateModified":"2025-01-17T15:40:35+00:00","author":{"@id":"https:\/\/cklcomunicaciones.es\/coop\/#\/schema\/person\/929a6837f7626450bbb50cee1aef266e"},"description":"Comunicar con perspectiva de g\u00e9nero: Andaluc\u00eda pide una PAC con medidas transversales para mujeres y j\u00f3venes-Las mujeres son ya el 53% de la judicatura...","breadcrumb":{"@id":"https:\/\/cklcomunicaciones.es\/coop\/noticias-info-ckl-no-2-208-08-10-18\/#breadcrumb"},"inLanguage":"es","potentialAction":[{"@type":"ReadAction","target":["https:\/\/cklcomunicaciones.es\/coop\/noticias-info-ckl-no-2-208-08-10-18\/"]}]},{"@type":"ImageObject","inLanguage":"es","@id":"https:\/\/cklcomunicaciones.es\/coop\/noticias-info-ckl-no-2-208-08-10-18\/#primaryimage","url":"http:\/\/www.cklcomunicaciones.es\/wp-content\/uploads\/2018\/03\/CKL_comunicacion-con-perspetiva-de-genero-300x300.jpg","contentUrl":"http:\/\/www.cklcomunicaciones.es\/wp-content\/uploads\/2018\/03\/CKL_comunicacion-con-perspetiva-de-genero-300x300.jpg"},{"@type":"BreadcrumbList","@id":"https:\/\/cklcomunicaciones.es\/coop\/noticias-info-ckl-no-2-208-08-10-18\/#breadcrumb","itemListElement":[{"@type":"ListItem","position":1,"name":"Portada","item":"https:\/\/cklcomunicaciones.es\/coop\/"},{"@type":"ListItem","position":2,"name":"Noticias Info CKL n\u00ba 2.208-08\/10\/18"}]},{"@type":"WebSite","@id":"https:\/\/cklcomunicaciones.es\/coop\/#website","url":"https:\/\/cklcomunicaciones.es\/coop\/","name":"CKL Comunicaciones","description":"Sitio web de CKL Comunicaciones coop , la consultora de comunicaci\u00f3n y estrategia","potentialAction":[{"@type":"SearchAction","target":{"@type":"EntryPoint","urlTemplate":"https:\/\/cklcomunicaciones.es\/coop\/?s={search_term_string}"},"query-input":{"@type":"PropertyValueSpecification","valueRequired":true,"valueName":"search_term_string"}}],"inLanguage":"es"},{"@type":"Person","@id":"https:\/\/cklcomunicaciones.es\/coop\/#\/schema\/person\/929a6837f7626450bbb50cee1aef266e","name":"ckl","image":{"@type":"ImageObject","inLanguage":"es","@id":"https:\/\/secure.gravatar.com\/avatar\/c82db564e8a669bf6023357a157b9dc4780f4d4c618f2ad1d71a6a5dede45057?s=96&d=mm&r=g","url":"https:\/\/secure.gravatar.com\/avatar\/c82db564e8a669bf6023357a157b9dc4780f4d4c618f2ad1d71a6a5dede45057?s=96&d=mm&r=g","contentUrl":"https:\/\/secure.gravatar.com\/avatar\/c82db564e8a669bf6023357a157b9dc4780f4d4c618f2ad1d71a6a5dede45057?s=96&d=mm&r=g","caption":"ckl"},"url":"https:\/\/cklcomunicaciones.es\/coop\/author\/cklcomunicaciones\/"}]}},"_links":{"self":[{"href":"https:\/\/cklcomunicaciones.es\/coop\/wp-json\/wp\/v2\/posts\/14206","targetHints":{"allow":["GET"]}}],"collection":[{"href":"https:\/\/cklcomunicaciones.es\/coop\/wp-json\/wp\/v2\/posts"}],"about":[{"href":"https:\/\/cklcomunicaciones.es\/coop\/wp-json\/wp\/v2\/types\/post"}],"author":[{"embeddable":true,"href":"https:\/\/cklcomunicaciones.es\/coop\/wp-json\/wp\/v2\/users\/3"}],"replies":[{"embeddable":true,"href":"https:\/\/cklcomunicaciones.es\/coop\/wp-json\/wp\/v2\/comments?post=14206"}],"version-history":[{"count":0,"href":"https:\/\/cklcomunicaciones.es\/coop\/wp-json\/wp\/v2\/posts\/14206\/revisions"}],"wp:attachment":[{"href":"https:\/\/cklcomunicaciones.es\/coop\/wp-json\/wp\/v2\/media?parent=14206"}],"wp:term":[{"taxonomy":"category","embeddable":true,"href":"https:\/\/cklcomunicaciones.es\/coop\/wp-json\/wp\/v2\/categories?post=14206"},{"taxonomy":"post_tag","embeddable":true,"href":"https:\/\/cklcomunicaciones.es\/coop\/wp-json\/wp\/v2\/tags?post=14206"}],"curies":[{"name":"wp","href":"https:\/\/api.w.org\/{rel}","templated":true}]}}