{"id":14195,"date":"2018-10-02T13:48:27","date_gmt":"2018-10-02T11:48:27","guid":{"rendered":"http:\/\/www.cklcomunicaciones.es\/?p=14195"},"modified":"2025-01-17T16:40:36","modified_gmt":"2025-01-17T15:40:36","slug":"noticias-info-ckl-no-2-203-01-10-18-2","status":"publish","type":"post","link":"https:\/\/cklcomunicaciones.es\/coop\/noticias-info-ckl-no-2-203-01-10-18-2\/","title":{"rendered":"Noticias Info CKL n\u00ba 2.204-02\/10\/18"},"content":{"rendered":"<div id=\"pl-14195\"  class=\"panel-layout\" >\n<div id=\"pg-14195-0\"  class=\"panel-grid panel-no-style\"  data-style=\"{&quot;background_image_attachment&quot;:false,&quot;background_display&quot;:&quot;tile&quot;,&quot;cell_alignment&quot;:&quot;flex-start&quot;}\" >\n<div id=\"pgc-14195-0-0\"  class=\"panel-grid-cell\"  data-weight=\"1\" >\n<div id=\"panel-14195-0-0-0\" class=\"so-panel widget widget_sow-editor panel-first-child panel-last-child\" data-index=\"0\" data-style=\"{&quot;background_image_attachment&quot;:false,&quot;background_display&quot;:&quot;tile&quot;}\" >\n<div class=\"so-widget-sow-editor so-widget-sow-editor-base\">\n<div class=\"siteorigin-widget-tinymce textwidget\">\n\t<img decoding=\"async\" class=\"lazyload  wp-image-13726\" src=\"http:\/\/www.cklcomunicaciones.es\/wp-content\/uploads\/2018\/03\/CKL_comunicacion-con-perspetiva-de-genero-300x300.jpg\" data-orig-src=\"http:\/\/www.cklcomunicaciones.es\/wp-content\/uploads\/2018\/03\/CKL_comunicacion-con-perspetiva-de-genero-300x300.jpg\" alt=\"CKL_comunicacion con perspetiva de genero\" width=\"132\" height=\"132\" srcset=\"data:image\/svg+xml,%3Csvg%20xmlns%3D%27http%3A%2F%2Fwww.w3.org%2F2000%2Fsvg%27%20width%3D%27132%27%20height%3D%27132%27%20viewBox%3D%270%200%20132%20132%27%3E%3Crect%20width%3D%27132%27%20height%3D%27132%27%20fill-opacity%3D%220%22%2F%3E%3C%2Fsvg%3E\" data-srcset=\"https:\/\/cklcomunicaciones.es\/coop\/wp-content\/uploads\/2018\/03\/CKL_comunicacion-con-perspetiva-de-genero-150x150.jpg 150w, https:\/\/cklcomunicaciones.es\/coop\/wp-content\/uploads\/2018\/03\/CKL_comunicacion-con-perspetiva-de-genero-300x300.jpg 300w, https:\/\/cklcomunicaciones.es\/coop\/wp-content\/uploads\/2018\/03\/CKL_comunicacion-con-perspetiva-de-genero-450x450.jpg 450w, https:\/\/cklcomunicaciones.es\/coop\/wp-content\/uploads\/2018\/03\/CKL_comunicacion-con-perspetiva-de-genero.jpg 500w\" data-sizes=\"auto\" data-orig-sizes=\"(max-width: 132px) 100vw, 132px\" \/><\/p>\n<p id=\":gk\" class=\"hP\" tabindex=\"-1\" data-thread-perm-id=\"thread-f:1613120316937230708\" data-legacy-thread-id=\"1662f461af025974\"><strong>Women 20: Cuatro ejes de inclusi\u00f3n para impulsar la equidad de g\u00e9nero-El Gobierno quiere usar la v\u00eda de urgencia para eliminar la brecha salarial-El 50% de las mujeres en riesgo de enfermedades neurol\u00f3gicas<\/strong><\/p>\n<p>[toggle type=\u00bbfirst\u00bb title=\u00bbConvocatorias\u00bb]<\/p>\n<ul>\n<li><a href=\"http:\/\/aammaudiovisual.com\/mujeres-documentan-mundo-vuelve-alcances-cuarto-ano-consecutivo\/\">Mujeres que documentan el mundo<\/a> [dentro del <a href=\"http:\/\/www.alcances.org\/festival\">Festival<\/a><a href=\"http:\/\/www.alcances.org\/festival\"> de Cine Documental Alcances 2018<\/a>]. Asociaci\u00f3n Andaluza de Mujeres de los Medios Audiovisuales (AAMMA), coorganiza IAM. 3 de octubre de 2018<\/li>\n<li><a href=\"http:\/\/www.juntadeandalucia.es\/iam\/catalogo\/doc\/convocatorias\/2018-genero\/SE-presentacion-libro-memorial-a-ellas.jpg\">Presentaci\u00f3n de &#8216;Memorial a ellas: que su rastro no se borre&#8217;, de Alicia Dom\u00edngue<\/a>z. Centro Andaluz de las Letras. 4 de octubre de 2018<\/li>\n<li><a href=\"https:\/\/eventos.upo.es\/event_detail\/25041\/programme\/mujeres-que-hacen-historia.html\">Mujeres que hacen Historia<\/a>. Facultad de Humanidades de la Universidad Pablo de Olavide y La Odisea de la Historia. 18 de octubre de 2018. Plazo de inscripci\u00f3n hasta el 5 de octubre de 2018<\/li>\n<li><a href=\"http:\/\/www.juntadeandalucia.es\/iam\/catalogo\/doc\/convocatorias\/2018-genero\/SE-IV-festival-cine-noviolencia.pdf\">IV Festival Internacional de Cine de la Noviolencia Activa<\/a>. Mundo Sin Guerras y Sin Violencia y La Insumisa. Sevilla, 4 y 5 de octubre de 2018<\/li>\n<li><a href=\"http:\/\/www.juntadeandalucia.es\/iam\/catalogo\/doc\/convocatorias\/2018-genero\/HU-mujeres-caminando-la-paz.pdf\">Responsabilidad social y medioambiental desde la visi\u00f3n nativoamericana: una propuesta de cambio y unidad desde la igualdad y a trav\u00e9s de los movimientos internacionales para la paz y la no violencia<\/a>. Mujeres Caminando la Paz. 25 de octubre de 2018<\/li>\n<li><a href=\"https:\/\/canal.ugr.es\/convocatoria\/cine-documental-y-visualizacion-de-des-igualdades-de-genero-proyecciones-y-debates-con-cineastas\/\">Seminario &#8216;Cine Documental y Visualizaci\u00f3n de Des\/igualdades de G\u00e9nero&#8217;<\/a>. Proyecto H2020 Marie Curie GRACE, Instituto de Estudios de las Mujeres y de G\u00e9nero de la Universidad de Granada. Del 2 al 25 de octubre de 2018<\/li>\n<\/ul>\n<p>[\/toggle]<\/p>\n<p>[toggle type=\u00bbfirst\u00bb title=\u00bbComunicaci\u00f3n\u00bb]<\/p>\n<p><a href=\"https:\/\/elpais.com\/cultura\/2018\/10\/01\/television\/1538417011_048937.html\">Mara Torres: \u201cEn la radio suena la vida\u201d<\/a> \u00a0&#8211; El Pa\u00eds<\/p>\n<p><a href=\"https:\/\/www.publico.es\/sociedad\/periodista-nieves-herrero-desvela-abuso-sexual-sufrio-no-hay-derecho-roben-infancia-manera.html\">Nieves Herrero desvela el abuso que sufri\u00f3: \u00abNo hay derecho a que te roben la infancia de esa manera\u00bb<\/a> &#8211; P\u00fablico<\/p>\n<p><a href=\"https:\/\/www.publico.es\/internacional\/igualdad-television-marroqui-lanza-premio-publicidad-machista.html\">Una televisi\u00f3n marroqu\u00ed lanza un premio a la publicidad menos machista<\/a> &#8211; P\u00fablico<\/p>\n<p><a href=\"https:\/\/elpais.com\/cultura\/2018\/10\/02\/actualidad\/1538471076_898207.html\">La Uni\u00f3n Europea aprueba el tipo reducido de IVA para los libros electr\u00f3nicos<\/a> \u2013 El Pa\u00eds<\/p>\n<p>[\/toggle]<\/p>\n<p>[toggle type=\u00bbfirst\u00bb title=\u00bbAndaluc\u00eda\u00bb]<\/p>\n<p><strong>Econom\u00eda y Empresas<\/strong><\/p>\n<p><a href=\"https:\/\/elpais.com\/elpais\/2018\/10\/01\/estilo\/1538413599_032783.html\">Las mujeres toman los fogones en C\u00f3rdoba<\/a>&#8211; El Pa\u00eds<\/p>\n<p><a href=\"http:\/\/guadix.ideal.es\/guadix\/empresarias-provincia-cita-20181001181128-nt.html\">Empresarias de toda la provincia se dan cita en Guadix en un &#8230;<\/a>&#8211; Ideal Digital<\/p>\n<p><a href=\"http:\/\/www.motrildigital.com\/tejido-organizaciones-feministas-ha-aumentado-24-andalucia\/\">El tejido de organizaciones feministas ha aumentado un 24% en Andaluc\u00eda &#8230;<\/a>&#8211; Motril@Digital<\/p>\n<p><a href=\"http:\/\/www.mujeremprendedora.net\/llega-tercera-edicion-talento-emprendedor\/\">Llega la tercera edici\u00f3n de \u2018Talento Emprendedor\u2019<\/a>&#8211; Mujeremprendedora.net<\/p>\n<p><a href=\"https:\/\/www.google.com\/url?sa=t&amp;rct=j&amp;q=&amp;esrc=s&amp;source=newssearch&amp;cd=4&amp;ved=0ahUKEwiWuJHazufdAhVPxYUKHaTqCWQQqQIIMCgAMAM&amp;url=http%3A%2F%2Fwww.europapress.es%2Fesandalucia%2Fsevilla%2Fnoticia-andalucia-emprende-reune-medio-centenar-empresas-instituciones-innocreativa-20181002125935.html&amp;usg=AOvVaw0GcVVrAx1K0INOWAPxiqmH\">Andaluc\u00eda Emprende re\u00fane a medio centenar de empresas e instituciones en Innocreativa&#8230;<\/a>&#8211; Europa Press<\/p>\n<p><a href=\"http:\/\/www.juntadeandalucia.es\/presidencia\/portavoz\/136527\/MedioAmbiente\/formacion\/empleoverde\/actividades\/parquesnaturales\/reciclaje\/JuntadeAndalucia\/ConsejeriadeMedioAmbiente\">Formaci\u00f3n gratis para profesionales del sector medioambiental<\/a>\u2013 Oficina del Portavoz<\/p>\n<p><a href=\"https:\/\/www.diariosur.es\/andalucia\/desempleo-sube-12021-20181002092402-nt.html\">El desempleo sube en 12.021 personas en septiembre en <em>Andaluc\u00eda<\/em><\/a>&#8211; Sur Digital<\/p>\n<p><strong>Actualidad<\/strong><\/p>\n<p><a href=\"https:\/\/www.google.com\/url?sa=t&amp;rct=j&amp;q=&amp;esrc=s&amp;source=newssearch&amp;cd=9&amp;cad=rja&amp;uact=8&amp;ved=0ahUKEwilva6zzefdAhVEWxoKHZMcA1oQqQIIPigAMAg&amp;url=https%3A%2F%2Fandaluciainformacion.es%2Fcordoba%2F778870%2Fempleadas-y-pacientes-de-clinica-abortista-senalan-acoso-en-algeciras%2F&amp;usg=AOvVaw0B8CcU34xQpR5uf7flOhI4\">Empleadas y pacientes de cl\u00ednica abortista se\u00f1alan acoso en Algeciras<\/a>&#8211; Andaluc\u00eda Informaci\u00f3n<\/p>\n<p><a href=\"https:\/\/www.google.com\/url?sa=t&amp;rct=j&amp;q=&amp;esrc=s&amp;source=newssearch&amp;cd=10&amp;ved=0ahUKEwjI5oGx0efdAhVMJBoKHXR2BmUQqQIIQigAMAk&amp;url=https%3A%2F%2Fandaluciainformacion.es%2Fchiclana%2F778877%2Fla-asociacion-igualmente-recibe-el-premio-emilio-castelar%2F&amp;usg=AOvVaw0PRSuKLyKLgS7fe6UOGNC0\">La Asociaci\u00f3n &#8216;Igualmente&#8217; recibe el Premio &#8216;Emilio Castelar&#8217;<\/a>&#8211; Andaluc\u00eda Informaci\u00f3n<\/p>\n<p><a href=\"https:\/\/www.google.com\/url?sa=t&amp;rct=j&amp;q=&amp;esrc=s&amp;source=newssearch&amp;cd=11&amp;ved=0ahUKEwjpsOrnz-fdAhUGzYUKHZ2LCEM4ChCpAggmKAAwAA&amp;url=http%3A%2F%2Fwww.europapress.es%2Fandalucia%2Fnoticia-juana-rivas-recoge-sentencia-condena-cinco-anos-prision-pide-justicia-hijos-20181002121531.html&amp;usg=AOvVaw2s9Ey1uot8gcVsNtGeLFH8\">Juana Rivas recoge la sentencia que la condena a cinco a\u00f1os de prisi\u00f3n &#8230;<\/a>&#8211; Europa Press<\/p>\n<p><a href=\"http:\/\/www.juntadeandalucia.es\/presidencia\/portavoz\/136833\/FAMP\/ayuntamientos\/administracionlocal\/memoria\/JimenezBarrios\">Junta y FAMP impulsan la recuperaci\u00f3n de la Memoria Hist\u00f3rica en la Administraci\u00f3n local<\/a> \u2013 Oficina del Portavoz<\/p>\n<p><strong>Violencias<\/strong><\/p>\n<p><a href=\"https:\/\/www.google.com\/url?rct=j&amp;sa=t&amp;url=http:\/\/www.europapress.es\/esandalucia\/granada\/noticia-junta-incide-coordinacion-profundizacion-fallos-mejorar-protocolos-deteccion-violencia-genero-20181001130107.html&amp;ct=ga&amp;cd=CAEYByoUMTY5NDYxNTMyMDI3NDgxMjU3MDIyGWMwMzcyZWJjMmZlYWRhNTk6ZXM6ZXM6RVM&amp;usg=AFQjCNG25yqwu75uwV0NvG-9qSMyndPGZg\">Junta incide en la coordinaci\u00f3n y profundizaci\u00f3n en fallos para mejorar protocolos de detecci\u00f3n de &#8230; <\/a>-Europa Press<\/p>\n<p><a href=\"https:\/\/www.diariodecadiz.es\/chiclana\/Mujer-celebra-jornada-explotacion-mujeres_0_1287471297.html\">Mujer celebra la jornada contra la explotaci\u00f3n sexual, la trata de &#8230;<\/a>&#8211; Diario de C\u00e1diz<\/p>\n<p><a href=\"http:\/\/www.elmundo.es\/andalucia\/2018\/10\/01\/5bb20308ca4741ad158b4621.html\">La Audiencia rechaza dejar libre al miembro de La Manada acusado de robar unas gafas<\/a> \u2013 El Mundo<\/p>\n<p><strong>Ciencia y Cultura<\/strong><\/p>\n<p><a href=\"https:\/\/www.lavozdigital.es\/cadiz\/lvdi-acoge-congreso-jovenes-investigadores-mar-3-5-octubre-201810021235_noticia.html\">La UCA acoge el I Congreso de J\u00f3venes Investigadores del Mar del 3 al 5 de octubre &#8230;<\/a>&#8211; La Voz Digital<\/p>\n<p><a href=\"https:\/\/www.google.com\/url?rct=j&amp;sa=t&amp;url=http:\/\/www.heconomia.es\/volatil.asp%3Fo%3D1538396173&amp;ct=ga&amp;cd=CAEYBSoTMzIwNTI1NDg2ODQ0NDAzMjY5MDIZZDc4ZTU4NzVhMGYxZjJhYzplczplczpFUw&amp;usg=AFQjCNHw96AAT35dsetP9CY5_YqJtAuFwQ\">La Universidad de Huelva renueva su compromiso con el Festival de Cine Iberoamericano <\/a>&#8211; Heconomia.es<\/p>\n<p><a href=\"https:\/\/www.google.com\/url?rct=j&amp;sa=t&amp;url=http:\/\/www.europapress.es\/esandalucia\/cordoba\/noticia-artes-escenicas-llegan-festival-eutopia-diferentes-propuestas-mujer-protagonista-20181001174217.html&amp;ct=ga&amp;cd=CAEYAioTNDY3MTA2OTQyOTI5ODk0Mjc5NzIZYzAzNzJlYmMyZmVhZGE1OTplczplczpFUw&amp;usg=AFQjCNG0ilY8muad6xmOxZqnRjvVFnxykA\">Las artes esc\u00e9nicas llegan al Festival Eutop\u00eda con diferentes propuestas y la mujer como &#8230; <\/a>-Europa Press<\/p>\n<p><a href=\"https:\/\/www.google.com\/url?sa=t&amp;rct=j&amp;q=&amp;esrc=s&amp;source=newssearch&amp;cd=30&amp;ved=0ahUKEwievKSm1OfdAhWtzIUKHdIdD4o4FBCpAghBKAAwCQ&amp;url=http%3A%2F%2Fwww.europapress.es%2Fesandalucia%2Fhuelva%2Fnoticia-huelva-acogera-diciembre-festival-circo-contemporaneo-incluido-dentro-plan-culthura-20181001151506.html&amp;usg=AOvVaw2aoVP9ijGOKlLNUIlgF0fN\">Huelva acoger\u00e1 en diciembre el I Festival de Circo Contempor\u00e1neo &#8230;<\/a>&#8211; Europa Press<\/p>\n<p><strong>Deporte<\/strong><\/p>\n<p><a href=\"https:\/\/www.lavozdigital.es\/deportes\/cadiz\/lvdi-sanchez-pone-acento-gaditano-bronce-espana-mundial-201810021224_noticia.html\">Bea S\u00e1nchez pone el acento gaditano al bronce de Espa\u00f1a en el &#8230;<\/a>&#8211; La Voz Digital<\/p>\n<p><a href=\"https:\/\/www.google.com\/url?sa=t&amp;rct=j&amp;q=&amp;esrc=s&amp;source=newssearch&amp;cd=3&amp;ved=0ahUKEwjs6-_B0-fdAhVDlxoKHdCJCDQQqQIILSgAMAI&amp;url=https%3A%2F%2Fwww.diariosur.es%2Fdeportes%2Fmas-deportes%2Fcorsarias-paso-frente-20181002233357-nt.html&amp;usg=AOvVaw1TK6ze_93C_goGfhzcIIbp\">Las Corsarias dan un paso al frente<\/a>-Sur Digital<\/p>\n<p>[\/toggle]<\/p>\n<p>[toggle type=\u00bbfirst\u00bb title=\u00bbEstado\u00bb]<\/p>\n<p><strong>Institucional<\/strong><\/p>\n<p><a href=\"https:\/\/www.publico.es\/sociedad\/asesinatos-machistas-interior-protocolo-evaluar-riesgo-asesinato-victimas-violencia-machista.html\">Interior trabaja en un protocolo para evaluar el riesgo de asesinato de v\u00edctimas de violencia machista<\/a> &#8211; P\u00fablico<strong>\u00a0<\/strong><\/p>\n<p><strong>Institucional-CCAA<\/strong><\/p>\n<p><a href=\"https:\/\/www.google.com\/url?rct=j&amp;sa=t&amp;url=https:\/\/www.eldigitalcastillalamancha.es\/actualidad\/362329813\/Senalan-tres-puntos-de-Castilla-La-Mancha-con-mujeres-en-riesgo-de-sufrir-mutilacion-genital.html&amp;ct=ga&amp;cd=CAEYASoUMTY5NDYxNTMyMDI3NDgxMjU3MDIyGWMwMzcyZWJjMmZlYWRhNTk6ZXM6ZXM6RVM&amp;usg=AFQjCNHLPq3oAEdCL3rSxuFP9jNMein41w\">Se\u00f1alan tres puntos de Castilla-La Mancha con mujeres en riesgo de sufrir mutilaci\u00f3n genital <\/a>-El Digital de Castilla la Mancha<\/p>\n<p><a href=\"https:\/\/www.google.com\/url?rct=j&amp;sa=t&amp;url=https:\/\/www.eldiario.es\/cv\/politica\/Gobierno-violencia-machista-formacion-coordinacion_0_820318282.html&amp;ct=ga&amp;cd=CAEYFioUMTY5NDYxNTMyMDI3NDgxMjU3MDIyGWMwMzcyZWJjMmZlYWRhNTk6ZXM6ZXM6RVM&amp;usg=AFQjCNEy_DMJm7lHs0LTY2ChLfpp8O5m4g\">El Gobierno valenciano contra la violencia machista: M\u00e1s medios, m\u00e1s formaci\u00f3n y mejor &#8230;-<\/a><a href=\"http:\/\/eldiario.es\">eldiario.es<\/a><\/p>\n<p><a href=\"https:\/\/www.google.com\/url?rct=j&amp;sa=t&amp;url=https:\/\/www.regiondigital.com\/noticias\/extremadura\/300022-consejo-senegales-mujeres-muestra-en-extremadura-su-labor-por-conseguir-equidad-de-genero.html&amp;ct=ga&amp;cd=CAEYASoTNDY3MTA2OTQyOTI5ODk0Mjc5NzIZYzAzNzJlYmMyZmVhZGE1OTplczplczpFUw&amp;usg=AFQjCNFXdAlvyq2htDkw_8K2M2CvH1eGog\">Consejo Senegal\u00e9s Mujeres muestra en Extremadura su labor por conseguir equidad de g\u00e9nero <\/a>-Regi\u00f3n Digital<\/p>\n<p><a href=\"https:\/\/ctxt.es\/es\/20180926\/Politica\/21945\/feminismo-tabacalera-obreras-transicion-clase-miguel-ezquiaga-solidaridad-trabajadores.htm\">Obreras y feministas: las \u00faltimas cigarreras de Lavapi\u00e9s<\/a> &#8211; P\u00fablico<\/p>\n<p><strong>Econom\u00eda y Empresa<\/strong><\/p>\n<p><a href=\"https:\/\/elpais.com\/economia\/2018\/10\/02\/actualidad\/1538469852_513160.html\">El Gobierno quiere usar la v\u00eda de urgencia para igualar los sueldos de hombres y mujeres<\/a>&#8211; El Pa\u00eds<\/p>\n<p><a href=\"https:\/\/www.publico.es\/espana\/igualdad-laboral-gobierno-dispuesto-tramitar-ley-exige-presencia-femenina-puestos-empresas.html\">El Gobierno, dispuesto a tramitar por v\u00eda urgente la ley que exige presencia femenina en los puestos de poder de las empresas<\/a> &#8211; P\u00fablico<\/p>\n<p><a href=\"http:\/\/www.mujeremprendedora.net\/ana-plaza-inaugura-foro-mundial-empresarial-ods\/\">Ana Plaza, Secretaria General de la CEOE, inaugura el Foro Mundial Empresarial sobre ODS<\/a>\u2013 Mujeremprendedora.net<\/p>\n<p><a href=\"https:\/\/www.publico.es\/economia\/paro-sube-septiembre-doble-mujeres-hombres.html\">El aumento del paro en septiembre castiga el doble a las mujeres que a los hombres<\/a>&#8211; P\u00fablico<\/p>\n<p><a href=\"http:\/\/www.mujeremprendedora.net\/8-698-329-trabajadoras-cifra-record-mes-septiembre\/\">8.698.329 de trabajadoras, cifra r\u00e9cord en un mes de septiembre<\/a> \u2013 Mujeremprendedora.net<\/p>\n<p><strong>Actualidad<\/strong><\/p>\n<p><a href=\"https:\/\/www.google.com\/url?sa=t&amp;rct=j&amp;q=&amp;esrc=s&amp;source=newssearch&amp;cd=5&amp;ved=0ahUKEwi1qov1yefdAhURxxoKHawdD9AQqQIIMygAMAQ&amp;url=https%3A%2F%2Fwww.elconfidencial.com%2Fespana%2F2018-10-01%2Fdenuncian-acoso-mujeres-interrupcion-embarazo_1623770%2F&amp;usg=AOvVaw3V5QWXOECn0QgNPvoEt9Jc\">Denuncian acoso a las mujeres que acuden a centros de interrupci\u00f3n del embarazo &#8230;<\/a>&#8211; El Confidencial<\/p>\n<p><a href=\"https:\/\/www.google.com\/url?sa=t&amp;rct=j&amp;q=&amp;esrc=s&amp;source=newssearch&amp;cd=9&amp;ved=0ahUKEwi1qov1yefdAhURxxoKHawdD9AQqQIIPigAMAg&amp;url=https%3A%2F%2Felpais.com%2Felpais%2F2018%2F10%2F01%2Fdias_de_vino_y_podcasts%2F1538411268_261082.html&amp;usg=AOvVaw3Z9jkFYnzxK6JPIbkgex1o\">&#8216;Vostok 6&#8217;, el podcast de las pioneras<\/a>&#8211; El Pa\u00eds<\/p>\n<p><a href=\"https:\/\/www.google.com\/url?sa=t&amp;rct=j&amp;q=&amp;esrc=s&amp;source=newssearch&amp;cd=10&amp;ved=0ahUKEwi1qov1yefdAhURxxoKHawdD9AQqQIIQSgAMAk&amp;url=https%3A%2F%2Fwww.eldiario.es%2Fsociedad%2Fmujeres-hombres-desarrollar-enfermedades-neurologicas_0_820667934.html&amp;usg=AOvVaw0HlNR4_dwPfCEWnH1ykpjj\">La mitad de mujeres y un tercio de hombres en riesgo de desarrollar enfermedades neurol\u00f3gicas &#8230;<\/a>&#8211; eldiario.es<\/p>\n<p><strong>Violencia<\/strong><\/p>\n<p><a href=\"https:\/\/tribunafeminista.elplural.com\/2018\/09\/la-historia-de-mujeres-que-tejen-contra-la-violencia-sexista-plasmada-en-un-documental\/\">La historia de mujeres que tejen contra la violencia sexista plasmada en un documental \u2026<\/a>&#8211;<a href=\"http:\/\/elplural.com\">elplural.com<\/a><\/p>\n<p><a href=\"https:\/\/www.google.com\/url?rct=j&amp;sa=t&amp;url=http:\/\/www.elmundo.es\/comunidad-valenciana\/castellon\/2018\/10\/01\/5bb205ea22601d3f4e8b4610.html&amp;ct=ga&amp;cd=CAEYCyoUMTY5NDYxNTMyMDI3NDgxMjU3MDIyGWMwMzcyZWJjMmZlYWRhNTk6ZXM6ZXM6RVM&amp;usg=AFQjCNFbHjr0FKcfZlhs0-IcKIzbqlhOfA\">El &#8216;mea culpa&#8217; de la consellera de Justicia: \u00abEl sistema fall\u00f3 en el caso de las ni\u00f1as asesinadas en Castell\u00f3n &#8230; <\/a>-El Mundo<\/p>\n<p><a href=\"https:\/\/www.google.com\/url?rct=j&amp;sa=t&amp;url=https:\/\/andaluciainformacion.es\/chiclana\/778873\/-espana-es-uno-de-los-grandes-paises-de-captacion-de-mujeres-\/&amp;ct=ga&amp;cd=CAEYBCoUMTQ5MzMxNTU0NzAzMjc2MDYzMDIyGWMwMzcyZWJjMmZlYWRhNTk6ZXM6ZXM6RVM&amp;usg=AFQjCNGoCbDuoQ_97ioPwsSQwmWTKSbzBg\">\u00abEspa\u00f1a es uno de los grandes pa\u00edses de captaci\u00f3n de mujeres\u00bb <\/a>-Andaluc\u00eda Informaci\u00f3n<strong>\u00a0<\/strong><\/p>\n<p><strong>Ciencia y Cultura<\/strong><\/p>\n<p><a href=\"https:\/\/www.heraldo.es\/noticias\/suplementos\/tercer-milenio\/divulgacion\/2018\/10\/02\/ciencia-tecnologia-femenino-1269277-2121028.html\">Ciencia y tecnolog\u00eda en femenino<\/a>&#8211; Heraldo.es<\/p>\n<p><a href=\"https:\/\/www.publico.es\/culturas\/entrevista-aterciopelados-disco-claroscura-feminismo.html\">\u00abLa discriminaci\u00f3n por razones de g\u00e9nero es terrible y parece instintiva\u00bb<\/a> &#8211; P\u00fablico<\/p>\n<p><a href=\"https:\/\/www.publico.es\/culturas\/pintoras-libro-reivindica-jovenes-papel-mujer-pincel.html\">&#8216;Pintoras&#8217;, el libro que reivindica para los m\u00e1s j\u00f3venes el papel de la mujer al pincel<\/a>&#8211; P\u00fablico<strong>\u00a0<\/strong><\/p>\n<p><strong>Deporte<\/strong><\/p>\n<p><a href=\"http:\/\/www.elmundo.es\/deportes\/baloncesto\/2018\/09\/30\/5bb12f00268e3e46418b45eb.html\">\u00bfQu\u00e9 futuro aguarda al baloncesto femenino?<\/a> \u2013 El Mundo<\/p>\n<p><a href=\"http:\/\/www.elmundo.es\/deportes\/motociclismo\/2018\/10\/01\/5bb25750468aebbf4e8b4633.html\">Ana Carrasco: \u00abLlevaba tiempo diciendo que una mujer pod\u00eda ganar el Mundial, pero hab\u00eda que demostrarlo\u00bb<\/a><\/p>\n<p>[\/toggle]<\/p>\n<p>[toggle type=\u00bbfirst\u00bb title=\u00bbInternacional\u00bb]<\/p>\n<p><a href=\"https:\/\/www.google.com\/url?sa=t&amp;rct=j&amp;q=&amp;esrc=s&amp;source=newssearch&amp;cd=16&amp;ved=0ahUKEwijjd3HzufdAhUE1BoKHTaSA5Y4ChCpAggzKAAwBQ&amp;url=https%3A%2F%2Fwww.eldigitaldeasturias.com%2Fnoticias%2Fwomen-20-cuatro-ejes-de-inclusion-para-impulsar-la-equidad-de-genero%2F&amp;usg=AOvVaw2u4s99iLzyxtdyz66ygf_u\">Women 20: Cuatro ejes de inclusi\u00f3n para impulsar la equidad de g\u00e9nero&#8230;<\/a>&#8211; El Digital de Asturias<\/p>\n<p><a href=\"https:\/\/www.filo.news\/actualidad\/Cuales-son-las-propuestas-de-organizaciones-feministas-para-un-W20-inclusivo-20181001-0021.html\">\u00bfCu\u00e1les son las propuestas de organizaciones feministas para un &#8230;<\/a>-Filo News<\/p>\n<p><a href=\"http:\/\/www.elmundo.es\/economia\/2018\/10\/01\/5bb23f9b468aebb5478b4615.html\">Lagarde, Presidenta del Fondo Monetario Internacional, asegura que los aranceles de Trump empiezan a frenar la econom\u00eda global<\/a>\u2013 El Mundo<\/p>\n<p><a href=\"http:\/\/www.mujeremprendedora.net\/cinco-mujeres-triunfan-mundo-empresarial\/\">Cinco mujeres que triunfan en el mundo empresarial<\/a> \u2013 Mujeremprendedora.net<\/p>\n<p><a href=\"http:\/\/www.elmundo.es\/internacional\/2018\/10\/01\/5bb11142e2704e716e8b4633.html\">Conferencia &#8216;tory&#8217;: la \u00faltima prueba de Theresa May<\/a> \u2013 El Mundo<\/p>\n<p><a href=\"https:\/\/magnet.xataka.com\/en-diez-minutos\/supershe-isla-finlandesa-donde-hombres-estan-prohibidos-mujeres-pobres-tambien\">SuperShe, la isla finlandesa donde los hombres est\u00e1n prohibidos &#8230;<\/a>&#8211; Magnet<\/p>\n<p><a href=\"https:\/\/tribunafeminista.elplural.com\/2018\/10\/italia-debate-una-reforma-de-ley-del-divorcio-a-medida-del-neomachismo\/\">Italia debate una reforma de ley del divorcio a medida del neomachismo<\/a>&#8211; <a href=\"http:\/\/elplural.com\">elplural.com<\/a><\/p>\n<p><a href=\"https:\/\/www.publico.es\/culturas\/nobel-literatura-anos-carcel-violacion-causante-escandalo-academia-sueca.html\">Dos a\u00f1os de c\u00e1rcel por violaci\u00f3n para el causante del esc\u00e1ndalo de la Academia Sueca<\/a>&#8211; P\u00fablico<\/p>\n<p><a href=\"https:\/\/elpais.com\/elpais\/2018\/10\/02\/ciencia\/1538468398_951048.html\">Premio Nobel de F\u00edsica 2018 a \u00ablas herramientas hechas de luz\u00bb<\/a> \u2013 El Pa\u00eds<\/p>\n<p><a href=\"https:\/\/elpais.com\/elpais\/2018\/10\/01\/gente\/1538393150_931988.html\">Serena Williams se une al proyecto \u201cI Touch Myself\u201d para concienciar sobre el c\u00e1ncer de mama<\/a>\u2013 El Pa\u00eds<\/p>\n<p><a href=\"https:\/\/www.google.com\/url?sa=t&amp;rct=j&amp;q=&amp;esrc=s&amp;source=newssearch&amp;cd=17&amp;ved=0ahUKEwja4Jnr0ufdAhWHz4UKHfsrAsE4ChCpAgg3KAAwBg&amp;url=https%3A%2F%2Fwww.lne.es%2Fdeportes%2F2018%2F10%2F02%2Ffifa-propone-aumentar-premios-mundial%2F2356993.html&amp;usg=AOvVaw0l9pS4YwmL0yY8tZg93uOb\">La FIFA propone aumentar los premios del Mundial femenino<\/a>&#8211; La Nueva Espa\u00f1a<\/p>\n<p>[\/toggle]<\/p><\/div>\n<\/div>\n<\/div>\n<\/div>\n<\/div>\n<\/div>\n","protected":false},"excerpt":{"rendered":"<p>Women 20: Cuatro ejes de inclusi\u00f3n para impulsar la equidad <a href=\"https:\/\/cklcomunicaciones.es\/coop\/noticias-info-ckl-no-2-203-01-10-18-2\/\">[&#8230;]<\/a><\/p>\n","protected":false},"author":3,"featured_media":0,"comment_status":"closed","ping_status":"closed","sticky":false,"template":"","format":"standard","meta":{"footnotes":""},"categories":[298,623],"tags":[],"class_list":["post-14195","post","type-post","status-publish","format-standard","hentry","category-newsletter","category-nwl-2-0"],"yoast_head":"<!-- This site is optimized with the Yoast SEO plugin v27.5 - https:\/\/yoast.com\/product\/yoast-seo-wordpress\/ -->\n<title>Noticias Info CKL n\u00ba 2.204-02\/10\/18-Comunica con perspectiva de g\u00e9nero<\/title>\n<meta name=\"description\" content=\"Comunicar con perspectiva de g\u00e9nero: omen 20: Cuatro ejes de inclusi\u00f3n para impulsar la equidad de g\u00e9nero-El Gobierno quiere usar la v\u00eda de urgencia para eliminar la brecha salarial\" \/>\n<meta name=\"robots\" content=\"index, follow, max-snippet:-1, max-image-preview:large, max-video-preview:-1\" \/>\n<link rel=\"canonical\" href=\"https:\/\/cklcomunicaciones.es\/coop\/noticias-info-ckl-no-2-203-01-10-18-2\/\" \/>\n<meta property=\"og:locale\" content=\"es_ES\" \/>\n<meta property=\"og:type\" content=\"article\" \/>\n<meta property=\"og:title\" content=\"Noticias Info CKL n\u00ba 2.204-02\/10\/18-Comunica con perspectiva de g\u00e9nero\" \/>\n<meta property=\"og:description\" content=\"Comunicar con perspectiva de g\u00e9nero: omen 20: Cuatro ejes de inclusi\u00f3n para impulsar la equidad de g\u00e9nero-El Gobierno quiere usar la v\u00eda de urgencia para eliminar la brecha salarial\" \/>\n<meta property=\"og:url\" content=\"https:\/\/cklcomunicaciones.es\/coop\/noticias-info-ckl-no-2-203-01-10-18-2\/\" \/>\n<meta property=\"og:site_name\" content=\"CKL Comunicaciones\" \/>\n<meta property=\"article:published_time\" content=\"2018-10-02T11:48:27+00:00\" \/>\n<meta property=\"article:modified_time\" content=\"2025-01-17T15:40:36+00:00\" \/>\n<meta property=\"og:image\" content=\"https:\/\/cklcomunicaciones.es\/coop\/wp-content\/uploads\/2018\/03\/CKL_comunicacion-con-perspetiva-de-genero.jpg\" \/>\n\t<meta property=\"og:image:width\" content=\"500\" \/>\n\t<meta property=\"og:image:height\" content=\"500\" \/>\n\t<meta property=\"og:image:type\" content=\"image\/jpeg\" \/>\n<meta name=\"author\" content=\"ckl\" \/>\n<meta name=\"twitter:card\" content=\"summary_large_image\" \/>\n<meta name=\"twitter:label1\" content=\"Escrito por\" \/>\n\t<meta name=\"twitter:data1\" content=\"ckl\" \/>\n\t<meta name=\"twitter:label2\" content=\"Tiempo de lectura\" \/>\n\t<meta name=\"twitter:data2\" content=\"6 minutos\" \/>\n<script type=\"application\/ld+json\" class=\"yoast-schema-graph\">{\"@context\":\"https:\\\/\\\/schema.org\",\"@graph\":[{\"@type\":\"Article\",\"@id\":\"https:\\\/\\\/cklcomunicaciones.es\\\/coop\\\/noticias-info-ckl-no-2-203-01-10-18-2\\\/#article\",\"isPartOf\":{\"@id\":\"https:\\\/\\\/cklcomunicaciones.es\\\/coop\\\/noticias-info-ckl-no-2-203-01-10-18-2\\\/\"},\"author\":{\"name\":\"ckl\",\"@id\":\"https:\\\/\\\/cklcomunicaciones.es\\\/coop\\\/#\\\/schema\\\/person\\\/929a6837f7626450bbb50cee1aef266e\"},\"headline\":\"Noticias Info CKL n\u00ba 2.204-02\\\/10\\\/18\",\"datePublished\":\"2018-10-02T11:48:27+00:00\",\"dateModified\":\"2025-01-17T15:40:36+00:00\",\"mainEntityOfPage\":{\"@id\":\"https:\\\/\\\/cklcomunicaciones.es\\\/coop\\\/noticias-info-ckl-no-2-203-01-10-18-2\\\/\"},\"wordCount\":1172,\"image\":{\"@id\":\"https:\\\/\\\/cklcomunicaciones.es\\\/coop\\\/noticias-info-ckl-no-2-203-01-10-18-2\\\/#primaryimage\"},\"thumbnailUrl\":\"http:\\\/\\\/www.cklcomunicaciones.es\\\/wp-content\\\/uploads\\\/2018\\\/03\\\/CKL_comunicacion-con-perspetiva-de-genero-300x300.jpg\",\"articleSection\":[\"Newsletter\",\"Nwl v2.0\"],\"inLanguage\":\"es\"},{\"@type\":\"WebPage\",\"@id\":\"https:\\\/\\\/cklcomunicaciones.es\\\/coop\\\/noticias-info-ckl-no-2-203-01-10-18-2\\\/\",\"url\":\"https:\\\/\\\/cklcomunicaciones.es\\\/coop\\\/noticias-info-ckl-no-2-203-01-10-18-2\\\/\",\"name\":\"Noticias Info CKL n\u00ba 2.204-02\\\/10\\\/18-Comunica con perspectiva de g\u00e9nero\",\"isPartOf\":{\"@id\":\"https:\\\/\\\/cklcomunicaciones.es\\\/coop\\\/#website\"},\"primaryImageOfPage\":{\"@id\":\"https:\\\/\\\/cklcomunicaciones.es\\\/coop\\\/noticias-info-ckl-no-2-203-01-10-18-2\\\/#primaryimage\"},\"image\":{\"@id\":\"https:\\\/\\\/cklcomunicaciones.es\\\/coop\\\/noticias-info-ckl-no-2-203-01-10-18-2\\\/#primaryimage\"},\"thumbnailUrl\":\"http:\\\/\\\/www.cklcomunicaciones.es\\\/wp-content\\\/uploads\\\/2018\\\/03\\\/CKL_comunicacion-con-perspetiva-de-genero-300x300.jpg\",\"datePublished\":\"2018-10-02T11:48:27+00:00\",\"dateModified\":\"2025-01-17T15:40:36+00:00\",\"author\":{\"@id\":\"https:\\\/\\\/cklcomunicaciones.es\\\/coop\\\/#\\\/schema\\\/person\\\/929a6837f7626450bbb50cee1aef266e\"},\"description\":\"Comunicar con perspectiva de g\u00e9nero: omen 20: Cuatro ejes de inclusi\u00f3n para impulsar la equidad de g\u00e9nero-El Gobierno quiere usar la v\u00eda de urgencia para eliminar la brecha salarial\",\"breadcrumb\":{\"@id\":\"https:\\\/\\\/cklcomunicaciones.es\\\/coop\\\/noticias-info-ckl-no-2-203-01-10-18-2\\\/#breadcrumb\"},\"inLanguage\":\"es\",\"potentialAction\":[{\"@type\":\"ReadAction\",\"target\":[\"https:\\\/\\\/cklcomunicaciones.es\\\/coop\\\/noticias-info-ckl-no-2-203-01-10-18-2\\\/\"]}]},{\"@type\":\"ImageObject\",\"inLanguage\":\"es\",\"@id\":\"https:\\\/\\\/cklcomunicaciones.es\\\/coop\\\/noticias-info-ckl-no-2-203-01-10-18-2\\\/#primaryimage\",\"url\":\"http:\\\/\\\/www.cklcomunicaciones.es\\\/wp-content\\\/uploads\\\/2018\\\/03\\\/CKL_comunicacion-con-perspetiva-de-genero-300x300.jpg\",\"contentUrl\":\"http:\\\/\\\/www.cklcomunicaciones.es\\\/wp-content\\\/uploads\\\/2018\\\/03\\\/CKL_comunicacion-con-perspetiva-de-genero-300x300.jpg\"},{\"@type\":\"BreadcrumbList\",\"@id\":\"https:\\\/\\\/cklcomunicaciones.es\\\/coop\\\/noticias-info-ckl-no-2-203-01-10-18-2\\\/#breadcrumb\",\"itemListElement\":[{\"@type\":\"ListItem\",\"position\":1,\"name\":\"Portada\",\"item\":\"https:\\\/\\\/cklcomunicaciones.es\\\/coop\\\/\"},{\"@type\":\"ListItem\",\"position\":2,\"name\":\"Noticias Info CKL n\u00ba 2.204-02\\\/10\\\/18\"}]},{\"@type\":\"WebSite\",\"@id\":\"https:\\\/\\\/cklcomunicaciones.es\\\/coop\\\/#website\",\"url\":\"https:\\\/\\\/cklcomunicaciones.es\\\/coop\\\/\",\"name\":\"CKL Comunicaciones\",\"description\":\"Sitio web de CKL Comunicaciones coop , la consultora de comunicaci\u00f3n y estrategia\",\"potentialAction\":[{\"@type\":\"SearchAction\",\"target\":{\"@type\":\"EntryPoint\",\"urlTemplate\":\"https:\\\/\\\/cklcomunicaciones.es\\\/coop\\\/?s={search_term_string}\"},\"query-input\":{\"@type\":\"PropertyValueSpecification\",\"valueRequired\":true,\"valueName\":\"search_term_string\"}}],\"inLanguage\":\"es\"},{\"@type\":\"Person\",\"@id\":\"https:\\\/\\\/cklcomunicaciones.es\\\/coop\\\/#\\\/schema\\\/person\\\/929a6837f7626450bbb50cee1aef266e\",\"name\":\"ckl\",\"image\":{\"@type\":\"ImageObject\",\"inLanguage\":\"es\",\"@id\":\"https:\\\/\\\/secure.gravatar.com\\\/avatar\\\/c82db564e8a669bf6023357a157b9dc4780f4d4c618f2ad1d71a6a5dede45057?s=96&d=mm&r=g\",\"url\":\"https:\\\/\\\/secure.gravatar.com\\\/avatar\\\/c82db564e8a669bf6023357a157b9dc4780f4d4c618f2ad1d71a6a5dede45057?s=96&d=mm&r=g\",\"contentUrl\":\"https:\\\/\\\/secure.gravatar.com\\\/avatar\\\/c82db564e8a669bf6023357a157b9dc4780f4d4c618f2ad1d71a6a5dede45057?s=96&d=mm&r=g\",\"caption\":\"ckl\"},\"url\":\"https:\\\/\\\/cklcomunicaciones.es\\\/coop\\\/author\\\/cklcomunicaciones\\\/\"}]}<\/script>\n<!-- \/ Yoast SEO plugin. -->","yoast_head_json":{"title":"Noticias Info CKL n\u00ba 2.204-02\/10\/18-Comunica con perspectiva de g\u00e9nero","description":"Comunicar con perspectiva de g\u00e9nero: omen 20: Cuatro ejes de inclusi\u00f3n para impulsar la equidad de g\u00e9nero-El Gobierno quiere usar la v\u00eda de urgencia para eliminar la brecha salarial","robots":{"index":"index","follow":"follow","max-snippet":"max-snippet:-1","max-image-preview":"max-image-preview:large","max-video-preview":"max-video-preview:-1"},"canonical":"https:\/\/cklcomunicaciones.es\/coop\/noticias-info-ckl-no-2-203-01-10-18-2\/","og_locale":"es_ES","og_type":"article","og_title":"Noticias Info CKL n\u00ba 2.204-02\/10\/18-Comunica con perspectiva de g\u00e9nero","og_description":"Comunicar con perspectiva de g\u00e9nero: omen 20: Cuatro ejes de inclusi\u00f3n para impulsar la equidad de g\u00e9nero-El Gobierno quiere usar la v\u00eda de urgencia para eliminar la brecha salarial","og_url":"https:\/\/cklcomunicaciones.es\/coop\/noticias-info-ckl-no-2-203-01-10-18-2\/","og_site_name":"CKL Comunicaciones","article_published_time":"2018-10-02T11:48:27+00:00","article_modified_time":"2025-01-17T15:40:36+00:00","og_image":[{"width":500,"height":500,"url":"https:\/\/cklcomunicaciones.es\/coop\/wp-content\/uploads\/2018\/03\/CKL_comunicacion-con-perspetiva-de-genero.jpg","type":"image\/jpeg"}],"author":"ckl","twitter_card":"summary_large_image","twitter_misc":{"Escrito por":"ckl","Tiempo de lectura":"6 minutos"},"schema":{"@context":"https:\/\/schema.org","@graph":[{"@type":"Article","@id":"https:\/\/cklcomunicaciones.es\/coop\/noticias-info-ckl-no-2-203-01-10-18-2\/#article","isPartOf":{"@id":"https:\/\/cklcomunicaciones.es\/coop\/noticias-info-ckl-no-2-203-01-10-18-2\/"},"author":{"name":"ckl","@id":"https:\/\/cklcomunicaciones.es\/coop\/#\/schema\/person\/929a6837f7626450bbb50cee1aef266e"},"headline":"Noticias Info CKL n\u00ba 2.204-02\/10\/18","datePublished":"2018-10-02T11:48:27+00:00","dateModified":"2025-01-17T15:40:36+00:00","mainEntityOfPage":{"@id":"https:\/\/cklcomunicaciones.es\/coop\/noticias-info-ckl-no-2-203-01-10-18-2\/"},"wordCount":1172,"image":{"@id":"https:\/\/cklcomunicaciones.es\/coop\/noticias-info-ckl-no-2-203-01-10-18-2\/#primaryimage"},"thumbnailUrl":"http:\/\/www.cklcomunicaciones.es\/wp-content\/uploads\/2018\/03\/CKL_comunicacion-con-perspetiva-de-genero-300x300.jpg","articleSection":["Newsletter","Nwl v2.0"],"inLanguage":"es"},{"@type":"WebPage","@id":"https:\/\/cklcomunicaciones.es\/coop\/noticias-info-ckl-no-2-203-01-10-18-2\/","url":"https:\/\/cklcomunicaciones.es\/coop\/noticias-info-ckl-no-2-203-01-10-18-2\/","name":"Noticias Info CKL n\u00ba 2.204-02\/10\/18-Comunica con perspectiva de g\u00e9nero","isPartOf":{"@id":"https:\/\/cklcomunicaciones.es\/coop\/#website"},"primaryImageOfPage":{"@id":"https:\/\/cklcomunicaciones.es\/coop\/noticias-info-ckl-no-2-203-01-10-18-2\/#primaryimage"},"image":{"@id":"https:\/\/cklcomunicaciones.es\/coop\/noticias-info-ckl-no-2-203-01-10-18-2\/#primaryimage"},"thumbnailUrl":"http:\/\/www.cklcomunicaciones.es\/wp-content\/uploads\/2018\/03\/CKL_comunicacion-con-perspetiva-de-genero-300x300.jpg","datePublished":"2018-10-02T11:48:27+00:00","dateModified":"2025-01-17T15:40:36+00:00","author":{"@id":"https:\/\/cklcomunicaciones.es\/coop\/#\/schema\/person\/929a6837f7626450bbb50cee1aef266e"},"description":"Comunicar con perspectiva de g\u00e9nero: omen 20: Cuatro ejes de inclusi\u00f3n para impulsar la equidad de g\u00e9nero-El Gobierno quiere usar la v\u00eda de urgencia para eliminar la brecha salarial","breadcrumb":{"@id":"https:\/\/cklcomunicaciones.es\/coop\/noticias-info-ckl-no-2-203-01-10-18-2\/#breadcrumb"},"inLanguage":"es","potentialAction":[{"@type":"ReadAction","target":["https:\/\/cklcomunicaciones.es\/coop\/noticias-info-ckl-no-2-203-01-10-18-2\/"]}]},{"@type":"ImageObject","inLanguage":"es","@id":"https:\/\/cklcomunicaciones.es\/coop\/noticias-info-ckl-no-2-203-01-10-18-2\/#primaryimage","url":"http:\/\/www.cklcomunicaciones.es\/wp-content\/uploads\/2018\/03\/CKL_comunicacion-con-perspetiva-de-genero-300x300.jpg","contentUrl":"http:\/\/www.cklcomunicaciones.es\/wp-content\/uploads\/2018\/03\/CKL_comunicacion-con-perspetiva-de-genero-300x300.jpg"},{"@type":"BreadcrumbList","@id":"https:\/\/cklcomunicaciones.es\/coop\/noticias-info-ckl-no-2-203-01-10-18-2\/#breadcrumb","itemListElement":[{"@type":"ListItem","position":1,"name":"Portada","item":"https:\/\/cklcomunicaciones.es\/coop\/"},{"@type":"ListItem","position":2,"name":"Noticias Info CKL n\u00ba 2.204-02\/10\/18"}]},{"@type":"WebSite","@id":"https:\/\/cklcomunicaciones.es\/coop\/#website","url":"https:\/\/cklcomunicaciones.es\/coop\/","name":"CKL Comunicaciones","description":"Sitio web de CKL Comunicaciones coop , la consultora de comunicaci\u00f3n y estrategia","potentialAction":[{"@type":"SearchAction","target":{"@type":"EntryPoint","urlTemplate":"https:\/\/cklcomunicaciones.es\/coop\/?s={search_term_string}"},"query-input":{"@type":"PropertyValueSpecification","valueRequired":true,"valueName":"search_term_string"}}],"inLanguage":"es"},{"@type":"Person","@id":"https:\/\/cklcomunicaciones.es\/coop\/#\/schema\/person\/929a6837f7626450bbb50cee1aef266e","name":"ckl","image":{"@type":"ImageObject","inLanguage":"es","@id":"https:\/\/secure.gravatar.com\/avatar\/c82db564e8a669bf6023357a157b9dc4780f4d4c618f2ad1d71a6a5dede45057?s=96&d=mm&r=g","url":"https:\/\/secure.gravatar.com\/avatar\/c82db564e8a669bf6023357a157b9dc4780f4d4c618f2ad1d71a6a5dede45057?s=96&d=mm&r=g","contentUrl":"https:\/\/secure.gravatar.com\/avatar\/c82db564e8a669bf6023357a157b9dc4780f4d4c618f2ad1d71a6a5dede45057?s=96&d=mm&r=g","caption":"ckl"},"url":"https:\/\/cklcomunicaciones.es\/coop\/author\/cklcomunicaciones\/"}]}},"_links":{"self":[{"href":"https:\/\/cklcomunicaciones.es\/coop\/wp-json\/wp\/v2\/posts\/14195","targetHints":{"allow":["GET"]}}],"collection":[{"href":"https:\/\/cklcomunicaciones.es\/coop\/wp-json\/wp\/v2\/posts"}],"about":[{"href":"https:\/\/cklcomunicaciones.es\/coop\/wp-json\/wp\/v2\/types\/post"}],"author":[{"embeddable":true,"href":"https:\/\/cklcomunicaciones.es\/coop\/wp-json\/wp\/v2\/users\/3"}],"replies":[{"embeddable":true,"href":"https:\/\/cklcomunicaciones.es\/coop\/wp-json\/wp\/v2\/comments?post=14195"}],"version-history":[{"count":0,"href":"https:\/\/cklcomunicaciones.es\/coop\/wp-json\/wp\/v2\/posts\/14195\/revisions"}],"wp:attachment":[{"href":"https:\/\/cklcomunicaciones.es\/coop\/wp-json\/wp\/v2\/media?parent=14195"}],"wp:term":[{"taxonomy":"category","embeddable":true,"href":"https:\/\/cklcomunicaciones.es\/coop\/wp-json\/wp\/v2\/categories?post=14195"},{"taxonomy":"post_tag","embeddable":true,"href":"https:\/\/cklcomunicaciones.es\/coop\/wp-json\/wp\/v2\/tags?post=14195"}],"curies":[{"name":"wp","href":"https:\/\/api.w.org\/{rel}","templated":true}]}}