{"id":14191,"date":"2018-09-28T12:43:31","date_gmt":"2018-09-28T10:43:31","guid":{"rendered":"http:\/\/www.cklcomunicaciones.es\/?p=14191"},"modified":"2025-01-17T16:40:36","modified_gmt":"2025-01-17T15:40:36","slug":"noticias-info-ckl-no-2-202-28-09-18","status":"publish","type":"post","link":"https:\/\/cklcomunicaciones.es\/coop\/noticias-info-ckl-no-2-202-28-09-18\/","title":{"rendered":"Noticias Info CKL n\u00ba 2.202-28\/09\/18"},"content":{"rendered":"<div id=\"pl-14191\"  class=\"panel-layout\" >\n<div id=\"pg-14191-0\"  class=\"panel-grid panel-no-style\"  data-style=\"{&quot;background_image_attachment&quot;:false,&quot;background_display&quot;:&quot;tile&quot;,&quot;cell_alignment&quot;:&quot;flex-start&quot;}\" >\n<div id=\"pgc-14191-0-0\"  class=\"panel-grid-cell\"  data-weight=\"1\" >\n<div id=\"panel-14191-0-0-0\" class=\"so-panel widget widget_sow-editor panel-first-child panel-last-child\" data-index=\"0\" data-style=\"{&quot;background_image_attachment&quot;:false,&quot;background_display&quot;:&quot;tile&quot;}\" >\n<div class=\"so-widget-sow-editor so-widget-sow-editor-base\">\n<div class=\"siteorigin-widget-tinymce textwidget\">\n\t<img decoding=\"async\" class=\"lazyload  wp-image-13726\" src=\"http:\/\/www.cklcomunicaciones.es\/wp-content\/uploads\/2018\/03\/CKL_comunicacion-con-perspetiva-de-genero-300x300.jpg\" data-orig-src=\"http:\/\/www.cklcomunicaciones.es\/wp-content\/uploads\/2018\/03\/CKL_comunicacion-con-perspetiva-de-genero-300x300.jpg\" alt=\"CKL_comunicacion con perspetiva de genero\" width=\"132\" height=\"132\" srcset=\"data:image\/svg+xml,%3Csvg%20xmlns%3D%27http%3A%2F%2Fwww.w3.org%2F2000%2Fsvg%27%20width%3D%27132%27%20height%3D%27132%27%20viewBox%3D%270%200%20132%20132%27%3E%3Crect%20width%3D%27132%27%20height%3D%27132%27%20fill-opacity%3D%220%22%2F%3E%3C%2Fsvg%3E\" data-srcset=\"https:\/\/cklcomunicaciones.es\/coop\/wp-content\/uploads\/2018\/03\/CKL_comunicacion-con-perspetiva-de-genero-150x150.jpg 150w, https:\/\/cklcomunicaciones.es\/coop\/wp-content\/uploads\/2018\/03\/CKL_comunicacion-con-perspetiva-de-genero-300x300.jpg 300w, https:\/\/cklcomunicaciones.es\/coop\/wp-content\/uploads\/2018\/03\/CKL_comunicacion-con-perspetiva-de-genero-450x450.jpg 450w, https:\/\/cklcomunicaciones.es\/coop\/wp-content\/uploads\/2018\/03\/CKL_comunicacion-con-perspetiva-de-genero.jpg 500w\" data-sizes=\"auto\" data-orig-sizes=\"(max-width: 132px) 100vw, 132px\" \/><\/p>\n<p><strong>Las tareas dom\u00e9sticas hechas por las espa\u00f1olas equivalen al 27% del PIB-Pacto de Estado contra la Violencia de G\u00e9nero: un a\u00f1o, cero millones en Aytos y CCAA-Carmen de Burgos y los derechos de las mujeres<\/strong><\/p>\n<p>[toggle type=\u00bbfirst\u00bb title=\u00bbConvocatorias\u00bb]<\/p>\n<ul>\n<li><a href=\"http:\/\/www.juntadeandalucia.es\/iam\/catalogo\/doc\/convocatorias\/2018-iam\/CO-exposicion-fotografica-cicatrices-del-alma.jpg\">Exposici\u00f3n fotogr\u00e1fica &#8216;Cicatrices del alma. Violencia de g\u00e9nero, el dolor invisible&#8217;, de Enma Alcal\u00e1<\/a>. Centro Provincial del Instituto Andaluz de la Mujer de C\u00f3rdoba. Del 3 al 8 de octubre de 2018<\/li>\n<li><a href=\"https:\/\/www.granada.org\/inet\/wmujer8.nsf\/wwActiMariana\/89F9DEF47BD8A2CFC125830F003A96C7\">Visitas guiadas gratuitas a los espacios femeninos<\/a>. Organiza Centro Europeo de las Mujeres Mariana de Pineda. Del 18 de octubre al 27 de noviembre.<\/li>\n<\/ul>\n<p>[\/toggle]<\/p>\n<p>[toggle type=\u00bbfirst\u00bb title=\u00bbComunicaci\u00f3n\u00bb]<\/p>\n<p><a href=\"https:\/\/blogs.publico.es\/otrasmiradas\/15654\/ana-romani-la-mirada-feminista\/\">Ana Roman\u00ed: la mirada feminista<\/a> \u2013 P\u00fablico<\/p>\n<p><a href=\"https:\/\/www.huffingtonpost.es\/2018\/09\/27\/el-huffpost-se-suma-al-decalogo-compromiso-por-la-igualdad_a_23543984\/\">&#8216;El HuffPost&#8217; se suma al &#8216;Dec\u00e1logo Compromiso por la Igualdad&#8217;<\/a>&#8211; El HuffPost<\/p>\n<p><a href=\"http:\/\/www.lr21.com.uy\/mujeres\/1380895-onu-mujeres-premio-campana-publicidades-no-sexistas-igualdad\">ONU Mujeres premia las mejores campa\u00f1as publicitarias no sexistas<\/a> &#8211; LaRed21<\/p>\n<p><a href=\"http:\/\/www.elmundo.es\/andalucia\/2018\/09\/27\/5bad12da22601d3a328b45a2.html\">El Parlamento insta a la empresa a buscar una soluci\u00f3n para evitar el cierre de El Correo de Andaluc\u00eda<\/a> \u2013 El Mundo<\/p>\n<p><a href=\"https:\/\/elpais.com\/tecnologia\/2018\/09\/25\/actualidad\/1537887558_620197.html\">Cuando el acosador se esconde en un grupo de WhatsApp<\/a> \u00a0&#8211; El Pa\u00eds<\/p>\n<p>[\/toggle]<\/p>\n<p>[toggle type=\u00bbfirst\u00bb title=\u00bbAndaluc\u00eda\u00bb]<\/p>\n<p><strong>Institucional<\/strong><\/p>\n<p><a href=\"https:\/\/www.diariosur.es\/andalucia\/susana-diaz-vamos-20180928223539-nt.html\">Susana D\u00edaz: \u00abNo vamos a renunciar ni a un euro de la financiaci\u00f3n &#8230;<\/a>&#8211; Sur Digital<strong>\u00a0<\/strong><\/p>\n<p><strong>Econom\u00eda y Empresas<\/strong><\/p>\n<p><a href=\"https:\/\/www.20minutos.es\/noticia\/3451222\/0\/clara-aguilera-clausura-este-sabado-jornada-mujeres-sector-pesquero-acuicola-andaluz-motril\/\">Clara Aguilera, vicepresidenta de la Comisi\u00f3n de Agricultura y Desarrollo Rural del Parlamento Europeo, clausura este s\u00e1bado la I Jornada de Mujeres del Sector Pesquero &#8230;<\/a>&#8211; <a href=\"http:\/\/20minutos.es\">20minutos.es<\/a><\/p>\n<p><a href=\"https:\/\/www.google.com\/url?rct=j&amp;sa=t&amp;url=http:\/\/www.europapress.es\/andalucia\/noticia-ayuntamiento-expresa-apoyo-emprendimiento-femenino-presencia-imdeec-gira-mujeres-20180927183853.html&amp;ct=ga&amp;cd=CAEYAioTMTQyMzI3OTcxOTkyODgzNTMwNDIZYzAzNzJlYmMyZmVhZGE1OTplczplczpFUw&amp;usg=AFQjCNF-96oivHWhHysKxkQS27gYvUMZmQ\">El Ayuntamiento de C\u00f3rdoba expresa su apoyo al emprendimiento femenino con la presencia del Imdeec en &#8230; <\/a>&#8211; Europa Press<\/p>\n<p><a href=\"http:\/\/www.almeria24h.com\/noticia.php?noticia=45489\">ALMUR y la Diputaci\u00f3n de Almer\u00eda impulsan el emprendimiento &#8230;<\/a>&#8211; Almer\u00eda 24h<\/p>\n<p><strong>Actualidad<\/strong><\/p>\n<p><a href=\"https:\/\/www.google.com\/url?rct=j&amp;sa=t&amp;url=https:\/\/www.horasur.com\/articulo\/algeciras\/ministerio-igualdad-pone-ayuntamiento-algeciras-ejemplo-buen-desarrollo-programa-clara\/20180926222408036494.html&amp;ct=ga&amp;cd=CAEYAioUMTgwMzU4MzI5NDEyMzUwOTI1NTkyGWMwMzcyZWJjMmZlYWRhNTk6ZXM6ZXM6RVM&amp;usg=AFQjCNH5inGOnFeyJ_nWU2ZuqRKyw8Yx2A\">El Ministerio de Igualdad pone a Algeciras como ejemplo por su buen desarrollo del Programa Clara <\/a>&#8211; Horasur<\/p>\n<p><a href=\"https:\/\/www.google.com\/url?rct=j&amp;sa=t&amp;url=https:\/\/elpais.com\/sociedad\/2018\/09\/27\/actualidad\/1538062071_949725.html&amp;ct=ga&amp;cd=CAEYASoTODg3MTY2MDcyNjM0MzY0NjU0MDIZYzAzNzJlYmMyZmVhZGE1OTplczplczpFUw&amp;usg=AFQjCNFA6eowut255KZt5Hf1Fop5-o8zQw\">La trampa del amor rom\u00e1ntico <\/a>\u2013 El Pa\u00eds<\/p>\n<p><strong>Violencia<\/strong><\/p>\n<p><a href=\"http:\/\/www.europapress.es\/andalucia\/noticia-andalucia-suma-11-victimas-mortales-violencia-genero-2018-tres-menos-semana-caso-torrox-20180928104728.html\">Andaluc\u00eda suma 11 v\u00edctimas mortales por violencia de g\u00e9nero en 2018 &#8230;<\/a>&#8211; Europa Press<\/p>\n<p><a href=\"http:\/\/www.canalsur.es\/noticias\/contra-la-violencia-machista-educacion\/1331216.html\">Contra la violencia machista, educaci\u00f3n<\/a>&#8211; CanalSurWeb<\/p>\n<p><strong>Ciencia y Cultura<\/strong><\/p>\n<p><a href=\"http:\/\/cadenaser.com\/emisora\/2018\/09\/27\/radio_huelva\/1538060199_750267.html\">Las mujeres centran uno de los talleres de la Noche de los Investigadores &#8230;<\/a>&#8211; Cadena SER<\/p>\n<p><a href=\"https:\/\/www.eldiario.es\/zonacritica\/Carmen-Burgos-derechos-mujeres_6_818628158.html\">Carmen de Burgos y los derechos de las mujeres<\/a>&#8211; <a href=\"http:\/\/eldiario.es\">eldiario.es<\/a><\/p>\n<p><a href=\"https:\/\/www.laopiniondemalaga.es\/por-fin-viernes\/2018\/09\/28\/cine-mujeres-mujeres-termica\/1036082.html\">Cine por mujeres pero no s\u00f3lo para mujeres en La T\u00e9rmica<\/a>&#8211; La Opini\u00f3n de M\u00e1laga<\/p>\n<p><a href=\"https:\/\/www.google.com\/url?rct=j&amp;sa=t&amp;url=http:\/\/www.europapress.es\/esandalucia\/cordoba\/noticia-iam-organiza-exposicion-fotografica-visibilizar-violencia-machista-traves-dolor-invisible-20180927174519.html&amp;ct=ga&amp;cd=CAEYASoTMTExMzU2ODkzNzYwNDY5NTk3NDIZYzAzNzJlYmMyZmVhZGE1OTplczplczpFUw&amp;usg=AFQjCNEooX6ZAiewkxYtAdasRJ_2wdqG0A\">El IAM organiza una exposici\u00f3n fotogr\u00e1fica para visibilizar la violencia machista a trav\u00e9s del dolor &#8230; <\/a>-Europa Press<\/p>\n<p><a href=\"https:\/\/www.cope.es\/actualidad\/cultura\/noticias\/flamenco-entre-jerez-sevilla-con-tres-mujeres-gitanas-armas-tomar-20180927_263971\">Flamenco entre Jerez y Sevilla con tres mujeres \u00abGitanas\u00bb de armas &#8230;<\/a>&#8211; Cope<\/p>\n<p><a href=\"https:\/\/www.laopiniondemalaga.es\/cultura-espectaculos\/2018\/09\/27\/solteronas-documental-estigmatizacion-mujeres\/1036000.html\">\u00b4Solteronas\u00b4: un documental contra la estigmatizaci\u00f3n de las mujeres &#8230;<\/a>&#8211; La Opini\u00f3n de M\u00e1laga<\/p>\n<p><a href=\"http:\/\/www.juntadeandalucia.es\/presidencia\/portavoz\/136746\/JuntadeAndalucia\/Presidencia\/Premios\/ComunicacionAudiovisual\">La Junta convoca los V Premios Andaluc\u00eda de Comunicaci\u00f3n Audiovisual Local<\/a> \u2013 Oficina del Portavoz<\/p>\n<p><strong>Deporte<\/strong><\/p>\n<p><a href=\"http:\/\/www.canalsur.es\/noticias\/deportes\/maria-perez-las-lagrimas-de-una-campeona-de-europa\/1331204.html\">Mar\u00eda P\u00e9rez, campeona de Europa de 20kms marcha \u2026<\/a> &#8211; Canal Sur<\/p>\n<p><a href=\"https:\/\/www.periodicolasemana.es\/20180927\/63487\/deporte\/el-waterpolo-dos-hermanas-anfitrion-de-la-copa-andalucia\/\">El Waterpolo Dos Hermanas, anfitri\u00f3n de la Copa Andaluc\u00eda<\/a>&#8211; <a href=\"http:\/\/periodicolasemana.es\">periodicolasemana.es<\/a><\/p>\n<p><a href=\"https:\/\/www.malagahoy.es\/deportes\/empujon-baloncesto-femenino_0_1285971827.html\">Otro empuj\u00f3n para el baloncesto femenino<\/a>&#8211; M\u00e1laga Hoy<\/p>\n<p>[\/toggle]<\/p>\n<p>[toggle type=\u00bbfirst\u00bb title=\u00bbEstado\u00bb]<\/p>\n<p><strong>Institucional<\/strong><\/p>\n<p><a href=\"https:\/\/elpais.com\/economia\/2018\/09\/27\/actualidad\/1538052295_887879.html\">Calvi\u00f1o reclama a Europa un seguro de desempleo com\u00fan como red de seguridad para los ciudadanos<\/a> \u2013 El Pa\u00eds<\/p>\n<p><a href=\"http:\/\/www.telemadrid.es\/programas\/madrid-trabaja\/Valerio-sociedad-necesita-mercado-laboral-9-2053084693--20180927055339.html\">Valerio: \u201cLa sociedad necesita a la mujer en el mercado laboral\u201d<\/a>&#8211; Telemadrid<\/p>\n<p><strong>Institucional-CCAA<\/strong><\/p>\n<p><a href=\"https:\/\/www.google.com\/url?rct=j&amp;sa=t&amp;url=https:\/\/www.ileon.com\/politica\/089975\/la-junta-actualiza-la-ley-del-voluntariado-que-prohibira-que-lo-sean-condenados-por-violencia-de-genero-delitos-sexuales-o-terrorismo&amp;ct=ga&amp;cd=CAEYACoUMTc4MjA3MTkyNzcwMzkzMTgwODYyGWUxZTc3ZDE1NjA5OGE4ZTM6ZXM6ZXM6RVM&amp;usg=AFQjCNFTilhIzPoERZJD6XFxsx0lIjwbuQ\">La Junta actualiza la Ley del Voluntariado que prohibir\u00e1 que lo sean condenados por violencia de &#8230; <\/a>&#8211;<a href=\"http:\/\/ileon.com\">ileon.com<\/a><\/p>\n<p><a href=\"https:\/\/www.google.com\/url?rct=j&amp;sa=t&amp;url=https:\/\/www.miciudadreal.es\/2018\/09\/27\/empoderando-desde-la-comunicacion-un-taller-que-enfatiza-sobre-el-papel-de-la-mujer\/&amp;ct=ga&amp;cd=CAEYDioTNjE5NjIxMzM5NDMzNTQ5NTUxMTIZYzAzNzJlYmMyZmVhZGE1OTplczplczpFUw&amp;usg=AFQjCNFn0m-HjfWw_Xmoh2L_trld6i928w\">Empoderando desde la comunicaci\u00f3n, un taller que enfatiza sobre el papel de la mujer <\/a>&#8211; Mi Ciudad Real<\/p>\n<p><a href=\"https:\/\/www.google.com\/url?rct=j&amp;sa=t&amp;url=https:\/\/www.regiondigital.com\/noticias\/cultura\/299807-inaugurada-la-exposicion-yo-tu-ellas-en-pabellon-central-del-recinto-ferial-de-zafra.html&amp;ct=ga&amp;cd=CAEYASoUMTYzMjg3Mzk3ODQxMjI3MzAwOTgyGWMwMzcyZWJjMmZlYWRhNTk6ZXM6ZXM6RVM&amp;usg=AFQjCNEuvi9DMVCa9uHoEdAkZnHOU4n3tg\">Inaugurada la exposici\u00f3n &#8216;Yo, T\u00fa, Ellas&#8217; en Pabell\u00f3n Central del recinto ferial de Zafra <\/a>&#8211; Regi\u00f3n Digital<\/p>\n<p><a href=\"https:\/\/www.abc.es\/espana\/canarias\/abci-siete-grandes-mujeres-canarias-triunfan-zonas-rurales-201809280355_noticia.html\">Siete grandes canarias que triunfan en zonas rurales<\/a>&#8211; Abc.es<\/p>\n<p><a href=\"https:\/\/www.levante-emv.com\/comunitat-valenciana\/2018\/09\/27\/educacion-convoca-250-becas-mujeres\/1773290.html\">Educaci\u00f3n lanza 250 becas de 600 euros para mujeres que cursan 37 &#8230;<\/a>&#8211; Levante-EMV<\/p>\n<p><strong>Econom\u00eda y Empresa<\/strong><strong>\u00a0\u00a0\u00a0\u00a0\u00a0\u00a0 <\/strong><\/p>\n<p><a href=\"http:\/\/www.mujeremprendedora.net\/hoy-mujeres-seguimos-siendo-protagonistas-transformacion-social\/\">Ana Bujald\u00f3n, Presidenta de FEDEPE: \u201cHoy las mujeres seguimos siendo protagonistas de la transformaci\u00f3n social\u201d<\/a><\/p>\n<p><a href=\"https:\/\/noticiasbancarias.com\/bancos\/28\/09\/2018\/caixabank-debate-sobre-el-liderazgo-en-clave-femenina\/165741.html\">CaixaBank debate sobre el liderazgo en clave femenina<\/a> &#8211; Noticias Bancarias<\/p>\n<p><a href=\"https:\/\/www.google.com\/url?sa=t&amp;rct=j&amp;q=&amp;esrc=s&amp;source=newssearch&amp;cd=4&amp;ved=0ahUKEwiy7puwvd3dAhXLx4UKHWZCAawQqQIIMCgAMAM&amp;url=https%3A%2F%2Fwww.diariocordoba.com%2Fnoticias%2Feconomia%2Ftareas-domesticas-hechas-mujeres-equivalen-27-pib_1253863.html&amp;usg=AOvVaw3-mldbflgiO7e6ATjzx3Uw\">Las tareas dom\u00e9sticas hechas por mujeres equivalen al 27% del PIB<\/a>&#8211; Diario C\u00f3rdoba<\/p>\n<p><strong>Violencia<\/strong><\/p>\n<p><a href=\"https:\/\/www.20minutos.es\/noticia\/3450314\/0\/retraso-fondos-pacto-violencia-genero-comunidades-ayuntamientos\/\">Pacto de Estado contra la Violencia de G\u00e9nero: un a\u00f1o, cero millones &#8230;<\/a>&#8211; <a href=\"http:\/\/20minutos.es\">20minutos.es<\/a><\/p>\n<p><a href=\"http:\/\/www.elmundo.es\/pais-vasco\/2018\/09\/27\/5bacc6e0468aeb8d3a8b4616.html\">El presidente del TSJPV: \u00abLa Justicia fracas\u00f3\u00bb en el caso de Maguette<\/a> \u2013 El Mundo<\/p>\n<p><a href=\"https:\/\/elpais.com\/elpais\/2018\/09\/27\/opinion\/1538074709_476213.html\">El punto de fuga del machista<\/a> \u2013 El Pa\u00eds<\/p>\n<p><strong>Actualidad<\/strong><\/p>\n<p><a href=\"http:\/\/www.mujeremprendedora.net\/acciona-promueve-liderazgo-femenino-lucha-contra-cambio-climatico\/\">Acciona promueve el liderazgo femenino en la lucha contra el cambio clim\u00e1tico<\/a> \u2013 Mujeremprendedora.net<\/p>\n<p><a href=\"https:\/\/www.publico.es\/sociedad\/ghalia-djimi-activista-saharaui-me-torturaron-viven-tranquilos-mi-ciudad.html\">La activista saharaui Ghalia Djimi: \u00abLos que me torturaron viven tranquilos en mi ciudad<\/a> &#8211; P\u00fablico<\/p>\n<p><strong>Ciencia y Cultura<\/strong><\/p>\n<p><a href=\"https:\/\/elpais.com\/elpais\/2018\/09\/21\/ciencia\/1537520775_512768.html\">La desigualdad de g\u00e9nero en ciencia no se corrige sola: \u00a1es hora de actuar!<\/a> \u2013 El Pa\u00eds<\/p>\n<p><a href=\"https:\/\/elpais.com\/cultura\/2018\/09\/28\/actualidad\/1538127000_714062.html\">Mar\u00eda Tena gana el XIV Premio Tusquets de novela<\/a>\u2013 El Pa\u00eds<\/p>\n<p><a href=\"http:\/\/www.elmundo.es\/cultura\/2018\/09\/27\/5bacd461e5fdeab1438b464a.html\">Mercedes Monmany, premio de ensayo Caballero Bonald con &#8216;Ya sabes que volver\u00e9&#8217;<\/a> \u2013 El Mundo<\/p>\n<p><a href=\"https:\/\/elpais.com\/cultura\/2018\/09\/20\/actualidad\/1537460839_027629.html\">Irene Lozano: \u201cLa casu\u00edstica del amor est\u00e1 en la literatura, en la ficci\u00f3n\u201d<\/a> \u2013 El Pa\u00eds<\/p>\n<p><strong>Deporte<\/strong><\/p>\n<p><a href=\"https:\/\/elpais.com\/deportes\/2018\/09\/28\/actualidad\/1538094581_781020.html\">Laia Palau: \u201cMeto canastitas, pero \u00bfqu\u00e9 aporto al mundo?\u201d<\/a>&#8211; El Pa\u00eds<\/p>\n<p><a href=\"http:\/\/www.rtve.es\/deportes\/20180928\/mireya-gonzalez-ojala-ganaramos-medalla-repercutiera-portadas-no-solo-dia-dos\/1807860.shtml\">Mireya Gonz\u00e1lez: \u00abOjal\u00e1 gan\u00e1ramos una medalla y que repercutiera en las portadas no solo un d\u00eda o dos\u201d&#8230;<\/a>&#8211; Rtve<\/p>\n<p>[\/toggle]<\/p>\n<p>[toggle type=\u00bbfirst\u00bb title=\u00bbInternacional\u00bb]<\/p>\n<p><a href=\"https:\/\/www.france24.com\/es\/20180927-las-mujeres-mayoria-en-brasil-minoria-en-el-poder\">Las mujeres<em>,<\/em> mayor\u00eda en Brasil, minor\u00eda en el poder<\/a>&#8211; France24<\/p>\n<p><a href=\"http:\/\/www.elmundo.es\/internacional\/2018\/09\/28\/5baddc78e5fdea9e708b45f8.html\">Canad\u00e1 retira la ciudadan\u00eda a la Nobel de la Paz y l\u00edder birmana, Suu Kyi<\/a> \u2013 el Mundo<\/p>\n<p><a href=\"https:\/\/www.google.com\/url?rct=j&amp;sa=t&amp;url=https:\/\/elpais.com\/internacional\/2018\/09\/27\/actualidad\/1538015680_166278.html&amp;ct=ga&amp;cd=CAEYBioTNjE5NjIxMzM5NDMzNTQ5NTUxMTIZYzAzNzJlYmMyZmVhZGE1OTplczplczpFUw&amp;usg=AFQjCNEw8VOkbm_ktBFWOL_uCkDg92LgUg\">Christine Blasey Ford: un testimonio que vale una presidencia<\/a>&#8211; El Pa\u00eds<\/p>\n<p><a href=\"https:\/\/www.publico.es\/internacional\/legalizacion-aborto-panuelos-verdes-continuan-lucha-argentina-pesar-opresion-iglesia-muerte-abortos-clandestinos.html\">Los pa\u00f1uelos verdes contin\u00faan su lucha en Argentina: \u00abNi una muerte m\u00e1s por abortos clandestinos\u00bb<\/a> &#8211; P\u00fablico<\/p>\n<p><a href=\"https:\/\/elpais.com\/elpais\/2018\/09\/27\/gente\/1538051096_763023.html\">Las mujeres de Hollywood se unen al movimiento \u2018Por qu\u00e9 no lo denunci\u00e9\u2019<\/a><\/p>\n<p><a href=\"https:\/\/elpais.com\/sociedad\/2018\/09\/26\/actualidad\/1537983930_127674.html\">May- Britt Moser, Nobel de Medicina 2014: \u201cEs dif\u00edcil recuperar las neuronas de la memoria; es mejor evitar que mueran\u201d<\/a> &#8211; El Pa\u00eds<\/p>\n<p>[\/toggle]<\/p><\/div>\n<\/div>\n<\/div>\n<\/div>\n<\/div>\n<\/div>\n","protected":false},"excerpt":{"rendered":"<p>Las tareas dom\u00e9sticas hechas por las espa\u00f1olas equivalen al 27% <a href=\"https:\/\/cklcomunicaciones.es\/coop\/noticias-info-ckl-no-2-202-28-09-18\/\">[&#8230;]<\/a><\/p>\n","protected":false},"author":3,"featured_media":0,"comment_status":"closed","ping_status":"closed","sticky":false,"template":"","format":"standard","meta":{"footnotes":""},"categories":[298,623],"tags":[],"class_list":["post-14191","post","type-post","status-publish","format-standard","hentry","category-newsletter","category-nwl-2-0"],"yoast_head":"<!-- This site is optimized with the Yoast SEO plugin v27.5 - https:\/\/yoast.com\/product\/yoast-seo-wordpress\/ -->\n<title>Noticias Info CKL n\u00ba 2.202-28\/09\/18-Comunica con perspectiva de g\u00e9nero<\/title>\n<meta name=\"description\" content=\"Comunicar con perspectiva de g\u00e9nero: Las tareas dom\u00e9sticas hechas por las espa\u00f1olas equivalen al 27% del PIB-Pacto de Estado contra la VG: 1 a\u00f1o, 0 millones\" \/>\n<meta name=\"robots\" content=\"index, follow, max-snippet:-1, max-image-preview:large, max-video-preview:-1\" \/>\n<link rel=\"canonical\" href=\"https:\/\/cklcomunicaciones.es\/coop\/noticias-info-ckl-no-2-202-28-09-18\/\" \/>\n<meta property=\"og:locale\" content=\"es_ES\" \/>\n<meta property=\"og:type\" content=\"article\" \/>\n<meta property=\"og:title\" content=\"Noticias Info CKL n\u00ba 2.202-28\/09\/18-Comunica con perspectiva de g\u00e9nero\" \/>\n<meta property=\"og:description\" content=\"Comunicar con perspectiva de g\u00e9nero: Las tareas dom\u00e9sticas hechas por las espa\u00f1olas equivalen al 27% del PIB-Pacto de Estado contra la VG: 1 a\u00f1o, 0 millones\" \/>\n<meta property=\"og:url\" content=\"https:\/\/cklcomunicaciones.es\/coop\/noticias-info-ckl-no-2-202-28-09-18\/\" \/>\n<meta property=\"og:site_name\" content=\"CKL Comunicaciones\" \/>\n<meta property=\"article:published_time\" content=\"2018-09-28T10:43:31+00:00\" \/>\n<meta property=\"article:modified_time\" content=\"2025-01-17T15:40:36+00:00\" \/>\n<meta property=\"og:image\" content=\"https:\/\/cklcomunicaciones.es\/coop\/wp-content\/uploads\/2018\/03\/CKL_comunicacion-con-perspetiva-de-genero.jpg\" \/>\n\t<meta property=\"og:image:width\" content=\"500\" \/>\n\t<meta property=\"og:image:height\" content=\"500\" \/>\n\t<meta property=\"og:image:type\" content=\"image\/jpeg\" \/>\n<meta name=\"author\" content=\"ckl\" \/>\n<meta name=\"twitter:card\" content=\"summary_large_image\" \/>\n<meta name=\"twitter:label1\" content=\"Escrito por\" \/>\n\t<meta name=\"twitter:data1\" content=\"ckl\" \/>\n\t<meta name=\"twitter:label2\" content=\"Tiempo de lectura\" \/>\n\t<meta name=\"twitter:data2\" content=\"5 minutos\" \/>\n<script type=\"application\/ld+json\" class=\"yoast-schema-graph\">{\"@context\":\"https:\\\/\\\/schema.org\",\"@graph\":[{\"@type\":\"Article\",\"@id\":\"https:\\\/\\\/cklcomunicaciones.es\\\/coop\\\/noticias-info-ckl-no-2-202-28-09-18\\\/#article\",\"isPartOf\":{\"@id\":\"https:\\\/\\\/cklcomunicaciones.es\\\/coop\\\/noticias-info-ckl-no-2-202-28-09-18\\\/\"},\"author\":{\"name\":\"ckl\",\"@id\":\"https:\\\/\\\/cklcomunicaciones.es\\\/coop\\\/#\\\/schema\\\/person\\\/929a6837f7626450bbb50cee1aef266e\"},\"headline\":\"Noticias Info CKL n\u00ba 2.202-28\\\/09\\\/18\",\"datePublished\":\"2018-09-28T10:43:31+00:00\",\"dateModified\":\"2025-01-17T15:40:36+00:00\",\"mainEntityOfPage\":{\"@id\":\"https:\\\/\\\/cklcomunicaciones.es\\\/coop\\\/noticias-info-ckl-no-2-202-28-09-18\\\/\"},\"wordCount\":930,\"image\":{\"@id\":\"https:\\\/\\\/cklcomunicaciones.es\\\/coop\\\/noticias-info-ckl-no-2-202-28-09-18\\\/#primaryimage\"},\"thumbnailUrl\":\"http:\\\/\\\/www.cklcomunicaciones.es\\\/wp-content\\\/uploads\\\/2018\\\/03\\\/CKL_comunicacion-con-perspetiva-de-genero-300x300.jpg\",\"articleSection\":[\"Newsletter\",\"Nwl v2.0\"],\"inLanguage\":\"es\"},{\"@type\":\"WebPage\",\"@id\":\"https:\\\/\\\/cklcomunicaciones.es\\\/coop\\\/noticias-info-ckl-no-2-202-28-09-18\\\/\",\"url\":\"https:\\\/\\\/cklcomunicaciones.es\\\/coop\\\/noticias-info-ckl-no-2-202-28-09-18\\\/\",\"name\":\"Noticias Info CKL n\u00ba 2.202-28\\\/09\\\/18-Comunica con perspectiva de g\u00e9nero\",\"isPartOf\":{\"@id\":\"https:\\\/\\\/cklcomunicaciones.es\\\/coop\\\/#website\"},\"primaryImageOfPage\":{\"@id\":\"https:\\\/\\\/cklcomunicaciones.es\\\/coop\\\/noticias-info-ckl-no-2-202-28-09-18\\\/#primaryimage\"},\"image\":{\"@id\":\"https:\\\/\\\/cklcomunicaciones.es\\\/coop\\\/noticias-info-ckl-no-2-202-28-09-18\\\/#primaryimage\"},\"thumbnailUrl\":\"http:\\\/\\\/www.cklcomunicaciones.es\\\/wp-content\\\/uploads\\\/2018\\\/03\\\/CKL_comunicacion-con-perspetiva-de-genero-300x300.jpg\",\"datePublished\":\"2018-09-28T10:43:31+00:00\",\"dateModified\":\"2025-01-17T15:40:36+00:00\",\"author\":{\"@id\":\"https:\\\/\\\/cklcomunicaciones.es\\\/coop\\\/#\\\/schema\\\/person\\\/929a6837f7626450bbb50cee1aef266e\"},\"description\":\"Comunicar con perspectiva de g\u00e9nero: Las tareas dom\u00e9sticas hechas por las espa\u00f1olas equivalen al 27% del PIB-Pacto de Estado contra la VG: 1 a\u00f1o, 0 millones\",\"breadcrumb\":{\"@id\":\"https:\\\/\\\/cklcomunicaciones.es\\\/coop\\\/noticias-info-ckl-no-2-202-28-09-18\\\/#breadcrumb\"},\"inLanguage\":\"es\",\"potentialAction\":[{\"@type\":\"ReadAction\",\"target\":[\"https:\\\/\\\/cklcomunicaciones.es\\\/coop\\\/noticias-info-ckl-no-2-202-28-09-18\\\/\"]}]},{\"@type\":\"ImageObject\",\"inLanguage\":\"es\",\"@id\":\"https:\\\/\\\/cklcomunicaciones.es\\\/coop\\\/noticias-info-ckl-no-2-202-28-09-18\\\/#primaryimage\",\"url\":\"http:\\\/\\\/www.cklcomunicaciones.es\\\/wp-content\\\/uploads\\\/2018\\\/03\\\/CKL_comunicacion-con-perspetiva-de-genero-300x300.jpg\",\"contentUrl\":\"http:\\\/\\\/www.cklcomunicaciones.es\\\/wp-content\\\/uploads\\\/2018\\\/03\\\/CKL_comunicacion-con-perspetiva-de-genero-300x300.jpg\"},{\"@type\":\"BreadcrumbList\",\"@id\":\"https:\\\/\\\/cklcomunicaciones.es\\\/coop\\\/noticias-info-ckl-no-2-202-28-09-18\\\/#breadcrumb\",\"itemListElement\":[{\"@type\":\"ListItem\",\"position\":1,\"name\":\"Portada\",\"item\":\"https:\\\/\\\/cklcomunicaciones.es\\\/coop\\\/\"},{\"@type\":\"ListItem\",\"position\":2,\"name\":\"Noticias Info CKL n\u00ba 2.202-28\\\/09\\\/18\"}]},{\"@type\":\"WebSite\",\"@id\":\"https:\\\/\\\/cklcomunicaciones.es\\\/coop\\\/#website\",\"url\":\"https:\\\/\\\/cklcomunicaciones.es\\\/coop\\\/\",\"name\":\"CKL Comunicaciones\",\"description\":\"Sitio web de CKL Comunicaciones coop , la consultora de comunicaci\u00f3n y estrategia\",\"potentialAction\":[{\"@type\":\"SearchAction\",\"target\":{\"@type\":\"EntryPoint\",\"urlTemplate\":\"https:\\\/\\\/cklcomunicaciones.es\\\/coop\\\/?s={search_term_string}\"},\"query-input\":{\"@type\":\"PropertyValueSpecification\",\"valueRequired\":true,\"valueName\":\"search_term_string\"}}],\"inLanguage\":\"es\"},{\"@type\":\"Person\",\"@id\":\"https:\\\/\\\/cklcomunicaciones.es\\\/coop\\\/#\\\/schema\\\/person\\\/929a6837f7626450bbb50cee1aef266e\",\"name\":\"ckl\",\"image\":{\"@type\":\"ImageObject\",\"inLanguage\":\"es\",\"@id\":\"https:\\\/\\\/secure.gravatar.com\\\/avatar\\\/c82db564e8a669bf6023357a157b9dc4780f4d4c618f2ad1d71a6a5dede45057?s=96&d=mm&r=g\",\"url\":\"https:\\\/\\\/secure.gravatar.com\\\/avatar\\\/c82db564e8a669bf6023357a157b9dc4780f4d4c618f2ad1d71a6a5dede45057?s=96&d=mm&r=g\",\"contentUrl\":\"https:\\\/\\\/secure.gravatar.com\\\/avatar\\\/c82db564e8a669bf6023357a157b9dc4780f4d4c618f2ad1d71a6a5dede45057?s=96&d=mm&r=g\",\"caption\":\"ckl\"},\"url\":\"https:\\\/\\\/cklcomunicaciones.es\\\/coop\\\/author\\\/cklcomunicaciones\\\/\"}]}<\/script>\n<!-- \/ Yoast SEO plugin. -->","yoast_head_json":{"title":"Noticias Info CKL n\u00ba 2.202-28\/09\/18-Comunica con perspectiva de g\u00e9nero","description":"Comunicar con perspectiva de g\u00e9nero: Las tareas dom\u00e9sticas hechas por las espa\u00f1olas equivalen al 27% del PIB-Pacto de Estado contra la VG: 1 a\u00f1o, 0 millones","robots":{"index":"index","follow":"follow","max-snippet":"max-snippet:-1","max-image-preview":"max-image-preview:large","max-video-preview":"max-video-preview:-1"},"canonical":"https:\/\/cklcomunicaciones.es\/coop\/noticias-info-ckl-no-2-202-28-09-18\/","og_locale":"es_ES","og_type":"article","og_title":"Noticias Info CKL n\u00ba 2.202-28\/09\/18-Comunica con perspectiva de g\u00e9nero","og_description":"Comunicar con perspectiva de g\u00e9nero: Las tareas dom\u00e9sticas hechas por las espa\u00f1olas equivalen al 27% del PIB-Pacto de Estado contra la VG: 1 a\u00f1o, 0 millones","og_url":"https:\/\/cklcomunicaciones.es\/coop\/noticias-info-ckl-no-2-202-28-09-18\/","og_site_name":"CKL Comunicaciones","article_published_time":"2018-09-28T10:43:31+00:00","article_modified_time":"2025-01-17T15:40:36+00:00","og_image":[{"width":500,"height":500,"url":"https:\/\/cklcomunicaciones.es\/coop\/wp-content\/uploads\/2018\/03\/CKL_comunicacion-con-perspetiva-de-genero.jpg","type":"image\/jpeg"}],"author":"ckl","twitter_card":"summary_large_image","twitter_misc":{"Escrito por":"ckl","Tiempo de lectura":"5 minutos"},"schema":{"@context":"https:\/\/schema.org","@graph":[{"@type":"Article","@id":"https:\/\/cklcomunicaciones.es\/coop\/noticias-info-ckl-no-2-202-28-09-18\/#article","isPartOf":{"@id":"https:\/\/cklcomunicaciones.es\/coop\/noticias-info-ckl-no-2-202-28-09-18\/"},"author":{"name":"ckl","@id":"https:\/\/cklcomunicaciones.es\/coop\/#\/schema\/person\/929a6837f7626450bbb50cee1aef266e"},"headline":"Noticias Info CKL n\u00ba 2.202-28\/09\/18","datePublished":"2018-09-28T10:43:31+00:00","dateModified":"2025-01-17T15:40:36+00:00","mainEntityOfPage":{"@id":"https:\/\/cklcomunicaciones.es\/coop\/noticias-info-ckl-no-2-202-28-09-18\/"},"wordCount":930,"image":{"@id":"https:\/\/cklcomunicaciones.es\/coop\/noticias-info-ckl-no-2-202-28-09-18\/#primaryimage"},"thumbnailUrl":"http:\/\/www.cklcomunicaciones.es\/wp-content\/uploads\/2018\/03\/CKL_comunicacion-con-perspetiva-de-genero-300x300.jpg","articleSection":["Newsletter","Nwl v2.0"],"inLanguage":"es"},{"@type":"WebPage","@id":"https:\/\/cklcomunicaciones.es\/coop\/noticias-info-ckl-no-2-202-28-09-18\/","url":"https:\/\/cklcomunicaciones.es\/coop\/noticias-info-ckl-no-2-202-28-09-18\/","name":"Noticias Info CKL n\u00ba 2.202-28\/09\/18-Comunica con perspectiva de g\u00e9nero","isPartOf":{"@id":"https:\/\/cklcomunicaciones.es\/coop\/#website"},"primaryImageOfPage":{"@id":"https:\/\/cklcomunicaciones.es\/coop\/noticias-info-ckl-no-2-202-28-09-18\/#primaryimage"},"image":{"@id":"https:\/\/cklcomunicaciones.es\/coop\/noticias-info-ckl-no-2-202-28-09-18\/#primaryimage"},"thumbnailUrl":"http:\/\/www.cklcomunicaciones.es\/wp-content\/uploads\/2018\/03\/CKL_comunicacion-con-perspetiva-de-genero-300x300.jpg","datePublished":"2018-09-28T10:43:31+00:00","dateModified":"2025-01-17T15:40:36+00:00","author":{"@id":"https:\/\/cklcomunicaciones.es\/coop\/#\/schema\/person\/929a6837f7626450bbb50cee1aef266e"},"description":"Comunicar con perspectiva de g\u00e9nero: Las tareas dom\u00e9sticas hechas por las espa\u00f1olas equivalen al 27% del PIB-Pacto de Estado contra la VG: 1 a\u00f1o, 0 millones","breadcrumb":{"@id":"https:\/\/cklcomunicaciones.es\/coop\/noticias-info-ckl-no-2-202-28-09-18\/#breadcrumb"},"inLanguage":"es","potentialAction":[{"@type":"ReadAction","target":["https:\/\/cklcomunicaciones.es\/coop\/noticias-info-ckl-no-2-202-28-09-18\/"]}]},{"@type":"ImageObject","inLanguage":"es","@id":"https:\/\/cklcomunicaciones.es\/coop\/noticias-info-ckl-no-2-202-28-09-18\/#primaryimage","url":"http:\/\/www.cklcomunicaciones.es\/wp-content\/uploads\/2018\/03\/CKL_comunicacion-con-perspetiva-de-genero-300x300.jpg","contentUrl":"http:\/\/www.cklcomunicaciones.es\/wp-content\/uploads\/2018\/03\/CKL_comunicacion-con-perspetiva-de-genero-300x300.jpg"},{"@type":"BreadcrumbList","@id":"https:\/\/cklcomunicaciones.es\/coop\/noticias-info-ckl-no-2-202-28-09-18\/#breadcrumb","itemListElement":[{"@type":"ListItem","position":1,"name":"Portada","item":"https:\/\/cklcomunicaciones.es\/coop\/"},{"@type":"ListItem","position":2,"name":"Noticias Info CKL n\u00ba 2.202-28\/09\/18"}]},{"@type":"WebSite","@id":"https:\/\/cklcomunicaciones.es\/coop\/#website","url":"https:\/\/cklcomunicaciones.es\/coop\/","name":"CKL Comunicaciones","description":"Sitio web de CKL Comunicaciones coop , la consultora de comunicaci\u00f3n y estrategia","potentialAction":[{"@type":"SearchAction","target":{"@type":"EntryPoint","urlTemplate":"https:\/\/cklcomunicaciones.es\/coop\/?s={search_term_string}"},"query-input":{"@type":"PropertyValueSpecification","valueRequired":true,"valueName":"search_term_string"}}],"inLanguage":"es"},{"@type":"Person","@id":"https:\/\/cklcomunicaciones.es\/coop\/#\/schema\/person\/929a6837f7626450bbb50cee1aef266e","name":"ckl","image":{"@type":"ImageObject","inLanguage":"es","@id":"https:\/\/secure.gravatar.com\/avatar\/c82db564e8a669bf6023357a157b9dc4780f4d4c618f2ad1d71a6a5dede45057?s=96&d=mm&r=g","url":"https:\/\/secure.gravatar.com\/avatar\/c82db564e8a669bf6023357a157b9dc4780f4d4c618f2ad1d71a6a5dede45057?s=96&d=mm&r=g","contentUrl":"https:\/\/secure.gravatar.com\/avatar\/c82db564e8a669bf6023357a157b9dc4780f4d4c618f2ad1d71a6a5dede45057?s=96&d=mm&r=g","caption":"ckl"},"url":"https:\/\/cklcomunicaciones.es\/coop\/author\/cklcomunicaciones\/"}]}},"_links":{"self":[{"href":"https:\/\/cklcomunicaciones.es\/coop\/wp-json\/wp\/v2\/posts\/14191","targetHints":{"allow":["GET"]}}],"collection":[{"href":"https:\/\/cklcomunicaciones.es\/coop\/wp-json\/wp\/v2\/posts"}],"about":[{"href":"https:\/\/cklcomunicaciones.es\/coop\/wp-json\/wp\/v2\/types\/post"}],"author":[{"embeddable":true,"href":"https:\/\/cklcomunicaciones.es\/coop\/wp-json\/wp\/v2\/users\/3"}],"replies":[{"embeddable":true,"href":"https:\/\/cklcomunicaciones.es\/coop\/wp-json\/wp\/v2\/comments?post=14191"}],"version-history":[{"count":0,"href":"https:\/\/cklcomunicaciones.es\/coop\/wp-json\/wp\/v2\/posts\/14191\/revisions"}],"wp:attachment":[{"href":"https:\/\/cklcomunicaciones.es\/coop\/wp-json\/wp\/v2\/media?parent=14191"}],"wp:term":[{"taxonomy":"category","embeddable":true,"href":"https:\/\/cklcomunicaciones.es\/coop\/wp-json\/wp\/v2\/categories?post=14191"},{"taxonomy":"post_tag","embeddable":true,"href":"https:\/\/cklcomunicaciones.es\/coop\/wp-json\/wp\/v2\/tags?post=14191"}],"curies":[{"name":"wp","href":"https:\/\/api.w.org\/{rel}","templated":true}]}}