{"id":14181,"date":"2018-09-25T12:18:51","date_gmt":"2018-09-25T10:18:51","guid":{"rendered":"http:\/\/www.cklcomunicaciones.es\/?p=14181"},"modified":"2025-01-17T16:40:37","modified_gmt":"2025-01-17T15:40:37","slug":"noticias-info-ckl-no-2-199-25-09-18","status":"publish","type":"post","link":"https:\/\/cklcomunicaciones.es\/coop\/noticias-info-ckl-no-2-199-25-09-18\/","title":{"rendered":"Noticias Info CKL n\u00ba 2.199-25\/09\/18"},"content":{"rendered":"<div id=\"pl-14181\"  class=\"panel-layout\" >\n<div id=\"pg-14181-0\"  class=\"panel-grid panel-no-style\"  data-style=\"{&quot;background_image_attachment&quot;:false,&quot;background_display&quot;:&quot;tile&quot;,&quot;cell_alignment&quot;:&quot;flex-start&quot;}\" >\n<div id=\"pgc-14181-0-0\"  class=\"panel-grid-cell\"  data-weight=\"1\" >\n<div id=\"panel-14181-0-0-0\" class=\"so-panel widget widget_sow-editor panel-first-child panel-last-child\" data-index=\"0\" data-style=\"{&quot;background_image_attachment&quot;:false,&quot;background_display&quot;:&quot;tile&quot;}\" >\n<div class=\"so-widget-sow-editor so-widget-sow-editor-base\">\n<div class=\"siteorigin-widget-tinymce textwidget\">\n<p><img decoding=\"async\" class=\"lazyload  wp-image-13726\" src=\"http:\/\/www.cklcomunicaciones.es\/wp-content\/uploads\/2018\/03\/CKL_comunicacion-con-perspetiva-de-genero-300x300.jpg\" data-orig-src=\"http:\/\/www.cklcomunicaciones.es\/wp-content\/uploads\/2018\/03\/CKL_comunicacion-con-perspetiva-de-genero-300x300.jpg\" alt=\"CKL_comunicacion con perspetiva de genero\" width=\"132\" height=\"132\" srcset=\"data:image\/svg+xml,%3Csvg%20xmlns%3D%27http%3A%2F%2Fwww.w3.org%2F2000%2Fsvg%27%20width%3D%27132%27%20height%3D%27132%27%20viewBox%3D%270%200%20132%20132%27%3E%3Crect%20width%3D%27132%27%20height%3D%27132%27%20fill-opacity%3D%220%22%2F%3E%3C%2Fsvg%3E\" data-srcset=\"https:\/\/cklcomunicaciones.es\/coop\/wp-content\/uploads\/2018\/03\/CKL_comunicacion-con-perspetiva-de-genero-150x150.jpg 150w, https:\/\/cklcomunicaciones.es\/coop\/wp-content\/uploads\/2018\/03\/CKL_comunicacion-con-perspetiva-de-genero-300x300.jpg 300w, https:\/\/cklcomunicaciones.es\/coop\/wp-content\/uploads\/2018\/03\/CKL_comunicacion-con-perspetiva-de-genero-450x450.jpg 450w, https:\/\/cklcomunicaciones.es\/coop\/wp-content\/uploads\/2018\/03\/CKL_comunicacion-con-perspetiva-de-genero.jpg 500w\" data-sizes=\"auto\" data-orig-sizes=\"(max-width: 132px) 100vw, 132px\" \/><\/p>\n<p><strong>Feminizaci\u00f3n en sanidad: las mujeres ocupan 7 de cada 10 puestos, un 4% m\u00e1s-Julieta Serrano, Premio Nacional de Teatro-Las mujeres protagonizan las exposiciones de Eutop\u00eda-M\u00e1laga proh\u00edbe la publicidad sexista<\/strong><\/p>\n<p>[toggle type=\u00bbfirst\u00bb title=\u00bbComunicaci\u00f3n\u00bb]<\/p>\n<p><a href=\"https:\/\/www.google.com\/url?sa=t&amp;rct=j&amp;q=&amp;esrc=s&amp;source=newssearch&amp;cd=3&amp;ved=0ahUKEwj518Wq7dXdAhUExhoKHTd1D8AQqQIILCgAMAI&amp;url=https%3A%2F%2Fandaluciainformacion.es%2Fgranada%2F777451%2Fpremio-de-las-cortes-a-la-voz-que-pide-igualdad-de-hombres-y-mujeres%2F&amp;usg=AOvVaw2taGnNyhsqezHWOqAUZ9d4\">Pepa Bueno, premio de las Cortes a la voz que pide igualdad de hombres y mujeres<\/a> &#8211; Andaluc\u00eda Informaci\u00f3n<\/p>\n<p><a href=\"https:\/\/www.diariosur.es\/malaga-capital\/fiscal-flor-torres-20180925220054-nt.html\">La fiscal de violencia contra la mujer, Flor de Torres, protagonista en el Aula de Cultura de Sur<\/a> &#8211; Sur Digital<\/p>\n<p><a href=\"https:\/\/www.eldiario.es\/cultura\/presidente-Efe-compromiso-impulsar-Agencia_0_816469419.html\">El presidente de Efe firma un compromiso para impulsar la igualdad &#8230;<\/a>&#8211; <a href=\"http:\/\/eldiario.es\">eldiario.es<\/a><\/p>\n<p><a href=\"https:\/\/www.lamarea.com\/2018\/09\/23\/recetas-para-un-periodismo-feminista\/\">Recetas para un periodismo feminista<\/a>-La Marea<\/p>\n<p><a href=\"https:\/\/www.laopiniondemalaga.es\/malaga\/2018\/09\/24\/malaga-prohibe-publicidad-sexista-multas\/1035237.html\">M\u00e1laga proh\u00edbe la publicidad sexista y las multas ir\u00e1n de los 750 a los &#8230;<\/a>&#8211; La Opini\u00f3n de M\u00e1laga<\/p>\n<p>[\/toggle]<\/p>\n<p>[toggle type=\u00bbfirst\u00bb title=\u00bbAndaluc\u00eda\u00bb]<\/p>\n<p><strong>Institucional<\/strong><\/p>\n<p><a href=\"http:\/\/www.juntadeandalucia.es\/presidencia\/portavoz\/136578\/JuntadeAndalucia\/Presidenta\/Universidad\/ConstitucionEspanola\">Susana D\u00edaz defiende el t\u00edtulo VIII de la Constituci\u00f3n, garante de igualdad<\/a> \u2013 Oficina del Portavoz<\/p>\n<p><a href=\"http:\/\/www.canalsur.es\/noticias\/sanchez-rubio-es-urgente-aplicar-el-pacto-de-estado-contra-la-violencia-machista\/1328748.html\">S\u00e1nchez Rubio: \u00abEs urgente aplicar el Pacto de Estado contra la Violencia Machista\u201d&#8230;<\/a> &#8211; CanalSurWeb<\/p>\n<p><strong>Econom\u00eda y Empresas<\/strong><\/p>\n<p><a href=\"https:\/\/www.noticiasdealmeria.com\/la-empresaria-almeriense-rosalia-navarro-recibe-manana-el-premio-solidarios-once-2018\">La empresaria almeriense Rosal\u00eda Navarro recibe ma\u00f1ana el Premio Solidarios ONCE &#8230;<\/a>&#8211; Noticias de Almer\u00eda<\/p>\n<p><a href=\"https:\/\/www.20minutos.es\/noticia\/3447895\/0\/total-157-explotaciones-ganaderas-recibe-mas-4-9-millones-para-modernizacion\/\">Un total de 157 explotaciones ganaderas, 475 de mujeres, recibe m\u00e1s de 4,9 millones &#8230;<\/a>&#8211; <a href=\"http:\/\/20minutos.es\">20minutos.es<\/a><\/p>\n<p><a href=\"http:\/\/www.elmundo.es\/andalucia\/2018\/09\/25\/5ba9d60bca4741d8238b45e7.html\">La digitalizaci\u00f3n como palanca de cambio de la estructura productiva<\/a> \u2013 El Mundo<\/p>\n<p><a href=\"https:\/\/www.diariodesevilla.es\/andalucia\/Andalucia-aprueba-martes-salida-mercados_0_1285072077.html\">Andaluc\u00eda aprueba este martes la salida a los mercados<\/a> &#8211; Diario de Sevilla<\/p>\n<p><strong>Actualidad<\/strong><\/p>\n<p><a href=\"https:\/\/www.google.com\/url?rct=j&amp;sa=t&amp;url=https:\/\/www.diariocordoba.com\/noticias\/cordobalocal\/custodia-ninos-es-mujer-43-divorcios-frente-2-hombres_1252865.html&amp;ct=ga&amp;cd=CAEYACoTNDYzODI2MTI2OTg2OTE5OTY2MDIZYzAzNzJlYmMyZmVhZGE1OTplczplczpFUw&amp;usg=AFQjCNGb_zqWbE8aa9H7170a_Oe6t0LiMQ\">La custodia de los ni\u00f1os es p ara la mujer en el 43% de los divorcios, frente al 2% de los hombres <\/a>&#8211; Diario C\u00f3rdoba<\/p>\n<p><a href=\"http:\/\/www.juntadeandalucia.es\/presidencia\/portavoz\/136546\/dependencia\/IgualdadyPoliticasSociales\/PensionesnoContributivasoAsistenciales\">Nuevo impulso a la Dependencia con la incorporaci\u00f3n de 17.400 personas atendidas<\/a> \u2013 Oficina del Portavoz<\/p>\n<p><a href=\"http:\/\/www.canalsur.es\/noticias\/doce-mujeres-y-cinco-ninos-entre-los-ultimos-inmigrantes-llegados-a-andalucia\/1328687.html\">Doce mujeres y cinco ni\u00f1os, entre los \u00faltimos inmigrantes llegados a &#8230;<\/a>&#8211; CanalSurWeb<\/p>\n<p><a href=\"http:\/\/www.europapress.es\/andalucia\/noticia-ugt-satisfecho-garanticen-pensiones-andalucia-poder-adquisitivo-muchos-pensionistas-20180924134949.html\">UGT-A, \u00absatisfecho\u00bb por que se garanticen las pensiones en Andaluc\u00eda &#8230;<\/a>&#8211; Europa Press<\/p>\n<p><strong>Violencia<\/strong><\/p>\n<p><a href=\"http:\/\/www.elmundo.es\/andalucia\/2018\/09\/24\/5ba9180522601de56a8b4640.html\">El Defensor del Pueblo investiga las denuncias de supuestos abusos sexuales y laborales a temporeras<\/a> \u2013 El Mundo<\/p>\n<p><a href=\"https:\/\/www.google.com\/url?sa=t&amp;rct=j&amp;q=&amp;esrc=s&amp;source=newssearch&amp;cd=3&amp;cad=rja&amp;uact=8&amp;ved=0ahUKEwje0M-i59XdAhXI4IUKHZNIDBUQuogBCC8oATAC&amp;url=http%3A%2F%2Fcadenaser.com%2Femisora%2F2018%2F09%2F25%2Fradio_ubeda%2F1537862168_648309.html&amp;usg=AOvVaw1KChNK08D2VDU8YtLGrQEd\">La juez env\u00eda a prisi\u00f3n al hombre acusado de matar a su ex-pareja en &#8230;<\/a>&#8211; Cadena SER<\/p>\n<p><strong>Ciencia y Cultura<\/strong><\/p>\n<p><a href=\"https:\/\/www.lavozdigital.es\/cadiz\/provincia\/lvdi-susana-diaz-ratifica-apoyo-apertura-curso-academico-201809241613_noticia.html\">Susana D\u00edaz ratifica su apoyo a la UCA en la apertura del curso acad\u00e9mico&#8230;<\/a>&#8211; La Voz Digital<\/p>\n<p><a href=\"http:\/\/www.elmundo.es\/papel\/lideres\/2018\/09\/25\/5ba81ccb268e3eee488b462d.html\">La ingeniera Emilia G\u00f3mez: \u00abLa inteligencia artificial general es ciencia ficci\u00f3n\u00bb<\/a> \u2013 El Mundo<\/p>\n<p><a href=\"https:\/\/www.diariocordoba.com\/noticias\/cultura\/mujeres-protagonizan-exposiciones-eutopia_1253020.html\">Las mujeres protagonizan las exposiciones de Eutop\u00eda<\/a>&#8211; Diario C\u00f3rdoba<\/p>\n<p><a href=\"https:\/\/www.lavozdelsur.es\/andalucia-la-mar-de-lejos\/\">Andaluc\u00eda, &#8216;La mar de lejos&#8217;<\/a> &#8211; La Voz del Sur<\/p>\n<p><a href=\"http:\/\/www.canalsur.es\/noticias\/andalucia-escenario-de-1406-rodajes\/1328737.html\">Andaluc\u00eda<em>, <\/em>escenario de 1.406 rodajes<\/a> &#8211; CanalSurWeb<\/p>\n<p><strong>Deporte<\/strong><\/p>\n<p><a href=\"https:\/\/www.diariosur.es\/deportes\/mas-deportes\/capitana-guerrera-20180925235335-nt.html\">La capitana del Rinc\u00f3n Fertilidad, Sole L\u00f3pez, ya es una &#8216;Guerrera&#8217;<\/a>&#8211; Sur Digital<\/p>\n<p><a href=\"https:\/\/www.google.com\/url?sa=t&amp;rct=j&amp;q=&amp;esrc=s&amp;source=newssearch&amp;cd=1&amp;ved=0ahUKEwiZgI2F7NXdAhVDyoUKHRXyAvYQqQIIJygAMAA&amp;url=http%3A%2F%2Fwww.elmundo.es%2Fdeportes%2Fpadel%2F2018%2F09%2F25%2F5ba9ffc322601d01768b45b6.html&amp;usg=AOvVaw1r_vUZW9rjVTRR3t4h_1yU\">Cata Tenorio y Bea Gonz\u00e1lez, presente y futuro del p\u00e1del femenino<\/a>&#8211; El Mundo<\/p>\n<p>[\/toggle]<\/p>\n<p>[toggle type=\u00bbfirst\u00bb title=\u00bbEstado\u00bb]<\/p>\n<p><strong>Institucional-CCAA<\/strong><\/p>\n<p><a href=\"https:\/\/www.google.com\/url?rct=j&amp;sa=t&amp;url=https:\/\/www.elperiodicoextremadura.com\/noticias\/almendralejo\/mujeres-podran-acceder-talleres-potenciar-busqueda-empleo_1115237.html&amp;ct=ga&amp;cd=CAEYACoUMTU2OTQ5Mjc0MTcwNjY5MzIyOTYyGWUxZTc3ZDE1NjA5OGE4ZTM6ZXM6ZXM6RVM&amp;usg=AFQjCNGTTApeTFCSd4LLMF4g92eUclTIZw\">Las mujeres podr\u00e1n acceder a talleres para potenciar la b\u00fasqueda de empleo <\/a>&#8211; El Peri\u00f3dico Extremadura<\/p>\n<p><a href=\"https:\/\/www.google.com\/url?rct=j&amp;sa=t&amp;url=https:\/\/www.lavozdeasturias.es\/noticia\/asturias\/2018\/09\/23\/principado-respalda-abolicion-prostitucion\/00031537721102855133652.htm&amp;ct=ga&amp;cd=CAEYAioUMTI5ODI2MzQ1NjQzNTg1MjM3NjYyGWMwMzcyZWJjMmZlYWRhNTk6ZXM6ZXM6RVM&amp;usg=AFQjCNEPwE67jCFuJVWnhqJkfOxYA0LO_A\">El Principado respalda la abolici\u00f3n de la prostituci\u00f3n <\/a>&#8211; La Voz de Asturias<\/p>\n<p><a href=\"https:\/\/www.google.com\/url?rct=j&amp;sa=t&amp;url=http:\/\/arainfo.org\/el-foro-aragones-contra-la-trata-de-mujeres-y-ninas-con-fines-de-explotacion-sexual-arrancara-en-octubre\/&amp;ct=ga&amp;cd=CAEYAyoUMTI5ODI2MzQ1NjQzNTg1MjM3NjYyGWMwMzcyZWJjMmZlYWRhNTk6ZXM6ZXM6RVM&amp;usg=AFQjCNHVQBu3cYrzDlmEFMZV1d9USZTzHw\">El Foro aragon\u00e9s contra la trata de mujeres y ni\u00f1as con fines de explotaci\u00f3n sexual arrancar\u00e1 en &#8230; <\/a>&#8211; AraInfo<\/p>\n<p><a href=\"http:\/\/www.mujeremprendedora.net\/ii-plan-estrategico-igualdad-castilla-mancha\/\">II Plan Estrat\u00e9gico por la Igualdad de Castilla-La Mancha<\/a> \u2013 Mujeremprendedora.net<\/p>\n<p><a href=\"http:\/\/www.noticiasdenavarra.com\/2018\/09\/24\/sociedad\/navarra\/el-premio-solidario-de-navarra-para-mujeres-africanas-y-derechos-humanos\">El premio solidario de Navarra, para cuatro <em>mujeres<\/em> relevantes en &#8230;<\/a>&#8211; Noticias de Navarra<\/p>\n<p><a href=\"https:\/\/www.laopinioncoruna.es\/economia\/2018\/09\/23\/mujeres-copan-42-autoempleo-galicia\/1330915.html\">Las mujeres copan el 42% del autoempleo en Galicia, la tasa m\u00e1s alta &#8230;<\/a>-La Opini\u00f3n A Coru\u00f1a<\/p>\n<p><strong>Econom\u00eda y Empresa<\/strong><\/p>\n<p><a href=\"https:\/\/cincodias.elpais.com\/cincodias\/2018\/09\/24\/autonomos\/1537822360_555388.html\">As\u00ed es la plataforma exclusiva para aut\u00f3nomas<\/a> &#8211; Cinco D\u00edas<\/p>\n<p><a href=\"https:\/\/www.redaccionmedica.com\/secciones\/sanidad-hoy\/feminizacion-en-sanidad-las-mujeres-ocupan-7-de-cada-10-puestos-un-4-mas-3814\">Feminizaci\u00f3n en sanidad: las mujeres ocupan 7 de cada 10 puestos &#8230;<\/a>&#8211; Redacci\u00f3n M\u00e9dica<\/p>\n<p><a href=\"https:\/\/www.google.com\/url?sa=t&amp;rct=j&amp;q=&amp;esrc=s&amp;source=newssearch&amp;cd=2&amp;ved=0ahUKEwjQsbXV6dXdAhVHyRoKHRv9CTMQqQIIKigAMAE&amp;url=https%3A%2F%2Fwww.empresaactual.com%2Fla-diferencia-la-marcan-las-personas-sofia-benjumea-directora-del-campus-madrid-de-google%2F&amp;usg=AOvVaw22i1sfS1CKnF9BDPxhXLm2\">Sof\u00eda Benjumea, directora del Campus Madrid de Google: \u201cLa diferencia la marcan las personas &#8230;<\/a>&#8211; EmpresaActual<\/p>\n<p><a href=\"http:\/\/www.mujeremprendedora.net\/reconnect-programa-vodafone-impulsa-la-reconexion-mujer\/\">\u2018ReConnect\u2019, un programa de Vodafone que promueve la reconexi\u00f3n de la mujer<\/a> Mujeremprendedora.net<\/p>\n<p><strong>Actualidad<\/strong><\/p>\n<p><a href=\"https:\/\/www.larazon.es\/espana\/30-anos-de-la-mujer-en-las-fuerzas-armadas-en-el-ejercito-importan-los-meritos-y-la-persona-no-el-sexo-MC19938127\">30 a\u00f1os de la mujer<em> e<\/em>n las Fuerzas Armadas: \u00abEn el Ej\u00e9rcito importan &#8230;<\/a>&#8211; La Raz\u00f3n<\/p>\n<p><a href=\"https:\/\/elpais.com\/elpais\/2018\/09\/24\/opinion\/1537786323_009164.html\">Maternidad y fertilidad<\/a> \u2013 El Pa\u00eds<\/p>\n<p><strong>Violencia<\/strong><\/p>\n<p><a href=\"https:\/\/www.google.com\/url?sa=t&amp;rct=j&amp;q=&amp;esrc=s&amp;source=newssearch&amp;cd=20&amp;ved=0ahUKEwjPvY3W7NXdAhUG1xoKHccfBl44ChCpAgg_KAAwCQ&amp;url=https%3A%2F%2Fwww.eldiario.es%2Fsociedad%2Fprotocolo-valorar-victimas-violencia-machista_0_817868509.html&amp;usg=AOvVaw2y9EZ8ItWYhFw_LgY3OqDI\">Los jueces solo usan un 2% de las veces el protocolo forense para conocer el riesgo de &#8230;<\/a>&#8211; <a href=\"http:\/\/eldiario.es\">eldiario.es<\/a><\/p>\n<p><a href=\"https:\/\/www.publico.es\/sociedad\/recortes-deterioran-atencion-violencia-genero.html\">Los recortes deterioran la atenci\u00f3n a la violencia de g\u00e9nero<\/a>&#8211; P\u00fablico<\/p>\n<p><a href=\"http:\/\/www.europapress.es\/epsocial\/igualdad\/noticia-35-mujeres-asesinadas-violencia-genero-va-ano-20180924134251.html\">35 asesinadas por violencia de g\u00e9nero en lo que va de a\u00f1o<\/a> &#8211; Europa Press<\/p>\n<p><strong>Ciencia y Cultura<\/strong><\/p>\n<p><a href=\"https:\/\/www.google.com\/url?rct=j&amp;sa=t&amp;url=https:\/\/www.elespanol.com\/cultura\/20180924\/actriz-julieta-serrano-premio-nacional-teatro\/340466548_0.html&amp;ct=ga&amp;cd=CAEYAioUMTc5NzUxOTA1ODQyMDkxNTM3ODIyGWMwMzcyZWJjMmZlYWRhNTk6ZXM6ZXM6RVM&amp;usg=AFQjCNFP7Q2QmFIt8ssmo6RUm5YW9xZMHw\">La actriz Julieta Serrano, Premio Nacional de Teatro- <\/a>El Espa\u00f1ol<\/p>\n<p><a href=\"https:\/\/www.google.com\/url?rct=j&amp;sa=t&amp;url=https:\/\/www.elnortedecastilla.es\/salamanca\/isabel-ocampo-concluye-20180924084724-nt.html&amp;ct=ga&amp;cd=CAEYBCoUMTc5NzUxOTA1ODQyMDkxNTM3ODIyGWMwMzcyZWJjMmZlYWRhNTk6ZXM6ZXM6RVM&amp;usg=AFQjCNF--EwS-ealy5FPDavBxH5_0_P5xA\">Isabel de Ocampo concluye el rodaje de &#8216;Ser\u00e1s hombre&#8217;, que se estrena en la Seminci <\/a>&#8211; El Norte de Castilla<\/p>\n<p><a href=\"https:\/\/www.levante-emv.com\/cultura\/2018\/09\/25\/mujeres-toman-ivam\/1771884.html\">Las mujeres toman el IVAM<\/a>&#8211; Levante-EMV<\/p>\n<p><strong>Deporte<\/strong><\/p>\n<p><a href=\"https:\/\/www.lasprovincias.es\/sociedad\/solo-cuatro-federaciones-20180925011716-nt.html\">Solo cuatro de 56 federaciones deportivas tienen mujeres para cumplir la paridad&#8230;<\/a> &#8211; Las Provincias<\/p>\n<p><a href=\"https:\/\/elpais.com\/deportes\/2018\/09\/24\/actualidad\/1537819077_278614.html\">Laia Palau, la mujer r\u00e9cord<\/a> \u2013 El Pa\u00eds<\/p>\n<p><a href=\"https:\/\/www.google.com\/url?sa=t&amp;rct=j&amp;q=&amp;esrc=s&amp;source=newssearch&amp;cd=42&amp;ved=0ahUKEwiBk4Tq69XdAhXhxoUKHZb6BU04KBCpAggpKAAwAQ&amp;url=https%3A%2F%2Fwww.eldiario.es%2Fnorte%2Ffundacionvital%2FFundacion-Vital-convoca-fomentar-entrenadoras_6_817928213.html&amp;usg=AOvVaw1Q9wEozXz4iJ9DLRU60xDV\">Fundaci\u00f3n Vital convoca becas para fomentar el papel de las entrenadoras de f\u00fatbol&#8230;<\/a> &#8211; <a href=\"http:\/\/eldiario.es\">eldiario.es<\/a><\/p>\n<p>[\/toggle]<\/p>\n<p>[toggle type=\u00bbfirst\u00bb title=\u00bbInternacional\u00bb]<\/p>\n<p><a href=\"https:\/\/www.google.com\/url?sa=t&amp;rct=j&amp;q=&amp;esrc=s&amp;source=newssearch&amp;cd=15&amp;ved=0ahUKEwjzj_qa7NXdAhUMxxoKHZKTBnM4ChCpAggyKAAwBA&amp;url=https%3A%2F%2Fwww.lavanguardia.com%2Fpolitica%2F20180922%2F451974670163%2Fministras-de-exteriores-rinden-homenaje-a-victimas-de-la-violencia-de-genero.html&amp;usg=AOvVaw1-3mijs6OdFHlj6E6jBfTd\">Ministras de Exteriores rinden homenaje a v\u00edctimas de la violencia de &#8230;<\/a> &#8211; La Vanguardia<\/p>\n<p><a href=\"https:\/\/mba.americaeconomia.com\/articulos\/notas\/aumenta-la-tendencia-de-mujeres-que-innovan-en-areas-tecnicas\">Aumenta la tendencia de mujeres que innovan en \u00e1reas t\u00e9cnicas<\/a>&#8211; Am\u00e9ricaEconom\u00eda.com<\/p>\n<p><a href=\"http:\/\/www.elmundo.es\/internacional\/2018\/09\/24\/5ba7d1b1268e3e9e288b45b1.html\">Merkel: el a\u00f1o que fundi\u00f3 la coraza de la canciller de hierro<\/a> \u2013 El Mundo<\/p>\n<p><a href=\"http:\/\/www.expansion.com\/economia-digital\/innovacion\/2018\/09\/25\/5ba94d27268e3e621c8b45e1.html\">Las <em>&#8216;<\/em>mujeres Avon&#8217; se lanzan a las redes sociales<\/a>&#8211; Expansi\u00f3n.com<\/p>\n<p><a href=\"http:\/\/www.elmundo.es\/internacional\/2018\/09\/25\/5ba4fd5c268e3ec3288b45eb.html\">La mujer que da nombre a los muertos del mar Mediterr\u00e1neo<\/a>\u2013 El Mundo<\/p>\n<p><a href=\"http:\/\/www.bolsamania.com\/noticias-actualidad\/notasDePrensa\/Primera-facultad-de-ingenieria-en-Canada-en-recibir-el-nombre-de-una-mujer-la-lider-empresarial-Gina--14803072--24820986a7a4c7bf71fd36dd8b676b4a.html\">Primera facultad de ingenier\u00eda en Canad\u00e1 en recibir el nombre de una mujer, Gina Cody &#8230;<\/a>&#8211; Bolsamania.com<\/p>\n<p><a href=\"https:\/\/elpais.com\/elpais\/2018\/09\/24\/ciencia\/1537777494_868590.html\">El sexismo en matem\u00e1ticas<\/a>\u2013 El Pa\u00eds<\/p>\n<p><a href=\"https:\/\/elpais.com\/cultura\/2018\/09\/24\/actualidad\/1537813717_626004.html\">Francia dar\u00e1 un 15% m\u00e1s de ayudas a las pel\u00edculas paritarias<\/a>\u2013 El Pa\u00eds<\/p>\n<p><a href=\"http:\/\/www.elmundo.es\/deportes\/futbol\/2018\/09\/24\/5ba91681e5fdea356d8b4575.html\">France Football entregar\u00e1 un Bal\u00f3n de Oro femenino a partir de este a\u00f1o<\/a> \u2013 El Mundo<\/p>\n<p><a href=\"https:\/\/www.univision.com\/deportes\/futbol\/marta-es-elegida-futbolista-femenina-del-ano-de-la-fifa-por-sexta-vez-y-por-primera-ocasion-desde-2010-video\">Marta Vieira da Silva, es elegida Futbolista Femenina del A\u00f1o de la FIFA por sexta &#8230;<\/a>&#8211; Univision<\/p>\n<p>[\/toggle]<\/p>\n<\/div>\n<\/div>\n<\/div>\n<\/div>\n<\/div>\n<\/div>\n","protected":false},"excerpt":{"rendered":"<p>Feminizaci\u00f3n en sanidad: las mujeres ocupan 7 de cada 10 <a href=\"https:\/\/cklcomunicaciones.es\/coop\/noticias-info-ckl-no-2-199-25-09-18\/\">[&#8230;]<\/a><\/p>\n","protected":false},"author":3,"featured_media":0,"comment_status":"closed","ping_status":"closed","sticky":false,"template":"","format":"standard","meta":{"footnotes":""},"categories":[298,623],"tags":[],"class_list":["post-14181","post","type-post","status-publish","format-standard","hentry","category-newsletter","category-nwl-2-0"],"yoast_head":"<!-- This site is optimized with the Yoast SEO plugin v27.5 - https:\/\/yoast.com\/product\/yoast-seo-wordpress\/ -->\n<title>Noticias Info CKL n\u00ba 2.199-25\/09\/18-Comunica con perspectiva de g\u00e9nero<\/title>\n<meta name=\"description\" content=\"Comunicar con perspectiva de g\u00e9nero: Feminizaci\u00f3n en sanidad: las mujeres ocupan 7 de cada 10 puestos, un 4% m\u00e1s-Julieta Serrano, Premio Nacional de Teatro.\" \/>\n<meta name=\"robots\" content=\"index, follow, max-snippet:-1, max-image-preview:large, max-video-preview:-1\" \/>\n<link rel=\"canonical\" href=\"https:\/\/cklcomunicaciones.es\/coop\/noticias-info-ckl-no-2-199-25-09-18\/\" \/>\n<meta property=\"og:locale\" content=\"es_ES\" \/>\n<meta property=\"og:type\" content=\"article\" \/>\n<meta property=\"og:title\" content=\"Noticias Info CKL n\u00ba 2.199-25\/09\/18-Comunica con perspectiva de g\u00e9nero\" \/>\n<meta property=\"og:description\" content=\"Comunicar con perspectiva de g\u00e9nero: Feminizaci\u00f3n en sanidad: las mujeres ocupan 7 de cada 10 puestos, un 4% m\u00e1s-Julieta Serrano, Premio Nacional de Teatro.\" \/>\n<meta property=\"og:url\" content=\"https:\/\/cklcomunicaciones.es\/coop\/noticias-info-ckl-no-2-199-25-09-18\/\" \/>\n<meta property=\"og:site_name\" content=\"CKL Comunicaciones\" \/>\n<meta property=\"article:published_time\" content=\"2018-09-25T10:18:51+00:00\" \/>\n<meta property=\"article:modified_time\" content=\"2025-01-17T15:40:37+00:00\" \/>\n<meta property=\"og:image\" content=\"https:\/\/cklcomunicaciones.es\/coop\/wp-content\/uploads\/2018\/03\/CKL_comunicacion-con-perspetiva-de-genero.jpg\" \/>\n\t<meta property=\"og:image:width\" content=\"500\" \/>\n\t<meta property=\"og:image:height\" content=\"500\" \/>\n\t<meta property=\"og:image:type\" content=\"image\/jpeg\" \/>\n<meta name=\"author\" content=\"ckl\" \/>\n<meta name=\"twitter:card\" content=\"summary_large_image\" \/>\n<meta name=\"twitter:label1\" content=\"Escrito por\" \/>\n\t<meta name=\"twitter:data1\" content=\"ckl\" \/>\n\t<meta name=\"twitter:label2\" content=\"Tiempo de lectura\" \/>\n\t<meta name=\"twitter:data2\" content=\"5 minutos\" \/>\n<script type=\"application\/ld+json\" class=\"yoast-schema-graph\">{\"@context\":\"https:\\\/\\\/schema.org\",\"@graph\":[{\"@type\":\"Article\",\"@id\":\"https:\\\/\\\/cklcomunicaciones.es\\\/coop\\\/noticias-info-ckl-no-2-199-25-09-18\\\/#article\",\"isPartOf\":{\"@id\":\"https:\\\/\\\/cklcomunicaciones.es\\\/coop\\\/noticias-info-ckl-no-2-199-25-09-18\\\/\"},\"author\":{\"name\":\"ckl\",\"@id\":\"https:\\\/\\\/cklcomunicaciones.es\\\/coop\\\/#\\\/schema\\\/person\\\/929a6837f7626450bbb50cee1aef266e\"},\"headline\":\"Noticias Info CKL n\u00ba 2.199-25\\\/09\\\/18\",\"datePublished\":\"2018-09-25T10:18:51+00:00\",\"dateModified\":\"2025-01-17T15:40:37+00:00\",\"mainEntityOfPage\":{\"@id\":\"https:\\\/\\\/cklcomunicaciones.es\\\/coop\\\/noticias-info-ckl-no-2-199-25-09-18\\\/\"},\"wordCount\":922,\"image\":{\"@id\":\"https:\\\/\\\/cklcomunicaciones.es\\\/coop\\\/noticias-info-ckl-no-2-199-25-09-18\\\/#primaryimage\"},\"thumbnailUrl\":\"http:\\\/\\\/www.cklcomunicaciones.es\\\/wp-content\\\/uploads\\\/2018\\\/03\\\/CKL_comunicacion-con-perspetiva-de-genero-300x300.jpg\",\"articleSection\":[\"Newsletter\",\"Nwl v2.0\"],\"inLanguage\":\"es\"},{\"@type\":\"WebPage\",\"@id\":\"https:\\\/\\\/cklcomunicaciones.es\\\/coop\\\/noticias-info-ckl-no-2-199-25-09-18\\\/\",\"url\":\"https:\\\/\\\/cklcomunicaciones.es\\\/coop\\\/noticias-info-ckl-no-2-199-25-09-18\\\/\",\"name\":\"Noticias Info CKL n\u00ba 2.199-25\\\/09\\\/18-Comunica con perspectiva de g\u00e9nero\",\"isPartOf\":{\"@id\":\"https:\\\/\\\/cklcomunicaciones.es\\\/coop\\\/#website\"},\"primaryImageOfPage\":{\"@id\":\"https:\\\/\\\/cklcomunicaciones.es\\\/coop\\\/noticias-info-ckl-no-2-199-25-09-18\\\/#primaryimage\"},\"image\":{\"@id\":\"https:\\\/\\\/cklcomunicaciones.es\\\/coop\\\/noticias-info-ckl-no-2-199-25-09-18\\\/#primaryimage\"},\"thumbnailUrl\":\"http:\\\/\\\/www.cklcomunicaciones.es\\\/wp-content\\\/uploads\\\/2018\\\/03\\\/CKL_comunicacion-con-perspetiva-de-genero-300x300.jpg\",\"datePublished\":\"2018-09-25T10:18:51+00:00\",\"dateModified\":\"2025-01-17T15:40:37+00:00\",\"author\":{\"@id\":\"https:\\\/\\\/cklcomunicaciones.es\\\/coop\\\/#\\\/schema\\\/person\\\/929a6837f7626450bbb50cee1aef266e\"},\"description\":\"Comunicar con perspectiva de g\u00e9nero: Feminizaci\u00f3n en sanidad: las mujeres ocupan 7 de cada 10 puestos, un 4% m\u00e1s-Julieta Serrano, Premio Nacional de Teatro.\",\"breadcrumb\":{\"@id\":\"https:\\\/\\\/cklcomunicaciones.es\\\/coop\\\/noticias-info-ckl-no-2-199-25-09-18\\\/#breadcrumb\"},\"inLanguage\":\"es\",\"potentialAction\":[{\"@type\":\"ReadAction\",\"target\":[\"https:\\\/\\\/cklcomunicaciones.es\\\/coop\\\/noticias-info-ckl-no-2-199-25-09-18\\\/\"]}]},{\"@type\":\"ImageObject\",\"inLanguage\":\"es\",\"@id\":\"https:\\\/\\\/cklcomunicaciones.es\\\/coop\\\/noticias-info-ckl-no-2-199-25-09-18\\\/#primaryimage\",\"url\":\"http:\\\/\\\/www.cklcomunicaciones.es\\\/wp-content\\\/uploads\\\/2018\\\/03\\\/CKL_comunicacion-con-perspetiva-de-genero-300x300.jpg\",\"contentUrl\":\"http:\\\/\\\/www.cklcomunicaciones.es\\\/wp-content\\\/uploads\\\/2018\\\/03\\\/CKL_comunicacion-con-perspetiva-de-genero-300x300.jpg\"},{\"@type\":\"BreadcrumbList\",\"@id\":\"https:\\\/\\\/cklcomunicaciones.es\\\/coop\\\/noticias-info-ckl-no-2-199-25-09-18\\\/#breadcrumb\",\"itemListElement\":[{\"@type\":\"ListItem\",\"position\":1,\"name\":\"Portada\",\"item\":\"https:\\\/\\\/cklcomunicaciones.es\\\/coop\\\/\"},{\"@type\":\"ListItem\",\"position\":2,\"name\":\"Noticias Info CKL n\u00ba 2.199-25\\\/09\\\/18\"}]},{\"@type\":\"WebSite\",\"@id\":\"https:\\\/\\\/cklcomunicaciones.es\\\/coop\\\/#website\",\"url\":\"https:\\\/\\\/cklcomunicaciones.es\\\/coop\\\/\",\"name\":\"CKL Comunicaciones\",\"description\":\"Sitio web de CKL Comunicaciones coop , la consultora de comunicaci\u00f3n y estrategia\",\"potentialAction\":[{\"@type\":\"SearchAction\",\"target\":{\"@type\":\"EntryPoint\",\"urlTemplate\":\"https:\\\/\\\/cklcomunicaciones.es\\\/coop\\\/?s={search_term_string}\"},\"query-input\":{\"@type\":\"PropertyValueSpecification\",\"valueRequired\":true,\"valueName\":\"search_term_string\"}}],\"inLanguage\":\"es\"},{\"@type\":\"Person\",\"@id\":\"https:\\\/\\\/cklcomunicaciones.es\\\/coop\\\/#\\\/schema\\\/person\\\/929a6837f7626450bbb50cee1aef266e\",\"name\":\"ckl\",\"image\":{\"@type\":\"ImageObject\",\"inLanguage\":\"es\",\"@id\":\"https:\\\/\\\/secure.gravatar.com\\\/avatar\\\/c82db564e8a669bf6023357a157b9dc4780f4d4c618f2ad1d71a6a5dede45057?s=96&d=mm&r=g\",\"url\":\"https:\\\/\\\/secure.gravatar.com\\\/avatar\\\/c82db564e8a669bf6023357a157b9dc4780f4d4c618f2ad1d71a6a5dede45057?s=96&d=mm&r=g\",\"contentUrl\":\"https:\\\/\\\/secure.gravatar.com\\\/avatar\\\/c82db564e8a669bf6023357a157b9dc4780f4d4c618f2ad1d71a6a5dede45057?s=96&d=mm&r=g\",\"caption\":\"ckl\"},\"url\":\"https:\\\/\\\/cklcomunicaciones.es\\\/coop\\\/author\\\/cklcomunicaciones\\\/\"}]}<\/script>\n<!-- \/ Yoast SEO plugin. -->","yoast_head_json":{"title":"Noticias Info CKL n\u00ba 2.199-25\/09\/18-Comunica con perspectiva de g\u00e9nero","description":"Comunicar con perspectiva de g\u00e9nero: Feminizaci\u00f3n en sanidad: las mujeres ocupan 7 de cada 10 puestos, un 4% m\u00e1s-Julieta Serrano, Premio Nacional de Teatro.","robots":{"index":"index","follow":"follow","max-snippet":"max-snippet:-1","max-image-preview":"max-image-preview:large","max-video-preview":"max-video-preview:-1"},"canonical":"https:\/\/cklcomunicaciones.es\/coop\/noticias-info-ckl-no-2-199-25-09-18\/","og_locale":"es_ES","og_type":"article","og_title":"Noticias Info CKL n\u00ba 2.199-25\/09\/18-Comunica con perspectiva de g\u00e9nero","og_description":"Comunicar con perspectiva de g\u00e9nero: Feminizaci\u00f3n en sanidad: las mujeres ocupan 7 de cada 10 puestos, un 4% m\u00e1s-Julieta Serrano, Premio Nacional de Teatro.","og_url":"https:\/\/cklcomunicaciones.es\/coop\/noticias-info-ckl-no-2-199-25-09-18\/","og_site_name":"CKL Comunicaciones","article_published_time":"2018-09-25T10:18:51+00:00","article_modified_time":"2025-01-17T15:40:37+00:00","og_image":[{"width":500,"height":500,"url":"https:\/\/cklcomunicaciones.es\/coop\/wp-content\/uploads\/2018\/03\/CKL_comunicacion-con-perspetiva-de-genero.jpg","type":"image\/jpeg"}],"author":"ckl","twitter_card":"summary_large_image","twitter_misc":{"Escrito por":"ckl","Tiempo de lectura":"5 minutos"},"schema":{"@context":"https:\/\/schema.org","@graph":[{"@type":"Article","@id":"https:\/\/cklcomunicaciones.es\/coop\/noticias-info-ckl-no-2-199-25-09-18\/#article","isPartOf":{"@id":"https:\/\/cklcomunicaciones.es\/coop\/noticias-info-ckl-no-2-199-25-09-18\/"},"author":{"name":"ckl","@id":"https:\/\/cklcomunicaciones.es\/coop\/#\/schema\/person\/929a6837f7626450bbb50cee1aef266e"},"headline":"Noticias Info CKL n\u00ba 2.199-25\/09\/18","datePublished":"2018-09-25T10:18:51+00:00","dateModified":"2025-01-17T15:40:37+00:00","mainEntityOfPage":{"@id":"https:\/\/cklcomunicaciones.es\/coop\/noticias-info-ckl-no-2-199-25-09-18\/"},"wordCount":922,"image":{"@id":"https:\/\/cklcomunicaciones.es\/coop\/noticias-info-ckl-no-2-199-25-09-18\/#primaryimage"},"thumbnailUrl":"http:\/\/www.cklcomunicaciones.es\/wp-content\/uploads\/2018\/03\/CKL_comunicacion-con-perspetiva-de-genero-300x300.jpg","articleSection":["Newsletter","Nwl v2.0"],"inLanguage":"es"},{"@type":"WebPage","@id":"https:\/\/cklcomunicaciones.es\/coop\/noticias-info-ckl-no-2-199-25-09-18\/","url":"https:\/\/cklcomunicaciones.es\/coop\/noticias-info-ckl-no-2-199-25-09-18\/","name":"Noticias Info CKL n\u00ba 2.199-25\/09\/18-Comunica con perspectiva de g\u00e9nero","isPartOf":{"@id":"https:\/\/cklcomunicaciones.es\/coop\/#website"},"primaryImageOfPage":{"@id":"https:\/\/cklcomunicaciones.es\/coop\/noticias-info-ckl-no-2-199-25-09-18\/#primaryimage"},"image":{"@id":"https:\/\/cklcomunicaciones.es\/coop\/noticias-info-ckl-no-2-199-25-09-18\/#primaryimage"},"thumbnailUrl":"http:\/\/www.cklcomunicaciones.es\/wp-content\/uploads\/2018\/03\/CKL_comunicacion-con-perspetiva-de-genero-300x300.jpg","datePublished":"2018-09-25T10:18:51+00:00","dateModified":"2025-01-17T15:40:37+00:00","author":{"@id":"https:\/\/cklcomunicaciones.es\/coop\/#\/schema\/person\/929a6837f7626450bbb50cee1aef266e"},"description":"Comunicar con perspectiva de g\u00e9nero: Feminizaci\u00f3n en sanidad: las mujeres ocupan 7 de cada 10 puestos, un 4% m\u00e1s-Julieta Serrano, Premio Nacional de Teatro.","breadcrumb":{"@id":"https:\/\/cklcomunicaciones.es\/coop\/noticias-info-ckl-no-2-199-25-09-18\/#breadcrumb"},"inLanguage":"es","potentialAction":[{"@type":"ReadAction","target":["https:\/\/cklcomunicaciones.es\/coop\/noticias-info-ckl-no-2-199-25-09-18\/"]}]},{"@type":"ImageObject","inLanguage":"es","@id":"https:\/\/cklcomunicaciones.es\/coop\/noticias-info-ckl-no-2-199-25-09-18\/#primaryimage","url":"http:\/\/www.cklcomunicaciones.es\/wp-content\/uploads\/2018\/03\/CKL_comunicacion-con-perspetiva-de-genero-300x300.jpg","contentUrl":"http:\/\/www.cklcomunicaciones.es\/wp-content\/uploads\/2018\/03\/CKL_comunicacion-con-perspetiva-de-genero-300x300.jpg"},{"@type":"BreadcrumbList","@id":"https:\/\/cklcomunicaciones.es\/coop\/noticias-info-ckl-no-2-199-25-09-18\/#breadcrumb","itemListElement":[{"@type":"ListItem","position":1,"name":"Portada","item":"https:\/\/cklcomunicaciones.es\/coop\/"},{"@type":"ListItem","position":2,"name":"Noticias Info CKL n\u00ba 2.199-25\/09\/18"}]},{"@type":"WebSite","@id":"https:\/\/cklcomunicaciones.es\/coop\/#website","url":"https:\/\/cklcomunicaciones.es\/coop\/","name":"CKL Comunicaciones","description":"Sitio web de CKL Comunicaciones coop , la consultora de comunicaci\u00f3n y estrategia","potentialAction":[{"@type":"SearchAction","target":{"@type":"EntryPoint","urlTemplate":"https:\/\/cklcomunicaciones.es\/coop\/?s={search_term_string}"},"query-input":{"@type":"PropertyValueSpecification","valueRequired":true,"valueName":"search_term_string"}}],"inLanguage":"es"},{"@type":"Person","@id":"https:\/\/cklcomunicaciones.es\/coop\/#\/schema\/person\/929a6837f7626450bbb50cee1aef266e","name":"ckl","image":{"@type":"ImageObject","inLanguage":"es","@id":"https:\/\/secure.gravatar.com\/avatar\/c82db564e8a669bf6023357a157b9dc4780f4d4c618f2ad1d71a6a5dede45057?s=96&d=mm&r=g","url":"https:\/\/secure.gravatar.com\/avatar\/c82db564e8a669bf6023357a157b9dc4780f4d4c618f2ad1d71a6a5dede45057?s=96&d=mm&r=g","contentUrl":"https:\/\/secure.gravatar.com\/avatar\/c82db564e8a669bf6023357a157b9dc4780f4d4c618f2ad1d71a6a5dede45057?s=96&d=mm&r=g","caption":"ckl"},"url":"https:\/\/cklcomunicaciones.es\/coop\/author\/cklcomunicaciones\/"}]}},"_links":{"self":[{"href":"https:\/\/cklcomunicaciones.es\/coop\/wp-json\/wp\/v2\/posts\/14181","targetHints":{"allow":["GET"]}}],"collection":[{"href":"https:\/\/cklcomunicaciones.es\/coop\/wp-json\/wp\/v2\/posts"}],"about":[{"href":"https:\/\/cklcomunicaciones.es\/coop\/wp-json\/wp\/v2\/types\/post"}],"author":[{"embeddable":true,"href":"https:\/\/cklcomunicaciones.es\/coop\/wp-json\/wp\/v2\/users\/3"}],"replies":[{"embeddable":true,"href":"https:\/\/cklcomunicaciones.es\/coop\/wp-json\/wp\/v2\/comments?post=14181"}],"version-history":[{"count":0,"href":"https:\/\/cklcomunicaciones.es\/coop\/wp-json\/wp\/v2\/posts\/14181\/revisions"}],"wp:attachment":[{"href":"https:\/\/cklcomunicaciones.es\/coop\/wp-json\/wp\/v2\/media?parent=14181"}],"wp:term":[{"taxonomy":"category","embeddable":true,"href":"https:\/\/cklcomunicaciones.es\/coop\/wp-json\/wp\/v2\/categories?post=14181"},{"taxonomy":"post_tag","embeddable":true,"href":"https:\/\/cklcomunicaciones.es\/coop\/wp-json\/wp\/v2\/tags?post=14181"}],"curies":[{"name":"wp","href":"https:\/\/api.w.org\/{rel}","templated":true}]}}