{"id":14076,"date":"2018-07-16T13:29:08","date_gmt":"2018-07-16T11:29:08","guid":{"rendered":"http:\/\/www.cklcomunicaciones.es\/?p=14076"},"modified":"2025-01-17T16:40:43","modified_gmt":"2025-01-17T15:40:43","slug":"noticias-info-ckl-no-2-168-16-07-18","status":"publish","type":"post","link":"https:\/\/cklcomunicaciones.es\/coop\/noticias-info-ckl-no-2-168-16-07-18\/","title":{"rendered":"Noticias Info CKL n\u00ba 2.168-16\/07\/18"},"content":{"rendered":"<div id=\"pl-14076\"  class=\"panel-layout\" >\n<div id=\"pg-14076-0\"  class=\"panel-grid panel-no-style\"  data-style=\"{&quot;background_image_attachment&quot;:false,&quot;background_display&quot;:&quot;tile&quot;,&quot;cell_alignment&quot;:&quot;flex-start&quot;}\" >\n<div id=\"pgc-14076-0-0\"  class=\"panel-grid-cell\"  data-weight=\"1\" >\n<div id=\"panel-14076-0-0-0\" class=\"so-panel widget widget_sow-editor panel-first-child panel-last-child\" data-index=\"0\" data-style=\"{&quot;background_image_attachment&quot;:false,&quot;background_display&quot;:&quot;tile&quot;}\" >\n<div class=\"so-widget-sow-editor so-widget-sow-editor-base\">\n<div class=\"siteorigin-widget-tinymce textwidget\">\n<p><img decoding=\"async\" class=\"lazyload  wp-image-13726\" src=\"http:\/\/www.cklcomunicaciones.es\/wp-content\/uploads\/2018\/03\/CKL_comunicacion-con-perspetiva-de-genero-300x300.jpg\" data-orig-src=\"http:\/\/www.cklcomunicaciones.es\/wp-content\/uploads\/2018\/03\/CKL_comunicacion-con-perspetiva-de-genero-300x300.jpg\" alt=\"CKL_comunicacion con perspetiva de genero\" width=\"132\" height=\"132\" srcset=\"data:image\/svg+xml,%3Csvg%20xmlns%3D%27http%3A%2F%2Fwww.w3.org%2F2000%2Fsvg%27%20width%3D%27132%27%20height%3D%27132%27%20viewBox%3D%270%200%20132%20132%27%3E%3Crect%20width%3D%27132%27%20height%3D%27132%27%20fill-opacity%3D%220%22%2F%3E%3C%2Fsvg%3E\" data-srcset=\"https:\/\/cklcomunicaciones.es\/coop\/wp-content\/uploads\/2018\/03\/CKL_comunicacion-con-perspetiva-de-genero-150x150.jpg 150w, https:\/\/cklcomunicaciones.es\/coop\/wp-content\/uploads\/2018\/03\/CKL_comunicacion-con-perspetiva-de-genero-300x300.jpg 300w, https:\/\/cklcomunicaciones.es\/coop\/wp-content\/uploads\/2018\/03\/CKL_comunicacion-con-perspetiva-de-genero-450x450.jpg 450w, https:\/\/cklcomunicaciones.es\/coop\/wp-content\/uploads\/2018\/03\/CKL_comunicacion-con-perspetiva-de-genero.jpg 500w\" data-sizes=\"auto\" data-orig-sizes=\"(max-width: 132px) 100vw, 132px\" \/><\/p>\n<p id=\":23f\" class=\"hP\" tabindex=\"-1\" data-thread-perm-id=\"164932e093a4e531\" data-legacy-thread-id=\"164932e093a4e531\"><strong>Soledad Murillo pide a mujeres con cargos p\u00fablicos que \u00abno duden de sus proyectos\u00bb de igualdad-Adelaida de la Calle, Premio Concha Caballero 2018-Dora Maar, la fot\u00f3grafa oculta por la sombra de Picasso<\/strong><\/p>\n<p>[toggle type=\u00bbfirst\u00bb title=\u00bbComunicaci\u00f3n\u00bb]<\/p>\n<p><a href=\"http:\/\/www.publico.es\/sociedad\/hacia-feminismo-juridico-y-legislativo.html\">Hacia un feminismo jur\u00eddico y legislativo: el lenguaje de los derechos de las mujeres<\/a> &#8211; P\u00fablico<\/p>\n<p><a href=\"https:\/\/www.marketingdirecto.com\/marketing-general\/publicidad\/el-sexismo-en-la-publicidad-espanola-una-cuestion-de-educacion-no-de-regulacion\">El sexismo en la publicidad espa\u00f1ola: una cuesti\u00f3n de educaci\u00f3n, no &#8230;<\/a>&#8211; MarketingDirecto<\/p>\n<p><a href=\"http:\/\/elcorreoweb.es\/opinion\/columnas\/el-correo-de-andalucia-el-primero-en-pedir-una-television-privada-GM4358697\">El Correo de <em>Andaluc\u00eda<\/em>, el primero en pedir una televisi\u00f3n privada<\/a>&#8211; <a href=\"http:\/\/elcorreoweb.es\">elcorreoweb.es<\/a><\/p>\n<p><a href=\"https:\/\/elpais.com\/economia\/2018\/07\/12\/actualidad\/1531414339_328165.html\">\u00bfPara qu\u00e9 sirve LinkedIn?<\/a> \u2013 El Pa\u00eds<\/p>\n<p>[\/toggle]<\/p>\n<p>[toggle type=\u00bbfirst\u00bb title=\u00bbAndaluc\u00eda\u00bb]<\/p>\n<p><strong>Institucional<\/strong><\/p>\n<p><a href=\"https:\/\/www.google.com\/url?sa=t&amp;rct=j&amp;q=&amp;esrc=s&amp;source=newssearch&amp;cd=36&amp;ved=0ahUKEwia0buXvKPcAhVMx4UKHWFQCqg4HhCpAgg0KAAwBQ&amp;url=http%3A%2F%2Fwww.diariosur.es%2Fandalucia%2Fparlamento-andaluz-aborda-20180716001144-ntvo.html&amp;usg=AOvVaw2nVBqHuV7I6rwkgNjyJPm-\">El Parlamento andaluz aborda la reforma de la Ley contra la violencia de g\u00e9nero&#8230;<\/a>&#8211; Sur Digital<\/p>\n<p><a href=\"https:\/\/www.google.com\/url?rct=j&amp;sa=t&amp;url=https:\/\/www.teleprensa.com\/andalucia\/galvez-senala-como-prioridades-las-universidades-la-apuesta-por-la-innovacion-y-la-economia-social.html&amp;ct=ga&amp;cd=CAEYACoTNTU4NzAzNzU0OTg3NDMzMjgwMDIZZDc4ZTU4NzVhMGYxZjJhYzplczplczpFUw&amp;usg=AFQjCNGNgK8s4r7fKOH_odfj9VC0AgZd8A\">G\u00e1lvez se\u00f1ala como prioridades las universidades, la apuesta por la innovaci\u00f3n y la econom\u00eda social &#8230; <\/a>&#8211; Teleprensa peri\u00f3dico digital<strong>\u00a0<\/strong><\/p>\n<p><strong>Econom\u00eda y Empresas<\/strong><\/p>\n<p><a href=\"https:\/\/www.google.com\/url?rct=j&amp;sa=t&amp;url=http:\/\/www.diariocordoba.com\/noticias\/temadia\/43-creadores-1-442-empresas-cordoba-es-mujer_1238903.html&amp;ct=ga&amp;cd=CAEYACoUMTAwODY2NjM2NDQ1NTI1ODY0MjMyGWQ3OGU1ODc1YTBmMWYyYWM6ZXM6ZXM6RVM&amp;usg=AFQjCNGPV_6BLa6HE-GqKzCFiLV0XaQXTg\">El 43% de los creadores de 1.442 empresas en C\u00f3rdoba es mujer <\/a>&#8211; Diario C\u00f3rdoba<\/p>\n<p><a href=\"https:\/\/www.google.com\/url?sa=t&amp;rct=j&amp;q=&amp;esrc=s&amp;source=newssearch&amp;cd=52&amp;ved=0ahUKEwi2oKyhuqPcAhVmzoUKHXvyCQM4MhCpAggpKAAwAQ&amp;url=http%3A%2F%2Fwww.europapress.es%2Fesandalucia%2Falmeria%2Fnoticia-junta-aplaude-constitucion-almeria-primera-asociacion-mujeres-cooperativistas-20180713144337.html&amp;usg=AOvVaw3A-JEzFkxbPR0PwXYNAaKz\">La Junta aplaude la constituci\u00f3n en Almer\u00eda de la primera asociaci\u00f3n de mujeres cooperativistas agroindustriales de Almer\u00eda&#8230;<\/a>&#8211; Europa Press<\/p>\n<p><a href=\"http:\/\/www.mujeremprendedora.net\/andalucia-apoya-proyectos-de-emprendedores-con-hasta-200-000-euros-a-fondo-perdido\/\">Andaluc\u00eda apoya proyectos de emprendedores con hasta 200.000 euros a fondo perdido<\/a> \u2013 Mujeremprendedora.net<\/p>\n<p><a href=\"https:\/\/www.google.com\/url?rct=j&amp;sa=t&amp;url=https:\/\/andaluciainformacion.es\/andalucia\/766687\/520-personas-ha-disfrutado-de-becas-talentia-de-la-junta-en-diez-anos\/&amp;ct=ga&amp;cd=CAEYACoTNjU1NjM2Mjc3MDU4MTg0ODY5MDIZYzAzNzJlYmMyZmVhZGE1OTplczplczpFUw&amp;usg=AFQjCNFl2gYifGIH3ouaD9YPOB-619XUYQ\">520 personas ha disfrutado de becas Talentia de la Junta en diez a\u00f1os <\/a>&#8211; Andaluc\u00eda Informaci\u00f3n<strong>\u00a0<\/strong><\/p>\n<p><strong>Actualidad<\/strong><\/p>\n<p><a href=\"https:\/\/www.google.com\/url?rct=j&amp;sa=t&amp;url=http:\/\/www.diariojaen.es\/jaen\/la-igualdad-es-un-objetivo-pendiente-BX4374892&amp;ct=ga&amp;cd=CAEYAyoTMTk4OTEwNzY3NzIyNzM1OTY2MjIZYzAzNzJlYmMyZmVhZGE1OTplczplczpFUw&amp;usg=AFQjCNFuRy6EkoBOPJFhdFC-Cy-Kzmos7w\">La igualdad es un objetivo pendiente <\/a>-Diario Ja\u00e9n<\/p>\n<p><a href=\"https:\/\/www.google.com\/url?rct=j&amp;sa=t&amp;url=https:\/\/www.elmira.es\/15\/07\/2018\/jerez-colaborara-en-la-celebracion-de-un-encuentro-de-asociaciones-de-mujeres\/&amp;ct=ga&amp;cd=CAEYACoTMTk4OTEwNzY3NzIyNzM1OTY2MjIZYzAzNzJlYmMyZmVhZGE1OTplczplczpFUw&amp;usg=AFQjCNEs9msV0u6kkzChd4yOGPQ4c5O3QA\">Jerez colaborar\u00e1 en la celebraci\u00f3n de un encuentro de asociaciones de mujeres <\/a>&#8211; El Mira<strong>\u00a0<\/strong><\/p>\n<p><strong>Violencia<\/strong><\/p>\n<p><a href=\"https:\/\/politica.elpais.com\/politica\/2018\/07\/13\/actualidad\/1531509768_356635.html\">Andaluc\u00eda equipara a las v\u00edctimas de violencia sexual con las de g\u00e9nero<\/a>&#8211; El Pa\u00eds<\/p>\n<p><a href=\"https:\/\/www.google.com\/url?rct=j&amp;sa=t&amp;url=https:\/\/www.eldiadecordoba.es\/cordoba\/Junta-programa-integracion-victimas-maltrato_0_1263473810.html&amp;ct=ga&amp;cd=CAEYACoTNjk3MzQyOTk2Nzk2NTk0ODQ5MzIZZTJkZWZhN2Q1ZGE5MTU3ZDplczplczpFUw&amp;usg=AFQjCNFQhGTiuOMbzIFltsKNc1j7PEkONw\">La Junta ofrece un programa de integraci\u00f3n a 70 v\u00edctimas de maltrato <\/a>&#8211; El D\u00eda de C\u00f3rdoba<\/p>\n<p><a href=\"http:\/\/www.elmundo.es\/andalucia\/2018\/07\/15\/5b4b8102468aeb3c018b45ec.html\">Esclavas sexuales tra\u00eddas desde Nigeria con amenazas y con magia negra<\/a> \u2013 El Mundo<\/p>\n<p><a href=\"https:\/\/www.diariodesevilla.es\/provincia\/Piden-carcel-acusado-matar-mujer_0_1263774091.html\">Piden hasta 25 a\u00f1os de c\u00e1rcel para el acusado de matar a su mujer &#8230;<\/a>&#8211; Diario de Sevilla<\/p>\n<p><strong>Ciencia y Cultura<\/strong><\/p>\n<p><a href=\"https:\/\/www.google.com\/url?sa=t&amp;rct=j&amp;q=&amp;esrc=s&amp;source=newssearch&amp;cd=5&amp;ved=0ahUKEwjLjq2st6PcAhUHxIUKHe7yCnMQqQIIMygAMAQ&amp;url=http%3A%2F%2Fwww.diariocordoba.com%2Fnoticias%2Fcordobalocal%2Fel-modelo-financiacion-depende-rectores_1238884.html&amp;usg=AOvVaw0tOPV4baz1_LDLczxkkdYy\">Lina G\u00e1lvez: \u201cEl modelo de financiaci\u00f3n depende de los rectores\u00bb<\/a>&#8211; Diario C\u00f3rdoba<\/p>\n<p><a href=\"https:\/\/www.google.com\/url?rct=j&amp;sa=t&amp;url=https:\/\/www.laopiniondemalaga.es\/malaga\/2018\/07\/13\/unia-concede-premio-concha-caballero\/1019970.html&amp;ct=ga&amp;cd=CAEYAyoUMTY3NTAwMTY3MjYwNjIyMzgyNjAyGWMwMzcyZWJjMmZlYWRhNTk6ZXM6ZXM6RVM&amp;usg=AFQjCNEWP4JS3vSdk6HVmrTYINtKFDfggw\">La UNIA concede el premio Concha Caballero 2018 a Adelaida de la Calle <\/a>&#8211; La Opini\u00f3n de M\u00e1laga<\/p>\n<p><a href=\"https:\/\/www.huelvainformacion.es\/huelva\/Punta-Umbria-Barte-Bmas-femenino_0_1264073957.html\">Punta Umbr\u00eda acoge el arte m\u00e1s femenino<\/a> &#8211; Huelva Informaci\u00f3n<\/p>\n<p><a href=\"https:\/\/www.google.com\/url?sa=t&amp;rct=j&amp;q=&amp;esrc=s&amp;source=newssearch&amp;cd=95&amp;ved=0ahUKEwiw7cfZvaPcAhVRPBoKHSv9DFk4WhCpAggyKAAwBA&amp;url=https%3A%2F%2Fwww.diariodecadiz.es%2Focio%2Fdisco-esencia-latina-Andalucia_0_1263473776.html&amp;usg=AOvVaw3-Ekgvnj3nQhONIvJ7L3LA\">\u00abMi disco tendr\u00e1 esencia latina y de Andaluc\u00eda\u00bb<\/a>&#8211; Diario de C\u00e1diz<\/p>\n<p><a href=\"https:\/\/andaluciainformacion.es\/andalucia\/766603\/la-nueva-ley-del-cine-de-andalucia-entra-en-vigor\/\">La nueva Ley del Cine de Andaluc\u00eda entra en vigor<\/a> &#8211; Andaluc\u00eda Informaci\u00f3n<\/p>\n<p><strong>Deporte<\/strong><\/p>\n<p><a href=\"http:\/\/eldesmarque.com\/sevilla\/polideportivo\/deporte-andaluz\/1107126-la-ley-del-deporte-avanza-en-la-lucha-contra-la-violencia-y-el-sexismo\">La Ley del Deporte avanza en la lucha contra la violencia y el sexismo<\/a> &#8211; El Desmarque<\/p>\n<p><a href=\"https:\/\/www.muchodeporte.com\/muchodeporte_kids\/40544\/regresa_el_futbol_femenino_al_rcd_nueva_sevilla\/\">Regresa el f\u00fatbol femenino al RCD Nueva Sevilla<\/a>-Mucho Deporte<\/p>\n<p>[\/toggle]<\/p>\n<p>[toggle type=\u00bbfirst\u00bb title=\u00bbEstado\u00bb]<\/p>\n<p><strong>Institucional<\/strong><\/p>\n<p><a href=\"https:\/\/www.google.com\/url?rct=j&amp;sa=t&amp;url=https:\/\/www.tribunasalamanca.com\/noticias\/soledad-murillo-la-agenda-politica-no-podra-desarrollarse-sin-politicas-de-igualdad\/1531483854&amp;ct=ga&amp;cd=CAEYGCoUMTU5MTU2MDkzNjk1MDAzNzg3MjAyGWMwMzcyZWJjMmZlYWRhNTk6ZXM6ZXM6RVM&amp;usg=AFQjCNERE5idfsH_w3_XudT7tnFB-ruExA\">Soledad Murillo, Secretaria de Estado de Igualdad: \u00abLa agenda pol\u00edtica no podr\u00e1 desarrollarse sin pol\u00edticas de igualdad\u00bb <\/a>&#8211; Tribuna de Salamanca<\/p>\n<p><a href=\"http:\/\/www.elmundo.es\/pais-vasco\/2018\/07\/14\/5b49e1cb46163f79348b45df.html\">Murillo pide a mujeres con cargos p\u00fablicos que \u00abno duden de sus proyectos\u00bb de igualdad<\/a> \u2013 El Mundo<strong>\u00a0<\/strong><\/p>\n<p><strong>Institucional-CCAA<\/strong><\/p>\n<p><a href=\"https:\/\/www.google.com\/url?rct=j&amp;sa=t&amp;url=https:\/\/www.eldiario.es\/clm\/Red-Feminista-posibles-denunciado-Albacete_0_792320995.html&amp;ct=ga&amp;cd=CAEYACoUMTA2ODcwMzU4NzY5NTQ0MzIzNzkyGWMwMzcyZWJjMmZlYWRhNTk6ZXM6ZXM6RVM&amp;usg=AFQjCNGeblBgLDcvNnuuhMtx9MrSmprHyA\">La Red Feminista pide m\u00e1s medios y control para evitar posibles casos de acoso sexual como el &#8230; <\/a>&#8211; <a href=\"http:\/\/eldiario.es\">eldiario.es<\/a><\/p>\n<p><a href=\"https:\/\/www.google.com\/url?rct=j&amp;sa=t&amp;url=http:\/\/www.elperiodicodearagon.com\/noticias\/aragon\/iam-convoca-ayudas-prevenir-violencia-mujeres-discapacidad_1297029.html&amp;ct=ga&amp;cd=CAEYASoUMTA2ODcwMzU4NzY5NTQ0MzIzNzkyGWMwMzcyZWJjMmZlYWRhNTk6ZXM6ZXM6RVM&amp;usg=AFQjCNG4soqV6zdDLy3_JDnff4cOLKCXMw\">Instituto Aragon\u00e9s de la Mujer convoca ayudas para prevenir la violencia contra mujeres con discapacidad <\/a>&#8211; El Peri\u00f3dico de Arag\u00f3n<\/p>\n<p><a href=\"https:\/\/www.google.com\/url?rct=j&amp;sa=t&amp;url=https:\/\/www.lavanguardia.com\/local\/canarias\/20180714\/45889243906\/tlp-tenerife-abordara-el-papel-de-la-mujer-en-la-tecnologia-y-como-reducir-la-brecha-de-genero.html&amp;ct=ga&amp;cd=CAEYCCoUMTU5MTU2MDkzNjk1MDAzNzg3MjAyGWMwMzcyZWJjMmZlYWRhNTk6ZXM6ZXM6RVM&amp;usg=AFQjCNHLGAf_-OeloOTTk-24EzzOdVnDtw\">TLP Tenerife abordar\u00e1 el papel de la mujer en la tecnolog\u00eda y c\u00f3mo reducir la brecha de g\u00e9nero <\/a>&#8211; La Vanguardia<\/p>\n<p><a href=\"http:\/\/www.mujeremprendedora.net\/directivas-de-aragon-10-anos-trabajando-igualdad\/\">Directivas de Arag\u00f3n: \u201c10 a\u00f1os trabajando por la igualdad\u201d<\/a> \u2013 Mujeremprendedora.net<\/p>\n<p><a href=\"https:\/\/www.google.com\/url?sa=t&amp;rct=j&amp;q=&amp;esrc=s&amp;source=newssearch&amp;cd=95&amp;ved=0ahUKEwjJqtnhuKPcAhWNzIUKHTkZDmY4WhCpAggyKAAwBA&amp;url=http%3A%2F%2Fwww.publico.es%2Fsociedad%2Fnombres-calles-mujeres.html&amp;usg=AOvVaw2EaldcVkkvahQWD0xXtzTv\">Las mujeres toman las calles&#8230; y el callejero<\/a>&#8211; P\u00fablico<\/p>\n<p><a href=\"https:\/\/zamoranews.com\/zamora-noticias\/item\/36926-zamora-acoge-el-ii-encuentro-hispano-luso-de-mujeres-empresarias-el-5-y-6-de-octubre\">Zamora acoge el II Encuentro Hispano Luso de Empresarias<em> .<\/em>..<\/a> &#8211; Zamora News<\/p>\n<p><strong>Econom\u00eda y Empresa<\/strong><\/p>\n<p><a href=\"http:\/\/www.mujeremprendedora.net\/presencia-mujeres-consejos-administracion-ibex-35-situa-22\/\">La presencia de mujeres en los Consejos de Administraci\u00f3n del Ibex 35 se sit\u00faa en el 22%<\/a>\u2013 Mujeremprendedora.net<\/p>\n<p><a href=\"http:\/\/www.mujeremprendedora.net\/programa-evoluciona-viii-sigue-sumando\/\">El Programa Evoluciona VIII sigue sumando<\/a> \u2013 Mujeremprendedora.net<strong>\u00a0<\/strong><\/p>\n<p><strong>Actualidad<\/strong><\/p>\n<p><a href=\"https:\/\/www.vanitatis.elconfidencial.com\/multimedia\/album\/noticias\/2018-07-16\/cien-100-mujeres-influyentes-espana-bra_1592253\/\">Las 100 mujeres m\u00e1s influyentes de Espa\u00f1a<\/a> &#8211; El Confidencial<\/p>\n<p><a href=\"https:\/\/www.google.com\/url?sa=t&amp;rct=j&amp;q=&amp;esrc=s&amp;source=newssearch&amp;cd=70&amp;ved=0ahUKEwjC-NWVuKPcAhXDzIUKHQH0Awo4PBCpAghBKAAwCQ&amp;url=https%3A%2F%2Fwww.lavanguardia.com%2Fcomer%2Fde-carne-hueso%2F20180715%2F45851538865%2Fentrevista-carme-ruscalleda.html&amp;usg=AOvVaw3nLLkNJ7G0Zegxn4H-gY_N\">Carme Ruscalleda: \u201cDejo a mujeres en la carrera con dos estrellas y empujando\u201d&#8230;<\/a>&#8211; La Vanguardia<\/p>\n<p><strong>Ciencia y Cultura<\/strong><\/p>\n<p><a href=\"https:\/\/www.google.com\/url?sa=t&amp;rct=j&amp;q=&amp;esrc=s&amp;source=newssearch&amp;cd=1&amp;ved=0ahUKEwiP4tCWtaPcAhWjyoUKHWToBVUQqQIIJygAMAA&amp;url=https%3A%2F%2Fwww.heraldo.es%2Fnoticias%2Fsociedad%2F2018%2F07%2F16%2Funa-investigadora-universidad-zaragoza-nueva-presidenta-sociedad-europea-biomecanica-1257790-310.html&amp;usg=AOvVaw0D6By7E0tQI7kNbIjqLg_p\">M\u00aa \u00c1ngeles P\u00e9rez Anson, presidenta de la Sociedad Europea de Biomec\u00e1nica &#8230;<\/a>-Heraldo.es<\/p>\n<p><a href=\"http:\/\/www.publico.es\/culturas\/arte\/figuras-mujeres-dora-maar-fotografa-oculta-sombra-picasso.html\">Dora Maar, la fot\u00f3grafa oculta por la sombra de Picasso<\/a> &#8211; P\u00fablico<\/p>\n<p><a href=\"http:\/\/www.publico.es\/culturas\/mabel-lozano-gana-premio-rodolfo-walsh-semana-negra-gijon-libro-proxeneta.html\">Mabel Lozano gana el premio Rodolfo Walsh de la Semana Negra de Gij\u00f3n con su libro &#8216;El proxeneta&#8217;<\/a>\u2013 P\u00fablico<\/p>\n<p><a href=\"https:\/\/elpais.com\/cultura\/2018\/07\/14\/actualidad\/1531584623_669755.html\">El salto feminista de la novela negra: \u00bfrealidad u oportunidad perdida?<\/a> \u2013 El Pa\u00eds<\/p>\n<p><a href=\"http:\/\/www.publico.es\/sociedad\/mad-cool-violencia-machista.html\">El Mad Cool, contra la violencia machista<\/a> \u2013 P\u00fablico<\/p>\n<p><a href=\"http:\/\/www.mujeremprendedora.net\/susana-monteagudo-marta-colomer-its-only-rock-and-roll-perspectiva-diferente-unica-historia-rock\/\">Una perspectiva diferente y \u00fanica de la historia del rock<\/a> \u2013Mujeremprendedora.net<strong>\u00a0<\/strong><\/p>\n<p><strong>Deporte\u00a0<\/strong><\/p>\n<p><a href=\"https:\/\/www.google.com\/url?rct=j&amp;sa=t&amp;url=https:\/\/www.ideal.es\/granada\/trabajo-vengan-detras-20180715004432-ntvo.html&amp;ct=ga&amp;cd=CAEYAyoTNjU1NjM2Mjc3MDU4MTg0ODY5MDIZYzAzNzJlYmMyZmVhZGE1OTplczplczpFUw&amp;usg=AFQjCNGiFswp8DaqFK825pxVMohQg73dNw\">M\u00aa Jos\u00e9 Rienda, presidenta del CSD: \u201cTrabajo para que los que vengan detr\u00e1s tengan muchas m\u00e1s oportunidades en su carrera &#8230; <\/a>&#8211; Ideal Digital<\/p>\n<p><a href=\"http:\/\/www.elperiodicodearagon.com\/noticias\/deportes\/espana-oro-europeo-sub-20-femenino_1297441.html\">Espa\u00f1a, oro del Europeo sub-20 femenino<\/a>&#8211; El Peri\u00f3dico de Arag\u00f3n<\/p>\n<p><a href=\"https:\/\/www.20minutos.es\/deportes\/noticia\/mujeres-futbolistas-sueldo-retirada-3394934\/0\/\">La mitad de las futbolistas profesionales no cobran<\/a> &#8211; <a href=\"http:\/\/20minutos.es\">20minutos.es<\/a><\/p>\n<p><a href=\"https:\/\/www.cope.es\/noticias\/mas-deporte\/primera-jornada-europeo-waterpolo-femenino-14-07-2018_239203\">Espa\u00f1a tumba a la campeona de Europa de waterpolo en su debut<\/a>&#8211; Cope<\/p>\n<p>[\/toggle]<\/p>\n<p>[toggle type=\u00bbfirst\u00bb title=\u00bbInternacional\u00bb]<\/p>\n<p><a href=\"https:\/\/www.google.com\/url?sa=t&amp;rct=j&amp;q=&amp;esrc=s&amp;source=newssearch&amp;cd=2&amp;ved=0ahUKEwi-5N-Eu6PcAhVKx4UKHdR_DeAQqQIIKigAMAE&amp;url=https%3A%2F%2Fwww.entrepreneur.com%2Farticle%2F316701&amp;usg=AOvVaw3NOoEbEQK4ThVLgN8wv51l\">6 tendencias globales que revelan c\u00f3mo las mujeres redefinen el ecosistema emprendedor&#8230;<\/a>&#8211; Entrepreneur<\/p>\n<p><a href=\"http:\/\/www.elfinanciero.com.mx\/economia\/los-5-paises-con-mas-emprendimientos-de-mujeres\">Los 5 pa\u00edses donde m\u00e1s emprenden las mujeres<\/a> &#8211; El Financiero<\/p>\n<p><a href=\"http:\/\/www.elmundo.es\/internacional\/2018\/07\/15\/5b4b2d0246163f2d228b458d.html\">May niega que el hecho de que Trump le cogiera la mano implicara sumisi\u00f3n<\/a>\u2013 El Mundo<\/p>\n<p><a href=\"https:\/\/www.google.com\/url?sa=t&amp;rct=j&amp;q=&amp;esrc=s&amp;source=newssearch&amp;cd=66&amp;ved=0ahUKEwjC-NWVuKPcAhXDzIUKHQH0Awo4PBCpAgg1KAAwBQ&amp;url=http%3A%2F%2Fwww.revistavanityfair.es%2Frealeza%2Farticulos%2Fameerah-al-taweel-princesa-saudi-rania-jordania-rebelde-twitter-arabia-feminista-principe-arabe%2F32279&amp;usg=AOvVaw2mdFXGovneUlfT7v4MgLwA\">Divorciada y defensora de los derechos de la mujer: as\u00ed es la princesa rebelde de Arabia Saudita&#8230;<\/a>&#8211; Vanity Fair<\/p>\n<p><a href=\"http:\/\/www.elmundo.es\/internacional\/2018\/07\/15\/5b4b44d3ca4741320f8b4611.html\">Dimite un secretario de Estado brit\u00e1nico por mensajes de contenido sexual<\/a> \u2013 El Mundo<\/p>\n<p><a href=\"http:\/\/www.publico.es\/internacional\/nueva-constitucion-cubana-prohibira-discriminacion-identidad-genero.html\">La nueva Constituci\u00f3n cubana prohibir\u00e1 la discriminaci\u00f3n por identidad de g\u00e9nero<\/a> &#8211; P\u00fablico<\/p>\n<p><a href=\"https:\/\/www.google.com\/url?rct=j&amp;sa=t&amp;url=https:\/\/www.infobae.com\/salud\/ciencia\/2018\/07\/14\/barbies-cientificas-cuales-son-los-estereotipos-y-los-obstaculos-que-rodean-a-las-mujeres-en-el-mundo-de-la-ciencia\/&amp;ct=ga&amp;cd=CAEYDyoUMTU5MTU2MDkzNjk1MDAzNzg3MjAyGWMwMzcyZWJjMmZlYWRhNTk6ZXM6ZXM6RVM&amp;usg=AFQjCNFkKpYJQ8KZArGql5TrhPaPpzawmw\">\u00bfBarbies cient\u00edficas? Cu\u00e1les son los estereotipos y los obst\u00e1culos que rodean a las mujeres en el mundo de la ciencia&#8230; <\/a>&#8211; Infobae.com<\/p>\n<p><a href=\"https:\/\/www.google.com\/url?rct=j&amp;sa=t&amp;url=https:\/\/www.cosmopolitantv.es\/noticias\/22760\/mujeres-que-nos-inspiran-merly-streep&amp;ct=ga&amp;cd=CAEYASoTMjEwNjkxODA1NDQ4NDA5ODUyNjIZYzAzNzJlYmMyZmVhZGE1OTplczplczpFUw&amp;usg=AFQjCNEFdeIgNPsup-cAe-4-Iz4kv1KeEQ\">Mujeres que nos inspiran: Merly Streep <\/a>&#8211; Cosmopolitan TV Espa\u00f1a<\/p>\n<p><a href=\"https:\/\/www.lavanguardia.com\/gente\/20180716\/45930078729\/entrevista-cate-blanchett-oceans-8.html\">Cate Blanchett: \u201cSer mujer y tener cerebro no significa que no pueda vestirme bien &#8230;<\/a>&#8211; La Vanguardia<\/p>\n<p><a href=\"https:\/\/www.espinof.com\/proyectos\/black-widow-encuentra-directora-primera-vez-marvel-confia-mujer-para-realizar-sus-peliculas\">&#8216;Black Widow&#8217; encuentra directora: por primera vez, Marvel conf\u00eda en &#8230;<\/a> &#8211; Espinof<\/p>\n<p>[\/toggle]<\/p>\n<\/div>\n<\/div>\n<\/div>\n<\/div>\n<\/div>\n<\/div>\n","protected":false},"excerpt":{"rendered":"<p>Soledad Murillo pide a mujeres con cargos p\u00fablicos que \u00abno <a href=\"https:\/\/cklcomunicaciones.es\/coop\/noticias-info-ckl-no-2-168-16-07-18\/\">[&#8230;]<\/a><\/p>\n","protected":false},"author":3,"featured_media":0,"comment_status":"closed","ping_status":"closed","sticky":false,"template":"","format":"standard","meta":{"footnotes":""},"categories":[298,623],"tags":[],"class_list":["post-14076","post","type-post","status-publish","format-standard","hentry","category-newsletter","category-nwl-2-0"],"yoast_head":"<!-- This site is optimized with the Yoast SEO plugin v27.5 - https:\/\/yoast.com\/product\/yoast-seo-wordpress\/ -->\n<title>Noticias Info CKL n\u00ba 2.168-16\/07\/18-Comunica con perspectiva de g\u00e9nero<\/title>\n<meta name=\"description\" content=\"Comunicar con perspectiva de g\u00e9nero: Soledad Murillo pide a mujeres con cargos p\u00fablicos que &quot;no duden de sus proyectos&quot; de igualdad\" \/>\n<meta name=\"robots\" content=\"index, follow, max-snippet:-1, max-image-preview:large, max-video-preview:-1\" \/>\n<link rel=\"canonical\" href=\"https:\/\/cklcomunicaciones.es\/coop\/noticias-info-ckl-no-2-168-16-07-18\/\" \/>\n<meta property=\"og:locale\" content=\"es_ES\" \/>\n<meta property=\"og:type\" content=\"article\" \/>\n<meta property=\"og:title\" content=\"Noticias Info CKL n\u00ba 2.168-16\/07\/18-Comunica con perspectiva de g\u00e9nero\" \/>\n<meta property=\"og:description\" content=\"Comunicar con perspectiva de g\u00e9nero: Soledad Murillo pide a mujeres con cargos p\u00fablicos que &quot;no duden de sus proyectos&quot; de igualdad\" \/>\n<meta property=\"og:url\" content=\"https:\/\/cklcomunicaciones.es\/coop\/noticias-info-ckl-no-2-168-16-07-18\/\" \/>\n<meta property=\"og:site_name\" content=\"CKL Comunicaciones\" \/>\n<meta property=\"article:published_time\" content=\"2018-07-16T11:29:08+00:00\" \/>\n<meta property=\"article:modified_time\" content=\"2025-01-17T15:40:43+00:00\" \/>\n<meta property=\"og:image\" content=\"https:\/\/cklcomunicaciones.es\/coop\/wp-content\/uploads\/2018\/03\/CKL_comunicacion-con-perspetiva-de-genero.jpg\" \/>\n\t<meta property=\"og:image:width\" content=\"500\" \/>\n\t<meta property=\"og:image:height\" content=\"500\" \/>\n\t<meta property=\"og:image:type\" content=\"image\/jpeg\" \/>\n<meta name=\"author\" content=\"ckl\" \/>\n<meta name=\"twitter:card\" content=\"summary_large_image\" \/>\n<meta name=\"twitter:label1\" content=\"Escrito por\" \/>\n\t<meta name=\"twitter:data1\" content=\"ckl\" \/>\n\t<meta name=\"twitter:label2\" content=\"Tiempo de lectura\" \/>\n\t<meta name=\"twitter:data2\" content=\"5 minutos\" \/>\n<script type=\"application\/ld+json\" class=\"yoast-schema-graph\">{\"@context\":\"https:\\\/\\\/schema.org\",\"@graph\":[{\"@type\":\"Article\",\"@id\":\"https:\\\/\\\/cklcomunicaciones.es\\\/coop\\\/noticias-info-ckl-no-2-168-16-07-18\\\/#article\",\"isPartOf\":{\"@id\":\"https:\\\/\\\/cklcomunicaciones.es\\\/coop\\\/noticias-info-ckl-no-2-168-16-07-18\\\/\"},\"author\":{\"name\":\"ckl\",\"@id\":\"https:\\\/\\\/cklcomunicaciones.es\\\/coop\\\/#\\\/schema\\\/person\\\/929a6837f7626450bbb50cee1aef266e\"},\"headline\":\"Noticias Info CKL n\u00ba 2.168-16\\\/07\\\/18\",\"datePublished\":\"2018-07-16T11:29:08+00:00\",\"dateModified\":\"2025-01-17T15:40:43+00:00\",\"mainEntityOfPage\":{\"@id\":\"https:\\\/\\\/cklcomunicaciones.es\\\/coop\\\/noticias-info-ckl-no-2-168-16-07-18\\\/\"},\"wordCount\":963,\"image\":{\"@id\":\"https:\\\/\\\/cklcomunicaciones.es\\\/coop\\\/noticias-info-ckl-no-2-168-16-07-18\\\/#primaryimage\"},\"thumbnailUrl\":\"http:\\\/\\\/www.cklcomunicaciones.es\\\/wp-content\\\/uploads\\\/2018\\\/03\\\/CKL_comunicacion-con-perspetiva-de-genero-300x300.jpg\",\"articleSection\":[\"Newsletter\",\"Nwl v2.0\"],\"inLanguage\":\"es\"},{\"@type\":\"WebPage\",\"@id\":\"https:\\\/\\\/cklcomunicaciones.es\\\/coop\\\/noticias-info-ckl-no-2-168-16-07-18\\\/\",\"url\":\"https:\\\/\\\/cklcomunicaciones.es\\\/coop\\\/noticias-info-ckl-no-2-168-16-07-18\\\/\",\"name\":\"Noticias Info CKL n\u00ba 2.168-16\\\/07\\\/18-Comunica con perspectiva de g\u00e9nero\",\"isPartOf\":{\"@id\":\"https:\\\/\\\/cklcomunicaciones.es\\\/coop\\\/#website\"},\"primaryImageOfPage\":{\"@id\":\"https:\\\/\\\/cklcomunicaciones.es\\\/coop\\\/noticias-info-ckl-no-2-168-16-07-18\\\/#primaryimage\"},\"image\":{\"@id\":\"https:\\\/\\\/cklcomunicaciones.es\\\/coop\\\/noticias-info-ckl-no-2-168-16-07-18\\\/#primaryimage\"},\"thumbnailUrl\":\"http:\\\/\\\/www.cklcomunicaciones.es\\\/wp-content\\\/uploads\\\/2018\\\/03\\\/CKL_comunicacion-con-perspetiva-de-genero-300x300.jpg\",\"datePublished\":\"2018-07-16T11:29:08+00:00\",\"dateModified\":\"2025-01-17T15:40:43+00:00\",\"author\":{\"@id\":\"https:\\\/\\\/cklcomunicaciones.es\\\/coop\\\/#\\\/schema\\\/person\\\/929a6837f7626450bbb50cee1aef266e\"},\"description\":\"Comunicar con perspectiva de g\u00e9nero: Soledad Murillo pide a mujeres con cargos p\u00fablicos que \\\"no duden de sus proyectos\\\" de igualdad\",\"breadcrumb\":{\"@id\":\"https:\\\/\\\/cklcomunicaciones.es\\\/coop\\\/noticias-info-ckl-no-2-168-16-07-18\\\/#breadcrumb\"},\"inLanguage\":\"es\",\"potentialAction\":[{\"@type\":\"ReadAction\",\"target\":[\"https:\\\/\\\/cklcomunicaciones.es\\\/coop\\\/noticias-info-ckl-no-2-168-16-07-18\\\/\"]}]},{\"@type\":\"ImageObject\",\"inLanguage\":\"es\",\"@id\":\"https:\\\/\\\/cklcomunicaciones.es\\\/coop\\\/noticias-info-ckl-no-2-168-16-07-18\\\/#primaryimage\",\"url\":\"http:\\\/\\\/www.cklcomunicaciones.es\\\/wp-content\\\/uploads\\\/2018\\\/03\\\/CKL_comunicacion-con-perspetiva-de-genero-300x300.jpg\",\"contentUrl\":\"http:\\\/\\\/www.cklcomunicaciones.es\\\/wp-content\\\/uploads\\\/2018\\\/03\\\/CKL_comunicacion-con-perspetiva-de-genero-300x300.jpg\"},{\"@type\":\"BreadcrumbList\",\"@id\":\"https:\\\/\\\/cklcomunicaciones.es\\\/coop\\\/noticias-info-ckl-no-2-168-16-07-18\\\/#breadcrumb\",\"itemListElement\":[{\"@type\":\"ListItem\",\"position\":1,\"name\":\"Portada\",\"item\":\"https:\\\/\\\/cklcomunicaciones.es\\\/coop\\\/\"},{\"@type\":\"ListItem\",\"position\":2,\"name\":\"Noticias Info CKL n\u00ba 2.168-16\\\/07\\\/18\"}]},{\"@type\":\"WebSite\",\"@id\":\"https:\\\/\\\/cklcomunicaciones.es\\\/coop\\\/#website\",\"url\":\"https:\\\/\\\/cklcomunicaciones.es\\\/coop\\\/\",\"name\":\"CKL Comunicaciones\",\"description\":\"Sitio web de CKL Comunicaciones coop , la consultora de comunicaci\u00f3n y estrategia\",\"potentialAction\":[{\"@type\":\"SearchAction\",\"target\":{\"@type\":\"EntryPoint\",\"urlTemplate\":\"https:\\\/\\\/cklcomunicaciones.es\\\/coop\\\/?s={search_term_string}\"},\"query-input\":{\"@type\":\"PropertyValueSpecification\",\"valueRequired\":true,\"valueName\":\"search_term_string\"}}],\"inLanguage\":\"es\"},{\"@type\":\"Person\",\"@id\":\"https:\\\/\\\/cklcomunicaciones.es\\\/coop\\\/#\\\/schema\\\/person\\\/929a6837f7626450bbb50cee1aef266e\",\"name\":\"ckl\",\"image\":{\"@type\":\"ImageObject\",\"inLanguage\":\"es\",\"@id\":\"https:\\\/\\\/secure.gravatar.com\\\/avatar\\\/c82db564e8a669bf6023357a157b9dc4780f4d4c618f2ad1d71a6a5dede45057?s=96&d=mm&r=g\",\"url\":\"https:\\\/\\\/secure.gravatar.com\\\/avatar\\\/c82db564e8a669bf6023357a157b9dc4780f4d4c618f2ad1d71a6a5dede45057?s=96&d=mm&r=g\",\"contentUrl\":\"https:\\\/\\\/secure.gravatar.com\\\/avatar\\\/c82db564e8a669bf6023357a157b9dc4780f4d4c618f2ad1d71a6a5dede45057?s=96&d=mm&r=g\",\"caption\":\"ckl\"},\"url\":\"https:\\\/\\\/cklcomunicaciones.es\\\/coop\\\/author\\\/cklcomunicaciones\\\/\"}]}<\/script>\n<!-- \/ Yoast SEO plugin. -->","yoast_head_json":{"title":"Noticias Info CKL n\u00ba 2.168-16\/07\/18-Comunica con perspectiva de g\u00e9nero","description":"Comunicar con perspectiva de g\u00e9nero: Soledad Murillo pide a mujeres con cargos p\u00fablicos que \"no duden de sus proyectos\" de igualdad","robots":{"index":"index","follow":"follow","max-snippet":"max-snippet:-1","max-image-preview":"max-image-preview:large","max-video-preview":"max-video-preview:-1"},"canonical":"https:\/\/cklcomunicaciones.es\/coop\/noticias-info-ckl-no-2-168-16-07-18\/","og_locale":"es_ES","og_type":"article","og_title":"Noticias Info CKL n\u00ba 2.168-16\/07\/18-Comunica con perspectiva de g\u00e9nero","og_description":"Comunicar con perspectiva de g\u00e9nero: Soledad Murillo pide a mujeres con cargos p\u00fablicos que \"no duden de sus proyectos\" de igualdad","og_url":"https:\/\/cklcomunicaciones.es\/coop\/noticias-info-ckl-no-2-168-16-07-18\/","og_site_name":"CKL Comunicaciones","article_published_time":"2018-07-16T11:29:08+00:00","article_modified_time":"2025-01-17T15:40:43+00:00","og_image":[{"width":500,"height":500,"url":"https:\/\/cklcomunicaciones.es\/coop\/wp-content\/uploads\/2018\/03\/CKL_comunicacion-con-perspetiva-de-genero.jpg","type":"image\/jpeg"}],"author":"ckl","twitter_card":"summary_large_image","twitter_misc":{"Escrito por":"ckl","Tiempo de lectura":"5 minutos"},"schema":{"@context":"https:\/\/schema.org","@graph":[{"@type":"Article","@id":"https:\/\/cklcomunicaciones.es\/coop\/noticias-info-ckl-no-2-168-16-07-18\/#article","isPartOf":{"@id":"https:\/\/cklcomunicaciones.es\/coop\/noticias-info-ckl-no-2-168-16-07-18\/"},"author":{"name":"ckl","@id":"https:\/\/cklcomunicaciones.es\/coop\/#\/schema\/person\/929a6837f7626450bbb50cee1aef266e"},"headline":"Noticias Info CKL n\u00ba 2.168-16\/07\/18","datePublished":"2018-07-16T11:29:08+00:00","dateModified":"2025-01-17T15:40:43+00:00","mainEntityOfPage":{"@id":"https:\/\/cklcomunicaciones.es\/coop\/noticias-info-ckl-no-2-168-16-07-18\/"},"wordCount":963,"image":{"@id":"https:\/\/cklcomunicaciones.es\/coop\/noticias-info-ckl-no-2-168-16-07-18\/#primaryimage"},"thumbnailUrl":"http:\/\/www.cklcomunicaciones.es\/wp-content\/uploads\/2018\/03\/CKL_comunicacion-con-perspetiva-de-genero-300x300.jpg","articleSection":["Newsletter","Nwl v2.0"],"inLanguage":"es"},{"@type":"WebPage","@id":"https:\/\/cklcomunicaciones.es\/coop\/noticias-info-ckl-no-2-168-16-07-18\/","url":"https:\/\/cklcomunicaciones.es\/coop\/noticias-info-ckl-no-2-168-16-07-18\/","name":"Noticias Info CKL n\u00ba 2.168-16\/07\/18-Comunica con perspectiva de g\u00e9nero","isPartOf":{"@id":"https:\/\/cklcomunicaciones.es\/coop\/#website"},"primaryImageOfPage":{"@id":"https:\/\/cklcomunicaciones.es\/coop\/noticias-info-ckl-no-2-168-16-07-18\/#primaryimage"},"image":{"@id":"https:\/\/cklcomunicaciones.es\/coop\/noticias-info-ckl-no-2-168-16-07-18\/#primaryimage"},"thumbnailUrl":"http:\/\/www.cklcomunicaciones.es\/wp-content\/uploads\/2018\/03\/CKL_comunicacion-con-perspetiva-de-genero-300x300.jpg","datePublished":"2018-07-16T11:29:08+00:00","dateModified":"2025-01-17T15:40:43+00:00","author":{"@id":"https:\/\/cklcomunicaciones.es\/coop\/#\/schema\/person\/929a6837f7626450bbb50cee1aef266e"},"description":"Comunicar con perspectiva de g\u00e9nero: Soledad Murillo pide a mujeres con cargos p\u00fablicos que \"no duden de sus proyectos\" de igualdad","breadcrumb":{"@id":"https:\/\/cklcomunicaciones.es\/coop\/noticias-info-ckl-no-2-168-16-07-18\/#breadcrumb"},"inLanguage":"es","potentialAction":[{"@type":"ReadAction","target":["https:\/\/cklcomunicaciones.es\/coop\/noticias-info-ckl-no-2-168-16-07-18\/"]}]},{"@type":"ImageObject","inLanguage":"es","@id":"https:\/\/cklcomunicaciones.es\/coop\/noticias-info-ckl-no-2-168-16-07-18\/#primaryimage","url":"http:\/\/www.cklcomunicaciones.es\/wp-content\/uploads\/2018\/03\/CKL_comunicacion-con-perspetiva-de-genero-300x300.jpg","contentUrl":"http:\/\/www.cklcomunicaciones.es\/wp-content\/uploads\/2018\/03\/CKL_comunicacion-con-perspetiva-de-genero-300x300.jpg"},{"@type":"BreadcrumbList","@id":"https:\/\/cklcomunicaciones.es\/coop\/noticias-info-ckl-no-2-168-16-07-18\/#breadcrumb","itemListElement":[{"@type":"ListItem","position":1,"name":"Portada","item":"https:\/\/cklcomunicaciones.es\/coop\/"},{"@type":"ListItem","position":2,"name":"Noticias Info CKL n\u00ba 2.168-16\/07\/18"}]},{"@type":"WebSite","@id":"https:\/\/cklcomunicaciones.es\/coop\/#website","url":"https:\/\/cklcomunicaciones.es\/coop\/","name":"CKL Comunicaciones","description":"Sitio web de CKL Comunicaciones coop , la consultora de comunicaci\u00f3n y estrategia","potentialAction":[{"@type":"SearchAction","target":{"@type":"EntryPoint","urlTemplate":"https:\/\/cklcomunicaciones.es\/coop\/?s={search_term_string}"},"query-input":{"@type":"PropertyValueSpecification","valueRequired":true,"valueName":"search_term_string"}}],"inLanguage":"es"},{"@type":"Person","@id":"https:\/\/cklcomunicaciones.es\/coop\/#\/schema\/person\/929a6837f7626450bbb50cee1aef266e","name":"ckl","image":{"@type":"ImageObject","inLanguage":"es","@id":"https:\/\/secure.gravatar.com\/avatar\/c82db564e8a669bf6023357a157b9dc4780f4d4c618f2ad1d71a6a5dede45057?s=96&d=mm&r=g","url":"https:\/\/secure.gravatar.com\/avatar\/c82db564e8a669bf6023357a157b9dc4780f4d4c618f2ad1d71a6a5dede45057?s=96&d=mm&r=g","contentUrl":"https:\/\/secure.gravatar.com\/avatar\/c82db564e8a669bf6023357a157b9dc4780f4d4c618f2ad1d71a6a5dede45057?s=96&d=mm&r=g","caption":"ckl"},"url":"https:\/\/cklcomunicaciones.es\/coop\/author\/cklcomunicaciones\/"}]}},"_links":{"self":[{"href":"https:\/\/cklcomunicaciones.es\/coop\/wp-json\/wp\/v2\/posts\/14076","targetHints":{"allow":["GET"]}}],"collection":[{"href":"https:\/\/cklcomunicaciones.es\/coop\/wp-json\/wp\/v2\/posts"}],"about":[{"href":"https:\/\/cklcomunicaciones.es\/coop\/wp-json\/wp\/v2\/types\/post"}],"author":[{"embeddable":true,"href":"https:\/\/cklcomunicaciones.es\/coop\/wp-json\/wp\/v2\/users\/3"}],"replies":[{"embeddable":true,"href":"https:\/\/cklcomunicaciones.es\/coop\/wp-json\/wp\/v2\/comments?post=14076"}],"version-history":[{"count":0,"href":"https:\/\/cklcomunicaciones.es\/coop\/wp-json\/wp\/v2\/posts\/14076\/revisions"}],"wp:attachment":[{"href":"https:\/\/cklcomunicaciones.es\/coop\/wp-json\/wp\/v2\/media?parent=14076"}],"wp:term":[{"taxonomy":"category","embeddable":true,"href":"https:\/\/cklcomunicaciones.es\/coop\/wp-json\/wp\/v2\/categories?post=14076"},{"taxonomy":"post_tag","embeddable":true,"href":"https:\/\/cklcomunicaciones.es\/coop\/wp-json\/wp\/v2\/tags?post=14076"}],"curies":[{"name":"wp","href":"https:\/\/api.w.org\/{rel}","templated":true}]}}