{"id":14073,"date":"2018-07-13T12:40:35","date_gmt":"2018-07-13T10:40:35","guid":{"rendered":"http:\/\/www.cklcomunicaciones.es\/?p=14073"},"modified":"2025-01-17T16:40:43","modified_gmt":"2025-01-17T15:40:43","slug":"noticias-info-ckl-no-2-167-13-07-18","status":"publish","type":"post","link":"https:\/\/cklcomunicaciones.es\/coop\/noticias-info-ckl-no-2-167-13-07-18\/","title":{"rendered":"Noticias Info CKL n\u00ba 2.167-13\/07\/18"},"content":{"rendered":"<div id=\"pl-14073\"  class=\"panel-layout\" >\n<div id=\"pg-14073-0\"  class=\"panel-grid panel-no-style\"  data-style=\"{&quot;background_image_attachment&quot;:false,&quot;background_display&quot;:&quot;tile&quot;,&quot;cell_alignment&quot;:&quot;flex-start&quot;}\" >\n<div id=\"pgc-14073-0-0\"  class=\"panel-grid-cell\"  data-weight=\"1\" >\n<div id=\"panel-14073-0-0-0\" class=\"so-panel widget widget_sow-editor panel-first-child panel-last-child\" data-index=\"0\" data-style=\"{&quot;background_image_attachment&quot;:false,&quot;background_display&quot;:&quot;tile&quot;}\" >\n<div class=\"so-widget-sow-editor so-widget-sow-editor-base\">\n<div class=\"siteorigin-widget-tinymce textwidget\">\n\t<img decoding=\"async\" class=\"lazyload  wp-image-13726\" src=\"http:\/\/www.cklcomunicaciones.es\/wp-content\/uploads\/2018\/03\/CKL_comunicacion-con-perspetiva-de-genero-300x300.jpg\" data-orig-src=\"http:\/\/www.cklcomunicaciones.es\/wp-content\/uploads\/2018\/03\/CKL_comunicacion-con-perspetiva-de-genero-300x300.jpg\" alt=\"CKL_comunicacion con perspetiva de genero\" width=\"132\" height=\"132\" srcset=\"data:image\/svg+xml,%3Csvg%20xmlns%3D%27http%3A%2F%2Fwww.w3.org%2F2000%2Fsvg%27%20width%3D%27132%27%20height%3D%27132%27%20viewBox%3D%270%200%20132%20132%27%3E%3Crect%20width%3D%27132%27%20height%3D%27132%27%20fill-opacity%3D%220%22%2F%3E%3C%2Fsvg%3E\" data-srcset=\"https:\/\/cklcomunicaciones.es\/coop\/wp-content\/uploads\/2018\/03\/CKL_comunicacion-con-perspetiva-de-genero-150x150.jpg 150w, https:\/\/cklcomunicaciones.es\/coop\/wp-content\/uploads\/2018\/03\/CKL_comunicacion-con-perspetiva-de-genero-300x300.jpg 300w, https:\/\/cklcomunicaciones.es\/coop\/wp-content\/uploads\/2018\/03\/CKL_comunicacion-con-perspetiva-de-genero-450x450.jpg 450w, https:\/\/cklcomunicaciones.es\/coop\/wp-content\/uploads\/2018\/03\/CKL_comunicacion-con-perspetiva-de-genero.jpg 500w\" data-sizes=\"auto\" data-orig-sizes=\"(max-width: 132px) 100vw, 132px\" \/><\/p>\n<p id=\":23f\" class=\"hP\" tabindex=\"-1\" data-thread-perm-id=\"164932e093a4e531\" data-legacy-thread-id=\"164932e093a4e531\"><strong>El Gobierno obligar\u00e1 a consejos de administraci\u00f3n paritarios a partir de 2023-Pilar Llop, delegada del Gobierno para la Violencia de G\u00e9nero-El MeToo llega al Banco Mundial: 25% de empleadas han sufrido acoso sexual<\/strong><\/p>\n<p>[toggle type=\u00bbfirst\u00bb title=\u00bbComunicaci\u00f3n\u00bb]<\/p>\n<p><a href=\"https:\/\/www.20minutos.es\/noticia\/3393486\/0\/cristina-villanueva-ambicion-mujer-tener-malos-ojos-hombre-bien-machismo\/\">Cristina Villanueva, periodista: \u00abSe ve con malos ojos que una mujer tenga ambici\u00f3n&#8230;<\/a> &#8211; <a href=\"http:\/\/20minutos.es\">20minutos.es<\/a><\/p>\n<p><a href=\"http:\/\/www.publico.es\/sociedad\/trabajadores-rtve-suspenden-protestas-viernes-negros.html\">Los trabajadores de RTVE suspenden sus protestas de los &#8216;viernes negros&#8217;<\/a> &#8211; P\u00fablico<\/p>\n<p><a href=\"http:\/\/www.eltiempo.com\/podcast\/degeneradas\/publicidad-sexista-no-cambia-el-rol-de-la-mujer-en-la-sociedad-ni-en-los-comerciales-242806\">Mujeres en la publicidad: amas de casa abnegadas o bombas sexuales<\/a> &#8211; ElTiempo.com<\/p>\n<p><a href=\"https:\/\/elpais.com\/cultura\/2018\/07\/12\/actualidad\/1531420715_324614.html\">Divisi\u00f3n en la RAE sobre la incorporaci\u00f3n del lenguaje inclusivo en la Constituci\u00f3n<\/a> \u2013 El Pa\u00eds<\/p>\n<p><a href=\"https:\/\/www.google.com\/url?rct=j&amp;sa=t&amp;url=https:\/\/www.muycomputerpro.com\/2018\/07\/12\/mujeres-empresas-tecnologicas&amp;ct=ga&amp;cd=CAEYAioUMTQ4MDYwODMzOTk0NjI3MjQwOTQyGWMwMzcyZWJjMmZlYWRhNTk6ZXM6ZXM6RVM&amp;usg=AFQjCNG0lNy1EVLdKSisPKfTB4uPrX2Ujw\">Por qu\u00e9 es un problema que no haya m\u00e1s mujeres europeas al frente de startups tecnol\u00f3gicas <\/a>&#8211; MuyComputerPRO<\/p>\n<p>[\/toggle]<\/p>\n<p>[toggle type=\u00bbfirst\u00bb title=\u00bbAndaluc\u00eda\u00bb]<\/p>\n<p><strong>Institucional<\/strong><\/p>\n<p><a href=\"https:\/\/www.huelvainformacion.es\/huelva\/Susana-Diaz-PIB-andaluz-crecera_0_1263174056.html\">Susana D\u00edaz avanza que el PIB andaluz crecer\u00e1 un 3%<\/a> &#8211; Huelva Informaci\u00f3n<\/p>\n<p><strong>Econom\u00eda y Empresas<\/strong><\/p>\n<p><a href=\"https:\/\/www.google.com\/url?rct=j&amp;sa=t&amp;url=https:\/\/www.lavanguardia.com\/local\/sevilla\/20180712\/45855346503\/constituido-el-consejo-asesor-de-la-pesca-con-el-que-la-junta-da-un-paso-mas-en-la-igualdad-entre-hombres-y-mujeres.html&amp;ct=ga&amp;cd=CAEYCSoUMTIwODc5NDI0ODc1Mzk1MDM2MDUyGWMwMzcyZWJjMmZlYWRhNTk6ZXM6ZXM6RVM&amp;usg=AFQjCNFV2jOI_ZgYlLVnLmk2hHqIbTunhw\">Constituido el Consejo Asesor de la Pesca, con el que la Junta da un paso m\u00e1s en la igualdad &#8230; <\/a>&#8211; La Vanguardia<\/p>\n<p><a href=\"https:\/\/www.google.com\/url?rct=j&amp;sa=t&amp;url=https:\/\/www.granadahoy.com\/granada\/empresas-economia-social-enfocan-exportaciones_0_1263174129.html&amp;ct=ga&amp;cd=CAEYACoUMTI0ODA3ODY1NTY4NjkxMDA1NzAyGWQ3OGU1ODc1YTBmMWYyYWM6ZXM6ZXM6RVM&amp;usg=AFQjCNFCNGBg0UkYqyP22Bssywk_RBrt_A\">Las empresas de econom\u00eda social se enfocan en las exportaciones <\/a>&#8211; Granada Hoy<\/p>\n<p><a href=\"https:\/\/www.google.com\/url?sa=t&amp;rct=j&amp;q=&amp;esrc=s&amp;source=newssearch&amp;cd=8&amp;ved=0ahUKEwjR7rK65ZvcAhWEtRQKHfYdCCwQqQIIPCgAMAc&amp;url=https%3A%2F%2Fwww.eldiario.es%2Fandalucia%2Fenclave_rural%2Fagricultura_y_pesca%2FMujeres-Asociacion-Andaluza-Sector-Pesquero_0_787421469.html&amp;usg=AOvVaw0uTzhE9WFUQdv7sRHZxDpO\">Mujeres del sector pesquero andaluz no quieren \u00abtragar\u00bb con una &#8230;<\/a>&#8211; <a href=\"http:\/\/eldiario.es\">eldiario.es<\/a><\/p>\n<p><a href=\"https:\/\/www.google.com\/url?sa=t&amp;rct=j&amp;q=&amp;esrc=s&amp;source=newssearch&amp;cd=23&amp;ved=0ahUKEwi8i-nb6pvcAhVLuBQKHTxGAJo4FBCpAggsKAAwAg&amp;url=http%3A%2F%2Fwww.computing.es%2Fmundo-digital%2Fnoticias%2F1106695046601%2Finnovacion-empresarial-andalucia.1.html&amp;usg=AOvVaw35ryXre1SCowQC8tDePec4\">Innovaci\u00f3n empresarial para Andaluc\u00eda<\/a> &#8211; Computing Espa\u00f1a<\/p>\n<p><strong>Actualidad<\/strong><\/p>\n<p><a href=\"https:\/\/www.google.com\/url?sa=t&amp;rct=j&amp;q=&amp;esrc=s&amp;source=newssearch&amp;cd=44&amp;ved=0ahUKEwiFjfr76pvcAhUJVhQKHYHVAqo4KBCpAggvKAAwAw&amp;url=http%3A%2F%2Fwww.diariosur.es%2Fculturas%2Ftv%2Felena-blanco-castilla-20180712210211-nt.html&amp;usg=AOvVaw0xOtkGqgihQaAGYBOHjI-c\">Elena Blanco Castilla asume la Presidencia de la Fundaci\u00f3n Audiovisual de Andaluc\u00eda &#8230;<\/a>&#8211; Sur Digital<\/p>\n<p><a href=\"http:\/\/www.juntadeandalucia.es\/presidencia\/portavoz\/134891\/SusanaDiaz\/acuerdosindical\/permisospaternidad\/UGT\/CCOO\/CSIF\">La Junta de Andaluc\u00eda equiparar\u00e1 permisos por maternidad y paternidad en 20 semanas <\/a>\u2013 Oficina del Portavoz<\/p>\n<p><a href=\"https:\/\/www.google.com\/url?sa=t&amp;rct=j&amp;q=&amp;esrc=s&amp;source=newssearch&amp;cd=34&amp;ved=0ahUKEwin-_mg5pvcAhXJaRQKHbyaBoU4HhCpAggvKAAwAw&amp;url=https%3A%2F%2Fwww.20minutos.es%2Fnoticia%2F3393583%2F0%2Fanalizan-curso-verano-uma-propiedades-aceite-oliva-frente-al-cancer-mama%2F&amp;usg=AOvVaw2m3lGJCJUgE0iTKsMJ7suU\">Analizan en un curso de verano de la UMA las propiedades del aceite frente al c\u00e1ncer de mama &#8230;<\/a>&#8211; <a href=\"http:\/\/20minutos.es\">20minutos.es<\/a><\/p>\n<p><a href=\"https:\/\/www.google.com\/url?sa=t&amp;rct=j&amp;q=&amp;esrc=s&amp;source=newssearch&amp;cd=15&amp;ved=0ahUKEwj8ncXj7ZvcAhVESBQKHbGYBQ84ChCpAggyKAAwBA&amp;url=https%3A%2F%2Fwww.eldiario.es%2Fandalucia%2Fgranada%2FInlayapas-mujeres-integracion-olvido_0_779022173.html&amp;usg=AOvVaw0wozaL57JlsDWRjtvdcXaW\">Inlayapas, diez a\u00f1os de trabajo por la integraci\u00f3n de mujeres &#8230;<\/a>&#8211; <a href=\"http:\/\/eldiario.es\">eldiario.es<\/a><\/p>\n<p><a href=\"http:\/\/www.publico.es\/sociedad\/entrevista-exclusiva-juana-rivas-mis-hijos-violencia-genero.html\">Juana Rivas: \u201cLa justicia patriarcal se basa en mantener a la familia unida aunque haya maltrato\u00bb<\/a>&#8211; P\u00fablico<\/p>\n<p><a href=\"https:\/\/www.eldiadecordoba.es\/cordoba\/Cordoba-capital-inversion-barrios-pobres_0_1263173715.html\">C\u00f3rdoba es la capital con menos inversi\u00f3n para los barrios pobres<\/a>&#8211; El D\u00eda de C\u00f3rdoba<\/p>\n<p><strong>Violencia<\/strong><\/p>\n<p><a href=\"http:\/\/cadenaser.com\/emisora\/2018\/07\/13\/radio_jaen\/1531459113_199839.html\">&#8216;Vacacionantes&#8217; alegrar\u00e1 el verano a 96 v\u00edctimas de violencia machista<\/a>&#8211; Cadena SER<\/p>\n<p><a href=\"https:\/\/www.google.com\/url?rct=j&amp;sa=t&amp;url=http:\/\/www.diariosur.es\/malaga-capital\/6200-mujeres-andalucia-20180712155627-nt.html&amp;ct=ga&amp;cd=CAEYACoUMTIwODc5NDI0ODc1Mzk1MDM2MDUyGWMwMzcyZWJjMmZlYWRhNTk6ZXM6ZXM6RVM&amp;usg=AFQjCNHbSMhV5l0x1-JZaOPGux2LaQAyhg\">Unas 6.200 mujeres en Andaluc\u00eda provienen de pa\u00edses donde se practica la mutilaci\u00f3n genital <\/a>&#8211; Sur Digital<\/p>\n<p><strong>Ciencia y Cultura<\/strong><\/p>\n<p><a href=\"http:\/\/www.diariodehuelva.es\/2018\/07\/13\/la-universidad-advierte-discriminacion-la-mujer-jornalera-los-campos-huelva-desde-2008\/\">La Universidad de Huelva advierte discriminaci\u00f3n de la mujer jornalera en los &#8230;<\/a> &#8211; <a href=\"http:\/\/diariodehuelva.es\">diariodehuelva.es<\/a><\/p>\n<p><a href=\"http:\/\/www.diariojaen.es\/provincia\/mundo-digital-y-economia-centran-la-segunda-tematica-CX4365620\">Mundo digital y econom\u00eda centran la segunda tem\u00e1tica en los cursos de verano de la Universidad de Ja\u00e9n<\/a> &#8211; Diario Ja\u00e9n<\/p>\n<p><a href=\"http:\/\/www.elmundo.es\/cataluna\/2018\/07\/12\/5b473e75468aeb90628b46f2.html\">Roc\u00edo Molina y un embarazo por sole\u00e1<\/a> \u2013 El Mundo<\/p>\n<p><a href=\"http:\/\/huelva24.com\/not\/115180\/el-festival-rumbo-al-mar-de-punta-umbria-alcanza-su-42-edicion\/\">El Festival Rumbo al Mar de Punta Umbr\u00eda alcanza su cuadrag\u00e9simo &#8230;<\/a>&#8211; Huelva24<\/p>\n<p><a href=\"https:\/\/www.google.com\/url?sa=t&amp;rct=j&amp;q=&amp;esrc=s&amp;source=newssearch&amp;cd=1&amp;ved=0ahUKEwj2urCu7JvcAhVJShQKHWf0BQoQqQIIJygAMAA&amp;url=http%3A%2F%2Fcadenaser.com%2Femisora%2F2018%2F07%2F13%2Fradio_jerez%2F1531473770_811182.html&amp;usg=AOvVaw09hn0KfZfuAyCVRe7_cSE0\">\u201cUna mujer acompa\u00f1ando a la guitarra sigue causando extra\u00f1eza\u201d<\/a>&#8211; Cadena SER<\/p>\n<p><strong>Deporte<\/strong><\/p>\n<p><a href=\"http:\/\/eldesmarque.com\/huelva\/polideportivo\/deporte-andaluz\/139654-la-ley-del-deporte-avanza-en-la-lucha-contra-la-violencia\">La Ley del Deporte avanza en la lucha contra la violencia<\/a> &#8211; El Desmarque<\/p>\n<p><a href=\"https:\/\/www.lavozdigital.es\/deportes\/cadiz\/lvdi-arena-toma-poder-paseo-201807131133_noticia.html\">La arena toma el poder en el Paseo<\/a> &#8211; La Voz Digital<\/p>\n<p>[\/toggle]<\/p>\n<p>[toggle type=\u00bbfirst\u00bb title=\u00bbEstado\u00bb]<\/p>\n<p><strong>Institucional<\/strong><\/p>\n<p><a href=\"https:\/\/www.google.com\/url?sa=t&amp;rct=j&amp;q=&amp;esrc=s&amp;source=newssearch&amp;cd=8&amp;ved=0ahUKEwiwsIW45JvcAhUBGBQKHbSaACAQqQIIQCgAMAc&amp;url=https%3A%2F%2Fwww.abc.es%2Fsociedad%2Fabci-carmen-calvo-no-si-hombres-saben-como-funcionamos-mujeres-porque-para-hace-falta-escuchen-201807121632_noticia.html&amp;usg=AOvVaw1KJqSlwOrYGaok_gshtpCE\">Carmen Calvo: \u00abNo s\u00e9 si los hombres saben c\u00f3mo funcionamos las mujeres \u00a0&#8230;<\/a> &#8211; Abc.es<\/p>\n<p><a href=\"https:\/\/www.google.com\/url?sa=t&amp;rct=j&amp;q=&amp;esrc=s&amp;source=newssearch&amp;cd=3&amp;ved=0ahUKEwiji5Wh3pvcAhUBPhQKHa6GB2MQqQIIKygAMAI&amp;url=https%3A%2F%2Fpolitica.elpais.com%2Fpolitica%2F2018%2F07%2F13%2Factualidad%2F1531466818_064358.html&amp;usg=AOvVaw2YergRw0Ty6HHYuLkabJlq\">Pilar Llop, nueva delegada del Gobierno para la Violencia de G\u00e9nero<\/a> \u2013 El Pa\u00eds<\/p>\n<p><strong>Institucional-CCAA<\/strong><\/p>\n<p><a href=\"https:\/\/www.google.com\/url?rct=j&amp;sa=t&amp;url=http:\/\/www.diariodelaltoaragon.es\/NoticiasDetalle.aspx%3FId%3D1129608&amp;ct=ga&amp;cd=CAEYCioUMTIwODc5NDI0ODc1Mzk1MDM2MDUyGWMwMzcyZWJjMmZlYWRhNTk6ZXM6ZXM6RVM&amp;usg=AFQjCNGY-9ktUwL3D9r2zY70bBKCn1uujg\">El Instituto Aragon\u00e9s de la Mujer convoca nuevas ayudas para entidades en materia de prevenci\u00f3n y erradicaci\u00f3n de la &#8230; <\/a>&#8211; Alto Arag\u00f3n<\/p>\n<p><a href=\"http:\/\/www.mujeremprendedora.net\/directivas-aragon-cumple-10-anos\/\">Directivas de Arag\u00f3n cumple 10 a\u00f1os<\/a> \u2013 Mujeremprendedora.net<\/p>\n<p><strong>Econom\u00eda y Empresa<\/strong><\/p>\n<p><a href=\"https:\/\/elpais.com\/economia\/2018\/07\/12\/actualidad\/1531416436_923350.html\">El Gobierno obligar\u00e1 a que los consejos de administraci\u00f3n sean paritarios a partir de 2023<\/a> \u2013 El Pa\u00eds<\/p>\n<p><a href=\"http:\/\/www.elmundo.es\/yodona\/lifestyle\/2018\/07\/13\/5b4866a7e5fdeaba648b4637.html\">Carrera de obst\u00e1culos por la conciliaci\u00f3n<\/a> \u2013 El Mundo<\/p>\n<p><strong>Actualidad<\/strong><\/p>\n<p><a href=\"http:\/\/www.teinteresa.es\/espana\/personas-viajan-solas-mujeres_1_2050004984.html\">El 65% de las personas que viajan solas son mujeres<\/a> -Te Interesa<\/p>\n<p><a href=\"https:\/\/www.google.com\/url?sa=t&amp;rct=j&amp;q=&amp;esrc=s&amp;source=newssearch&amp;cd=30&amp;ved=0ahUKEwjDwt6l7pvcAhXCvBQKHakiDHI4FBCpAghBKAAwCQ&amp;url=https%3A%2F%2Fwww.yorokobu.es%2Fconsuelo-alvarez-violeta%2F&amp;usg=AOvVaw010zvj4LLfNZw5UQZW-_qn\">Violeta, la periodista, telegrafista y dama roja que impuls\u00f3 la liberaci\u00f3n de la mujer &#8230;<\/a>&#8211; Yorokobu<\/p>\n<p><a href=\"https:\/\/elpais.com\/elpais\/2018\/07\/10\/planeta_futuro\/1531219505_490051.html\">De la sostenibilidad en un pa\u00eds llamado Espa\u00f1a en el a\u00f1o 2018<\/a> \u2013 El Pa\u00eds<\/p>\n<p><a href=\"https:\/\/www.google.com\/url?sa=t&amp;rct=j&amp;q=&amp;esrc=s&amp;source=newssearch&amp;cd=20&amp;ved=0ahUKEwj8ncXj7ZvcAhVESBQKHbGYBQ84ChCpAghBKAAwCQ&amp;url=https%3A%2F%2Fokdiario.com%2Fespana%2F2018%2F07%2F12%2Fsoraya-insiste-lo-que-queremos-que-haya-mujer-presidenta-del-gobierno-2612590&amp;usg=AOvVaw3AI2rk0HnexiDz7DJdvE9t\">Soraya insiste: \u201cLo que queremos es que haya una mujer presidenta &#8230;<\/a>&#8211; Okdiario<\/p>\n<p><strong>Ciencia y Cultura<\/strong><\/p>\n<p><a href=\"https:\/\/www.google.com\/url?sa=t&amp;rct=j&amp;q=&amp;esrc=s&amp;source=newssearch&amp;cd=3&amp;ved=0ahUKEwiwsIW45JvcAhUBGBQKHbSaACAQqQIILSgAMAI&amp;url=https%3A%2F%2Fwww.eldiariomontanes.es%2Fcantabria%2Fhistoria-silenciado-talento-20180713212316-ntvo.html&amp;usg=AOvVaw1ow7AJkiw1WPtpLJZcZJPe\">Exposici\u00f3n Mujeres Nobel: La historia ha silenciado el talento de cientos de mujeres durante &#8230;<\/a> &#8211; El Diario Montanes<\/p>\n<p><a href=\"https:\/\/elpais.com\/cultura\/2018\/07\/12\/actualidad\/1531422713_646036.html\">Beatriz Navas, propuesta para dirigir el ICAA<\/a>\u2013 El Pa\u00eds<\/p>\n<p><a href=\"http:\/\/www.elmundo.es\/cultura\/2018\/07\/12\/5b477d1f22601d1f658b467f.html\">Ouka Leele: \u00abAl principio, mis mecenas eran &#8216;Penthouse&#8217; y &#8216;Playboy'\u00bb<\/a> \u2013 El Mundo<\/p>\n<p><strong>Deporte\u00a0<\/strong><\/p>\n<p><a href=\"http:\/\/www.marca.com\/en-femenino\/2018\/07\/12\/5b4678b6e2704e4d258b45f5.html\">\u00abYo no renuncio\u00bb: la primera carrera de obst\u00e1culos por la conciliaci\u00f3n<\/a> &#8211; Marca.com<\/p>\n<p><a href=\"https:\/\/www.google.com\/url?sa=t&amp;rct=j&amp;q=&amp;esrc=s&amp;source=newssearch&amp;cd=5&amp;ved=0ahUKEwj2urCu7JvcAhVJShQKHWf0BQoQqQIIMygAMAQ&amp;url=https%3A%2F%2Fwww.mtbpro.es%2Factualidad%2Fruth-mollprimera-mujer-europea-en-alcanzar-la-cima-del-klimanjaro-en-bicicleta&amp;usg=AOvVaw148Dy1D28dheY3evn29V3c\">Ruth Moll, primera mujer europea en alcanzar la cima del Klimanjaro &#8230;<\/a>&#8211; MTBPro<\/p>\n<p>[\/toggle]<\/p>\n<p>[toggle type=\u00bbfirst\u00bb title=\u00bbInternacional\u00bb]<\/p>\n<p><a href=\"https:\/\/elpais.com\/economia\/2018\/07\/12\/actualidad\/1531349106_813382.html\">El \u2018Me Too\u2019 llega al Banco Mundial: una de cada cuatro empleadas dice haber sufrido acoso sexual<\/a>\u2013 El Pa\u00eds<\/p>\n<p><a href=\"http:\/\/www.espectador.com\/sociedad\/mujeres-latinoamericanas-debaten-en-montevideo-sobre-la-economia-feminista\">Latinoamericanas debaten en Montevideo sobre la econom\u00eda feminista&#8230;<\/a>&#8211; El Espectador Urugua<\/p>\n<p><a href=\"https:\/\/elpais.com\/internacional\/2018\/07\/12\/actualidad\/1531403152_099891.html\">Portugal aprueba el cambio de sexo en el DNI sin informe m\u00e9dico desde los 18 a\u00f1os<\/a>\u2013 El Pa\u00eds<\/p>\n<p><a href=\"https:\/\/elpais.com\/cultura\/2018\/07\/12\/actualidad\/1531419155_150455.html\">Jane Fonda lleva el otro #MeToo al Congreso de EE UU<\/a>\u2013 El Pa\u00eds<\/p>\n<p><a href=\"http:\/\/www.marca.com\/futbol\/mundial\/el-otro-mundial\/2018\/07\/12\/5b4754ddca4741e8308b464c.html\">Campa\u00f1a contra la violencia de g\u00e9nero: crece un 38% en Inglaterra &#8230;<\/a>&#8211; Marca.com<\/p>\n<p><a href=\"http:\/\/www.elmundo.es\/metropoli\/cine\/2018\/07\/12\/5b45f8cc46163f41828b4646.html\">Neve Campbell: \u00abLas mujeres somos tan capaces, inteligentes y fuertes como los hombres\u00bb<\/a> \u2013 El Mundo<\/p>\n<p>[\/toggle]<\/p><\/div>\n<\/div>\n<\/div>\n<\/div>\n<\/div>\n<\/div>\n","protected":false},"excerpt":{"rendered":"<p>El Gobierno obligar\u00e1 a consejos de administraci\u00f3n paritarios a partir <a href=\"https:\/\/cklcomunicaciones.es\/coop\/noticias-info-ckl-no-2-167-13-07-18\/\">[&#8230;]<\/a><\/p>\n","protected":false},"author":3,"featured_media":0,"comment_status":"closed","ping_status":"closed","sticky":false,"template":"","format":"standard","meta":{"footnotes":""},"categories":[298,623],"tags":[],"class_list":["post-14073","post","type-post","status-publish","format-standard","hentry","category-newsletter","category-nwl-2-0"],"yoast_head":"<!-- This site is optimized with the Yoast SEO plugin v27.5 - https:\/\/yoast.com\/product\/yoast-seo-wordpress\/ -->\n<title>Noticias Info CKL n\u00ba 2.167-13\/07\/18-Comunica con perspectiva de g\u00e9nero<\/title>\n<meta name=\"description\" content=\"Comunicar con perspectiva de g\u00e9nero: El Gobierno obligar\u00e1 a consejos de administraci\u00f3n paritarios a partir de 2023-Pilar Llop, delegada del Gobierno para la Violencia de G\u00e9nero\" \/>\n<meta name=\"robots\" content=\"index, follow, max-snippet:-1, max-image-preview:large, max-video-preview:-1\" \/>\n<link rel=\"canonical\" href=\"https:\/\/cklcomunicaciones.es\/coop\/noticias-info-ckl-no-2-167-13-07-18\/\" \/>\n<meta property=\"og:locale\" content=\"es_ES\" \/>\n<meta property=\"og:type\" content=\"article\" \/>\n<meta property=\"og:title\" content=\"Noticias Info CKL n\u00ba 2.167-13\/07\/18-Comunica con perspectiva de g\u00e9nero\" \/>\n<meta property=\"og:description\" content=\"Comunicar con perspectiva de g\u00e9nero: El Gobierno obligar\u00e1 a consejos de administraci\u00f3n paritarios a partir de 2023-Pilar Llop, delegada del Gobierno para la Violencia de G\u00e9nero\" \/>\n<meta property=\"og:url\" content=\"https:\/\/cklcomunicaciones.es\/coop\/noticias-info-ckl-no-2-167-13-07-18\/\" \/>\n<meta property=\"og:site_name\" content=\"CKL Comunicaciones\" \/>\n<meta property=\"article:published_time\" content=\"2018-07-13T10:40:35+00:00\" \/>\n<meta property=\"article:modified_time\" content=\"2025-01-17T15:40:43+00:00\" \/>\n<meta property=\"og:image\" content=\"https:\/\/cklcomunicaciones.es\/coop\/wp-content\/uploads\/2018\/03\/CKL_comunicacion-con-perspetiva-de-genero.jpg\" \/>\n\t<meta property=\"og:image:width\" content=\"500\" \/>\n\t<meta property=\"og:image:height\" content=\"500\" \/>\n\t<meta property=\"og:image:type\" content=\"image\/jpeg\" \/>\n<meta name=\"author\" content=\"ckl\" \/>\n<meta name=\"twitter:card\" content=\"summary_large_image\" \/>\n<meta name=\"twitter:label1\" content=\"Escrito por\" \/>\n\t<meta name=\"twitter:data1\" content=\"ckl\" \/>\n\t<meta name=\"twitter:label2\" content=\"Tiempo de lectura\" \/>\n\t<meta name=\"twitter:data2\" content=\"4 minutos\" \/>\n<script type=\"application\/ld+json\" class=\"yoast-schema-graph\">{\"@context\":\"https:\\\/\\\/schema.org\",\"@graph\":[{\"@type\":\"Article\",\"@id\":\"https:\\\/\\\/cklcomunicaciones.es\\\/coop\\\/noticias-info-ckl-no-2-167-13-07-18\\\/#article\",\"isPartOf\":{\"@id\":\"https:\\\/\\\/cklcomunicaciones.es\\\/coop\\\/noticias-info-ckl-no-2-167-13-07-18\\\/\"},\"author\":{\"name\":\"ckl\",\"@id\":\"https:\\\/\\\/cklcomunicaciones.es\\\/coop\\\/#\\\/schema\\\/person\\\/929a6837f7626450bbb50cee1aef266e\"},\"headline\":\"Noticias Info CKL n\u00ba 2.167-13\\\/07\\\/18\",\"datePublished\":\"2018-07-13T10:40:35+00:00\",\"dateModified\":\"2025-01-17T15:40:43+00:00\",\"mainEntityOfPage\":{\"@id\":\"https:\\\/\\\/cklcomunicaciones.es\\\/coop\\\/noticias-info-ckl-no-2-167-13-07-18\\\/\"},\"wordCount\":809,\"image\":{\"@id\":\"https:\\\/\\\/cklcomunicaciones.es\\\/coop\\\/noticias-info-ckl-no-2-167-13-07-18\\\/#primaryimage\"},\"thumbnailUrl\":\"http:\\\/\\\/www.cklcomunicaciones.es\\\/wp-content\\\/uploads\\\/2018\\\/03\\\/CKL_comunicacion-con-perspetiva-de-genero-300x300.jpg\",\"articleSection\":[\"Newsletter\",\"Nwl v2.0\"],\"inLanguage\":\"es\"},{\"@type\":\"WebPage\",\"@id\":\"https:\\\/\\\/cklcomunicaciones.es\\\/coop\\\/noticias-info-ckl-no-2-167-13-07-18\\\/\",\"url\":\"https:\\\/\\\/cklcomunicaciones.es\\\/coop\\\/noticias-info-ckl-no-2-167-13-07-18\\\/\",\"name\":\"Noticias Info CKL n\u00ba 2.167-13\\\/07\\\/18-Comunica con perspectiva de g\u00e9nero\",\"isPartOf\":{\"@id\":\"https:\\\/\\\/cklcomunicaciones.es\\\/coop\\\/#website\"},\"primaryImageOfPage\":{\"@id\":\"https:\\\/\\\/cklcomunicaciones.es\\\/coop\\\/noticias-info-ckl-no-2-167-13-07-18\\\/#primaryimage\"},\"image\":{\"@id\":\"https:\\\/\\\/cklcomunicaciones.es\\\/coop\\\/noticias-info-ckl-no-2-167-13-07-18\\\/#primaryimage\"},\"thumbnailUrl\":\"http:\\\/\\\/www.cklcomunicaciones.es\\\/wp-content\\\/uploads\\\/2018\\\/03\\\/CKL_comunicacion-con-perspetiva-de-genero-300x300.jpg\",\"datePublished\":\"2018-07-13T10:40:35+00:00\",\"dateModified\":\"2025-01-17T15:40:43+00:00\",\"author\":{\"@id\":\"https:\\\/\\\/cklcomunicaciones.es\\\/coop\\\/#\\\/schema\\\/person\\\/929a6837f7626450bbb50cee1aef266e\"},\"description\":\"Comunicar con perspectiva de g\u00e9nero: El Gobierno obligar\u00e1 a consejos de administraci\u00f3n paritarios a partir de 2023-Pilar Llop, delegada del Gobierno para la Violencia de G\u00e9nero\",\"breadcrumb\":{\"@id\":\"https:\\\/\\\/cklcomunicaciones.es\\\/coop\\\/noticias-info-ckl-no-2-167-13-07-18\\\/#breadcrumb\"},\"inLanguage\":\"es\",\"potentialAction\":[{\"@type\":\"ReadAction\",\"target\":[\"https:\\\/\\\/cklcomunicaciones.es\\\/coop\\\/noticias-info-ckl-no-2-167-13-07-18\\\/\"]}]},{\"@type\":\"ImageObject\",\"inLanguage\":\"es\",\"@id\":\"https:\\\/\\\/cklcomunicaciones.es\\\/coop\\\/noticias-info-ckl-no-2-167-13-07-18\\\/#primaryimage\",\"url\":\"http:\\\/\\\/www.cklcomunicaciones.es\\\/wp-content\\\/uploads\\\/2018\\\/03\\\/CKL_comunicacion-con-perspetiva-de-genero-300x300.jpg\",\"contentUrl\":\"http:\\\/\\\/www.cklcomunicaciones.es\\\/wp-content\\\/uploads\\\/2018\\\/03\\\/CKL_comunicacion-con-perspetiva-de-genero-300x300.jpg\"},{\"@type\":\"BreadcrumbList\",\"@id\":\"https:\\\/\\\/cklcomunicaciones.es\\\/coop\\\/noticias-info-ckl-no-2-167-13-07-18\\\/#breadcrumb\",\"itemListElement\":[{\"@type\":\"ListItem\",\"position\":1,\"name\":\"Portada\",\"item\":\"https:\\\/\\\/cklcomunicaciones.es\\\/coop\\\/\"},{\"@type\":\"ListItem\",\"position\":2,\"name\":\"Noticias Info CKL n\u00ba 2.167-13\\\/07\\\/18\"}]},{\"@type\":\"WebSite\",\"@id\":\"https:\\\/\\\/cklcomunicaciones.es\\\/coop\\\/#website\",\"url\":\"https:\\\/\\\/cklcomunicaciones.es\\\/coop\\\/\",\"name\":\"CKL Comunicaciones\",\"description\":\"Sitio web de CKL Comunicaciones coop , la consultora de comunicaci\u00f3n y estrategia\",\"potentialAction\":[{\"@type\":\"SearchAction\",\"target\":{\"@type\":\"EntryPoint\",\"urlTemplate\":\"https:\\\/\\\/cklcomunicaciones.es\\\/coop\\\/?s={search_term_string}\"},\"query-input\":{\"@type\":\"PropertyValueSpecification\",\"valueRequired\":true,\"valueName\":\"search_term_string\"}}],\"inLanguage\":\"es\"},{\"@type\":\"Person\",\"@id\":\"https:\\\/\\\/cklcomunicaciones.es\\\/coop\\\/#\\\/schema\\\/person\\\/929a6837f7626450bbb50cee1aef266e\",\"name\":\"ckl\",\"image\":{\"@type\":\"ImageObject\",\"inLanguage\":\"es\",\"@id\":\"https:\\\/\\\/secure.gravatar.com\\\/avatar\\\/c82db564e8a669bf6023357a157b9dc4780f4d4c618f2ad1d71a6a5dede45057?s=96&d=mm&r=g\",\"url\":\"https:\\\/\\\/secure.gravatar.com\\\/avatar\\\/c82db564e8a669bf6023357a157b9dc4780f4d4c618f2ad1d71a6a5dede45057?s=96&d=mm&r=g\",\"contentUrl\":\"https:\\\/\\\/secure.gravatar.com\\\/avatar\\\/c82db564e8a669bf6023357a157b9dc4780f4d4c618f2ad1d71a6a5dede45057?s=96&d=mm&r=g\",\"caption\":\"ckl\"},\"url\":\"https:\\\/\\\/cklcomunicaciones.es\\\/coop\\\/author\\\/cklcomunicaciones\\\/\"}]}<\/script>\n<!-- \/ Yoast SEO plugin. -->","yoast_head_json":{"title":"Noticias Info CKL n\u00ba 2.167-13\/07\/18-Comunica con perspectiva de g\u00e9nero","description":"Comunicar con perspectiva de g\u00e9nero: El Gobierno obligar\u00e1 a consejos de administraci\u00f3n paritarios a partir de 2023-Pilar Llop, delegada del Gobierno para la Violencia de G\u00e9nero","robots":{"index":"index","follow":"follow","max-snippet":"max-snippet:-1","max-image-preview":"max-image-preview:large","max-video-preview":"max-video-preview:-1"},"canonical":"https:\/\/cklcomunicaciones.es\/coop\/noticias-info-ckl-no-2-167-13-07-18\/","og_locale":"es_ES","og_type":"article","og_title":"Noticias Info CKL n\u00ba 2.167-13\/07\/18-Comunica con perspectiva de g\u00e9nero","og_description":"Comunicar con perspectiva de g\u00e9nero: El Gobierno obligar\u00e1 a consejos de administraci\u00f3n paritarios a partir de 2023-Pilar Llop, delegada del Gobierno para la Violencia de G\u00e9nero","og_url":"https:\/\/cklcomunicaciones.es\/coop\/noticias-info-ckl-no-2-167-13-07-18\/","og_site_name":"CKL Comunicaciones","article_published_time":"2018-07-13T10:40:35+00:00","article_modified_time":"2025-01-17T15:40:43+00:00","og_image":[{"width":500,"height":500,"url":"https:\/\/cklcomunicaciones.es\/coop\/wp-content\/uploads\/2018\/03\/CKL_comunicacion-con-perspetiva-de-genero.jpg","type":"image\/jpeg"}],"author":"ckl","twitter_card":"summary_large_image","twitter_misc":{"Escrito por":"ckl","Tiempo de lectura":"4 minutos"},"schema":{"@context":"https:\/\/schema.org","@graph":[{"@type":"Article","@id":"https:\/\/cklcomunicaciones.es\/coop\/noticias-info-ckl-no-2-167-13-07-18\/#article","isPartOf":{"@id":"https:\/\/cklcomunicaciones.es\/coop\/noticias-info-ckl-no-2-167-13-07-18\/"},"author":{"name":"ckl","@id":"https:\/\/cklcomunicaciones.es\/coop\/#\/schema\/person\/929a6837f7626450bbb50cee1aef266e"},"headline":"Noticias Info CKL n\u00ba 2.167-13\/07\/18","datePublished":"2018-07-13T10:40:35+00:00","dateModified":"2025-01-17T15:40:43+00:00","mainEntityOfPage":{"@id":"https:\/\/cklcomunicaciones.es\/coop\/noticias-info-ckl-no-2-167-13-07-18\/"},"wordCount":809,"image":{"@id":"https:\/\/cklcomunicaciones.es\/coop\/noticias-info-ckl-no-2-167-13-07-18\/#primaryimage"},"thumbnailUrl":"http:\/\/www.cklcomunicaciones.es\/wp-content\/uploads\/2018\/03\/CKL_comunicacion-con-perspetiva-de-genero-300x300.jpg","articleSection":["Newsletter","Nwl v2.0"],"inLanguage":"es"},{"@type":"WebPage","@id":"https:\/\/cklcomunicaciones.es\/coop\/noticias-info-ckl-no-2-167-13-07-18\/","url":"https:\/\/cklcomunicaciones.es\/coop\/noticias-info-ckl-no-2-167-13-07-18\/","name":"Noticias Info CKL n\u00ba 2.167-13\/07\/18-Comunica con perspectiva de g\u00e9nero","isPartOf":{"@id":"https:\/\/cklcomunicaciones.es\/coop\/#website"},"primaryImageOfPage":{"@id":"https:\/\/cklcomunicaciones.es\/coop\/noticias-info-ckl-no-2-167-13-07-18\/#primaryimage"},"image":{"@id":"https:\/\/cklcomunicaciones.es\/coop\/noticias-info-ckl-no-2-167-13-07-18\/#primaryimage"},"thumbnailUrl":"http:\/\/www.cklcomunicaciones.es\/wp-content\/uploads\/2018\/03\/CKL_comunicacion-con-perspetiva-de-genero-300x300.jpg","datePublished":"2018-07-13T10:40:35+00:00","dateModified":"2025-01-17T15:40:43+00:00","author":{"@id":"https:\/\/cklcomunicaciones.es\/coop\/#\/schema\/person\/929a6837f7626450bbb50cee1aef266e"},"description":"Comunicar con perspectiva de g\u00e9nero: El Gobierno obligar\u00e1 a consejos de administraci\u00f3n paritarios a partir de 2023-Pilar Llop, delegada del Gobierno para la Violencia de G\u00e9nero","breadcrumb":{"@id":"https:\/\/cklcomunicaciones.es\/coop\/noticias-info-ckl-no-2-167-13-07-18\/#breadcrumb"},"inLanguage":"es","potentialAction":[{"@type":"ReadAction","target":["https:\/\/cklcomunicaciones.es\/coop\/noticias-info-ckl-no-2-167-13-07-18\/"]}]},{"@type":"ImageObject","inLanguage":"es","@id":"https:\/\/cklcomunicaciones.es\/coop\/noticias-info-ckl-no-2-167-13-07-18\/#primaryimage","url":"http:\/\/www.cklcomunicaciones.es\/wp-content\/uploads\/2018\/03\/CKL_comunicacion-con-perspetiva-de-genero-300x300.jpg","contentUrl":"http:\/\/www.cklcomunicaciones.es\/wp-content\/uploads\/2018\/03\/CKL_comunicacion-con-perspetiva-de-genero-300x300.jpg"},{"@type":"BreadcrumbList","@id":"https:\/\/cklcomunicaciones.es\/coop\/noticias-info-ckl-no-2-167-13-07-18\/#breadcrumb","itemListElement":[{"@type":"ListItem","position":1,"name":"Portada","item":"https:\/\/cklcomunicaciones.es\/coop\/"},{"@type":"ListItem","position":2,"name":"Noticias Info CKL n\u00ba 2.167-13\/07\/18"}]},{"@type":"WebSite","@id":"https:\/\/cklcomunicaciones.es\/coop\/#website","url":"https:\/\/cklcomunicaciones.es\/coop\/","name":"CKL Comunicaciones","description":"Sitio web de CKL Comunicaciones coop , la consultora de comunicaci\u00f3n y estrategia","potentialAction":[{"@type":"SearchAction","target":{"@type":"EntryPoint","urlTemplate":"https:\/\/cklcomunicaciones.es\/coop\/?s={search_term_string}"},"query-input":{"@type":"PropertyValueSpecification","valueRequired":true,"valueName":"search_term_string"}}],"inLanguage":"es"},{"@type":"Person","@id":"https:\/\/cklcomunicaciones.es\/coop\/#\/schema\/person\/929a6837f7626450bbb50cee1aef266e","name":"ckl","image":{"@type":"ImageObject","inLanguage":"es","@id":"https:\/\/secure.gravatar.com\/avatar\/c82db564e8a669bf6023357a157b9dc4780f4d4c618f2ad1d71a6a5dede45057?s=96&d=mm&r=g","url":"https:\/\/secure.gravatar.com\/avatar\/c82db564e8a669bf6023357a157b9dc4780f4d4c618f2ad1d71a6a5dede45057?s=96&d=mm&r=g","contentUrl":"https:\/\/secure.gravatar.com\/avatar\/c82db564e8a669bf6023357a157b9dc4780f4d4c618f2ad1d71a6a5dede45057?s=96&d=mm&r=g","caption":"ckl"},"url":"https:\/\/cklcomunicaciones.es\/coop\/author\/cklcomunicaciones\/"}]}},"_links":{"self":[{"href":"https:\/\/cklcomunicaciones.es\/coop\/wp-json\/wp\/v2\/posts\/14073","targetHints":{"allow":["GET"]}}],"collection":[{"href":"https:\/\/cklcomunicaciones.es\/coop\/wp-json\/wp\/v2\/posts"}],"about":[{"href":"https:\/\/cklcomunicaciones.es\/coop\/wp-json\/wp\/v2\/types\/post"}],"author":[{"embeddable":true,"href":"https:\/\/cklcomunicaciones.es\/coop\/wp-json\/wp\/v2\/users\/3"}],"replies":[{"embeddable":true,"href":"https:\/\/cklcomunicaciones.es\/coop\/wp-json\/wp\/v2\/comments?post=14073"}],"version-history":[{"count":0,"href":"https:\/\/cklcomunicaciones.es\/coop\/wp-json\/wp\/v2\/posts\/14073\/revisions"}],"wp:attachment":[{"href":"https:\/\/cklcomunicaciones.es\/coop\/wp-json\/wp\/v2\/media?parent=14073"}],"wp:term":[{"taxonomy":"category","embeddable":true,"href":"https:\/\/cklcomunicaciones.es\/coop\/wp-json\/wp\/v2\/categories?post=14073"},{"taxonomy":"post_tag","embeddable":true,"href":"https:\/\/cklcomunicaciones.es\/coop\/wp-json\/wp\/v2\/tags?post=14073"}],"curies":[{"name":"wp","href":"https:\/\/api.w.org\/{rel}","templated":true}]}}