{"id":14059,"date":"2018-07-04T13:11:26","date_gmt":"2018-07-04T11:11:26","guid":{"rendered":"http:\/\/www.cklcomunicaciones.es\/?p=14059"},"modified":"2025-01-17T16:40:44","modified_gmt":"2025-01-17T15:40:44","slug":"noticias-info-ckl-no-2-163-04-07-18","status":"publish","type":"post","link":"https:\/\/cklcomunicaciones.es\/coop\/noticias-info-ckl-no-2-163-04-07-18\/","title":{"rendered":"Noticias Info CKL n\u00ba 2.163-04\/07\/18"},"content":{"rendered":"<div id=\"pl-14059\"  class=\"panel-layout\" >\n<div id=\"pg-14059-0\"  class=\"panel-grid panel-no-style\"  data-style=\"{&quot;background_image_attachment&quot;:false,&quot;background_display&quot;:&quot;tile&quot;,&quot;lsow_dark_bg&quot;:&quot;&quot;,&quot;cell_alignment&quot;:&quot;flex-start&quot;}\" >\n<div id=\"pgc-14059-0-0\"  class=\"panel-grid-cell\"  data-weight=\"1\" >\n<div id=\"panel-14059-0-0-0\" class=\"so-panel widget widget_sow-editor panel-first-child panel-last-child\" data-index=\"0\" data-style=\"{&quot;background_image_attachment&quot;:false,&quot;background_display&quot;:&quot;tile&quot;}\" >\n<div class=\"so-widget-sow-editor so-widget-sow-editor-base\">\n<div class=\"siteorigin-widget-tinymce textwidget\">\n\t<img decoding=\"async\" class=\"lazyload  wp-image-13726\" src=\"http:\/\/www.cklcomunicaciones.es\/wp-content\/uploads\/2018\/03\/CKL_comunicacion-con-perspetiva-de-genero-300x300.jpg\" data-orig-src=\"http:\/\/www.cklcomunicaciones.es\/wp-content\/uploads\/2018\/03\/CKL_comunicacion-con-perspetiva-de-genero-300x300.jpg\" alt=\"CKL_comunicacion con perspetiva de genero\" width=\"132\" height=\"132\" srcset=\"data:image\/svg+xml,%3Csvg%20xmlns%3D%27http%3A%2F%2Fwww.w3.org%2F2000%2Fsvg%27%20width%3D%27132%27%20height%3D%27132%27%20viewBox%3D%270%200%20132%20132%27%3E%3Crect%20width%3D%27132%27%20height%3D%27132%27%20fill-opacity%3D%220%22%2F%3E%3C%2Fsvg%3E\" data-srcset=\"https:\/\/cklcomunicaciones.es\/coop\/wp-content\/uploads\/2018\/03\/CKL_comunicacion-con-perspetiva-de-genero-150x150.jpg 150w, https:\/\/cklcomunicaciones.es\/coop\/wp-content\/uploads\/2018\/03\/CKL_comunicacion-con-perspetiva-de-genero-300x300.jpg 300w, https:\/\/cklcomunicaciones.es\/coop\/wp-content\/uploads\/2018\/03\/CKL_comunicacion-con-perspetiva-de-genero-450x450.jpg 450w, https:\/\/cklcomunicaciones.es\/coop\/wp-content\/uploads\/2018\/03\/CKL_comunicacion-con-perspetiva-de-genero.jpg 500w\" data-sizes=\"auto\" data-orig-sizes=\"(max-width: 132px) 100vw, 132px\" \/><\/p>\n<p id=\":1tg\" class=\"hP\" tabindex=\"-1\" data-thread-perm-id=\"163fdd9de9269c3b\" data-legacy-thread-id=\"163fdd9de9269c3b\"><strong>Andaluc\u00eda: M\u00e1s de 600 millones para el plan de subvenciones de Igualdad hasta 2021-Mujeres, trabajo y diabetes: una cuesti\u00f3n de tiempo-Juegos Mediterr\u00e1neos: El 57% de las medallas espa\u00f1olas tienen nombre de mujer<\/strong><\/p>\n<p>[toggle type=\u00bbfirst\u00bb title=\u00bbComunicaci\u00f3n\u00bb]<\/p>\n<p>&nbsp;<\/p>\n<p><a href=\"http:\/\/www.elmundo.es\/television\/2018\/07\/03\/5b3bc29cca4741500b8b46c8.html\">Lydia Cacho, Premio Periodismo sin L\u00edmites: batalla contra la explotaci\u00f3n de menores<\/a>\u2013 El Mundo<\/p>\n<p><a href=\"http:\/\/www.elmundo.es\/f5\/comparte\/2018\/07\/04\/5b3c649722601da0298b45ee.html\">Mar\u00eda G\u00f3mez cuenta su historia \u00abpara que nadie lo haga por m\u00ed\u00bb<\/a> \u2013 El Mundo<\/p>\n<p><a href=\"https:\/\/elpais.com\/cultura\/2018\/07\/04\/actualidad\/1530694176_811190.html\">Wikipedia cierra en protesta por la reforma de la ley de derechos de autor en la UE<\/a> \u2013 El Pa\u00eds<\/p>\n<p><a href=\"http:\/\/www.elmundo.es\/cultura\/musica\/2018\/07\/03\/5b3a7b0022601d4b6b8b45d0.html\">M\u00fasicos y cineastas contra Youtube: la batalla final<\/a> \u2013 EL Mundo<\/p>\n<p>[\/toggle]<\/p>\n<p>[toggle type=\u00bbfirst\u00bb title=\u00bbAndaluc\u00eda\u00bb]<\/p>\n<p><a href=\"http:\/\/www.juntadeandalucia.es\/presidencia\/portavoz\/134540\/informes\/universidades\/andaluzas\/reforma\/territorial\/financiacion\/autonomica\"><span style=\"color: #000000;\"><strong>Institucional<\/strong><\/span><\/a><\/p>\n<p><a href=\"http:\/\/www.juntadeandalucia.es\/presidencia\/portavoz\/134540\/informes\/universidades\/andaluzas\/reforma\/territorial\/financiacion\/autonomica\">D\u00edaz reclama \u00abuna buena financiaci\u00f3n auton\u00f3mica\u00bb que se debata de forma multilateral<\/a> \u2013 Oficina del Portavoz<strong>\u00a0<\/strong><\/p>\n<p><strong>Econom\u00eda y Empresas<\/strong><\/p>\n<p><a href=\"https:\/\/www.google.com\/url?sa=t&amp;rct=j&amp;q=&amp;esrc=s&amp;source=newssearch&amp;cd=12&amp;ved=0ahUKEwjUuPeenYXcAhVIIMAKHZjtCIw4ChCpAggpKAAwAQ&amp;url=http%3A%2F%2Fagrodiariohuelva.es%2F2018%2F07%2F03%2Fandaluciaescoop-la-nueva-plataforma-empresarial-creada-para-defender-al-cooperativismo-andaluz%2F&amp;usg=AOvVaw1kXMMTSFyfBvrEsxy1seey\">Andaluc\u00edaEScoop, la nueva plataforma empresarial creada para defender al cooperativismo andaluz &#8230;<\/a>&#8211; Agrodiariohuelva.es<\/p>\n<p><a href=\"http:\/\/ecodiario.eleconomista.es\/espana\/noticias\/9249762\/07\/18\/El-turismo-y-los-contratos-temporales-tiran-del-empleo-que-baja-en-Andalucia-desde-julio-de-2009-segun-CSIFA.html\">El turismo y los contratos temporales tiran del empleo, que baja en &#8230;<\/a> &#8211; Ecodiario<\/p>\n<p><a href=\"https:\/\/www.consalud.es\/ecsalud\/nacional\/el-sector-de-la-biotecnologia-se-dara-cita-en-sevilla-en-biospain-2018_52448_102.html\">El sector de la biotecnolog\u00eda se dar\u00e1 cita en Sevilla en BioSpain 2018<\/a> &#8211; ConSalud<strong>\u00a0<\/strong><\/p>\n<p><strong>Actualidad<\/strong><\/p>\n<p><a href=\"https:\/\/www.google.com\/url?rct=j&amp;sa=t&amp;url=http:\/\/www.diariosur.es\/marbella-estepona\/directora-aboga-incluir-20180704000653-ntvo.html&amp;ct=ga&amp;cd=CAEYACoUMTU1ODg3MzAwMTk0MjEzOTk5NDQyGWMwMzcyZWJjMmZlYWRhNTk6ZXM6ZXM6RVM&amp;usg=AFQjCNGKxf35YsP82G6ANgXHaXkRGSjMCQ\">La directora del IAM aboga por incluir formaci\u00f3n en materia de g\u00e9nero en la carrera judicial <\/a>&#8211; Sur Digital<\/p>\n<p><a href=\"https:\/\/www.google.com\/url?rct=j&amp;sa=t&amp;url=https:\/\/www.laopiniondemalaga.es\/malaga\/2018\/07\/03\/malaga-reconoce-feminista-carmen-olmedo\/1017637.html&amp;ct=ga&amp;cd=CAEYBCoTODYyOTAyNzAxNTI0MzM3MTIyNjIZYzAzNzJlYmMyZmVhZGE1OTplczplczpFUw&amp;usg=AFQjCNHQ7Rm0qSCjJJCgQLhFbG4CLxSMLQ\">M\u00e1laga reconoce la labor de Carmen Olmedo en defensa de la mujer <\/a>&#8211; La Opini\u00f3n de M\u00e1laga<\/p>\n<p><a href=\"http:\/\/www.diariojaen.es\/provincia\/jodar\/jornadas-de-igualdad-en-la-lucha-contra-la-lacra-machista-LE4336580\">Jornadas de igualdad en la lucha contra la lacra machista<\/a> &#8211; Diario Ja\u00e9n<\/p>\n<p><strong>Violencia<\/strong><\/p>\n<p><a href=\"https:\/\/www.laopiniondemalaga.es\/marbella\/2018\/07\/04\/victimas-violencia-genero-deben-dudar\/1017708.html\">\u00abLas v\u00edctimas de violencia de g\u00e9nero no deben dudar en denunciar\u00bb<\/a> &#8211; La Opini\u00f3n de M\u00e1laga<\/p>\n<p><a href=\"https:\/\/www.google.com\/url?sa=t&amp;rct=j&amp;q=&amp;esrc=s&amp;source=newssearch&amp;cd=64&amp;ved=0ahUKEwjqmOO9oIXcAhVlKsAKHYU6BwI4PBCpAgguKAAwAw&amp;url=http%3A%2F%2Fecodiario.eleconomista.es%2Fespana%2Fnoticias%2F9250180%2F07%2F18%2FDiputacion-y-la-Sierra-de-las-Nieves-abogan-por-mas-acciones-para-prevenir-y-acabar-con-la-violencia-de-genero.html&amp;usg=AOvVaw1gbDgDsrkYGIVxDJU3LN7A\">Diputaci\u00f3n de M\u00e1laga y la Sierra de las Nieves abogan por m\u00e1s acciones para &#8230;<\/a>&#8211; Ecodiario<\/p>\n<p><strong>Ciencia y Cultura<\/strong><\/p>\n<p><a href=\"http:\/\/www.elglobal.net\/politica-sanitaria\/casi-seis-millones-de-euros-para-i-d-i-en-andalucia-XK1628606\">Casi seis millones de euros para I+D+i en Andaluc\u00eda<\/a> &#8211; El Global<\/p>\n<p><a href=\"http:\/\/www.noticiasdealmeria.com\/carmen-de-burgos-fue-masona\">Carmen de Burgos fue masona<\/a> &#8211; Noticias de Almer\u00eda<\/p>\n<p><a href=\"https:\/\/www.diariodesevilla.es\/vivirensevilla\/mujereando-teatro-crowdfunding-documental-mujeres-hogar_0_1260174557.html\">El teatro que cobija a las mujeres sin hogar<\/a>&#8211; Diario de Sevilla<\/p>\n<p><a href=\"http:\/\/www.elmundo.es\/andalucia\/2018\/07\/03\/5b3b9b38e5fdea93338b45ff.html\">La Costa Tropical, la mar de flamenca<\/a> \u2013 El Mundo<\/p>\n<p><strong>Deporte<\/strong><\/p>\n<p><a href=\"http:\/\/eldesmarque.com\/huelva\/polideportivo\/deporte-andaluz\/139536-497-personas-en-el-listado-de-deporte-de-rendimiento-de-andalucia\">497 deportistas en el Listado de Deporte de Rendimiento de Andaluc\u00eda<\/a>&#8211; El Desmarque<\/p>\n<p>[\/toggle]<\/p>\n<p>[toggle type=\u00bbfirst\u00bb title=\u00bbEstado\u00bb]<\/p>\n<p><strong>Institucional<\/strong><\/p>\n<p><a href=\"https:\/\/www.google.com\/url?sa=t&amp;rct=j&amp;q=&amp;esrc=s&amp;source=newssearch&amp;cd=62&amp;ved=0ahUKEwjqmOO9oIXcAhVlKsAKHYU6BwI4PBCpAggpKAAwAQ&amp;url=http%3A%2F%2Fecodiario.eleconomista.es%2Fsociedad%2Fnoticias%2F9250109%2F07%2F18%2FEl-Gobierno-mejorara-el-Pacto-contra-la-Violencia-de-Genero-y-ve-necesario-un-gran-debate-sobre-feminismo.html&amp;usg=AOvVaw1Aua0TBEZNgN9iejfjw-iL\">El Gobierno \u00abmejorar\u00e1\u00bb el Pacto contra la Violencia de G\u00e9nero y ve necesario un gran debate sobre \u201cfeminismo\u201d&#8230;<\/a>&#8211; Ecodiario<\/p>\n<p><a href=\"http:\/\/www.elmundo.es\/baleares\/2018\/07\/04\/5b3c8b7322601dfd268b45de.html\">Aina Calvo, nueva directora de la Agencia Espa\u00f1ola de Cooperaci\u00f3n Internacional<\/a> \u2013 El Mundo<\/p>\n<p><a href=\"http:\/\/www.publico.es\/politica\/violencia-genero-marlaska-aplicara-convenio-estambul-lucha-violencia-machista.html\">Marlaska aplicar\u00e1 el Convenio de Estambul en la lucha contra la violencia machista &#8230;<\/a> &#8211; P\u00fablico<\/p>\n<p><strong>Institucional-CCAA<\/strong><\/p>\n<p><a href=\"https:\/\/www.google.com\/url?rct=j&amp;sa=t&amp;url=http:\/\/www.finanzas.com\/noticias\/empresas\/20180703\/junta-pone-viviendas-disposicion-3870062.html&amp;ct=ga&amp;cd=CAEYACoTODYyOTAyNzAxNTI0MzM3MTIyNjIZYzAzNzJlYmMyZmVhZGE1OTplczplczpFUw&amp;usg=AFQjCNFepqwxpdNFngEr0Y9dzXemKOMZdg\">La Junta de CLM pone 81 viviendas a disposici\u00f3n v\u00edctimas violencia g\u00e9nero desde 2015<\/a> &#8211; Finanzas.com<\/p>\n<p><a href=\"https:\/\/www.google.com\/url?rct=j&amp;sa=t&amp;url=https:\/\/www.eldiario.es\/aragon\/politica\/Aragon-educativo-Protocolo-Coordinacion-Interinstitucional_0_788821569.html&amp;ct=ga&amp;cd=CAEYCSoTODYyOTAyNzAxNTI0MzM3MTIyNjIZYzAzNzJlYmMyZmVhZGE1OTplczplczpFUw&amp;usg=AFQjCNGNBLKOmw8neSO38adHoLxKRMUxgw\">Arag\u00f3n incluye por primera vez el \u00e1mbito educativo en el Protocolo de Coordinaci\u00f3n &#8230; <\/a>&#8211; <a href=\"http:\/\/eldiario.es\">eldiario.es<\/a><\/p>\n<p><a href=\"https:\/\/www.google.com\/url?rct=j&amp;sa=t&amp;url=http:\/\/www.lavanguardia.com\/vida\/20180703\/45606507907\/ics-asesora-mujeres-con-conducta-sexual-riesgo-sobre-metodos-anticonceptivos.html&amp;ct=ga&amp;cd=CAEYCyoTODYyOTAyNzAxNTI0MzM3MTIyNjIZYzAzNzJlYmMyZmVhZGE1OTplczplczpFUw&amp;usg=AFQjCNGv5xCnCV3r1f_VhFNB-3YG1K0RNQ\">Instituto Catal\u00e1n de la Salud asesora mujeres con conducta sexual riesgo sobre m\u00e9todos anticonceptivos <\/a>&#8211; La Vanguardia<\/p>\n<p><a href=\"https:\/\/www.google.com\/url?rct=j&amp;sa=t&amp;url=http:\/\/www.unizar.es\/actualidad\/ficheros\/20180703\/42479\/iii_premio_investigaciones_feministas.pdf&amp;ct=ga&amp;cd=CAEYAioUMTQ2NjEzNzYzMDY3NzUwNjg1ODkyGWMwMzcyZWJjMmZlYWRhNTk6ZXM6ZXM6RVM&amp;usg=AFQjCNEj-C7n1sE1jmWfUFLlpY8w_a0KfQ\">El Instituto Aragon\u00e9s de la Mujer y la Universidad de Zaragoza, conscientes de la importancia de &#8230; <\/a>&#8211; Universidad de Zaragoza<\/p>\n<p><a href=\"https:\/\/www.google.com\/url?sa=t&amp;rct=j&amp;q=&amp;esrc=s&amp;source=newssearch&amp;cd=8&amp;ved=0ahUKEwiJiZf5nIXcAhWGJ8AKHd8iAMEQqQIIPCgAMAc&amp;url=https%3A%2F%2Fwww.larazon.es%2Flocal%2Fmadrid%2Fseis-nombres-de-mujeres-para-un-callejero-mas-feminista-OD18931609&amp;usg=AOvVaw046vVZ0KvKDBZz2JilfYJU\">Seis nombres de mujeres para un callejero m\u00e1s \u00abfeminista\u00bb<\/a> &#8211; La Razon<\/p>\n<p><a href=\"https:\/\/www.rioja2.com\/n-121746-2-la-ur-analiza-como-prevenir-la-violencia-de-genero-entre-adolescentes\">La Universidad de la Rioja analiza c\u00f3mo prevenir la violencia de g\u00e9nero entre adolescentes<\/a> &#8211; Rioja2.com<\/p>\n<p><a href=\"https:\/\/pamplonaactual.com\/pamplona-impulsa-una-aplicacion-gratuita-para-denunciar-cualquier-tipo-de-agresion-sexista-en-sanfermines\/\">Pamplona impulsa una aplicaci\u00f3n gratuita para denunciar cualquier tipo de agresi\u00f3n sexista en Sanfermines&#8230;<\/a>&#8211; Pamplona actual<\/p>\n<p><strong>Econom\u00eda y Empresa<\/strong><\/p>\n<p><a href=\"https:\/\/cincodias.elpais.com\/cincodias\/2018\/07\/03\/midinero\/1530640530_541345.html\">La metamorfosis del empleo: femenino, parcial y en servicios<\/a> -Cinco D\u00edas<\/p>\n<p><a href=\"http:\/\/www.antena3.com\/noticias\/economia\/la-robotica-ayudara-a-que-las-mujeres-puedan-desarrollarse-profesionalmente_201807025b3a21f90cf2dca043cd25b8.html\">Un 80% de las mujeres abandona su trabajo para atender a sus familiares &#8230;<\/a>&#8211; Antena 3 Noticias<\/p>\n<p><a href=\"https:\/\/elpais.com\/economia\/2018\/07\/03\/actualidad\/1530630949_410270.html\">La brecha salarial de g\u00e9nero supera el 20% en la hosteler\u00eda<\/a> \u2013 El Pa\u00eds<\/p>\n<p><a href=\"https:\/\/www.lavozdelsur.es\/600-000-criadas-trabajan-en-espana-por-350-euros-al-mes-de-media-en-condiciones-de-semiesclavitud\/\">600.000 &#8216;criadas&#8217; trabajan en Espa\u00f1a por 350 euros al mes de media &#8230;<\/a>&#8211; La Voz del Sur<\/p>\n<p><a href=\"https:\/\/noticiasbancarias.com\/bancos\/04\/07\/2018\/ana-botin-banco-santander-promueve-la-formacion-y-el-liderazgo-de-la-mujer-africana\/161326.html\">Ana Bot\u00edn \u00a0promueve la formaci\u00f3n y el liderazgo de la mujer africana &#8230;<\/a>&#8211; Noticias Bancarias<\/p>\n<p><strong>Actualidad<\/strong><\/p>\n<p><a href=\"https:\/\/confilegal.com\/20180704-susana-gisbert-la-violencia-de-genero-es-como-un-inmenso-iceberg-del-que-solo-se-ve-la-punta\/\">Susana Gisbert: \u201cLa violencia de g\u00e9nero es como un inmenso iceberg &#8230;<\/a> &#8211; Confilegal<\/p>\n<p><a href=\"http:\/\/www.mujeremprendedora.net\/mujeres-por-africa-abrira-primera-sede-continente-africano\/\">Mujeres por \u00c1frica abrir\u00e1 su primera sede en el continente africano<\/a> \u2013 Mujeremprendedora.net<\/p>\n<p><a href=\"https:\/\/www.elespanol.com\/espana\/20180703\/ejercito-adapta-uniformes-modelos-embudo-campana-cilindro\/319718977_0.html\">El Ej\u00e9rcito adapta sus uniformes a tres modelos de mujer: \u00abembudo &#8230;<\/a>&#8211; El Espa\u00f1ol<\/p>\n<p><strong>Violencias<\/strong><\/p>\n<p><a href=\"https:\/\/www.diariodesevilla.es\/entrevistas\/denuncias-falsas-maltrato-mito_0_1260174670.html\">\u00c1ngela Carmona, Presidenta del Observatorio contra la Violencia de G\u00e9nero (CGPJ): \u201cLas denuncias falsas de maltrato son un mito\u00bb<\/a> -Diario de Sevilla<\/p>\n<p><a href=\"https:\/\/www.google.com\/url?sa=t&amp;rct=j&amp;q=&amp;esrc=s&amp;source=newssearch&amp;cd=1&amp;ved=0ahUKEwii-6y1nYXcAhWrLMAKHeXZC_4QqQIIJygAMAA&amp;url=https%3A%2F%2Fwww.heraldo.es%2Fnoticias%2Faragon%2F2018%2F07%2F04%2Faumenta-numero-mujeres-que-necesitan-servicio-atenpro-1254326-300.html&amp;usg=AOvVaw1DUJ4H8ss5I-R1Y6EgDuC4\">Aumenta el n\u00famero de mujeres que usan el servicio Atenpro<\/a> &#8211; Heraldo.es<\/p>\n<p><a href=\"https:\/\/www.20minutos.es\/noticia\/3385765\/0\/hijos-valoracion-policial-riesgo-mujeres-victimas-violencia-de-genero\/\">La Polic\u00eda incluir\u00e1 a los hijos de las mujeres v\u00edctimas de violencia de g\u00e9nero en las valoraciones de riesgo &#8230;<\/a>&#8211; <a href=\"http:\/\/20minutos.es\">20minutos.es<\/a><\/p>\n<p><strong>Ciencia y Cultura<\/strong><\/p>\n<p><a href=\"https:\/\/www.eldiario.es\/clm\/GeneroCiencia-iniciativa-igualdad-Castilla-La-Mancha_0_788821955.html\">#G\u00e9neroCiencia, la iniciativa para \u201cincidir en la agenda de igualdad &#8230;<\/a> &#8211; <a href=\"http:\/\/eldiario.es\">eldiario.es<\/a><\/p>\n<p><a href=\"https:\/\/elpais.com\/tecnologia\/2018\/07\/02\/actualidad\/1530520207_163674.html\">Los robots no saben ser mujeres<\/a> \u2013 El Pa\u00eds<\/p>\n<p><a href=\"http:\/\/www.elperiodicoextremadura.com\/noticias\/cultura\/eva-isanta-la-mujer-es-agente-cambio-sufre-mundo_1099683.html\">Eva Isanta : \u00abLa mujer es un agente del cambio que sufre el mundo\u00bb<\/a> &#8211; El Peri\u00f3dico Extremadura<\/p>\n<p><strong>Deporte\u00a0<\/strong><\/p>\n<p><a href=\"http:\/\/www.puntodebreak.com\/2018\/07\/04\/mujeres-toman-mando\">Wimbledon 2018: las mujeres toman el mando<\/a> &#8211; Punto de break<\/p>\n<p><a href=\"https:\/\/www.google.com\/url?sa=t&amp;rct=j&amp;q=&amp;esrc=s&amp;source=newssearch&amp;cd=3&amp;ved=0ahUKEwiehNG0oYXcAhWMCMAKHXE9AK4QqQIILSgAMAI&amp;url=https%3A%2F%2Fwww.marketingdirecto.com%2Fmarketing-general%2Fmarketing%2Fmujer-y-deporte-la-ecuacion-imperfecta-del-patrocinio&amp;usg=AOvVaw2OIsecwLP-NMMIUVSpI9JS\">Mujer y deporte<em>:<\/em> la ecuaci\u00f3n imperfecta del patrocinio<\/a> &#8211; MarketingDirecto<\/p>\n<p>[\/toggle]<\/p>\n<p>[toggle type=\u00bbfirst\u00bb title=\u00bbInternacional\u00bb]<\/p>\n<p><a href=\"https:\/\/elpais.com\/internacional\/2018\/07\/03\/actualidad\/1530642398_782052.html\">Suad Abderrahim, primera mujer alcaldesa electa de T\u00fanez<\/a>\u2026 \u2013 El Pa\u00eds<\/p>\n<p><a href=\"http:\/\/www.elfinanciero.com.mx\/elecciones-2018\/congreso-cumple-con-paridad-de-genero-ine\">M\u00e9xico. El Congreso tendr\u00e1 la mayor presencia de mujeres en la historia<\/a> &#8211; El Financiero<\/p>\n<p><a href=\"https:\/\/www.forbes.com.mx\/si-los-jefes-son-clave-para-el-avance-profesional-de-las-mujeres\/\">S\u00ed, los jefes son clave para el avance profesional de las mujeres<\/a> &#8211; Forbes Mexico<\/p>\n<p><a href=\"https:\/\/www.google.com\/url?sa=t&amp;rct=j&amp;q=&amp;esrc=s&amp;source=newssearch&amp;cd=11&amp;ved=0ahUKEwiWk6eWo4XcAhUMJsAKHQdjApg4ChCpAggmKAAwAA&amp;url=http%3A%2F%2Fwww.eluniversal.com.mx%2Ftechbit%2Fplataformas-laborales-una-opcion-para-que-ellas-no-dejen-de-trabajar&amp;usg=AOvVaw1wjz7URdU-8p7U8-BGdXP6\">Plataformas laborales, una opci\u00f3n para que ellas no dejen de trabajar<\/a> &#8211; El Universal<\/p>\n<p><a href=\"http:\/\/www.publico.es\/internacional\/gaza-miles-mujeres-palestinas-protestan-gaza-pedir-bloqueo-ocupacion-israeli.html\">Miles de palestinas protestan en Gaza para pedir el fin del bloqueo y de la ocupaci\u00f3n<\/a> &#8211; P\u00fablico<\/p>\n<p><a href=\"https:\/\/www.eldiario.es\/cultura\/primera-directora-Biblioteca-Nacional-argentina_0_789171096.html\">UElsa Barber, primera directora de la Biblioteca Nacional de Argentina&#8230;<\/a>&#8211; <a href=\"http:\/\/eldiario.es\">eldiario.es<\/a><\/p>\n<p><a href=\"https:\/\/www.trendencias.com\/ocio\/bao-primer-corto-pixar-dirigido-mujer-que-emociona-confunde-al-publico-su-mensaje\">Bao, el primer corto de Pixar dirigido por una mujer, que emociona y &#8230;<\/a> &#8211; Trendencias<\/p>\n<p><a href=\"https:\/\/www.google.com\/url?sa=t&amp;rct=j&amp;q=&amp;esrc=s&amp;source=newssearch&amp;cd=37&amp;ved=0ahUKEwikp4_2noXcAhXHLsAKHbr-B6s4HhCpAgg4KAAwBg&amp;url=http%3A%2F%2Fculto.latercera.com%2F2018%2F07%2F03%2Fmujeres-bateristas-cuando-ellas-toman-las-baquetas%2F&amp;usg=AOvVaw1Gh6qBx-kV_SdRQJMNoI5m\">Mujeres bateristas, cuando ellas toman las baquetas<\/a> &#8211; LaTercera<\/p>\n<p>[\/toggle]<\/p><\/div>\n<\/div>\n<\/div>\n<\/div>\n<\/div>\n<\/div>\n","protected":false},"excerpt":{"rendered":"<p>Andaluc\u00eda: M\u00e1s de 600 millones para el plan de subvenciones <a href=\"https:\/\/cklcomunicaciones.es\/coop\/noticias-info-ckl-no-2-163-04-07-18\/\">[&#8230;]<\/a><\/p>\n","protected":false},"author":3,"featured_media":0,"comment_status":"closed","ping_status":"closed","sticky":false,"template":"","format":"standard","meta":{"footnotes":""},"categories":[298,623],"tags":[],"class_list":["post-14059","post","type-post","status-publish","format-standard","hentry","category-newsletter","category-nwl-2-0"],"yoast_head":"<!-- This site is optimized with the Yoast SEO plugin v27.5 - https:\/\/yoast.com\/product\/yoast-seo-wordpress\/ -->\n<title>Noticias Info CKL n\u00ba 2.163-04\/07\/18-Comunica con perspectiva de g\u00e9nero<\/title>\n<meta name=\"description\" content=\"Comunicar con perspectiva de g\u00e9nero: Aina Calvo, directora de la Agencia Espa\u00f1ola de Cooperaci\u00f3n Internacional-La metamorfosis del empleo: femenino, ...\" \/>\n<meta name=\"robots\" content=\"index, follow, max-snippet:-1, max-image-preview:large, max-video-preview:-1\" \/>\n<link rel=\"canonical\" href=\"https:\/\/cklcomunicaciones.es\/coop\/noticias-info-ckl-no-2-163-04-07-18\/\" \/>\n<meta property=\"og:locale\" content=\"es_ES\" \/>\n<meta property=\"og:type\" content=\"article\" \/>\n<meta property=\"og:title\" content=\"Noticias Info CKL n\u00ba 2.163-04\/07\/18-Comunica con perspectiva de g\u00e9nero\" \/>\n<meta property=\"og:description\" content=\"Comunicar con perspectiva de g\u00e9nero: Aina Calvo, directora de la Agencia Espa\u00f1ola de Cooperaci\u00f3n Internacional-La metamorfosis del empleo: femenino, ...\" \/>\n<meta property=\"og:url\" content=\"https:\/\/cklcomunicaciones.es\/coop\/noticias-info-ckl-no-2-163-04-07-18\/\" \/>\n<meta property=\"og:site_name\" content=\"CKL Comunicaciones\" \/>\n<meta property=\"article:published_time\" content=\"2018-07-04T11:11:26+00:00\" \/>\n<meta property=\"article:modified_time\" content=\"2025-01-17T15:40:44+00:00\" \/>\n<meta property=\"og:image\" content=\"https:\/\/cklcomunicaciones.es\/coop\/wp-content\/uploads\/2018\/03\/CKL_comunicacion-con-perspetiva-de-genero.jpg\" \/>\n\t<meta property=\"og:image:width\" content=\"500\" \/>\n\t<meta property=\"og:image:height\" content=\"500\" \/>\n\t<meta property=\"og:image:type\" content=\"image\/jpeg\" \/>\n<meta name=\"author\" content=\"ckl\" \/>\n<meta name=\"twitter:card\" content=\"summary_large_image\" \/>\n<meta name=\"twitter:label1\" content=\"Escrito por\" \/>\n\t<meta name=\"twitter:data1\" content=\"ckl\" \/>\n\t<meta name=\"twitter:label2\" content=\"Tiempo de lectura\" \/>\n\t<meta name=\"twitter:data2\" content=\"4 minutos\" \/>\n<script type=\"application\/ld+json\" class=\"yoast-schema-graph\">{\"@context\":\"https:\\\/\\\/schema.org\",\"@graph\":[{\"@type\":\"Article\",\"@id\":\"https:\\\/\\\/cklcomunicaciones.es\\\/coop\\\/noticias-info-ckl-no-2-163-04-07-18\\\/#article\",\"isPartOf\":{\"@id\":\"https:\\\/\\\/cklcomunicaciones.es\\\/coop\\\/noticias-info-ckl-no-2-163-04-07-18\\\/\"},\"author\":{\"name\":\"ckl\",\"@id\":\"https:\\\/\\\/cklcomunicaciones.es\\\/coop\\\/#\\\/schema\\\/person\\\/929a6837f7626450bbb50cee1aef266e\"},\"headline\":\"Noticias Info CKL n\u00ba 2.163-04\\\/07\\\/18\",\"datePublished\":\"2018-07-04T11:11:26+00:00\",\"dateModified\":\"2025-01-17T15:40:44+00:00\",\"mainEntityOfPage\":{\"@id\":\"https:\\\/\\\/cklcomunicaciones.es\\\/coop\\\/noticias-info-ckl-no-2-163-04-07-18\\\/\"},\"wordCount\":904,\"image\":{\"@id\":\"https:\\\/\\\/cklcomunicaciones.es\\\/coop\\\/noticias-info-ckl-no-2-163-04-07-18\\\/#primaryimage\"},\"thumbnailUrl\":\"http:\\\/\\\/www.cklcomunicaciones.es\\\/wp-content\\\/uploads\\\/2018\\\/03\\\/CKL_comunicacion-con-perspetiva-de-genero-300x300.jpg\",\"articleSection\":[\"Newsletter\",\"Nwl v2.0\"],\"inLanguage\":\"es\"},{\"@type\":\"WebPage\",\"@id\":\"https:\\\/\\\/cklcomunicaciones.es\\\/coop\\\/noticias-info-ckl-no-2-163-04-07-18\\\/\",\"url\":\"https:\\\/\\\/cklcomunicaciones.es\\\/coop\\\/noticias-info-ckl-no-2-163-04-07-18\\\/\",\"name\":\"Noticias Info CKL n\u00ba 2.163-04\\\/07\\\/18-Comunica con perspectiva de g\u00e9nero\",\"isPartOf\":{\"@id\":\"https:\\\/\\\/cklcomunicaciones.es\\\/coop\\\/#website\"},\"primaryImageOfPage\":{\"@id\":\"https:\\\/\\\/cklcomunicaciones.es\\\/coop\\\/noticias-info-ckl-no-2-163-04-07-18\\\/#primaryimage\"},\"image\":{\"@id\":\"https:\\\/\\\/cklcomunicaciones.es\\\/coop\\\/noticias-info-ckl-no-2-163-04-07-18\\\/#primaryimage\"},\"thumbnailUrl\":\"http:\\\/\\\/www.cklcomunicaciones.es\\\/wp-content\\\/uploads\\\/2018\\\/03\\\/CKL_comunicacion-con-perspetiva-de-genero-300x300.jpg\",\"datePublished\":\"2018-07-04T11:11:26+00:00\",\"dateModified\":\"2025-01-17T15:40:44+00:00\",\"author\":{\"@id\":\"https:\\\/\\\/cklcomunicaciones.es\\\/coop\\\/#\\\/schema\\\/person\\\/929a6837f7626450bbb50cee1aef266e\"},\"description\":\"Comunicar con perspectiva de g\u00e9nero: Aina Calvo, directora de la Agencia Espa\u00f1ola de Cooperaci\u00f3n Internacional-La metamorfosis del empleo: femenino, ...\",\"breadcrumb\":{\"@id\":\"https:\\\/\\\/cklcomunicaciones.es\\\/coop\\\/noticias-info-ckl-no-2-163-04-07-18\\\/#breadcrumb\"},\"inLanguage\":\"es\",\"potentialAction\":[{\"@type\":\"ReadAction\",\"target\":[\"https:\\\/\\\/cklcomunicaciones.es\\\/coop\\\/noticias-info-ckl-no-2-163-04-07-18\\\/\"]}]},{\"@type\":\"ImageObject\",\"inLanguage\":\"es\",\"@id\":\"https:\\\/\\\/cklcomunicaciones.es\\\/coop\\\/noticias-info-ckl-no-2-163-04-07-18\\\/#primaryimage\",\"url\":\"http:\\\/\\\/www.cklcomunicaciones.es\\\/wp-content\\\/uploads\\\/2018\\\/03\\\/CKL_comunicacion-con-perspetiva-de-genero-300x300.jpg\",\"contentUrl\":\"http:\\\/\\\/www.cklcomunicaciones.es\\\/wp-content\\\/uploads\\\/2018\\\/03\\\/CKL_comunicacion-con-perspetiva-de-genero-300x300.jpg\"},{\"@type\":\"BreadcrumbList\",\"@id\":\"https:\\\/\\\/cklcomunicaciones.es\\\/coop\\\/noticias-info-ckl-no-2-163-04-07-18\\\/#breadcrumb\",\"itemListElement\":[{\"@type\":\"ListItem\",\"position\":1,\"name\":\"Portada\",\"item\":\"https:\\\/\\\/cklcomunicaciones.es\\\/coop\\\/\"},{\"@type\":\"ListItem\",\"position\":2,\"name\":\"Noticias Info CKL n\u00ba 2.163-04\\\/07\\\/18\"}]},{\"@type\":\"WebSite\",\"@id\":\"https:\\\/\\\/cklcomunicaciones.es\\\/coop\\\/#website\",\"url\":\"https:\\\/\\\/cklcomunicaciones.es\\\/coop\\\/\",\"name\":\"CKL Comunicaciones\",\"description\":\"Sitio web de CKL Comunicaciones coop , la consultora de comunicaci\u00f3n y estrategia\",\"potentialAction\":[{\"@type\":\"SearchAction\",\"target\":{\"@type\":\"EntryPoint\",\"urlTemplate\":\"https:\\\/\\\/cklcomunicaciones.es\\\/coop\\\/?s={search_term_string}\"},\"query-input\":{\"@type\":\"PropertyValueSpecification\",\"valueRequired\":true,\"valueName\":\"search_term_string\"}}],\"inLanguage\":\"es\"},{\"@type\":\"Person\",\"@id\":\"https:\\\/\\\/cklcomunicaciones.es\\\/coop\\\/#\\\/schema\\\/person\\\/929a6837f7626450bbb50cee1aef266e\",\"name\":\"ckl\",\"image\":{\"@type\":\"ImageObject\",\"inLanguage\":\"es\",\"@id\":\"https:\\\/\\\/secure.gravatar.com\\\/avatar\\\/c82db564e8a669bf6023357a157b9dc4780f4d4c618f2ad1d71a6a5dede45057?s=96&d=mm&r=g\",\"url\":\"https:\\\/\\\/secure.gravatar.com\\\/avatar\\\/c82db564e8a669bf6023357a157b9dc4780f4d4c618f2ad1d71a6a5dede45057?s=96&d=mm&r=g\",\"contentUrl\":\"https:\\\/\\\/secure.gravatar.com\\\/avatar\\\/c82db564e8a669bf6023357a157b9dc4780f4d4c618f2ad1d71a6a5dede45057?s=96&d=mm&r=g\",\"caption\":\"ckl\"},\"url\":\"https:\\\/\\\/cklcomunicaciones.es\\\/coop\\\/author\\\/cklcomunicaciones\\\/\"}]}<\/script>\n<!-- \/ Yoast SEO plugin. -->","yoast_head_json":{"title":"Noticias Info CKL n\u00ba 2.163-04\/07\/18-Comunica con perspectiva de g\u00e9nero","description":"Comunicar con perspectiva de g\u00e9nero: Aina Calvo, directora de la Agencia Espa\u00f1ola de Cooperaci\u00f3n Internacional-La metamorfosis del empleo: femenino, ...","robots":{"index":"index","follow":"follow","max-snippet":"max-snippet:-1","max-image-preview":"max-image-preview:large","max-video-preview":"max-video-preview:-1"},"canonical":"https:\/\/cklcomunicaciones.es\/coop\/noticias-info-ckl-no-2-163-04-07-18\/","og_locale":"es_ES","og_type":"article","og_title":"Noticias Info CKL n\u00ba 2.163-04\/07\/18-Comunica con perspectiva de g\u00e9nero","og_description":"Comunicar con perspectiva de g\u00e9nero: Aina Calvo, directora de la Agencia Espa\u00f1ola de Cooperaci\u00f3n Internacional-La metamorfosis del empleo: femenino, ...","og_url":"https:\/\/cklcomunicaciones.es\/coop\/noticias-info-ckl-no-2-163-04-07-18\/","og_site_name":"CKL Comunicaciones","article_published_time":"2018-07-04T11:11:26+00:00","article_modified_time":"2025-01-17T15:40:44+00:00","og_image":[{"width":500,"height":500,"url":"https:\/\/cklcomunicaciones.es\/coop\/wp-content\/uploads\/2018\/03\/CKL_comunicacion-con-perspetiva-de-genero.jpg","type":"image\/jpeg"}],"author":"ckl","twitter_card":"summary_large_image","twitter_misc":{"Escrito por":"ckl","Tiempo de lectura":"4 minutos"},"schema":{"@context":"https:\/\/schema.org","@graph":[{"@type":"Article","@id":"https:\/\/cklcomunicaciones.es\/coop\/noticias-info-ckl-no-2-163-04-07-18\/#article","isPartOf":{"@id":"https:\/\/cklcomunicaciones.es\/coop\/noticias-info-ckl-no-2-163-04-07-18\/"},"author":{"name":"ckl","@id":"https:\/\/cklcomunicaciones.es\/coop\/#\/schema\/person\/929a6837f7626450bbb50cee1aef266e"},"headline":"Noticias Info CKL n\u00ba 2.163-04\/07\/18","datePublished":"2018-07-04T11:11:26+00:00","dateModified":"2025-01-17T15:40:44+00:00","mainEntityOfPage":{"@id":"https:\/\/cklcomunicaciones.es\/coop\/noticias-info-ckl-no-2-163-04-07-18\/"},"wordCount":904,"image":{"@id":"https:\/\/cklcomunicaciones.es\/coop\/noticias-info-ckl-no-2-163-04-07-18\/#primaryimage"},"thumbnailUrl":"http:\/\/www.cklcomunicaciones.es\/wp-content\/uploads\/2018\/03\/CKL_comunicacion-con-perspetiva-de-genero-300x300.jpg","articleSection":["Newsletter","Nwl v2.0"],"inLanguage":"es"},{"@type":"WebPage","@id":"https:\/\/cklcomunicaciones.es\/coop\/noticias-info-ckl-no-2-163-04-07-18\/","url":"https:\/\/cklcomunicaciones.es\/coop\/noticias-info-ckl-no-2-163-04-07-18\/","name":"Noticias Info CKL n\u00ba 2.163-04\/07\/18-Comunica con perspectiva de g\u00e9nero","isPartOf":{"@id":"https:\/\/cklcomunicaciones.es\/coop\/#website"},"primaryImageOfPage":{"@id":"https:\/\/cklcomunicaciones.es\/coop\/noticias-info-ckl-no-2-163-04-07-18\/#primaryimage"},"image":{"@id":"https:\/\/cklcomunicaciones.es\/coop\/noticias-info-ckl-no-2-163-04-07-18\/#primaryimage"},"thumbnailUrl":"http:\/\/www.cklcomunicaciones.es\/wp-content\/uploads\/2018\/03\/CKL_comunicacion-con-perspetiva-de-genero-300x300.jpg","datePublished":"2018-07-04T11:11:26+00:00","dateModified":"2025-01-17T15:40:44+00:00","author":{"@id":"https:\/\/cklcomunicaciones.es\/coop\/#\/schema\/person\/929a6837f7626450bbb50cee1aef266e"},"description":"Comunicar con perspectiva de g\u00e9nero: Aina Calvo, directora de la Agencia Espa\u00f1ola de Cooperaci\u00f3n Internacional-La metamorfosis del empleo: femenino, ...","breadcrumb":{"@id":"https:\/\/cklcomunicaciones.es\/coop\/noticias-info-ckl-no-2-163-04-07-18\/#breadcrumb"},"inLanguage":"es","potentialAction":[{"@type":"ReadAction","target":["https:\/\/cklcomunicaciones.es\/coop\/noticias-info-ckl-no-2-163-04-07-18\/"]}]},{"@type":"ImageObject","inLanguage":"es","@id":"https:\/\/cklcomunicaciones.es\/coop\/noticias-info-ckl-no-2-163-04-07-18\/#primaryimage","url":"http:\/\/www.cklcomunicaciones.es\/wp-content\/uploads\/2018\/03\/CKL_comunicacion-con-perspetiva-de-genero-300x300.jpg","contentUrl":"http:\/\/www.cklcomunicaciones.es\/wp-content\/uploads\/2018\/03\/CKL_comunicacion-con-perspetiva-de-genero-300x300.jpg"},{"@type":"BreadcrumbList","@id":"https:\/\/cklcomunicaciones.es\/coop\/noticias-info-ckl-no-2-163-04-07-18\/#breadcrumb","itemListElement":[{"@type":"ListItem","position":1,"name":"Portada","item":"https:\/\/cklcomunicaciones.es\/coop\/"},{"@type":"ListItem","position":2,"name":"Noticias Info CKL n\u00ba 2.163-04\/07\/18"}]},{"@type":"WebSite","@id":"https:\/\/cklcomunicaciones.es\/coop\/#website","url":"https:\/\/cklcomunicaciones.es\/coop\/","name":"CKL Comunicaciones","description":"Sitio web de CKL Comunicaciones coop , la consultora de comunicaci\u00f3n y estrategia","potentialAction":[{"@type":"SearchAction","target":{"@type":"EntryPoint","urlTemplate":"https:\/\/cklcomunicaciones.es\/coop\/?s={search_term_string}"},"query-input":{"@type":"PropertyValueSpecification","valueRequired":true,"valueName":"search_term_string"}}],"inLanguage":"es"},{"@type":"Person","@id":"https:\/\/cklcomunicaciones.es\/coop\/#\/schema\/person\/929a6837f7626450bbb50cee1aef266e","name":"ckl","image":{"@type":"ImageObject","inLanguage":"es","@id":"https:\/\/secure.gravatar.com\/avatar\/c82db564e8a669bf6023357a157b9dc4780f4d4c618f2ad1d71a6a5dede45057?s=96&d=mm&r=g","url":"https:\/\/secure.gravatar.com\/avatar\/c82db564e8a669bf6023357a157b9dc4780f4d4c618f2ad1d71a6a5dede45057?s=96&d=mm&r=g","contentUrl":"https:\/\/secure.gravatar.com\/avatar\/c82db564e8a669bf6023357a157b9dc4780f4d4c618f2ad1d71a6a5dede45057?s=96&d=mm&r=g","caption":"ckl"},"url":"https:\/\/cklcomunicaciones.es\/coop\/author\/cklcomunicaciones\/"}]}},"_links":{"self":[{"href":"https:\/\/cklcomunicaciones.es\/coop\/wp-json\/wp\/v2\/posts\/14059","targetHints":{"allow":["GET"]}}],"collection":[{"href":"https:\/\/cklcomunicaciones.es\/coop\/wp-json\/wp\/v2\/posts"}],"about":[{"href":"https:\/\/cklcomunicaciones.es\/coop\/wp-json\/wp\/v2\/types\/post"}],"author":[{"embeddable":true,"href":"https:\/\/cklcomunicaciones.es\/coop\/wp-json\/wp\/v2\/users\/3"}],"replies":[{"embeddable":true,"href":"https:\/\/cklcomunicaciones.es\/coop\/wp-json\/wp\/v2\/comments?post=14059"}],"version-history":[{"count":0,"href":"https:\/\/cklcomunicaciones.es\/coop\/wp-json\/wp\/v2\/posts\/14059\/revisions"}],"wp:attachment":[{"href":"https:\/\/cklcomunicaciones.es\/coop\/wp-json\/wp\/v2\/media?parent=14059"}],"wp:term":[{"taxonomy":"category","embeddable":true,"href":"https:\/\/cklcomunicaciones.es\/coop\/wp-json\/wp\/v2\/categories?post=14059"},{"taxonomy":"post_tag","embeddable":true,"href":"https:\/\/cklcomunicaciones.es\/coop\/wp-json\/wp\/v2\/tags?post=14059"}],"curies":[{"name":"wp","href":"https:\/\/api.w.org\/{rel}","templated":true}]}}