{"id":14037,"date":"2018-06-26T13:45:43","date_gmt":"2018-06-26T11:45:43","guid":{"rendered":"http:\/\/www.cklcomunicaciones.es\/?p=14037"},"modified":"2025-01-17T16:40:45","modified_gmt":"2025-01-17T15:40:45","slug":"noticias-info-ckl-no-2-157-25-06-18","status":"publish","type":"post","link":"https:\/\/cklcomunicaciones.es\/coop\/noticias-info-ckl-no-2-157-25-06-18\/","title":{"rendered":"Noticias Info CKL n\u00ba 2.157-26\/06\/18"},"content":{"rendered":"<div id=\"pl-14037\"  class=\"panel-layout\" >\n<div id=\"pg-14037-0\"  class=\"panel-grid panel-no-style\"  data-style=\"{&quot;background_image_attachment&quot;:false,&quot;background_display&quot;:&quot;tile&quot;,&quot;lsow_dark_bg&quot;:&quot;&quot;,&quot;cell_alignment&quot;:&quot;flex-start&quot;}\" >\n<div id=\"pgc-14037-0-0\"  class=\"panel-grid-cell\"  data-weight=\"1\" >\n<div id=\"panel-14037-0-0-0\" class=\"so-panel widget widget_sow-editor panel-first-child panel-last-child\" data-index=\"0\" data-style=\"{&quot;background_image_attachment&quot;:false,&quot;background_display&quot;:&quot;tile&quot;}\" >\n<div class=\"so-widget-sow-editor so-widget-sow-editor-base\">\n<div class=\"siteorigin-widget-tinymce textwidget\">\n\t<img decoding=\"async\" class=\"lazyload  wp-image-13726\" src=\"http:\/\/www.cklcomunicaciones.es\/wp-content\/uploads\/2018\/03\/CKL_comunicacion-con-perspetiva-de-genero-300x300.jpg\" data-orig-src=\"http:\/\/www.cklcomunicaciones.es\/wp-content\/uploads\/2018\/03\/CKL_comunicacion-con-perspetiva-de-genero-300x300.jpg\" alt=\"CKL_comunicacion con perspetiva de genero\" width=\"132\" height=\"132\" srcset=\"data:image\/svg+xml,%3Csvg%20xmlns%3D%27http%3A%2F%2Fwww.w3.org%2F2000%2Fsvg%27%20width%3D%27132%27%20height%3D%27132%27%20viewBox%3D%270%200%20132%20132%27%3E%3Crect%20width%3D%27132%27%20height%3D%27132%27%20fill-opacity%3D%220%22%2F%3E%3C%2Fsvg%3E\" data-srcset=\"https:\/\/cklcomunicaciones.es\/coop\/wp-content\/uploads\/2018\/03\/CKL_comunicacion-con-perspetiva-de-genero-150x150.jpg 150w, https:\/\/cklcomunicaciones.es\/coop\/wp-content\/uploads\/2018\/03\/CKL_comunicacion-con-perspetiva-de-genero-300x300.jpg 300w, https:\/\/cklcomunicaciones.es\/coop\/wp-content\/uploads\/2018\/03\/CKL_comunicacion-con-perspetiva-de-genero-450x450.jpg 450w, https:\/\/cklcomunicaciones.es\/coop\/wp-content\/uploads\/2018\/03\/CKL_comunicacion-con-perspetiva-de-genero.jpg 500w\" data-sizes=\"auto\" data-orig-sizes=\"(max-width: 132px) 100vw, 132px\" \/><\/p>\n<p id=\":1tg\" class=\"hP\" tabindex=\"-1\" data-thread-perm-id=\"163fdd9de9269c3b\" data-legacy-thread-id=\"163fdd9de9269c3b\"><strong>Congreso vota Ley de permisos de maternidad y paternidad iguales-Las mujeres destinan 800\u20ac m\u00e1s que los hombres al ahorro-Beatriz Gonz\u00e1lez (Almaclara):\u00bbPuede m\u00e1s la marea de la calle que un gobierno con 11 ministras\u00bb<\/strong><\/p>\n<p>[toggle type=\u00bbfirst\u00bb title=\u00bbConvocatorias\u00bb]<\/p>\n<ul>\n<li><a href=\"https:\/\/fguma.es\/cursos-de-verano\/mujeres-frente-violencia\/\">Curso de verano &#8216;Mujeres frente a la violencia&#8217;<\/a>. Universidad de M\u00e1laga. 3, 4 y 5 de julio de 2018<\/li>\n<li><a href=\"http:\/\/www.juntadeandalucia.es\/iam\/catalogo\/doc\/convocatorias\/2018-genero\/SE-presentacion-libro-sin-reglas.pdf\">Presentaci\u00f3n del libro &#8216;Sin reglas: er\u00f3tica y libertad femenina en la madurez&#8217;, de Anna Freixas Farr\u00e9<\/a>. Seminario Interdisciplinar de Estudios de las Mujeres de la Universidad de Sevilla y Fundaci\u00f3n Mar\u00eda Fulmen. 28 de junio de 2018<\/li>\n<li><a href=\"http:\/\/www.icas-sevilla.org\/exposicion-sacando-los-colores-40-anos-de-orgullo\/\">Exposici\u00f3n \u2018Sacando los colores. 40 a\u00f1os de orgullo\u2019<\/a>. Garabattagge Ilustra e Instituto de la Cultura y las Artes de Sevilla (ICAS). Del 28 de junio al 2 de septiembre de 2018<\/li>\n<\/ul>\n<p>[\/toggle]<\/p>\n<p>[toggle type=\u00bbfirst\u00bb title=\u00bbComunicaci\u00f3n\u00bb]<\/p>\n<p><a href=\"https:\/\/m.granadahoy.com\/television\/Consejo-Audiovisual-Andaluz-presencia-informativos_0_1257774812.html\">El Consejo Audiovisual Andaluz detecta una menor presencia de mujeres en informativos &#8230;<\/a>&#8211; Granada Hoy<\/p>\n<p><a href=\"https:\/\/www.google.com\/url?rct=j&amp;sa=t&amp;url=http:\/\/agencias.abc.es\/agencias\/noticia.asp%3Fnoticia%3D2853750&amp;ct=ga&amp;cd=CAEYASoUMTY4MDcwNTM3MDMyMDQyMTc3OTYyGWUyZGVmYTdkNWRhOTE1N2Q6ZXM6ZXM6RVM&amp;usg=AFQjCNHM1f5hrVyqqCAws_JCNZMN2yxYPQ\">Periodistas por la Igualdad reivindican m\u00e1s perspectiva de g\u00e9nero en noticias <\/a>&#8211; Abc.es<\/p>\n<p><a href=\"http:\/\/www.elmundo.es\/happy-fm\/2018\/06\/25\/5b3109e822601d50018b45f3.html\">Becky G, el machismo y el empoderamiento de la mujer<\/a> \u2013 El Mundo<\/p>\n<p><a href=\"https:\/\/www.fayerwayer.com\/2018\/06\/eloisa-diaz-chilena-medica-google\">Google conmemora a la chilena Elo\u00edsa D\u00edaz, la primera m\u00e9dica &#8230;<\/a> &#8211; FayerWayer<\/p>\n<p>[\/toggle]<\/p>\n<p>[toggle type=\u00bbfirst\u00bb title=\u00bbAndaluc\u00eda\u00bb]<\/p>\n<p><strong>Institucional<\/strong><\/p>\n<p><a href=\"http:\/\/www.juntadeandalucia.es\/presidencia\/portavoz\/134263\/SusanaDiaz\/presidentadelaJuntadeAndalucia\/UniversidaddeCadiz\/JerezdelaFrontera\/ProgramaTalentia\/investigacion\/cientificos\/becas\">D\u00edaz avanza un Talentia S\u00e9nior para incorporar investigadores a las universidades<\/a> \u2013 Oficina del Portavoz<\/p>\n<p><strong>Econom\u00eda y Empresas<\/strong><\/p>\n<p><a href=\"http:\/\/sevilla.abc.es\/andalucia\/sevi-perfiles-profesionales-piden-empresas-andaluzas-2018-201806251340_noticia.html\">Los perfiles profesionales que piden las empresas andaluzas en 2018<\/a>&#8211; <a href=\"http:\/\/abcdesevilla.es\">abcdesevilla.es<\/a><\/p>\n<p><a href=\"https:\/\/www.google.com\/url?sa=t&amp;rct=j&amp;q=&amp;esrc=s&amp;source=newssearch&amp;cd=2&amp;ved=0ahUKEwihtZ_UkfHbAhXB1hQKHSkGCnAQqQIIKigAMAE&amp;url=http%3A%2F%2Fwww.lavanguardia.com%2Flocal%2Fsevilla%2F20180626%2F45414614531%2Fla-junta-destaca-la-solidez-y-expansion-de-kira-moda-con-42-puntos-de-venta-y-mas-de-60-empleos.html&amp;usg=AOvVaw0g7kNxIVatqPgy-4Z1CsdT\">La Junta destaca la solidez y expansi\u00f3n de Kira Moda con 42 puntos &#8230;<\/a> &#8211; La Vanguardia<\/p>\n<p><a href=\"http:\/\/www.europapress.es\/esandalucia\/huelva\/noticia-presentan-huelva-linea-ayudas-impulsar-iniciativas-emprendedoras-jovenes-20180625122210.html\">Presentan en Huelva la l\u00ednea de ayudas para impulsar las iniciativas &#8230;<\/a>&#8211; Europa Press<\/p>\n<p><strong>Actualidad<\/strong><\/p>\n<p><a href=\"http:\/\/www.juntadeandalucia.es\/presidencia\/portavoz\/134286\/InterventoraGeneraldelaJuntadeAndalucia\/AsuncionPena\/secretariogeneraldeHaciendaFinanzasySostenibilidad\/ConsejeriadeEconomiaHaciendayAdministracionPublica\">Asunci\u00f3n Pe\u00f1a, nueva interventora general de la Junta de Andaluc\u00eda<\/a> \u2013 Oficina del Portavoz<\/p>\n<p><a href=\"http:\/\/cadenaser.com\/emisora\/2018\/06\/25\/radio_jodar\/1529936940_858503.html\">Encuentro Provincial de Mediadores en Igualdad en J\u00f3dar<\/a>&#8211; Cadena SER<\/p>\n<p><a href=\"http:\/\/www.europapress.es\/esandalucia\/granada\/noticia-mapa-servicios-sociales-andalucia-acerca-recursos-poblacion-informacion-mas-4000-centros-20180625135649.html\">El mapa de servicios sociales de Andaluc\u00eda acerca los recursos a la &#8230;<\/a> &#8211; Europa Press<\/p>\n<p><strong>Violencias<\/strong><\/p>\n<p><u><a href=\"https:\/\/www.google.com\/url?rct=j&amp;sa=t&amp;url=https:\/\/www.20minutos.es\/noticia\/3377830\/0\/estudio-sobre-proteccion-judicial-hijos-victimas-violencia-genero-xii-premio-igualdad\/&amp;ct=ga&amp;cd=CAEYBSoSNzA4NjU3MDYxMjU5MDc2Mjk3MhljMDM3MmViYzJmZWFkYTU5OmVzOmVzOkVT&amp;usg=AFQjCNEw2yJCYORBNJl8dLmLEOHE0UCh1A\">Un estudio sobre protecci\u00f3n judicial de hijos de v\u00edctimas de violencia de g\u00e9nero, XII Premio de Igualdad &#8230; <\/a><\/u>&#8211; <a href=\"http:\/\/20minutos.es\">20minutos.es<\/a><\/p>\n<p><a href=\"https:\/\/www.20minutos.es\/noticia\/3378654\/0\/diputacion-instala-senal-contra-violencia-genero-su-lonja-para-ayudar-combatir-esta-lacra\/\">Diputaci\u00f3n de Ja\u00e9n instala una se\u00f1al contra la violencia de g\u00e9nero<em> e<\/em>n su lonja &#8230;<\/a> &#8211;<a href=\"http:\/\/20minutos.es\">20minutos.es<\/a><\/p>\n<p><a href=\"http:\/\/www.elmundo.es\/andalucia\/2018\/06\/25\/5b313a9946163f60ae8b4588.html\">La familia de Sara Correa pide \u00abjusticia\u00bb y que sea v\u00edctima de violencia de g\u00e9nero<\/a> \u2013 El Mundo<\/p>\n<p><a href=\"http:\/\/www.europapress.es\/andalucia\/almeria-00350\/noticia-juicio-almeria-acusado-prender-fuego-pareja-acabar-vida-20180626080318.html\">A juicio en Almer\u00eda acusado de prender fuego a su pareja para acabar &#8230;<\/a> &#8211; Europa Press<\/p>\n<p><strong>Ciencia y Cultura<\/strong><\/p>\n<p><a href=\"https:\/\/www.google.com\/url?sa=t&amp;rct=j&amp;q=&amp;esrc=s&amp;source=newssearch&amp;cd=5&amp;ved=0ahUKEwiJ--f1kfHbAhWDuRQKHay-A4gQqQIIMygAMAQ&amp;url=http%3A%2F%2Fwww.ideal.es%2Fmiugr%2Fdemuestra-cientificamente-mujeres-20180626100719-nt.html&amp;usg=AOvVaw24LhymPJMEPA2Sn9OUzMVI\">La UGR demuestra cient\u00edficamente por qu\u00e9 a las mujeres se les &#8230;<\/a>&#8211; Ideal Digital<\/p>\n<p><a href=\"http:\/\/www.elmundo.es\/papel\/cultura\/2018\/06\/26\/5b30e37622601ded158b45cb.html\">Beatriz Gonz\u00e1lez: \u00abPuede m\u00e1s la marea de la calle que un gobierno con 11 ministras\u00bb<\/a>\u2013 El Mundo<\/p>\n<p><a href=\"https:\/\/www.lavozdelsur.es\/9-hombres-y-0-mujeres-fallan-el-premio-de-novela-del-ateneo-de-sevilla\/\">9 hombres y 0 mujeres fallan el Premio de Novela del Ateneo de Sevilla<\/a> &#8211; La Voz del Sur<\/p>\n<p><a href=\"https:\/\/andaluciainformacion.es\/andalucia\/763040\/india-martinez-halla-haciendo-deporte-un-busto-de-una-diosa-egipcia\/\">India Mart\u00ednez halla, haciendo deporte, un busto de una diosa egipcia<\/a> &#8211; Andaluc\u00eda Informaci\u00f3n<\/p>\n<p><a href=\"https:\/\/www.google.com\/url?sa=t&amp;rct=j&amp;q=&amp;esrc=s&amp;source=newssearch&amp;cd=57&amp;ved=0ahUKEwjJwK2gmfHbAhVCvxQKHUB-B2U4MhCpAgg4KAAwBg&amp;url=http%3A%2F%2Fwww.lavanguardia.com%2Flocal%2Fsevilla%2F20180625%2F45401740335%2Fandalucia-lanza-estoyconmedina-para-apoyar-candidatura-espanola-ante-unesco.html&amp;usg=AOvVaw1E0iQoxI_QOAIdebI-kp7e\">Andaluc\u00eda lanza #EstoyConMedina para apoyar candidatura espa\u00f1ola ante la UNESCO&#8230;<\/a>&#8211; La Vanguardia<\/p>\n<p><strong>Deporte<\/strong><\/p>\n<p><a href=\"https:\/\/as.com\/masdeporte\/2018\/06\/26\/polideportivo\/1530010254_943253.html\">Rienda, secretaria de Estado para el Deporte: \u00abLlego con fortaleza y &#8230;<\/a> &#8211; As<\/p>\n<p><a href=\"https:\/\/andaluciainformacion.es\/el-puerto\/763017\/marta-bejarano-campeona-andaluza-de-mountain-bike-y-carretera\/\">Marta Bejarano, campeona andaluza de mountain bike y carretera<\/a> &#8211; Andaluc\u00eda Informaci\u00f3n<\/p>\n<p><a href=\"http:\/\/www.diariosur.es\/deportes\/futbol\/base-solida-malaga-20180626000604-ntvo.html\">Una base s\u00f3lida para el M\u00e1laga femenino<\/a>&#8211; Sur Digital<\/p>\n<p>[\/toggle]<\/p>\n<p>[toggle type=\u00bbfirst\u00bb title=\u00bbEstado\u00bb]<\/p>\n<p><strong>Institucional<\/strong><\/p>\n<p><a href=\"https:\/\/elpais.com\/politica\/2018\/06\/26\/actualidad\/1529996332_042002.html\">El Congreso vota la ley que garantiza permisos maternidad y paternidad iguales<\/a> \u2013 El Pa\u00eds<\/p>\n<p><a href=\"https:\/\/www.eldiario.es\/sociedad\/Entrevista-Soledad-Murillo_0_786022022.html\">Soledad Murillo, Secretaria de Estado de Igualdad: \u201cEl auto de &#8216;la manada&#8217; delega en las mujeres su propia seguridad: no &#8230;<\/a>&#8211; <a href=\"http:\/\/eldiario.es\">eldiario.es<\/a><\/p>\n<p><strong>Institucional-CCAA<\/strong><\/p>\n<p><u><a href=\"https:\/\/www.google.com\/url?rct=j&amp;sa=t&amp;url=http:\/\/www.lacerca.com\/noticias\/castilla_la_mancha\/regional-convoca-premios-muestra-mujeres-arte-amalia-avia-427132-1.html&amp;ct=ga&amp;cd=CAEYACoTNTI4MTg1MjE3MjM1NjU5MjE1MjIZYzAzNzJlYmMyZmVhZGE1OTplczplczpFUw&amp;usg=AFQjCNHVJ-W52uDEr5uvfNqdRmqxbRlu7Q\">El Gobierno regional convoca los Premios y Muestra Mujeres en el Arte &#8216;Amalia Avia&#8217; <\/a><\/u>&#8211; La Cerca<\/p>\n<p><a href=\"http:\/\/www.elperiodicodearagon.com\/noticias\/aragon\/abierto-plazo-asisitir-escuela-pensamiento-feminista_1293196.html\">Abierto el plazo para asisitir a la Escuela de Pensamiento Feminista<\/a> &#8211; El Peri\u00f3dico de Arag\u00f3n<\/p>\n<p><a href=\"https:\/\/www.catalunyapress.es\/texto-diario\/mostrar\/1121431\/40-mujeres-drogodependientes-catalunya-sufrido-violencia-genero\">\u200bEl 40% de las mujeres drogodependientes en Catalunya ha sufrido violencia de g\u00e9nero &#8230;<\/a> &#8211; Catalunyapress<\/p>\n<p><strong>Econom\u00eda y Empresa<\/strong><\/p>\n<p><a href=\"https:\/\/www.google.com\/url?sa=t&amp;rct=j&amp;q=&amp;esrc=s&amp;source=newssearch&amp;cd=72&amp;ved=0ahUKEwiU7f7llPHbAhXLwBQKHezDBXU4RhCpAggpKAAwAQ&amp;url=http%3A%2F%2Fwww.finanzas.com%2Fnoticias%2Fmercados%2Fbolsas%2F20180625%2Fmujeres-destinan-euros-hombres-3865732.html&amp;usg=AOvVaw3nxoCgA8x3Lbgnwcm0nK-Z\">Las mujeres destinan 800 euros m\u00e1s que los hombres al ahorro &#8230;<\/a>&#8211; Finanzas.com<\/p>\n<p><a href=\"http:\/\/www.publico.es\/sociedad\/trabajadoras-del-016-denuncian-condiciones.html\">Las trabajadoras del 016 denuncian las condiciones de inseguridad en el trabajo<\/a> &#8211; P\u00fablico<\/p>\n<p><a href=\"https:\/\/www.google.com\/url?sa=t&amp;rct=j&amp;q=&amp;esrc=s&amp;source=newssearch&amp;cd=1&amp;ved=0ahUKEwjit7jDl_HbAhWHxxQKHbgVArkQqQIIJygAMAA&amp;url=http%3A%2F%2Fwww.europapress.es%2Fcomunicados%2Fsociedad-00909%2Fnoticia-comunicado-jovenes-espanoles-menos-interesados-sur-europa-emprender-20180626125303.html&amp;usg=AOvVaw0g_2XQxpGgwbNAOzelOtw1\">La juventud espa\u00f1ola, la menos interesada del Sur de Europa en emprender &#8230;<\/a>&#8211; Europa Press<\/p>\n<p><a href=\"https:\/\/www.google.com\/url?sa=t&amp;rct=j&amp;q=&amp;esrc=s&amp;source=newssearch&amp;cd=5&amp;ved=0ahUKEwjwkPmrmPHbAhXIcRQKHdDkDzgQqQIIMygAMAQ&amp;url=https%3A%2F%2Fnoticiasbancarias.com%2Fbancos%2F26%2F06%2F2018%2Fbanco-santander-cierra-una-nueva-edicion-del-programa-de-voluntariado-de-ayuda-a-victimas-de-violencia-de-genero%2F160914.html&amp;usg=AOvVaw2MXa60uRpL_tQaMOis62Pa\">Banco Santander cierra una nueva edici\u00f3n del programa de &#8230;<\/a>&#8211; Noticias Bancarias<\/p>\n<p><strong>Actualidad<\/strong><\/p>\n<p><a href=\"http:\/\/www.elmundo.es\/f5\/descubre\/2018\/06\/26\/5b32010846163fb6b08b45ae.html\">\u00bfPor qu\u00e9 las mujeres tienen m\u00e1s fr\u00edo que los hombres despu\u00e9s de comer?<\/a> \u2013 El Mundo<\/p>\n<p><strong>Ciencia y Cultura<\/strong><\/p>\n<p><a href=\"https:\/\/www.google.com\/url?sa=t&amp;rct=j&amp;q=&amp;esrc=s&amp;source=newssearch&amp;cd=1&amp;ved=0ahUKEwiJ--f1kfHbAhWDuRQKHay-A4gQqQIIJygAMAA&amp;url=http%3A%2F%2Fwww.abc.es%2Fcultura%2Fteatros%2Fabci-centro-dramatico-nacional-escribe-letra-grande-nombre-mujer-201806261146_noticia.html&amp;usg=AOvVaw0TEK1lOSL7P7-p1-kR3Mg3\">El Centro Dram\u00e1tico Nacional escribe \u00abCon letra grande\u00bb el nombre mujer&#8230;<\/a>&#8211; Abc.es<\/p>\n<p><a href=\"https:\/\/www.google.com\/url?rct=j&amp;sa=t&amp;url=https:\/\/www.eldiario.es\/tenerifeahora\/sociedad\/ULL-presenta-Penelope-analisis-migraciones_0_786022359.html&amp;ct=ga&amp;cd=CAEYACoUMTc0OTYzNDMxNDk1NTY3NDM0NTkyGWMwMzcyZWJjMmZlYWRhNTk6ZXM6ZXM6RVM&amp;usg=AFQjCNHlP6P5Of4gGY0rKZbPyhig865BIw\">La ULL presenta el libro &#8216;La odisea de Pen\u00e9lope&#8217;, un an\u00e1lisis con enfoque femenino de las &#8230; <\/a>&#8211; <a href=\"http:\/\/eldiario.es\">eldiario.es<\/a><\/p>\n<p><a href=\"https:\/\/elpais.com\/ccaa\/2018\/06\/25\/madrid\/1529942323_421856.html\">Las olvidadas pioneras del punk<\/a> \u2013 El Pa\u00eds<\/p>\n<p><a href=\"http:\/\/www.publico.es\/tremending\/2018\/06\/25\/paula-bonet-este-no-es-un-linchamiento-hacia-mi-persona-sino-hacia-mi-genero\/\">Paula Bonet: \u00abEste no es un linchamiento hacia mi persona, sino hacia mi g\u00e9nero\u00bb<\/a> \u2013 P\u00fablico<\/p>\n<p><strong>Deporte\u00a0<\/strong><\/p>\n<p><a href=\"http:\/\/www.marca.com\/baloncesto\/mundial-femenino\/2018\/06\/26\/5b3217a9e5fdeaea118b4681.html\">Jorge Garbajosa: \u00abEl Mundial femenino va a ser un \u00e9xito en todos los &#8230;<\/a> &#8211; Marca.com<\/p>\n<p>[\/toggle]<\/p>\n<p>[toggle type=\u00bbfirst\u00bb title=\u00bbInternacional\u00bb]<\/p>\n<p><a href=\"https:\/\/gestion.pe\/economia\/empresas\/mujeres-tecnologia-logran-victorias-simbolicas-236754\">Mujeres en tecnolog\u00eda logran victorias simb\u00f3licas<\/a> &#8211; Diario Gesti\u00f3n<\/p>\n<p><a href=\"https:\/\/www.elvocero.com\/economia\/nueva-plataforma-impulsa-el-desarrollo-de-las-empresarias\/article_7582bc70-7873-11e8-9aa0-d7d1e5635e5e.html\">Nueva plataforma impulsa el desarrollo de las empresaria<em>s<\/em><\/a> &#8211; El Vocero de Puerto Rico<\/p>\n<p><a href=\"https:\/\/www.google.com\/url?sa=t&amp;rct=j&amp;q=&amp;esrc=s&amp;source=newssearch&amp;cd=28&amp;ved=0ahUKEwjmsLGaj_HbAhUEyRQKHTDcD0E4FBCpAgg6KAAwBw&amp;url=http%3A%2F%2Fwww.montevideo.com.uy%2FMujer%2FPremio-Womanity-proyecto-uruguayo-de-creacion-de-ciudades-mas-seguras-para-las-mujeres-es-finalista-uc687187&amp;usg=AOvVaw0a_71pVhWBRa2KzOxWO9eZ\">Premio Womanity: proyecto uruguayo de creaci\u00f3n de ciudades m\u00e1s seguras para las mujeres&#8230;<\/a>&#8211; Montevideo Portal<\/p>\n<p><a href=\"https:\/\/www.andes.info.ec\/es\/noticias\/deportes\/7\/onu-mujeres-rusia\">ONU Mujeres repudia los enga\u00f1os y agresiones de g\u00e9nero en Rusia<\/a> &#8211; Agencia P\u00fablica<\/p>\n<p>[\/toggle]<\/p><\/div>\n<\/div>\n<\/div>\n<\/div>\n<\/div>\n<\/div>\n","protected":false},"excerpt":{"rendered":"<p>Congreso vota Ley de permisos de maternidad y paternidad iguales-Las <a href=\"https:\/\/cklcomunicaciones.es\/coop\/noticias-info-ckl-no-2-157-25-06-18\/\">[&#8230;]<\/a><\/p>\n","protected":false},"author":3,"featured_media":0,"comment_status":"closed","ping_status":"closed","sticky":false,"template":"","format":"standard","meta":{"footnotes":""},"categories":[298,623],"tags":[],"class_list":["post-14037","post","type-post","status-publish","format-standard","hentry","category-newsletter","category-nwl-2-0"],"yoast_head":"<!-- This site is optimized with the Yoast SEO plugin v27.5 - https:\/\/yoast.com\/product\/yoast-seo-wordpress\/ -->\n<title>Noticias Info CKL n\u00ba 2.157-26\/06\/18-Comunica con perspectiva de g\u00e9nero<\/title>\n<meta name=\"description\" content=\"Comunicar con perspectiva de g\u00e9nero: El Congreso vota Ley de permisos de maternidad y paternidad iguales-Las mujeres destinan 800\u20ac m\u00e1s que los hombres al ahorro-Beatriz Gonz\u00e1lez (Almaclara):&quot;Puede m\u00e1s la marea de la calle que un gobierno con 11 ministras&quot;\" \/>\n<meta name=\"robots\" content=\"index, follow, max-snippet:-1, max-image-preview:large, max-video-preview:-1\" \/>\n<link rel=\"canonical\" href=\"https:\/\/cklcomunicaciones.es\/coop\/noticias-info-ckl-no-2-157-25-06-18\/\" \/>\n<meta property=\"og:locale\" content=\"es_ES\" \/>\n<meta property=\"og:type\" content=\"article\" \/>\n<meta property=\"og:title\" content=\"Noticias Info CKL n\u00ba 2.157-26\/06\/18-Comunica con perspectiva de g\u00e9nero\" \/>\n<meta property=\"og:description\" content=\"Comunicar con perspectiva de g\u00e9nero: El Congreso vota Ley de permisos de maternidad y paternidad iguales-Las mujeres destinan 800\u20ac m\u00e1s que los hombres al ahorro-Beatriz Gonz\u00e1lez (Almaclara):&quot;Puede m\u00e1s la marea de la calle que un gobierno con 11 ministras&quot;\" \/>\n<meta property=\"og:url\" content=\"https:\/\/cklcomunicaciones.es\/coop\/noticias-info-ckl-no-2-157-25-06-18\/\" \/>\n<meta property=\"og:site_name\" content=\"CKL Comunicaciones\" \/>\n<meta property=\"article:published_time\" content=\"2018-06-26T11:45:43+00:00\" \/>\n<meta property=\"article:modified_time\" content=\"2025-01-17T15:40:45+00:00\" \/>\n<meta property=\"og:image\" content=\"https:\/\/cklcomunicaciones.es\/coop\/wp-content\/uploads\/2018\/03\/CKL_comunicacion-con-perspetiva-de-genero.jpg\" \/>\n\t<meta property=\"og:image:width\" content=\"500\" \/>\n\t<meta property=\"og:image:height\" content=\"500\" \/>\n\t<meta property=\"og:image:type\" content=\"image\/jpeg\" \/>\n<meta name=\"author\" content=\"ckl\" \/>\n<meta name=\"twitter:card\" content=\"summary_large_image\" \/>\n<meta name=\"twitter:label1\" content=\"Escrito por\" \/>\n\t<meta name=\"twitter:data1\" content=\"ckl\" \/>\n\t<meta name=\"twitter:label2\" content=\"Tiempo de lectura\" \/>\n\t<meta name=\"twitter:data2\" content=\"4 minutos\" \/>\n<script type=\"application\/ld+json\" class=\"yoast-schema-graph\">{\"@context\":\"https:\\\/\\\/schema.org\",\"@graph\":[{\"@type\":\"Article\",\"@id\":\"https:\\\/\\\/cklcomunicaciones.es\\\/coop\\\/noticias-info-ckl-no-2-157-25-06-18\\\/#article\",\"isPartOf\":{\"@id\":\"https:\\\/\\\/cklcomunicaciones.es\\\/coop\\\/noticias-info-ckl-no-2-157-25-06-18\\\/\"},\"author\":{\"name\":\"ckl\",\"@id\":\"https:\\\/\\\/cklcomunicaciones.es\\\/coop\\\/#\\\/schema\\\/person\\\/929a6837f7626450bbb50cee1aef266e\"},\"headline\":\"Noticias Info CKL n\u00ba 2.157-26\\\/06\\\/18\",\"datePublished\":\"2018-06-26T11:45:43+00:00\",\"dateModified\":\"2025-01-17T15:40:45+00:00\",\"mainEntityOfPage\":{\"@id\":\"https:\\\/\\\/cklcomunicaciones.es\\\/coop\\\/noticias-info-ckl-no-2-157-25-06-18\\\/\"},\"wordCount\":839,\"image\":{\"@id\":\"https:\\\/\\\/cklcomunicaciones.es\\\/coop\\\/noticias-info-ckl-no-2-157-25-06-18\\\/#primaryimage\"},\"thumbnailUrl\":\"http:\\\/\\\/www.cklcomunicaciones.es\\\/wp-content\\\/uploads\\\/2018\\\/03\\\/CKL_comunicacion-con-perspetiva-de-genero-300x300.jpg\",\"articleSection\":[\"Newsletter\",\"Nwl v2.0\"],\"inLanguage\":\"es\"},{\"@type\":\"WebPage\",\"@id\":\"https:\\\/\\\/cklcomunicaciones.es\\\/coop\\\/noticias-info-ckl-no-2-157-25-06-18\\\/\",\"url\":\"https:\\\/\\\/cklcomunicaciones.es\\\/coop\\\/noticias-info-ckl-no-2-157-25-06-18\\\/\",\"name\":\"Noticias Info CKL n\u00ba 2.157-26\\\/06\\\/18-Comunica con perspectiva de g\u00e9nero\",\"isPartOf\":{\"@id\":\"https:\\\/\\\/cklcomunicaciones.es\\\/coop\\\/#website\"},\"primaryImageOfPage\":{\"@id\":\"https:\\\/\\\/cklcomunicaciones.es\\\/coop\\\/noticias-info-ckl-no-2-157-25-06-18\\\/#primaryimage\"},\"image\":{\"@id\":\"https:\\\/\\\/cklcomunicaciones.es\\\/coop\\\/noticias-info-ckl-no-2-157-25-06-18\\\/#primaryimage\"},\"thumbnailUrl\":\"http:\\\/\\\/www.cklcomunicaciones.es\\\/wp-content\\\/uploads\\\/2018\\\/03\\\/CKL_comunicacion-con-perspetiva-de-genero-300x300.jpg\",\"datePublished\":\"2018-06-26T11:45:43+00:00\",\"dateModified\":\"2025-01-17T15:40:45+00:00\",\"author\":{\"@id\":\"https:\\\/\\\/cklcomunicaciones.es\\\/coop\\\/#\\\/schema\\\/person\\\/929a6837f7626450bbb50cee1aef266e\"},\"description\":\"Comunicar con perspectiva de g\u00e9nero: El Congreso vota Ley de permisos de maternidad y paternidad iguales-Las mujeres destinan 800\u20ac m\u00e1s que los hombres al ahorro-Beatriz Gonz\u00e1lez (Almaclara):\\\"Puede m\u00e1s la marea de la calle que un gobierno con 11 ministras\\\"\",\"breadcrumb\":{\"@id\":\"https:\\\/\\\/cklcomunicaciones.es\\\/coop\\\/noticias-info-ckl-no-2-157-25-06-18\\\/#breadcrumb\"},\"inLanguage\":\"es\",\"potentialAction\":[{\"@type\":\"ReadAction\",\"target\":[\"https:\\\/\\\/cklcomunicaciones.es\\\/coop\\\/noticias-info-ckl-no-2-157-25-06-18\\\/\"]}]},{\"@type\":\"ImageObject\",\"inLanguage\":\"es\",\"@id\":\"https:\\\/\\\/cklcomunicaciones.es\\\/coop\\\/noticias-info-ckl-no-2-157-25-06-18\\\/#primaryimage\",\"url\":\"http:\\\/\\\/www.cklcomunicaciones.es\\\/wp-content\\\/uploads\\\/2018\\\/03\\\/CKL_comunicacion-con-perspetiva-de-genero-300x300.jpg\",\"contentUrl\":\"http:\\\/\\\/www.cklcomunicaciones.es\\\/wp-content\\\/uploads\\\/2018\\\/03\\\/CKL_comunicacion-con-perspetiva-de-genero-300x300.jpg\"},{\"@type\":\"BreadcrumbList\",\"@id\":\"https:\\\/\\\/cklcomunicaciones.es\\\/coop\\\/noticias-info-ckl-no-2-157-25-06-18\\\/#breadcrumb\",\"itemListElement\":[{\"@type\":\"ListItem\",\"position\":1,\"name\":\"Portada\",\"item\":\"https:\\\/\\\/cklcomunicaciones.es\\\/coop\\\/\"},{\"@type\":\"ListItem\",\"position\":2,\"name\":\"Noticias Info CKL n\u00ba 2.157-26\\\/06\\\/18\"}]},{\"@type\":\"WebSite\",\"@id\":\"https:\\\/\\\/cklcomunicaciones.es\\\/coop\\\/#website\",\"url\":\"https:\\\/\\\/cklcomunicaciones.es\\\/coop\\\/\",\"name\":\"CKL Comunicaciones\",\"description\":\"Sitio web de CKL Comunicaciones coop , la consultora de comunicaci\u00f3n y estrategia\",\"potentialAction\":[{\"@type\":\"SearchAction\",\"target\":{\"@type\":\"EntryPoint\",\"urlTemplate\":\"https:\\\/\\\/cklcomunicaciones.es\\\/coop\\\/?s={search_term_string}\"},\"query-input\":{\"@type\":\"PropertyValueSpecification\",\"valueRequired\":true,\"valueName\":\"search_term_string\"}}],\"inLanguage\":\"es\"},{\"@type\":\"Person\",\"@id\":\"https:\\\/\\\/cklcomunicaciones.es\\\/coop\\\/#\\\/schema\\\/person\\\/929a6837f7626450bbb50cee1aef266e\",\"name\":\"ckl\",\"image\":{\"@type\":\"ImageObject\",\"inLanguage\":\"es\",\"@id\":\"https:\\\/\\\/secure.gravatar.com\\\/avatar\\\/c82db564e8a669bf6023357a157b9dc4780f4d4c618f2ad1d71a6a5dede45057?s=96&d=mm&r=g\",\"url\":\"https:\\\/\\\/secure.gravatar.com\\\/avatar\\\/c82db564e8a669bf6023357a157b9dc4780f4d4c618f2ad1d71a6a5dede45057?s=96&d=mm&r=g\",\"contentUrl\":\"https:\\\/\\\/secure.gravatar.com\\\/avatar\\\/c82db564e8a669bf6023357a157b9dc4780f4d4c618f2ad1d71a6a5dede45057?s=96&d=mm&r=g\",\"caption\":\"ckl\"},\"url\":\"https:\\\/\\\/cklcomunicaciones.es\\\/coop\\\/author\\\/cklcomunicaciones\\\/\"}]}<\/script>\n<!-- \/ Yoast SEO plugin. -->","yoast_head_json":{"title":"Noticias Info CKL n\u00ba 2.157-26\/06\/18-Comunica con perspectiva de g\u00e9nero","description":"Comunicar con perspectiva de g\u00e9nero: El Congreso vota Ley de permisos de maternidad y paternidad iguales-Las mujeres destinan 800\u20ac m\u00e1s que los hombres al ahorro-Beatriz Gonz\u00e1lez (Almaclara):\"Puede m\u00e1s la marea de la calle que un gobierno con 11 ministras\"","robots":{"index":"index","follow":"follow","max-snippet":"max-snippet:-1","max-image-preview":"max-image-preview:large","max-video-preview":"max-video-preview:-1"},"canonical":"https:\/\/cklcomunicaciones.es\/coop\/noticias-info-ckl-no-2-157-25-06-18\/","og_locale":"es_ES","og_type":"article","og_title":"Noticias Info CKL n\u00ba 2.157-26\/06\/18-Comunica con perspectiva de g\u00e9nero","og_description":"Comunicar con perspectiva de g\u00e9nero: El Congreso vota Ley de permisos de maternidad y paternidad iguales-Las mujeres destinan 800\u20ac m\u00e1s que los hombres al ahorro-Beatriz Gonz\u00e1lez (Almaclara):\"Puede m\u00e1s la marea de la calle que un gobierno con 11 ministras\"","og_url":"https:\/\/cklcomunicaciones.es\/coop\/noticias-info-ckl-no-2-157-25-06-18\/","og_site_name":"CKL Comunicaciones","article_published_time":"2018-06-26T11:45:43+00:00","article_modified_time":"2025-01-17T15:40:45+00:00","og_image":[{"width":500,"height":500,"url":"https:\/\/cklcomunicaciones.es\/coop\/wp-content\/uploads\/2018\/03\/CKL_comunicacion-con-perspetiva-de-genero.jpg","type":"image\/jpeg"}],"author":"ckl","twitter_card":"summary_large_image","twitter_misc":{"Escrito por":"ckl","Tiempo de lectura":"4 minutos"},"schema":{"@context":"https:\/\/schema.org","@graph":[{"@type":"Article","@id":"https:\/\/cklcomunicaciones.es\/coop\/noticias-info-ckl-no-2-157-25-06-18\/#article","isPartOf":{"@id":"https:\/\/cklcomunicaciones.es\/coop\/noticias-info-ckl-no-2-157-25-06-18\/"},"author":{"name":"ckl","@id":"https:\/\/cklcomunicaciones.es\/coop\/#\/schema\/person\/929a6837f7626450bbb50cee1aef266e"},"headline":"Noticias Info CKL n\u00ba 2.157-26\/06\/18","datePublished":"2018-06-26T11:45:43+00:00","dateModified":"2025-01-17T15:40:45+00:00","mainEntityOfPage":{"@id":"https:\/\/cklcomunicaciones.es\/coop\/noticias-info-ckl-no-2-157-25-06-18\/"},"wordCount":839,"image":{"@id":"https:\/\/cklcomunicaciones.es\/coop\/noticias-info-ckl-no-2-157-25-06-18\/#primaryimage"},"thumbnailUrl":"http:\/\/www.cklcomunicaciones.es\/wp-content\/uploads\/2018\/03\/CKL_comunicacion-con-perspetiva-de-genero-300x300.jpg","articleSection":["Newsletter","Nwl v2.0"],"inLanguage":"es"},{"@type":"WebPage","@id":"https:\/\/cklcomunicaciones.es\/coop\/noticias-info-ckl-no-2-157-25-06-18\/","url":"https:\/\/cklcomunicaciones.es\/coop\/noticias-info-ckl-no-2-157-25-06-18\/","name":"Noticias Info CKL n\u00ba 2.157-26\/06\/18-Comunica con perspectiva de g\u00e9nero","isPartOf":{"@id":"https:\/\/cklcomunicaciones.es\/coop\/#website"},"primaryImageOfPage":{"@id":"https:\/\/cklcomunicaciones.es\/coop\/noticias-info-ckl-no-2-157-25-06-18\/#primaryimage"},"image":{"@id":"https:\/\/cklcomunicaciones.es\/coop\/noticias-info-ckl-no-2-157-25-06-18\/#primaryimage"},"thumbnailUrl":"http:\/\/www.cklcomunicaciones.es\/wp-content\/uploads\/2018\/03\/CKL_comunicacion-con-perspetiva-de-genero-300x300.jpg","datePublished":"2018-06-26T11:45:43+00:00","dateModified":"2025-01-17T15:40:45+00:00","author":{"@id":"https:\/\/cklcomunicaciones.es\/coop\/#\/schema\/person\/929a6837f7626450bbb50cee1aef266e"},"description":"Comunicar con perspectiva de g\u00e9nero: El Congreso vota Ley de permisos de maternidad y paternidad iguales-Las mujeres destinan 800\u20ac m\u00e1s que los hombres al ahorro-Beatriz Gonz\u00e1lez (Almaclara):\"Puede m\u00e1s la marea de la calle que un gobierno con 11 ministras\"","breadcrumb":{"@id":"https:\/\/cklcomunicaciones.es\/coop\/noticias-info-ckl-no-2-157-25-06-18\/#breadcrumb"},"inLanguage":"es","potentialAction":[{"@type":"ReadAction","target":["https:\/\/cklcomunicaciones.es\/coop\/noticias-info-ckl-no-2-157-25-06-18\/"]}]},{"@type":"ImageObject","inLanguage":"es","@id":"https:\/\/cklcomunicaciones.es\/coop\/noticias-info-ckl-no-2-157-25-06-18\/#primaryimage","url":"http:\/\/www.cklcomunicaciones.es\/wp-content\/uploads\/2018\/03\/CKL_comunicacion-con-perspetiva-de-genero-300x300.jpg","contentUrl":"http:\/\/www.cklcomunicaciones.es\/wp-content\/uploads\/2018\/03\/CKL_comunicacion-con-perspetiva-de-genero-300x300.jpg"},{"@type":"BreadcrumbList","@id":"https:\/\/cklcomunicaciones.es\/coop\/noticias-info-ckl-no-2-157-25-06-18\/#breadcrumb","itemListElement":[{"@type":"ListItem","position":1,"name":"Portada","item":"https:\/\/cklcomunicaciones.es\/coop\/"},{"@type":"ListItem","position":2,"name":"Noticias Info CKL n\u00ba 2.157-26\/06\/18"}]},{"@type":"WebSite","@id":"https:\/\/cklcomunicaciones.es\/coop\/#website","url":"https:\/\/cklcomunicaciones.es\/coop\/","name":"CKL Comunicaciones","description":"Sitio web de CKL Comunicaciones coop , la consultora de comunicaci\u00f3n y estrategia","potentialAction":[{"@type":"SearchAction","target":{"@type":"EntryPoint","urlTemplate":"https:\/\/cklcomunicaciones.es\/coop\/?s={search_term_string}"},"query-input":{"@type":"PropertyValueSpecification","valueRequired":true,"valueName":"search_term_string"}}],"inLanguage":"es"},{"@type":"Person","@id":"https:\/\/cklcomunicaciones.es\/coop\/#\/schema\/person\/929a6837f7626450bbb50cee1aef266e","name":"ckl","image":{"@type":"ImageObject","inLanguage":"es","@id":"https:\/\/secure.gravatar.com\/avatar\/c82db564e8a669bf6023357a157b9dc4780f4d4c618f2ad1d71a6a5dede45057?s=96&d=mm&r=g","url":"https:\/\/secure.gravatar.com\/avatar\/c82db564e8a669bf6023357a157b9dc4780f4d4c618f2ad1d71a6a5dede45057?s=96&d=mm&r=g","contentUrl":"https:\/\/secure.gravatar.com\/avatar\/c82db564e8a669bf6023357a157b9dc4780f4d4c618f2ad1d71a6a5dede45057?s=96&d=mm&r=g","caption":"ckl"},"url":"https:\/\/cklcomunicaciones.es\/coop\/author\/cklcomunicaciones\/"}]}},"_links":{"self":[{"href":"https:\/\/cklcomunicaciones.es\/coop\/wp-json\/wp\/v2\/posts\/14037","targetHints":{"allow":["GET"]}}],"collection":[{"href":"https:\/\/cklcomunicaciones.es\/coop\/wp-json\/wp\/v2\/posts"}],"about":[{"href":"https:\/\/cklcomunicaciones.es\/coop\/wp-json\/wp\/v2\/types\/post"}],"author":[{"embeddable":true,"href":"https:\/\/cklcomunicaciones.es\/coop\/wp-json\/wp\/v2\/users\/3"}],"replies":[{"embeddable":true,"href":"https:\/\/cklcomunicaciones.es\/coop\/wp-json\/wp\/v2\/comments?post=14037"}],"version-history":[{"count":0,"href":"https:\/\/cklcomunicaciones.es\/coop\/wp-json\/wp\/v2\/posts\/14037\/revisions"}],"wp:attachment":[{"href":"https:\/\/cklcomunicaciones.es\/coop\/wp-json\/wp\/v2\/media?parent=14037"}],"wp:term":[{"taxonomy":"category","embeddable":true,"href":"https:\/\/cklcomunicaciones.es\/coop\/wp-json\/wp\/v2\/categories?post=14037"},{"taxonomy":"post_tag","embeddable":true,"href":"https:\/\/cklcomunicaciones.es\/coop\/wp-json\/wp\/v2\/tags?post=14037"}],"curies":[{"name":"wp","href":"https:\/\/api.w.org\/{rel}","templated":true}]}}