{"id":14022,"date":"2018-06-21T13:19:30","date_gmt":"2018-06-21T11:19:30","guid":{"rendered":"http:\/\/www.cklcomunicaciones.es\/?p=14022"},"modified":"2025-01-17T16:40:46","modified_gmt":"2025-01-17T15:40:46","slug":"noticias-info-ckl-no-2-153-21-06-18","status":"publish","type":"post","link":"https:\/\/cklcomunicaciones.es\/coop\/noticias-info-ckl-no-2-153-21-06-18\/","title":{"rendered":"Noticias Info CKL n\u00ba 2.153-21\/06\/18"},"content":{"rendered":"<div id=\"pl-14022\"  class=\"panel-layout\" >\n<div id=\"pg-14022-0\"  class=\"panel-grid panel-no-style\"  data-style=\"{&quot;background_image_attachment&quot;:false,&quot;background_display&quot;:&quot;tile&quot;,&quot;lsow_dark_bg&quot;:&quot;&quot;,&quot;cell_alignment&quot;:&quot;flex-start&quot;}\" >\n<div id=\"pgc-14022-0-0\"  class=\"panel-grid-cell\"  data-weight=\"1\" >\n<div id=\"panel-14022-0-0-0\" class=\"so-panel widget widget_sow-editor panel-first-child panel-last-child\" data-index=\"0\" data-style=\"{&quot;background_image_attachment&quot;:false,&quot;background_display&quot;:&quot;tile&quot;}\" >\n<div class=\"so-widget-sow-editor so-widget-sow-editor-base\">\n<div class=\"siteorigin-widget-tinymce textwidget\">\n<p><img decoding=\"async\" class=\"lazyload  wp-image-13726\" src=\"http:\/\/www.cklcomunicaciones.es\/wp-content\/uploads\/2018\/03\/CKL_comunicacion-con-perspetiva-de-genero-300x300.jpg\" data-orig-src=\"http:\/\/www.cklcomunicaciones.es\/wp-content\/uploads\/2018\/03\/CKL_comunicacion-con-perspetiva-de-genero-300x300.jpg\" alt=\"CKL_comunicacion con perspetiva de genero\" width=\"132\" height=\"132\" srcset=\"data:image\/svg+xml,%3Csvg%20xmlns%3D%27http%3A%2F%2Fwww.w3.org%2F2000%2Fsvg%27%20width%3D%27132%27%20height%3D%27132%27%20viewBox%3D%270%200%20132%20132%27%3E%3Crect%20width%3D%27132%27%20height%3D%27132%27%20fill-opacity%3D%220%22%2F%3E%3C%2Fsvg%3E\" data-srcset=\"https:\/\/cklcomunicaciones.es\/coop\/wp-content\/uploads\/2018\/03\/CKL_comunicacion-con-perspetiva-de-genero-150x150.jpg 150w, https:\/\/cklcomunicaciones.es\/coop\/wp-content\/uploads\/2018\/03\/CKL_comunicacion-con-perspetiva-de-genero-300x300.jpg 300w, https:\/\/cklcomunicaciones.es\/coop\/wp-content\/uploads\/2018\/03\/CKL_comunicacion-con-perspetiva-de-genero-450x450.jpg 450w, https:\/\/cklcomunicaciones.es\/coop\/wp-content\/uploads\/2018\/03\/CKL_comunicacion-con-perspetiva-de-genero.jpg 500w\" data-sizes=\"auto\" data-orig-sizes=\"(max-width: 132px) 100vw, 132px\" \/><\/p>\n<p id=\":1tg\" class=\"hP\" tabindex=\"-1\" data-thread-perm-id=\"163fdd9de9269c3b\" data-legacy-thread-id=\"163fdd9de9269c3b\"><strong>Hacienda estudia bajar el IVA a los productos de higiene \u00edntima femenina-La desigualdad salarial desde la adolescencia-Menos musas y m\u00e1s creadoras en Mulafest-Silvia Fern\u00e1ndez, Premio Internacional Mare Nostrum<\/strong><\/p>\n<p>[toggle type=\u00bbfirst\u00bb title=\u00bbConvocatorias\u00bb]<\/p>\n<ul>\n<li><a href=\"http:\/\/Delegaci%C3%B3n+de+Igualdad,%20Juventud%20y%20Relaciones%20con%20la%20Comunidad%20Universitaria%20del%20Excmo.%20Ayuntamiento%20de%20Sevilla,\">Jornada sobre la Historia del Movimiento LGTBI<\/a>. Delegaci\u00f3n de Igualdad, Juventud y Relaciones con la Comunidad Universitaria del Ayuntamiento de Sevilla. 21 y 22 de junio<\/li>\n<li><a href=\"http:\/\/www.juntadeandalucia.es\/iam\/catalogo\/doc\/convocatorias\/2018-genero\/CO-exposicion-femitopias.jpg\">Exposici\u00f3n &#8216;Femitop\u00edas: mujeres, feminismo y cultura visual&#8217;, comisariada por Margarita Aizpuru<\/a>. Centro Rafael Bot\u00ed de C\u00f3rdoba. Del 21 de junio al 16 de septiembre de 2018. Inauguraci\u00f3n 21 de junio, 19:30h. y performance &#8216;Art Now&#8217; de Ver\u00f3nica Ruth Fr\u00edas 20:30 h.<\/li>\n<li><a href=\"http:\/\/www.juntadeandalucia.es\/iam\/catalogo\/doc\/convocatorias\/2018-genero\/SE-flamenco-sin-hijxs.pdf\">Espect\u00e1culo flamenco &#8216;Sin hij@s&#8217;<\/a>. 24 de junio de 2018<\/li>\n<li><a href=\"http:\/\/www.juntadeandalucia.es\/iam\/catalogo\/doc\/convocatorias\/2018-genero\/SE-empodamiento-por-radio-comunitaria.jpg\">Estreno del documental &#8216;El empoderamiento de las mujeres mediante la radio comunitaria en el Pol\u00edgono Sur&#8217;, de Elisabet G\u00f3mez Betanzos<\/a>. Residencia Universitaria Flora Trist\u00e1n de la Universidad Pablo de Olavide (C\/Residencia de Estudiantes, s\/n. Pol\u00edgono Sur). 28 de junio de 2018<\/li>\n<\/ul>\n<p>[\/toggle]<\/p>\n<p>[toggle type=\u00bbfirst\u00bb title=\u00bbComunicaci\u00f3n\u00bb]<\/p>\n<p><a href=\"http:\/\/www.elmundo.es\/economia\/2018\/06\/20\/5b2a0e3f268e3eae2a8b4674.html\">La periodista de El Mundo, Silvia Fern\u00e1ndez, galardonada con el Premio Internacional Mare Nostrum<\/a>&#8211; El Mundo<\/p>\n<p><a href=\"http:\/\/www.elmundo.es\/television\/2018\/06\/20\/5b2aabf2268e3e3f3f8b45fd.html\">Los periodistas homenajean a su compa\u00f1era Elsa Gonz\u00e1lez<\/a>&#8211; El Mundo<\/p>\n<p><a href=\"https:\/\/expreso.press\/2018\/06\/20\/burger-king-se-disculpa-por-campana-sexista-en-rusia\/\">Burger King se disculpa por campa\u00f1a sexista en Rusia<\/a>&#8211; Expreso<\/p>\n<p><a href=\"https:\/\/www.google.com\/url?sa=t&amp;rct=j&amp;q=&amp;esrc=s&amp;source=newssearch&amp;cd=6&amp;cad=rja&amp;uact=8&amp;ved=0ahUKEwilyI2TyOTbAhUhOsAKHfDvDC8QqQIINigAMAU&amp;url=https%3A%2F%2Ftoledodiario.es%2Fsuspendida-la-fiesta-normalizaba-la-violencia-las-mujeres%2F&amp;usg=AOvVaw0dPB9473mUckgDZJDxmBRE\">Suspendida la \u201cdenigrante\u201d fiesta contra las mujeres en Mora<\/a>&#8211; Toledodiario<\/p>\n<p><a href=\"https:\/\/www.unocero.com\/noticias\/redes-sociales\/las-mujeres-son-mas-productivas-y-se-benefician-mas-de-facebook-que-los-hombres\/\">Las mujeres son m\u00e1s productivas y se benefician m\u00e1s de Facebook &#8230;<\/a>-unocero<\/p>\n<p><a href=\"http:\/\/www.elmundo.es\/tecnologia\/2018\/06\/21\/5b2ae6a622601d8c408b45e7.html\">Homepod vs Google Home, asistentes de andar por casa<\/a> \u2013 El Mundo<\/p>\n<p>[\/toggle]<\/p>\n<p>[toggle type=\u00bbfirst\u00bb title=\u00bbAndaluc\u00eda\u00bb]<\/p>\n<p><strong>Institucional<\/strong><\/p>\n<p><a href=\"http:\/\/elcorreoweb.es\/andalucia\/la-junta-rechaza-aplazar-la-nueva-financiacion-y-los-pactos-bilaterales-IB4289864\">La Junta rechaza aplazar la nueva financiaci\u00f3n y los pactos bilaterales<\/a> &#8211;<a href=\"http:\/\/elcorreoweb.es\">elcorreoweb.es<\/a><\/p>\n<p><a href=\"http:\/\/ecodiario.eleconomista.es\/espana\/noticias\/9222013\/06\/18\/La-futura-Ley-de-Juventud-supera-el-debate-de-totalidad-en-el-Parlamento-al-rechazarse-la-enmienda-del-PPA.html\">La futura Ley de Juventud supera el debate de totalidad en el Parlamento &#8230;<\/a> &#8211; Ecodiario<\/p>\n<p>&nbsp;<\/p>\n<p><strong>Econom\u00eda y Empresas<\/strong><\/p>\n<p><a href=\"https:\/\/www.google.com\/url?sa=t&amp;rct=j&amp;q=&amp;esrc=s&amp;source=newssearch&amp;cd=8&amp;ved=0ahUKEwi3uva6yOTbAhWpKsAKHeh6DqQQqQIIPCgAMAc&amp;url=https%3A%2F%2Fwww.diariodesevilla.es%2Faquilaprovincia%2FEspoban-emprendedores-inversores-pymes-Portugal-economia_0_1256275022.html&amp;usg=AOvVaw2XB1oEfLphFg0gqHkWMqi2\">&#8216;Espoban&#8217; o c\u00f3mo poner en contacto a emprendedores con inversores &#8230;<\/a>&#8211; Diario de Sevilla<\/p>\n<p><a href=\"https:\/\/www.20minutos.es\/noticia\/3373801\/0\/junta-respalda-granada-creacion-71-nuevas-empresas-lideradas-por-jovenes\/\">La Junta respalda en Granada la creaci\u00f3n de 71 nuevas empresas &#8230;<\/a> &#8211; <a href=\"http:\/\/20minutos.es\">20minutos.es<\/a><\/p>\n<p><a href=\"https:\/\/www.google.com\/url?sa=t&amp;rct=j&amp;q=&amp;esrc=s&amp;source=newssearch&amp;cd=12&amp;ved=0ahUKEwjkoqroxeTbAhXEccAKHVOoANo4ChCpAggpKAAwAQ&amp;url=http%3A%2F%2Fwww.europapress.es%2Fandalucia%2Fmalaga-00356%2Fnoticia-diputacion-malaga-destina-270000-euros-fomentar-emprendimiento-municipios-menores-20000-habitantes-20180620134948.html&amp;usg=AOvVaw2kS0-vcFlw0jobx69IQrb8\">La Diputaci\u00f3n de M\u00e1laga destina 270.000 euros para fomentar el emprendimiento&#8230;<\/a>&#8211; Europa Press<\/p>\n<p><a href=\"http:\/\/elcorreoweb.es\/economia\/casi-un-30-de-los-andaluces-no-consigue-ahorrar-nada-a-final-de-mes-MJ4290428\">Casi un 30% de los andaluces no consigue ahorrar absolutamente nada a fin de mes<\/a> \u2013 El Correo de Andaluc\u00eda<\/p>\n<p>&nbsp;<\/p>\n<p><strong>Actualidad<\/strong><\/p>\n<p><a href=\"https:\/\/www.google.com\/url?sa=t&amp;rct=j&amp;q=&amp;esrc=s&amp;source=newssearch&amp;cd=3&amp;ved=0ahUKEwiGz5Xiv-TbAhXFJMAKHVO-BsYQqQIILSgAMAI&amp;url=http%3A%2F%2Fsevilla.abc.es%2Fandalucia%2Fcordoba%2Fsevi-republica-independiente-apartamenta-201806210823_noticia.html&amp;usg=AOvVaw2bEr-b0DPr2pW-OTu8b3tY\">La rep\u00fablica independiente de mi \u00abapartamenta\u00bb<\/a>&#8211; <a href=\"http:\/\/abcdesevilla.es\">abcdesevilla.es<\/a><\/p>\n<p><a href=\"https:\/\/www.google.com\/url?sa=t&amp;rct=j&amp;q=&amp;esrc=s&amp;source=newssearch&amp;cd=24&amp;cad=rja&amp;uact=8&amp;ved=0ahUKEwiH9ff8vuTbAhWCXMAKHVWdA1s4FBCpAgguKAAwAw&amp;url=https%3A%2F%2Fwww.malagahoy.es%2Fmalaga_interior%2Finstituto-entrega-estudio-visibilizar-callejero_0_1256574596.html&amp;usg=AOvVaw19fqolFMNKhUEptYSXeHno\">Un instituto entrega un estudio para visibilizar a la mujer en el callejero<\/a> -M\u00e1laga Hoy<\/p>\n<p><a href=\"https:\/\/www.google.com\/url?sa=t&amp;rct=j&amp;q=&amp;esrc=s&amp;source=newssearch&amp;cd=4&amp;ved=0ahUKEwj8zZLsx-TbAhVJDMAKHaIbCKgQqQIILygAMAM&amp;url=http%3A%2F%2Fwww.diariosur.es%2Finterior%2Fnace-pacto-edificio-20180621000251-ntvo.html&amp;usg=AOvVaw0U-9cdQvMKY24EyzY2vvu5\">Nace el &#8216;Pacto Edificio La Huerta&#8217; por la igualdad de g\u00e9nero en el &#8230;<\/a>&#8211; Sur Digital<\/p>\n<p><a href=\"https:\/\/www.google.com\/url?sa=t&amp;rct=j&amp;q=&amp;esrc=s&amp;source=newssearch&amp;cd=1&amp;ved=0ahUKEwjJiue6weTbAhXRa8AKHSOWCE0QqQIIJygAMAA&amp;url=http%3A%2F%2Fwww.europapress.es%2Fandalucia%2Fnoticia-estudio-confirma-alcohol-tabaco-sedentarismo-principales-riesgos-cancer-andalucia-20180621120645.html&amp;usg=AOvVaw1qv8lkx2E5QqTwG1nCR3QH\">Un estudio confirma el alcohol, el tabaco y el sedentarismo entre los principales riesgos de c\u00e1ncer en Andaluc\u00eda&#8230;<\/a>&#8211; Europa Press<\/p>\n<p>&nbsp;<\/p>\n<p><strong>Violencias<\/strong><\/p>\n<p><a href=\"http:\/\/www.europapress.es\/esandalucia\/sevilla\/noticia-iam-advierte-creciente-ciberdelincuencia-casos-violencia-genero-20180621115226.html\">El IAM advierte de la creciente ciberdelincuencia en los casos de violencia de g\u00e9nero&#8230;<\/a>&#8211; Europa Press<\/p>\n<p><a href=\"http:\/\/cordopolis.es\/2018\/06\/21\/victimas-de-violencia-de-genero-con-adiccion-reciben-atencion-integral-a-traves-del-proyecto-nara\/\">V\u00edctimas de violencia de g\u00e9nero con adicci\u00f3n reciben atenci\u00f3n &#8230;<\/a>&#8211; Cord\u00f3polis<\/p>\n<p><a href=\"http:\/\/www.noticiaspress.es\/2018\/06\/iam-y-consorcio-de-transporte-de-almeria-movilizan-a-la-poblacion-para-acabar-contra-las-agresiones-sexuales\/\">IAM y Consorcio de Transporte de Almer\u00eda movilizan a la poblaci\u00f3n contra las agresiones sexuales&#8230;<\/a>&#8211; Noticiaspress.es<\/p>\n<p><a href=\"https:\/\/www.google.com\/url?rct=j&amp;sa=t&amp;url=https:\/\/www.malagahoy.es\/malaga\/profesor-instituto-Malaga-operacion-internacional-desarticulado-grupo-pornografia-infantil_0_1256274950.html&amp;ct=ga&amp;cd=CAEYACoTNTQ5Nzc2MTgyMTc3OTcwNTY0MTIZYzAzNzJlYmMyZmVhZGE1OTplczplczpFUw&amp;usg=AFQjCNHWsXY_C96u7RjBe-SQ03bXK-qQkA\">Un profesor de instituto de M\u00e1laga, investigado en una operaci\u00f3n contra la pornograf\u00eda infantil <\/a>&#8211; M\u00e1laga Hoy<\/p>\n<p><a href=\"https:\/\/www.google.com\/url?rct=j&amp;sa=t&amp;url=http:\/\/www.lavanguardia.com\/local\/sevilla\/20180620\/45289929804\/victimas-de-violencia-de-genero-con-adiccion-reciben-atencion-integral-a-traves-del-proyecto-nara.html&amp;ct=ga&amp;cd=CAEYAyoTNzgwODExNTE3MjkxMjEyOTU2MjIZYzAzNzJlYmMyZmVhZGE1OTplczplczpFUw&amp;usg=AFQjCNHUet5m3nDptTuVBLtI8ZqdIWCfBQ\">V\u00edctimas de violencia de g\u00e9nero con adicci\u00f3n reciben atenci\u00f3n integral a trav\u00e9s del proyecto Nara <\/a>&#8211; La Vanguardia<\/p>\n<p><strong>\u00a0<\/strong><\/p>\n<p><strong>Ciencia y Cultura<\/strong><\/p>\n<p><a href=\"https:\/\/www.diariodesevilla.es\/sevilla\/Universidades-mejores-Espana_0_1256275094.html\">La Pablo de Olavide se sit\u00faa entre las 20 mejores universidades de Espa\u00f1a &#8230;<\/a>&#8211; Diario de Sevilla<\/p>\n<p><em><a href=\"http:\/\/www.ideal.es\/culturas\/mujer-europea-visita-20180621235916-ntvo.html\">Visitante museos auton\u00f3micos: Mujer europea en visita solitaria, el usuario medio<\/a>&#8211; <\/em>Ideal Digital<\/p>\n<p><a href=\"https:\/\/www.google.com\/url?sa=t&amp;rct=j&amp;q=&amp;esrc=s&amp;source=newssearch&amp;cd=19&amp;cad=rja&amp;uact=8&amp;ved=0ahUKEwj_1JfbvuTbAhVnD8AKHSqqCuA4ChCpAgg8KAAwCA&amp;url=http%3A%2F%2Fwww.diariocordoba.com%2Fnoticias%2Fcordobalocal%2Fsolo-dos-mujeres-400-alumnos-estudian-fp-motor_1234121.html&amp;usg=AOvVaw0cap-Uz-CuMrf9H-pWN2EU\">Solo dos mujeres entre 400 alumnos estudian FP del motor<\/a> -Diario C\u00f3rdoba<\/p>\n<p><a href=\"https:\/\/www.eldiadecordoba.es\/cordoba\/estudio-recoge-mujeres-represalidas-provincia_0_1256574420.html\">Un estudio recoge las claves de las represaliadas en la provincia de C\u00f3rdoba desde 1936 &#8230;<\/a>&#8211; El D\u00eda de C\u00f3rdoba<\/p>\n<p><a href=\"https:\/\/www.google.com\/url?sa=t&amp;rct=j&amp;q=&amp;esrc=s&amp;source=newssearch&amp;cd=1&amp;ved=0ahUKEwiD8frvw-TbAhXpKMAKHRgKBpEQqQIIJygAMAA&amp;url=https%3A%2F%2Fwww.lavozdelsur.es%2Fla-lactancia-puede-producir-felicidad-a-algunas-mujeres-pero-a-otras-les-produce-mucho-sufrimiento%2F&amp;usg=AOvVaw1D6wd4m_51G7OBwTKoJPXL\">Beatriz Gimeno, \u201cLa lactancia puede producir felicidad a algunas mujeres pero a otras &#8230;<\/a>&#8211; La Voz del Sur<\/p>\n<p><a href=\"http:\/\/elcorreoweb.es\/cultura\/rosalia-un-timo-o-la-nueva-mesias-EB4289767\">Rosal\u00eda: \u00bfun timo o la nueva Mes\u00edas del flamenco?<\/a> \u2013 El Correo de Andaluc\u00eda<\/p>\n<p><a href=\"https:\/\/www.huelvainformacion.es\/vivir_en_huelva\/Descubrir-Bcultura-Bdel-entorno_0_1256574665.html\">Descubrir la cultura del entorno<\/a> &#8211; Huelva Informaci\u00f3n<\/p>\n<p><a href=\"http:\/\/elcorreoweb.es\/andalucia\/andalucia-aprueba-la-ley-de-cine-que-contara-con-una-financiacion-estable-KJ4290059\">Andaluc\u00eda ya tiene ley de Cine con financiaci\u00f3n estable<\/a> &#8211; Efe<\/p>\n<p><strong>Deporte<\/strong><\/p>\n<p><a href=\"http:\/\/eldesmarque.com\/malaga\/polideportivo\/159125-malaga-foco-andaluz\">M\u00e1laga, foco del waterpolo andaluz<\/a>&#8211; El Desmarque<\/p>\n<p>[\/toggle]<\/p>\n<p>[toggle type=\u00bbfirst\u00bb title=\u00bbEstado\u00bb]<\/p>\n<p><strong>Institucional<\/strong><\/p>\n<p><u><a href=\"https:\/\/www.20minutos.es\/noticia\/3374325\/0\/monton-recuperara-acceso-reproduccion-asistida-mujeres-solas-lesbianas\/\">El Ministerio de Sanidad recuperar\u00e1 el acceso a la reproducci\u00f3n asistida para mujeres solas y lesbianas &#8211; <\/a><\/u><a href=\"http:\/\/20minutos.es\">20minutos.es<\/a><strong>\u00a0<\/strong><\/p>\n<p><strong>Institucional-CCAA<\/strong><\/p>\n<p><a href=\"https:\/\/www.google.com\/url?rct=j&amp;sa=t&amp;url=https:\/\/www.eldiario.es\/aragon\/politica\/IAM-convenios-diputaciones-Zaragoza-Teruel_0_784272022.html&amp;ct=ga&amp;cd=CAEYACoTMTU3NDk5OTE1Mjg5MzE1Nzc1MDIZM2FkOWUwNWFiOGY2MzczYTplczplczpFUw&amp;usg=AFQjCNHPMYGWEor1_6qli407r9saPaN7_A\">El Instituto Aragon\u00e9s de la Mujer aporta 25.000 euros a dos convenios con las diputaciones de Zaragoza y Teruel contra la violencia machista &#8230; <\/a>&#8211; <a href=\"http:\/\/eldiario.es\">eldiario.es<\/a><\/p>\n<p><a href=\"https:\/\/www.google.com\/url?rct=j&amp;sa=t&amp;url=https:\/\/www.regiondigital.com\/noticias\/cultura\/295661-empoderamiento-y-liderazgo-femenino-en-extremadura-en-el-ultimo-libro-de-teodora-castro.html&amp;ct=ga&amp;cd=CAEYACoTMjcxODY1NTIzOTcyOTE0NDIyNjIZYzAzNzJlYmMyZmVhZGE1OTplczplczpFUw&amp;usg=AFQjCNEr3CNi1otlKxJxIfUX4O6uj40CoA\">Empoderamiento y liderazgo femenino en Extremadura en el \u00faltimo libro de Teodora Castro <\/a>&#8211; Regi\u00f3n Digital<\/p>\n<p><u><a href=\"https:\/\/www.google.com\/url?rct=j&amp;sa=t&amp;url=https:\/\/www.eldiario.es\/lapalmaahora\/sociedad\/Gobierno-Canarias-Buzon-Lila-Islas_0_784272147.html&amp;ct=ga&amp;cd=CAEYCioTNzgwODExNTE3MjkxMjEyOTU2MjIZYzAzNzJlYmMyZmVhZGE1OTplczplczpFUw&amp;usg=AFQjCNEj7MXkOYUtLEvPDEP7b1Z3qDzdeA\">El Gobierno de Canarias pone en marcha el &#8216;Buz\u00f3n Lila&#8217; para favorecer la igualdad laboral en las &#8230; <\/a><\/u>&#8211; <a href=\"http:\/\/eldiario.es\">eldiario.es<\/a><\/p>\n<p><a href=\"http:\/\/www.mujeremprendedora.net\/nuevo-acuerdo-politicas-laborales-de-en-extremadura\/\">Nuevo acuerdo sobre pol\u00edticas laborales de igualdad en Extremadura<\/a>\u2013 Mujeremprendedora.net<\/p>\n<p><a href=\"http:\/\/www.lasprovincias.es\/economia\/liderazgo-innovacion-mujer-20180621010604-ntvo.html\">Liderazgo, innovaci\u00f3n y mujer, a debate en Fabricando Talento<\/a> &#8211; Las Provincias<\/p>\n<p><a href=\"https:\/\/www.google.com\/url?sa=t&amp;rct=j&amp;q=&amp;esrc=s&amp;source=newssearch&amp;cd=30&amp;ved=0ahUKEwjC5PbLxOTbAhUsIsAKHeiyANA4FBCpAghBKAAwCQ&amp;url=http%3A%2F%2Fwww.finanzas.com%2Fnoticias%2Feconomia%2F20180620%2Fempresas-planes-igualdad-tendran-3863345.html&amp;usg=AOvVaw3_tw4GW_IBFqiZ766CBugx\">Las empresas murcianas con planes de igualdad tendr\u00e1n un distintivo regional<\/a>&#8211; Finanzas.com<\/p>\n<p><strong>Econom\u00eda y Empresa<\/strong><\/p>\n<p><a href=\"https:\/\/elpais.com\/economia\/2018\/06\/20\/actualidad\/1529486867_157278.html\">Hacienda estudia bajar el IVA a los productos de higiene \u00edntima femenina<\/a> \u2013 El Pa\u00eds<\/p>\n<p><a href=\"http:\/\/www.mujeremprendedora.net\/vectio-organiza-el-dia-internacional-de-la-mujer-en-la-ingenieria\/\">Vectio organiza el D\u00eda Internacional de la mujer en la ingenier\u00eda<\/a> \u2013 Mujeremprendedora.net<\/p>\n<p><a href=\"https:\/\/www.autonomosyemprendedor.es\/articulo\/todo-digital\/more-representara-espana-final-europea-miniempresas\/20180620170112016750.html\">No More representar\u00e1 a Espa\u00f1a en la final europea de miniempresas<\/a>&#8211; Autonomosyemprendedor<\/p>\n<p><a href=\"http:\/\/www.elmundo.es\/economia\/2018\/06\/21\/5b2b6ce7ca47415d0a8b4674.html\">Uno de cada cinco espa\u00f1oles vive en riesgo de pobreza con 8.500\u20ac al a\u00f1o<\/a> \u2013 El Mundo<\/p>\n<p><strong>Actualidad<\/strong><\/p>\n<p><a href=\"https:\/\/www.google.com\/url?rct=j&amp;sa=t&amp;url=https:\/\/verne.elpais.com\/verne\/2018\/06\/19\/articulo\/1529425780_693647.html&amp;ct=ga&amp;cd=CAEYAioUMTU0MTM3Mjk5OTAzOTAyNTc2MjYyGWMwMzcyZWJjMmZlYWRhNTk6ZXM6ZXM6RVM&amp;usg=AFQjCNGkA5xtaH6ScH8RtWbSqZi2_tasmA\">Los gr\u00e1ficos que explican c\u00f3mo est\u00e1 cambiando la poblaci\u00f3n en Espa\u00f1a <\/a>&#8211; Verne<\/p>\n<p><strong>Violencias<\/strong><\/p>\n<p><a href=\"https:\/\/www.google.com\/url?sa=t&amp;rct=j&amp;q=&amp;esrc=s&amp;source=newssearch&amp;cd=59&amp;ved=0ahUKEwir6Yi8xeTbAhXrKcAKHQY5BZg4MhCpAgg9KAAwCA&amp;url=http%3A%2F%2Fwww.europapress.es%2Fepsocial%2Figualdad%2Fnoticia-jueces-organos-especializados-violencia-machista-estan-obligados-formarse-lesmes-20180620180315.html&amp;usg=AOvVaw2ZcDnAgRhl5f1xMYRSDXD-\">Los jueces en \u00f3rganos especializados en <em>violencia<\/em> machista est\u00e1n obligados a formarse &#8230;<\/a>&#8211; Europa Press<\/p>\n<p><strong>Ciencia y Cultura<\/strong><\/p>\n<p><a href=\"https:\/\/elasombrario.com\/musas-mujeres-creadoras-mulafest\/\">Menos musas y m\u00e1s mujeres creadoras en Mulafest<\/a> &#8211; P\u00fablico<\/p>\n<p><a href=\"https:\/\/www.google.com\/url?sa=t&amp;rct=j&amp;q=&amp;esrc=s&amp;source=newssearch&amp;cd=14&amp;ved=0ahUKEwi6vbnqweTbAhVBSsAKHTjGDzE4ChCpAggvKAAwAw&amp;url=https%3A%2F%2Fwww.elconfidencial.com%2Fcultura%2F2018-06-21%2Fciencia-ficcion-mujeres-posthumanas_1577793%2F&amp;usg=AOvVaw1VvlFEhnDD5q-BKpeClqz0\">Las mujeres conquistan el espacio: el triunfo de la ciencia ficci\u00f3n &#8230;<\/a>&#8211; El Confidencial<\/p>\n<p><strong>Deporte\u00a0<\/strong><\/p>\n<p><a href=\"https:\/\/as.com\/masdeporte\/2018\/06\/21\/polideportivo\/1529538570_998707.html\">La Copa de la Reina-Iberdrola, el mejor escaparate<\/a>&#8211; As<\/p>\n<p><a href=\"https:\/\/www.google.com\/url?sa=t&amp;rct=j&amp;q=&amp;esrc=s&amp;source=newssearch&amp;cd=16&amp;ved=0ahUKEwiu9Pu2xuTbAhVHKsAKHZagDnw4ChCpAgg1KAAwBQ&amp;url=https%3A%2F%2Fwww.elespanol.com%2Fdeportes%2F20180620%2Fjoana-pastrana-mundial-femenino-entrenar-hombres-meses%2F316469581_0.html&amp;usg=AOvVaw15Hrc4DYPaztg3nG9W7D_M\">Joana Pastrana, a por el Mundial de boxeo femenino &#8230;<\/a>&#8211; El Espa\u00f1ol<\/p>\n<p><a href=\"https:\/\/digitaldeleon.com\/principal\/2018\/06\/20\/la-elite-del-baloncesto-femenino-espanol-elige-leon_43367\">La \u00e9lite del baloncesto femenino espa\u00f1ol elige Le\u00f3n<\/a>&#8211; Digital de Le\u00f3n<\/p>\n<p>[\/toggle]<\/p>\n<p>[toggle type=\u00bbfirst\u00bb title=\u00bbInternacional\u00bb]<\/p>\n<p><a href=\"https:\/\/www.google.com\/url?sa=t&amp;rct=j&amp;q=&amp;esrc=s&amp;source=newssearch&amp;cd=23&amp;ved=0ahUKEwjzm-OHwuTbAhXlB8AKHcsoBfk4FBCpAggsKAAwAg&amp;url=http%3A%2F%2Fwww.bbc.com%2Fmundo%2Fvert-cap-44546380&amp;usg=AOvVaw124x10rn9ornxAqx29vnfp\">Por qu\u00e9 la desigualdad salarial entre hombres y mujeres empieza en &#8230;<\/a> &#8211; BBC Mundo<\/p>\n<p><a href=\"http:\/\/www.elmundo.es\/internacional\/2018\/06\/20\/5b2a6b9ee2704e91808b4617.html\">Theresa May vuelve a derrotar in extremis la rebeli\u00f3n contra el Brexit<\/a>&#8211; El Mundo<\/p>\n<p><a href=\"http:\/\/www.lr21.com.uy\/mujeres\/1371889-brasil-mundial-rusia-2018-machismo-hinchas-mujer\">\u201cMachismo y verg\u00fcenza\u201d: El video de hinchas de Brasil acosando a &#8230;<\/a>&#8211; La Re21<\/p>\n<p><a href=\"https:\/\/www.google.com\/url?sa=t&amp;rct=j&amp;q=&amp;esrc=s&amp;source=newssearch&amp;cd=29&amp;ved=0ahUKEwjzm-OHwuTbAhXlB8AKHcsoBfk4FBCpAgg-KAAwCA&amp;url=http%3A%2F%2Fwww.abc.es%2Fcultura%2Fmusica%2Fabci-cada-tres-mujeres-sufren-acoso-festivales-gran-bretana-201806210044_noticia.html&amp;usg=AOvVaw1T3wSKB6qT_ViJxmbpWOXw\">Una de cada tres mujeres sufren acoso en los festivales de Gran Breta\u00f1a &#8230;<\/a> &#8211; Abc.es<\/p>\n<p><a href=\"https:\/\/elpais.com\/cultura\/2018\/06\/20\/actualidad\/1529492564_355074.html\">Dos mujeres en pie de guerra<\/a>\u2013 El Pa\u00eds<\/p>\n<p><a href=\"https:\/\/librotea.elpais.com\/inspiradores\/julieta-venegas\/estanteria\/los-mejores-libros-de-musica?id_externo_promo=elpais_venegas_musica\">Los mejores libros de m\u00fasica, por Julieta Venegas<\/a> \u2013 El Pa\u00eds<\/p>\n<p><a href=\"https:\/\/as.com\/futbol\/2018\/06\/20\/mundial\/1529521796_002987.html\">Ir\u00e1n permite a mujeres entrar a un estadio 37 a\u00f1os despu\u00e9s<\/a>&#8211; As<\/p>\n<p>[\/toggle]<\/p>\n<\/div>\n<\/div>\n<\/div>\n<\/div>\n<\/div>\n<\/div>\n","protected":false},"excerpt":{"rendered":"<p>Hacienda estudia bajar el IVA a los productos de higiene <a href=\"https:\/\/cklcomunicaciones.es\/coop\/noticias-info-ckl-no-2-153-21-06-18\/\">[&#8230;]<\/a><\/p>\n","protected":false},"author":3,"featured_media":0,"comment_status":"closed","ping_status":"closed","sticky":false,"template":"","format":"standard","meta":{"footnotes":""},"categories":[298,623],"tags":[],"class_list":["post-14022","post","type-post","status-publish","format-standard","hentry","category-newsletter","category-nwl-2-0"],"yoast_head":"<!-- This site is optimized with the Yoast SEO plugin v27.5 - https:\/\/yoast.com\/product\/yoast-seo-wordpress\/ -->\n<title>Noticias Info CKL n\u00ba 2.153-21\/06\/18-Comunica con perspectiva de g\u00e9nero<\/title>\n<meta name=\"description\" content=\"Comunicar con perspectiva de g\u00e9nero: Hacienda estudia bajar el IVA a los productos de higiene \u00edntima femenina-La desigualdad salarial desde la adolescencia-Menos musas y m\u00e1s creadoras en Mulafest-Silvia Fern\u00e1ndez, Premio Internacional Mare Nostrum\" \/>\n<meta name=\"robots\" content=\"index, follow, max-snippet:-1, max-image-preview:large, max-video-preview:-1\" \/>\n<link rel=\"canonical\" href=\"https:\/\/cklcomunicaciones.es\/coop\/noticias-info-ckl-no-2-153-21-06-18\/\" \/>\n<meta property=\"og:locale\" content=\"es_ES\" \/>\n<meta property=\"og:type\" content=\"article\" \/>\n<meta property=\"og:title\" content=\"Noticias Info CKL n\u00ba 2.153-21\/06\/18-Comunica con perspectiva de g\u00e9nero\" \/>\n<meta property=\"og:description\" content=\"Comunicar con perspectiva de g\u00e9nero: Hacienda estudia bajar el IVA a los productos de higiene \u00edntima femenina-La desigualdad salarial desde la adolescencia-Menos musas y m\u00e1s creadoras en Mulafest-Silvia Fern\u00e1ndez, Premio Internacional Mare Nostrum\" \/>\n<meta property=\"og:url\" content=\"https:\/\/cklcomunicaciones.es\/coop\/noticias-info-ckl-no-2-153-21-06-18\/\" \/>\n<meta property=\"og:site_name\" content=\"CKL Comunicaciones\" \/>\n<meta property=\"article:published_time\" content=\"2018-06-21T11:19:30+00:00\" \/>\n<meta property=\"article:modified_time\" content=\"2025-01-17T15:40:46+00:00\" \/>\n<meta property=\"og:image\" content=\"https:\/\/cklcomunicaciones.es\/coop\/wp-content\/uploads\/2018\/03\/CKL_comunicacion-con-perspetiva-de-genero.jpg\" \/>\n\t<meta property=\"og:image:width\" content=\"500\" \/>\n\t<meta property=\"og:image:height\" content=\"500\" \/>\n\t<meta property=\"og:image:type\" content=\"image\/jpeg\" \/>\n<meta name=\"author\" content=\"ckl\" \/>\n<meta name=\"twitter:card\" content=\"summary_large_image\" \/>\n<meta name=\"twitter:label1\" content=\"Escrito por\" \/>\n\t<meta name=\"twitter:data1\" content=\"ckl\" \/>\n\t<meta name=\"twitter:label2\" content=\"Tiempo de lectura\" \/>\n\t<meta name=\"twitter:data2\" content=\"5 minutos\" \/>\n<script type=\"application\/ld+json\" class=\"yoast-schema-graph\">{\"@context\":\"https:\\\/\\\/schema.org\",\"@graph\":[{\"@type\":\"Article\",\"@id\":\"https:\\\/\\\/cklcomunicaciones.es\\\/coop\\\/noticias-info-ckl-no-2-153-21-06-18\\\/#article\",\"isPartOf\":{\"@id\":\"https:\\\/\\\/cklcomunicaciones.es\\\/coop\\\/noticias-info-ckl-no-2-153-21-06-18\\\/\"},\"author\":{\"name\":\"ckl\",\"@id\":\"https:\\\/\\\/cklcomunicaciones.es\\\/coop\\\/#\\\/schema\\\/person\\\/929a6837f7626450bbb50cee1aef266e\"},\"headline\":\"Noticias Info CKL n\u00ba 2.153-21\\\/06\\\/18\",\"datePublished\":\"2018-06-21T11:19:30+00:00\",\"dateModified\":\"2025-01-17T15:40:46+00:00\",\"mainEntityOfPage\":{\"@id\":\"https:\\\/\\\/cklcomunicaciones.es\\\/coop\\\/noticias-info-ckl-no-2-153-21-06-18\\\/\"},\"wordCount\":1050,\"image\":{\"@id\":\"https:\\\/\\\/cklcomunicaciones.es\\\/coop\\\/noticias-info-ckl-no-2-153-21-06-18\\\/#primaryimage\"},\"thumbnailUrl\":\"http:\\\/\\\/www.cklcomunicaciones.es\\\/wp-content\\\/uploads\\\/2018\\\/03\\\/CKL_comunicacion-con-perspetiva-de-genero-300x300.jpg\",\"articleSection\":[\"Newsletter\",\"Nwl v2.0\"],\"inLanguage\":\"es\"},{\"@type\":\"WebPage\",\"@id\":\"https:\\\/\\\/cklcomunicaciones.es\\\/coop\\\/noticias-info-ckl-no-2-153-21-06-18\\\/\",\"url\":\"https:\\\/\\\/cklcomunicaciones.es\\\/coop\\\/noticias-info-ckl-no-2-153-21-06-18\\\/\",\"name\":\"Noticias Info CKL n\u00ba 2.153-21\\\/06\\\/18-Comunica con perspectiva de g\u00e9nero\",\"isPartOf\":{\"@id\":\"https:\\\/\\\/cklcomunicaciones.es\\\/coop\\\/#website\"},\"primaryImageOfPage\":{\"@id\":\"https:\\\/\\\/cklcomunicaciones.es\\\/coop\\\/noticias-info-ckl-no-2-153-21-06-18\\\/#primaryimage\"},\"image\":{\"@id\":\"https:\\\/\\\/cklcomunicaciones.es\\\/coop\\\/noticias-info-ckl-no-2-153-21-06-18\\\/#primaryimage\"},\"thumbnailUrl\":\"http:\\\/\\\/www.cklcomunicaciones.es\\\/wp-content\\\/uploads\\\/2018\\\/03\\\/CKL_comunicacion-con-perspetiva-de-genero-300x300.jpg\",\"datePublished\":\"2018-06-21T11:19:30+00:00\",\"dateModified\":\"2025-01-17T15:40:46+00:00\",\"author\":{\"@id\":\"https:\\\/\\\/cklcomunicaciones.es\\\/coop\\\/#\\\/schema\\\/person\\\/929a6837f7626450bbb50cee1aef266e\"},\"description\":\"Comunicar con perspectiva de g\u00e9nero: Hacienda estudia bajar el IVA a los productos de higiene \u00edntima femenina-La desigualdad salarial desde la adolescencia-Menos musas y m\u00e1s creadoras en Mulafest-Silvia Fern\u00e1ndez, Premio Internacional Mare Nostrum\",\"breadcrumb\":{\"@id\":\"https:\\\/\\\/cklcomunicaciones.es\\\/coop\\\/noticias-info-ckl-no-2-153-21-06-18\\\/#breadcrumb\"},\"inLanguage\":\"es\",\"potentialAction\":[{\"@type\":\"ReadAction\",\"target\":[\"https:\\\/\\\/cklcomunicaciones.es\\\/coop\\\/noticias-info-ckl-no-2-153-21-06-18\\\/\"]}]},{\"@type\":\"ImageObject\",\"inLanguage\":\"es\",\"@id\":\"https:\\\/\\\/cklcomunicaciones.es\\\/coop\\\/noticias-info-ckl-no-2-153-21-06-18\\\/#primaryimage\",\"url\":\"http:\\\/\\\/www.cklcomunicaciones.es\\\/wp-content\\\/uploads\\\/2018\\\/03\\\/CKL_comunicacion-con-perspetiva-de-genero-300x300.jpg\",\"contentUrl\":\"http:\\\/\\\/www.cklcomunicaciones.es\\\/wp-content\\\/uploads\\\/2018\\\/03\\\/CKL_comunicacion-con-perspetiva-de-genero-300x300.jpg\"},{\"@type\":\"BreadcrumbList\",\"@id\":\"https:\\\/\\\/cklcomunicaciones.es\\\/coop\\\/noticias-info-ckl-no-2-153-21-06-18\\\/#breadcrumb\",\"itemListElement\":[{\"@type\":\"ListItem\",\"position\":1,\"name\":\"Portada\",\"item\":\"https:\\\/\\\/cklcomunicaciones.es\\\/coop\\\/\"},{\"@type\":\"ListItem\",\"position\":2,\"name\":\"Noticias Info CKL n\u00ba 2.153-21\\\/06\\\/18\"}]},{\"@type\":\"WebSite\",\"@id\":\"https:\\\/\\\/cklcomunicaciones.es\\\/coop\\\/#website\",\"url\":\"https:\\\/\\\/cklcomunicaciones.es\\\/coop\\\/\",\"name\":\"CKL Comunicaciones\",\"description\":\"Sitio web de CKL Comunicaciones coop , la consultora de comunicaci\u00f3n y estrategia\",\"potentialAction\":[{\"@type\":\"SearchAction\",\"target\":{\"@type\":\"EntryPoint\",\"urlTemplate\":\"https:\\\/\\\/cklcomunicaciones.es\\\/coop\\\/?s={search_term_string}\"},\"query-input\":{\"@type\":\"PropertyValueSpecification\",\"valueRequired\":true,\"valueName\":\"search_term_string\"}}],\"inLanguage\":\"es\"},{\"@type\":\"Person\",\"@id\":\"https:\\\/\\\/cklcomunicaciones.es\\\/coop\\\/#\\\/schema\\\/person\\\/929a6837f7626450bbb50cee1aef266e\",\"name\":\"ckl\",\"image\":{\"@type\":\"ImageObject\",\"inLanguage\":\"es\",\"@id\":\"https:\\\/\\\/secure.gravatar.com\\\/avatar\\\/c82db564e8a669bf6023357a157b9dc4780f4d4c618f2ad1d71a6a5dede45057?s=96&d=mm&r=g\",\"url\":\"https:\\\/\\\/secure.gravatar.com\\\/avatar\\\/c82db564e8a669bf6023357a157b9dc4780f4d4c618f2ad1d71a6a5dede45057?s=96&d=mm&r=g\",\"contentUrl\":\"https:\\\/\\\/secure.gravatar.com\\\/avatar\\\/c82db564e8a669bf6023357a157b9dc4780f4d4c618f2ad1d71a6a5dede45057?s=96&d=mm&r=g\",\"caption\":\"ckl\"},\"url\":\"https:\\\/\\\/cklcomunicaciones.es\\\/coop\\\/author\\\/cklcomunicaciones\\\/\"}]}<\/script>\n<!-- \/ Yoast SEO plugin. -->","yoast_head_json":{"title":"Noticias Info CKL n\u00ba 2.153-21\/06\/18-Comunica con perspectiva de g\u00e9nero","description":"Comunicar con perspectiva de g\u00e9nero: Hacienda estudia bajar el IVA a los productos de higiene \u00edntima femenina-La desigualdad salarial desde la adolescencia-Menos musas y m\u00e1s creadoras en Mulafest-Silvia Fern\u00e1ndez, Premio Internacional Mare Nostrum","robots":{"index":"index","follow":"follow","max-snippet":"max-snippet:-1","max-image-preview":"max-image-preview:large","max-video-preview":"max-video-preview:-1"},"canonical":"https:\/\/cklcomunicaciones.es\/coop\/noticias-info-ckl-no-2-153-21-06-18\/","og_locale":"es_ES","og_type":"article","og_title":"Noticias Info CKL n\u00ba 2.153-21\/06\/18-Comunica con perspectiva de g\u00e9nero","og_description":"Comunicar con perspectiva de g\u00e9nero: Hacienda estudia bajar el IVA a los productos de higiene \u00edntima femenina-La desigualdad salarial desde la adolescencia-Menos musas y m\u00e1s creadoras en Mulafest-Silvia Fern\u00e1ndez, Premio Internacional Mare Nostrum","og_url":"https:\/\/cklcomunicaciones.es\/coop\/noticias-info-ckl-no-2-153-21-06-18\/","og_site_name":"CKL Comunicaciones","article_published_time":"2018-06-21T11:19:30+00:00","article_modified_time":"2025-01-17T15:40:46+00:00","og_image":[{"width":500,"height":500,"url":"https:\/\/cklcomunicaciones.es\/coop\/wp-content\/uploads\/2018\/03\/CKL_comunicacion-con-perspetiva-de-genero.jpg","type":"image\/jpeg"}],"author":"ckl","twitter_card":"summary_large_image","twitter_misc":{"Escrito por":"ckl","Tiempo de lectura":"5 minutos"},"schema":{"@context":"https:\/\/schema.org","@graph":[{"@type":"Article","@id":"https:\/\/cklcomunicaciones.es\/coop\/noticias-info-ckl-no-2-153-21-06-18\/#article","isPartOf":{"@id":"https:\/\/cklcomunicaciones.es\/coop\/noticias-info-ckl-no-2-153-21-06-18\/"},"author":{"name":"ckl","@id":"https:\/\/cklcomunicaciones.es\/coop\/#\/schema\/person\/929a6837f7626450bbb50cee1aef266e"},"headline":"Noticias Info CKL n\u00ba 2.153-21\/06\/18","datePublished":"2018-06-21T11:19:30+00:00","dateModified":"2025-01-17T15:40:46+00:00","mainEntityOfPage":{"@id":"https:\/\/cklcomunicaciones.es\/coop\/noticias-info-ckl-no-2-153-21-06-18\/"},"wordCount":1050,"image":{"@id":"https:\/\/cklcomunicaciones.es\/coop\/noticias-info-ckl-no-2-153-21-06-18\/#primaryimage"},"thumbnailUrl":"http:\/\/www.cklcomunicaciones.es\/wp-content\/uploads\/2018\/03\/CKL_comunicacion-con-perspetiva-de-genero-300x300.jpg","articleSection":["Newsletter","Nwl v2.0"],"inLanguage":"es"},{"@type":"WebPage","@id":"https:\/\/cklcomunicaciones.es\/coop\/noticias-info-ckl-no-2-153-21-06-18\/","url":"https:\/\/cklcomunicaciones.es\/coop\/noticias-info-ckl-no-2-153-21-06-18\/","name":"Noticias Info CKL n\u00ba 2.153-21\/06\/18-Comunica con perspectiva de g\u00e9nero","isPartOf":{"@id":"https:\/\/cklcomunicaciones.es\/coop\/#website"},"primaryImageOfPage":{"@id":"https:\/\/cklcomunicaciones.es\/coop\/noticias-info-ckl-no-2-153-21-06-18\/#primaryimage"},"image":{"@id":"https:\/\/cklcomunicaciones.es\/coop\/noticias-info-ckl-no-2-153-21-06-18\/#primaryimage"},"thumbnailUrl":"http:\/\/www.cklcomunicaciones.es\/wp-content\/uploads\/2018\/03\/CKL_comunicacion-con-perspetiva-de-genero-300x300.jpg","datePublished":"2018-06-21T11:19:30+00:00","dateModified":"2025-01-17T15:40:46+00:00","author":{"@id":"https:\/\/cklcomunicaciones.es\/coop\/#\/schema\/person\/929a6837f7626450bbb50cee1aef266e"},"description":"Comunicar con perspectiva de g\u00e9nero: Hacienda estudia bajar el IVA a los productos de higiene \u00edntima femenina-La desigualdad salarial desde la adolescencia-Menos musas y m\u00e1s creadoras en Mulafest-Silvia Fern\u00e1ndez, Premio Internacional Mare Nostrum","breadcrumb":{"@id":"https:\/\/cklcomunicaciones.es\/coop\/noticias-info-ckl-no-2-153-21-06-18\/#breadcrumb"},"inLanguage":"es","potentialAction":[{"@type":"ReadAction","target":["https:\/\/cklcomunicaciones.es\/coop\/noticias-info-ckl-no-2-153-21-06-18\/"]}]},{"@type":"ImageObject","inLanguage":"es","@id":"https:\/\/cklcomunicaciones.es\/coop\/noticias-info-ckl-no-2-153-21-06-18\/#primaryimage","url":"http:\/\/www.cklcomunicaciones.es\/wp-content\/uploads\/2018\/03\/CKL_comunicacion-con-perspetiva-de-genero-300x300.jpg","contentUrl":"http:\/\/www.cklcomunicaciones.es\/wp-content\/uploads\/2018\/03\/CKL_comunicacion-con-perspetiva-de-genero-300x300.jpg"},{"@type":"BreadcrumbList","@id":"https:\/\/cklcomunicaciones.es\/coop\/noticias-info-ckl-no-2-153-21-06-18\/#breadcrumb","itemListElement":[{"@type":"ListItem","position":1,"name":"Portada","item":"https:\/\/cklcomunicaciones.es\/coop\/"},{"@type":"ListItem","position":2,"name":"Noticias Info CKL n\u00ba 2.153-21\/06\/18"}]},{"@type":"WebSite","@id":"https:\/\/cklcomunicaciones.es\/coop\/#website","url":"https:\/\/cklcomunicaciones.es\/coop\/","name":"CKL Comunicaciones","description":"Sitio web de CKL Comunicaciones coop , la consultora de comunicaci\u00f3n y estrategia","potentialAction":[{"@type":"SearchAction","target":{"@type":"EntryPoint","urlTemplate":"https:\/\/cklcomunicaciones.es\/coop\/?s={search_term_string}"},"query-input":{"@type":"PropertyValueSpecification","valueRequired":true,"valueName":"search_term_string"}}],"inLanguage":"es"},{"@type":"Person","@id":"https:\/\/cklcomunicaciones.es\/coop\/#\/schema\/person\/929a6837f7626450bbb50cee1aef266e","name":"ckl","image":{"@type":"ImageObject","inLanguage":"es","@id":"https:\/\/secure.gravatar.com\/avatar\/c82db564e8a669bf6023357a157b9dc4780f4d4c618f2ad1d71a6a5dede45057?s=96&d=mm&r=g","url":"https:\/\/secure.gravatar.com\/avatar\/c82db564e8a669bf6023357a157b9dc4780f4d4c618f2ad1d71a6a5dede45057?s=96&d=mm&r=g","contentUrl":"https:\/\/secure.gravatar.com\/avatar\/c82db564e8a669bf6023357a157b9dc4780f4d4c618f2ad1d71a6a5dede45057?s=96&d=mm&r=g","caption":"ckl"},"url":"https:\/\/cklcomunicaciones.es\/coop\/author\/cklcomunicaciones\/"}]}},"_links":{"self":[{"href":"https:\/\/cklcomunicaciones.es\/coop\/wp-json\/wp\/v2\/posts\/14022","targetHints":{"allow":["GET"]}}],"collection":[{"href":"https:\/\/cklcomunicaciones.es\/coop\/wp-json\/wp\/v2\/posts"}],"about":[{"href":"https:\/\/cklcomunicaciones.es\/coop\/wp-json\/wp\/v2\/types\/post"}],"author":[{"embeddable":true,"href":"https:\/\/cklcomunicaciones.es\/coop\/wp-json\/wp\/v2\/users\/3"}],"replies":[{"embeddable":true,"href":"https:\/\/cklcomunicaciones.es\/coop\/wp-json\/wp\/v2\/comments?post=14022"}],"version-history":[{"count":0,"href":"https:\/\/cklcomunicaciones.es\/coop\/wp-json\/wp\/v2\/posts\/14022\/revisions"}],"wp:attachment":[{"href":"https:\/\/cklcomunicaciones.es\/coop\/wp-json\/wp\/v2\/media?parent=14022"}],"wp:term":[{"taxonomy":"category","embeddable":true,"href":"https:\/\/cklcomunicaciones.es\/coop\/wp-json\/wp\/v2\/categories?post=14022"},{"taxonomy":"post_tag","embeddable":true,"href":"https:\/\/cklcomunicaciones.es\/coop\/wp-json\/wp\/v2\/tags?post=14022"}],"curies":[{"name":"wp","href":"https:\/\/api.w.org\/{rel}","templated":true}]}}