{"id":14015,"date":"2018-06-19T13:24:04","date_gmt":"2018-06-19T11:24:04","guid":{"rendered":"http:\/\/www.cklcomunicaciones.es\/?p=14015"},"modified":"2025-01-17T16:40:46","modified_gmt":"2025-01-17T15:40:46","slug":"noticias-info-ckl-no-2-151-19-06-18","status":"publish","type":"post","link":"https:\/\/cklcomunicaciones.es\/coop\/noticias-info-ckl-no-2-151-19-06-18\/","title":{"rendered":"Noticias Info CKL n\u00ba 2.151-19\/06\/18"},"content":{"rendered":"<div id=\"pl-14015\"  class=\"panel-layout\" >\n<div id=\"pg-14015-0\"  class=\"panel-grid panel-no-style\"  data-style=\"{&quot;background_image_attachment&quot;:false,&quot;background_display&quot;:&quot;tile&quot;,&quot;lsow_dark_bg&quot;:&quot;&quot;,&quot;cell_alignment&quot;:&quot;flex-start&quot;}\" >\n<div id=\"pgc-14015-0-0\"  class=\"panel-grid-cell\"  data-weight=\"1\" >\n<div id=\"panel-14015-0-0-0\" class=\"so-panel widget widget_sow-editor panel-first-child panel-last-child\" data-index=\"0\" data-style=\"{&quot;background_image_attachment&quot;:false,&quot;background_display&quot;:&quot;tile&quot;}\" >\n<div class=\"so-widget-sow-editor so-widget-sow-editor-base\">\n<div class=\"siteorigin-widget-tinymce textwidget\">\n<p><img decoding=\"async\" class=\"lazyload  wp-image-13726\" src=\"http:\/\/www.cklcomunicaciones.es\/wp-content\/uploads\/2018\/03\/CKL_comunicacion-con-perspetiva-de-genero-300x300.jpg\" data-orig-src=\"http:\/\/www.cklcomunicaciones.es\/wp-content\/uploads\/2018\/03\/CKL_comunicacion-con-perspetiva-de-genero-300x300.jpg\" alt=\"CKL_comunicacion con perspetiva de genero\" width=\"132\" height=\"132\" srcset=\"data:image\/svg+xml,%3Csvg%20xmlns%3D%27http%3A%2F%2Fwww.w3.org%2F2000%2Fsvg%27%20width%3D%27132%27%20height%3D%27132%27%20viewBox%3D%270%200%20132%20132%27%3E%3Crect%20width%3D%27132%27%20height%3D%27132%27%20fill-opacity%3D%220%22%2F%3E%3C%2Fsvg%3E\" data-srcset=\"https:\/\/cklcomunicaciones.es\/coop\/wp-content\/uploads\/2018\/03\/CKL_comunicacion-con-perspetiva-de-genero-150x150.jpg 150w, https:\/\/cklcomunicaciones.es\/coop\/wp-content\/uploads\/2018\/03\/CKL_comunicacion-con-perspetiva-de-genero-300x300.jpg 300w, https:\/\/cklcomunicaciones.es\/coop\/wp-content\/uploads\/2018\/03\/CKL_comunicacion-con-perspetiva-de-genero-450x450.jpg 450w, https:\/\/cklcomunicaciones.es\/coop\/wp-content\/uploads\/2018\/03\/CKL_comunicacion-con-perspetiva-de-genero.jpg 500w\" data-sizes=\"auto\" data-orig-sizes=\"(max-width: 132px) 100vw, 132px\" \/><\/p>\n<p id=\":1tg\" class=\"hP\" tabindex=\"-1\" data-thread-perm-id=\"163fdd9de9269c3b\" data-legacy-thread-id=\"163fdd9de9269c3b\"><strong>Mar\u00eda Teresa Fern\u00e1ndez de la Vega, presidenta del Consejo de Estado\u2013Ciudades que aman a las mujeres-WECAN prepara una campa\u00f1a de g\u00e9nero para las elecciones europeas-Eva Yerbabuena Premio Max Mejor Interprete Danza<\/strong><\/p>\n<p>[toggle type=\u00bbfirst\u00bb title=\u00bbComunicaci\u00f3n\u00bb]<\/p>\n<p><a href=\"http:\/\/www.publico.es\/sociedad\/dia-internacional-eliminacion-violencia-sexual-conflictos-me-violaron-jineth-bedoya-mujer-periodista.html\">\u00abMe violaron porque era Jineth Bedoya, porque era una mujer y periodista\u00bb<\/a> &#8211; P\u00fablico<\/p>\n<p><a href=\"http:\/\/www.publico.es\/sociedad\/ana-pardo-vera-participa-debate-madrid-liderazgo-mujer-medios-comunicacion.html\">Ana Pardo de Vera participa en un debate en Madrid sobre el liderazgo de la mujer en los medios de comunicaci\u00f3n<\/a> &#8211; P\u00fablico<\/p>\n<p><a href=\"http:\/\/www.elmundo.es\/f5\/comparte\/2018\/06\/19\/5b28d574468aebba5c8b4590.html\">Repulsa en Toledo por una fiesta \u00abdenigrante\u00bb para la mujer con el &#8230;<\/a>&#8211; El Mundo<\/p>\n<p><a href=\"http:\/\/cadenaser.com\/emisora\/2018\/06\/19\/radio_jaen\/1529390536_139833.html\">Pol\u00e9mico abono &#8216;especial se\u00f1oritas&#8217;<\/a>&#8211; Cadena SER<\/p>\n<p><a href=\"https:\/\/www.google.com\/url?rct=j&amp;sa=t&amp;url=https:\/\/4kjuegos.com\/2018\/06\/18\/eg-social-una-herramienta-que-busca-prevenir-y-combatir-el-acoso-en-redes-sociales-siendo-tu-testigo-online\/&amp;ct=ga&amp;cd=CAEYAyoTOTU3MTAxNjQ4MjE0NjU5NjA1NjIZZTJkZWZhN2Q1ZGE5MTU3ZDplczplczpFUw&amp;usg=AFQjCNGRrBQM-e3fF_RZKdCo039FTd0bCQ\">eG-Social, una herramienta que busca prevenir y combatir el acoso en redes sociales siendo tu testigo online&#8230; <\/a>&#8211; 4K Juegos<\/p>\n<p>[\/toggle]<\/p>\n<p>[toggle type=\u00bbfirst\u00bb title=\u00bbAndaluc\u00eda\u00bb]<\/p>\n<p><strong>Institucional<\/strong><\/p>\n<p><a href=\"https:\/\/www.granadahoy.com\/granada\/Sanchez-Rubio-reclama-politica-inmigrantes_0_1255975044.html\">S\u00e1nchez Rubio reclama pol\u00edtica de Estado para acoger inmigrantes<\/a> &#8211; Granada Hoy<\/p>\n<p><strong>Econom\u00eda y Empresas<\/strong><\/p>\n<p><a href=\"https:\/\/www.google.com\/url?sa=t&amp;rct=j&amp;q=&amp;esrc=s&amp;source=newssearch&amp;cd=3&amp;ved=0ahUKEwiNxIPhwN_bAhURW8AKHSsHDDwQqQIILSgAMAI&amp;url=http%3A%2F%2Fwww.eleconomista.es%2Fempresas-finanzas%2Fnoticias%2F9215918%2F06%2F18%2FLa-empresa-andaluza-busca-oportunidades-de-crecimiento-en-la-Economia-Circular.html&amp;usg=AOvVaw2LmGyUBCJsEPJCMbpLjVzo\">La empresa andaluza busca oportunidades de crecimiento en la econom\u00eda circular&#8230;<\/a>&#8211; elEconomista.es<\/p>\n<p><a href=\"https:\/\/elpais.com\/tecnologia\/2018\/05\/29\/actualidad\/1527595787_035985.html\">Mi puesto ahora lo ocupa una m\u00e1quina<\/a> \u2013 El Pa\u00eds<\/p>\n<p><a href=\"http:\/\/www.mujeremprendedora.net\/andalucia-capta-28-proyectos-empresariales-extranjeros-con-26626-millones-de-inversion\/\">Andaluc\u00eda capta 28 proyectos empresariales extranjeros con 266,26 millones de inversi\u00f3n<\/a> \u2013 Mujeremprendedora.net<\/p>\n<p><strong>Actualidad<\/strong><\/p>\n<p><a href=\"http:\/\/www.noticiasdealmeria.com\/diputacion-destina-mas-de-100.000-euros-a-fomentar-la-igualdad-en-la-provincia\">Diputaci\u00f3n de Almer\u00eda destina m\u00e1s de 100.000 euros a fomentar la igualdad en la provincia &#8230;<\/a>&#8211; Noticias de Almer\u00eda<\/p>\n<p><a href=\"https:\/\/www.google.com\/url?rct=j&amp;sa=t&amp;url=http:\/\/www.granadadigital.es\/el-ayuntamiento-aprueba-por-unanimidad-el-v-plan-de-igualdad-entre-mujeres-y-hombres\/&amp;ct=ga&amp;cd=CAEYACoUMTcwMzM3NDk0Mzk0NDc2MDU4NjMyGWUyZGVmYTdkNWRhOTE1N2Q6ZXM6ZXM6RVM&amp;usg=AFQjCNFRcwRK4BZhzE3LSTApo4FLOCIHYw\">El Ayuntamiento aprueba por unanimidad el V Plan de Igualdad entre Mujeres y Hombres <\/a>&#8211; GranadaDigital<\/p>\n<p><a href=\"http:\/\/www.elmundo.es\/papel\/2018\/06\/19\/5b238c3fe5fdeac7568b4698.html\">Gala Gallego, la primera mujer al mando de una unidad en Irak: \u00abEl Ej\u00e9rcito no es machista\u00bb<\/a> \u2013 El Mundo<\/p>\n<p><a href=\"https:\/\/www.eldiario.es\/andalucia\/Echa-Plan-Andaluz-Memoria-Democratica_0_783572593.html\">El Plan Andaluz de Memoria Democr\u00e1tica echa a andar doblando el &#8230;<\/a>&#8211; <a href=\"http:\/\/eldiario.es\">eldiario.es<\/a><\/p>\n<p><strong>Violencias<\/strong><\/p>\n<p><a href=\"http:\/\/www.europapress.es\/andalucia\/sevilla-00357\/noticia-sucesos-detenida-persona-crimen-vecina-pilas-silvia-garcia-diciembre-2015-20180619104047.html\">Un detenido por el crimen de una mujer en Pilas (Sevilla) en 2015<\/a> -Europa Press<\/p>\n<p><strong>Ciencia y Cultura<\/strong><\/p>\n<p><a href=\"http:\/\/www.juntadeandalucia.es\/presidencia\/portavoz\/133994\/Conocimiento\/Investigacion\/Universidad\/JuntadeAndalucia\/consejera\/LinaGalvez\/PAIDI2020\">La Junta crea el Consejo que le asesorar\u00e1 en materia de I+D+I <\/a>\u00a0&#8211; Oficina del Portavoz<\/p>\n<p><a href=\"http:\/\/www.revistalaflamenca.com\/eva-yerbabuena-premio-max\/\">Eva Yerbabuena se alza con el Premio Max a la Mejor int\u00e9rprete &#8230;<\/a>&#8211; Revista La Flamenca<\/p>\n<p><a href=\"http:\/\/cordopolis.es\/2018\/06\/19\/la-catedra-de-gastronomia-de-andalucia-cierra-el-curso-con-homenaje-garcia-baena\/\">La C\u00e1tedra de Gastronom\u00eda de Andaluc\u00eda cierra el curso con &#8230;<\/a>&#8211; Cord\u00f3polis<\/p>\n<p><a href=\"http:\/\/www.lavanguardia.com\/local\/sevilla\/20180618\/45223268771\/upo-inaugurados-los-cursos-de-verano-de-la-upo-universidad-de-la-estrategia-empleabilidad-y-emprendimiento.html\">Inaugurados los cursos de verano de la UPO, universidad de la estrategia, empleabilidad y emprendimiento &#8230;<\/a> &#8211; La Vanguardia<\/p>\n<p><strong>Deporte<\/strong><\/p>\n<p><a href=\"https:\/\/www.google.com\/url?sa=t&amp;rct=j&amp;q=&amp;esrc=s&amp;source=newssearch&amp;cd=21&amp;ved=0ahUKEwjw7KaLwd_bAhVLLsAKHYqfDlk4FBCpAggmKAAwAA&amp;url=https%3A%2F%2Fwww.eldiario.es%2Fandalucia%2Ffederaciones-deportivas-deben-presidencias-mixtas_0_758724121.html&amp;usg=AOvVaw3_YMMZUfAbE-sf8oBkyDOi\">Mar Mas, Presidenta de la Asociaci\u00f3n de Mujeres en Deporte: \u201cSi se aplicara la Ley de Igualdad no se permitir\u00eda la actual estructura &#8230;<\/a>&#8211; <a href=\"http:\/\/eldiario.es\">eldiario.es<\/a><\/p>\n<p><a href=\"https:\/\/www.google.com\/url?sa=t&amp;rct=j&amp;q=&amp;esrc=s&amp;source=newssearch&amp;cd=17&amp;ved=0ahUKEwigo9n8yN_bAhXCuxQKHW7ZAq44ChCpAgg3KAAwBg&amp;url=http%3A%2F%2Fwww.granadadigital.es%2Fla-arbitra-alhambra-nievas-invitada-especial-de-nuestro-evento-de-aniversario%2F&amp;usg=AOvVaw0IOLt1-d6_nxbscQESpH0d\">La \u00e1rbitra Alhambra Nievas, invitada especial de nuestro evento de &#8230;<\/a> &#8211; GranadaDigital<\/p>\n<p><a href=\"https:\/\/www.lavozdelsur.es\/los-triunfos-de-ana\/\">Los triunfos de Ana Carrasco..<\/a> &#8211; La Voz del Sur<\/p>\n<p><a href=\"https:\/\/www.lavozdigital.es\/deportes\/cadizcf\/noticias\/cadiz-cf\/la-lucha-ascenso-del-cadiz-cf-femenino-partido-unico-sede-neutral.html\">La lucha por el ascenso del C\u00e1diz CF Femenino, a partido \u00fanico y en &#8230;<\/a>&#8211; La Voz Digital<\/p>\n<p>[\/toggle]<\/p>\n<p>[toggle type=\u00bbfirst\u00bb title=\u00bbEstado\u00bb]<\/p>\n<p><strong>Institucional<\/strong><\/p>\n<p><a href=\"https:\/\/elpais.com\/politica\/2018\/06\/19\/actualidad\/1529394100_456742.html\">Mar\u00eda Teresa Fern\u00e1ndez de la Vega, presidenta del Consejo de Estado<\/a> \u2013 El Pa\u00eds<\/p>\n<p><a href=\"https:\/\/www.google.com\/url?sa=t&amp;rct=j&amp;q=&amp;esrc=s&amp;source=newssearch&amp;cd=1&amp;ved=0ahUKEwjZlZehvt_bAhULJcAKHYQzBI4QqQIIJygAMAA&amp;url=http%3A%2F%2Fwww.europapress.es%2Fepsocial%2Figualdad%2Fnoticia-interior-revaluara-protocolos-definicion-riesgo-victimas-violencia-machista-20180619111721.html&amp;usg=AOvVaw2XG6xClHGep0rFptyAap7V\">Interior \u00abrevaluar\u00e1\u00bb los protocolos de definici\u00f3n de riesgo de las v\u00edctimas de violencia machista &#8230;<\/a>&#8211; Europa Press<\/p>\n<p><a href=\"https:\/\/candas365.es\/noticias\/magdalena-valerio-es-necesario-promover-la-visibilidad-de-la-economia-social\/\">Magdalena Valerio: \u201cEs necesario promover la visibilidad de la econom\u00eda social\u201d &#8230;<\/a>&#8211; Cand\u00e1s 365 Noticias<\/p>\n<p><strong>Institucional-CCAA<\/strong><\/p>\n<p><a href=\"http:\/\/www.lavozdeltajo.com\/noticia\/32571\/provincia\/inaugurado-el-proyecto-gira-mujeres-encuentra-tu-ruta-en-toledo.html\">Inaugurado el proyecto &#8216;Gira Mujeres, encuentra tu ruta&#8217; en Toledo<\/a> &#8211; lavozdeltajo<\/p>\n<p><a href=\"http:\/\/www.rondasomontano.com\/revista\/127258\/ana-alos-hablara-las-oportunidades-desarrollo-del-alto-aragon-barbastro-desayuno-amephu\/\">Ana Al\u00f3s hablar\u00e1 de las &#8216;Oportunidades de desarrollo del Alto Arag\u00f3n &#8230;<\/a>&#8211; Ronda Somontan<\/p>\n<p><a href=\"http:\/\/www.elmundo.es\/comunidad-valenciana\/2018\/06\/19\/5b280bd122601db5078b4636.html\">Las <strong>mujeres<\/strong> agraviadas del Cartogr\u00e0fic impulsan proyectos clave del centro<\/a> \u2013 El Mundo<\/p>\n<p><a href=\"http:\/\/www.noticiasdegipuzkoa.eus\/2018\/06\/19\/sociedad\/gipuzkoa-estrena-un-protocolo-de-respuesta-ante-la-violencia-sexista\">Gipuzkoa estrena un protocolo de respuesta ante la violencia sexista<\/a> &#8211; Noticias de Gipuzkoa<\/p>\n<p><strong>Econom\u00eda y Empresa<\/strong><\/p>\n<p><a href=\"https:\/\/www.google.com\/url?sa=t&amp;rct=j&amp;q=&amp;esrc=s&amp;source=newssearch&amp;cd=7&amp;ved=0ahUKEwi0w4mswd_bAhVUW8AKHTzQB9AQqQIIOCgAMAY&amp;url=https%3A%2F%2Fwww.elboletin.com%2Fnoticia%2F164567%2Ftecnologia%2Fbrecha-de-genero-en-la-inversion%3A-las-mujeres-recaudan-la-mitad-aunque-sus-startups-son-mas-rentables.html&amp;usg=AOvVaw0yqyUIxPbX66ww6NxfD-Rk\">Brecha de g\u00e9nero en la inversi\u00f3n: las mujeres recaudan la mitad aunque sus startups son m\u00e1s rentables&#8230;<\/a>&#8211; El Bolet\u00edn.com<\/p>\n<p><a href=\"http:\/\/www.mujeremprendedora.net\/889-824-afiliadas-extranjeras-seguridad-social\/\">889.824 afiliadas extranjeras a la Seguridad Social<\/a> \u2013 Mujeremprendedora.net<\/p>\n<p><strong>Actualidad<\/strong><\/p>\n<p><a href=\"https:\/\/www.google.com\/url?sa=t&amp;rct=j&amp;q=&amp;esrc=s&amp;source=newssearch&amp;cd=3&amp;ved=0ahUKEwiz8YLKvt_bAhVqL8AKHY1sB44QqQIILSgAMAI&amp;url=http%3A%2F%2Fwww.bbc.com%2Fmundo%2Fvert-fut-44379181&amp;usg=AOvVaw0oV3JK8bA8VUQ7dx7w7ZjV\">Por qu\u00e9 la medicina trata el dolor de forma diferente en mujeres y hombres &#8230;<\/a> &#8211; BBC Mundo<\/p>\n<p><a href=\"https:\/\/www.google.com\/url?sa=t&amp;rct=j&amp;q=&amp;esrc=s&amp;source=newssearch&amp;cd=29&amp;ved=0ahUKEwiVnuLAv9_bAhUFasAKHTMRB8A4FBCpAgg-KAAwCA&amp;url=https%3A%2F%2Felpais.com%2Felpais%2F2018%2F06%2F18%2Fplaneta_futuro%2F1529332998_162142.html&amp;usg=AOvVaw0J0z73T2SlSujbFrvmPTnh\">Ciudades que aman a las mujeres<\/a> \u2013 El Pa\u00eds<\/p>\n<p><a href=\"https:\/\/www.google.com\/url?sa=t&amp;rct=j&amp;q=&amp;esrc=s&amp;source=newssearch&amp;cd=43&amp;ved=0ahUKEwivwbbsv9_bAhXoL8AKHRsBDeM4KBCpAggrKAAwAg&amp;url=http%3A%2F%2Fcadenaser.com%2Fser%2F2018%2F06%2F18%2Fciencia%2F1529332062_815567.html&amp;usg=AOvVaw1HbIZph3YlIxXfloyf9Lew\">Las mujeres que madrugan tienen menos probabilidades de desarrollar depresi\u00f3n&#8230;<\/a>&#8211; Cadena SER<\/p>\n<p><strong>Violencias<\/strong><\/p>\n<p><a href=\"https:\/\/www.google.com\/url?rct=j&amp;sa=t&amp;url=http:\/\/www.lasexta.com\/noticias\/sociedad\/hallan-hombre-mujer-muertos-arma-fuego-porrino-pontevedra_201806185b27d2c00cf2e84112409243.html&amp;ct=ga&amp;cd=CAEYASoTNzEwODU5NTI2NzQ1OTMwOTUyMTIZYzAzNzJlYmMyZmVhZGE1OTplczplczpFUw&amp;usg=AFQjCNGI50WY50epqpWPUC_NuZjuDAvlcw\">Investigan como un caso de violencia machista el hallazgo de los cad\u00e1veres de un matrimonio en &#8230; <\/a>&#8211; LaSexta<\/p>\n<p><a href=\"https:\/\/www.periodicoclm.es\/articulo\/cuenca\/ibas-canon-menuda-pechuga-alumna-motilla-palancar-15-anos-denuncia-mensajes-sexuales-profesor\/20180618184226008430.html\">\u00abIbas ca\u00f1\u00f3n\u00bb o \u00abmenuda pechuga\u00bb: una alumna de 15 a\u00f1os denuncia mensajes sexuales de su profesor &#8211; P\u00fablico<br \/>\n<\/a><a href=\"http:\/\/www.elmundo.es\/espana\/2018\/06\/18\/5b27ff77468aeb101b8b465a.html\">Una sentencia pionera del Supremo aplica perspectiva de g\u00e9nero: las v\u00edctimas de violencia machista son \u00abtestigos cualificados\u00bb<\/a> \u2013 El Mundo<\/p>\n<p><strong>Ciencia y Cultura<\/strong><\/p>\n<p><a href=\"http:\/\/www.elmundo.es\/cultura\/cine\/2018\/06\/19\/5b288212468aeb6e448b4644.html\">Ana Gallego deja la direcci\u00f3n de la Filmoteca Nacional<\/a> \u2013El Mundo<\/p>\n<p><a href=\"http:\/\/www.elmundo.es\/metropoli\/teatro\/2018\/06\/19\/5b27af39268e3ebf628b45c4.html\">Gloria Mu\u00f1oz: \u00abSoy una corredora de fondo\u00bb<\/a>\u2013El Mundo<\/p>\n<p><a href=\"http:\/\/www.publico.es\/culturas\/desnudez-triunfadora-premios-max-gala-reivindicativa.html\">&#8216;La desnudez&#8217;, triunfadora de los Premios Max en una gala \u00absin mordazas\u00bb<\/a> &#8211; P\u00fablico<\/p>\n<p><a href=\"https:\/\/elpais.com\/cultura\/2018\/06\/18\/actualidad\/1529336769_743592.html\">El infierno de Emmy Hennings, la olvidada reina dad\u00e1<\/a> \u2013 El Pa\u00eds<\/p>\n<p><strong>Deporte<\/strong><\/p>\n<p><a href=\"https:\/\/elpais.com\/deportes\/2018\/06\/19\/actualidad\/1529398375_056167.html\">Mireia Belmonte, abanderada en la apertura de los Juegos Mediterr\u00e1neos<\/a> \u2013 El Pa\u00eds<\/p>\n<p><a href=\"https:\/\/www.google.com\/url?sa=t&amp;rct=j&amp;q=&amp;esrc=s&amp;source=newssearch&amp;cd=3&amp;ved=0ahUKEwjFg5vZyN_bAhUI8RQKHTzNBWwQqQIILSgAMAI&amp;url=http%3A%2F%2Fwww.lavanguardia.com%2Fdeportes%2F20180619%2F45264882786%2Fla-seleccion-femenina-viaja-a-kazan-para-apoyar-a-espana-ante-iran.html&amp;usg=AOvVaw3mz40Faj6BpzEaFssvrggo\">La selecci\u00f3n femenina de futbol viaja a Kaz\u00e1n para apoyar a Espa\u00f1a ante Ir\u00e1n<\/a>&#8211; La Vanguardia<\/p>\n<p>[\/toggle]<\/p>\n<p>[toggle type=\u00bbfirst\u00bb title=\u00bbInternacional\u00bb]<\/p>\n<p><a href=\"https:\/\/www.google.com\/url?sa=t&amp;rct=j&amp;q=&amp;esrc=s&amp;source=newssearch&amp;cd=33&amp;ved=0ahUKEwiusJ3Uwd_bAhVLa8AKHU8bAXc4HhCpAggsKAAwAg&amp;url=https%3A%2F%2Fwww.merca2.es%2Fmujeres-elecciones-genero%2F&amp;usg=AOvVaw1SvkIUV0dyKarz7lLqyzZG\">WECAN: Las mujeres preparan una campa\u00f1a de g\u00e9nero para las elecciones europeas &#8230;<\/a>&#8211; Merca2<\/p>\n<p><a href=\"https:\/\/www.clarin.com\/mundo\/mujeres-copan-vicepresidencias-america-latina_0_rkFg23S-X.html\">Las mujeres copan las vicepresidencias en Am\u00e9rica Latina<\/a> &#8211; Clar\u00edn.com<\/p>\n<p><a href=\"http:\/\/www.eluniversal.com.mx\/columna\/magda-hinojosa\/nacion\/mujeres-en-el-congreso-la-victoria-silenciosa-de-mexico\">Mujeres en el Congreso, la victoria silenciosa de M\u00e9xico<\/a> &#8211; El Universal<\/p>\n<p><a href=\"http:\/\/www.elmundo.es\/papel\/historias\/2018\/06\/19\/5b279a72e2704e325d8b461f.html\">Las jubiladas pobres de la ciudad de los rascacielos<\/a> \u2013 El Mundo<\/p>\n<p><a href=\"https:\/\/elpais.com\/internacional\/2018\/06\/18\/actualidad\/1529346704_000097.html\">La OMS saca la transexualidad de la lista de enfermedades mentales<\/a>\u2013 El Pa\u00eds<\/p>\n<p><a href=\"https:\/\/elpais.com\/cultura\/2018\/06\/18\/actualidad\/1529335361_751625.html\">Patti Smith: \u201cSi solo pudiera quedarme con una cosa, ser\u00eda con la literatura\u201d<\/a> \u2013 El Pa\u00eds<\/p>\n<p><a href=\"https:\/\/elpais.com\/deportes\/2018\/06\/18\/actualidad\/1529348600_589570.html\">La lucha de Sara para que las mujeres iran\u00edes puedan ir al f\u00fatbol<\/a> \u2013 El Pa\u00eds<\/p>\n<p>[\/toggle]<\/p>\n<\/div>\n<\/div>\n<\/div>\n<\/div>\n<\/div>\n<\/div>\n","protected":false},"excerpt":{"rendered":"<p>Mar\u00eda Teresa Fern\u00e1ndez de la Vega, presidenta del Consejo de <a href=\"https:\/\/cklcomunicaciones.es\/coop\/noticias-info-ckl-no-2-151-19-06-18\/\">[&#8230;]<\/a><\/p>\n","protected":false},"author":3,"featured_media":0,"comment_status":"closed","ping_status":"closed","sticky":false,"template":"","format":"standard","meta":{"footnotes":""},"categories":[298,623],"tags":[],"class_list":["post-14015","post","type-post","status-publish","format-standard","hentry","category-newsletter","category-nwl-2-0"],"yoast_head":"<!-- This site is optimized with the Yoast SEO plugin v27.5 - https:\/\/yoast.com\/product\/yoast-seo-wordpress\/ -->\n<title>Noticias Info CKL n\u00ba 2.151-19\/06\/18-Comunica con perspectiva de g\u00e9nero<\/title>\n<meta name=\"description\" content=\"Comunicar con perspectiva de g\u00e9nero: Mar\u00eda Teresa Fern\u00e1ndez de la Vega, presidenta del Consejo de Estado\u2013Ciudades que aman a las mujeres-WECAN prepara una campa\u00f1a de g\u00e9nero para las elecciones europeas-Eva Yerbabuena Premio Max Mejor Interprete Danza\" \/>\n<meta name=\"robots\" content=\"index, follow, max-snippet:-1, max-image-preview:large, max-video-preview:-1\" \/>\n<link rel=\"canonical\" href=\"https:\/\/cklcomunicaciones.es\/coop\/noticias-info-ckl-no-2-151-19-06-18\/\" \/>\n<meta property=\"og:locale\" content=\"es_ES\" \/>\n<meta property=\"og:type\" content=\"article\" \/>\n<meta property=\"og:title\" content=\"Noticias Info CKL n\u00ba 2.151-19\/06\/18-Comunica con perspectiva de g\u00e9nero\" \/>\n<meta property=\"og:description\" content=\"Comunicar con perspectiva de g\u00e9nero: Mar\u00eda Teresa Fern\u00e1ndez de la Vega, presidenta del Consejo de Estado\u2013Ciudades que aman a las mujeres-WECAN prepara una campa\u00f1a de g\u00e9nero para las elecciones europeas-Eva Yerbabuena Premio Max Mejor Interprete Danza\" \/>\n<meta property=\"og:url\" content=\"https:\/\/cklcomunicaciones.es\/coop\/noticias-info-ckl-no-2-151-19-06-18\/\" \/>\n<meta property=\"og:site_name\" content=\"CKL Comunicaciones\" \/>\n<meta property=\"article:published_time\" content=\"2018-06-19T11:24:04+00:00\" \/>\n<meta property=\"article:modified_time\" content=\"2025-01-17T15:40:46+00:00\" \/>\n<meta property=\"og:image\" content=\"https:\/\/cklcomunicaciones.es\/coop\/wp-content\/uploads\/2018\/03\/CKL_comunicacion-con-perspetiva-de-genero.jpg\" \/>\n\t<meta property=\"og:image:width\" content=\"500\" \/>\n\t<meta property=\"og:image:height\" content=\"500\" \/>\n\t<meta property=\"og:image:type\" content=\"image\/jpeg\" \/>\n<meta name=\"author\" content=\"ckl\" \/>\n<meta name=\"twitter:card\" content=\"summary_large_image\" \/>\n<meta name=\"twitter:label1\" content=\"Escrito por\" \/>\n\t<meta name=\"twitter:data1\" content=\"ckl\" \/>\n\t<meta name=\"twitter:label2\" content=\"Tiempo de lectura\" \/>\n\t<meta name=\"twitter:data2\" content=\"4 minutos\" \/>\n<script type=\"application\/ld+json\" class=\"yoast-schema-graph\">{\"@context\":\"https:\\\/\\\/schema.org\",\"@graph\":[{\"@type\":\"Article\",\"@id\":\"https:\\\/\\\/cklcomunicaciones.es\\\/coop\\\/noticias-info-ckl-no-2-151-19-06-18\\\/#article\",\"isPartOf\":{\"@id\":\"https:\\\/\\\/cklcomunicaciones.es\\\/coop\\\/noticias-info-ckl-no-2-151-19-06-18\\\/\"},\"author\":{\"name\":\"ckl\",\"@id\":\"https:\\\/\\\/cklcomunicaciones.es\\\/coop\\\/#\\\/schema\\\/person\\\/929a6837f7626450bbb50cee1aef266e\"},\"headline\":\"Noticias Info CKL n\u00ba 2.151-19\\\/06\\\/18\",\"datePublished\":\"2018-06-19T11:24:04+00:00\",\"dateModified\":\"2025-01-17T15:40:46+00:00\",\"mainEntityOfPage\":{\"@id\":\"https:\\\/\\\/cklcomunicaciones.es\\\/coop\\\/noticias-info-ckl-no-2-151-19-06-18\\\/\"},\"wordCount\":876,\"image\":{\"@id\":\"https:\\\/\\\/cklcomunicaciones.es\\\/coop\\\/noticias-info-ckl-no-2-151-19-06-18\\\/#primaryimage\"},\"thumbnailUrl\":\"http:\\\/\\\/www.cklcomunicaciones.es\\\/wp-content\\\/uploads\\\/2018\\\/03\\\/CKL_comunicacion-con-perspetiva-de-genero-300x300.jpg\",\"articleSection\":[\"Newsletter\",\"Nwl v2.0\"],\"inLanguage\":\"es\"},{\"@type\":\"WebPage\",\"@id\":\"https:\\\/\\\/cklcomunicaciones.es\\\/coop\\\/noticias-info-ckl-no-2-151-19-06-18\\\/\",\"url\":\"https:\\\/\\\/cklcomunicaciones.es\\\/coop\\\/noticias-info-ckl-no-2-151-19-06-18\\\/\",\"name\":\"Noticias Info CKL n\u00ba 2.151-19\\\/06\\\/18-Comunica con perspectiva de g\u00e9nero\",\"isPartOf\":{\"@id\":\"https:\\\/\\\/cklcomunicaciones.es\\\/coop\\\/#website\"},\"primaryImageOfPage\":{\"@id\":\"https:\\\/\\\/cklcomunicaciones.es\\\/coop\\\/noticias-info-ckl-no-2-151-19-06-18\\\/#primaryimage\"},\"image\":{\"@id\":\"https:\\\/\\\/cklcomunicaciones.es\\\/coop\\\/noticias-info-ckl-no-2-151-19-06-18\\\/#primaryimage\"},\"thumbnailUrl\":\"http:\\\/\\\/www.cklcomunicaciones.es\\\/wp-content\\\/uploads\\\/2018\\\/03\\\/CKL_comunicacion-con-perspetiva-de-genero-300x300.jpg\",\"datePublished\":\"2018-06-19T11:24:04+00:00\",\"dateModified\":\"2025-01-17T15:40:46+00:00\",\"author\":{\"@id\":\"https:\\\/\\\/cklcomunicaciones.es\\\/coop\\\/#\\\/schema\\\/person\\\/929a6837f7626450bbb50cee1aef266e\"},\"description\":\"Comunicar con perspectiva de g\u00e9nero: Mar\u00eda Teresa Fern\u00e1ndez de la Vega, presidenta del Consejo de Estado\u2013Ciudades que aman a las mujeres-WECAN prepara una campa\u00f1a de g\u00e9nero para las elecciones europeas-Eva Yerbabuena Premio Max Mejor Interprete Danza\",\"breadcrumb\":{\"@id\":\"https:\\\/\\\/cklcomunicaciones.es\\\/coop\\\/noticias-info-ckl-no-2-151-19-06-18\\\/#breadcrumb\"},\"inLanguage\":\"es\",\"potentialAction\":[{\"@type\":\"ReadAction\",\"target\":[\"https:\\\/\\\/cklcomunicaciones.es\\\/coop\\\/noticias-info-ckl-no-2-151-19-06-18\\\/\"]}]},{\"@type\":\"ImageObject\",\"inLanguage\":\"es\",\"@id\":\"https:\\\/\\\/cklcomunicaciones.es\\\/coop\\\/noticias-info-ckl-no-2-151-19-06-18\\\/#primaryimage\",\"url\":\"http:\\\/\\\/www.cklcomunicaciones.es\\\/wp-content\\\/uploads\\\/2018\\\/03\\\/CKL_comunicacion-con-perspetiva-de-genero-300x300.jpg\",\"contentUrl\":\"http:\\\/\\\/www.cklcomunicaciones.es\\\/wp-content\\\/uploads\\\/2018\\\/03\\\/CKL_comunicacion-con-perspetiva-de-genero-300x300.jpg\"},{\"@type\":\"BreadcrumbList\",\"@id\":\"https:\\\/\\\/cklcomunicaciones.es\\\/coop\\\/noticias-info-ckl-no-2-151-19-06-18\\\/#breadcrumb\",\"itemListElement\":[{\"@type\":\"ListItem\",\"position\":1,\"name\":\"Portada\",\"item\":\"https:\\\/\\\/cklcomunicaciones.es\\\/coop\\\/\"},{\"@type\":\"ListItem\",\"position\":2,\"name\":\"Noticias Info CKL n\u00ba 2.151-19\\\/06\\\/18\"}]},{\"@type\":\"WebSite\",\"@id\":\"https:\\\/\\\/cklcomunicaciones.es\\\/coop\\\/#website\",\"url\":\"https:\\\/\\\/cklcomunicaciones.es\\\/coop\\\/\",\"name\":\"CKL Comunicaciones\",\"description\":\"Sitio web de CKL Comunicaciones coop , la consultora de comunicaci\u00f3n y estrategia\",\"potentialAction\":[{\"@type\":\"SearchAction\",\"target\":{\"@type\":\"EntryPoint\",\"urlTemplate\":\"https:\\\/\\\/cklcomunicaciones.es\\\/coop\\\/?s={search_term_string}\"},\"query-input\":{\"@type\":\"PropertyValueSpecification\",\"valueRequired\":true,\"valueName\":\"search_term_string\"}}],\"inLanguage\":\"es\"},{\"@type\":\"Person\",\"@id\":\"https:\\\/\\\/cklcomunicaciones.es\\\/coop\\\/#\\\/schema\\\/person\\\/929a6837f7626450bbb50cee1aef266e\",\"name\":\"ckl\",\"image\":{\"@type\":\"ImageObject\",\"inLanguage\":\"es\",\"@id\":\"https:\\\/\\\/secure.gravatar.com\\\/avatar\\\/c82db564e8a669bf6023357a157b9dc4780f4d4c618f2ad1d71a6a5dede45057?s=96&d=mm&r=g\",\"url\":\"https:\\\/\\\/secure.gravatar.com\\\/avatar\\\/c82db564e8a669bf6023357a157b9dc4780f4d4c618f2ad1d71a6a5dede45057?s=96&d=mm&r=g\",\"contentUrl\":\"https:\\\/\\\/secure.gravatar.com\\\/avatar\\\/c82db564e8a669bf6023357a157b9dc4780f4d4c618f2ad1d71a6a5dede45057?s=96&d=mm&r=g\",\"caption\":\"ckl\"},\"url\":\"https:\\\/\\\/cklcomunicaciones.es\\\/coop\\\/author\\\/cklcomunicaciones\\\/\"}]}<\/script>\n<!-- \/ Yoast SEO plugin. -->","yoast_head_json":{"title":"Noticias Info CKL n\u00ba 2.151-19\/06\/18-Comunica con perspectiva de g\u00e9nero","description":"Comunicar con perspectiva de g\u00e9nero: Mar\u00eda Teresa Fern\u00e1ndez de la Vega, presidenta del Consejo de Estado\u2013Ciudades que aman a las mujeres-WECAN prepara una campa\u00f1a de g\u00e9nero para las elecciones europeas-Eva Yerbabuena Premio Max Mejor Interprete Danza","robots":{"index":"index","follow":"follow","max-snippet":"max-snippet:-1","max-image-preview":"max-image-preview:large","max-video-preview":"max-video-preview:-1"},"canonical":"https:\/\/cklcomunicaciones.es\/coop\/noticias-info-ckl-no-2-151-19-06-18\/","og_locale":"es_ES","og_type":"article","og_title":"Noticias Info CKL n\u00ba 2.151-19\/06\/18-Comunica con perspectiva de g\u00e9nero","og_description":"Comunicar con perspectiva de g\u00e9nero: Mar\u00eda Teresa Fern\u00e1ndez de la Vega, presidenta del Consejo de Estado\u2013Ciudades que aman a las mujeres-WECAN prepara una campa\u00f1a de g\u00e9nero para las elecciones europeas-Eva Yerbabuena Premio Max Mejor Interprete Danza","og_url":"https:\/\/cklcomunicaciones.es\/coop\/noticias-info-ckl-no-2-151-19-06-18\/","og_site_name":"CKL Comunicaciones","article_published_time":"2018-06-19T11:24:04+00:00","article_modified_time":"2025-01-17T15:40:46+00:00","og_image":[{"width":500,"height":500,"url":"https:\/\/cklcomunicaciones.es\/coop\/wp-content\/uploads\/2018\/03\/CKL_comunicacion-con-perspetiva-de-genero.jpg","type":"image\/jpeg"}],"author":"ckl","twitter_card":"summary_large_image","twitter_misc":{"Escrito por":"ckl","Tiempo de lectura":"4 minutos"},"schema":{"@context":"https:\/\/schema.org","@graph":[{"@type":"Article","@id":"https:\/\/cklcomunicaciones.es\/coop\/noticias-info-ckl-no-2-151-19-06-18\/#article","isPartOf":{"@id":"https:\/\/cklcomunicaciones.es\/coop\/noticias-info-ckl-no-2-151-19-06-18\/"},"author":{"name":"ckl","@id":"https:\/\/cklcomunicaciones.es\/coop\/#\/schema\/person\/929a6837f7626450bbb50cee1aef266e"},"headline":"Noticias Info CKL n\u00ba 2.151-19\/06\/18","datePublished":"2018-06-19T11:24:04+00:00","dateModified":"2025-01-17T15:40:46+00:00","mainEntityOfPage":{"@id":"https:\/\/cklcomunicaciones.es\/coop\/noticias-info-ckl-no-2-151-19-06-18\/"},"wordCount":876,"image":{"@id":"https:\/\/cklcomunicaciones.es\/coop\/noticias-info-ckl-no-2-151-19-06-18\/#primaryimage"},"thumbnailUrl":"http:\/\/www.cklcomunicaciones.es\/wp-content\/uploads\/2018\/03\/CKL_comunicacion-con-perspetiva-de-genero-300x300.jpg","articleSection":["Newsletter","Nwl v2.0"],"inLanguage":"es"},{"@type":"WebPage","@id":"https:\/\/cklcomunicaciones.es\/coop\/noticias-info-ckl-no-2-151-19-06-18\/","url":"https:\/\/cklcomunicaciones.es\/coop\/noticias-info-ckl-no-2-151-19-06-18\/","name":"Noticias Info CKL n\u00ba 2.151-19\/06\/18-Comunica con perspectiva de g\u00e9nero","isPartOf":{"@id":"https:\/\/cklcomunicaciones.es\/coop\/#website"},"primaryImageOfPage":{"@id":"https:\/\/cklcomunicaciones.es\/coop\/noticias-info-ckl-no-2-151-19-06-18\/#primaryimage"},"image":{"@id":"https:\/\/cklcomunicaciones.es\/coop\/noticias-info-ckl-no-2-151-19-06-18\/#primaryimage"},"thumbnailUrl":"http:\/\/www.cklcomunicaciones.es\/wp-content\/uploads\/2018\/03\/CKL_comunicacion-con-perspetiva-de-genero-300x300.jpg","datePublished":"2018-06-19T11:24:04+00:00","dateModified":"2025-01-17T15:40:46+00:00","author":{"@id":"https:\/\/cklcomunicaciones.es\/coop\/#\/schema\/person\/929a6837f7626450bbb50cee1aef266e"},"description":"Comunicar con perspectiva de g\u00e9nero: Mar\u00eda Teresa Fern\u00e1ndez de la Vega, presidenta del Consejo de Estado\u2013Ciudades que aman a las mujeres-WECAN prepara una campa\u00f1a de g\u00e9nero para las elecciones europeas-Eva Yerbabuena Premio Max Mejor Interprete Danza","breadcrumb":{"@id":"https:\/\/cklcomunicaciones.es\/coop\/noticias-info-ckl-no-2-151-19-06-18\/#breadcrumb"},"inLanguage":"es","potentialAction":[{"@type":"ReadAction","target":["https:\/\/cklcomunicaciones.es\/coop\/noticias-info-ckl-no-2-151-19-06-18\/"]}]},{"@type":"ImageObject","inLanguage":"es","@id":"https:\/\/cklcomunicaciones.es\/coop\/noticias-info-ckl-no-2-151-19-06-18\/#primaryimage","url":"http:\/\/www.cklcomunicaciones.es\/wp-content\/uploads\/2018\/03\/CKL_comunicacion-con-perspetiva-de-genero-300x300.jpg","contentUrl":"http:\/\/www.cklcomunicaciones.es\/wp-content\/uploads\/2018\/03\/CKL_comunicacion-con-perspetiva-de-genero-300x300.jpg"},{"@type":"BreadcrumbList","@id":"https:\/\/cklcomunicaciones.es\/coop\/noticias-info-ckl-no-2-151-19-06-18\/#breadcrumb","itemListElement":[{"@type":"ListItem","position":1,"name":"Portada","item":"https:\/\/cklcomunicaciones.es\/coop\/"},{"@type":"ListItem","position":2,"name":"Noticias Info CKL n\u00ba 2.151-19\/06\/18"}]},{"@type":"WebSite","@id":"https:\/\/cklcomunicaciones.es\/coop\/#website","url":"https:\/\/cklcomunicaciones.es\/coop\/","name":"CKL Comunicaciones","description":"Sitio web de CKL Comunicaciones coop , la consultora de comunicaci\u00f3n y estrategia","potentialAction":[{"@type":"SearchAction","target":{"@type":"EntryPoint","urlTemplate":"https:\/\/cklcomunicaciones.es\/coop\/?s={search_term_string}"},"query-input":{"@type":"PropertyValueSpecification","valueRequired":true,"valueName":"search_term_string"}}],"inLanguage":"es"},{"@type":"Person","@id":"https:\/\/cklcomunicaciones.es\/coop\/#\/schema\/person\/929a6837f7626450bbb50cee1aef266e","name":"ckl","image":{"@type":"ImageObject","inLanguage":"es","@id":"https:\/\/secure.gravatar.com\/avatar\/c82db564e8a669bf6023357a157b9dc4780f4d4c618f2ad1d71a6a5dede45057?s=96&d=mm&r=g","url":"https:\/\/secure.gravatar.com\/avatar\/c82db564e8a669bf6023357a157b9dc4780f4d4c618f2ad1d71a6a5dede45057?s=96&d=mm&r=g","contentUrl":"https:\/\/secure.gravatar.com\/avatar\/c82db564e8a669bf6023357a157b9dc4780f4d4c618f2ad1d71a6a5dede45057?s=96&d=mm&r=g","caption":"ckl"},"url":"https:\/\/cklcomunicaciones.es\/coop\/author\/cklcomunicaciones\/"}]}},"_links":{"self":[{"href":"https:\/\/cklcomunicaciones.es\/coop\/wp-json\/wp\/v2\/posts\/14015","targetHints":{"allow":["GET"]}}],"collection":[{"href":"https:\/\/cklcomunicaciones.es\/coop\/wp-json\/wp\/v2\/posts"}],"about":[{"href":"https:\/\/cklcomunicaciones.es\/coop\/wp-json\/wp\/v2\/types\/post"}],"author":[{"embeddable":true,"href":"https:\/\/cklcomunicaciones.es\/coop\/wp-json\/wp\/v2\/users\/3"}],"replies":[{"embeddable":true,"href":"https:\/\/cklcomunicaciones.es\/coop\/wp-json\/wp\/v2\/comments?post=14015"}],"version-history":[{"count":0,"href":"https:\/\/cklcomunicaciones.es\/coop\/wp-json\/wp\/v2\/posts\/14015\/revisions"}],"wp:attachment":[{"href":"https:\/\/cklcomunicaciones.es\/coop\/wp-json\/wp\/v2\/media?parent=14015"}],"wp:term":[{"taxonomy":"category","embeddable":true,"href":"https:\/\/cklcomunicaciones.es\/coop\/wp-json\/wp\/v2\/categories?post=14015"},{"taxonomy":"post_tag","embeddable":true,"href":"https:\/\/cklcomunicaciones.es\/coop\/wp-json\/wp\/v2\/tags?post=14015"}],"curies":[{"name":"wp","href":"https:\/\/api.w.org\/{rel}","templated":true}]}}