{"id":14006,"date":"2018-06-14T12:40:33","date_gmt":"2018-06-14T10:40:33","guid":{"rendered":"http:\/\/www.cklcomunicaciones.es\/?p=14006"},"modified":"2025-01-17T16:40:47","modified_gmt":"2025-01-17T15:40:47","slug":"noticias-info-ckl-no-2-148-14-06-18","status":"publish","type":"post","link":"https:\/\/cklcomunicaciones.es\/coop\/noticias-info-ckl-no-2-148-14-06-18\/","title":{"rendered":"Noticias Info CKL n\u00ba 2.148-14\/06\/18"},"content":{"rendered":"<div id=\"pl-14006\"  class=\"panel-layout\" >\n<div id=\"pg-14006-0\"  class=\"panel-grid panel-no-style\"  data-style=\"{&quot;background_image_attachment&quot;:false,&quot;background_display&quot;:&quot;tile&quot;,&quot;lsow_dark_bg&quot;:&quot;&quot;,&quot;cell_alignment&quot;:&quot;flex-start&quot;}\" >\n<div id=\"pgc-14006-0-0\"  class=\"panel-grid-cell\"  data-weight=\"1\" >\n<div id=\"panel-14006-0-0-0\" class=\"so-panel widget widget_sow-editor panel-first-child panel-last-child\" data-index=\"0\" data-style=\"{&quot;background_image_attachment&quot;:false,&quot;background_display&quot;:&quot;tile&quot;}\" >\n<div class=\"so-widget-sow-editor so-widget-sow-editor-base\">\n<div class=\"siteorigin-widget-tinymce textwidget\">\n\t<img decoding=\"async\" class=\"lazyload  wp-image-13726\" src=\"http:\/\/www.cklcomunicaciones.es\/wp-content\/uploads\/2018\/03\/CKL_comunicacion-con-perspetiva-de-genero-300x300.jpg\" data-orig-src=\"http:\/\/www.cklcomunicaciones.es\/wp-content\/uploads\/2018\/03\/CKL_comunicacion-con-perspetiva-de-genero-300x300.jpg\" alt=\"CKL_comunicacion con perspetiva de genero\" width=\"132\" height=\"132\" srcset=\"data:image\/svg+xml,%3Csvg%20xmlns%3D%27http%3A%2F%2Fwww.w3.org%2F2000%2Fsvg%27%20width%3D%27132%27%20height%3D%27132%27%20viewBox%3D%270%200%20132%20132%27%3E%3Crect%20width%3D%27132%27%20height%3D%27132%27%20fill-opacity%3D%220%22%2F%3E%3C%2Fsvg%3E\" data-srcset=\"https:\/\/cklcomunicaciones.es\/coop\/wp-content\/uploads\/2018\/03\/CKL_comunicacion-con-perspetiva-de-genero-150x150.jpg 150w, https:\/\/cklcomunicaciones.es\/coop\/wp-content\/uploads\/2018\/03\/CKL_comunicacion-con-perspetiva-de-genero-300x300.jpg 300w, https:\/\/cklcomunicaciones.es\/coop\/wp-content\/uploads\/2018\/03\/CKL_comunicacion-con-perspetiva-de-genero-450x450.jpg 450w, https:\/\/cklcomunicaciones.es\/coop\/wp-content\/uploads\/2018\/03\/CKL_comunicacion-con-perspetiva-de-genero.jpg 500w\" data-sizes=\"auto\" data-orig-sizes=\"(max-width: 132px) 100vw, 132px\" \/><\/p>\n<p id=\":1tg\" class=\"hP\" tabindex=\"-1\" data-thread-perm-id=\"163fdd9de9269c3b\" data-legacy-thread-id=\"163fdd9de9269c3b\"><strong>Comisi\u00f3n Europea lanza \u2018Women in the Digital Age\u00bb-Lo que las ni\u00f1as querr\u00edan ser de mayores si fueran ni\u00f1os -Sylvia A. Earle, Premio Princesa de Asturias de la Concordia-Feminismo, flamenco y refugiados a \u201821 grados\u2019<\/strong><\/p>\n<p>[toggle type=\u00bbfirst\u00bb title=\u00bbConvocatorias\u00bb]<\/p>\n<ul>\n<li>Acto de reconocimiento a la lucha por la igualdad y la visibilidad de las mujeres Bormujos 2018. Organizado por el Ayuntamiento de Bormujos. Bormujos, 14 de junio en el Centro Cultural La Atarazana a las 20h.<\/li>\n<li><a href=\"http:\/\/www.juntadeandalucia.es\/iam\/catalogo\/doc\/convocatorias\/2018-genero\/JA-AN-certamen-cortos-miradas-mujeres.jpg\">III Certamen de cortos &#8216;Miradas de mujeres&#8217;<\/a>. Asociaci\u00f3n Violetas de Izquierdas. Inscripci\u00f3n hasta el 15 de octubre de 2018<\/li>\n<li><a href=\"https:\/\/www.dropbox.com\/s\/atxafsttfqieh8x\/D%C3%ADptico%20jornadas%20Igualdad%20y%20Cultura%20%282%29.pdf?dl=0\">Jornadas de Igualdad y Cultura<\/a>. Instituto de la Cultura y las Artes del Sevilla y Uni\u00f3n de Actores y Actrices. 15 y 16 de junio de 2018<\/li>\n<\/ul>\n<p>[\/toggle]<\/p>\n<p>[toggle type=\u00bbfirst\u00bb title=\u00bbComunicaci\u00f3n\u00bb]<\/p>\n<p><a href=\"https:\/\/elpais.com\/cultura\/2018\/06\/13\/television\/1528877818_143873.html\">Laura Mart\u00ednez, directora de Deportes de la Cadena Ser: \u201cNo se ve con naturalidad que una mujer dirija a un equipo de hombres\u201d<\/a> &#8211; El Pa\u00eds<\/p>\n<p><a href=\"http:\/\/www.publico.es\/sociedad\/periodistas-piden-regulacion-control-informaciones-violencia-machista.html\">Periodistas piden regulaci\u00f3n y control sobre las informaciones sobre violencia de g\u00e9nero&#8230;<\/a>&#8211; P\u00fablico<\/p>\n<p><a href=\"http:\/\/www.elmundo.es\/television\/2018\/06\/12\/5b1fc3aee5fdea8c508b458e.html\">Par\u00e1lisis en RTVE, ahora por el comit\u00e9 de expertos<\/a> \u2013 El Mundo<\/p>\n<p><a href=\"https:\/\/www.google.com\/url?sa=t&amp;rct=j&amp;q=&amp;esrc=s&amp;source=newssearch&amp;cd=3&amp;ved=0ahUKEwjypZP_99LbAhUInRQKHbHHBf8QqQIILSgAMAI&amp;url=https%3A%2F%2Fwww.huffingtonpost.es%2Fnorma-loto%2Fa-mi-no-me-importa-la-rae_a_23457018%2F&amp;usg=AOvVaw0RVkQlq-BzqRKheykUf0NC\">A m\u00ed no me importa la RAE<\/a>&#8211; El HuffPost<\/p>\n<p><a href=\"http:\/\/pagina66.com\/not\/114637\/la-espanola-homenajea-a-las-mujeres-a-traves-de-las-redes-sociales\">La Espa\u00f1ola homenajea a las mujeres a trav\u00e9s de las redes sociales<\/a> &#8211; Pagina66<\/p>\n<p><a href=\"https:\/\/www.diarioinformacion.com\/elche\/2018\/06\/13\/denuncian-cartel-discoteca-sexista-crevillent\/2032132.html\">Denuncian por sexista el cartel de una discoteca de Crevillent que &#8230;<\/a> &#8211; Informaci\u00f3n<\/p>\n<p>[\/toggle]<\/p>\n<p>[toggle type=\u00bbfirst\u00bb title=\u00bbAndaluc\u00eda\u00bb]<\/p>\n<p><strong>Institucional<\/strong><\/p>\n<p><a href=\"http:\/\/www.juntadeandalucia.es\/presidencia\/portavoz\/133846\/SusanaDiaz\/memoriademocratica\/Jaen\/SantiagodeCalatrava\">Susana D\u00edaz destaca la importancia del D\u00eda de la Memoria para que los ni\u00f1os y j\u00f3venes conozcan la historia<\/a> \u2013 Oficina del Portavoz<\/p>\n<p><a href=\"http:\/\/huelvaya.es\/2018\/06\/13\/aguilar-anuncia-un-protocolo-para-evitar-abusos-en-el-sector-fresero\/\">Aguilar anuncia un protocolo para evitar abusos en el sector fresero<\/a> &#8211; HuelvaYA<\/p>\n<p><a href=\"https:\/\/www.google.com\/url?sa=t&amp;rct=j&amp;q=&amp;esrc=s&amp;source=newssearch&amp;cd=7&amp;ved=0ahUKEwiv1Kyd9dLbAhWJyRQKHUTOB1IQqQIIOSgAMAY&amp;url=https%3A%2F%2Fwww.teleprensa.com%2Fsevilla%2Fgalvez-al-frente-de-una-consejeria-que-mira-al-futuro-trabaja-por-que-los-jovenes-tengan-opciones-reales-de-volver.html.html&amp;usg=AOvVaw1M5YGrHWOH5y4T-rAXYVe6\">G\u00e1lvez, al frente de una Consejer\u00eda que \u00abmira al futuro\u00bb, trabaja por que la juventud tenga opci\u00f3n de volver &#8230;<\/a>&#8211; Teleprensa peri\u00f3dico digital<\/p>\n<p><strong>Econom\u00eda y Empresas<\/strong><\/p>\n<p><a href=\"http:\/\/www.mujeremprendedora.net\/nuevos-servicios-financieros-competitivos-a-emprendedores-y-empresas-andaluzas\/\">Nuevos servicios financieros competitivos a emprendedores y empresas andaluzas<\/a> \u2013 Mujeremprendedora.net<\/p>\n<p><a href=\"http:\/\/www.ideal.es\/almeria\/provincia-almeria\/junta-forma-produccion-20180614001333-ntvo.html\">La Junta forma en producci\u00f3n ecol\u00f3gica a j\u00f3venes con ayudas<\/a> &#8211; Ideal Digital<\/p>\n<p><a href=\"https:\/\/www.google.com\/url?sa=t&amp;rct=j&amp;q=&amp;esrc=s&amp;source=newssearch&amp;cd=22&amp;ved=0ahUKEwj6k8Tw8tLbAhUDzRQKHY51Bh44FBCpAggpKAAwAQ&amp;url=http%3A%2F%2Fcadenaser.com%2Femisora%2F2018%2F06%2F14%2Fradio_granada%2F1528956018_163923.html&amp;usg=AOvVaw0wAc3gvqCkiiu662cg5KyM\">Echa a andar en Granada el primer proyecto en Andaluc\u00eda de orientaci\u00f3n laboral para educaci\u00f3n permanente..<\/a>&#8211; Cadena SER<\/p>\n<p><a href=\"http:\/\/elcorreoweb.es\/andalucia\/la-junta-confia-en-que-la-comision-de-comercio-internacional-revierta-el-castigo-a-la-aceituna-negra-FX4264610\">La Junta espera que EEUU d\u00e9 marcha atr\u00e1s con los aranceles a la aceituna<\/a> \u2013 El Correo de Andaluc\u00eda<\/p>\n<p><strong>Actualidad<\/strong><\/p>\n<p><a href=\"https:\/\/www.google.com\/url?rct=j&amp;sa=t&amp;url=http:\/\/www.europapress.es\/esandalucia\/sevilla\/noticia-andalucia-destina-dos-millones-euros-impulso-proyectos-asociativos-fomentar-igualdad-genero-20180613145740.html&amp;ct=ga&amp;cd=CAEYACoUMTI3ODY0NzI5MDgyMjk0NzExNDMyGWMwMzcyZWJjMmZlYWRhNTk6ZXM6ZXM6RVM&amp;usg=AFQjCNGZrr_VUL4N2krIRQEyZua5G2yhMQ\">Andaluc\u00eda destina dos millones de euros al impulso de proyectos asociativos para fomentar la &#8230; <\/a>&#8211; Europa Press<\/p>\n<p><a href=\"https:\/\/andaluciainformacion.es\/andalucia\/760625\/aplazado-a-julio-juicio-contra-juana-rivas-tras-ausentarse-su-abogado\/\">Aplazado a julio juicio contra Juana Rivas tras ausentarse su abogado<\/a> &#8211; Andaluc\u00eda Informaci\u00f3n<\/p>\n<p><a href=\"https:\/\/www.google.com\/url?sa=t&amp;rct=j&amp;q=&amp;esrc=s&amp;source=newssearch&amp;cd=9&amp;ved=0ahUKEwiv1Kyd9dLbAhWJyRQKHUTOB1IQqQIIPygAMAg&amp;url=https%3A%2F%2Fwww.larazon.es%2Flocal%2Fandalucia%2Fsevilla-es-la-ciudad-andaluza-que-presenta-una-mayor-desigualdad-urbana-GI18674398&amp;usg=AOvVaw37X1kGmxRv8X5lTVqwZpOS\">Sevilla es la ciudad andaluza que presenta una mayor desigualdad urbana &#8230;<\/a>&#8211; La Raz\u00f3n<\/p>\n<p><strong>Violencia<\/strong><\/p>\n<p><a href=\"http:\/\/ctxt.es\/es\/20180606\/Politica\/20094\/trabajadoras-Huelva-empresa-violencia-Nuria-Alabao.htm\">Violencia sexual y laboral: la revuelta de las trabajadoras de las fresas &#8211; P\u00fablico<br \/>\n<\/a><strong>Ciencia y Cultura<\/strong><\/p>\n<p><a href=\"http:\/\/www.diariosur.es\/marbella-estepona\/carmen-calvo-abordara-20180614000341-ntvo.html\">Carmen Calvo abordar\u00e1 el Pacto de Estado contra la Violencia en los cursos de verano de la UMA&#8230;<\/a>&#8211; Sur Digital<\/p>\n<p><a href=\"http:\/\/elcorreoweb.es\/cultura\/feminismo-flamenco-y-refugiados-a-21-grados-KY4265862\">Feminismo, flamenco y refugiados a \u201821 grados\u2019<\/a>\u2013 El Correo de Andaluc\u00eda<\/p>\n<p><a href=\"http:\/\/elcorreoweb.es\/andalucia\/andalucia-perpetua-la-memoria-de-blas-infante-BX4264627\">Andaluc\u00eda perpet\u00faa la memoria de Blas Infante<\/a> \u2013 El Correo de Andaluc\u00eda<\/p>\n<p><strong>Deporte<\/strong><\/p>\n<p><a href=\"https:\/\/www.lavozdigital.es\/deportes\/cadizcf\/noticias\/cadiz-cf\/cadiz-cf-femenino-ya-suena-salto-categoria.html\">El C\u00e1diz CF Femenino ya sue\u00f1a con el salto de categor\u00eda<\/a> &#8211; La Voz Digital<\/p>\n<p><a href=\"http:\/\/www.gigantes.com\/cantera\/competiciones-torneos-y-campeonatos\/copa-covap-san-fernando\/\">San Fernando acoger\u00e1 la fase final de la iniciativa <em>deportiva<\/em> y &#8230;<\/a> -Gigantes del Basket<\/p>\n<p>[\/toggle]<\/p>\n<p>[toggle type=\u00bbfirst\u00bb title=\u00bbEstado\u00bb]<\/p>\n<p><strong>Institucional<\/strong><\/p>\n<p><a href=\"https:\/\/www.google.com\/url?sa=t&amp;rct=j&amp;q=&amp;esrc=s&amp;source=newssearch&amp;cd=1&amp;ved=0ahUKEwiU55G08tLbAhVGSBQKHYEQC8wQqQIIJygAMAA&amp;url=https%3A%2F%2Fandaluciainformacion.es%2Fandalucia%2F760646%2Fana-botella-gomez-sera-la-secretaria-de-estado-de-seguridad%2F&amp;usg=AOvVaw3E1j7mbkFHRBvY2kWUkHwE\">Ana Botella G\u00f3mez ser\u00e1 la secretaria de Estado de Seguridad<\/a> &#8211; Andaluc\u00eda Informaci\u00f3n<\/p>\n<p><a href=\"https:\/\/www.google.com\/url?rct=j&amp;sa=t&amp;url=https:\/\/www.elconfidencial.com\/espana\/2018-06-14\/marlaska-elige-pilar-allue-primera-mujer-directora-policia_1578422\/&amp;ct=ga&amp;cd=CAEYACoUMTM4ODI3NTY3NTE3Nzc5ODExMDQyGWMwMzcyZWJjMmZlYWRhNTk6ZXM6ZXM6RVM&amp;usg=AFQjCNH4vJW4tZGrgdZ6fFhSV6jUGDnDyA\">La comisaria general de Polic\u00eda Cient\u00edfica, Pilar All\u00fae, primera mujer al frente de la Polic\u00eda y Guardia Civil <\/a>&#8211; El Confidencial<\/p>\n<p><strong>Institucional-CCAA<\/strong><\/p>\n<p><a href=\"https:\/\/www.google.com\/url?rct=j&amp;sa=t&amp;url=http:\/\/www.lavanguardia.com\/vida\/20180613\/4584426115\/ccoo-advierte-mas-brecha-salarial-en-cyl-con-la-recuperacion-economica.html&amp;ct=ga&amp;cd=CAEYACoSNjg4OTU1MTM2NzU3NTM1MDA5MhljMDM3MmViYzJmZWFkYTU5OmVzOmVzOkVT&amp;usg=AFQjCNHuPKFydinSp3U4bA-Odqu3Y7s6Og\">CCOO advierte mayor brecha salarial en CyL con la recuperaci\u00f3n econ\u00f3mica <\/a>&#8211; La Vanguardia<\/p>\n<p><a href=\"http:\/\/www.elmundo.es\/nosotras\/2018\/06\/14\/5b213d8322601d60038b4571.html\">As\u00ed ayudan a 2,5 millones de mujeres las extreme\u00f1as<\/a> \u2013 El Mundo<\/p>\n<p><a href=\"http:\/\/www.elmundo.es\/album\/comunidad-valenciana\/castellon\/2018\/06\/13\/5b21535322601d4b588b4622.html\">Eva Alc\u00f3n ya es la primera mujer que dirige la universidad p\u00fablica de Castell\u00f3n<\/a><\/p>\n<p><a href=\"http:\/\/www.elperiodic.com\/segorbe\/noticias\/570474_diputaci%C3%B3n-alza-mujeres-emprendedoras-gran-encuentro-provincial.html\">La Diputaci\u00f3n de Castell\u00f3n alza la voz de las emprendedoras en un gran &#8230;<\/a> &#8211; elperiodic<\/p>\n<p><a href=\"https:\/\/navarra.elespanol.com\/articulo\/sociedad\/uned-pamplona-cursos-verano-junio\/20180614103030198156.html\">Ciudades en la Antig\u00fcedad y mujeres en la Ciencia: la UNED &#8230;<\/a> &#8211; Navarra.com<\/p>\n<p><a href=\"https:\/\/www.google.com\/url?rct=j&amp;sa=t&amp;url=https:\/\/www.eldigitaldealbacete.com\/2018\/06\/14\/castilla-la-mancha-convoca-ayudas-para-la-realizacion-de-actividades-de-promocion-relacionadas-con-los-valores-principios-y-estrategias-del-instituto-de-la-mujer\/&amp;ct=ga&amp;cd=CAEYACoUMTMzOTk5MTA3MjYwMjEzNjk2ODcyGWMwMzcyZWJjMmZlYWRhNTk6ZXM6ZXM6RVM&amp;usg=AFQjCNE5jLz0TuEK1ozcsPSIHCdHBF8cug\">Castilla-La Mancha convoca ayudas para la realizaci\u00f3n de actividades de promoci\u00f3n relacionadas &#8230; <\/a>&#8211; El Digital de Albacete<\/p>\n<p><strong>Econom\u00eda y Empresa<\/strong><\/p>\n<p><a href=\"https:\/\/www.google.com\/url?sa=t&amp;rct=j&amp;q=&amp;esrc=s&amp;source=newssearch&amp;cd=33&amp;ved=0ahUKEwjU59uG9NLbAhVIwBQKHSD4CVU4HhCpAggsKAAwAg&amp;url=http%3A%2F%2Fbuscarempleo.republica.com%2Femprendedores%2Fgira-mujeres-es-la-nueva-formacion-para-empresarias-todavia-no-la-conoces.html&amp;usg=AOvVaw1TWy4ddCJltKj0MQEsntaC\">GIRA Mujeres es la nueva formaci\u00f3n para empresarias \u00bfTodav\u00eda no la &#8230;<\/a> &#8211; Republica.com<\/p>\n<p><a href=\"http:\/\/www.elmundo.es\/economia\/2018\/06\/13\/5b211afee5fdea8e508b4662.html\">La reforma laboral se queda<\/a>\u2013 El Mundo<\/p>\n<p><a href=\"http:\/\/www.emprendedores.es\/casos-de-exito\/mejores-startups-espanolas-gigas-kantox-pisamonas\">Las tres startups espa\u00f1olas que m\u00e1s crecen en Europa<\/a> &#8211; Emprendedores<\/p>\n<p><strong>Actualidad<\/strong><\/p>\n<p><a href=\"https:\/\/aprendemosjuntos.elpais.com\/especial\/como-educar-en-igualdad-marina-subirats\/\">C\u00f3mo educar en la igualdad de g\u00e9nero<\/a> \u2013 El Pa\u00eds<\/p>\n<p><a href=\"http:\/\/www.mujeremprendedora.net\/sylvia-earle-premio-princesa-asturias-concordia\/\">Sylvia A. Earle, Premio Princesa de Asturias de la Concordia<\/a> \u2013 Mujeremprendedora.net<\/p>\n<p><a href=\"https:\/\/www.google.com\/url?sa=t&amp;rct=j&amp;q=&amp;esrc=s&amp;source=newssearch&amp;cd=39&amp;ved=0ahUKEwiDvpqW9tLbAhWDwxQKHUw8Ci84HhCpAgg8KAAwCA&amp;url=https%3A%2F%2Felpais.com%2Felpais%2F2018%2F06%2F10%2Fplaneta_futuro%2F1528661907_969674.html&amp;usg=AOvVaw1thwLNeMom3SocROJWriKX\">Lo que las ni\u00f1as querr\u00edan ser de mayores si fueran ni\u00f1os<\/a> \u2013 El Pa\u00eds<\/p>\n<p><strong>Violencias<\/strong><\/p>\n<p><a href=\"https:\/\/www.google.com\/url?sa=t&amp;rct=j&amp;q=&amp;esrc=s&amp;source=newssearch&amp;cd=17&amp;ved=0ahUKEwiQmfP-9tLbAhWI1RQKHQcID_g4ChCpAgg3KAAwBg&amp;url=http%3A%2F%2Fwww.eleconomista.es%2Fempresas-finanzas%2Fnoticias%2F9205636%2F06%2F18%2FLa-mutilacion-genital-femenina-aumenta-el-riesgo-de-desarrollar-enfermedad-mental.html&amp;usg=AOvVaw00NDDOHYK9jepjyKTvPApU\">La mutilaci\u00f3n genital femenina aumenta el riesgo de desarrollar enfermedad mental &#8230;<\/a>&#8211; elEconomista.es<\/p>\n<p><a href=\"https:\/\/www.google.com\/url?rct=j&amp;sa=t&amp;url=https:\/\/www.diariodemallorca.es\/sucesos\/2018\/06\/13\/detenidos-futbolistas-britanicos-ibiza-acusados\/1322144.html&amp;ct=ga&amp;cd=CAEYAioSNjg4OTU1MTM2NzU3NTM1MDA5MhljMDM3MmViYzJmZWFkYTU5OmVzOmVzOkVT&amp;usg=AFQjCNHxUyPY0Yq_MpcDb8wmpiiMyKU29g\">Detenidos dos futbolistas brit\u00e1nicos en Ibiza acusados de agredir sexualmente a una chica <\/a>&#8211; Diario de Mallorca<\/p>\n<p><strong>Ciencia y Cultura<\/strong><\/p>\n<p><a href=\"https:\/\/elpais.com\/elpais\/2018\/06\/13\/ciencia\/1528910557_731795.html\">\u00c1ngeles Heras, propuesta como n\u00famero dos del Ministerio de Ciencia<\/a>\u2013 El Pa\u00eds<\/p>\n<p><a href=\"https:\/\/elpais.com\/elpais\/2018\/06\/13\/tentaciones\/1528911770_742428.html\">Rosa Copado: \u201cLas fot\u00f3grafas son mujeres luchadoras y muy fuertes\u201d<\/a>&#8211; El Pa\u00eds<\/p>\n<p><a href=\"https:\/\/www.google.com\/url?rct=j&amp;sa=t&amp;url=http:\/\/www.eleconomista.es\/ecoaula\/noticias\/9204245\/06\/18\/Encuentros-Complutense-presenta-alternativas-para-crear-una-nueva-imagen-social-de-la-mujer.html&amp;ct=ga&amp;cd=CAEYBSoUMTEyODA5ODkzMzQwMzE3NDQ3NzcyGWMwMzcyZWJjMmZlYWRhNTk6ZXM6ZXM6RVM&amp;usg=AFQjCNF-oxKMANVL0e5EyrMyk-ueaCE7_g\">Encuentros Complutense presenta alternativas para crear una nueva imagen social de la mujer <\/a>&#8211; elEconomista.es<\/p>\n<p><a href=\"http:\/\/www.elmundo.es\/cultura\/2018\/06\/14\/5b21327ae2704e6b0c8b457b.html\">Ana Mat\u00edas, la retratista de culto de &#8216;El canto de la tripulaci\u00f3n&#8217;<\/a> \u2013 El Mundo<\/p>\n<p><strong>Deporte<\/strong><\/p>\n<p><a href=\"https:\/\/esports.marca.com\/lol\/movistar-riders-fomenta-integracion-mujer-esports.html\">Movistar Riders fomenta la integraci\u00f3n de la mujer en los eSports<\/a> &#8211; Marca eSports<\/p>\n<p><a href=\"http:\/\/www.marca.com\/futbol\/futbol-femenino\/2018\/06\/13\/5b214f2ce5fdeabb518b468f.html\">Espa\u00f1a ya tiene a sus elegidas para revalidar t\u00edtulo europeo Sub&#8217;19<\/a> &#8211; Marca.com<\/p>\n<p><a href=\"https:\/\/www.google.com\/url?sa=t&amp;rct=j&amp;q=&amp;esrc=s&amp;source=newssearch&amp;cd=32&amp;ved=0ahUKEwj7kN6v99LbAhWGzRQKHcZsBMs4HhCpAggpKAAwAQ&amp;url=http%3A%2F%2Fagencias.abc.es%2Fagencias%2Fnoticia.asp%3Fnoticia%3D2843339&amp;usg=AOvVaw1HlpLewEKMvbci8O3Zjcho\">Barcelona acoge el festival urbano con m\u00e1s presencia femenina del mundo&#8230;<\/a> &#8211; Abc.es<\/p>\n<p>[\/toggle]<\/p>\n<p>[toggle type=\u00bbfirst\u00bb title=\u00bbInternacional\u00bb]<\/p>\n<p><a href=\"http:\/\/www.mujeremprendedora.net\/comision-europea-lanza-women-the-digital-age\/\">La Comisi\u00f3n Europea lanza \u2018Women in the Digital Age\u2019<\/a> \u2013Mujeremprendedora.net<\/p>\n<p><a href=\"https:\/\/www.infobae.com\/cripto247\/ethereum\/2018\/06\/13\/como-las-criptomonedas-empoderan-a-las-mujeres-de-afganistan\/\">C\u00f3mo las criptomonedas empoderan a las mujeres de Afganist\u00e1n<\/a> &#8211; Infobae.com<\/p>\n<p><a href=\"http:\/\/www.publico.es\/internacional\/inmigracion-divide-gobierno-angela-merkel.html\">La inmigraci\u00f3n divide al Gobierno de Angela Merkel<\/a> &#8211; P\u00fablico<\/p>\n<p><a href=\"https:\/\/www.google.com\/url?sa=t&amp;rct=j&amp;q=&amp;esrc=s&amp;source=newssearch&amp;cd=10&amp;ved=0ahUKEwiC-YKu7tLbAhWJbxQKHRcxAp0QqQIIQSgAMAk&amp;url=http%3A%2F%2Fwww.abc.es%2Fsociedad%2Fabci-mujeres-sin-recursos-tendran-acceso-tampones-y-compresas-gratis-201806140438_noticia.html&amp;usg=AOvVaw0CGkpA92SskdFjwf6DMYkt\">Las mujeres sin recursos en Escocia tendr\u00e1n acceso a tampones y compresas &#8230;<\/a> &#8211; Abc.es<\/p>\n<p><a href=\"https:\/\/elpais.com\/internacional\/2018\/06\/13\/actualidad\/1528842352_758073.html\">Argentina, dividida ante la despenalizaci\u00f3n del aborto<\/a>\u2013 El Pa\u00eds<\/p>\n<p><a href=\"https:\/\/www.google.com\/url?rct=j&amp;sa=t&amp;url=https:\/\/elpais.com\/elpais\/2018\/06\/13\/ciencia\/1528899877_715296.html&amp;ct=ga&amp;cd=CAEYBSoUMTAxMjg3OTM1MjAyNzA2MTc0MzkyGWMwMzcyZWJjMmZlYWRhNTk6ZXM6ZXM6RVM&amp;usg=AFQjCNHYpfiDiN9yrlfeWMM2j1VVFbK12w\">El mayor informe sobre el acoso sexual en la ciencia de EE UU revela un abuso sistem\u00e1tico <\/a>\u2013 El Pa\u00eds<\/p>\n<p><a href=\"https:\/\/elpais.com\/internacional\/2018\/06\/14\/america\/1528931301_175954.html\">Hait\u00ed proh\u00edbe las actividades de Oxfam tras los esc\u00e1ndalos sexuales<\/a>\u2013 El Pa\u00eds<\/p>\n<p>[\/toggle]<\/p><\/div>\n<\/div>\n<\/div>\n<\/div>\n<\/div>\n<\/div>\n","protected":false},"excerpt":{"rendered":"<p>Comisi\u00f3n Europea lanza \u2018Women in the Digital Age\u00bb-Lo que las <a href=\"https:\/\/cklcomunicaciones.es\/coop\/noticias-info-ckl-no-2-148-14-06-18\/\">[&#8230;]<\/a><\/p>\n","protected":false},"author":3,"featured_media":0,"comment_status":"closed","ping_status":"closed","sticky":false,"template":"","format":"standard","meta":{"footnotes":""},"categories":[298,623],"tags":[],"class_list":["post-14006","post","type-post","status-publish","format-standard","hentry","category-newsletter","category-nwl-2-0"],"yoast_head":"<!-- This site is optimized with the Yoast SEO plugin v27.5 - https:\/\/yoast.com\/product\/yoast-seo-wordpress\/ -->\n<title>Noticias Info CKL n\u00ba 2.148-14\/06\/18-Comunica con perspectiva de g\u00e9nero<\/title>\n<meta name=\"description\" content=\"Comunicar con perspectiva de g\u00e9nero: Comisi\u00f3n Europea lanza \u2018Women in the Digital Age&quot;-Lo que las ni\u00f1as querr\u00edan ser de mayores si fueran ni\u00f1os -Sylvia A. Earle, Premio Princesa de Asturias de la Concordia-Feminismo, flamenco y refugiados a \u201821 grados\u2019\" \/>\n<meta name=\"robots\" content=\"index, follow, max-snippet:-1, max-image-preview:large, max-video-preview:-1\" \/>\n<link rel=\"canonical\" href=\"https:\/\/cklcomunicaciones.es\/coop\/noticias-info-ckl-no-2-148-14-06-18\/\" \/>\n<meta property=\"og:locale\" content=\"es_ES\" \/>\n<meta property=\"og:type\" content=\"article\" \/>\n<meta property=\"og:title\" content=\"Noticias Info CKL n\u00ba 2.148-14\/06\/18-Comunica con perspectiva de g\u00e9nero\" \/>\n<meta property=\"og:description\" content=\"Comunicar con perspectiva de g\u00e9nero: Comisi\u00f3n Europea lanza \u2018Women in the Digital Age&quot;-Lo que las ni\u00f1as querr\u00edan ser de mayores si fueran ni\u00f1os -Sylvia A. Earle, Premio Princesa de Asturias de la Concordia-Feminismo, flamenco y refugiados a \u201821 grados\u2019\" \/>\n<meta property=\"og:url\" content=\"https:\/\/cklcomunicaciones.es\/coop\/noticias-info-ckl-no-2-148-14-06-18\/\" \/>\n<meta property=\"og:site_name\" content=\"CKL Comunicaciones\" \/>\n<meta property=\"article:published_time\" content=\"2018-06-14T10:40:33+00:00\" \/>\n<meta property=\"article:modified_time\" content=\"2025-01-17T15:40:47+00:00\" \/>\n<meta property=\"og:image\" content=\"https:\/\/cklcomunicaciones.es\/coop\/wp-content\/uploads\/2018\/03\/CKL_comunicacion-con-perspetiva-de-genero.jpg\" \/>\n\t<meta property=\"og:image:width\" content=\"500\" \/>\n\t<meta property=\"og:image:height\" content=\"500\" \/>\n\t<meta property=\"og:image:type\" content=\"image\/jpeg\" \/>\n<meta name=\"author\" content=\"ckl\" \/>\n<meta name=\"twitter:card\" content=\"summary_large_image\" \/>\n<meta name=\"twitter:label1\" content=\"Escrito por\" \/>\n\t<meta name=\"twitter:data1\" content=\"ckl\" \/>\n\t<meta name=\"twitter:label2\" content=\"Tiempo de lectura\" \/>\n\t<meta name=\"twitter:data2\" content=\"5 minutos\" \/>\n<script type=\"application\/ld+json\" class=\"yoast-schema-graph\">{\"@context\":\"https:\\\/\\\/schema.org\",\"@graph\":[{\"@type\":\"Article\",\"@id\":\"https:\\\/\\\/cklcomunicaciones.es\\\/coop\\\/noticias-info-ckl-no-2-148-14-06-18\\\/#article\",\"isPartOf\":{\"@id\":\"https:\\\/\\\/cklcomunicaciones.es\\\/coop\\\/noticias-info-ckl-no-2-148-14-06-18\\\/\"},\"author\":{\"name\":\"ckl\",\"@id\":\"https:\\\/\\\/cklcomunicaciones.es\\\/coop\\\/#\\\/schema\\\/person\\\/929a6837f7626450bbb50cee1aef266e\"},\"headline\":\"Noticias Info CKL n\u00ba 2.148-14\\\/06\\\/18\",\"datePublished\":\"2018-06-14T10:40:33+00:00\",\"dateModified\":\"2025-01-17T15:40:47+00:00\",\"mainEntityOfPage\":{\"@id\":\"https:\\\/\\\/cklcomunicaciones.es\\\/coop\\\/noticias-info-ckl-no-2-148-14-06-18\\\/\"},\"wordCount\":1003,\"image\":{\"@id\":\"https:\\\/\\\/cklcomunicaciones.es\\\/coop\\\/noticias-info-ckl-no-2-148-14-06-18\\\/#primaryimage\"},\"thumbnailUrl\":\"http:\\\/\\\/www.cklcomunicaciones.es\\\/wp-content\\\/uploads\\\/2018\\\/03\\\/CKL_comunicacion-con-perspetiva-de-genero-300x300.jpg\",\"articleSection\":[\"Newsletter\",\"Nwl v2.0\"],\"inLanguage\":\"es\"},{\"@type\":\"WebPage\",\"@id\":\"https:\\\/\\\/cklcomunicaciones.es\\\/coop\\\/noticias-info-ckl-no-2-148-14-06-18\\\/\",\"url\":\"https:\\\/\\\/cklcomunicaciones.es\\\/coop\\\/noticias-info-ckl-no-2-148-14-06-18\\\/\",\"name\":\"Noticias Info CKL n\u00ba 2.148-14\\\/06\\\/18-Comunica con perspectiva de g\u00e9nero\",\"isPartOf\":{\"@id\":\"https:\\\/\\\/cklcomunicaciones.es\\\/coop\\\/#website\"},\"primaryImageOfPage\":{\"@id\":\"https:\\\/\\\/cklcomunicaciones.es\\\/coop\\\/noticias-info-ckl-no-2-148-14-06-18\\\/#primaryimage\"},\"image\":{\"@id\":\"https:\\\/\\\/cklcomunicaciones.es\\\/coop\\\/noticias-info-ckl-no-2-148-14-06-18\\\/#primaryimage\"},\"thumbnailUrl\":\"http:\\\/\\\/www.cklcomunicaciones.es\\\/wp-content\\\/uploads\\\/2018\\\/03\\\/CKL_comunicacion-con-perspetiva-de-genero-300x300.jpg\",\"datePublished\":\"2018-06-14T10:40:33+00:00\",\"dateModified\":\"2025-01-17T15:40:47+00:00\",\"author\":{\"@id\":\"https:\\\/\\\/cklcomunicaciones.es\\\/coop\\\/#\\\/schema\\\/person\\\/929a6837f7626450bbb50cee1aef266e\"},\"description\":\"Comunicar con perspectiva de g\u00e9nero: Comisi\u00f3n Europea lanza \u2018Women in the Digital Age\\\"-Lo que las ni\u00f1as querr\u00edan ser de mayores si fueran ni\u00f1os -Sylvia A. Earle, Premio Princesa de Asturias de la Concordia-Feminismo, flamenco y refugiados a \u201821 grados\u2019\",\"breadcrumb\":{\"@id\":\"https:\\\/\\\/cklcomunicaciones.es\\\/coop\\\/noticias-info-ckl-no-2-148-14-06-18\\\/#breadcrumb\"},\"inLanguage\":\"es\",\"potentialAction\":[{\"@type\":\"ReadAction\",\"target\":[\"https:\\\/\\\/cklcomunicaciones.es\\\/coop\\\/noticias-info-ckl-no-2-148-14-06-18\\\/\"]}]},{\"@type\":\"ImageObject\",\"inLanguage\":\"es\",\"@id\":\"https:\\\/\\\/cklcomunicaciones.es\\\/coop\\\/noticias-info-ckl-no-2-148-14-06-18\\\/#primaryimage\",\"url\":\"http:\\\/\\\/www.cklcomunicaciones.es\\\/wp-content\\\/uploads\\\/2018\\\/03\\\/CKL_comunicacion-con-perspetiva-de-genero-300x300.jpg\",\"contentUrl\":\"http:\\\/\\\/www.cklcomunicaciones.es\\\/wp-content\\\/uploads\\\/2018\\\/03\\\/CKL_comunicacion-con-perspetiva-de-genero-300x300.jpg\"},{\"@type\":\"BreadcrumbList\",\"@id\":\"https:\\\/\\\/cklcomunicaciones.es\\\/coop\\\/noticias-info-ckl-no-2-148-14-06-18\\\/#breadcrumb\",\"itemListElement\":[{\"@type\":\"ListItem\",\"position\":1,\"name\":\"Portada\",\"item\":\"https:\\\/\\\/cklcomunicaciones.es\\\/coop\\\/\"},{\"@type\":\"ListItem\",\"position\":2,\"name\":\"Noticias Info CKL n\u00ba 2.148-14\\\/06\\\/18\"}]},{\"@type\":\"WebSite\",\"@id\":\"https:\\\/\\\/cklcomunicaciones.es\\\/coop\\\/#website\",\"url\":\"https:\\\/\\\/cklcomunicaciones.es\\\/coop\\\/\",\"name\":\"CKL Comunicaciones\",\"description\":\"Sitio web de CKL Comunicaciones coop , la consultora de comunicaci\u00f3n y estrategia\",\"potentialAction\":[{\"@type\":\"SearchAction\",\"target\":{\"@type\":\"EntryPoint\",\"urlTemplate\":\"https:\\\/\\\/cklcomunicaciones.es\\\/coop\\\/?s={search_term_string}\"},\"query-input\":{\"@type\":\"PropertyValueSpecification\",\"valueRequired\":true,\"valueName\":\"search_term_string\"}}],\"inLanguage\":\"es\"},{\"@type\":\"Person\",\"@id\":\"https:\\\/\\\/cklcomunicaciones.es\\\/coop\\\/#\\\/schema\\\/person\\\/929a6837f7626450bbb50cee1aef266e\",\"name\":\"ckl\",\"image\":{\"@type\":\"ImageObject\",\"inLanguage\":\"es\",\"@id\":\"https:\\\/\\\/secure.gravatar.com\\\/avatar\\\/c82db564e8a669bf6023357a157b9dc4780f4d4c618f2ad1d71a6a5dede45057?s=96&d=mm&r=g\",\"url\":\"https:\\\/\\\/secure.gravatar.com\\\/avatar\\\/c82db564e8a669bf6023357a157b9dc4780f4d4c618f2ad1d71a6a5dede45057?s=96&d=mm&r=g\",\"contentUrl\":\"https:\\\/\\\/secure.gravatar.com\\\/avatar\\\/c82db564e8a669bf6023357a157b9dc4780f4d4c618f2ad1d71a6a5dede45057?s=96&d=mm&r=g\",\"caption\":\"ckl\"},\"url\":\"https:\\\/\\\/cklcomunicaciones.es\\\/coop\\\/author\\\/cklcomunicaciones\\\/\"}]}<\/script>\n<!-- \/ Yoast SEO plugin. -->","yoast_head_json":{"title":"Noticias Info CKL n\u00ba 2.148-14\/06\/18-Comunica con perspectiva de g\u00e9nero","description":"Comunicar con perspectiva de g\u00e9nero: Comisi\u00f3n Europea lanza \u2018Women in the Digital Age\"-Lo que las ni\u00f1as querr\u00edan ser de mayores si fueran ni\u00f1os -Sylvia A. Earle, Premio Princesa de Asturias de la Concordia-Feminismo, flamenco y refugiados a \u201821 grados\u2019","robots":{"index":"index","follow":"follow","max-snippet":"max-snippet:-1","max-image-preview":"max-image-preview:large","max-video-preview":"max-video-preview:-1"},"canonical":"https:\/\/cklcomunicaciones.es\/coop\/noticias-info-ckl-no-2-148-14-06-18\/","og_locale":"es_ES","og_type":"article","og_title":"Noticias Info CKL n\u00ba 2.148-14\/06\/18-Comunica con perspectiva de g\u00e9nero","og_description":"Comunicar con perspectiva de g\u00e9nero: Comisi\u00f3n Europea lanza \u2018Women in the Digital Age\"-Lo que las ni\u00f1as querr\u00edan ser de mayores si fueran ni\u00f1os -Sylvia A. Earle, Premio Princesa de Asturias de la Concordia-Feminismo, flamenco y refugiados a \u201821 grados\u2019","og_url":"https:\/\/cklcomunicaciones.es\/coop\/noticias-info-ckl-no-2-148-14-06-18\/","og_site_name":"CKL Comunicaciones","article_published_time":"2018-06-14T10:40:33+00:00","article_modified_time":"2025-01-17T15:40:47+00:00","og_image":[{"width":500,"height":500,"url":"https:\/\/cklcomunicaciones.es\/coop\/wp-content\/uploads\/2018\/03\/CKL_comunicacion-con-perspetiva-de-genero.jpg","type":"image\/jpeg"}],"author":"ckl","twitter_card":"summary_large_image","twitter_misc":{"Escrito por":"ckl","Tiempo de lectura":"5 minutos"},"schema":{"@context":"https:\/\/schema.org","@graph":[{"@type":"Article","@id":"https:\/\/cklcomunicaciones.es\/coop\/noticias-info-ckl-no-2-148-14-06-18\/#article","isPartOf":{"@id":"https:\/\/cklcomunicaciones.es\/coop\/noticias-info-ckl-no-2-148-14-06-18\/"},"author":{"name":"ckl","@id":"https:\/\/cklcomunicaciones.es\/coop\/#\/schema\/person\/929a6837f7626450bbb50cee1aef266e"},"headline":"Noticias Info CKL n\u00ba 2.148-14\/06\/18","datePublished":"2018-06-14T10:40:33+00:00","dateModified":"2025-01-17T15:40:47+00:00","mainEntityOfPage":{"@id":"https:\/\/cklcomunicaciones.es\/coop\/noticias-info-ckl-no-2-148-14-06-18\/"},"wordCount":1003,"image":{"@id":"https:\/\/cklcomunicaciones.es\/coop\/noticias-info-ckl-no-2-148-14-06-18\/#primaryimage"},"thumbnailUrl":"http:\/\/www.cklcomunicaciones.es\/wp-content\/uploads\/2018\/03\/CKL_comunicacion-con-perspetiva-de-genero-300x300.jpg","articleSection":["Newsletter","Nwl v2.0"],"inLanguage":"es"},{"@type":"WebPage","@id":"https:\/\/cklcomunicaciones.es\/coop\/noticias-info-ckl-no-2-148-14-06-18\/","url":"https:\/\/cklcomunicaciones.es\/coop\/noticias-info-ckl-no-2-148-14-06-18\/","name":"Noticias Info CKL n\u00ba 2.148-14\/06\/18-Comunica con perspectiva de g\u00e9nero","isPartOf":{"@id":"https:\/\/cklcomunicaciones.es\/coop\/#website"},"primaryImageOfPage":{"@id":"https:\/\/cklcomunicaciones.es\/coop\/noticias-info-ckl-no-2-148-14-06-18\/#primaryimage"},"image":{"@id":"https:\/\/cklcomunicaciones.es\/coop\/noticias-info-ckl-no-2-148-14-06-18\/#primaryimage"},"thumbnailUrl":"http:\/\/www.cklcomunicaciones.es\/wp-content\/uploads\/2018\/03\/CKL_comunicacion-con-perspetiva-de-genero-300x300.jpg","datePublished":"2018-06-14T10:40:33+00:00","dateModified":"2025-01-17T15:40:47+00:00","author":{"@id":"https:\/\/cklcomunicaciones.es\/coop\/#\/schema\/person\/929a6837f7626450bbb50cee1aef266e"},"description":"Comunicar con perspectiva de g\u00e9nero: Comisi\u00f3n Europea lanza \u2018Women in the Digital Age\"-Lo que las ni\u00f1as querr\u00edan ser de mayores si fueran ni\u00f1os -Sylvia A. Earle, Premio Princesa de Asturias de la Concordia-Feminismo, flamenco y refugiados a \u201821 grados\u2019","breadcrumb":{"@id":"https:\/\/cklcomunicaciones.es\/coop\/noticias-info-ckl-no-2-148-14-06-18\/#breadcrumb"},"inLanguage":"es","potentialAction":[{"@type":"ReadAction","target":["https:\/\/cklcomunicaciones.es\/coop\/noticias-info-ckl-no-2-148-14-06-18\/"]}]},{"@type":"ImageObject","inLanguage":"es","@id":"https:\/\/cklcomunicaciones.es\/coop\/noticias-info-ckl-no-2-148-14-06-18\/#primaryimage","url":"http:\/\/www.cklcomunicaciones.es\/wp-content\/uploads\/2018\/03\/CKL_comunicacion-con-perspetiva-de-genero-300x300.jpg","contentUrl":"http:\/\/www.cklcomunicaciones.es\/wp-content\/uploads\/2018\/03\/CKL_comunicacion-con-perspetiva-de-genero-300x300.jpg"},{"@type":"BreadcrumbList","@id":"https:\/\/cklcomunicaciones.es\/coop\/noticias-info-ckl-no-2-148-14-06-18\/#breadcrumb","itemListElement":[{"@type":"ListItem","position":1,"name":"Portada","item":"https:\/\/cklcomunicaciones.es\/coop\/"},{"@type":"ListItem","position":2,"name":"Noticias Info CKL n\u00ba 2.148-14\/06\/18"}]},{"@type":"WebSite","@id":"https:\/\/cklcomunicaciones.es\/coop\/#website","url":"https:\/\/cklcomunicaciones.es\/coop\/","name":"CKL Comunicaciones","description":"Sitio web de CKL Comunicaciones coop , la consultora de comunicaci\u00f3n y estrategia","potentialAction":[{"@type":"SearchAction","target":{"@type":"EntryPoint","urlTemplate":"https:\/\/cklcomunicaciones.es\/coop\/?s={search_term_string}"},"query-input":{"@type":"PropertyValueSpecification","valueRequired":true,"valueName":"search_term_string"}}],"inLanguage":"es"},{"@type":"Person","@id":"https:\/\/cklcomunicaciones.es\/coop\/#\/schema\/person\/929a6837f7626450bbb50cee1aef266e","name":"ckl","image":{"@type":"ImageObject","inLanguage":"es","@id":"https:\/\/secure.gravatar.com\/avatar\/c82db564e8a669bf6023357a157b9dc4780f4d4c618f2ad1d71a6a5dede45057?s=96&d=mm&r=g","url":"https:\/\/secure.gravatar.com\/avatar\/c82db564e8a669bf6023357a157b9dc4780f4d4c618f2ad1d71a6a5dede45057?s=96&d=mm&r=g","contentUrl":"https:\/\/secure.gravatar.com\/avatar\/c82db564e8a669bf6023357a157b9dc4780f4d4c618f2ad1d71a6a5dede45057?s=96&d=mm&r=g","caption":"ckl"},"url":"https:\/\/cklcomunicaciones.es\/coop\/author\/cklcomunicaciones\/"}]}},"_links":{"self":[{"href":"https:\/\/cklcomunicaciones.es\/coop\/wp-json\/wp\/v2\/posts\/14006","targetHints":{"allow":["GET"]}}],"collection":[{"href":"https:\/\/cklcomunicaciones.es\/coop\/wp-json\/wp\/v2\/posts"}],"about":[{"href":"https:\/\/cklcomunicaciones.es\/coop\/wp-json\/wp\/v2\/types\/post"}],"author":[{"embeddable":true,"href":"https:\/\/cklcomunicaciones.es\/coop\/wp-json\/wp\/v2\/users\/3"}],"replies":[{"embeddable":true,"href":"https:\/\/cklcomunicaciones.es\/coop\/wp-json\/wp\/v2\/comments?post=14006"}],"version-history":[{"count":0,"href":"https:\/\/cklcomunicaciones.es\/coop\/wp-json\/wp\/v2\/posts\/14006\/revisions"}],"wp:attachment":[{"href":"https:\/\/cklcomunicaciones.es\/coop\/wp-json\/wp\/v2\/media?parent=14006"}],"wp:term":[{"taxonomy":"category","embeddable":true,"href":"https:\/\/cklcomunicaciones.es\/coop\/wp-json\/wp\/v2\/categories?post=14006"},{"taxonomy":"post_tag","embeddable":true,"href":"https:\/\/cklcomunicaciones.es\/coop\/wp-json\/wp\/v2\/tags?post=14006"}],"curies":[{"name":"wp","href":"https:\/\/api.w.org\/{rel}","templated":true}]}}