{"id":13999,"date":"2018-06-12T12:44:58","date_gmt":"2018-06-12T10:44:58","guid":{"rendered":"http:\/\/www.cklcomunicaciones.es\/?p=13999"},"modified":"2025-01-17T16:40:47","modified_gmt":"2025-01-17T15:40:47","slug":"noticias-info-ckl-no-2-146-12-06-18","status":"publish","type":"post","link":"https:\/\/cklcomunicaciones.es\/coop\/noticias-info-ckl-no-2-146-12-06-18\/","title":{"rendered":"Noticias Info CKL n\u00ba 2.146-12\/06\/18"},"content":{"rendered":"<div id=\"pl-13999\"  class=\"panel-layout\" >\n<div id=\"pg-13999-0\"  class=\"panel-grid panel-no-style\"  data-style=\"{&quot;background_image_attachment&quot;:false,&quot;background_display&quot;:&quot;tile&quot;,&quot;lsow_dark_bg&quot;:&quot;&quot;,&quot;cell_alignment&quot;:&quot;flex-start&quot;}\" >\n<div id=\"pgc-13999-0-0\"  class=\"panel-grid-cell\"  data-weight=\"1\" >\n<div id=\"panel-13999-0-0-0\" class=\"so-panel widget widget_sow-editor panel-first-child panel-last-child\" data-index=\"0\" data-style=\"{&quot;background_image_attachment&quot;:false,&quot;background_display&quot;:&quot;tile&quot;}\" >\n<div class=\"so-widget-sow-editor so-widget-sow-editor-base\">\n<div class=\"siteorigin-widget-tinymce textwidget\">\n\t<img decoding=\"async\" class=\"lazyload  wp-image-13726\" src=\"http:\/\/www.cklcomunicaciones.es\/wp-content\/uploads\/2018\/03\/CKL_comunicacion-con-perspetiva-de-genero-300x300.jpg\" data-orig-src=\"http:\/\/www.cklcomunicaciones.es\/wp-content\/uploads\/2018\/03\/CKL_comunicacion-con-perspetiva-de-genero-300x300.jpg\" alt=\"CKL_comunicacion con perspetiva de genero\" width=\"132\" height=\"132\" srcset=\"data:image\/svg+xml,%3Csvg%20xmlns%3D%27http%3A%2F%2Fwww.w3.org%2F2000%2Fsvg%27%20width%3D%27132%27%20height%3D%27132%27%20viewBox%3D%270%200%20132%20132%27%3E%3Crect%20width%3D%27132%27%20height%3D%27132%27%20fill-opacity%3D%220%22%2F%3E%3C%2Fsvg%3E\" data-srcset=\"https:\/\/cklcomunicaciones.es\/coop\/wp-content\/uploads\/2018\/03\/CKL_comunicacion-con-perspetiva-de-genero-150x150.jpg 150w, https:\/\/cklcomunicaciones.es\/coop\/wp-content\/uploads\/2018\/03\/CKL_comunicacion-con-perspetiva-de-genero-300x300.jpg 300w, https:\/\/cklcomunicaciones.es\/coop\/wp-content\/uploads\/2018\/03\/CKL_comunicacion-con-perspetiva-de-genero-450x450.jpg 450w, https:\/\/cklcomunicaciones.es\/coop\/wp-content\/uploads\/2018\/03\/CKL_comunicacion-con-perspetiva-de-genero.jpg 500w\" data-sizes=\"auto\" data-orig-sizes=\"(max-width: 132px) 100vw, 132px\" \/><\/p>\n<p id=\":3d2\" class=\"hP\" tabindex=\"-1\" data-thread-perm-id=\"163ee8384bd1c7d8\" data-legacy-thread-id=\"163ee8384bd1c7d8\">\u00bfPor qu\u00e9 una mujer de mediana edad con hijos es la mejor trabajadora?-Las ni\u00f1as ya no querr\u00e1n ser princesas, querr\u00e1n ser ministras-La mujer andaluza de Carbonell se transforma en mujeres que luchan contra el hambre<\/p>\n<p>[toggle type=\u00bbfirst\u00bb title=\u00bbComunicaci\u00f3n\u00bb]<\/p>\n<p><a href=\"https:\/\/www.google.com\/url?sa=t&amp;rct=j&amp;q=&amp;esrc=s&amp;source=newssearch&amp;cd=54&amp;ved=0ahUKEwj05p2R983bAhWCPBQKHYKjDaM4MhCpAggvKAAwAw&amp;url=http%3A%2F%2Fwww.granadahoy.com%2Focio%2Fvida-sigue-dificil-mujer_0_1253574671.html&amp;usg=AOvVaw3E0t7ahO5orl2OjmyJ-R4L\">Carmen Garc\u00eda de la Cueva, periodista \u201cLa vida sigue siendo m\u00e1s dif\u00edcil si eres mujer\u00bb<\/a>&#8211; Granada Hoy<\/p>\n<p><a href=\"https:\/\/mundo.sputniknews.com\/sociedad\/201806121079489489-lenguaje-inclusivo-mujer-hombre-trans-video\/\">Todos, todas, y todes: \u00abel lenguaje construye mundo, lo que no se &#8230;<\/a> &#8211; Sputnik Mundo<\/p>\n<p><a href=\"http:\/\/almomento.net\/421503-2\/\">Expertos afirman Facebook es la herramienta m\u00e1s importante para &#8230;<\/a>&#8211; Almomento.net<\/p>\n<p>[\/toggle]<\/p>\n<p>[toggle type=\u00bbfirst\u00bb title=\u00bbAndaluc\u00eda\u00bb]<\/p>\n<p><strong>Econom\u00eda y Empresas<\/strong><\/p>\n<p><a href=\"http:\/\/www.diariodesevilla.es\/agr_andalucia\/Ruraltivity-emprende-Andalucia_0_1253874637.html\">Ruraltivity, emprende en Andaluc\u00eda<\/a> &#8211; Diario de Sevilla<\/p>\n<p><a href=\"http:\/\/www.malagahoy.es\/malaga_costa\/Empresarias-emprendedoras-Costa-Sol-Fuengirola_0_1253874859.html\">Empresarias y emprendedoras de la Costa del Sol se dan cita en &#8230;<\/a> &#8211; M\u00e1laga Hoy<\/p>\n<p><a href=\"http:\/\/www.elmundo.es\/andalucia\/2018\/06\/12\/5b1eb051e2704e461b8b460c.html\">Un informe independiente constata abusos laborales y sexuales en la fresa, pero no una explotaci\u00f3n masiva<\/a> \u2013 El Mundo<\/p>\n<p><strong>Actualidad<\/strong><\/p>\n<p><a href=\"http:\/\/elcorreoweb.es\/andalucia\/la-junta-defiende-su-apuesta-y-compromiso-con-la-sanidad-publica-XB4254617\">La Junta defiende su \u00abapuesta y compromiso\u00bb con la sanidad p\u00fablica<\/a> &#8211; El Correo<\/p>\n<p><a href=\"http:\/\/cadenaser.com\/emisora\/2018\/06\/11\/radio_motril\/1528719302_685665.html\">\u00abEl trabajo invisible de los Servicios Sociales Comunitarios\u00bb<\/a> &#8211; Cadena SER<\/p>\n<p><a href=\"https:\/\/www.google.com\/url?sa=t&amp;rct=j&amp;q=&amp;esrc=s&amp;source=newssearch&amp;cd=1&amp;ved=0ahUKEwic--aV9c3bAhUFuxQKHd4SAbUQqQIIJygAMAA&amp;url=http%3A%2F%2Fkaosenlared.net%2Fel-movimiento-feminista-de-huelva-exige-credibilidad-y-respeto-para-las-temporeras-marroquies-que-sufren-abusos-y-acoso-en-la-campana-agricola%2F&amp;usg=AOvVaw3ARp9THjdCBXMqhflU7Bhx\">El movimiento feminista de Huelva exige \u201ccredibilidad y respeto\u201d para las temporeras marroqu\u00edes &#8230;<\/a> &#8211; <a href=\"http:\/\/kaosenlared.net\">kaosenlared.net<\/a><\/p>\n<p><a href=\"http:\/\/sevilla.abc.es\/provincia\/aljarafe\/sevi-colegio-nuevo-mairena-aljarafe-ganador-premio-andaluz-corto-sobre-malala-yousafzai-201806071317_noticia.html\">El colegio El Almendral de Mairena<em>, <\/em>ganador de un premio andaluz por un corto sobre Malala &#8230;<\/a> &#8211;<a href=\"http:\/\/abcdesevilla.es\">abcdesevilla.es<\/a><\/p>\n<p><a href=\"http:\/\/yosoymujer.es\/zonta-malaga-celebrara-sus-vi-jornadas-del-observatorio-de-genero-sobre-heforshe\/\">Zonta M\u00e1laga celebrar\u00e1 sus VI Jornadas del Observatorio de G\u00e9nero &#8230;<\/a> \u2013 Yo soy Mujer<\/p>\n<p><a href=\"http:\/\/elcorreoweb.es\/extra\/la-mujer-andaluza-de-carbonell-se-transforma-en-mujeres-que-luchan-contra-el-hambre-CN4258325\">La mujer andaluza de Carbonell se transforma en mujeres que luchan contra el hambre&#8230;<\/a> &#8211; <a href=\"http:\/\/elcorreoweb.es\">elcorreoweb.es<\/a><\/p>\n<p><a href=\"http:\/\/www.juntadeandalucia.es\/presidencia\/portavoz\/133695\/unidad\/medicina\/maternofetal\/genetica\/reproduccion\/hospital\/virgen\/rocio\/premio\/ciudadano\/europeo\">La Unidad de Gen\u00e9tica y Reproducci\u00f3n del Virgen del Roc\u00edo, Premio Ciudadano Europeo<\/a> \u2013 Oficina del Portavoz<\/p>\n<p><strong>Violencia<\/strong><\/p>\n<p><a href=\"https:\/\/www.google.com\/url?sa=t&amp;rct=j&amp;q=&amp;esrc=s&amp;source=newssearch&amp;cd=6&amp;ved=0ahUKEwj5yu2G8s3bAhXHzRQKHYi2DikQqQIINigAMAU&amp;url=http%3A%2F%2Fwww.ideal.es%2Fgranada%2Fsiete-diez-casos-20180610005250-ntvo.html&amp;usg=AOvVaw1D_tdeep1UbOxB1rVdFCNL\">Siete de cada diez casos del Servicio de Asistencia a V\u00edctimas son de maltrato &#8230;<\/a> &#8211; Ideal Digital<\/p>\n<p><a href=\"http:\/\/www.publico.es\/sociedad\/suspendidos-sueldo-policias-locales-detenidos-estepona-agresion-sexual.html\">Suspendidos de empleo y sueldo los dos polic\u00edas locales detenidos en Estepona por agresi\u00f3n sexual<\/a> &#8211; P\u00fablico<\/p>\n<p><strong>Ciencia y Cultura<\/strong><\/p>\n<p><a href=\"http:\/\/ctxt.es\/es\/20180606\/Culturas\/19981\/Miguel-Angel-Ortega-Lucas-Marisol-Pepa-Flores-cine.htm\">El cuento de Marisol; el sue\u00f1o de Pepa Flores<\/a> &#8211; P\u00fablico<\/p>\n<p><a href=\"http:\/\/www.sevillaactualidad.com\/cultura\/96873-papel-mujer-arte-debate-factoria-cultural\/\">El papel de la mujer en el arte, a debate en la Factor\u00eda Cultural<\/a> &#8211; Sevilla Actualidad<\/p>\n<p><a href=\"http:\/\/www.diariodesevilla.es\/ocio\/Carmen-multidimensional_0_1253575203.html\">&#8216;Carmen&#8217;, o el deseo en el siglo XXI<\/a> &#8211; Diario de Sevilla<\/p>\n<p><strong>Deporte<\/strong><\/p>\n<p><a href=\"http:\/\/huelva.eldesmarque.com\/polideportivo\/deporte-andaluz\/39254-mejor-marca-espanola-de-la-granadina-maria-perez-en-3-000m-marcha\">Mejor marca espa\u00f1ola de la granadina Mar\u00eda P\u00e9rez en 3.000m marcha<\/a>&#8211; El Desmarque<\/p>\n<p><a href=\"http:\/\/www.noticiasdealmeria.com\/la-pulpilena-julia-garcia-se-proclama-campeona-de-andalucia-de-gimnasia-ritmica-junior\">La pulpile\u00f1a Julia Garc\u00eda se proclama campeona de Andaluc\u00eda de &#8230;<\/a> &#8211; Noticias de Almer\u00eda<\/p>\n<p>[\/toggle]<\/p>\n<p>[toggle type=\u00bbfirst\u00bb title=\u00bbEstado\u00bb]<\/p>\n<p><strong>Institucional<\/strong><\/p>\n<p><a href=\"https:\/\/www.google.com\/url?sa=t&amp;rct=j&amp;q=&amp;esrc=s&amp;source=newssearch&amp;cd=23&amp;ved=0ahUKEwjEyIq78c3bAhWF6xQKHeAnAn44FBCpAggsKAAwAg&amp;url=http%3A%2F%2Fwww.abc.es%2Fsociedad%2Fabci-congreso-impulsa-primer-cambio-legislativo-pacto-contra-violencia-genero-201806120050_noticia.html&amp;usg=AOvVaw3W1soM_TXL4t49b8KtWKi3\">El Congreso impulsa hoy el primer cambio legislativo del Pacto contra la Violencia de G\u00e9nero &#8230;<\/a>&#8211; Abc.es<\/p>\n<p><a href=\"http:\/\/www.eleconomista.es\/economia\/noticias\/9200221\/06\/18\/Valerio-ve-absolutamente-impresentable-calificar-a-las-mujeres-por-como-visten-o-se-peinan.html\">Valerio, Ministra de Trabrabjo, ve \u00ababsolutamente impresentable\u00bb calificar a las mujeres por como visten o se peinan \u00a0&#8230;<\/a> &#8211; elEconomista.es<\/p>\n<p><strong>Institucional-CCAA<\/strong><\/p>\n<p><a href=\"https:\/\/www.google.com\/url?rct=j&amp;sa=t&amp;url=http:\/\/www.lacerca.com\/noticias\/guadalajara\/gobierno-fundacion-cepaim-analizan-multiple-mujeres-medio-rural-424809-1.html&amp;ct=ga&amp;cd=CAEYACoTMTUxODkzMzIzMTk5ODQ3NzAwOTIZYzAzNzJlYmMyZmVhZGE1OTplczplczpFUw&amp;usg=AFQjCNFcZL4bp2PC4d_L0NiY1C4J1SKTpg\">Gobierno de C-LM y Fundaci\u00f3n CEPAIM analizan c\u00f3mo evitar la discriminaci\u00f3n m\u00faltiple de las .<em>..<\/em> <\/a>&#8211; La Cerca<\/p>\n<p><a href=\"https:\/\/www.google.com\/url?rct=j&amp;sa=t&amp;url=http:\/\/www.elperiodicodearagon.com\/noticias\/aragon\/formacion-tambien-contribuye-prevencion-violencia-genero_1290061.html&amp;ct=ga&amp;cd=CAEYAioUMTEyMDI1MTIxMzgzMDEyMDI0NDMyGWMwMzcyZWJjMmZlYWRhNTk6ZXM6ZXM6RVM&amp;usg=AFQjCNE0l2l9k4zpNI3MZYX5QKwvM_2wCg\">La formaci\u00f3n tambi\u00e9n contribuye a la prevenci\u00f3n de la violencia de g\u00e9nero <\/a>&#8211; El Peri\u00f3dico de Arag\u00f3n<\/p>\n<p><a href=\"https:\/\/www.google.com\/url?rct=j&amp;sa=t&amp;url=https:\/\/www.agroclm.com\/2018\/06\/11\/analizan-acciones-evitar-discriminacion-mujeres-medio-rural\/&amp;ct=ga&amp;cd=CAEYBCoUMTEyMDI1MTIxMzgzMDEyMDI0NDMyGWMwMzcyZWJjMmZlYWRhNTk6ZXM6ZXM6RVM&amp;usg=AFQjCNFrIENq9kPP7nHcEfkzi1YlwfCBOw\">Analizan acciones para evitar discriminaci\u00f3n de mujeres en medio rural <\/a>&#8211; AgroCLM<\/p>\n<p><a href=\"http:\/\/www.publico.es\/sociedad\/madrid-incluye-callejero-soledad-cazorla-primera-fiscal-violencia-mujer.html\">Madrid incluye en su callejero a Soledad Cazorla, la primera fiscal contra la violencia sobre la mujer<\/a> &#8211; P\u00fablico<\/p>\n<p><a href=\"http:\/\/www.elmundo.es\/baleares\/2018\/06\/11\/5b1e9d2b46163fbe418b45d8.html\">Cort elabora una gu\u00eda de recomendaciones para evitar agresiones sexuales y sexistas en fiestas<\/a> \u2013 El Mundo<\/p>\n<p><strong>Econom\u00eda y Empresa<\/strong><\/p>\n<p><a href=\"http:\/\/www.mujeremprendedora.net\/mujeres-ocupan-22-cargos-administrativos-creados-mayo\/\">Las mujeres ocupan el 22% de los cargos administrativos creados en mayo<\/a>\u2013 Mujeremprendedora.net<\/p>\n<p><a href=\"http:\/\/www.mujeremprendedora.net\/llega-encuentro-redes-mujeres-empresas-espanolas\/\">Llega el encuentro de redes de mujeres en las empresas espa\u00f1olas<\/a> \u2013 Mujeremprendedora.net<\/p>\n<p><a href=\"https:\/\/www.elconfidencial.com\/alma-corazon-vida\/2018-06-12\/mujeres-mediana-edad-hijos-mejor-empleadas_1577137\/\">Por qu\u00e9 una mujer de mediana edad con hijos es la mejor trabajadora<\/a> &#8211; El Confidencial<\/p>\n<p><a href=\"http:\/\/www.elmundo.es\/economia\/2018\/06\/12\/5b1e9e99468aeb1a468b467c.html\">Los aut\u00f3nomos reclaman un paro como el de los asalariados<\/a> \u2013 El Mundo<\/p>\n<p><strong>Actualidad<\/strong><\/p>\n<p><a href=\"https:\/\/www.google.com\/url?sa=t&amp;rct=j&amp;q=&amp;esrc=s&amp;source=newssearch&amp;cd=2&amp;ved=0ahUKEwiO-t78783bAhVENxQKHeuSBiAQqQIIKigAMAE&amp;url=https%3A%2F%2Fideas.economiadigital.es%2Fanna-gener%2Flas-ninas-ya-no-querran-ser-princesas-sino-ministras_560621_102.html&amp;usg=AOvVaw2Fk6IIGrux7VYFByFBGHtE\">Las ni\u00f1as ya no querr\u00e1n ser princesas, querr\u00e1n ser ministras<\/a> &#8211; Econom\u00eda Digital<\/p>\n<p><strong>Violencias<\/strong><\/p>\n<p><a href=\"http:\/\/cadenaser.com\/ser\/2018\/06\/11\/sociedad\/1528702212_394042.html\">El conflicto del tel\u00e9fono de atenci\u00f3n a las v\u00edctimas 016, \u00abprioridad &#8230;<\/a>&#8211; Cadena SER<\/p>\n<p><a href=\"http:\/\/www.publico.es\/sociedad\/acoso-sexual-jovenes-dan-voz-acoso-sufren-muchas-mujeres-magaluf-video-viral.html\">Dos j\u00f3venes dan voz al acoso que sufren muchas mujeres en Magaluf y el v\u00eddeo se hace viral<\/a> &#8211; P\u00fablico<\/p>\n<p><a href=\"https:\/\/mujerydeporte.practicodeporte.com\/protocolo-prevencion-acoso-sexual\/\">RFEF aprueba protocolo para prevenir el acoso y abuso sexual<\/a>&#8211; Practico deporte<\/p>\n<p><strong>Ciencia y Cultura<\/strong><\/p>\n<p><a href=\"https:\/\/www.google.com\/url?sa=t&amp;rct=j&amp;q=&amp;esrc=s&amp;source=newssearch&amp;cd=17&amp;ved=0ahUKEwjSw7zu6s3bAhWBoRQKHfXuDBo4ChCpAgg3KAAwBg&amp;url=https%3A%2F%2Fwww.elespanol.com%2Fciencia%2Fsalud%2F20180611%2Fmujer-faltaron-euros-hacer-vacuna-papiloma-barata%2F314219572_0.html&amp;usg=AOvVaw2OHH-Pdu9pRjZxsVaMm8Tl\">La mujer a la que le faltaron 100.000 euros para hacer que la vacuna &#8230;<\/a> -El Espa\u00f1ol<\/p>\n<p><a href=\"https:\/\/elpais.com\/elpais\/2018\/06\/11\/ciencia\/1528727883_239077.html\">Un compuesto extra\u00eddo de un cardo frena la met\u00e1stasis cerebral<\/a> \u2013 El Pa\u00eds<\/p>\n<p><a href=\"https:\/\/www.google.com\/url?rct=j&amp;sa=t&amp;url=https:\/\/www.20minutos.es\/noticia\/3365626\/0\/icas-union-actores-crean-jornada-igualdad-cultura-que-debate-realidad-mujer-sector\/&amp;ct=ga&amp;cd=CAEYACoUMTE5MjI2MDI4NTIzNzA1OTc4MjkyGWMwMzcyZWJjMmZlYWRhNTk6ZXM6ZXM6RVM&amp;usg=AFQjCNG3RPGZZXBl4nDBFk1TdUCIDANYdA\">ICAS y Uni\u00f3n de Actores crean la I Jornada de Igualdad y Cultura, que debate la realidad de la &#8230; <\/a>&#8211; <a href=\"http:\/\/20minutos.es\">20minutos.es<\/a><\/p>\n<p><a href=\"http:\/\/www.elmundo.es\/loc\/famosos\/2018\/06\/12\/5b1ec36ee5fdeaf76f8b464d.html\">Cayetana Guill\u00e9n Cuervo: \u00abMe han dicho que qu\u00e9 raro que no me hayan propuesto ser ministra\u00bb<\/a> \u2013 El Mundo<\/p>\n<p><a href=\"http:\/\/www.rtve.es\/radio\/20180611\/rosenvinge-mujeres-tienen-siempre-proyecto-propio-trabajo-paralelo\/1747004.shtml\">Rosenvinge: \u00abLas mujeres tienen siempre proyecto propio y trabajo &#8230;<\/a>&#8211; Rtve.es<\/p>\n<p><strong>Deporte<\/strong><\/p>\n<p><a href=\"https:\/\/www.google.com\/url?sa=t&amp;rct=j&amp;q=&amp;esrc=s&amp;source=newssearch&amp;cd=8&amp;ved=0ahUKEwij89fV8s3bAhVGsxQKHYdvDKcQqQIIPCgAMAc&amp;url=https%3A%2F%2Fwww.larazon.es%2Fdeportes%2Fla-quiniela-femenina-del-csd-JJ18660180&amp;usg=AOvVaw3Ed2xH6qchO7DKTzxHnXJF\">La quiniela femenina del CSD<\/a> &#8211; La Raz\u00f3n<\/p>\n<p><a href=\"https:\/\/www.google.com\/url?sa=t&amp;rct=j&amp;q=&amp;esrc=s&amp;source=newssearch&amp;cd=5&amp;ved=0ahUKEwiP_IDy6c3bAhWGuRQKHW8wAVIQqQIIMygAMAQ&amp;url=http%3A%2F%2Fdiario16.com%2Fdori-ruano-la-hora-la-politica-deportiva-mayusculas-las-mujeres-deporte%2F&amp;usg=AOvVaw1mtyQzmCr4vW88yDGTIMYM\">Dori Ruano: \u201cEs la hora de la pol\u00edtica deportiva con may\u00fasculas y de &#8230;<\/a> &#8211; Diario16<\/p>\n<p><a href=\"https:\/\/www.cmdsport.com\/futbol\/actualidad-futbol\/la-rfef-crea-una-area-dedicada-al-futbol-femenino\/\">La RFEF crea una \u00e1rea dedicada a potenciar el f\u00fatbol femenino<\/a>&#8211; CMDsport<\/p>\n<p>[\/toggle]<\/p>\n<p>[toggle type=\u00bbfirst\u00bb title=\u00bbInternacional\u00bb]<\/p>\n<p><a href=\"https:\/\/blogs.20minutos.es\/mas-de-la-mitad\/2018\/06\/11\/colombia-tendra-vicepresidenta-un-hito-historico\/\">Colombia tendr\u00e1 vicepresidenta, un hito hist\u00f3rico<\/a> &#8211; <a href=\"http:\/\/20minutos.es\">20minutos.es<\/a><\/p>\n<p><u><a href=\"https:\/\/www.google.com\/url?rct=j&amp;sa=t&amp;url=https:\/\/www.elconfidencial.com\/mundo\/2018-06-12\/tunez-souad-abderrahim-feminismo-mundo-arabe_1577280\/&amp;ct=ga&amp;cd=CAEYAioUMTE5MjI2MDI4NTIzNzA1OTc4MjkyGWMwMzcyZWJjMmZlYWRhNTk6ZXM6ZXM6RVM&amp;usg=AFQjCNHDg-_oaoLvtFjrc49JEXIRELzykw\">Bienvenidos al pa\u00eds m\u00e1s feminista del mundo \u00e1rabe <\/a><\/u>&#8211; El Confidencial<\/p>\n<p><a href=\"https:\/\/www.google.com\/url?rct=j&amp;sa=t&amp;url=https:\/\/www.huffingtonpost.es\/2018\/06\/11\/la-malala-afgana-y-la-ovacion-que-recibio-al-graduarse-con-honores_a_23456085\/&amp;ct=ga&amp;cd=CAEYASoTNTkwOTMyNzUzNzI2MjAwODU5MDIZYzAzNzJlYmMyZmVhZGE1OTplczplczpFUw&amp;usg=AFQjCNGvAluyQD5gESEouuofVJlaehdvyA\">La &#8216;Malala afgana&#8217;, Breszna Musazai, recibe una ovaci\u00f3n al graduarse con honores <\/a>&#8211; El HuffPost<\/p>\n<p><a href=\"http:\/\/www.elmundo.es\/internacional\/2018\/06\/11\/5b1e6483e5fdea56238b4652.html\">La autoridad religiosa de Egipto promulga una fatua en contra de la mutilaci\u00f3n genital femenina<\/a> \u2013 El Mundo<\/p>\n<p><a href=\"https:\/\/elpais.com\/elpais\/2018\/06\/11\/planeta_futuro\/1528708348_796358.html\">Las 15.000 esclavas holandesas de las Hermanas del Buen Pastor<\/a> \u2013 El Pa\u00eds<\/p>\n<p><a href=\"https:\/\/elpais.com\/cultura\/2018\/06\/11\/actualidad\/1528729920_445282.html\">El nuevo museo de Bond eliminar\u00e1 el sexismo y el racismo de 007<\/a>\u2013 El Pa\u00eds<\/p>\n<p><a href=\"http:\/\/www.elmundo.es\/cultura\/cine\/2018\/06\/12\/5b1f8103ca4741ac718b4585.html\">&#8216;Ocean&#8217;s 8&#8217;, hecha por mujeres, mejora la taquilla de sus hermanos mayores<\/a> \u2013 El Mundo<\/p>\n<p>[\/toggle]<\/p><\/div>\n<\/div>\n<\/div>\n<\/div>\n<\/div>\n<\/div>\n","protected":false},"excerpt":{"rendered":"<p>\u00bfPor qu\u00e9 una mujer de mediana edad con hijos es <a href=\"https:\/\/cklcomunicaciones.es\/coop\/noticias-info-ckl-no-2-146-12-06-18\/\">[&#8230;]<\/a><\/p>\n","protected":false},"author":3,"featured_media":0,"comment_status":"closed","ping_status":"closed","sticky":false,"template":"","format":"standard","meta":{"footnotes":""},"categories":[298,623],"tags":[],"class_list":["post-13999","post","type-post","status-publish","format-standard","hentry","category-newsletter","category-nwl-2-0"],"yoast_head":"<!-- This site is optimized with the Yoast SEO plugin v27.4 - https:\/\/yoast.com\/product\/yoast-seo-wordpress\/ -->\n<title>Noticias Info CKL n\u00ba 2.146-12\/06\/18-Comunica con perspectiva de g\u00e9nero<\/title>\n<meta name=\"description\" content=\"Comunicar con perspectiva de g\u00e9nero: \u00bfPor qu\u00e9 una mujer de mediana edad con hijos es la mejor trabajadora?-Las ni\u00f1as ya no querr\u00e1n ser princesas, querr\u00e1n ser ministras-La mujer andaluza de Carbonell se transforma en mujeres que luchan contra el hambre\" \/>\n<meta name=\"robots\" content=\"index, follow, max-snippet:-1, max-image-preview:large, max-video-preview:-1\" \/>\n<link rel=\"canonical\" href=\"https:\/\/cklcomunicaciones.es\/coop\/noticias-info-ckl-no-2-146-12-06-18\/\" \/>\n<meta property=\"og:locale\" content=\"es_ES\" \/>\n<meta property=\"og:type\" content=\"article\" \/>\n<meta property=\"og:title\" content=\"Noticias Info CKL n\u00ba 2.146-12\/06\/18-Comunica con perspectiva de g\u00e9nero\" \/>\n<meta property=\"og:description\" content=\"Comunicar con perspectiva de g\u00e9nero: \u00bfPor qu\u00e9 una mujer de mediana edad con hijos es la mejor trabajadora?-Las ni\u00f1as ya no querr\u00e1n ser princesas, querr\u00e1n ser ministras-La mujer andaluza de Carbonell se transforma en mujeres que luchan contra el hambre\" \/>\n<meta property=\"og:url\" content=\"https:\/\/cklcomunicaciones.es\/coop\/noticias-info-ckl-no-2-146-12-06-18\/\" \/>\n<meta property=\"og:site_name\" content=\"CKL Comunicaciones\" \/>\n<meta property=\"article:published_time\" content=\"2018-06-12T10:44:58+00:00\" \/>\n<meta property=\"article:modified_time\" content=\"2025-01-17T15:40:47+00:00\" \/>\n<meta property=\"og:image\" content=\"https:\/\/cklcomunicaciones.es\/coop\/wp-content\/uploads\/2018\/03\/CKL_comunicacion-con-perspetiva-de-genero.jpg\" \/>\n\t<meta property=\"og:image:width\" content=\"500\" \/>\n\t<meta property=\"og:image:height\" content=\"500\" \/>\n\t<meta property=\"og:image:type\" content=\"image\/jpeg\" \/>\n<meta name=\"author\" content=\"ckl\" \/>\n<meta name=\"twitter:card\" content=\"summary_large_image\" \/>\n<meta name=\"twitter:label1\" content=\"Escrito por\" \/>\n\t<meta name=\"twitter:data1\" content=\"ckl\" \/>\n\t<meta name=\"twitter:label2\" content=\"Tiempo de lectura\" \/>\n\t<meta name=\"twitter:data2\" content=\"4 minutos\" \/>\n<script type=\"application\/ld+json\" class=\"yoast-schema-graph\">{\"@context\":\"https:\\\/\\\/schema.org\",\"@graph\":[{\"@type\":\"Article\",\"@id\":\"https:\\\/\\\/cklcomunicaciones.es\\\/coop\\\/noticias-info-ckl-no-2-146-12-06-18\\\/#article\",\"isPartOf\":{\"@id\":\"https:\\\/\\\/cklcomunicaciones.es\\\/coop\\\/noticias-info-ckl-no-2-146-12-06-18\\\/\"},\"author\":{\"name\":\"ckl\",\"@id\":\"https:\\\/\\\/cklcomunicaciones.es\\\/coop\\\/#\\\/schema\\\/person\\\/929a6837f7626450bbb50cee1aef266e\"},\"headline\":\"Noticias Info CKL n\u00ba 2.146-12\\\/06\\\/18\",\"datePublished\":\"2018-06-12T10:44:58+00:00\",\"dateModified\":\"2025-01-17T15:40:47+00:00\",\"mainEntityOfPage\":{\"@id\":\"https:\\\/\\\/cklcomunicaciones.es\\\/coop\\\/noticias-info-ckl-no-2-146-12-06-18\\\/\"},\"wordCount\":891,\"image\":{\"@id\":\"https:\\\/\\\/cklcomunicaciones.es\\\/coop\\\/noticias-info-ckl-no-2-146-12-06-18\\\/#primaryimage\"},\"thumbnailUrl\":\"http:\\\/\\\/www.cklcomunicaciones.es\\\/wp-content\\\/uploads\\\/2018\\\/03\\\/CKL_comunicacion-con-perspetiva-de-genero-300x300.jpg\",\"articleSection\":[\"Newsletter\",\"Nwl v2.0\"],\"inLanguage\":\"es\"},{\"@type\":\"WebPage\",\"@id\":\"https:\\\/\\\/cklcomunicaciones.es\\\/coop\\\/noticias-info-ckl-no-2-146-12-06-18\\\/\",\"url\":\"https:\\\/\\\/cklcomunicaciones.es\\\/coop\\\/noticias-info-ckl-no-2-146-12-06-18\\\/\",\"name\":\"Noticias Info CKL n\u00ba 2.146-12\\\/06\\\/18-Comunica con perspectiva de g\u00e9nero\",\"isPartOf\":{\"@id\":\"https:\\\/\\\/cklcomunicaciones.es\\\/coop\\\/#website\"},\"primaryImageOfPage\":{\"@id\":\"https:\\\/\\\/cklcomunicaciones.es\\\/coop\\\/noticias-info-ckl-no-2-146-12-06-18\\\/#primaryimage\"},\"image\":{\"@id\":\"https:\\\/\\\/cklcomunicaciones.es\\\/coop\\\/noticias-info-ckl-no-2-146-12-06-18\\\/#primaryimage\"},\"thumbnailUrl\":\"http:\\\/\\\/www.cklcomunicaciones.es\\\/wp-content\\\/uploads\\\/2018\\\/03\\\/CKL_comunicacion-con-perspetiva-de-genero-300x300.jpg\",\"datePublished\":\"2018-06-12T10:44:58+00:00\",\"dateModified\":\"2025-01-17T15:40:47+00:00\",\"author\":{\"@id\":\"https:\\\/\\\/cklcomunicaciones.es\\\/coop\\\/#\\\/schema\\\/person\\\/929a6837f7626450bbb50cee1aef266e\"},\"description\":\"Comunicar con perspectiva de g\u00e9nero: \u00bfPor qu\u00e9 una mujer de mediana edad con hijos es la mejor trabajadora?-Las ni\u00f1as ya no querr\u00e1n ser princesas, querr\u00e1n ser ministras-La mujer andaluza de Carbonell se transforma en mujeres que luchan contra el hambre\",\"breadcrumb\":{\"@id\":\"https:\\\/\\\/cklcomunicaciones.es\\\/coop\\\/noticias-info-ckl-no-2-146-12-06-18\\\/#breadcrumb\"},\"inLanguage\":\"es\",\"potentialAction\":[{\"@type\":\"ReadAction\",\"target\":[\"https:\\\/\\\/cklcomunicaciones.es\\\/coop\\\/noticias-info-ckl-no-2-146-12-06-18\\\/\"]}]},{\"@type\":\"ImageObject\",\"inLanguage\":\"es\",\"@id\":\"https:\\\/\\\/cklcomunicaciones.es\\\/coop\\\/noticias-info-ckl-no-2-146-12-06-18\\\/#primaryimage\",\"url\":\"http:\\\/\\\/www.cklcomunicaciones.es\\\/wp-content\\\/uploads\\\/2018\\\/03\\\/CKL_comunicacion-con-perspetiva-de-genero-300x300.jpg\",\"contentUrl\":\"http:\\\/\\\/www.cklcomunicaciones.es\\\/wp-content\\\/uploads\\\/2018\\\/03\\\/CKL_comunicacion-con-perspetiva-de-genero-300x300.jpg\"},{\"@type\":\"BreadcrumbList\",\"@id\":\"https:\\\/\\\/cklcomunicaciones.es\\\/coop\\\/noticias-info-ckl-no-2-146-12-06-18\\\/#breadcrumb\",\"itemListElement\":[{\"@type\":\"ListItem\",\"position\":1,\"name\":\"Portada\",\"item\":\"https:\\\/\\\/cklcomunicaciones.es\\\/coop\\\/\"},{\"@type\":\"ListItem\",\"position\":2,\"name\":\"Noticias Info CKL n\u00ba 2.146-12\\\/06\\\/18\"}]},{\"@type\":\"WebSite\",\"@id\":\"https:\\\/\\\/cklcomunicaciones.es\\\/coop\\\/#website\",\"url\":\"https:\\\/\\\/cklcomunicaciones.es\\\/coop\\\/\",\"name\":\"CKL Comunicaciones\",\"description\":\"Sitio web de CKL Comunicaciones coop , la consultora de comunicaci\u00f3n y estrategia\",\"potentialAction\":[{\"@type\":\"SearchAction\",\"target\":{\"@type\":\"EntryPoint\",\"urlTemplate\":\"https:\\\/\\\/cklcomunicaciones.es\\\/coop\\\/?s={search_term_string}\"},\"query-input\":{\"@type\":\"PropertyValueSpecification\",\"valueRequired\":true,\"valueName\":\"search_term_string\"}}],\"inLanguage\":\"es\"},{\"@type\":\"Person\",\"@id\":\"https:\\\/\\\/cklcomunicaciones.es\\\/coop\\\/#\\\/schema\\\/person\\\/929a6837f7626450bbb50cee1aef266e\",\"name\":\"ckl\",\"image\":{\"@type\":\"ImageObject\",\"inLanguage\":\"es\",\"@id\":\"https:\\\/\\\/secure.gravatar.com\\\/avatar\\\/c82db564e8a669bf6023357a157b9dc4780f4d4c618f2ad1d71a6a5dede45057?s=96&d=mm&r=g\",\"url\":\"https:\\\/\\\/secure.gravatar.com\\\/avatar\\\/c82db564e8a669bf6023357a157b9dc4780f4d4c618f2ad1d71a6a5dede45057?s=96&d=mm&r=g\",\"contentUrl\":\"https:\\\/\\\/secure.gravatar.com\\\/avatar\\\/c82db564e8a669bf6023357a157b9dc4780f4d4c618f2ad1d71a6a5dede45057?s=96&d=mm&r=g\",\"caption\":\"ckl\"},\"url\":\"https:\\\/\\\/cklcomunicaciones.es\\\/coop\\\/author\\\/cklcomunicaciones\\\/\"}]}<\/script>\n<!-- \/ Yoast SEO plugin. -->","yoast_head_json":{"title":"Noticias Info CKL n\u00ba 2.146-12\/06\/18-Comunica con perspectiva de g\u00e9nero","description":"Comunicar con perspectiva de g\u00e9nero: \u00bfPor qu\u00e9 una mujer de mediana edad con hijos es la mejor trabajadora?-Las ni\u00f1as ya no querr\u00e1n ser princesas, querr\u00e1n ser ministras-La mujer andaluza de Carbonell se transforma en mujeres que luchan contra el hambre","robots":{"index":"index","follow":"follow","max-snippet":"max-snippet:-1","max-image-preview":"max-image-preview:large","max-video-preview":"max-video-preview:-1"},"canonical":"https:\/\/cklcomunicaciones.es\/coop\/noticias-info-ckl-no-2-146-12-06-18\/","og_locale":"es_ES","og_type":"article","og_title":"Noticias Info CKL n\u00ba 2.146-12\/06\/18-Comunica con perspectiva de g\u00e9nero","og_description":"Comunicar con perspectiva de g\u00e9nero: \u00bfPor qu\u00e9 una mujer de mediana edad con hijos es la mejor trabajadora?-Las ni\u00f1as ya no querr\u00e1n ser princesas, querr\u00e1n ser ministras-La mujer andaluza de Carbonell se transforma en mujeres que luchan contra el hambre","og_url":"https:\/\/cklcomunicaciones.es\/coop\/noticias-info-ckl-no-2-146-12-06-18\/","og_site_name":"CKL Comunicaciones","article_published_time":"2018-06-12T10:44:58+00:00","article_modified_time":"2025-01-17T15:40:47+00:00","og_image":[{"width":500,"height":500,"url":"https:\/\/cklcomunicaciones.es\/coop\/wp-content\/uploads\/2018\/03\/CKL_comunicacion-con-perspetiva-de-genero.jpg","type":"image\/jpeg"}],"author":"ckl","twitter_card":"summary_large_image","twitter_misc":{"Escrito por":"ckl","Tiempo de lectura":"4 minutos"},"schema":{"@context":"https:\/\/schema.org","@graph":[{"@type":"Article","@id":"https:\/\/cklcomunicaciones.es\/coop\/noticias-info-ckl-no-2-146-12-06-18\/#article","isPartOf":{"@id":"https:\/\/cklcomunicaciones.es\/coop\/noticias-info-ckl-no-2-146-12-06-18\/"},"author":{"name":"ckl","@id":"https:\/\/cklcomunicaciones.es\/coop\/#\/schema\/person\/929a6837f7626450bbb50cee1aef266e"},"headline":"Noticias Info CKL n\u00ba 2.146-12\/06\/18","datePublished":"2018-06-12T10:44:58+00:00","dateModified":"2025-01-17T15:40:47+00:00","mainEntityOfPage":{"@id":"https:\/\/cklcomunicaciones.es\/coop\/noticias-info-ckl-no-2-146-12-06-18\/"},"wordCount":891,"image":{"@id":"https:\/\/cklcomunicaciones.es\/coop\/noticias-info-ckl-no-2-146-12-06-18\/#primaryimage"},"thumbnailUrl":"http:\/\/www.cklcomunicaciones.es\/wp-content\/uploads\/2018\/03\/CKL_comunicacion-con-perspetiva-de-genero-300x300.jpg","articleSection":["Newsletter","Nwl v2.0"],"inLanguage":"es"},{"@type":"WebPage","@id":"https:\/\/cklcomunicaciones.es\/coop\/noticias-info-ckl-no-2-146-12-06-18\/","url":"https:\/\/cklcomunicaciones.es\/coop\/noticias-info-ckl-no-2-146-12-06-18\/","name":"Noticias Info CKL n\u00ba 2.146-12\/06\/18-Comunica con perspectiva de g\u00e9nero","isPartOf":{"@id":"https:\/\/cklcomunicaciones.es\/coop\/#website"},"primaryImageOfPage":{"@id":"https:\/\/cklcomunicaciones.es\/coop\/noticias-info-ckl-no-2-146-12-06-18\/#primaryimage"},"image":{"@id":"https:\/\/cklcomunicaciones.es\/coop\/noticias-info-ckl-no-2-146-12-06-18\/#primaryimage"},"thumbnailUrl":"http:\/\/www.cklcomunicaciones.es\/wp-content\/uploads\/2018\/03\/CKL_comunicacion-con-perspetiva-de-genero-300x300.jpg","datePublished":"2018-06-12T10:44:58+00:00","dateModified":"2025-01-17T15:40:47+00:00","author":{"@id":"https:\/\/cklcomunicaciones.es\/coop\/#\/schema\/person\/929a6837f7626450bbb50cee1aef266e"},"description":"Comunicar con perspectiva de g\u00e9nero: \u00bfPor qu\u00e9 una mujer de mediana edad con hijos es la mejor trabajadora?-Las ni\u00f1as ya no querr\u00e1n ser princesas, querr\u00e1n ser ministras-La mujer andaluza de Carbonell se transforma en mujeres que luchan contra el hambre","breadcrumb":{"@id":"https:\/\/cklcomunicaciones.es\/coop\/noticias-info-ckl-no-2-146-12-06-18\/#breadcrumb"},"inLanguage":"es","potentialAction":[{"@type":"ReadAction","target":["https:\/\/cklcomunicaciones.es\/coop\/noticias-info-ckl-no-2-146-12-06-18\/"]}]},{"@type":"ImageObject","inLanguage":"es","@id":"https:\/\/cklcomunicaciones.es\/coop\/noticias-info-ckl-no-2-146-12-06-18\/#primaryimage","url":"http:\/\/www.cklcomunicaciones.es\/wp-content\/uploads\/2018\/03\/CKL_comunicacion-con-perspetiva-de-genero-300x300.jpg","contentUrl":"http:\/\/www.cklcomunicaciones.es\/wp-content\/uploads\/2018\/03\/CKL_comunicacion-con-perspetiva-de-genero-300x300.jpg"},{"@type":"BreadcrumbList","@id":"https:\/\/cklcomunicaciones.es\/coop\/noticias-info-ckl-no-2-146-12-06-18\/#breadcrumb","itemListElement":[{"@type":"ListItem","position":1,"name":"Portada","item":"https:\/\/cklcomunicaciones.es\/coop\/"},{"@type":"ListItem","position":2,"name":"Noticias Info CKL n\u00ba 2.146-12\/06\/18"}]},{"@type":"WebSite","@id":"https:\/\/cklcomunicaciones.es\/coop\/#website","url":"https:\/\/cklcomunicaciones.es\/coop\/","name":"CKL Comunicaciones","description":"Sitio web de CKL Comunicaciones coop , la consultora de comunicaci\u00f3n y estrategia","potentialAction":[{"@type":"SearchAction","target":{"@type":"EntryPoint","urlTemplate":"https:\/\/cklcomunicaciones.es\/coop\/?s={search_term_string}"},"query-input":{"@type":"PropertyValueSpecification","valueRequired":true,"valueName":"search_term_string"}}],"inLanguage":"es"},{"@type":"Person","@id":"https:\/\/cklcomunicaciones.es\/coop\/#\/schema\/person\/929a6837f7626450bbb50cee1aef266e","name":"ckl","image":{"@type":"ImageObject","inLanguage":"es","@id":"https:\/\/secure.gravatar.com\/avatar\/c82db564e8a669bf6023357a157b9dc4780f4d4c618f2ad1d71a6a5dede45057?s=96&d=mm&r=g","url":"https:\/\/secure.gravatar.com\/avatar\/c82db564e8a669bf6023357a157b9dc4780f4d4c618f2ad1d71a6a5dede45057?s=96&d=mm&r=g","contentUrl":"https:\/\/secure.gravatar.com\/avatar\/c82db564e8a669bf6023357a157b9dc4780f4d4c618f2ad1d71a6a5dede45057?s=96&d=mm&r=g","caption":"ckl"},"url":"https:\/\/cklcomunicaciones.es\/coop\/author\/cklcomunicaciones\/"}]}},"_links":{"self":[{"href":"https:\/\/cklcomunicaciones.es\/coop\/wp-json\/wp\/v2\/posts\/13999","targetHints":{"allow":["GET"]}}],"collection":[{"href":"https:\/\/cklcomunicaciones.es\/coop\/wp-json\/wp\/v2\/posts"}],"about":[{"href":"https:\/\/cklcomunicaciones.es\/coop\/wp-json\/wp\/v2\/types\/post"}],"author":[{"embeddable":true,"href":"https:\/\/cklcomunicaciones.es\/coop\/wp-json\/wp\/v2\/users\/3"}],"replies":[{"embeddable":true,"href":"https:\/\/cklcomunicaciones.es\/coop\/wp-json\/wp\/v2\/comments?post=13999"}],"version-history":[{"count":0,"href":"https:\/\/cklcomunicaciones.es\/coop\/wp-json\/wp\/v2\/posts\/13999\/revisions"}],"wp:attachment":[{"href":"https:\/\/cklcomunicaciones.es\/coop\/wp-json\/wp\/v2\/media?parent=13999"}],"wp:term":[{"taxonomy":"category","embeddable":true,"href":"https:\/\/cklcomunicaciones.es\/coop\/wp-json\/wp\/v2\/categories?post=13999"},{"taxonomy":"post_tag","embeddable":true,"href":"https:\/\/cklcomunicaciones.es\/coop\/wp-json\/wp\/v2\/tags?post=13999"}],"curies":[{"name":"wp","href":"https:\/\/api.w.org\/{rel}","templated":true}]}}