{"id":13986,"date":"2018-06-07T13:38:26","date_gmt":"2018-06-07T11:38:26","guid":{"rendered":"http:\/\/www.cklcomunicaciones.es\/?p=13986"},"modified":"2025-01-17T16:40:48","modified_gmt":"2025-01-17T15:40:48","slug":"noticias-info-ckl-no-2-144-08-06-18","status":"publish","type":"post","link":"https:\/\/cklcomunicaciones.es\/coop\/noticias-info-ckl-no-2-144-08-06-18\/","title":{"rendered":"Noticias Info CKL n\u00ba 2.144-08\/06\/18"},"content":{"rendered":"<div id=\"pl-13986\"  class=\"panel-layout\" >\n<div id=\"pg-13986-0\"  class=\"panel-grid panel-no-style\"  data-style=\"{&quot;background_image_attachment&quot;:false,&quot;background_display&quot;:&quot;tile&quot;,&quot;lsow_dark_bg&quot;:&quot;&quot;,&quot;cell_alignment&quot;:&quot;flex-start&quot;}\" >\n<div id=\"pgc-13986-0-0\"  class=\"panel-grid-cell\"  data-weight=\"1\" >\n<div id=\"panel-13986-0-0-0\" class=\"so-panel widget widget_sow-editor panel-first-child panel-last-child\" data-index=\"0\" data-style=\"{&quot;background_image_attachment&quot;:false,&quot;background_display&quot;:&quot;tile&quot;}\" >\n<div class=\"so-widget-sow-editor so-widget-sow-editor-base\">\n<div class=\"siteorigin-widget-tinymce textwidget\">\n\t<img decoding=\"async\" class=\"lazyload  wp-image-13726\" src=\"http:\/\/www.cklcomunicaciones.es\/wp-content\/uploads\/2018\/03\/CKL_comunicacion-con-perspetiva-de-genero-300x300.jpg\" data-orig-src=\"http:\/\/www.cklcomunicaciones.es\/wp-content\/uploads\/2018\/03\/CKL_comunicacion-con-perspetiva-de-genero-300x300.jpg\" alt=\"CKL_comunicacion con perspetiva de genero\" width=\"132\" height=\"132\" srcset=\"data:image\/svg+xml,%3Csvg%20xmlns%3D%27http%3A%2F%2Fwww.w3.org%2F2000%2Fsvg%27%20width%3D%27132%27%20height%3D%27132%27%20viewBox%3D%270%200%20132%20132%27%3E%3Crect%20width%3D%27132%27%20height%3D%27132%27%20fill-opacity%3D%220%22%2F%3E%3C%2Fsvg%3E\" data-srcset=\"https:\/\/cklcomunicaciones.es\/coop\/wp-content\/uploads\/2018\/03\/CKL_comunicacion-con-perspetiva-de-genero-150x150.jpg 150w, https:\/\/cklcomunicaciones.es\/coop\/wp-content\/uploads\/2018\/03\/CKL_comunicacion-con-perspetiva-de-genero-300x300.jpg 300w, https:\/\/cklcomunicaciones.es\/coop\/wp-content\/uploads\/2018\/03\/CKL_comunicacion-con-perspetiva-de-genero-450x450.jpg 450w, https:\/\/cklcomunicaciones.es\/coop\/wp-content\/uploads\/2018\/03\/CKL_comunicacion-con-perspetiva-de-genero.jpg 500w\" data-sizes=\"auto\" data-orig-sizes=\"(max-width: 132px) 100vw, 132px\" \/><\/p>\n<p tabindex=\"-1\" data-thread-perm-id=\"162ce27a51932733\" data-legacy-thread-id=\"162ce27a51932733\"><strong>Econom\u00eda en femenino-Ana Pel\u00e1ez, la voz de las mujeres y ni\u00f1as discapacitadas en la ONU-M\u00e1s de 100.000 personas firman para evitar el desmantelamiento del 016-FEMM+ponderar\u00e1 el papel de la mujer en la escena musical<\/strong><\/p>\n<p>[toggle type=\u00bbfirst\u00bb title=\u00bbConvocatorias\u00bb]<\/p>\n<ul>\n<li><a href=\"http:\/\/www.juntadeandalucia.es\/iam\/catalogo\/doc\/convocatorias\/2018-genero\/GR-seminario-politicas-para-mujeres-y%20mujeres-en-politica.jpg\">Seminario &#8216;Pol\u00edticas para mujeres y mujeres en la pol\u00edtica: \u00bfVamos a hablar de Marielle Franco?&#8217;<\/a>. Grupo de Investigaci\u00f3n &#8216;Otras Perspectivas Feministas en Investigaci\u00f3n Social&#8217; de la Universidad de Granada. 14 de junio de 2018<\/li>\n<li><a href=\"http:\/\/www.juntadeandalucia.es\/iam\/catalogo\/doc\/convocatorias\/2018-genero\/SE-GE-especial-mujeres-en-Planta-Hip-Hop-radio-gelves.pdf\">Programa Planta Hip Hop Especial Mujeres<\/a>. Gelves Ahora Radio (88.6 FM). 8 y 9 de junio de 2018<\/li>\n<li><a href=\"http:\/\/cicus.us.es\/femm-%C2%B7-ciclo-mujer-y-musica-de-la-universidad-de-sevilla\/\">FEMM+ Ciclo Mujer <\/a><a href=\"http:\/\/cicus.us.es\/femm-%C2%B7-ciclo-mujer-y-musica-de-la-universidad-de-sevilla\/\">y<\/a><a href=\"http:\/\/cicus.us.es\/femm-%C2%B7-ciclo-mujer-y-musica-de-la-universidad-de-sevilla\/\"> M\u00fasica.<\/a> Universidad de Sevilla. Del 25 al 28 de junio de 2018<\/li>\n<\/ul>\n<p>[\/toggle]<\/p>\n<p>[toggle type=\u00bbfirst\u00bb title=\u00bbComunicaci\u00f3n\u00bb]<\/p>\n<p><a href=\"http:\/\/www.publico.es\/sociedad\/redaccion-pais-respalda-forma-masiva-soledad-gallego-diaz-directora-97-2-votos-favor.html\">La redacci\u00f3n de &#8216;El Pa\u00eds&#8217; respalda de forma masiva a Soledad Gallego-D\u00edaz como directora con el 97,2% de apoyo<\/a> &#8211; P\u00fablico<\/p>\n<p><a href=\"http:\/\/www.elmundo.es\/loc\/famosos\/2018\/06\/08\/5b17cdd1468aeb00358b45fd.html\">Mar\u00eda G\u00f3mez, reportera del Mundial: \u00abNo necesito que cuando alguien me ve diga si soy guapa o fea\u00bb<\/a> \u2013 El Mundo<\/p>\n<p><a href=\"https:\/\/www.lamarea.com\/2018\/06\/07\/estos-son-los-periodicos-hasta-ahora-dirigidos-por-mujeres\/\">Estos son los peri\u00f3dicos (hasta ahora) dirigidos por mujeres<\/a> &#8211; La Marea<\/p>\n<p><a href=\"http:\/\/www.elperiodicomediterraneo.com\/noticias\/contra\/sexo-rae_1152123.html\">El sexo de la RAE<\/a> &#8211; El Peri\u00f3dico Mediterr\u00e1neo<\/p>\n<p><a href=\"https:\/\/www.google.com\/url?rct=j&amp;sa=t&amp;url=https:\/\/www.20minutos.es\/noticia\/3362034\/0\/uso-nuevas-tecnologias-internet-esta-plenamente-integrado-vida-jovenes-logroneses\/&amp;ct=ga&amp;cd=CAEYACoUMTU1MTEzOTQyOTkwOTkwNzY5NTEyGWUxZTc3ZDE1NjA5OGE4ZTM6ZXM6ZXM6RVM&amp;usg=AFQjCNFGW-cpZWcCKmtJ4FfDqT7ep2vNyA\">El uso de nuevas tecnolog\u00edas e internet est\u00e1 \u00abplenamente integrado\u00bb en la vida de los j\u00f3venes &#8230; <\/a>&#8211; <a href=\"http:\/\/20minutos.es\">20minutos.es<\/a><\/p>\n<p><a href=\"http:\/\/www.publico.es\/sociedad\/facebook-facebook-publicos-mensajes-privados-14-millones-usuarios.html\">Facebook hace p\u00fablicos los mensajes privados de 14 millones de usuarios<\/a> &#8211; P\u00fablico<\/p>\n<p><a href=\"http:\/\/www.publico.es\/internacional\/parlamento-frances-prohibe-telefonos-moviles-escuelas.html\">El Parlamento franc\u00e9s proh\u00edbe los m\u00f3viles en colegios e institutos<\/a>&#8211; P\u00fablico<\/p>\n<p>[\/toggle]<\/p>\n<p>[toggle type=\u00bbfirst\u00bb title=\u00bbAndaluc\u00eda\u00bb]<\/p>\n<p><strong>Institucional<\/strong><\/p>\n<p><a href=\"https:\/\/www.google.com\/url?sa=t&amp;rct=j&amp;q=&amp;esrc=s&amp;source=newssearch&amp;cd=5&amp;ved=0ahUKEwjY3OH77MPbAhWjCJoKHRpCCGkQqQIIMigAMAQ&amp;url=http%3A%2F%2Fwww.canalsur.es%2Finicio%2Fla-nueva-consejera-de-conocimiento-investigacion-y-universidad-en-la-entrevista-de-canal-sur%2F1288718.html&amp;usg=AOvVaw10QH1Q6Gh9uY_IiFkkWYAL\">Lina G\u00e1lvez, la nueva consejera de Conocimiento, Investigaci\u00f3n y Universidad &#8230;<\/a>&#8211; CanalSurWeb<\/p>\n<p><strong>Econom\u00eda y Empresas<\/strong><\/p>\n<p><a href=\"http:\/\/www.mujeremprendedora.net\/la-asociacion-mujer-y-trabajo-celebra-su-congreso-anual\/\">La Asociaci\u00f3n Mujer y Trabajo de Sevilla celebrar\u00e1 su congreso anual\u2026<\/a> &#8211; Mujeremprendedora.net<\/p>\n<p><a href=\"http:\/\/www.cope.es\/noticias\/jaen-economia\/las-mujeres-empresarias-profesionales-torredonjimeno-unen-torno-proyecto-sinergia_224792\">Las empresarias y profesionales de Torredonjimeno se unen &#8230;<\/a> &#8211; COPE<\/p>\n<p><a href=\"http:\/\/www.diariodesevilla.es\/economia\/pacto-comercio-Andalucia-Amazon-Operadoresdigitales_0_1252375429.html\">Un pacto por el comercio para hacer frente a los gigantes digitales<\/a>&#8211; Diario de Sevilla<\/p>\n<p><strong>Actualidad<\/strong><\/p>\n<p><a href=\"https:\/\/www.google.com\/url?sa=t&amp;rct=j&amp;q=&amp;esrc=s&amp;source=newssearch&amp;cd=9&amp;ved=0ahUKEwjHldn378PbAhWiQJoKHbboBSoQqQIIPSgAMAg&amp;url=https%3A%2F%2Fwww.elconfidencial.com%2Fespana%2F2018-06-08%2Ffiscal-jefe-sevilla-quinielas-fiscalia-general-estado_1575633%2F&amp;usg=AOvVaw2eAJy7WRo4bkZ_P7m4mQvo\">Segarra, la fiscal jefa de Sevilla, se cuela en las quinielas para la Fiscal\u00eda General \u00a0&#8230;<\/a> &#8211; El Confidencia<\/p>\n<p><a href=\"https:\/\/www.google.com\/url?rct=j&amp;sa=t&amp;url=http:\/\/www.diariodehuelva.es\/2018\/06\/07\/iam-la-junta-ofrece-recursos-las-victimas-abusos-sean-la-nacionalidad-sean\/&amp;ct=ga&amp;cd=CAEYAyoTODEwNjkzNjgzMzkwNjI4MDI0NjIZYzAzNzJlYmMyZmVhZGE1OTplczplczpFUw&amp;usg=AFQjCNGcQwJ74s4Op3iwelxRfKjG4onfmw\">El IAM ofrece sus recursos a las v\u00edctimas de abusos \u201csean de la nacionalidad que sean\u201d <\/a>&#8211; <a href=\"http:\/\/diariodehuelva.es\">diariodehuelva.es<\/a><\/p>\n<p><a href=\"http:\/\/www.elmundo.es\/andalucia\/2018\/06\/07\/5b19208e468aeb6e6c8b45d4.html\">El juez archiva la querella contra la asesora de Juana Rivas por intrusismo profesional<\/a> \u2013 El Mundo<\/p>\n<p><strong>Violencia<\/strong><\/p>\n<p><a href=\"https:\/\/elpais.com\/elpais\/2018\/06\/07\/mujeres\/1528396330_755399.html\">Fresas sin explotaci\u00f3n ni acoso sexual<\/a> \u2013 El Pa\u00eds<\/p>\n<p><a href=\"https:\/\/www.google.com\/url?rct=j&amp;sa=t&amp;url=http:\/\/www.lavanguardia.com\/local\/sevilla\/20180607\/444199318301\/csic-celebra-en-sevilla-la-i-jornada-de-acoso-sexual-y-laboral-para-prevenir-posibles-casos-en-centros-de-investigacion.html&amp;ct=ga&amp;cd=CAEYAioUMTQ4MDgyNTAwMzkwMTE1MzQ2MzcyGWMwMzcyZWJjMmZlYWRhNTk6ZXM6ZXM6RVM&amp;usg=AFQjCNFy7UNL_jXi4DduSKFjuYEWH4myNA\">CSIC celebra en Sevilla la I Jornada de Acoso Sexual y Laboral para prevenir posibles casos en &#8230; <\/a>&#8211; La Vanguardia<\/p>\n<p><a href=\"https:\/\/www.google.com\/url?rct=j&amp;sa=t&amp;url=http:\/\/www.lavanguardia.com\/local\/sevilla\/20180607\/444194255190\/la-onubense-se-une-a-la-red-universitaria-andaluza-contra-la-violencia-de-genero.html&amp;ct=ga&amp;cd=CAEYASoTODEwNjkzNjgzMzkwNjI4MDI0NjIZYzAzNzJlYmMyZmVhZGE1OTplczplczpFUw&amp;usg=AFQjCNEF17noQVu8iavLCaPf4uw4ujBt7g\">La Universidad Onubense se une a la red universitaria andaluza contra la violencia de g\u00e9nero <\/a>&#8211; La Vanguardia<\/p>\n<p><strong>Ciencia y Cultura<\/strong><\/p>\n<p><a href=\"https:\/\/www.esmartcity.es\/2018\/06\/08\/universidad-de-granada-se-adhiere-cluster-andalucia-smart-city\">La Universidad de Granada se adhiere al Cl\u00faster Andaluc\u00eda Smart City<\/a>&#8211; Esmarcity<\/p>\n<p><a href=\"https:\/\/www.google.com\/url?rct=j&amp;sa=t&amp;url=http:\/\/www.huelvainformacion.es\/vivir_en_huelva\/mujer-torno-BvinoB_0_1252675332.html&amp;ct=ga&amp;cd=CAEYASoSOTc3MDM1MzA5MzkxOTE5MzA4MhljMDM3MmViYzJmZWFkYTU5OmVzOmVzOkVT&amp;usg=AFQjCNFs5fjTutQLaGcmpzBBG7Xq292suw\">La mujer en torno al vino <\/a>&#8211; Huelva Informaci\u00f3n<\/p>\n<p><a href=\"http:\/\/elcorreoweb.es\/cultura\/femm-ponderara-el-papel-de-la-mujer-en-la-escena-musical-GB4245954\">FEMM+ ponderar\u00e1 el papel de la mujer en la escena musical<\/a> \u2013 El Correo de Andaluc\u00eda<\/p>\n<p><a href=\"http:\/\/elcorreoweb.es\/cultura\/el-flamenco-que-el-franquismo-quiso-blanquear-YM4248256\">El flamenco que el franquismo quiso \u2018blanquear\u2019<\/a> \u2013 El Correo de Andaluc\u00eda<\/p>\n<p><a href=\"http:\/\/www.publico.es\/sociedad\/gitanasenestereo-telaranas-cancion-reivindicar-igualdad-mujeres-ninas-gitanas.html\">&#8216;Telara\u00f1as&#8217;, una canci\u00f3n para reivindicar la igualdad de las mujeres y ni\u00f1as gitanas<\/a> &#8211; P\u00fablico<\/p>\n<p><a href=\"http:\/\/www.elmundo.es\/comunidad-valenciana\/alicante\/2018\/06\/08\/5b196e02268e3e76068b45a8.html\">Vega: \u00abEl disco est\u00e1 lleno de verdades dulcificadas y mentiras recrudecidas\u00bb<\/a> \u2013 El Mundo<\/p>\n<p><a href=\"http:\/\/www.elmundo.es\/andalucia\/2018\/06\/07\/5b191f51468aeb766c8b45ef.html\">Las flores musicales de Paula Dom\u00ednguez<\/a>\u2013 El Mundo<\/p>\n<p><a href=\"https:\/\/www.google.com\/url?sa=t&amp;rct=j&amp;q=&amp;esrc=s&amp;source=newssearch&amp;cd=12&amp;cad=rja&amp;uact=8&amp;ved=0ahUKEwiTwoO08cPbAhXEdpoKHaqoDNw4ChCpAggpKAAwAQ&amp;url=https%3A%2F%2Fwww.eldiario.es%2Fandalucia%2Flacajanegra%2Fexposicion-mujeres-ilustradoras-Andalucia-samurais_0_779023303.html&amp;usg=AOvVaw1du7J7_0cNmuwSqnRDCXFK\">Ilustradoras andaluzas revindican la figura de las samur\u00e1is<\/a> &#8211;<a href=\"http:\/\/eldiario.es\">eldiario.es<\/a><\/p>\n<p><strong>Deporte<\/strong><\/p>\n<p><a href=\"https:\/\/www.google.com\/url?sa=t&amp;rct=j&amp;q=&amp;esrc=s&amp;source=newssearch&amp;cd=6&amp;cad=rja&amp;uact=8&amp;ved=0ahUKEwjHldn378PbAhWiQJoKHbboBSoQqQIINCgAMAU&amp;url=http%3A%2F%2Fwww.diariodecadiz.es%2Fdeportes%2FLina-Quesada-relata-vivencia-Nepal_0_1252674936.html&amp;usg=AOvVaw1cik4514UBdhgQfarAL1Rp\">Lina Quesada relata su vivencia en Nepal<\/a> &#8211; Diario de C\u00e1diz<\/p>\n<p><a href=\"https:\/\/andaluciainformacion.es\/sevilla\/759403\/us-celebra-la-i-regata-universitaria-de-remo-con-tripulaciones-noveles\/\">US celebra la I Regata Universitaria de Remo con tripulaciones noveles<\/a> &#8211; Andaluc\u00eda Informaci\u00f3n<\/p>\n<p><a href=\"https:\/\/www.google.com\/url?sa=t&amp;rct=j&amp;q=&amp;esrc=s&amp;source=newssearch&amp;cd=1&amp;ved=0ahUKEwj56YWu_MPbAhWkC5oKHSFDCYYQqQIIJigAMAA&amp;url=http%3A%2F%2Fwww.granadahoy.com%2Fdeportes%2Flojena-Beatriz-Calvo-logra-Andaluz_0_1252674853.html&amp;usg=AOvVaw1AQPK5upcV-jw00Hgx6cNF\">La loje\u00f1a Beatriz Calvo logra la plata en el Andaluz<\/a> &#8211; Granada Hoy<\/p>\n<p>[\/toggle]<\/p>\n<p>[toggle type=\u00bbfirst\u00bb title=\u00bbEstado\u00bb]<\/p>\n<p><strong>Institucional<\/strong><\/p>\n<p><a href=\"https:\/\/www.google.com\/url?sa=t&amp;rct=j&amp;q=&amp;esrc=s&amp;source=newssearch&amp;cd=11&amp;ved=0ahUKEwiw_tmq-8PbAhWCE5oKHYN-DDk4ChCpAggmKAAwAA&amp;url=http%3A%2F%2Fwww.elderecho.com%2Factualidad%2FCongreso-reforma-LOPJ-pacto-violencia-genero_0_1235250010.html&amp;usg=AOvVaw1q_bn5Jw0CkjOMV3UVnKBB\">El Congreso decide el martes si inicia la reforma de la LOPJ para &#8230;<\/a> &#8211; El Derecho<\/p>\n<p><strong>Institucional-CCAA<\/strong><\/p>\n<p><a href=\"https:\/\/www.google.com\/url?rct=j&amp;sa=t&amp;url=http:\/\/www.europapress.es\/islas-canarias\/noticia-maletas-viajeras-proyecto-impulsar-igualdad-prevenir-violencia-genero-colegios-20180607143134.html&amp;ct=ga&amp;cd=CAEYACoTMzQ4MzgzNDUwNjYxMDY1NDM2OTIZZTJkZWZhN2Q1ZGE5MTU3ZDplczplczpFUw&amp;usg=AFQjCNFOAczjr6GTkQhMHktCsI8B86xn_w\">&#8216;Maletas viajeras&#8217;, un proyecto para impulsar la igualdad y prevenir la violencia de g\u00e9nero en los &#8230; <\/a>&#8211; Europa Press<\/p>\n<p><a href=\"https:\/\/www.google.com\/url?rct=j&amp;sa=t&amp;url=http:\/\/www.europapress.es\/comunitat-valenciana\/noticia-festival-les-arts-tendra-punto-violeta-contra-agresiones-sexuales-mantendra-otros-certamenes-20180607145047.html&amp;ct=ga&amp;cd=CAEYASoUMTc4MDQzMTcxNDQ1MzU0MzQwMzQyGWMwMzcyZWJjMmZlYWRhNTk6ZXM6ZXM6RVM&amp;usg=AFQjCNHAkTKxFmW4odeMzshSa6CiqwAkzA\">El Festival de Les Arts tendr\u00e1 un punto violeta contra agresiones sexuales que se mantendr\u00e1 en &#8230; <\/a>&#8211; Europa Press<\/p>\n<p><a href=\"https:\/\/www.google.com\/url?rct=j&amp;sa=t&amp;url=https:\/\/digitalextremadura.com\/mas-de-100-jugadoras-participaran-en-la-viii-womens-cup-ciudad-de-badajoz\/&amp;ct=ga&amp;cd=CAEYACoTNzAwOTg5NTgzMzAyODQxMzk0MjIZYzAzNzJlYmMyZmVhZGE1OTplczplczpFUw&amp;usg=AFQjCNHFCjDdEgjeewB8b95ubdTCjud7uA\">M\u00e1s de 100 jugadoras participar\u00e1n en la VIII Women&#8217;s Cup Ciudad de Badajoz <\/a>&#8211; <a href=\"http:\/\/digitalextremadura.com\">digitalextremadura.com<\/a><\/p>\n<p><a href=\"https:\/\/www.google.com\/url?rct=j&amp;sa=t&amp;url=https:\/\/eldiadigital.es\/not\/260433\/la-visibilidad-de-la-mujer-en-la-empresa-y-la-economia-una-tarea-pendiente\/&amp;ct=ga&amp;cd=CAEYACoUMTQ4MDgyNTAwMzkwMTE1MzQ2MzcyGWMwMzcyZWJjMmZlYWRhNTk6ZXM6ZXM6RVM&amp;usg=AFQjCNFQtSCC8oTBRngaKtB2kzWKu7hzVg\">La visibilidad de la mujer en la empresa y la econom\u00eda, una tarea pendiente <\/a>&#8211; <a href=\"http:\/\/eldiadigital.es\">eldiadigital.es<\/a><\/p>\n<p><a href=\"https:\/\/elpais.com\/ccaa\/2018\/06\/07\/madrid\/1528374550_273364.html\">V\u00edctimas de violencia de g\u00e9nero en Madrid podr\u00e1n optar a una vivienda p\u00fablica sin denuncia<\/a> \u2013 El Pa\u00eds<\/p>\n<p><a href=\"http:\/\/www.publico.es\/sociedad\/holika-2018-feministas-piden-sacar-kidd-keo-cartel-festival-navarra-promover-actitudes-violentas-mujeres.html\">Piden sacar a Kidd Keo del cartel de un festival de Navarra por \u00abpromover actitudes violentas contra las mujeres\u00bb<\/a> &#8211; P\u00fablico<\/p>\n<p><a href=\"https:\/\/www.google.com\/url?sa=t&amp;rct=j&amp;q=&amp;esrc=s&amp;source=newssearch&amp;cd=1&amp;ved=0ahUKEwiQ8Zux5MPbAhVlYZoKHfHDA-YQqQIIJygAMAA&amp;url=http%3A%2F%2Fwww.elperiodicodearagon.com%2Fnoticias%2Faragon%2Fconchita-martinez-maria-villarroya-distinguidas-premios-sabina_1289520.html&amp;usg=AOvVaw3WAVB6i1EDlNcuPqSo-8xL\">Conchita Mart\u00ednez y Mar\u00eda Villarroya, distinguidas con los Premios Sabina &#8230;<\/a>&#8211; El Peri\u00f3dico de Arag\u00f3n<\/p>\n<p><a href=\"https:\/\/cincodias.elpais.com\/cincodias\/2018\/06\/08\/companias\/1528448739_698411.html\">As\u00ed es la primera asociaci\u00f3n de empresarias canarias por y para &#8230;<\/a> &#8211; Cinco D\u00edas<\/p>\n<p><strong>Econom\u00eda y Empresa<\/strong><\/p>\n<p><a href=\"https:\/\/www.google.com\/url?rct=j&amp;sa=t&amp;url=https:\/\/www.elboletin.com\/noticia\/164090\/nacional\/brechas-laborales-y-de-conciliacion:-empeoran-los-ultimos-datos-sobre-mujeres.html&amp;ct=ga&amp;cd=CAEYACoSMTI0NDM0NzIxNTM3NjI4MjIwMhljMDM3MmViYzJmZWFkYTU5OmVzOmVzOkVT&amp;usg=AFQjCNGEg81dNz_3cXflEeBic_L-Vvf-Bg\">Brechas laborales y de conciliaci\u00f3n: empeoran los \u00faltimos datos sobre mujeres <\/a>\u2013 El Bolet\u00edn<\/p>\n<p><a href=\"https:\/\/www.google.com\/url?rct=j&amp;sa=t&amp;url=http:\/\/www.elcomercio.es\/aviles\/escuela-emprendedoras-empresarias-asturias-20180608003236-ntvo.html&amp;ct=ga&amp;cd=CAEYACoUMTMyODk0ODI1OTk5OTk5MjY3NzYyGWMwMzcyZWJjMmZlYWRhNTk6ZXM6ZXM6RVM&amp;usg=AFQjCNEXnuglBPdnruU8j5HQz_NH-9u3lA\">La Escuela de Emprendedoras crea su propia red social para reforzar el apoyo a las mujeres <\/a>&#8211; El Comercio Digital<\/p>\n<p><a href=\"http:\/\/www.elmundo.es\/economia\/macroeconomia\/2018\/06\/08\/5b1976f222601de2078b46ad.html\">Econom\u00eda en femenino<\/a> &#8211; El Mundo<\/p>\n<p><strong>Actualidad<\/strong><\/p>\n<p><a href=\"https:\/\/elpais.com\/elpais\/2018\/06\/07\/mujeres\/1528381456_247152.html\">Ana Pel\u00e1ez, la voz de las mujeres y ni\u00f1as discapacitadas en la ONU &#8230;<\/a> \u2013 El Pa\u00eds<\/p>\n<p><a href=\"https:\/\/www.google.com\/url?rct=j&amp;sa=t&amp;url=http:\/\/www.abc.es\/sociedad\/abci-leccion-contra-machismo-nina-13-anos-insultada-llevar-pantalon-corto-y-ombligo-aire-201806071326_noticia.html&amp;ct=ga&amp;cd=CAEYBSoUMTQ2NDY5MTM0NDU2NDk3OTY4MjkyGWMwMzcyZWJjMmZlYWRhNTk6ZXM6ZXM6RVM&amp;usg=AFQjCNH0S5WkIOcU7Ypo5W76zWj5QW6qWg\">La lecci\u00f3n contra el machismo de una ni\u00f1a de 13 a\u00f1os insultada por llevar pantal\u00f3n corto y el &#8230; <\/a>&#8211; Abc.es<\/p>\n<p><strong>Violencias<\/strong><\/p>\n<p><a href=\"http:\/\/www.publico.es\/sociedad\/mas-100-000-personas-firman.html\">M\u00e1s de 100.000 personas firman para evitar el desmantelamiento del 016 contra las violencias machistas<\/a> &#8211; P\u00fablico<\/p>\n<p><strong>Ciencia y Cultura<\/strong><\/p>\n<p><a href=\"https:\/\/elpais.com\/cultura\/2018\/06\/07\/television\/1528370787_003339.html\">Maika Makovski: \u201cLa escena nacional de m\u00fasica necesita este programa\u201d<\/a> \u2013 El Pa\u00eds<\/p>\n<p><a href=\"http:\/\/www.europapress.es\/castilla-y-leon\/noticia-maria-duenas-recalca-gobierno-tantas-mujeres-solventes-capaces-senal-algo-cambia-20180607180734.html\">Mar\u00eda Due\u00f1as recalca que un gobierno con tantas mujeres \u00absolventes &#8230;<\/a> &#8211; Europa Press<\/p>\n<p><strong>Deporte<\/strong><\/p>\n<p><a href=\"https:\/\/mujerydeporte.practicodeporte.com\/espana-israel-clasificacion-mundial\/\">Espa\u00f1a da otro paso para el Mundial femenino de Francia 2019<\/a> &#8211; Practico deporte<\/p>\n<p><a href=\"https:\/\/mujerydeporte.practicodeporte.com\/draft-rfep-femenino-equipo-espanol-hockey-patines\/\">Nace el Draft RFEP femenino para elegir el equipo espa\u00f1ol de hockey &#8230;<\/a> &#8211; Practico deporte<\/p>\n<p>[\/toggle]<\/p>\n<p>[toggle type=\u00bbfirst\u00bb title=\u00bbInternacional\u00bb]<\/p>\n<p><a href=\"http:\/\/www.elmundo.es\/economia\/2018\/06\/06\/5b17d15b22601d2a388b4677.html\">Merkel llama a un frente com\u00fan en el G-7 contra los aranceles de Trump<\/a> \u2013 El Mundo<\/p>\n<p><a href=\"https:\/\/www.google.com\/url?rct=j&amp;sa=t&amp;url=https:\/\/cnnespanol.cnn.com\/2018\/06\/07\/mujeres-personas-pobres-e-indigenas-los-que-sufren-la-mayor-desigualdad-en-mexico\/&amp;ct=ga&amp;cd=CAEYASoTNzQ4NjY1OTQwMzgxMDU5OTMwNDIZYzAzNzJlYmMyZmVhZGE1OTplczplczpFUw&amp;usg=AFQjCNF-1WD8xx5pomUhdDlVwTIB-04pkg\">Mujeres, personas pobres e ind\u00edgenas: los que sufren la mayor desigualdad en M\u00e9xico <\/a>&#8211; CNN<\/p>\n<p><a href=\"http:\/\/www.lavanguardia.com\/internacional\/20180607\/444145743157\/aumento-violaciones-nepal-mecha-feminista.html\">El aumento de las violaciones en Nepal prende la mecha feminista<\/a> &#8211; La Vanguardia<\/p>\n<p><a href=\"https:\/\/www.google.com\/url?rct=j&amp;sa=t&amp;url=https:\/\/as.com\/futbol\/2018\/06\/07\/mundial\/1528403619_280992.html&amp;ct=ga&amp;cd=CAEYASoUMTQ2NDY5MTM0NDU2NDk3OTY4MjkyGWMwMzcyZWJjMmZlYWRhNTk6ZXM6ZXM6RVM&amp;usg=AFQjCNGZ-zdxLXvRGocgx49H10Aoo9k3Rw\">Fatma Samoura, la pionera de la FIFA<\/a> -As<\/p>\n<p>[\/toggle]<\/p><\/div>\n<\/div>\n<\/div>\n<\/div>\n<\/div>\n<\/div>\n","protected":false},"excerpt":{"rendered":"<p>Econom\u00eda en femenino-Ana Pel\u00e1ez, la voz de las mujeres y <a href=\"https:\/\/cklcomunicaciones.es\/coop\/noticias-info-ckl-no-2-144-08-06-18\/\">[&#8230;]<\/a><\/p>\n","protected":false},"author":3,"featured_media":0,"comment_status":"closed","ping_status":"closed","sticky":false,"template":"","format":"standard","meta":{"footnotes":""},"categories":[298,623],"tags":[],"class_list":["post-13986","post","type-post","status-publish","format-standard","hentry","category-newsletter","category-nwl-2-0"],"yoast_head":"<!-- This site is optimized with the Yoast SEO plugin v27.5 - https:\/\/yoast.com\/product\/yoast-seo-wordpress\/ -->\n<title>Noticias Info CKL n\u00ba 2.144-08\/06\/18-Comunica con perspectiva de g\u00e9nero<\/title>\n<meta name=\"description\" content=\"Comunicar con perspectiva de g\u00e9nero: Econom\u00eda en femenino-Ana Pel\u00e1ez, la voz de las mujeres y ni\u00f1as discapacitadas en la ONU-M\u00e1s de 100.000 personas firman para evitar el desmantelamiento del 016-FEMM+ponderar\u00e1 el papel de la mujer en la escena musical\" \/>\n<meta name=\"robots\" content=\"index, follow, max-snippet:-1, max-image-preview:large, max-video-preview:-1\" \/>\n<link rel=\"canonical\" href=\"https:\/\/cklcomunicaciones.es\/coop\/noticias-info-ckl-no-2-144-08-06-18\/\" \/>\n<meta property=\"og:locale\" content=\"es_ES\" \/>\n<meta property=\"og:type\" content=\"article\" \/>\n<meta property=\"og:title\" content=\"Noticias Info CKL n\u00ba 2.144-08\/06\/18-Comunica con perspectiva de g\u00e9nero\" \/>\n<meta property=\"og:description\" content=\"Comunicar con perspectiva de g\u00e9nero: Econom\u00eda en femenino-Ana Pel\u00e1ez, la voz de las mujeres y ni\u00f1as discapacitadas en la ONU-M\u00e1s de 100.000 personas firman para evitar el desmantelamiento del 016-FEMM+ponderar\u00e1 el papel de la mujer en la escena musical\" \/>\n<meta property=\"og:url\" content=\"https:\/\/cklcomunicaciones.es\/coop\/noticias-info-ckl-no-2-144-08-06-18\/\" \/>\n<meta property=\"og:site_name\" content=\"CKL Comunicaciones\" \/>\n<meta property=\"article:published_time\" content=\"2018-06-07T11:38:26+00:00\" \/>\n<meta property=\"article:modified_time\" content=\"2025-01-17T15:40:48+00:00\" \/>\n<meta property=\"og:image\" content=\"https:\/\/cklcomunicaciones.es\/coop\/wp-content\/uploads\/2018\/03\/CKL_comunicacion-con-perspetiva-de-genero.jpg\" \/>\n\t<meta property=\"og:image:width\" content=\"500\" \/>\n\t<meta property=\"og:image:height\" content=\"500\" \/>\n\t<meta property=\"og:image:type\" content=\"image\/jpeg\" \/>\n<meta name=\"author\" content=\"ckl\" \/>\n<meta name=\"twitter:card\" content=\"summary_large_image\" \/>\n<meta name=\"twitter:label1\" content=\"Escrito por\" \/>\n\t<meta name=\"twitter:data1\" content=\"ckl\" \/>\n\t<meta name=\"twitter:label2\" content=\"Tiempo de lectura\" \/>\n\t<meta name=\"twitter:data2\" content=\"5 minutos\" \/>\n<script type=\"application\/ld+json\" class=\"yoast-schema-graph\">{\"@context\":\"https:\\\/\\\/schema.org\",\"@graph\":[{\"@type\":\"Article\",\"@id\":\"https:\\\/\\\/cklcomunicaciones.es\\\/coop\\\/noticias-info-ckl-no-2-144-08-06-18\\\/#article\",\"isPartOf\":{\"@id\":\"https:\\\/\\\/cklcomunicaciones.es\\\/coop\\\/noticias-info-ckl-no-2-144-08-06-18\\\/\"},\"author\":{\"name\":\"ckl\",\"@id\":\"https:\\\/\\\/cklcomunicaciones.es\\\/coop\\\/#\\\/schema\\\/person\\\/929a6837f7626450bbb50cee1aef266e\"},\"headline\":\"Noticias Info CKL n\u00ba 2.144-08\\\/06\\\/18\",\"datePublished\":\"2018-06-07T11:38:26+00:00\",\"dateModified\":\"2025-01-17T15:40:48+00:00\",\"mainEntityOfPage\":{\"@id\":\"https:\\\/\\\/cklcomunicaciones.es\\\/coop\\\/noticias-info-ckl-no-2-144-08-06-18\\\/\"},\"wordCount\":972,\"image\":{\"@id\":\"https:\\\/\\\/cklcomunicaciones.es\\\/coop\\\/noticias-info-ckl-no-2-144-08-06-18\\\/#primaryimage\"},\"thumbnailUrl\":\"http:\\\/\\\/www.cklcomunicaciones.es\\\/wp-content\\\/uploads\\\/2018\\\/03\\\/CKL_comunicacion-con-perspetiva-de-genero-300x300.jpg\",\"articleSection\":[\"Newsletter\",\"Nwl v2.0\"],\"inLanguage\":\"es\"},{\"@type\":\"WebPage\",\"@id\":\"https:\\\/\\\/cklcomunicaciones.es\\\/coop\\\/noticias-info-ckl-no-2-144-08-06-18\\\/\",\"url\":\"https:\\\/\\\/cklcomunicaciones.es\\\/coop\\\/noticias-info-ckl-no-2-144-08-06-18\\\/\",\"name\":\"Noticias Info CKL n\u00ba 2.144-08\\\/06\\\/18-Comunica con perspectiva de g\u00e9nero\",\"isPartOf\":{\"@id\":\"https:\\\/\\\/cklcomunicaciones.es\\\/coop\\\/#website\"},\"primaryImageOfPage\":{\"@id\":\"https:\\\/\\\/cklcomunicaciones.es\\\/coop\\\/noticias-info-ckl-no-2-144-08-06-18\\\/#primaryimage\"},\"image\":{\"@id\":\"https:\\\/\\\/cklcomunicaciones.es\\\/coop\\\/noticias-info-ckl-no-2-144-08-06-18\\\/#primaryimage\"},\"thumbnailUrl\":\"http:\\\/\\\/www.cklcomunicaciones.es\\\/wp-content\\\/uploads\\\/2018\\\/03\\\/CKL_comunicacion-con-perspetiva-de-genero-300x300.jpg\",\"datePublished\":\"2018-06-07T11:38:26+00:00\",\"dateModified\":\"2025-01-17T15:40:48+00:00\",\"author\":{\"@id\":\"https:\\\/\\\/cklcomunicaciones.es\\\/coop\\\/#\\\/schema\\\/person\\\/929a6837f7626450bbb50cee1aef266e\"},\"description\":\"Comunicar con perspectiva de g\u00e9nero: Econom\u00eda en femenino-Ana Pel\u00e1ez, la voz de las mujeres y ni\u00f1as discapacitadas en la ONU-M\u00e1s de 100.000 personas firman para evitar el desmantelamiento del 016-FEMM+ponderar\u00e1 el papel de la mujer en la escena musical\",\"breadcrumb\":{\"@id\":\"https:\\\/\\\/cklcomunicaciones.es\\\/coop\\\/noticias-info-ckl-no-2-144-08-06-18\\\/#breadcrumb\"},\"inLanguage\":\"es\",\"potentialAction\":[{\"@type\":\"ReadAction\",\"target\":[\"https:\\\/\\\/cklcomunicaciones.es\\\/coop\\\/noticias-info-ckl-no-2-144-08-06-18\\\/\"]}]},{\"@type\":\"ImageObject\",\"inLanguage\":\"es\",\"@id\":\"https:\\\/\\\/cklcomunicaciones.es\\\/coop\\\/noticias-info-ckl-no-2-144-08-06-18\\\/#primaryimage\",\"url\":\"http:\\\/\\\/www.cklcomunicaciones.es\\\/wp-content\\\/uploads\\\/2018\\\/03\\\/CKL_comunicacion-con-perspetiva-de-genero-300x300.jpg\",\"contentUrl\":\"http:\\\/\\\/www.cklcomunicaciones.es\\\/wp-content\\\/uploads\\\/2018\\\/03\\\/CKL_comunicacion-con-perspetiva-de-genero-300x300.jpg\"},{\"@type\":\"BreadcrumbList\",\"@id\":\"https:\\\/\\\/cklcomunicaciones.es\\\/coop\\\/noticias-info-ckl-no-2-144-08-06-18\\\/#breadcrumb\",\"itemListElement\":[{\"@type\":\"ListItem\",\"position\":1,\"name\":\"Portada\",\"item\":\"https:\\\/\\\/cklcomunicaciones.es\\\/coop\\\/\"},{\"@type\":\"ListItem\",\"position\":2,\"name\":\"Noticias Info CKL n\u00ba 2.144-08\\\/06\\\/18\"}]},{\"@type\":\"WebSite\",\"@id\":\"https:\\\/\\\/cklcomunicaciones.es\\\/coop\\\/#website\",\"url\":\"https:\\\/\\\/cklcomunicaciones.es\\\/coop\\\/\",\"name\":\"CKL Comunicaciones\",\"description\":\"Sitio web de CKL Comunicaciones coop , la consultora de comunicaci\u00f3n y estrategia\",\"potentialAction\":[{\"@type\":\"SearchAction\",\"target\":{\"@type\":\"EntryPoint\",\"urlTemplate\":\"https:\\\/\\\/cklcomunicaciones.es\\\/coop\\\/?s={search_term_string}\"},\"query-input\":{\"@type\":\"PropertyValueSpecification\",\"valueRequired\":true,\"valueName\":\"search_term_string\"}}],\"inLanguage\":\"es\"},{\"@type\":\"Person\",\"@id\":\"https:\\\/\\\/cklcomunicaciones.es\\\/coop\\\/#\\\/schema\\\/person\\\/929a6837f7626450bbb50cee1aef266e\",\"name\":\"ckl\",\"image\":{\"@type\":\"ImageObject\",\"inLanguage\":\"es\",\"@id\":\"https:\\\/\\\/secure.gravatar.com\\\/avatar\\\/c82db564e8a669bf6023357a157b9dc4780f4d4c618f2ad1d71a6a5dede45057?s=96&d=mm&r=g\",\"url\":\"https:\\\/\\\/secure.gravatar.com\\\/avatar\\\/c82db564e8a669bf6023357a157b9dc4780f4d4c618f2ad1d71a6a5dede45057?s=96&d=mm&r=g\",\"contentUrl\":\"https:\\\/\\\/secure.gravatar.com\\\/avatar\\\/c82db564e8a669bf6023357a157b9dc4780f4d4c618f2ad1d71a6a5dede45057?s=96&d=mm&r=g\",\"caption\":\"ckl\"},\"url\":\"https:\\\/\\\/cklcomunicaciones.es\\\/coop\\\/author\\\/cklcomunicaciones\\\/\"}]}<\/script>\n<!-- \/ Yoast SEO plugin. -->","yoast_head_json":{"title":"Noticias Info CKL n\u00ba 2.144-08\/06\/18-Comunica con perspectiva de g\u00e9nero","description":"Comunicar con perspectiva de g\u00e9nero: Econom\u00eda en femenino-Ana Pel\u00e1ez, la voz de las mujeres y ni\u00f1as discapacitadas en la ONU-M\u00e1s de 100.000 personas firman para evitar el desmantelamiento del 016-FEMM+ponderar\u00e1 el papel de la mujer en la escena musical","robots":{"index":"index","follow":"follow","max-snippet":"max-snippet:-1","max-image-preview":"max-image-preview:large","max-video-preview":"max-video-preview:-1"},"canonical":"https:\/\/cklcomunicaciones.es\/coop\/noticias-info-ckl-no-2-144-08-06-18\/","og_locale":"es_ES","og_type":"article","og_title":"Noticias Info CKL n\u00ba 2.144-08\/06\/18-Comunica con perspectiva de g\u00e9nero","og_description":"Comunicar con perspectiva de g\u00e9nero: Econom\u00eda en femenino-Ana Pel\u00e1ez, la voz de las mujeres y ni\u00f1as discapacitadas en la ONU-M\u00e1s de 100.000 personas firman para evitar el desmantelamiento del 016-FEMM+ponderar\u00e1 el papel de la mujer en la escena musical","og_url":"https:\/\/cklcomunicaciones.es\/coop\/noticias-info-ckl-no-2-144-08-06-18\/","og_site_name":"CKL Comunicaciones","article_published_time":"2018-06-07T11:38:26+00:00","article_modified_time":"2025-01-17T15:40:48+00:00","og_image":[{"width":500,"height":500,"url":"https:\/\/cklcomunicaciones.es\/coop\/wp-content\/uploads\/2018\/03\/CKL_comunicacion-con-perspetiva-de-genero.jpg","type":"image\/jpeg"}],"author":"ckl","twitter_card":"summary_large_image","twitter_misc":{"Escrito por":"ckl","Tiempo de lectura":"5 minutos"},"schema":{"@context":"https:\/\/schema.org","@graph":[{"@type":"Article","@id":"https:\/\/cklcomunicaciones.es\/coop\/noticias-info-ckl-no-2-144-08-06-18\/#article","isPartOf":{"@id":"https:\/\/cklcomunicaciones.es\/coop\/noticias-info-ckl-no-2-144-08-06-18\/"},"author":{"name":"ckl","@id":"https:\/\/cklcomunicaciones.es\/coop\/#\/schema\/person\/929a6837f7626450bbb50cee1aef266e"},"headline":"Noticias Info CKL n\u00ba 2.144-08\/06\/18","datePublished":"2018-06-07T11:38:26+00:00","dateModified":"2025-01-17T15:40:48+00:00","mainEntityOfPage":{"@id":"https:\/\/cklcomunicaciones.es\/coop\/noticias-info-ckl-no-2-144-08-06-18\/"},"wordCount":972,"image":{"@id":"https:\/\/cklcomunicaciones.es\/coop\/noticias-info-ckl-no-2-144-08-06-18\/#primaryimage"},"thumbnailUrl":"http:\/\/www.cklcomunicaciones.es\/wp-content\/uploads\/2018\/03\/CKL_comunicacion-con-perspetiva-de-genero-300x300.jpg","articleSection":["Newsletter","Nwl v2.0"],"inLanguage":"es"},{"@type":"WebPage","@id":"https:\/\/cklcomunicaciones.es\/coop\/noticias-info-ckl-no-2-144-08-06-18\/","url":"https:\/\/cklcomunicaciones.es\/coop\/noticias-info-ckl-no-2-144-08-06-18\/","name":"Noticias Info CKL n\u00ba 2.144-08\/06\/18-Comunica con perspectiva de g\u00e9nero","isPartOf":{"@id":"https:\/\/cklcomunicaciones.es\/coop\/#website"},"primaryImageOfPage":{"@id":"https:\/\/cklcomunicaciones.es\/coop\/noticias-info-ckl-no-2-144-08-06-18\/#primaryimage"},"image":{"@id":"https:\/\/cklcomunicaciones.es\/coop\/noticias-info-ckl-no-2-144-08-06-18\/#primaryimage"},"thumbnailUrl":"http:\/\/www.cklcomunicaciones.es\/wp-content\/uploads\/2018\/03\/CKL_comunicacion-con-perspetiva-de-genero-300x300.jpg","datePublished":"2018-06-07T11:38:26+00:00","dateModified":"2025-01-17T15:40:48+00:00","author":{"@id":"https:\/\/cklcomunicaciones.es\/coop\/#\/schema\/person\/929a6837f7626450bbb50cee1aef266e"},"description":"Comunicar con perspectiva de g\u00e9nero: Econom\u00eda en femenino-Ana Pel\u00e1ez, la voz de las mujeres y ni\u00f1as discapacitadas en la ONU-M\u00e1s de 100.000 personas firman para evitar el desmantelamiento del 016-FEMM+ponderar\u00e1 el papel de la mujer en la escena musical","breadcrumb":{"@id":"https:\/\/cklcomunicaciones.es\/coop\/noticias-info-ckl-no-2-144-08-06-18\/#breadcrumb"},"inLanguage":"es","potentialAction":[{"@type":"ReadAction","target":["https:\/\/cklcomunicaciones.es\/coop\/noticias-info-ckl-no-2-144-08-06-18\/"]}]},{"@type":"ImageObject","inLanguage":"es","@id":"https:\/\/cklcomunicaciones.es\/coop\/noticias-info-ckl-no-2-144-08-06-18\/#primaryimage","url":"http:\/\/www.cklcomunicaciones.es\/wp-content\/uploads\/2018\/03\/CKL_comunicacion-con-perspetiva-de-genero-300x300.jpg","contentUrl":"http:\/\/www.cklcomunicaciones.es\/wp-content\/uploads\/2018\/03\/CKL_comunicacion-con-perspetiva-de-genero-300x300.jpg"},{"@type":"BreadcrumbList","@id":"https:\/\/cklcomunicaciones.es\/coop\/noticias-info-ckl-no-2-144-08-06-18\/#breadcrumb","itemListElement":[{"@type":"ListItem","position":1,"name":"Portada","item":"https:\/\/cklcomunicaciones.es\/coop\/"},{"@type":"ListItem","position":2,"name":"Noticias Info CKL n\u00ba 2.144-08\/06\/18"}]},{"@type":"WebSite","@id":"https:\/\/cklcomunicaciones.es\/coop\/#website","url":"https:\/\/cklcomunicaciones.es\/coop\/","name":"CKL Comunicaciones","description":"Sitio web de CKL Comunicaciones coop , la consultora de comunicaci\u00f3n y estrategia","potentialAction":[{"@type":"SearchAction","target":{"@type":"EntryPoint","urlTemplate":"https:\/\/cklcomunicaciones.es\/coop\/?s={search_term_string}"},"query-input":{"@type":"PropertyValueSpecification","valueRequired":true,"valueName":"search_term_string"}}],"inLanguage":"es"},{"@type":"Person","@id":"https:\/\/cklcomunicaciones.es\/coop\/#\/schema\/person\/929a6837f7626450bbb50cee1aef266e","name":"ckl","image":{"@type":"ImageObject","inLanguage":"es","@id":"https:\/\/secure.gravatar.com\/avatar\/c82db564e8a669bf6023357a157b9dc4780f4d4c618f2ad1d71a6a5dede45057?s=96&d=mm&r=g","url":"https:\/\/secure.gravatar.com\/avatar\/c82db564e8a669bf6023357a157b9dc4780f4d4c618f2ad1d71a6a5dede45057?s=96&d=mm&r=g","contentUrl":"https:\/\/secure.gravatar.com\/avatar\/c82db564e8a669bf6023357a157b9dc4780f4d4c618f2ad1d71a6a5dede45057?s=96&d=mm&r=g","caption":"ckl"},"url":"https:\/\/cklcomunicaciones.es\/coop\/author\/cklcomunicaciones\/"}]}},"_links":{"self":[{"href":"https:\/\/cklcomunicaciones.es\/coop\/wp-json\/wp\/v2\/posts\/13986","targetHints":{"allow":["GET"]}}],"collection":[{"href":"https:\/\/cklcomunicaciones.es\/coop\/wp-json\/wp\/v2\/posts"}],"about":[{"href":"https:\/\/cklcomunicaciones.es\/coop\/wp-json\/wp\/v2\/types\/post"}],"author":[{"embeddable":true,"href":"https:\/\/cklcomunicaciones.es\/coop\/wp-json\/wp\/v2\/users\/3"}],"replies":[{"embeddable":true,"href":"https:\/\/cklcomunicaciones.es\/coop\/wp-json\/wp\/v2\/comments?post=13986"}],"version-history":[{"count":0,"href":"https:\/\/cklcomunicaciones.es\/coop\/wp-json\/wp\/v2\/posts\/13986\/revisions"}],"wp:attachment":[{"href":"https:\/\/cklcomunicaciones.es\/coop\/wp-json\/wp\/v2\/media?parent=13986"}],"wp:term":[{"taxonomy":"category","embeddable":true,"href":"https:\/\/cklcomunicaciones.es\/coop\/wp-json\/wp\/v2\/categories?post=13986"},{"taxonomy":"post_tag","embeddable":true,"href":"https:\/\/cklcomunicaciones.es\/coop\/wp-json\/wp\/v2\/tags?post=13986"}],"curies":[{"name":"wp","href":"https:\/\/api.w.org\/{rel}","templated":true}]}}