{"id":13964,"date":"2018-06-01T14:03:03","date_gmt":"2018-06-01T12:03:03","guid":{"rendered":"http:\/\/www.cklcomunicaciones.es\/?p=13964"},"modified":"2025-01-17T16:40:49","modified_gmt":"2025-01-17T15:40:49","slug":"noticias-info-ckl-no-2-139-01-06-18","status":"publish","type":"post","link":"https:\/\/cklcomunicaciones.es\/coop\/noticias-info-ckl-no-2-139-01-06-18\/","title":{"rendered":"Noticias Info CKL n\u00ba 2.139-01\/06\/18"},"content":{"rendered":"<div id=\"pl-13964\"  class=\"panel-layout\" >\n<div id=\"pg-13964-0\"  class=\"panel-grid panel-no-style\"  data-style=\"{&quot;background_image_attachment&quot;:false,&quot;background_display&quot;:&quot;tile&quot;,&quot;lsow_dark_bg&quot;:&quot;&quot;,&quot;cell_alignment&quot;:&quot;flex-start&quot;}\" >\n<div id=\"pgc-13964-0-0\"  class=\"panel-grid-cell\"  data-weight=\"1\" >\n<div id=\"panel-13964-0-0-0\" class=\"so-panel widget widget_sow-editor panel-first-child panel-last-child\" data-index=\"0\" data-style=\"{&quot;background_image_attachment&quot;:false,&quot;background_display&quot;:&quot;tile&quot;}\" >\n<div class=\"so-widget-sow-editor so-widget-sow-editor-base\">\n<div class=\"siteorigin-widget-tinymce textwidget\">\n<p><img decoding=\"async\" class=\"lazyload  wp-image-13726\" src=\"http:\/\/www.cklcomunicaciones.es\/wp-content\/uploads\/2018\/03\/CKL_comunicacion-con-perspetiva-de-genero-300x300.jpg\" data-orig-src=\"http:\/\/www.cklcomunicaciones.es\/wp-content\/uploads\/2018\/03\/CKL_comunicacion-con-perspetiva-de-genero-300x300.jpg\" alt=\"CKL_comunicacion con perspetiva de genero\" width=\"132\" height=\"132\" srcset=\"data:image\/svg+xml,%3Csvg%20xmlns%3D%27http%3A%2F%2Fwww.w3.org%2F2000%2Fsvg%27%20width%3D%27132%27%20height%3D%27132%27%20viewBox%3D%270%200%20132%20132%27%3E%3Crect%20width%3D%27132%27%20height%3D%27132%27%20fill-opacity%3D%220%22%2F%3E%3C%2Fsvg%3E\" data-srcset=\"https:\/\/cklcomunicaciones.es\/coop\/wp-content\/uploads\/2018\/03\/CKL_comunicacion-con-perspetiva-de-genero-150x150.jpg 150w, https:\/\/cklcomunicaciones.es\/coop\/wp-content\/uploads\/2018\/03\/CKL_comunicacion-con-perspetiva-de-genero-300x300.jpg 300w, https:\/\/cklcomunicaciones.es\/coop\/wp-content\/uploads\/2018\/03\/CKL_comunicacion-con-perspetiva-de-genero-450x450.jpg 450w, https:\/\/cklcomunicaciones.es\/coop\/wp-content\/uploads\/2018\/03\/CKL_comunicacion-con-perspetiva-de-genero.jpg 500w\" data-sizes=\"auto\" data-orig-sizes=\"(max-width: 132px) 100vw, 132px\" \/><\/p>\n<p tabindex=\"-1\" data-thread-perm-id=\"162ce27a51932733\" data-legacy-thread-id=\"162ce27a51932733\"><strong>Margrethe Vestager (CE): \u201cTiene sentido que las empresas paguen a usuarios por sus datos-Red \u2018Mujer, talento y liderazgo\u2019 \u2013La paradoja de la igualdad de g\u00e9nero-Beatriz Esteban, II Premio Ripley de Narrativa<\/strong><\/p>\n<p>[toggle type=\u00bbfirst\u00bb title=\u00bbComunicaci\u00f3n\u00bb]<\/p>\n<p><a href=\"https:\/\/www.google.com\/url?rct=j&amp;sa=t&amp;url=http:\/\/www.eitb.eus\/es\/pueblos-ciudades\/detalle\/5629515\/festival-el-sol-2018-bilbao-31-mayo-al-2-junio-2018\/&amp;ct=ga&amp;cd=CAEYAyoTNTA3MTg3ODQxMDY4ODUzNTQyODIZYzAzNzJlYmMyZmVhZGE1OTplczplczpFUw&amp;usg=AFQjCNHg29bI8iSvuEpHFtReAGdc_qQJKA\">El festival de publicidad El Sol vuelve a Bilbao <\/a>&#8211; EiTB<\/p>\n<p><a href=\"https:\/\/www.elconfidencial.com\/deportes\/2018-06-01\/las-5-w-del-deporte-femenino-deportistas-y-periodistas-examinaran-sus-exitos-y-fracasos_1572041\/\">&#8216;Las 5 W del deporte femenino&#8217;: deportistas y periodistas examinar\u00e1n sus \u00e9xitos y fracasos&#8230;<\/a>&#8211; El Confidencial<\/p>\n<p><a href=\"https:\/\/elpais.com\/elpais\/2018\/05\/31\/gente\/1527756662_378640.html\">Controvertida portada de mujeres saud\u00edes al volante<\/a> \u2013 El Pa\u00eds<\/p>\n<p><a href=\"https:\/\/www.elperiodico.com\/es\/sociedad\/20180529\/mujer-cuerpo-desnudo-redes-sociales-6844963\">La mujer que utiliza su cuerpo en redes sociales \u2026<\/a> &#8211;<a href=\"http:\/\/elperiodico.com\">elperiodico.com<\/a><\/p>\n<p>[\/toggle]<\/p>\n<p>[toggle type=\u00bbfirst\u00bb title=\u00bbAndaluc\u00eda\u00bb]<\/p>\n<p><strong>Econom\u00eda y Empresas<\/strong><\/p>\n<p><a href=\"https:\/\/www.google.com\/url?rct=j&amp;sa=t&amp;url=https:\/\/politica.elpais.com\/politica\/2018\/05\/29\/diario_de_espana\/1527581853_856535.html&amp;ct=ga&amp;cd=CAEYASoUMTAzNjg2MDY5MDUzMDg2Njk4MTEyGWMwMzcyZWJjMmZlYWRhNTk6ZXM6ZXM6RVM&amp;usg=AFQjCNHqjI41zZZMsGUbbASpnXEv6yYtEw\">Herminia Murillo, ganadera y docente de la Escuela de Pastores de Andaluc\u00eda: \u201cSoy una t\u00eda de un metro y medio y te tumbo un carnero si hay que curarlo\u201d <\/a>\u2013 El Pa\u00eds<\/p>\n<p><a href=\"http:\/\/www.noticiasdealmeria.com\/el-pita-se-incorpora-a-una-red-para-aumentar-la-visibilidad-de-la-mujer-en-los-parques\">El PITA se incorpora a una red para aumentar la visibilidad de la mujer en los parques &#8230;<\/a>&#8211; Noticias de Almer\u00eda<\/p>\n<p><a href=\"https:\/\/www.google.com\/url?rct=j&amp;sa=t&amp;url=http:\/\/www.diariosur.es\/interior\/womentoring-reune-cien-20180531003220-ntvo.html&amp;ct=ga&amp;cd=CAEYASoTNTA3MTg3ODQxMDY4ODUzNTQyODIZYzAzNzJlYmMyZmVhZGE1OTplczplczpFUw&amp;usg=AFQjCNHZt9SS00NN95YDnJ92qwtV6EEoKg\">Womentoring re\u00fane a m\u00e1s de cien empresarias por la igualdad laboral <\/a>&#8211; Sur Digital<\/p>\n<p><strong>Actualidad<\/strong><\/p>\n<p><a href=\"https:\/\/www.google.com\/url?rct=j&amp;sa=t&amp;url=https:\/\/www.horajaen.com\/2018\/05\/31\/la-maternidad-como-mandato-de-genero-impositivo-perjudica-la-salud-de-las-mujeres\/&amp;ct=ga&amp;cd=CAEYASoUMTgzNjEyNjM3ODQyNTMzMTM0MTUyGWMwMzcyZWJjMmZlYWRhNTk6ZXM6ZXM6RVM&amp;usg=AFQjCNFjIIK1pvOqxLvGr0gO6uTRFdvlHQ\">La maternidad como mandato de g\u00e9nero impositivo perjudica la salud de las mujeres <\/a>&#8211; HoraJa\u00e9n<\/p>\n<p><a href=\"https:\/\/www.google.com\/url?rct=j&amp;sa=t&amp;url=http:\/\/www.diariojaen.es\/provincia\/andujar\/puntada-final-de-las-tejedoras-de-memoria-MD4207709&amp;ct=ga&amp;cd=CAEYAioTNDI2ODQ0NzQ3MDMyMjU0NDc5OTIZYzAzNzJlYmMyZmVhZGE1OTplczplczpFUw&amp;usg=AFQjCNEGEHsy88vCoBAYeCjPR3P-_j8bbA\">\u201cPuntada final\u201d de las tejedoras de memoria <\/a>&#8211; Diario Ja\u00e9n<\/p>\n<p><a href=\"http:\/\/www.juntadeandalucia.es\/presidencia\/portavoz\/133214\/andalucia\/congreso\/europeo\/serviciossociales\/politicassociales\/leyes\/junta\">El Congreso Europeo de Servicios Sociales re\u00fane en Sevilla a 120 organizaciones de 35 pa\u00edses<\/a> \u2013 Oficina del Portavoz<\/p>\n<p><strong>Violencia<\/strong><\/p>\n<p><a href=\"https:\/\/www.google.com\/url?sa=t&amp;rct=j&amp;q=&amp;esrc=s&amp;source=newssearch&amp;cd=46&amp;ved=0ahUKEwi6tLy5rbLbAhUBLVAKHd2qBtA4KBCpAgg0KAAwBQ&amp;url=http%3A%2F%2Fecodiario.eleconomista.es%2Fespana%2Fnoticias%2F9175686%2F05%2F18%2FLa-Junta-aboga-por-la-concienciacion-social-y-el-trabajo-coordinado-para-avanzar-contra-la-violencia-de-genero.html&amp;usg=AOvVaw1p2hj_lGjhx1unMuqE83EA\">La Junta aboga por la concienciaci\u00f3n social y el trabajo coordinado para avanzar contra la violencia de g\u00e9nero&#8230;<\/a> &#8211; Ecodiario<\/p>\n<p><a href=\"http:\/\/www.elmundo.es\/andalucia\/2018\/05\/31\/5b0fd36fca474140578b45a3.html\">Cuatro temporeras marroqu\u00edes denuncian abusos sexuales por parte del encargado de una plantaci\u00f3n en Moguer<\/a> \u2013 El Mundo<\/p>\n<p><a href=\"https:\/\/www.google.com\/url?rct=j&amp;sa=t&amp;url=https:\/\/www.20minutos.es\/noticia\/3355064\/0\/mancomunidad-condado-organiza-jornada-coordinacion-entre-agentes-procesos-violencia-genero\/&amp;ct=ga&amp;cd=CAEYAioUMTMwMDg0MTY2MTU2ODY5MTY3MDMyGWMwMzcyZWJjMmZlYWRhNTk6ZXM6ZXM6RVM&amp;usg=AFQjCNGS6ANsIW19pLRdr8HAwBpeEyywUA\">Mancomunidad del Condado organiza una jornada de coordinaci\u00f3n entre agentes en procesos de violencia de g\u00e9nero&#8230; <\/a>&#8211; <a href=\"http:\/\/20minutos.es\">20minutos.es<\/a><\/p>\n<p><a href=\"https:\/\/www.google.com\/url?rct=j&amp;sa=t&amp;url=http:\/\/www.mijascomunicacion.org\/index.php\/noticias\/item\/14725-mijas-acoge-las-ii-jornadas-de-medicina-legal-de-violencia-sobre-la-mujer&amp;ct=ga&amp;cd=CAEYACoTNTIyNzM5NjM2OTcxMDAwMDAwNzIZYzAzNzJlYmMyZmVhZGE1OTplczplczpFUw&amp;usg=AFQjCNFYInAGS4DFlySOLkwBL0jNDwsx7g\">Mijas acoge las II Jornadas de Medicina Legal de Violencia sobre la Mujer <\/a>&#8211; Mijas Comunicaci\u00f3n<\/p>\n<p><strong>Ciencia y Cultura<\/strong><\/p>\n<p><a href=\"http:\/\/www.mujeremprendedora.net\/edusmart-de-la-universidad-de-sevilla-premio-de-investigacion-e-innovacion-social-luisa-martinez\/\">EDUSMART, de la Universidad de Sevilla, premio de investigaci\u00f3n e innovaci\u00f3n social Luisa Mart\u00ednez<\/a>\u2013 Mujeremprendedora.net<\/p>\n<p><a href=\"https:\/\/www.google.com\/url?sa=t&amp;rct=j&amp;q=&amp;esrc=s&amp;source=newssearch&amp;cd=6&amp;ved=0ahUKEwii-JTdp7LbAhXDYlAKHURyD_EQqQIINigAMAU&amp;url=https%3A%2F%2Fwww.lavozdelsur.es%2Fen-el-franquismo-no-sabiamos-nada-de-feminismo-ni-el-nombre%2F&amp;usg=AOvVaw3CZgmeCUGxVHd-LVR818Ur\">Pilar Aguilar Carrasco, ensayista, investigadora: \u201cEn el franquismo no sab\u00edamos nada de feminismo, ni el nombre\u201d<\/a> &#8211; La Voz del Sur<\/p>\n<p><a href=\"https:\/\/www.google.com\/url?rct=j&amp;sa=t&amp;url=http:\/\/www.lahorademalaga.com\/el-centro-de-malaga-del-instituto-andaluz-de-la-mujer-entrega-los-premios-del-vi-certamen-de-pintoras-iam_arte\/&amp;ct=ga&amp;cd=CAEYACoUMTAzMDUzOTY4OTc3NjMzMTM3OTcyGWMwMzcyZWJjMmZlYWRhNTk6ZXM6ZXM6RVM&amp;usg=AFQjCNE-Qc5cY2D8SjwVrRD2oZFAAG6clA\">El Centro de M\u00e1laga del Instituto Andaluz de la Mujer entrega los premios del VI Certamen de &#8230; <\/a>&#8211; La Hora de M\u00e1laga<\/p>\n<p><a href=\"http:\/\/elcorreoweb.es\/cultura\/beatriz-esteban-conquista-el-ii-premio-ripley-de-narrativa-CB4223756\">Beatriz Esteban conquista el II premio Ripley de narrativa<\/a> \u2013 El Correo de Andaluc\u00eda<\/p>\n<p><a href=\"https:\/\/andaluciainformacion.es\/sevilla\/758085\/vuelve-la-voz-de-luz-casal\/\">Vuelve la voz de Luz Casal<\/a> &#8211; Andaluc\u00eda Informaci\u00f3n<\/p>\n<p><strong>Deporte<\/strong><\/p>\n<p><a href=\"https:\/\/www.google.com\/url?sa=t&amp;rct=j&amp;q=&amp;esrc=s&amp;source=newssearch&amp;cd=19&amp;ved=0ahUKEwi-tevqqrLbAhVSa1AKHZrnB1M4ChCpAgg9KAAwCA&amp;url=http%3A%2F%2Fsevilla.abc.es%2Fsevilla%2Fsevi-cocodrilas-familia-pionera-rompe-barreras-201805311632_noticia.html&amp;usg=AOvVaw1oTRP467FNWh8pUjUw4BgK\">Las Cocodrilas, una familia pionera que rompe barreras<\/a> &#8211; <a href=\"http:\/\/abcdesevilla.es\">abcdesevilla.es<\/a><\/p>\n<p><a href=\"https:\/\/www.elmira.es\/30\/05\/2018\/espero-que-se-haga-mas-visible-el-buen-nivel-de-futbol-femenino-de-jerez\/\">\u201cEspero que se haga m\u00e1s visible el buen nivel de f\u00fatbol femenino de Jerez&#8230;<\/a> &#8211; El Mira<\/p>\n<p><a href=\"http:\/\/www.diariodehuelva.es\/2018\/06\/01\/santa-ana-la-real-abrira-proximo-10-junio-open-andalucia-btt-maraton-2018\/\">Santa Ana la Real abrir\u00e1 el Open Andaluc\u00eda BTT Marat\u00f3n<\/a> &#8211;<a href=\"http:\/\/diariodehuelva.es\">diariodehuelva.es<\/a><\/p>\n<p>[\/toggle]<\/p>\n<p>[toggle type=\u00bbfirst\u00bb title=\u00bbEstado\u00bb]<\/p>\n<p><strong>Institucional-CCAA<\/strong><\/p>\n<p><a href=\"https:\/\/www.google.com\/url?rct=j&amp;sa=t&amp;url=https:\/\/www.diariodemallorca.es\/mallorca\/2018\/05\/30\/balears-canarias-menor-brecha-salarial\/1317805.html&amp;ct=ga&amp;cd=CAEYCCoTODE1Mjg1OTQ5OTYwOTYyOTUzOTIZYzAzNzJlYmMyZmVhZGE1OTplczplczpFUw&amp;usg=AFQjCNHYamvXDVU7Umb-5hanaolqS9BQaw\">Balears y Canarias tienen la menor brecha salarial entre hombres y mujeres <\/a>-Diario de Mallorca<\/p>\n<p><a href=\"https:\/\/www.google.com\/url?rct=j&amp;sa=t&amp;url=http:\/\/agencias.abc.es\/agencias\/noticia.asp%3Fnoticia%3D2831588&amp;ct=ga&amp;cd=CAEYASoUMTMwMDg0MTY2MTU2ODY5MTY3MDMyGWMwMzcyZWJjMmZlYWRhNTk6ZXM6ZXM6RVM&amp;usg=AFQjCNFLTWrGbLNvFrTZXaPhbzzTCctatw\">Llega a Plasencia la muestra \u00abYo, t\u00fa, ellas\u00bb sobre mujeres con discapacidad <\/a>&#8211; Abc.es<\/p>\n<p><a href=\"https:\/\/www.google.com\/url?rct=j&amp;sa=t&amp;url=https:\/\/www.eldiario.es\/eldiarioex\/sociedad\/Encuentro-feminista-Merida-repercusion-preparar_0_775172931.html&amp;ct=ga&amp;cd=CAEYACoUMTAzNjg2MDY5MDUzMDg2Njk4MTEyGWMwMzcyZWJjMmZlYWRhNTk6ZXM6ZXM6RVM&amp;usg=AFQjCNHGMx5TAL0PgJ8UhP522kwFsMPAtQ\">Encuentro feminista estatal en M\u00e9rida para preparar la pr\u00f3xima edici\u00f3n del 8M <\/a>&#8211; <a href=\"http:\/\/eldiario.es\">eldiario.es<\/a><\/p>\n<p><a href=\"https:\/\/www.google.com\/url?rct=j&amp;sa=t&amp;url=https:\/\/www.eldiario.es\/eldiarioex\/sociedad\/Alertan-consumo-prostitucion-alcohol-drogas_0_776923195.html&amp;ct=ga&amp;cd=CAEYACoUMTE1MTE3MDUxOTUwNjg2NjQ4NzUyGWMwMzcyZWJjMmZlYWRhNTk6ZXM6ZXM6RVM&amp;usg=AFQjCNEQo639g6WRmxGCwFGDUZOuifpxEQ\">Alertan del consumo de prostituci\u00f3n, alcohol y drogas como forma de ocio <\/a>&#8211; <a href=\"http:\/\/eldiario.es\">eldiario.es<\/a><\/p>\n<p><a href=\"https:\/\/www.google.com\/url?rct=j&amp;sa=t&amp;url=http:\/\/www.elmundo.es\/yodona\/lifestyle\/2018\/05\/31\/5b0fba9222601d0a598b45ab.html&amp;ct=ga&amp;cd=CAEYASoTNDI2ODQ0NzQ3MDMyMjU0NDc5OTIZYzAzNzJlYmMyZmVhZGE1OTplczplczpFUw&amp;usg=AFQjCNE6Skl0NeXnQnrHd12Qp0CBphCgvg\">Foro sobre la corresponsabilidad de igualdad en las empresas madrile\u00f1as <\/a>&#8211; El Mundo<\/p>\n<p><a href=\"http:\/\/www.mujeremprendedora.net\/empresarios-castilla-y-leon-impulsan-igualdad-empresas\/\">Empresarios de Castilla y Le\u00f3n impulsan la igualdad en las empresas<\/a> \u2013 Mujeremprendedora.net<\/p>\n<p><strong>Econom\u00eda y Empresa<\/strong><\/p>\n<p><a href=\"http:\/\/www.mujeremprendedora.net\/nace-red-directivas-mujer-talento-liderazgo\/\">Nace la Red de directivas \u2018Mujer, talento y liderazgo\u2019<\/a> \u2013 Mujeremprendedora.net<\/p>\n<p><a href=\"https:\/\/www.google.com\/url?rct=j&amp;sa=t&amp;url=http:\/\/www.publico.es\/economia\/desigualdad-radiografia-ignominia-brecha-salarial-detalle.html&amp;ct=ga&amp;cd=CAEYAioUMTYxOTM5MzQ3NDMyMzE1MjU2NzEyGWMwMzcyZWJjMmZlYWRhNTk6ZXM6ZXM6RVM&amp;usg=AFQjCNGA4W4ifRn3vaxGKH36umky8n4UPg\">Desigualdad Radiograf\u00eda de una ignominia: la brecha salarial, al detalle <\/a>&#8211; P\u00fablico<\/p>\n<p><a href=\"https:\/\/www.google.com\/url?rct=j&amp;sa=t&amp;url=https:\/\/www.alimarket.es\/sanidad\/noticia\/270946\/la-mujer-copa-ya-mas-del-50--en-casi-todas-las-profesiones-sanitarias&amp;ct=ga&amp;cd=CAEYAioTNTA3MTg3ODQxMDY4ODUzNTQyODIZYzAzNzJlYmMyZmVhZGE1OTplczplczpFUw&amp;usg=AFQjCNHlUbR3y9zzel3OW7FMtAKwplx-ZA\">La mujer copa ya m\u00e1s del 50% en casi todas las profesiones sanitarias <\/a>&#8211; Alimarket<\/p>\n<p><a href=\"https:\/\/elpais.com\/economia\/2018\/05\/31\/actualidad\/1527784336_231690.html\">Ana Bot\u00edn: \u201cLa tasa real de desempleo no es la que dicen los n\u00fameros\u201d<\/a> \u2013 El Pa\u00eds<\/p>\n<p><strong>Actualidad<\/strong><\/p>\n<p><a href=\"https:\/\/m.eldiario.es\/nidos\/Beatriz-Gimeno_0_774122804.html\">La lactancia est\u00e1 sirviendo para marcar el est\u00e1ndar de la buena y la mala madres \u2026<\/a>&#8211;<a href=\"http:\/\/eldiario.es\">eldiario.es<\/a><\/p>\n<p><a href=\"http:\/\/www.publico.es\/sociedad\/igualdad-grupo-academicas-inicia-lista-expertas-corregir-falta-mujeres-actos-conferencias.html\">Un grupo de acad\u00e9micas inicia una lista de expertas para corregir la falta de mujeres en actos y conferencias<\/a> &#8211; P\u00fablico<\/p>\n<p><a href=\"https:\/\/www.20minutos.es\/noticia\/3356004\/0\/gala-dali-mujer-extraordinaria-machismo-tacho-arpia\/\">Gala Dal\u00ed, una mujer \u00abextraordinaria\u00bb a la que \u00abel machismo tach\u00f3 de arp\u00eda &#8230;<\/a>&#8211; <a href=\"http:\/\/20minutos.es\">20minutos.es<\/a><\/p>\n<p><a href=\"https:\/\/www.google.com\/url?sa=t&amp;rct=j&amp;q=&amp;esrc=s&amp;source=newssearch&amp;cd=18&amp;ved=0ahUKEwiKzLrbrLLbAhXCEVAKHUk3A-44ChCpAgg7KAAwBw&amp;url=https%3A%2F%2Fretina.elpais.com%2Fretina%2F2018%2F05%2F30%2Finnovacion%2F1527683422_290524.html&amp;usg=AOvVaw094_ScLB9zG2iNLKKYO41J\">Mujer<em>:<\/em> si quieres, puedes<\/a> \u2013 El Pa\u00eds<\/p>\n<p><strong>Violencias<\/strong><\/p>\n<p><a href=\"http:\/\/www.publico.es\/sociedad\/violencia-machista-feministas-llevan-congreso-800000-firmas-cultura-violacion.html\">Las feministas llevan al Congreso 800.000 firmas contra la \u00abcultura de la violaci\u00f3n\u00bb<\/a> \u2013 P\u00fablico<\/p>\n<p><a href=\"https:\/\/elpais.com\/politica\/2018\/05\/31\/actualidad\/1527787605_849945.html\">El 016 de atenci\u00f3n a maltratadas, en peligro por la escasa financiaci\u00f3n de Sanidad<\/a> \u2013 El Pa\u00eds<\/p>\n<p><strong>Ciencia y Cultura<\/strong><\/p>\n<p><a href=\"http:\/\/www.lasexta.com\/programas\/el-intermedio\/mujer-tenia-que-ser-sandra-sabates\/angeles-duran-primera-mujer-en-conseguir-una-catedra-en-sociologia-en-espana-se-me-revuelven-las-tripas-cuando-se-califica-de-inactiva-a-una-mujer-que-cuida-del-hogar_201805295b0dbedb0cf25fd1e9928a20.html\">\u00c1ngeles Duran, 1\u00aa mujer en conseguir una c\u00e1tedra de Sociolog\u00eda en Espa\u00f1a \u201cSe me revuelven las tripas cuando se califica de inactiva a una mujer que cuida su hogar\u201d \u2026<\/a> -LaSextaTV<\/p>\n<p><a href=\"https:\/\/www.google.com\/url?rct=j&amp;sa=t&amp;url=http:\/\/www.elmundo.es\/cultura\/literatura\/2018\/05\/30\/5b0eb1a5268e3e615f8b4621.html&amp;ct=ga&amp;cd=CAEYAioTNzQ5NTk2MDEzOTMwNTE5NzE2MzIZYzAzNzJlYmMyZmVhZGE1OTplczplczpFUw&amp;usg=AFQjCNHmDHFL8G0FNs0bd0ThKredEWiXNA\">Rosa Montero: \u00abEspero ver a una mujer dirigiendo el pa\u00eds antes de morir\u00bb <\/a>&#8211; El Mundo<\/p>\n<p><a href=\"https:\/\/www.google.com\/url?rct=j&amp;sa=t&amp;url=http:\/\/www.noticiasdenavarra.com\/2018\/06\/01\/ocio-y-cultura\/cultura\/el-cine-de-mujeres-se-reivindica&amp;ct=ga&amp;cd=CAEYASoTNjczOTk0NzMzMDI4ODAzNTgxNDIZYzAzNzJlYmMyZmVhZGE1OTplczplczpFUw&amp;usg=AFQjCNH24hmXYr77ECVoBVeIQiq8sshiMw\">El cine de mujeres se reivindica <\/a>&#8211; Noticias de Navarra<\/p>\n<p><a href=\"https:\/\/elpais.com\/cultura\/2018\/05\/30\/actualidad\/1527679939_781570.html\">\u00bfQui\u00e9n se esconde detr\u00e1s del seud\u00f3nimo de Carmen Mola?<\/a> \u2013 El Pa\u00eds<\/p>\n<p><a href=\"https:\/\/elpais.com\/cultura\/2018\/06\/01\/actualidad\/1527837344_883352.html\">Bj\u00f6rk despliega su fascinante mundo en el Primavera Sound<\/a>\u2013 El Pa\u00eds<\/p>\n<p><a href=\"http:\/\/www.publico.es\/culturas\/disidencia-feminismo-contemporaneo-y-autodefensa.html\">Disidencia, feminismo contempor\u00e1neo y autodefensa en Princesas y Darthvaders<\/a> &#8211; P\u00fablico<\/p>\n<p><a href=\"http:\/\/www.abc.es\/cultura\/cultural\/abci-mujeres-artistas-vanguardia-ivam-201806010049_noticia.html\">Mujeres artistas de vanguardia en el IVAM<\/a>&#8211; Abc.es<\/p>\n<p><strong>Deporte<\/strong><\/p>\n<p><a href=\"http:\/\/cadenaser.com\/emisora\/2018\/06\/01\/ser_madrid_sur\/1527831716_038905.html\">Anna Monta\u00f1ana, entrenadora del Fuenlabrada :\u201dOjal\u00e1 mi temporada en el &#8216;Fuenla&#8217; sirva de ejemplo a otras mujeres\u201d<\/a> &#8211; Cadena SER<\/p>\n<p><a href=\"http:\/\/www.mujeremprendedora.net\/paloma-granero-cara-femenina-paracaidismo-interior\/\">Paloma Granero, la cara femenina del paracaidismo de interior<\/a> \u2013 Mujeremprendedora.net<\/p>\n<p><a href=\"https:\/\/www.google.com\/url?sa=t&amp;rct=j&amp;q=&amp;esrc=s&amp;source=newssearch&amp;cd=2&amp;ved=0ahUKEwj81-O0qrLbAhWGL1AKHc7wD40QqQIIKigAMAE&amp;url=https%3A%2F%2Fhorsepress.es%2Fhipica%2F&amp;usg=AOvVaw1R2KpzSWjhsLjvvkeR73Gv\">Ladies y gentleman, esto es h\u00edpica<\/a> &#8211; Horse Pres<\/p>\n<p><a href=\"https:\/\/www.eurosport.es\/futbol\/el-atletico-busca-en-merida-el-doblete-frente-a-un-barcelona-que-quiere-la-sexta_sto6785014\/story.shtml\">El Atl\u00e9tico busca en M\u00e9rida el doblete frente a un Barcelona que &#8230;<\/a>&#8211; Eurosport.es<\/p>\n<p>[\/toggle]<\/p>\n<p>[toggle type=\u00bbfirst\u00bb title=\u00bbInternacional\u00bb]<\/p>\n<p><a href=\"https:\/\/elpais.com\/economia\/2018\/05\/30\/actualidad\/1527674108_694872.html\">Vestager, Comisaria Europea de Competencia: \u201cTiene sentido que las empresas paguen a los usuarios por sus datos\u201d<\/a> \u2013 El Pa\u00eds<\/p>\n<p><a href=\"https:\/\/www.google.com\/url?rct=j&amp;sa=t&amp;url=http:\/\/www.revistainversionesynegocios.com\/2018\/05\/30\/panama-e-israel-en-alianza-para-fortalecer-liderazgo-de-la-mujer-en-la-region\/&amp;ct=ga&amp;cd=CAEYASoUMTYxOTM5MzQ3NDMyMzE1MjU2NzEyGWMwMzcyZWJjMmZlYWRhNTk6ZXM6ZXM6RVM&amp;usg=AFQjCNEjVhvpPHjrt7BgzP8RgmXnvAMLug\">Panam\u00e1 e Israel, en alianza para fortalecer el liderazgo de la mujer en la regi\u00f3n\u2026<\/a>&#8211;<a href=\"http:\/\/revistainversionesynegocios.com\">revistainversionesynegocios.com<\/a><\/p>\n<p><a href=\"http:\/\/www.bbc.com\/mundo\/noticias-44323469\">10 de las \u00abpeores excusas\u00bb para no nombrar mujeres en cargos directivos en Am\u00e9rica Latina&#8230;<\/a> &#8211; BBC Mundo<\/p>\n<p><a href=\"http:\/\/forbes.es\/business\/42487\/las-100-mentes-mas-creativas\/\">Las 100 mentes m\u00e1s creativas \u2026<\/a> -Forbes<\/p>\n<p><a href=\"https:\/\/www.google.com\/url?rct=j&amp;sa=t&amp;url=http:\/\/hoy.com.do\/janet-camilo-hay-resistencia-masculina-a-incorporacion-de-la-mujer-a-la-politica\/&amp;ct=ga&amp;cd=CAEYAyoTNDAzNjc2ODA4MDkyMzIwOTk5ODIZYzAzNzJlYmMyZmVhZGE1OTplczplczpFUw&amp;usg=AFQjCNGDkJyLkLSCStYVgA23zAau4yMQbA\">Janet Camilo: \u201cHay resistencia masculina a incorporaci\u00f3n de la mujer a la pol\u00edtica\u201d <\/a>&#8211; Hoy Digital<\/p>\n<p><a href=\"http:\/\/www.eleconomista.es\/internacional\/noticias\/9175725\/05\/18\/Dinamarca-veta-el-uso-del-burka-y-el-niqab-en-espacios-publicos-desde-agosto.html\">Dinamarca vetar\u00e1 el uso del burka y el niqab en espacios p\u00fablicos &#8230;<\/a> &#8211; elEconomista.es<\/p>\n<p><a href=\"https:\/\/www.google.com\/url?rct=j&amp;sa=t&amp;url=http:\/\/www.lavanguardia.com\/politica\/20180529\/443932027839\/polonia-mantiene-su-dura-posicion-contra-el-aborto-pese-al-voto-en-irlanda.html&amp;ct=ga&amp;cd=CAEYByoUMTIyMzAzODg2OTc1OTA2MTE5MzkyGWMwMzcyZWJjMmZlYWRhNTk6ZXM6ZXM6RVM&amp;usg=AFQjCNFL71u6pVawxC8wG0D0KXyKMuOM4g\">Polonia mantiene su dura posici\u00f3n contra el aborto pese al voto en Irlanda <\/a>&#8211; La Vanguardia<\/p>\n<p><a href=\"https:\/\/tribunafeminista.elplural.com\/2018\/05\/los-paises-ante-la-primera-norma-internacional-contra-el-acoso-y-la-violencia-en-el-trabajo\/\">Los pa\u00edses ante la primera norma internacional contra el acoso y la violencia y el trabajo \u2026 <\/a>&#8211;<a href=\"http:\/\/elplural.com\">elplural.com<\/a><\/p>\n<p><a href=\"http:\/\/www.elmundo.es\/internacional\/2018\/06\/01\/5b110488e2704e51538b45dc.html\">Un esc\u00e1ndalo sexual en una escuela motiva un #Metoo iran\u00ed<\/a> \u2013 El Mundo<\/p>\n<p><a href=\"https:\/\/m.xataka.com\/investigacion\/la-paradoja-de-la-igualdad-de-genero-cuanto-mas-igualitario-es-un-pais-menos-mujeres-estudian-ciencias-y-tecnologia\">La paradoja de la igualdad de g\u00e9nero: cuanto m\u00e1s igualitario es un pa\u00eds, menos mujeres estudian ciencia y tecnolog\u00eda \u2026.\u00a0 m.xataka<\/a><\/p>\n<p><a href=\"https:\/\/www.google.com\/url?rct=j&amp;sa=t&amp;url=http:\/\/laestrella.com.pa\/estilo\/cultura\/mujer-renovacion-literatura-panamena\/24065735&amp;ct=ga&amp;cd=CAEYAioUMTgzNjEyNjM3ODQyNTMzMTM0MTUyGWMwMzcyZWJjMmZlYWRhNTk6ZXM6ZXM6RVM&amp;usg=AFQjCNFONio4RZarZYS76cardanxZ-pp6Q\">&#8216;La mujer es la renovaci\u00f3n de la literatura paname\u00f1a&#8217; <\/a>&#8211; La Estrella de Panam\u00e1<\/p>\n<p><a href=\"http:\/\/www.cope.es\/noticias\/cultura\/sara-hebe-muchas-mujeres-desean-escuchar-voces-femeninas_221931\">Sara Hebe, rapera: \u00abMuchas mujeres desean escuchar voces femeninas\u00bb<\/a> &#8211; Cope<\/p>\n<p>[\/toggle]<\/p>\n<\/div>\n<\/div>\n<\/div>\n<\/div>\n<\/div>\n<\/div>\n","protected":false},"excerpt":{"rendered":"<p>Margrethe Vestager (CE): \u201cTiene sentido que las empresas paguen a <a href=\"https:\/\/cklcomunicaciones.es\/coop\/noticias-info-ckl-no-2-139-01-06-18\/\">[&#8230;]<\/a><\/p>\n","protected":false},"author":3,"featured_media":0,"comment_status":"closed","ping_status":"closed","sticky":false,"template":"","format":"standard","meta":{"footnotes":""},"categories":[298,623],"tags":[],"class_list":["post-13964","post","type-post","status-publish","format-standard","hentry","category-newsletter","category-nwl-2-0"],"yoast_head":"<!-- This site is optimized with the Yoast SEO plugin v27.5 - https:\/\/yoast.com\/product\/yoast-seo-wordpress\/ -->\n<title>Noticias Info CKL n\u00ba 2.139-01\/06\/18-Comunica con perspectiva de g\u00e9nero<\/title>\n<meta name=\"description\" content=\"Comunicar con perspectiva de g\u00e9nero: Margrethe Vestager (CE): \u201cTiene sentido que las empresas paguen a usuarios por sus datos-Red \u2018Mujer, talento y liderazgo\u2019 \u2013La paradoja de la igualdad de g\u00e9nero-Beatriz Esteban, II Premio Ripley de Narrativa\" \/>\n<meta name=\"robots\" content=\"index, follow, max-snippet:-1, max-image-preview:large, max-video-preview:-1\" \/>\n<link rel=\"canonical\" href=\"https:\/\/cklcomunicaciones.es\/coop\/noticias-info-ckl-no-2-139-01-06-18\/\" \/>\n<meta property=\"og:locale\" content=\"es_ES\" \/>\n<meta property=\"og:type\" content=\"article\" \/>\n<meta property=\"og:title\" content=\"Noticias Info CKL n\u00ba 2.139-01\/06\/18-Comunica con perspectiva de g\u00e9nero\" \/>\n<meta property=\"og:description\" content=\"Comunicar con perspectiva de g\u00e9nero: Margrethe Vestager (CE): \u201cTiene sentido que las empresas paguen a usuarios por sus datos-Red \u2018Mujer, talento y liderazgo\u2019 \u2013La paradoja de la igualdad de g\u00e9nero-Beatriz Esteban, II Premio Ripley de Narrativa\" \/>\n<meta property=\"og:url\" content=\"https:\/\/cklcomunicaciones.es\/coop\/noticias-info-ckl-no-2-139-01-06-18\/\" \/>\n<meta property=\"og:site_name\" content=\"CKL Comunicaciones\" \/>\n<meta property=\"article:published_time\" content=\"2018-06-01T12:03:03+00:00\" \/>\n<meta property=\"article:modified_time\" content=\"2025-01-17T15:40:49+00:00\" \/>\n<meta property=\"og:image\" content=\"https:\/\/cklcomunicaciones.es\/coop\/wp-content\/uploads\/2018\/03\/CKL_comunicacion-con-perspetiva-de-genero.jpg\" \/>\n\t<meta property=\"og:image:width\" content=\"500\" \/>\n\t<meta property=\"og:image:height\" content=\"500\" \/>\n\t<meta property=\"og:image:type\" content=\"image\/jpeg\" \/>\n<meta name=\"author\" content=\"ckl\" \/>\n<meta name=\"twitter:card\" content=\"summary_large_image\" \/>\n<meta name=\"twitter:label1\" content=\"Escrito por\" \/>\n\t<meta name=\"twitter:data1\" content=\"ckl\" \/>\n\t<meta name=\"twitter:label2\" content=\"Tiempo de lectura\" \/>\n\t<meta name=\"twitter:data2\" content=\"5 minutos\" \/>\n<script type=\"application\/ld+json\" class=\"yoast-schema-graph\">{\"@context\":\"https:\\\/\\\/schema.org\",\"@graph\":[{\"@type\":\"Article\",\"@id\":\"https:\\\/\\\/cklcomunicaciones.es\\\/coop\\\/noticias-info-ckl-no-2-139-01-06-18\\\/#article\",\"isPartOf\":{\"@id\":\"https:\\\/\\\/cklcomunicaciones.es\\\/coop\\\/noticias-info-ckl-no-2-139-01-06-18\\\/\"},\"author\":{\"name\":\"ckl\",\"@id\":\"https:\\\/\\\/cklcomunicaciones.es\\\/coop\\\/#\\\/schema\\\/person\\\/929a6837f7626450bbb50cee1aef266e\"},\"headline\":\"Noticias Info CKL n\u00ba 2.139-01\\\/06\\\/18\",\"datePublished\":\"2018-06-01T12:03:03+00:00\",\"dateModified\":\"2025-01-17T15:40:49+00:00\",\"mainEntityOfPage\":{\"@id\":\"https:\\\/\\\/cklcomunicaciones.es\\\/coop\\\/noticias-info-ckl-no-2-139-01-06-18\\\/\"},\"wordCount\":1079,\"image\":{\"@id\":\"https:\\\/\\\/cklcomunicaciones.es\\\/coop\\\/noticias-info-ckl-no-2-139-01-06-18\\\/#primaryimage\"},\"thumbnailUrl\":\"http:\\\/\\\/www.cklcomunicaciones.es\\\/wp-content\\\/uploads\\\/2018\\\/03\\\/CKL_comunicacion-con-perspetiva-de-genero-300x300.jpg\",\"articleSection\":[\"Newsletter\",\"Nwl v2.0\"],\"inLanguage\":\"es\"},{\"@type\":\"WebPage\",\"@id\":\"https:\\\/\\\/cklcomunicaciones.es\\\/coop\\\/noticias-info-ckl-no-2-139-01-06-18\\\/\",\"url\":\"https:\\\/\\\/cklcomunicaciones.es\\\/coop\\\/noticias-info-ckl-no-2-139-01-06-18\\\/\",\"name\":\"Noticias Info CKL n\u00ba 2.139-01\\\/06\\\/18-Comunica con perspectiva de g\u00e9nero\",\"isPartOf\":{\"@id\":\"https:\\\/\\\/cklcomunicaciones.es\\\/coop\\\/#website\"},\"primaryImageOfPage\":{\"@id\":\"https:\\\/\\\/cklcomunicaciones.es\\\/coop\\\/noticias-info-ckl-no-2-139-01-06-18\\\/#primaryimage\"},\"image\":{\"@id\":\"https:\\\/\\\/cklcomunicaciones.es\\\/coop\\\/noticias-info-ckl-no-2-139-01-06-18\\\/#primaryimage\"},\"thumbnailUrl\":\"http:\\\/\\\/www.cklcomunicaciones.es\\\/wp-content\\\/uploads\\\/2018\\\/03\\\/CKL_comunicacion-con-perspetiva-de-genero-300x300.jpg\",\"datePublished\":\"2018-06-01T12:03:03+00:00\",\"dateModified\":\"2025-01-17T15:40:49+00:00\",\"author\":{\"@id\":\"https:\\\/\\\/cklcomunicaciones.es\\\/coop\\\/#\\\/schema\\\/person\\\/929a6837f7626450bbb50cee1aef266e\"},\"description\":\"Comunicar con perspectiva de g\u00e9nero: Margrethe Vestager (CE): \u201cTiene sentido que las empresas paguen a usuarios por sus datos-Red \u2018Mujer, talento y liderazgo\u2019 \u2013La paradoja de la igualdad de g\u00e9nero-Beatriz Esteban, II Premio Ripley de Narrativa\",\"breadcrumb\":{\"@id\":\"https:\\\/\\\/cklcomunicaciones.es\\\/coop\\\/noticias-info-ckl-no-2-139-01-06-18\\\/#breadcrumb\"},\"inLanguage\":\"es\",\"potentialAction\":[{\"@type\":\"ReadAction\",\"target\":[\"https:\\\/\\\/cklcomunicaciones.es\\\/coop\\\/noticias-info-ckl-no-2-139-01-06-18\\\/\"]}]},{\"@type\":\"ImageObject\",\"inLanguage\":\"es\",\"@id\":\"https:\\\/\\\/cklcomunicaciones.es\\\/coop\\\/noticias-info-ckl-no-2-139-01-06-18\\\/#primaryimage\",\"url\":\"http:\\\/\\\/www.cklcomunicaciones.es\\\/wp-content\\\/uploads\\\/2018\\\/03\\\/CKL_comunicacion-con-perspetiva-de-genero-300x300.jpg\",\"contentUrl\":\"http:\\\/\\\/www.cklcomunicaciones.es\\\/wp-content\\\/uploads\\\/2018\\\/03\\\/CKL_comunicacion-con-perspetiva-de-genero-300x300.jpg\"},{\"@type\":\"BreadcrumbList\",\"@id\":\"https:\\\/\\\/cklcomunicaciones.es\\\/coop\\\/noticias-info-ckl-no-2-139-01-06-18\\\/#breadcrumb\",\"itemListElement\":[{\"@type\":\"ListItem\",\"position\":1,\"name\":\"Portada\",\"item\":\"https:\\\/\\\/cklcomunicaciones.es\\\/coop\\\/\"},{\"@type\":\"ListItem\",\"position\":2,\"name\":\"Noticias Info CKL n\u00ba 2.139-01\\\/06\\\/18\"}]},{\"@type\":\"WebSite\",\"@id\":\"https:\\\/\\\/cklcomunicaciones.es\\\/coop\\\/#website\",\"url\":\"https:\\\/\\\/cklcomunicaciones.es\\\/coop\\\/\",\"name\":\"CKL Comunicaciones\",\"description\":\"Sitio web de CKL Comunicaciones coop , la consultora de comunicaci\u00f3n y estrategia\",\"potentialAction\":[{\"@type\":\"SearchAction\",\"target\":{\"@type\":\"EntryPoint\",\"urlTemplate\":\"https:\\\/\\\/cklcomunicaciones.es\\\/coop\\\/?s={search_term_string}\"},\"query-input\":{\"@type\":\"PropertyValueSpecification\",\"valueRequired\":true,\"valueName\":\"search_term_string\"}}],\"inLanguage\":\"es\"},{\"@type\":\"Person\",\"@id\":\"https:\\\/\\\/cklcomunicaciones.es\\\/coop\\\/#\\\/schema\\\/person\\\/929a6837f7626450bbb50cee1aef266e\",\"name\":\"ckl\",\"image\":{\"@type\":\"ImageObject\",\"inLanguage\":\"es\",\"@id\":\"https:\\\/\\\/secure.gravatar.com\\\/avatar\\\/c82db564e8a669bf6023357a157b9dc4780f4d4c618f2ad1d71a6a5dede45057?s=96&d=mm&r=g\",\"url\":\"https:\\\/\\\/secure.gravatar.com\\\/avatar\\\/c82db564e8a669bf6023357a157b9dc4780f4d4c618f2ad1d71a6a5dede45057?s=96&d=mm&r=g\",\"contentUrl\":\"https:\\\/\\\/secure.gravatar.com\\\/avatar\\\/c82db564e8a669bf6023357a157b9dc4780f4d4c618f2ad1d71a6a5dede45057?s=96&d=mm&r=g\",\"caption\":\"ckl\"},\"url\":\"https:\\\/\\\/cklcomunicaciones.es\\\/coop\\\/author\\\/cklcomunicaciones\\\/\"}]}<\/script>\n<!-- \/ Yoast SEO plugin. -->","yoast_head_json":{"title":"Noticias Info CKL n\u00ba 2.139-01\/06\/18-Comunica con perspectiva de g\u00e9nero","description":"Comunicar con perspectiva de g\u00e9nero: Margrethe Vestager (CE): \u201cTiene sentido que las empresas paguen a usuarios por sus datos-Red \u2018Mujer, talento y liderazgo\u2019 \u2013La paradoja de la igualdad de g\u00e9nero-Beatriz Esteban, II Premio Ripley de Narrativa","robots":{"index":"index","follow":"follow","max-snippet":"max-snippet:-1","max-image-preview":"max-image-preview:large","max-video-preview":"max-video-preview:-1"},"canonical":"https:\/\/cklcomunicaciones.es\/coop\/noticias-info-ckl-no-2-139-01-06-18\/","og_locale":"es_ES","og_type":"article","og_title":"Noticias Info CKL n\u00ba 2.139-01\/06\/18-Comunica con perspectiva de g\u00e9nero","og_description":"Comunicar con perspectiva de g\u00e9nero: Margrethe Vestager (CE): \u201cTiene sentido que las empresas paguen a usuarios por sus datos-Red \u2018Mujer, talento y liderazgo\u2019 \u2013La paradoja de la igualdad de g\u00e9nero-Beatriz Esteban, II Premio Ripley de Narrativa","og_url":"https:\/\/cklcomunicaciones.es\/coop\/noticias-info-ckl-no-2-139-01-06-18\/","og_site_name":"CKL Comunicaciones","article_published_time":"2018-06-01T12:03:03+00:00","article_modified_time":"2025-01-17T15:40:49+00:00","og_image":[{"width":500,"height":500,"url":"https:\/\/cklcomunicaciones.es\/coop\/wp-content\/uploads\/2018\/03\/CKL_comunicacion-con-perspetiva-de-genero.jpg","type":"image\/jpeg"}],"author":"ckl","twitter_card":"summary_large_image","twitter_misc":{"Escrito por":"ckl","Tiempo de lectura":"5 minutos"},"schema":{"@context":"https:\/\/schema.org","@graph":[{"@type":"Article","@id":"https:\/\/cklcomunicaciones.es\/coop\/noticias-info-ckl-no-2-139-01-06-18\/#article","isPartOf":{"@id":"https:\/\/cklcomunicaciones.es\/coop\/noticias-info-ckl-no-2-139-01-06-18\/"},"author":{"name":"ckl","@id":"https:\/\/cklcomunicaciones.es\/coop\/#\/schema\/person\/929a6837f7626450bbb50cee1aef266e"},"headline":"Noticias Info CKL n\u00ba 2.139-01\/06\/18","datePublished":"2018-06-01T12:03:03+00:00","dateModified":"2025-01-17T15:40:49+00:00","mainEntityOfPage":{"@id":"https:\/\/cklcomunicaciones.es\/coop\/noticias-info-ckl-no-2-139-01-06-18\/"},"wordCount":1079,"image":{"@id":"https:\/\/cklcomunicaciones.es\/coop\/noticias-info-ckl-no-2-139-01-06-18\/#primaryimage"},"thumbnailUrl":"http:\/\/www.cklcomunicaciones.es\/wp-content\/uploads\/2018\/03\/CKL_comunicacion-con-perspetiva-de-genero-300x300.jpg","articleSection":["Newsletter","Nwl v2.0"],"inLanguage":"es"},{"@type":"WebPage","@id":"https:\/\/cklcomunicaciones.es\/coop\/noticias-info-ckl-no-2-139-01-06-18\/","url":"https:\/\/cklcomunicaciones.es\/coop\/noticias-info-ckl-no-2-139-01-06-18\/","name":"Noticias Info CKL n\u00ba 2.139-01\/06\/18-Comunica con perspectiva de g\u00e9nero","isPartOf":{"@id":"https:\/\/cklcomunicaciones.es\/coop\/#website"},"primaryImageOfPage":{"@id":"https:\/\/cklcomunicaciones.es\/coop\/noticias-info-ckl-no-2-139-01-06-18\/#primaryimage"},"image":{"@id":"https:\/\/cklcomunicaciones.es\/coop\/noticias-info-ckl-no-2-139-01-06-18\/#primaryimage"},"thumbnailUrl":"http:\/\/www.cklcomunicaciones.es\/wp-content\/uploads\/2018\/03\/CKL_comunicacion-con-perspetiva-de-genero-300x300.jpg","datePublished":"2018-06-01T12:03:03+00:00","dateModified":"2025-01-17T15:40:49+00:00","author":{"@id":"https:\/\/cklcomunicaciones.es\/coop\/#\/schema\/person\/929a6837f7626450bbb50cee1aef266e"},"description":"Comunicar con perspectiva de g\u00e9nero: Margrethe Vestager (CE): \u201cTiene sentido que las empresas paguen a usuarios por sus datos-Red \u2018Mujer, talento y liderazgo\u2019 \u2013La paradoja de la igualdad de g\u00e9nero-Beatriz Esteban, II Premio Ripley de Narrativa","breadcrumb":{"@id":"https:\/\/cklcomunicaciones.es\/coop\/noticias-info-ckl-no-2-139-01-06-18\/#breadcrumb"},"inLanguage":"es","potentialAction":[{"@type":"ReadAction","target":["https:\/\/cklcomunicaciones.es\/coop\/noticias-info-ckl-no-2-139-01-06-18\/"]}]},{"@type":"ImageObject","inLanguage":"es","@id":"https:\/\/cklcomunicaciones.es\/coop\/noticias-info-ckl-no-2-139-01-06-18\/#primaryimage","url":"http:\/\/www.cklcomunicaciones.es\/wp-content\/uploads\/2018\/03\/CKL_comunicacion-con-perspetiva-de-genero-300x300.jpg","contentUrl":"http:\/\/www.cklcomunicaciones.es\/wp-content\/uploads\/2018\/03\/CKL_comunicacion-con-perspetiva-de-genero-300x300.jpg"},{"@type":"BreadcrumbList","@id":"https:\/\/cklcomunicaciones.es\/coop\/noticias-info-ckl-no-2-139-01-06-18\/#breadcrumb","itemListElement":[{"@type":"ListItem","position":1,"name":"Portada","item":"https:\/\/cklcomunicaciones.es\/coop\/"},{"@type":"ListItem","position":2,"name":"Noticias Info CKL n\u00ba 2.139-01\/06\/18"}]},{"@type":"WebSite","@id":"https:\/\/cklcomunicaciones.es\/coop\/#website","url":"https:\/\/cklcomunicaciones.es\/coop\/","name":"CKL Comunicaciones","description":"Sitio web de CKL Comunicaciones coop , la consultora de comunicaci\u00f3n y estrategia","potentialAction":[{"@type":"SearchAction","target":{"@type":"EntryPoint","urlTemplate":"https:\/\/cklcomunicaciones.es\/coop\/?s={search_term_string}"},"query-input":{"@type":"PropertyValueSpecification","valueRequired":true,"valueName":"search_term_string"}}],"inLanguage":"es"},{"@type":"Person","@id":"https:\/\/cklcomunicaciones.es\/coop\/#\/schema\/person\/929a6837f7626450bbb50cee1aef266e","name":"ckl","image":{"@type":"ImageObject","inLanguage":"es","@id":"https:\/\/secure.gravatar.com\/avatar\/c82db564e8a669bf6023357a157b9dc4780f4d4c618f2ad1d71a6a5dede45057?s=96&d=mm&r=g","url":"https:\/\/secure.gravatar.com\/avatar\/c82db564e8a669bf6023357a157b9dc4780f4d4c618f2ad1d71a6a5dede45057?s=96&d=mm&r=g","contentUrl":"https:\/\/secure.gravatar.com\/avatar\/c82db564e8a669bf6023357a157b9dc4780f4d4c618f2ad1d71a6a5dede45057?s=96&d=mm&r=g","caption":"ckl"},"url":"https:\/\/cklcomunicaciones.es\/coop\/author\/cklcomunicaciones\/"}]}},"_links":{"self":[{"href":"https:\/\/cklcomunicaciones.es\/coop\/wp-json\/wp\/v2\/posts\/13964","targetHints":{"allow":["GET"]}}],"collection":[{"href":"https:\/\/cklcomunicaciones.es\/coop\/wp-json\/wp\/v2\/posts"}],"about":[{"href":"https:\/\/cklcomunicaciones.es\/coop\/wp-json\/wp\/v2\/types\/post"}],"author":[{"embeddable":true,"href":"https:\/\/cklcomunicaciones.es\/coop\/wp-json\/wp\/v2\/users\/3"}],"replies":[{"embeddable":true,"href":"https:\/\/cklcomunicaciones.es\/coop\/wp-json\/wp\/v2\/comments?post=13964"}],"version-history":[{"count":0,"href":"https:\/\/cklcomunicaciones.es\/coop\/wp-json\/wp\/v2\/posts\/13964\/revisions"}],"wp:attachment":[{"href":"https:\/\/cklcomunicaciones.es\/coop\/wp-json\/wp\/v2\/media?parent=13964"}],"wp:term":[{"taxonomy":"category","embeddable":true,"href":"https:\/\/cklcomunicaciones.es\/coop\/wp-json\/wp\/v2\/categories?post=13964"},{"taxonomy":"post_tag","embeddable":true,"href":"https:\/\/cklcomunicaciones.es\/coop\/wp-json\/wp\/v2\/tags?post=13964"}],"curies":[{"name":"wp","href":"https:\/\/api.w.org\/{rel}","templated":true}]}}