{"id":13954,"date":"2018-05-29T12:44:03","date_gmt":"2018-05-29T10:44:03","guid":{"rendered":"http:\/\/www.cklcomunicaciones.es\/?p=13954"},"modified":"2025-01-17T16:40:49","modified_gmt":"2025-01-17T15:40:49","slug":"noticias-info-ckl-no-2-137-29-05-18","status":"publish","type":"post","link":"https:\/\/cklcomunicaciones.es\/coop\/noticias-info-ckl-no-2-137-29-05-18\/","title":{"rendered":"Noticias Info CKL n\u00ba 2.137-29\/05\/18"},"content":{"rendered":"<div id=\"pl-13954\"  class=\"panel-layout\" >\n<div id=\"pg-13954-0\"  class=\"panel-grid panel-no-style\"  data-style=\"{&quot;background_image_attachment&quot;:false,&quot;background_display&quot;:&quot;tile&quot;,&quot;lsow_dark_bg&quot;:&quot;&quot;,&quot;cell_alignment&quot;:&quot;flex-start&quot;}\" >\n<div id=\"pgc-13954-0-0\"  class=\"panel-grid-cell\"  data-weight=\"1\" >\n<div id=\"panel-13954-0-0-0\" class=\"so-panel widget widget_sow-editor panel-first-child panel-last-child\" data-index=\"0\" data-style=\"{&quot;background_image_attachment&quot;:false,&quot;background_display&quot;:&quot;tile&quot;}\" >\n<div class=\"so-widget-sow-editor so-widget-sow-editor-base\">\n<div class=\"siteorigin-widget-tinymce textwidget\">\n<p><img decoding=\"async\" class=\"lazyload  wp-image-13726\" src=\"http:\/\/www.cklcomunicaciones.es\/wp-content\/uploads\/2018\/03\/CKL_comunicacion-con-perspetiva-de-genero-300x300.jpg\" data-orig-src=\"http:\/\/www.cklcomunicaciones.es\/wp-content\/uploads\/2018\/03\/CKL_comunicacion-con-perspetiva-de-genero-300x300.jpg\" alt=\"CKL_comunicacion con perspetiva de genero\" width=\"132\" height=\"132\" srcset=\"data:image\/svg+xml,%3Csvg%20xmlns%3D%27http%3A%2F%2Fwww.w3.org%2F2000%2Fsvg%27%20width%3D%27132%27%20height%3D%27132%27%20viewBox%3D%270%200%20132%20132%27%3E%3Crect%20width%3D%27132%27%20height%3D%27132%27%20fill-opacity%3D%220%22%2F%3E%3C%2Fsvg%3E\" data-srcset=\"https:\/\/cklcomunicaciones.es\/coop\/wp-content\/uploads\/2018\/03\/CKL_comunicacion-con-perspetiva-de-genero-150x150.jpg 150w, https:\/\/cklcomunicaciones.es\/coop\/wp-content\/uploads\/2018\/03\/CKL_comunicacion-con-perspetiva-de-genero-300x300.jpg 300w, https:\/\/cklcomunicaciones.es\/coop\/wp-content\/uploads\/2018\/03\/CKL_comunicacion-con-perspetiva-de-genero-450x450.jpg 450w, https:\/\/cklcomunicaciones.es\/coop\/wp-content\/uploads\/2018\/03\/CKL_comunicacion-con-perspetiva-de-genero.jpg 500w\" data-sizes=\"auto\" data-orig-sizes=\"(max-width: 132px) 100vw, 132px\" \/><\/p>\n<p tabindex=\"-1\" data-thread-perm-id=\"162ce27a51932733\" data-legacy-thread-id=\"162ce27a51932733\"><strong>\u00bfFaltan l\u00edderes en Europa?-Banco de Espa\u00f1a advierte de que la desigualdad se ceba con mujeres y j\u00f3venes-Muere Mar\u00eda Dolores Pradera, la melodiosa voz del coraz\u00f3n-Pepa Bueno: \u201cHa llegado el momento de repartir el poder\u201d<\/strong><\/p>\n<p>[toggle type=\u00bbfirst\u00bb title=\u00bbConvocatorias\u00bb]<\/p>\n<ul>\n<li><a href=\"http:\/\/www.juntadeandalucia.es\/iam\/catalogo\/doc\/convocatorias\/2018-iam\/JA-jornada-feminismo-salud-maternidades.pdf\">Jornadas Feminismo y Salud &#8216;Las maternidades&#8217;<\/a>. Centro Provincial del Instituto Andaluz de la Mujer de Ja\u00e9n. 31 de mayo de 2018<\/li>\n<li><a href=\"http:\/\/www.juntadeandalucia.es\/iam\/catalogo\/doc\/convocatorias\/2018-iam\/SE-conferencia-discursoypraxis-politicas-igualdad.pdf\">Conferencia &#8216;Discursos y praxis: las pol\u00edticas p\u00fablicas en materia de igualdad entre mujeres y hombres&#8217;, a cargo de Julia Espinosa Fajardo<\/a>. Instituto Andaluz de la Mujer. 5 de junio de 2018<\/li>\n<\/ul>\n<p>[\/toggle]<\/p>\n<p>[toggle type=\u00bbfirst\u00bb title=\u00bbComunicaci\u00f3n\u00bb]<\/p>\n<p><a href=\"https:\/\/www.google.com\/url?rct=j&amp;sa=t&amp;url=http:\/\/cadenaser.com\/emisora\/2018\/05\/28\/radio_sevilla\/1527510584_944411.html&amp;ct=ga&amp;cd=CAEYACoUMTY5MzE1MDUxMzcwNTQ1NDI1NjAyGWMwMzcyZWJjMmZlYWRhNTk6ZXM6ZXM6RVM&amp;usg=AFQjCNFW37hNnWhkwmrq_FpHQ9MWA7w9Xw\">Pepa Bueno: \u201cHa llegado el momento de repartir el poder\u201d <\/a>&#8211; Cadena SER<\/p>\n<p><a href=\"http:\/\/www.malagahoy.es\/malaga\/Raquel-Garrido-Andalucia-Medio-Ambiente_0_1249375685.html\">La periodista Raquel Garrido, premio Andaluc\u00eda de Medio Ambiente<\/a> &#8211; M\u00e1laga Hoy<\/p>\n<p><a href=\"https:\/\/www.google.com\/url?sa=t&amp;rct=j&amp;q=&amp;esrc=s&amp;source=newssearch&amp;cd=13&amp;ved=0ahUKEwifg-_E2arbAhXlB5oKHcHUDZY4ChCpAggrKAAwAg&amp;url=https%3A%2F%2Fwww.elperiodico.com%2Fes%2Fesplugues%2F20180528%2Fesplugues-es-la-primera-ciudad-catalana-en-adherirse-al-compromiso-europeo-contra-la-publicidad-sexista-6842862&amp;usg=AOvVaw2DHIFzxNs8r8IWocSxmHDb\">Esplugues es la primera ciudad catalana en adherirse al compromiso europeo contra la publicidad sexista &#8230;<\/a>&#8211; El Peri\u00f3dico<\/p>\n<p><a href=\"http:\/\/www.diariosur.es\/andalucia\/lepe-abre-expediente-20180529000820-ntvo.html\">Lepe abre un expediente por el cartel de un club de alterne cerca de &#8230;<\/a>&#8211; Sur Digital<\/p>\n<p><a href=\"http:\/\/www.el-nacional.com\/noticias\/gda\/mujeres-mundial-las-periodistas-que-haran-historia-rusia-2018_237480\">Mujeres al Mundial: las periodistas que har\u00e1n historia en Rusia 2018<\/a>&#8211; El Nacional.com<\/p>\n<p><a href=\"https:\/\/www.elperiodico.com\/es\/sociedad\/20180528\/series-machismo-estereotipos-violencia-genero-6827268\">Los clich\u00e9s machistas a\u00fan resisten en la nueva era de las series<\/a> &#8211; El Peri\u00f3dico<\/p>\n<p><a href=\"https:\/\/elpais.com\/elpais\/2018\/05\/10\/planeta_futuro\/1525961297_099107.html\">Youtubers: ellos tienen el poder de acabar con el odio en las redes<\/a> \u2013 El Pa\u00eds<\/p>\n<p>[\/toggle]<\/p>\n<p>[toggle type=\u00bbfirst\u00bb title=\u00bbAndaluc\u00eda\u00bb]<\/p>\n<p><strong>Institucional<\/strong><\/p>\n<p><a href=\"http:\/\/www.juntadeandalucia.es\/presidencia\/portavoz\/133161\/susanadiaz\/presidenta\/economiaverde\/circular\/reciclaje\/sostenibilidad\">Susana D\u00edaz destaca los 1.800 millones de euros del Gobierno andaluz a la econom\u00eda verde<\/a> \u2013 Oficina del Portavoz<\/p>\n<p><strong>Econom\u00eda y Empresas<\/strong><\/p>\n<p><a href=\"https:\/\/www.google.com\/url?sa=t&amp;rct=j&amp;q=&amp;esrc=s&amp;source=newssearch&amp;cd=10&amp;ved=0ahUKEwjr_YuV06rbAhWBNJoKHdMmAz4QqQIIQigAMAk&amp;url=http%3A%2F%2Fwww.diariodesevilla.es%2Fagr_andalucia%2Fnecesidad-acceder-organos-direccion_0_1249675072.html&amp;usg=AOvVaw3d_KtqMYGz0Xe-MUDt0GvN\">Pilar G\u00f3mez Fern\u00e1ndez, Presidenta de AMCAE-Andaluc\u00eda: \u201cNuestra necesidad es acceder a los \u00f3rganos de direcci\u00f3n\u00bb<\/a> &#8211; Diario de Sevilla<\/p>\n<p><a href=\"https:\/\/www.google.com\/url?rct=j&amp;sa=t&amp;url=https:\/\/www.20minutos.es\/noticia\/3352477\/0\/ayuntamiento-pone-marcha-encuentro-economia-social-con-cientos-agentes-expertos-mundiales\/&amp;ct=ga&amp;cd=CAEYACoTOTUzNjM0MDg4MDcxMzE2MjY2OTIZZDc4ZTU4NzVhMGYxZjJhYzplczplczpFUw&amp;usg=AFQjCNHegXgvVz-1YthjOV2dTqDwsazsnA\">Ayuntamiento de Sevilla pone en marcha el I Encuentro de Econom\u00eda Social, con \u00abcientos de agentes y expertos mundiales&#8230; <\/a>&#8211; <a href=\"http:\/\/20minutos.es\">20minutos.es<\/a><\/p>\n<p><strong>Actualidad<\/strong><\/p>\n<p><a href=\"https:\/\/www.google.com\/url?rct=j&amp;sa=t&amp;url=http:\/\/www.europapress.es\/esandalucia\/sevilla\/noticia-iam-destaca-reforma-ley-igualdad-herramienta-erradicacion-discriminacion-genero-20180528114243.html&amp;ct=ga&amp;cd=CAEYACoUMTY3Nzc4NzE0OTgwOTMzMzg3MDEyGWMwMzcyZWJjMmZlYWRhNTk6ZXM6ZXM6RVM&amp;usg=AFQjCNGzAwMZX53pwvGoOEZ_tKLjHeI2Lw\">El IAM destaca la reforma de la Ley de Igualdad como herramienta para la erradicaci\u00f3n de la discriminaci\u00f3n de g\u00e9nero&#8230; <\/a>&#8211; Europa Press<\/p>\n<p><a href=\"https:\/\/www.google.com\/url?rct=j&amp;sa=t&amp;url=https:\/\/andaluciainformacion.es\/san-fernando\/757342\/320-asistentes-en-el-encuentro-de-asociaciones-de-mujeres-en-la-isla\/&amp;ct=ga&amp;cd=CAEYASoUMTY5MzE1MDUxMzcwNTQ1NDI1NjAyGWMwMzcyZWJjMmZlYWRhNTk6ZXM6ZXM6RVM&amp;usg=AFQjCNH_SEK0Fdz8s1lNl58XogOjv9UDTA\">320 asistentes en el Encuentro de Asociaciones de Mujeres en La Isla <\/a>&#8211; Andaluc\u00eda Informaci\u00f3n<\/p>\n<p><a href=\"https:\/\/www.google.com\/url?sa=t&amp;rct=j&amp;q=&amp;esrc=s&amp;source=newssearch&amp;cd=24&amp;ved=0ahUKEwi3_tjt1qrbAhXEbZoKHR_bBf44FBCpAggvKAAwAw&amp;url=http%3A%2F%2Fwww.europapress.es%2Fandalucia%2Feducacion-00651%2Fnoticia-junta-premia-diez-centros-docentes-proyectos-mejora-convivencia-escolar-20180528150601.html&amp;usg=AOvVaw3UF6yPuU3cWwStX9aDi3a6\">La Junta premia a diez centros docentes por sus proyectos para la convivencia escolar &#8230;<\/a> &#8211; Europa Press<\/p>\n<p><strong>Violencia<\/strong><\/p>\n<p><a href=\"https:\/\/www.google.com\/url?sa=t&amp;rct=j&amp;q=&amp;esrc=s&amp;source=newssearch&amp;cd=13&amp;ved=0ahUKEwjBuoK11KrbAhXIApoKHYZZCL84ChCpAggsKAAwAg&amp;url=https%3A%2F%2Fwww.eldiario.es%2Fandalucia%2Fmalaga%2FFlor-Torres-machista-construido-cobardia_0_745776465.html&amp;usg=AOvVaw3AmU25ByTOVuhGm5zWFNee\">Flor de Torres, Fiscal delegada de Violencia de g\u00e9nero en Andaluc\u00eda: \u201cEl delito machista est\u00e1 construido con una cobard\u00eda tan soez que la &#8230;<\/a> &#8211; <a href=\"http:\/\/eldiario.es\">eldiario.es<\/a><\/p>\n<p><a href=\"https:\/\/www.google.com\/url?sa=t&amp;rct=j&amp;q=&amp;esrc=s&amp;source=newssearch&amp;cd=14&amp;ved=0ahUKEwiywrjY0qrbAhVkyKYKHVDgClU4ChCpAggvKAAwAw&amp;url=http%3A%2F%2Fwww.europapress.es%2Fandalucia%2Fnoticia-numero-victimas-violencia-genero-inscritas-fue-andalucia-2017-casi-7000-mujeres-mas-20180528114721.html&amp;usg=AOvVaw0hZrG9K0dMzAuH-4cEXSDD\">Andaluc\u00eda roza las 7.000 v\u00edctimas de violencia de g\u00e9nero inscritas en 2017 &#8230;<\/a> &#8211; Europa Press<\/p>\n<p><a href=\"https:\/\/www.elplural.com\/opinion\/2018\/05\/28\/dejas-quedas-sin-fresas-violacion-jornaleras-andalucia\">O te dejas o te quedas sin fresas<\/a> &#8211; <a href=\"http:\/\/elplural.com\">elplural.com<\/a><\/p>\n<p><a href=\"https:\/\/www.google.com\/url?rct=j&amp;sa=t&amp;url=https:\/\/www.20minutos.es\/noticia\/3352622\/0\/feria-marbella-incorpora-punto-morado-para-informar-acompanar-mujeres-caso-agresion-sexual\/&amp;ct=ga&amp;cd=CAEYASoTNTk3MTYxMDIzNTgyODUxNTQ1ODIZYzAzNzJlYmMyZmVhZGE1OTplczplczpFUw&amp;usg=AFQjCNEXlH0v6-06ZzEaK2ZOJNUZPWLAkg\">La Feria de Marbella incorpora un punto morado para informar y acompa\u00f1ar a mujeres en caso de agresi\u00f3n sexual &#8230; <\/a>&#8211; <a href=\"http:\/\/20minutos.es\">20minutos.es<\/a><\/p>\n<p><strong>Ciencia y Cultura<\/strong><\/p>\n<p><a href=\"https:\/\/www.google.com\/url?rct=j&amp;sa=t&amp;url=http:\/\/www.aulamagna.com.es\/la-universidad-de-granada-organiza-las-iv-jornadas-de-psicologia-feminista\/&amp;ct=ga&amp;cd=CAEYASoTMTIyNDMzODYwNjEyNTAxMDM1MzIZYzAzNzJlYmMyZmVhZGE1OTplczplczpFUw&amp;usg=AFQjCNGHjAAs75eR7j7jZ7RImURtbjhMgA\">La Universidad de Granada organiza las IV Jornadas de Psicolog\u00eda Feminista <\/a>&#8211; Aula Magna<\/p>\n<p><a href=\"https:\/\/www.google.com\/url?rct=j&amp;sa=t&amp;url=http:\/\/www.malaga.es\/noticias\/com1_prt-1\/com1_md3_cd-35598\/celebra-internacional-salud-mujeres-rectorado&amp;ct=ga&amp;cd=CAEYACoTMzY2NDEyODMyNzIxMDY0Nzg5MjIZYzAzNzJlYmMyZmVhZGE1OTplczplczpFUw&amp;usg=AFQjCNFLDPFqvKGKQGigxUJzI7EEeoDpkg\">La UMA celebra el D\u00eda Internacional por la Salud de las Mujeres en el Rectorado <\/a>&#8211; Diputaci\u00f3n de M\u00e1laga<\/p>\n<p><a href=\"https:\/\/andaluciainformacion.es\/jaen\/757372\/me-interesa-la-mujer-y-su-representacion-en-la-historia-del-arte\/\">\u00c1ngeles Agrela: \u201cMe interesa la <em>mujer<\/em> y su representaci\u00f3n en la Historia del Arte\u201d<\/a> &#8211; Andaluc\u00eda Informaci\u00f3n<\/p>\n<p><strong>Deporte<\/strong><\/p>\n<p><a href=\"https:\/\/www.google.com\/url?sa=t&amp;rct=j&amp;q=&amp;esrc=s&amp;source=newssearch&amp;cd=19&amp;ved=0ahUKEwiSwJ2f16rbAhUmyaYKHeXCC_w4ChCpAgg-KAAwCA&amp;url=http%3A%2F%2Fmalagacf.diariosur.es%2Fespera-malaga-20180529221056-nt.html&amp;usg=AOvVaw3DxpN0f1ugDghwRngqeE1C\">\u00bfQu\u00e9 le espera al M\u00e1laga Femenino ahora?<\/a> &#8211; M\u00e1laga CF Sur Digital<\/p>\n<p><a href=\"http:\/\/www.canalsur.es\/noticias\/deportes\/las-cocodrilas-del-universitario-sevilla-suben-a-la-division-de-honor-femenina-de-rugby\/1284450.html\">Las Cocodrilas del Universitario Sevilla suben a la Divisi\u00f3n de Honor &#8230;<\/a>&#8211; CanalSurWeb<\/p>\n<p>[\/toggle]<\/p>\n<p>[toggle type=\u00bbfirst\u00bb title=\u00bbEstado\u00bb]<\/p>\n<p><strong>Institucional<\/strong><\/p>\n<p><a href=\"http:\/\/www.abc.es\/sociedad\/abci-supremo-aplica-primera-perspectiva-genero-caso-maltrato-201805281819_noticia.html\">El Tribunal Supremo aplica por primera vez la perspectiva de g\u00e9nero en un caso de maltrato \u2026<\/a>&#8211;<a href=\"http:\/\/abc.es\">abc.es<\/a><\/p>\n<p><a href=\"https:\/\/www.google.com\/url?rct=j&amp;sa=t&amp;url=https:\/\/www.efeempresas.com\/noticia\/banez-locomotora-autonomos-crisis\/&amp;ct=ga&amp;cd=CAEYACoTMzI3NjY0NTcwMjU4OTQ5MDM5NjIZNmQ4YmE0OTBmZmRlZjZkODplczplczpFUw&amp;usg=AFQjCNEuthVOJwQ90gHTY4_Ph-r0oIiAJw\">B\u00e1\u00f1ez \u201clos aut\u00f3nomos han sido la locomotora de la salida de la crisis\u201d<\/a> &#8211; EFE Empresas<\/p>\n<p><strong>Institucional-CCAA<\/strong><\/p>\n<p><a href=\"https:\/\/www.google.com\/url?rct=j&amp;sa=t&amp;url=https:\/\/eldiadigital.es\/not\/259263\/ciudad-real-acogera-la-presentacion-del-programa-desafios-de-la-mujer-rural-\/&amp;ct=ga&amp;cd=CAEYAyoTMTY1NTc0MzUyMjcwNDQwNDI3MDIZZTFlNzdkMTU2MDk4YThlMzplczplczpFUw&amp;usg=AFQjCNGyw365ZZrnf3aFTSkPz25mJn2kvA\">Ciudad Real acoger\u00e1 la presentaci\u00f3n del programa &#8216;Desaf\u00edos de la Mujer Rural&#8217; <\/a>&#8211; <a href=\"http:\/\/eldiadigital.es\">eldiadigital.es<\/a><\/p>\n<p><a href=\"https:\/\/www.google.com\/url?rct=j&amp;sa=t&amp;url=http:\/\/www.lavanguardia.com\/local\/paisvasco\/20180528\/443915459639\/emakunde-advierte-de-que-el-genero-los-roles-y-estereotipos-condicionan-las-expectativas-de-las-personas.html&amp;ct=ga&amp;cd=CAEYACoTODU5NDYzMzk5Nzg0OTI1NDY0MTIZYzAzNzJlYmMyZmVhZGE1OTplczplczpFUw&amp;usg=AFQjCNG2js-UmWCJUKzyCdk_EAu590sa_g\">Emakunde advierte de que el g\u00e9nero, los roles y estereotipos \u00abcondicionan las expectativas de las &#8230; <\/a>&#8211; La Vanguardia<\/p>\n<p><a href=\"https:\/\/www.google.com\/url?rct=j&amp;sa=t&amp;url=http:\/\/www.lne.es\/gijon\/2018\/05\/28\/camara-union-comerciantes-presentan-curso\/2293842.html&amp;ct=ga&amp;cd=CAEYASoTNTM2Mzc2ODg3OTQ0ODE3MjY5NTIZYzAzNzJlYmMyZmVhZGE1OTplczplczpFUw&amp;usg=AFQjCNHxP-iB4eaH93jFNrVi1ezCP1iv8A\">La C\u00e1mara y la Uni\u00f3n de Comerciantes presentan un curso sobre mujer y liderazgo <\/a>&#8211; La Nueva Espa\u00f1a<\/p>\n<p><a href=\"http:\/\/www.mujeremprendedora.net\/congreso-iberoamericano-mujeres-empresarias-celebrara-cantabria-entre-25-27-octubre\/\">El Congreso Iberoamericano de Mujeres Empresarias se celebrar\u00e1 en Cantabria entre el 25 y el 27 de octubre<\/a>\u2013 Mujeremprendedora.net<\/p>\n<p><a href=\"http:\/\/www.elmundo.es\/comunidad-valenciana\/2018\/05\/28\/5b0c163c46163f71748b45e3.html\">III Feminario de la Diputaci\u00f3n de Valencia: Carmen Calvo y Sandra Barneda y las claves feministas en los retos de hoy<\/a>&#8211; El Mundo<\/p>\n<p><a href=\"http:\/\/www.atlantico.net\/articulo\/economia\/sector-busca-atraer-mujeres-titulaciones-pesqueras\/20180529000258649513.html\">El sector busca atraer a mujeres a las titulaciones pesqueras<\/a> &#8211; Diario Atl\u00e1ntico<\/p>\n<p><strong>Econom\u00eda y Empresa<\/strong><\/p>\n<p><a href=\"https:\/\/elpais.com\/economia\/2018\/05\/28\/actualidad\/1527496283_373465.html\">El Banco de Espa\u00f1a advierte de que la desigualdad se ceba con mujeres y j\u00f3venes<\/a> \u2013 El Pa\u00eds<\/p>\n<p><a href=\"https:\/\/www.google.com\/url?sa=t&amp;rct=j&amp;q=&amp;esrc=s&amp;source=newssearch&amp;cd=1&amp;ved=0ahUKEwiTh9f41KrbAhVDYJoKHX6BCDMQqQIIJygAMAA&amp;url=http%3A%2F%2Fwww.rrhhdigital.com%2Fsecciones%2Fliderazgo%2F131024%2F&amp;usg=AOvVaw18HSxRQmzv17aCj2wPPebJ\">P&amp;G, Arenal, Marvimundo, Primor y Womenalia, juntos por el emprendimiento femenino&#8230;<\/a> &#8211; RRHHDigital<\/p>\n<p><a href=\"https:\/\/www.google.com\/url?rct=j&amp;sa=t&amp;url=https:\/\/www.kippel01.com\/entorno\/la-mujer-en-media-y-telecos-a-la-cola-en-espana-el-sector-emplea-al-21-de-la-fuerza-laboral-femenina.html&amp;ct=ga&amp;cd=CAEYACoSNDA4NTE5NTE0NDI2ODU1MzYxMhljMDM3MmViYzJmZWFkYTU5OmVzOmVzOkVT&amp;usg=AFQjCNF2XOwrRJdcLJDDsJKqC4uceD40sg\">La mujer en &#8216;media&#8217; y &#8216;telecos&#8217;, a la cola en Espa\u00f1a: el sector emplea al 2,1% de la fuerza laboral &#8230; <\/a>&#8211; Kippel01<\/p>\n<p><a href=\"http:\/\/www.mujeremprendedora.net\/amfar-debate-presente-futuro-mujeres-rurales-castilla-y-leon\/\">AMFAR debate el presente y futuro de las mujeres rurales de Castilla y Le\u00f3n<\/a> \u2013 Mujeremprendedora.net<\/p>\n<p><a href=\"https:\/\/www.google.com\/url?sa=t&amp;rct=j&amp;q=&amp;esrc=s&amp;source=newssearch&amp;cd=28&amp;ved=0ahUKEwjUqZyh0arbAhWiCJoKHUJnBkw4FBCpAgg7KAAwBw&amp;url=http%3A%2F%2Fwww.abc.es%2Feconomia%2Fabci-instrucciones-para-no-volver-esconder-mujeres-foto-201805290111_noticia.html&amp;usg=AOvVaw1CmQ2I1Grqz40J1CXXG2nX\">Instrucciones para no volver a esconder a las mujeres en la foto<\/a> &#8211; Abc.es<\/p>\n<p><a href=\"https:\/\/www.ejeprime.com\/mercado\/la-mujer-del-real-estate-a-la-cola-del-empleo-espanol-da-trabajo-a-solo-el-08-de-la-fuerza-laboral-femenina.html\">La mujer del &#8216;real estate&#8217;, a la cola del empleo espa\u00f1ol: da trabajo a &#8230;<\/a> &#8211; EjePrime<\/p>\n<p><strong>Actualidad<\/strong><\/p>\n<p><a href=\"https:\/\/www.google.com\/url?rct=j&amp;sa=t&amp;url=https:\/\/www.infobae.com\/salud\/2018\/05\/28\/enfermedades-cardiovasculares-y-tumorales-cuales-son-las-afecciones-mas-frecuentes-en-las-mujeres\/&amp;ct=ga&amp;cd=CAEYACoTMTIyNDMzODYwNjEyNTAxMDM1MzIZYzAzNzJlYmMyZmVhZGE1OTplczplczpFUw&amp;usg=AFQjCNH_-W9fGW_NiyTpSf9stURorG9mPg\">Enfermedades cardiovasculares y tumorales: cu\u00e1les son las afecciones m\u00e1s frecuentes en las mujeres &#8230; <\/a>-Infobae.com<\/p>\n<p><a href=\"https:\/\/www.google.com\/url?rct=j&amp;sa=t&amp;url=http:\/\/www.eleconomista.es\/empresas-finanzas\/noticias\/9167993\/05\/18\/Crean-un-procedimiento-para-clasificar-a-las-mujeres-segun-el-mayor-o-menor-riesgo-de-padecer-cancer-de-mama.html&amp;ct=ga&amp;cd=CAEYACoUMTUzNjU4MDI3MzE0NTk4MjU1MTgyGWMwMzcyZWJjMmZlYWRhNTk6ZXM6ZXM6RVM&amp;usg=AFQjCNHyRrjwADAcjDC1dgeejw9XRG_T8w\">Crean un procedimiento para clasificar a las mujeres seg\u00fan el mayor o menor riesgo de padecer c\u00e1ncer de mama&#8230; <\/a>&#8211; elEconomista.es<\/p>\n<p><a href=\"https:\/\/elpais.com\/elpais\/2018\/05\/28\/opinion\/1527522028_844414.html\">\u00bfFaltan l\u00edderes en Europa?<\/a>&#8211; El Pa\u00eds<\/p>\n<p><strong>Violencias<\/strong><\/p>\n<p><a href=\"https:\/\/www.google.com\/url?rct=j&amp;sa=t&amp;url=http:\/\/www.antena3.com\/noticias\/sube-un-148-los-casos-de-violencia-de-genero-contra-las-jovenes-menores-de-edad_201805285b0c0bed0cf29dcf73f7db35.html&amp;ct=ga&amp;cd=CAEYACoUMTc3MTU4NDU2MTUxMDA3ODc3ODIyGWUyZGVmYTdkNWRhOTE1N2Q6ZXM6ZXM6RVM&amp;usg=AFQjCNFthlsa8oBnQ64yb8DkmnyVYLHLxw\">Sube un 14,8% los casos de violencia de g\u00e9nero contra las j\u00f3venes menores de edad <\/a>&#8211; Antena 3 Noticias<\/p>\n<p><a href=\"http:\/\/www.elmundo.es\/espana\/2018\/05\/28\/5b0c0547ca4741e5478b45ba.html\">La v\u00edctima, Navarra y Pamplona recurren la sentencia de La Manada<\/a> \u2013 El Mundo<\/p>\n<p><a href=\"https:\/\/www.infobierzo.com\/desarticulada-una-red-de-explotacion-sexual-de-mujeres-en-varios-clubs-de-alterne-del-bierzo\/396188\/\">Desarticulada una red de explotaci\u00f3n sexual de mujeres en varios &#8230;<\/a> &#8211; Infobierzo.com<\/p>\n<p><strong>Ciencia y Cultura<\/strong><\/p>\n<p><a href=\"https:\/\/elpais.com\/elpais\/2018\/05\/28\/ciencia\/1527506950_357999.html\">Lola Pereira, ge\u00f3loga: \u201cA la gente le hablan de uranio y cree que si abren una mina todo el mundo va a tener un c\u00e1ncer\u201d<\/a> \u00a0&#8211; El Pa\u00eds<\/p>\n<p><a href=\"https:\/\/elpais.com\/cultura\/2018\/05\/29\/actualidad\/1527549063_448817.html\">Muere Mar\u00eda Dolores Pradera a los 93 a\u00f1os<\/a>&#8211; El Pa\u00eds<\/p>\n<p><a href=\"http:\/\/www.publico.es\/culturas\/primavera-sound-mujeres-tomaron-riendas-primavera-sound.html\">Las mujeres que tomaron las riendas del Primavera Sound<\/a> \u2013 P\u00fablico<\/p>\n<p><a href=\"https:\/\/elpais.com\/elpais\/2018\/05\/28\/mujeres\/1527494606_233524.html\">Las mujeres que encaran a la industria editorial<\/a> \u2013 El Pa\u00eds<\/p>\n<p><a href=\"http:\/\/www.elmundo.es\/television\/2018\/05\/28\/5b0c33ade5fdeaa1298b4671.html\">Alicia Borrachero vuelve a Hollywood como Isabel la Cat\u00f3lica<\/a> \u2013 El Mundo<\/p>\n<p><strong>Deporte<\/strong><\/p>\n<p><a href=\"https:\/\/www.google.com\/url?sa=t&amp;rct=j&amp;q=&amp;esrc=s&amp;source=newssearch&amp;cd=32&amp;ved=0ahUKEwie-vGj2KrbAhUBDJoKHTFHBJs4HhCpAggpKAAwAQ&amp;url=http%3A%2F%2Fwww.desnivel.com%2Fexpediciones%2Falpinistas%2Frosa-fernandez-la-montana-es-todavia-un-mundo-de-hombres&amp;usg=AOvVaw0ymX3t4mHs694ZAxoA1WBJ\">Rosa Fern\u00e1ndez: \u201cLa monta\u00f1a es todav\u00eda un mundo de hombres\u201d<\/a> &#8211; Desnivel<\/p>\n<p><a href=\"http:\/\/www.lavanguardia.com\/deportes\/20180528\/443911381149\/la-seleccion-espanola-femenina-se-enfrentara-a-israel-el-7-de-junio-en-murcia.html\">La selecci\u00f3n espa\u00f1ola femenina se enfrentar\u00e1 a Israel el 7 de junio en &#8230;<\/a>&#8211; La Vanguardia<\/p>\n<p><a href=\"https:\/\/www.20minutos.es\/deportes\/noticia\/no-real-madrid-no-primer-equipo-ganar-tres-champions-seguidas-3352770\/0\/\">No, el Real Madrid no es el primer equipo en ganar tres Champions seguidas &#8230;<\/a> &#8211; <a href=\"http:\/\/20minutos.es\">20minutos.es<\/a><\/p>\n<p><a href=\"http:\/\/ecodiario.eleconomista.es\/sociedad\/noticias\/9167468\/05\/18\/La-carrera-Hay-Salida-contra-la-violencia-de-genero-recorrera-las-calles-de-Madrid-el-domingo-10-de-junio.html\">La carrera &#8216;Hay Salida contra la violencia de g\u00e9nero&#8217; recorrer\u00e1 las calles de Madrid el 10 de junio &#8230;<\/a> &#8211; Ecodiario<\/p>\n<p>[\/toggle]<\/p>\n<p>[toggle type=\u00bbfirst\u00bb title=\u00bbInternacional\u00bb]<\/p>\n<p><a href=\"https:\/\/www.google.com\/url?rct=j&amp;sa=t&amp;url=http:\/\/www.tvn-2.com\/nacionales\/educacion\/Empoderamiento-Economico-Mujer-Desarrollo-Autoestima_0_5040995889.html&amp;ct=ga&amp;cd=CAEYAioUMTUzNjU4MDI3MzE0NTk4MjU1MTgyGWMwMzcyZWJjMmZlYWRhNTk6ZXM6ZXM6RVM&amp;usg=AFQjCNF2lR1zQAu8zAwG5CgmfCy-YTwEXQ\">Expert@s educan en Panam\u00e1 sobre empoderamiento econ\u00f3mico de la mujer <\/a>-TVN Panam\u00e1<\/p>\n<p><a href=\"http:\/\/es.vietnamplus.vn\/australia-y-vietnam-analizan-medidas-para-mejorar-habilidades-de-las-mujeres-empresarias\/88506.vnp\">Australia y Vietnam analizan medidas para mejorar habilidades de las empresarias &#8230;<\/a>&#8211; Vietnam+<\/p>\n<p><a href=\"http:\/\/www.publico.es\/sociedad\/corrupcion-derechos-mujeres-thelma-aldana-delitos-corrupcion-politica-no-deberian-prescribir.html\">Thelma Aldana, Fiscal General de Guatemala: \u00abLos delitos de corrupci\u00f3n pol\u00edtica no deber\u00edan prescribir\u00bb<\/a> \u2013 P\u00fablico<\/p>\n<p><a href=\"https:\/\/www.google.com\/url?sa=t&amp;rct=j&amp;q=&amp;esrc=s&amp;source=newssearch&amp;cd=56&amp;ved=0ahUKEwitzKjS0arbAhVEJJoKHU9zDWo4MhCpAgg1KAAwBQ&amp;url=https%3A%2F%2Fwww.infobae.com%2Famerica%2Famerica-latina%2F2018%2F05%2F28%2Fquien-es-alicia-pucheta-la-mujer-que-podria-hacer-historia-al-asumir-la-presidencia-de-paraguay%2F&amp;usg=AOvVaw3Rl9TtRpWlpPXPD9MT7LPU\">Qui\u00e9n es Alicia Pucheta, la mujer que podr\u00eda hacer historia al asumir la presidencia de Paraguay &#8230;<\/a> &#8211; Infobae.com<\/p>\n<p><a href=\"https:\/\/elpais.com\/cultura\/2018\/05\/28\/actualidad\/1527504906_633206.html\">La primera noche que se bail\u00f3 \u2018techno\u2019 en Ramala<\/a> \u2013 El Pa\u00eds<\/p>\n<p><a href=\"http:\/\/www.elfinanciero.com.mx\/deportes\/manchester-united-tendra-por-primera-vez-equipo-profesional-femenino\">Manchester United tendr\u00e1 por primera vez equipo profesional femenino<\/a> &#8211; El Financiero<\/p>\n<p>[\/toggle]<\/p>\n<\/div>\n<\/div>\n<\/div>\n<\/div>\n<\/div>\n<\/div>\n","protected":false},"excerpt":{"rendered":"<p>\u00bfFaltan l\u00edderes en Europa?-Banco de Espa\u00f1a advierte de que la <a href=\"https:\/\/cklcomunicaciones.es\/coop\/noticias-info-ckl-no-2-137-29-05-18\/\">[&#8230;]<\/a><\/p>\n","protected":false},"author":3,"featured_media":0,"comment_status":"closed","ping_status":"closed","sticky":false,"template":"","format":"standard","meta":{"footnotes":""},"categories":[298,623],"tags":[],"class_list":["post-13954","post","type-post","status-publish","format-standard","hentry","category-newsletter","category-nwl-2-0"],"yoast_head":"<!-- This site is optimized with the Yoast SEO plugin v27.4 - https:\/\/yoast.com\/product\/yoast-seo-wordpress\/ -->\n<title>Noticias Info CKL n\u00ba 2.137-29\/05\/18-Comunica con perspectiva de g\u00e9nero<\/title>\n<meta name=\"description\" content=\"Comunicar con perspectiva de g\u00e9nero: \u00bfFaltan l\u00edderes en Europa?-Banco de Espa\u00f1a advierte de que la desigualdad se ceba con mujeres y j\u00f3venes-Muere Mar\u00eda Dolores Pradera, la melodiosa voz del coraz\u00f3n-Pepa Bueno: \u201cHa llegado el momento de repartir el poder\u201d\" \/>\n<meta name=\"robots\" content=\"index, follow, max-snippet:-1, max-image-preview:large, max-video-preview:-1\" \/>\n<link rel=\"canonical\" href=\"https:\/\/cklcomunicaciones.es\/coop\/noticias-info-ckl-no-2-137-29-05-18\/\" \/>\n<meta property=\"og:locale\" content=\"es_ES\" \/>\n<meta property=\"og:type\" content=\"article\" \/>\n<meta property=\"og:title\" content=\"Noticias Info CKL n\u00ba 2.137-29\/05\/18-Comunica con perspectiva de g\u00e9nero\" \/>\n<meta property=\"og:description\" content=\"Comunicar con perspectiva de g\u00e9nero: \u00bfFaltan l\u00edderes en Europa?-Banco de Espa\u00f1a advierte de que la desigualdad se ceba con mujeres y j\u00f3venes-Muere Mar\u00eda Dolores Pradera, la melodiosa voz del coraz\u00f3n-Pepa Bueno: \u201cHa llegado el momento de repartir el poder\u201d\" \/>\n<meta property=\"og:url\" content=\"https:\/\/cklcomunicaciones.es\/coop\/noticias-info-ckl-no-2-137-29-05-18\/\" \/>\n<meta property=\"og:site_name\" content=\"CKL Comunicaciones\" \/>\n<meta property=\"article:published_time\" content=\"2018-05-29T10:44:03+00:00\" \/>\n<meta property=\"article:modified_time\" content=\"2025-01-17T15:40:49+00:00\" \/>\n<meta property=\"og:image\" content=\"https:\/\/cklcomunicaciones.es\/coop\/wp-content\/uploads\/2018\/03\/CKL_comunicacion-con-perspetiva-de-genero.jpg\" \/>\n\t<meta property=\"og:image:width\" content=\"500\" \/>\n\t<meta property=\"og:image:height\" content=\"500\" \/>\n\t<meta property=\"og:image:type\" content=\"image\/jpeg\" \/>\n<meta name=\"author\" content=\"ckl\" \/>\n<meta name=\"twitter:card\" content=\"summary_large_image\" \/>\n<meta name=\"twitter:label1\" content=\"Escrito por\" \/>\n\t<meta name=\"twitter:data1\" content=\"ckl\" \/>\n\t<meta name=\"twitter:label2\" content=\"Tiempo de lectura\" \/>\n\t<meta name=\"twitter:data2\" content=\"6 minutos\" \/>\n<script type=\"application\/ld+json\" class=\"yoast-schema-graph\">{\"@context\":\"https:\\\/\\\/schema.org\",\"@graph\":[{\"@type\":\"Article\",\"@id\":\"https:\\\/\\\/cklcomunicaciones.es\\\/coop\\\/noticias-info-ckl-no-2-137-29-05-18\\\/#article\",\"isPartOf\":{\"@id\":\"https:\\\/\\\/cklcomunicaciones.es\\\/coop\\\/noticias-info-ckl-no-2-137-29-05-18\\\/\"},\"author\":{\"name\":\"ckl\",\"@id\":\"https:\\\/\\\/cklcomunicaciones.es\\\/coop\\\/#\\\/schema\\\/person\\\/929a6837f7626450bbb50cee1aef266e\"},\"headline\":\"Noticias Info CKL n\u00ba 2.137-29\\\/05\\\/18\",\"datePublished\":\"2018-05-29T10:44:03+00:00\",\"dateModified\":\"2025-01-17T15:40:49+00:00\",\"mainEntityOfPage\":{\"@id\":\"https:\\\/\\\/cklcomunicaciones.es\\\/coop\\\/noticias-info-ckl-no-2-137-29-05-18\\\/\"},\"wordCount\":1142,\"image\":{\"@id\":\"https:\\\/\\\/cklcomunicaciones.es\\\/coop\\\/noticias-info-ckl-no-2-137-29-05-18\\\/#primaryimage\"},\"thumbnailUrl\":\"http:\\\/\\\/www.cklcomunicaciones.es\\\/wp-content\\\/uploads\\\/2018\\\/03\\\/CKL_comunicacion-con-perspetiva-de-genero-300x300.jpg\",\"articleSection\":[\"Newsletter\",\"Nwl v2.0\"],\"inLanguage\":\"es\"},{\"@type\":\"WebPage\",\"@id\":\"https:\\\/\\\/cklcomunicaciones.es\\\/coop\\\/noticias-info-ckl-no-2-137-29-05-18\\\/\",\"url\":\"https:\\\/\\\/cklcomunicaciones.es\\\/coop\\\/noticias-info-ckl-no-2-137-29-05-18\\\/\",\"name\":\"Noticias Info CKL n\u00ba 2.137-29\\\/05\\\/18-Comunica con perspectiva de g\u00e9nero\",\"isPartOf\":{\"@id\":\"https:\\\/\\\/cklcomunicaciones.es\\\/coop\\\/#website\"},\"primaryImageOfPage\":{\"@id\":\"https:\\\/\\\/cklcomunicaciones.es\\\/coop\\\/noticias-info-ckl-no-2-137-29-05-18\\\/#primaryimage\"},\"image\":{\"@id\":\"https:\\\/\\\/cklcomunicaciones.es\\\/coop\\\/noticias-info-ckl-no-2-137-29-05-18\\\/#primaryimage\"},\"thumbnailUrl\":\"http:\\\/\\\/www.cklcomunicaciones.es\\\/wp-content\\\/uploads\\\/2018\\\/03\\\/CKL_comunicacion-con-perspetiva-de-genero-300x300.jpg\",\"datePublished\":\"2018-05-29T10:44:03+00:00\",\"dateModified\":\"2025-01-17T15:40:49+00:00\",\"author\":{\"@id\":\"https:\\\/\\\/cklcomunicaciones.es\\\/coop\\\/#\\\/schema\\\/person\\\/929a6837f7626450bbb50cee1aef266e\"},\"description\":\"Comunicar con perspectiva de g\u00e9nero: \u00bfFaltan l\u00edderes en Europa?-Banco de Espa\u00f1a advierte de que la desigualdad se ceba con mujeres y j\u00f3venes-Muere Mar\u00eda Dolores Pradera, la melodiosa voz del coraz\u00f3n-Pepa Bueno: \u201cHa llegado el momento de repartir el poder\u201d\",\"breadcrumb\":{\"@id\":\"https:\\\/\\\/cklcomunicaciones.es\\\/coop\\\/noticias-info-ckl-no-2-137-29-05-18\\\/#breadcrumb\"},\"inLanguage\":\"es\",\"potentialAction\":[{\"@type\":\"ReadAction\",\"target\":[\"https:\\\/\\\/cklcomunicaciones.es\\\/coop\\\/noticias-info-ckl-no-2-137-29-05-18\\\/\"]}]},{\"@type\":\"ImageObject\",\"inLanguage\":\"es\",\"@id\":\"https:\\\/\\\/cklcomunicaciones.es\\\/coop\\\/noticias-info-ckl-no-2-137-29-05-18\\\/#primaryimage\",\"url\":\"http:\\\/\\\/www.cklcomunicaciones.es\\\/wp-content\\\/uploads\\\/2018\\\/03\\\/CKL_comunicacion-con-perspetiva-de-genero-300x300.jpg\",\"contentUrl\":\"http:\\\/\\\/www.cklcomunicaciones.es\\\/wp-content\\\/uploads\\\/2018\\\/03\\\/CKL_comunicacion-con-perspetiva-de-genero-300x300.jpg\"},{\"@type\":\"BreadcrumbList\",\"@id\":\"https:\\\/\\\/cklcomunicaciones.es\\\/coop\\\/noticias-info-ckl-no-2-137-29-05-18\\\/#breadcrumb\",\"itemListElement\":[{\"@type\":\"ListItem\",\"position\":1,\"name\":\"Portada\",\"item\":\"https:\\\/\\\/cklcomunicaciones.es\\\/coop\\\/\"},{\"@type\":\"ListItem\",\"position\":2,\"name\":\"Noticias Info CKL n\u00ba 2.137-29\\\/05\\\/18\"}]},{\"@type\":\"WebSite\",\"@id\":\"https:\\\/\\\/cklcomunicaciones.es\\\/coop\\\/#website\",\"url\":\"https:\\\/\\\/cklcomunicaciones.es\\\/coop\\\/\",\"name\":\"CKL Comunicaciones\",\"description\":\"Sitio web de CKL Comunicaciones coop , la consultora de comunicaci\u00f3n y estrategia\",\"potentialAction\":[{\"@type\":\"SearchAction\",\"target\":{\"@type\":\"EntryPoint\",\"urlTemplate\":\"https:\\\/\\\/cklcomunicaciones.es\\\/coop\\\/?s={search_term_string}\"},\"query-input\":{\"@type\":\"PropertyValueSpecification\",\"valueRequired\":true,\"valueName\":\"search_term_string\"}}],\"inLanguage\":\"es\"},{\"@type\":\"Person\",\"@id\":\"https:\\\/\\\/cklcomunicaciones.es\\\/coop\\\/#\\\/schema\\\/person\\\/929a6837f7626450bbb50cee1aef266e\",\"name\":\"ckl\",\"image\":{\"@type\":\"ImageObject\",\"inLanguage\":\"es\",\"@id\":\"https:\\\/\\\/secure.gravatar.com\\\/avatar\\\/c82db564e8a669bf6023357a157b9dc4780f4d4c618f2ad1d71a6a5dede45057?s=96&d=mm&r=g\",\"url\":\"https:\\\/\\\/secure.gravatar.com\\\/avatar\\\/c82db564e8a669bf6023357a157b9dc4780f4d4c618f2ad1d71a6a5dede45057?s=96&d=mm&r=g\",\"contentUrl\":\"https:\\\/\\\/secure.gravatar.com\\\/avatar\\\/c82db564e8a669bf6023357a157b9dc4780f4d4c618f2ad1d71a6a5dede45057?s=96&d=mm&r=g\",\"caption\":\"ckl\"},\"url\":\"https:\\\/\\\/cklcomunicaciones.es\\\/coop\\\/author\\\/cklcomunicaciones\\\/\"}]}<\/script>\n<!-- \/ Yoast SEO plugin. -->","yoast_head_json":{"title":"Noticias Info CKL n\u00ba 2.137-29\/05\/18-Comunica con perspectiva de g\u00e9nero","description":"Comunicar con perspectiva de g\u00e9nero: \u00bfFaltan l\u00edderes en Europa?-Banco de Espa\u00f1a advierte de que la desigualdad se ceba con mujeres y j\u00f3venes-Muere Mar\u00eda Dolores Pradera, la melodiosa voz del coraz\u00f3n-Pepa Bueno: \u201cHa llegado el momento de repartir el poder\u201d","robots":{"index":"index","follow":"follow","max-snippet":"max-snippet:-1","max-image-preview":"max-image-preview:large","max-video-preview":"max-video-preview:-1"},"canonical":"https:\/\/cklcomunicaciones.es\/coop\/noticias-info-ckl-no-2-137-29-05-18\/","og_locale":"es_ES","og_type":"article","og_title":"Noticias Info CKL n\u00ba 2.137-29\/05\/18-Comunica con perspectiva de g\u00e9nero","og_description":"Comunicar con perspectiva de g\u00e9nero: \u00bfFaltan l\u00edderes en Europa?-Banco de Espa\u00f1a advierte de que la desigualdad se ceba con mujeres y j\u00f3venes-Muere Mar\u00eda Dolores Pradera, la melodiosa voz del coraz\u00f3n-Pepa Bueno: \u201cHa llegado el momento de repartir el poder\u201d","og_url":"https:\/\/cklcomunicaciones.es\/coop\/noticias-info-ckl-no-2-137-29-05-18\/","og_site_name":"CKL Comunicaciones","article_published_time":"2018-05-29T10:44:03+00:00","article_modified_time":"2025-01-17T15:40:49+00:00","og_image":[{"width":500,"height":500,"url":"https:\/\/cklcomunicaciones.es\/coop\/wp-content\/uploads\/2018\/03\/CKL_comunicacion-con-perspetiva-de-genero.jpg","type":"image\/jpeg"}],"author":"ckl","twitter_card":"summary_large_image","twitter_misc":{"Escrito por":"ckl","Tiempo de lectura":"6 minutos"},"schema":{"@context":"https:\/\/schema.org","@graph":[{"@type":"Article","@id":"https:\/\/cklcomunicaciones.es\/coop\/noticias-info-ckl-no-2-137-29-05-18\/#article","isPartOf":{"@id":"https:\/\/cklcomunicaciones.es\/coop\/noticias-info-ckl-no-2-137-29-05-18\/"},"author":{"name":"ckl","@id":"https:\/\/cklcomunicaciones.es\/coop\/#\/schema\/person\/929a6837f7626450bbb50cee1aef266e"},"headline":"Noticias Info CKL n\u00ba 2.137-29\/05\/18","datePublished":"2018-05-29T10:44:03+00:00","dateModified":"2025-01-17T15:40:49+00:00","mainEntityOfPage":{"@id":"https:\/\/cklcomunicaciones.es\/coop\/noticias-info-ckl-no-2-137-29-05-18\/"},"wordCount":1142,"image":{"@id":"https:\/\/cklcomunicaciones.es\/coop\/noticias-info-ckl-no-2-137-29-05-18\/#primaryimage"},"thumbnailUrl":"http:\/\/www.cklcomunicaciones.es\/wp-content\/uploads\/2018\/03\/CKL_comunicacion-con-perspetiva-de-genero-300x300.jpg","articleSection":["Newsletter","Nwl v2.0"],"inLanguage":"es"},{"@type":"WebPage","@id":"https:\/\/cklcomunicaciones.es\/coop\/noticias-info-ckl-no-2-137-29-05-18\/","url":"https:\/\/cklcomunicaciones.es\/coop\/noticias-info-ckl-no-2-137-29-05-18\/","name":"Noticias Info CKL n\u00ba 2.137-29\/05\/18-Comunica con perspectiva de g\u00e9nero","isPartOf":{"@id":"https:\/\/cklcomunicaciones.es\/coop\/#website"},"primaryImageOfPage":{"@id":"https:\/\/cklcomunicaciones.es\/coop\/noticias-info-ckl-no-2-137-29-05-18\/#primaryimage"},"image":{"@id":"https:\/\/cklcomunicaciones.es\/coop\/noticias-info-ckl-no-2-137-29-05-18\/#primaryimage"},"thumbnailUrl":"http:\/\/www.cklcomunicaciones.es\/wp-content\/uploads\/2018\/03\/CKL_comunicacion-con-perspetiva-de-genero-300x300.jpg","datePublished":"2018-05-29T10:44:03+00:00","dateModified":"2025-01-17T15:40:49+00:00","author":{"@id":"https:\/\/cklcomunicaciones.es\/coop\/#\/schema\/person\/929a6837f7626450bbb50cee1aef266e"},"description":"Comunicar con perspectiva de g\u00e9nero: \u00bfFaltan l\u00edderes en Europa?-Banco de Espa\u00f1a advierte de que la desigualdad se ceba con mujeres y j\u00f3venes-Muere Mar\u00eda Dolores Pradera, la melodiosa voz del coraz\u00f3n-Pepa Bueno: \u201cHa llegado el momento de repartir el poder\u201d","breadcrumb":{"@id":"https:\/\/cklcomunicaciones.es\/coop\/noticias-info-ckl-no-2-137-29-05-18\/#breadcrumb"},"inLanguage":"es","potentialAction":[{"@type":"ReadAction","target":["https:\/\/cklcomunicaciones.es\/coop\/noticias-info-ckl-no-2-137-29-05-18\/"]}]},{"@type":"ImageObject","inLanguage":"es","@id":"https:\/\/cklcomunicaciones.es\/coop\/noticias-info-ckl-no-2-137-29-05-18\/#primaryimage","url":"http:\/\/www.cklcomunicaciones.es\/wp-content\/uploads\/2018\/03\/CKL_comunicacion-con-perspetiva-de-genero-300x300.jpg","contentUrl":"http:\/\/www.cklcomunicaciones.es\/wp-content\/uploads\/2018\/03\/CKL_comunicacion-con-perspetiva-de-genero-300x300.jpg"},{"@type":"BreadcrumbList","@id":"https:\/\/cklcomunicaciones.es\/coop\/noticias-info-ckl-no-2-137-29-05-18\/#breadcrumb","itemListElement":[{"@type":"ListItem","position":1,"name":"Portada","item":"https:\/\/cklcomunicaciones.es\/coop\/"},{"@type":"ListItem","position":2,"name":"Noticias Info CKL n\u00ba 2.137-29\/05\/18"}]},{"@type":"WebSite","@id":"https:\/\/cklcomunicaciones.es\/coop\/#website","url":"https:\/\/cklcomunicaciones.es\/coop\/","name":"CKL Comunicaciones","description":"Sitio web de CKL Comunicaciones coop , la consultora de comunicaci\u00f3n y estrategia","potentialAction":[{"@type":"SearchAction","target":{"@type":"EntryPoint","urlTemplate":"https:\/\/cklcomunicaciones.es\/coop\/?s={search_term_string}"},"query-input":{"@type":"PropertyValueSpecification","valueRequired":true,"valueName":"search_term_string"}}],"inLanguage":"es"},{"@type":"Person","@id":"https:\/\/cklcomunicaciones.es\/coop\/#\/schema\/person\/929a6837f7626450bbb50cee1aef266e","name":"ckl","image":{"@type":"ImageObject","inLanguage":"es","@id":"https:\/\/secure.gravatar.com\/avatar\/c82db564e8a669bf6023357a157b9dc4780f4d4c618f2ad1d71a6a5dede45057?s=96&d=mm&r=g","url":"https:\/\/secure.gravatar.com\/avatar\/c82db564e8a669bf6023357a157b9dc4780f4d4c618f2ad1d71a6a5dede45057?s=96&d=mm&r=g","contentUrl":"https:\/\/secure.gravatar.com\/avatar\/c82db564e8a669bf6023357a157b9dc4780f4d4c618f2ad1d71a6a5dede45057?s=96&d=mm&r=g","caption":"ckl"},"url":"https:\/\/cklcomunicaciones.es\/coop\/author\/cklcomunicaciones\/"}]}},"_links":{"self":[{"href":"https:\/\/cklcomunicaciones.es\/coop\/wp-json\/wp\/v2\/posts\/13954","targetHints":{"allow":["GET"]}}],"collection":[{"href":"https:\/\/cklcomunicaciones.es\/coop\/wp-json\/wp\/v2\/posts"}],"about":[{"href":"https:\/\/cklcomunicaciones.es\/coop\/wp-json\/wp\/v2\/types\/post"}],"author":[{"embeddable":true,"href":"https:\/\/cklcomunicaciones.es\/coop\/wp-json\/wp\/v2\/users\/3"}],"replies":[{"embeddable":true,"href":"https:\/\/cklcomunicaciones.es\/coop\/wp-json\/wp\/v2\/comments?post=13954"}],"version-history":[{"count":0,"href":"https:\/\/cklcomunicaciones.es\/coop\/wp-json\/wp\/v2\/posts\/13954\/revisions"}],"wp:attachment":[{"href":"https:\/\/cklcomunicaciones.es\/coop\/wp-json\/wp\/v2\/media?parent=13954"}],"wp:term":[{"taxonomy":"category","embeddable":true,"href":"https:\/\/cklcomunicaciones.es\/coop\/wp-json\/wp\/v2\/categories?post=13954"},{"taxonomy":"post_tag","embeddable":true,"href":"https:\/\/cklcomunicaciones.es\/coop\/wp-json\/wp\/v2\/tags?post=13954"}],"curies":[{"name":"wp","href":"https:\/\/api.w.org\/{rel}","templated":true}]}}